{"id":35416,"date":"2025-03-11T16:41:53","date_gmt":"2025-03-11T13:41:53","guid":{"rendered":"https:\/\/denizcankizil.tr\/uncategorized-tr\/igc-baskani-atarin-kayinbabasi-topraga-verildi\/"},"modified":"2025-03-11T16:41:53","modified_gmt":"2025-03-11T13:41:53","slug":"igc-baskani-atarin-kayinbabasi-topraga-verildi","status":"publish","type":"post","link":"https:\/\/denizcankizil.tr\/en\/haberler\/gundem\/igc-baskani-atarin-kayinbabasi-topraga-verildi\/","title":{"rendered":"\u0130GC Ba\u015fkan\u0131 Atar\u2019\u0131n Kay\u0131nbabas\u0131 topra\u011fa verildi\u2026"},"content":{"rendered":"<p>Bir s\u00fcredir rahats\u0131zl\u0131k nedeniyle hastanede tedavi g\u00f6ren 6 \u00e7ocuk babas\u0131 Miktad Tultak, 78 ya\u015f\u0131nda hayat\u0131n\u0131 kaybetti. Vefat\u0131 ba\u015fta ailesi olmak \u00fczere t\u00fcm sevenlerini derinde \u00fczd\u00fc. Merhum Miktad Tultak\u2019\u0131n cenazesi bug\u00fcn Saat 11:00\u2019da ikamet etti\u011fi Numune Mahallesi 187 sokak \u00fczerindeki evine getirildi. Burada ruhuna Kuran-\u0131 Kerim ve dualar okundu, ailesinden helallik al\u0131nd\u0131.<\/p>\n<p>\u00c7ankaya Asri Mezarl\u0131\u011f\u0131 Caminde k\u0131l\u0131nan cenaze namaz\u0131n\u0131n ard\u0131ndan, merhumun cenazesi dualar ve g\u00f6zya\u015flar\u0131 aras\u0131nda topra\u011fa verilerek son yolculu\u011funa u\u011furland\u0131.<\/p>\n<p>\u200b\u0130skenderun Gazeteciler cemiyeti Ba\u015fkan\u0131 Diyap Atar\u2019\u0131n vefat eden kay\u0131nbabas\u0131 Miktad Tultak, Numune Mahallesi\u2019ndeki evinin \u00f6n\u00fcnden dualarla kald\u0131r\u0131larak, \u00c7ankaya asri mezarl\u0131\u011f\u0131nda g\u00f6zya\u015flar\u0131 ve dualar e\u015fli\u011finde topra\u011fa verildi.\u00a0<\/p>\n<p>\u200bHaberin Al\u0131nt\u0131land\u0131\u011f\u0131 Kaynak: www.iskenderun.org<\/p>","protected":false},"excerpt":{"rendered":"<p>Bir s\u00fcredir rahats\u0131zl\u0131k nedeniyle hastanede tedavi g\u00f6ren 6 \u00e7ocuk babas\u0131 Miktad Tultak, 78 ya\u015f\u0131nda hayat\u0131n\u0131 kaybetti. Vefat\u0131 ba\u015fta ailesi olmak \u00fczere t\u00fcm sevenlerini derinde \u00fczd\u00fc. Merhum Miktad Tultak\u2019\u0131n cenazesi bug\u00fcn Saat 11:00\u2019da ikamet etti\u011fi Numune Mahallesi 187 sokak \u00fczerindeki evine getirildi. Burada ruhuna Kuran-\u0131 Kerim ve dualar okundu, ailesinden helallik al\u0131nd\u0131. \u00c7ankaya Asri Mezarl\u0131\u011f\u0131 Caminde k\u0131l\u0131nan cenaze namaz\u0131n\u0131n ard\u0131ndan, merhumun cenazesi dualar ve g\u00f6zya\u015flar\u0131 aras\u0131nda topra\u011fa verilerek son yolculu\u011funa u\u011furland\u0131. \u200b\u0130skenderun Gazeteciler cemiyeti Ba\u015fkan\u0131 Diyap Atar\u2019\u0131n vefat eden kay\u0131nbabas\u0131 Miktad Tultak, Numune Mahallesi\u2019ndeki evinin \u00f6n\u00fcnden dualarla kald\u0131r\u0131larak, \u00c7ankaya asri mezarl\u0131\u011f\u0131nda g\u00f6zya\u015flar\u0131 ve dualar e\u015fli\u011finde topra\u011fa verildi.\u00a0 \u200bHaberin Al\u0131nt\u0131land\u0131\u011f\u0131 Kaynak: www.iskenderun.org<\/p>","protected":false},"author":1,"featured_media":0,"comment_status":"open","ping_status":"open","sticky":false,"template":"","format":"standard","meta":{"_acf_changed":false,"footnotes":""},"categories":[24],"tags":[],"class_list":["post-35416","post","type-post","status-publish","format-standard","has-post-thumbnail","hentry","category-gundem"],"acf":[],"yoast_head":"<!-- This site is optimized with the Yoast SEO Premium plugin v26.6 (Yoast SEO v27.1.1) - https:\/\/yoast.com\/product\/yoast-seo-premium-wordpress\/ -->\n<title>\u0130GC Ba\u015fkan\u0131 Atar\u2019\u0131n Kay\u0131nbabas\u0131 topra\u011fa verildi\u2026 - Av. Deniz Can K\u0131z\u0131l<\/title>\n<meta name=\"robots\" content=\"index, follow, max-snippet:-1, max-image-preview:large, max-video-preview:-1\" \/>\n<link rel=\"canonical\" href=\"https:\/\/denizcankizil.tr\/en\/haberler\/gundem\/igc-baskani-atarin-kayinbabasi-topraga-verildi\/\" \/>\n<meta property=\"og:locale\" content=\"en_GB\" \/>\n<meta property=\"og:type\" content=\"article\" \/>\n<meta property=\"og:title\" content=\"\u0130GC Ba\u015fkan\u0131 Atar\u2019\u0131n Kay\u0131nbabas\u0131 topra\u011fa verildi\u2026\" \/>\n<meta property=\"og:description\" content=\"Bir s\u00fcredir rahats\u0131zl\u0131k nedeniyle hastanede tedavi g\u00f6ren 6 \u00e7ocuk babas\u0131 Miktad Tultak, 78 ya\u015f\u0131nda hayat\u0131n\u0131 kaybetti. Vefat\u0131 ba\u015fta ailesi olmak \u00fczere t\u00fcm sevenlerini derinde \u00fczd\u00fc. Merhum Miktad Tultak\u2019\u0131n cenazesi bug\u00fcn Saat 11:00\u2019da ikamet etti\u011fi Numune Mahallesi 187 sokak \u00fczerindeki evine getirildi. Burada ruhuna Kuran-\u0131 Kerim ve dualar okundu, ailesinden helallik al\u0131nd\u0131. \u00c7ankaya Asri Mezarl\u0131\u011f\u0131 Caminde k\u0131l\u0131nan cenaze namaz\u0131n\u0131n ard\u0131ndan, merhumun cenazesi dualar ve g\u00f6zya\u015flar\u0131 aras\u0131nda topra\u011fa verilerek son yolculu\u011funa u\u011furland\u0131. \u200b\u0130skenderun Gazeteciler cemiyeti Ba\u015fkan\u0131 Diyap Atar\u2019\u0131n vefat eden kay\u0131nbabas\u0131 Miktad Tultak, Numune Mahallesi\u2019ndeki evinin \u00f6n\u00fcnden dualarla kald\u0131r\u0131larak, \u00c7ankaya asri mezarl\u0131\u011f\u0131nda g\u00f6zya\u015flar\u0131 ve dualar e\u015fli\u011finde topra\u011fa verildi.\u00a0 \u200bHaberin Al\u0131nt\u0131land\u0131\u011f\u0131 Kaynak: www.iskenderun.org\" \/>\n<meta property=\"og:url\" content=\"https:\/\/denizcankizil.tr\/en\/haberler\/gundem\/igc-baskani-atarin-kayinbabasi-topraga-verildi\/\" \/>\n<meta property=\"og:site_name\" content=\"Av. Deniz Can K\u0131z\u0131l\" \/>\n<meta property=\"article:published_time\" content=\"2025-03-11T13:41:53+00:00\" \/>\n<meta name=\"author\" content=\"admin\" \/>\n<meta name=\"twitter:card\" content=\"summary_large_image\" \/>\n<meta name=\"twitter:label1\" content=\"Written by\" \/>\n\t<meta name=\"twitter:data1\" content=\"admin\" \/>\n\t<meta name=\"twitter:label2\" content=\"Estimated reading time\" \/>\n\t<meta name=\"twitter:data2\" content=\"1 minute\" \/>\n<script type=\"application\/ld+json\" class=\"yoast-schema-graph\">{\"@context\":\"https:\/\/schema.org\",\"@graph\":[{\"@type\":\"Article\",\"@id\":\"https:\/\/denizcankizil.tr\/ru\/haberler\/gundem\/igc-baskani-atarin-kayinbabasi-topraga-verildi\/#article\",\"isPartOf\":{\"@id\":\"https:\/\/denizcankizil.tr\/ru\/haberler\/gundem\/igc-baskani-atarin-kayinbabasi-topraga-verildi\/\"},\"author\":{\"name\":\"admin\",\"@id\":\"https:\/\/denizcankizil.tr\/de\/#\/schema\/person\/be3c05fe6a12686905512445d8185489\"},\"headline\":\"\u0130GC Ba\u015fkan\u0131 Atar\u2019\u0131n Kay\u0131nbabas\u0131 topra\u011fa verildi\u2026\",\"datePublished\":\"2025-03-11T13:41:53+00:00\",\"mainEntityOfPage\":{\"@id\":\"https:\/\/denizcankizil.tr\/ru\/haberler\/gundem\/igc-baskani-atarin-kayinbabasi-topraga-verildi\/\"},\"wordCount\":147,\"commentCount\":0,\"publisher\":{\"@id\":\"https:\/\/denizcankizil.tr\/de\/#organization\"},\"articleSection\":[\"G\u00fcndem\"],\"inLanguage\":\"en-GB\",\"potentialAction\":[{\"@type\":\"CommentAction\",\"name\":\"Comment\",\"target\":[\"https:\/\/denizcankizil.tr\/ru\/haberler\/gundem\/igc-baskani-atarin-kayinbabasi-topraga-verildi\/#respond\"]}]},{\"@type\":\"WebPage\",\"@id\":\"https:\/\/denizcankizil.tr\/ru\/haberler\/gundem\/igc-baskani-atarin-kayinbabasi-topraga-verildi\/\",\"url\":\"https:\/\/denizcankizil.tr\/ru\/haberler\/gundem\/igc-baskani-atarin-kayinbabasi-topraga-verildi\/\",\"name\":\"\u0130GC Ba\u015fkan\u0131 Atar\u2019\u0131n Kay\u0131nbabas\u0131 topra\u011fa verildi\u2026 - Av. Deniz Can K\u0131z\u0131l\",\"isPartOf\":{\"@id\":\"https:\/\/denizcankizil.tr\/de\/#website\"},\"datePublished\":\"2025-03-11T13:41:53+00:00\",\"breadcrumb\":{\"@id\":\"https:\/\/denizcankizil.tr\/ru\/haberler\/gundem\/igc-baskani-atarin-kayinbabasi-topraga-verildi\/#breadcrumb\"},\"inLanguage\":\"en-GB\",\"potentialAction\":[{\"@type\":\"ReadAction\",\"target\":[\"https:\/\/denizcankizil.tr\/ru\/haberler\/gundem\/igc-baskani-atarin-kayinbabasi-topraga-verildi\/\"]}]},{\"@type\":\"BreadcrumbList\",\"@id\":\"https:\/\/denizcankizil.tr\/ru\/haberler\/gundem\/igc-baskani-atarin-kayinbabasi-topraga-verildi\/#breadcrumb\",\"itemListElement\":[{\"@type\":\"ListItem\",\"position\":1,\"name\":\"Home\",\"item\":\"https:\/\/denizcankizil.tr\/de\/\"},{\"@type\":\"ListItem\",\"position\":2,\"name\":\"\u0130GC Ba\u015fkan\u0131 Atar\u2019\u0131n Kay\u0131nbabas\u0131 topra\u011fa verildi\u2026\"}]},{\"@type\":\"WebSite\",\"@id\":\"https:\/\/denizcankizil.tr\/de\/#website\",\"url\":\"https:\/\/denizcankizil.tr\/de\/\",\"name\":\"Av. Deniz Can K\u0131z\u0131l\",\"description\":\"Avukat Deniz Can K\u0131z\u0131l Antalya Barosu\",\"publisher\":{\"@id\":\"https:\/\/denizcankizil.tr\/de\/#organization\"},\"potentialAction\":[{\"@type\":\"SearchAction\",\"target\":{\"@type\":\"EntryPoint\",\"urlTemplate\":\"https:\/\/denizcankizil.tr\/de\/?s={search_term_string}\"},\"query-input\":{\"@type\":\"PropertyValueSpecification\",\"valueRequired\":true,\"valueName\":\"search_term_string\"}}],\"inLanguage\":\"en-GB\"},{\"@type\":\"Organization\",\"@id\":\"https:\/\/denizcankizil.tr\/de\/#organization\",\"name\":\"Av. Deniz Can K\u0131z\u0131l\",\"url\":\"https:\/\/denizcankizil.tr\/de\/\",\"logo\":{\"@type\":\"ImageObject\",\"inLanguage\":\"en-GB\",\"@id\":\"https:\/\/denizcankizil.tr\/de\/#\/schema\/logo\/image\/\",\"url\":\"https:\/\/denizcankizil.tr\/wp-content\/uploads\/2024\/10\/siyah-logo-svg.svg\",\"contentUrl\":\"https:\/\/denizcankizil.tr\/wp-content\/uploads\/2024\/10\/siyah-logo-svg.svg\",\"width\":1080,\"height\":1080,\"caption\":\"Av. Deniz Can K\u0131z\u0131l\"},\"image\":{\"@id\":\"https:\/\/denizcankizil.tr\/de\/#\/schema\/logo\/image\/\"}},{\"@type\":\"Person\",\"@id\":\"https:\/\/denizcankizil.tr\/de\/#\/schema\/person\/be3c05fe6a12686905512445d8185489\",\"name\":\"admin\",\"image\":{\"@type\":\"ImageObject\",\"inLanguage\":\"en-GB\",\"@id\":\"https:\/\/denizcankizil.tr\/de\/#\/schema\/person\/image\/\",\"url\":\"https:\/\/secure.gravatar.com\/avatar\/c1fce94c830dc79107e174f890d7210541c4a63e8e5d816341794a2151c9d58c?s=96&d=mm&r=g\",\"contentUrl\":\"https:\/\/secure.gravatar.com\/avatar\/c1fce94c830dc79107e174f890d7210541c4a63e8e5d816341794a2151c9d58c?s=96&d=mm&r=g\",\"caption\":\"admin\"},\"sameAs\":[\"http:\/\/denizcankizil.tr\"],\"url\":\"https:\/\/www.iskenderun.org\/igc-baskani-atarin-kayinbabasi-topraga-verildi\"}]}<\/script>\n<!-- \/ Yoast SEO Premium plugin. -->","yoast_head_json":{"title":"\u0130GC Ba\u015fkan\u0131 Atar\u2019\u0131n Kay\u0131nbabas\u0131 topra\u011fa verildi\u2026 - Av. Deniz Can K\u0131z\u0131l","robots":{"index":"index","follow":"follow","max-snippet":"max-snippet:-1","max-image-preview":"max-image-preview:large","max-video-preview":"max-video-preview:-1"},"canonical":"https:\/\/denizcankizil.tr\/en\/haberler\/gundem\/igc-baskani-atarin-kayinbabasi-topraga-verildi\/","og_locale":"en_GB","og_type":"article","og_title":"\u0130GC Ba\u015fkan\u0131 Atar\u2019\u0131n Kay\u0131nbabas\u0131 topra\u011fa verildi\u2026","og_description":"Bir s\u00fcredir rahats\u0131zl\u0131k nedeniyle hastanede tedavi g\u00f6ren 6 \u00e7ocuk babas\u0131 Miktad Tultak, 78 ya\u015f\u0131nda hayat\u0131n\u0131 kaybetti. Vefat\u0131 ba\u015fta ailesi olmak \u00fczere t\u00fcm sevenlerini derinde \u00fczd\u00fc. Merhum Miktad Tultak\u2019\u0131n cenazesi bug\u00fcn Saat 11:00\u2019da ikamet etti\u011fi Numune Mahallesi 187 sokak \u00fczerindeki evine getirildi. Burada ruhuna Kuran-\u0131 Kerim ve dualar okundu, ailesinden helallik al\u0131nd\u0131. \u00c7ankaya Asri Mezarl\u0131\u011f\u0131 Caminde k\u0131l\u0131nan cenaze namaz\u0131n\u0131n ard\u0131ndan, merhumun cenazesi dualar ve g\u00f6zya\u015flar\u0131 aras\u0131nda topra\u011fa verilerek son yolculu\u011funa u\u011furland\u0131. \u200b\u0130skenderun Gazeteciler cemiyeti Ba\u015fkan\u0131 Diyap Atar\u2019\u0131n vefat eden kay\u0131nbabas\u0131 Miktad Tultak, Numune Mahallesi\u2019ndeki evinin \u00f6n\u00fcnden dualarla kald\u0131r\u0131larak, \u00c7ankaya asri mezarl\u0131\u011f\u0131nda g\u00f6zya\u015flar\u0131 ve dualar e\u015fli\u011finde topra\u011fa verildi.\u00a0 \u200bHaberin Al\u0131nt\u0131land\u0131\u011f\u0131 Kaynak: www.iskenderun.org","og_url":"https:\/\/denizcankizil.tr\/en\/haberler\/gundem\/igc-baskani-atarin-kayinbabasi-topraga-verildi\/","og_site_name":"Av. Deniz Can K\u0131z\u0131l","article_published_time":"2025-03-11T13:41:53+00:00","author":"admin","twitter_card":"summary_large_image","twitter_misc":{"Written by":"admin","Estimated reading time":"1 minute"},"schema":{"@context":"https:\/\/schema.org","@graph":[{"@type":"Article","@id":"https:\/\/denizcankizil.tr\/ru\/haberler\/gundem\/igc-baskani-atarin-kayinbabasi-topraga-verildi\/#article","isPartOf":{"@id":"https:\/\/denizcankizil.tr\/ru\/haberler\/gundem\/igc-baskani-atarin-kayinbabasi-topraga-verildi\/"},"author":{"name":"admin","@id":"https:\/\/denizcankizil.tr\/de\/#\/schema\/person\/be3c05fe6a12686905512445d8185489"},"headline":"\u0130GC Ba\u015fkan\u0131 Atar\u2019\u0131n Kay\u0131nbabas\u0131 topra\u011fa verildi\u2026","datePublished":"2025-03-11T13:41:53+00:00","mainEntityOfPage":{"@id":"https:\/\/denizcankizil.tr\/ru\/haberler\/gundem\/igc-baskani-atarin-kayinbabasi-topraga-verildi\/"},"wordCount":147,"commentCount":0,"publisher":{"@id":"https:\/\/denizcankizil.tr\/de\/#organization"},"articleSection":["G\u00fcndem"],"inLanguage":"en-GB","potentialAction":[{"@type":"CommentAction","name":"Comment","target":["https:\/\/denizcankizil.tr\/ru\/haberler\/gundem\/igc-baskani-atarin-kayinbabasi-topraga-verildi\/#respond"]}]},{"@type":"WebPage","@id":"https:\/\/denizcankizil.tr\/ru\/haberler\/gundem\/igc-baskani-atarin-kayinbabasi-topraga-verildi\/","url":"https:\/\/denizcankizil.tr\/ru\/haberler\/gundem\/igc-baskani-atarin-kayinbabasi-topraga-verildi\/","name":"\u0130GC Ba\u015fkan\u0131 Atar\u2019\u0131n Kay\u0131nbabas\u0131 topra\u011fa verildi\u2026 - Av. Deniz Can K\u0131z\u0131l","isPartOf":{"@id":"https:\/\/denizcankizil.tr\/de\/#website"},"datePublished":"2025-03-11T13:41:53+00:00","breadcrumb":{"@id":"https:\/\/denizcankizil.tr\/ru\/haberler\/gundem\/igc-baskani-atarin-kayinbabasi-topraga-verildi\/#breadcrumb"},"inLanguage":"en-GB","potentialAction":[{"@type":"ReadAction","target":["https:\/\/denizcankizil.tr\/ru\/haberler\/gundem\/igc-baskani-atarin-kayinbabasi-topraga-verildi\/"]}]},{"@type":"BreadcrumbList","@id":"https:\/\/denizcankizil.tr\/ru\/haberler\/gundem\/igc-baskani-atarin-kayinbabasi-topraga-verildi\/#breadcrumb","itemListElement":[{"@type":"ListItem","position":1,"name":"Home","item":"https:\/\/denizcankizil.tr\/de\/"},{"@type":"ListItem","position":2,"name":"\u0130GC Ba\u015fkan\u0131 Atar\u2019\u0131n Kay\u0131nbabas\u0131 topra\u011fa verildi\u2026"}]},{"@type":"WebSite","@id":"https:\/\/denizcankizil.tr\/de\/#website","url":"https:\/\/denizcankizil.tr\/de\/","name":"Av. Deniz Can K\u0131z\u0131l","description":"Avukat Deniz Can K\u0131z\u0131l Antalya Barosu","publisher":{"@id":"https:\/\/denizcankizil.tr\/de\/#organization"},"potentialAction":[{"@type":"SearchAction","target":{"@type":"EntryPoint","urlTemplate":"https:\/\/denizcankizil.tr\/de\/?s={search_term_string}"},"query-input":{"@type":"PropertyValueSpecification","valueRequired":true,"valueName":"search_term_string"}}],"inLanguage":"en-GB"},{"@type":"Organization","@id":"https:\/\/denizcankizil.tr\/de\/#organization","name":"Av. Deniz Can K\u0131z\u0131l","url":"https:\/\/denizcankizil.tr\/de\/","logo":{"@type":"ImageObject","inLanguage":"en-GB","@id":"https:\/\/denizcankizil.tr\/de\/#\/schema\/logo\/image\/","url":"https:\/\/denizcankizil.tr\/wp-content\/uploads\/2024\/10\/siyah-logo-svg.svg","contentUrl":"https:\/\/denizcankizil.tr\/wp-content\/uploads\/2024\/10\/siyah-logo-svg.svg","width":1080,"height":1080,"caption":"Av. Deniz Can K\u0131z\u0131l"},"image":{"@id":"https:\/\/denizcankizil.tr\/de\/#\/schema\/logo\/image\/"}},{"@type":"Person","@id":"https:\/\/denizcankizil.tr\/de\/#\/schema\/person\/be3c05fe6a12686905512445d8185489","name":"admin","image":{"@type":"ImageObject","inLanguage":"en-GB","@id":"https:\/\/denizcankizil.tr\/de\/#\/schema\/person\/image\/","url":"https:\/\/secure.gravatar.com\/avatar\/c1fce94c830dc79107e174f890d7210541c4a63e8e5d816341794a2151c9d58c?s=96&d=mm&r=g","contentUrl":"https:\/\/secure.gravatar.com\/avatar\/c1fce94c830dc79107e174f890d7210541c4a63e8e5d816341794a2151c9d58c?s=96&d=mm&r=g","caption":"admin"},"sameAs":["http:\/\/denizcankizil.tr"],"url":"https:\/\/www.iskenderun.org\/igc-baskani-atarin-kayinbabasi-topraga-verildi"}]}},"_links":{"self":[{"href":"https:\/\/denizcankizil.tr\/en\/wp-json\/wp\/v2\/posts\/35416","targetHints":{"allow":["GET"]}}],"collection":[{"href":"https:\/\/denizcankizil.tr\/en\/wp-json\/wp\/v2\/posts"}],"about":[{"href":"https:\/\/denizcankizil.tr\/en\/wp-json\/wp\/v2\/types\/post"}],"author":[{"embeddable":true,"href":"https:\/\/denizcankizil.tr\/en\/wp-json\/wp\/v2\/users\/1"}],"replies":[{"embeddable":true,"href":"https:\/\/denizcankizil.tr\/en\/wp-json\/wp\/v2\/comments?post=35416"}],"version-history":[{"count":0,"href":"https:\/\/denizcankizil.tr\/en\/wp-json\/wp\/v2\/posts\/35416\/revisions"}],"wp:attachment":[{"href":"https:\/\/denizcankizil.tr\/en\/wp-json\/wp\/v2\/media?parent=35416"}],"wp:term":[{"taxonomy":"category","embeddable":true,"href":"https:\/\/denizcankizil.tr\/en\/wp-json\/wp\/v2\/categories?post=35416"},{"taxonomy":"post_tag","embeddable":true,"href":"https:\/\/denizcankizil.tr\/en\/wp-json\/wp\/v2\/tags?post=35416"}],"curies":[{"name":"wp","href":"https:\/\/api.w.org\/{rel}","templated":true}]}}