{"id":35319,"date":"2025-03-11T07:41:34","date_gmt":"2025-03-11T04:41:34","guid":{"rendered":"https:\/\/denizcankizil.tr\/uncategorized-tr\/tbmm-baskani-kurtulmus-turkiye-tarihi-bir-firsat-yakalamistir\/"},"modified":"2025-03-11T07:41:34","modified_gmt":"2025-03-11T04:41:34","slug":"tbmm-baskani-kurtulmus-turkiye-tarihi-bir-firsat-yakalamistir","status":"publish","type":"post","link":"https:\/\/denizcankizil.tr\/en\/haberler\/gundem\/tbmm-baskani-kurtulmus-turkiye-tarihi-bir-firsat-yakalamistir\/","title":{"rendered":"TBMM Ba\u015fkan\u0131 Kurtulmu\u015f: T\u00fcrkiye tarihi bir f\u0131rsat yakalam\u0131\u015ft\u0131r"},"content":{"rendered":"<p>TBMM Ba\u015fkan\u0131 Numan Kurtulmu\u015f, ter\u00f6rs\u00fcz T\u00fcrkiye hedefine ili\u015fkin, \u201cHi\u00e7 kimsenin s\u00fcreci zehirlememesi gerekti\u011fi kanaatindeyiz. \u00c7\u00fcnk\u00fc T\u00fcrkiye, tarihi bir f\u0131rsat yakalam\u0131\u015ft\u0131r.\u201d dedi.ANKARA (\u0130GFA) &#8211; TBMM Ba\u015fkan\u0131 Kurtulmu\u015f, yapt\u0131\u011f\u0131 konu\u015fmada, parlamento muhabirlerinin fedakarca \u00e7al\u0131\u015fan ve ili\u015fkilerini fevkalade iyi y\u00f6netebilen nadide gruplardan bir oldu\u011funu ifade etti.<br \/>\nParlamento muhabirlerinin, TBMM&#8217;nin hem yasama hem y\u00fcr\u00fctme faaliyetlerine \u00f6nemli bir destek sunduklar\u0131n\u0131, TBMM&#8217;de yap\u0131lan faaliyetleri hem d\u0131\u015far\u0131ya anlatmak, Meclis&#8217;in itibar\u0131n\u0131, onurunu g\u00fc\u00e7l\u00fc bir \u015fekilde aktarmak i\u00e7in \u00f6nemli bir gayretin i\u00e7erisinde olduklar\u0131n\u0131 belirten Kurtulmu\u015f, bundan dolay\u0131 TBMM Ba\u015fkan\u0131 olarak parlamento muhabirlerine te\u015fekk\u00fcr etmeyi bir bor\u00e7 bildi\u011fini s\u00f6yledi.<br \/>\nT\u00fcrkiye&#8217;de ya\u015fanan son geli\u015fmelere de de\u011finen Kurtulmu\u015f, &#8220;Bu topraklar bize vatan yap\u0131ld\u0131\u011f\u0131ndan bu yana T\u00fcrkler, K\u00fcrtler, S\u00fcnniler, Aleviler, farkl\u0131 etnik k\u00f6kenden insanlar birlikte ya\u015f\u0131yoruz. Aram\u0131za zaman zaman ayr\u0131l\u0131k tohumlar\u0131 ekilmeye \u00e7al\u0131\u015f\u0131lmas\u0131na ra\u011fmen hi\u00e7bir zaman ba\u015far\u0131lamam\u0131\u015f ve bunlar\u0131n hepsi bertaraf edilmi\u015ftir. Ama ne yaz\u0131k ki \u00fclkemizin son 40 y\u0131l\u0131nda ter\u00f6r \u00f6rg\u00fct\u00fc vas\u0131tas\u0131yla \u00f6zellikle T\u00fcrkiye&#8217;deki bu birli\u011fi, beraberli\u011fi, milli b\u00fct\u00fcnl\u00fc\u011f\u00fc ortadan kald\u0131rmak isteyen, T\u00fcrkiye&#8217;nin ayaklar\u0131na pranga vurmak isteyen, T\u00fcrkiye&#8217;nin \u00f6n\u00fcn\u00fc, yolunu kesmek isteyenler, ter\u00f6r \u00f6rg\u00fctlerinden medet olmu\u015flar, onlar\u0131 vekalet sava\u015flar\u0131n\u0131n unsurlar\u0131, vekilleri olarak kullanm\u0131\u015flard\u0131r&#8221; dedi.<br \/>\n\u015eeffaf, a\u00e7\u0131k, hi\u00e7bir \u015f\u00fcpheye yer b\u0131rakmayacak \u015fekilde s\u00fcrecin y\u00fcr\u00fct\u00fclmesine gayret edildi\u011fini belirten Kurtulmu\u015f, &#8220;Bu \u00e7er\u00e7evede de hi\u00e7 kimsenin s\u00fcreci zehirlememesi gerekti\u011fi kanaatindeyiz. \u00c7\u00fcnk\u00fc T\u00fcrkiye, tarihi bir f\u0131rsat yakalam\u0131\u015ft\u0131r. B\u00f6lgesinde etnik ve mezhebi, dini farkl\u0131l\u0131klar art\u0131k \u00e7at\u0131\u015fma alanlar\u0131 haline d\u00f6n\u00fc\u015ft\u00fcr\u00fclm\u00fc\u015fken, T\u00fcrkiye&#8217;nin var olan bu ter\u00f6r belas\u0131n\u0131 tarihin \u00e7\u00f6pl\u00fc\u011f\u00fcne atmas\u0131 ve aras\u0131ndaki var olan karde\u015fli\u011fi de ilanihaye k\u0131yamete kadar devam etme iradesini ortaya koymas\u0131 hepimizin ortak sorumlulu\u011fudur. Bunun i\u00e7in s\u00fcreci hi\u00e7bir \u015fekilde \u015fahsile\u015ftirmeden, bir siyaset pazar\u0131 haline getirmeden, burada milletimizin milli menfaatlerini, milletimizin birli\u011fini ve dirli\u011fini sa\u011flayacak bu s\u00fcreci in\u015fallah tamamlayaca\u011f\u0131z.&#8221; ifadelerini kulland\u0131.<br \/>\n&#8220;TER\u00d6R T\u00dcRK\u0130YE&#8217;N\u0130N G\u00dcNDEM\u0130NDEN \u0130LAN\u0130HAYE KALKACAKTIR&#8221;<br \/>\nBunun i\u00e7in bas\u0131n mensuplar\u0131n\u0131n da s\u00fcrece olumlu katk\u0131lar\u0131n\u0131n oldu\u011funu dile getiren Kurtulmu\u015f, &#8220;T\u00fcrk medyas\u0131n\u0131n hemen hemen tamam\u0131na yak\u0131n\u0131n bu s\u00fcre\u00e7te g\u00f6sterdi\u011fi duru\u015f, samimidir ve yap\u0131c\u0131d\u0131r, s\u00fcrece pozitif katk\u0131 sa\u011flamak ama\u00e7l\u0131d\u0131r. \u00dcmit ederim ki medyan\u0131n da destekleriyle ortaya \u00e7\u0131kan bu durum tamam\u0131yla iyi bir \u015fekilde sonu\u00e7land\u0131r\u0131lacak ve ter\u00f6r, T\u00fcrkiye&#8217;nin g\u00fcndeminden ilanihaye kalkacakt\u0131r.&#8221; dedi.<br \/>\nT\u00fcrkiye\u2019nin g\u00fcndeminden ter\u00f6r\u00fcn kalkmas\u0131n\u0131n, \u00e7ocuklar\u0131 ve gelecek nesilleri yakinen ilgilendirdi\u011fini belirten Kurtulmu\u015f, &#8220;Sizi temin ederim ki T\u00fcrkiye&#8217;nin g\u00fcndeminden ter\u00f6r\u00fcn kalkmas\u0131, yani ter\u00f6rs\u00fcz bir T\u00fcrkiye&#8217;nin olu\u015fmas\u0131, ayn\u0131 zamanda b\u00f6lgede de ter\u00f6r\u00fcn yalpalamas\u0131 ve ter\u00f6r\u00fcn b\u00f6lge g\u00fcndeminden de kalkmaya ba\u015flamas\u0131n\u0131n ilk ad\u0131m\u0131 olacakt\u0131r. Onun i\u00e7in diyoruz ki ter\u00f6r \u00f6rg\u00fct\u00fcn\u00fcn tasfiyesi, b\u00fct\u00fcn b\u00f6lge \u00fclkelerini de yakinen ilgilendiren, bu b\u00f6lge \u00fclkelerinin de yak\u0131ndan takip etmeye \u00e7al\u0131\u015ft\u0131klar\u0131 ve kendi gelecekleri i\u00e7in de olumlu sonu\u00e7lar \u00e7\u0131karabilecekleri tarihi bir ad\u0131md\u0131r.&#8221; de\u011ferlendirmesinde bulundu.<\/p>\n<p>TBMM Ba\u015fkan\u0131 Kurtulmu\u015f, b\u00fct\u00fcn d\u00fcnyada esenli\u011fi, bar\u0131\u015f\u0131, adaleti sa\u011flayacak g\u00fcnlerin gelmesi i\u00e7in m\u00fccadele edeceklerini belirterek, &#8220;Bunun i\u00e7in ba\u015fta T\u00fcrkiye olarak, birli\u011fi, beraberli\u011fi, bar\u0131\u015f\u0131, karde\u015fli\u011fi hep beraber tesis edece\u011fiz.&#8221; dedi.<br \/>\nKurtulmu\u015f, konu\u015fmas\u0131n\u0131n ard\u0131ndan parlamento muhabirleriyle hat\u0131ra foto\u011fraf\u0131 \u00e7ektirdi.<\/p>\n<p>\u200bTBMM Ba\u015fkan\u0131 Numan Kurtulmu\u015f, ter\u00f6rs\u00fcz T\u00fcrkiye hedefine ili\u015fkin, \u201cHi\u00e7 kimsenin s\u00fcreci zehirlememesi gerekti\u011fi kanaatindeyiz. \u00c7\u00fcnk\u00fc T\u00fcrkiye, tarihi bir f\u0131rsat yakalam\u0131\u015ft\u0131r.\u201d dedi.ANKARA (\u0130GFA) &#8211; TBMM Ba\u015fkan\u0131 Kurtulmu\u015f, yapt\u0131\u011f\u0131 konu\u015fmada, parlamento muhabirlerinin fedakarca \u00e7al\u0131\u015fan ve ili\u015fkilerini fevkalade iyi y\u00f6netebilen nadide gruplardan bir oldu\u011funu ifade etti.<br \/>\nParlamento muhabirlerinin, TBMM&#8217;nin hem yasama hem y\u00fcr\u00fctme faaliyetlerine \u00f6nemli bir destek sunduklar\u0131n\u0131, TBMM&#8217;de yap\u0131lan faaliyetleri hem d\u0131\u015far\u0131ya anlatmak, Meclis&#8217;in itibar\u0131n\u0131, onurunu g\u00fc\u00e7l\u00fc bir \u015fekilde aktarmak i\u00e7in \u00f6nemli bir gayretin i\u00e7erisinde olduklar\u0131n\u0131 belirten Kurtulmu\u015f, bundan dolay\u0131 TBMM Ba\u015fkan\u0131 olarak parlamento muhabirlerine te\u015fekk\u00fcr etmeyi bir bor\u00e7 bildi\u011fini s\u00f6yledi.<br \/>\nT\u00fcrkiye&#8217;de ya\u015fanan son geli\u015fmelere de de\u011finen Kurtulmu\u015f, &#8220;Bu topraklar bize vatan yap\u0131ld\u0131\u011f\u0131ndan bu yana T\u00fcrkler, K\u00fcrtler, S\u00fcnniler, Aleviler, farkl\u0131 etnik k\u00f6kenden insanlar birlikte ya\u015f\u0131yoruz. Aram\u0131za zaman zaman ayr\u0131l\u0131k tohumlar\u0131 ekilmeye \u00e7al\u0131\u015f\u0131lmas\u0131na ra\u011fmen hi\u00e7bir zaman ba\u015far\u0131lamam\u0131\u015f ve bunlar\u0131n hepsi bertaraf edilmi\u015ftir. Ama ne yaz\u0131k ki \u00fclkemizin son 40 y\u0131l\u0131nda ter\u00f6r \u00f6rg\u00fct\u00fc vas\u0131tas\u0131yla \u00f6zellikle T\u00fcrkiye&#8217;deki bu birli\u011fi, beraberli\u011fi, milli b\u00fct\u00fcnl\u00fc\u011f\u00fc ortadan kald\u0131rmak isteyen, T\u00fcrkiye&#8217;nin ayaklar\u0131na pranga vurmak isteyen, T\u00fcrkiye&#8217;nin \u00f6n\u00fcn\u00fc, yolunu kesmek isteyenler, ter\u00f6r \u00f6rg\u00fctlerinden medet olmu\u015flar, onlar\u0131 vekalet sava\u015flar\u0131n\u0131n unsurlar\u0131, vekilleri olarak kullanm\u0131\u015flard\u0131r&#8221; dedi.<br \/>\n\u015eeffaf, a\u00e7\u0131k, hi\u00e7bir \u015f\u00fcpheye yer b\u0131rakmayacak \u015fekilde s\u00fcrecin y\u00fcr\u00fct\u00fclmesine gayret edildi\u011fini belirten Kurtulmu\u015f, &#8220;Bu \u00e7er\u00e7evede de hi\u00e7 kimsenin s\u00fcreci zehirlememesi gerekti\u011fi kanaatindeyiz. \u00c7\u00fcnk\u00fc T\u00fcrkiye, tarihi bir f\u0131rsat yakalam\u0131\u015ft\u0131r. B\u00f6lgesinde etnik ve mezhebi, dini farkl\u0131l\u0131klar art\u0131k \u00e7at\u0131\u015fma alanlar\u0131 haline d\u00f6n\u00fc\u015ft\u00fcr\u00fclm\u00fc\u015fken, T\u00fcrkiye&#8217;nin var olan bu ter\u00f6r belas\u0131n\u0131 tarihin \u00e7\u00f6pl\u00fc\u011f\u00fcne atmas\u0131 ve aras\u0131ndaki var olan karde\u015fli\u011fi de ilanihaye k\u0131yamete kadar devam etme iradesini ortaya koymas\u0131 hepimizin ortak sorumlulu\u011fudur. Bunun i\u00e7in s\u00fcreci hi\u00e7bir \u015fekilde \u015fahsile\u015ftirmeden, bir siyaset pazar\u0131 haline getirmeden, burada milletimizin milli menfaatlerini, milletimizin birli\u011fini ve dirli\u011fini sa\u011flayacak bu s\u00fcreci in\u015fallah tamamlayaca\u011f\u0131z.&#8221; ifadelerini kulland\u0131.<br \/>\n&#8220;TER\u00d6R T\u00dcRK\u0130YE&#8217;N\u0130N G\u00dcNDEM\u0130NDEN \u0130LAN\u0130HAYE KALKACAKTIR&#8221;<br \/>\nBunun i\u00e7in bas\u0131n mensuplar\u0131n\u0131n da s\u00fcrece olumlu katk\u0131lar\u0131n\u0131n oldu\u011funu dile getiren Kurtulmu\u015f, &#8220;T\u00fcrk medyas\u0131n\u0131n hemen hemen tamam\u0131na yak\u0131n\u0131n bu s\u00fcre\u00e7te g\u00f6sterdi\u011fi duru\u015f, samimidir ve yap\u0131c\u0131d\u0131r, s\u00fcrece pozitif katk\u0131 sa\u011flamak ama\u00e7l\u0131d\u0131r. \u00dcmit ederim ki medyan\u0131n da destekleriyle ortaya \u00e7\u0131kan bu durum tamam\u0131yla iyi bir \u015fekilde sonu\u00e7land\u0131r\u0131lacak ve ter\u00f6r, T\u00fcrkiye&#8217;nin g\u00fcndeminden ilanihaye kalkacakt\u0131r.&#8221; dedi.<br \/>\nT\u00fcrkiye\u2019nin g\u00fcndeminden ter\u00f6r\u00fcn kalkmas\u0131n\u0131n, \u00e7ocuklar\u0131 ve gelecek nesilleri yakinen ilgilendirdi\u011fini belirten Kurtulmu\u015f, &#8220;Sizi temin ederim ki T\u00fcrkiye&#8217;nin g\u00fcndeminden ter\u00f6r\u00fcn kalkmas\u0131, yani ter\u00f6rs\u00fcz bir T\u00fcrkiye&#8217;nin olu\u015fmas\u0131, ayn\u0131 zamanda b\u00f6lgede de ter\u00f6r\u00fcn yalpalamas\u0131 ve ter\u00f6r\u00fcn b\u00f6lge g\u00fcndeminden de kalkmaya ba\u015flamas\u0131n\u0131n ilk ad\u0131m\u0131 olacakt\u0131r. Onun i\u00e7in diyoruz ki ter\u00f6r \u00f6rg\u00fct\u00fcn\u00fcn tasfiyesi, b\u00fct\u00fcn b\u00f6lge \u00fclkelerini de yakinen ilgilendiren, bu b\u00f6lge \u00fclkelerinin de yak\u0131ndan takip etmeye \u00e7al\u0131\u015ft\u0131klar\u0131 ve kendi gelecekleri i\u00e7in de olumlu sonu\u00e7lar \u00e7\u0131karabilecekleri tarihi bir ad\u0131md\u0131r.&#8221; de\u011ferlendirmesinde bulundu.<\/p>\n<p>TBMM Ba\u015fkan\u0131 Kurtulmu\u015f, b\u00fct\u00fcn d\u00fcnyada esenli\u011fi, bar\u0131\u015f\u0131, adaleti sa\u011flayacak g\u00fcnlerin gelmesi i\u00e7in m\u00fccadele edeceklerini belirterek, &#8220;Bunun i\u00e7in ba\u015fta T\u00fcrkiye olarak, birli\u011fi, beraberli\u011fi, bar\u0131\u015f\u0131, karde\u015fli\u011fi hep beraber tesis edece\u011fiz.&#8221; dedi.<br \/>\nKurtulmu\u015f, konu\u015fmas\u0131n\u0131n ard\u0131ndan parlamento muhabirleriyle hat\u0131ra foto\u011fraf\u0131 \u00e7ektirdi.\u00a0<\/p>\n<p>\u200bHaberin Al\u0131nt\u0131land\u0131\u011f\u0131 Kaynak: www.iskenderun.org<\/p>","protected":false},"excerpt":{"rendered":"<p>TBMM Ba\u015fkan\u0131 Numan Kurtulmu\u015f, ter\u00f6rs\u00fcz T\u00fcrkiye hedefine ili\u015fkin, \u201cHi\u00e7 kimsenin s\u00fcreci zehirlememesi gerekti\u011fi kanaatindeyiz. \u00c7\u00fcnk\u00fc T\u00fcrkiye, tarihi bir f\u0131rsat yakalam\u0131\u015ft\u0131r.\u201d dedi.ANKARA (\u0130GFA) &#8211; TBMM Ba\u015fkan\u0131 Kurtulmu\u015f, yapt\u0131\u011f\u0131 konu\u015fmada, parlamento muhabirlerinin fedakarca \u00e7al\u0131\u015fan ve ili\u015fkilerini fevkalade iyi y\u00f6netebilen nadide gruplardan bir oldu\u011funu ifade etti. Parlamento muhabirlerinin, TBMM&#8217;nin hem yasama hem y\u00fcr\u00fctme faaliyetlerine \u00f6nemli bir destek sunduklar\u0131n\u0131, TBMM&#8217;de yap\u0131lan faaliyetleri hem d\u0131\u015far\u0131ya anlatmak, Meclis&#8217;in itibar\u0131n\u0131, onurunu g\u00fc\u00e7l\u00fc bir \u015fekilde aktarmak i\u00e7in \u00f6nemli bir gayretin i\u00e7erisinde olduklar\u0131n\u0131 belirten Kurtulmu\u015f, bundan dolay\u0131 TBMM Ba\u015fkan\u0131 olarak parlamento muhabirlerine te\u015fekk\u00fcr etmeyi bir bor\u00e7 bildi\u011fini s\u00f6yledi. T\u00fcrkiye&#8217;de ya\u015fanan son geli\u015fmelere de de\u011finen Kurtulmu\u015f, &#8220;Bu topraklar bize vatan yap\u0131ld\u0131\u011f\u0131ndan bu yana T\u00fcrkler, K\u00fcrtler, S\u00fcnniler, Aleviler, farkl\u0131 etnik k\u00f6kenden insanlar birlikte ya\u015f\u0131yoruz. Aram\u0131za zaman zaman ayr\u0131l\u0131k tohumlar\u0131 ekilmeye \u00e7al\u0131\u015f\u0131lmas\u0131na ra\u011fmen hi\u00e7bir zaman ba\u015far\u0131lamam\u0131\u015f ve bunlar\u0131n hepsi bertaraf edilmi\u015ftir. Ama ne yaz\u0131k ki \u00fclkemizin son 40 y\u0131l\u0131nda ter\u00f6r \u00f6rg\u00fct\u00fc vas\u0131tas\u0131yla \u00f6zellikle T\u00fcrkiye&#8217;deki bu birli\u011fi, beraberli\u011fi, milli b\u00fct\u00fcnl\u00fc\u011f\u00fc ortadan kald\u0131rmak isteyen, T\u00fcrkiye&#8217;nin ayaklar\u0131na pranga vurmak isteyen, T\u00fcrkiye&#8217;nin \u00f6n\u00fcn\u00fc, yolunu kesmek isteyenler, ter\u00f6r \u00f6rg\u00fctlerinden medet olmu\u015flar, onlar\u0131 vekalet sava\u015flar\u0131n\u0131n unsurlar\u0131, vekilleri olarak kullanm\u0131\u015flard\u0131r&#8221; dedi. \u015eeffaf, a\u00e7\u0131k, hi\u00e7bir \u015f\u00fcpheye yer b\u0131rakmayacak \u015fekilde s\u00fcrecin y\u00fcr\u00fct\u00fclmesine gayret edildi\u011fini belirten Kurtulmu\u015f, &#8220;Bu \u00e7er\u00e7evede de hi\u00e7 kimsenin s\u00fcreci zehirlememesi gerekti\u011fi kanaatindeyiz. \u00c7\u00fcnk\u00fc T\u00fcrkiye, tarihi bir f\u0131rsat yakalam\u0131\u015ft\u0131r. &hellip;<\/p>","protected":false},"author":1,"featured_media":0,"comment_status":"open","ping_status":"open","sticky":false,"template":"","format":"standard","meta":{"_acf_changed":false,"footnotes":""},"categories":[24],"tags":[],"class_list":["post-35319","post","type-post","status-publish","format-standard","has-post-thumbnail","hentry","category-gundem"],"acf":[],"yoast_head":"<!-- This site is optimized with the Yoast SEO Premium plugin v26.6 (Yoast SEO v27.1.1) - https:\/\/yoast.com\/product\/yoast-seo-premium-wordpress\/ -->\n<title>TBMM Ba\u015fkan\u0131 Kurtulmu\u015f: T\u00fcrkiye tarihi bir f\u0131rsat yakalam\u0131\u015ft\u0131r - Av. Deniz Can K\u0131z\u0131l<\/title>\n<meta name=\"robots\" content=\"index, follow, max-snippet:-1, max-image-preview:large, max-video-preview:-1\" \/>\n<link rel=\"canonical\" href=\"https:\/\/denizcankizil.tr\/en\/haberler\/gundem\/tbmm-baskani-kurtulmus-turkiye-tarihi-bir-firsat-yakalamistir\/\" \/>\n<meta property=\"og:locale\" content=\"en_GB\" \/>\n<meta property=\"og:type\" content=\"article\" \/>\n<meta property=\"og:title\" content=\"TBMM Ba\u015fkan\u0131 Kurtulmu\u015f: T\u00fcrkiye tarihi bir f\u0131rsat yakalam\u0131\u015ft\u0131r\" \/>\n<meta property=\"og:description\" content=\"TBMM Ba\u015fkan\u0131 Numan Kurtulmu\u015f, ter\u00f6rs\u00fcz T\u00fcrkiye hedefine ili\u015fkin, \u201cHi\u00e7 kimsenin s\u00fcreci zehirlememesi gerekti\u011fi kanaatindeyiz. \u00c7\u00fcnk\u00fc T\u00fcrkiye, tarihi bir f\u0131rsat yakalam\u0131\u015ft\u0131r.\u201d dedi.ANKARA (\u0130GFA) &#8211; TBMM Ba\u015fkan\u0131 Kurtulmu\u015f, yapt\u0131\u011f\u0131 konu\u015fmada, parlamento muhabirlerinin fedakarca \u00e7al\u0131\u015fan ve ili\u015fkilerini fevkalade iyi y\u00f6netebilen nadide gruplardan bir oldu\u011funu ifade etti. Parlamento muhabirlerinin, TBMM&#8217;nin hem yasama hem y\u00fcr\u00fctme faaliyetlerine \u00f6nemli bir destek sunduklar\u0131n\u0131, TBMM&#8217;de yap\u0131lan faaliyetleri hem d\u0131\u015far\u0131ya anlatmak, Meclis&#8217;in itibar\u0131n\u0131, onurunu g\u00fc\u00e7l\u00fc bir \u015fekilde aktarmak i\u00e7in \u00f6nemli bir gayretin i\u00e7erisinde olduklar\u0131n\u0131 belirten Kurtulmu\u015f, bundan dolay\u0131 TBMM Ba\u015fkan\u0131 olarak parlamento muhabirlerine te\u015fekk\u00fcr etmeyi bir bor\u00e7 bildi\u011fini s\u00f6yledi. T\u00fcrkiye&#8217;de ya\u015fanan son geli\u015fmelere de de\u011finen Kurtulmu\u015f, &#8220;Bu topraklar bize vatan yap\u0131ld\u0131\u011f\u0131ndan bu yana T\u00fcrkler, K\u00fcrtler, S\u00fcnniler, Aleviler, farkl\u0131 etnik k\u00f6kenden insanlar birlikte ya\u015f\u0131yoruz. Aram\u0131za zaman zaman ayr\u0131l\u0131k tohumlar\u0131 ekilmeye \u00e7al\u0131\u015f\u0131lmas\u0131na ra\u011fmen hi\u00e7bir zaman ba\u015far\u0131lamam\u0131\u015f ve bunlar\u0131n hepsi bertaraf edilmi\u015ftir. Ama ne yaz\u0131k ki \u00fclkemizin son 40 y\u0131l\u0131nda ter\u00f6r \u00f6rg\u00fct\u00fc vas\u0131tas\u0131yla \u00f6zellikle T\u00fcrkiye&#8217;deki bu birli\u011fi, beraberli\u011fi, milli b\u00fct\u00fcnl\u00fc\u011f\u00fc ortadan kald\u0131rmak isteyen, T\u00fcrkiye&#8217;nin ayaklar\u0131na pranga vurmak isteyen, T\u00fcrkiye&#8217;nin \u00f6n\u00fcn\u00fc, yolunu kesmek isteyenler, ter\u00f6r \u00f6rg\u00fctlerinden medet olmu\u015flar, onlar\u0131 vekalet sava\u015flar\u0131n\u0131n unsurlar\u0131, vekilleri olarak kullanm\u0131\u015flard\u0131r&#8221; dedi. \u015eeffaf, a\u00e7\u0131k, hi\u00e7bir \u015f\u00fcpheye yer b\u0131rakmayacak \u015fekilde s\u00fcrecin y\u00fcr\u00fct\u00fclmesine gayret edildi\u011fini belirten Kurtulmu\u015f, &#8220;Bu \u00e7er\u00e7evede de hi\u00e7 kimsenin s\u00fcreci zehirlememesi gerekti\u011fi kanaatindeyiz. \u00c7\u00fcnk\u00fc T\u00fcrkiye, tarihi bir f\u0131rsat yakalam\u0131\u015ft\u0131r. &hellip;\" \/>\n<meta property=\"og:url\" content=\"https:\/\/denizcankizil.tr\/en\/haberler\/gundem\/tbmm-baskani-kurtulmus-turkiye-tarihi-bir-firsat-yakalamistir\/\" \/>\n<meta property=\"og:site_name\" content=\"Av. Deniz Can K\u0131z\u0131l\" \/>\n<meta property=\"article:published_time\" content=\"2025-03-11T04:41:34+00:00\" \/>\n<meta name=\"author\" content=\"admin\" \/>\n<meta name=\"twitter:card\" content=\"summary_large_image\" \/>\n<meta name=\"twitter:label1\" content=\"Written by\" \/>\n\t<meta name=\"twitter:data1\" content=\"admin\" \/>\n\t<meta name=\"twitter:label2\" content=\"Estimated reading time\" \/>\n\t<meta name=\"twitter:data2\" content=\"7 minutes\" \/>\n<script type=\"application\/ld+json\" class=\"yoast-schema-graph\">{\"@context\":\"https:\/\/schema.org\",\"@graph\":[{\"@type\":\"Article\",\"@id\":\"https:\/\/denizcankizil.tr\/en\/haberler\/gundem\/tbmm-baskani-kurtulmus-turkiye-tarihi-bir-firsat-yakalamistir\/#article\",\"isPartOf\":{\"@id\":\"https:\/\/denizcankizil.tr\/en\/haberler\/gundem\/tbmm-baskani-kurtulmus-turkiye-tarihi-bir-firsat-yakalamistir\/\"},\"author\":{\"name\":\"admin\",\"@id\":\"https:\/\/denizcankizil.tr\/de\/#\/schema\/person\/be3c05fe6a12686905512445d8185489\"},\"headline\":\"TBMM Ba\u015fkan\u0131 Kurtulmu\u015f: T\u00fcrkiye tarihi bir f\u0131rsat yakalam\u0131\u015ft\u0131r\",\"datePublished\":\"2025-03-11T04:41:34+00:00\",\"mainEntityOfPage\":{\"@id\":\"https:\/\/denizcankizil.tr\/en\/haberler\/gundem\/tbmm-baskani-kurtulmus-turkiye-tarihi-bir-firsat-yakalamistir\/\"},\"wordCount\":1379,\"commentCount\":0,\"publisher\":{\"@id\":\"https:\/\/denizcankizil.tr\/de\/#organization\"},\"articleSection\":[\"G\u00fcndem\"],\"inLanguage\":\"en-GB\",\"potentialAction\":[{\"@type\":\"CommentAction\",\"name\":\"Comment\",\"target\":[\"https:\/\/denizcankizil.tr\/en\/haberler\/gundem\/tbmm-baskani-kurtulmus-turkiye-tarihi-bir-firsat-yakalamistir\/#respond\"]}]},{\"@type\":\"WebPage\",\"@id\":\"https:\/\/denizcankizil.tr\/en\/haberler\/gundem\/tbmm-baskani-kurtulmus-turkiye-tarihi-bir-firsat-yakalamistir\/\",\"url\":\"https:\/\/denizcankizil.tr\/en\/haberler\/gundem\/tbmm-baskani-kurtulmus-turkiye-tarihi-bir-firsat-yakalamistir\/\",\"name\":\"TBMM Ba\u015fkan\u0131 Kurtulmu\u015f: T\u00fcrkiye tarihi bir f\u0131rsat yakalam\u0131\u015ft\u0131r - Av. Deniz Can K\u0131z\u0131l\",\"isPartOf\":{\"@id\":\"https:\/\/denizcankizil.tr\/de\/#website\"},\"datePublished\":\"2025-03-11T04:41:34+00:00\",\"breadcrumb\":{\"@id\":\"https:\/\/denizcankizil.tr\/en\/haberler\/gundem\/tbmm-baskani-kurtulmus-turkiye-tarihi-bir-firsat-yakalamistir\/#breadcrumb\"},\"inLanguage\":\"en-GB\",\"potentialAction\":[{\"@type\":\"ReadAction\",\"target\":[\"https:\/\/denizcankizil.tr\/en\/haberler\/gundem\/tbmm-baskani-kurtulmus-turkiye-tarihi-bir-firsat-yakalamistir\/\"]}]},{\"@type\":\"BreadcrumbList\",\"@id\":\"https:\/\/denizcankizil.tr\/en\/haberler\/gundem\/tbmm-baskani-kurtulmus-turkiye-tarihi-bir-firsat-yakalamistir\/#breadcrumb\",\"itemListElement\":[{\"@type\":\"ListItem\",\"position\":1,\"name\":\"Home\",\"item\":\"https:\/\/denizcankizil.tr\/de\/\"},{\"@type\":\"ListItem\",\"position\":2,\"name\":\"TBMM Ba\u015fkan\u0131 Kurtulmu\u015f: T\u00fcrkiye tarihi bir f\u0131rsat yakalam\u0131\u015ft\u0131r\"}]},{\"@type\":\"WebSite\",\"@id\":\"https:\/\/denizcankizil.tr\/de\/#website\",\"url\":\"https:\/\/denizcankizil.tr\/de\/\",\"name\":\"Av. Deniz Can K\u0131z\u0131l\",\"description\":\"Avukat Deniz Can K\u0131z\u0131l Antalya Barosu\",\"publisher\":{\"@id\":\"https:\/\/denizcankizil.tr\/de\/#organization\"},\"potentialAction\":[{\"@type\":\"SearchAction\",\"target\":{\"@type\":\"EntryPoint\",\"urlTemplate\":\"https:\/\/denizcankizil.tr\/de\/?s={search_term_string}\"},\"query-input\":{\"@type\":\"PropertyValueSpecification\",\"valueRequired\":true,\"valueName\":\"search_term_string\"}}],\"inLanguage\":\"en-GB\"},{\"@type\":\"Organization\",\"@id\":\"https:\/\/denizcankizil.tr\/de\/#organization\",\"name\":\"Av. Deniz Can K\u0131z\u0131l\",\"url\":\"https:\/\/denizcankizil.tr\/de\/\",\"logo\":{\"@type\":\"ImageObject\",\"inLanguage\":\"en-GB\",\"@id\":\"https:\/\/denizcankizil.tr\/de\/#\/schema\/logo\/image\/\",\"url\":\"https:\/\/denizcankizil.tr\/wp-content\/uploads\/2024\/10\/siyah-logo-svg.svg\",\"contentUrl\":\"https:\/\/denizcankizil.tr\/wp-content\/uploads\/2024\/10\/siyah-logo-svg.svg\",\"width\":1080,\"height\":1080,\"caption\":\"Av. Deniz Can K\u0131z\u0131l\"},\"image\":{\"@id\":\"https:\/\/denizcankizil.tr\/de\/#\/schema\/logo\/image\/\"}},{\"@type\":\"Person\",\"@id\":\"https:\/\/denizcankizil.tr\/de\/#\/schema\/person\/be3c05fe6a12686905512445d8185489\",\"name\":\"admin\",\"image\":{\"@type\":\"ImageObject\",\"inLanguage\":\"en-GB\",\"@id\":\"https:\/\/denizcankizil.tr\/de\/#\/schema\/person\/image\/\",\"url\":\"https:\/\/secure.gravatar.com\/avatar\/c1fce94c830dc79107e174f890d7210541c4a63e8e5d816341794a2151c9d58c?s=96&d=mm&r=g\",\"contentUrl\":\"https:\/\/secure.gravatar.com\/avatar\/c1fce94c830dc79107e174f890d7210541c4a63e8e5d816341794a2151c9d58c?s=96&d=mm&r=g\",\"caption\":\"admin\"},\"sameAs\":[\"http:\/\/denizcankizil.tr\"],\"url\":\"https:\/\/www.iskenderun.org\/tbmm-baskani-kurtulmus-turkiye-tarihi-bir-firsat-yakalamistir\"}]}<\/script>\n<!-- \/ Yoast SEO Premium plugin. -->","yoast_head_json":{"title":"TBMM Ba\u015fkan\u0131 Kurtulmu\u015f: T\u00fcrkiye tarihi bir f\u0131rsat yakalam\u0131\u015ft\u0131r - Av. Deniz Can K\u0131z\u0131l","robots":{"index":"index","follow":"follow","max-snippet":"max-snippet:-1","max-image-preview":"max-image-preview:large","max-video-preview":"max-video-preview:-1"},"canonical":"https:\/\/denizcankizil.tr\/en\/haberler\/gundem\/tbmm-baskani-kurtulmus-turkiye-tarihi-bir-firsat-yakalamistir\/","og_locale":"en_GB","og_type":"article","og_title":"TBMM Ba\u015fkan\u0131 Kurtulmu\u015f: T\u00fcrkiye tarihi bir f\u0131rsat yakalam\u0131\u015ft\u0131r","og_description":"TBMM Ba\u015fkan\u0131 Numan Kurtulmu\u015f, ter\u00f6rs\u00fcz T\u00fcrkiye hedefine ili\u015fkin, \u201cHi\u00e7 kimsenin s\u00fcreci zehirlememesi gerekti\u011fi kanaatindeyiz. \u00c7\u00fcnk\u00fc T\u00fcrkiye, tarihi bir f\u0131rsat yakalam\u0131\u015ft\u0131r.\u201d dedi.ANKARA (\u0130GFA) &#8211; TBMM Ba\u015fkan\u0131 Kurtulmu\u015f, yapt\u0131\u011f\u0131 konu\u015fmada, parlamento muhabirlerinin fedakarca \u00e7al\u0131\u015fan ve ili\u015fkilerini fevkalade iyi y\u00f6netebilen nadide gruplardan bir oldu\u011funu ifade etti. Parlamento muhabirlerinin, TBMM&#8217;nin hem yasama hem y\u00fcr\u00fctme faaliyetlerine \u00f6nemli bir destek sunduklar\u0131n\u0131, TBMM&#8217;de yap\u0131lan faaliyetleri hem d\u0131\u015far\u0131ya anlatmak, Meclis&#8217;in itibar\u0131n\u0131, onurunu g\u00fc\u00e7l\u00fc bir \u015fekilde aktarmak i\u00e7in \u00f6nemli bir gayretin i\u00e7erisinde olduklar\u0131n\u0131 belirten Kurtulmu\u015f, bundan dolay\u0131 TBMM Ba\u015fkan\u0131 olarak parlamento muhabirlerine te\u015fekk\u00fcr etmeyi bir bor\u00e7 bildi\u011fini s\u00f6yledi. T\u00fcrkiye&#8217;de ya\u015fanan son geli\u015fmelere de de\u011finen Kurtulmu\u015f, &#8220;Bu topraklar bize vatan yap\u0131ld\u0131\u011f\u0131ndan bu yana T\u00fcrkler, K\u00fcrtler, S\u00fcnniler, Aleviler, farkl\u0131 etnik k\u00f6kenden insanlar birlikte ya\u015f\u0131yoruz. Aram\u0131za zaman zaman ayr\u0131l\u0131k tohumlar\u0131 ekilmeye \u00e7al\u0131\u015f\u0131lmas\u0131na ra\u011fmen hi\u00e7bir zaman ba\u015far\u0131lamam\u0131\u015f ve bunlar\u0131n hepsi bertaraf edilmi\u015ftir. Ama ne yaz\u0131k ki \u00fclkemizin son 40 y\u0131l\u0131nda ter\u00f6r \u00f6rg\u00fct\u00fc vas\u0131tas\u0131yla \u00f6zellikle T\u00fcrkiye&#8217;deki bu birli\u011fi, beraberli\u011fi, milli b\u00fct\u00fcnl\u00fc\u011f\u00fc ortadan kald\u0131rmak isteyen, T\u00fcrkiye&#8217;nin ayaklar\u0131na pranga vurmak isteyen, T\u00fcrkiye&#8217;nin \u00f6n\u00fcn\u00fc, yolunu kesmek isteyenler, ter\u00f6r \u00f6rg\u00fctlerinden medet olmu\u015flar, onlar\u0131 vekalet sava\u015flar\u0131n\u0131n unsurlar\u0131, vekilleri olarak kullanm\u0131\u015flard\u0131r&#8221; dedi. \u015eeffaf, a\u00e7\u0131k, hi\u00e7bir \u015f\u00fcpheye yer b\u0131rakmayacak \u015fekilde s\u00fcrecin y\u00fcr\u00fct\u00fclmesine gayret edildi\u011fini belirten Kurtulmu\u015f, &#8220;Bu \u00e7er\u00e7evede de hi\u00e7 kimsenin s\u00fcreci zehirlememesi gerekti\u011fi kanaatindeyiz. \u00c7\u00fcnk\u00fc T\u00fcrkiye, tarihi bir f\u0131rsat yakalam\u0131\u015ft\u0131r. &hellip;","og_url":"https:\/\/denizcankizil.tr\/en\/haberler\/gundem\/tbmm-baskani-kurtulmus-turkiye-tarihi-bir-firsat-yakalamistir\/","og_site_name":"Av. Deniz Can K\u0131z\u0131l","article_published_time":"2025-03-11T04:41:34+00:00","author":"admin","twitter_card":"summary_large_image","twitter_misc":{"Written by":"admin","Estimated reading time":"7 minutes"},"schema":{"@context":"https:\/\/schema.org","@graph":[{"@type":"Article","@id":"https:\/\/denizcankizil.tr\/en\/haberler\/gundem\/tbmm-baskani-kurtulmus-turkiye-tarihi-bir-firsat-yakalamistir\/#article","isPartOf":{"@id":"https:\/\/denizcankizil.tr\/en\/haberler\/gundem\/tbmm-baskani-kurtulmus-turkiye-tarihi-bir-firsat-yakalamistir\/"},"author":{"name":"admin","@id":"https:\/\/denizcankizil.tr\/de\/#\/schema\/person\/be3c05fe6a12686905512445d8185489"},"headline":"TBMM Ba\u015fkan\u0131 Kurtulmu\u015f: T\u00fcrkiye tarihi bir f\u0131rsat yakalam\u0131\u015ft\u0131r","datePublished":"2025-03-11T04:41:34+00:00","mainEntityOfPage":{"@id":"https:\/\/denizcankizil.tr\/en\/haberler\/gundem\/tbmm-baskani-kurtulmus-turkiye-tarihi-bir-firsat-yakalamistir\/"},"wordCount":1379,"commentCount":0,"publisher":{"@id":"https:\/\/denizcankizil.tr\/de\/#organization"},"articleSection":["G\u00fcndem"],"inLanguage":"en-GB","potentialAction":[{"@type":"CommentAction","name":"Comment","target":["https:\/\/denizcankizil.tr\/en\/haberler\/gundem\/tbmm-baskani-kurtulmus-turkiye-tarihi-bir-firsat-yakalamistir\/#respond"]}]},{"@type":"WebPage","@id":"https:\/\/denizcankizil.tr\/en\/haberler\/gundem\/tbmm-baskani-kurtulmus-turkiye-tarihi-bir-firsat-yakalamistir\/","url":"https:\/\/denizcankizil.tr\/en\/haberler\/gundem\/tbmm-baskani-kurtulmus-turkiye-tarihi-bir-firsat-yakalamistir\/","name":"TBMM Ba\u015fkan\u0131 Kurtulmu\u015f: T\u00fcrkiye tarihi bir f\u0131rsat yakalam\u0131\u015ft\u0131r - Av. Deniz Can K\u0131z\u0131l","isPartOf":{"@id":"https:\/\/denizcankizil.tr\/de\/#website"},"datePublished":"2025-03-11T04:41:34+00:00","breadcrumb":{"@id":"https:\/\/denizcankizil.tr\/en\/haberler\/gundem\/tbmm-baskani-kurtulmus-turkiye-tarihi-bir-firsat-yakalamistir\/#breadcrumb"},"inLanguage":"en-GB","potentialAction":[{"@type":"ReadAction","target":["https:\/\/denizcankizil.tr\/en\/haberler\/gundem\/tbmm-baskani-kurtulmus-turkiye-tarihi-bir-firsat-yakalamistir\/"]}]},{"@type":"BreadcrumbList","@id":"https:\/\/denizcankizil.tr\/en\/haberler\/gundem\/tbmm-baskani-kurtulmus-turkiye-tarihi-bir-firsat-yakalamistir\/#breadcrumb","itemListElement":[{"@type":"ListItem","position":1,"name":"Home","item":"https:\/\/denizcankizil.tr\/de\/"},{"@type":"ListItem","position":2,"name":"TBMM Ba\u015fkan\u0131 Kurtulmu\u015f: T\u00fcrkiye tarihi bir f\u0131rsat yakalam\u0131\u015ft\u0131r"}]},{"@type":"WebSite","@id":"https:\/\/denizcankizil.tr\/de\/#website","url":"https:\/\/denizcankizil.tr\/de\/","name":"Av. Deniz Can K\u0131z\u0131l","description":"Avukat Deniz Can K\u0131z\u0131l Antalya Barosu","publisher":{"@id":"https:\/\/denizcankizil.tr\/de\/#organization"},"potentialAction":[{"@type":"SearchAction","target":{"@type":"EntryPoint","urlTemplate":"https:\/\/denizcankizil.tr\/de\/?s={search_term_string}"},"query-input":{"@type":"PropertyValueSpecification","valueRequired":true,"valueName":"search_term_string"}}],"inLanguage":"en-GB"},{"@type":"Organization","@id":"https:\/\/denizcankizil.tr\/de\/#organization","name":"Av. Deniz Can K\u0131z\u0131l","url":"https:\/\/denizcankizil.tr\/de\/","logo":{"@type":"ImageObject","inLanguage":"en-GB","@id":"https:\/\/denizcankizil.tr\/de\/#\/schema\/logo\/image\/","url":"https:\/\/denizcankizil.tr\/wp-content\/uploads\/2024\/10\/siyah-logo-svg.svg","contentUrl":"https:\/\/denizcankizil.tr\/wp-content\/uploads\/2024\/10\/siyah-logo-svg.svg","width":1080,"height":1080,"caption":"Av. Deniz Can K\u0131z\u0131l"},"image":{"@id":"https:\/\/denizcankizil.tr\/de\/#\/schema\/logo\/image\/"}},{"@type":"Person","@id":"https:\/\/denizcankizil.tr\/de\/#\/schema\/person\/be3c05fe6a12686905512445d8185489","name":"admin","image":{"@type":"ImageObject","inLanguage":"en-GB","@id":"https:\/\/denizcankizil.tr\/de\/#\/schema\/person\/image\/","url":"https:\/\/secure.gravatar.com\/avatar\/c1fce94c830dc79107e174f890d7210541c4a63e8e5d816341794a2151c9d58c?s=96&d=mm&r=g","contentUrl":"https:\/\/secure.gravatar.com\/avatar\/c1fce94c830dc79107e174f890d7210541c4a63e8e5d816341794a2151c9d58c?s=96&d=mm&r=g","caption":"admin"},"sameAs":["http:\/\/denizcankizil.tr"],"url":"https:\/\/www.iskenderun.org\/tbmm-baskani-kurtulmus-turkiye-tarihi-bir-firsat-yakalamistir"}]}},"_links":{"self":[{"href":"https:\/\/denizcankizil.tr\/en\/wp-json\/wp\/v2\/posts\/35319","targetHints":{"allow":["GET"]}}],"collection":[{"href":"https:\/\/denizcankizil.tr\/en\/wp-json\/wp\/v2\/posts"}],"about":[{"href":"https:\/\/denizcankizil.tr\/en\/wp-json\/wp\/v2\/types\/post"}],"author":[{"embeddable":true,"href":"https:\/\/denizcankizil.tr\/en\/wp-json\/wp\/v2\/users\/1"}],"replies":[{"embeddable":true,"href":"https:\/\/denizcankizil.tr\/en\/wp-json\/wp\/v2\/comments?post=35319"}],"version-history":[{"count":0,"href":"https:\/\/denizcankizil.tr\/en\/wp-json\/wp\/v2\/posts\/35319\/revisions"}],"wp:attachment":[{"href":"https:\/\/denizcankizil.tr\/en\/wp-json\/wp\/v2\/media?parent=35319"}],"wp:term":[{"taxonomy":"category","embeddable":true,"href":"https:\/\/denizcankizil.tr\/en\/wp-json\/wp\/v2\/categories?post=35319"},{"taxonomy":"post_tag","embeddable":true,"href":"https:\/\/denizcankizil.tr\/en\/wp-json\/wp\/v2\/tags?post=35319"}],"curies":[{"name":"wp","href":"https:\/\/api.w.org\/{rel}","templated":true}]}}