{"id":35302,"date":"2025-03-10T18:41:14","date_gmt":"2025-03-10T15:41:14","guid":{"rendered":"https:\/\/denizcankizil.tr\/uncategorized-tr\/sicak-havayi-firsat-bilenler-sahillere-akin-etti\/"},"modified":"2025-03-10T18:41:14","modified_gmt":"2025-03-10T15:41:14","slug":"sicak-havayi-firsat-bilenler-sahillere-akin-etti","status":"publish","type":"post","link":"https:\/\/denizcankizil.tr\/en\/haberler\/antalya\/sicak-havayi-firsat-bilenler-sahillere-akin-etti\/","title":{"rendered":"S\u0131cak havay\u0131 f\u0131rsat bilenler, sahillere ak\u0131n etti"},"content":{"rendered":"<p>Baz\u0131 turistler denizde serinlerken, baz\u0131lar\u0131 g\u00fcne\u015flenmeyi ve sahilde y\u00fcr\u00fcy\u00fc\u015f yapmay\u0131 tercih etti. Tatilcilerin yan\u0131 s\u0131ra Antalyal\u0131lar da g\u00fcne\u015fli havan\u0131n keyfini \u00e7\u0131kard\u0131, \u00e7ocuklu ailelerin plajda vakit ge\u00e7irdikleri g\u00f6zlemlendi.<\/p>\n<p>SICAKLIKLAR ARTIYOR<\/p>\n<p>Meteoroloji tahminlerine g\u00f6re; Alanya&#8217;da s\u0131cakl\u0131klar\u0131n hafta boyunca y\u00fckselmesi bekleniyor. Sal\u0131 ve \u00e7ar\u015famba g\u00fcnleri 20 dereceye yakla\u015fan s\u0131cakl\u0131klar\u0131n per\u015fembe g\u00fcn\u00fc 22, cuma g\u00fcn\u00fc 23, cumartesi g\u00fcn\u00fc 25 dereceye kadar \u00e7\u0131kmas\u0131 \u00f6ng\u00f6r\u00fcl\u00fcyor. Pazar g\u00fcn\u00fc ise par\u00e7al\u0131 bulutlu bir hava ile birlikte s\u0131cakl\u0131\u011f\u0131n 24 derece civar\u0131nda seyredece\u011fi tahmin ediliyor.<\/p>\n<p>&#8216;BAHAR HAVASI KEND\u0130N\u0130 H\u0130SSETT\u0130RMEYE BA\u015eLADI&#8217;<\/p>\n<p>Alanya&#8217;da yaz-k\u0131\u015f denize girdi\u011fini belirten Sami Nefes, &#8220;7 y\u0131ld\u0131r Alanya&#8217;da ya\u015f\u0131yorum. Yaz-k\u0131\u015f burada denize giriyorum. Bazen memleketime gidiyorum, hava her zaman de\u011fi\u015fkendir; ama \u00f6nemli olan bizim havam\u0131z. Bahar havas\u0131 kendini hissettirmeye ba\u015flad\u0131, s\u0131cakl\u0131klar gittik\u00e7e art\u0131yor. Deniz \u015fu an temiz, yabanc\u0131 turistler de suya giriyor. Alanya her haliyle \u00e7ok g\u00fczel, buradaki konaklama say\u0131s\u0131 da g\u00fcnbeg\u00fcn art\u0131yor&#8221; dedi<\/p>\n<p>Kaynak: www.kanalv.com.tr Haber Sitesinden Al\u0131nm\u0131\u015ft\u0131r.<\/p>","protected":false},"excerpt":{"rendered":"<p>Baz\u0131 turistler denizde serinlerken, baz\u0131lar\u0131 g\u00fcne\u015flenmeyi ve sahilde y\u00fcr\u00fcy\u00fc\u015f yapmay\u0131 tercih etti. Tatilcilerin yan\u0131 s\u0131ra Antalyal\u0131lar da g\u00fcne\u015fli havan\u0131n keyfini \u00e7\u0131kard\u0131, \u00e7ocuklu ailelerin plajda vakit ge\u00e7irdikleri g\u00f6zlemlendi. SICAKLIKLAR ARTIYOR Meteoroloji tahminlerine g\u00f6re; Alanya&#8217;da s\u0131cakl\u0131klar\u0131n hafta boyunca y\u00fckselmesi bekleniyor. Sal\u0131 ve \u00e7ar\u015famba g\u00fcnleri 20 dereceye yakla\u015fan s\u0131cakl\u0131klar\u0131n per\u015fembe g\u00fcn\u00fc 22, cuma g\u00fcn\u00fc 23, cumartesi g\u00fcn\u00fc 25 dereceye kadar \u00e7\u0131kmas\u0131 \u00f6ng\u00f6r\u00fcl\u00fcyor. Pazar g\u00fcn\u00fc ise par\u00e7al\u0131 bulutlu bir hava ile birlikte s\u0131cakl\u0131\u011f\u0131n 24 derece civar\u0131nda seyredece\u011fi tahmin ediliyor. &#8216;BAHAR HAVASI KEND\u0130N\u0130 H\u0130SSETT\u0130RMEYE BA\u015eLADI&#8217; Alanya&#8217;da yaz-k\u0131\u015f denize girdi\u011fini belirten Sami Nefes, &#8220;7 y\u0131ld\u0131r Alanya&#8217;da ya\u015f\u0131yorum. Yaz-k\u0131\u015f burada denize giriyorum. Bazen memleketime gidiyorum, hava her zaman de\u011fi\u015fkendir; ama \u00f6nemli olan bizim havam\u0131z. Bahar havas\u0131 kendini hissettirmeye ba\u015flad\u0131, s\u0131cakl\u0131klar gittik\u00e7e art\u0131yor. Deniz \u015fu an temiz, yabanc\u0131 turistler de suya giriyor. Alanya her haliyle \u00e7ok g\u00fczel, buradaki konaklama say\u0131s\u0131 da g\u00fcnbeg\u00fcn art\u0131yor&#8221; dedi Kaynak: www.kanalv.com.tr Haber Sitesinden Al\u0131nm\u0131\u015ft\u0131r.<\/p>","protected":false},"author":4,"featured_media":35303,"comment_status":"open","ping_status":"open","sticky":false,"template":"","format":"standard","meta":{"_acf_changed":false,"footnotes":""},"categories":[26],"tags":[],"class_list":["post-35302","post","type-post","status-publish","format-standard","has-post-thumbnail","hentry","category-antalya"],"acf":[],"yoast_head":"<!-- This site is optimized with the Yoast SEO Premium plugin v26.6 (Yoast SEO v27.1.1) - https:\/\/yoast.com\/product\/yoast-seo-premium-wordpress\/ -->\n<title>S\u0131cak havay\u0131 f\u0131rsat bilenler, sahillere ak\u0131n etti - Av. Deniz Can K\u0131z\u0131l<\/title>\n<meta name=\"robots\" content=\"index, follow, max-snippet:-1, max-image-preview:large, max-video-preview:-1\" \/>\n<link rel=\"canonical\" href=\"https:\/\/denizcankizil.tr\/en\/haberler\/antalya\/sicak-havayi-firsat-bilenler-sahillere-akin-etti\/\" \/>\n<meta property=\"og:locale\" content=\"en_GB\" \/>\n<meta property=\"og:type\" content=\"article\" \/>\n<meta property=\"og:title\" content=\"S\u0131cak havay\u0131 f\u0131rsat bilenler, sahillere ak\u0131n etti\" \/>\n<meta property=\"og:description\" content=\"Baz\u0131 turistler denizde serinlerken, baz\u0131lar\u0131 g\u00fcne\u015flenmeyi ve sahilde y\u00fcr\u00fcy\u00fc\u015f yapmay\u0131 tercih etti. Tatilcilerin yan\u0131 s\u0131ra Antalyal\u0131lar da g\u00fcne\u015fli havan\u0131n keyfini \u00e7\u0131kard\u0131, \u00e7ocuklu ailelerin plajda vakit ge\u00e7irdikleri g\u00f6zlemlendi. SICAKLIKLAR ARTIYOR Meteoroloji tahminlerine g\u00f6re; Alanya&#8217;da s\u0131cakl\u0131klar\u0131n hafta boyunca y\u00fckselmesi bekleniyor. Sal\u0131 ve \u00e7ar\u015famba g\u00fcnleri 20 dereceye yakla\u015fan s\u0131cakl\u0131klar\u0131n per\u015fembe g\u00fcn\u00fc 22, cuma g\u00fcn\u00fc 23, cumartesi g\u00fcn\u00fc 25 dereceye kadar \u00e7\u0131kmas\u0131 \u00f6ng\u00f6r\u00fcl\u00fcyor. Pazar g\u00fcn\u00fc ise par\u00e7al\u0131 bulutlu bir hava ile birlikte s\u0131cakl\u0131\u011f\u0131n 24 derece civar\u0131nda seyredece\u011fi tahmin ediliyor. &#8216;BAHAR HAVASI KEND\u0130N\u0130 H\u0130SSETT\u0130RMEYE BA\u015eLADI&#8217; Alanya&#8217;da yaz-k\u0131\u015f denize girdi\u011fini belirten Sami Nefes, &#8220;7 y\u0131ld\u0131r Alanya&#8217;da ya\u015f\u0131yorum. Yaz-k\u0131\u015f burada denize giriyorum. Bazen memleketime gidiyorum, hava her zaman de\u011fi\u015fkendir; ama \u00f6nemli olan bizim havam\u0131z. Bahar havas\u0131 kendini hissettirmeye ba\u015flad\u0131, s\u0131cakl\u0131klar gittik\u00e7e art\u0131yor. Deniz \u015fu an temiz, yabanc\u0131 turistler de suya giriyor. Alanya her haliyle \u00e7ok g\u00fczel, buradaki konaklama say\u0131s\u0131 da g\u00fcnbeg\u00fcn art\u0131yor&#8221; dedi Kaynak: www.kanalv.com.tr Haber Sitesinden Al\u0131nm\u0131\u015ft\u0131r.\" \/>\n<meta property=\"og:url\" content=\"https:\/\/denizcankizil.tr\/en\/haberler\/antalya\/sicak-havayi-firsat-bilenler-sahillere-akin-etti\/\" \/>\n<meta property=\"og:site_name\" content=\"Av. Deniz Can K\u0131z\u0131l\" \/>\n<meta property=\"article:published_time\" content=\"2025-03-10T15:41:14+00:00\" \/>\n<meta property=\"og:image\" content=\"https:\/\/denizcankizil.tr\/wp-content\/uploads\/2025\/03\/5428-01-yc6LIh.jpeg\" \/>\n\t<meta property=\"og:image:width\" content=\"1280\" \/>\n\t<meta property=\"og:image:height\" content=\"720\" \/>\n\t<meta property=\"og:image:type\" content=\"image\/jpeg\" \/>\n<meta name=\"author\" content=\"Av. Deniz Can K\u0131z\u0131l\" \/>\n<meta name=\"twitter:card\" content=\"summary_large_image\" \/>\n<meta name=\"twitter:label1\" content=\"Written by\" \/>\n\t<meta name=\"twitter:data1\" content=\"Av. Deniz Can K\u0131z\u0131l\" \/>\n\t<meta name=\"twitter:label2\" content=\"Estimated reading time\" \/>\n\t<meta name=\"twitter:data2\" content=\"1 minute\" \/>\n<script type=\"application\/ld+json\" class=\"yoast-schema-graph\">{\"@context\":\"https:\/\/schema.org\",\"@graph\":[{\"@type\":\"Article\",\"@id\":\"https:\/\/denizcankizil.tr\/en\/haberler\/antalya\/sicak-havayi-firsat-bilenler-sahillere-akin-etti\/#article\",\"isPartOf\":{\"@id\":\"https:\/\/denizcankizil.tr\/en\/haberler\/antalya\/sicak-havayi-firsat-bilenler-sahillere-akin-etti\/\"},\"author\":{\"name\":\"Av. Deniz Can K\u0131z\u0131l\",\"@id\":\"https:\/\/denizcankizil.tr\/#\/schema\/person\/5dc1b22991bd7ac833867c10afc9b0ff\"},\"headline\":\"S\u0131cak havay\u0131 f\u0131rsat bilenler, sahillere ak\u0131n etti\",\"datePublished\":\"2025-03-10T15:41:14+00:00\",\"mainEntityOfPage\":{\"@id\":\"https:\/\/denizcankizil.tr\/en\/haberler\/antalya\/sicak-havayi-firsat-bilenler-sahillere-akin-etti\/\"},\"wordCount\":211,\"commentCount\":0,\"publisher\":{\"@id\":\"https:\/\/denizcankizil.tr\/#organization\"},\"image\":{\"@id\":\"https:\/\/denizcankizil.tr\/en\/haberler\/antalya\/sicak-havayi-firsat-bilenler-sahillere-akin-etti\/#primaryimage\"},\"thumbnailUrl\":\"https:\/\/denizcankizil.tr\/wp-content\/uploads\/2025\/03\/5428-01-yc6LIh.jpeg\",\"articleSection\":[\"Antalya\"],\"inLanguage\":\"en-GB\",\"potentialAction\":[{\"@type\":\"CommentAction\",\"name\":\"Comment\",\"target\":[\"https:\/\/denizcankizil.tr\/en\/haberler\/antalya\/sicak-havayi-firsat-bilenler-sahillere-akin-etti\/#respond\"]}]},{\"@type\":\"WebPage\",\"@id\":\"https:\/\/denizcankizil.tr\/en\/haberler\/antalya\/sicak-havayi-firsat-bilenler-sahillere-akin-etti\/\",\"url\":\"https:\/\/denizcankizil.tr\/en\/haberler\/antalya\/sicak-havayi-firsat-bilenler-sahillere-akin-etti\/\",\"name\":\"S\u0131cak havay\u0131 f\u0131rsat bilenler, sahillere ak\u0131n etti - Av. Deniz Can K\u0131z\u0131l\",\"isPartOf\":{\"@id\":\"https:\/\/denizcankizil.tr\/#website\"},\"primaryImageOfPage\":{\"@id\":\"https:\/\/denizcankizil.tr\/en\/haberler\/antalya\/sicak-havayi-firsat-bilenler-sahillere-akin-etti\/#primaryimage\"},\"image\":{\"@id\":\"https:\/\/denizcankizil.tr\/en\/haberler\/antalya\/sicak-havayi-firsat-bilenler-sahillere-akin-etti\/#primaryimage\"},\"thumbnailUrl\":\"https:\/\/denizcankizil.tr\/wp-content\/uploads\/2025\/03\/5428-01-yc6LIh.jpeg\",\"datePublished\":\"2025-03-10T15:41:14+00:00\",\"breadcrumb\":{\"@id\":\"https:\/\/denizcankizil.tr\/en\/haberler\/antalya\/sicak-havayi-firsat-bilenler-sahillere-akin-etti\/#breadcrumb\"},\"inLanguage\":\"en-GB\",\"potentialAction\":[{\"@type\":\"ReadAction\",\"target\":[\"https:\/\/denizcankizil.tr\/en\/haberler\/antalya\/sicak-havayi-firsat-bilenler-sahillere-akin-etti\/\"]}]},{\"@type\":\"ImageObject\",\"inLanguage\":\"en-GB\",\"@id\":\"https:\/\/denizcankizil.tr\/en\/haberler\/antalya\/sicak-havayi-firsat-bilenler-sahillere-akin-etti\/#primaryimage\",\"url\":\"https:\/\/denizcankizil.tr\/wp-content\/uploads\/2025\/03\/5428-01-yc6LIh.jpeg\",\"contentUrl\":\"https:\/\/denizcankizil.tr\/wp-content\/uploads\/2025\/03\/5428-01-yc6LIh.jpeg\",\"width\":1280,\"height\":720},{\"@type\":\"BreadcrumbList\",\"@id\":\"https:\/\/denizcankizil.tr\/en\/haberler\/antalya\/sicak-havayi-firsat-bilenler-sahillere-akin-etti\/#breadcrumb\",\"itemListElement\":[{\"@type\":\"ListItem\",\"position\":1,\"name\":\"Home\",\"item\":\"https:\/\/denizcankizil.tr\/de\/\"},{\"@type\":\"ListItem\",\"position\":2,\"name\":\"S\u0131cak havay\u0131 f\u0131rsat bilenler, sahillere ak\u0131n etti\"}]},{\"@type\":\"WebSite\",\"@id\":\"https:\/\/denizcankizil.tr\/#website\",\"url\":\"https:\/\/denizcankizil.tr\/\",\"name\":\"Av. Deniz Can K\u0131z\u0131l\",\"description\":\"Avukat Deniz Can K\u0131z\u0131l Antalya Barosu\",\"publisher\":{\"@id\":\"https:\/\/denizcankizil.tr\/#organization\"},\"potentialAction\":[{\"@type\":\"SearchAction\",\"target\":{\"@type\":\"EntryPoint\",\"urlTemplate\":\"https:\/\/denizcankizil.tr\/?s={search_term_string}\"},\"query-input\":{\"@type\":\"PropertyValueSpecification\",\"valueRequired\":true,\"valueName\":\"search_term_string\"}}],\"inLanguage\":\"en-GB\"},{\"@type\":\"Organization\",\"@id\":\"https:\/\/denizcankizil.tr\/#organization\",\"name\":\"Av. Deniz Can K\u0131z\u0131l\",\"url\":\"https:\/\/denizcankizil.tr\/\",\"logo\":{\"@type\":\"ImageObject\",\"inLanguage\":\"en-GB\",\"@id\":\"https:\/\/denizcankizil.tr\/#\/schema\/logo\/image\/\",\"url\":\"https:\/\/denizcankizil.tr\/wp-content\/uploads\/2024\/10\/siyah-logo-svg.svg\",\"contentUrl\":\"https:\/\/denizcankizil.tr\/wp-content\/uploads\/2024\/10\/siyah-logo-svg.svg\",\"width\":1080,\"height\":1080,\"caption\":\"Av. Deniz Can K\u0131z\u0131l\"},\"image\":{\"@id\":\"https:\/\/denizcankizil.tr\/#\/schema\/logo\/image\/\"}},{\"@type\":\"Person\",\"@id\":\"https:\/\/denizcankizil.tr\/#\/schema\/person\/5dc1b22991bd7ac833867c10afc9b0ff\",\"name\":\"Av. Deniz Can K\u0131z\u0131l\",\"image\":{\"@type\":\"ImageObject\",\"inLanguage\":\"en-GB\",\"@id\":\"https:\/\/denizcankizil.tr\/#\/schema\/person\/image\/\",\"url\":\"https:\/\/secure.gravatar.com\/avatar\/a0b128fb9855c79efc976d5640eedb31dc35ec297594d6016d2cf7c60e975bb6?s=96&d=mm&r=g\",\"contentUrl\":\"https:\/\/secure.gravatar.com\/avatar\/a0b128fb9855c79efc976d5640eedb31dc35ec297594d6016d2cf7c60e975bb6?s=96&d=mm&r=g\",\"caption\":\"Av. Deniz Can K\u0131z\u0131l\"},\"sameAs\":[\"http:\/\/www.denizcankizil.tr\"],\"url\":\"https:\/\/denizcankizil.tr\/en\/author\/denizcankizil\/\"}]}<\/script>\n<!-- \/ Yoast SEO Premium plugin. -->","yoast_head_json":{"title":"S\u0131cak havay\u0131 f\u0131rsat bilenler, sahillere ak\u0131n etti - Av. Deniz Can K\u0131z\u0131l","robots":{"index":"index","follow":"follow","max-snippet":"max-snippet:-1","max-image-preview":"max-image-preview:large","max-video-preview":"max-video-preview:-1"},"canonical":"https:\/\/denizcankizil.tr\/en\/haberler\/antalya\/sicak-havayi-firsat-bilenler-sahillere-akin-etti\/","og_locale":"en_GB","og_type":"article","og_title":"S\u0131cak havay\u0131 f\u0131rsat bilenler, sahillere ak\u0131n etti","og_description":"Baz\u0131 turistler denizde serinlerken, baz\u0131lar\u0131 g\u00fcne\u015flenmeyi ve sahilde y\u00fcr\u00fcy\u00fc\u015f yapmay\u0131 tercih etti. Tatilcilerin yan\u0131 s\u0131ra Antalyal\u0131lar da g\u00fcne\u015fli havan\u0131n keyfini \u00e7\u0131kard\u0131, \u00e7ocuklu ailelerin plajda vakit ge\u00e7irdikleri g\u00f6zlemlendi. SICAKLIKLAR ARTIYOR Meteoroloji tahminlerine g\u00f6re; Alanya&#8217;da s\u0131cakl\u0131klar\u0131n hafta boyunca y\u00fckselmesi bekleniyor. Sal\u0131 ve \u00e7ar\u015famba g\u00fcnleri 20 dereceye yakla\u015fan s\u0131cakl\u0131klar\u0131n per\u015fembe g\u00fcn\u00fc 22, cuma g\u00fcn\u00fc 23, cumartesi g\u00fcn\u00fc 25 dereceye kadar \u00e7\u0131kmas\u0131 \u00f6ng\u00f6r\u00fcl\u00fcyor. Pazar g\u00fcn\u00fc ise par\u00e7al\u0131 bulutlu bir hava ile birlikte s\u0131cakl\u0131\u011f\u0131n 24 derece civar\u0131nda seyredece\u011fi tahmin ediliyor. &#8216;BAHAR HAVASI KEND\u0130N\u0130 H\u0130SSETT\u0130RMEYE BA\u015eLADI&#8217; Alanya&#8217;da yaz-k\u0131\u015f denize girdi\u011fini belirten Sami Nefes, &#8220;7 y\u0131ld\u0131r Alanya&#8217;da ya\u015f\u0131yorum. Yaz-k\u0131\u015f burada denize giriyorum. Bazen memleketime gidiyorum, hava her zaman de\u011fi\u015fkendir; ama \u00f6nemli olan bizim havam\u0131z. Bahar havas\u0131 kendini hissettirmeye ba\u015flad\u0131, s\u0131cakl\u0131klar gittik\u00e7e art\u0131yor. Deniz \u015fu an temiz, yabanc\u0131 turistler de suya giriyor. Alanya her haliyle \u00e7ok g\u00fczel, buradaki konaklama say\u0131s\u0131 da g\u00fcnbeg\u00fcn art\u0131yor&#8221; dedi Kaynak: www.kanalv.com.tr Haber Sitesinden Al\u0131nm\u0131\u015ft\u0131r.","og_url":"https:\/\/denizcankizil.tr\/en\/haberler\/antalya\/sicak-havayi-firsat-bilenler-sahillere-akin-etti\/","og_site_name":"Av. Deniz Can K\u0131z\u0131l","article_published_time":"2025-03-10T15:41:14+00:00","og_image":[{"width":1280,"height":720,"url":"https:\/\/denizcankizil.tr\/wp-content\/uploads\/2025\/03\/5428-01-yc6LIh.jpeg","type":"image\/jpeg"}],"author":"Av. Deniz Can K\u0131z\u0131l","twitter_card":"summary_large_image","twitter_misc":{"Written by":"Av. Deniz Can K\u0131z\u0131l","Estimated reading time":"1 minute"},"schema":{"@context":"https:\/\/schema.org","@graph":[{"@type":"Article","@id":"https:\/\/denizcankizil.tr\/en\/haberler\/antalya\/sicak-havayi-firsat-bilenler-sahillere-akin-etti\/#article","isPartOf":{"@id":"https:\/\/denizcankizil.tr\/en\/haberler\/antalya\/sicak-havayi-firsat-bilenler-sahillere-akin-etti\/"},"author":{"name":"Av. Deniz Can K\u0131z\u0131l","@id":"https:\/\/denizcankizil.tr\/#\/schema\/person\/5dc1b22991bd7ac833867c10afc9b0ff"},"headline":"S\u0131cak havay\u0131 f\u0131rsat bilenler, sahillere ak\u0131n etti","datePublished":"2025-03-10T15:41:14+00:00","mainEntityOfPage":{"@id":"https:\/\/denizcankizil.tr\/en\/haberler\/antalya\/sicak-havayi-firsat-bilenler-sahillere-akin-etti\/"},"wordCount":211,"commentCount":0,"publisher":{"@id":"https:\/\/denizcankizil.tr\/#organization"},"image":{"@id":"https:\/\/denizcankizil.tr\/en\/haberler\/antalya\/sicak-havayi-firsat-bilenler-sahillere-akin-etti\/#primaryimage"},"thumbnailUrl":"https:\/\/denizcankizil.tr\/wp-content\/uploads\/2025\/03\/5428-01-yc6LIh.jpeg","articleSection":["Antalya"],"inLanguage":"en-GB","potentialAction":[{"@type":"CommentAction","name":"Comment","target":["https:\/\/denizcankizil.tr\/en\/haberler\/antalya\/sicak-havayi-firsat-bilenler-sahillere-akin-etti\/#respond"]}]},{"@type":"WebPage","@id":"https:\/\/denizcankizil.tr\/en\/haberler\/antalya\/sicak-havayi-firsat-bilenler-sahillere-akin-etti\/","url":"https:\/\/denizcankizil.tr\/en\/haberler\/antalya\/sicak-havayi-firsat-bilenler-sahillere-akin-etti\/","name":"S\u0131cak havay\u0131 f\u0131rsat bilenler, sahillere ak\u0131n etti - Av. Deniz Can K\u0131z\u0131l","isPartOf":{"@id":"https:\/\/denizcankizil.tr\/#website"},"primaryImageOfPage":{"@id":"https:\/\/denizcankizil.tr\/en\/haberler\/antalya\/sicak-havayi-firsat-bilenler-sahillere-akin-etti\/#primaryimage"},"image":{"@id":"https:\/\/denizcankizil.tr\/en\/haberler\/antalya\/sicak-havayi-firsat-bilenler-sahillere-akin-etti\/#primaryimage"},"thumbnailUrl":"https:\/\/denizcankizil.tr\/wp-content\/uploads\/2025\/03\/5428-01-yc6LIh.jpeg","datePublished":"2025-03-10T15:41:14+00:00","breadcrumb":{"@id":"https:\/\/denizcankizil.tr\/en\/haberler\/antalya\/sicak-havayi-firsat-bilenler-sahillere-akin-etti\/#breadcrumb"},"inLanguage":"en-GB","potentialAction":[{"@type":"ReadAction","target":["https:\/\/denizcankizil.tr\/en\/haberler\/antalya\/sicak-havayi-firsat-bilenler-sahillere-akin-etti\/"]}]},{"@type":"ImageObject","inLanguage":"en-GB","@id":"https:\/\/denizcankizil.tr\/en\/haberler\/antalya\/sicak-havayi-firsat-bilenler-sahillere-akin-etti\/#primaryimage","url":"https:\/\/denizcankizil.tr\/wp-content\/uploads\/2025\/03\/5428-01-yc6LIh.jpeg","contentUrl":"https:\/\/denizcankizil.tr\/wp-content\/uploads\/2025\/03\/5428-01-yc6LIh.jpeg","width":1280,"height":720},{"@type":"BreadcrumbList","@id":"https:\/\/denizcankizil.tr\/en\/haberler\/antalya\/sicak-havayi-firsat-bilenler-sahillere-akin-etti\/#breadcrumb","itemListElement":[{"@type":"ListItem","position":1,"name":"Home","item":"https:\/\/denizcankizil.tr\/de\/"},{"@type":"ListItem","position":2,"name":"S\u0131cak havay\u0131 f\u0131rsat bilenler, sahillere ak\u0131n etti"}]},{"@type":"WebSite","@id":"https:\/\/denizcankizil.tr\/#website","url":"https:\/\/denizcankizil.tr\/","name":"Av. Deniz Can K\u0131z\u0131l","description":"Avukat Deniz Can K\u0131z\u0131l Antalya Barosu","publisher":{"@id":"https:\/\/denizcankizil.tr\/#organization"},"potentialAction":[{"@type":"SearchAction","target":{"@type":"EntryPoint","urlTemplate":"https:\/\/denizcankizil.tr\/?s={search_term_string}"},"query-input":{"@type":"PropertyValueSpecification","valueRequired":true,"valueName":"search_term_string"}}],"inLanguage":"en-GB"},{"@type":"Organization","@id":"https:\/\/denizcankizil.tr\/#organization","name":"Av. Deniz Can K\u0131z\u0131l","url":"https:\/\/denizcankizil.tr\/","logo":{"@type":"ImageObject","inLanguage":"en-GB","@id":"https:\/\/denizcankizil.tr\/#\/schema\/logo\/image\/","url":"https:\/\/denizcankizil.tr\/wp-content\/uploads\/2024\/10\/siyah-logo-svg.svg","contentUrl":"https:\/\/denizcankizil.tr\/wp-content\/uploads\/2024\/10\/siyah-logo-svg.svg","width":1080,"height":1080,"caption":"Av. Deniz Can K\u0131z\u0131l"},"image":{"@id":"https:\/\/denizcankizil.tr\/#\/schema\/logo\/image\/"}},{"@type":"Person","@id":"https:\/\/denizcankizil.tr\/#\/schema\/person\/5dc1b22991bd7ac833867c10afc9b0ff","name":"Av. Deniz Can K\u0131z\u0131l","image":{"@type":"ImageObject","inLanguage":"en-GB","@id":"https:\/\/denizcankizil.tr\/#\/schema\/person\/image\/","url":"https:\/\/secure.gravatar.com\/avatar\/a0b128fb9855c79efc976d5640eedb31dc35ec297594d6016d2cf7c60e975bb6?s=96&d=mm&r=g","contentUrl":"https:\/\/secure.gravatar.com\/avatar\/a0b128fb9855c79efc976d5640eedb31dc35ec297594d6016d2cf7c60e975bb6?s=96&d=mm&r=g","caption":"Av. Deniz Can K\u0131z\u0131l"},"sameAs":["http:\/\/www.denizcankizil.tr"],"url":"https:\/\/denizcankizil.tr\/en\/author\/denizcankizil\/"}]}},"_links":{"self":[{"href":"https:\/\/denizcankizil.tr\/en\/wp-json\/wp\/v2\/posts\/35302","targetHints":{"allow":["GET"]}}],"collection":[{"href":"https:\/\/denizcankizil.tr\/en\/wp-json\/wp\/v2\/posts"}],"about":[{"href":"https:\/\/denizcankizil.tr\/en\/wp-json\/wp\/v2\/types\/post"}],"author":[{"embeddable":true,"href":"https:\/\/denizcankizil.tr\/en\/wp-json\/wp\/v2\/users\/4"}],"replies":[{"embeddable":true,"href":"https:\/\/denizcankizil.tr\/en\/wp-json\/wp\/v2\/comments?post=35302"}],"version-history":[{"count":0,"href":"https:\/\/denizcankizil.tr\/en\/wp-json\/wp\/v2\/posts\/35302\/revisions"}],"wp:featuredmedia":[{"embeddable":true,"href":"https:\/\/denizcankizil.tr\/en\/wp-json\/wp\/v2\/media\/35303"}],"wp:attachment":[{"href":"https:\/\/denizcankizil.tr\/en\/wp-json\/wp\/v2\/media?parent=35302"}],"wp:term":[{"taxonomy":"category","embeddable":true,"href":"https:\/\/denizcankizil.tr\/en\/wp-json\/wp\/v2\/categories?post=35302"},{"taxonomy":"post_tag","embeddable":true,"href":"https:\/\/denizcankizil.tr\/en\/wp-json\/wp\/v2\/tags?post=35302"}],"curies":[{"name":"wp","href":"https:\/\/api.w.org\/{rel}","templated":true}]}}