{"id":35253,"date":"2025-03-10T14:41:18","date_gmt":"2025-03-10T11:41:18","guid":{"rendered":"https:\/\/denizcankizil.tr\/uncategorized-tr\/almanyadan-75-milyon-turist-beklentisi\/"},"modified":"2025-03-10T14:41:18","modified_gmt":"2025-03-10T11:41:18","slug":"almanyadan-75-milyon-turist-beklentisi","status":"publish","type":"post","link":"https:\/\/denizcankizil.tr\/en\/haberler\/antalya\/almanyadan-75-milyon-turist-beklentisi\/","title":{"rendered":"Almanya&#8217;dan 7,5 milyon turist beklentisi"},"content":{"rendered":"<p>2024&#8217;te Almanya&#8217;dan en \u00e7ok turist giden \u00fclkeler aras\u0131nda T\u00fcrkiye, y\u00fczde 8,6&#8217;l\u0131k oranla ikinci s\u0131rada yer ald\u0131. 4-6 Mart tarihleri aras\u0131nda ger\u00e7ekle\u015fen ITB Berlin Fuar\u0131 sonras\u0131nda de\u011ferlendirmelerde bulunan Yavuz, fuarda Akdeniz havzas\u0131n\u0131n \u00f6ne \u00e7\u0131kt\u0131\u011f\u0131n\u0131 belirterek, &#8220;\u00d6zellikle Akdeniz Havzas\u0131, Bat\u0131 ve Do\u011fu Akdeniz diyebiliriz. Fransa&#8217;dan, \u0130spanya&#8217;dan ba\u015flay\u0131p M\u0131s\u0131r&#8217;a kadar uzanan bir havzan\u0131n i\u00e7inde T\u00fcrkiye de \u00f6nemli bir yer tutuyor. G\u00f6r\u00fc\u015fmeler iyiydi, olumluydu. 3 g\u00fcnl\u00fck bir k\u0131sa s\u00fcre i\u00e7inde ger\u00e7ekle\u015fti ama en az\u0131ndan yap\u0131labilecek b\u00fct\u00fcn g\u00f6r\u00fc\u015fmeler ve al\u0131nabilecek b\u00fct\u00fcn izlenimleri alarak d\u00f6nd\u00fck&#8221; \u015feklinde konu\u015ftu.<\/p>\n<p>7 bu\u00e7uk milyon beklentisi<br \/>\n2024 y\u0131l\u0131nda Almanya&#8217;dan T\u00fcrkiye&#8217;ye 6,62 milyon, Antalya&#8217;ya ise 1 milyon 574 bin 167 turist geldi. 2025 y\u0131l\u0131nda ge\u00e7ti\u011fimiz y\u0131la g\u00f6re gelen turist say\u0131s\u0131nda art\u0131\u015f ya\u015fanaca\u011f\u0131n\u0131 kaydeden Recep Yavuz, &#8220;Almanya&#8217;da otoriteler, 2025&#8217;in de 2024&#8217;e benzer bir seyirde olaca\u011f\u0131n\u0131 \u00f6ng\u00f6r\u00fcyor. Ge\u00e7ti\u011fimiz y\u0131l 6 milyondan biraz fazla turist T\u00fcrkiye&#8217;ye geldi. Bu y\u0131l 7,5 milyona ula\u015fabilece\u011fini d\u00fc\u015f\u00fcn\u00fcyoruz. Antalya&#8217;n\u0131n da ge\u00e7ti\u011fimiz y\u0131l\u0131n \u00fczerine \u00e7\u0131kaca\u011f\u0131n\u0131 \u00f6ng\u00f6r\u00fcyoruz&#8221; diye konu\u015ftu.<br \/>\nAlman turistlerin tatil al\u0131\u015fkanl\u0131klar\u0131na de\u011finen Yavuz, Antalya&#8217;n\u0131n \u00e7ocuklu aileler i\u00e7in vazge\u00e7ilmez bir destinasyon oldu\u011funu s\u00f6yleyerek, gen\u00e7 \u00e7iftlerin Yunanistan ve \u0130spanya&#8217;y\u0131 tercih etti\u011fini, ya\u015fl\u0131 turistlerin ise ilkbahar ve sonbaharda \u0130spanya ve T\u00fcrkiye&#8217;yi se\u00e7ti\u011fini ifade etti.<\/p>\n<p>&#8220;T\u00fcrkiye pahal\u0131 alg\u0131s\u0131 bertaraf edilmeli&#8221;<br \/>\nITB Berlin Fuar\u0131&#8217;nda &#8220;T\u00fcrkiye \u00e7ok pahal\u0131&#8221; alg\u0131s\u0131n\u0131n g\u00f6ze \u00e7arpt\u0131\u011f\u0131n\u0131 belirten Recep Yavuz, bu imaj\u0131n ortadan kald\u0131r\u0131lmas\u0131 gerekti\u011fini vurgulad\u0131. Yavuz, &#8220;M\u0131s\u0131r ve Tunus gibi fiyat olarak daha a\u015fa\u011f\u0131m\u0131zda olan destinasyonlarla rekabet ediyoruz. T\u00fcrkiye&#8217;nin pahal\u0131 bir destinasyon oldu\u011fu alg\u0131s\u0131 bir an \u00f6nce yok edilmeli&#8221; \u015feklinde konu\u015ftu.<br \/>\nHer \u015fey dahil sisteminin soft hale getirilerek daha cazip hale getirilebilece\u011fini belirten Yavuz, &#8220;Belki farkl\u0131 bir her \u015fey dahil, belki i\u00e7ecekleri bar\u0131nd\u0131rmayan bir model olabilir. Fiyata da yans\u0131r ve gen\u00e7 turistleri de \u00e7ekebiliriz&#8221; ifadelerini kulland\u0131.<br \/>\nTurizmin ekonomik dengelerle do\u011frudan ilgili oldu\u011funa vurgu yapan Yavuz, &#8220;Turistler sadece otelde kalm\u0131yor, d\u0131\u015far\u0131 \u00e7\u0131k\u0131p yemek yiyor, al\u0131\u015fveri\u015f yap\u0131yor. Bu y\u00fczden fiyat politikalar\u0131na dikkat edilmesi gerekiyor&#8221; ifadelerini kulland\u0131.<\/p>\n<p>&#8220;Gen\u00e7 turistlerin \u00e7o\u011fu \u00e7ocukken Antalya&#8217;ya geldi&#8221;<br \/>\nAntalya&#8217;n\u0131n yeni nesil turist beklentilerine adapte olmas\u0131 konusunda gen\u00e7 turistlerin \u00e7ocukken Antalya&#8217;ya gelmi\u015f olmas\u0131n\u0131n bir avantaj oldu\u011funu s\u00f6yleyen Yavuz, &#8220;Gen\u00e7 turistlerin \u00e7o\u011fu \u00e7ocukken Antalya&#8217;ya geldi. B\u00f6lgeyi biliyorlar, Antalya&#8217;y\u0131 biliyorlar ve onlar i\u00e7in Antalya vazge\u00e7ilmez bir destinasyon olarak kalacakt\u0131r. Bizdeki \u00fcr\u00fcn \u00e7e\u015fitli\u011fi \u00e7ok farkl\u0131. \u00c7ok l\u00fcks ve \u00f6zel tesislerimizden, \u00f6\u011frencilere kadar hitap edebilecek bir \u00fcr\u00fcn portf\u00f6y\u00fcm\u00fcz var. Bu da \u00e7ok b\u00fcy\u00fck bir avantaj. Antalya olarak hemen hemen her b\u00fct\u00e7eye de hitap edebilecek bir destinasyonuz. O y\u00fczden tatile \u00e7\u0131kacaklar ilk olarak Antalya&#8217;y\u0131 mutlaka bir g\u00f6zden ge\u00e7ireceklerdir&#8221; dedi.<\/p>\n<p>Bayram tatilleri planlamas\u0131<br \/>\nBayram tatillerinin \u00f6nceden planlanmas\u0131n\u0131n turizm sekt\u00f6r\u00fc i\u00e7in b\u00fcy\u00fck \u00f6nem ta\u015f\u0131d\u0131\u011f\u0131n\u0131 belirten Yavuz, &#8220;2070 y\u0131l\u0131na kadar takvim belli. Tatil planlar\u0131n\u0131 daha \u00f6nceden belirleyerek turistik tesislerin ve tatilcilerin daha iyi plan yapmas\u0131 sa\u011flanabilir&#8221; dedi.<br \/>\nAntalya&#8217;n\u0131n bayram tatillerinden en \u00e7ok etkilenen b\u00f6lge oldu\u011funa dikkat \u00e7eken Yavuz, &#8220;T\u00fcrkiye&#8217;de de i\u00e7 turizm \u00e7ok ciddi bir \u015fekilde hareket kazand\u0131. 11 milyonun \u00fcst\u00fcnde insan yurt d\u0131\u015f\u0131na, 20 milyon insan yurt i\u00e7inde seyahat ediyor. B\u00fct\u00fcn bunlar \u015funu g\u00f6steriyor ki bayramlar art\u0131k ayn\u0131 zamanda dinlenme ve gezmek, g\u00f6rmek, akraba ziyaretlerini yapmak a\u00e7\u0131s\u0131ndan daha da \u00f6nemli hale geliyor. Biz art\u0131k bu konuda ger\u00e7ekten \u00e7ok ileri bir seviyeye geldik. Bayramlarda \u00f6zel programlarda, bayram tatilleri kampanyalar\u0131yla yerli turistlere \u00e7ok g\u00fczel programlar ve cazip fiyatlar sunuluyor. Antalya tabi ki bundan yararlanacakt\u0131r ve etkilenecektir&#8221; diye konu\u015ftu.<\/p>\n<p>Antalya turizminde 2025 umudu<br \/>\n2025 y\u0131l\u0131nda turizm rakamlar\u0131n\u0131n daha da artmas\u0131n\u0131 beklediklerini belirten Yavuz, &#8220;Antalya&#8217;n\u0131n bu y\u0131l\u0131 17-18 milyon turistle kapataca\u011f\u0131n\u0131 \u00f6ng\u00f6r\u00fcyoruz. 2025&#8217;te de umutluyuz&#8221; dedi.<\/p>\n<p>Kaynak: www.kanalv.com.tr Haber Sitesinden Al\u0131nm\u0131\u015ft\u0131r.<\/p>","protected":false},"excerpt":{"rendered":"<p>2024&#8217;te Almanya&#8217;dan en \u00e7ok turist giden \u00fclkeler aras\u0131nda T\u00fcrkiye, y\u00fczde 8,6&#8217;l\u0131k oranla ikinci s\u0131rada yer ald\u0131. 4-6 Mart tarihleri aras\u0131nda ger\u00e7ekle\u015fen ITB Berlin Fuar\u0131 sonras\u0131nda de\u011ferlendirmelerde bulunan Yavuz, fuarda Akdeniz havzas\u0131n\u0131n \u00f6ne \u00e7\u0131kt\u0131\u011f\u0131n\u0131 belirterek, &#8220;\u00d6zellikle Akdeniz Havzas\u0131, Bat\u0131 ve Do\u011fu Akdeniz diyebiliriz. Fransa&#8217;dan, \u0130spanya&#8217;dan ba\u015flay\u0131p M\u0131s\u0131r&#8217;a kadar uzanan bir havzan\u0131n i\u00e7inde T\u00fcrkiye de \u00f6nemli bir yer tutuyor. G\u00f6r\u00fc\u015fmeler iyiydi, olumluydu. 3 g\u00fcnl\u00fck bir k\u0131sa s\u00fcre i\u00e7inde ger\u00e7ekle\u015fti ama en az\u0131ndan yap\u0131labilecek b\u00fct\u00fcn g\u00f6r\u00fc\u015fmeler ve al\u0131nabilecek b\u00fct\u00fcn izlenimleri alarak d\u00f6nd\u00fck&#8221; \u015feklinde konu\u015ftu. 7 bu\u00e7uk milyon beklentisi 2024 y\u0131l\u0131nda Almanya&#8217;dan T\u00fcrkiye&#8217;ye 6,62 milyon, Antalya&#8217;ya ise 1 milyon 574 bin 167 turist geldi. 2025 y\u0131l\u0131nda ge\u00e7ti\u011fimiz y\u0131la g\u00f6re gelen turist say\u0131s\u0131nda art\u0131\u015f ya\u015fanaca\u011f\u0131n\u0131 kaydeden Recep Yavuz, &#8220;Almanya&#8217;da otoriteler, 2025&#8217;in de 2024&#8217;e benzer bir seyirde olaca\u011f\u0131n\u0131 \u00f6ng\u00f6r\u00fcyor. Ge\u00e7ti\u011fimiz y\u0131l 6 milyondan biraz fazla turist T\u00fcrkiye&#8217;ye geldi. Bu y\u0131l 7,5 milyona ula\u015fabilece\u011fini d\u00fc\u015f\u00fcn\u00fcyoruz. Antalya&#8217;n\u0131n da ge\u00e7ti\u011fimiz y\u0131l\u0131n \u00fczerine \u00e7\u0131kaca\u011f\u0131n\u0131 \u00f6ng\u00f6r\u00fcyoruz&#8221; diye konu\u015ftu. Alman turistlerin tatil al\u0131\u015fkanl\u0131klar\u0131na de\u011finen Yavuz, Antalya&#8217;n\u0131n \u00e7ocuklu aileler i\u00e7in vazge\u00e7ilmez bir destinasyon oldu\u011funu s\u00f6yleyerek, gen\u00e7 \u00e7iftlerin Yunanistan ve \u0130spanya&#8217;y\u0131 tercih etti\u011fini, ya\u015fl\u0131 turistlerin ise ilkbahar ve sonbaharda \u0130spanya ve T\u00fcrkiye&#8217;yi se\u00e7ti\u011fini ifade etti. &#8220;T\u00fcrkiye pahal\u0131 alg\u0131s\u0131 bertaraf edilmeli&#8221; ITB Berlin Fuar\u0131&#8217;nda &#8220;T\u00fcrkiye \u00e7ok pahal\u0131&#8221; alg\u0131s\u0131n\u0131n g\u00f6ze \u00e7arpt\u0131\u011f\u0131n\u0131 belirten Recep Yavuz, bu imaj\u0131n &hellip;<\/p>","protected":false},"author":4,"featured_media":35254,"comment_status":"open","ping_status":"open","sticky":false,"template":"","format":"standard","meta":{"_acf_changed":false,"footnotes":""},"categories":[26],"tags":[],"class_list":["post-35253","post","type-post","status-publish","format-standard","has-post-thumbnail","hentry","category-antalya"],"acf":[],"yoast_head":"<!-- This site is optimized with the Yoast SEO Premium plugin v26.6 (Yoast SEO v27.1.1) - https:\/\/yoast.com\/product\/yoast-seo-premium-wordpress\/ -->\n<title>Almanya&#039;dan 7,5 milyon turist beklentisi - Av. Deniz Can K\u0131z\u0131l<\/title>\n<meta name=\"robots\" content=\"index, follow, max-snippet:-1, max-image-preview:large, max-video-preview:-1\" \/>\n<link rel=\"canonical\" href=\"https:\/\/denizcankizil.tr\/en\/haberler\/antalya\/almanyadan-75-milyon-turist-beklentisi\/\" \/>\n<meta property=\"og:locale\" content=\"en_GB\" \/>\n<meta property=\"og:type\" content=\"article\" \/>\n<meta property=\"og:title\" content=\"Almanya&#039;dan 7,5 milyon turist beklentisi\" \/>\n<meta property=\"og:description\" content=\"2024&#8217;te Almanya&#8217;dan en \u00e7ok turist giden \u00fclkeler aras\u0131nda T\u00fcrkiye, y\u00fczde 8,6&#8217;l\u0131k oranla ikinci s\u0131rada yer ald\u0131. 4-6 Mart tarihleri aras\u0131nda ger\u00e7ekle\u015fen ITB Berlin Fuar\u0131 sonras\u0131nda de\u011ferlendirmelerde bulunan Yavuz, fuarda Akdeniz havzas\u0131n\u0131n \u00f6ne \u00e7\u0131kt\u0131\u011f\u0131n\u0131 belirterek, &#8220;\u00d6zellikle Akdeniz Havzas\u0131, Bat\u0131 ve Do\u011fu Akdeniz diyebiliriz. Fransa&#8217;dan, \u0130spanya&#8217;dan ba\u015flay\u0131p M\u0131s\u0131r&#8217;a kadar uzanan bir havzan\u0131n i\u00e7inde T\u00fcrkiye de \u00f6nemli bir yer tutuyor. G\u00f6r\u00fc\u015fmeler iyiydi, olumluydu. 3 g\u00fcnl\u00fck bir k\u0131sa s\u00fcre i\u00e7inde ger\u00e7ekle\u015fti ama en az\u0131ndan yap\u0131labilecek b\u00fct\u00fcn g\u00f6r\u00fc\u015fmeler ve al\u0131nabilecek b\u00fct\u00fcn izlenimleri alarak d\u00f6nd\u00fck&#8221; \u015feklinde konu\u015ftu. 7 bu\u00e7uk milyon beklentisi 2024 y\u0131l\u0131nda Almanya&#8217;dan T\u00fcrkiye&#8217;ye 6,62 milyon, Antalya&#8217;ya ise 1 milyon 574 bin 167 turist geldi. 2025 y\u0131l\u0131nda ge\u00e7ti\u011fimiz y\u0131la g\u00f6re gelen turist say\u0131s\u0131nda art\u0131\u015f ya\u015fanaca\u011f\u0131n\u0131 kaydeden Recep Yavuz, &#8220;Almanya&#8217;da otoriteler, 2025&#8217;in de 2024&#8217;e benzer bir seyirde olaca\u011f\u0131n\u0131 \u00f6ng\u00f6r\u00fcyor. Ge\u00e7ti\u011fimiz y\u0131l 6 milyondan biraz fazla turist T\u00fcrkiye&#8217;ye geldi. Bu y\u0131l 7,5 milyona ula\u015fabilece\u011fini d\u00fc\u015f\u00fcn\u00fcyoruz. Antalya&#8217;n\u0131n da ge\u00e7ti\u011fimiz y\u0131l\u0131n \u00fczerine \u00e7\u0131kaca\u011f\u0131n\u0131 \u00f6ng\u00f6r\u00fcyoruz&#8221; diye konu\u015ftu. Alman turistlerin tatil al\u0131\u015fkanl\u0131klar\u0131na de\u011finen Yavuz, Antalya&#8217;n\u0131n \u00e7ocuklu aileler i\u00e7in vazge\u00e7ilmez bir destinasyon oldu\u011funu s\u00f6yleyerek, gen\u00e7 \u00e7iftlerin Yunanistan ve \u0130spanya&#8217;y\u0131 tercih etti\u011fini, ya\u015fl\u0131 turistlerin ise ilkbahar ve sonbaharda \u0130spanya ve T\u00fcrkiye&#8217;yi se\u00e7ti\u011fini ifade etti. &#8220;T\u00fcrkiye pahal\u0131 alg\u0131s\u0131 bertaraf edilmeli&#8221; ITB Berlin Fuar\u0131&#8217;nda &#8220;T\u00fcrkiye \u00e7ok pahal\u0131&#8221; alg\u0131s\u0131n\u0131n g\u00f6ze \u00e7arpt\u0131\u011f\u0131n\u0131 belirten Recep Yavuz, bu imaj\u0131n &hellip;\" \/>\n<meta property=\"og:url\" content=\"https:\/\/denizcankizil.tr\/en\/haberler\/antalya\/almanyadan-75-milyon-turist-beklentisi\/\" \/>\n<meta property=\"og:site_name\" content=\"Av. Deniz Can K\u0131z\u0131l\" \/>\n<meta property=\"article:published_time\" content=\"2025-03-10T11:41:18+00:00\" \/>\n<meta property=\"og:image\" content=\"https:\/\/denizcankizil.tr\/wp-content\/uploads\/2025\/03\/5421-01-dytGpe.jpeg\" \/>\n\t<meta property=\"og:image:width\" content=\"1280\" \/>\n\t<meta property=\"og:image:height\" content=\"720\" \/>\n\t<meta property=\"og:image:type\" content=\"image\/jpeg\" \/>\n<meta name=\"author\" content=\"Av. Deniz Can K\u0131z\u0131l\" \/>\n<meta name=\"twitter:card\" content=\"summary_large_image\" \/>\n<meta name=\"twitter:label1\" content=\"Written by\" \/>\n\t<meta name=\"twitter:data1\" content=\"Av. Deniz Can K\u0131z\u0131l\" \/>\n\t<meta name=\"twitter:label2\" content=\"Estimated reading time\" \/>\n\t<meta name=\"twitter:data2\" content=\"4 minutes\" \/>\n<script type=\"application\/ld+json\" class=\"yoast-schema-graph\">{\"@context\":\"https:\/\/schema.org\",\"@graph\":[{\"@type\":\"Article\",\"@id\":\"https:\/\/denizcankizil.tr\/en\/haberler\/antalya\/almanyadan-75-milyon-turist-beklentisi\/#article\",\"isPartOf\":{\"@id\":\"https:\/\/denizcankizil.tr\/en\/haberler\/antalya\/almanyadan-75-milyon-turist-beklentisi\/\"},\"author\":{\"name\":\"Av. Deniz Can K\u0131z\u0131l\",\"@id\":\"https:\/\/denizcankizil.tr\/de\/#\/schema\/person\/5dc1b22991bd7ac833867c10afc9b0ff\"},\"headline\":\"Almanya&#8217;dan 7,5 milyon turist beklentisi\",\"datePublished\":\"2025-03-10T11:41:18+00:00\",\"mainEntityOfPage\":{\"@id\":\"https:\/\/denizcankizil.tr\/en\/haberler\/antalya\/almanyadan-75-milyon-turist-beklentisi\/\"},\"wordCount\":754,\"commentCount\":0,\"publisher\":{\"@id\":\"https:\/\/denizcankizil.tr\/de\/#organization\"},\"image\":{\"@id\":\"https:\/\/denizcankizil.tr\/en\/haberler\/antalya\/almanyadan-75-milyon-turist-beklentisi\/#primaryimage\"},\"thumbnailUrl\":\"https:\/\/denizcankizil.tr\/wp-content\/uploads\/2025\/03\/5421-01-dytGpe.jpeg\",\"articleSection\":[\"Antalya\"],\"inLanguage\":\"en-GB\",\"potentialAction\":[{\"@type\":\"CommentAction\",\"name\":\"Comment\",\"target\":[\"https:\/\/denizcankizil.tr\/en\/haberler\/antalya\/almanyadan-75-milyon-turist-beklentisi\/#respond\"]}]},{\"@type\":\"WebPage\",\"@id\":\"https:\/\/denizcankizil.tr\/en\/haberler\/antalya\/almanyadan-75-milyon-turist-beklentisi\/\",\"url\":\"https:\/\/denizcankizil.tr\/en\/haberler\/antalya\/almanyadan-75-milyon-turist-beklentisi\/\",\"name\":\"Almanya'dan 7,5 milyon turist beklentisi - Av. Deniz Can K\u0131z\u0131l\",\"isPartOf\":{\"@id\":\"https:\/\/denizcankizil.tr\/de\/#website\"},\"primaryImageOfPage\":{\"@id\":\"https:\/\/denizcankizil.tr\/en\/haberler\/antalya\/almanyadan-75-milyon-turist-beklentisi\/#primaryimage\"},\"image\":{\"@id\":\"https:\/\/denizcankizil.tr\/en\/haberler\/antalya\/almanyadan-75-milyon-turist-beklentisi\/#primaryimage\"},\"thumbnailUrl\":\"https:\/\/denizcankizil.tr\/wp-content\/uploads\/2025\/03\/5421-01-dytGpe.jpeg\",\"datePublished\":\"2025-03-10T11:41:18+00:00\",\"breadcrumb\":{\"@id\":\"https:\/\/denizcankizil.tr\/en\/haberler\/antalya\/almanyadan-75-milyon-turist-beklentisi\/#breadcrumb\"},\"inLanguage\":\"en-GB\",\"potentialAction\":[{\"@type\":\"ReadAction\",\"target\":[\"https:\/\/denizcankizil.tr\/en\/haberler\/antalya\/almanyadan-75-milyon-turist-beklentisi\/\"]}]},{\"@type\":\"ImageObject\",\"inLanguage\":\"en-GB\",\"@id\":\"https:\/\/denizcankizil.tr\/en\/haberler\/antalya\/almanyadan-75-milyon-turist-beklentisi\/#primaryimage\",\"url\":\"https:\/\/denizcankizil.tr\/wp-content\/uploads\/2025\/03\/5421-01-dytGpe.jpeg\",\"contentUrl\":\"https:\/\/denizcankizil.tr\/wp-content\/uploads\/2025\/03\/5421-01-dytGpe.jpeg\",\"width\":1280,\"height\":720},{\"@type\":\"BreadcrumbList\",\"@id\":\"https:\/\/denizcankizil.tr\/en\/haberler\/antalya\/almanyadan-75-milyon-turist-beklentisi\/#breadcrumb\",\"itemListElement\":[{\"@type\":\"ListItem\",\"position\":1,\"name\":\"Home\",\"item\":\"https:\/\/denizcankizil.tr\/de\/\"},{\"@type\":\"ListItem\",\"position\":2,\"name\":\"Almanya&#8217;dan 7,5 milyon turist beklentisi\"}]},{\"@type\":\"WebSite\",\"@id\":\"https:\/\/denizcankizil.tr\/de\/#website\",\"url\":\"https:\/\/denizcankizil.tr\/de\/\",\"name\":\"Av. Deniz Can K\u0131z\u0131l\",\"description\":\"Avukat Deniz Can K\u0131z\u0131l Antalya Barosu\",\"publisher\":{\"@id\":\"https:\/\/denizcankizil.tr\/de\/#organization\"},\"potentialAction\":[{\"@type\":\"SearchAction\",\"target\":{\"@type\":\"EntryPoint\",\"urlTemplate\":\"https:\/\/denizcankizil.tr\/de\/?s={search_term_string}\"},\"query-input\":{\"@type\":\"PropertyValueSpecification\",\"valueRequired\":true,\"valueName\":\"search_term_string\"}}],\"inLanguage\":\"en-GB\"},{\"@type\":\"Organization\",\"@id\":\"https:\/\/denizcankizil.tr\/de\/#organization\",\"name\":\"Av. Deniz Can K\u0131z\u0131l\",\"url\":\"https:\/\/denizcankizil.tr\/de\/\",\"logo\":{\"@type\":\"ImageObject\",\"inLanguage\":\"en-GB\",\"@id\":\"https:\/\/denizcankizil.tr\/de\/#\/schema\/logo\/image\/\",\"url\":\"https:\/\/denizcankizil.tr\/wp-content\/uploads\/2024\/10\/siyah-logo-svg.svg\",\"contentUrl\":\"https:\/\/denizcankizil.tr\/wp-content\/uploads\/2024\/10\/siyah-logo-svg.svg\",\"width\":1080,\"height\":1080,\"caption\":\"Av. Deniz Can K\u0131z\u0131l\"},\"image\":{\"@id\":\"https:\/\/denizcankizil.tr\/de\/#\/schema\/logo\/image\/\"}},{\"@type\":\"Person\",\"@id\":\"https:\/\/denizcankizil.tr\/de\/#\/schema\/person\/5dc1b22991bd7ac833867c10afc9b0ff\",\"name\":\"Av. Deniz Can K\u0131z\u0131l\",\"image\":{\"@type\":\"ImageObject\",\"inLanguage\":\"en-GB\",\"@id\":\"https:\/\/denizcankizil.tr\/de\/#\/schema\/person\/image\/\",\"url\":\"https:\/\/secure.gravatar.com\/avatar\/a0b128fb9855c79efc976d5640eedb31dc35ec297594d6016d2cf7c60e975bb6?s=96&d=mm&r=g\",\"contentUrl\":\"https:\/\/secure.gravatar.com\/avatar\/a0b128fb9855c79efc976d5640eedb31dc35ec297594d6016d2cf7c60e975bb6?s=96&d=mm&r=g\",\"caption\":\"Av. Deniz Can K\u0131z\u0131l\"},\"sameAs\":[\"http:\/\/www.denizcankizil.tr\"],\"url\":\"https:\/\/denizcankizil.tr\/en\/author\/denizcankizil\/\"}]}<\/script>\n<!-- \/ Yoast SEO Premium plugin. -->","yoast_head_json":{"title":"Almanya'dan 7,5 milyon turist beklentisi - Av. Deniz Can K\u0131z\u0131l","robots":{"index":"index","follow":"follow","max-snippet":"max-snippet:-1","max-image-preview":"max-image-preview:large","max-video-preview":"max-video-preview:-1"},"canonical":"https:\/\/denizcankizil.tr\/en\/haberler\/antalya\/almanyadan-75-milyon-turist-beklentisi\/","og_locale":"en_GB","og_type":"article","og_title":"Almanya'dan 7,5 milyon turist beklentisi","og_description":"2024&#8217;te Almanya&#8217;dan en \u00e7ok turist giden \u00fclkeler aras\u0131nda T\u00fcrkiye, y\u00fczde 8,6&#8217;l\u0131k oranla ikinci s\u0131rada yer ald\u0131. 4-6 Mart tarihleri aras\u0131nda ger\u00e7ekle\u015fen ITB Berlin Fuar\u0131 sonras\u0131nda de\u011ferlendirmelerde bulunan Yavuz, fuarda Akdeniz havzas\u0131n\u0131n \u00f6ne \u00e7\u0131kt\u0131\u011f\u0131n\u0131 belirterek, &#8220;\u00d6zellikle Akdeniz Havzas\u0131, Bat\u0131 ve Do\u011fu Akdeniz diyebiliriz. Fransa&#8217;dan, \u0130spanya&#8217;dan ba\u015flay\u0131p M\u0131s\u0131r&#8217;a kadar uzanan bir havzan\u0131n i\u00e7inde T\u00fcrkiye de \u00f6nemli bir yer tutuyor. G\u00f6r\u00fc\u015fmeler iyiydi, olumluydu. 3 g\u00fcnl\u00fck bir k\u0131sa s\u00fcre i\u00e7inde ger\u00e7ekle\u015fti ama en az\u0131ndan yap\u0131labilecek b\u00fct\u00fcn g\u00f6r\u00fc\u015fmeler ve al\u0131nabilecek b\u00fct\u00fcn izlenimleri alarak d\u00f6nd\u00fck&#8221; \u015feklinde konu\u015ftu. 7 bu\u00e7uk milyon beklentisi 2024 y\u0131l\u0131nda Almanya&#8217;dan T\u00fcrkiye&#8217;ye 6,62 milyon, Antalya&#8217;ya ise 1 milyon 574 bin 167 turist geldi. 2025 y\u0131l\u0131nda ge\u00e7ti\u011fimiz y\u0131la g\u00f6re gelen turist say\u0131s\u0131nda art\u0131\u015f ya\u015fanaca\u011f\u0131n\u0131 kaydeden Recep Yavuz, &#8220;Almanya&#8217;da otoriteler, 2025&#8217;in de 2024&#8217;e benzer bir seyirde olaca\u011f\u0131n\u0131 \u00f6ng\u00f6r\u00fcyor. Ge\u00e7ti\u011fimiz y\u0131l 6 milyondan biraz fazla turist T\u00fcrkiye&#8217;ye geldi. Bu y\u0131l 7,5 milyona ula\u015fabilece\u011fini d\u00fc\u015f\u00fcn\u00fcyoruz. Antalya&#8217;n\u0131n da ge\u00e7ti\u011fimiz y\u0131l\u0131n \u00fczerine \u00e7\u0131kaca\u011f\u0131n\u0131 \u00f6ng\u00f6r\u00fcyoruz&#8221; diye konu\u015ftu. Alman turistlerin tatil al\u0131\u015fkanl\u0131klar\u0131na de\u011finen Yavuz, Antalya&#8217;n\u0131n \u00e7ocuklu aileler i\u00e7in vazge\u00e7ilmez bir destinasyon oldu\u011funu s\u00f6yleyerek, gen\u00e7 \u00e7iftlerin Yunanistan ve \u0130spanya&#8217;y\u0131 tercih etti\u011fini, ya\u015fl\u0131 turistlerin ise ilkbahar ve sonbaharda \u0130spanya ve T\u00fcrkiye&#8217;yi se\u00e7ti\u011fini ifade etti. &#8220;T\u00fcrkiye pahal\u0131 alg\u0131s\u0131 bertaraf edilmeli&#8221; ITB Berlin Fuar\u0131&#8217;nda &#8220;T\u00fcrkiye \u00e7ok pahal\u0131&#8221; alg\u0131s\u0131n\u0131n g\u00f6ze \u00e7arpt\u0131\u011f\u0131n\u0131 belirten Recep Yavuz, bu imaj\u0131n &hellip;","og_url":"https:\/\/denizcankizil.tr\/en\/haberler\/antalya\/almanyadan-75-milyon-turist-beklentisi\/","og_site_name":"Av. Deniz Can K\u0131z\u0131l","article_published_time":"2025-03-10T11:41:18+00:00","og_image":[{"width":1280,"height":720,"url":"https:\/\/denizcankizil.tr\/wp-content\/uploads\/2025\/03\/5421-01-dytGpe.jpeg","type":"image\/jpeg"}],"author":"Av. Deniz Can K\u0131z\u0131l","twitter_card":"summary_large_image","twitter_misc":{"Written by":"Av. Deniz Can K\u0131z\u0131l","Estimated reading time":"4 minutes"},"schema":{"@context":"https:\/\/schema.org","@graph":[{"@type":"Article","@id":"https:\/\/denizcankizil.tr\/en\/haberler\/antalya\/almanyadan-75-milyon-turist-beklentisi\/#article","isPartOf":{"@id":"https:\/\/denizcankizil.tr\/en\/haberler\/antalya\/almanyadan-75-milyon-turist-beklentisi\/"},"author":{"name":"Av. Deniz Can K\u0131z\u0131l","@id":"https:\/\/denizcankizil.tr\/de\/#\/schema\/person\/5dc1b22991bd7ac833867c10afc9b0ff"},"headline":"Almanya&#8217;dan 7,5 milyon turist beklentisi","datePublished":"2025-03-10T11:41:18+00:00","mainEntityOfPage":{"@id":"https:\/\/denizcankizil.tr\/en\/haberler\/antalya\/almanyadan-75-milyon-turist-beklentisi\/"},"wordCount":754,"commentCount":0,"publisher":{"@id":"https:\/\/denizcankizil.tr\/de\/#organization"},"image":{"@id":"https:\/\/denizcankizil.tr\/en\/haberler\/antalya\/almanyadan-75-milyon-turist-beklentisi\/#primaryimage"},"thumbnailUrl":"https:\/\/denizcankizil.tr\/wp-content\/uploads\/2025\/03\/5421-01-dytGpe.jpeg","articleSection":["Antalya"],"inLanguage":"en-GB","potentialAction":[{"@type":"CommentAction","name":"Comment","target":["https:\/\/denizcankizil.tr\/en\/haberler\/antalya\/almanyadan-75-milyon-turist-beklentisi\/#respond"]}]},{"@type":"WebPage","@id":"https:\/\/denizcankizil.tr\/en\/haberler\/antalya\/almanyadan-75-milyon-turist-beklentisi\/","url":"https:\/\/denizcankizil.tr\/en\/haberler\/antalya\/almanyadan-75-milyon-turist-beklentisi\/","name":"Almanya'dan 7,5 milyon turist beklentisi - Av. Deniz Can K\u0131z\u0131l","isPartOf":{"@id":"https:\/\/denizcankizil.tr\/de\/#website"},"primaryImageOfPage":{"@id":"https:\/\/denizcankizil.tr\/en\/haberler\/antalya\/almanyadan-75-milyon-turist-beklentisi\/#primaryimage"},"image":{"@id":"https:\/\/denizcankizil.tr\/en\/haberler\/antalya\/almanyadan-75-milyon-turist-beklentisi\/#primaryimage"},"thumbnailUrl":"https:\/\/denizcankizil.tr\/wp-content\/uploads\/2025\/03\/5421-01-dytGpe.jpeg","datePublished":"2025-03-10T11:41:18+00:00","breadcrumb":{"@id":"https:\/\/denizcankizil.tr\/en\/haberler\/antalya\/almanyadan-75-milyon-turist-beklentisi\/#breadcrumb"},"inLanguage":"en-GB","potentialAction":[{"@type":"ReadAction","target":["https:\/\/denizcankizil.tr\/en\/haberler\/antalya\/almanyadan-75-milyon-turist-beklentisi\/"]}]},{"@type":"ImageObject","inLanguage":"en-GB","@id":"https:\/\/denizcankizil.tr\/en\/haberler\/antalya\/almanyadan-75-milyon-turist-beklentisi\/#primaryimage","url":"https:\/\/denizcankizil.tr\/wp-content\/uploads\/2025\/03\/5421-01-dytGpe.jpeg","contentUrl":"https:\/\/denizcankizil.tr\/wp-content\/uploads\/2025\/03\/5421-01-dytGpe.jpeg","width":1280,"height":720},{"@type":"BreadcrumbList","@id":"https:\/\/denizcankizil.tr\/en\/haberler\/antalya\/almanyadan-75-milyon-turist-beklentisi\/#breadcrumb","itemListElement":[{"@type":"ListItem","position":1,"name":"Home","item":"https:\/\/denizcankizil.tr\/de\/"},{"@type":"ListItem","position":2,"name":"Almanya&#8217;dan 7,5 milyon turist beklentisi"}]},{"@type":"WebSite","@id":"https:\/\/denizcankizil.tr\/de\/#website","url":"https:\/\/denizcankizil.tr\/de\/","name":"Av. Deniz Can K\u0131z\u0131l","description":"Avukat Deniz Can K\u0131z\u0131l Antalya Barosu","publisher":{"@id":"https:\/\/denizcankizil.tr\/de\/#organization"},"potentialAction":[{"@type":"SearchAction","target":{"@type":"EntryPoint","urlTemplate":"https:\/\/denizcankizil.tr\/de\/?s={search_term_string}"},"query-input":{"@type":"PropertyValueSpecification","valueRequired":true,"valueName":"search_term_string"}}],"inLanguage":"en-GB"},{"@type":"Organization","@id":"https:\/\/denizcankizil.tr\/de\/#organization","name":"Av. Deniz Can K\u0131z\u0131l","url":"https:\/\/denizcankizil.tr\/de\/","logo":{"@type":"ImageObject","inLanguage":"en-GB","@id":"https:\/\/denizcankizil.tr\/de\/#\/schema\/logo\/image\/","url":"https:\/\/denizcankizil.tr\/wp-content\/uploads\/2024\/10\/siyah-logo-svg.svg","contentUrl":"https:\/\/denizcankizil.tr\/wp-content\/uploads\/2024\/10\/siyah-logo-svg.svg","width":1080,"height":1080,"caption":"Av. Deniz Can K\u0131z\u0131l"},"image":{"@id":"https:\/\/denizcankizil.tr\/de\/#\/schema\/logo\/image\/"}},{"@type":"Person","@id":"https:\/\/denizcankizil.tr\/de\/#\/schema\/person\/5dc1b22991bd7ac833867c10afc9b0ff","name":"Av. Deniz Can K\u0131z\u0131l","image":{"@type":"ImageObject","inLanguage":"en-GB","@id":"https:\/\/denizcankizil.tr\/de\/#\/schema\/person\/image\/","url":"https:\/\/secure.gravatar.com\/avatar\/a0b128fb9855c79efc976d5640eedb31dc35ec297594d6016d2cf7c60e975bb6?s=96&d=mm&r=g","contentUrl":"https:\/\/secure.gravatar.com\/avatar\/a0b128fb9855c79efc976d5640eedb31dc35ec297594d6016d2cf7c60e975bb6?s=96&d=mm&r=g","caption":"Av. Deniz Can K\u0131z\u0131l"},"sameAs":["http:\/\/www.denizcankizil.tr"],"url":"https:\/\/denizcankizil.tr\/en\/author\/denizcankizil\/"}]}},"_links":{"self":[{"href":"https:\/\/denizcankizil.tr\/en\/wp-json\/wp\/v2\/posts\/35253","targetHints":{"allow":["GET"]}}],"collection":[{"href":"https:\/\/denizcankizil.tr\/en\/wp-json\/wp\/v2\/posts"}],"about":[{"href":"https:\/\/denizcankizil.tr\/en\/wp-json\/wp\/v2\/types\/post"}],"author":[{"embeddable":true,"href":"https:\/\/denizcankizil.tr\/en\/wp-json\/wp\/v2\/users\/4"}],"replies":[{"embeddable":true,"href":"https:\/\/denizcankizil.tr\/en\/wp-json\/wp\/v2\/comments?post=35253"}],"version-history":[{"count":0,"href":"https:\/\/denizcankizil.tr\/en\/wp-json\/wp\/v2\/posts\/35253\/revisions"}],"wp:featuredmedia":[{"embeddable":true,"href":"https:\/\/denizcankizil.tr\/en\/wp-json\/wp\/v2\/media\/35254"}],"wp:attachment":[{"href":"https:\/\/denizcankizil.tr\/en\/wp-json\/wp\/v2\/media?parent=35253"}],"wp:term":[{"taxonomy":"category","embeddable":true,"href":"https:\/\/denizcankizil.tr\/en\/wp-json\/wp\/v2\/categories?post=35253"},{"taxonomy":"post_tag","embeddable":true,"href":"https:\/\/denizcankizil.tr\/en\/wp-json\/wp\/v2\/tags?post=35253"}],"curies":[{"name":"wp","href":"https:\/\/api.w.org\/{rel}","templated":true}]}}