{"id":3518,"date":"2024-10-16T19:47:51","date_gmt":"2024-10-16T16:47:51","guid":{"rendered":"https:\/\/denizcankizil.tr\/uncategorized\/bagcilar-kitap-fuari-18-ekimde-basliyor\/"},"modified":"2024-10-16T19:47:51","modified_gmt":"2024-10-16T16:47:51","slug":"bagcilar-kitap-fuari-18-ekimde-basliyor","status":"publish","type":"post","link":"https:\/\/denizcankizil.tr\/en\/haberler\/gundem\/bagcilar-kitap-fuari-18-ekimde-basliyor\/","title":{"rendered":"&#8221; Ba\u011fc\u0131lar Kitap Fuar\u0131, 18 Ekim\u2019de ba\u015fl\u0131yor&#8221;"},"content":{"rendered":"<p>Ba\u011fc\u0131lar Belediyesi\u2019nce d\u00fczenlenen ve 9 g\u00fcn s\u00fcrecek olan 3. Ba\u011fc\u0131lar Kitap Fuar\u0131, 18 Ekim 2024 tarihinde Ba\u011fc\u0131lar Meydan\u0131\u2019nda kap\u0131lar\u0131n\u0131 a\u00e7\u0131yor.<\/p>\n<p>\u200bBa\u011fc\u0131lar Belediyesi\u2019nce d\u00fczenlenen ve 9 g\u00fcn s\u00fcrecek olan 3. Ba\u011fc\u0131lar Kitap Fuar\u0131, 18 Ekim 2024 tarihinde Ba\u011fc\u0131lar Meydan\u0131\u2019nda kap\u0131lar\u0131n\u0131 a\u00e7\u0131yor.\u00a0<\/p>\n<p>\u200bHaberin Al\u0131nt\u0131land\u0131\u011f\u0131 Kaynak: www.iskenderun.org<\/p>","protected":false},"excerpt":{"rendered":"<p>Ba\u011fc\u0131lar Belediyesi\u2019nce d\u00fczenlenen ve 9 g\u00fcn s\u00fcrecek olan 3. Ba\u011fc\u0131lar Kitap Fuar\u0131, 18 Ekim 2024 tarihinde Ba\u011fc\u0131lar Meydan\u0131\u2019nda kap\u0131lar\u0131n\u0131 a\u00e7\u0131yor. \u200bBa\u011fc\u0131lar Belediyesi\u2019nce d\u00fczenlenen ve 9 g\u00fcn s\u00fcrecek olan 3. Ba\u011fc\u0131lar Kitap Fuar\u0131, 18 Ekim 2024 tarihinde Ba\u011fc\u0131lar Meydan\u0131\u2019nda kap\u0131lar\u0131n\u0131 a\u00e7\u0131yor.\u00a0 \u200bHaberin Al\u0131nt\u0131land\u0131\u011f\u0131 Kaynak: www.iskenderun.org<\/p>","protected":false},"author":0,"featured_media":0,"comment_status":"open","ping_status":"open","sticky":false,"template":"","format":"standard","meta":{"_acf_changed":false,"footnotes":""},"categories":[24],"tags":[],"class_list":["post-3518","post","type-post","status-publish","format-standard","has-post-thumbnail","hentry","category-gundem"],"acf":[],"yoast_head":"<!-- This site is optimized with the Yoast SEO Premium plugin v26.6 (Yoast SEO v27.1.1) - https:\/\/yoast.com\/product\/yoast-seo-premium-wordpress\/ -->\n<title>&quot; Ba\u011fc\u0131lar Kitap Fuar\u0131, 18 Ekim\u2019de ba\u015fl\u0131yor&quot; - Av. Deniz Can K\u0131z\u0131l<\/title>\n<meta name=\"robots\" content=\"index, follow, max-snippet:-1, max-image-preview:large, max-video-preview:-1\" \/>\n<link rel=\"canonical\" href=\"https:\/\/denizcankizil.tr\/en\/haberler\/gundem\/bagcilar-kitap-fuari-18-ekimde-basliyor\/\" \/>\n<meta property=\"og:locale\" content=\"en_GB\" \/>\n<meta property=\"og:type\" content=\"article\" \/>\n<meta property=\"og:title\" content=\"&quot; Ba\u011fc\u0131lar Kitap Fuar\u0131, 18 Ekim\u2019de ba\u015fl\u0131yor&quot;\" \/>\n<meta property=\"og:description\" content=\"Ba\u011fc\u0131lar Belediyesi\u2019nce d\u00fczenlenen ve 9 g\u00fcn s\u00fcrecek olan 3. Ba\u011fc\u0131lar Kitap Fuar\u0131, 18 Ekim 2024 tarihinde Ba\u011fc\u0131lar Meydan\u0131\u2019nda kap\u0131lar\u0131n\u0131 a\u00e7\u0131yor. \u200bBa\u011fc\u0131lar Belediyesi\u2019nce d\u00fczenlenen ve 9 g\u00fcn s\u00fcrecek olan 3. Ba\u011fc\u0131lar Kitap Fuar\u0131, 18 Ekim 2024 tarihinde Ba\u011fc\u0131lar Meydan\u0131\u2019nda kap\u0131lar\u0131n\u0131 a\u00e7\u0131yor.\u00a0 \u200bHaberin Al\u0131nt\u0131land\u0131\u011f\u0131 Kaynak: www.iskenderun.org\" \/>\n<meta property=\"og:url\" content=\"https:\/\/denizcankizil.tr\/en\/haberler\/gundem\/bagcilar-kitap-fuari-18-ekimde-basliyor\/\" \/>\n<meta property=\"og:site_name\" content=\"Av. Deniz Can K\u0131z\u0131l\" \/>\n<meta property=\"article:published_time\" content=\"2024-10-16T16:47:51+00:00\" \/>\n<meta name=\"twitter:card\" content=\"summary_large_image\" \/>\n<script type=\"application\/ld+json\" class=\"yoast-schema-graph\">{\"@context\":\"https:\/\/schema.org\",\"@graph\":[{\"@type\":\"Article\",\"@id\":\"https:\/\/denizcankizil.tr\/ru\/haberler\/gundem\/bagcilar-kitap-fuari-18-ekimde-basliyor\/#article\",\"isPartOf\":{\"@id\":\"https:\/\/denizcankizil.tr\/ru\/haberler\/gundem\/bagcilar-kitap-fuari-18-ekimde-basliyor\/\"},\"author\":{\"name\":\"\",\"@id\":\"\"},\"headline\":\"&#8221; Ba\u011fc\u0131lar Kitap Fuar\u0131, 18 Ekim\u2019de ba\u015fl\u0131yor&#8221;\",\"datePublished\":\"2024-10-16T16:47:51+00:00\",\"mainEntityOfPage\":{\"@id\":\"https:\/\/denizcankizil.tr\/ru\/haberler\/gundem\/bagcilar-kitap-fuari-18-ekimde-basliyor\/\"},\"wordCount\":78,\"commentCount\":0,\"publisher\":{\"@id\":\"https:\/\/denizcankizil.tr\/de\/#organization\"},\"articleSection\":[\"G\u00fcndem\"],\"inLanguage\":\"en-GB\",\"potentialAction\":[{\"@type\":\"CommentAction\",\"name\":\"Comment\",\"target\":[\"https:\/\/denizcankizil.tr\/ru\/haberler\/gundem\/bagcilar-kitap-fuari-18-ekimde-basliyor\/#respond\"]}]},{\"@type\":\"WebPage\",\"@id\":\"https:\/\/denizcankizil.tr\/ru\/haberler\/gundem\/bagcilar-kitap-fuari-18-ekimde-basliyor\/\",\"url\":\"https:\/\/denizcankizil.tr\/ru\/haberler\/gundem\/bagcilar-kitap-fuari-18-ekimde-basliyor\/\",\"name\":\"\\\" Ba\u011fc\u0131lar Kitap Fuar\u0131, 18 Ekim\u2019de ba\u015fl\u0131yor\\\" - Av. Deniz Can K\u0131z\u0131l\",\"isPartOf\":{\"@id\":\"https:\/\/denizcankizil.tr\/de\/#website\"},\"datePublished\":\"2024-10-16T16:47:51+00:00\",\"breadcrumb\":{\"@id\":\"https:\/\/denizcankizil.tr\/ru\/haberler\/gundem\/bagcilar-kitap-fuari-18-ekimde-basliyor\/#breadcrumb\"},\"inLanguage\":\"en-GB\",\"potentialAction\":[{\"@type\":\"ReadAction\",\"target\":[\"https:\/\/denizcankizil.tr\/ru\/haberler\/gundem\/bagcilar-kitap-fuari-18-ekimde-basliyor\/\"]}]},{\"@type\":\"BreadcrumbList\",\"@id\":\"https:\/\/denizcankizil.tr\/ru\/haberler\/gundem\/bagcilar-kitap-fuari-18-ekimde-basliyor\/#breadcrumb\",\"itemListElement\":[{\"@type\":\"ListItem\",\"position\":1,\"name\":\"Home\",\"item\":\"https:\/\/denizcankizil.tr\/de\/\"},{\"@type\":\"ListItem\",\"position\":2,\"name\":\"&#8221; Ba\u011fc\u0131lar Kitap Fuar\u0131, 18 Ekim\u2019de ba\u015fl\u0131yor&#8221;\"}]},{\"@type\":\"WebSite\",\"@id\":\"https:\/\/denizcankizil.tr\/de\/#website\",\"url\":\"https:\/\/denizcankizil.tr\/de\/\",\"name\":\"Av. Deniz Can K\u0131z\u0131l\",\"description\":\"Avukat Deniz Can K\u0131z\u0131l Antalya Barosu\",\"publisher\":{\"@id\":\"https:\/\/denizcankizil.tr\/de\/#organization\"},\"potentialAction\":[{\"@type\":\"SearchAction\",\"target\":{\"@type\":\"EntryPoint\",\"urlTemplate\":\"https:\/\/denizcankizil.tr\/de\/?s={search_term_string}\"},\"query-input\":{\"@type\":\"PropertyValueSpecification\",\"valueRequired\":true,\"valueName\":\"search_term_string\"}}],\"inLanguage\":\"en-GB\"},{\"@type\":\"Organization\",\"@id\":\"https:\/\/denizcankizil.tr\/de\/#organization\",\"name\":\"Av. Deniz Can K\u0131z\u0131l\",\"url\":\"https:\/\/denizcankizil.tr\/de\/\",\"logo\":{\"@type\":\"ImageObject\",\"inLanguage\":\"en-GB\",\"@id\":\"https:\/\/denizcankizil.tr\/de\/#\/schema\/logo\/image\/\",\"url\":\"https:\/\/denizcankizil.tr\/wp-content\/uploads\/2024\/10\/siyah-logo-svg.svg\",\"contentUrl\":\"https:\/\/denizcankizil.tr\/wp-content\/uploads\/2024\/10\/siyah-logo-svg.svg\",\"width\":1080,\"height\":1080,\"caption\":\"Av. Deniz Can K\u0131z\u0131l\"},\"image\":{\"@id\":\"https:\/\/denizcankizil.tr\/de\/#\/schema\/logo\/image\/\"}}]}<\/script>\n<!-- \/ Yoast SEO Premium plugin. -->","yoast_head_json":{"title":"\" Ba\u011fc\u0131lar Kitap Fuar\u0131, 18 Ekim\u2019de ba\u015fl\u0131yor\" - Av. Deniz Can K\u0131z\u0131l","robots":{"index":"index","follow":"follow","max-snippet":"max-snippet:-1","max-image-preview":"max-image-preview:large","max-video-preview":"max-video-preview:-1"},"canonical":"https:\/\/denizcankizil.tr\/en\/haberler\/gundem\/bagcilar-kitap-fuari-18-ekimde-basliyor\/","og_locale":"en_GB","og_type":"article","og_title":"\" Ba\u011fc\u0131lar Kitap Fuar\u0131, 18 Ekim\u2019de ba\u015fl\u0131yor\"","og_description":"Ba\u011fc\u0131lar Belediyesi\u2019nce d\u00fczenlenen ve 9 g\u00fcn s\u00fcrecek olan 3. Ba\u011fc\u0131lar Kitap Fuar\u0131, 18 Ekim 2024 tarihinde Ba\u011fc\u0131lar Meydan\u0131\u2019nda kap\u0131lar\u0131n\u0131 a\u00e7\u0131yor. \u200bBa\u011fc\u0131lar Belediyesi\u2019nce d\u00fczenlenen ve 9 g\u00fcn s\u00fcrecek olan 3. Ba\u011fc\u0131lar Kitap Fuar\u0131, 18 Ekim 2024 tarihinde Ba\u011fc\u0131lar Meydan\u0131\u2019nda kap\u0131lar\u0131n\u0131 a\u00e7\u0131yor.\u00a0 \u200bHaberin Al\u0131nt\u0131land\u0131\u011f\u0131 Kaynak: www.iskenderun.org","og_url":"https:\/\/denizcankizil.tr\/en\/haberler\/gundem\/bagcilar-kitap-fuari-18-ekimde-basliyor\/","og_site_name":"Av. Deniz Can K\u0131z\u0131l","article_published_time":"2024-10-16T16:47:51+00:00","twitter_card":"summary_large_image","schema":{"@context":"https:\/\/schema.org","@graph":[{"@type":"Article","@id":"https:\/\/denizcankizil.tr\/ru\/haberler\/gundem\/bagcilar-kitap-fuari-18-ekimde-basliyor\/#article","isPartOf":{"@id":"https:\/\/denizcankizil.tr\/ru\/haberler\/gundem\/bagcilar-kitap-fuari-18-ekimde-basliyor\/"},"author":{"name":"","@id":""},"headline":"&#8221; Ba\u011fc\u0131lar Kitap Fuar\u0131, 18 Ekim\u2019de ba\u015fl\u0131yor&#8221;","datePublished":"2024-10-16T16:47:51+00:00","mainEntityOfPage":{"@id":"https:\/\/denizcankizil.tr\/ru\/haberler\/gundem\/bagcilar-kitap-fuari-18-ekimde-basliyor\/"},"wordCount":78,"commentCount":0,"publisher":{"@id":"https:\/\/denizcankizil.tr\/de\/#organization"},"articleSection":["G\u00fcndem"],"inLanguage":"en-GB","potentialAction":[{"@type":"CommentAction","name":"Comment","target":["https:\/\/denizcankizil.tr\/ru\/haberler\/gundem\/bagcilar-kitap-fuari-18-ekimde-basliyor\/#respond"]}]},{"@type":"WebPage","@id":"https:\/\/denizcankizil.tr\/ru\/haberler\/gundem\/bagcilar-kitap-fuari-18-ekimde-basliyor\/","url":"https:\/\/denizcankizil.tr\/ru\/haberler\/gundem\/bagcilar-kitap-fuari-18-ekimde-basliyor\/","name":"\" Ba\u011fc\u0131lar Kitap Fuar\u0131, 18 Ekim\u2019de ba\u015fl\u0131yor\" - Av. Deniz Can K\u0131z\u0131l","isPartOf":{"@id":"https:\/\/denizcankizil.tr\/de\/#website"},"datePublished":"2024-10-16T16:47:51+00:00","breadcrumb":{"@id":"https:\/\/denizcankizil.tr\/ru\/haberler\/gundem\/bagcilar-kitap-fuari-18-ekimde-basliyor\/#breadcrumb"},"inLanguage":"en-GB","potentialAction":[{"@type":"ReadAction","target":["https:\/\/denizcankizil.tr\/ru\/haberler\/gundem\/bagcilar-kitap-fuari-18-ekimde-basliyor\/"]}]},{"@type":"BreadcrumbList","@id":"https:\/\/denizcankizil.tr\/ru\/haberler\/gundem\/bagcilar-kitap-fuari-18-ekimde-basliyor\/#breadcrumb","itemListElement":[{"@type":"ListItem","position":1,"name":"Home","item":"https:\/\/denizcankizil.tr\/de\/"},{"@type":"ListItem","position":2,"name":"&#8221; Ba\u011fc\u0131lar Kitap Fuar\u0131, 18 Ekim\u2019de ba\u015fl\u0131yor&#8221;"}]},{"@type":"WebSite","@id":"https:\/\/denizcankizil.tr\/de\/#website","url":"https:\/\/denizcankizil.tr\/de\/","name":"Av. Deniz Can K\u0131z\u0131l","description":"Avukat Deniz Can K\u0131z\u0131l Antalya Barosu","publisher":{"@id":"https:\/\/denizcankizil.tr\/de\/#organization"},"potentialAction":[{"@type":"SearchAction","target":{"@type":"EntryPoint","urlTemplate":"https:\/\/denizcankizil.tr\/de\/?s={search_term_string}"},"query-input":{"@type":"PropertyValueSpecification","valueRequired":true,"valueName":"search_term_string"}}],"inLanguage":"en-GB"},{"@type":"Organization","@id":"https:\/\/denizcankizil.tr\/de\/#organization","name":"Av. Deniz Can K\u0131z\u0131l","url":"https:\/\/denizcankizil.tr\/de\/","logo":{"@type":"ImageObject","inLanguage":"en-GB","@id":"https:\/\/denizcankizil.tr\/de\/#\/schema\/logo\/image\/","url":"https:\/\/denizcankizil.tr\/wp-content\/uploads\/2024\/10\/siyah-logo-svg.svg","contentUrl":"https:\/\/denizcankizil.tr\/wp-content\/uploads\/2024\/10\/siyah-logo-svg.svg","width":1080,"height":1080,"caption":"Av. Deniz Can K\u0131z\u0131l"},"image":{"@id":"https:\/\/denizcankizil.tr\/de\/#\/schema\/logo\/image\/"}}]}},"_links":{"self":[{"href":"https:\/\/denizcankizil.tr\/en\/wp-json\/wp\/v2\/posts\/3518","targetHints":{"allow":["GET"]}}],"collection":[{"href":"https:\/\/denizcankizil.tr\/en\/wp-json\/wp\/v2\/posts"}],"about":[{"href":"https:\/\/denizcankizil.tr\/en\/wp-json\/wp\/v2\/types\/post"}],"replies":[{"embeddable":true,"href":"https:\/\/denizcankizil.tr\/en\/wp-json\/wp\/v2\/comments?post=3518"}],"version-history":[{"count":0,"href":"https:\/\/denizcankizil.tr\/en\/wp-json\/wp\/v2\/posts\/3518\/revisions"}],"wp:attachment":[{"href":"https:\/\/denizcankizil.tr\/en\/wp-json\/wp\/v2\/media?parent=3518"}],"wp:term":[{"taxonomy":"category","embeddable":true,"href":"https:\/\/denizcankizil.tr\/en\/wp-json\/wp\/v2\/categories?post=3518"},{"taxonomy":"post_tag","embeddable":true,"href":"https:\/\/denizcankizil.tr\/en\/wp-json\/wp\/v2\/tags?post=3518"}],"curies":[{"name":"wp","href":"https:\/\/api.w.org\/{rel}","templated":true}]}}