{"id":35135,"date":"2025-03-08T15:41:49","date_gmt":"2025-03-08T12:41:49","guid":{"rendered":"https:\/\/denizcankizil.tr\/uncategorized-tr\/taraftardan-dogum-gunu-surprizi\/"},"modified":"2025-03-08T15:41:49","modified_gmt":"2025-03-08T12:41:49","slug":"taraftardan-dogum-gunu-surprizi","status":"publish","type":"post","link":"https:\/\/denizcankizil.tr\/en\/haberler\/antalya\/taraftardan-dogum-gunu-surprizi\/","title":{"rendered":"Taraftardan do\u011fum g\u00fcn\u00fc s\u00fcrprizi"},"content":{"rendered":"<p>Antalyaspor taraftarlar\u0131 ve yak\u0131nlar\u0131, hastane \u00f6n\u00fcnde me\u015falelerle toplanarak \u00d6zkan&#8217;a destek oldu. Mehmet \u00d6zkan, do\u011fum g\u00fcn\u00fc kutlamalar\u0131ndan duydu\u011fu memnuniyeti dile getirerek, &#8220;Her an her \u015fey olabiliyor hayatta. O y\u00fczden hi\u00e7 yerimde durmayaca\u011f\u0131m&#8221; dedi.<br \/>\nD\u00fcn ak\u015fam saatlerinde Medstar Antalya Hastanesi \u00f6n\u00fcnde toplanan Antalyaspor taraftarlar\u0131 ve Mehmet&#8217;in ailesi, gen\u00e7 adama b\u00fcy\u00fck bir s\u00fcrpriz haz\u0131rlad\u0131. Onlarca ki\u015fi, hastanenin \u00f6n\u00fcn\u00fc me\u015falelerle ayd\u0131nlatarak &#8220;\u0130yi ki do\u011fdun Mehmet&#8221; tezah\u00fcratlar\u0131yla gen\u00e7 adama destek mesajlar\u0131n\u0131 iletti. Hastanenin 10. kat\u0131nda yatan Mehmet \u00d6zkan, camdan d\u0131\u015far\u0131ya bakarak bu co\u015fkulu anlar\u0131 izledi ve b\u00fcy\u00fck mutluluk ya\u015fad\u0131. Bu \u00f6zel do\u011fum g\u00fcn\u00fc kutlamas\u0131, Mehmet&#8217;in hastal\u0131k s\u00fcrecindeki moral ve motivasyonunu art\u0131r\u0131rken, gen\u00e7 adam\u0131n hayata olan ba\u011fl\u0131l\u0131\u011f\u0131n\u0131 daha da g\u00fc\u00e7lendirdi.<\/p>\n<p>Zorlu hastal\u0131k s\u00fcreci<br \/>\nMehmet \u00d6zkan, yakla\u015f\u0131k alt\u0131 ay \u00f6nce \u015fiddetli ba\u015f a\u011fr\u0131s\u0131 \u015fikayetiyle hastaneye ba\u015fvurdu. Yap\u0131lan testler sonucunda kan de\u011ferlerinin \u00e7ok d\u00fc\u015f\u00fck oldu\u011fu belirlenen gen\u00e7 adama ilik kanseri te\u015fhisi konuldu. Bunun ard\u0131ndan ailesinin \u00f6nerisiyle Medstar Antalya Hastanesi&#8217;nde \u0130\u00e7 Hastal\u0131klar\u0131 ve Hematoloji Uzman\u0131 Prof. Dr. Mustafa \u00c7etin&#8217;e ba\u015fvuran \u00d6zkan, 5 Ocak 2025&#8217;te 16 ya\u015f\u0131ndaki k\u0131z karde\u015finden ilik nakli oldu.<br \/>\n\u0130lik nakli sonras\u0131nda sa\u011fl\u0131\u011f\u0131na kavu\u015fan Mehmet \u00d6zkan , enfeksiyon nedeniyle yeniden hastanede tedavi alt\u0131na al\u0131nd\u0131. \u00dc\u00e7 ayd\u0131r hastanede kalan Mehmet \u00d6zkan, hastane y\u00f6netimi ve doktorlar\u0131n\u0131n deste\u011fiyle tedavi s\u00fcrecine devam ediyor. Do\u011fum g\u00fcn\u00fc kutlamas\u0131 \u00f6ncesinde hastane y\u00f6netimi de kendisine k\u00fc\u00e7\u00fck bir s\u00fcrpriz yaparak moral vermeye \u00e7al\u0131\u015ft\u0131.<br \/>\nMehmet \u00d6zkan, do\u011fum g\u00fcn\u00fc kutlamalar\u0131ndan duydu\u011fu memnuniyeti dile getirerek, &#8220;Bundan sonra hayallerim kendimi kapatmamak. Hayat\u0131 ya\u015famak, her an her \u015fey olabiliyor hayatta. O y\u00fczden hi\u00e7 yerimde durmayaca\u011f\u0131m&#8221; dedi.<br \/>\n\u015eiddetli ba\u015f a\u011fr\u0131s\u0131yla ba\u015fvurdu<br \/>\nMehmet \u00d6zkan, hastal\u0131k s\u00fcrecine dair duygular\u0131n\u0131 ise \u015fu s\u00f6zlerle payla\u015ft\u0131: &#8220;Hi\u00e7bir \u015feyim yoktu normalde. Bir gece \u00e7ok \u015fiddetli bir \u015fekilde ba\u015f a\u011fr\u0131s\u0131 ba\u015flad\u0131. Hastaneye gittik, tansiyonumun \u00e7ok y\u00fcksek oldu\u011funu s\u00f6ylediler. Ertesi sabah a\u011fr\u0131m ge\u00e7meyince tekrar hastaneye gittik. Kan de\u011ferlerimin \u00e7ok d\u00fc\u015f\u00fck oldu\u011fu ortaya \u00e7\u0131kt\u0131. Daha sonra testler yap\u0131ld\u0131 ve 23 Eyl\u00fcl 2024&#8217;te kanser te\u015fhisi konuldu. Farkl\u0131 hastaneleri dola\u015ft\u0131k ve en sonunda Medstar Antalya Hastanesi&#8217;ne geldik. Burada Prof. Dr. Mustafa \u00c7etin taraf\u0131ndan tedavi alt\u0131na al\u0131nd\u0131m.&#8221;<br \/>\nMehmet \u00d6zkan, ilik nakli s\u00fcrecine dair duygular\u0131n\u0131 ise \u015fu \u015fekilde ifade etti: &#8220;\u0130lk \u00f6nce 3-4 k\u00fcr kemoterapi ald\u0131m, t\u00fcm h\u00fccreleri \u00f6ld\u00fcrd\u00fcler. Sonras\u0131nda 5 Ocak 2025 tarihinde k\u0131z karde\u015fimden ilik nakli oldum. Normalde 6-7 saatte toplanan ilik, onda 200 saatte topland\u0131 ma\u015fallah ve ba\u015far\u0131yla bana nakledildi. \u0130lk ba\u015flarda her \u015fey yolundayd\u0131 ama daha sonra bir enfeksiyona yakaland\u0131m. \u015eu an iyile\u015fme s\u00fcrecindeyim. K\u0131z karde\u015fimle nakil s\u00fcrecinde bir hafta boyunca ayn\u0131 odada kald\u0131k, bu s\u00fcre\u00e7 benim i\u00e7in \u00e7ok anlaml\u0131yd\u0131.&#8221;<br \/>\nHastane s\u00fcreciyle ilgili de konu\u015fan Mehmet, &#8220;3 ayd\u0131r hastanedeyim. \u0130lk nakilden \u00f6nce de buradayd\u0131m. Hastane y\u00f6netimine ve sa\u011fl\u0131k ekibine \u00e7ok te\u015fekk\u00fcr ederim. \u0130lk olarak onlar bana s\u00fcrpriz yapt\u0131. Hi\u00e7 beklemiyordum. Yat\u0131yordum, bir anda s\u00fcrpriz yapt\u0131lar. Sonra Antalyaspor taraftarlar\u0131 ve akrabalar\u0131m geldi. \u00c7ok g\u00fczel bir kutlama oldu. Moral ve motivasyon olarak bana \u00e7ok iyi geldi&#8221; dedi.<\/p>\n<p>&#8220;Yak\u0131nda taburcu olmas\u0131n\u0131 planl\u0131yoruz&#8221;<br \/>\n&#8220;Mehmet \u00d6zkan&#8217;\u0131n tedavisini y\u00fcr\u00fcten Prof. Dr. Mustafa \u00c7etin, gen\u00e7 hastan\u0131n sa\u011fl\u0131k durumuyla ilgili \u015fu a\u00e7\u0131klamalar\u0131 yapt\u0131: &#8220;Mehmet karde\u015fimiz bize yakla\u015f\u0131k alt\u0131 ay \u00f6nce geldi. Akut l\u00f6semi te\u015fhisi kondu. \u0130lk a\u015famada kemoterapi tedavisiyle hastal\u0131\u011f\u0131 kontrol alt\u0131na ald\u0131k. Daha sonra hastal\u0131\u011f\u0131n tekrarlamamas\u0131 i\u00e7in ilik nakli uygulad\u0131k. Karde\u015finden tam uyumlu bir nakil ger\u00e7ekle\u015ftirildi. Her \u015fey yolunda giderken Mehmet ciddi bir mantar enfeksiyonu ge\u00e7irdi, ancak bunu da atlatt\u0131. \u015eu an sa\u011fl\u0131k durumu iyi ve yak\u0131nda taburcu olmas\u0131n\u0131 planl\u0131yoruz.&#8221;<\/p>\n<p>Kaynak: www.kanalv.com.tr Haber Sitesinden Al\u0131nm\u0131\u015ft\u0131r.<\/p>","protected":false},"excerpt":{"rendered":"<p>Antalyaspor taraftarlar\u0131 ve yak\u0131nlar\u0131, hastane \u00f6n\u00fcnde me\u015falelerle toplanarak \u00d6zkan&#8217;a destek oldu. Mehmet \u00d6zkan, do\u011fum g\u00fcn\u00fc kutlamalar\u0131ndan duydu\u011fu memnuniyeti dile getirerek, &#8220;Her an her \u015fey olabiliyor hayatta. O y\u00fczden hi\u00e7 yerimde durmayaca\u011f\u0131m&#8221; dedi. D\u00fcn ak\u015fam saatlerinde Medstar Antalya Hastanesi \u00f6n\u00fcnde toplanan Antalyaspor taraftarlar\u0131 ve Mehmet&#8217;in ailesi, gen\u00e7 adama b\u00fcy\u00fck bir s\u00fcrpriz haz\u0131rlad\u0131. Onlarca ki\u015fi, hastanenin \u00f6n\u00fcn\u00fc me\u015falelerle ayd\u0131nlatarak &#8220;\u0130yi ki do\u011fdun Mehmet&#8221; tezah\u00fcratlar\u0131yla gen\u00e7 adama destek mesajlar\u0131n\u0131 iletti. Hastanenin 10. kat\u0131nda yatan Mehmet \u00d6zkan, camdan d\u0131\u015far\u0131ya bakarak bu co\u015fkulu anlar\u0131 izledi ve b\u00fcy\u00fck mutluluk ya\u015fad\u0131. Bu \u00f6zel do\u011fum g\u00fcn\u00fc kutlamas\u0131, Mehmet&#8217;in hastal\u0131k s\u00fcrecindeki moral ve motivasyonunu art\u0131r\u0131rken, gen\u00e7 adam\u0131n hayata olan ba\u011fl\u0131l\u0131\u011f\u0131n\u0131 daha da g\u00fc\u00e7lendirdi. Zorlu hastal\u0131k s\u00fcreci Mehmet \u00d6zkan, yakla\u015f\u0131k alt\u0131 ay \u00f6nce \u015fiddetli ba\u015f a\u011fr\u0131s\u0131 \u015fikayetiyle hastaneye ba\u015fvurdu. Yap\u0131lan testler sonucunda kan de\u011ferlerinin \u00e7ok d\u00fc\u015f\u00fck oldu\u011fu belirlenen gen\u00e7 adama ilik kanseri te\u015fhisi konuldu. Bunun ard\u0131ndan ailesinin \u00f6nerisiyle Medstar Antalya Hastanesi&#8217;nde \u0130\u00e7 Hastal\u0131klar\u0131 ve Hematoloji Uzman\u0131 Prof. Dr. Mustafa \u00c7etin&#8217;e ba\u015fvuran \u00d6zkan, 5 Ocak 2025&#8217;te 16 ya\u015f\u0131ndaki k\u0131z karde\u015finden ilik nakli oldu. \u0130lik nakli sonras\u0131nda sa\u011fl\u0131\u011f\u0131na kavu\u015fan Mehmet \u00d6zkan , enfeksiyon nedeniyle yeniden hastanede tedavi alt\u0131na al\u0131nd\u0131. \u00dc\u00e7 ayd\u0131r hastanede kalan Mehmet \u00d6zkan, hastane y\u00f6netimi ve doktorlar\u0131n\u0131n deste\u011fiyle tedavi s\u00fcrecine devam ediyor. Do\u011fum g\u00fcn\u00fc kutlamas\u0131 \u00f6ncesinde hastane y\u00f6netimi de kendisine &hellip;<\/p>","protected":false},"author":4,"featured_media":35136,"comment_status":"open","ping_status":"open","sticky":false,"template":"","format":"standard","meta":{"_acf_changed":false,"footnotes":""},"categories":[26],"tags":[],"class_list":["post-35135","post","type-post","status-publish","format-standard","has-post-thumbnail","hentry","category-antalya"],"acf":[],"yoast_head":"<!-- This site is optimized with the Yoast SEO Premium plugin v26.6 (Yoast SEO v27.1.1) - https:\/\/yoast.com\/product\/yoast-seo-premium-wordpress\/ -->\n<title>Taraftardan do\u011fum g\u00fcn\u00fc s\u00fcrprizi - Av. Deniz Can K\u0131z\u0131l<\/title>\n<meta name=\"robots\" content=\"index, follow, max-snippet:-1, max-image-preview:large, max-video-preview:-1\" \/>\n<link rel=\"canonical\" href=\"https:\/\/denizcankizil.tr\/en\/haberler\/antalya\/taraftardan-dogum-gunu-surprizi\/\" \/>\n<meta property=\"og:locale\" content=\"en_GB\" \/>\n<meta property=\"og:type\" content=\"article\" \/>\n<meta property=\"og:title\" content=\"Taraftardan do\u011fum g\u00fcn\u00fc s\u00fcrprizi\" \/>\n<meta property=\"og:description\" content=\"Antalyaspor taraftarlar\u0131 ve yak\u0131nlar\u0131, hastane \u00f6n\u00fcnde me\u015falelerle toplanarak \u00d6zkan&#8217;a destek oldu. Mehmet \u00d6zkan, do\u011fum g\u00fcn\u00fc kutlamalar\u0131ndan duydu\u011fu memnuniyeti dile getirerek, &#8220;Her an her \u015fey olabiliyor hayatta. O y\u00fczden hi\u00e7 yerimde durmayaca\u011f\u0131m&#8221; dedi. D\u00fcn ak\u015fam saatlerinde Medstar Antalya Hastanesi \u00f6n\u00fcnde toplanan Antalyaspor taraftarlar\u0131 ve Mehmet&#8217;in ailesi, gen\u00e7 adama b\u00fcy\u00fck bir s\u00fcrpriz haz\u0131rlad\u0131. Onlarca ki\u015fi, hastanenin \u00f6n\u00fcn\u00fc me\u015falelerle ayd\u0131nlatarak &#8220;\u0130yi ki do\u011fdun Mehmet&#8221; tezah\u00fcratlar\u0131yla gen\u00e7 adama destek mesajlar\u0131n\u0131 iletti. Hastanenin 10. kat\u0131nda yatan Mehmet \u00d6zkan, camdan d\u0131\u015far\u0131ya bakarak bu co\u015fkulu anlar\u0131 izledi ve b\u00fcy\u00fck mutluluk ya\u015fad\u0131. Bu \u00f6zel do\u011fum g\u00fcn\u00fc kutlamas\u0131, Mehmet&#8217;in hastal\u0131k s\u00fcrecindeki moral ve motivasyonunu art\u0131r\u0131rken, gen\u00e7 adam\u0131n hayata olan ba\u011fl\u0131l\u0131\u011f\u0131n\u0131 daha da g\u00fc\u00e7lendirdi. Zorlu hastal\u0131k s\u00fcreci Mehmet \u00d6zkan, yakla\u015f\u0131k alt\u0131 ay \u00f6nce \u015fiddetli ba\u015f a\u011fr\u0131s\u0131 \u015fikayetiyle hastaneye ba\u015fvurdu. Yap\u0131lan testler sonucunda kan de\u011ferlerinin \u00e7ok d\u00fc\u015f\u00fck oldu\u011fu belirlenen gen\u00e7 adama ilik kanseri te\u015fhisi konuldu. Bunun ard\u0131ndan ailesinin \u00f6nerisiyle Medstar Antalya Hastanesi&#8217;nde \u0130\u00e7 Hastal\u0131klar\u0131 ve Hematoloji Uzman\u0131 Prof. Dr. Mustafa \u00c7etin&#8217;e ba\u015fvuran \u00d6zkan, 5 Ocak 2025&#8217;te 16 ya\u015f\u0131ndaki k\u0131z karde\u015finden ilik nakli oldu. \u0130lik nakli sonras\u0131nda sa\u011fl\u0131\u011f\u0131na kavu\u015fan Mehmet \u00d6zkan , enfeksiyon nedeniyle yeniden hastanede tedavi alt\u0131na al\u0131nd\u0131. \u00dc\u00e7 ayd\u0131r hastanede kalan Mehmet \u00d6zkan, hastane y\u00f6netimi ve doktorlar\u0131n\u0131n deste\u011fiyle tedavi s\u00fcrecine devam ediyor. Do\u011fum g\u00fcn\u00fc kutlamas\u0131 \u00f6ncesinde hastane y\u00f6netimi de kendisine &hellip;\" \/>\n<meta property=\"og:url\" content=\"https:\/\/denizcankizil.tr\/en\/haberler\/antalya\/taraftardan-dogum-gunu-surprizi\/\" \/>\n<meta property=\"og:site_name\" content=\"Av. Deniz Can K\u0131z\u0131l\" \/>\n<meta property=\"article:published_time\" content=\"2025-03-08T12:41:49+00:00\" \/>\n<meta property=\"og:image\" content=\"https:\/\/denizcankizil.tr\/wp-content\/uploads\/2025\/03\/5402-01-jR9UIH.jpeg\" \/>\n\t<meta property=\"og:image:width\" content=\"1280\" \/>\n\t<meta property=\"og:image:height\" content=\"720\" \/>\n\t<meta property=\"og:image:type\" content=\"image\/jpeg\" \/>\n<meta name=\"author\" content=\"Av. Deniz Can K\u0131z\u0131l\" \/>\n<meta name=\"twitter:card\" content=\"summary_large_image\" \/>\n<meta name=\"twitter:label1\" content=\"Written by\" \/>\n\t<meta name=\"twitter:data1\" content=\"Av. Deniz Can K\u0131z\u0131l\" \/>\n\t<meta name=\"twitter:label2\" content=\"Estimated reading time\" \/>\n\t<meta name=\"twitter:data2\" content=\"4 minutes\" \/>\n<script type=\"application\/ld+json\" class=\"yoast-schema-graph\">{\"@context\":\"https:\/\/schema.org\",\"@graph\":[{\"@type\":\"Article\",\"@id\":\"https:\/\/denizcankizil.tr\/en\/haberler\/antalya\/taraftardan-dogum-gunu-surprizi\/#article\",\"isPartOf\":{\"@id\":\"https:\/\/denizcankizil.tr\/en\/haberler\/antalya\/taraftardan-dogum-gunu-surprizi\/\"},\"author\":{\"name\":\"Av. Deniz Can K\u0131z\u0131l\",\"@id\":\"https:\/\/denizcankizil.tr\/#\/schema\/person\/5dc1b22991bd7ac833867c10afc9b0ff\"},\"headline\":\"Taraftardan do\u011fum g\u00fcn\u00fc s\u00fcrprizi\",\"datePublished\":\"2025-03-08T12:41:49+00:00\",\"mainEntityOfPage\":{\"@id\":\"https:\/\/denizcankizil.tr\/en\/haberler\/antalya\/taraftardan-dogum-gunu-surprizi\/\"},\"wordCount\":719,\"commentCount\":0,\"publisher\":{\"@id\":\"https:\/\/denizcankizil.tr\/#organization\"},\"image\":{\"@id\":\"https:\/\/denizcankizil.tr\/en\/haberler\/antalya\/taraftardan-dogum-gunu-surprizi\/#primaryimage\"},\"thumbnailUrl\":\"https:\/\/denizcankizil.tr\/wp-content\/uploads\/2025\/03\/5402-01-jR9UIH.jpeg\",\"articleSection\":[\"Antalya\"],\"inLanguage\":\"en-GB\",\"potentialAction\":[{\"@type\":\"CommentAction\",\"name\":\"Comment\",\"target\":[\"https:\/\/denizcankizil.tr\/en\/haberler\/antalya\/taraftardan-dogum-gunu-surprizi\/#respond\"]}]},{\"@type\":\"WebPage\",\"@id\":\"https:\/\/denizcankizil.tr\/en\/haberler\/antalya\/taraftardan-dogum-gunu-surprizi\/\",\"url\":\"https:\/\/denizcankizil.tr\/en\/haberler\/antalya\/taraftardan-dogum-gunu-surprizi\/\",\"name\":\"Taraftardan do\u011fum g\u00fcn\u00fc s\u00fcrprizi - Av. Deniz Can K\u0131z\u0131l\",\"isPartOf\":{\"@id\":\"https:\/\/denizcankizil.tr\/#website\"},\"primaryImageOfPage\":{\"@id\":\"https:\/\/denizcankizil.tr\/en\/haberler\/antalya\/taraftardan-dogum-gunu-surprizi\/#primaryimage\"},\"image\":{\"@id\":\"https:\/\/denizcankizil.tr\/en\/haberler\/antalya\/taraftardan-dogum-gunu-surprizi\/#primaryimage\"},\"thumbnailUrl\":\"https:\/\/denizcankizil.tr\/wp-content\/uploads\/2025\/03\/5402-01-jR9UIH.jpeg\",\"datePublished\":\"2025-03-08T12:41:49+00:00\",\"breadcrumb\":{\"@id\":\"https:\/\/denizcankizil.tr\/en\/haberler\/antalya\/taraftardan-dogum-gunu-surprizi\/#breadcrumb\"},\"inLanguage\":\"en-GB\",\"potentialAction\":[{\"@type\":\"ReadAction\",\"target\":[\"https:\/\/denizcankizil.tr\/en\/haberler\/antalya\/taraftardan-dogum-gunu-surprizi\/\"]}]},{\"@type\":\"ImageObject\",\"inLanguage\":\"en-GB\",\"@id\":\"https:\/\/denizcankizil.tr\/en\/haberler\/antalya\/taraftardan-dogum-gunu-surprizi\/#primaryimage\",\"url\":\"https:\/\/denizcankizil.tr\/wp-content\/uploads\/2025\/03\/5402-01-jR9UIH.jpeg\",\"contentUrl\":\"https:\/\/denizcankizil.tr\/wp-content\/uploads\/2025\/03\/5402-01-jR9UIH.jpeg\",\"width\":1280,\"height\":720},{\"@type\":\"BreadcrumbList\",\"@id\":\"https:\/\/denizcankizil.tr\/en\/haberler\/antalya\/taraftardan-dogum-gunu-surprizi\/#breadcrumb\",\"itemListElement\":[{\"@type\":\"ListItem\",\"position\":1,\"name\":\"Home\",\"item\":\"https:\/\/denizcankizil.tr\/de\/\"},{\"@type\":\"ListItem\",\"position\":2,\"name\":\"Taraftardan do\u011fum g\u00fcn\u00fc s\u00fcrprizi\"}]},{\"@type\":\"WebSite\",\"@id\":\"https:\/\/denizcankizil.tr\/#website\",\"url\":\"https:\/\/denizcankizil.tr\/\",\"name\":\"Av. Deniz Can K\u0131z\u0131l\",\"description\":\"Avukat Deniz Can K\u0131z\u0131l Antalya Barosu\",\"publisher\":{\"@id\":\"https:\/\/denizcankizil.tr\/#organization\"},\"potentialAction\":[{\"@type\":\"SearchAction\",\"target\":{\"@type\":\"EntryPoint\",\"urlTemplate\":\"https:\/\/denizcankizil.tr\/?s={search_term_string}\"},\"query-input\":{\"@type\":\"PropertyValueSpecification\",\"valueRequired\":true,\"valueName\":\"search_term_string\"}}],\"inLanguage\":\"en-GB\"},{\"@type\":\"Organization\",\"@id\":\"https:\/\/denizcankizil.tr\/#organization\",\"name\":\"Av. Deniz Can K\u0131z\u0131l\",\"url\":\"https:\/\/denizcankizil.tr\/\",\"logo\":{\"@type\":\"ImageObject\",\"inLanguage\":\"en-GB\",\"@id\":\"https:\/\/denizcankizil.tr\/#\/schema\/logo\/image\/\",\"url\":\"https:\/\/denizcankizil.tr\/wp-content\/uploads\/2024\/10\/siyah-logo-svg.svg\",\"contentUrl\":\"https:\/\/denizcankizil.tr\/wp-content\/uploads\/2024\/10\/siyah-logo-svg.svg\",\"width\":1080,\"height\":1080,\"caption\":\"Av. Deniz Can K\u0131z\u0131l\"},\"image\":{\"@id\":\"https:\/\/denizcankizil.tr\/#\/schema\/logo\/image\/\"}},{\"@type\":\"Person\",\"@id\":\"https:\/\/denizcankizil.tr\/#\/schema\/person\/5dc1b22991bd7ac833867c10afc9b0ff\",\"name\":\"Av. Deniz Can K\u0131z\u0131l\",\"image\":{\"@type\":\"ImageObject\",\"inLanguage\":\"en-GB\",\"@id\":\"https:\/\/denizcankizil.tr\/#\/schema\/person\/image\/\",\"url\":\"https:\/\/secure.gravatar.com\/avatar\/a0b128fb9855c79efc976d5640eedb31dc35ec297594d6016d2cf7c60e975bb6?s=96&d=mm&r=g\",\"contentUrl\":\"https:\/\/secure.gravatar.com\/avatar\/a0b128fb9855c79efc976d5640eedb31dc35ec297594d6016d2cf7c60e975bb6?s=96&d=mm&r=g\",\"caption\":\"Av. Deniz Can K\u0131z\u0131l\"},\"sameAs\":[\"http:\/\/www.denizcankizil.tr\"],\"url\":\"https:\/\/denizcankizil.tr\/en\/author\/denizcankizil\/\"}]}<\/script>\n<!-- \/ Yoast SEO Premium plugin. -->","yoast_head_json":{"title":"Taraftardan do\u011fum g\u00fcn\u00fc s\u00fcrprizi - Av. Deniz Can K\u0131z\u0131l","robots":{"index":"index","follow":"follow","max-snippet":"max-snippet:-1","max-image-preview":"max-image-preview:large","max-video-preview":"max-video-preview:-1"},"canonical":"https:\/\/denizcankizil.tr\/en\/haberler\/antalya\/taraftardan-dogum-gunu-surprizi\/","og_locale":"en_GB","og_type":"article","og_title":"Taraftardan do\u011fum g\u00fcn\u00fc s\u00fcrprizi","og_description":"Antalyaspor taraftarlar\u0131 ve yak\u0131nlar\u0131, hastane \u00f6n\u00fcnde me\u015falelerle toplanarak \u00d6zkan&#8217;a destek oldu. Mehmet \u00d6zkan, do\u011fum g\u00fcn\u00fc kutlamalar\u0131ndan duydu\u011fu memnuniyeti dile getirerek, &#8220;Her an her \u015fey olabiliyor hayatta. O y\u00fczden hi\u00e7 yerimde durmayaca\u011f\u0131m&#8221; dedi. D\u00fcn ak\u015fam saatlerinde Medstar Antalya Hastanesi \u00f6n\u00fcnde toplanan Antalyaspor taraftarlar\u0131 ve Mehmet&#8217;in ailesi, gen\u00e7 adama b\u00fcy\u00fck bir s\u00fcrpriz haz\u0131rlad\u0131. Onlarca ki\u015fi, hastanenin \u00f6n\u00fcn\u00fc me\u015falelerle ayd\u0131nlatarak &#8220;\u0130yi ki do\u011fdun Mehmet&#8221; tezah\u00fcratlar\u0131yla gen\u00e7 adama destek mesajlar\u0131n\u0131 iletti. Hastanenin 10. kat\u0131nda yatan Mehmet \u00d6zkan, camdan d\u0131\u015far\u0131ya bakarak bu co\u015fkulu anlar\u0131 izledi ve b\u00fcy\u00fck mutluluk ya\u015fad\u0131. Bu \u00f6zel do\u011fum g\u00fcn\u00fc kutlamas\u0131, Mehmet&#8217;in hastal\u0131k s\u00fcrecindeki moral ve motivasyonunu art\u0131r\u0131rken, gen\u00e7 adam\u0131n hayata olan ba\u011fl\u0131l\u0131\u011f\u0131n\u0131 daha da g\u00fc\u00e7lendirdi. Zorlu hastal\u0131k s\u00fcreci Mehmet \u00d6zkan, yakla\u015f\u0131k alt\u0131 ay \u00f6nce \u015fiddetli ba\u015f a\u011fr\u0131s\u0131 \u015fikayetiyle hastaneye ba\u015fvurdu. Yap\u0131lan testler sonucunda kan de\u011ferlerinin \u00e7ok d\u00fc\u015f\u00fck oldu\u011fu belirlenen gen\u00e7 adama ilik kanseri te\u015fhisi konuldu. Bunun ard\u0131ndan ailesinin \u00f6nerisiyle Medstar Antalya Hastanesi&#8217;nde \u0130\u00e7 Hastal\u0131klar\u0131 ve Hematoloji Uzman\u0131 Prof. Dr. Mustafa \u00c7etin&#8217;e ba\u015fvuran \u00d6zkan, 5 Ocak 2025&#8217;te 16 ya\u015f\u0131ndaki k\u0131z karde\u015finden ilik nakli oldu. \u0130lik nakli sonras\u0131nda sa\u011fl\u0131\u011f\u0131na kavu\u015fan Mehmet \u00d6zkan , enfeksiyon nedeniyle yeniden hastanede tedavi alt\u0131na al\u0131nd\u0131. \u00dc\u00e7 ayd\u0131r hastanede kalan Mehmet \u00d6zkan, hastane y\u00f6netimi ve doktorlar\u0131n\u0131n deste\u011fiyle tedavi s\u00fcrecine devam ediyor. Do\u011fum g\u00fcn\u00fc kutlamas\u0131 \u00f6ncesinde hastane y\u00f6netimi de kendisine &hellip;","og_url":"https:\/\/denizcankizil.tr\/en\/haberler\/antalya\/taraftardan-dogum-gunu-surprizi\/","og_site_name":"Av. Deniz Can K\u0131z\u0131l","article_published_time":"2025-03-08T12:41:49+00:00","og_image":[{"width":1280,"height":720,"url":"https:\/\/denizcankizil.tr\/wp-content\/uploads\/2025\/03\/5402-01-jR9UIH.jpeg","type":"image\/jpeg"}],"author":"Av. Deniz Can K\u0131z\u0131l","twitter_card":"summary_large_image","twitter_misc":{"Written by":"Av. Deniz Can K\u0131z\u0131l","Estimated reading time":"4 minutes"},"schema":{"@context":"https:\/\/schema.org","@graph":[{"@type":"Article","@id":"https:\/\/denizcankizil.tr\/en\/haberler\/antalya\/taraftardan-dogum-gunu-surprizi\/#article","isPartOf":{"@id":"https:\/\/denizcankizil.tr\/en\/haberler\/antalya\/taraftardan-dogum-gunu-surprizi\/"},"author":{"name":"Av. Deniz Can K\u0131z\u0131l","@id":"https:\/\/denizcankizil.tr\/#\/schema\/person\/5dc1b22991bd7ac833867c10afc9b0ff"},"headline":"Taraftardan do\u011fum g\u00fcn\u00fc s\u00fcrprizi","datePublished":"2025-03-08T12:41:49+00:00","mainEntityOfPage":{"@id":"https:\/\/denizcankizil.tr\/en\/haberler\/antalya\/taraftardan-dogum-gunu-surprizi\/"},"wordCount":719,"commentCount":0,"publisher":{"@id":"https:\/\/denizcankizil.tr\/#organization"},"image":{"@id":"https:\/\/denizcankizil.tr\/en\/haberler\/antalya\/taraftardan-dogum-gunu-surprizi\/#primaryimage"},"thumbnailUrl":"https:\/\/denizcankizil.tr\/wp-content\/uploads\/2025\/03\/5402-01-jR9UIH.jpeg","articleSection":["Antalya"],"inLanguage":"en-GB","potentialAction":[{"@type":"CommentAction","name":"Comment","target":["https:\/\/denizcankizil.tr\/en\/haberler\/antalya\/taraftardan-dogum-gunu-surprizi\/#respond"]}]},{"@type":"WebPage","@id":"https:\/\/denizcankizil.tr\/en\/haberler\/antalya\/taraftardan-dogum-gunu-surprizi\/","url":"https:\/\/denizcankizil.tr\/en\/haberler\/antalya\/taraftardan-dogum-gunu-surprizi\/","name":"Taraftardan do\u011fum g\u00fcn\u00fc s\u00fcrprizi - Av. Deniz Can K\u0131z\u0131l","isPartOf":{"@id":"https:\/\/denizcankizil.tr\/#website"},"primaryImageOfPage":{"@id":"https:\/\/denizcankizil.tr\/en\/haberler\/antalya\/taraftardan-dogum-gunu-surprizi\/#primaryimage"},"image":{"@id":"https:\/\/denizcankizil.tr\/en\/haberler\/antalya\/taraftardan-dogum-gunu-surprizi\/#primaryimage"},"thumbnailUrl":"https:\/\/denizcankizil.tr\/wp-content\/uploads\/2025\/03\/5402-01-jR9UIH.jpeg","datePublished":"2025-03-08T12:41:49+00:00","breadcrumb":{"@id":"https:\/\/denizcankizil.tr\/en\/haberler\/antalya\/taraftardan-dogum-gunu-surprizi\/#breadcrumb"},"inLanguage":"en-GB","potentialAction":[{"@type":"ReadAction","target":["https:\/\/denizcankizil.tr\/en\/haberler\/antalya\/taraftardan-dogum-gunu-surprizi\/"]}]},{"@type":"ImageObject","inLanguage":"en-GB","@id":"https:\/\/denizcankizil.tr\/en\/haberler\/antalya\/taraftardan-dogum-gunu-surprizi\/#primaryimage","url":"https:\/\/denizcankizil.tr\/wp-content\/uploads\/2025\/03\/5402-01-jR9UIH.jpeg","contentUrl":"https:\/\/denizcankizil.tr\/wp-content\/uploads\/2025\/03\/5402-01-jR9UIH.jpeg","width":1280,"height":720},{"@type":"BreadcrumbList","@id":"https:\/\/denizcankizil.tr\/en\/haberler\/antalya\/taraftardan-dogum-gunu-surprizi\/#breadcrumb","itemListElement":[{"@type":"ListItem","position":1,"name":"Home","item":"https:\/\/denizcankizil.tr\/de\/"},{"@type":"ListItem","position":2,"name":"Taraftardan do\u011fum g\u00fcn\u00fc s\u00fcrprizi"}]},{"@type":"WebSite","@id":"https:\/\/denizcankizil.tr\/#website","url":"https:\/\/denizcankizil.tr\/","name":"Av. Deniz Can K\u0131z\u0131l","description":"Avukat Deniz Can K\u0131z\u0131l Antalya Barosu","publisher":{"@id":"https:\/\/denizcankizil.tr\/#organization"},"potentialAction":[{"@type":"SearchAction","target":{"@type":"EntryPoint","urlTemplate":"https:\/\/denizcankizil.tr\/?s={search_term_string}"},"query-input":{"@type":"PropertyValueSpecification","valueRequired":true,"valueName":"search_term_string"}}],"inLanguage":"en-GB"},{"@type":"Organization","@id":"https:\/\/denizcankizil.tr\/#organization","name":"Av. Deniz Can K\u0131z\u0131l","url":"https:\/\/denizcankizil.tr\/","logo":{"@type":"ImageObject","inLanguage":"en-GB","@id":"https:\/\/denizcankizil.tr\/#\/schema\/logo\/image\/","url":"https:\/\/denizcankizil.tr\/wp-content\/uploads\/2024\/10\/siyah-logo-svg.svg","contentUrl":"https:\/\/denizcankizil.tr\/wp-content\/uploads\/2024\/10\/siyah-logo-svg.svg","width":1080,"height":1080,"caption":"Av. Deniz Can K\u0131z\u0131l"},"image":{"@id":"https:\/\/denizcankizil.tr\/#\/schema\/logo\/image\/"}},{"@type":"Person","@id":"https:\/\/denizcankizil.tr\/#\/schema\/person\/5dc1b22991bd7ac833867c10afc9b0ff","name":"Av. Deniz Can K\u0131z\u0131l","image":{"@type":"ImageObject","inLanguage":"en-GB","@id":"https:\/\/denizcankizil.tr\/#\/schema\/person\/image\/","url":"https:\/\/secure.gravatar.com\/avatar\/a0b128fb9855c79efc976d5640eedb31dc35ec297594d6016d2cf7c60e975bb6?s=96&d=mm&r=g","contentUrl":"https:\/\/secure.gravatar.com\/avatar\/a0b128fb9855c79efc976d5640eedb31dc35ec297594d6016d2cf7c60e975bb6?s=96&d=mm&r=g","caption":"Av. Deniz Can K\u0131z\u0131l"},"sameAs":["http:\/\/www.denizcankizil.tr"],"url":"https:\/\/denizcankizil.tr\/en\/author\/denizcankizil\/"}]}},"_links":{"self":[{"href":"https:\/\/denizcankizil.tr\/en\/wp-json\/wp\/v2\/posts\/35135","targetHints":{"allow":["GET"]}}],"collection":[{"href":"https:\/\/denizcankizil.tr\/en\/wp-json\/wp\/v2\/posts"}],"about":[{"href":"https:\/\/denizcankizil.tr\/en\/wp-json\/wp\/v2\/types\/post"}],"author":[{"embeddable":true,"href":"https:\/\/denizcankizil.tr\/en\/wp-json\/wp\/v2\/users\/4"}],"replies":[{"embeddable":true,"href":"https:\/\/denizcankizil.tr\/en\/wp-json\/wp\/v2\/comments?post=35135"}],"version-history":[{"count":0,"href":"https:\/\/denizcankizil.tr\/en\/wp-json\/wp\/v2\/posts\/35135\/revisions"}],"wp:featuredmedia":[{"embeddable":true,"href":"https:\/\/denizcankizil.tr\/en\/wp-json\/wp\/v2\/media\/35136"}],"wp:attachment":[{"href":"https:\/\/denizcankizil.tr\/en\/wp-json\/wp\/v2\/media?parent=35135"}],"wp:term":[{"taxonomy":"category","embeddable":true,"href":"https:\/\/denizcankizil.tr\/en\/wp-json\/wp\/v2\/categories?post=35135"},{"taxonomy":"post_tag","embeddable":true,"href":"https:\/\/denizcankizil.tr\/en\/wp-json\/wp\/v2\/tags?post=35135"}],"curies":[{"name":"wp","href":"https:\/\/api.w.org\/{rel}","templated":true}]}}