{"id":35019,"date":"2025-03-07T15:41:14","date_gmt":"2025-03-07T12:41:14","guid":{"rendered":"https:\/\/denizcankizil.tr\/uncategorized-tr\/600-yillik-sarihacilar-camisi-eserlerini-istiyor\/"},"modified":"2025-03-07T15:41:14","modified_gmt":"2025-03-07T12:41:14","slug":"600-yillik-sarihacilar-camisi-eserlerini-istiyor","status":"publish","type":"post","link":"https:\/\/denizcankizil.tr\/en\/haberler\/antalya\/600-yillik-sarihacilar-camisi-eserlerini-istiyor\/","title":{"rendered":"600 y\u0131ll\u0131k Sar\u0131hac\u0131lar Camisi eserlerini istiyor"},"content":{"rendered":"<p>Sar\u0131hac\u0131lar K\u00f6y\u00fc K\u00fclt\u00fcr ve Turizm Dayan\u0131\u015fma Derne\u011fi \u0130stanbul \u015eube Ba\u015fkan\u0131 Mehmet Orhan Can, Sar\u0131hac\u0131lar Camisi&#8217;nin 600 y\u0131ll\u0131k eski bir tarihe sahip cami oldu\u011funu s\u00f6yledi. 2019 y\u0131l\u0131 sonlar\u0131nda tarihi caminin restorasyon i\u015flemleri i\u00e7in Antalya Vak\u0131flar B\u00f6lge M\u00fcd\u00fcrl\u00fc\u011f\u00fc taraf\u0131ndan \u00e7al\u0131\u015fma ba\u015flat\u0131ld\u0131\u011f\u0131n\u0131 anlatan Can, &#8220;5 y\u0131l \u00f6nce 2019 y\u0131l\u0131 sonlar\u0131nda restorasyon i\u015flemleri i\u00e7in \u00e7al\u0131\u015fma ba\u015flat\u0131ld\u0131. Restorasyon asl\u0131nda 18 ay s\u00fcrecekti. Fakat pandemi nedeniyle restorasyon 3 y\u0131ll\u0131k bir s\u00fcre\u00e7ten ge\u00e7ti ve restorasyon tamamland\u0131. Cami yeniden ibadete a\u00e7\u0131ld\u0131&#8221; dedi.<\/p>\n<p>&#8220;Eserler tamir i\u00e7in Side M\u00fcd\u00fcrl\u00fc\u011f\u00fcnde&#8221;<br \/>\nCaminin restorasyon \u00e7al\u0131\u015fmalar\u0131 ba\u015flamadan \u00f6nce ilk etapta Sultan 5. Mehmet Re\u015fad&#8217;\u0131n 1917&#8217;de bizzat ismini yazd\u0131rarak hediye etti\u011fi sanca\u011f\u0131n yan\u0131 s\u0131ra Kabe \u00f6rt\u00fcs\u00fcn\u00fcn bir par\u00e7as\u0131 ve alt\u0131n varakl\u0131 seccadeler Side M\u00fcze M\u00fcd\u00fcrl\u00fc\u011f\u00fcnde konservasyon \u00e7al\u0131\u015fmalar\u0131na al\u0131nd\u0131. Bu eserler tamiri bitince camiye iade edilecek&#8221; dedi. Caminin ayd\u0131nlatma sisteminin ise 1800&#8217;lerde bir nevi asans\u00f6rl\u00fc sistemle yap\u0131ld\u0131\u011f\u0131n\u0131 aktaran Mehmet Orhan Can, &#8220;D\u00f6k\u00fcmden yap\u0131lan sistemde gaz lambas\u0131 ve mumlar istenilen y\u00fcksekli\u011fe g\u00f6re elle ayarlan\u0131yor. Bu tarihi avizemiz restorasyon \u00e7al\u0131\u015fmalar\u0131 ba\u015flad\u0131\u011f\u0131nda s\u00f6k\u00fclerek Antalya Vak\u0131flar B\u00f6lge M\u00fcd\u00fcrl\u00fc\u011f\u00fcn\u00fcn Antalya&#8217;daki deposuna nakledildi. Yine caminin i\u00e7inde bulunan teberr\u00fckat e\u015fyalar\u0131 Vak\u0131flar B\u00f6lge M\u00fcd\u00fcrl\u00fc\u011f\u00fcn\u00fcn deposuna ta\u015f\u0131nm\u0131\u015f, Sakal-\u0131 \u015eerifi ise \u0130l\u00e7e M\u00fcft\u00fcl\u00fc\u011f\u00fc taraf\u0131ndan koruma alt\u0131na al\u0131nm\u0131\u015ft\u0131r&#8221; dedi.<\/p>\n<p>&#8220;Caminin eserlerinin yerine konmas\u0131n\u0131 istiyoruz&#8221;<br \/>\nSar\u0131hac\u0131lar halk\u0131 ise, restorasyondan \u00f6nce as\u0131rl\u0131k caminin duvarlar\u0131nda ilgi \u00e7eken Sultan Mehmed Re\u015fad&#8217;\u0131n 1917&#8217;de bizzat ismini yazd\u0131rarak hediye etti\u011fi sanca\u011f\u0131n yan\u0131 s\u0131ra Kabe \u00f6rt\u00fcs\u00fcn\u00fcn bir par\u00e7as\u0131, \u00f6nemli ki\u015filerin arma\u011fan etti\u011fi e\u015fsiz seccadelerin konservasyon i\u015flemlerinin bir an \u00f6nce tamamlanmas\u0131n\u0131, yine 1800&#8217;l\u00fc y\u0131llardan kalan d\u00f6k\u00fcmden yap\u0131lan, gaz lambas\u0131 ve mumlar\u0131n istenilen y\u00fcksekli\u011fe g\u00f6re elle ayarlanabilen caminin tarihi avizesinin, bir nevi asans\u00f6rl\u00fc sistemle yap\u0131lan eserin bir an \u00f6nce yerine as\u0131lmas\u0131n\u0131 istedi.<\/p>\n<p>&#8220;Vak\u0131flar B\u00f6lge M\u00fcd\u00fcrl\u00fc\u011f\u00fc talep yaz\u0131s\u0131 bekliyor&#8221;<br \/>\nSar\u0131hac\u0131lar k\u00f6y\u00fc platformu \u00fcyesi Fatma Gen\u00e7 ise, tarihi Sar\u0131hac\u0131lar k\u00f6y\u00fcne y\u0131lda yerli ve yabanc\u0131 olmak \u00fczere yakla\u015f\u0131k 100 bin ziyaret\u00e7inin geldi\u011fini s\u00f6yledi. Tarihi caminin restorasyon \u00e7al\u0131\u015fmalar\u0131n\u0131n 2019 y\u0131l\u0131nda ba\u015flay\u0131p, 2022 y\u0131l\u0131nda restorasyon i\u015flemlerinin tamamlanarak caminin ibadete a\u00e7\u0131ld\u0131\u011f\u0131n\u0131 anlatan Gen\u00e7, &#8220;Caminin restorasyon i\u015flemleri tamamlanal\u0131 2 y\u0131l\u0131 a\u015ft\u0131. Camimize imam atanarak ibadete a\u00e7\u0131ld\u0131. Fakat halen camimizin eserleri yerine tak\u0131lmad\u0131 ve konulmad\u0131. Biz Sar\u0131hac\u0131lar sakinleri olarak 2022 y\u0131l\u0131ndan bu yana Akseki Kaymakaml\u0131\u011f\u0131na 2 kez, Akseki M\u00fcft\u00fcl\u00fc\u011f\u00fcn\u00fc ise defalarca ziyaret ederek camimize ait teberr\u00fckat e\u015fyalar\u0131n\u0131n tekrar camimize getirilmesi ile ilgili s\u00fcrecin ba\u015flat\u0131lmas\u0131 talebinde bulunduk. Bug\u00fcne kadar bu taleplerimiz yerine getirilmedi. M\u00fcft\u00fcl\u00fc\u011f\u00fcn talep yaz\u0131s\u0131 g\u00f6ndermesini istiyor ve bekliyoruz. Camimiz \u00f6ks\u00fcz gibi kald\u0131&#8221; dedi.<br \/>\nGen\u00e7, Sar\u0131hac\u0131lar Mahallesinde Mustafa Kavaso\u011flu taraf\u0131ndan 2015 y\u0131l\u0131nda a\u00e7\u0131lan ve K\u00fclt\u00fcr ve Turizm Bakanl\u0131\u011f\u0131ndan tescil alarak &#8220;Mustafa Kavaso\u011flu T\u00fcrk Etnografya M\u00fczesi&#8221; ismini alan, irili ufakl\u0131 5 binden fazla tarihi eserin yer ald\u0131\u011f\u0131 T\u00fcrkiye&#8217;nin en zengin etnografya m\u00fczesininde bulundu\u011funu, \u00f6zellikle camiye tekrar ziyarete gelenlerin ise camimizdeki bu tarihi avizeyi sorduklar\u0131n\u0131 kaydetti.<\/p>\n<p>&#8220;Vak\u0131flar B\u00f6lge M\u00fcd\u00fcrl\u00fc\u011f\u00fcnden de talepte bulunduk&#8221;<br \/>\nVak\u0131flar B\u00f6lge M\u00fcd\u00fcrl\u00fc\u011f\u00fcne de caminin teberr\u00fckat e\u015fyalar\u0131n\u0131n yerine ne zaman konulaca\u011f\u0131 konusunda g\u00f6r\u00fc\u015fme yapt\u0131klar\u0131n\u0131 dile getiren Gen\u00e7, Sar\u0131hac\u0131lar k\u00f6y\u00fcnde bulunan An\u0131t Eser olarak tescilli camimizin m\u00fclkiyeti Vak\u0131flar Genel M\u00fcd\u00fcrl\u00fc\u011f\u00fcne ge\u00e7tikten sonra restore edildi. Yer teslimi yap\u0131lmadan \u00f6nce camimizin i\u00e7inde bulunan Teberrukat e\u015fyalar\u0131 (hal\u0131, kilim, \u015famdan, buhardan ve avize)b\u00f6lge m\u00fcd\u00fcrl\u00fc\u011f\u00fcn\u00fcn Teberrukat deposuna ta\u015f\u0131nd\u0131. Sakal-\u0131 \u015eerif ise \u0130l\u00e7e M\u00fcft\u00fcl\u00fc\u011f\u00fc taraf\u0131ndan koruma alt\u0131na al\u0131nd\u0131. Vak\u0131flar b\u00f6lge m\u00fcd\u00fcrl\u00fc\u011f\u00fc taraf\u0131ndan onar\u0131m tamamland\u0131ktan ve M\u00fcft\u00fcl\u00fc\u011fe yaz\u0131larak Camimizin teberrukat\u0131n\u0131n imam atand\u0131ktan sonra teslim edilece\u011fi belirtildi. Fakat daha sonraki s\u00fcreci il\u00e7e m\u00fcft\u00fcl\u00fc\u011f\u00fc devam ettirmedi. Vak\u0131flar Genel M\u00fcd\u00fcrl\u00fc\u011f\u00fcn\u00fcn onay\u0131na sunulacak talebin bir an \u00f6nce yap\u0131lmas\u0131n\u0131 istiyorum. Bug\u00fcn kadarki b\u00fct\u00fcn giri\u015fimlerimiz neticesiz kald\u0131&#8221; diye konu\u015ftu.<\/p>\n<p>Kaynak: www.kanalv.com.tr Haber Sitesinden Al\u0131nm\u0131\u015ft\u0131r.<\/p>","protected":false},"excerpt":{"rendered":"<p>Sar\u0131hac\u0131lar K\u00f6y\u00fc K\u00fclt\u00fcr ve Turizm Dayan\u0131\u015fma Derne\u011fi \u0130stanbul \u015eube Ba\u015fkan\u0131 Mehmet Orhan Can, Sar\u0131hac\u0131lar Camisi&#8217;nin 600 y\u0131ll\u0131k eski bir tarihe sahip cami oldu\u011funu s\u00f6yledi. 2019 y\u0131l\u0131 sonlar\u0131nda tarihi caminin restorasyon i\u015flemleri i\u00e7in Antalya Vak\u0131flar B\u00f6lge M\u00fcd\u00fcrl\u00fc\u011f\u00fc taraf\u0131ndan \u00e7al\u0131\u015fma ba\u015flat\u0131ld\u0131\u011f\u0131n\u0131 anlatan Can, &#8220;5 y\u0131l \u00f6nce 2019 y\u0131l\u0131 sonlar\u0131nda restorasyon i\u015flemleri i\u00e7in \u00e7al\u0131\u015fma ba\u015flat\u0131ld\u0131. Restorasyon asl\u0131nda 18 ay s\u00fcrecekti. Fakat pandemi nedeniyle restorasyon 3 y\u0131ll\u0131k bir s\u00fcre\u00e7ten ge\u00e7ti ve restorasyon tamamland\u0131. Cami yeniden ibadete a\u00e7\u0131ld\u0131&#8221; dedi. &#8220;Eserler tamir i\u00e7in Side M\u00fcd\u00fcrl\u00fc\u011f\u00fcnde&#8221; Caminin restorasyon \u00e7al\u0131\u015fmalar\u0131 ba\u015flamadan \u00f6nce ilk etapta Sultan 5. Mehmet Re\u015fad&#8217;\u0131n 1917&#8217;de bizzat ismini yazd\u0131rarak hediye etti\u011fi sanca\u011f\u0131n yan\u0131 s\u0131ra Kabe \u00f6rt\u00fcs\u00fcn\u00fcn bir par\u00e7as\u0131 ve alt\u0131n varakl\u0131 seccadeler Side M\u00fcze M\u00fcd\u00fcrl\u00fc\u011f\u00fcnde konservasyon \u00e7al\u0131\u015fmalar\u0131na al\u0131nd\u0131. Bu eserler tamiri bitince camiye iade edilecek&#8221; dedi. Caminin ayd\u0131nlatma sisteminin ise 1800&#8217;lerde bir nevi asans\u00f6rl\u00fc sistemle yap\u0131ld\u0131\u011f\u0131n\u0131 aktaran Mehmet Orhan Can, &#8220;D\u00f6k\u00fcmden yap\u0131lan sistemde gaz lambas\u0131 ve mumlar istenilen y\u00fcksekli\u011fe g\u00f6re elle ayarlan\u0131yor. Bu tarihi avizemiz restorasyon \u00e7al\u0131\u015fmalar\u0131 ba\u015flad\u0131\u011f\u0131nda s\u00f6k\u00fclerek Antalya Vak\u0131flar B\u00f6lge M\u00fcd\u00fcrl\u00fc\u011f\u00fcn\u00fcn Antalya&#8217;daki deposuna nakledildi. Yine caminin i\u00e7inde bulunan teberr\u00fckat e\u015fyalar\u0131 Vak\u0131flar B\u00f6lge M\u00fcd\u00fcrl\u00fc\u011f\u00fcn\u00fcn deposuna ta\u015f\u0131nm\u0131\u015f, Sakal-\u0131 \u015eerifi ise \u0130l\u00e7e M\u00fcft\u00fcl\u00fc\u011f\u00fc taraf\u0131ndan koruma alt\u0131na al\u0131nm\u0131\u015ft\u0131r&#8221; dedi. &#8220;Caminin eserlerinin yerine konmas\u0131n\u0131 istiyoruz&#8221; Sar\u0131hac\u0131lar halk\u0131 ise, restorasyondan \u00f6nce as\u0131rl\u0131k caminin duvarlar\u0131nda ilgi \u00e7eken Sultan Mehmed Re\u015fad&#8217;\u0131n &hellip;<\/p>","protected":false},"author":4,"featured_media":35020,"comment_status":"open","ping_status":"open","sticky":false,"template":"","format":"standard","meta":{"_acf_changed":false,"footnotes":""},"categories":[26],"tags":[],"class_list":["post-35019","post","type-post","status-publish","format-standard","has-post-thumbnail","hentry","category-antalya"],"acf":[],"yoast_head":"<!-- This site is optimized with the Yoast SEO Premium plugin v26.6 (Yoast SEO v27.1.1) - https:\/\/yoast.com\/product\/yoast-seo-premium-wordpress\/ -->\n<title>600 y\u0131ll\u0131k Sar\u0131hac\u0131lar Camisi eserlerini istiyor - Av. Deniz Can K\u0131z\u0131l<\/title>\n<meta name=\"robots\" content=\"index, follow, max-snippet:-1, max-image-preview:large, max-video-preview:-1\" \/>\n<link rel=\"canonical\" href=\"https:\/\/denizcankizil.tr\/en\/haberler\/antalya\/600-yillik-sarihacilar-camisi-eserlerini-istiyor\/\" \/>\n<meta property=\"og:locale\" content=\"en_GB\" \/>\n<meta property=\"og:type\" content=\"article\" \/>\n<meta property=\"og:title\" content=\"600 y\u0131ll\u0131k Sar\u0131hac\u0131lar Camisi eserlerini istiyor\" \/>\n<meta property=\"og:description\" content=\"Sar\u0131hac\u0131lar K\u00f6y\u00fc K\u00fclt\u00fcr ve Turizm Dayan\u0131\u015fma Derne\u011fi \u0130stanbul \u015eube Ba\u015fkan\u0131 Mehmet Orhan Can, Sar\u0131hac\u0131lar Camisi&#8217;nin 600 y\u0131ll\u0131k eski bir tarihe sahip cami oldu\u011funu s\u00f6yledi. 2019 y\u0131l\u0131 sonlar\u0131nda tarihi caminin restorasyon i\u015flemleri i\u00e7in Antalya Vak\u0131flar B\u00f6lge M\u00fcd\u00fcrl\u00fc\u011f\u00fc taraf\u0131ndan \u00e7al\u0131\u015fma ba\u015flat\u0131ld\u0131\u011f\u0131n\u0131 anlatan Can, &#8220;5 y\u0131l \u00f6nce 2019 y\u0131l\u0131 sonlar\u0131nda restorasyon i\u015flemleri i\u00e7in \u00e7al\u0131\u015fma ba\u015flat\u0131ld\u0131. Restorasyon asl\u0131nda 18 ay s\u00fcrecekti. Fakat pandemi nedeniyle restorasyon 3 y\u0131ll\u0131k bir s\u00fcre\u00e7ten ge\u00e7ti ve restorasyon tamamland\u0131. Cami yeniden ibadete a\u00e7\u0131ld\u0131&#8221; dedi. &#8220;Eserler tamir i\u00e7in Side M\u00fcd\u00fcrl\u00fc\u011f\u00fcnde&#8221; Caminin restorasyon \u00e7al\u0131\u015fmalar\u0131 ba\u015flamadan \u00f6nce ilk etapta Sultan 5. Mehmet Re\u015fad&#8217;\u0131n 1917&#8217;de bizzat ismini yazd\u0131rarak hediye etti\u011fi sanca\u011f\u0131n yan\u0131 s\u0131ra Kabe \u00f6rt\u00fcs\u00fcn\u00fcn bir par\u00e7as\u0131 ve alt\u0131n varakl\u0131 seccadeler Side M\u00fcze M\u00fcd\u00fcrl\u00fc\u011f\u00fcnde konservasyon \u00e7al\u0131\u015fmalar\u0131na al\u0131nd\u0131. Bu eserler tamiri bitince camiye iade edilecek&#8221; dedi. Caminin ayd\u0131nlatma sisteminin ise 1800&#8217;lerde bir nevi asans\u00f6rl\u00fc sistemle yap\u0131ld\u0131\u011f\u0131n\u0131 aktaran Mehmet Orhan Can, &#8220;D\u00f6k\u00fcmden yap\u0131lan sistemde gaz lambas\u0131 ve mumlar istenilen y\u00fcksekli\u011fe g\u00f6re elle ayarlan\u0131yor. Bu tarihi avizemiz restorasyon \u00e7al\u0131\u015fmalar\u0131 ba\u015flad\u0131\u011f\u0131nda s\u00f6k\u00fclerek Antalya Vak\u0131flar B\u00f6lge M\u00fcd\u00fcrl\u00fc\u011f\u00fcn\u00fcn Antalya&#8217;daki deposuna nakledildi. Yine caminin i\u00e7inde bulunan teberr\u00fckat e\u015fyalar\u0131 Vak\u0131flar B\u00f6lge M\u00fcd\u00fcrl\u00fc\u011f\u00fcn\u00fcn deposuna ta\u015f\u0131nm\u0131\u015f, Sakal-\u0131 \u015eerifi ise \u0130l\u00e7e M\u00fcft\u00fcl\u00fc\u011f\u00fc taraf\u0131ndan koruma alt\u0131na al\u0131nm\u0131\u015ft\u0131r&#8221; dedi. &#8220;Caminin eserlerinin yerine konmas\u0131n\u0131 istiyoruz&#8221; Sar\u0131hac\u0131lar halk\u0131 ise, restorasyondan \u00f6nce as\u0131rl\u0131k caminin duvarlar\u0131nda ilgi \u00e7eken Sultan Mehmed Re\u015fad&#8217;\u0131n &hellip;\" \/>\n<meta property=\"og:url\" content=\"https:\/\/denizcankizil.tr\/en\/haberler\/antalya\/600-yillik-sarihacilar-camisi-eserlerini-istiyor\/\" \/>\n<meta property=\"og:site_name\" content=\"Av. Deniz Can K\u0131z\u0131l\" \/>\n<meta property=\"article:published_time\" content=\"2025-03-07T12:41:14+00:00\" \/>\n<meta property=\"og:image\" content=\"https:\/\/denizcankizil.tr\/wp-content\/uploads\/2025\/03\/5383-01-KexSK2.jpeg\" \/>\n\t<meta property=\"og:image:width\" content=\"1280\" \/>\n\t<meta property=\"og:image:height\" content=\"720\" \/>\n\t<meta property=\"og:image:type\" content=\"image\/jpeg\" \/>\n<meta name=\"author\" content=\"Av. Deniz Can K\u0131z\u0131l\" \/>\n<meta name=\"twitter:card\" content=\"summary_large_image\" \/>\n<meta name=\"twitter:label1\" content=\"Written by\" \/>\n\t<meta name=\"twitter:data1\" content=\"Av. Deniz Can K\u0131z\u0131l\" \/>\n\t<meta name=\"twitter:label2\" content=\"Estimated reading time\" \/>\n\t<meta name=\"twitter:data2\" content=\"4 minutes\" \/>\n<script type=\"application\/ld+json\" class=\"yoast-schema-graph\">{\"@context\":\"https:\/\/schema.org\",\"@graph\":[{\"@type\":\"Article\",\"@id\":\"https:\/\/denizcankizil.tr\/en\/haberler\/antalya\/600-yillik-sarihacilar-camisi-eserlerini-istiyor\/#article\",\"isPartOf\":{\"@id\":\"https:\/\/denizcankizil.tr\/en\/haberler\/antalya\/600-yillik-sarihacilar-camisi-eserlerini-istiyor\/\"},\"author\":{\"name\":\"Av. Deniz Can K\u0131z\u0131l\",\"@id\":\"https:\/\/denizcankizil.tr\/#\/schema\/person\/5dc1b22991bd7ac833867c10afc9b0ff\"},\"headline\":\"600 y\u0131ll\u0131k Sar\u0131hac\u0131lar Camisi eserlerini istiyor\",\"datePublished\":\"2025-03-07T12:41:14+00:00\",\"mainEntityOfPage\":{\"@id\":\"https:\/\/denizcankizil.tr\/en\/haberler\/antalya\/600-yillik-sarihacilar-camisi-eserlerini-istiyor\/\"},\"wordCount\":829,\"commentCount\":0,\"publisher\":{\"@id\":\"https:\/\/denizcankizil.tr\/#organization\"},\"image\":{\"@id\":\"https:\/\/denizcankizil.tr\/en\/haberler\/antalya\/600-yillik-sarihacilar-camisi-eserlerini-istiyor\/#primaryimage\"},\"thumbnailUrl\":\"https:\/\/denizcankizil.tr\/wp-content\/uploads\/2025\/03\/5383-01-KexSK2.jpeg\",\"articleSection\":[\"Antalya\"],\"inLanguage\":\"en-GB\",\"potentialAction\":[{\"@type\":\"CommentAction\",\"name\":\"Comment\",\"target\":[\"https:\/\/denizcankizil.tr\/en\/haberler\/antalya\/600-yillik-sarihacilar-camisi-eserlerini-istiyor\/#respond\"]}]},{\"@type\":\"WebPage\",\"@id\":\"https:\/\/denizcankizil.tr\/en\/haberler\/antalya\/600-yillik-sarihacilar-camisi-eserlerini-istiyor\/\",\"url\":\"https:\/\/denizcankizil.tr\/en\/haberler\/antalya\/600-yillik-sarihacilar-camisi-eserlerini-istiyor\/\",\"name\":\"600 y\u0131ll\u0131k Sar\u0131hac\u0131lar Camisi eserlerini istiyor - Av. Deniz Can K\u0131z\u0131l\",\"isPartOf\":{\"@id\":\"https:\/\/denizcankizil.tr\/#website\"},\"primaryImageOfPage\":{\"@id\":\"https:\/\/denizcankizil.tr\/en\/haberler\/antalya\/600-yillik-sarihacilar-camisi-eserlerini-istiyor\/#primaryimage\"},\"image\":{\"@id\":\"https:\/\/denizcankizil.tr\/en\/haberler\/antalya\/600-yillik-sarihacilar-camisi-eserlerini-istiyor\/#primaryimage\"},\"thumbnailUrl\":\"https:\/\/denizcankizil.tr\/wp-content\/uploads\/2025\/03\/5383-01-KexSK2.jpeg\",\"datePublished\":\"2025-03-07T12:41:14+00:00\",\"breadcrumb\":{\"@id\":\"https:\/\/denizcankizil.tr\/en\/haberler\/antalya\/600-yillik-sarihacilar-camisi-eserlerini-istiyor\/#breadcrumb\"},\"inLanguage\":\"en-GB\",\"potentialAction\":[{\"@type\":\"ReadAction\",\"target\":[\"https:\/\/denizcankizil.tr\/en\/haberler\/antalya\/600-yillik-sarihacilar-camisi-eserlerini-istiyor\/\"]}]},{\"@type\":\"ImageObject\",\"inLanguage\":\"en-GB\",\"@id\":\"https:\/\/denizcankizil.tr\/en\/haberler\/antalya\/600-yillik-sarihacilar-camisi-eserlerini-istiyor\/#primaryimage\",\"url\":\"https:\/\/denizcankizil.tr\/wp-content\/uploads\/2025\/03\/5383-01-KexSK2.jpeg\",\"contentUrl\":\"https:\/\/denizcankizil.tr\/wp-content\/uploads\/2025\/03\/5383-01-KexSK2.jpeg\",\"width\":1280,\"height\":720},{\"@type\":\"BreadcrumbList\",\"@id\":\"https:\/\/denizcankizil.tr\/en\/haberler\/antalya\/600-yillik-sarihacilar-camisi-eserlerini-istiyor\/#breadcrumb\",\"itemListElement\":[{\"@type\":\"ListItem\",\"position\":1,\"name\":\"Home\",\"item\":\"https:\/\/denizcankizil.tr\/de\/\"},{\"@type\":\"ListItem\",\"position\":2,\"name\":\"600 y\u0131ll\u0131k Sar\u0131hac\u0131lar Camisi eserlerini istiyor\"}]},{\"@type\":\"WebSite\",\"@id\":\"https:\/\/denizcankizil.tr\/#website\",\"url\":\"https:\/\/denizcankizil.tr\/\",\"name\":\"Av. Deniz Can K\u0131z\u0131l\",\"description\":\"Avukat Deniz Can K\u0131z\u0131l Antalya Barosu\",\"publisher\":{\"@id\":\"https:\/\/denizcankizil.tr\/#organization\"},\"potentialAction\":[{\"@type\":\"SearchAction\",\"target\":{\"@type\":\"EntryPoint\",\"urlTemplate\":\"https:\/\/denizcankizil.tr\/?s={search_term_string}\"},\"query-input\":{\"@type\":\"PropertyValueSpecification\",\"valueRequired\":true,\"valueName\":\"search_term_string\"}}],\"inLanguage\":\"en-GB\"},{\"@type\":\"Organization\",\"@id\":\"https:\/\/denizcankizil.tr\/#organization\",\"name\":\"Av. Deniz Can K\u0131z\u0131l\",\"url\":\"https:\/\/denizcankizil.tr\/\",\"logo\":{\"@type\":\"ImageObject\",\"inLanguage\":\"en-GB\",\"@id\":\"https:\/\/denizcankizil.tr\/#\/schema\/logo\/image\/\",\"url\":\"https:\/\/denizcankizil.tr\/wp-content\/uploads\/2024\/10\/siyah-logo-svg.svg\",\"contentUrl\":\"https:\/\/denizcankizil.tr\/wp-content\/uploads\/2024\/10\/siyah-logo-svg.svg\",\"width\":1080,\"height\":1080,\"caption\":\"Av. Deniz Can K\u0131z\u0131l\"},\"image\":{\"@id\":\"https:\/\/denizcankizil.tr\/#\/schema\/logo\/image\/\"}},{\"@type\":\"Person\",\"@id\":\"https:\/\/denizcankizil.tr\/#\/schema\/person\/5dc1b22991bd7ac833867c10afc9b0ff\",\"name\":\"Av. Deniz Can K\u0131z\u0131l\",\"image\":{\"@type\":\"ImageObject\",\"inLanguage\":\"en-GB\",\"@id\":\"https:\/\/denizcankizil.tr\/#\/schema\/person\/image\/\",\"url\":\"https:\/\/secure.gravatar.com\/avatar\/a0b128fb9855c79efc976d5640eedb31dc35ec297594d6016d2cf7c60e975bb6?s=96&d=mm&r=g\",\"contentUrl\":\"https:\/\/secure.gravatar.com\/avatar\/a0b128fb9855c79efc976d5640eedb31dc35ec297594d6016d2cf7c60e975bb6?s=96&d=mm&r=g\",\"caption\":\"Av. Deniz Can K\u0131z\u0131l\"},\"sameAs\":[\"http:\/\/www.denizcankizil.tr\"],\"url\":\"https:\/\/denizcankizil.tr\/en\/author\/denizcankizil\/\"}]}<\/script>\n<!-- \/ Yoast SEO Premium plugin. -->","yoast_head_json":{"title":"600 y\u0131ll\u0131k Sar\u0131hac\u0131lar Camisi eserlerini istiyor - Av. Deniz Can K\u0131z\u0131l","robots":{"index":"index","follow":"follow","max-snippet":"max-snippet:-1","max-image-preview":"max-image-preview:large","max-video-preview":"max-video-preview:-1"},"canonical":"https:\/\/denizcankizil.tr\/en\/haberler\/antalya\/600-yillik-sarihacilar-camisi-eserlerini-istiyor\/","og_locale":"en_GB","og_type":"article","og_title":"600 y\u0131ll\u0131k Sar\u0131hac\u0131lar Camisi eserlerini istiyor","og_description":"Sar\u0131hac\u0131lar K\u00f6y\u00fc K\u00fclt\u00fcr ve Turizm Dayan\u0131\u015fma Derne\u011fi \u0130stanbul \u015eube Ba\u015fkan\u0131 Mehmet Orhan Can, Sar\u0131hac\u0131lar Camisi&#8217;nin 600 y\u0131ll\u0131k eski bir tarihe sahip cami oldu\u011funu s\u00f6yledi. 2019 y\u0131l\u0131 sonlar\u0131nda tarihi caminin restorasyon i\u015flemleri i\u00e7in Antalya Vak\u0131flar B\u00f6lge M\u00fcd\u00fcrl\u00fc\u011f\u00fc taraf\u0131ndan \u00e7al\u0131\u015fma ba\u015flat\u0131ld\u0131\u011f\u0131n\u0131 anlatan Can, &#8220;5 y\u0131l \u00f6nce 2019 y\u0131l\u0131 sonlar\u0131nda restorasyon i\u015flemleri i\u00e7in \u00e7al\u0131\u015fma ba\u015flat\u0131ld\u0131. Restorasyon asl\u0131nda 18 ay s\u00fcrecekti. Fakat pandemi nedeniyle restorasyon 3 y\u0131ll\u0131k bir s\u00fcre\u00e7ten ge\u00e7ti ve restorasyon tamamland\u0131. Cami yeniden ibadete a\u00e7\u0131ld\u0131&#8221; dedi. &#8220;Eserler tamir i\u00e7in Side M\u00fcd\u00fcrl\u00fc\u011f\u00fcnde&#8221; Caminin restorasyon \u00e7al\u0131\u015fmalar\u0131 ba\u015flamadan \u00f6nce ilk etapta Sultan 5. Mehmet Re\u015fad&#8217;\u0131n 1917&#8217;de bizzat ismini yazd\u0131rarak hediye etti\u011fi sanca\u011f\u0131n yan\u0131 s\u0131ra Kabe \u00f6rt\u00fcs\u00fcn\u00fcn bir par\u00e7as\u0131 ve alt\u0131n varakl\u0131 seccadeler Side M\u00fcze M\u00fcd\u00fcrl\u00fc\u011f\u00fcnde konservasyon \u00e7al\u0131\u015fmalar\u0131na al\u0131nd\u0131. Bu eserler tamiri bitince camiye iade edilecek&#8221; dedi. Caminin ayd\u0131nlatma sisteminin ise 1800&#8217;lerde bir nevi asans\u00f6rl\u00fc sistemle yap\u0131ld\u0131\u011f\u0131n\u0131 aktaran Mehmet Orhan Can, &#8220;D\u00f6k\u00fcmden yap\u0131lan sistemde gaz lambas\u0131 ve mumlar istenilen y\u00fcksekli\u011fe g\u00f6re elle ayarlan\u0131yor. Bu tarihi avizemiz restorasyon \u00e7al\u0131\u015fmalar\u0131 ba\u015flad\u0131\u011f\u0131nda s\u00f6k\u00fclerek Antalya Vak\u0131flar B\u00f6lge M\u00fcd\u00fcrl\u00fc\u011f\u00fcn\u00fcn Antalya&#8217;daki deposuna nakledildi. Yine caminin i\u00e7inde bulunan teberr\u00fckat e\u015fyalar\u0131 Vak\u0131flar B\u00f6lge M\u00fcd\u00fcrl\u00fc\u011f\u00fcn\u00fcn deposuna ta\u015f\u0131nm\u0131\u015f, Sakal-\u0131 \u015eerifi ise \u0130l\u00e7e M\u00fcft\u00fcl\u00fc\u011f\u00fc taraf\u0131ndan koruma alt\u0131na al\u0131nm\u0131\u015ft\u0131r&#8221; dedi. &#8220;Caminin eserlerinin yerine konmas\u0131n\u0131 istiyoruz&#8221; Sar\u0131hac\u0131lar halk\u0131 ise, restorasyondan \u00f6nce as\u0131rl\u0131k caminin duvarlar\u0131nda ilgi \u00e7eken Sultan Mehmed Re\u015fad&#8217;\u0131n &hellip;","og_url":"https:\/\/denizcankizil.tr\/en\/haberler\/antalya\/600-yillik-sarihacilar-camisi-eserlerini-istiyor\/","og_site_name":"Av. Deniz Can K\u0131z\u0131l","article_published_time":"2025-03-07T12:41:14+00:00","og_image":[{"width":1280,"height":720,"url":"https:\/\/denizcankizil.tr\/wp-content\/uploads\/2025\/03\/5383-01-KexSK2.jpeg","type":"image\/jpeg"}],"author":"Av. Deniz Can K\u0131z\u0131l","twitter_card":"summary_large_image","twitter_misc":{"Written by":"Av. Deniz Can K\u0131z\u0131l","Estimated reading time":"4 minutes"},"schema":{"@context":"https:\/\/schema.org","@graph":[{"@type":"Article","@id":"https:\/\/denizcankizil.tr\/en\/haberler\/antalya\/600-yillik-sarihacilar-camisi-eserlerini-istiyor\/#article","isPartOf":{"@id":"https:\/\/denizcankizil.tr\/en\/haberler\/antalya\/600-yillik-sarihacilar-camisi-eserlerini-istiyor\/"},"author":{"name":"Av. Deniz Can K\u0131z\u0131l","@id":"https:\/\/denizcankizil.tr\/#\/schema\/person\/5dc1b22991bd7ac833867c10afc9b0ff"},"headline":"600 y\u0131ll\u0131k Sar\u0131hac\u0131lar Camisi eserlerini istiyor","datePublished":"2025-03-07T12:41:14+00:00","mainEntityOfPage":{"@id":"https:\/\/denizcankizil.tr\/en\/haberler\/antalya\/600-yillik-sarihacilar-camisi-eserlerini-istiyor\/"},"wordCount":829,"commentCount":0,"publisher":{"@id":"https:\/\/denizcankizil.tr\/#organization"},"image":{"@id":"https:\/\/denizcankizil.tr\/en\/haberler\/antalya\/600-yillik-sarihacilar-camisi-eserlerini-istiyor\/#primaryimage"},"thumbnailUrl":"https:\/\/denizcankizil.tr\/wp-content\/uploads\/2025\/03\/5383-01-KexSK2.jpeg","articleSection":["Antalya"],"inLanguage":"en-GB","potentialAction":[{"@type":"CommentAction","name":"Comment","target":["https:\/\/denizcankizil.tr\/en\/haberler\/antalya\/600-yillik-sarihacilar-camisi-eserlerini-istiyor\/#respond"]}]},{"@type":"WebPage","@id":"https:\/\/denizcankizil.tr\/en\/haberler\/antalya\/600-yillik-sarihacilar-camisi-eserlerini-istiyor\/","url":"https:\/\/denizcankizil.tr\/en\/haberler\/antalya\/600-yillik-sarihacilar-camisi-eserlerini-istiyor\/","name":"600 y\u0131ll\u0131k Sar\u0131hac\u0131lar Camisi eserlerini istiyor - Av. Deniz Can K\u0131z\u0131l","isPartOf":{"@id":"https:\/\/denizcankizil.tr\/#website"},"primaryImageOfPage":{"@id":"https:\/\/denizcankizil.tr\/en\/haberler\/antalya\/600-yillik-sarihacilar-camisi-eserlerini-istiyor\/#primaryimage"},"image":{"@id":"https:\/\/denizcankizil.tr\/en\/haberler\/antalya\/600-yillik-sarihacilar-camisi-eserlerini-istiyor\/#primaryimage"},"thumbnailUrl":"https:\/\/denizcankizil.tr\/wp-content\/uploads\/2025\/03\/5383-01-KexSK2.jpeg","datePublished":"2025-03-07T12:41:14+00:00","breadcrumb":{"@id":"https:\/\/denizcankizil.tr\/en\/haberler\/antalya\/600-yillik-sarihacilar-camisi-eserlerini-istiyor\/#breadcrumb"},"inLanguage":"en-GB","potentialAction":[{"@type":"ReadAction","target":["https:\/\/denizcankizil.tr\/en\/haberler\/antalya\/600-yillik-sarihacilar-camisi-eserlerini-istiyor\/"]}]},{"@type":"ImageObject","inLanguage":"en-GB","@id":"https:\/\/denizcankizil.tr\/en\/haberler\/antalya\/600-yillik-sarihacilar-camisi-eserlerini-istiyor\/#primaryimage","url":"https:\/\/denizcankizil.tr\/wp-content\/uploads\/2025\/03\/5383-01-KexSK2.jpeg","contentUrl":"https:\/\/denizcankizil.tr\/wp-content\/uploads\/2025\/03\/5383-01-KexSK2.jpeg","width":1280,"height":720},{"@type":"BreadcrumbList","@id":"https:\/\/denizcankizil.tr\/en\/haberler\/antalya\/600-yillik-sarihacilar-camisi-eserlerini-istiyor\/#breadcrumb","itemListElement":[{"@type":"ListItem","position":1,"name":"Home","item":"https:\/\/denizcankizil.tr\/de\/"},{"@type":"ListItem","position":2,"name":"600 y\u0131ll\u0131k Sar\u0131hac\u0131lar Camisi eserlerini istiyor"}]},{"@type":"WebSite","@id":"https:\/\/denizcankizil.tr\/#website","url":"https:\/\/denizcankizil.tr\/","name":"Av. Deniz Can K\u0131z\u0131l","description":"Avukat Deniz Can K\u0131z\u0131l Antalya Barosu","publisher":{"@id":"https:\/\/denizcankizil.tr\/#organization"},"potentialAction":[{"@type":"SearchAction","target":{"@type":"EntryPoint","urlTemplate":"https:\/\/denizcankizil.tr\/?s={search_term_string}"},"query-input":{"@type":"PropertyValueSpecification","valueRequired":true,"valueName":"search_term_string"}}],"inLanguage":"en-GB"},{"@type":"Organization","@id":"https:\/\/denizcankizil.tr\/#organization","name":"Av. Deniz Can K\u0131z\u0131l","url":"https:\/\/denizcankizil.tr\/","logo":{"@type":"ImageObject","inLanguage":"en-GB","@id":"https:\/\/denizcankizil.tr\/#\/schema\/logo\/image\/","url":"https:\/\/denizcankizil.tr\/wp-content\/uploads\/2024\/10\/siyah-logo-svg.svg","contentUrl":"https:\/\/denizcankizil.tr\/wp-content\/uploads\/2024\/10\/siyah-logo-svg.svg","width":1080,"height":1080,"caption":"Av. Deniz Can K\u0131z\u0131l"},"image":{"@id":"https:\/\/denizcankizil.tr\/#\/schema\/logo\/image\/"}},{"@type":"Person","@id":"https:\/\/denizcankizil.tr\/#\/schema\/person\/5dc1b22991bd7ac833867c10afc9b0ff","name":"Av. Deniz Can K\u0131z\u0131l","image":{"@type":"ImageObject","inLanguage":"en-GB","@id":"https:\/\/denizcankizil.tr\/#\/schema\/person\/image\/","url":"https:\/\/secure.gravatar.com\/avatar\/a0b128fb9855c79efc976d5640eedb31dc35ec297594d6016d2cf7c60e975bb6?s=96&d=mm&r=g","contentUrl":"https:\/\/secure.gravatar.com\/avatar\/a0b128fb9855c79efc976d5640eedb31dc35ec297594d6016d2cf7c60e975bb6?s=96&d=mm&r=g","caption":"Av. Deniz Can K\u0131z\u0131l"},"sameAs":["http:\/\/www.denizcankizil.tr"],"url":"https:\/\/denizcankizil.tr\/en\/author\/denizcankizil\/"}]}},"_links":{"self":[{"href":"https:\/\/denizcankizil.tr\/en\/wp-json\/wp\/v2\/posts\/35019","targetHints":{"allow":["GET"]}}],"collection":[{"href":"https:\/\/denizcankizil.tr\/en\/wp-json\/wp\/v2\/posts"}],"about":[{"href":"https:\/\/denizcankizil.tr\/en\/wp-json\/wp\/v2\/types\/post"}],"author":[{"embeddable":true,"href":"https:\/\/denizcankizil.tr\/en\/wp-json\/wp\/v2\/users\/4"}],"replies":[{"embeddable":true,"href":"https:\/\/denizcankizil.tr\/en\/wp-json\/wp\/v2\/comments?post=35019"}],"version-history":[{"count":0,"href":"https:\/\/denizcankizil.tr\/en\/wp-json\/wp\/v2\/posts\/35019\/revisions"}],"wp:featuredmedia":[{"embeddable":true,"href":"https:\/\/denizcankizil.tr\/en\/wp-json\/wp\/v2\/media\/35020"}],"wp:attachment":[{"href":"https:\/\/denizcankizil.tr\/en\/wp-json\/wp\/v2\/media?parent=35019"}],"wp:term":[{"taxonomy":"category","embeddable":true,"href":"https:\/\/denizcankizil.tr\/en\/wp-json\/wp\/v2\/categories?post=35019"},{"taxonomy":"post_tag","embeddable":true,"href":"https:\/\/denizcankizil.tr\/en\/wp-json\/wp\/v2\/tags?post=35019"}],"curies":[{"name":"wp","href":"https:\/\/api.w.org\/{rel}","templated":true}]}}