{"id":35015,"date":"2025-03-07T14:41:43","date_gmt":"2025-03-07T11:41:43","guid":{"rendered":"https:\/\/denizcankizil.tr\/uncategorized-tr\/suriyeden-col-tozu-geliyor-sakin-disari-cikmayin\/"},"modified":"2025-03-07T14:41:43","modified_gmt":"2025-03-07T11:41:43","slug":"suriyeden-col-tozu-geliyor-sakin-disari-cikmayin","status":"publish","type":"post","link":"https:\/\/denizcankizil.tr\/en\/haberler\/gundem\/suriyeden-col-tozu-geliyor-sakin-disari-cikmayin\/","title":{"rendered":"Suriye\u2019den \u00e7\u00f6l tozu geliyor! Sak\u0131n d\u0131\u015far\u0131 \u00e7\u0131kmay\u0131n"},"content":{"rendered":"<p>Meteoroloji Genel M\u00fcd\u00fcrl\u00fc\u011f\u00fc \u00f6n\u00fcm\u00fczdeki 3 g\u00fcn boyunca etkili olacak olan toz ta\u015f\u0131n\u0131m\u0131 i\u00e7in vatanda\u015flara uyar\u0131larda bulundu.\u00a0\u00c7evre M\u00fchendisleri Odas\u0131 Y\u00f6netim Kurulu \u00dcyesi ve Akdeniz \u00dcniversitesi M\u00fchendislik Fak\u00fcltesi \u00c7evre M\u00fchendisli\u011fi B\u00f6l\u00fcm\u00fc \u00d6\u011fretim \u00dcyesi Do\u00e7. Dr. G\u00fcray Do\u011fan, Suriye ve Irak \u00fczerinde gelen tozlar\u0131n insan sa\u011fl\u0131\u011f\u0131n\u0131 etkileyebilece\u011fini ve yer yer g\u00f6r\u00fc\u015f mesafesinde azalmalar olabilece\u011fini a\u00e7\u0131klad\u0131.\u00a0<\/p>\n<p>\u00c7\u00d6L TOZLARI GEL\u0130YOR\u00a0<\/p>\n<p>Meteoroloji Genel M\u00fcd\u00fcrl\u00fc\u011f\u00fc 8 Mart 2025 Cumartesi g\u00fcn\u00fc (yar\u0131n) ba\u015flay\u0131p 3 g\u00fcn boyunca etkile olacak toz ta\u015f\u0131n\u0131m\u0131 konusunda vatanda\u015flara uyar\u0131larda bulundu. Meteoroloji yapt\u0131\u011f\u0131 a\u00e7\u0131klamada Suriye ve Irak \u00fczerinden T\u00fcrkiye\u2019ye gelecek olan toz ta\u015f\u0131n\u0131m\u0131n\u0131n Akdeniz B\u00f6lgesi&#8217;nin do\u011fusu ve G\u00fcneydo\u011fu&#8217;da etkili olaca\u011f\u0131n\u0131 a\u00e7\u0131klad\u0131.\u00a0<\/p>\n<p>METEOROLOJ\u0130&#8217;DEN YARI YAPILDI\u00a0<\/p>\n<p>Meteoroloji taraf\u0131ndan yap\u0131lan a\u00e7\u0131klamada toz ta\u015f\u0131n\u0131m\u0131n\u0131n hayat\u0131 olumsuz y\u00f6nde etkileyece\u011fi belirtilerek, \u201cToz ve kum f\u0131rt\u0131nalar\u0131 ile toz ta\u015f\u0131n\u0131m\u0131n insanlar\u0131n g\u00fcnl\u00fck ya\u015fam\u0131nda olumsuz etkileri bulunmaktad\u0131r. Toz ta\u015f\u0131n\u0131m\u0131n\u0131n ya\u015fand\u0131\u011f\u0131 durumlarda; hassas gruplar olarak tan\u0131mlanan kalp ve solunum yolu hastal\u0131klar\u0131 gibi kronik rahats\u0131zl\u0131\u011f\u0131 bulunanlar ile \u00e7ocuklar, hamileler ve ya\u015fl\u0131lar\u0131n kapal\u0131 ortamlarda kalmalar\u0131 \u00f6nerilir. Toz ve kum f\u0131rt\u0131nalar\u0131 ise hava, kara ve deniz ula\u015f\u0131m\u0131n\u0131 olumsuz y\u00f6nde etkiler.<\/p>\n<p>Toz ve kum f\u0131rt\u0131nalar\u0131n\u0131n g\u00f6r\u00fcld\u00fc\u011f\u00fc b\u00f6lgelerde havayolu trafi\u011finde aksamalar ve karayolu ula\u015f\u0131m\u0131nda ise ciddi sorunlar ya\u015fanmaktad\u0131r. \u00d6zellikle Konya-Aksaray-Nev\u015fehir b\u00f6lgesinde ya\u015fanan Kum ve Toz F\u0131rt\u0131nalar\u0131 esnas\u0131nda onlarca arac\u0131n kar\u0131\u015ft\u0131\u011f\u0131 zincirleme trafik kazalar\u0131 ger\u00e7ekle\u015fmi\u015ftir. G\u00f6r\u00fc\u015f mesafesinin \u00f6nemli \u00f6l\u00e7\u00fcde d\u00fc\u015ft\u00fc\u011f\u00fc bu olaylarda meydana gelen trafik kazalar\u0131nda yaralanan ve hayat\u0131n\u0131 kaybeden vatanda\u015flar\u0131m\u0131z olmu\u015ftur. Bu nedenle, Toz ve Kum F\u0131rt\u0131nalar\u0131n\u0131n ya\u015fand\u0131\u011f\u0131 d\u00f6nemlerde, m\u00fcmk\u00fcn oldu\u011funca trafi\u011fe \u00e7\u0131k\u0131lmamal\u0131d\u0131r\u201d denildi.\u00a0<\/p>\n<p>TOZ TA\u015eINIMI K\u0130MLER\u0130 ETK\u0130LER?\u00a0<\/p>\n<p>\u00c7evre M\u00fchendisleri Odas\u0131 Y\u00f6netim Kurulu \u00dcyesi ve Akdeniz \u00dcniversitesi M\u00fchendislik Fak\u00fcltesi \u00c7evre M\u00fchendisli\u011fi B\u00f6l\u00fcm\u00fc \u00d6\u011fretim \u00dcyesi Do\u00e7. Dr. G\u00fcray Do\u011fan, \u00f6n\u00fcm\u00fczdeki 3 g\u00fcn boyunca etkili olacak toz ta\u015f\u0131n\u0131m\u0131 i\u00e7in uyar\u0131larda bulundu. Toz ta\u015f\u0131n\u0131m\u0131n\u0131n ya\u015fl\u0131lar\u0131 ve akci\u011fer rahats\u0131zl\u0131\u011f\u0131 olan vatanda\u015flar\u0131 etkileyece\u011fini de\u011finen Do\u011fan, \u201c150 mikrogram metrek\u00fcp, y\u00fcksek bir rakam. Bu alerjisi olan vatanda\u015flar\u0131 etkiler. G\u00f6zlerde yanma olabilir, burun ak\u0131nt\u0131s\u0131 ya\u015fanabilir. Ya\u015fl\u0131larda \u00e7ocuklarda ve akci\u011fer hastalar\u0131 \u00fczerinde etkileri olur. Dolay\u0131s\u0131yla d\u0131\u015far\u0131da vakit ge\u00e7irilmesini pek \u00f6nerilmez. Kimi yerlerde g\u00f6r\u00fc\u015f mesafesinin d\u00fc\u015fmesine neden olabilir. Bunlar\u0131n haricinde olumsuz etkileri olaca\u011f\u0131n\u0131 sanm\u0131yorum\u201d diye konu\u015ftu.<\/p>\n<p>TOZ TA\u015eINIMI HANG\u0130 \u0130LLERDE ETK\u0130L\u0130 OLACAK?\u00a0<\/p>\n<p>Suriye \u00fczerinden gelen toz ta\u015f\u0131n\u0131m\u0131n Antalya \u00fczerinde fazla etkisi olmayaca\u011f\u0131na dikkat \u00e7eken Do\u011fan, \u201cSuriye ve Irak\u2019tan gelen toz ta\u015f\u0131n\u0131m\u0131 daha \u00e7ok Adana, Mersin Ni\u011fde, Kayseri ve Hakkari\u2019yi etkileyecek. Antalya\u2019y\u0131 o kadar etkilemez. Antalya\u2019y\u0131 daha \u00e7ok M\u0131s\u0131r ve etraf\u0131ndan ya da Sahra \u00c7\u00f6l\u00fc\u2019nden gelen toz etkiler. Suriye\u2019den gelen toz Antalya\u2019y\u0131 ciddi derece etkilemez ama ufak tefek baz\u0131 etkileri g\u00f6r\u00fclebilir\u201d dedi.\u00a0<\/p>\n<p>\u00a0<\/p>\n<p>\u200bMeteoroloji Genel M\u00fcd\u00fcrl\u00fc\u011f\u00fc, Suriye \u00fczerinden gelen ve \u00f6n\u00fcm\u00fczdeki 3 g\u00fcn boyunca etkili olacak toz ta\u015f\u0131n\u0131m\u0131 i\u00e7in uyar\u0131larda bulundu. \u00c7\u00f6l tozlar\u0131n\u0131n vatanda\u015flar\u0131n sa\u011fl\u0131\u011f\u0131na etkileyece\u011fini belirten \u00c7evre M\u00fchendisleri Odas\u0131 Y\u00f6netim Kurulu \u00dcyesi G\u00fcray Do\u011fan, \u201c150 mikrogram metrek\u00fcp, y\u00fcksek bir rakam. Bu alerjisi olan vatanda\u015flar\u0131 etkiler. G\u00f6zlerde yanma olabilir, burun ak\u0131nt\u0131s\u0131 ya\u015fanabilir. Dolay\u0131s\u0131yla d\u0131\u015far\u0131da vakit ge\u00e7irilmesini pek \u00f6nerilmez\u201d dedi.\u00a0<\/p>\n<p>\u200bHaberin Al\u0131nt\u0131land\u0131\u011f\u0131 Kaynak: www.antalyakorfez.com<\/p>","protected":false},"excerpt":{"rendered":"<p>Meteoroloji Genel M\u00fcd\u00fcrl\u00fc\u011f\u00fc \u00f6n\u00fcm\u00fczdeki 3 g\u00fcn boyunca etkili olacak olan toz ta\u015f\u0131n\u0131m\u0131 i\u00e7in vatanda\u015flara uyar\u0131larda bulundu.\u00a0\u00c7evre M\u00fchendisleri Odas\u0131 Y\u00f6netim Kurulu \u00dcyesi ve Akdeniz \u00dcniversitesi M\u00fchendislik Fak\u00fcltesi \u00c7evre M\u00fchendisli\u011fi B\u00f6l\u00fcm\u00fc \u00d6\u011fretim \u00dcyesi Do\u00e7. Dr. G\u00fcray Do\u011fan, Suriye ve Irak \u00fczerinde gelen tozlar\u0131n insan sa\u011fl\u0131\u011f\u0131n\u0131 etkileyebilece\u011fini ve yer yer g\u00f6r\u00fc\u015f mesafesinde azalmalar olabilece\u011fini a\u00e7\u0131klad\u0131.\u00a0 \u00c7\u00d6L TOZLARI GEL\u0130YOR\u00a0 Meteoroloji Genel M\u00fcd\u00fcrl\u00fc\u011f\u00fc 8 Mart 2025 Cumartesi g\u00fcn\u00fc (yar\u0131n) ba\u015flay\u0131p 3 g\u00fcn boyunca etkile olacak toz ta\u015f\u0131n\u0131m\u0131 konusunda vatanda\u015flara uyar\u0131larda bulundu. Meteoroloji yapt\u0131\u011f\u0131 a\u00e7\u0131klamada Suriye ve Irak \u00fczerinden T\u00fcrkiye\u2019ye gelecek olan toz ta\u015f\u0131n\u0131m\u0131n\u0131n Akdeniz B\u00f6lgesi&#8217;nin do\u011fusu ve G\u00fcneydo\u011fu&#8217;da etkili olaca\u011f\u0131n\u0131 a\u00e7\u0131klad\u0131.\u00a0 METEOROLOJ\u0130&#8217;DEN YARI YAPILDI\u00a0 Meteoroloji taraf\u0131ndan yap\u0131lan a\u00e7\u0131klamada toz ta\u015f\u0131n\u0131m\u0131n\u0131n hayat\u0131 olumsuz y\u00f6nde etkileyece\u011fi belirtilerek, \u201cToz ve kum f\u0131rt\u0131nalar\u0131 ile toz ta\u015f\u0131n\u0131m\u0131n insanlar\u0131n g\u00fcnl\u00fck ya\u015fam\u0131nda olumsuz etkileri bulunmaktad\u0131r. Toz ta\u015f\u0131n\u0131m\u0131n\u0131n ya\u015fand\u0131\u011f\u0131 durumlarda; hassas gruplar olarak tan\u0131mlanan kalp ve solunum yolu hastal\u0131klar\u0131 gibi kronik rahats\u0131zl\u0131\u011f\u0131 bulunanlar ile \u00e7ocuklar, hamileler ve ya\u015fl\u0131lar\u0131n kapal\u0131 ortamlarda kalmalar\u0131 \u00f6nerilir. Toz ve kum f\u0131rt\u0131nalar\u0131 ise hava, kara ve deniz ula\u015f\u0131m\u0131n\u0131 olumsuz y\u00f6nde etkiler. Toz ve kum f\u0131rt\u0131nalar\u0131n\u0131n g\u00f6r\u00fcld\u00fc\u011f\u00fc b\u00f6lgelerde havayolu trafi\u011finde aksamalar ve karayolu ula\u015f\u0131m\u0131nda ise ciddi sorunlar ya\u015fanmaktad\u0131r. \u00d6zellikle Konya-Aksaray-Nev\u015fehir b\u00f6lgesinde ya\u015fanan Kum ve Toz F\u0131rt\u0131nalar\u0131 esnas\u0131nda onlarca arac\u0131n kar\u0131\u015ft\u0131\u011f\u0131 zincirleme trafik kazalar\u0131 ger\u00e7ekle\u015fmi\u015ftir. G\u00f6r\u00fc\u015f mesafesinin \u00f6nemli \u00f6l\u00e7\u00fcde d\u00fc\u015ft\u00fc\u011f\u00fc bu &hellip;<\/p>","protected":false},"author":5,"featured_media":0,"comment_status":"open","ping_status":"open","sticky":false,"template":"","format":"standard","meta":{"_acf_changed":false,"footnotes":""},"categories":[24],"tags":[],"class_list":["post-35015","post","type-post","status-publish","format-standard","has-post-thumbnail","hentry","category-gundem"],"acf":[],"yoast_head":"<!-- This site is optimized with the Yoast SEO Premium plugin v26.6 (Yoast SEO v27.1.1) - https:\/\/yoast.com\/product\/yoast-seo-premium-wordpress\/ -->\n<title>Suriye\u2019den \u00e7\u00f6l tozu geliyor! Sak\u0131n d\u0131\u015far\u0131 \u00e7\u0131kmay\u0131n - Av. Deniz Can K\u0131z\u0131l<\/title>\n<meta name=\"robots\" content=\"index, follow, max-snippet:-1, max-image-preview:large, max-video-preview:-1\" \/>\n<link rel=\"canonical\" href=\"https:\/\/denizcankizil.tr\/en\/haberler\/gundem\/suriyeden-col-tozu-geliyor-sakin-disari-cikmayin\/\" \/>\n<meta property=\"og:locale\" content=\"en_GB\" \/>\n<meta property=\"og:type\" content=\"article\" \/>\n<meta property=\"og:title\" content=\"Suriye\u2019den \u00e7\u00f6l tozu geliyor! Sak\u0131n d\u0131\u015far\u0131 \u00e7\u0131kmay\u0131n\" \/>\n<meta property=\"og:description\" content=\"Meteoroloji Genel M\u00fcd\u00fcrl\u00fc\u011f\u00fc \u00f6n\u00fcm\u00fczdeki 3 g\u00fcn boyunca etkili olacak olan toz ta\u015f\u0131n\u0131m\u0131 i\u00e7in vatanda\u015flara uyar\u0131larda bulundu.\u00a0\u00c7evre M\u00fchendisleri Odas\u0131 Y\u00f6netim Kurulu \u00dcyesi ve Akdeniz \u00dcniversitesi M\u00fchendislik Fak\u00fcltesi \u00c7evre M\u00fchendisli\u011fi B\u00f6l\u00fcm\u00fc \u00d6\u011fretim \u00dcyesi Do\u00e7. Dr. G\u00fcray Do\u011fan, Suriye ve Irak \u00fczerinde gelen tozlar\u0131n insan sa\u011fl\u0131\u011f\u0131n\u0131 etkileyebilece\u011fini ve yer yer g\u00f6r\u00fc\u015f mesafesinde azalmalar olabilece\u011fini a\u00e7\u0131klad\u0131.\u00a0 \u00c7\u00d6L TOZLARI GEL\u0130YOR\u00a0 Meteoroloji Genel M\u00fcd\u00fcrl\u00fc\u011f\u00fc 8 Mart 2025 Cumartesi g\u00fcn\u00fc (yar\u0131n) ba\u015flay\u0131p 3 g\u00fcn boyunca etkile olacak toz ta\u015f\u0131n\u0131m\u0131 konusunda vatanda\u015flara uyar\u0131larda bulundu. Meteoroloji yapt\u0131\u011f\u0131 a\u00e7\u0131klamada Suriye ve Irak \u00fczerinden T\u00fcrkiye\u2019ye gelecek olan toz ta\u015f\u0131n\u0131m\u0131n\u0131n Akdeniz B\u00f6lgesi&#8217;nin do\u011fusu ve G\u00fcneydo\u011fu&#8217;da etkili olaca\u011f\u0131n\u0131 a\u00e7\u0131klad\u0131.\u00a0 METEOROLOJ\u0130&#8217;DEN YARI YAPILDI\u00a0 Meteoroloji taraf\u0131ndan yap\u0131lan a\u00e7\u0131klamada toz ta\u015f\u0131n\u0131m\u0131n\u0131n hayat\u0131 olumsuz y\u00f6nde etkileyece\u011fi belirtilerek, \u201cToz ve kum f\u0131rt\u0131nalar\u0131 ile toz ta\u015f\u0131n\u0131m\u0131n insanlar\u0131n g\u00fcnl\u00fck ya\u015fam\u0131nda olumsuz etkileri bulunmaktad\u0131r. Toz ta\u015f\u0131n\u0131m\u0131n\u0131n ya\u015fand\u0131\u011f\u0131 durumlarda; hassas gruplar olarak tan\u0131mlanan kalp ve solunum yolu hastal\u0131klar\u0131 gibi kronik rahats\u0131zl\u0131\u011f\u0131 bulunanlar ile \u00e7ocuklar, hamileler ve ya\u015fl\u0131lar\u0131n kapal\u0131 ortamlarda kalmalar\u0131 \u00f6nerilir. Toz ve kum f\u0131rt\u0131nalar\u0131 ise hava, kara ve deniz ula\u015f\u0131m\u0131n\u0131 olumsuz y\u00f6nde etkiler. Toz ve kum f\u0131rt\u0131nalar\u0131n\u0131n g\u00f6r\u00fcld\u00fc\u011f\u00fc b\u00f6lgelerde havayolu trafi\u011finde aksamalar ve karayolu ula\u015f\u0131m\u0131nda ise ciddi sorunlar ya\u015fanmaktad\u0131r. \u00d6zellikle Konya-Aksaray-Nev\u015fehir b\u00f6lgesinde ya\u015fanan Kum ve Toz F\u0131rt\u0131nalar\u0131 esnas\u0131nda onlarca arac\u0131n kar\u0131\u015ft\u0131\u011f\u0131 zincirleme trafik kazalar\u0131 ger\u00e7ekle\u015fmi\u015ftir. G\u00f6r\u00fc\u015f mesafesinin \u00f6nemli \u00f6l\u00e7\u00fcde d\u00fc\u015ft\u00fc\u011f\u00fc bu &hellip;\" \/>\n<meta property=\"og:url\" content=\"https:\/\/denizcankizil.tr\/en\/haberler\/gundem\/suriyeden-col-tozu-geliyor-sakin-disari-cikmayin\/\" \/>\n<meta property=\"og:site_name\" content=\"Av. Deniz Can K\u0131z\u0131l\" \/>\n<meta property=\"article:published_time\" content=\"2025-03-07T11:41:43+00:00\" \/>\n<meta name=\"author\" content=\"Antalya K\u00f6rfez\" \/>\n<meta name=\"twitter:card\" content=\"summary_large_image\" \/>\n<meta name=\"twitter:label1\" content=\"Written by\" \/>\n\t<meta name=\"twitter:data1\" content=\"Antalya K\u00f6rfez\" \/>\n\t<meta name=\"twitter:label2\" content=\"Estimated reading time\" \/>\n\t<meta name=\"twitter:data2\" content=\"3 minutes\" \/>\n<script type=\"application\/ld+json\" class=\"yoast-schema-graph\">{\"@context\":\"https:\/\/schema.org\",\"@graph\":[{\"@type\":\"Article\",\"@id\":\"https:\/\/denizcankizil.tr\/en\/haberler\/gundem\/suriyeden-col-tozu-geliyor-sakin-disari-cikmayin\/#article\",\"isPartOf\":{\"@id\":\"https:\/\/denizcankizil.tr\/en\/haberler\/gundem\/suriyeden-col-tozu-geliyor-sakin-disari-cikmayin\/\"},\"author\":{\"name\":\"Antalya K\u00f6rfez\",\"@id\":\"https:\/\/denizcankizil.tr\/#\/schema\/person\/e1eb71bb4dd684d46563f0af307e1234\"},\"headline\":\"Suriye\u2019den \u00e7\u00f6l tozu geliyor! Sak\u0131n d\u0131\u015far\u0131 \u00e7\u0131kmay\u0131n\",\"datePublished\":\"2025-03-07T11:41:43+00:00\",\"mainEntityOfPage\":{\"@id\":\"https:\/\/denizcankizil.tr\/en\/haberler\/gundem\/suriyeden-col-tozu-geliyor-sakin-disari-cikmayin\/\"},\"wordCount\":692,\"commentCount\":0,\"publisher\":{\"@id\":\"https:\/\/denizcankizil.tr\/#organization\"},\"articleSection\":[\"G\u00fcndem\"],\"inLanguage\":\"en-GB\",\"potentialAction\":[{\"@type\":\"CommentAction\",\"name\":\"Comment\",\"target\":[\"https:\/\/denizcankizil.tr\/en\/haberler\/gundem\/suriyeden-col-tozu-geliyor-sakin-disari-cikmayin\/#respond\"]}]},{\"@type\":\"WebPage\",\"@id\":\"https:\/\/denizcankizil.tr\/en\/haberler\/gundem\/suriyeden-col-tozu-geliyor-sakin-disari-cikmayin\/\",\"url\":\"https:\/\/denizcankizil.tr\/en\/haberler\/gundem\/suriyeden-col-tozu-geliyor-sakin-disari-cikmayin\/\",\"name\":\"Suriye\u2019den \u00e7\u00f6l tozu geliyor! Sak\u0131n d\u0131\u015far\u0131 \u00e7\u0131kmay\u0131n - Av. Deniz Can K\u0131z\u0131l\",\"isPartOf\":{\"@id\":\"https:\/\/denizcankizil.tr\/#website\"},\"datePublished\":\"2025-03-07T11:41:43+00:00\",\"breadcrumb\":{\"@id\":\"https:\/\/denizcankizil.tr\/en\/haberler\/gundem\/suriyeden-col-tozu-geliyor-sakin-disari-cikmayin\/#breadcrumb\"},\"inLanguage\":\"en-GB\",\"potentialAction\":[{\"@type\":\"ReadAction\",\"target\":[\"https:\/\/denizcankizil.tr\/en\/haberler\/gundem\/suriyeden-col-tozu-geliyor-sakin-disari-cikmayin\/\"]}]},{\"@type\":\"BreadcrumbList\",\"@id\":\"https:\/\/denizcankizil.tr\/en\/haberler\/gundem\/suriyeden-col-tozu-geliyor-sakin-disari-cikmayin\/#breadcrumb\",\"itemListElement\":[{\"@type\":\"ListItem\",\"position\":1,\"name\":\"Home\",\"item\":\"https:\/\/denizcankizil.tr\/de\/\"},{\"@type\":\"ListItem\",\"position\":2,\"name\":\"Suriye\u2019den \u00e7\u00f6l tozu geliyor! Sak\u0131n d\u0131\u015far\u0131 \u00e7\u0131kmay\u0131n\"}]},{\"@type\":\"WebSite\",\"@id\":\"https:\/\/denizcankizil.tr\/#website\",\"url\":\"https:\/\/denizcankizil.tr\/\",\"name\":\"Av. Deniz Can K\u0131z\u0131l\",\"description\":\"Avukat Deniz Can K\u0131z\u0131l Antalya Barosu\",\"publisher\":{\"@id\":\"https:\/\/denizcankizil.tr\/#organization\"},\"potentialAction\":[{\"@type\":\"SearchAction\",\"target\":{\"@type\":\"EntryPoint\",\"urlTemplate\":\"https:\/\/denizcankizil.tr\/?s={search_term_string}\"},\"query-input\":{\"@type\":\"PropertyValueSpecification\",\"valueRequired\":true,\"valueName\":\"search_term_string\"}}],\"inLanguage\":\"en-GB\"},{\"@type\":\"Organization\",\"@id\":\"https:\/\/denizcankizil.tr\/#organization\",\"name\":\"Av. Deniz Can K\u0131z\u0131l\",\"url\":\"https:\/\/denizcankizil.tr\/\",\"logo\":{\"@type\":\"ImageObject\",\"inLanguage\":\"en-GB\",\"@id\":\"https:\/\/denizcankizil.tr\/#\/schema\/logo\/image\/\",\"url\":\"https:\/\/denizcankizil.tr\/wp-content\/uploads\/2024\/10\/siyah-logo-svg.svg\",\"contentUrl\":\"https:\/\/denizcankizil.tr\/wp-content\/uploads\/2024\/10\/siyah-logo-svg.svg\",\"width\":1080,\"height\":1080,\"caption\":\"Av. Deniz Can K\u0131z\u0131l\"},\"image\":{\"@id\":\"https:\/\/denizcankizil.tr\/#\/schema\/logo\/image\/\"}},{\"@type\":\"Person\",\"@id\":\"https:\/\/denizcankizil.tr\/#\/schema\/person\/e1eb71bb4dd684d46563f0af307e1234\",\"name\":\"Antalya K\u00f6rfez\",\"image\":{\"@type\":\"ImageObject\",\"inLanguage\":\"en-GB\",\"@id\":\"https:\/\/denizcankizil.tr\/#\/schema\/person\/image\/\",\"url\":\"https:\/\/secure.gravatar.com\/avatar\/42b01982558a48a0b501fdcab6a408d3717ea5919095ee2e67b0e521799c5905?s=96&d=mm&r=g\",\"contentUrl\":\"https:\/\/secure.gravatar.com\/avatar\/42b01982558a48a0b501fdcab6a408d3717ea5919095ee2e67b0e521799c5905?s=96&d=mm&r=g\",\"caption\":\"Antalya K\u00f6rfez\"},\"sameAs\":[\"http:\/\/www.antalyakorfez.com\"],\"url\":\"https:\/\/www.antalyakorfez.com\/suriyeden-col-tozu-geliyor-sakin-disari-cikmayin\"}]}<\/script>\n<!-- \/ Yoast SEO Premium plugin. -->","yoast_head_json":{"title":"Suriye\u2019den \u00e7\u00f6l tozu geliyor! Sak\u0131n d\u0131\u015far\u0131 \u00e7\u0131kmay\u0131n - Av. Deniz Can K\u0131z\u0131l","robots":{"index":"index","follow":"follow","max-snippet":"max-snippet:-1","max-image-preview":"max-image-preview:large","max-video-preview":"max-video-preview:-1"},"canonical":"https:\/\/denizcankizil.tr\/en\/haberler\/gundem\/suriyeden-col-tozu-geliyor-sakin-disari-cikmayin\/","og_locale":"en_GB","og_type":"article","og_title":"Suriye\u2019den \u00e7\u00f6l tozu geliyor! Sak\u0131n d\u0131\u015far\u0131 \u00e7\u0131kmay\u0131n","og_description":"Meteoroloji Genel M\u00fcd\u00fcrl\u00fc\u011f\u00fc \u00f6n\u00fcm\u00fczdeki 3 g\u00fcn boyunca etkili olacak olan toz ta\u015f\u0131n\u0131m\u0131 i\u00e7in vatanda\u015flara uyar\u0131larda bulundu.\u00a0\u00c7evre M\u00fchendisleri Odas\u0131 Y\u00f6netim Kurulu \u00dcyesi ve Akdeniz \u00dcniversitesi M\u00fchendislik Fak\u00fcltesi \u00c7evre M\u00fchendisli\u011fi B\u00f6l\u00fcm\u00fc \u00d6\u011fretim \u00dcyesi Do\u00e7. Dr. G\u00fcray Do\u011fan, Suriye ve Irak \u00fczerinde gelen tozlar\u0131n insan sa\u011fl\u0131\u011f\u0131n\u0131 etkileyebilece\u011fini ve yer yer g\u00f6r\u00fc\u015f mesafesinde azalmalar olabilece\u011fini a\u00e7\u0131klad\u0131.\u00a0 \u00c7\u00d6L TOZLARI GEL\u0130YOR\u00a0 Meteoroloji Genel M\u00fcd\u00fcrl\u00fc\u011f\u00fc 8 Mart 2025 Cumartesi g\u00fcn\u00fc (yar\u0131n) ba\u015flay\u0131p 3 g\u00fcn boyunca etkile olacak toz ta\u015f\u0131n\u0131m\u0131 konusunda vatanda\u015flara uyar\u0131larda bulundu. Meteoroloji yapt\u0131\u011f\u0131 a\u00e7\u0131klamada Suriye ve Irak \u00fczerinden T\u00fcrkiye\u2019ye gelecek olan toz ta\u015f\u0131n\u0131m\u0131n\u0131n Akdeniz B\u00f6lgesi&#8217;nin do\u011fusu ve G\u00fcneydo\u011fu&#8217;da etkili olaca\u011f\u0131n\u0131 a\u00e7\u0131klad\u0131.\u00a0 METEOROLOJ\u0130&#8217;DEN YARI YAPILDI\u00a0 Meteoroloji taraf\u0131ndan yap\u0131lan a\u00e7\u0131klamada toz ta\u015f\u0131n\u0131m\u0131n\u0131n hayat\u0131 olumsuz y\u00f6nde etkileyece\u011fi belirtilerek, \u201cToz ve kum f\u0131rt\u0131nalar\u0131 ile toz ta\u015f\u0131n\u0131m\u0131n insanlar\u0131n g\u00fcnl\u00fck ya\u015fam\u0131nda olumsuz etkileri bulunmaktad\u0131r. Toz ta\u015f\u0131n\u0131m\u0131n\u0131n ya\u015fand\u0131\u011f\u0131 durumlarda; hassas gruplar olarak tan\u0131mlanan kalp ve solunum yolu hastal\u0131klar\u0131 gibi kronik rahats\u0131zl\u0131\u011f\u0131 bulunanlar ile \u00e7ocuklar, hamileler ve ya\u015fl\u0131lar\u0131n kapal\u0131 ortamlarda kalmalar\u0131 \u00f6nerilir. Toz ve kum f\u0131rt\u0131nalar\u0131 ise hava, kara ve deniz ula\u015f\u0131m\u0131n\u0131 olumsuz y\u00f6nde etkiler. Toz ve kum f\u0131rt\u0131nalar\u0131n\u0131n g\u00f6r\u00fcld\u00fc\u011f\u00fc b\u00f6lgelerde havayolu trafi\u011finde aksamalar ve karayolu ula\u015f\u0131m\u0131nda ise ciddi sorunlar ya\u015fanmaktad\u0131r. \u00d6zellikle Konya-Aksaray-Nev\u015fehir b\u00f6lgesinde ya\u015fanan Kum ve Toz F\u0131rt\u0131nalar\u0131 esnas\u0131nda onlarca arac\u0131n kar\u0131\u015ft\u0131\u011f\u0131 zincirleme trafik kazalar\u0131 ger\u00e7ekle\u015fmi\u015ftir. G\u00f6r\u00fc\u015f mesafesinin \u00f6nemli \u00f6l\u00e7\u00fcde d\u00fc\u015ft\u00fc\u011f\u00fc bu &hellip;","og_url":"https:\/\/denizcankizil.tr\/en\/haberler\/gundem\/suriyeden-col-tozu-geliyor-sakin-disari-cikmayin\/","og_site_name":"Av. Deniz Can K\u0131z\u0131l","article_published_time":"2025-03-07T11:41:43+00:00","author":"Antalya K\u00f6rfez","twitter_card":"summary_large_image","twitter_misc":{"Written by":"Antalya K\u00f6rfez","Estimated reading time":"3 minutes"},"schema":{"@context":"https:\/\/schema.org","@graph":[{"@type":"Article","@id":"https:\/\/denizcankizil.tr\/en\/haberler\/gundem\/suriyeden-col-tozu-geliyor-sakin-disari-cikmayin\/#article","isPartOf":{"@id":"https:\/\/denizcankizil.tr\/en\/haberler\/gundem\/suriyeden-col-tozu-geliyor-sakin-disari-cikmayin\/"},"author":{"name":"Antalya K\u00f6rfez","@id":"https:\/\/denizcankizil.tr\/#\/schema\/person\/e1eb71bb4dd684d46563f0af307e1234"},"headline":"Suriye\u2019den \u00e7\u00f6l tozu geliyor! Sak\u0131n d\u0131\u015far\u0131 \u00e7\u0131kmay\u0131n","datePublished":"2025-03-07T11:41:43+00:00","mainEntityOfPage":{"@id":"https:\/\/denizcankizil.tr\/en\/haberler\/gundem\/suriyeden-col-tozu-geliyor-sakin-disari-cikmayin\/"},"wordCount":692,"commentCount":0,"publisher":{"@id":"https:\/\/denizcankizil.tr\/#organization"},"articleSection":["G\u00fcndem"],"inLanguage":"en-GB","potentialAction":[{"@type":"CommentAction","name":"Comment","target":["https:\/\/denizcankizil.tr\/en\/haberler\/gundem\/suriyeden-col-tozu-geliyor-sakin-disari-cikmayin\/#respond"]}]},{"@type":"WebPage","@id":"https:\/\/denizcankizil.tr\/en\/haberler\/gundem\/suriyeden-col-tozu-geliyor-sakin-disari-cikmayin\/","url":"https:\/\/denizcankizil.tr\/en\/haberler\/gundem\/suriyeden-col-tozu-geliyor-sakin-disari-cikmayin\/","name":"Suriye\u2019den \u00e7\u00f6l tozu geliyor! Sak\u0131n d\u0131\u015far\u0131 \u00e7\u0131kmay\u0131n - Av. Deniz Can K\u0131z\u0131l","isPartOf":{"@id":"https:\/\/denizcankizil.tr\/#website"},"datePublished":"2025-03-07T11:41:43+00:00","breadcrumb":{"@id":"https:\/\/denizcankizil.tr\/en\/haberler\/gundem\/suriyeden-col-tozu-geliyor-sakin-disari-cikmayin\/#breadcrumb"},"inLanguage":"en-GB","potentialAction":[{"@type":"ReadAction","target":["https:\/\/denizcankizil.tr\/en\/haberler\/gundem\/suriyeden-col-tozu-geliyor-sakin-disari-cikmayin\/"]}]},{"@type":"BreadcrumbList","@id":"https:\/\/denizcankizil.tr\/en\/haberler\/gundem\/suriyeden-col-tozu-geliyor-sakin-disari-cikmayin\/#breadcrumb","itemListElement":[{"@type":"ListItem","position":1,"name":"Home","item":"https:\/\/denizcankizil.tr\/de\/"},{"@type":"ListItem","position":2,"name":"Suriye\u2019den \u00e7\u00f6l tozu geliyor! Sak\u0131n d\u0131\u015far\u0131 \u00e7\u0131kmay\u0131n"}]},{"@type":"WebSite","@id":"https:\/\/denizcankizil.tr\/#website","url":"https:\/\/denizcankizil.tr\/","name":"Av. Deniz Can K\u0131z\u0131l","description":"Avukat Deniz Can K\u0131z\u0131l Antalya Barosu","publisher":{"@id":"https:\/\/denizcankizil.tr\/#organization"},"potentialAction":[{"@type":"SearchAction","target":{"@type":"EntryPoint","urlTemplate":"https:\/\/denizcankizil.tr\/?s={search_term_string}"},"query-input":{"@type":"PropertyValueSpecification","valueRequired":true,"valueName":"search_term_string"}}],"inLanguage":"en-GB"},{"@type":"Organization","@id":"https:\/\/denizcankizil.tr\/#organization","name":"Av. Deniz Can K\u0131z\u0131l","url":"https:\/\/denizcankizil.tr\/","logo":{"@type":"ImageObject","inLanguage":"en-GB","@id":"https:\/\/denizcankizil.tr\/#\/schema\/logo\/image\/","url":"https:\/\/denizcankizil.tr\/wp-content\/uploads\/2024\/10\/siyah-logo-svg.svg","contentUrl":"https:\/\/denizcankizil.tr\/wp-content\/uploads\/2024\/10\/siyah-logo-svg.svg","width":1080,"height":1080,"caption":"Av. Deniz Can K\u0131z\u0131l"},"image":{"@id":"https:\/\/denizcankizil.tr\/#\/schema\/logo\/image\/"}},{"@type":"Person","@id":"https:\/\/denizcankizil.tr\/#\/schema\/person\/e1eb71bb4dd684d46563f0af307e1234","name":"Antalya K\u00f6rfez","image":{"@type":"ImageObject","inLanguage":"en-GB","@id":"https:\/\/denizcankizil.tr\/#\/schema\/person\/image\/","url":"https:\/\/secure.gravatar.com\/avatar\/42b01982558a48a0b501fdcab6a408d3717ea5919095ee2e67b0e521799c5905?s=96&d=mm&r=g","contentUrl":"https:\/\/secure.gravatar.com\/avatar\/42b01982558a48a0b501fdcab6a408d3717ea5919095ee2e67b0e521799c5905?s=96&d=mm&r=g","caption":"Antalya K\u00f6rfez"},"sameAs":["http:\/\/www.antalyakorfez.com"],"url":"https:\/\/www.antalyakorfez.com\/suriyeden-col-tozu-geliyor-sakin-disari-cikmayin"}]}},"_links":{"self":[{"href":"https:\/\/denizcankizil.tr\/en\/wp-json\/wp\/v2\/posts\/35015","targetHints":{"allow":["GET"]}}],"collection":[{"href":"https:\/\/denizcankizil.tr\/en\/wp-json\/wp\/v2\/posts"}],"about":[{"href":"https:\/\/denizcankizil.tr\/en\/wp-json\/wp\/v2\/types\/post"}],"author":[{"embeddable":true,"href":"https:\/\/denizcankizil.tr\/en\/wp-json\/wp\/v2\/users\/5"}],"replies":[{"embeddable":true,"href":"https:\/\/denizcankizil.tr\/en\/wp-json\/wp\/v2\/comments?post=35015"}],"version-history":[{"count":0,"href":"https:\/\/denizcankizil.tr\/en\/wp-json\/wp\/v2\/posts\/35015\/revisions"}],"wp:attachment":[{"href":"https:\/\/denizcankizil.tr\/en\/wp-json\/wp\/v2\/media?parent=35015"}],"wp:term":[{"taxonomy":"category","embeddable":true,"href":"https:\/\/denizcankizil.tr\/en\/wp-json\/wp\/v2\/categories?post=35015"},{"taxonomy":"post_tag","embeddable":true,"href":"https:\/\/denizcankizil.tr\/en\/wp-json\/wp\/v2\/tags?post=35015"}],"curies":[{"name":"wp","href":"https:\/\/api.w.org\/{rel}","templated":true}]}}