{"id":34884,"date":"2025-03-06T12:41:50","date_gmt":"2025-03-06T09:41:50","guid":{"rendered":"https:\/\/denizcankizil.tr\/uncategorized-tr\/antalyada-sokak-dugunleri-yasaklandi\/"},"modified":"2025-03-06T12:41:50","modified_gmt":"2025-03-06T09:41:50","slug":"antalyada-sokak-dugunleri-yasaklandi","status":"publish","type":"post","link":"https:\/\/denizcankizil.tr\/en\/haberler\/antalya\/antalyada-sokak-dugunleri-yasaklandi\/","title":{"rendered":"Antalya&#8217;da sokak d\u00fc\u011f\u00fcnleri yasakland\u0131"},"content":{"rendered":"<p>Antalya Valisi Hulusi \u015eahin, \u015eubat Ay\u0131 Asayi\u015f ve G\u00fcvenlik Bilgilendirme Toplant\u0131s\u0131 \u00f6ncesinde yapt\u0131\u011f\u0131 a\u00e7\u0131klamada d\u00fc\u011f\u00fcn mevsiminin yakla\u015fmas\u0131yla birlikte artan sokak d\u00fc\u011f\u00fcnleri konusunda yeni bir karar al\u0131nd\u0131\u011f\u0131n\u0131 duyurdu. Vali \u015eahin, Antalya genelinde d\u00fc\u011f\u00fcn, ni\u015fan, k\u0131na gecesi, asker u\u011furlamas\u0131 ve mevlid merasimi gibi etkinliklerin a\u00e7\u0131k alanlarda d\u00fczenlenmesine s\u0131n\u0131rlama getirildi\u011fini belirtti. Vali \u015eahin, sokak d\u00fc\u011f\u00fcnlerinin trafik ak\u0131\u015f\u0131n\u0131 olumsuz etkiledi\u011fini, ambulans, itfaiye ve g\u00fcvenlik ekiplerinin intikalini engelledi\u011fini vurgulad\u0131. Ayr\u0131ca g\u00fcr\u00fclt\u00fc kirlili\u011finin vatanda\u015flardan yo\u011fun \u015fikayet ald\u0131\u011f\u0131n\u0131, ya\u015fl\u0131lar, hastalar, bebekler ve \u00f6\u011frenciler i\u00e7in ma\u011fduriyet olu\u015fturdu\u011funu ifade eden \u015eahin, &#8220;Yolun trafi\u011fe kapat\u0131lmas\u0131, ge\u00e7 saatlere kadar g\u00fcr\u00fclt\u00fc yaparak ki\u015filerin huzur ve s\u00fckununu bozmas\u0131 gibi fiiller meydana gelmektedir. G\u00fcr\u00fclt\u00fc kirlili\u011finin \u00f6n\u00fcne ge\u00e7ilmesi ve kamu sa\u011fl\u0131\u011f\u0131n\u0131n korunmas\u0131 i\u00e7in valili\u011fimiz taraf\u0131ndan al\u0131nan karar ile bu t\u00fcr etkinliklerin d\u00fc\u011f\u00fcn salonlar\u0131 ya da belediye ba\u015fkanl\u0131\u011f\u0131nca belirlenen alanlarda yap\u0131lmas\u0131; cadde, sokak, park ve di\u011fer kamusal alanlarda yap\u0131lmamas\u0131 kararla\u015ft\u0131r\u0131lm\u0131\u015ft\u0131r&#8221; dedi.<\/p>\n<p>&#8220;Mevsimlik de\u011fil, y\u0131l boyunca uygulanacakt\u0131r&#8221;<br \/>\nBu karara uymayanlar hakk\u0131nda T\u00fcrk Ceza Kanunu, Karayollar\u0131 Trafik Kanunu, \u0130l \u0130daresi Kanunu ve Kabahatler Kanunu kapsam\u0131nda cezai i\u015flem uygulanaca\u011f\u0131n\u0131 belirten Vali \u015eahin, &#8220;Bu konudaki denetimleri s\u0131k\u0131 bir \u015fekilde ger\u00e7ekle\u015ftirece\u011fiz. Antalya&#8217;da bu t\u00fcr etkinlikleri yapmak isteyen vatanda\u015flar\u0131m\u0131z, tahsis edilmi\u015f alanlarda bu etkinlikleri ger\u00e7ekle\u015ftirebilir. Sokaklar, parklar ve kamusal alanlar vatanda\u015flara ayr\u0131lm\u0131\u015ft\u0131r, bu alanlarda d\u00fc\u011f\u00fcn ve benzeri organizasyonlara m\u00fcsaade edilmeyecektir. Bu karar mevsimlik de\u011fil, y\u0131l boyunca uygulanacakt\u0131r&#8221; ifadelerini kulland\u0131.<br \/>\nSokaklar\u0131n d\u00fc\u011f\u00fcn salonuna \u00e7evrilmesinin hukuka ayk\u0131r\u0131 oldu\u011funu dile getiren \u015eahin, &#8220;Belediyeler bu t\u00fcr etkinlik alanlar\u0131n\u0131 belirleyebilir. Ses bariyerleri koyarak ya da mevcut \u00f6zel d\u00fc\u011f\u00fcn salonlar\u0131nda bu organizasyonlar yap\u0131labilir. D\u00fcnya genelinde oldu\u011fu gibi T\u00fcrkiye&#8217;de de, Antalya&#8217;da da art\u0131k \u015fehir ya\u015fam\u0131na herkesin al\u0131\u015fmas\u0131 gerekiyor&#8221; diye konu\u015ftu.<\/p>\n<p>&#8220;Meskun mahal olarak tan\u0131mlanan yerlerde g\u00fcr\u00fclt\u00fcye neden olan etkinlikler yasaklanm\u0131\u015ft\u0131r&#8221;<br \/>\nG\u00fcr\u00fclt\u00fc kirlili\u011fine y\u00f6nelik cezalar\u0131n \u00c7evre, \u015eehircilik ve \u0130klim De\u011fi\u015fikli\u011fi \u0130l M\u00fcd\u00fcrl\u00fc\u011f\u00fc taraf\u0131ndan belirlendi\u011fini belirten \u015eahin, yollar\u0131n kapat\u0131lmas\u0131n\u0131n da cezai yapt\u0131r\u0131mla kar\u015f\u0131l\u0131k bulaca\u011f\u0131n\u0131 ifade etti. K\u0131rsal kesimlerde belirlenen kamusal alanlarda ise bu t\u00fcr etkinliklerin yap\u0131labilece\u011fini belirten Vali \u015eahin, &#8220;Taziye evleri, okul bah\u00e7eleri veya kullan\u0131lmayan okul binalar\u0131 bu t\u00fcr organizasyonlar i\u00e7in uygun alanlar olarak de\u011ferlendirilebilir&#8221; dedi.<br \/>\nHavaya ate\u015f a\u00e7\u0131lmas\u0131 ve trafik kazalar\u0131 sonras\u0131 ya\u015fanan kavgalar gibi konularla ilgili de yeni yasal d\u00fczenlemelerin g\u00fcndemde oldu\u011funu hat\u0131rlatan Vali \u015eahin, &#8220;Bunlar da y\u00fcr\u00fcrl\u00fc\u011fe girdi\u011finde uygulamalar daha da s\u0131k\u0131 bir \u015fekilde denetlenecektir&#8221; ifadelerini kulland\u0131.<\/p>\n<p>Kaynak: www.kanalv.com.tr Haber Sitesinden Al\u0131nm\u0131\u015ft\u0131r.<\/p>","protected":false},"excerpt":{"rendered":"<p>Antalya Valisi Hulusi \u015eahin, \u015eubat Ay\u0131 Asayi\u015f ve G\u00fcvenlik Bilgilendirme Toplant\u0131s\u0131 \u00f6ncesinde yapt\u0131\u011f\u0131 a\u00e7\u0131klamada d\u00fc\u011f\u00fcn mevsiminin yakla\u015fmas\u0131yla birlikte artan sokak d\u00fc\u011f\u00fcnleri konusunda yeni bir karar al\u0131nd\u0131\u011f\u0131n\u0131 duyurdu. Vali \u015eahin, Antalya genelinde d\u00fc\u011f\u00fcn, ni\u015fan, k\u0131na gecesi, asker u\u011furlamas\u0131 ve mevlid merasimi gibi etkinliklerin a\u00e7\u0131k alanlarda d\u00fczenlenmesine s\u0131n\u0131rlama getirildi\u011fini belirtti. Vali \u015eahin, sokak d\u00fc\u011f\u00fcnlerinin trafik ak\u0131\u015f\u0131n\u0131 olumsuz etkiledi\u011fini, ambulans, itfaiye ve g\u00fcvenlik ekiplerinin intikalini engelledi\u011fini vurgulad\u0131. Ayr\u0131ca g\u00fcr\u00fclt\u00fc kirlili\u011finin vatanda\u015flardan yo\u011fun \u015fikayet ald\u0131\u011f\u0131n\u0131, ya\u015fl\u0131lar, hastalar, bebekler ve \u00f6\u011frenciler i\u00e7in ma\u011fduriyet olu\u015fturdu\u011funu ifade eden \u015eahin, &#8220;Yolun trafi\u011fe kapat\u0131lmas\u0131, ge\u00e7 saatlere kadar g\u00fcr\u00fclt\u00fc yaparak ki\u015filerin huzur ve s\u00fckununu bozmas\u0131 gibi fiiller meydana gelmektedir. G\u00fcr\u00fclt\u00fc kirlili\u011finin \u00f6n\u00fcne ge\u00e7ilmesi ve kamu sa\u011fl\u0131\u011f\u0131n\u0131n korunmas\u0131 i\u00e7in valili\u011fimiz taraf\u0131ndan al\u0131nan karar ile bu t\u00fcr etkinliklerin d\u00fc\u011f\u00fcn salonlar\u0131 ya da belediye ba\u015fkanl\u0131\u011f\u0131nca belirlenen alanlarda yap\u0131lmas\u0131; cadde, sokak, park ve di\u011fer kamusal alanlarda yap\u0131lmamas\u0131 kararla\u015ft\u0131r\u0131lm\u0131\u015ft\u0131r&#8221; dedi. &#8220;Mevsimlik de\u011fil, y\u0131l boyunca uygulanacakt\u0131r&#8221; Bu karara uymayanlar hakk\u0131nda T\u00fcrk Ceza Kanunu, Karayollar\u0131 Trafik Kanunu, \u0130l \u0130daresi Kanunu ve Kabahatler Kanunu kapsam\u0131nda cezai i\u015flem uygulanaca\u011f\u0131n\u0131 belirten Vali \u015eahin, &#8220;Bu konudaki denetimleri s\u0131k\u0131 bir \u015fekilde ger\u00e7ekle\u015ftirece\u011fiz. Antalya&#8217;da bu t\u00fcr etkinlikleri yapmak isteyen vatanda\u015flar\u0131m\u0131z, tahsis edilmi\u015f alanlarda bu etkinlikleri ger\u00e7ekle\u015ftirebilir. Sokaklar, parklar ve kamusal alanlar vatanda\u015flara ayr\u0131lm\u0131\u015ft\u0131r, bu alanlarda d\u00fc\u011f\u00fcn ve benzeri organizasyonlara m\u00fcsaade edilmeyecektir. Bu karar &hellip;<\/p>","protected":false},"author":4,"featured_media":34885,"comment_status":"open","ping_status":"open","sticky":false,"template":"","format":"standard","meta":{"_acf_changed":false,"footnotes":""},"categories":[26],"tags":[],"class_list":["post-34884","post","type-post","status-publish","format-standard","has-post-thumbnail","hentry","category-antalya"],"acf":[],"yoast_head":"<!-- This site is optimized with the Yoast SEO Premium plugin v26.6 (Yoast SEO v27.1.1) - https:\/\/yoast.com\/product\/yoast-seo-premium-wordpress\/ -->\n<title>Antalya&#039;da sokak d\u00fc\u011f\u00fcnleri yasakland\u0131 - Av. Deniz Can K\u0131z\u0131l<\/title>\n<meta name=\"robots\" content=\"index, follow, max-snippet:-1, max-image-preview:large, max-video-preview:-1\" \/>\n<link rel=\"canonical\" href=\"https:\/\/denizcankizil.tr\/en\/haberler\/antalya\/antalyada-sokak-dugunleri-yasaklandi\/\" \/>\n<meta property=\"og:locale\" content=\"en_GB\" \/>\n<meta property=\"og:type\" content=\"article\" \/>\n<meta property=\"og:title\" content=\"Antalya&#039;da sokak d\u00fc\u011f\u00fcnleri yasakland\u0131\" \/>\n<meta property=\"og:description\" content=\"Antalya Valisi Hulusi \u015eahin, \u015eubat Ay\u0131 Asayi\u015f ve G\u00fcvenlik Bilgilendirme Toplant\u0131s\u0131 \u00f6ncesinde yapt\u0131\u011f\u0131 a\u00e7\u0131klamada d\u00fc\u011f\u00fcn mevsiminin yakla\u015fmas\u0131yla birlikte artan sokak d\u00fc\u011f\u00fcnleri konusunda yeni bir karar al\u0131nd\u0131\u011f\u0131n\u0131 duyurdu. Vali \u015eahin, Antalya genelinde d\u00fc\u011f\u00fcn, ni\u015fan, k\u0131na gecesi, asker u\u011furlamas\u0131 ve mevlid merasimi gibi etkinliklerin a\u00e7\u0131k alanlarda d\u00fczenlenmesine s\u0131n\u0131rlama getirildi\u011fini belirtti. Vali \u015eahin, sokak d\u00fc\u011f\u00fcnlerinin trafik ak\u0131\u015f\u0131n\u0131 olumsuz etkiledi\u011fini, ambulans, itfaiye ve g\u00fcvenlik ekiplerinin intikalini engelledi\u011fini vurgulad\u0131. Ayr\u0131ca g\u00fcr\u00fclt\u00fc kirlili\u011finin vatanda\u015flardan yo\u011fun \u015fikayet ald\u0131\u011f\u0131n\u0131, ya\u015fl\u0131lar, hastalar, bebekler ve \u00f6\u011frenciler i\u00e7in ma\u011fduriyet olu\u015fturdu\u011funu ifade eden \u015eahin, &#8220;Yolun trafi\u011fe kapat\u0131lmas\u0131, ge\u00e7 saatlere kadar g\u00fcr\u00fclt\u00fc yaparak ki\u015filerin huzur ve s\u00fckununu bozmas\u0131 gibi fiiller meydana gelmektedir. G\u00fcr\u00fclt\u00fc kirlili\u011finin \u00f6n\u00fcne ge\u00e7ilmesi ve kamu sa\u011fl\u0131\u011f\u0131n\u0131n korunmas\u0131 i\u00e7in valili\u011fimiz taraf\u0131ndan al\u0131nan karar ile bu t\u00fcr etkinliklerin d\u00fc\u011f\u00fcn salonlar\u0131 ya da belediye ba\u015fkanl\u0131\u011f\u0131nca belirlenen alanlarda yap\u0131lmas\u0131; cadde, sokak, park ve di\u011fer kamusal alanlarda yap\u0131lmamas\u0131 kararla\u015ft\u0131r\u0131lm\u0131\u015ft\u0131r&#8221; dedi. &#8220;Mevsimlik de\u011fil, y\u0131l boyunca uygulanacakt\u0131r&#8221; Bu karara uymayanlar hakk\u0131nda T\u00fcrk Ceza Kanunu, Karayollar\u0131 Trafik Kanunu, \u0130l \u0130daresi Kanunu ve Kabahatler Kanunu kapsam\u0131nda cezai i\u015flem uygulanaca\u011f\u0131n\u0131 belirten Vali \u015eahin, &#8220;Bu konudaki denetimleri s\u0131k\u0131 bir \u015fekilde ger\u00e7ekle\u015ftirece\u011fiz. Antalya&#8217;da bu t\u00fcr etkinlikleri yapmak isteyen vatanda\u015flar\u0131m\u0131z, tahsis edilmi\u015f alanlarda bu etkinlikleri ger\u00e7ekle\u015ftirebilir. Sokaklar, parklar ve kamusal alanlar vatanda\u015flara ayr\u0131lm\u0131\u015ft\u0131r, bu alanlarda d\u00fc\u011f\u00fcn ve benzeri organizasyonlara m\u00fcsaade edilmeyecektir. Bu karar &hellip;\" \/>\n<meta property=\"og:url\" content=\"https:\/\/denizcankizil.tr\/en\/haberler\/antalya\/antalyada-sokak-dugunleri-yasaklandi\/\" \/>\n<meta property=\"og:site_name\" content=\"Av. Deniz Can K\u0131z\u0131l\" \/>\n<meta property=\"article:published_time\" content=\"2025-03-06T09:41:50+00:00\" \/>\n<meta property=\"og:image\" content=\"https:\/\/denizcankizil.tr\/wp-content\/uploads\/2025\/03\/5351-01-0H216U.jpeg\" \/>\n\t<meta property=\"og:image:width\" content=\"1280\" \/>\n\t<meta property=\"og:image:height\" content=\"720\" \/>\n\t<meta property=\"og:image:type\" content=\"image\/jpeg\" \/>\n<meta name=\"author\" content=\"Av. Deniz Can K\u0131z\u0131l\" \/>\n<meta name=\"twitter:card\" content=\"summary_large_image\" \/>\n<meta name=\"twitter:label1\" content=\"Written by\" \/>\n\t<meta name=\"twitter:data1\" content=\"Av. Deniz Can K\u0131z\u0131l\" \/>\n\t<meta name=\"twitter:label2\" content=\"Estimated reading time\" \/>\n\t<meta name=\"twitter:data2\" content=\"3 minutes\" \/>\n<script type=\"application\/ld+json\" class=\"yoast-schema-graph\">{\"@context\":\"https:\/\/schema.org\",\"@graph\":[{\"@type\":\"Article\",\"@id\":\"https:\/\/denizcankizil.tr\/ru\/haberler\/antalya\/antalyada-sokak-dugunleri-yasaklandi\/#article\",\"isPartOf\":{\"@id\":\"https:\/\/denizcankizil.tr\/ru\/haberler\/antalya\/antalyada-sokak-dugunleri-yasaklandi\/\"},\"author\":{\"name\":\"Av. Deniz Can K\u0131z\u0131l\",\"@id\":\"https:\/\/denizcankizil.tr\/#\/schema\/person\/5dc1b22991bd7ac833867c10afc9b0ff\"},\"headline\":\"Antalya&#8217;da sokak d\u00fc\u011f\u00fcnleri yasakland\u0131\",\"datePublished\":\"2025-03-06T09:41:50+00:00\",\"mainEntityOfPage\":{\"@id\":\"https:\/\/denizcankizil.tr\/ru\/haberler\/antalya\/antalyada-sokak-dugunleri-yasaklandi\/\"},\"wordCount\":526,\"commentCount\":0,\"publisher\":{\"@id\":\"https:\/\/denizcankizil.tr\/#organization\"},\"image\":{\"@id\":\"https:\/\/denizcankizil.tr\/ru\/haberler\/antalya\/antalyada-sokak-dugunleri-yasaklandi\/#primaryimage\"},\"thumbnailUrl\":\"https:\/\/denizcankizil.tr\/wp-content\/uploads\/2025\/03\/5351-01-0H216U.jpeg\",\"articleSection\":[\"Antalya\"],\"inLanguage\":\"en-GB\",\"potentialAction\":[{\"@type\":\"CommentAction\",\"name\":\"Comment\",\"target\":[\"https:\/\/denizcankizil.tr\/ru\/haberler\/antalya\/antalyada-sokak-dugunleri-yasaklandi\/#respond\"]}]},{\"@type\":\"WebPage\",\"@id\":\"https:\/\/denizcankizil.tr\/ru\/haberler\/antalya\/antalyada-sokak-dugunleri-yasaklandi\/\",\"url\":\"https:\/\/denizcankizil.tr\/ru\/haberler\/antalya\/antalyada-sokak-dugunleri-yasaklandi\/\",\"name\":\"Antalya'da sokak d\u00fc\u011f\u00fcnleri yasakland\u0131 - Av. Deniz Can K\u0131z\u0131l\",\"isPartOf\":{\"@id\":\"https:\/\/denizcankizil.tr\/#website\"},\"primaryImageOfPage\":{\"@id\":\"https:\/\/denizcankizil.tr\/ru\/haberler\/antalya\/antalyada-sokak-dugunleri-yasaklandi\/#primaryimage\"},\"image\":{\"@id\":\"https:\/\/denizcankizil.tr\/ru\/haberler\/antalya\/antalyada-sokak-dugunleri-yasaklandi\/#primaryimage\"},\"thumbnailUrl\":\"https:\/\/denizcankizil.tr\/wp-content\/uploads\/2025\/03\/5351-01-0H216U.jpeg\",\"datePublished\":\"2025-03-06T09:41:50+00:00\",\"breadcrumb\":{\"@id\":\"https:\/\/denizcankizil.tr\/ru\/haberler\/antalya\/antalyada-sokak-dugunleri-yasaklandi\/#breadcrumb\"},\"inLanguage\":\"en-GB\",\"potentialAction\":[{\"@type\":\"ReadAction\",\"target\":[\"https:\/\/denizcankizil.tr\/ru\/haberler\/antalya\/antalyada-sokak-dugunleri-yasaklandi\/\"]}]},{\"@type\":\"ImageObject\",\"inLanguage\":\"en-GB\",\"@id\":\"https:\/\/denizcankizil.tr\/ru\/haberler\/antalya\/antalyada-sokak-dugunleri-yasaklandi\/#primaryimage\",\"url\":\"https:\/\/denizcankizil.tr\/wp-content\/uploads\/2025\/03\/5351-01-0H216U.jpeg\",\"contentUrl\":\"https:\/\/denizcankizil.tr\/wp-content\/uploads\/2025\/03\/5351-01-0H216U.jpeg\",\"width\":1280,\"height\":720},{\"@type\":\"BreadcrumbList\",\"@id\":\"https:\/\/denizcankizil.tr\/ru\/haberler\/antalya\/antalyada-sokak-dugunleri-yasaklandi\/#breadcrumb\",\"itemListElement\":[{\"@type\":\"ListItem\",\"position\":1,\"name\":\"Home\",\"item\":\"https:\/\/denizcankizil.tr\/de\/\"},{\"@type\":\"ListItem\",\"position\":2,\"name\":\"Antalya&#8217;da sokak d\u00fc\u011f\u00fcnleri yasakland\u0131\"}]},{\"@type\":\"WebSite\",\"@id\":\"https:\/\/denizcankizil.tr\/#website\",\"url\":\"https:\/\/denizcankizil.tr\/\",\"name\":\"Av. Deniz Can K\u0131z\u0131l\",\"description\":\"Avukat Deniz Can K\u0131z\u0131l Antalya Barosu\",\"publisher\":{\"@id\":\"https:\/\/denizcankizil.tr\/#organization\"},\"potentialAction\":[{\"@type\":\"SearchAction\",\"target\":{\"@type\":\"EntryPoint\",\"urlTemplate\":\"https:\/\/denizcankizil.tr\/?s={search_term_string}\"},\"query-input\":{\"@type\":\"PropertyValueSpecification\",\"valueRequired\":true,\"valueName\":\"search_term_string\"}}],\"inLanguage\":\"en-GB\"},{\"@type\":\"Organization\",\"@id\":\"https:\/\/denizcankizil.tr\/#organization\",\"name\":\"Av. Deniz Can K\u0131z\u0131l\",\"url\":\"https:\/\/denizcankizil.tr\/\",\"logo\":{\"@type\":\"ImageObject\",\"inLanguage\":\"en-GB\",\"@id\":\"https:\/\/denizcankizil.tr\/#\/schema\/logo\/image\/\",\"url\":\"https:\/\/denizcankizil.tr\/wp-content\/uploads\/2024\/10\/siyah-logo-svg.svg\",\"contentUrl\":\"https:\/\/denizcankizil.tr\/wp-content\/uploads\/2024\/10\/siyah-logo-svg.svg\",\"width\":1080,\"height\":1080,\"caption\":\"Av. Deniz Can K\u0131z\u0131l\"},\"image\":{\"@id\":\"https:\/\/denizcankizil.tr\/#\/schema\/logo\/image\/\"}},{\"@type\":\"Person\",\"@id\":\"https:\/\/denizcankizil.tr\/#\/schema\/person\/5dc1b22991bd7ac833867c10afc9b0ff\",\"name\":\"Av. Deniz Can K\u0131z\u0131l\",\"image\":{\"@type\":\"ImageObject\",\"inLanguage\":\"en-GB\",\"@id\":\"https:\/\/denizcankizil.tr\/#\/schema\/person\/image\/\",\"url\":\"https:\/\/secure.gravatar.com\/avatar\/a0b128fb9855c79efc976d5640eedb31dc35ec297594d6016d2cf7c60e975bb6?s=96&d=mm&r=g\",\"contentUrl\":\"https:\/\/secure.gravatar.com\/avatar\/a0b128fb9855c79efc976d5640eedb31dc35ec297594d6016d2cf7c60e975bb6?s=96&d=mm&r=g\",\"caption\":\"Av. Deniz Can K\u0131z\u0131l\"},\"sameAs\":[\"http:\/\/www.denizcankizil.tr\"],\"url\":\"https:\/\/denizcankizil.tr\/en\/author\/denizcankizil\/\"}]}<\/script>\n<!-- \/ Yoast SEO Premium plugin. -->","yoast_head_json":{"title":"Antalya'da sokak d\u00fc\u011f\u00fcnleri yasakland\u0131 - Av. Deniz Can K\u0131z\u0131l","robots":{"index":"index","follow":"follow","max-snippet":"max-snippet:-1","max-image-preview":"max-image-preview:large","max-video-preview":"max-video-preview:-1"},"canonical":"https:\/\/denizcankizil.tr\/en\/haberler\/antalya\/antalyada-sokak-dugunleri-yasaklandi\/","og_locale":"en_GB","og_type":"article","og_title":"Antalya'da sokak d\u00fc\u011f\u00fcnleri yasakland\u0131","og_description":"Antalya Valisi Hulusi \u015eahin, \u015eubat Ay\u0131 Asayi\u015f ve G\u00fcvenlik Bilgilendirme Toplant\u0131s\u0131 \u00f6ncesinde yapt\u0131\u011f\u0131 a\u00e7\u0131klamada d\u00fc\u011f\u00fcn mevsiminin yakla\u015fmas\u0131yla birlikte artan sokak d\u00fc\u011f\u00fcnleri konusunda yeni bir karar al\u0131nd\u0131\u011f\u0131n\u0131 duyurdu. Vali \u015eahin, Antalya genelinde d\u00fc\u011f\u00fcn, ni\u015fan, k\u0131na gecesi, asker u\u011furlamas\u0131 ve mevlid merasimi gibi etkinliklerin a\u00e7\u0131k alanlarda d\u00fczenlenmesine s\u0131n\u0131rlama getirildi\u011fini belirtti. Vali \u015eahin, sokak d\u00fc\u011f\u00fcnlerinin trafik ak\u0131\u015f\u0131n\u0131 olumsuz etkiledi\u011fini, ambulans, itfaiye ve g\u00fcvenlik ekiplerinin intikalini engelledi\u011fini vurgulad\u0131. Ayr\u0131ca g\u00fcr\u00fclt\u00fc kirlili\u011finin vatanda\u015flardan yo\u011fun \u015fikayet ald\u0131\u011f\u0131n\u0131, ya\u015fl\u0131lar, hastalar, bebekler ve \u00f6\u011frenciler i\u00e7in ma\u011fduriyet olu\u015fturdu\u011funu ifade eden \u015eahin, &#8220;Yolun trafi\u011fe kapat\u0131lmas\u0131, ge\u00e7 saatlere kadar g\u00fcr\u00fclt\u00fc yaparak ki\u015filerin huzur ve s\u00fckununu bozmas\u0131 gibi fiiller meydana gelmektedir. G\u00fcr\u00fclt\u00fc kirlili\u011finin \u00f6n\u00fcne ge\u00e7ilmesi ve kamu sa\u011fl\u0131\u011f\u0131n\u0131n korunmas\u0131 i\u00e7in valili\u011fimiz taraf\u0131ndan al\u0131nan karar ile bu t\u00fcr etkinliklerin d\u00fc\u011f\u00fcn salonlar\u0131 ya da belediye ba\u015fkanl\u0131\u011f\u0131nca belirlenen alanlarda yap\u0131lmas\u0131; cadde, sokak, park ve di\u011fer kamusal alanlarda yap\u0131lmamas\u0131 kararla\u015ft\u0131r\u0131lm\u0131\u015ft\u0131r&#8221; dedi. &#8220;Mevsimlik de\u011fil, y\u0131l boyunca uygulanacakt\u0131r&#8221; Bu karara uymayanlar hakk\u0131nda T\u00fcrk Ceza Kanunu, Karayollar\u0131 Trafik Kanunu, \u0130l \u0130daresi Kanunu ve Kabahatler Kanunu kapsam\u0131nda cezai i\u015flem uygulanaca\u011f\u0131n\u0131 belirten Vali \u015eahin, &#8220;Bu konudaki denetimleri s\u0131k\u0131 bir \u015fekilde ger\u00e7ekle\u015ftirece\u011fiz. Antalya&#8217;da bu t\u00fcr etkinlikleri yapmak isteyen vatanda\u015flar\u0131m\u0131z, tahsis edilmi\u015f alanlarda bu etkinlikleri ger\u00e7ekle\u015ftirebilir. Sokaklar, parklar ve kamusal alanlar vatanda\u015flara ayr\u0131lm\u0131\u015ft\u0131r, bu alanlarda d\u00fc\u011f\u00fcn ve benzeri organizasyonlara m\u00fcsaade edilmeyecektir. Bu karar &hellip;","og_url":"https:\/\/denizcankizil.tr\/en\/haberler\/antalya\/antalyada-sokak-dugunleri-yasaklandi\/","og_site_name":"Av. Deniz Can K\u0131z\u0131l","article_published_time":"2025-03-06T09:41:50+00:00","og_image":[{"width":1280,"height":720,"url":"https:\/\/denizcankizil.tr\/wp-content\/uploads\/2025\/03\/5351-01-0H216U.jpeg","type":"image\/jpeg"}],"author":"Av. Deniz Can K\u0131z\u0131l","twitter_card":"summary_large_image","twitter_misc":{"Written by":"Av. Deniz Can K\u0131z\u0131l","Estimated reading time":"3 minutes"},"schema":{"@context":"https:\/\/schema.org","@graph":[{"@type":"Article","@id":"https:\/\/denizcankizil.tr\/ru\/haberler\/antalya\/antalyada-sokak-dugunleri-yasaklandi\/#article","isPartOf":{"@id":"https:\/\/denizcankizil.tr\/ru\/haberler\/antalya\/antalyada-sokak-dugunleri-yasaklandi\/"},"author":{"name":"Av. Deniz Can K\u0131z\u0131l","@id":"https:\/\/denizcankizil.tr\/#\/schema\/person\/5dc1b22991bd7ac833867c10afc9b0ff"},"headline":"Antalya&#8217;da sokak d\u00fc\u011f\u00fcnleri yasakland\u0131","datePublished":"2025-03-06T09:41:50+00:00","mainEntityOfPage":{"@id":"https:\/\/denizcankizil.tr\/ru\/haberler\/antalya\/antalyada-sokak-dugunleri-yasaklandi\/"},"wordCount":526,"commentCount":0,"publisher":{"@id":"https:\/\/denizcankizil.tr\/#organization"},"image":{"@id":"https:\/\/denizcankizil.tr\/ru\/haberler\/antalya\/antalyada-sokak-dugunleri-yasaklandi\/#primaryimage"},"thumbnailUrl":"https:\/\/denizcankizil.tr\/wp-content\/uploads\/2025\/03\/5351-01-0H216U.jpeg","articleSection":["Antalya"],"inLanguage":"en-GB","potentialAction":[{"@type":"CommentAction","name":"Comment","target":["https:\/\/denizcankizil.tr\/ru\/haberler\/antalya\/antalyada-sokak-dugunleri-yasaklandi\/#respond"]}]},{"@type":"WebPage","@id":"https:\/\/denizcankizil.tr\/ru\/haberler\/antalya\/antalyada-sokak-dugunleri-yasaklandi\/","url":"https:\/\/denizcankizil.tr\/ru\/haberler\/antalya\/antalyada-sokak-dugunleri-yasaklandi\/","name":"Antalya'da sokak d\u00fc\u011f\u00fcnleri yasakland\u0131 - Av. Deniz Can K\u0131z\u0131l","isPartOf":{"@id":"https:\/\/denizcankizil.tr\/#website"},"primaryImageOfPage":{"@id":"https:\/\/denizcankizil.tr\/ru\/haberler\/antalya\/antalyada-sokak-dugunleri-yasaklandi\/#primaryimage"},"image":{"@id":"https:\/\/denizcankizil.tr\/ru\/haberler\/antalya\/antalyada-sokak-dugunleri-yasaklandi\/#primaryimage"},"thumbnailUrl":"https:\/\/denizcankizil.tr\/wp-content\/uploads\/2025\/03\/5351-01-0H216U.jpeg","datePublished":"2025-03-06T09:41:50+00:00","breadcrumb":{"@id":"https:\/\/denizcankizil.tr\/ru\/haberler\/antalya\/antalyada-sokak-dugunleri-yasaklandi\/#breadcrumb"},"inLanguage":"en-GB","potentialAction":[{"@type":"ReadAction","target":["https:\/\/denizcankizil.tr\/ru\/haberler\/antalya\/antalyada-sokak-dugunleri-yasaklandi\/"]}]},{"@type":"ImageObject","inLanguage":"en-GB","@id":"https:\/\/denizcankizil.tr\/ru\/haberler\/antalya\/antalyada-sokak-dugunleri-yasaklandi\/#primaryimage","url":"https:\/\/denizcankizil.tr\/wp-content\/uploads\/2025\/03\/5351-01-0H216U.jpeg","contentUrl":"https:\/\/denizcankizil.tr\/wp-content\/uploads\/2025\/03\/5351-01-0H216U.jpeg","width":1280,"height":720},{"@type":"BreadcrumbList","@id":"https:\/\/denizcankizil.tr\/ru\/haberler\/antalya\/antalyada-sokak-dugunleri-yasaklandi\/#breadcrumb","itemListElement":[{"@type":"ListItem","position":1,"name":"Home","item":"https:\/\/denizcankizil.tr\/de\/"},{"@type":"ListItem","position":2,"name":"Antalya&#8217;da sokak d\u00fc\u011f\u00fcnleri yasakland\u0131"}]},{"@type":"WebSite","@id":"https:\/\/denizcankizil.tr\/#website","url":"https:\/\/denizcankizil.tr\/","name":"Av. Deniz Can K\u0131z\u0131l","description":"Avukat Deniz Can K\u0131z\u0131l Antalya Barosu","publisher":{"@id":"https:\/\/denizcankizil.tr\/#organization"},"potentialAction":[{"@type":"SearchAction","target":{"@type":"EntryPoint","urlTemplate":"https:\/\/denizcankizil.tr\/?s={search_term_string}"},"query-input":{"@type":"PropertyValueSpecification","valueRequired":true,"valueName":"search_term_string"}}],"inLanguage":"en-GB"},{"@type":"Organization","@id":"https:\/\/denizcankizil.tr\/#organization","name":"Av. Deniz Can K\u0131z\u0131l","url":"https:\/\/denizcankizil.tr\/","logo":{"@type":"ImageObject","inLanguage":"en-GB","@id":"https:\/\/denizcankizil.tr\/#\/schema\/logo\/image\/","url":"https:\/\/denizcankizil.tr\/wp-content\/uploads\/2024\/10\/siyah-logo-svg.svg","contentUrl":"https:\/\/denizcankizil.tr\/wp-content\/uploads\/2024\/10\/siyah-logo-svg.svg","width":1080,"height":1080,"caption":"Av. Deniz Can K\u0131z\u0131l"},"image":{"@id":"https:\/\/denizcankizil.tr\/#\/schema\/logo\/image\/"}},{"@type":"Person","@id":"https:\/\/denizcankizil.tr\/#\/schema\/person\/5dc1b22991bd7ac833867c10afc9b0ff","name":"Av. Deniz Can K\u0131z\u0131l","image":{"@type":"ImageObject","inLanguage":"en-GB","@id":"https:\/\/denizcankizil.tr\/#\/schema\/person\/image\/","url":"https:\/\/secure.gravatar.com\/avatar\/a0b128fb9855c79efc976d5640eedb31dc35ec297594d6016d2cf7c60e975bb6?s=96&d=mm&r=g","contentUrl":"https:\/\/secure.gravatar.com\/avatar\/a0b128fb9855c79efc976d5640eedb31dc35ec297594d6016d2cf7c60e975bb6?s=96&d=mm&r=g","caption":"Av. Deniz Can K\u0131z\u0131l"},"sameAs":["http:\/\/www.denizcankizil.tr"],"url":"https:\/\/denizcankizil.tr\/en\/author\/denizcankizil\/"}]}},"_links":{"self":[{"href":"https:\/\/denizcankizil.tr\/en\/wp-json\/wp\/v2\/posts\/34884","targetHints":{"allow":["GET"]}}],"collection":[{"href":"https:\/\/denizcankizil.tr\/en\/wp-json\/wp\/v2\/posts"}],"about":[{"href":"https:\/\/denizcankizil.tr\/en\/wp-json\/wp\/v2\/types\/post"}],"author":[{"embeddable":true,"href":"https:\/\/denizcankizil.tr\/en\/wp-json\/wp\/v2\/users\/4"}],"replies":[{"embeddable":true,"href":"https:\/\/denizcankizil.tr\/en\/wp-json\/wp\/v2\/comments?post=34884"}],"version-history":[{"count":0,"href":"https:\/\/denizcankizil.tr\/en\/wp-json\/wp\/v2\/posts\/34884\/revisions"}],"wp:featuredmedia":[{"embeddable":true,"href":"https:\/\/denizcankizil.tr\/en\/wp-json\/wp\/v2\/media\/34885"}],"wp:attachment":[{"href":"https:\/\/denizcankizil.tr\/en\/wp-json\/wp\/v2\/media?parent=34884"}],"wp:term":[{"taxonomy":"category","embeddable":true,"href":"https:\/\/denizcankizil.tr\/en\/wp-json\/wp\/v2\/categories?post=34884"},{"taxonomy":"post_tag","embeddable":true,"href":"https:\/\/denizcankizil.tr\/en\/wp-json\/wp\/v2\/tags?post=34884"}],"curies":[{"name":"wp","href":"https:\/\/api.w.org\/{rel}","templated":true}]}}