{"id":34602,"date":"2025-03-03T15:41:27","date_gmt":"2025-03-03T12:41:27","guid":{"rendered":"https:\/\/denizcankizil.tr\/uncategorized-tr\/hbb-ramazan-cadirinda-iftarlarini-actilar\/"},"modified":"2025-03-03T15:41:27","modified_gmt":"2025-03-03T12:41:27","slug":"hbb-ramazan-cadirinda-iftarlarini-actilar","status":"publish","type":"post","link":"https:\/\/denizcankizil.tr\/en\/haberler\/gundem\/hbb-ramazan-cadirinda-iftarlarini-actilar\/","title":{"rendered":"HBB Ramazan \u00c7ad\u0131r\u0131nda iftarlar\u0131n\u0131 a\u00e7t\u0131lar\u2026"},"content":{"rendered":"<p>Hatay B\u00fcy\u00fck\u015fehir Belediyesi&#8217;nin d\u00fczenledi\u011fi iftar \u00c7ad\u0131r\u0131 Ramazan ay\u0131n\u0131n ilk g\u00fcn\u00fcden itibaren vatanda\u015flar oru\u00e7lar\u0131n\u0131 a\u00e7ma imkan\u0131 buluyor. \u0130skenderun Belediye Ba\u015fkan\u0131 Mehmet D\u00f6nmez, \u00a0AK Parti Genel Ba\u015fkan Yard\u0131mc\u0131s\u0131,\u00a0Hatay Milletvekili H\u00fcseyin Yayman Pac daki iftar \u00e7ad\u0131r\u0131nda vatanda\u015flarla bir araya geldi, birliktelik ve huzur ikliminde iftarlar\u0131n\u0131 a\u00e7t\u0131lar.<\/p>\n<p>Hatay Milletvekili H\u00fcseyin Yayman, birlik ve beraberli\u011fin peki\u015fti\u011fi iftar sofralar\u0131nda bulu\u015fan hem\u015fehrileriyle, Ramazan ay\u0131n\u0131n manevi atmosferi i\u00e7erisinde, huzur ve mutluluk dolu bir ak\u015fam ya\u015fad\u0131klar\u0131n\u0131 ifade etti.<\/p>\n<p>\u0130skenderun Belediye Ba\u015fkan\u0131 Mehmet D\u00f6nmez de hem\u015fherileriyle birlikte bu g\u00fczel iftar ikliminde bir arada oru\u00e7lar\u0131n\u0131 a\u00e7t\u0131klar\u0131n\u0131 belirterek \u201cRabbim yapt\u0131\u011f\u0131m\u0131z ibadetleri ve tuttu\u011fumuz oru\u00e7lar\u0131 kabul eylesin, t\u00fcm insanlara sa\u011fl\u0131k, huzur ve bar\u0131\u015f nasip etsin in\u015fallah\u201d dedi.<\/p>\n<p>\u200bAK Parti Genel Ba\u015fkan Yard\u0131mc\u0131s\u0131,\u00a0Hatay Milletvekili H\u00fcseyin Yayman, Belediye Ba\u015fkan\u0131 Mehmet D\u00f6nmez, Hatay B\u00fcy\u00fck\u015fehir Belediyesi taraf\u0131ndan \u0130skenderun Pac Meydan\u0131&#8217;nda kurulan Ramazan iftar \u00e7ad\u0131r\u0131nda vatanda\u015flarla birlikte oru\u00e7lar\u0131n\u0131 a\u00e7t\u0131.\u00a0<\/p>\n<p>\u200bHaberin Al\u0131nt\u0131land\u0131\u011f\u0131 Kaynak: www.iskenderun.org<\/p>","protected":false},"excerpt":{"rendered":"<p>Hatay B\u00fcy\u00fck\u015fehir Belediyesi&#8217;nin d\u00fczenledi\u011fi iftar \u00c7ad\u0131r\u0131 Ramazan ay\u0131n\u0131n ilk g\u00fcn\u00fcden itibaren vatanda\u015flar oru\u00e7lar\u0131n\u0131 a\u00e7ma imkan\u0131 buluyor. \u0130skenderun Belediye Ba\u015fkan\u0131 Mehmet D\u00f6nmez, \u00a0AK Parti Genel Ba\u015fkan Yard\u0131mc\u0131s\u0131,\u00a0Hatay Milletvekili H\u00fcseyin Yayman Pac daki iftar \u00e7ad\u0131r\u0131nda vatanda\u015flarla bir araya geldi, birliktelik ve huzur ikliminde iftarlar\u0131n\u0131 a\u00e7t\u0131lar. Hatay Milletvekili H\u00fcseyin Yayman, birlik ve beraberli\u011fin peki\u015fti\u011fi iftar sofralar\u0131nda bulu\u015fan hem\u015fehrileriyle, Ramazan ay\u0131n\u0131n manevi atmosferi i\u00e7erisinde, huzur ve mutluluk dolu bir ak\u015fam ya\u015fad\u0131klar\u0131n\u0131 ifade etti. \u0130skenderun Belediye Ba\u015fkan\u0131 Mehmet D\u00f6nmez de hem\u015fherileriyle birlikte bu g\u00fczel iftar ikliminde bir arada oru\u00e7lar\u0131n\u0131 a\u00e7t\u0131klar\u0131n\u0131 belirterek \u201cRabbim yapt\u0131\u011f\u0131m\u0131z ibadetleri ve tuttu\u011fumuz oru\u00e7lar\u0131 kabul eylesin, t\u00fcm insanlara sa\u011fl\u0131k, huzur ve bar\u0131\u015f nasip etsin in\u015fallah\u201d dedi. \u200bAK Parti Genel Ba\u015fkan Yard\u0131mc\u0131s\u0131,\u00a0Hatay Milletvekili H\u00fcseyin Yayman, Belediye Ba\u015fkan\u0131 Mehmet D\u00f6nmez, Hatay B\u00fcy\u00fck\u015fehir Belediyesi taraf\u0131ndan \u0130skenderun Pac Meydan\u0131&#8217;nda kurulan Ramazan iftar \u00e7ad\u0131r\u0131nda vatanda\u015flarla birlikte oru\u00e7lar\u0131n\u0131 a\u00e7t\u0131.\u00a0 \u200bHaberin Al\u0131nt\u0131land\u0131\u011f\u0131 Kaynak: www.iskenderun.org<\/p>","protected":false},"author":1,"featured_media":0,"comment_status":"open","ping_status":"open","sticky":false,"template":"","format":"standard","meta":{"_acf_changed":false,"footnotes":""},"categories":[24],"tags":[],"class_list":["post-34602","post","type-post","status-publish","format-standard","has-post-thumbnail","hentry","category-gundem"],"acf":[],"yoast_head":"<!-- This site is optimized with the Yoast SEO Premium plugin v26.6 (Yoast SEO v27.1.1) - https:\/\/yoast.com\/product\/yoast-seo-premium-wordpress\/ -->\n<title>HBB Ramazan \u00c7ad\u0131r\u0131nda iftarlar\u0131n\u0131 a\u00e7t\u0131lar\u2026 - Av. Deniz Can K\u0131z\u0131l<\/title>\n<meta name=\"robots\" content=\"index, follow, max-snippet:-1, max-image-preview:large, max-video-preview:-1\" \/>\n<link rel=\"canonical\" href=\"https:\/\/denizcankizil.tr\/en\/haberler\/gundem\/hbb-ramazan-cadirinda-iftarlarini-actilar\/\" \/>\n<meta property=\"og:locale\" content=\"en_GB\" \/>\n<meta property=\"og:type\" content=\"article\" \/>\n<meta property=\"og:title\" content=\"HBB Ramazan \u00c7ad\u0131r\u0131nda iftarlar\u0131n\u0131 a\u00e7t\u0131lar\u2026\" \/>\n<meta property=\"og:description\" content=\"Hatay B\u00fcy\u00fck\u015fehir Belediyesi&#8217;nin d\u00fczenledi\u011fi iftar \u00c7ad\u0131r\u0131 Ramazan ay\u0131n\u0131n ilk g\u00fcn\u00fcden itibaren vatanda\u015flar oru\u00e7lar\u0131n\u0131 a\u00e7ma imkan\u0131 buluyor. \u0130skenderun Belediye Ba\u015fkan\u0131 Mehmet D\u00f6nmez, \u00a0AK Parti Genel Ba\u015fkan Yard\u0131mc\u0131s\u0131,\u00a0Hatay Milletvekili H\u00fcseyin Yayman Pac daki iftar \u00e7ad\u0131r\u0131nda vatanda\u015flarla bir araya geldi, birliktelik ve huzur ikliminde iftarlar\u0131n\u0131 a\u00e7t\u0131lar. Hatay Milletvekili H\u00fcseyin Yayman, birlik ve beraberli\u011fin peki\u015fti\u011fi iftar sofralar\u0131nda bulu\u015fan hem\u015fehrileriyle, Ramazan ay\u0131n\u0131n manevi atmosferi i\u00e7erisinde, huzur ve mutluluk dolu bir ak\u015fam ya\u015fad\u0131klar\u0131n\u0131 ifade etti. \u0130skenderun Belediye Ba\u015fkan\u0131 Mehmet D\u00f6nmez de hem\u015fherileriyle birlikte bu g\u00fczel iftar ikliminde bir arada oru\u00e7lar\u0131n\u0131 a\u00e7t\u0131klar\u0131n\u0131 belirterek \u201cRabbim yapt\u0131\u011f\u0131m\u0131z ibadetleri ve tuttu\u011fumuz oru\u00e7lar\u0131 kabul eylesin, t\u00fcm insanlara sa\u011fl\u0131k, huzur ve bar\u0131\u015f nasip etsin in\u015fallah\u201d dedi. \u200bAK Parti Genel Ba\u015fkan Yard\u0131mc\u0131s\u0131,\u00a0Hatay Milletvekili H\u00fcseyin Yayman, Belediye Ba\u015fkan\u0131 Mehmet D\u00f6nmez, Hatay B\u00fcy\u00fck\u015fehir Belediyesi taraf\u0131ndan \u0130skenderun Pac Meydan\u0131&#8217;nda kurulan Ramazan iftar \u00e7ad\u0131r\u0131nda vatanda\u015flarla birlikte oru\u00e7lar\u0131n\u0131 a\u00e7t\u0131.\u00a0 \u200bHaberin Al\u0131nt\u0131land\u0131\u011f\u0131 Kaynak: www.iskenderun.org\" \/>\n<meta property=\"og:url\" content=\"https:\/\/denizcankizil.tr\/en\/haberler\/gundem\/hbb-ramazan-cadirinda-iftarlarini-actilar\/\" \/>\n<meta property=\"og:site_name\" content=\"Av. Deniz Can K\u0131z\u0131l\" \/>\n<meta property=\"article:published_time\" content=\"2025-03-03T12:41:27+00:00\" \/>\n<meta name=\"author\" content=\"admin\" \/>\n<meta name=\"twitter:card\" content=\"summary_large_image\" \/>\n<meta name=\"twitter:label1\" content=\"Written by\" \/>\n\t<meta name=\"twitter:data1\" content=\"admin\" \/>\n\t<meta name=\"twitter:label2\" content=\"Estimated reading time\" \/>\n\t<meta name=\"twitter:data2\" content=\"1 minute\" \/>\n<script type=\"application\/ld+json\" class=\"yoast-schema-graph\">{\"@context\":\"https:\/\/schema.org\",\"@graph\":[{\"@type\":\"Article\",\"@id\":\"https:\/\/denizcankizil.tr\/ru\/haberler\/gundem\/hbb-ramazan-cadirinda-iftarlarini-actilar\/#article\",\"isPartOf\":{\"@id\":\"https:\/\/denizcankizil.tr\/ru\/haberler\/gundem\/hbb-ramazan-cadirinda-iftarlarini-actilar\/\"},\"author\":{\"name\":\"admin\",\"@id\":\"https:\/\/denizcankizil.tr\/de\/#\/schema\/person\/be3c05fe6a12686905512445d8185489\"},\"headline\":\"HBB Ramazan \u00c7ad\u0131r\u0131nda iftarlar\u0131n\u0131 a\u00e7t\u0131lar\u2026\",\"datePublished\":\"2025-03-03T12:41:27+00:00\",\"mainEntityOfPage\":{\"@id\":\"https:\/\/denizcankizil.tr\/ru\/haberler\/gundem\/hbb-ramazan-cadirinda-iftarlarini-actilar\/\"},\"wordCount\":226,\"commentCount\":0,\"publisher\":{\"@id\":\"https:\/\/denizcankizil.tr\/de\/#organization\"},\"articleSection\":[\"G\u00fcndem\"],\"inLanguage\":\"en-GB\",\"potentialAction\":[{\"@type\":\"CommentAction\",\"name\":\"Comment\",\"target\":[\"https:\/\/denizcankizil.tr\/ru\/haberler\/gundem\/hbb-ramazan-cadirinda-iftarlarini-actilar\/#respond\"]}]},{\"@type\":\"WebPage\",\"@id\":\"https:\/\/denizcankizil.tr\/ru\/haberler\/gundem\/hbb-ramazan-cadirinda-iftarlarini-actilar\/\",\"url\":\"https:\/\/denizcankizil.tr\/ru\/haberler\/gundem\/hbb-ramazan-cadirinda-iftarlarini-actilar\/\",\"name\":\"HBB Ramazan \u00c7ad\u0131r\u0131nda iftarlar\u0131n\u0131 a\u00e7t\u0131lar\u2026 - Av. Deniz Can K\u0131z\u0131l\",\"isPartOf\":{\"@id\":\"https:\/\/denizcankizil.tr\/de\/#website\"},\"datePublished\":\"2025-03-03T12:41:27+00:00\",\"breadcrumb\":{\"@id\":\"https:\/\/denizcankizil.tr\/ru\/haberler\/gundem\/hbb-ramazan-cadirinda-iftarlarini-actilar\/#breadcrumb\"},\"inLanguage\":\"en-GB\",\"potentialAction\":[{\"@type\":\"ReadAction\",\"target\":[\"https:\/\/denizcankizil.tr\/ru\/haberler\/gundem\/hbb-ramazan-cadirinda-iftarlarini-actilar\/\"]}]},{\"@type\":\"BreadcrumbList\",\"@id\":\"https:\/\/denizcankizil.tr\/ru\/haberler\/gundem\/hbb-ramazan-cadirinda-iftarlarini-actilar\/#breadcrumb\",\"itemListElement\":[{\"@type\":\"ListItem\",\"position\":1,\"name\":\"Home\",\"item\":\"https:\/\/denizcankizil.tr\/de\/\"},{\"@type\":\"ListItem\",\"position\":2,\"name\":\"HBB Ramazan \u00c7ad\u0131r\u0131nda iftarlar\u0131n\u0131 a\u00e7t\u0131lar\u2026\"}]},{\"@type\":\"WebSite\",\"@id\":\"https:\/\/denizcankizil.tr\/de\/#website\",\"url\":\"https:\/\/denizcankizil.tr\/de\/\",\"name\":\"Av. Deniz Can K\u0131z\u0131l\",\"description\":\"Avukat Deniz Can K\u0131z\u0131l Antalya Barosu\",\"publisher\":{\"@id\":\"https:\/\/denizcankizil.tr\/de\/#organization\"},\"potentialAction\":[{\"@type\":\"SearchAction\",\"target\":{\"@type\":\"EntryPoint\",\"urlTemplate\":\"https:\/\/denizcankizil.tr\/de\/?s={search_term_string}\"},\"query-input\":{\"@type\":\"PropertyValueSpecification\",\"valueRequired\":true,\"valueName\":\"search_term_string\"}}],\"inLanguage\":\"en-GB\"},{\"@type\":\"Organization\",\"@id\":\"https:\/\/denizcankizil.tr\/de\/#organization\",\"name\":\"Av. Deniz Can K\u0131z\u0131l\",\"url\":\"https:\/\/denizcankizil.tr\/de\/\",\"logo\":{\"@type\":\"ImageObject\",\"inLanguage\":\"en-GB\",\"@id\":\"https:\/\/denizcankizil.tr\/de\/#\/schema\/logo\/image\/\",\"url\":\"https:\/\/denizcankizil.tr\/wp-content\/uploads\/2024\/10\/siyah-logo-svg.svg\",\"contentUrl\":\"https:\/\/denizcankizil.tr\/wp-content\/uploads\/2024\/10\/siyah-logo-svg.svg\",\"width\":1080,\"height\":1080,\"caption\":\"Av. Deniz Can K\u0131z\u0131l\"},\"image\":{\"@id\":\"https:\/\/denizcankizil.tr\/de\/#\/schema\/logo\/image\/\"}},{\"@type\":\"Person\",\"@id\":\"https:\/\/denizcankizil.tr\/de\/#\/schema\/person\/be3c05fe6a12686905512445d8185489\",\"name\":\"admin\",\"image\":{\"@type\":\"ImageObject\",\"inLanguage\":\"en-GB\",\"@id\":\"https:\/\/denizcankizil.tr\/de\/#\/schema\/person\/image\/\",\"url\":\"https:\/\/secure.gravatar.com\/avatar\/c1fce94c830dc79107e174f890d7210541c4a63e8e5d816341794a2151c9d58c?s=96&d=mm&r=g\",\"contentUrl\":\"https:\/\/secure.gravatar.com\/avatar\/c1fce94c830dc79107e174f890d7210541c4a63e8e5d816341794a2151c9d58c?s=96&d=mm&r=g\",\"caption\":\"admin\"},\"sameAs\":[\"http:\/\/denizcankizil.tr\"],\"url\":\"https:\/\/www.iskenderun.org\/hbb-ramazan-cadirinda-iftarlarini-actilar\"}]}<\/script>\n<!-- \/ Yoast SEO Premium plugin. -->","yoast_head_json":{"title":"HBB Ramazan \u00c7ad\u0131r\u0131nda iftarlar\u0131n\u0131 a\u00e7t\u0131lar\u2026 - Av. Deniz Can K\u0131z\u0131l","robots":{"index":"index","follow":"follow","max-snippet":"max-snippet:-1","max-image-preview":"max-image-preview:large","max-video-preview":"max-video-preview:-1"},"canonical":"https:\/\/denizcankizil.tr\/en\/haberler\/gundem\/hbb-ramazan-cadirinda-iftarlarini-actilar\/","og_locale":"en_GB","og_type":"article","og_title":"HBB Ramazan \u00c7ad\u0131r\u0131nda iftarlar\u0131n\u0131 a\u00e7t\u0131lar\u2026","og_description":"Hatay B\u00fcy\u00fck\u015fehir Belediyesi&#8217;nin d\u00fczenledi\u011fi iftar \u00c7ad\u0131r\u0131 Ramazan ay\u0131n\u0131n ilk g\u00fcn\u00fcden itibaren vatanda\u015flar oru\u00e7lar\u0131n\u0131 a\u00e7ma imkan\u0131 buluyor. \u0130skenderun Belediye Ba\u015fkan\u0131 Mehmet D\u00f6nmez, \u00a0AK Parti Genel Ba\u015fkan Yard\u0131mc\u0131s\u0131,\u00a0Hatay Milletvekili H\u00fcseyin Yayman Pac daki iftar \u00e7ad\u0131r\u0131nda vatanda\u015flarla bir araya geldi, birliktelik ve huzur ikliminde iftarlar\u0131n\u0131 a\u00e7t\u0131lar. Hatay Milletvekili H\u00fcseyin Yayman, birlik ve beraberli\u011fin peki\u015fti\u011fi iftar sofralar\u0131nda bulu\u015fan hem\u015fehrileriyle, Ramazan ay\u0131n\u0131n manevi atmosferi i\u00e7erisinde, huzur ve mutluluk dolu bir ak\u015fam ya\u015fad\u0131klar\u0131n\u0131 ifade etti. \u0130skenderun Belediye Ba\u015fkan\u0131 Mehmet D\u00f6nmez de hem\u015fherileriyle birlikte bu g\u00fczel iftar ikliminde bir arada oru\u00e7lar\u0131n\u0131 a\u00e7t\u0131klar\u0131n\u0131 belirterek \u201cRabbim yapt\u0131\u011f\u0131m\u0131z ibadetleri ve tuttu\u011fumuz oru\u00e7lar\u0131 kabul eylesin, t\u00fcm insanlara sa\u011fl\u0131k, huzur ve bar\u0131\u015f nasip etsin in\u015fallah\u201d dedi. \u200bAK Parti Genel Ba\u015fkan Yard\u0131mc\u0131s\u0131,\u00a0Hatay Milletvekili H\u00fcseyin Yayman, Belediye Ba\u015fkan\u0131 Mehmet D\u00f6nmez, Hatay B\u00fcy\u00fck\u015fehir Belediyesi taraf\u0131ndan \u0130skenderun Pac Meydan\u0131&#8217;nda kurulan Ramazan iftar \u00e7ad\u0131r\u0131nda vatanda\u015flarla birlikte oru\u00e7lar\u0131n\u0131 a\u00e7t\u0131.\u00a0 \u200bHaberin Al\u0131nt\u0131land\u0131\u011f\u0131 Kaynak: www.iskenderun.org","og_url":"https:\/\/denizcankizil.tr\/en\/haberler\/gundem\/hbb-ramazan-cadirinda-iftarlarini-actilar\/","og_site_name":"Av. Deniz Can K\u0131z\u0131l","article_published_time":"2025-03-03T12:41:27+00:00","author":"admin","twitter_card":"summary_large_image","twitter_misc":{"Written by":"admin","Estimated reading time":"1 minute"},"schema":{"@context":"https:\/\/schema.org","@graph":[{"@type":"Article","@id":"https:\/\/denizcankizil.tr\/ru\/haberler\/gundem\/hbb-ramazan-cadirinda-iftarlarini-actilar\/#article","isPartOf":{"@id":"https:\/\/denizcankizil.tr\/ru\/haberler\/gundem\/hbb-ramazan-cadirinda-iftarlarini-actilar\/"},"author":{"name":"admin","@id":"https:\/\/denizcankizil.tr\/de\/#\/schema\/person\/be3c05fe6a12686905512445d8185489"},"headline":"HBB Ramazan \u00c7ad\u0131r\u0131nda iftarlar\u0131n\u0131 a\u00e7t\u0131lar\u2026","datePublished":"2025-03-03T12:41:27+00:00","mainEntityOfPage":{"@id":"https:\/\/denizcankizil.tr\/ru\/haberler\/gundem\/hbb-ramazan-cadirinda-iftarlarini-actilar\/"},"wordCount":226,"commentCount":0,"publisher":{"@id":"https:\/\/denizcankizil.tr\/de\/#organization"},"articleSection":["G\u00fcndem"],"inLanguage":"en-GB","potentialAction":[{"@type":"CommentAction","name":"Comment","target":["https:\/\/denizcankizil.tr\/ru\/haberler\/gundem\/hbb-ramazan-cadirinda-iftarlarini-actilar\/#respond"]}]},{"@type":"WebPage","@id":"https:\/\/denizcankizil.tr\/ru\/haberler\/gundem\/hbb-ramazan-cadirinda-iftarlarini-actilar\/","url":"https:\/\/denizcankizil.tr\/ru\/haberler\/gundem\/hbb-ramazan-cadirinda-iftarlarini-actilar\/","name":"HBB Ramazan \u00c7ad\u0131r\u0131nda iftarlar\u0131n\u0131 a\u00e7t\u0131lar\u2026 - Av. Deniz Can K\u0131z\u0131l","isPartOf":{"@id":"https:\/\/denizcankizil.tr\/de\/#website"},"datePublished":"2025-03-03T12:41:27+00:00","breadcrumb":{"@id":"https:\/\/denizcankizil.tr\/ru\/haberler\/gundem\/hbb-ramazan-cadirinda-iftarlarini-actilar\/#breadcrumb"},"inLanguage":"en-GB","potentialAction":[{"@type":"ReadAction","target":["https:\/\/denizcankizil.tr\/ru\/haberler\/gundem\/hbb-ramazan-cadirinda-iftarlarini-actilar\/"]}]},{"@type":"BreadcrumbList","@id":"https:\/\/denizcankizil.tr\/ru\/haberler\/gundem\/hbb-ramazan-cadirinda-iftarlarini-actilar\/#breadcrumb","itemListElement":[{"@type":"ListItem","position":1,"name":"Home","item":"https:\/\/denizcankizil.tr\/de\/"},{"@type":"ListItem","position":2,"name":"HBB Ramazan \u00c7ad\u0131r\u0131nda iftarlar\u0131n\u0131 a\u00e7t\u0131lar\u2026"}]},{"@type":"WebSite","@id":"https:\/\/denizcankizil.tr\/de\/#website","url":"https:\/\/denizcankizil.tr\/de\/","name":"Av. Deniz Can K\u0131z\u0131l","description":"Avukat Deniz Can K\u0131z\u0131l Antalya Barosu","publisher":{"@id":"https:\/\/denizcankizil.tr\/de\/#organization"},"potentialAction":[{"@type":"SearchAction","target":{"@type":"EntryPoint","urlTemplate":"https:\/\/denizcankizil.tr\/de\/?s={search_term_string}"},"query-input":{"@type":"PropertyValueSpecification","valueRequired":true,"valueName":"search_term_string"}}],"inLanguage":"en-GB"},{"@type":"Organization","@id":"https:\/\/denizcankizil.tr\/de\/#organization","name":"Av. Deniz Can K\u0131z\u0131l","url":"https:\/\/denizcankizil.tr\/de\/","logo":{"@type":"ImageObject","inLanguage":"en-GB","@id":"https:\/\/denizcankizil.tr\/de\/#\/schema\/logo\/image\/","url":"https:\/\/denizcankizil.tr\/wp-content\/uploads\/2024\/10\/siyah-logo-svg.svg","contentUrl":"https:\/\/denizcankizil.tr\/wp-content\/uploads\/2024\/10\/siyah-logo-svg.svg","width":1080,"height":1080,"caption":"Av. Deniz Can K\u0131z\u0131l"},"image":{"@id":"https:\/\/denizcankizil.tr\/de\/#\/schema\/logo\/image\/"}},{"@type":"Person","@id":"https:\/\/denizcankizil.tr\/de\/#\/schema\/person\/be3c05fe6a12686905512445d8185489","name":"admin","image":{"@type":"ImageObject","inLanguage":"en-GB","@id":"https:\/\/denizcankizil.tr\/de\/#\/schema\/person\/image\/","url":"https:\/\/secure.gravatar.com\/avatar\/c1fce94c830dc79107e174f890d7210541c4a63e8e5d816341794a2151c9d58c?s=96&d=mm&r=g","contentUrl":"https:\/\/secure.gravatar.com\/avatar\/c1fce94c830dc79107e174f890d7210541c4a63e8e5d816341794a2151c9d58c?s=96&d=mm&r=g","caption":"admin"},"sameAs":["http:\/\/denizcankizil.tr"],"url":"https:\/\/www.iskenderun.org\/hbb-ramazan-cadirinda-iftarlarini-actilar"}]}},"_links":{"self":[{"href":"https:\/\/denizcankizil.tr\/en\/wp-json\/wp\/v2\/posts\/34602","targetHints":{"allow":["GET"]}}],"collection":[{"href":"https:\/\/denizcankizil.tr\/en\/wp-json\/wp\/v2\/posts"}],"about":[{"href":"https:\/\/denizcankizil.tr\/en\/wp-json\/wp\/v2\/types\/post"}],"author":[{"embeddable":true,"href":"https:\/\/denizcankizil.tr\/en\/wp-json\/wp\/v2\/users\/1"}],"replies":[{"embeddable":true,"href":"https:\/\/denizcankizil.tr\/en\/wp-json\/wp\/v2\/comments?post=34602"}],"version-history":[{"count":0,"href":"https:\/\/denizcankizil.tr\/en\/wp-json\/wp\/v2\/posts\/34602\/revisions"}],"wp:attachment":[{"href":"https:\/\/denizcankizil.tr\/en\/wp-json\/wp\/v2\/media?parent=34602"}],"wp:term":[{"taxonomy":"category","embeddable":true,"href":"https:\/\/denizcankizil.tr\/en\/wp-json\/wp\/v2\/categories?post=34602"},{"taxonomy":"post_tag","embeddable":true,"href":"https:\/\/denizcankizil.tr\/en\/wp-json\/wp\/v2\/tags?post=34602"}],"curies":[{"name":"wp","href":"https:\/\/api.w.org\/{rel}","templated":true}]}}