{"id":34589,"date":"2025-03-03T14:41:13","date_gmt":"2025-03-03T11:41:13","guid":{"rendered":"https:\/\/denizcankizil.tr\/uncategorized-tr\/cumhuriyet-meydaninda-haluk-levent-coskusu\/"},"modified":"2025-03-03T14:41:13","modified_gmt":"2025-03-03T11:41:13","slug":"cumhuriyet-meydaninda-haluk-levent-coskusu","status":"publish","type":"post","link":"https:\/\/denizcankizil.tr\/en\/haberler\/antalya\/cumhuriyet-meydaninda-haluk-levent-coskusu\/","title":{"rendered":"Cumhuriyet Meydan\u0131&#8217;nda Haluk Levent co\u015fkusu"},"content":{"rendered":"<p>Atat\u00fcrk&#8217;\u00fcn6 Mart 1930 tarihinde Antalya ziyaretinin 95. y\u0131l\u0131anlaml\u0131 etkinliklerle kutlanacak. Antalya B\u00fcy\u00fck\u015fehir Belediyesi, etkinlikler kapsam\u0131nda sanat\u00e7\u0131 Haluk Levent&#8217;i halkla bulu\u015fturacak. Haluk Levent, 6 Mart Per\u015fembe g\u00fcn\u00fc saat 21.00&#8217;de Cumhuriyet Meydan\u0131&#8217;nda Antalyal\u0131lara konser verecek. Haluk Levent, co\u015fkulu \u015fark\u0131lar\u0131n\u0131 Antalyal\u0131lar ile birlikte seslendirecek. B\u00fcy\u00fck\u015fehir Belediye Ba\u015fkan\u0131 Muhittin B\u00f6cek, Antalyal\u0131lar\u0131 Haluk Levent konserine ve Atat\u00fcrk&#8217;\u00fcn Antalya&#8217;ya geli\u015finin 95&#8217;inci y\u0131l\u0131n\u0131 co\u015fkuyla kutlamaya davet etti.<\/p>\n<p>Di\u011fer yandan 6 Mart Atat\u00fcrk&#8217;\u00fcn Antalya&#8217;ya geli\u015finin 95&#8217;inci y\u0131l\u0131 kutlamalar\u0131 kapsam\u0131nda, 6 Mart Per\u015fembe saat 11.00&#8217;de AKM Aspendos Salonu&#8217;nda anma program\u0131 d\u00fczenlenecek.<\/p>\n<p>Kaynak: www.kanalv.com.tr Haber Sitesinden Al\u0131nm\u0131\u015ft\u0131r.<\/p>","protected":false},"excerpt":{"rendered":"<p>Atat\u00fcrk&#8217;\u00fcn6 Mart 1930 tarihinde Antalya ziyaretinin 95. y\u0131l\u0131anlaml\u0131 etkinliklerle kutlanacak. Antalya B\u00fcy\u00fck\u015fehir Belediyesi, etkinlikler kapsam\u0131nda sanat\u00e7\u0131 Haluk Levent&#8217;i halkla bulu\u015fturacak. Haluk Levent, 6 Mart Per\u015fembe g\u00fcn\u00fc saat 21.00&#8217;de Cumhuriyet Meydan\u0131&#8217;nda Antalyal\u0131lara konser verecek. Haluk Levent, co\u015fkulu \u015fark\u0131lar\u0131n\u0131 Antalyal\u0131lar ile birlikte seslendirecek. B\u00fcy\u00fck\u015fehir Belediye Ba\u015fkan\u0131 Muhittin B\u00f6cek, Antalyal\u0131lar\u0131 Haluk Levent konserine ve Atat\u00fcrk&#8217;\u00fcn Antalya&#8217;ya geli\u015finin 95&#8217;inci y\u0131l\u0131n\u0131 co\u015fkuyla kutlamaya davet etti. Di\u011fer yandan 6 Mart Atat\u00fcrk&#8217;\u00fcn Antalya&#8217;ya geli\u015finin 95&#8217;inci y\u0131l\u0131 kutlamalar\u0131 kapsam\u0131nda, 6 Mart Per\u015fembe saat 11.00&#8217;de AKM Aspendos Salonu&#8217;nda anma program\u0131 d\u00fczenlenecek. Kaynak: www.kanalv.com.tr Haber Sitesinden Al\u0131nm\u0131\u015ft\u0131r.<\/p>","protected":false},"author":4,"featured_media":0,"comment_status":"open","ping_status":"open","sticky":false,"template":"","format":"standard","meta":{"_acf_changed":false,"footnotes":""},"categories":[26],"tags":[],"class_list":["post-34589","post","type-post","status-publish","format-standard","hentry","category-antalya"],"acf":[],"yoast_head":"<!-- This site is optimized with the Yoast SEO Premium plugin v26.6 (Yoast SEO v27.1.1) - https:\/\/yoast.com\/product\/yoast-seo-premium-wordpress\/ -->\n<title>Cumhuriyet Meydan\u0131&#039;nda Haluk Levent co\u015fkusu - Av. Deniz Can K\u0131z\u0131l<\/title>\n<meta name=\"robots\" content=\"index, follow, max-snippet:-1, max-image-preview:large, max-video-preview:-1\" \/>\n<link rel=\"canonical\" href=\"https:\/\/denizcankizil.tr\/en\/haberler\/antalya\/cumhuriyet-meydaninda-haluk-levent-coskusu\/\" \/>\n<meta property=\"og:locale\" content=\"en_GB\" \/>\n<meta property=\"og:type\" content=\"article\" \/>\n<meta property=\"og:title\" content=\"Cumhuriyet Meydan\u0131&#039;nda Haluk Levent co\u015fkusu\" \/>\n<meta property=\"og:description\" content=\"Atat\u00fcrk&#8217;\u00fcn6 Mart 1930 tarihinde Antalya ziyaretinin 95. y\u0131l\u0131anlaml\u0131 etkinliklerle kutlanacak. Antalya B\u00fcy\u00fck\u015fehir Belediyesi, etkinlikler kapsam\u0131nda sanat\u00e7\u0131 Haluk Levent&#8217;i halkla bulu\u015fturacak. Haluk Levent, 6 Mart Per\u015fembe g\u00fcn\u00fc saat 21.00&#8217;de Cumhuriyet Meydan\u0131&#8217;nda Antalyal\u0131lara konser verecek. Haluk Levent, co\u015fkulu \u015fark\u0131lar\u0131n\u0131 Antalyal\u0131lar ile birlikte seslendirecek. B\u00fcy\u00fck\u015fehir Belediye Ba\u015fkan\u0131 Muhittin B\u00f6cek, Antalyal\u0131lar\u0131 Haluk Levent konserine ve Atat\u00fcrk&#8217;\u00fcn Antalya&#8217;ya geli\u015finin 95&#8217;inci y\u0131l\u0131n\u0131 co\u015fkuyla kutlamaya davet etti. Di\u011fer yandan 6 Mart Atat\u00fcrk&#8217;\u00fcn Antalya&#8217;ya geli\u015finin 95&#8217;inci y\u0131l\u0131 kutlamalar\u0131 kapsam\u0131nda, 6 Mart Per\u015fembe saat 11.00&#8217;de AKM Aspendos Salonu&#8217;nda anma program\u0131 d\u00fczenlenecek. Kaynak: www.kanalv.com.tr Haber Sitesinden Al\u0131nm\u0131\u015ft\u0131r.\" \/>\n<meta property=\"og:url\" content=\"https:\/\/denizcankizil.tr\/en\/haberler\/antalya\/cumhuriyet-meydaninda-haluk-levent-coskusu\/\" \/>\n<meta property=\"og:site_name\" content=\"Av. Deniz Can K\u0131z\u0131l\" \/>\n<meta property=\"article:published_time\" content=\"2025-03-03T11:41:13+00:00\" \/>\n<meta name=\"author\" content=\"Av. Deniz Can K\u0131z\u0131l\" \/>\n<meta name=\"twitter:card\" content=\"summary_large_image\" \/>\n<meta name=\"twitter:label1\" content=\"Written by\" \/>\n\t<meta name=\"twitter:data1\" content=\"Av. Deniz Can K\u0131z\u0131l\" \/>\n\t<meta name=\"twitter:label2\" content=\"Estimated reading time\" \/>\n\t<meta name=\"twitter:data2\" content=\"1 minute\" \/>\n<script type=\"application\/ld+json\" class=\"yoast-schema-graph\">{\"@context\":\"https:\/\/schema.org\",\"@graph\":[{\"@type\":\"Article\",\"@id\":\"https:\/\/denizcankizil.tr\/ru\/haberler\/antalya\/cumhuriyet-meydaninda-haluk-levent-coskusu\/#article\",\"isPartOf\":{\"@id\":\"https:\/\/denizcankizil.tr\/ru\/haberler\/antalya\/cumhuriyet-meydaninda-haluk-levent-coskusu\/\"},\"author\":{\"name\":\"Av. Deniz Can K\u0131z\u0131l\",\"@id\":\"https:\/\/denizcankizil.tr\/de\/#\/schema\/person\/5dc1b22991bd7ac833867c10afc9b0ff\"},\"headline\":\"Cumhuriyet Meydan\u0131&#8217;nda Haluk Levent co\u015fkusu\",\"datePublished\":\"2025-03-03T11:41:13+00:00\",\"mainEntityOfPage\":{\"@id\":\"https:\/\/denizcankizil.tr\/ru\/haberler\/antalya\/cumhuriyet-meydaninda-haluk-levent-coskusu\/\"},\"wordCount\":136,\"commentCount\":0,\"publisher\":{\"@id\":\"https:\/\/denizcankizil.tr\/de\/#organization\"},\"articleSection\":[\"Antalya\"],\"inLanguage\":\"en-GB\",\"potentialAction\":[{\"@type\":\"CommentAction\",\"name\":\"Comment\",\"target\":[\"https:\/\/denizcankizil.tr\/ru\/haberler\/antalya\/cumhuriyet-meydaninda-haluk-levent-coskusu\/#respond\"]}]},{\"@type\":\"WebPage\",\"@id\":\"https:\/\/denizcankizil.tr\/ru\/haberler\/antalya\/cumhuriyet-meydaninda-haluk-levent-coskusu\/\",\"url\":\"https:\/\/denizcankizil.tr\/ru\/haberler\/antalya\/cumhuriyet-meydaninda-haluk-levent-coskusu\/\",\"name\":\"Cumhuriyet Meydan\u0131'nda Haluk Levent co\u015fkusu - Av. Deniz Can K\u0131z\u0131l\",\"isPartOf\":{\"@id\":\"https:\/\/denizcankizil.tr\/de\/#website\"},\"datePublished\":\"2025-03-03T11:41:13+00:00\",\"breadcrumb\":{\"@id\":\"https:\/\/denizcankizil.tr\/ru\/haberler\/antalya\/cumhuriyet-meydaninda-haluk-levent-coskusu\/#breadcrumb\"},\"inLanguage\":\"en-GB\",\"potentialAction\":[{\"@type\":\"ReadAction\",\"target\":[\"https:\/\/denizcankizil.tr\/ru\/haberler\/antalya\/cumhuriyet-meydaninda-haluk-levent-coskusu\/\"]}]},{\"@type\":\"BreadcrumbList\",\"@id\":\"https:\/\/denizcankizil.tr\/ru\/haberler\/antalya\/cumhuriyet-meydaninda-haluk-levent-coskusu\/#breadcrumb\",\"itemListElement\":[{\"@type\":\"ListItem\",\"position\":1,\"name\":\"Home\",\"item\":\"https:\/\/denizcankizil.tr\/de\/\"},{\"@type\":\"ListItem\",\"position\":2,\"name\":\"Cumhuriyet Meydan\u0131&#8217;nda Haluk Levent co\u015fkusu\"}]},{\"@type\":\"WebSite\",\"@id\":\"https:\/\/denizcankizil.tr\/de\/#website\",\"url\":\"https:\/\/denizcankizil.tr\/de\/\",\"name\":\"Av. Deniz Can K\u0131z\u0131l\",\"description\":\"Avukat Deniz Can K\u0131z\u0131l Antalya Barosu\",\"publisher\":{\"@id\":\"https:\/\/denizcankizil.tr\/de\/#organization\"},\"potentialAction\":[{\"@type\":\"SearchAction\",\"target\":{\"@type\":\"EntryPoint\",\"urlTemplate\":\"https:\/\/denizcankizil.tr\/de\/?s={search_term_string}\"},\"query-input\":{\"@type\":\"PropertyValueSpecification\",\"valueRequired\":true,\"valueName\":\"search_term_string\"}}],\"inLanguage\":\"en-GB\"},{\"@type\":\"Organization\",\"@id\":\"https:\/\/denizcankizil.tr\/de\/#organization\",\"name\":\"Av. Deniz Can K\u0131z\u0131l\",\"url\":\"https:\/\/denizcankizil.tr\/de\/\",\"logo\":{\"@type\":\"ImageObject\",\"inLanguage\":\"en-GB\",\"@id\":\"https:\/\/denizcankizil.tr\/de\/#\/schema\/logo\/image\/\",\"url\":\"https:\/\/denizcankizil.tr\/wp-content\/uploads\/2024\/10\/siyah-logo-svg.svg\",\"contentUrl\":\"https:\/\/denizcankizil.tr\/wp-content\/uploads\/2024\/10\/siyah-logo-svg.svg\",\"width\":1080,\"height\":1080,\"caption\":\"Av. Deniz Can K\u0131z\u0131l\"},\"image\":{\"@id\":\"https:\/\/denizcankizil.tr\/de\/#\/schema\/logo\/image\/\"}},{\"@type\":\"Person\",\"@id\":\"https:\/\/denizcankizil.tr\/de\/#\/schema\/person\/5dc1b22991bd7ac833867c10afc9b0ff\",\"name\":\"Av. Deniz Can K\u0131z\u0131l\",\"image\":{\"@type\":\"ImageObject\",\"inLanguage\":\"en-GB\",\"@id\":\"https:\/\/denizcankizil.tr\/de\/#\/schema\/person\/image\/\",\"url\":\"https:\/\/secure.gravatar.com\/avatar\/a0b128fb9855c79efc976d5640eedb31dc35ec297594d6016d2cf7c60e975bb6?s=96&d=mm&r=g\",\"contentUrl\":\"https:\/\/secure.gravatar.com\/avatar\/a0b128fb9855c79efc976d5640eedb31dc35ec297594d6016d2cf7c60e975bb6?s=96&d=mm&r=g\",\"caption\":\"Av. Deniz Can K\u0131z\u0131l\"},\"sameAs\":[\"http:\/\/www.denizcankizil.tr\"],\"url\":\"https:\/\/denizcankizil.tr\/en\/author\/denizcankizil\/\"}]}<\/script>\n<!-- \/ Yoast SEO Premium plugin. -->","yoast_head_json":{"title":"Cumhuriyet Meydan\u0131'nda Haluk Levent co\u015fkusu - Av. Deniz Can K\u0131z\u0131l","robots":{"index":"index","follow":"follow","max-snippet":"max-snippet:-1","max-image-preview":"max-image-preview:large","max-video-preview":"max-video-preview:-1"},"canonical":"https:\/\/denizcankizil.tr\/en\/haberler\/antalya\/cumhuriyet-meydaninda-haluk-levent-coskusu\/","og_locale":"en_GB","og_type":"article","og_title":"Cumhuriyet Meydan\u0131'nda Haluk Levent co\u015fkusu","og_description":"Atat\u00fcrk&#8217;\u00fcn6 Mart 1930 tarihinde Antalya ziyaretinin 95. y\u0131l\u0131anlaml\u0131 etkinliklerle kutlanacak. Antalya B\u00fcy\u00fck\u015fehir Belediyesi, etkinlikler kapsam\u0131nda sanat\u00e7\u0131 Haluk Levent&#8217;i halkla bulu\u015fturacak. Haluk Levent, 6 Mart Per\u015fembe g\u00fcn\u00fc saat 21.00&#8217;de Cumhuriyet Meydan\u0131&#8217;nda Antalyal\u0131lara konser verecek. Haluk Levent, co\u015fkulu \u015fark\u0131lar\u0131n\u0131 Antalyal\u0131lar ile birlikte seslendirecek. B\u00fcy\u00fck\u015fehir Belediye Ba\u015fkan\u0131 Muhittin B\u00f6cek, Antalyal\u0131lar\u0131 Haluk Levent konserine ve Atat\u00fcrk&#8217;\u00fcn Antalya&#8217;ya geli\u015finin 95&#8217;inci y\u0131l\u0131n\u0131 co\u015fkuyla kutlamaya davet etti. Di\u011fer yandan 6 Mart Atat\u00fcrk&#8217;\u00fcn Antalya&#8217;ya geli\u015finin 95&#8217;inci y\u0131l\u0131 kutlamalar\u0131 kapsam\u0131nda, 6 Mart Per\u015fembe saat 11.00&#8217;de AKM Aspendos Salonu&#8217;nda anma program\u0131 d\u00fczenlenecek. Kaynak: www.kanalv.com.tr Haber Sitesinden Al\u0131nm\u0131\u015ft\u0131r.","og_url":"https:\/\/denizcankizil.tr\/en\/haberler\/antalya\/cumhuriyet-meydaninda-haluk-levent-coskusu\/","og_site_name":"Av. Deniz Can K\u0131z\u0131l","article_published_time":"2025-03-03T11:41:13+00:00","author":"Av. Deniz Can K\u0131z\u0131l","twitter_card":"summary_large_image","twitter_misc":{"Written by":"Av. Deniz Can K\u0131z\u0131l","Estimated reading time":"1 minute"},"schema":{"@context":"https:\/\/schema.org","@graph":[{"@type":"Article","@id":"https:\/\/denizcankizil.tr\/ru\/haberler\/antalya\/cumhuriyet-meydaninda-haluk-levent-coskusu\/#article","isPartOf":{"@id":"https:\/\/denizcankizil.tr\/ru\/haberler\/antalya\/cumhuriyet-meydaninda-haluk-levent-coskusu\/"},"author":{"name":"Av. Deniz Can K\u0131z\u0131l","@id":"https:\/\/denizcankizil.tr\/de\/#\/schema\/person\/5dc1b22991bd7ac833867c10afc9b0ff"},"headline":"Cumhuriyet Meydan\u0131&#8217;nda Haluk Levent co\u015fkusu","datePublished":"2025-03-03T11:41:13+00:00","mainEntityOfPage":{"@id":"https:\/\/denizcankizil.tr\/ru\/haberler\/antalya\/cumhuriyet-meydaninda-haluk-levent-coskusu\/"},"wordCount":136,"commentCount":0,"publisher":{"@id":"https:\/\/denizcankizil.tr\/de\/#organization"},"articleSection":["Antalya"],"inLanguage":"en-GB","potentialAction":[{"@type":"CommentAction","name":"Comment","target":["https:\/\/denizcankizil.tr\/ru\/haberler\/antalya\/cumhuriyet-meydaninda-haluk-levent-coskusu\/#respond"]}]},{"@type":"WebPage","@id":"https:\/\/denizcankizil.tr\/ru\/haberler\/antalya\/cumhuriyet-meydaninda-haluk-levent-coskusu\/","url":"https:\/\/denizcankizil.tr\/ru\/haberler\/antalya\/cumhuriyet-meydaninda-haluk-levent-coskusu\/","name":"Cumhuriyet Meydan\u0131'nda Haluk Levent co\u015fkusu - Av. Deniz Can K\u0131z\u0131l","isPartOf":{"@id":"https:\/\/denizcankizil.tr\/de\/#website"},"datePublished":"2025-03-03T11:41:13+00:00","breadcrumb":{"@id":"https:\/\/denizcankizil.tr\/ru\/haberler\/antalya\/cumhuriyet-meydaninda-haluk-levent-coskusu\/#breadcrumb"},"inLanguage":"en-GB","potentialAction":[{"@type":"ReadAction","target":["https:\/\/denizcankizil.tr\/ru\/haberler\/antalya\/cumhuriyet-meydaninda-haluk-levent-coskusu\/"]}]},{"@type":"BreadcrumbList","@id":"https:\/\/denizcankizil.tr\/ru\/haberler\/antalya\/cumhuriyet-meydaninda-haluk-levent-coskusu\/#breadcrumb","itemListElement":[{"@type":"ListItem","position":1,"name":"Home","item":"https:\/\/denizcankizil.tr\/de\/"},{"@type":"ListItem","position":2,"name":"Cumhuriyet Meydan\u0131&#8217;nda Haluk Levent co\u015fkusu"}]},{"@type":"WebSite","@id":"https:\/\/denizcankizil.tr\/de\/#website","url":"https:\/\/denizcankizil.tr\/de\/","name":"Av. Deniz Can K\u0131z\u0131l","description":"Avukat Deniz Can K\u0131z\u0131l Antalya Barosu","publisher":{"@id":"https:\/\/denizcankizil.tr\/de\/#organization"},"potentialAction":[{"@type":"SearchAction","target":{"@type":"EntryPoint","urlTemplate":"https:\/\/denizcankizil.tr\/de\/?s={search_term_string}"},"query-input":{"@type":"PropertyValueSpecification","valueRequired":true,"valueName":"search_term_string"}}],"inLanguage":"en-GB"},{"@type":"Organization","@id":"https:\/\/denizcankizil.tr\/de\/#organization","name":"Av. Deniz Can K\u0131z\u0131l","url":"https:\/\/denizcankizil.tr\/de\/","logo":{"@type":"ImageObject","inLanguage":"en-GB","@id":"https:\/\/denizcankizil.tr\/de\/#\/schema\/logo\/image\/","url":"https:\/\/denizcankizil.tr\/wp-content\/uploads\/2024\/10\/siyah-logo-svg.svg","contentUrl":"https:\/\/denizcankizil.tr\/wp-content\/uploads\/2024\/10\/siyah-logo-svg.svg","width":1080,"height":1080,"caption":"Av. Deniz Can K\u0131z\u0131l"},"image":{"@id":"https:\/\/denizcankizil.tr\/de\/#\/schema\/logo\/image\/"}},{"@type":"Person","@id":"https:\/\/denizcankizil.tr\/de\/#\/schema\/person\/5dc1b22991bd7ac833867c10afc9b0ff","name":"Av. Deniz Can K\u0131z\u0131l","image":{"@type":"ImageObject","inLanguage":"en-GB","@id":"https:\/\/denizcankizil.tr\/de\/#\/schema\/person\/image\/","url":"https:\/\/secure.gravatar.com\/avatar\/a0b128fb9855c79efc976d5640eedb31dc35ec297594d6016d2cf7c60e975bb6?s=96&d=mm&r=g","contentUrl":"https:\/\/secure.gravatar.com\/avatar\/a0b128fb9855c79efc976d5640eedb31dc35ec297594d6016d2cf7c60e975bb6?s=96&d=mm&r=g","caption":"Av. Deniz Can K\u0131z\u0131l"},"sameAs":["http:\/\/www.denizcankizil.tr"],"url":"https:\/\/denizcankizil.tr\/en\/author\/denizcankizil\/"}]}},"_links":{"self":[{"href":"https:\/\/denizcankizil.tr\/en\/wp-json\/wp\/v2\/posts\/34589","targetHints":{"allow":["GET"]}}],"collection":[{"href":"https:\/\/denizcankizil.tr\/en\/wp-json\/wp\/v2\/posts"}],"about":[{"href":"https:\/\/denizcankizil.tr\/en\/wp-json\/wp\/v2\/types\/post"}],"author":[{"embeddable":true,"href":"https:\/\/denizcankizil.tr\/en\/wp-json\/wp\/v2\/users\/4"}],"replies":[{"embeddable":true,"href":"https:\/\/denizcankizil.tr\/en\/wp-json\/wp\/v2\/comments?post=34589"}],"version-history":[{"count":0,"href":"https:\/\/denizcankizil.tr\/en\/wp-json\/wp\/v2\/posts\/34589\/revisions"}],"wp:attachment":[{"href":"https:\/\/denizcankizil.tr\/en\/wp-json\/wp\/v2\/media?parent=34589"}],"wp:term":[{"taxonomy":"category","embeddable":true,"href":"https:\/\/denizcankizil.tr\/en\/wp-json\/wp\/v2\/categories?post=34589"},{"taxonomy":"post_tag","embeddable":true,"href":"https:\/\/denizcankizil.tr\/en\/wp-json\/wp\/v2\/tags?post=34589"}],"curies":[{"name":"wp","href":"https:\/\/api.w.org\/{rel}","templated":true}]}}