{"id":34505,"date":"2025-03-02T12:41:28","date_gmt":"2025-03-02T09:41:28","guid":{"rendered":"https:\/\/denizcankizil.tr\/uncategorized-tr\/her-iki-kazadan-biri-motosikletli-denetimler-yogun\/"},"modified":"2025-03-02T12:41:28","modified_gmt":"2025-03-02T09:41:28","slug":"her-iki-kazadan-biri-motosikletli-denetimler-yogun","status":"publish","type":"post","link":"https:\/\/denizcankizil.tr\/en\/haberler\/gundem\/her-iki-kazadan-biri-motosikletli-denetimler-yogun\/","title":{"rendered":"Her iki kazadan biri motosikletli! Denetimler yo\u011fun&#8230;"},"content":{"rendered":"<p>\u015eehir i\u00e7inde meydana gelen kazalar\u0131n y\u00fczde 52,3\u2019\u00fcne yani her iki kazadan birine motosiklet t\u00fcr\u00fc ara\u00e7lar\u0131n kar\u0131\u015ft\u0131\u011f\u0131n\u0131 belirten \u0130\u00e7i\u015fleri Bakan\u0131 Ali Yerlikaya, y\u0131l\u0131n ilk iki ay\u0131nda ger\u00e7ekle\u015ftirilen denetimleri de payla\u015ft\u0131.ANKARA (\u0130GFA) &#8211; \u0130\u00e7i\u015fleri Bakan\u0131 Ali Yerlikaya, trafikte motosiklet denetimleri ile ilgili istatistikleri payla\u015ft\u0131.<br \/>\n\u00a0Y\u0131l\u0131n ilk iki ay\u0131nda trafik ekiplerince toplamda ger\u00e7ekle\u015ftirilen 1 milyon 547 bin 776 adet denetime kar\u015f\u0131 326 bin 472 adet i\u015flem yap\u0131ld\u0131\u011f\u0131na dikkati \u00e7eken Bakan Yerlikaya, motosiklet kullan\u0131rken l\u00fctfen dikkatli olunmas\u0131n\u0131 istedi.<\/p>\n<p>https:\/\/twitter.com\/AliYerlikaya\/status\/1896087894789411259<\/p>\n<p>&#8220;S\u00fcr\u00fc\u015f esnas\u0131nda kask ve koruyucu ekipman kullanmay\u0131 ihmal etmeyelim&#8221; uyar\u0131s\u0131nda bulunan Bakan Yerlikaya, motosikletlerin kar\u0131\u015ft\u0131klar\u0131 kazalar\u0131n \u00f6nlenmesi i\u00e7in trafik ekiplerinin yan\u0131 s\u0131ra Polis ve Jandarma Asayi\u015f Motosikletli Timleri ba\u015fta olmak \u00fczere di\u011fer birimlerin denetimlerinin yo\u011fun \u015fekilde s\u00fcrd\u00fc\u011f\u00fcn\u00fc kaydetti.\u00a0<\/p>\n<p>\u200b\u015eehir i\u00e7inde meydana gelen kazalar\u0131n y\u00fczde 52,3\u2019\u00fcne yani her iki kazadan birine motosiklet t\u00fcr\u00fc ara\u00e7lar\u0131n kar\u0131\u015ft\u0131\u011f\u0131n\u0131 belirten \u0130\u00e7i\u015fleri Bakan\u0131 Ali Yerlikaya, y\u0131l\u0131n ilk iki ay\u0131nda ger\u00e7ekle\u015ftirilen denetimleri de payla\u015ft\u0131.ANKARA (\u0130GFA) &#8211; \u0130\u00e7i\u015fleri Bakan\u0131 Ali Yerlikaya, trafikte motosiklet denetimleri ile ilgili istatistikleri payla\u015ft\u0131.<br \/>\n\u00a0Y\u0131l\u0131n ilk iki ay\u0131nda trafik ekiplerince toplamda ger\u00e7ekle\u015ftirilen 1 milyon 547 bin 776 adet denetime kar\u015f\u0131 326 bin 472 adet i\u015flem yap\u0131ld\u0131\u011f\u0131na dikkati \u00e7eken Bakan Yerlikaya, motosiklet kullan\u0131rken l\u00fctfen dikkatli olunmas\u0131n\u0131 istedi.<\/p>\n<p>https:\/\/twitter.com\/AliYerlikaya\/status\/1896087894789411259<\/p>\n<p>&#8220;S\u00fcr\u00fc\u015f esnas\u0131nda kask ve koruyucu ekipman kullanmay\u0131 ihmal etmeyelim&#8221; uyar\u0131s\u0131nda bulunan Bakan Yerlikaya, motosikletlerin kar\u0131\u015ft\u0131klar\u0131 kazalar\u0131n \u00f6nlenmesi i\u00e7in trafik ekiplerinin yan\u0131 s\u0131ra Polis ve Jandarma Asayi\u015f Motosikletli Timleri ba\u015fta olmak \u00fczere di\u011fer birimlerin denetimlerinin yo\u011fun \u015fekilde s\u00fcrd\u00fc\u011f\u00fcn\u00fc kaydetti.\u00a0\u00a0<\/p>\n<p>\u200bHaberin Al\u0131nt\u0131land\u0131\u011f\u0131 Kaynak: www.iskenderun.org<\/p>","protected":false},"excerpt":{"rendered":"<p>\u015eehir i\u00e7inde meydana gelen kazalar\u0131n y\u00fczde 52,3\u2019\u00fcne yani her iki kazadan birine motosiklet t\u00fcr\u00fc ara\u00e7lar\u0131n kar\u0131\u015ft\u0131\u011f\u0131n\u0131 belirten \u0130\u00e7i\u015fleri Bakan\u0131 Ali Yerlikaya, y\u0131l\u0131n ilk iki ay\u0131nda ger\u00e7ekle\u015ftirilen denetimleri de payla\u015ft\u0131.ANKARA (\u0130GFA) &#8211; \u0130\u00e7i\u015fleri Bakan\u0131 Ali Yerlikaya, trafikte motosiklet denetimleri ile ilgili istatistikleri payla\u015ft\u0131. \u00a0Y\u0131l\u0131n ilk iki ay\u0131nda trafik ekiplerince toplamda ger\u00e7ekle\u015ftirilen 1 milyon 547 bin 776 adet denetime kar\u015f\u0131 326 bin 472 adet i\u015flem yap\u0131ld\u0131\u011f\u0131na dikkati \u00e7eken Bakan Yerlikaya, motosiklet kullan\u0131rken l\u00fctfen dikkatli olunmas\u0131n\u0131 istedi. https:\/\/twitter.com\/AliYerlikaya\/status\/1896087894789411259 &#8220;S\u00fcr\u00fc\u015f esnas\u0131nda kask ve koruyucu ekipman kullanmay\u0131 ihmal etmeyelim&#8221; uyar\u0131s\u0131nda bulunan Bakan Yerlikaya, motosikletlerin kar\u0131\u015ft\u0131klar\u0131 kazalar\u0131n \u00f6nlenmesi i\u00e7in trafik ekiplerinin yan\u0131 s\u0131ra Polis ve Jandarma Asayi\u015f Motosikletli Timleri ba\u015fta olmak \u00fczere di\u011fer birimlerin denetimlerinin yo\u011fun \u015fekilde s\u00fcrd\u00fc\u011f\u00fcn\u00fc kaydetti.\u00a0 \u200b\u015eehir i\u00e7inde meydana gelen kazalar\u0131n y\u00fczde 52,3\u2019\u00fcne yani her iki kazadan birine motosiklet t\u00fcr\u00fc ara\u00e7lar\u0131n kar\u0131\u015ft\u0131\u011f\u0131n\u0131 belirten \u0130\u00e7i\u015fleri Bakan\u0131 Ali Yerlikaya, y\u0131l\u0131n ilk iki ay\u0131nda ger\u00e7ekle\u015ftirilen denetimleri de payla\u015ft\u0131.ANKARA (\u0130GFA) &#8211; \u0130\u00e7i\u015fleri Bakan\u0131 Ali Yerlikaya, trafikte motosiklet denetimleri ile ilgili istatistikleri payla\u015ft\u0131. \u00a0Y\u0131l\u0131n ilk iki ay\u0131nda trafik ekiplerince toplamda ger\u00e7ekle\u015ftirilen 1 milyon 547 bin 776 adet denetime kar\u015f\u0131 326 bin 472 adet i\u015flem yap\u0131ld\u0131\u011f\u0131na dikkati \u00e7eken Bakan Yerlikaya, motosiklet kullan\u0131rken l\u00fctfen dikkatli olunmas\u0131n\u0131 istedi. https:\/\/twitter.com\/AliYerlikaya\/status\/1896087894789411259 &#8220;S\u00fcr\u00fc\u015f esnas\u0131nda kask ve koruyucu ekipman kullanmay\u0131 ihmal etmeyelim&#8221; uyar\u0131s\u0131nda bulunan Bakan &hellip;<\/p>","protected":false},"author":1,"featured_media":0,"comment_status":"open","ping_status":"open","sticky":false,"template":"","format":"standard","meta":{"_acf_changed":false,"footnotes":""},"categories":[24],"tags":[],"class_list":["post-34505","post","type-post","status-publish","format-standard","has-post-thumbnail","hentry","category-gundem"],"acf":[],"yoast_head":"<!-- This site is optimized with the Yoast SEO Premium plugin v26.6 (Yoast SEO v27.1.1) - https:\/\/yoast.com\/product\/yoast-seo-premium-wordpress\/ -->\n<title>Her iki kazadan biri motosikletli! Denetimler yo\u011fun... - Av. Deniz Can K\u0131z\u0131l<\/title>\n<meta name=\"robots\" content=\"index, follow, max-snippet:-1, max-image-preview:large, max-video-preview:-1\" \/>\n<link rel=\"canonical\" href=\"https:\/\/denizcankizil.tr\/en\/haberler\/gundem\/her-iki-kazadan-biri-motosikletli-denetimler-yogun\/\" \/>\n<meta property=\"og:locale\" content=\"en_GB\" \/>\n<meta property=\"og:type\" content=\"article\" \/>\n<meta property=\"og:title\" content=\"Her iki kazadan biri motosikletli! Denetimler yo\u011fun...\" \/>\n<meta property=\"og:description\" content=\"\u015eehir i\u00e7inde meydana gelen kazalar\u0131n y\u00fczde 52,3\u2019\u00fcne yani her iki kazadan birine motosiklet t\u00fcr\u00fc ara\u00e7lar\u0131n kar\u0131\u015ft\u0131\u011f\u0131n\u0131 belirten \u0130\u00e7i\u015fleri Bakan\u0131 Ali Yerlikaya, y\u0131l\u0131n ilk iki ay\u0131nda ger\u00e7ekle\u015ftirilen denetimleri de payla\u015ft\u0131.ANKARA (\u0130GFA) &#8211; \u0130\u00e7i\u015fleri Bakan\u0131 Ali Yerlikaya, trafikte motosiklet denetimleri ile ilgili istatistikleri payla\u015ft\u0131. \u00a0Y\u0131l\u0131n ilk iki ay\u0131nda trafik ekiplerince toplamda ger\u00e7ekle\u015ftirilen 1 milyon 547 bin 776 adet denetime kar\u015f\u0131 326 bin 472 adet i\u015flem yap\u0131ld\u0131\u011f\u0131na dikkati \u00e7eken Bakan Yerlikaya, motosiklet kullan\u0131rken l\u00fctfen dikkatli olunmas\u0131n\u0131 istedi. https:\/\/twitter.com\/AliYerlikaya\/status\/1896087894789411259 &#8220;S\u00fcr\u00fc\u015f esnas\u0131nda kask ve koruyucu ekipman kullanmay\u0131 ihmal etmeyelim&#8221; uyar\u0131s\u0131nda bulunan Bakan Yerlikaya, motosikletlerin kar\u0131\u015ft\u0131klar\u0131 kazalar\u0131n \u00f6nlenmesi i\u00e7in trafik ekiplerinin yan\u0131 s\u0131ra Polis ve Jandarma Asayi\u015f Motosikletli Timleri ba\u015fta olmak \u00fczere di\u011fer birimlerin denetimlerinin yo\u011fun \u015fekilde s\u00fcrd\u00fc\u011f\u00fcn\u00fc kaydetti.\u00a0 \u200b\u015eehir i\u00e7inde meydana gelen kazalar\u0131n y\u00fczde 52,3\u2019\u00fcne yani her iki kazadan birine motosiklet t\u00fcr\u00fc ara\u00e7lar\u0131n kar\u0131\u015ft\u0131\u011f\u0131n\u0131 belirten \u0130\u00e7i\u015fleri Bakan\u0131 Ali Yerlikaya, y\u0131l\u0131n ilk iki ay\u0131nda ger\u00e7ekle\u015ftirilen denetimleri de payla\u015ft\u0131.ANKARA (\u0130GFA) &#8211; \u0130\u00e7i\u015fleri Bakan\u0131 Ali Yerlikaya, trafikte motosiklet denetimleri ile ilgili istatistikleri payla\u015ft\u0131. \u00a0Y\u0131l\u0131n ilk iki ay\u0131nda trafik ekiplerince toplamda ger\u00e7ekle\u015ftirilen 1 milyon 547 bin 776 adet denetime kar\u015f\u0131 326 bin 472 adet i\u015flem yap\u0131ld\u0131\u011f\u0131na dikkati \u00e7eken Bakan Yerlikaya, motosiklet kullan\u0131rken l\u00fctfen dikkatli olunmas\u0131n\u0131 istedi. https:\/\/twitter.com\/AliYerlikaya\/status\/1896087894789411259 &#8220;S\u00fcr\u00fc\u015f esnas\u0131nda kask ve koruyucu ekipman kullanmay\u0131 ihmal etmeyelim&#8221; uyar\u0131s\u0131nda bulunan Bakan &hellip;\" \/>\n<meta property=\"og:url\" content=\"https:\/\/denizcankizil.tr\/en\/haberler\/gundem\/her-iki-kazadan-biri-motosikletli-denetimler-yogun\/\" \/>\n<meta property=\"og:site_name\" content=\"Av. Deniz Can K\u0131z\u0131l\" \/>\n<meta property=\"article:published_time\" content=\"2025-03-02T09:41:28+00:00\" \/>\n<meta name=\"author\" content=\"admin\" \/>\n<meta name=\"twitter:card\" content=\"summary_large_image\" \/>\n<meta name=\"twitter:label1\" content=\"Written by\" \/>\n\t<meta name=\"twitter:data1\" content=\"admin\" \/>\n\t<meta name=\"twitter:label2\" content=\"Estimated reading time\" \/>\n\t<meta name=\"twitter:data2\" content=\"2 minutes\" \/>\n<script type=\"application\/ld+json\" class=\"yoast-schema-graph\">{\"@context\":\"https:\/\/schema.org\",\"@graph\":[{\"@type\":\"Article\",\"@id\":\"https:\/\/denizcankizil.tr\/en\/haberler\/gundem\/her-iki-kazadan-biri-motosikletli-denetimler-yogun\/#article\",\"isPartOf\":{\"@id\":\"https:\/\/denizcankizil.tr\/en\/haberler\/gundem\/her-iki-kazadan-biri-motosikletli-denetimler-yogun\/\"},\"author\":{\"name\":\"admin\",\"@id\":\"https:\/\/denizcankizil.tr\/de\/#\/schema\/person\/be3c05fe6a12686905512445d8185489\"},\"headline\":\"Her iki kazadan biri motosikletli! Denetimler yo\u011fun&#8230;\",\"datePublished\":\"2025-03-02T09:41:28+00:00\",\"mainEntityOfPage\":{\"@id\":\"https:\/\/denizcankizil.tr\/en\/haberler\/gundem\/her-iki-kazadan-biri-motosikletli-denetimler-yogun\/\"},\"wordCount\":326,\"commentCount\":0,\"publisher\":{\"@id\":\"https:\/\/denizcankizil.tr\/de\/#organization\"},\"articleSection\":[\"G\u00fcndem\"],\"inLanguage\":\"en-GB\",\"potentialAction\":[{\"@type\":\"CommentAction\",\"name\":\"Comment\",\"target\":[\"https:\/\/denizcankizil.tr\/en\/haberler\/gundem\/her-iki-kazadan-biri-motosikletli-denetimler-yogun\/#respond\"]}]},{\"@type\":\"WebPage\",\"@id\":\"https:\/\/denizcankizil.tr\/en\/haberler\/gundem\/her-iki-kazadan-biri-motosikletli-denetimler-yogun\/\",\"url\":\"https:\/\/denizcankizil.tr\/en\/haberler\/gundem\/her-iki-kazadan-biri-motosikletli-denetimler-yogun\/\",\"name\":\"Her iki kazadan biri motosikletli! Denetimler yo\u011fun... - Av. Deniz Can K\u0131z\u0131l\",\"isPartOf\":{\"@id\":\"https:\/\/denizcankizil.tr\/de\/#website\"},\"datePublished\":\"2025-03-02T09:41:28+00:00\",\"breadcrumb\":{\"@id\":\"https:\/\/denizcankizil.tr\/en\/haberler\/gundem\/her-iki-kazadan-biri-motosikletli-denetimler-yogun\/#breadcrumb\"},\"inLanguage\":\"en-GB\",\"potentialAction\":[{\"@type\":\"ReadAction\",\"target\":[\"https:\/\/denizcankizil.tr\/en\/haberler\/gundem\/her-iki-kazadan-biri-motosikletli-denetimler-yogun\/\"]}]},{\"@type\":\"BreadcrumbList\",\"@id\":\"https:\/\/denizcankizil.tr\/en\/haberler\/gundem\/her-iki-kazadan-biri-motosikletli-denetimler-yogun\/#breadcrumb\",\"itemListElement\":[{\"@type\":\"ListItem\",\"position\":1,\"name\":\"Home\",\"item\":\"https:\/\/denizcankizil.tr\/de\/\"},{\"@type\":\"ListItem\",\"position\":2,\"name\":\"Her iki kazadan biri motosikletli! Denetimler yo\u011fun&#8230;\"}]},{\"@type\":\"WebSite\",\"@id\":\"https:\/\/denizcankizil.tr\/de\/#website\",\"url\":\"https:\/\/denizcankizil.tr\/de\/\",\"name\":\"Av. Deniz Can K\u0131z\u0131l\",\"description\":\"Avukat Deniz Can K\u0131z\u0131l Antalya Barosu\",\"publisher\":{\"@id\":\"https:\/\/denizcankizil.tr\/de\/#organization\"},\"potentialAction\":[{\"@type\":\"SearchAction\",\"target\":{\"@type\":\"EntryPoint\",\"urlTemplate\":\"https:\/\/denizcankizil.tr\/de\/?s={search_term_string}\"},\"query-input\":{\"@type\":\"PropertyValueSpecification\",\"valueRequired\":true,\"valueName\":\"search_term_string\"}}],\"inLanguage\":\"en-GB\"},{\"@type\":\"Organization\",\"@id\":\"https:\/\/denizcankizil.tr\/de\/#organization\",\"name\":\"Av. Deniz Can K\u0131z\u0131l\",\"url\":\"https:\/\/denizcankizil.tr\/de\/\",\"logo\":{\"@type\":\"ImageObject\",\"inLanguage\":\"en-GB\",\"@id\":\"https:\/\/denizcankizil.tr\/de\/#\/schema\/logo\/image\/\",\"url\":\"https:\/\/denizcankizil.tr\/wp-content\/uploads\/2024\/10\/siyah-logo-svg.svg\",\"contentUrl\":\"https:\/\/denizcankizil.tr\/wp-content\/uploads\/2024\/10\/siyah-logo-svg.svg\",\"width\":1080,\"height\":1080,\"caption\":\"Av. Deniz Can K\u0131z\u0131l\"},\"image\":{\"@id\":\"https:\/\/denizcankizil.tr\/de\/#\/schema\/logo\/image\/\"}},{\"@type\":\"Person\",\"@id\":\"https:\/\/denizcankizil.tr\/de\/#\/schema\/person\/be3c05fe6a12686905512445d8185489\",\"name\":\"admin\",\"image\":{\"@type\":\"ImageObject\",\"inLanguage\":\"en-GB\",\"@id\":\"https:\/\/denizcankizil.tr\/de\/#\/schema\/person\/image\/\",\"url\":\"https:\/\/secure.gravatar.com\/avatar\/c1fce94c830dc79107e174f890d7210541c4a63e8e5d816341794a2151c9d58c?s=96&d=mm&r=g\",\"contentUrl\":\"https:\/\/secure.gravatar.com\/avatar\/c1fce94c830dc79107e174f890d7210541c4a63e8e5d816341794a2151c9d58c?s=96&d=mm&r=g\",\"caption\":\"admin\"},\"sameAs\":[\"http:\/\/denizcankizil.tr\"],\"url\":\"https:\/\/www.iskenderun.org\/her-iki-kazadan-biri-motosikletli-denetimler-yogun\"}]}<\/script>\n<!-- \/ Yoast SEO Premium plugin. -->","yoast_head_json":{"title":"Her iki kazadan biri motosikletli! Denetimler yo\u011fun... - Av. Deniz Can K\u0131z\u0131l","robots":{"index":"index","follow":"follow","max-snippet":"max-snippet:-1","max-image-preview":"max-image-preview:large","max-video-preview":"max-video-preview:-1"},"canonical":"https:\/\/denizcankizil.tr\/en\/haberler\/gundem\/her-iki-kazadan-biri-motosikletli-denetimler-yogun\/","og_locale":"en_GB","og_type":"article","og_title":"Her iki kazadan biri motosikletli! Denetimler yo\u011fun...","og_description":"\u015eehir i\u00e7inde meydana gelen kazalar\u0131n y\u00fczde 52,3\u2019\u00fcne yani her iki kazadan birine motosiklet t\u00fcr\u00fc ara\u00e7lar\u0131n kar\u0131\u015ft\u0131\u011f\u0131n\u0131 belirten \u0130\u00e7i\u015fleri Bakan\u0131 Ali Yerlikaya, y\u0131l\u0131n ilk iki ay\u0131nda ger\u00e7ekle\u015ftirilen denetimleri de payla\u015ft\u0131.ANKARA (\u0130GFA) &#8211; \u0130\u00e7i\u015fleri Bakan\u0131 Ali Yerlikaya, trafikte motosiklet denetimleri ile ilgili istatistikleri payla\u015ft\u0131. \u00a0Y\u0131l\u0131n ilk iki ay\u0131nda trafik ekiplerince toplamda ger\u00e7ekle\u015ftirilen 1 milyon 547 bin 776 adet denetime kar\u015f\u0131 326 bin 472 adet i\u015flem yap\u0131ld\u0131\u011f\u0131na dikkati \u00e7eken Bakan Yerlikaya, motosiklet kullan\u0131rken l\u00fctfen dikkatli olunmas\u0131n\u0131 istedi. https:\/\/twitter.com\/AliYerlikaya\/status\/1896087894789411259 &#8220;S\u00fcr\u00fc\u015f esnas\u0131nda kask ve koruyucu ekipman kullanmay\u0131 ihmal etmeyelim&#8221; uyar\u0131s\u0131nda bulunan Bakan Yerlikaya, motosikletlerin kar\u0131\u015ft\u0131klar\u0131 kazalar\u0131n \u00f6nlenmesi i\u00e7in trafik ekiplerinin yan\u0131 s\u0131ra Polis ve Jandarma Asayi\u015f Motosikletli Timleri ba\u015fta olmak \u00fczere di\u011fer birimlerin denetimlerinin yo\u011fun \u015fekilde s\u00fcrd\u00fc\u011f\u00fcn\u00fc kaydetti.\u00a0 \u200b\u015eehir i\u00e7inde meydana gelen kazalar\u0131n y\u00fczde 52,3\u2019\u00fcne yani her iki kazadan birine motosiklet t\u00fcr\u00fc ara\u00e7lar\u0131n kar\u0131\u015ft\u0131\u011f\u0131n\u0131 belirten \u0130\u00e7i\u015fleri Bakan\u0131 Ali Yerlikaya, y\u0131l\u0131n ilk iki ay\u0131nda ger\u00e7ekle\u015ftirilen denetimleri de payla\u015ft\u0131.ANKARA (\u0130GFA) &#8211; \u0130\u00e7i\u015fleri Bakan\u0131 Ali Yerlikaya, trafikte motosiklet denetimleri ile ilgili istatistikleri payla\u015ft\u0131. \u00a0Y\u0131l\u0131n ilk iki ay\u0131nda trafik ekiplerince toplamda ger\u00e7ekle\u015ftirilen 1 milyon 547 bin 776 adet denetime kar\u015f\u0131 326 bin 472 adet i\u015flem yap\u0131ld\u0131\u011f\u0131na dikkati \u00e7eken Bakan Yerlikaya, motosiklet kullan\u0131rken l\u00fctfen dikkatli olunmas\u0131n\u0131 istedi. https:\/\/twitter.com\/AliYerlikaya\/status\/1896087894789411259 &#8220;S\u00fcr\u00fc\u015f esnas\u0131nda kask ve koruyucu ekipman kullanmay\u0131 ihmal etmeyelim&#8221; uyar\u0131s\u0131nda bulunan Bakan &hellip;","og_url":"https:\/\/denizcankizil.tr\/en\/haberler\/gundem\/her-iki-kazadan-biri-motosikletli-denetimler-yogun\/","og_site_name":"Av. Deniz Can K\u0131z\u0131l","article_published_time":"2025-03-02T09:41:28+00:00","author":"admin","twitter_card":"summary_large_image","twitter_misc":{"Written by":"admin","Estimated reading time":"2 minutes"},"schema":{"@context":"https:\/\/schema.org","@graph":[{"@type":"Article","@id":"https:\/\/denizcankizil.tr\/en\/haberler\/gundem\/her-iki-kazadan-biri-motosikletli-denetimler-yogun\/#article","isPartOf":{"@id":"https:\/\/denizcankizil.tr\/en\/haberler\/gundem\/her-iki-kazadan-biri-motosikletli-denetimler-yogun\/"},"author":{"name":"admin","@id":"https:\/\/denizcankizil.tr\/de\/#\/schema\/person\/be3c05fe6a12686905512445d8185489"},"headline":"Her iki kazadan biri motosikletli! Denetimler yo\u011fun&#8230;","datePublished":"2025-03-02T09:41:28+00:00","mainEntityOfPage":{"@id":"https:\/\/denizcankizil.tr\/en\/haberler\/gundem\/her-iki-kazadan-biri-motosikletli-denetimler-yogun\/"},"wordCount":326,"commentCount":0,"publisher":{"@id":"https:\/\/denizcankizil.tr\/de\/#organization"},"articleSection":["G\u00fcndem"],"inLanguage":"en-GB","potentialAction":[{"@type":"CommentAction","name":"Comment","target":["https:\/\/denizcankizil.tr\/en\/haberler\/gundem\/her-iki-kazadan-biri-motosikletli-denetimler-yogun\/#respond"]}]},{"@type":"WebPage","@id":"https:\/\/denizcankizil.tr\/en\/haberler\/gundem\/her-iki-kazadan-biri-motosikletli-denetimler-yogun\/","url":"https:\/\/denizcankizil.tr\/en\/haberler\/gundem\/her-iki-kazadan-biri-motosikletli-denetimler-yogun\/","name":"Her iki kazadan biri motosikletli! Denetimler yo\u011fun... - Av. Deniz Can K\u0131z\u0131l","isPartOf":{"@id":"https:\/\/denizcankizil.tr\/de\/#website"},"datePublished":"2025-03-02T09:41:28+00:00","breadcrumb":{"@id":"https:\/\/denizcankizil.tr\/en\/haberler\/gundem\/her-iki-kazadan-biri-motosikletli-denetimler-yogun\/#breadcrumb"},"inLanguage":"en-GB","potentialAction":[{"@type":"ReadAction","target":["https:\/\/denizcankizil.tr\/en\/haberler\/gundem\/her-iki-kazadan-biri-motosikletli-denetimler-yogun\/"]}]},{"@type":"BreadcrumbList","@id":"https:\/\/denizcankizil.tr\/en\/haberler\/gundem\/her-iki-kazadan-biri-motosikletli-denetimler-yogun\/#breadcrumb","itemListElement":[{"@type":"ListItem","position":1,"name":"Home","item":"https:\/\/denizcankizil.tr\/de\/"},{"@type":"ListItem","position":2,"name":"Her iki kazadan biri motosikletli! Denetimler yo\u011fun&#8230;"}]},{"@type":"WebSite","@id":"https:\/\/denizcankizil.tr\/de\/#website","url":"https:\/\/denizcankizil.tr\/de\/","name":"Av. Deniz Can K\u0131z\u0131l","description":"Avukat Deniz Can K\u0131z\u0131l Antalya Barosu","publisher":{"@id":"https:\/\/denizcankizil.tr\/de\/#organization"},"potentialAction":[{"@type":"SearchAction","target":{"@type":"EntryPoint","urlTemplate":"https:\/\/denizcankizil.tr\/de\/?s={search_term_string}"},"query-input":{"@type":"PropertyValueSpecification","valueRequired":true,"valueName":"search_term_string"}}],"inLanguage":"en-GB"},{"@type":"Organization","@id":"https:\/\/denizcankizil.tr\/de\/#organization","name":"Av. Deniz Can K\u0131z\u0131l","url":"https:\/\/denizcankizil.tr\/de\/","logo":{"@type":"ImageObject","inLanguage":"en-GB","@id":"https:\/\/denizcankizil.tr\/de\/#\/schema\/logo\/image\/","url":"https:\/\/denizcankizil.tr\/wp-content\/uploads\/2024\/10\/siyah-logo-svg.svg","contentUrl":"https:\/\/denizcankizil.tr\/wp-content\/uploads\/2024\/10\/siyah-logo-svg.svg","width":1080,"height":1080,"caption":"Av. Deniz Can K\u0131z\u0131l"},"image":{"@id":"https:\/\/denizcankizil.tr\/de\/#\/schema\/logo\/image\/"}},{"@type":"Person","@id":"https:\/\/denizcankizil.tr\/de\/#\/schema\/person\/be3c05fe6a12686905512445d8185489","name":"admin","image":{"@type":"ImageObject","inLanguage":"en-GB","@id":"https:\/\/denizcankizil.tr\/de\/#\/schema\/person\/image\/","url":"https:\/\/secure.gravatar.com\/avatar\/c1fce94c830dc79107e174f890d7210541c4a63e8e5d816341794a2151c9d58c?s=96&d=mm&r=g","contentUrl":"https:\/\/secure.gravatar.com\/avatar\/c1fce94c830dc79107e174f890d7210541c4a63e8e5d816341794a2151c9d58c?s=96&d=mm&r=g","caption":"admin"},"sameAs":["http:\/\/denizcankizil.tr"],"url":"https:\/\/www.iskenderun.org\/her-iki-kazadan-biri-motosikletli-denetimler-yogun"}]}},"_links":{"self":[{"href":"https:\/\/denizcankizil.tr\/en\/wp-json\/wp\/v2\/posts\/34505","targetHints":{"allow":["GET"]}}],"collection":[{"href":"https:\/\/denizcankizil.tr\/en\/wp-json\/wp\/v2\/posts"}],"about":[{"href":"https:\/\/denizcankizil.tr\/en\/wp-json\/wp\/v2\/types\/post"}],"author":[{"embeddable":true,"href":"https:\/\/denizcankizil.tr\/en\/wp-json\/wp\/v2\/users\/1"}],"replies":[{"embeddable":true,"href":"https:\/\/denizcankizil.tr\/en\/wp-json\/wp\/v2\/comments?post=34505"}],"version-history":[{"count":0,"href":"https:\/\/denizcankizil.tr\/en\/wp-json\/wp\/v2\/posts\/34505\/revisions"}],"wp:attachment":[{"href":"https:\/\/denizcankizil.tr\/en\/wp-json\/wp\/v2\/media?parent=34505"}],"wp:term":[{"taxonomy":"category","embeddable":true,"href":"https:\/\/denizcankizil.tr\/en\/wp-json\/wp\/v2\/categories?post=34505"},{"taxonomy":"post_tag","embeddable":true,"href":"https:\/\/denizcankizil.tr\/en\/wp-json\/wp\/v2\/tags?post=34505"}],"curies":[{"name":"wp","href":"https:\/\/api.w.org\/{rel}","templated":true}]}}