{"id":34307,"date":"2025-02-28T09:41:36","date_gmt":"2025-02-28T06:41:36","guid":{"rendered":"https:\/\/denizcankizil.tr\/uncategorized-tr\/antalyada-denetim-yok-isportacilar-sehrin-her-kosesinde\/"},"modified":"2025-02-28T09:41:36","modified_gmt":"2025-02-28T06:41:36","slug":"antalyada-denetim-yok-isportacilar-sehrin-her-kosesinde","status":"publish","type":"post","link":"https:\/\/denizcankizil.tr\/en\/haberler\/gundem\/antalyada-denetim-yok-isportacilar-sehrin-her-kosesinde\/","title":{"rendered":"Antalya\u2019da denetim yok! \u0130\u015fportac\u0131lar \u015fehrin her k\u00f6\u015fesinde"},"content":{"rendered":"<p>Kald\u0131r\u0131mlar\u0131n i\u015fgal edildi\u011fi Antalya\u2019da zab\u0131ta denetimlerinin yok denecek kadar azalmas\u0131 kar\u015f\u0131s\u0131nda vatanda\u015flar kald\u0131r\u0131mlarda y\u00fcr\u00fcyemez hale geldi. Muratpa\u015fa Cami\u2019nin d\u0131\u015f duvarlar\u0131 ve kald\u0131r\u0131mlar\u0131 y\u0131llard\u0131r i\u015fportac\u0131 i\u015fgalinde. \u0130\u015fgal kar\u015f\u0131s\u0131nda yeterli denetimi yapmayan zab\u0131ta ekipleri tepki topluyor.\u00a0<\/p>\n<p>ANTALYA\u2019NIN KALB\u0130NDE KALDIRIM \u0130\u015eGAL\u0130!<\/p>\n<p>Antalya\u2019n\u0131n kalbinde yer alan Muratpa\u015fa Cami\u2019sinin kald\u0131r\u0131mlar\u0131 i\u015fportac\u0131 i\u015fgaline u\u011frad\u0131. Y\u0131llard\u0131r devam eden i\u015fgal kar\u015f\u0131s\u0131nda yerel y\u00f6netimler gerekli ad\u0131mlar\u0131 atm\u0131yor. Saat\u00e7isinden tesbih\u00e7isine, telefoncusundan elektronik e\u015fya sat\u0131c\u0131s\u0131na kadar \u00e7ok say\u0131da i\u015fportac\u0131ya ev sahipli\u011fi yapan Antalya&#8217;n\u0131n kald\u0131r\u0131mlar\u0131 yayalara kapand\u0131. Belediye zab\u0131ta ekiplerinin sessiz kald\u0131\u011f\u0131 bu sorun kar\u015f\u0131s\u0131nda Antalyal\u0131lar tepkili.\u00a0<\/p>\n<p>YEREL Y\u00d6NET\u0130MLER GEREKL\u0130 ADIMLARI ATMIYOR<\/p>\n<p>Antalya\u2019n\u0131n Muratpa\u015fa il\u00e7esinde yayalar\u0131n kullanmas\u0131 gereken kald\u0131r\u0131mlar\u0131n \u00f6nemli b\u00f6l\u00fcm\u00fc i\u015fportac\u0131 i\u015fgalinde. Y\u0131llard\u0131r ya\u015fanan bu sorun kar\u015f\u0131s\u0131nda ise yerel y\u00f6netimler gerekli ad\u0131mlar\u0131 bir t\u00fcrl\u00fc atamad\u0131. Muratpa\u015fa Camisinin yaya kald\u0131r\u0131m\u0131n\u0131 y\u0131llard\u0131r i\u015fgal eden i\u015fportac\u0131lar kar\u015f\u0131s\u0131nda zab\u0131ta ekiplerinin sessiz kalmas\u0131na vatanda\u015flar tepki g\u00f6steriyor.\u00a0<\/p>\n<p>DUYARSIZLIK!<\/p>\n<p>Antalya\u2019da y\u0131llard\u0131r \u00e7\u00f6z\u00fcm bulmay\u0131 bekleyen kald\u0131r\u0131m i\u015fgali sorunu her ge\u00e7en b\u00fcy\u00fcmeye devam ediyor. Uzun y\u0131llar \u00f6nce \u00e7\u00f6z\u00fcm i\u00e7in ad\u0131mlar at\u0131lan seyyar sat\u0131c\u0131l\u0131k ve i\u015fportac\u0131l\u0131k sorunu da yeniden kentin g\u00fcndemi oldu. \u00a0Kald\u0131r\u0131mlar\u0131n yayalara ait oldu\u011funu dile getiren Antalyal\u0131lar yerel y\u00f6netimlerin ya\u015fanan bu soruna bir an \u00f6nce \u00e7\u00f6z\u00fcm bulmas\u0131n\u0131 istiyor.\u00a0<\/p>\n<p>\u0130\u015ePORTACILARIN YANINDA GEL\u0130\u015e\u0130 G\u00dcZEL OTOPARK SORUNU<\/p>\n<p>Antalya\u2019da bir taraftan seyyar sat\u0131c\u0131l\u0131k di\u011fer taraftan da kald\u0131r\u0131m i\u015fgali meselesi konu\u015fulmaya devam ederken s\u00f6z konusu sorun kentin t\u0131kanan trafi\u011fi konusunda da problemler ya\u015fatmaya ba\u015flad\u0131. Son y\u0131llarda t\u0131kan\u0131kl\u0131\u011f\u0131n zirveye \u00e7\u0131kt\u0131\u011f\u0131 kentte hem ana hem de ara caddelerde ara\u00e7 ve yaya olarak y\u00fcr\u00fcmek iyice zorla\u015f\u0131rken iki konu i\u00e7in \u00e7a\u011fr\u0131lar ard\u0131 ard\u0131na gelmeye ba\u015flad\u0131.<\/p>\n<p>\u200bAntalya\u2019da turizm en yo\u011fun oldu\u011fu b\u00f6lgelerde i\u015fportac\u0131 i\u015fgaline engel olunam\u0131yor. Ba\u015fta B\u00fcy\u00fck\u015fehir Belediyesi olarak \u00fczere Muratpa\u015fa, Kepez ve Konyaalt\u0131 Belediye zab\u0131ta ekipleri i\u015fportac\u0131 denetimlerinde yetersiz kal\u0131yor.\u00a0<\/p>\n<p>\u200bHaberin Al\u0131nt\u0131land\u0131\u011f\u0131 Kaynak: www.antalyakorfez.com<\/p>","protected":false},"excerpt":{"rendered":"<p>Kald\u0131r\u0131mlar\u0131n i\u015fgal edildi\u011fi Antalya\u2019da zab\u0131ta denetimlerinin yok denecek kadar azalmas\u0131 kar\u015f\u0131s\u0131nda vatanda\u015flar kald\u0131r\u0131mlarda y\u00fcr\u00fcyemez hale geldi. Muratpa\u015fa Cami\u2019nin d\u0131\u015f duvarlar\u0131 ve kald\u0131r\u0131mlar\u0131 y\u0131llard\u0131r i\u015fportac\u0131 i\u015fgalinde. \u0130\u015fgal kar\u015f\u0131s\u0131nda yeterli denetimi yapmayan zab\u0131ta ekipleri tepki topluyor.\u00a0 ANTALYA\u2019NIN KALB\u0130NDE KALDIRIM \u0130\u015eGAL\u0130! Antalya\u2019n\u0131n kalbinde yer alan Muratpa\u015fa Cami\u2019sinin kald\u0131r\u0131mlar\u0131 i\u015fportac\u0131 i\u015fgaline u\u011frad\u0131. Y\u0131llard\u0131r devam eden i\u015fgal kar\u015f\u0131s\u0131nda yerel y\u00f6netimler gerekli ad\u0131mlar\u0131 atm\u0131yor. Saat\u00e7isinden tesbih\u00e7isine, telefoncusundan elektronik e\u015fya sat\u0131c\u0131s\u0131na kadar \u00e7ok say\u0131da i\u015fportac\u0131ya ev sahipli\u011fi yapan Antalya&#8217;n\u0131n kald\u0131r\u0131mlar\u0131 yayalara kapand\u0131. Belediye zab\u0131ta ekiplerinin sessiz kald\u0131\u011f\u0131 bu sorun kar\u015f\u0131s\u0131nda Antalyal\u0131lar tepkili.\u00a0 YEREL Y\u00d6NET\u0130MLER GEREKL\u0130 ADIMLARI ATMIYOR Antalya\u2019n\u0131n Muratpa\u015fa il\u00e7esinde yayalar\u0131n kullanmas\u0131 gereken kald\u0131r\u0131mlar\u0131n \u00f6nemli b\u00f6l\u00fcm\u00fc i\u015fportac\u0131 i\u015fgalinde. Y\u0131llard\u0131r ya\u015fanan bu sorun kar\u015f\u0131s\u0131nda ise yerel y\u00f6netimler gerekli ad\u0131mlar\u0131 bir t\u00fcrl\u00fc atamad\u0131. Muratpa\u015fa Camisinin yaya kald\u0131r\u0131m\u0131n\u0131 y\u0131llard\u0131r i\u015fgal eden i\u015fportac\u0131lar kar\u015f\u0131s\u0131nda zab\u0131ta ekiplerinin sessiz kalmas\u0131na vatanda\u015flar tepki g\u00f6steriyor.\u00a0 DUYARSIZLIK! Antalya\u2019da y\u0131llard\u0131r \u00e7\u00f6z\u00fcm bulmay\u0131 bekleyen kald\u0131r\u0131m i\u015fgali sorunu her ge\u00e7en b\u00fcy\u00fcmeye devam ediyor. Uzun y\u0131llar \u00f6nce \u00e7\u00f6z\u00fcm i\u00e7in ad\u0131mlar at\u0131lan seyyar sat\u0131c\u0131l\u0131k ve i\u015fportac\u0131l\u0131k sorunu da yeniden kentin g\u00fcndemi oldu. \u00a0Kald\u0131r\u0131mlar\u0131n yayalara ait oldu\u011funu dile getiren Antalyal\u0131lar yerel y\u00f6netimlerin ya\u015fanan bu soruna bir an \u00f6nce \u00e7\u00f6z\u00fcm bulmas\u0131n\u0131 istiyor.\u00a0 \u0130\u015ePORTACILARIN YANINDA GEL\u0130\u015e\u0130 G\u00dcZEL OTOPARK SORUNU Antalya\u2019da bir taraftan seyyar sat\u0131c\u0131l\u0131k di\u011fer taraftan da kald\u0131r\u0131m i\u015fgali meselesi konu\u015fulmaya devam ederken s\u00f6z &hellip;<\/p>","protected":false},"author":5,"featured_media":0,"comment_status":"open","ping_status":"open","sticky":false,"template":"","format":"standard","meta":{"_acf_changed":false,"footnotes":""},"categories":[24],"tags":[],"class_list":["post-34307","post","type-post","status-publish","format-standard","has-post-thumbnail","hentry","category-gundem"],"acf":[],"yoast_head":"<!-- This site is optimized with the Yoast SEO Premium plugin v26.6 (Yoast SEO v27.1.1) - https:\/\/yoast.com\/product\/yoast-seo-premium-wordpress\/ -->\n<title>Antalya\u2019da denetim yok! \u0130\u015fportac\u0131lar \u015fehrin her k\u00f6\u015fesinde - Av. Deniz Can K\u0131z\u0131l<\/title>\n<meta name=\"robots\" content=\"index, follow, max-snippet:-1, max-image-preview:large, max-video-preview:-1\" \/>\n<link rel=\"canonical\" href=\"http:\/\/denizcankizil.tr\/en\/haberler\/gundem\/antalyada-denetim-yok-isportacilar-sehrin-her-kosesinde\/\" \/>\n<meta property=\"og:locale\" content=\"en_GB\" \/>\n<meta property=\"og:type\" content=\"article\" \/>\n<meta property=\"og:title\" content=\"Antalya\u2019da denetim yok! \u0130\u015fportac\u0131lar \u015fehrin her k\u00f6\u015fesinde\" \/>\n<meta property=\"og:description\" content=\"Kald\u0131r\u0131mlar\u0131n i\u015fgal edildi\u011fi Antalya\u2019da zab\u0131ta denetimlerinin yok denecek kadar azalmas\u0131 kar\u015f\u0131s\u0131nda vatanda\u015flar kald\u0131r\u0131mlarda y\u00fcr\u00fcyemez hale geldi. Muratpa\u015fa Cami\u2019nin d\u0131\u015f duvarlar\u0131 ve kald\u0131r\u0131mlar\u0131 y\u0131llard\u0131r i\u015fportac\u0131 i\u015fgalinde. \u0130\u015fgal kar\u015f\u0131s\u0131nda yeterli denetimi yapmayan zab\u0131ta ekipleri tepki topluyor.\u00a0 ANTALYA\u2019NIN KALB\u0130NDE KALDIRIM \u0130\u015eGAL\u0130! Antalya\u2019n\u0131n kalbinde yer alan Muratpa\u015fa Cami\u2019sinin kald\u0131r\u0131mlar\u0131 i\u015fportac\u0131 i\u015fgaline u\u011frad\u0131. Y\u0131llard\u0131r devam eden i\u015fgal kar\u015f\u0131s\u0131nda yerel y\u00f6netimler gerekli ad\u0131mlar\u0131 atm\u0131yor. Saat\u00e7isinden tesbih\u00e7isine, telefoncusundan elektronik e\u015fya sat\u0131c\u0131s\u0131na kadar \u00e7ok say\u0131da i\u015fportac\u0131ya ev sahipli\u011fi yapan Antalya&#8217;n\u0131n kald\u0131r\u0131mlar\u0131 yayalara kapand\u0131. Belediye zab\u0131ta ekiplerinin sessiz kald\u0131\u011f\u0131 bu sorun kar\u015f\u0131s\u0131nda Antalyal\u0131lar tepkili.\u00a0 YEREL Y\u00d6NET\u0130MLER GEREKL\u0130 ADIMLARI ATMIYOR Antalya\u2019n\u0131n Muratpa\u015fa il\u00e7esinde yayalar\u0131n kullanmas\u0131 gereken kald\u0131r\u0131mlar\u0131n \u00f6nemli b\u00f6l\u00fcm\u00fc i\u015fportac\u0131 i\u015fgalinde. Y\u0131llard\u0131r ya\u015fanan bu sorun kar\u015f\u0131s\u0131nda ise yerel y\u00f6netimler gerekli ad\u0131mlar\u0131 bir t\u00fcrl\u00fc atamad\u0131. Muratpa\u015fa Camisinin yaya kald\u0131r\u0131m\u0131n\u0131 y\u0131llard\u0131r i\u015fgal eden i\u015fportac\u0131lar kar\u015f\u0131s\u0131nda zab\u0131ta ekiplerinin sessiz kalmas\u0131na vatanda\u015flar tepki g\u00f6steriyor.\u00a0 DUYARSIZLIK! Antalya\u2019da y\u0131llard\u0131r \u00e7\u00f6z\u00fcm bulmay\u0131 bekleyen kald\u0131r\u0131m i\u015fgali sorunu her ge\u00e7en b\u00fcy\u00fcmeye devam ediyor. Uzun y\u0131llar \u00f6nce \u00e7\u00f6z\u00fcm i\u00e7in ad\u0131mlar at\u0131lan seyyar sat\u0131c\u0131l\u0131k ve i\u015fportac\u0131l\u0131k sorunu da yeniden kentin g\u00fcndemi oldu. \u00a0Kald\u0131r\u0131mlar\u0131n yayalara ait oldu\u011funu dile getiren Antalyal\u0131lar yerel y\u00f6netimlerin ya\u015fanan bu soruna bir an \u00f6nce \u00e7\u00f6z\u00fcm bulmas\u0131n\u0131 istiyor.\u00a0 \u0130\u015ePORTACILARIN YANINDA GEL\u0130\u015e\u0130 G\u00dcZEL OTOPARK SORUNU Antalya\u2019da bir taraftan seyyar sat\u0131c\u0131l\u0131k di\u011fer taraftan da kald\u0131r\u0131m i\u015fgali meselesi konu\u015fulmaya devam ederken s\u00f6z &hellip;\" \/>\n<meta property=\"og:url\" content=\"http:\/\/denizcankizil.tr\/en\/haberler\/gundem\/antalyada-denetim-yok-isportacilar-sehrin-her-kosesinde\/\" \/>\n<meta property=\"og:site_name\" content=\"Av. Deniz Can K\u0131z\u0131l\" \/>\n<meta property=\"article:published_time\" content=\"2025-02-28T06:41:36+00:00\" \/>\n<meta name=\"author\" content=\"Antalya K\u00f6rfez\" \/>\n<meta name=\"twitter:card\" content=\"summary_large_image\" \/>\n<meta name=\"twitter:label1\" content=\"Written by\" \/>\n\t<meta name=\"twitter:data1\" content=\"Antalya K\u00f6rfez\" \/>\n\t<meta name=\"twitter:label2\" content=\"Estimated reading time\" \/>\n\t<meta name=\"twitter:data2\" content=\"2 minutes\" \/>\n<script type=\"application\/ld+json\" class=\"yoast-schema-graph\">{\"@context\":\"https:\/\/schema.org\",\"@graph\":[{\"@type\":\"Article\",\"@id\":\"http:\/\/denizcankizil.tr\/ru\/haberler\/gundem\/antalyada-denetim-yok-isportacilar-sehrin-her-kosesinde\/#article\",\"isPartOf\":{\"@id\":\"http:\/\/denizcankizil.tr\/ru\/haberler\/gundem\/antalyada-denetim-yok-isportacilar-sehrin-her-kosesinde\/\"},\"author\":{\"name\":\"Antalya K\u00f6rfez\",\"@id\":\"https:\/\/denizcankizil.tr\/de\/#\/schema\/person\/e1eb71bb4dd684d46563f0af307e1234\"},\"headline\":\"Antalya\u2019da denetim yok! \u0130\u015fportac\u0131lar \u015fehrin her k\u00f6\u015fesinde\",\"datePublished\":\"2025-02-28T06:41:36+00:00\",\"mainEntityOfPage\":{\"@id\":\"http:\/\/denizcankizil.tr\/ru\/haberler\/gundem\/antalyada-denetim-yok-isportacilar-sehrin-her-kosesinde\/\"},\"wordCount\":453,\"commentCount\":0,\"publisher\":{\"@id\":\"https:\/\/denizcankizil.tr\/de\/#organization\"},\"articleSection\":[\"G\u00fcndem\"],\"inLanguage\":\"en-GB\",\"potentialAction\":[{\"@type\":\"CommentAction\",\"name\":\"Comment\",\"target\":[\"http:\/\/denizcankizil.tr\/ru\/haberler\/gundem\/antalyada-denetim-yok-isportacilar-sehrin-her-kosesinde\/#respond\"]}]},{\"@type\":\"WebPage\",\"@id\":\"http:\/\/denizcankizil.tr\/ru\/haberler\/gundem\/antalyada-denetim-yok-isportacilar-sehrin-her-kosesinde\/\",\"url\":\"http:\/\/denizcankizil.tr\/ru\/haberler\/gundem\/antalyada-denetim-yok-isportacilar-sehrin-her-kosesinde\/\",\"name\":\"Antalya\u2019da denetim yok! \u0130\u015fportac\u0131lar \u015fehrin her k\u00f6\u015fesinde - Av. Deniz Can K\u0131z\u0131l\",\"isPartOf\":{\"@id\":\"https:\/\/denizcankizil.tr\/de\/#website\"},\"datePublished\":\"2025-02-28T06:41:36+00:00\",\"breadcrumb\":{\"@id\":\"http:\/\/denizcankizil.tr\/ru\/haberler\/gundem\/antalyada-denetim-yok-isportacilar-sehrin-her-kosesinde\/#breadcrumb\"},\"inLanguage\":\"en-GB\",\"potentialAction\":[{\"@type\":\"ReadAction\",\"target\":[\"http:\/\/denizcankizil.tr\/ru\/haberler\/gundem\/antalyada-denetim-yok-isportacilar-sehrin-her-kosesinde\/\"]}]},{\"@type\":\"BreadcrumbList\",\"@id\":\"http:\/\/denizcankizil.tr\/ru\/haberler\/gundem\/antalyada-denetim-yok-isportacilar-sehrin-her-kosesinde\/#breadcrumb\",\"itemListElement\":[{\"@type\":\"ListItem\",\"position\":1,\"name\":\"Home\",\"item\":\"https:\/\/denizcankizil.tr\/de\/\"},{\"@type\":\"ListItem\",\"position\":2,\"name\":\"Antalya\u2019da denetim yok! \u0130\u015fportac\u0131lar \u015fehrin her k\u00f6\u015fesinde\"}]},{\"@type\":\"WebSite\",\"@id\":\"https:\/\/denizcankizil.tr\/de\/#website\",\"url\":\"https:\/\/denizcankizil.tr\/de\/\",\"name\":\"Av. Deniz Can K\u0131z\u0131l\",\"description\":\"Avukat Deniz Can K\u0131z\u0131l Antalya Barosu\",\"publisher\":{\"@id\":\"https:\/\/denizcankizil.tr\/de\/#organization\"},\"potentialAction\":[{\"@type\":\"SearchAction\",\"target\":{\"@type\":\"EntryPoint\",\"urlTemplate\":\"https:\/\/denizcankizil.tr\/de\/?s={search_term_string}\"},\"query-input\":{\"@type\":\"PropertyValueSpecification\",\"valueRequired\":true,\"valueName\":\"search_term_string\"}}],\"inLanguage\":\"en-GB\"},{\"@type\":\"Organization\",\"@id\":\"https:\/\/denizcankizil.tr\/de\/#organization\",\"name\":\"Av. Deniz Can K\u0131z\u0131l\",\"url\":\"https:\/\/denizcankizil.tr\/de\/\",\"logo\":{\"@type\":\"ImageObject\",\"inLanguage\":\"en-GB\",\"@id\":\"https:\/\/denizcankizil.tr\/de\/#\/schema\/logo\/image\/\",\"url\":\"https:\/\/denizcankizil.tr\/wp-content\/uploads\/2024\/10\/siyah-logo-svg.svg\",\"contentUrl\":\"https:\/\/denizcankizil.tr\/wp-content\/uploads\/2024\/10\/siyah-logo-svg.svg\",\"width\":1080,\"height\":1080,\"caption\":\"Av. Deniz Can K\u0131z\u0131l\"},\"image\":{\"@id\":\"https:\/\/denizcankizil.tr\/de\/#\/schema\/logo\/image\/\"}},{\"@type\":\"Person\",\"@id\":\"https:\/\/denizcankizil.tr\/de\/#\/schema\/person\/e1eb71bb4dd684d46563f0af307e1234\",\"name\":\"Antalya K\u00f6rfez\",\"image\":{\"@type\":\"ImageObject\",\"inLanguage\":\"en-GB\",\"@id\":\"https:\/\/denizcankizil.tr\/de\/#\/schema\/person\/image\/\",\"url\":\"https:\/\/secure.gravatar.com\/avatar\/42b01982558a48a0b501fdcab6a408d3717ea5919095ee2e67b0e521799c5905?s=96&d=mm&r=g\",\"contentUrl\":\"https:\/\/secure.gravatar.com\/avatar\/42b01982558a48a0b501fdcab6a408d3717ea5919095ee2e67b0e521799c5905?s=96&d=mm&r=g\",\"caption\":\"Antalya K\u00f6rfez\"},\"sameAs\":[\"http:\/\/www.antalyakorfez.com\"],\"url\":\"https:\/\/www.antalyakorfez.com\/antalyada-denetim-yok-isportacilar-sehrin-her-kosesinde\"}]}<\/script>\n<!-- \/ Yoast SEO Premium plugin. -->","yoast_head_json":{"title":"Antalya\u2019da denetim yok! \u0130\u015fportac\u0131lar \u015fehrin her k\u00f6\u015fesinde - Av. Deniz Can K\u0131z\u0131l","robots":{"index":"index","follow":"follow","max-snippet":"max-snippet:-1","max-image-preview":"max-image-preview:large","max-video-preview":"max-video-preview:-1"},"canonical":"http:\/\/denizcankizil.tr\/en\/haberler\/gundem\/antalyada-denetim-yok-isportacilar-sehrin-her-kosesinde\/","og_locale":"en_GB","og_type":"article","og_title":"Antalya\u2019da denetim yok! \u0130\u015fportac\u0131lar \u015fehrin her k\u00f6\u015fesinde","og_description":"Kald\u0131r\u0131mlar\u0131n i\u015fgal edildi\u011fi Antalya\u2019da zab\u0131ta denetimlerinin yok denecek kadar azalmas\u0131 kar\u015f\u0131s\u0131nda vatanda\u015flar kald\u0131r\u0131mlarda y\u00fcr\u00fcyemez hale geldi. Muratpa\u015fa Cami\u2019nin d\u0131\u015f duvarlar\u0131 ve kald\u0131r\u0131mlar\u0131 y\u0131llard\u0131r i\u015fportac\u0131 i\u015fgalinde. \u0130\u015fgal kar\u015f\u0131s\u0131nda yeterli denetimi yapmayan zab\u0131ta ekipleri tepki topluyor.\u00a0 ANTALYA\u2019NIN KALB\u0130NDE KALDIRIM \u0130\u015eGAL\u0130! Antalya\u2019n\u0131n kalbinde yer alan Muratpa\u015fa Cami\u2019sinin kald\u0131r\u0131mlar\u0131 i\u015fportac\u0131 i\u015fgaline u\u011frad\u0131. Y\u0131llard\u0131r devam eden i\u015fgal kar\u015f\u0131s\u0131nda yerel y\u00f6netimler gerekli ad\u0131mlar\u0131 atm\u0131yor. Saat\u00e7isinden tesbih\u00e7isine, telefoncusundan elektronik e\u015fya sat\u0131c\u0131s\u0131na kadar \u00e7ok say\u0131da i\u015fportac\u0131ya ev sahipli\u011fi yapan Antalya&#8217;n\u0131n kald\u0131r\u0131mlar\u0131 yayalara kapand\u0131. Belediye zab\u0131ta ekiplerinin sessiz kald\u0131\u011f\u0131 bu sorun kar\u015f\u0131s\u0131nda Antalyal\u0131lar tepkili.\u00a0 YEREL Y\u00d6NET\u0130MLER GEREKL\u0130 ADIMLARI ATMIYOR Antalya\u2019n\u0131n Muratpa\u015fa il\u00e7esinde yayalar\u0131n kullanmas\u0131 gereken kald\u0131r\u0131mlar\u0131n \u00f6nemli b\u00f6l\u00fcm\u00fc i\u015fportac\u0131 i\u015fgalinde. Y\u0131llard\u0131r ya\u015fanan bu sorun kar\u015f\u0131s\u0131nda ise yerel y\u00f6netimler gerekli ad\u0131mlar\u0131 bir t\u00fcrl\u00fc atamad\u0131. Muratpa\u015fa Camisinin yaya kald\u0131r\u0131m\u0131n\u0131 y\u0131llard\u0131r i\u015fgal eden i\u015fportac\u0131lar kar\u015f\u0131s\u0131nda zab\u0131ta ekiplerinin sessiz kalmas\u0131na vatanda\u015flar tepki g\u00f6steriyor.\u00a0 DUYARSIZLIK! Antalya\u2019da y\u0131llard\u0131r \u00e7\u00f6z\u00fcm bulmay\u0131 bekleyen kald\u0131r\u0131m i\u015fgali sorunu her ge\u00e7en b\u00fcy\u00fcmeye devam ediyor. Uzun y\u0131llar \u00f6nce \u00e7\u00f6z\u00fcm i\u00e7in ad\u0131mlar at\u0131lan seyyar sat\u0131c\u0131l\u0131k ve i\u015fportac\u0131l\u0131k sorunu da yeniden kentin g\u00fcndemi oldu. \u00a0Kald\u0131r\u0131mlar\u0131n yayalara ait oldu\u011funu dile getiren Antalyal\u0131lar yerel y\u00f6netimlerin ya\u015fanan bu soruna bir an \u00f6nce \u00e7\u00f6z\u00fcm bulmas\u0131n\u0131 istiyor.\u00a0 \u0130\u015ePORTACILARIN YANINDA GEL\u0130\u015e\u0130 G\u00dcZEL OTOPARK SORUNU Antalya\u2019da bir taraftan seyyar sat\u0131c\u0131l\u0131k di\u011fer taraftan da kald\u0131r\u0131m i\u015fgali meselesi konu\u015fulmaya devam ederken s\u00f6z &hellip;","og_url":"http:\/\/denizcankizil.tr\/en\/haberler\/gundem\/antalyada-denetim-yok-isportacilar-sehrin-her-kosesinde\/","og_site_name":"Av. Deniz Can K\u0131z\u0131l","article_published_time":"2025-02-28T06:41:36+00:00","author":"Antalya K\u00f6rfez","twitter_card":"summary_large_image","twitter_misc":{"Written by":"Antalya K\u00f6rfez","Estimated reading time":"2 minutes"},"schema":{"@context":"https:\/\/schema.org","@graph":[{"@type":"Article","@id":"http:\/\/denizcankizil.tr\/ru\/haberler\/gundem\/antalyada-denetim-yok-isportacilar-sehrin-her-kosesinde\/#article","isPartOf":{"@id":"http:\/\/denizcankizil.tr\/ru\/haberler\/gundem\/antalyada-denetim-yok-isportacilar-sehrin-her-kosesinde\/"},"author":{"name":"Antalya K\u00f6rfez","@id":"https:\/\/denizcankizil.tr\/de\/#\/schema\/person\/e1eb71bb4dd684d46563f0af307e1234"},"headline":"Antalya\u2019da denetim yok! \u0130\u015fportac\u0131lar \u015fehrin her k\u00f6\u015fesinde","datePublished":"2025-02-28T06:41:36+00:00","mainEntityOfPage":{"@id":"http:\/\/denizcankizil.tr\/ru\/haberler\/gundem\/antalyada-denetim-yok-isportacilar-sehrin-her-kosesinde\/"},"wordCount":453,"commentCount":0,"publisher":{"@id":"https:\/\/denizcankizil.tr\/de\/#organization"},"articleSection":["G\u00fcndem"],"inLanguage":"en-GB","potentialAction":[{"@type":"CommentAction","name":"Comment","target":["http:\/\/denizcankizil.tr\/ru\/haberler\/gundem\/antalyada-denetim-yok-isportacilar-sehrin-her-kosesinde\/#respond"]}]},{"@type":"WebPage","@id":"http:\/\/denizcankizil.tr\/ru\/haberler\/gundem\/antalyada-denetim-yok-isportacilar-sehrin-her-kosesinde\/","url":"http:\/\/denizcankizil.tr\/ru\/haberler\/gundem\/antalyada-denetim-yok-isportacilar-sehrin-her-kosesinde\/","name":"Antalya\u2019da denetim yok! \u0130\u015fportac\u0131lar \u015fehrin her k\u00f6\u015fesinde - Av. Deniz Can K\u0131z\u0131l","isPartOf":{"@id":"https:\/\/denizcankizil.tr\/de\/#website"},"datePublished":"2025-02-28T06:41:36+00:00","breadcrumb":{"@id":"http:\/\/denizcankizil.tr\/ru\/haberler\/gundem\/antalyada-denetim-yok-isportacilar-sehrin-her-kosesinde\/#breadcrumb"},"inLanguage":"en-GB","potentialAction":[{"@type":"ReadAction","target":["http:\/\/denizcankizil.tr\/ru\/haberler\/gundem\/antalyada-denetim-yok-isportacilar-sehrin-her-kosesinde\/"]}]},{"@type":"BreadcrumbList","@id":"http:\/\/denizcankizil.tr\/ru\/haberler\/gundem\/antalyada-denetim-yok-isportacilar-sehrin-her-kosesinde\/#breadcrumb","itemListElement":[{"@type":"ListItem","position":1,"name":"Home","item":"https:\/\/denizcankizil.tr\/de\/"},{"@type":"ListItem","position":2,"name":"Antalya\u2019da denetim yok! \u0130\u015fportac\u0131lar \u015fehrin her k\u00f6\u015fesinde"}]},{"@type":"WebSite","@id":"https:\/\/denizcankizil.tr\/de\/#website","url":"https:\/\/denizcankizil.tr\/de\/","name":"Av. Deniz Can K\u0131z\u0131l","description":"Avukat Deniz Can K\u0131z\u0131l Antalya Barosu","publisher":{"@id":"https:\/\/denizcankizil.tr\/de\/#organization"},"potentialAction":[{"@type":"SearchAction","target":{"@type":"EntryPoint","urlTemplate":"https:\/\/denizcankizil.tr\/de\/?s={search_term_string}"},"query-input":{"@type":"PropertyValueSpecification","valueRequired":true,"valueName":"search_term_string"}}],"inLanguage":"en-GB"},{"@type":"Organization","@id":"https:\/\/denizcankizil.tr\/de\/#organization","name":"Av. Deniz Can K\u0131z\u0131l","url":"https:\/\/denizcankizil.tr\/de\/","logo":{"@type":"ImageObject","inLanguage":"en-GB","@id":"https:\/\/denizcankizil.tr\/de\/#\/schema\/logo\/image\/","url":"https:\/\/denizcankizil.tr\/wp-content\/uploads\/2024\/10\/siyah-logo-svg.svg","contentUrl":"https:\/\/denizcankizil.tr\/wp-content\/uploads\/2024\/10\/siyah-logo-svg.svg","width":1080,"height":1080,"caption":"Av. Deniz Can K\u0131z\u0131l"},"image":{"@id":"https:\/\/denizcankizil.tr\/de\/#\/schema\/logo\/image\/"}},{"@type":"Person","@id":"https:\/\/denizcankizil.tr\/de\/#\/schema\/person\/e1eb71bb4dd684d46563f0af307e1234","name":"Antalya K\u00f6rfez","image":{"@type":"ImageObject","inLanguage":"en-GB","@id":"https:\/\/denizcankizil.tr\/de\/#\/schema\/person\/image\/","url":"https:\/\/secure.gravatar.com\/avatar\/42b01982558a48a0b501fdcab6a408d3717ea5919095ee2e67b0e521799c5905?s=96&d=mm&r=g","contentUrl":"https:\/\/secure.gravatar.com\/avatar\/42b01982558a48a0b501fdcab6a408d3717ea5919095ee2e67b0e521799c5905?s=96&d=mm&r=g","caption":"Antalya K\u00f6rfez"},"sameAs":["http:\/\/www.antalyakorfez.com"],"url":"https:\/\/www.antalyakorfez.com\/antalyada-denetim-yok-isportacilar-sehrin-her-kosesinde"}]}},"_links":{"self":[{"href":"https:\/\/denizcankizil.tr\/en\/wp-json\/wp\/v2\/posts\/34307","targetHints":{"allow":["GET"]}}],"collection":[{"href":"https:\/\/denizcankizil.tr\/en\/wp-json\/wp\/v2\/posts"}],"about":[{"href":"https:\/\/denizcankizil.tr\/en\/wp-json\/wp\/v2\/types\/post"}],"author":[{"embeddable":true,"href":"https:\/\/denizcankizil.tr\/en\/wp-json\/wp\/v2\/users\/5"}],"replies":[{"embeddable":true,"href":"https:\/\/denizcankizil.tr\/en\/wp-json\/wp\/v2\/comments?post=34307"}],"version-history":[{"count":0,"href":"https:\/\/denizcankizil.tr\/en\/wp-json\/wp\/v2\/posts\/34307\/revisions"}],"wp:attachment":[{"href":"https:\/\/denizcankizil.tr\/en\/wp-json\/wp\/v2\/media?parent=34307"}],"wp:term":[{"taxonomy":"category","embeddable":true,"href":"https:\/\/denizcankizil.tr\/en\/wp-json\/wp\/v2\/categories?post=34307"},{"taxonomy":"post_tag","embeddable":true,"href":"https:\/\/denizcankizil.tr\/en\/wp-json\/wp\/v2\/tags?post=34307"}],"curies":[{"name":"wp","href":"https:\/\/api.w.org\/{rel}","templated":true}]}}