{"id":34265,"date":"2025-02-27T13:41:42","date_gmt":"2025-02-27T10:41:42","guid":{"rendered":"https:\/\/denizcankizil.tr\/uncategorized-tr\/kepezden-3-farkli-yabanci-dil-egitimi\/"},"modified":"2025-02-27T13:41:42","modified_gmt":"2025-02-27T10:41:42","slug":"kepezden-3-farkli-yabanci-dil-egitimi","status":"publish","type":"post","link":"https:\/\/denizcankizil.tr\/en\/haberler\/antalya\/kepezden-3-farkli-yabanci-dil-egitimi\/","title":{"rendered":"Kepez\u2019den 3 farkl\u0131 yabanc\u0131 dil e\u011fitimi"},"content":{"rendered":"<p>Oyun metodlar\u0131yla \u00f6\u011freniyorlar<br \/>\nAkademide hem \u0130ngilizce hem de Rus\u00e7a dersleri veren Antonina Shevchenko Alt\u0131karde\u015f, ders saatlerinde yaln\u0131zca hedef dili konu\u015fturarak \u00f6\u011frencilerin s\u00fcrece daha h\u0131zl\u0131 adapte olmas\u0131n\u0131 sa\u011fl\u0131yor. Bir s\u00fcre kald\u0131\u011f\u0131 Almanya&#8217;da her iki dilin e\u011fitmenli\u011fini yapabilme belgesini alm\u0131\u015f olan Alt\u0131karde\u015f, \u00e7e\u015fitli oyun teknikleriyle \u00f6\u011frencilerin \u00f6\u011frenme s\u00fcrecini e\u011flenceli hale getiriyor.<\/p>\n<p>Del dersli\u011fi ayr\u0131<br \/>\nYabanc\u0131 dil i\u00e7in ayr\u0131lan s\u0131n\u0131fta okuma, yazma, dinleme, dil bilgisi ve konu\u015fma becerilerini geli\u015ftirmeye y\u00f6nelik \u00e7al\u0131\u015fmalar\u0131n yap\u0131ld\u0131\u011f\u0131 akademide, her ge\u00e7en g\u00fcn daha fazla kat\u0131l\u0131m ba\u015fvurusu yap\u0131l\u0131yor. Kepez&#8217;in \u00e7ocuk ve gen\u00e7lerinin gelece\u011fi i\u00e7in her t\u00fcrl\u00fc yat\u0131r\u0131m\u0131 yapacaklar\u0131n\u0131 belirten Kepez Belediye Ba\u015fkan\u0131 Mesut Kocag\u00f6z, &#8220;\u00c7ocuklar\u0131m\u0131z bizim \u00f6nceli\u011fimiz. Onlar\u0131n iyi bir e\u011fitim almas\u0131, \u00fclkemizin de gelece\u011fini ayd\u0131nlatacakt\u0131r&#8221; dedi.<\/p>\n<p>Kaynak: www.kanalv.com.tr Haber Sitesinden Al\u0131nm\u0131\u015ft\u0131r.<\/p>","protected":false},"excerpt":{"rendered":"<p>Oyun metodlar\u0131yla \u00f6\u011freniyorlar Akademide hem \u0130ngilizce hem de Rus\u00e7a dersleri veren Antonina Shevchenko Alt\u0131karde\u015f, ders saatlerinde yaln\u0131zca hedef dili konu\u015fturarak \u00f6\u011frencilerin s\u00fcrece daha h\u0131zl\u0131 adapte olmas\u0131n\u0131 sa\u011fl\u0131yor. Bir s\u00fcre kald\u0131\u011f\u0131 Almanya&#8217;da her iki dilin e\u011fitmenli\u011fini yapabilme belgesini alm\u0131\u015f olan Alt\u0131karde\u015f, \u00e7e\u015fitli oyun teknikleriyle \u00f6\u011frencilerin \u00f6\u011frenme s\u00fcrecini e\u011flenceli hale getiriyor. Del dersli\u011fi ayr\u0131 Yabanc\u0131 dil i\u00e7in ayr\u0131lan s\u0131n\u0131fta okuma, yazma, dinleme, dil bilgisi ve konu\u015fma becerilerini geli\u015ftirmeye y\u00f6nelik \u00e7al\u0131\u015fmalar\u0131n yap\u0131ld\u0131\u011f\u0131 akademide, her ge\u00e7en g\u00fcn daha fazla kat\u0131l\u0131m ba\u015fvurusu yap\u0131l\u0131yor. Kepez&#8217;in \u00e7ocuk ve gen\u00e7lerinin gelece\u011fi i\u00e7in her t\u00fcrl\u00fc yat\u0131r\u0131m\u0131 yapacaklar\u0131n\u0131 belirten Kepez Belediye Ba\u015fkan\u0131 Mesut Kocag\u00f6z, &#8220;\u00c7ocuklar\u0131m\u0131z bizim \u00f6nceli\u011fimiz. Onlar\u0131n iyi bir e\u011fitim almas\u0131, \u00fclkemizin de gelece\u011fini ayd\u0131nlatacakt\u0131r&#8221; dedi. Kaynak: www.kanalv.com.tr Haber Sitesinden Al\u0131nm\u0131\u015ft\u0131r.<\/p>","protected":false},"author":4,"featured_media":34266,"comment_status":"open","ping_status":"open","sticky":false,"template":"","format":"standard","meta":{"_acf_changed":false,"footnotes":""},"categories":[26],"tags":[],"class_list":["post-34265","post","type-post","status-publish","format-standard","has-post-thumbnail","hentry","category-antalya"],"acf":[],"yoast_head":"<!-- This site is optimized with the Yoast SEO Premium plugin v26.6 (Yoast SEO v27.1.1) - https:\/\/yoast.com\/product\/yoast-seo-premium-wordpress\/ -->\n<title>Kepez\u2019den 3 farkl\u0131 yabanc\u0131 dil e\u011fitimi - Av. Deniz Can K\u0131z\u0131l<\/title>\n<meta name=\"robots\" content=\"index, follow, max-snippet:-1, max-image-preview:large, max-video-preview:-1\" \/>\n<link rel=\"canonical\" href=\"https:\/\/denizcankizil.tr\/en\/haberler\/antalya\/kepezden-3-farkli-yabanci-dil-egitimi\/\" \/>\n<meta property=\"og:locale\" content=\"en_GB\" \/>\n<meta property=\"og:type\" content=\"article\" \/>\n<meta property=\"og:title\" content=\"Kepez\u2019den 3 farkl\u0131 yabanc\u0131 dil e\u011fitimi\" \/>\n<meta property=\"og:description\" content=\"Oyun metodlar\u0131yla \u00f6\u011freniyorlar Akademide hem \u0130ngilizce hem de Rus\u00e7a dersleri veren Antonina Shevchenko Alt\u0131karde\u015f, ders saatlerinde yaln\u0131zca hedef dili konu\u015fturarak \u00f6\u011frencilerin s\u00fcrece daha h\u0131zl\u0131 adapte olmas\u0131n\u0131 sa\u011fl\u0131yor. Bir s\u00fcre kald\u0131\u011f\u0131 Almanya&#8217;da her iki dilin e\u011fitmenli\u011fini yapabilme belgesini alm\u0131\u015f olan Alt\u0131karde\u015f, \u00e7e\u015fitli oyun teknikleriyle \u00f6\u011frencilerin \u00f6\u011frenme s\u00fcrecini e\u011flenceli hale getiriyor. Del dersli\u011fi ayr\u0131 Yabanc\u0131 dil i\u00e7in ayr\u0131lan s\u0131n\u0131fta okuma, yazma, dinleme, dil bilgisi ve konu\u015fma becerilerini geli\u015ftirmeye y\u00f6nelik \u00e7al\u0131\u015fmalar\u0131n yap\u0131ld\u0131\u011f\u0131 akademide, her ge\u00e7en g\u00fcn daha fazla kat\u0131l\u0131m ba\u015fvurusu yap\u0131l\u0131yor. Kepez&#8217;in \u00e7ocuk ve gen\u00e7lerinin gelece\u011fi i\u00e7in her t\u00fcrl\u00fc yat\u0131r\u0131m\u0131 yapacaklar\u0131n\u0131 belirten Kepez Belediye Ba\u015fkan\u0131 Mesut Kocag\u00f6z, &#8220;\u00c7ocuklar\u0131m\u0131z bizim \u00f6nceli\u011fimiz. Onlar\u0131n iyi bir e\u011fitim almas\u0131, \u00fclkemizin de gelece\u011fini ayd\u0131nlatacakt\u0131r&#8221; dedi. Kaynak: www.kanalv.com.tr Haber Sitesinden Al\u0131nm\u0131\u015ft\u0131r.\" \/>\n<meta property=\"og:url\" content=\"https:\/\/denizcankizil.tr\/en\/haberler\/antalya\/kepezden-3-farkli-yabanci-dil-egitimi\/\" \/>\n<meta property=\"og:site_name\" content=\"Av. Deniz Can K\u0131z\u0131l\" \/>\n<meta property=\"article:published_time\" content=\"2025-02-27T10:41:42+00:00\" \/>\n<meta property=\"og:image\" content=\"https:\/\/denizcankizil.tr\/wp-content\/uploads\/2025\/02\/5214-01-ucZzlK.jpeg\" \/>\n\t<meta property=\"og:image:width\" content=\"1280\" \/>\n\t<meta property=\"og:image:height\" content=\"720\" \/>\n\t<meta property=\"og:image:type\" content=\"image\/jpeg\" \/>\n<meta name=\"author\" content=\"Av. Deniz Can K\u0131z\u0131l\" \/>\n<meta name=\"twitter:card\" content=\"summary_large_image\" \/>\n<meta name=\"twitter:label1\" content=\"Written by\" \/>\n\t<meta name=\"twitter:data1\" content=\"Av. Deniz Can K\u0131z\u0131l\" \/>\n\t<meta name=\"twitter:label2\" content=\"Estimated reading time\" \/>\n\t<meta name=\"twitter:data2\" content=\"1 minute\" \/>\n<script type=\"application\/ld+json\" class=\"yoast-schema-graph\">{\"@context\":\"https:\/\/schema.org\",\"@graph\":[{\"@type\":\"Article\",\"@id\":\"https:\/\/denizcankizil.tr\/uk\/haberler\/antalya\/kepezden-3-farkli-yabanci-dil-egitimi\/#article\",\"isPartOf\":{\"@id\":\"https:\/\/denizcankizil.tr\/uk\/haberler\/antalya\/kepezden-3-farkli-yabanci-dil-egitimi\/\"},\"author\":{\"name\":\"Av. Deniz Can K\u0131z\u0131l\",\"@id\":\"https:\/\/denizcankizil.tr\/#\/schema\/person\/5dc1b22991bd7ac833867c10afc9b0ff\"},\"headline\":\"Kepez\u2019den 3 farkl\u0131 yabanc\u0131 dil e\u011fitimi\",\"datePublished\":\"2025-02-27T10:41:42+00:00\",\"mainEntityOfPage\":{\"@id\":\"https:\/\/denizcankizil.tr\/uk\/haberler\/antalya\/kepezden-3-farkli-yabanci-dil-egitimi\/\"},\"wordCount\":179,\"commentCount\":0,\"publisher\":{\"@id\":\"https:\/\/denizcankizil.tr\/#organization\"},\"image\":{\"@id\":\"https:\/\/denizcankizil.tr\/uk\/haberler\/antalya\/kepezden-3-farkli-yabanci-dil-egitimi\/#primaryimage\"},\"thumbnailUrl\":\"https:\/\/denizcankizil.tr\/wp-content\/uploads\/2025\/02\/5214-01-ucZzlK.jpeg\",\"articleSection\":[\"Antalya\"],\"inLanguage\":\"en-GB\",\"potentialAction\":[{\"@type\":\"CommentAction\",\"name\":\"Comment\",\"target\":[\"https:\/\/denizcankizil.tr\/uk\/haberler\/antalya\/kepezden-3-farkli-yabanci-dil-egitimi\/#respond\"]}]},{\"@type\":\"WebPage\",\"@id\":\"https:\/\/denizcankizil.tr\/uk\/haberler\/antalya\/kepezden-3-farkli-yabanci-dil-egitimi\/\",\"url\":\"https:\/\/denizcankizil.tr\/uk\/haberler\/antalya\/kepezden-3-farkli-yabanci-dil-egitimi\/\",\"name\":\"Kepez\u2019den 3 farkl\u0131 yabanc\u0131 dil e\u011fitimi - Av. Deniz Can K\u0131z\u0131l\",\"isPartOf\":{\"@id\":\"https:\/\/denizcankizil.tr\/#website\"},\"primaryImageOfPage\":{\"@id\":\"https:\/\/denizcankizil.tr\/uk\/haberler\/antalya\/kepezden-3-farkli-yabanci-dil-egitimi\/#primaryimage\"},\"image\":{\"@id\":\"https:\/\/denizcankizil.tr\/uk\/haberler\/antalya\/kepezden-3-farkli-yabanci-dil-egitimi\/#primaryimage\"},\"thumbnailUrl\":\"https:\/\/denizcankizil.tr\/wp-content\/uploads\/2025\/02\/5214-01-ucZzlK.jpeg\",\"datePublished\":\"2025-02-27T10:41:42+00:00\",\"breadcrumb\":{\"@id\":\"https:\/\/denizcankizil.tr\/uk\/haberler\/antalya\/kepezden-3-farkli-yabanci-dil-egitimi\/#breadcrumb\"},\"inLanguage\":\"en-GB\",\"potentialAction\":[{\"@type\":\"ReadAction\",\"target\":[\"https:\/\/denizcankizil.tr\/uk\/haberler\/antalya\/kepezden-3-farkli-yabanci-dil-egitimi\/\"]}]},{\"@type\":\"ImageObject\",\"inLanguage\":\"en-GB\",\"@id\":\"https:\/\/denizcankizil.tr\/uk\/haberler\/antalya\/kepezden-3-farkli-yabanci-dil-egitimi\/#primaryimage\",\"url\":\"https:\/\/denizcankizil.tr\/wp-content\/uploads\/2025\/02\/5214-01-ucZzlK.jpeg\",\"contentUrl\":\"https:\/\/denizcankizil.tr\/wp-content\/uploads\/2025\/02\/5214-01-ucZzlK.jpeg\",\"width\":1280,\"height\":720},{\"@type\":\"BreadcrumbList\",\"@id\":\"https:\/\/denizcankizil.tr\/uk\/haberler\/antalya\/kepezden-3-farkli-yabanci-dil-egitimi\/#breadcrumb\",\"itemListElement\":[{\"@type\":\"ListItem\",\"position\":1,\"name\":\"Home\",\"item\":\"https:\/\/denizcankizil.tr\/de\/\"},{\"@type\":\"ListItem\",\"position\":2,\"name\":\"Kepez\u2019den 3 farkl\u0131 yabanc\u0131 dil e\u011fitimi\"}]},{\"@type\":\"WebSite\",\"@id\":\"https:\/\/denizcankizil.tr\/#website\",\"url\":\"https:\/\/denizcankizil.tr\/\",\"name\":\"Av. Deniz Can K\u0131z\u0131l\",\"description\":\"Avukat Deniz Can K\u0131z\u0131l Antalya Barosu\",\"publisher\":{\"@id\":\"https:\/\/denizcankizil.tr\/#organization\"},\"potentialAction\":[{\"@type\":\"SearchAction\",\"target\":{\"@type\":\"EntryPoint\",\"urlTemplate\":\"https:\/\/denizcankizil.tr\/?s={search_term_string}\"},\"query-input\":{\"@type\":\"PropertyValueSpecification\",\"valueRequired\":true,\"valueName\":\"search_term_string\"}}],\"inLanguage\":\"en-GB\"},{\"@type\":\"Organization\",\"@id\":\"https:\/\/denizcankizil.tr\/#organization\",\"name\":\"Av. Deniz Can K\u0131z\u0131l\",\"url\":\"https:\/\/denizcankizil.tr\/\",\"logo\":{\"@type\":\"ImageObject\",\"inLanguage\":\"en-GB\",\"@id\":\"https:\/\/denizcankizil.tr\/#\/schema\/logo\/image\/\",\"url\":\"https:\/\/denizcankizil.tr\/wp-content\/uploads\/2024\/10\/siyah-logo-svg.svg\",\"contentUrl\":\"https:\/\/denizcankizil.tr\/wp-content\/uploads\/2024\/10\/siyah-logo-svg.svg\",\"width\":1080,\"height\":1080,\"caption\":\"Av. Deniz Can K\u0131z\u0131l\"},\"image\":{\"@id\":\"https:\/\/denizcankizil.tr\/#\/schema\/logo\/image\/\"}},{\"@type\":\"Person\",\"@id\":\"https:\/\/denizcankizil.tr\/#\/schema\/person\/5dc1b22991bd7ac833867c10afc9b0ff\",\"name\":\"Av. Deniz Can K\u0131z\u0131l\",\"image\":{\"@type\":\"ImageObject\",\"inLanguage\":\"en-GB\",\"@id\":\"https:\/\/denizcankizil.tr\/#\/schema\/person\/image\/\",\"url\":\"https:\/\/secure.gravatar.com\/avatar\/a0b128fb9855c79efc976d5640eedb31dc35ec297594d6016d2cf7c60e975bb6?s=96&d=mm&r=g\",\"contentUrl\":\"https:\/\/secure.gravatar.com\/avatar\/a0b128fb9855c79efc976d5640eedb31dc35ec297594d6016d2cf7c60e975bb6?s=96&d=mm&r=g\",\"caption\":\"Av. Deniz Can K\u0131z\u0131l\"},\"sameAs\":[\"http:\/\/www.denizcankizil.tr\"],\"url\":\"https:\/\/denizcankizil.tr\/en\/author\/denizcankizil\/\"}]}<\/script>\n<!-- \/ Yoast SEO Premium plugin. -->","yoast_head_json":{"title":"Kepez\u2019den 3 farkl\u0131 yabanc\u0131 dil e\u011fitimi - Av. Deniz Can K\u0131z\u0131l","robots":{"index":"index","follow":"follow","max-snippet":"max-snippet:-1","max-image-preview":"max-image-preview:large","max-video-preview":"max-video-preview:-1"},"canonical":"https:\/\/denizcankizil.tr\/en\/haberler\/antalya\/kepezden-3-farkli-yabanci-dil-egitimi\/","og_locale":"en_GB","og_type":"article","og_title":"Kepez\u2019den 3 farkl\u0131 yabanc\u0131 dil e\u011fitimi","og_description":"Oyun metodlar\u0131yla \u00f6\u011freniyorlar Akademide hem \u0130ngilizce hem de Rus\u00e7a dersleri veren Antonina Shevchenko Alt\u0131karde\u015f, ders saatlerinde yaln\u0131zca hedef dili konu\u015fturarak \u00f6\u011frencilerin s\u00fcrece daha h\u0131zl\u0131 adapte olmas\u0131n\u0131 sa\u011fl\u0131yor. Bir s\u00fcre kald\u0131\u011f\u0131 Almanya&#8217;da her iki dilin e\u011fitmenli\u011fini yapabilme belgesini alm\u0131\u015f olan Alt\u0131karde\u015f, \u00e7e\u015fitli oyun teknikleriyle \u00f6\u011frencilerin \u00f6\u011frenme s\u00fcrecini e\u011flenceli hale getiriyor. Del dersli\u011fi ayr\u0131 Yabanc\u0131 dil i\u00e7in ayr\u0131lan s\u0131n\u0131fta okuma, yazma, dinleme, dil bilgisi ve konu\u015fma becerilerini geli\u015ftirmeye y\u00f6nelik \u00e7al\u0131\u015fmalar\u0131n yap\u0131ld\u0131\u011f\u0131 akademide, her ge\u00e7en g\u00fcn daha fazla kat\u0131l\u0131m ba\u015fvurusu yap\u0131l\u0131yor. Kepez&#8217;in \u00e7ocuk ve gen\u00e7lerinin gelece\u011fi i\u00e7in her t\u00fcrl\u00fc yat\u0131r\u0131m\u0131 yapacaklar\u0131n\u0131 belirten Kepez Belediye Ba\u015fkan\u0131 Mesut Kocag\u00f6z, &#8220;\u00c7ocuklar\u0131m\u0131z bizim \u00f6nceli\u011fimiz. Onlar\u0131n iyi bir e\u011fitim almas\u0131, \u00fclkemizin de gelece\u011fini ayd\u0131nlatacakt\u0131r&#8221; dedi. Kaynak: www.kanalv.com.tr Haber Sitesinden Al\u0131nm\u0131\u015ft\u0131r.","og_url":"https:\/\/denizcankizil.tr\/en\/haberler\/antalya\/kepezden-3-farkli-yabanci-dil-egitimi\/","og_site_name":"Av. Deniz Can K\u0131z\u0131l","article_published_time":"2025-02-27T10:41:42+00:00","og_image":[{"width":1280,"height":720,"url":"https:\/\/denizcankizil.tr\/wp-content\/uploads\/2025\/02\/5214-01-ucZzlK.jpeg","type":"image\/jpeg"}],"author":"Av. Deniz Can K\u0131z\u0131l","twitter_card":"summary_large_image","twitter_misc":{"Written by":"Av. Deniz Can K\u0131z\u0131l","Estimated reading time":"1 minute"},"schema":{"@context":"https:\/\/schema.org","@graph":[{"@type":"Article","@id":"https:\/\/denizcankizil.tr\/uk\/haberler\/antalya\/kepezden-3-farkli-yabanci-dil-egitimi\/#article","isPartOf":{"@id":"https:\/\/denizcankizil.tr\/uk\/haberler\/antalya\/kepezden-3-farkli-yabanci-dil-egitimi\/"},"author":{"name":"Av. Deniz Can K\u0131z\u0131l","@id":"https:\/\/denizcankizil.tr\/#\/schema\/person\/5dc1b22991bd7ac833867c10afc9b0ff"},"headline":"Kepez\u2019den 3 farkl\u0131 yabanc\u0131 dil e\u011fitimi","datePublished":"2025-02-27T10:41:42+00:00","mainEntityOfPage":{"@id":"https:\/\/denizcankizil.tr\/uk\/haberler\/antalya\/kepezden-3-farkli-yabanci-dil-egitimi\/"},"wordCount":179,"commentCount":0,"publisher":{"@id":"https:\/\/denizcankizil.tr\/#organization"},"image":{"@id":"https:\/\/denizcankizil.tr\/uk\/haberler\/antalya\/kepezden-3-farkli-yabanci-dil-egitimi\/#primaryimage"},"thumbnailUrl":"https:\/\/denizcankizil.tr\/wp-content\/uploads\/2025\/02\/5214-01-ucZzlK.jpeg","articleSection":["Antalya"],"inLanguage":"en-GB","potentialAction":[{"@type":"CommentAction","name":"Comment","target":["https:\/\/denizcankizil.tr\/uk\/haberler\/antalya\/kepezden-3-farkli-yabanci-dil-egitimi\/#respond"]}]},{"@type":"WebPage","@id":"https:\/\/denizcankizil.tr\/uk\/haberler\/antalya\/kepezden-3-farkli-yabanci-dil-egitimi\/","url":"https:\/\/denizcankizil.tr\/uk\/haberler\/antalya\/kepezden-3-farkli-yabanci-dil-egitimi\/","name":"Kepez\u2019den 3 farkl\u0131 yabanc\u0131 dil e\u011fitimi - Av. Deniz Can K\u0131z\u0131l","isPartOf":{"@id":"https:\/\/denizcankizil.tr\/#website"},"primaryImageOfPage":{"@id":"https:\/\/denizcankizil.tr\/uk\/haberler\/antalya\/kepezden-3-farkli-yabanci-dil-egitimi\/#primaryimage"},"image":{"@id":"https:\/\/denizcankizil.tr\/uk\/haberler\/antalya\/kepezden-3-farkli-yabanci-dil-egitimi\/#primaryimage"},"thumbnailUrl":"https:\/\/denizcankizil.tr\/wp-content\/uploads\/2025\/02\/5214-01-ucZzlK.jpeg","datePublished":"2025-02-27T10:41:42+00:00","breadcrumb":{"@id":"https:\/\/denizcankizil.tr\/uk\/haberler\/antalya\/kepezden-3-farkli-yabanci-dil-egitimi\/#breadcrumb"},"inLanguage":"en-GB","potentialAction":[{"@type":"ReadAction","target":["https:\/\/denizcankizil.tr\/uk\/haberler\/antalya\/kepezden-3-farkli-yabanci-dil-egitimi\/"]}]},{"@type":"ImageObject","inLanguage":"en-GB","@id":"https:\/\/denizcankizil.tr\/uk\/haberler\/antalya\/kepezden-3-farkli-yabanci-dil-egitimi\/#primaryimage","url":"https:\/\/denizcankizil.tr\/wp-content\/uploads\/2025\/02\/5214-01-ucZzlK.jpeg","contentUrl":"https:\/\/denizcankizil.tr\/wp-content\/uploads\/2025\/02\/5214-01-ucZzlK.jpeg","width":1280,"height":720},{"@type":"BreadcrumbList","@id":"https:\/\/denizcankizil.tr\/uk\/haberler\/antalya\/kepezden-3-farkli-yabanci-dil-egitimi\/#breadcrumb","itemListElement":[{"@type":"ListItem","position":1,"name":"Home","item":"https:\/\/denizcankizil.tr\/de\/"},{"@type":"ListItem","position":2,"name":"Kepez\u2019den 3 farkl\u0131 yabanc\u0131 dil e\u011fitimi"}]},{"@type":"WebSite","@id":"https:\/\/denizcankizil.tr\/#website","url":"https:\/\/denizcankizil.tr\/","name":"Av. Deniz Can K\u0131z\u0131l","description":"Avukat Deniz Can K\u0131z\u0131l Antalya Barosu","publisher":{"@id":"https:\/\/denizcankizil.tr\/#organization"},"potentialAction":[{"@type":"SearchAction","target":{"@type":"EntryPoint","urlTemplate":"https:\/\/denizcankizil.tr\/?s={search_term_string}"},"query-input":{"@type":"PropertyValueSpecification","valueRequired":true,"valueName":"search_term_string"}}],"inLanguage":"en-GB"},{"@type":"Organization","@id":"https:\/\/denizcankizil.tr\/#organization","name":"Av. Deniz Can K\u0131z\u0131l","url":"https:\/\/denizcankizil.tr\/","logo":{"@type":"ImageObject","inLanguage":"en-GB","@id":"https:\/\/denizcankizil.tr\/#\/schema\/logo\/image\/","url":"https:\/\/denizcankizil.tr\/wp-content\/uploads\/2024\/10\/siyah-logo-svg.svg","contentUrl":"https:\/\/denizcankizil.tr\/wp-content\/uploads\/2024\/10\/siyah-logo-svg.svg","width":1080,"height":1080,"caption":"Av. Deniz Can K\u0131z\u0131l"},"image":{"@id":"https:\/\/denizcankizil.tr\/#\/schema\/logo\/image\/"}},{"@type":"Person","@id":"https:\/\/denizcankizil.tr\/#\/schema\/person\/5dc1b22991bd7ac833867c10afc9b0ff","name":"Av. Deniz Can K\u0131z\u0131l","image":{"@type":"ImageObject","inLanguage":"en-GB","@id":"https:\/\/denizcankizil.tr\/#\/schema\/person\/image\/","url":"https:\/\/secure.gravatar.com\/avatar\/a0b128fb9855c79efc976d5640eedb31dc35ec297594d6016d2cf7c60e975bb6?s=96&d=mm&r=g","contentUrl":"https:\/\/secure.gravatar.com\/avatar\/a0b128fb9855c79efc976d5640eedb31dc35ec297594d6016d2cf7c60e975bb6?s=96&d=mm&r=g","caption":"Av. Deniz Can K\u0131z\u0131l"},"sameAs":["http:\/\/www.denizcankizil.tr"],"url":"https:\/\/denizcankizil.tr\/en\/author\/denizcankizil\/"}]}},"_links":{"self":[{"href":"https:\/\/denizcankizil.tr\/en\/wp-json\/wp\/v2\/posts\/34265","targetHints":{"allow":["GET"]}}],"collection":[{"href":"https:\/\/denizcankizil.tr\/en\/wp-json\/wp\/v2\/posts"}],"about":[{"href":"https:\/\/denizcankizil.tr\/en\/wp-json\/wp\/v2\/types\/post"}],"author":[{"embeddable":true,"href":"https:\/\/denizcankizil.tr\/en\/wp-json\/wp\/v2\/users\/4"}],"replies":[{"embeddable":true,"href":"https:\/\/denizcankizil.tr\/en\/wp-json\/wp\/v2\/comments?post=34265"}],"version-history":[{"count":0,"href":"https:\/\/denizcankizil.tr\/en\/wp-json\/wp\/v2\/posts\/34265\/revisions"}],"wp:featuredmedia":[{"embeddable":true,"href":"https:\/\/denizcankizil.tr\/en\/wp-json\/wp\/v2\/media\/34266"}],"wp:attachment":[{"href":"https:\/\/denizcankizil.tr\/en\/wp-json\/wp\/v2\/media?parent=34265"}],"wp:term":[{"taxonomy":"category","embeddable":true,"href":"https:\/\/denizcankizil.tr\/en\/wp-json\/wp\/v2\/categories?post=34265"},{"taxonomy":"post_tag","embeddable":true,"href":"https:\/\/denizcankizil.tr\/en\/wp-json\/wp\/v2\/tags?post=34265"}],"curies":[{"name":"wp","href":"https:\/\/api.w.org\/{rel}","templated":true}]}}