{"id":34230,"date":"2025-02-27T12:41:23","date_gmt":"2025-02-27T09:41:23","guid":{"rendered":"https:\/\/denizcankizil.tr\/uncategorized-tr\/yol-projesinin-iptali-icin-3-dava\/"},"modified":"2025-02-27T12:41:23","modified_gmt":"2025-02-27T09:41:23","slug":"yol-projesinin-iptali-icin-3-dava","status":"publish","type":"post","link":"https:\/\/denizcankizil.tr\/en\/haberler\/antalya\/yol-projesinin-iptali-icin-3-dava\/","title":{"rendered":"Yol projesinin iptali i\u00e7in 3 dava"},"content":{"rendered":"<p>Antalya&#8217;n\u0131n bat\u0131 il\u00e7elerinde planlanan 74 kilometrelik, 60 metre geni\u015fli\u011finde, gidi\u015f- geli\u015f 4 \u015feritli, 11 k\u00f6pr\u00fc ve viyad\u00fck, 6 t\u00fcnel ile 12 alt ve \u00fcst ge\u00e7itten olu\u015fan Finike- Demre- Ka\u015f- Kalkan B\u00f6l\u00fcnm\u00fc\u015f Yol Projesi&#8217;nin iptali i\u00e7in Ka\u015f \u00c7evre ve K\u00fclt\u00fcr Derne\u011fi, Mimarlar Odas\u0131 Antalya \u015eubesi, Do\u011fa Derne\u011fi, Finike TORA\u00c7DER, Peyzaj Mimarlar\u0131 Odas\u0131 ve 127 vatanda\u015f dava a\u00e7t\u0131. Ayr\u0131ca TEMA Vakf\u0131 ba\u015fka bir iptal davas\u0131 a\u00e7t\u0131. \u00dc\u00e7\u00fcnc\u00fc dava ise Demre ve Finikeli vatanda\u015flar taraf\u0131ndan Tabiat Varl\u0131klar\u0131 Koruma Kurulu&#8217;nun S\u0130T alanlar\u0131 \u00fczerinden yolun ge\u00e7irilmesine verdikleri &#8216;\u00c7ED olumlu&#8217; karar\u0131n\u0131n iptali i\u00e7in a\u00e7\u0131ld\u0131.<\/p>\n<p>Ka\u015f \u00c7evre ve K\u00fclt\u00fcr Derne\u011fi, Mimarlar Odas\u0131 Antalya \u015eubesi, Do\u011fa Derne\u011fi, Finike TORA\u00c7DER, Peyzaj Mimarlar\u0131 Odas\u0131 ve 127 vatanda\u015f ad\u0131na a\u00e7\u0131lan davan\u0131n dilek\u00e7esini haz\u0131rlayan Avukat Tuncay Ko\u00e7, proje ve dava s\u00fcrecine ili\u015fkin a\u00e7\u0131klamalarda bulundu. Avukat Ko\u00e7, planlanan otoyolun, mevcut k\u0131y\u0131 yolu ile temel fark\u0131n\u0131n Demre ile Kalkan aras\u0131ndaki yolu 15 dakika k\u0131saltacak olmas\u0131 oldu\u011funu belirterek, \u201cBu da yap\u0131lmak istenen yolun \u00e7ift \u015feritli olmas\u0131ndan dolay\u0131 saatlik h\u0131z\u0131 art\u0131racak olmas\u0131ndan dolay\u0131d\u0131r&#8221; dedi.<\/p>\n<p>\u2018TARIM ALANLARI VE ZEYT\u0130NL\u0130KLER ZARAR G\u00d6RECEK\u2019<\/p>\n<p>Alanda yakla\u015f\u0131k 1600 d\u00f6n\u00fcm tar\u0131m ve zeytinlik arazinin kamula\u015ft\u0131r\u0131l\u0131p, yok olaca\u011f\u0131n\u0131 ifade eden Ko\u00e7, &#8220;Arazisi kamula\u015ft\u0131r\u0131lacak k\u00f6yl\u00fclerle ilgili \u00c7ED raporunda tek sat\u0131r &#8216;Kamula\u015ft\u0131rma bedeliyle ekonominin canlanaca\u011f\u0131&#8217; ifadesidir. Otoyolun ge\u00e7ece\u011fi sahada 7 bin hektar orman arazisi Karayollar\u0131&#8217;na tahsis edilecek ve rapora g\u00f6re 66 bin 73 a\u011fa\u00e7 kesilecek. 11 arkeolojik sit, 9 koruma alan\u0131na do\u011frudan ya da dolayl\u0131 zarar verecektir. Bu Sit&#8217;lerin bir k\u0131sm\u0131 (Kaputa\u015f Do\u011fal Sit Alan\u0131 ve Myra Arkeolojik Sit alan\u0131) 1. Derece Sit stat\u00fcs\u00fcnde bulunmaktad\u0131r. Yolun ge\u00e7ece\u011fi hat \u00fczerindeki 22&#8217;si endemik 454 bitki cinsi projeden zarar g\u00f6recektir. B\u00f6lgede topo\u011frafya ikiye b\u00f6l\u00fcnecek ve yaban hayat\u0131n\u0131n alan\u0131 daralacakt\u0131r. Demre&#8217;de \u00f6rt\u00fc alt\u0131 tar\u0131m, Finike&#8217;de co\u011frafi i\u015faretli Finike portakal\u0131 \u00fcretiminin yap\u0131ld\u0131\u011f\u0131 k\u0131ymetli tar\u0131m alanlar\u0131 ve zeytinlikler zarar g\u00f6recektir&#8221; diye konu\u015ftu.<\/p>\n<p>\u201812 M\u0130LYON METREK\u00dcP HAFR\u0130YAT 3 \u0130L\u00c7EYE D\u00d6K\u00dcLECEK\u2019<\/p>\n<p>Yol yap\u0131m\u0131 yarma \u00e7al\u0131\u015fmalar\u0131nda 19 milyon metrek\u00fcp hafriyat ortaya \u00e7\u0131kaca\u011f\u0131n\u0131 belirten Ko\u00e7, &#8220;Bu hafriyat\u0131n in\u015fa fazlas\u0131 12 milyon metrek\u00fcp\u00fc 3 il\u00e7eye d\u00f6k\u00fclecek. 3 il\u00e7ede de bu b\u00fcy\u00fckl\u00fckte d\u00f6k\u00fcm alan\u0131 bulunmamaktad\u0131r. Yol yap\u0131m \u00e7al\u0131\u015fmalar\u0131 s\u0131ras\u0131nda tozlanma, patlatma ile b\u00f6lge floras\u0131 ile yer alt\u0131 sular\u0131 zarar g\u00f6recektir\u201d ifadelerini kulland\u0131<\/p>\n<p>Kaynak: www.kanalv.com.tr Haber Sitesinden Al\u0131nm\u0131\u015ft\u0131r.<\/p>","protected":false},"excerpt":{"rendered":"<p>Antalya&#8217;n\u0131n bat\u0131 il\u00e7elerinde planlanan 74 kilometrelik, 60 metre geni\u015fli\u011finde, gidi\u015f- geli\u015f 4 \u015feritli, 11 k\u00f6pr\u00fc ve viyad\u00fck, 6 t\u00fcnel ile 12 alt ve \u00fcst ge\u00e7itten olu\u015fan Finike- Demre- Ka\u015f- Kalkan B\u00f6l\u00fcnm\u00fc\u015f Yol Projesi&#8217;nin iptali i\u00e7in Ka\u015f \u00c7evre ve K\u00fclt\u00fcr Derne\u011fi, Mimarlar Odas\u0131 Antalya \u015eubesi, Do\u011fa Derne\u011fi, Finike TORA\u00c7DER, Peyzaj Mimarlar\u0131 Odas\u0131 ve 127 vatanda\u015f dava a\u00e7t\u0131. Ayr\u0131ca TEMA Vakf\u0131 ba\u015fka bir iptal davas\u0131 a\u00e7t\u0131. \u00dc\u00e7\u00fcnc\u00fc dava ise Demre ve Finikeli vatanda\u015flar taraf\u0131ndan Tabiat Varl\u0131klar\u0131 Koruma Kurulu&#8217;nun S\u0130T alanlar\u0131 \u00fczerinden yolun ge\u00e7irilmesine verdikleri &#8216;\u00c7ED olumlu&#8217; karar\u0131n\u0131n iptali i\u00e7in a\u00e7\u0131ld\u0131. Ka\u015f \u00c7evre ve K\u00fclt\u00fcr Derne\u011fi, Mimarlar Odas\u0131 Antalya \u015eubesi, Do\u011fa Derne\u011fi, Finike TORA\u00c7DER, Peyzaj Mimarlar\u0131 Odas\u0131 ve 127 vatanda\u015f ad\u0131na a\u00e7\u0131lan davan\u0131n dilek\u00e7esini haz\u0131rlayan Avukat Tuncay Ko\u00e7, proje ve dava s\u00fcrecine ili\u015fkin a\u00e7\u0131klamalarda bulundu. Avukat Ko\u00e7, planlanan otoyolun, mevcut k\u0131y\u0131 yolu ile temel fark\u0131n\u0131n Demre ile Kalkan aras\u0131ndaki yolu 15 dakika k\u0131saltacak olmas\u0131 oldu\u011funu belirterek, \u201cBu da yap\u0131lmak istenen yolun \u00e7ift \u015feritli olmas\u0131ndan dolay\u0131 saatlik h\u0131z\u0131 art\u0131racak olmas\u0131ndan dolay\u0131d\u0131r&#8221; dedi. \u2018TARIM ALANLARI VE ZEYT\u0130NL\u0130KLER ZARAR G\u00d6RECEK\u2019 Alanda yakla\u015f\u0131k 1600 d\u00f6n\u00fcm tar\u0131m ve zeytinlik arazinin kamula\u015ft\u0131r\u0131l\u0131p, yok olaca\u011f\u0131n\u0131 ifade eden Ko\u00e7, &#8220;Arazisi kamula\u015ft\u0131r\u0131lacak k\u00f6yl\u00fclerle ilgili \u00c7ED raporunda tek sat\u0131r &#8216;Kamula\u015ft\u0131rma bedeliyle ekonominin canlanaca\u011f\u0131&#8217; ifadesidir. Otoyolun ge\u00e7ece\u011fi sahada 7 bin hektar orman arazisi Karayollar\u0131&#8217;na &hellip;<\/p>","protected":false},"author":4,"featured_media":34231,"comment_status":"open","ping_status":"open","sticky":false,"template":"","format":"standard","meta":{"_acf_changed":false,"footnotes":""},"categories":[26],"tags":[],"class_list":["post-34230","post","type-post","status-publish","format-standard","has-post-thumbnail","hentry","category-antalya"],"acf":[],"yoast_head":"<!-- This site is optimized with the Yoast SEO Premium plugin v26.6 (Yoast SEO v27.1.1) - https:\/\/yoast.com\/product\/yoast-seo-premium-wordpress\/ -->\n<title>Yol projesinin iptali i\u00e7in 3 dava - Av. Deniz Can K\u0131z\u0131l<\/title>\n<meta name=\"robots\" content=\"index, follow, max-snippet:-1, max-image-preview:large, max-video-preview:-1\" \/>\n<link rel=\"canonical\" href=\"https:\/\/denizcankizil.tr\/en\/haberler\/antalya\/yol-projesinin-iptali-icin-3-dava\/\" \/>\n<meta property=\"og:locale\" content=\"en_GB\" \/>\n<meta property=\"og:type\" content=\"article\" \/>\n<meta property=\"og:title\" content=\"Yol projesinin iptali i\u00e7in 3 dava\" \/>\n<meta property=\"og:description\" content=\"Antalya&#8217;n\u0131n bat\u0131 il\u00e7elerinde planlanan 74 kilometrelik, 60 metre geni\u015fli\u011finde, gidi\u015f- geli\u015f 4 \u015feritli, 11 k\u00f6pr\u00fc ve viyad\u00fck, 6 t\u00fcnel ile 12 alt ve \u00fcst ge\u00e7itten olu\u015fan Finike- Demre- Ka\u015f- Kalkan B\u00f6l\u00fcnm\u00fc\u015f Yol Projesi&#8217;nin iptali i\u00e7in Ka\u015f \u00c7evre ve K\u00fclt\u00fcr Derne\u011fi, Mimarlar Odas\u0131 Antalya \u015eubesi, Do\u011fa Derne\u011fi, Finike TORA\u00c7DER, Peyzaj Mimarlar\u0131 Odas\u0131 ve 127 vatanda\u015f dava a\u00e7t\u0131. Ayr\u0131ca TEMA Vakf\u0131 ba\u015fka bir iptal davas\u0131 a\u00e7t\u0131. \u00dc\u00e7\u00fcnc\u00fc dava ise Demre ve Finikeli vatanda\u015flar taraf\u0131ndan Tabiat Varl\u0131klar\u0131 Koruma Kurulu&#8217;nun S\u0130T alanlar\u0131 \u00fczerinden yolun ge\u00e7irilmesine verdikleri &#8216;\u00c7ED olumlu&#8217; karar\u0131n\u0131n iptali i\u00e7in a\u00e7\u0131ld\u0131. Ka\u015f \u00c7evre ve K\u00fclt\u00fcr Derne\u011fi, Mimarlar Odas\u0131 Antalya \u015eubesi, Do\u011fa Derne\u011fi, Finike TORA\u00c7DER, Peyzaj Mimarlar\u0131 Odas\u0131 ve 127 vatanda\u015f ad\u0131na a\u00e7\u0131lan davan\u0131n dilek\u00e7esini haz\u0131rlayan Avukat Tuncay Ko\u00e7, proje ve dava s\u00fcrecine ili\u015fkin a\u00e7\u0131klamalarda bulundu. Avukat Ko\u00e7, planlanan otoyolun, mevcut k\u0131y\u0131 yolu ile temel fark\u0131n\u0131n Demre ile Kalkan aras\u0131ndaki yolu 15 dakika k\u0131saltacak olmas\u0131 oldu\u011funu belirterek, \u201cBu da yap\u0131lmak istenen yolun \u00e7ift \u015feritli olmas\u0131ndan dolay\u0131 saatlik h\u0131z\u0131 art\u0131racak olmas\u0131ndan dolay\u0131d\u0131r&#8221; dedi. \u2018TARIM ALANLARI VE ZEYT\u0130NL\u0130KLER ZARAR G\u00d6RECEK\u2019 Alanda yakla\u015f\u0131k 1600 d\u00f6n\u00fcm tar\u0131m ve zeytinlik arazinin kamula\u015ft\u0131r\u0131l\u0131p, yok olaca\u011f\u0131n\u0131 ifade eden Ko\u00e7, &#8220;Arazisi kamula\u015ft\u0131r\u0131lacak k\u00f6yl\u00fclerle ilgili \u00c7ED raporunda tek sat\u0131r &#8216;Kamula\u015ft\u0131rma bedeliyle ekonominin canlanaca\u011f\u0131&#8217; ifadesidir. Otoyolun ge\u00e7ece\u011fi sahada 7 bin hektar orman arazisi Karayollar\u0131&#8217;na &hellip;\" \/>\n<meta property=\"og:url\" content=\"https:\/\/denizcankizil.tr\/en\/haberler\/antalya\/yol-projesinin-iptali-icin-3-dava\/\" \/>\n<meta property=\"og:site_name\" content=\"Av. Deniz Can K\u0131z\u0131l\" \/>\n<meta property=\"article:published_time\" content=\"2025-02-27T09:41:23+00:00\" \/>\n<meta property=\"og:image\" content=\"https:\/\/denizcankizil.tr\/wp-content\/uploads\/2025\/02\/5210-01-P1FPxp.jpeg\" \/>\n\t<meta property=\"og:image:width\" content=\"1280\" \/>\n\t<meta property=\"og:image:height\" content=\"720\" \/>\n\t<meta property=\"og:image:type\" content=\"image\/jpeg\" \/>\n<meta name=\"author\" content=\"Av. Deniz Can K\u0131z\u0131l\" \/>\n<meta name=\"twitter:card\" content=\"summary_large_image\" \/>\n<meta name=\"twitter:label1\" content=\"Written by\" \/>\n\t<meta name=\"twitter:data1\" content=\"Av. Deniz Can K\u0131z\u0131l\" \/>\n\t<meta name=\"twitter:label2\" content=\"Estimated reading time\" \/>\n\t<meta name=\"twitter:data2\" content=\"2 minutes\" \/>\n<script type=\"application\/ld+json\" class=\"yoast-schema-graph\">{\"@context\":\"https:\/\/schema.org\",\"@graph\":[{\"@type\":\"Article\",\"@id\":\"https:\/\/denizcankizil.tr\/uk\/haberler\/antalya\/yol-projesinin-iptali-icin-3-dava\/#article\",\"isPartOf\":{\"@id\":\"https:\/\/denizcankizil.tr\/uk\/haberler\/antalya\/yol-projesinin-iptali-icin-3-dava\/\"},\"author\":{\"name\":\"Av. Deniz Can K\u0131z\u0131l\",\"@id\":\"https:\/\/denizcankizil.tr\/#\/schema\/person\/5dc1b22991bd7ac833867c10afc9b0ff\"},\"headline\":\"Yol projesinin iptali i\u00e7in 3 dava\",\"datePublished\":\"2025-02-27T09:41:23+00:00\",\"mainEntityOfPage\":{\"@id\":\"https:\/\/denizcankizil.tr\/uk\/haberler\/antalya\/yol-projesinin-iptali-icin-3-dava\/\"},\"wordCount\":475,\"commentCount\":0,\"publisher\":{\"@id\":\"https:\/\/denizcankizil.tr\/#organization\"},\"image\":{\"@id\":\"https:\/\/denizcankizil.tr\/uk\/haberler\/antalya\/yol-projesinin-iptali-icin-3-dava\/#primaryimage\"},\"thumbnailUrl\":\"https:\/\/denizcankizil.tr\/wp-content\/uploads\/2025\/02\/5210-01-P1FPxp.jpeg\",\"articleSection\":[\"Antalya\"],\"inLanguage\":\"en-GB\",\"potentialAction\":[{\"@type\":\"CommentAction\",\"name\":\"Comment\",\"target\":[\"https:\/\/denizcankizil.tr\/uk\/haberler\/antalya\/yol-projesinin-iptali-icin-3-dava\/#respond\"]}]},{\"@type\":\"WebPage\",\"@id\":\"https:\/\/denizcankizil.tr\/uk\/haberler\/antalya\/yol-projesinin-iptali-icin-3-dava\/\",\"url\":\"https:\/\/denizcankizil.tr\/uk\/haberler\/antalya\/yol-projesinin-iptali-icin-3-dava\/\",\"name\":\"Yol projesinin iptali i\u00e7in 3 dava - Av. Deniz Can K\u0131z\u0131l\",\"isPartOf\":{\"@id\":\"https:\/\/denizcankizil.tr\/#website\"},\"primaryImageOfPage\":{\"@id\":\"https:\/\/denizcankizil.tr\/uk\/haberler\/antalya\/yol-projesinin-iptali-icin-3-dava\/#primaryimage\"},\"image\":{\"@id\":\"https:\/\/denizcankizil.tr\/uk\/haberler\/antalya\/yol-projesinin-iptali-icin-3-dava\/#primaryimage\"},\"thumbnailUrl\":\"https:\/\/denizcankizil.tr\/wp-content\/uploads\/2025\/02\/5210-01-P1FPxp.jpeg\",\"datePublished\":\"2025-02-27T09:41:23+00:00\",\"breadcrumb\":{\"@id\":\"https:\/\/denizcankizil.tr\/uk\/haberler\/antalya\/yol-projesinin-iptali-icin-3-dava\/#breadcrumb\"},\"inLanguage\":\"en-GB\",\"potentialAction\":[{\"@type\":\"ReadAction\",\"target\":[\"https:\/\/denizcankizil.tr\/uk\/haberler\/antalya\/yol-projesinin-iptali-icin-3-dava\/\"]}]},{\"@type\":\"ImageObject\",\"inLanguage\":\"en-GB\",\"@id\":\"https:\/\/denizcankizil.tr\/uk\/haberler\/antalya\/yol-projesinin-iptali-icin-3-dava\/#primaryimage\",\"url\":\"https:\/\/denizcankizil.tr\/wp-content\/uploads\/2025\/02\/5210-01-P1FPxp.jpeg\",\"contentUrl\":\"https:\/\/denizcankizil.tr\/wp-content\/uploads\/2025\/02\/5210-01-P1FPxp.jpeg\",\"width\":1280,\"height\":720},{\"@type\":\"BreadcrumbList\",\"@id\":\"https:\/\/denizcankizil.tr\/uk\/haberler\/antalya\/yol-projesinin-iptali-icin-3-dava\/#breadcrumb\",\"itemListElement\":[{\"@type\":\"ListItem\",\"position\":1,\"name\":\"Home\",\"item\":\"https:\/\/denizcankizil.tr\/uk\/\"},{\"@type\":\"ListItem\",\"position\":2,\"name\":\"Yol projesinin iptali i\u00e7in 3 dava\"}]},{\"@type\":\"WebSite\",\"@id\":\"https:\/\/denizcankizil.tr\/#website\",\"url\":\"https:\/\/denizcankizil.tr\/\",\"name\":\"Av. Deniz Can K\u0131z\u0131l\",\"description\":\"Avukat Deniz Can K\u0131z\u0131l Antalya Barosu\",\"publisher\":{\"@id\":\"https:\/\/denizcankizil.tr\/#organization\"},\"potentialAction\":[{\"@type\":\"SearchAction\",\"target\":{\"@type\":\"EntryPoint\",\"urlTemplate\":\"https:\/\/denizcankizil.tr\/?s={search_term_string}\"},\"query-input\":{\"@type\":\"PropertyValueSpecification\",\"valueRequired\":true,\"valueName\":\"search_term_string\"}}],\"inLanguage\":\"en-GB\"},{\"@type\":\"Organization\",\"@id\":\"https:\/\/denizcankizil.tr\/#organization\",\"name\":\"Av. Deniz Can K\u0131z\u0131l\",\"url\":\"https:\/\/denizcankizil.tr\/\",\"logo\":{\"@type\":\"ImageObject\",\"inLanguage\":\"en-GB\",\"@id\":\"https:\/\/denizcankizil.tr\/#\/schema\/logo\/image\/\",\"url\":\"https:\/\/denizcankizil.tr\/wp-content\/uploads\/2024\/10\/siyah-logo-svg.svg\",\"contentUrl\":\"https:\/\/denizcankizil.tr\/wp-content\/uploads\/2024\/10\/siyah-logo-svg.svg\",\"width\":1080,\"height\":1080,\"caption\":\"Av. Deniz Can K\u0131z\u0131l\"},\"image\":{\"@id\":\"https:\/\/denizcankizil.tr\/#\/schema\/logo\/image\/\"}},{\"@type\":\"Person\",\"@id\":\"https:\/\/denizcankizil.tr\/#\/schema\/person\/5dc1b22991bd7ac833867c10afc9b0ff\",\"name\":\"Av. Deniz Can K\u0131z\u0131l\",\"image\":{\"@type\":\"ImageObject\",\"inLanguage\":\"en-GB\",\"@id\":\"https:\/\/denizcankizil.tr\/#\/schema\/person\/image\/\",\"url\":\"https:\/\/secure.gravatar.com\/avatar\/a0b128fb9855c79efc976d5640eedb31dc35ec297594d6016d2cf7c60e975bb6?s=96&d=mm&r=g\",\"contentUrl\":\"https:\/\/secure.gravatar.com\/avatar\/a0b128fb9855c79efc976d5640eedb31dc35ec297594d6016d2cf7c60e975bb6?s=96&d=mm&r=g\",\"caption\":\"Av. Deniz Can K\u0131z\u0131l\"},\"sameAs\":[\"http:\/\/www.denizcankizil.tr\"],\"url\":\"https:\/\/denizcankizil.tr\/en\/author\/denizcankizil\/\"}]}<\/script>\n<!-- \/ Yoast SEO Premium plugin. -->","yoast_head_json":{"title":"Yol projesinin iptali i\u00e7in 3 dava - Av. Deniz Can K\u0131z\u0131l","robots":{"index":"index","follow":"follow","max-snippet":"max-snippet:-1","max-image-preview":"max-image-preview:large","max-video-preview":"max-video-preview:-1"},"canonical":"https:\/\/denizcankizil.tr\/en\/haberler\/antalya\/yol-projesinin-iptali-icin-3-dava\/","og_locale":"en_GB","og_type":"article","og_title":"Yol projesinin iptali i\u00e7in 3 dava","og_description":"Antalya&#8217;n\u0131n bat\u0131 il\u00e7elerinde planlanan 74 kilometrelik, 60 metre geni\u015fli\u011finde, gidi\u015f- geli\u015f 4 \u015feritli, 11 k\u00f6pr\u00fc ve viyad\u00fck, 6 t\u00fcnel ile 12 alt ve \u00fcst ge\u00e7itten olu\u015fan Finike- Demre- Ka\u015f- Kalkan B\u00f6l\u00fcnm\u00fc\u015f Yol Projesi&#8217;nin iptali i\u00e7in Ka\u015f \u00c7evre ve K\u00fclt\u00fcr Derne\u011fi, Mimarlar Odas\u0131 Antalya \u015eubesi, Do\u011fa Derne\u011fi, Finike TORA\u00c7DER, Peyzaj Mimarlar\u0131 Odas\u0131 ve 127 vatanda\u015f dava a\u00e7t\u0131. Ayr\u0131ca TEMA Vakf\u0131 ba\u015fka bir iptal davas\u0131 a\u00e7t\u0131. \u00dc\u00e7\u00fcnc\u00fc dava ise Demre ve Finikeli vatanda\u015flar taraf\u0131ndan Tabiat Varl\u0131klar\u0131 Koruma Kurulu&#8217;nun S\u0130T alanlar\u0131 \u00fczerinden yolun ge\u00e7irilmesine verdikleri &#8216;\u00c7ED olumlu&#8217; karar\u0131n\u0131n iptali i\u00e7in a\u00e7\u0131ld\u0131. Ka\u015f \u00c7evre ve K\u00fclt\u00fcr Derne\u011fi, Mimarlar Odas\u0131 Antalya \u015eubesi, Do\u011fa Derne\u011fi, Finike TORA\u00c7DER, Peyzaj Mimarlar\u0131 Odas\u0131 ve 127 vatanda\u015f ad\u0131na a\u00e7\u0131lan davan\u0131n dilek\u00e7esini haz\u0131rlayan Avukat Tuncay Ko\u00e7, proje ve dava s\u00fcrecine ili\u015fkin a\u00e7\u0131klamalarda bulundu. Avukat Ko\u00e7, planlanan otoyolun, mevcut k\u0131y\u0131 yolu ile temel fark\u0131n\u0131n Demre ile Kalkan aras\u0131ndaki yolu 15 dakika k\u0131saltacak olmas\u0131 oldu\u011funu belirterek, \u201cBu da yap\u0131lmak istenen yolun \u00e7ift \u015feritli olmas\u0131ndan dolay\u0131 saatlik h\u0131z\u0131 art\u0131racak olmas\u0131ndan dolay\u0131d\u0131r&#8221; dedi. \u2018TARIM ALANLARI VE ZEYT\u0130NL\u0130KLER ZARAR G\u00d6RECEK\u2019 Alanda yakla\u015f\u0131k 1600 d\u00f6n\u00fcm tar\u0131m ve zeytinlik arazinin kamula\u015ft\u0131r\u0131l\u0131p, yok olaca\u011f\u0131n\u0131 ifade eden Ko\u00e7, &#8220;Arazisi kamula\u015ft\u0131r\u0131lacak k\u00f6yl\u00fclerle ilgili \u00c7ED raporunda tek sat\u0131r &#8216;Kamula\u015ft\u0131rma bedeliyle ekonominin canlanaca\u011f\u0131&#8217; ifadesidir. Otoyolun ge\u00e7ece\u011fi sahada 7 bin hektar orman arazisi Karayollar\u0131&#8217;na &hellip;","og_url":"https:\/\/denizcankizil.tr\/en\/haberler\/antalya\/yol-projesinin-iptali-icin-3-dava\/","og_site_name":"Av. Deniz Can K\u0131z\u0131l","article_published_time":"2025-02-27T09:41:23+00:00","og_image":[{"width":1280,"height":720,"url":"https:\/\/denizcankizil.tr\/wp-content\/uploads\/2025\/02\/5210-01-P1FPxp.jpeg","type":"image\/jpeg"}],"author":"Av. Deniz Can K\u0131z\u0131l","twitter_card":"summary_large_image","twitter_misc":{"Written by":"Av. Deniz Can K\u0131z\u0131l","Estimated reading time":"2 minutes"},"schema":{"@context":"https:\/\/schema.org","@graph":[{"@type":"Article","@id":"https:\/\/denizcankizil.tr\/uk\/haberler\/antalya\/yol-projesinin-iptali-icin-3-dava\/#article","isPartOf":{"@id":"https:\/\/denizcankizil.tr\/uk\/haberler\/antalya\/yol-projesinin-iptali-icin-3-dava\/"},"author":{"name":"Av. Deniz Can K\u0131z\u0131l","@id":"https:\/\/denizcankizil.tr\/#\/schema\/person\/5dc1b22991bd7ac833867c10afc9b0ff"},"headline":"Yol projesinin iptali i\u00e7in 3 dava","datePublished":"2025-02-27T09:41:23+00:00","mainEntityOfPage":{"@id":"https:\/\/denizcankizil.tr\/uk\/haberler\/antalya\/yol-projesinin-iptali-icin-3-dava\/"},"wordCount":475,"commentCount":0,"publisher":{"@id":"https:\/\/denizcankizil.tr\/#organization"},"image":{"@id":"https:\/\/denizcankizil.tr\/uk\/haberler\/antalya\/yol-projesinin-iptali-icin-3-dava\/#primaryimage"},"thumbnailUrl":"https:\/\/denizcankizil.tr\/wp-content\/uploads\/2025\/02\/5210-01-P1FPxp.jpeg","articleSection":["Antalya"],"inLanguage":"en-GB","potentialAction":[{"@type":"CommentAction","name":"Comment","target":["https:\/\/denizcankizil.tr\/uk\/haberler\/antalya\/yol-projesinin-iptali-icin-3-dava\/#respond"]}]},{"@type":"WebPage","@id":"https:\/\/denizcankizil.tr\/uk\/haberler\/antalya\/yol-projesinin-iptali-icin-3-dava\/","url":"https:\/\/denizcankizil.tr\/uk\/haberler\/antalya\/yol-projesinin-iptali-icin-3-dava\/","name":"Yol projesinin iptali i\u00e7in 3 dava - Av. Deniz Can K\u0131z\u0131l","isPartOf":{"@id":"https:\/\/denizcankizil.tr\/#website"},"primaryImageOfPage":{"@id":"https:\/\/denizcankizil.tr\/uk\/haberler\/antalya\/yol-projesinin-iptali-icin-3-dava\/#primaryimage"},"image":{"@id":"https:\/\/denizcankizil.tr\/uk\/haberler\/antalya\/yol-projesinin-iptali-icin-3-dava\/#primaryimage"},"thumbnailUrl":"https:\/\/denizcankizil.tr\/wp-content\/uploads\/2025\/02\/5210-01-P1FPxp.jpeg","datePublished":"2025-02-27T09:41:23+00:00","breadcrumb":{"@id":"https:\/\/denizcankizil.tr\/uk\/haberler\/antalya\/yol-projesinin-iptali-icin-3-dava\/#breadcrumb"},"inLanguage":"en-GB","potentialAction":[{"@type":"ReadAction","target":["https:\/\/denizcankizil.tr\/uk\/haberler\/antalya\/yol-projesinin-iptali-icin-3-dava\/"]}]},{"@type":"ImageObject","inLanguage":"en-GB","@id":"https:\/\/denizcankizil.tr\/uk\/haberler\/antalya\/yol-projesinin-iptali-icin-3-dava\/#primaryimage","url":"https:\/\/denizcankizil.tr\/wp-content\/uploads\/2025\/02\/5210-01-P1FPxp.jpeg","contentUrl":"https:\/\/denizcankizil.tr\/wp-content\/uploads\/2025\/02\/5210-01-P1FPxp.jpeg","width":1280,"height":720},{"@type":"BreadcrumbList","@id":"https:\/\/denizcankizil.tr\/uk\/haberler\/antalya\/yol-projesinin-iptali-icin-3-dava\/#breadcrumb","itemListElement":[{"@type":"ListItem","position":1,"name":"Home","item":"https:\/\/denizcankizil.tr\/uk\/"},{"@type":"ListItem","position":2,"name":"Yol projesinin iptali i\u00e7in 3 dava"}]},{"@type":"WebSite","@id":"https:\/\/denizcankizil.tr\/#website","url":"https:\/\/denizcankizil.tr\/","name":"Av. Deniz Can K\u0131z\u0131l","description":"Avukat Deniz Can K\u0131z\u0131l Antalya Barosu","publisher":{"@id":"https:\/\/denizcankizil.tr\/#organization"},"potentialAction":[{"@type":"SearchAction","target":{"@type":"EntryPoint","urlTemplate":"https:\/\/denizcankizil.tr\/?s={search_term_string}"},"query-input":{"@type":"PropertyValueSpecification","valueRequired":true,"valueName":"search_term_string"}}],"inLanguage":"en-GB"},{"@type":"Organization","@id":"https:\/\/denizcankizil.tr\/#organization","name":"Av. Deniz Can K\u0131z\u0131l","url":"https:\/\/denizcankizil.tr\/","logo":{"@type":"ImageObject","inLanguage":"en-GB","@id":"https:\/\/denizcankizil.tr\/#\/schema\/logo\/image\/","url":"https:\/\/denizcankizil.tr\/wp-content\/uploads\/2024\/10\/siyah-logo-svg.svg","contentUrl":"https:\/\/denizcankizil.tr\/wp-content\/uploads\/2024\/10\/siyah-logo-svg.svg","width":1080,"height":1080,"caption":"Av. Deniz Can K\u0131z\u0131l"},"image":{"@id":"https:\/\/denizcankizil.tr\/#\/schema\/logo\/image\/"}},{"@type":"Person","@id":"https:\/\/denizcankizil.tr\/#\/schema\/person\/5dc1b22991bd7ac833867c10afc9b0ff","name":"Av. Deniz Can K\u0131z\u0131l","image":{"@type":"ImageObject","inLanguage":"en-GB","@id":"https:\/\/denizcankizil.tr\/#\/schema\/person\/image\/","url":"https:\/\/secure.gravatar.com\/avatar\/a0b128fb9855c79efc976d5640eedb31dc35ec297594d6016d2cf7c60e975bb6?s=96&d=mm&r=g","contentUrl":"https:\/\/secure.gravatar.com\/avatar\/a0b128fb9855c79efc976d5640eedb31dc35ec297594d6016d2cf7c60e975bb6?s=96&d=mm&r=g","caption":"Av. Deniz Can K\u0131z\u0131l"},"sameAs":["http:\/\/www.denizcankizil.tr"],"url":"https:\/\/denizcankizil.tr\/en\/author\/denizcankizil\/"}]}},"_links":{"self":[{"href":"https:\/\/denizcankizil.tr\/en\/wp-json\/wp\/v2\/posts\/34230","targetHints":{"allow":["GET"]}}],"collection":[{"href":"https:\/\/denizcankizil.tr\/en\/wp-json\/wp\/v2\/posts"}],"about":[{"href":"https:\/\/denizcankizil.tr\/en\/wp-json\/wp\/v2\/types\/post"}],"author":[{"embeddable":true,"href":"https:\/\/denizcankizil.tr\/en\/wp-json\/wp\/v2\/users\/4"}],"replies":[{"embeddable":true,"href":"https:\/\/denizcankizil.tr\/en\/wp-json\/wp\/v2\/comments?post=34230"}],"version-history":[{"count":0,"href":"https:\/\/denizcankizil.tr\/en\/wp-json\/wp\/v2\/posts\/34230\/revisions"}],"wp:featuredmedia":[{"embeddable":true,"href":"https:\/\/denizcankizil.tr\/en\/wp-json\/wp\/v2\/media\/34231"}],"wp:attachment":[{"href":"https:\/\/denizcankizil.tr\/en\/wp-json\/wp\/v2\/media?parent=34230"}],"wp:term":[{"taxonomy":"category","embeddable":true,"href":"https:\/\/denizcankizil.tr\/en\/wp-json\/wp\/v2\/categories?post=34230"},{"taxonomy":"post_tag","embeddable":true,"href":"https:\/\/denizcankizil.tr\/en\/wp-json\/wp\/v2\/tags?post=34230"}],"curies":[{"name":"wp","href":"https:\/\/api.w.org\/{rel}","templated":true}]}}