{"id":34166,"date":"2025-02-26T15:41:30","date_gmt":"2025-02-26T12:41:30","guid":{"rendered":"https:\/\/denizcankizil.tr\/uncategorized-tr\/vefat-eden-adamin-evinden-2-kamyon-cop-cikti\/"},"modified":"2025-02-26T15:41:30","modified_gmt":"2025-02-26T12:41:30","slug":"vefat-eden-adamin-evinden-2-kamyon-cop-cikti","status":"publish","type":"post","link":"https:\/\/denizcankizil.tr\/en\/haberler\/antalya\/vefat-eden-adamin-evinden-2-kamyon-cop-cikti\/","title":{"rendered":"Vefat eden adam\u0131n evinden 2 kamyon \u00e7\u00f6p \u00e7\u0131kt\u0131"},"content":{"rendered":"<p>Kepez il\u00e7esi Yeni Mahalle 2416 Sokak&#8217;taki bir apartman\u0131n giri\u015f kat\u0131nda oturan ve yak\u0131n zamanda yine apartman sakinlerinin m\u00fcracaat\u0131 ile huzurevine yerle\u015ftirilen emekli \u00f6\u011fretmen U\u011fur Ba\u011fc\u0131&#8217;ya ait oldu\u011fu \u00f6\u011frenilen dairedeki \u00e7\u00f6p ve at\u0131k malzemeler belediye ekiplerince temizlendi. Ev sahibinin yak\u0131n zamanda hayat\u0131n\u0131 kaybetmesi ve daireden k\u00f6t\u00fc kokular gelmesi \u00fczerine apartman sakinlerinin ba\u015fvurusu ile Kepez Belediyesi Temizlik \u0130\u015fleri M\u00fcd\u00fcrl\u00fc\u011f\u00fc ekipleri dairede \u00e7al\u0131\u015fma ba\u015flatt\u0131. Yakla\u015f\u0131k 2 kamyon at\u0131k malzemenin \u00e7\u0131kar\u0131ld\u0131\u011f\u0131 ev daha sonra ekiplerce temizlenerek dezenfeksiyon i\u015flemi yap\u0131ld\u0131.<\/p>\n<p>Daire i\u00e7erisinde ev sahibinin daha \u00f6nceden toplad\u0131\u011f\u0131 at\u0131k ve \u00e7\u00f6p malzemeler bulundu\u011funu belirten Yeni Mahalle Muhtar\u0131 Murat Duran, &#8220;Burada bir amcam\u0131z vard\u0131. Huzurevine yerle\u015ftirmi\u015ftik. Ama vefat etti, belediyemizin deste\u011fiyle \u00e7\u00f6p evi bo\u015falt\u0131yoruz. \u0130\u00e7erisi \u00e7ok k\u00f6t\u00fc, her \u015fey var evin i\u00e7inde. Zab\u0131ta ve di\u011fer birimlerden ekipler ile evi temizletiyoruz. \u00d6ncesinde \u00e7evreden e\u015fya topluyordu. Her \u015fey var evin i\u00e7inde, \u00e7\u00f6plerden toplanm\u0131\u015f, evin i\u00e7ine doldurulmu\u015f&#8221; dedi. Kom\u015fulardan Kamile \u00c7etin ise, &#8220;20 y\u0131ld\u0131r burada otuyorum. U\u011fur amca hastalanm\u0131\u015f, elden ayaktan iyice d\u00fc\u015fm\u00fc\u015ft\u00fc. Evi temizleyemiyordu. Gerekli yerlere ba\u015fvurarak belediyenin de deste\u011fi ile U\u011fur beyi huzurevine yerle\u015ftirmi\u015ftik. Tam her \u015fey yoluna girdi derken U\u011fur bey vefat etti. Evi \u00e7\u00f6p i\u00e7erisinde kald\u0131. \u015eimdi de evi temizlettiriyoruz&#8221; ifadelerini kulland\u0131.<\/p>\n<p>Kaynak: www.kanalv.com.tr Haber Sitesinden Al\u0131nm\u0131\u015ft\u0131r.<\/p>","protected":false},"excerpt":{"rendered":"<p>Kepez il\u00e7esi Yeni Mahalle 2416 Sokak&#8217;taki bir apartman\u0131n giri\u015f kat\u0131nda oturan ve yak\u0131n zamanda yine apartman sakinlerinin m\u00fcracaat\u0131 ile huzurevine yerle\u015ftirilen emekli \u00f6\u011fretmen U\u011fur Ba\u011fc\u0131&#8217;ya ait oldu\u011fu \u00f6\u011frenilen dairedeki \u00e7\u00f6p ve at\u0131k malzemeler belediye ekiplerince temizlendi. Ev sahibinin yak\u0131n zamanda hayat\u0131n\u0131 kaybetmesi ve daireden k\u00f6t\u00fc kokular gelmesi \u00fczerine apartman sakinlerinin ba\u015fvurusu ile Kepez Belediyesi Temizlik \u0130\u015fleri M\u00fcd\u00fcrl\u00fc\u011f\u00fc ekipleri dairede \u00e7al\u0131\u015fma ba\u015flatt\u0131. Yakla\u015f\u0131k 2 kamyon at\u0131k malzemenin \u00e7\u0131kar\u0131ld\u0131\u011f\u0131 ev daha sonra ekiplerce temizlenerek dezenfeksiyon i\u015flemi yap\u0131ld\u0131. Daire i\u00e7erisinde ev sahibinin daha \u00f6nceden toplad\u0131\u011f\u0131 at\u0131k ve \u00e7\u00f6p malzemeler bulundu\u011funu belirten Yeni Mahalle Muhtar\u0131 Murat Duran, &#8220;Burada bir amcam\u0131z vard\u0131. Huzurevine yerle\u015ftirmi\u015ftik. Ama vefat etti, belediyemizin deste\u011fiyle \u00e7\u00f6p evi bo\u015falt\u0131yoruz. \u0130\u00e7erisi \u00e7ok k\u00f6t\u00fc, her \u015fey var evin i\u00e7inde. Zab\u0131ta ve di\u011fer birimlerden ekipler ile evi temizletiyoruz. \u00d6ncesinde \u00e7evreden e\u015fya topluyordu. Her \u015fey var evin i\u00e7inde, \u00e7\u00f6plerden toplanm\u0131\u015f, evin i\u00e7ine doldurulmu\u015f&#8221; dedi. Kom\u015fulardan Kamile \u00c7etin ise, &#8220;20 y\u0131ld\u0131r burada otuyorum. U\u011fur amca hastalanm\u0131\u015f, elden ayaktan iyice d\u00fc\u015fm\u00fc\u015ft\u00fc. Evi temizleyemiyordu. Gerekli yerlere ba\u015fvurarak belediyenin de deste\u011fi ile U\u011fur beyi huzurevine yerle\u015ftirmi\u015ftik. Tam her \u015fey yoluna girdi derken U\u011fur bey vefat etti. Evi \u00e7\u00f6p i\u00e7erisinde kald\u0131. \u015eimdi de evi temizlettiriyoruz&#8221; ifadelerini kulland\u0131. Kaynak: www.kanalv.com.tr Haber Sitesinden Al\u0131nm\u0131\u015ft\u0131r.<\/p>","protected":false},"author":4,"featured_media":34167,"comment_status":"open","ping_status":"open","sticky":false,"template":"","format":"standard","meta":{"_acf_changed":false,"footnotes":""},"categories":[26],"tags":[],"class_list":["post-34166","post","type-post","status-publish","format-standard","has-post-thumbnail","hentry","category-antalya"],"acf":[],"yoast_head":"<!-- This site is optimized with the Yoast SEO Premium plugin v26.6 (Yoast SEO v27.1.1) - https:\/\/yoast.com\/product\/yoast-seo-premium-wordpress\/ -->\n<title>Vefat eden adam\u0131n evinden 2 kamyon \u00e7\u00f6p \u00e7\u0131kt\u0131 - Av. Deniz Can K\u0131z\u0131l<\/title>\n<meta name=\"robots\" content=\"index, follow, max-snippet:-1, max-image-preview:large, max-video-preview:-1\" \/>\n<link rel=\"canonical\" href=\"https:\/\/denizcankizil.tr\/en\/haberler\/antalya\/vefat-eden-adamin-evinden-2-kamyon-cop-cikti\/\" \/>\n<meta property=\"og:locale\" content=\"en_GB\" \/>\n<meta property=\"og:type\" content=\"article\" \/>\n<meta property=\"og:title\" content=\"Vefat eden adam\u0131n evinden 2 kamyon \u00e7\u00f6p \u00e7\u0131kt\u0131\" \/>\n<meta property=\"og:description\" content=\"Kepez il\u00e7esi Yeni Mahalle 2416 Sokak&#8217;taki bir apartman\u0131n giri\u015f kat\u0131nda oturan ve yak\u0131n zamanda yine apartman sakinlerinin m\u00fcracaat\u0131 ile huzurevine yerle\u015ftirilen emekli \u00f6\u011fretmen U\u011fur Ba\u011fc\u0131&#8217;ya ait oldu\u011fu \u00f6\u011frenilen dairedeki \u00e7\u00f6p ve at\u0131k malzemeler belediye ekiplerince temizlendi. Ev sahibinin yak\u0131n zamanda hayat\u0131n\u0131 kaybetmesi ve daireden k\u00f6t\u00fc kokular gelmesi \u00fczerine apartman sakinlerinin ba\u015fvurusu ile Kepez Belediyesi Temizlik \u0130\u015fleri M\u00fcd\u00fcrl\u00fc\u011f\u00fc ekipleri dairede \u00e7al\u0131\u015fma ba\u015flatt\u0131. Yakla\u015f\u0131k 2 kamyon at\u0131k malzemenin \u00e7\u0131kar\u0131ld\u0131\u011f\u0131 ev daha sonra ekiplerce temizlenerek dezenfeksiyon i\u015flemi yap\u0131ld\u0131. Daire i\u00e7erisinde ev sahibinin daha \u00f6nceden toplad\u0131\u011f\u0131 at\u0131k ve \u00e7\u00f6p malzemeler bulundu\u011funu belirten Yeni Mahalle Muhtar\u0131 Murat Duran, &#8220;Burada bir amcam\u0131z vard\u0131. Huzurevine yerle\u015ftirmi\u015ftik. Ama vefat etti, belediyemizin deste\u011fiyle \u00e7\u00f6p evi bo\u015falt\u0131yoruz. \u0130\u00e7erisi \u00e7ok k\u00f6t\u00fc, her \u015fey var evin i\u00e7inde. Zab\u0131ta ve di\u011fer birimlerden ekipler ile evi temizletiyoruz. \u00d6ncesinde \u00e7evreden e\u015fya topluyordu. Her \u015fey var evin i\u00e7inde, \u00e7\u00f6plerden toplanm\u0131\u015f, evin i\u00e7ine doldurulmu\u015f&#8221; dedi. Kom\u015fulardan Kamile \u00c7etin ise, &#8220;20 y\u0131ld\u0131r burada otuyorum. U\u011fur amca hastalanm\u0131\u015f, elden ayaktan iyice d\u00fc\u015fm\u00fc\u015ft\u00fc. Evi temizleyemiyordu. Gerekli yerlere ba\u015fvurarak belediyenin de deste\u011fi ile U\u011fur beyi huzurevine yerle\u015ftirmi\u015ftik. Tam her \u015fey yoluna girdi derken U\u011fur bey vefat etti. Evi \u00e7\u00f6p i\u00e7erisinde kald\u0131. \u015eimdi de evi temizlettiriyoruz&#8221; ifadelerini kulland\u0131. Kaynak: www.kanalv.com.tr Haber Sitesinden Al\u0131nm\u0131\u015ft\u0131r.\" \/>\n<meta property=\"og:url\" content=\"https:\/\/denizcankizil.tr\/en\/haberler\/antalya\/vefat-eden-adamin-evinden-2-kamyon-cop-cikti\/\" \/>\n<meta property=\"og:site_name\" content=\"Av. Deniz Can K\u0131z\u0131l\" \/>\n<meta property=\"article:published_time\" content=\"2025-02-26T12:41:30+00:00\" \/>\n<meta property=\"og:image\" content=\"https:\/\/denizcankizil.tr\/wp-content\/uploads\/2025\/02\/5199-01-eaNRBI.jpeg\" \/>\n\t<meta property=\"og:image:width\" content=\"1280\" \/>\n\t<meta property=\"og:image:height\" content=\"720\" \/>\n\t<meta property=\"og:image:type\" content=\"image\/jpeg\" \/>\n<meta name=\"author\" content=\"Av. Deniz Can K\u0131z\u0131l\" \/>\n<meta name=\"twitter:card\" content=\"summary_large_image\" \/>\n<meta name=\"twitter:label1\" content=\"Written by\" \/>\n\t<meta name=\"twitter:data1\" content=\"Av. Deniz Can K\u0131z\u0131l\" \/>\n\t<meta name=\"twitter:label2\" content=\"Estimated reading time\" \/>\n\t<meta name=\"twitter:data2\" content=\"1 minute\" \/>\n<script type=\"application\/ld+json\" class=\"yoast-schema-graph\">{\"@context\":\"https:\/\/schema.org\",\"@graph\":[{\"@type\":\"Article\",\"@id\":\"https:\/\/denizcankizil.tr\/en\/haberler\/antalya\/vefat-eden-adamin-evinden-2-kamyon-cop-cikti\/#article\",\"isPartOf\":{\"@id\":\"https:\/\/denizcankizil.tr\/en\/haberler\/antalya\/vefat-eden-adamin-evinden-2-kamyon-cop-cikti\/\"},\"author\":{\"name\":\"Av. Deniz Can K\u0131z\u0131l\",\"@id\":\"https:\/\/denizcankizil.tr\/#\/schema\/person\/5dc1b22991bd7ac833867c10afc9b0ff\"},\"headline\":\"Vefat eden adam\u0131n evinden 2 kamyon \u00e7\u00f6p \u00e7\u0131kt\u0131\",\"datePublished\":\"2025-02-26T12:41:30+00:00\",\"mainEntityOfPage\":{\"@id\":\"https:\/\/denizcankizil.tr\/en\/haberler\/antalya\/vefat-eden-adamin-evinden-2-kamyon-cop-cikti\/\"},\"wordCount\":256,\"commentCount\":0,\"publisher\":{\"@id\":\"https:\/\/denizcankizil.tr\/#organization\"},\"image\":{\"@id\":\"https:\/\/denizcankizil.tr\/en\/haberler\/antalya\/vefat-eden-adamin-evinden-2-kamyon-cop-cikti\/#primaryimage\"},\"thumbnailUrl\":\"https:\/\/denizcankizil.tr\/wp-content\/uploads\/2025\/02\/5199-01-eaNRBI.jpeg\",\"articleSection\":[\"Antalya\"],\"inLanguage\":\"en-GB\",\"potentialAction\":[{\"@type\":\"CommentAction\",\"name\":\"Comment\",\"target\":[\"https:\/\/denizcankizil.tr\/en\/haberler\/antalya\/vefat-eden-adamin-evinden-2-kamyon-cop-cikti\/#respond\"]}]},{\"@type\":\"WebPage\",\"@id\":\"https:\/\/denizcankizil.tr\/en\/haberler\/antalya\/vefat-eden-adamin-evinden-2-kamyon-cop-cikti\/\",\"url\":\"https:\/\/denizcankizil.tr\/en\/haberler\/antalya\/vefat-eden-adamin-evinden-2-kamyon-cop-cikti\/\",\"name\":\"Vefat eden adam\u0131n evinden 2 kamyon \u00e7\u00f6p \u00e7\u0131kt\u0131 - Av. Deniz Can K\u0131z\u0131l\",\"isPartOf\":{\"@id\":\"https:\/\/denizcankizil.tr\/#website\"},\"primaryImageOfPage\":{\"@id\":\"https:\/\/denizcankizil.tr\/en\/haberler\/antalya\/vefat-eden-adamin-evinden-2-kamyon-cop-cikti\/#primaryimage\"},\"image\":{\"@id\":\"https:\/\/denizcankizil.tr\/en\/haberler\/antalya\/vefat-eden-adamin-evinden-2-kamyon-cop-cikti\/#primaryimage\"},\"thumbnailUrl\":\"https:\/\/denizcankizil.tr\/wp-content\/uploads\/2025\/02\/5199-01-eaNRBI.jpeg\",\"datePublished\":\"2025-02-26T12:41:30+00:00\",\"breadcrumb\":{\"@id\":\"https:\/\/denizcankizil.tr\/en\/haberler\/antalya\/vefat-eden-adamin-evinden-2-kamyon-cop-cikti\/#breadcrumb\"},\"inLanguage\":\"en-GB\",\"potentialAction\":[{\"@type\":\"ReadAction\",\"target\":[\"https:\/\/denizcankizil.tr\/en\/haberler\/antalya\/vefat-eden-adamin-evinden-2-kamyon-cop-cikti\/\"]}]},{\"@type\":\"ImageObject\",\"inLanguage\":\"en-GB\",\"@id\":\"https:\/\/denizcankizil.tr\/en\/haberler\/antalya\/vefat-eden-adamin-evinden-2-kamyon-cop-cikti\/#primaryimage\",\"url\":\"https:\/\/denizcankizil.tr\/wp-content\/uploads\/2025\/02\/5199-01-eaNRBI.jpeg\",\"contentUrl\":\"https:\/\/denizcankizil.tr\/wp-content\/uploads\/2025\/02\/5199-01-eaNRBI.jpeg\",\"width\":1280,\"height\":720},{\"@type\":\"BreadcrumbList\",\"@id\":\"https:\/\/denizcankizil.tr\/en\/haberler\/antalya\/vefat-eden-adamin-evinden-2-kamyon-cop-cikti\/#breadcrumb\",\"itemListElement\":[{\"@type\":\"ListItem\",\"position\":1,\"name\":\"Home\",\"item\":\"https:\/\/denizcankizil.tr\/de\/\"},{\"@type\":\"ListItem\",\"position\":2,\"name\":\"Vefat eden adam\u0131n evinden 2 kamyon \u00e7\u00f6p \u00e7\u0131kt\u0131\"}]},{\"@type\":\"WebSite\",\"@id\":\"https:\/\/denizcankizil.tr\/#website\",\"url\":\"https:\/\/denizcankizil.tr\/\",\"name\":\"Av. Deniz Can K\u0131z\u0131l\",\"description\":\"Avukat Deniz Can K\u0131z\u0131l Antalya Barosu\",\"publisher\":{\"@id\":\"https:\/\/denizcankizil.tr\/#organization\"},\"potentialAction\":[{\"@type\":\"SearchAction\",\"target\":{\"@type\":\"EntryPoint\",\"urlTemplate\":\"https:\/\/denizcankizil.tr\/?s={search_term_string}\"},\"query-input\":{\"@type\":\"PropertyValueSpecification\",\"valueRequired\":true,\"valueName\":\"search_term_string\"}}],\"inLanguage\":\"en-GB\"},{\"@type\":\"Organization\",\"@id\":\"https:\/\/denizcankizil.tr\/#organization\",\"name\":\"Av. Deniz Can K\u0131z\u0131l\",\"url\":\"https:\/\/denizcankizil.tr\/\",\"logo\":{\"@type\":\"ImageObject\",\"inLanguage\":\"en-GB\",\"@id\":\"https:\/\/denizcankizil.tr\/#\/schema\/logo\/image\/\",\"url\":\"https:\/\/denizcankizil.tr\/wp-content\/uploads\/2024\/10\/siyah-logo-svg.svg\",\"contentUrl\":\"https:\/\/denizcankizil.tr\/wp-content\/uploads\/2024\/10\/siyah-logo-svg.svg\",\"width\":1080,\"height\":1080,\"caption\":\"Av. Deniz Can K\u0131z\u0131l\"},\"image\":{\"@id\":\"https:\/\/denizcankizil.tr\/#\/schema\/logo\/image\/\"}},{\"@type\":\"Person\",\"@id\":\"https:\/\/denizcankizil.tr\/#\/schema\/person\/5dc1b22991bd7ac833867c10afc9b0ff\",\"name\":\"Av. Deniz Can K\u0131z\u0131l\",\"image\":{\"@type\":\"ImageObject\",\"inLanguage\":\"en-GB\",\"@id\":\"https:\/\/denizcankizil.tr\/#\/schema\/person\/image\/\",\"url\":\"https:\/\/secure.gravatar.com\/avatar\/a0b128fb9855c79efc976d5640eedb31dc35ec297594d6016d2cf7c60e975bb6?s=96&d=mm&r=g\",\"contentUrl\":\"https:\/\/secure.gravatar.com\/avatar\/a0b128fb9855c79efc976d5640eedb31dc35ec297594d6016d2cf7c60e975bb6?s=96&d=mm&r=g\",\"caption\":\"Av. Deniz Can K\u0131z\u0131l\"},\"sameAs\":[\"http:\/\/www.denizcankizil.tr\"],\"url\":\"https:\/\/denizcankizil.tr\/en\/author\/denizcankizil\/\"}]}<\/script>\n<!-- \/ Yoast SEO Premium plugin. -->","yoast_head_json":{"title":"Vefat eden adam\u0131n evinden 2 kamyon \u00e7\u00f6p \u00e7\u0131kt\u0131 - Av. Deniz Can K\u0131z\u0131l","robots":{"index":"index","follow":"follow","max-snippet":"max-snippet:-1","max-image-preview":"max-image-preview:large","max-video-preview":"max-video-preview:-1"},"canonical":"https:\/\/denizcankizil.tr\/en\/haberler\/antalya\/vefat-eden-adamin-evinden-2-kamyon-cop-cikti\/","og_locale":"en_GB","og_type":"article","og_title":"Vefat eden adam\u0131n evinden 2 kamyon \u00e7\u00f6p \u00e7\u0131kt\u0131","og_description":"Kepez il\u00e7esi Yeni Mahalle 2416 Sokak&#8217;taki bir apartman\u0131n giri\u015f kat\u0131nda oturan ve yak\u0131n zamanda yine apartman sakinlerinin m\u00fcracaat\u0131 ile huzurevine yerle\u015ftirilen emekli \u00f6\u011fretmen U\u011fur Ba\u011fc\u0131&#8217;ya ait oldu\u011fu \u00f6\u011frenilen dairedeki \u00e7\u00f6p ve at\u0131k malzemeler belediye ekiplerince temizlendi. Ev sahibinin yak\u0131n zamanda hayat\u0131n\u0131 kaybetmesi ve daireden k\u00f6t\u00fc kokular gelmesi \u00fczerine apartman sakinlerinin ba\u015fvurusu ile Kepez Belediyesi Temizlik \u0130\u015fleri M\u00fcd\u00fcrl\u00fc\u011f\u00fc ekipleri dairede \u00e7al\u0131\u015fma ba\u015flatt\u0131. Yakla\u015f\u0131k 2 kamyon at\u0131k malzemenin \u00e7\u0131kar\u0131ld\u0131\u011f\u0131 ev daha sonra ekiplerce temizlenerek dezenfeksiyon i\u015flemi yap\u0131ld\u0131. Daire i\u00e7erisinde ev sahibinin daha \u00f6nceden toplad\u0131\u011f\u0131 at\u0131k ve \u00e7\u00f6p malzemeler bulundu\u011funu belirten Yeni Mahalle Muhtar\u0131 Murat Duran, &#8220;Burada bir amcam\u0131z vard\u0131. Huzurevine yerle\u015ftirmi\u015ftik. Ama vefat etti, belediyemizin deste\u011fiyle \u00e7\u00f6p evi bo\u015falt\u0131yoruz. \u0130\u00e7erisi \u00e7ok k\u00f6t\u00fc, her \u015fey var evin i\u00e7inde. Zab\u0131ta ve di\u011fer birimlerden ekipler ile evi temizletiyoruz. \u00d6ncesinde \u00e7evreden e\u015fya topluyordu. Her \u015fey var evin i\u00e7inde, \u00e7\u00f6plerden toplanm\u0131\u015f, evin i\u00e7ine doldurulmu\u015f&#8221; dedi. Kom\u015fulardan Kamile \u00c7etin ise, &#8220;20 y\u0131ld\u0131r burada otuyorum. U\u011fur amca hastalanm\u0131\u015f, elden ayaktan iyice d\u00fc\u015fm\u00fc\u015ft\u00fc. Evi temizleyemiyordu. Gerekli yerlere ba\u015fvurarak belediyenin de deste\u011fi ile U\u011fur beyi huzurevine yerle\u015ftirmi\u015ftik. Tam her \u015fey yoluna girdi derken U\u011fur bey vefat etti. Evi \u00e7\u00f6p i\u00e7erisinde kald\u0131. \u015eimdi de evi temizlettiriyoruz&#8221; ifadelerini kulland\u0131. Kaynak: www.kanalv.com.tr Haber Sitesinden Al\u0131nm\u0131\u015ft\u0131r.","og_url":"https:\/\/denizcankizil.tr\/en\/haberler\/antalya\/vefat-eden-adamin-evinden-2-kamyon-cop-cikti\/","og_site_name":"Av. Deniz Can K\u0131z\u0131l","article_published_time":"2025-02-26T12:41:30+00:00","og_image":[{"width":1280,"height":720,"url":"https:\/\/denizcankizil.tr\/wp-content\/uploads\/2025\/02\/5199-01-eaNRBI.jpeg","type":"image\/jpeg"}],"author":"Av. Deniz Can K\u0131z\u0131l","twitter_card":"summary_large_image","twitter_misc":{"Written by":"Av. Deniz Can K\u0131z\u0131l","Estimated reading time":"1 minute"},"schema":{"@context":"https:\/\/schema.org","@graph":[{"@type":"Article","@id":"https:\/\/denizcankizil.tr\/en\/haberler\/antalya\/vefat-eden-adamin-evinden-2-kamyon-cop-cikti\/#article","isPartOf":{"@id":"https:\/\/denizcankizil.tr\/en\/haberler\/antalya\/vefat-eden-adamin-evinden-2-kamyon-cop-cikti\/"},"author":{"name":"Av. Deniz Can K\u0131z\u0131l","@id":"https:\/\/denizcankizil.tr\/#\/schema\/person\/5dc1b22991bd7ac833867c10afc9b0ff"},"headline":"Vefat eden adam\u0131n evinden 2 kamyon \u00e7\u00f6p \u00e7\u0131kt\u0131","datePublished":"2025-02-26T12:41:30+00:00","mainEntityOfPage":{"@id":"https:\/\/denizcankizil.tr\/en\/haberler\/antalya\/vefat-eden-adamin-evinden-2-kamyon-cop-cikti\/"},"wordCount":256,"commentCount":0,"publisher":{"@id":"https:\/\/denizcankizil.tr\/#organization"},"image":{"@id":"https:\/\/denizcankizil.tr\/en\/haberler\/antalya\/vefat-eden-adamin-evinden-2-kamyon-cop-cikti\/#primaryimage"},"thumbnailUrl":"https:\/\/denizcankizil.tr\/wp-content\/uploads\/2025\/02\/5199-01-eaNRBI.jpeg","articleSection":["Antalya"],"inLanguage":"en-GB","potentialAction":[{"@type":"CommentAction","name":"Comment","target":["https:\/\/denizcankizil.tr\/en\/haberler\/antalya\/vefat-eden-adamin-evinden-2-kamyon-cop-cikti\/#respond"]}]},{"@type":"WebPage","@id":"https:\/\/denizcankizil.tr\/en\/haberler\/antalya\/vefat-eden-adamin-evinden-2-kamyon-cop-cikti\/","url":"https:\/\/denizcankizil.tr\/en\/haberler\/antalya\/vefat-eden-adamin-evinden-2-kamyon-cop-cikti\/","name":"Vefat eden adam\u0131n evinden 2 kamyon \u00e7\u00f6p \u00e7\u0131kt\u0131 - Av. Deniz Can K\u0131z\u0131l","isPartOf":{"@id":"https:\/\/denizcankizil.tr\/#website"},"primaryImageOfPage":{"@id":"https:\/\/denizcankizil.tr\/en\/haberler\/antalya\/vefat-eden-adamin-evinden-2-kamyon-cop-cikti\/#primaryimage"},"image":{"@id":"https:\/\/denizcankizil.tr\/en\/haberler\/antalya\/vefat-eden-adamin-evinden-2-kamyon-cop-cikti\/#primaryimage"},"thumbnailUrl":"https:\/\/denizcankizil.tr\/wp-content\/uploads\/2025\/02\/5199-01-eaNRBI.jpeg","datePublished":"2025-02-26T12:41:30+00:00","breadcrumb":{"@id":"https:\/\/denizcankizil.tr\/en\/haberler\/antalya\/vefat-eden-adamin-evinden-2-kamyon-cop-cikti\/#breadcrumb"},"inLanguage":"en-GB","potentialAction":[{"@type":"ReadAction","target":["https:\/\/denizcankizil.tr\/en\/haberler\/antalya\/vefat-eden-adamin-evinden-2-kamyon-cop-cikti\/"]}]},{"@type":"ImageObject","inLanguage":"en-GB","@id":"https:\/\/denizcankizil.tr\/en\/haberler\/antalya\/vefat-eden-adamin-evinden-2-kamyon-cop-cikti\/#primaryimage","url":"https:\/\/denizcankizil.tr\/wp-content\/uploads\/2025\/02\/5199-01-eaNRBI.jpeg","contentUrl":"https:\/\/denizcankizil.tr\/wp-content\/uploads\/2025\/02\/5199-01-eaNRBI.jpeg","width":1280,"height":720},{"@type":"BreadcrumbList","@id":"https:\/\/denizcankizil.tr\/en\/haberler\/antalya\/vefat-eden-adamin-evinden-2-kamyon-cop-cikti\/#breadcrumb","itemListElement":[{"@type":"ListItem","position":1,"name":"Home","item":"https:\/\/denizcankizil.tr\/de\/"},{"@type":"ListItem","position":2,"name":"Vefat eden adam\u0131n evinden 2 kamyon \u00e7\u00f6p \u00e7\u0131kt\u0131"}]},{"@type":"WebSite","@id":"https:\/\/denizcankizil.tr\/#website","url":"https:\/\/denizcankizil.tr\/","name":"Av. Deniz Can K\u0131z\u0131l","description":"Avukat Deniz Can K\u0131z\u0131l Antalya Barosu","publisher":{"@id":"https:\/\/denizcankizil.tr\/#organization"},"potentialAction":[{"@type":"SearchAction","target":{"@type":"EntryPoint","urlTemplate":"https:\/\/denizcankizil.tr\/?s={search_term_string}"},"query-input":{"@type":"PropertyValueSpecification","valueRequired":true,"valueName":"search_term_string"}}],"inLanguage":"en-GB"},{"@type":"Organization","@id":"https:\/\/denizcankizil.tr\/#organization","name":"Av. Deniz Can K\u0131z\u0131l","url":"https:\/\/denizcankizil.tr\/","logo":{"@type":"ImageObject","inLanguage":"en-GB","@id":"https:\/\/denizcankizil.tr\/#\/schema\/logo\/image\/","url":"https:\/\/denizcankizil.tr\/wp-content\/uploads\/2024\/10\/siyah-logo-svg.svg","contentUrl":"https:\/\/denizcankizil.tr\/wp-content\/uploads\/2024\/10\/siyah-logo-svg.svg","width":1080,"height":1080,"caption":"Av. Deniz Can K\u0131z\u0131l"},"image":{"@id":"https:\/\/denizcankizil.tr\/#\/schema\/logo\/image\/"}},{"@type":"Person","@id":"https:\/\/denizcankizil.tr\/#\/schema\/person\/5dc1b22991bd7ac833867c10afc9b0ff","name":"Av. Deniz Can K\u0131z\u0131l","image":{"@type":"ImageObject","inLanguage":"en-GB","@id":"https:\/\/denizcankizil.tr\/#\/schema\/person\/image\/","url":"https:\/\/secure.gravatar.com\/avatar\/a0b128fb9855c79efc976d5640eedb31dc35ec297594d6016d2cf7c60e975bb6?s=96&d=mm&r=g","contentUrl":"https:\/\/secure.gravatar.com\/avatar\/a0b128fb9855c79efc976d5640eedb31dc35ec297594d6016d2cf7c60e975bb6?s=96&d=mm&r=g","caption":"Av. Deniz Can K\u0131z\u0131l"},"sameAs":["http:\/\/www.denizcankizil.tr"],"url":"https:\/\/denizcankizil.tr\/en\/author\/denizcankizil\/"}]}},"_links":{"self":[{"href":"https:\/\/denizcankizil.tr\/en\/wp-json\/wp\/v2\/posts\/34166","targetHints":{"allow":["GET"]}}],"collection":[{"href":"https:\/\/denizcankizil.tr\/en\/wp-json\/wp\/v2\/posts"}],"about":[{"href":"https:\/\/denizcankizil.tr\/en\/wp-json\/wp\/v2\/types\/post"}],"author":[{"embeddable":true,"href":"https:\/\/denizcankizil.tr\/en\/wp-json\/wp\/v2\/users\/4"}],"replies":[{"embeddable":true,"href":"https:\/\/denizcankizil.tr\/en\/wp-json\/wp\/v2\/comments?post=34166"}],"version-history":[{"count":0,"href":"https:\/\/denizcankizil.tr\/en\/wp-json\/wp\/v2\/posts\/34166\/revisions"}],"wp:featuredmedia":[{"embeddable":true,"href":"https:\/\/denizcankizil.tr\/en\/wp-json\/wp\/v2\/media\/34167"}],"wp:attachment":[{"href":"https:\/\/denizcankizil.tr\/en\/wp-json\/wp\/v2\/media?parent=34166"}],"wp:term":[{"taxonomy":"category","embeddable":true,"href":"https:\/\/denizcankizil.tr\/en\/wp-json\/wp\/v2\/categories?post=34166"},{"taxonomy":"post_tag","embeddable":true,"href":"https:\/\/denizcankizil.tr\/en\/wp-json\/wp\/v2\/tags?post=34166"}],"curies":[{"name":"wp","href":"https:\/\/api.w.org\/{rel}","templated":true}]}}