{"id":34147,"date":"2025-02-26T12:41:44","date_gmt":"2025-02-26T09:41:44","guid":{"rendered":"https:\/\/denizcankizil.tr\/uncategorized-tr\/altin-portakalin-en-iyi-filmi-gisede-87-bine-ulasti\/"},"modified":"2025-02-26T12:41:44","modified_gmt":"2025-02-26T09:41:44","slug":"altin-portakalin-en-iyi-filmi-gisede-87-bine-ulasti","status":"publish","type":"post","link":"https:\/\/denizcankizil.tr\/en\/haberler\/antalya\/altin-portakalin-en-iyi-filmi-gisede-87-bine-ulasti\/","title":{"rendered":"Alt\u0131n Portakal\u2019\u0131n en iyi filmi gi\u015fede 87 bine ula\u015ft\u0131"},"content":{"rendered":"<p>61. Uluslararas\u0131 Antalya Alt\u0131n Portakal Film Festivali\u2019nde &#8220;En \u0130yi Film&#8221; \u00f6d\u00fcl\u00fcn\u00fc kazanan \u2018Mukadderat\u2019 gi\u015fede de seyircilerin b\u00fcy\u00fck ilgisiyle kar\u015f\u0131land\u0131. \u2018Mukadderat\u2019 g\u00f6sterimde kald\u0131\u011f\u0131 on iki haftada 87 bin adetlik gi\u015feye ula\u015ft\u0131.<br \/>\n61. Uluslararas\u0131 Antalya Alt\u0131n Portakal Film Festivali\u2019nde En \u0130yi Film \u00f6d\u00fcl\u00fcn\u00fcn yan\u0131 s\u0131ra film ekibinden Nur S\u00fcrer\u2019in En \u0130yi Kad\u0131n Oyuncu, Osman Sonant\u2019\u0131n En \u0130yi Yard\u0131mc\u0131 Erkek Oyuncu \u00f6d\u00fcl\u00fcne lay\u0131k g\u00f6r\u00fcld\u00fc\u011f\u00fc \u2018Mukadderat\u2019\u0131n ba\u015far\u0131s\u0131 gi\u015feye de yans\u0131d\u0131. Y\u00f6netmenli\u011fini Nadim G\u00fc\u00e7&#8217;\u00fcn yapt\u0131\u011f\u0131, oyuncu kadrosunda Nur S\u00fcrer, Asl\u0131han G\u00fcrb\u00fcz, Osman Sonant, \u015eerif Erol, Osman Alka\u015f, Sacide Ta\u015faner ve Cem Zeynel K\u0131l\u0131\u00e7&#8217;\u0131n yer ald\u0131\u011f\u0131 filmde, e\u015fini kaybetmesinin ard\u0131ndan yaln\u0131z kalma korkusuyla hemen yeniden evlenmek isteyen Sultan&#8217;\u0131n hikayesi anlat\u0131l\u0131yor. Kad\u0131n eme\u011fini oda\u011f\u0131na alan film 8 Mart D\u00fcnya Emek\u00e7i Kad\u0131nlar G\u00fcn\u00fc\u2019nde T\u00fcrkiye sinemalar\u0131nda tekrar vizyona \u00e7\u0131kacak.<\/p>\n<p>Alt\u0131n Portakal 62\u2019nci kez sinema tutkunlar\u0131yla bulu\u015fmaya haz\u0131rlan\u0131yor<br \/>\nT\u00fcrkiye ve d\u00fcnya sinemas\u0131n\u0131n en se\u00e7kin yap\u0131mlar\u0131n\u0131 sinemaseverlerle bulu\u015fturan Uluslararas\u0131 Antalya Alt\u0131n Portakal Film Festivali, 62. kez sinema tutkunlar\u0131 ile bulu\u015fmaya haz\u0131rlan\u0131yor. 24 Ekim-2 Kas\u0131m 2025 tarihleri aras\u0131nda ger\u00e7ekle\u015fecek festival, ge\u00e7en y\u0131lki kuvvetli program\u0131n\u0131n ard\u0131ndan bu y\u0131l da sinemaseverlere unutulmaz anlar ya\u015fatmay\u0131 hedefliyor.<br \/>\nBu y\u0131l da festivalde birbirinden de\u011ferli filmler izleyiciyle bulu\u015facak, sinema tutkunlar\u0131 sekt\u00f6r\u00fcn \u00f6nemli isimleriyle s\u00f6yle\u015fi yapma f\u0131rsat\u0131 yakalayacak.<\/p>\n<p>Kaynak: www.kanalv.com.tr Haber Sitesinden Al\u0131nm\u0131\u015ft\u0131r.<\/p>","protected":false},"excerpt":{"rendered":"<p>61. Uluslararas\u0131 Antalya Alt\u0131n Portakal Film Festivali\u2019nde &#8220;En \u0130yi Film&#8221; \u00f6d\u00fcl\u00fcn\u00fc kazanan \u2018Mukadderat\u2019 gi\u015fede de seyircilerin b\u00fcy\u00fck ilgisiyle kar\u015f\u0131land\u0131. \u2018Mukadderat\u2019 g\u00f6sterimde kald\u0131\u011f\u0131 on iki haftada 87 bin adetlik gi\u015feye ula\u015ft\u0131. 61. Uluslararas\u0131 Antalya Alt\u0131n Portakal Film Festivali\u2019nde En \u0130yi Film \u00f6d\u00fcl\u00fcn\u00fcn yan\u0131 s\u0131ra film ekibinden Nur S\u00fcrer\u2019in En \u0130yi Kad\u0131n Oyuncu, Osman Sonant\u2019\u0131n En \u0130yi Yard\u0131mc\u0131 Erkek Oyuncu \u00f6d\u00fcl\u00fcne lay\u0131k g\u00f6r\u00fcld\u00fc\u011f\u00fc \u2018Mukadderat\u2019\u0131n ba\u015far\u0131s\u0131 gi\u015feye de yans\u0131d\u0131. Y\u00f6netmenli\u011fini Nadim G\u00fc\u00e7&#8217;\u00fcn yapt\u0131\u011f\u0131, oyuncu kadrosunda Nur S\u00fcrer, Asl\u0131han G\u00fcrb\u00fcz, Osman Sonant, \u015eerif Erol, Osman Alka\u015f, Sacide Ta\u015faner ve Cem Zeynel K\u0131l\u0131\u00e7&#8217;\u0131n yer ald\u0131\u011f\u0131 filmde, e\u015fini kaybetmesinin ard\u0131ndan yaln\u0131z kalma korkusuyla hemen yeniden evlenmek isteyen Sultan&#8217;\u0131n hikayesi anlat\u0131l\u0131yor. Kad\u0131n eme\u011fini oda\u011f\u0131na alan film 8 Mart D\u00fcnya Emek\u00e7i Kad\u0131nlar G\u00fcn\u00fc\u2019nde T\u00fcrkiye sinemalar\u0131nda tekrar vizyona \u00e7\u0131kacak. Alt\u0131n Portakal 62\u2019nci kez sinema tutkunlar\u0131yla bulu\u015fmaya haz\u0131rlan\u0131yor T\u00fcrkiye ve d\u00fcnya sinemas\u0131n\u0131n en se\u00e7kin yap\u0131mlar\u0131n\u0131 sinemaseverlerle bulu\u015fturan Uluslararas\u0131 Antalya Alt\u0131n Portakal Film Festivali, 62. kez sinema tutkunlar\u0131 ile bulu\u015fmaya haz\u0131rlan\u0131yor. 24 Ekim-2 Kas\u0131m 2025 tarihleri aras\u0131nda ger\u00e7ekle\u015fecek festival, ge\u00e7en y\u0131lki kuvvetli program\u0131n\u0131n ard\u0131ndan bu y\u0131l da sinemaseverlere unutulmaz anlar ya\u015fatmay\u0131 hedefliyor. Bu y\u0131l da festivalde birbirinden de\u011ferli filmler izleyiciyle bulu\u015facak, sinema tutkunlar\u0131 sekt\u00f6r\u00fcn \u00f6nemli isimleriyle s\u00f6yle\u015fi yapma f\u0131rsat\u0131 yakalayacak. Kaynak: www.kanalv.com.tr Haber Sitesinden Al\u0131nm\u0131\u015ft\u0131r.<\/p>","protected":false},"author":4,"featured_media":34148,"comment_status":"open","ping_status":"open","sticky":false,"template":"","format":"standard","meta":{"_acf_changed":false,"footnotes":""},"categories":[26],"tags":[],"class_list":["post-34147","post","type-post","status-publish","format-standard","has-post-thumbnail","hentry","category-antalya"],"acf":[],"yoast_head":"<!-- This site is optimized with the Yoast SEO Premium plugin v26.6 (Yoast SEO v27.1.1) - https:\/\/yoast.com\/product\/yoast-seo-premium-wordpress\/ -->\n<title>Alt\u0131n Portakal\u2019\u0131n en iyi filmi gi\u015fede 87 bine ula\u015ft\u0131 - Av. Deniz Can K\u0131z\u0131l<\/title>\n<meta name=\"robots\" content=\"index, follow, max-snippet:-1, max-image-preview:large, max-video-preview:-1\" \/>\n<link rel=\"canonical\" href=\"https:\/\/denizcankizil.tr\/en\/haberler\/antalya\/altin-portakalin-en-iyi-filmi-gisede-87-bine-ulasti\/\" \/>\n<meta property=\"og:locale\" content=\"en_GB\" \/>\n<meta property=\"og:type\" content=\"article\" \/>\n<meta property=\"og:title\" content=\"Alt\u0131n Portakal\u2019\u0131n en iyi filmi gi\u015fede 87 bine ula\u015ft\u0131\" \/>\n<meta property=\"og:description\" content=\"61. Uluslararas\u0131 Antalya Alt\u0131n Portakal Film Festivali\u2019nde &#8220;En \u0130yi Film&#8221; \u00f6d\u00fcl\u00fcn\u00fc kazanan \u2018Mukadderat\u2019 gi\u015fede de seyircilerin b\u00fcy\u00fck ilgisiyle kar\u015f\u0131land\u0131. \u2018Mukadderat\u2019 g\u00f6sterimde kald\u0131\u011f\u0131 on iki haftada 87 bin adetlik gi\u015feye ula\u015ft\u0131. 61. Uluslararas\u0131 Antalya Alt\u0131n Portakal Film Festivali\u2019nde En \u0130yi Film \u00f6d\u00fcl\u00fcn\u00fcn yan\u0131 s\u0131ra film ekibinden Nur S\u00fcrer\u2019in En \u0130yi Kad\u0131n Oyuncu, Osman Sonant\u2019\u0131n En \u0130yi Yard\u0131mc\u0131 Erkek Oyuncu \u00f6d\u00fcl\u00fcne lay\u0131k g\u00f6r\u00fcld\u00fc\u011f\u00fc \u2018Mukadderat\u2019\u0131n ba\u015far\u0131s\u0131 gi\u015feye de yans\u0131d\u0131. Y\u00f6netmenli\u011fini Nadim G\u00fc\u00e7&#8217;\u00fcn yapt\u0131\u011f\u0131, oyuncu kadrosunda Nur S\u00fcrer, Asl\u0131han G\u00fcrb\u00fcz, Osman Sonant, \u015eerif Erol, Osman Alka\u015f, Sacide Ta\u015faner ve Cem Zeynel K\u0131l\u0131\u00e7&#8217;\u0131n yer ald\u0131\u011f\u0131 filmde, e\u015fini kaybetmesinin ard\u0131ndan yaln\u0131z kalma korkusuyla hemen yeniden evlenmek isteyen Sultan&#8217;\u0131n hikayesi anlat\u0131l\u0131yor. Kad\u0131n eme\u011fini oda\u011f\u0131na alan film 8 Mart D\u00fcnya Emek\u00e7i Kad\u0131nlar G\u00fcn\u00fc\u2019nde T\u00fcrkiye sinemalar\u0131nda tekrar vizyona \u00e7\u0131kacak. Alt\u0131n Portakal 62\u2019nci kez sinema tutkunlar\u0131yla bulu\u015fmaya haz\u0131rlan\u0131yor T\u00fcrkiye ve d\u00fcnya sinemas\u0131n\u0131n en se\u00e7kin yap\u0131mlar\u0131n\u0131 sinemaseverlerle bulu\u015fturan Uluslararas\u0131 Antalya Alt\u0131n Portakal Film Festivali, 62. kez sinema tutkunlar\u0131 ile bulu\u015fmaya haz\u0131rlan\u0131yor. 24 Ekim-2 Kas\u0131m 2025 tarihleri aras\u0131nda ger\u00e7ekle\u015fecek festival, ge\u00e7en y\u0131lki kuvvetli program\u0131n\u0131n ard\u0131ndan bu y\u0131l da sinemaseverlere unutulmaz anlar ya\u015fatmay\u0131 hedefliyor. Bu y\u0131l da festivalde birbirinden de\u011ferli filmler izleyiciyle bulu\u015facak, sinema tutkunlar\u0131 sekt\u00f6r\u00fcn \u00f6nemli isimleriyle s\u00f6yle\u015fi yapma f\u0131rsat\u0131 yakalayacak. Kaynak: www.kanalv.com.tr Haber Sitesinden Al\u0131nm\u0131\u015ft\u0131r.\" \/>\n<meta property=\"og:url\" content=\"https:\/\/denizcankizil.tr\/en\/haberler\/antalya\/altin-portakalin-en-iyi-filmi-gisede-87-bine-ulasti\/\" \/>\n<meta property=\"og:site_name\" content=\"Av. Deniz Can K\u0131z\u0131l\" \/>\n<meta property=\"article:published_time\" content=\"2025-02-26T09:41:44+00:00\" \/>\n<meta property=\"og:image\" content=\"https:\/\/denizcankizil.tr\/wp-content\/uploads\/2025\/02\/5185-01-36z9VE.jpeg\" \/>\n\t<meta property=\"og:image:width\" content=\"1280\" \/>\n\t<meta property=\"og:image:height\" content=\"720\" \/>\n\t<meta property=\"og:image:type\" content=\"image\/jpeg\" \/>\n<meta name=\"author\" content=\"Av. Deniz Can K\u0131z\u0131l\" \/>\n<meta name=\"twitter:card\" content=\"summary_large_image\" \/>\n<meta name=\"twitter:label1\" content=\"Written by\" \/>\n\t<meta name=\"twitter:data1\" content=\"Av. Deniz Can K\u0131z\u0131l\" \/>\n\t<meta name=\"twitter:label2\" content=\"Estimated reading time\" \/>\n\t<meta name=\"twitter:data2\" content=\"1 minute\" \/>\n<script type=\"application\/ld+json\" class=\"yoast-schema-graph\">{\"@context\":\"https:\/\/schema.org\",\"@graph\":[{\"@type\":\"Article\",\"@id\":\"https:\/\/denizcankizil.tr\/en\/haberler\/antalya\/altin-portakalin-en-iyi-filmi-gisede-87-bine-ulasti\/#article\",\"isPartOf\":{\"@id\":\"https:\/\/denizcankizil.tr\/en\/haberler\/antalya\/altin-portakalin-en-iyi-filmi-gisede-87-bine-ulasti\/\"},\"author\":{\"name\":\"Av. Deniz Can K\u0131z\u0131l\",\"@id\":\"https:\/\/denizcankizil.tr\/de\/#\/schema\/person\/5dc1b22991bd7ac833867c10afc9b0ff\"},\"headline\":\"Alt\u0131n Portakal\u2019\u0131n en iyi filmi gi\u015fede 87 bine ula\u015ft\u0131\",\"datePublished\":\"2025-02-26T09:41:44+00:00\",\"mainEntityOfPage\":{\"@id\":\"https:\/\/denizcankizil.tr\/en\/haberler\/antalya\/altin-portakalin-en-iyi-filmi-gisede-87-bine-ulasti\/\"},\"wordCount\":299,\"commentCount\":0,\"publisher\":{\"@id\":\"https:\/\/denizcankizil.tr\/de\/#organization\"},\"image\":{\"@id\":\"https:\/\/denizcankizil.tr\/en\/haberler\/antalya\/altin-portakalin-en-iyi-filmi-gisede-87-bine-ulasti\/#primaryimage\"},\"thumbnailUrl\":\"https:\/\/denizcankizil.tr\/wp-content\/uploads\/2025\/02\/5185-01-36z9VE.jpeg\",\"articleSection\":[\"Antalya\"],\"inLanguage\":\"en-GB\",\"potentialAction\":[{\"@type\":\"CommentAction\",\"name\":\"Comment\",\"target\":[\"https:\/\/denizcankizil.tr\/en\/haberler\/antalya\/altin-portakalin-en-iyi-filmi-gisede-87-bine-ulasti\/#respond\"]}]},{\"@type\":\"WebPage\",\"@id\":\"https:\/\/denizcankizil.tr\/en\/haberler\/antalya\/altin-portakalin-en-iyi-filmi-gisede-87-bine-ulasti\/\",\"url\":\"https:\/\/denizcankizil.tr\/en\/haberler\/antalya\/altin-portakalin-en-iyi-filmi-gisede-87-bine-ulasti\/\",\"name\":\"Alt\u0131n Portakal\u2019\u0131n en iyi filmi gi\u015fede 87 bine ula\u015ft\u0131 - Av. Deniz Can K\u0131z\u0131l\",\"isPartOf\":{\"@id\":\"https:\/\/denizcankizil.tr\/de\/#website\"},\"primaryImageOfPage\":{\"@id\":\"https:\/\/denizcankizil.tr\/en\/haberler\/antalya\/altin-portakalin-en-iyi-filmi-gisede-87-bine-ulasti\/#primaryimage\"},\"image\":{\"@id\":\"https:\/\/denizcankizil.tr\/en\/haberler\/antalya\/altin-portakalin-en-iyi-filmi-gisede-87-bine-ulasti\/#primaryimage\"},\"thumbnailUrl\":\"https:\/\/denizcankizil.tr\/wp-content\/uploads\/2025\/02\/5185-01-36z9VE.jpeg\",\"datePublished\":\"2025-02-26T09:41:44+00:00\",\"breadcrumb\":{\"@id\":\"https:\/\/denizcankizil.tr\/en\/haberler\/antalya\/altin-portakalin-en-iyi-filmi-gisede-87-bine-ulasti\/#breadcrumb\"},\"inLanguage\":\"en-GB\",\"potentialAction\":[{\"@type\":\"ReadAction\",\"target\":[\"https:\/\/denizcankizil.tr\/en\/haberler\/antalya\/altin-portakalin-en-iyi-filmi-gisede-87-bine-ulasti\/\"]}]},{\"@type\":\"ImageObject\",\"inLanguage\":\"en-GB\",\"@id\":\"https:\/\/denizcankizil.tr\/en\/haberler\/antalya\/altin-portakalin-en-iyi-filmi-gisede-87-bine-ulasti\/#primaryimage\",\"url\":\"https:\/\/denizcankizil.tr\/wp-content\/uploads\/2025\/02\/5185-01-36z9VE.jpeg\",\"contentUrl\":\"https:\/\/denizcankizil.tr\/wp-content\/uploads\/2025\/02\/5185-01-36z9VE.jpeg\",\"width\":1280,\"height\":720},{\"@type\":\"BreadcrumbList\",\"@id\":\"https:\/\/denizcankizil.tr\/en\/haberler\/antalya\/altin-portakalin-en-iyi-filmi-gisede-87-bine-ulasti\/#breadcrumb\",\"itemListElement\":[{\"@type\":\"ListItem\",\"position\":1,\"name\":\"Home\",\"item\":\"https:\/\/denizcankizil.tr\/de\/\"},{\"@type\":\"ListItem\",\"position\":2,\"name\":\"Alt\u0131n Portakal\u2019\u0131n en iyi filmi gi\u015fede 87 bine ula\u015ft\u0131\"}]},{\"@type\":\"WebSite\",\"@id\":\"https:\/\/denizcankizil.tr\/de\/#website\",\"url\":\"https:\/\/denizcankizil.tr\/de\/\",\"name\":\"Av. Deniz Can K\u0131z\u0131l\",\"description\":\"Avukat Deniz Can K\u0131z\u0131l Antalya Barosu\",\"publisher\":{\"@id\":\"https:\/\/denizcankizil.tr\/de\/#organization\"},\"potentialAction\":[{\"@type\":\"SearchAction\",\"target\":{\"@type\":\"EntryPoint\",\"urlTemplate\":\"https:\/\/denizcankizil.tr\/de\/?s={search_term_string}\"},\"query-input\":{\"@type\":\"PropertyValueSpecification\",\"valueRequired\":true,\"valueName\":\"search_term_string\"}}],\"inLanguage\":\"en-GB\"},{\"@type\":\"Organization\",\"@id\":\"https:\/\/denizcankizil.tr\/de\/#organization\",\"name\":\"Av. Deniz Can K\u0131z\u0131l\",\"url\":\"https:\/\/denizcankizil.tr\/de\/\",\"logo\":{\"@type\":\"ImageObject\",\"inLanguage\":\"en-GB\",\"@id\":\"https:\/\/denizcankizil.tr\/de\/#\/schema\/logo\/image\/\",\"url\":\"https:\/\/denizcankizil.tr\/wp-content\/uploads\/2024\/10\/siyah-logo-svg.svg\",\"contentUrl\":\"https:\/\/denizcankizil.tr\/wp-content\/uploads\/2024\/10\/siyah-logo-svg.svg\",\"width\":1080,\"height\":1080,\"caption\":\"Av. Deniz Can K\u0131z\u0131l\"},\"image\":{\"@id\":\"https:\/\/denizcankizil.tr\/de\/#\/schema\/logo\/image\/\"}},{\"@type\":\"Person\",\"@id\":\"https:\/\/denizcankizil.tr\/de\/#\/schema\/person\/5dc1b22991bd7ac833867c10afc9b0ff\",\"name\":\"Av. Deniz Can K\u0131z\u0131l\",\"image\":{\"@type\":\"ImageObject\",\"inLanguage\":\"en-GB\",\"@id\":\"https:\/\/denizcankizil.tr\/de\/#\/schema\/person\/image\/\",\"url\":\"https:\/\/secure.gravatar.com\/avatar\/a0b128fb9855c79efc976d5640eedb31dc35ec297594d6016d2cf7c60e975bb6?s=96&d=mm&r=g\",\"contentUrl\":\"https:\/\/secure.gravatar.com\/avatar\/a0b128fb9855c79efc976d5640eedb31dc35ec297594d6016d2cf7c60e975bb6?s=96&d=mm&r=g\",\"caption\":\"Av. Deniz Can K\u0131z\u0131l\"},\"sameAs\":[\"http:\/\/www.denizcankizil.tr\"],\"url\":\"https:\/\/denizcankizil.tr\/en\/author\/denizcankizil\/\"}]}<\/script>\n<!-- \/ Yoast SEO Premium plugin. -->","yoast_head_json":{"title":"Alt\u0131n Portakal\u2019\u0131n en iyi filmi gi\u015fede 87 bine ula\u015ft\u0131 - Av. Deniz Can K\u0131z\u0131l","robots":{"index":"index","follow":"follow","max-snippet":"max-snippet:-1","max-image-preview":"max-image-preview:large","max-video-preview":"max-video-preview:-1"},"canonical":"https:\/\/denizcankizil.tr\/en\/haberler\/antalya\/altin-portakalin-en-iyi-filmi-gisede-87-bine-ulasti\/","og_locale":"en_GB","og_type":"article","og_title":"Alt\u0131n Portakal\u2019\u0131n en iyi filmi gi\u015fede 87 bine ula\u015ft\u0131","og_description":"61. Uluslararas\u0131 Antalya Alt\u0131n Portakal Film Festivali\u2019nde &#8220;En \u0130yi Film&#8221; \u00f6d\u00fcl\u00fcn\u00fc kazanan \u2018Mukadderat\u2019 gi\u015fede de seyircilerin b\u00fcy\u00fck ilgisiyle kar\u015f\u0131land\u0131. \u2018Mukadderat\u2019 g\u00f6sterimde kald\u0131\u011f\u0131 on iki haftada 87 bin adetlik gi\u015feye ula\u015ft\u0131. 61. Uluslararas\u0131 Antalya Alt\u0131n Portakal Film Festivali\u2019nde En \u0130yi Film \u00f6d\u00fcl\u00fcn\u00fcn yan\u0131 s\u0131ra film ekibinden Nur S\u00fcrer\u2019in En \u0130yi Kad\u0131n Oyuncu, Osman Sonant\u2019\u0131n En \u0130yi Yard\u0131mc\u0131 Erkek Oyuncu \u00f6d\u00fcl\u00fcne lay\u0131k g\u00f6r\u00fcld\u00fc\u011f\u00fc \u2018Mukadderat\u2019\u0131n ba\u015far\u0131s\u0131 gi\u015feye de yans\u0131d\u0131. Y\u00f6netmenli\u011fini Nadim G\u00fc\u00e7&#8217;\u00fcn yapt\u0131\u011f\u0131, oyuncu kadrosunda Nur S\u00fcrer, Asl\u0131han G\u00fcrb\u00fcz, Osman Sonant, \u015eerif Erol, Osman Alka\u015f, Sacide Ta\u015faner ve Cem Zeynel K\u0131l\u0131\u00e7&#8217;\u0131n yer ald\u0131\u011f\u0131 filmde, e\u015fini kaybetmesinin ard\u0131ndan yaln\u0131z kalma korkusuyla hemen yeniden evlenmek isteyen Sultan&#8217;\u0131n hikayesi anlat\u0131l\u0131yor. Kad\u0131n eme\u011fini oda\u011f\u0131na alan film 8 Mart D\u00fcnya Emek\u00e7i Kad\u0131nlar G\u00fcn\u00fc\u2019nde T\u00fcrkiye sinemalar\u0131nda tekrar vizyona \u00e7\u0131kacak. Alt\u0131n Portakal 62\u2019nci kez sinema tutkunlar\u0131yla bulu\u015fmaya haz\u0131rlan\u0131yor T\u00fcrkiye ve d\u00fcnya sinemas\u0131n\u0131n en se\u00e7kin yap\u0131mlar\u0131n\u0131 sinemaseverlerle bulu\u015fturan Uluslararas\u0131 Antalya Alt\u0131n Portakal Film Festivali, 62. kez sinema tutkunlar\u0131 ile bulu\u015fmaya haz\u0131rlan\u0131yor. 24 Ekim-2 Kas\u0131m 2025 tarihleri aras\u0131nda ger\u00e7ekle\u015fecek festival, ge\u00e7en y\u0131lki kuvvetli program\u0131n\u0131n ard\u0131ndan bu y\u0131l da sinemaseverlere unutulmaz anlar ya\u015fatmay\u0131 hedefliyor. Bu y\u0131l da festivalde birbirinden de\u011ferli filmler izleyiciyle bulu\u015facak, sinema tutkunlar\u0131 sekt\u00f6r\u00fcn \u00f6nemli isimleriyle s\u00f6yle\u015fi yapma f\u0131rsat\u0131 yakalayacak. Kaynak: www.kanalv.com.tr Haber Sitesinden Al\u0131nm\u0131\u015ft\u0131r.","og_url":"https:\/\/denizcankizil.tr\/en\/haberler\/antalya\/altin-portakalin-en-iyi-filmi-gisede-87-bine-ulasti\/","og_site_name":"Av. Deniz Can K\u0131z\u0131l","article_published_time":"2025-02-26T09:41:44+00:00","og_image":[{"width":1280,"height":720,"url":"https:\/\/denizcankizil.tr\/wp-content\/uploads\/2025\/02\/5185-01-36z9VE.jpeg","type":"image\/jpeg"}],"author":"Av. Deniz Can K\u0131z\u0131l","twitter_card":"summary_large_image","twitter_misc":{"Written by":"Av. Deniz Can K\u0131z\u0131l","Estimated reading time":"1 minute"},"schema":{"@context":"https:\/\/schema.org","@graph":[{"@type":"Article","@id":"https:\/\/denizcankizil.tr\/en\/haberler\/antalya\/altin-portakalin-en-iyi-filmi-gisede-87-bine-ulasti\/#article","isPartOf":{"@id":"https:\/\/denizcankizil.tr\/en\/haberler\/antalya\/altin-portakalin-en-iyi-filmi-gisede-87-bine-ulasti\/"},"author":{"name":"Av. Deniz Can K\u0131z\u0131l","@id":"https:\/\/denizcankizil.tr\/de\/#\/schema\/person\/5dc1b22991bd7ac833867c10afc9b0ff"},"headline":"Alt\u0131n Portakal\u2019\u0131n en iyi filmi gi\u015fede 87 bine ula\u015ft\u0131","datePublished":"2025-02-26T09:41:44+00:00","mainEntityOfPage":{"@id":"https:\/\/denizcankizil.tr\/en\/haberler\/antalya\/altin-portakalin-en-iyi-filmi-gisede-87-bine-ulasti\/"},"wordCount":299,"commentCount":0,"publisher":{"@id":"https:\/\/denizcankizil.tr\/de\/#organization"},"image":{"@id":"https:\/\/denizcankizil.tr\/en\/haberler\/antalya\/altin-portakalin-en-iyi-filmi-gisede-87-bine-ulasti\/#primaryimage"},"thumbnailUrl":"https:\/\/denizcankizil.tr\/wp-content\/uploads\/2025\/02\/5185-01-36z9VE.jpeg","articleSection":["Antalya"],"inLanguage":"en-GB","potentialAction":[{"@type":"CommentAction","name":"Comment","target":["https:\/\/denizcankizil.tr\/en\/haberler\/antalya\/altin-portakalin-en-iyi-filmi-gisede-87-bine-ulasti\/#respond"]}]},{"@type":"WebPage","@id":"https:\/\/denizcankizil.tr\/en\/haberler\/antalya\/altin-portakalin-en-iyi-filmi-gisede-87-bine-ulasti\/","url":"https:\/\/denizcankizil.tr\/en\/haberler\/antalya\/altin-portakalin-en-iyi-filmi-gisede-87-bine-ulasti\/","name":"Alt\u0131n Portakal\u2019\u0131n en iyi filmi gi\u015fede 87 bine ula\u015ft\u0131 - Av. Deniz Can K\u0131z\u0131l","isPartOf":{"@id":"https:\/\/denizcankizil.tr\/de\/#website"},"primaryImageOfPage":{"@id":"https:\/\/denizcankizil.tr\/en\/haberler\/antalya\/altin-portakalin-en-iyi-filmi-gisede-87-bine-ulasti\/#primaryimage"},"image":{"@id":"https:\/\/denizcankizil.tr\/en\/haberler\/antalya\/altin-portakalin-en-iyi-filmi-gisede-87-bine-ulasti\/#primaryimage"},"thumbnailUrl":"https:\/\/denizcankizil.tr\/wp-content\/uploads\/2025\/02\/5185-01-36z9VE.jpeg","datePublished":"2025-02-26T09:41:44+00:00","breadcrumb":{"@id":"https:\/\/denizcankizil.tr\/en\/haberler\/antalya\/altin-portakalin-en-iyi-filmi-gisede-87-bine-ulasti\/#breadcrumb"},"inLanguage":"en-GB","potentialAction":[{"@type":"ReadAction","target":["https:\/\/denizcankizil.tr\/en\/haberler\/antalya\/altin-portakalin-en-iyi-filmi-gisede-87-bine-ulasti\/"]}]},{"@type":"ImageObject","inLanguage":"en-GB","@id":"https:\/\/denizcankizil.tr\/en\/haberler\/antalya\/altin-portakalin-en-iyi-filmi-gisede-87-bine-ulasti\/#primaryimage","url":"https:\/\/denizcankizil.tr\/wp-content\/uploads\/2025\/02\/5185-01-36z9VE.jpeg","contentUrl":"https:\/\/denizcankizil.tr\/wp-content\/uploads\/2025\/02\/5185-01-36z9VE.jpeg","width":1280,"height":720},{"@type":"BreadcrumbList","@id":"https:\/\/denizcankizil.tr\/en\/haberler\/antalya\/altin-portakalin-en-iyi-filmi-gisede-87-bine-ulasti\/#breadcrumb","itemListElement":[{"@type":"ListItem","position":1,"name":"Home","item":"https:\/\/denizcankizil.tr\/de\/"},{"@type":"ListItem","position":2,"name":"Alt\u0131n Portakal\u2019\u0131n en iyi filmi gi\u015fede 87 bine ula\u015ft\u0131"}]},{"@type":"WebSite","@id":"https:\/\/denizcankizil.tr\/de\/#website","url":"https:\/\/denizcankizil.tr\/de\/","name":"Av. Deniz Can K\u0131z\u0131l","description":"Avukat Deniz Can K\u0131z\u0131l Antalya Barosu","publisher":{"@id":"https:\/\/denizcankizil.tr\/de\/#organization"},"potentialAction":[{"@type":"SearchAction","target":{"@type":"EntryPoint","urlTemplate":"https:\/\/denizcankizil.tr\/de\/?s={search_term_string}"},"query-input":{"@type":"PropertyValueSpecification","valueRequired":true,"valueName":"search_term_string"}}],"inLanguage":"en-GB"},{"@type":"Organization","@id":"https:\/\/denizcankizil.tr\/de\/#organization","name":"Av. Deniz Can K\u0131z\u0131l","url":"https:\/\/denizcankizil.tr\/de\/","logo":{"@type":"ImageObject","inLanguage":"en-GB","@id":"https:\/\/denizcankizil.tr\/de\/#\/schema\/logo\/image\/","url":"https:\/\/denizcankizil.tr\/wp-content\/uploads\/2024\/10\/siyah-logo-svg.svg","contentUrl":"https:\/\/denizcankizil.tr\/wp-content\/uploads\/2024\/10\/siyah-logo-svg.svg","width":1080,"height":1080,"caption":"Av. Deniz Can K\u0131z\u0131l"},"image":{"@id":"https:\/\/denizcankizil.tr\/de\/#\/schema\/logo\/image\/"}},{"@type":"Person","@id":"https:\/\/denizcankizil.tr\/de\/#\/schema\/person\/5dc1b22991bd7ac833867c10afc9b0ff","name":"Av. Deniz Can K\u0131z\u0131l","image":{"@type":"ImageObject","inLanguage":"en-GB","@id":"https:\/\/denizcankizil.tr\/de\/#\/schema\/person\/image\/","url":"https:\/\/secure.gravatar.com\/avatar\/a0b128fb9855c79efc976d5640eedb31dc35ec297594d6016d2cf7c60e975bb6?s=96&d=mm&r=g","contentUrl":"https:\/\/secure.gravatar.com\/avatar\/a0b128fb9855c79efc976d5640eedb31dc35ec297594d6016d2cf7c60e975bb6?s=96&d=mm&r=g","caption":"Av. Deniz Can K\u0131z\u0131l"},"sameAs":["http:\/\/www.denizcankizil.tr"],"url":"https:\/\/denizcankizil.tr\/en\/author\/denizcankizil\/"}]}},"_links":{"self":[{"href":"https:\/\/denizcankizil.tr\/en\/wp-json\/wp\/v2\/posts\/34147","targetHints":{"allow":["GET"]}}],"collection":[{"href":"https:\/\/denizcankizil.tr\/en\/wp-json\/wp\/v2\/posts"}],"about":[{"href":"https:\/\/denizcankizil.tr\/en\/wp-json\/wp\/v2\/types\/post"}],"author":[{"embeddable":true,"href":"https:\/\/denizcankizil.tr\/en\/wp-json\/wp\/v2\/users\/4"}],"replies":[{"embeddable":true,"href":"https:\/\/denizcankizil.tr\/en\/wp-json\/wp\/v2\/comments?post=34147"}],"version-history":[{"count":0,"href":"https:\/\/denizcankizil.tr\/en\/wp-json\/wp\/v2\/posts\/34147\/revisions"}],"wp:featuredmedia":[{"embeddable":true,"href":"https:\/\/denizcankizil.tr\/en\/wp-json\/wp\/v2\/media\/34148"}],"wp:attachment":[{"href":"https:\/\/denizcankizil.tr\/en\/wp-json\/wp\/v2\/media?parent=34147"}],"wp:term":[{"taxonomy":"category","embeddable":true,"href":"https:\/\/denizcankizil.tr\/en\/wp-json\/wp\/v2\/categories?post=34147"},{"taxonomy":"post_tag","embeddable":true,"href":"https:\/\/denizcankizil.tr\/en\/wp-json\/wp\/v2\/tags?post=34147"}],"curies":[{"name":"wp","href":"https:\/\/api.w.org\/{rel}","templated":true}]}}