{"id":34070,"date":"2025-02-25T15:41:14","date_gmt":"2025-02-25T12:41:14","guid":{"rendered":"https:\/\/denizcankizil.tr\/uncategorized-tr\/antalya-vergisiyle-barisik\/"},"modified":"2025-02-25T15:41:14","modified_gmt":"2025-02-25T12:41:14","slug":"antalya-vergisiyle-barisik","status":"publish","type":"post","link":"https:\/\/denizcankizil.tr\/en\/haberler\/antalya\/antalya-vergisiyle-barisik\/","title":{"rendered":"Antalya vergisiyle bar\u0131\u015f\u0131k"},"content":{"rendered":"<p>Antalya Defterdar\u0131 \u0130lhan Karay\u0131lan, 36. Vergi Haftas\u0131 nedeniyle Antalya Ticaret Borsas\u0131 Y\u00f6netim Kurulu Ba\u015fkan\u0131 Ali \u00c7and\u0131r&#8217;\u0131 ziyaret etti. Ziyarette Antalya ekonomisi konu\u015fuldu. 36. Vergi Haftas\u0131 boyunca \u00e7e\u015fitli etkinlikler d\u00fczenleyerek vergi bilincini art\u0131rmay\u0131 hedeflediklerini s\u00f6yleyen Karay\u0131lan, bu kapsamda ziyaretler ger\u00e7ekle\u015ftirdiklerini belirterek, &#8220;Antalya Ticaret Borsam\u0131z, Antalya ekonomisine katk\u0131 sa\u011flayan, uluslararas\u0131 ticarette \u00f6nemli bir yere sahip, Antalya&#8217;n\u0131n en \u00f6nemli kurumlar\u0131ndand\u0131r&#8221; dedi. Tar\u0131m, turizm ve ticarette \u00f6nemli \u00e7al\u0131\u015fmalar\u0131n y\u00fcr\u00fct\u00fcld\u00fc\u011f\u00fc Antalya&#8217;n\u0131n, vergisini \u00f6deyen, vergiye uyumlu bir kent oldu\u011funu ifade eden \u0130lhan Karay\u0131lan, &#8220;Antalya vergiyle bar\u0131\u015f\u0131k bir ilimiz. Ka\u015f&#8217;tan Gazipa\u015fa&#8217;ya kadar kesintisiz \u00fcretim yapan bir il. Kazand\u0131k\u00e7a vergisini \u00f6deyen, vergi bilinci seviyesi y\u00fcksek bir ilimiz. Antalya&#8217;da tar\u0131m lokomotif bir sekt\u00f6r, tar\u0131m\u0131n vergiye katk\u0131s\u0131 da \u00f6nemli boyutta&#8221; diye konu\u015ftu.<\/p>\n<p>Antalya vergi tahsilat oran\u0131nda y\u00fczde 90&#8217;a \u00e7\u0131kt\u0131<br \/>\nAntalya&#8217;n\u0131n b\u00fct\u00e7e gelirinin yakla\u015f\u0131k 134 milyar lira oldu\u011funu, 97 milyar lira da harcamas\u0131 olan bir \u015fehir oldu\u011funu bildiren Defterdar \u0130lhan Karay\u0131lan, &#8220;Antalya, 40 milyar liraya yak\u0131n art\u0131s\u0131 olan \u015fehir. B\u00fct\u00e7eye art\u0131 de\u011fer sa\u011flayan ender \u015fehirlerimizden&#8221; dedi. Antalya&#8217;da vergi tahsilat oran\u0131n\u0131n da y\u00fcksek oldu\u011funa dikkat \u00e7eken Karay\u0131lan, &#8220;2020 sonras\u0131nda vergi tahsilat oranlar\u0131nda y\u00fczde 10 art\u0131\u015f\u0131m\u0131z var. Antalya, y\u00fczde 90 civar\u0131nda tahsilat oran\u0131yla vergisini h\u0131zl\u0131 toplayan illerin ba\u015f\u0131nda geliyor. T\u00fcrkiye s\u0131ralamas\u0131nda ilk 6&#8217;day\u0131z&#8221; diye konu\u015ftu. Karay\u0131lan, kay\u0131t d\u0131\u015f\u0131 ve vergi adaleti konusunda denetim ve tahsilata \u00e7ok \u00f6nem verdiklerini vurgularken, &#8220;Denetim verimlili\u011fimiz \u00e7ok y\u00fcksek&#8221; dedi. Karay\u0131lan, ATB Ba\u015fkan\u0131 \u00c7and\u0131r&#8217;a kurumsal i\u015f birli\u011fi i\u00e7in te\u015fekk\u00fcr etti.<\/p>\n<p>&#8220;Antalya ile gurur duyuyorum&#8221;<br \/>\nAntalya Ticaret Borsas\u0131 Y\u00f6netim Kurulu Ba\u015fkan\u0131 Ali \u00c7and\u0131r, Antalya&#8217;n\u0131n vergi borcuna sad\u0131k bir kent oldu\u011funu kaydetti. \u00c7and\u0131r, &#8220;T\u00fcrkiye&#8217;de toplanan vergide ilk 6&#8217;da yer al\u0131yoruz. Ancak Antalya g\u00f6r\u00fcnd\u00fc\u011f\u00fcnden fazla vergi \u00fcreten bir \u015fehir. Y\u0131llard\u0131r bunu dile getiriyoruz&#8221; dedi. Antalya&#8217;da faaliyet g\u00f6steren turizm ve finans sekt\u00f6r\u00fcn\u00fcn merkezlerinin Antalya&#8217;da olmad\u0131\u011f\u0131n\u0131 belirten \u00c7and\u0131r, &#8220;Asl\u0131nda teknolojinin bu kadar ileri oldu\u011fu bir d\u00f6nemde firmalar\u0131n merkezi nerede olursa olsun, yerelden elde edilen gelir yerelin hanesine yaz\u0131lmal\u0131. Bu, kentin \u00fcretti\u011fi katma de\u011feri daha g\u00f6r\u00fcn\u00fcr hale getirecektir. Umuyoruz \u00f6n\u00fcm\u00fczdeki y\u0131llarda kazanc\u0131n yap\u0131ld\u0131\u011f\u0131 ilde vergilerin \u00f6denmesi sa\u011flanacakt\u0131r. Hazine ve Maliye Bakanl\u0131\u011f\u0131&#8217;n\u0131n bu konuda \u00e7al\u0131\u015fma yapmas\u0131n\u0131 bekliyoruz&#8221; diye konu\u015ftu. Y\u00fczde 90 tahsilat oran\u0131na sahip Antalya ile gurur duydu\u011funu ifade eden Ali \u00c7and\u0131r, &#8220;Antalya, vergi tahsilat oran\u0131nda T\u00fcrkiye ortalamas\u0131n\u0131n \u00fczerinde yer al\u0131yor&#8221; dedi. Ba\u015fkan \u00c7and\u0131r, vergi dairesi \u00e7al\u0131\u015fanlar\u0131n\u0131n ve m\u00fckelleflerin 36. Vergi Haftas\u0131&#8217;n\u0131 kutlarken, \u0130lhan Karay\u0131lan&#8217;a ziyareti ve kurumsal i\u015f birli\u011fi i\u00e7in te\u015fekk\u00fcr etti.<\/p>\n<p>Kaynak: www.kanalv.com.tr Haber Sitesinden Al\u0131nm\u0131\u015ft\u0131r.<\/p>","protected":false},"excerpt":{"rendered":"<p>Antalya Defterdar\u0131 \u0130lhan Karay\u0131lan, 36. Vergi Haftas\u0131 nedeniyle Antalya Ticaret Borsas\u0131 Y\u00f6netim Kurulu Ba\u015fkan\u0131 Ali \u00c7and\u0131r&#8217;\u0131 ziyaret etti. Ziyarette Antalya ekonomisi konu\u015fuldu. 36. Vergi Haftas\u0131 boyunca \u00e7e\u015fitli etkinlikler d\u00fczenleyerek vergi bilincini art\u0131rmay\u0131 hedeflediklerini s\u00f6yleyen Karay\u0131lan, bu kapsamda ziyaretler ger\u00e7ekle\u015ftirdiklerini belirterek, &#8220;Antalya Ticaret Borsam\u0131z, Antalya ekonomisine katk\u0131 sa\u011flayan, uluslararas\u0131 ticarette \u00f6nemli bir yere sahip, Antalya&#8217;n\u0131n en \u00f6nemli kurumlar\u0131ndand\u0131r&#8221; dedi. Tar\u0131m, turizm ve ticarette \u00f6nemli \u00e7al\u0131\u015fmalar\u0131n y\u00fcr\u00fct\u00fcld\u00fc\u011f\u00fc Antalya&#8217;n\u0131n, vergisini \u00f6deyen, vergiye uyumlu bir kent oldu\u011funu ifade eden \u0130lhan Karay\u0131lan, &#8220;Antalya vergiyle bar\u0131\u015f\u0131k bir ilimiz. Ka\u015f&#8217;tan Gazipa\u015fa&#8217;ya kadar kesintisiz \u00fcretim yapan bir il. Kazand\u0131k\u00e7a vergisini \u00f6deyen, vergi bilinci seviyesi y\u00fcksek bir ilimiz. Antalya&#8217;da tar\u0131m lokomotif bir sekt\u00f6r, tar\u0131m\u0131n vergiye katk\u0131s\u0131 da \u00f6nemli boyutta&#8221; diye konu\u015ftu. Antalya vergi tahsilat oran\u0131nda y\u00fczde 90&#8217;a \u00e7\u0131kt\u0131 Antalya&#8217;n\u0131n b\u00fct\u00e7e gelirinin yakla\u015f\u0131k 134 milyar lira oldu\u011funu, 97 milyar lira da harcamas\u0131 olan bir \u015fehir oldu\u011funu bildiren Defterdar \u0130lhan Karay\u0131lan, &#8220;Antalya, 40 milyar liraya yak\u0131n art\u0131s\u0131 olan \u015fehir. B\u00fct\u00e7eye art\u0131 de\u011fer sa\u011flayan ender \u015fehirlerimizden&#8221; dedi. Antalya&#8217;da vergi tahsilat oran\u0131n\u0131n da y\u00fcksek oldu\u011funa dikkat \u00e7eken Karay\u0131lan, &#8220;2020 sonras\u0131nda vergi tahsilat oranlar\u0131nda y\u00fczde 10 art\u0131\u015f\u0131m\u0131z var. Antalya, y\u00fczde 90 civar\u0131nda tahsilat oran\u0131yla vergisini h\u0131zl\u0131 toplayan illerin ba\u015f\u0131nda geliyor. T\u00fcrkiye s\u0131ralamas\u0131nda ilk 6&#8217;day\u0131z&#8221; diye konu\u015ftu. Karay\u0131lan, kay\u0131t d\u0131\u015f\u0131 ve vergi adaleti konusunda denetim &hellip;<\/p>","protected":false},"author":4,"featured_media":34071,"comment_status":"open","ping_status":"open","sticky":false,"template":"","format":"standard","meta":{"_acf_changed":false,"footnotes":""},"categories":[26],"tags":[],"class_list":["post-34070","post","type-post","status-publish","format-standard","has-post-thumbnail","hentry","category-antalya"],"acf":[],"yoast_head":"<!-- This site is optimized with the Yoast SEO Premium plugin v26.6 (Yoast SEO v27.1.1) - https:\/\/yoast.com\/product\/yoast-seo-premium-wordpress\/ -->\n<title>Antalya vergisiyle bar\u0131\u015f\u0131k - Av. Deniz Can K\u0131z\u0131l<\/title>\n<meta name=\"robots\" content=\"index, follow, max-snippet:-1, max-image-preview:large, max-video-preview:-1\" \/>\n<link rel=\"canonical\" href=\"http:\/\/denizcankizil.tr\/en\/haberler\/antalya\/antalya-vergisiyle-barisik\/\" \/>\n<meta property=\"og:locale\" content=\"en_GB\" \/>\n<meta property=\"og:type\" content=\"article\" \/>\n<meta property=\"og:title\" content=\"Antalya vergisiyle bar\u0131\u015f\u0131k\" \/>\n<meta property=\"og:description\" content=\"Antalya Defterdar\u0131 \u0130lhan Karay\u0131lan, 36. Vergi Haftas\u0131 nedeniyle Antalya Ticaret Borsas\u0131 Y\u00f6netim Kurulu Ba\u015fkan\u0131 Ali \u00c7and\u0131r&#8217;\u0131 ziyaret etti. Ziyarette Antalya ekonomisi konu\u015fuldu. 36. Vergi Haftas\u0131 boyunca \u00e7e\u015fitli etkinlikler d\u00fczenleyerek vergi bilincini art\u0131rmay\u0131 hedeflediklerini s\u00f6yleyen Karay\u0131lan, bu kapsamda ziyaretler ger\u00e7ekle\u015ftirdiklerini belirterek, &#8220;Antalya Ticaret Borsam\u0131z, Antalya ekonomisine katk\u0131 sa\u011flayan, uluslararas\u0131 ticarette \u00f6nemli bir yere sahip, Antalya&#8217;n\u0131n en \u00f6nemli kurumlar\u0131ndand\u0131r&#8221; dedi. Tar\u0131m, turizm ve ticarette \u00f6nemli \u00e7al\u0131\u015fmalar\u0131n y\u00fcr\u00fct\u00fcld\u00fc\u011f\u00fc Antalya&#8217;n\u0131n, vergisini \u00f6deyen, vergiye uyumlu bir kent oldu\u011funu ifade eden \u0130lhan Karay\u0131lan, &#8220;Antalya vergiyle bar\u0131\u015f\u0131k bir ilimiz. Ka\u015f&#8217;tan Gazipa\u015fa&#8217;ya kadar kesintisiz \u00fcretim yapan bir il. Kazand\u0131k\u00e7a vergisini \u00f6deyen, vergi bilinci seviyesi y\u00fcksek bir ilimiz. Antalya&#8217;da tar\u0131m lokomotif bir sekt\u00f6r, tar\u0131m\u0131n vergiye katk\u0131s\u0131 da \u00f6nemli boyutta&#8221; diye konu\u015ftu. Antalya vergi tahsilat oran\u0131nda y\u00fczde 90&#8217;a \u00e7\u0131kt\u0131 Antalya&#8217;n\u0131n b\u00fct\u00e7e gelirinin yakla\u015f\u0131k 134 milyar lira oldu\u011funu, 97 milyar lira da harcamas\u0131 olan bir \u015fehir oldu\u011funu bildiren Defterdar \u0130lhan Karay\u0131lan, &#8220;Antalya, 40 milyar liraya yak\u0131n art\u0131s\u0131 olan \u015fehir. B\u00fct\u00e7eye art\u0131 de\u011fer sa\u011flayan ender \u015fehirlerimizden&#8221; dedi. Antalya&#8217;da vergi tahsilat oran\u0131n\u0131n da y\u00fcksek oldu\u011funa dikkat \u00e7eken Karay\u0131lan, &#8220;2020 sonras\u0131nda vergi tahsilat oranlar\u0131nda y\u00fczde 10 art\u0131\u015f\u0131m\u0131z var. Antalya, y\u00fczde 90 civar\u0131nda tahsilat oran\u0131yla vergisini h\u0131zl\u0131 toplayan illerin ba\u015f\u0131nda geliyor. T\u00fcrkiye s\u0131ralamas\u0131nda ilk 6&#8217;day\u0131z&#8221; diye konu\u015ftu. Karay\u0131lan, kay\u0131t d\u0131\u015f\u0131 ve vergi adaleti konusunda denetim &hellip;\" \/>\n<meta property=\"og:url\" content=\"http:\/\/denizcankizil.tr\/en\/haberler\/antalya\/antalya-vergisiyle-barisik\/\" \/>\n<meta property=\"og:site_name\" content=\"Av. Deniz Can K\u0131z\u0131l\" \/>\n<meta property=\"article:published_time\" content=\"2025-02-25T12:41:14+00:00\" \/>\n<meta property=\"og:image\" content=\"http:\/\/denizcankizil.tr\/wp-content\/uploads\/2025\/02\/5169-01-vbGcVi.jpeg\" \/>\n\t<meta property=\"og:image:width\" content=\"1280\" \/>\n\t<meta property=\"og:image:height\" content=\"720\" \/>\n\t<meta property=\"og:image:type\" content=\"image\/jpeg\" \/>\n<meta name=\"author\" content=\"Av. Deniz Can K\u0131z\u0131l\" \/>\n<meta name=\"twitter:card\" content=\"summary_large_image\" \/>\n<meta name=\"twitter:label1\" content=\"Written by\" \/>\n\t<meta name=\"twitter:data1\" content=\"Av. Deniz Can K\u0131z\u0131l\" \/>\n\t<meta name=\"twitter:label2\" content=\"Estimated reading time\" \/>\n\t<meta name=\"twitter:data2\" content=\"3 minutes\" \/>\n<script type=\"application\/ld+json\" class=\"yoast-schema-graph\">{\"@context\":\"https:\/\/schema.org\",\"@graph\":[{\"@type\":\"Article\",\"@id\":\"http:\/\/denizcankizil.tr\/de\/haberler\/antalya\/antalya-vergisiyle-barisik\/#article\",\"isPartOf\":{\"@id\":\"http:\/\/denizcankizil.tr\/de\/haberler\/antalya\/antalya-vergisiyle-barisik\/\"},\"author\":{\"name\":\"Av. Deniz Can K\u0131z\u0131l\",\"@id\":\"https:\/\/denizcankizil.tr\/de\/#\/schema\/person\/5dc1b22991bd7ac833867c10afc9b0ff\"},\"headline\":\"Antalya vergisiyle bar\u0131\u015f\u0131k\",\"datePublished\":\"2025-02-25T12:41:14+00:00\",\"mainEntityOfPage\":{\"@id\":\"http:\/\/denizcankizil.tr\/de\/haberler\/antalya\/antalya-vergisiyle-barisik\/\"},\"wordCount\":531,\"commentCount\":0,\"publisher\":{\"@id\":\"https:\/\/denizcankizil.tr\/de\/#organization\"},\"image\":{\"@id\":\"http:\/\/denizcankizil.tr\/de\/haberler\/antalya\/antalya-vergisiyle-barisik\/#primaryimage\"},\"thumbnailUrl\":\"https:\/\/denizcankizil.tr\/wp-content\/uploads\/2025\/02\/5169-01-vbGcVi.jpeg\",\"articleSection\":[\"Antalya\"],\"inLanguage\":\"en-GB\",\"potentialAction\":[{\"@type\":\"CommentAction\",\"name\":\"Comment\",\"target\":[\"http:\/\/denizcankizil.tr\/de\/haberler\/antalya\/antalya-vergisiyle-barisik\/#respond\"]}]},{\"@type\":\"WebPage\",\"@id\":\"http:\/\/denizcankizil.tr\/de\/haberler\/antalya\/antalya-vergisiyle-barisik\/\",\"url\":\"http:\/\/denizcankizil.tr\/de\/haberler\/antalya\/antalya-vergisiyle-barisik\/\",\"name\":\"Antalya vergisiyle bar\u0131\u015f\u0131k - Av. Deniz Can K\u0131z\u0131l\",\"isPartOf\":{\"@id\":\"https:\/\/denizcankizil.tr\/de\/#website\"},\"primaryImageOfPage\":{\"@id\":\"http:\/\/denizcankizil.tr\/de\/haberler\/antalya\/antalya-vergisiyle-barisik\/#primaryimage\"},\"image\":{\"@id\":\"http:\/\/denizcankizil.tr\/de\/haberler\/antalya\/antalya-vergisiyle-barisik\/#primaryimage\"},\"thumbnailUrl\":\"https:\/\/denizcankizil.tr\/wp-content\/uploads\/2025\/02\/5169-01-vbGcVi.jpeg\",\"datePublished\":\"2025-02-25T12:41:14+00:00\",\"breadcrumb\":{\"@id\":\"http:\/\/denizcankizil.tr\/de\/haberler\/antalya\/antalya-vergisiyle-barisik\/#breadcrumb\"},\"inLanguage\":\"en-GB\",\"potentialAction\":[{\"@type\":\"ReadAction\",\"target\":[\"http:\/\/denizcankizil.tr\/de\/haberler\/antalya\/antalya-vergisiyle-barisik\/\"]}]},{\"@type\":\"ImageObject\",\"inLanguage\":\"en-GB\",\"@id\":\"http:\/\/denizcankizil.tr\/de\/haberler\/antalya\/antalya-vergisiyle-barisik\/#primaryimage\",\"url\":\"https:\/\/denizcankizil.tr\/wp-content\/uploads\/2025\/02\/5169-01-vbGcVi.jpeg\",\"contentUrl\":\"https:\/\/denizcankizil.tr\/wp-content\/uploads\/2025\/02\/5169-01-vbGcVi.jpeg\",\"width\":1280,\"height\":720},{\"@type\":\"BreadcrumbList\",\"@id\":\"http:\/\/denizcankizil.tr\/de\/haberler\/antalya\/antalya-vergisiyle-barisik\/#breadcrumb\",\"itemListElement\":[{\"@type\":\"ListItem\",\"position\":1,\"name\":\"Home\",\"item\":\"https:\/\/denizcankizil.tr\/de\/\"},{\"@type\":\"ListItem\",\"position\":2,\"name\":\"Antalya vergisiyle bar\u0131\u015f\u0131k\"}]},{\"@type\":\"WebSite\",\"@id\":\"https:\/\/denizcankizil.tr\/de\/#website\",\"url\":\"https:\/\/denizcankizil.tr\/de\/\",\"name\":\"Av. Deniz Can K\u0131z\u0131l\",\"description\":\"Avukat Deniz Can K\u0131z\u0131l Antalya Barosu\",\"publisher\":{\"@id\":\"https:\/\/denizcankizil.tr\/de\/#organization\"},\"potentialAction\":[{\"@type\":\"SearchAction\",\"target\":{\"@type\":\"EntryPoint\",\"urlTemplate\":\"https:\/\/denizcankizil.tr\/de\/?s={search_term_string}\"},\"query-input\":{\"@type\":\"PropertyValueSpecification\",\"valueRequired\":true,\"valueName\":\"search_term_string\"}}],\"inLanguage\":\"en-GB\"},{\"@type\":\"Organization\",\"@id\":\"https:\/\/denizcankizil.tr\/de\/#organization\",\"name\":\"Av. Deniz Can K\u0131z\u0131l\",\"url\":\"https:\/\/denizcankizil.tr\/de\/\",\"logo\":{\"@type\":\"ImageObject\",\"inLanguage\":\"en-GB\",\"@id\":\"https:\/\/denizcankizil.tr\/de\/#\/schema\/logo\/image\/\",\"url\":\"https:\/\/denizcankizil.tr\/wp-content\/uploads\/2024\/10\/siyah-logo-svg.svg\",\"contentUrl\":\"https:\/\/denizcankizil.tr\/wp-content\/uploads\/2024\/10\/siyah-logo-svg.svg\",\"width\":1080,\"height\":1080,\"caption\":\"Av. Deniz Can K\u0131z\u0131l\"},\"image\":{\"@id\":\"https:\/\/denizcankizil.tr\/de\/#\/schema\/logo\/image\/\"}},{\"@type\":\"Person\",\"@id\":\"https:\/\/denizcankizil.tr\/de\/#\/schema\/person\/5dc1b22991bd7ac833867c10afc9b0ff\",\"name\":\"Av. Deniz Can K\u0131z\u0131l\",\"image\":{\"@type\":\"ImageObject\",\"inLanguage\":\"en-GB\",\"@id\":\"https:\/\/denizcankizil.tr\/de\/#\/schema\/person\/image\/\",\"url\":\"https:\/\/secure.gravatar.com\/avatar\/a0b128fb9855c79efc976d5640eedb31dc35ec297594d6016d2cf7c60e975bb6?s=96&d=mm&r=g\",\"contentUrl\":\"https:\/\/secure.gravatar.com\/avatar\/a0b128fb9855c79efc976d5640eedb31dc35ec297594d6016d2cf7c60e975bb6?s=96&d=mm&r=g\",\"caption\":\"Av. Deniz Can K\u0131z\u0131l\"},\"sameAs\":[\"http:\/\/www.denizcankizil.tr\"],\"url\":\"https:\/\/denizcankizil.tr\/en\/author\/denizcankizil\/\"}]}<\/script>\n<!-- \/ Yoast SEO Premium plugin. -->","yoast_head_json":{"title":"Antalya vergisiyle bar\u0131\u015f\u0131k - Av. Deniz Can K\u0131z\u0131l","robots":{"index":"index","follow":"follow","max-snippet":"max-snippet:-1","max-image-preview":"max-image-preview:large","max-video-preview":"max-video-preview:-1"},"canonical":"http:\/\/denizcankizil.tr\/en\/haberler\/antalya\/antalya-vergisiyle-barisik\/","og_locale":"en_GB","og_type":"article","og_title":"Antalya vergisiyle bar\u0131\u015f\u0131k","og_description":"Antalya Defterdar\u0131 \u0130lhan Karay\u0131lan, 36. Vergi Haftas\u0131 nedeniyle Antalya Ticaret Borsas\u0131 Y\u00f6netim Kurulu Ba\u015fkan\u0131 Ali \u00c7and\u0131r&#8217;\u0131 ziyaret etti. Ziyarette Antalya ekonomisi konu\u015fuldu. 36. Vergi Haftas\u0131 boyunca \u00e7e\u015fitli etkinlikler d\u00fczenleyerek vergi bilincini art\u0131rmay\u0131 hedeflediklerini s\u00f6yleyen Karay\u0131lan, bu kapsamda ziyaretler ger\u00e7ekle\u015ftirdiklerini belirterek, &#8220;Antalya Ticaret Borsam\u0131z, Antalya ekonomisine katk\u0131 sa\u011flayan, uluslararas\u0131 ticarette \u00f6nemli bir yere sahip, Antalya&#8217;n\u0131n en \u00f6nemli kurumlar\u0131ndand\u0131r&#8221; dedi. Tar\u0131m, turizm ve ticarette \u00f6nemli \u00e7al\u0131\u015fmalar\u0131n y\u00fcr\u00fct\u00fcld\u00fc\u011f\u00fc Antalya&#8217;n\u0131n, vergisini \u00f6deyen, vergiye uyumlu bir kent oldu\u011funu ifade eden \u0130lhan Karay\u0131lan, &#8220;Antalya vergiyle bar\u0131\u015f\u0131k bir ilimiz. Ka\u015f&#8217;tan Gazipa\u015fa&#8217;ya kadar kesintisiz \u00fcretim yapan bir il. Kazand\u0131k\u00e7a vergisini \u00f6deyen, vergi bilinci seviyesi y\u00fcksek bir ilimiz. Antalya&#8217;da tar\u0131m lokomotif bir sekt\u00f6r, tar\u0131m\u0131n vergiye katk\u0131s\u0131 da \u00f6nemli boyutta&#8221; diye konu\u015ftu. Antalya vergi tahsilat oran\u0131nda y\u00fczde 90&#8217;a \u00e7\u0131kt\u0131 Antalya&#8217;n\u0131n b\u00fct\u00e7e gelirinin yakla\u015f\u0131k 134 milyar lira oldu\u011funu, 97 milyar lira da harcamas\u0131 olan bir \u015fehir oldu\u011funu bildiren Defterdar \u0130lhan Karay\u0131lan, &#8220;Antalya, 40 milyar liraya yak\u0131n art\u0131s\u0131 olan \u015fehir. B\u00fct\u00e7eye art\u0131 de\u011fer sa\u011flayan ender \u015fehirlerimizden&#8221; dedi. Antalya&#8217;da vergi tahsilat oran\u0131n\u0131n da y\u00fcksek oldu\u011funa dikkat \u00e7eken Karay\u0131lan, &#8220;2020 sonras\u0131nda vergi tahsilat oranlar\u0131nda y\u00fczde 10 art\u0131\u015f\u0131m\u0131z var. Antalya, y\u00fczde 90 civar\u0131nda tahsilat oran\u0131yla vergisini h\u0131zl\u0131 toplayan illerin ba\u015f\u0131nda geliyor. T\u00fcrkiye s\u0131ralamas\u0131nda ilk 6&#8217;day\u0131z&#8221; diye konu\u015ftu. Karay\u0131lan, kay\u0131t d\u0131\u015f\u0131 ve vergi adaleti konusunda denetim &hellip;","og_url":"http:\/\/denizcankizil.tr\/en\/haberler\/antalya\/antalya-vergisiyle-barisik\/","og_site_name":"Av. Deniz Can K\u0131z\u0131l","article_published_time":"2025-02-25T12:41:14+00:00","og_image":[{"width":1280,"height":720,"url":"http:\/\/denizcankizil.tr\/wp-content\/uploads\/2025\/02\/5169-01-vbGcVi.jpeg","type":"image\/jpeg"}],"author":"Av. Deniz Can K\u0131z\u0131l","twitter_card":"summary_large_image","twitter_misc":{"Written by":"Av. Deniz Can K\u0131z\u0131l","Estimated reading time":"3 minutes"},"schema":{"@context":"https:\/\/schema.org","@graph":[{"@type":"Article","@id":"http:\/\/denizcankizil.tr\/de\/haberler\/antalya\/antalya-vergisiyle-barisik\/#article","isPartOf":{"@id":"http:\/\/denizcankizil.tr\/de\/haberler\/antalya\/antalya-vergisiyle-barisik\/"},"author":{"name":"Av. Deniz Can K\u0131z\u0131l","@id":"https:\/\/denizcankizil.tr\/de\/#\/schema\/person\/5dc1b22991bd7ac833867c10afc9b0ff"},"headline":"Antalya vergisiyle bar\u0131\u015f\u0131k","datePublished":"2025-02-25T12:41:14+00:00","mainEntityOfPage":{"@id":"http:\/\/denizcankizil.tr\/de\/haberler\/antalya\/antalya-vergisiyle-barisik\/"},"wordCount":531,"commentCount":0,"publisher":{"@id":"https:\/\/denizcankizil.tr\/de\/#organization"},"image":{"@id":"http:\/\/denizcankizil.tr\/de\/haberler\/antalya\/antalya-vergisiyle-barisik\/#primaryimage"},"thumbnailUrl":"https:\/\/denizcankizil.tr\/wp-content\/uploads\/2025\/02\/5169-01-vbGcVi.jpeg","articleSection":["Antalya"],"inLanguage":"en-GB","potentialAction":[{"@type":"CommentAction","name":"Comment","target":["http:\/\/denizcankizil.tr\/de\/haberler\/antalya\/antalya-vergisiyle-barisik\/#respond"]}]},{"@type":"WebPage","@id":"http:\/\/denizcankizil.tr\/de\/haberler\/antalya\/antalya-vergisiyle-barisik\/","url":"http:\/\/denizcankizil.tr\/de\/haberler\/antalya\/antalya-vergisiyle-barisik\/","name":"Antalya vergisiyle bar\u0131\u015f\u0131k - Av. Deniz Can K\u0131z\u0131l","isPartOf":{"@id":"https:\/\/denizcankizil.tr\/de\/#website"},"primaryImageOfPage":{"@id":"http:\/\/denizcankizil.tr\/de\/haberler\/antalya\/antalya-vergisiyle-barisik\/#primaryimage"},"image":{"@id":"http:\/\/denizcankizil.tr\/de\/haberler\/antalya\/antalya-vergisiyle-barisik\/#primaryimage"},"thumbnailUrl":"https:\/\/denizcankizil.tr\/wp-content\/uploads\/2025\/02\/5169-01-vbGcVi.jpeg","datePublished":"2025-02-25T12:41:14+00:00","breadcrumb":{"@id":"http:\/\/denizcankizil.tr\/de\/haberler\/antalya\/antalya-vergisiyle-barisik\/#breadcrumb"},"inLanguage":"en-GB","potentialAction":[{"@type":"ReadAction","target":["http:\/\/denizcankizil.tr\/de\/haberler\/antalya\/antalya-vergisiyle-barisik\/"]}]},{"@type":"ImageObject","inLanguage":"en-GB","@id":"http:\/\/denizcankizil.tr\/de\/haberler\/antalya\/antalya-vergisiyle-barisik\/#primaryimage","url":"https:\/\/denizcankizil.tr\/wp-content\/uploads\/2025\/02\/5169-01-vbGcVi.jpeg","contentUrl":"https:\/\/denizcankizil.tr\/wp-content\/uploads\/2025\/02\/5169-01-vbGcVi.jpeg","width":1280,"height":720},{"@type":"BreadcrumbList","@id":"http:\/\/denizcankizil.tr\/de\/haberler\/antalya\/antalya-vergisiyle-barisik\/#breadcrumb","itemListElement":[{"@type":"ListItem","position":1,"name":"Home","item":"https:\/\/denizcankizil.tr\/de\/"},{"@type":"ListItem","position":2,"name":"Antalya vergisiyle bar\u0131\u015f\u0131k"}]},{"@type":"WebSite","@id":"https:\/\/denizcankizil.tr\/de\/#website","url":"https:\/\/denizcankizil.tr\/de\/","name":"Av. Deniz Can K\u0131z\u0131l","description":"Avukat Deniz Can K\u0131z\u0131l Antalya Barosu","publisher":{"@id":"https:\/\/denizcankizil.tr\/de\/#organization"},"potentialAction":[{"@type":"SearchAction","target":{"@type":"EntryPoint","urlTemplate":"https:\/\/denizcankizil.tr\/de\/?s={search_term_string}"},"query-input":{"@type":"PropertyValueSpecification","valueRequired":true,"valueName":"search_term_string"}}],"inLanguage":"en-GB"},{"@type":"Organization","@id":"https:\/\/denizcankizil.tr\/de\/#organization","name":"Av. Deniz Can K\u0131z\u0131l","url":"https:\/\/denizcankizil.tr\/de\/","logo":{"@type":"ImageObject","inLanguage":"en-GB","@id":"https:\/\/denizcankizil.tr\/de\/#\/schema\/logo\/image\/","url":"https:\/\/denizcankizil.tr\/wp-content\/uploads\/2024\/10\/siyah-logo-svg.svg","contentUrl":"https:\/\/denizcankizil.tr\/wp-content\/uploads\/2024\/10\/siyah-logo-svg.svg","width":1080,"height":1080,"caption":"Av. Deniz Can K\u0131z\u0131l"},"image":{"@id":"https:\/\/denizcankizil.tr\/de\/#\/schema\/logo\/image\/"}},{"@type":"Person","@id":"https:\/\/denizcankizil.tr\/de\/#\/schema\/person\/5dc1b22991bd7ac833867c10afc9b0ff","name":"Av. Deniz Can K\u0131z\u0131l","image":{"@type":"ImageObject","inLanguage":"en-GB","@id":"https:\/\/denizcankizil.tr\/de\/#\/schema\/person\/image\/","url":"https:\/\/secure.gravatar.com\/avatar\/a0b128fb9855c79efc976d5640eedb31dc35ec297594d6016d2cf7c60e975bb6?s=96&d=mm&r=g","contentUrl":"https:\/\/secure.gravatar.com\/avatar\/a0b128fb9855c79efc976d5640eedb31dc35ec297594d6016d2cf7c60e975bb6?s=96&d=mm&r=g","caption":"Av. Deniz Can K\u0131z\u0131l"},"sameAs":["http:\/\/www.denizcankizil.tr"],"url":"https:\/\/denizcankizil.tr\/en\/author\/denizcankizil\/"}]}},"_links":{"self":[{"href":"https:\/\/denizcankizil.tr\/en\/wp-json\/wp\/v2\/posts\/34070","targetHints":{"allow":["GET"]}}],"collection":[{"href":"https:\/\/denizcankizil.tr\/en\/wp-json\/wp\/v2\/posts"}],"about":[{"href":"https:\/\/denizcankizil.tr\/en\/wp-json\/wp\/v2\/types\/post"}],"author":[{"embeddable":true,"href":"https:\/\/denizcankizil.tr\/en\/wp-json\/wp\/v2\/users\/4"}],"replies":[{"embeddable":true,"href":"https:\/\/denizcankizil.tr\/en\/wp-json\/wp\/v2\/comments?post=34070"}],"version-history":[{"count":0,"href":"https:\/\/denizcankizil.tr\/en\/wp-json\/wp\/v2\/posts\/34070\/revisions"}],"wp:featuredmedia":[{"embeddable":true,"href":"https:\/\/denizcankizil.tr\/en\/wp-json\/wp\/v2\/media\/34071"}],"wp:attachment":[{"href":"https:\/\/denizcankizil.tr\/en\/wp-json\/wp\/v2\/media?parent=34070"}],"wp:term":[{"taxonomy":"category","embeddable":true,"href":"https:\/\/denizcankizil.tr\/en\/wp-json\/wp\/v2\/categories?post=34070"},{"taxonomy":"post_tag","embeddable":true,"href":"https:\/\/denizcankizil.tr\/en\/wp-json\/wp\/v2\/tags?post=34070"}],"curies":[{"name":"wp","href":"https:\/\/api.w.org\/{rel}","templated":true}]}}