{"id":34065,"date":"2025-02-25T13:41:25","date_gmt":"2025-02-25T10:41:25","guid":{"rendered":"https:\/\/denizcankizil.tr\/uncategorized-tr\/buyuksehir-guney-kariyer-fuarinda\/"},"modified":"2025-02-25T13:41:25","modified_gmt":"2025-02-25T10:41:25","slug":"buyuksehir-guney-kariyer-fuarinda","status":"publish","type":"post","link":"https:\/\/denizcankizil.tr\/en\/haberler\/antalya\/buyuksehir-guney-kariyer-fuarinda\/","title":{"rendered":"B\u00fcy\u00fck\u015fehir G\u00fcney Kariyer Fuar\u0131\u2019nda"},"content":{"rendered":"<p>Cumhurba\u015fkanl\u0131\u011f\u0131 \u0130nsan Kaynaklar\u0131 Ofisi koordinasyonunda ve Akdeniz \u00dcniversitesi ev sahipli\u011finde bu y\u0131l 3\u2019\u00fcnc\u00fcs\u00fc d\u00fczenlenen G\u00fcney Kariyer Fuar\u0131 (G\u00dcNKAF) Mimar Sinan Kongre Merkezi\u2019nde i\u015f arayanlar ile i\u015fverenleri bir araya getiriyor. 12 \u00fcniversite ve 200\u2019den fazla firman\u0131n kat\u0131l\u0131m sa\u011flad\u0131\u011f\u0131 fuarda, Antalya B\u00fcy\u00fck\u015fehir Belediyesi stand\u0131 yo\u011fun ilgi g\u00f6rd\u00fc. Antalya B\u00fcy\u00fck\u015fehir Belediyesi \u0130\u015f Dan\u0131\u015fma Ofisi\u2019nin \u00e7al\u0131\u015fmalar\u0131n\u0131n anlat\u0131ld\u0131\u011f\u0131 fuar\u0131n ziyaret\u00e7ilerine i\u015f f\u0131rsatlar\u0131 payla\u015f\u0131ld\u0131. Antalya B\u00fcy\u00fck\u015fehir Belediyesi Halkla \u0130li\u015fkiler \u015eube M\u00fcd\u00fcr\u00fc Elif \u00dcnsal, fuar\u0131n i\u015f arayanlarla i\u015fverenleri bulu\u015fturma a\u00e7\u0131s\u0131ndan \u00f6nemli bir platform sundu\u011funu vurgulayarak, &#8220;Amac\u0131m\u0131z, vatanda\u015flar\u0131m\u0131z\u0131n istihdam edilmesine katk\u0131 sa\u011flamak ve onlara en uygun i\u015f f\u0131rsatlar\u0131n\u0131 sunmakt\u0131r&#8221; dedi.<\/p>\n<p>Kaynak: www.kanalv.com.tr Haber Sitesinden Al\u0131nm\u0131\u015ft\u0131r.<\/p>","protected":false},"excerpt":{"rendered":"<p>Cumhurba\u015fkanl\u0131\u011f\u0131 \u0130nsan Kaynaklar\u0131 Ofisi koordinasyonunda ve Akdeniz \u00dcniversitesi ev sahipli\u011finde bu y\u0131l 3\u2019\u00fcnc\u00fcs\u00fc d\u00fczenlenen G\u00fcney Kariyer Fuar\u0131 (G\u00dcNKAF) Mimar Sinan Kongre Merkezi\u2019nde i\u015f arayanlar ile i\u015fverenleri bir araya getiriyor. 12 \u00fcniversite ve 200\u2019den fazla firman\u0131n kat\u0131l\u0131m sa\u011flad\u0131\u011f\u0131 fuarda, Antalya B\u00fcy\u00fck\u015fehir Belediyesi stand\u0131 yo\u011fun ilgi g\u00f6rd\u00fc. Antalya B\u00fcy\u00fck\u015fehir Belediyesi \u0130\u015f Dan\u0131\u015fma Ofisi\u2019nin \u00e7al\u0131\u015fmalar\u0131n\u0131n anlat\u0131ld\u0131\u011f\u0131 fuar\u0131n ziyaret\u00e7ilerine i\u015f f\u0131rsatlar\u0131 payla\u015f\u0131ld\u0131. Antalya B\u00fcy\u00fck\u015fehir Belediyesi Halkla \u0130li\u015fkiler \u015eube M\u00fcd\u00fcr\u00fc Elif \u00dcnsal, fuar\u0131n i\u015f arayanlarla i\u015fverenleri bulu\u015fturma a\u00e7\u0131s\u0131ndan \u00f6nemli bir platform sundu\u011funu vurgulayarak, &#8220;Amac\u0131m\u0131z, vatanda\u015flar\u0131m\u0131z\u0131n istihdam edilmesine katk\u0131 sa\u011flamak ve onlara en uygun i\u015f f\u0131rsatlar\u0131n\u0131 sunmakt\u0131r&#8221; dedi. Kaynak: www.kanalv.com.tr Haber Sitesinden Al\u0131nm\u0131\u015ft\u0131r.<\/p>","protected":false},"author":4,"featured_media":34066,"comment_status":"open","ping_status":"open","sticky":false,"template":"","format":"standard","meta":{"_acf_changed":false,"footnotes":""},"categories":[26],"tags":[],"class_list":["post-34065","post","type-post","status-publish","format-standard","has-post-thumbnail","hentry","category-antalya"],"acf":[],"yoast_head":"<!-- This site is optimized with the Yoast SEO Premium plugin v26.6 (Yoast SEO v27.1.1) - https:\/\/yoast.com\/product\/yoast-seo-premium-wordpress\/ -->\n<title>B\u00fcy\u00fck\u015fehir G\u00fcney Kariyer Fuar\u0131\u2019nda - Av. Deniz Can K\u0131z\u0131l<\/title>\n<meta name=\"robots\" content=\"index, follow, max-snippet:-1, max-image-preview:large, max-video-preview:-1\" \/>\n<link rel=\"canonical\" href=\"https:\/\/denizcankizil.tr\/en\/haberler\/antalya\/buyuksehir-guney-kariyer-fuarinda\/\" \/>\n<meta property=\"og:locale\" content=\"en_GB\" \/>\n<meta property=\"og:type\" content=\"article\" \/>\n<meta property=\"og:title\" content=\"B\u00fcy\u00fck\u015fehir G\u00fcney Kariyer Fuar\u0131\u2019nda\" \/>\n<meta property=\"og:description\" content=\"Cumhurba\u015fkanl\u0131\u011f\u0131 \u0130nsan Kaynaklar\u0131 Ofisi koordinasyonunda ve Akdeniz \u00dcniversitesi ev sahipli\u011finde bu y\u0131l 3\u2019\u00fcnc\u00fcs\u00fc d\u00fczenlenen G\u00fcney Kariyer Fuar\u0131 (G\u00dcNKAF) Mimar Sinan Kongre Merkezi\u2019nde i\u015f arayanlar ile i\u015fverenleri bir araya getiriyor. 12 \u00fcniversite ve 200\u2019den fazla firman\u0131n kat\u0131l\u0131m sa\u011flad\u0131\u011f\u0131 fuarda, Antalya B\u00fcy\u00fck\u015fehir Belediyesi stand\u0131 yo\u011fun ilgi g\u00f6rd\u00fc. Antalya B\u00fcy\u00fck\u015fehir Belediyesi \u0130\u015f Dan\u0131\u015fma Ofisi\u2019nin \u00e7al\u0131\u015fmalar\u0131n\u0131n anlat\u0131ld\u0131\u011f\u0131 fuar\u0131n ziyaret\u00e7ilerine i\u015f f\u0131rsatlar\u0131 payla\u015f\u0131ld\u0131. Antalya B\u00fcy\u00fck\u015fehir Belediyesi Halkla \u0130li\u015fkiler \u015eube M\u00fcd\u00fcr\u00fc Elif \u00dcnsal, fuar\u0131n i\u015f arayanlarla i\u015fverenleri bulu\u015fturma a\u00e7\u0131s\u0131ndan \u00f6nemli bir platform sundu\u011funu vurgulayarak, &#8220;Amac\u0131m\u0131z, vatanda\u015flar\u0131m\u0131z\u0131n istihdam edilmesine katk\u0131 sa\u011flamak ve onlara en uygun i\u015f f\u0131rsatlar\u0131n\u0131 sunmakt\u0131r&#8221; dedi. Kaynak: www.kanalv.com.tr Haber Sitesinden Al\u0131nm\u0131\u015ft\u0131r.\" \/>\n<meta property=\"og:url\" content=\"https:\/\/denizcankizil.tr\/en\/haberler\/antalya\/buyuksehir-guney-kariyer-fuarinda\/\" \/>\n<meta property=\"og:site_name\" content=\"Av. Deniz Can K\u0131z\u0131l\" \/>\n<meta property=\"article:published_time\" content=\"2025-02-25T10:41:25+00:00\" \/>\n<meta property=\"og:image\" content=\"https:\/\/denizcankizil.tr\/wp-content\/uploads\/2025\/02\/5165-01-sG7TvE.jpeg\" \/>\n\t<meta property=\"og:image:width\" content=\"1280\" \/>\n\t<meta property=\"og:image:height\" content=\"720\" \/>\n\t<meta property=\"og:image:type\" content=\"image\/jpeg\" \/>\n<meta name=\"author\" content=\"Av. Deniz Can K\u0131z\u0131l\" \/>\n<meta name=\"twitter:card\" content=\"summary_large_image\" \/>\n<meta name=\"twitter:label1\" content=\"Written by\" \/>\n\t<meta name=\"twitter:data1\" content=\"Av. Deniz Can K\u0131z\u0131l\" \/>\n\t<meta name=\"twitter:label2\" content=\"Estimated reading time\" \/>\n\t<meta name=\"twitter:data2\" content=\"1 minute\" \/>\n<script type=\"application\/ld+json\" class=\"yoast-schema-graph\">{\"@context\":\"https:\/\/schema.org\",\"@graph\":[{\"@type\":\"Article\",\"@id\":\"https:\/\/denizcankizil.tr\/en\/haberler\/antalya\/buyuksehir-guney-kariyer-fuarinda\/#article\",\"isPartOf\":{\"@id\":\"https:\/\/denizcankizil.tr\/en\/haberler\/antalya\/buyuksehir-guney-kariyer-fuarinda\/\"},\"author\":{\"name\":\"Av. Deniz Can K\u0131z\u0131l\",\"@id\":\"https:\/\/denizcankizil.tr\/de\/#\/schema\/person\/5dc1b22991bd7ac833867c10afc9b0ff\"},\"headline\":\"B\u00fcy\u00fck\u015fehir G\u00fcney Kariyer Fuar\u0131\u2019nda\",\"datePublished\":\"2025-02-25T10:41:25+00:00\",\"mainEntityOfPage\":{\"@id\":\"https:\/\/denizcankizil.tr\/en\/haberler\/antalya\/buyuksehir-guney-kariyer-fuarinda\/\"},\"wordCount\":163,\"commentCount\":0,\"publisher\":{\"@id\":\"https:\/\/denizcankizil.tr\/de\/#organization\"},\"image\":{\"@id\":\"https:\/\/denizcankizil.tr\/en\/haberler\/antalya\/buyuksehir-guney-kariyer-fuarinda\/#primaryimage\"},\"thumbnailUrl\":\"https:\/\/denizcankizil.tr\/wp-content\/uploads\/2025\/02\/5165-01-sG7TvE.jpeg\",\"articleSection\":[\"Antalya\"],\"inLanguage\":\"en-GB\",\"potentialAction\":[{\"@type\":\"CommentAction\",\"name\":\"Comment\",\"target\":[\"https:\/\/denizcankizil.tr\/en\/haberler\/antalya\/buyuksehir-guney-kariyer-fuarinda\/#respond\"]}]},{\"@type\":\"WebPage\",\"@id\":\"https:\/\/denizcankizil.tr\/en\/haberler\/antalya\/buyuksehir-guney-kariyer-fuarinda\/\",\"url\":\"https:\/\/denizcankizil.tr\/en\/haberler\/antalya\/buyuksehir-guney-kariyer-fuarinda\/\",\"name\":\"B\u00fcy\u00fck\u015fehir G\u00fcney Kariyer Fuar\u0131\u2019nda - Av. Deniz Can K\u0131z\u0131l\",\"isPartOf\":{\"@id\":\"https:\/\/denizcankizil.tr\/de\/#website\"},\"primaryImageOfPage\":{\"@id\":\"https:\/\/denizcankizil.tr\/en\/haberler\/antalya\/buyuksehir-guney-kariyer-fuarinda\/#primaryimage\"},\"image\":{\"@id\":\"https:\/\/denizcankizil.tr\/en\/haberler\/antalya\/buyuksehir-guney-kariyer-fuarinda\/#primaryimage\"},\"thumbnailUrl\":\"https:\/\/denizcankizil.tr\/wp-content\/uploads\/2025\/02\/5165-01-sG7TvE.jpeg\",\"datePublished\":\"2025-02-25T10:41:25+00:00\",\"breadcrumb\":{\"@id\":\"https:\/\/denizcankizil.tr\/en\/haberler\/antalya\/buyuksehir-guney-kariyer-fuarinda\/#breadcrumb\"},\"inLanguage\":\"en-GB\",\"potentialAction\":[{\"@type\":\"ReadAction\",\"target\":[\"https:\/\/denizcankizil.tr\/en\/haberler\/antalya\/buyuksehir-guney-kariyer-fuarinda\/\"]}]},{\"@type\":\"ImageObject\",\"inLanguage\":\"en-GB\",\"@id\":\"https:\/\/denizcankizil.tr\/en\/haberler\/antalya\/buyuksehir-guney-kariyer-fuarinda\/#primaryimage\",\"url\":\"https:\/\/denizcankizil.tr\/wp-content\/uploads\/2025\/02\/5165-01-sG7TvE.jpeg\",\"contentUrl\":\"https:\/\/denizcankizil.tr\/wp-content\/uploads\/2025\/02\/5165-01-sG7TvE.jpeg\",\"width\":1280,\"height\":720},{\"@type\":\"BreadcrumbList\",\"@id\":\"https:\/\/denizcankizil.tr\/en\/haberler\/antalya\/buyuksehir-guney-kariyer-fuarinda\/#breadcrumb\",\"itemListElement\":[{\"@type\":\"ListItem\",\"position\":1,\"name\":\"Home\",\"item\":\"https:\/\/denizcankizil.tr\/de\/\"},{\"@type\":\"ListItem\",\"position\":2,\"name\":\"B\u00fcy\u00fck\u015fehir G\u00fcney Kariyer Fuar\u0131\u2019nda\"}]},{\"@type\":\"WebSite\",\"@id\":\"https:\/\/denizcankizil.tr\/de\/#website\",\"url\":\"https:\/\/denizcankizil.tr\/de\/\",\"name\":\"Av. Deniz Can K\u0131z\u0131l\",\"description\":\"Avukat Deniz Can K\u0131z\u0131l Antalya Barosu\",\"publisher\":{\"@id\":\"https:\/\/denizcankizil.tr\/de\/#organization\"},\"potentialAction\":[{\"@type\":\"SearchAction\",\"target\":{\"@type\":\"EntryPoint\",\"urlTemplate\":\"https:\/\/denizcankizil.tr\/de\/?s={search_term_string}\"},\"query-input\":{\"@type\":\"PropertyValueSpecification\",\"valueRequired\":true,\"valueName\":\"search_term_string\"}}],\"inLanguage\":\"en-GB\"},{\"@type\":\"Organization\",\"@id\":\"https:\/\/denizcankizil.tr\/de\/#organization\",\"name\":\"Av. Deniz Can K\u0131z\u0131l\",\"url\":\"https:\/\/denizcankizil.tr\/de\/\",\"logo\":{\"@type\":\"ImageObject\",\"inLanguage\":\"en-GB\",\"@id\":\"https:\/\/denizcankizil.tr\/de\/#\/schema\/logo\/image\/\",\"url\":\"https:\/\/denizcankizil.tr\/wp-content\/uploads\/2024\/10\/siyah-logo-svg.svg\",\"contentUrl\":\"https:\/\/denizcankizil.tr\/wp-content\/uploads\/2024\/10\/siyah-logo-svg.svg\",\"width\":1080,\"height\":1080,\"caption\":\"Av. Deniz Can K\u0131z\u0131l\"},\"image\":{\"@id\":\"https:\/\/denizcankizil.tr\/de\/#\/schema\/logo\/image\/\"}},{\"@type\":\"Person\",\"@id\":\"https:\/\/denizcankizil.tr\/de\/#\/schema\/person\/5dc1b22991bd7ac833867c10afc9b0ff\",\"name\":\"Av. Deniz Can K\u0131z\u0131l\",\"image\":{\"@type\":\"ImageObject\",\"inLanguage\":\"en-GB\",\"@id\":\"https:\/\/denizcankizil.tr\/de\/#\/schema\/person\/image\/\",\"url\":\"https:\/\/secure.gravatar.com\/avatar\/a0b128fb9855c79efc976d5640eedb31dc35ec297594d6016d2cf7c60e975bb6?s=96&d=mm&r=g\",\"contentUrl\":\"https:\/\/secure.gravatar.com\/avatar\/a0b128fb9855c79efc976d5640eedb31dc35ec297594d6016d2cf7c60e975bb6?s=96&d=mm&r=g\",\"caption\":\"Av. Deniz Can K\u0131z\u0131l\"},\"sameAs\":[\"http:\/\/www.denizcankizil.tr\"],\"url\":\"https:\/\/denizcankizil.tr\/en\/author\/denizcankizil\/\"}]}<\/script>\n<!-- \/ Yoast SEO Premium plugin. -->","yoast_head_json":{"title":"B\u00fcy\u00fck\u015fehir G\u00fcney Kariyer Fuar\u0131\u2019nda - Av. Deniz Can K\u0131z\u0131l","robots":{"index":"index","follow":"follow","max-snippet":"max-snippet:-1","max-image-preview":"max-image-preview:large","max-video-preview":"max-video-preview:-1"},"canonical":"https:\/\/denizcankizil.tr\/en\/haberler\/antalya\/buyuksehir-guney-kariyer-fuarinda\/","og_locale":"en_GB","og_type":"article","og_title":"B\u00fcy\u00fck\u015fehir G\u00fcney Kariyer Fuar\u0131\u2019nda","og_description":"Cumhurba\u015fkanl\u0131\u011f\u0131 \u0130nsan Kaynaklar\u0131 Ofisi koordinasyonunda ve Akdeniz \u00dcniversitesi ev sahipli\u011finde bu y\u0131l 3\u2019\u00fcnc\u00fcs\u00fc d\u00fczenlenen G\u00fcney Kariyer Fuar\u0131 (G\u00dcNKAF) Mimar Sinan Kongre Merkezi\u2019nde i\u015f arayanlar ile i\u015fverenleri bir araya getiriyor. 12 \u00fcniversite ve 200\u2019den fazla firman\u0131n kat\u0131l\u0131m sa\u011flad\u0131\u011f\u0131 fuarda, Antalya B\u00fcy\u00fck\u015fehir Belediyesi stand\u0131 yo\u011fun ilgi g\u00f6rd\u00fc. Antalya B\u00fcy\u00fck\u015fehir Belediyesi \u0130\u015f Dan\u0131\u015fma Ofisi\u2019nin \u00e7al\u0131\u015fmalar\u0131n\u0131n anlat\u0131ld\u0131\u011f\u0131 fuar\u0131n ziyaret\u00e7ilerine i\u015f f\u0131rsatlar\u0131 payla\u015f\u0131ld\u0131. Antalya B\u00fcy\u00fck\u015fehir Belediyesi Halkla \u0130li\u015fkiler \u015eube M\u00fcd\u00fcr\u00fc Elif \u00dcnsal, fuar\u0131n i\u015f arayanlarla i\u015fverenleri bulu\u015fturma a\u00e7\u0131s\u0131ndan \u00f6nemli bir platform sundu\u011funu vurgulayarak, &#8220;Amac\u0131m\u0131z, vatanda\u015flar\u0131m\u0131z\u0131n istihdam edilmesine katk\u0131 sa\u011flamak ve onlara en uygun i\u015f f\u0131rsatlar\u0131n\u0131 sunmakt\u0131r&#8221; dedi. Kaynak: www.kanalv.com.tr Haber Sitesinden Al\u0131nm\u0131\u015ft\u0131r.","og_url":"https:\/\/denizcankizil.tr\/en\/haberler\/antalya\/buyuksehir-guney-kariyer-fuarinda\/","og_site_name":"Av. Deniz Can K\u0131z\u0131l","article_published_time":"2025-02-25T10:41:25+00:00","og_image":[{"width":1280,"height":720,"url":"https:\/\/denizcankizil.tr\/wp-content\/uploads\/2025\/02\/5165-01-sG7TvE.jpeg","type":"image\/jpeg"}],"author":"Av. Deniz Can K\u0131z\u0131l","twitter_card":"summary_large_image","twitter_misc":{"Written by":"Av. Deniz Can K\u0131z\u0131l","Estimated reading time":"1 minute"},"schema":{"@context":"https:\/\/schema.org","@graph":[{"@type":"Article","@id":"https:\/\/denizcankizil.tr\/en\/haberler\/antalya\/buyuksehir-guney-kariyer-fuarinda\/#article","isPartOf":{"@id":"https:\/\/denizcankizil.tr\/en\/haberler\/antalya\/buyuksehir-guney-kariyer-fuarinda\/"},"author":{"name":"Av. Deniz Can K\u0131z\u0131l","@id":"https:\/\/denizcankizil.tr\/de\/#\/schema\/person\/5dc1b22991bd7ac833867c10afc9b0ff"},"headline":"B\u00fcy\u00fck\u015fehir G\u00fcney Kariyer Fuar\u0131\u2019nda","datePublished":"2025-02-25T10:41:25+00:00","mainEntityOfPage":{"@id":"https:\/\/denizcankizil.tr\/en\/haberler\/antalya\/buyuksehir-guney-kariyer-fuarinda\/"},"wordCount":163,"commentCount":0,"publisher":{"@id":"https:\/\/denizcankizil.tr\/de\/#organization"},"image":{"@id":"https:\/\/denizcankizil.tr\/en\/haberler\/antalya\/buyuksehir-guney-kariyer-fuarinda\/#primaryimage"},"thumbnailUrl":"https:\/\/denizcankizil.tr\/wp-content\/uploads\/2025\/02\/5165-01-sG7TvE.jpeg","articleSection":["Antalya"],"inLanguage":"en-GB","potentialAction":[{"@type":"CommentAction","name":"Comment","target":["https:\/\/denizcankizil.tr\/en\/haberler\/antalya\/buyuksehir-guney-kariyer-fuarinda\/#respond"]}]},{"@type":"WebPage","@id":"https:\/\/denizcankizil.tr\/en\/haberler\/antalya\/buyuksehir-guney-kariyer-fuarinda\/","url":"https:\/\/denizcankizil.tr\/en\/haberler\/antalya\/buyuksehir-guney-kariyer-fuarinda\/","name":"B\u00fcy\u00fck\u015fehir G\u00fcney Kariyer Fuar\u0131\u2019nda - Av. Deniz Can K\u0131z\u0131l","isPartOf":{"@id":"https:\/\/denizcankizil.tr\/de\/#website"},"primaryImageOfPage":{"@id":"https:\/\/denizcankizil.tr\/en\/haberler\/antalya\/buyuksehir-guney-kariyer-fuarinda\/#primaryimage"},"image":{"@id":"https:\/\/denizcankizil.tr\/en\/haberler\/antalya\/buyuksehir-guney-kariyer-fuarinda\/#primaryimage"},"thumbnailUrl":"https:\/\/denizcankizil.tr\/wp-content\/uploads\/2025\/02\/5165-01-sG7TvE.jpeg","datePublished":"2025-02-25T10:41:25+00:00","breadcrumb":{"@id":"https:\/\/denizcankizil.tr\/en\/haberler\/antalya\/buyuksehir-guney-kariyer-fuarinda\/#breadcrumb"},"inLanguage":"en-GB","potentialAction":[{"@type":"ReadAction","target":["https:\/\/denizcankizil.tr\/en\/haberler\/antalya\/buyuksehir-guney-kariyer-fuarinda\/"]}]},{"@type":"ImageObject","inLanguage":"en-GB","@id":"https:\/\/denizcankizil.tr\/en\/haberler\/antalya\/buyuksehir-guney-kariyer-fuarinda\/#primaryimage","url":"https:\/\/denizcankizil.tr\/wp-content\/uploads\/2025\/02\/5165-01-sG7TvE.jpeg","contentUrl":"https:\/\/denizcankizil.tr\/wp-content\/uploads\/2025\/02\/5165-01-sG7TvE.jpeg","width":1280,"height":720},{"@type":"BreadcrumbList","@id":"https:\/\/denizcankizil.tr\/en\/haberler\/antalya\/buyuksehir-guney-kariyer-fuarinda\/#breadcrumb","itemListElement":[{"@type":"ListItem","position":1,"name":"Home","item":"https:\/\/denizcankizil.tr\/de\/"},{"@type":"ListItem","position":2,"name":"B\u00fcy\u00fck\u015fehir G\u00fcney Kariyer Fuar\u0131\u2019nda"}]},{"@type":"WebSite","@id":"https:\/\/denizcankizil.tr\/de\/#website","url":"https:\/\/denizcankizil.tr\/de\/","name":"Av. Deniz Can K\u0131z\u0131l","description":"Avukat Deniz Can K\u0131z\u0131l Antalya Barosu","publisher":{"@id":"https:\/\/denizcankizil.tr\/de\/#organization"},"potentialAction":[{"@type":"SearchAction","target":{"@type":"EntryPoint","urlTemplate":"https:\/\/denizcankizil.tr\/de\/?s={search_term_string}"},"query-input":{"@type":"PropertyValueSpecification","valueRequired":true,"valueName":"search_term_string"}}],"inLanguage":"en-GB"},{"@type":"Organization","@id":"https:\/\/denizcankizil.tr\/de\/#organization","name":"Av. Deniz Can K\u0131z\u0131l","url":"https:\/\/denizcankizil.tr\/de\/","logo":{"@type":"ImageObject","inLanguage":"en-GB","@id":"https:\/\/denizcankizil.tr\/de\/#\/schema\/logo\/image\/","url":"https:\/\/denizcankizil.tr\/wp-content\/uploads\/2024\/10\/siyah-logo-svg.svg","contentUrl":"https:\/\/denizcankizil.tr\/wp-content\/uploads\/2024\/10\/siyah-logo-svg.svg","width":1080,"height":1080,"caption":"Av. Deniz Can K\u0131z\u0131l"},"image":{"@id":"https:\/\/denizcankizil.tr\/de\/#\/schema\/logo\/image\/"}},{"@type":"Person","@id":"https:\/\/denizcankizil.tr\/de\/#\/schema\/person\/5dc1b22991bd7ac833867c10afc9b0ff","name":"Av. Deniz Can K\u0131z\u0131l","image":{"@type":"ImageObject","inLanguage":"en-GB","@id":"https:\/\/denizcankizil.tr\/de\/#\/schema\/person\/image\/","url":"https:\/\/secure.gravatar.com\/avatar\/a0b128fb9855c79efc976d5640eedb31dc35ec297594d6016d2cf7c60e975bb6?s=96&d=mm&r=g","contentUrl":"https:\/\/secure.gravatar.com\/avatar\/a0b128fb9855c79efc976d5640eedb31dc35ec297594d6016d2cf7c60e975bb6?s=96&d=mm&r=g","caption":"Av. Deniz Can K\u0131z\u0131l"},"sameAs":["http:\/\/www.denizcankizil.tr"],"url":"https:\/\/denizcankizil.tr\/en\/author\/denizcankizil\/"}]}},"_links":{"self":[{"href":"https:\/\/denizcankizil.tr\/en\/wp-json\/wp\/v2\/posts\/34065","targetHints":{"allow":["GET"]}}],"collection":[{"href":"https:\/\/denizcankizil.tr\/en\/wp-json\/wp\/v2\/posts"}],"about":[{"href":"https:\/\/denizcankizil.tr\/en\/wp-json\/wp\/v2\/types\/post"}],"author":[{"embeddable":true,"href":"https:\/\/denizcankizil.tr\/en\/wp-json\/wp\/v2\/users\/4"}],"replies":[{"embeddable":true,"href":"https:\/\/denizcankizil.tr\/en\/wp-json\/wp\/v2\/comments?post=34065"}],"version-history":[{"count":0,"href":"https:\/\/denizcankizil.tr\/en\/wp-json\/wp\/v2\/posts\/34065\/revisions"}],"wp:featuredmedia":[{"embeddable":true,"href":"https:\/\/denizcankizil.tr\/en\/wp-json\/wp\/v2\/media\/34066"}],"wp:attachment":[{"href":"https:\/\/denizcankizil.tr\/en\/wp-json\/wp\/v2\/media?parent=34065"}],"wp:term":[{"taxonomy":"category","embeddable":true,"href":"https:\/\/denizcankizil.tr\/en\/wp-json\/wp\/v2\/categories?post=34065"},{"taxonomy":"post_tag","embeddable":true,"href":"https:\/\/denizcankizil.tr\/en\/wp-json\/wp\/v2\/tags?post=34065"}],"curies":[{"name":"wp","href":"https:\/\/api.w.org\/{rel}","templated":true}]}}