{"id":34014,"date":"2025-02-24T18:41:21","date_gmt":"2025-02-24T15:41:21","guid":{"rendered":"https:\/\/denizcankizil.tr\/uncategorized-tr\/vodafone-yeni-segmenti-super65-ile-65-yas-ve-uzeri-icin-teknoloji-kullanimini-kolaylastiriyor\/"},"modified":"2025-02-24T18:41:21","modified_gmt":"2025-02-24T15:41:21","slug":"vodafone-yeni-segmenti-super65-ile-65-yas-ve-uzeri-icin-teknoloji-kullanimini-kolaylastiriyor","status":"publish","type":"post","link":"https:\/\/denizcankizil.tr\/en\/haberler\/gundem\/vodafone-yeni-segmenti-super65-ile-65-yas-ve-uzeri-icin-teknoloji-kullanimini-kolaylastiriyor\/","title":{"rendered":"Vodafone Yeni Segmenti \u201cS\u00fcper65\u201d ile 65 Ya\u015f ve \u00dczeri \u0130\u00e7in Teknoloji Kullan\u0131m\u0131n\u0131 Kolayla\u015ft\u0131r\u0131yor"},"content":{"rendered":"<p>Vodafone, 65 ya\u015f ve \u00fczeri m\u00fc\u015fterileri i\u00e7in kendilerini el \u00fcst\u00fcnde hissedecekleri yepyeni bir d\u00fcnya sunuyor. \u015eirket, \u201cS\u00fcper65\u201d ad\u0131yla duyurdu\u011fu yeni m\u00fc\u015fteri segmentinin teknolojiyi korkmadan kullanabilmesi i\u00e7in gerekli kolayl\u0131klar\u0131 sa\u011fl\u0131yor. Vodafone S\u00fcper65\u2019liler, her y\u00f6ne s\u0131n\u0131rs\u0131z konu\u015fma hakk\u0131ndan ma\u011fazalarda \u00f6ncelikli hizmet al\u0131nmas\u0131na kadar pek \u00e7ok ayr\u0131cal\u0131ktan yararlanabiliyor.<\/p>\n<p>\u200bVodafone, 65 ya\u015f ve \u00fczeri m\u00fc\u015fterileri i\u00e7in kendilerini el \u00fcst\u00fcnde hissedecekleri yepyeni bir d\u00fcnya sunuyor. \u015eirket, \u201cS\u00fcper65\u201d ad\u0131yla duyurdu\u011fu yeni m\u00fc\u015fteri segmentinin teknolojiyi korkmadan kullanabilmesi i\u00e7in gerekli kolayl\u0131klar\u0131 sa\u011fl\u0131yor. Vodafone S\u00fcper65\u2019liler, her y\u00f6ne s\u0131n\u0131rs\u0131z konu\u015fma hakk\u0131ndan ma\u011fazalarda \u00f6ncelikli hizmet al\u0131nmas\u0131na kadar pek \u00e7ok ayr\u0131cal\u0131ktan yararlanabiliyor.\u00a0<\/p>\n<p>\u200bHaberin Al\u0131nt\u0131land\u0131\u011f\u0131 Kaynak: www.iskenderun.org<\/p>","protected":false},"excerpt":{"rendered":"<p>Vodafone, 65 ya\u015f ve \u00fczeri m\u00fc\u015fterileri i\u00e7in kendilerini el \u00fcst\u00fcnde hissedecekleri yepyeni bir d\u00fcnya sunuyor. \u015eirket, \u201cS\u00fcper65\u201d ad\u0131yla duyurdu\u011fu yeni m\u00fc\u015fteri segmentinin teknolojiyi korkmadan kullanabilmesi i\u00e7in gerekli kolayl\u0131klar\u0131 sa\u011fl\u0131yor. Vodafone S\u00fcper65\u2019liler, her y\u00f6ne s\u0131n\u0131rs\u0131z konu\u015fma hakk\u0131ndan ma\u011fazalarda \u00f6ncelikli hizmet al\u0131nmas\u0131na kadar pek \u00e7ok ayr\u0131cal\u0131ktan yararlanabiliyor. \u200bVodafone, 65 ya\u015f ve \u00fczeri m\u00fc\u015fterileri i\u00e7in kendilerini el \u00fcst\u00fcnde hissedecekleri yepyeni bir d\u00fcnya sunuyor. \u015eirket, \u201cS\u00fcper65\u201d ad\u0131yla duyurdu\u011fu yeni m\u00fc\u015fteri segmentinin teknolojiyi korkmadan kullanabilmesi i\u00e7in gerekli kolayl\u0131klar\u0131 sa\u011fl\u0131yor. Vodafone S\u00fcper65\u2019liler, her y\u00f6ne s\u0131n\u0131rs\u0131z konu\u015fma hakk\u0131ndan ma\u011fazalarda \u00f6ncelikli hizmet al\u0131nmas\u0131na kadar pek \u00e7ok ayr\u0131cal\u0131ktan yararlanabiliyor.\u00a0 \u200bHaberin Al\u0131nt\u0131land\u0131\u011f\u0131 Kaynak: www.iskenderun.org<\/p>","protected":false},"author":1,"featured_media":0,"comment_status":"open","ping_status":"open","sticky":false,"template":"","format":"standard","meta":{"_acf_changed":false,"footnotes":""},"categories":[24],"tags":[],"class_list":["post-34014","post","type-post","status-publish","format-standard","has-post-thumbnail","hentry","category-gundem"],"acf":[],"yoast_head":"<!-- This site is optimized with the Yoast SEO Premium plugin v26.6 (Yoast SEO v27.1.1) - https:\/\/yoast.com\/product\/yoast-seo-premium-wordpress\/ -->\n<title>Vodafone Yeni Segmenti \u201cS\u00fcper65\u201d ile 65 Ya\u015f ve \u00dczeri \u0130\u00e7in Teknoloji Kullan\u0131m\u0131n\u0131 Kolayla\u015ft\u0131r\u0131yor - Av. Deniz Can K\u0131z\u0131l<\/title>\n<meta name=\"robots\" content=\"index, follow, max-snippet:-1, max-image-preview:large, max-video-preview:-1\" \/>\n<link rel=\"canonical\" href=\"https:\/\/denizcankizil.tr\/en\/haberler\/gundem\/vodafone-yeni-segmenti-super65-ile-65-yas-ve-uzeri-icin-teknoloji-kullanimini-kolaylastiriyor\/\" \/>\n<meta property=\"og:locale\" content=\"en_GB\" \/>\n<meta property=\"og:type\" content=\"article\" \/>\n<meta property=\"og:title\" content=\"Vodafone Yeni Segmenti \u201cS\u00fcper65\u201d ile 65 Ya\u015f ve \u00dczeri \u0130\u00e7in Teknoloji Kullan\u0131m\u0131n\u0131 Kolayla\u015ft\u0131r\u0131yor\" \/>\n<meta property=\"og:description\" content=\"Vodafone, 65 ya\u015f ve \u00fczeri m\u00fc\u015fterileri i\u00e7in kendilerini el \u00fcst\u00fcnde hissedecekleri yepyeni bir d\u00fcnya sunuyor. \u015eirket, \u201cS\u00fcper65\u201d ad\u0131yla duyurdu\u011fu yeni m\u00fc\u015fteri segmentinin teknolojiyi korkmadan kullanabilmesi i\u00e7in gerekli kolayl\u0131klar\u0131 sa\u011fl\u0131yor. Vodafone S\u00fcper65\u2019liler, her y\u00f6ne s\u0131n\u0131rs\u0131z konu\u015fma hakk\u0131ndan ma\u011fazalarda \u00f6ncelikli hizmet al\u0131nmas\u0131na kadar pek \u00e7ok ayr\u0131cal\u0131ktan yararlanabiliyor. \u200bVodafone, 65 ya\u015f ve \u00fczeri m\u00fc\u015fterileri i\u00e7in kendilerini el \u00fcst\u00fcnde hissedecekleri yepyeni bir d\u00fcnya sunuyor. \u015eirket, \u201cS\u00fcper65\u201d ad\u0131yla duyurdu\u011fu yeni m\u00fc\u015fteri segmentinin teknolojiyi korkmadan kullanabilmesi i\u00e7in gerekli kolayl\u0131klar\u0131 sa\u011fl\u0131yor. Vodafone S\u00fcper65\u2019liler, her y\u00f6ne s\u0131n\u0131rs\u0131z konu\u015fma hakk\u0131ndan ma\u011fazalarda \u00f6ncelikli hizmet al\u0131nmas\u0131na kadar pek \u00e7ok ayr\u0131cal\u0131ktan yararlanabiliyor.\u00a0 \u200bHaberin Al\u0131nt\u0131land\u0131\u011f\u0131 Kaynak: www.iskenderun.org\" \/>\n<meta property=\"og:url\" content=\"https:\/\/denizcankizil.tr\/en\/haberler\/gundem\/vodafone-yeni-segmenti-super65-ile-65-yas-ve-uzeri-icin-teknoloji-kullanimini-kolaylastiriyor\/\" \/>\n<meta property=\"og:site_name\" content=\"Av. Deniz Can K\u0131z\u0131l\" \/>\n<meta property=\"article:published_time\" content=\"2025-02-24T15:41:21+00:00\" \/>\n<meta name=\"author\" content=\"admin\" \/>\n<meta name=\"twitter:card\" content=\"summary_large_image\" \/>\n<meta name=\"twitter:label1\" content=\"Written by\" \/>\n\t<meta name=\"twitter:data1\" content=\"admin\" \/>\n\t<meta name=\"twitter:label2\" content=\"Estimated reading time\" \/>\n\t<meta name=\"twitter:data2\" content=\"1 minute\" \/>\n<script type=\"application\/ld+json\" class=\"yoast-schema-graph\">{\"@context\":\"https:\/\/schema.org\",\"@graph\":[{\"@type\":\"Article\",\"@id\":\"https:\/\/denizcankizil.tr\/en\/haberler\/gundem\/vodafone-yeni-segmenti-super65-ile-65-yas-ve-uzeri-icin-teknoloji-kullanimini-kolaylastiriyor\/#article\",\"isPartOf\":{\"@id\":\"https:\/\/denizcankizil.tr\/en\/haberler\/gundem\/vodafone-yeni-segmenti-super65-ile-65-yas-ve-uzeri-icin-teknoloji-kullanimini-kolaylastiriyor\/\"},\"author\":{\"name\":\"admin\",\"@id\":\"https:\/\/denizcankizil.tr\/#\/schema\/person\/be3c05fe6a12686905512445d8185489\"},\"headline\":\"Vodafone Yeni Segmenti \u201cS\u00fcper65\u201d ile 65 Ya\u015f ve \u00dczeri \u0130\u00e7in Teknoloji Kullan\u0131m\u0131n\u0131 Kolayla\u015ft\u0131r\u0131yor\",\"datePublished\":\"2025-02-24T15:41:21+00:00\",\"mainEntityOfPage\":{\"@id\":\"https:\/\/denizcankizil.tr\/en\/haberler\/gundem\/vodafone-yeni-segmenti-super65-ile-65-yas-ve-uzeri-icin-teknoloji-kullanimini-kolaylastiriyor\/\"},\"wordCount\":164,\"commentCount\":0,\"publisher\":{\"@id\":\"https:\/\/denizcankizil.tr\/#organization\"},\"articleSection\":[\"G\u00fcndem\"],\"inLanguage\":\"en-GB\",\"potentialAction\":[{\"@type\":\"CommentAction\",\"name\":\"Comment\",\"target\":[\"https:\/\/denizcankizil.tr\/en\/haberler\/gundem\/vodafone-yeni-segmenti-super65-ile-65-yas-ve-uzeri-icin-teknoloji-kullanimini-kolaylastiriyor\/#respond\"]}]},{\"@type\":\"WebPage\",\"@id\":\"https:\/\/denizcankizil.tr\/en\/haberler\/gundem\/vodafone-yeni-segmenti-super65-ile-65-yas-ve-uzeri-icin-teknoloji-kullanimini-kolaylastiriyor\/\",\"url\":\"https:\/\/denizcankizil.tr\/en\/haberler\/gundem\/vodafone-yeni-segmenti-super65-ile-65-yas-ve-uzeri-icin-teknoloji-kullanimini-kolaylastiriyor\/\",\"name\":\"Vodafone Yeni Segmenti \u201cS\u00fcper65\u201d ile 65 Ya\u015f ve \u00dczeri \u0130\u00e7in Teknoloji Kullan\u0131m\u0131n\u0131 Kolayla\u015ft\u0131r\u0131yor - Av. Deniz Can K\u0131z\u0131l\",\"isPartOf\":{\"@id\":\"https:\/\/denizcankizil.tr\/#website\"},\"datePublished\":\"2025-02-24T15:41:21+00:00\",\"breadcrumb\":{\"@id\":\"https:\/\/denizcankizil.tr\/en\/haberler\/gundem\/vodafone-yeni-segmenti-super65-ile-65-yas-ve-uzeri-icin-teknoloji-kullanimini-kolaylastiriyor\/#breadcrumb\"},\"inLanguage\":\"en-GB\",\"potentialAction\":[{\"@type\":\"ReadAction\",\"target\":[\"https:\/\/denizcankizil.tr\/en\/haberler\/gundem\/vodafone-yeni-segmenti-super65-ile-65-yas-ve-uzeri-icin-teknoloji-kullanimini-kolaylastiriyor\/\"]}]},{\"@type\":\"BreadcrumbList\",\"@id\":\"https:\/\/denizcankizil.tr\/en\/haberler\/gundem\/vodafone-yeni-segmenti-super65-ile-65-yas-ve-uzeri-icin-teknoloji-kullanimini-kolaylastiriyor\/#breadcrumb\",\"itemListElement\":[{\"@type\":\"ListItem\",\"position\":1,\"name\":\"Home\",\"item\":\"https:\/\/denizcankizil.tr\/de\/\"},{\"@type\":\"ListItem\",\"position\":2,\"name\":\"Vodafone Yeni Segmenti \u201cS\u00fcper65\u201d ile 65 Ya\u015f ve \u00dczeri \u0130\u00e7in Teknoloji Kullan\u0131m\u0131n\u0131 Kolayla\u015ft\u0131r\u0131yor\"}]},{\"@type\":\"WebSite\",\"@id\":\"https:\/\/denizcankizil.tr\/#website\",\"url\":\"https:\/\/denizcankizil.tr\/\",\"name\":\"Av. Deniz Can K\u0131z\u0131l\",\"description\":\"Avukat Deniz Can K\u0131z\u0131l Antalya Barosu\",\"publisher\":{\"@id\":\"https:\/\/denizcankizil.tr\/#organization\"},\"potentialAction\":[{\"@type\":\"SearchAction\",\"target\":{\"@type\":\"EntryPoint\",\"urlTemplate\":\"https:\/\/denizcankizil.tr\/?s={search_term_string}\"},\"query-input\":{\"@type\":\"PropertyValueSpecification\",\"valueRequired\":true,\"valueName\":\"search_term_string\"}}],\"inLanguage\":\"en-GB\"},{\"@type\":\"Organization\",\"@id\":\"https:\/\/denizcankizil.tr\/#organization\",\"name\":\"Av. Deniz Can K\u0131z\u0131l\",\"url\":\"https:\/\/denizcankizil.tr\/\",\"logo\":{\"@type\":\"ImageObject\",\"inLanguage\":\"en-GB\",\"@id\":\"https:\/\/denizcankizil.tr\/#\/schema\/logo\/image\/\",\"url\":\"https:\/\/denizcankizil.tr\/wp-content\/uploads\/2024\/10\/siyah-logo-svg.svg\",\"contentUrl\":\"https:\/\/denizcankizil.tr\/wp-content\/uploads\/2024\/10\/siyah-logo-svg.svg\",\"width\":1080,\"height\":1080,\"caption\":\"Av. Deniz Can K\u0131z\u0131l\"},\"image\":{\"@id\":\"https:\/\/denizcankizil.tr\/#\/schema\/logo\/image\/\"}},{\"@type\":\"Person\",\"@id\":\"https:\/\/denizcankizil.tr\/#\/schema\/person\/be3c05fe6a12686905512445d8185489\",\"name\":\"admin\",\"image\":{\"@type\":\"ImageObject\",\"inLanguage\":\"en-GB\",\"@id\":\"https:\/\/denizcankizil.tr\/#\/schema\/person\/image\/\",\"url\":\"https:\/\/secure.gravatar.com\/avatar\/c1fce94c830dc79107e174f890d7210541c4a63e8e5d816341794a2151c9d58c?s=96&d=mm&r=g\",\"contentUrl\":\"https:\/\/secure.gravatar.com\/avatar\/c1fce94c830dc79107e174f890d7210541c4a63e8e5d816341794a2151c9d58c?s=96&d=mm&r=g\",\"caption\":\"admin\"},\"sameAs\":[\"http:\/\/denizcankizil.tr\"],\"url\":\"https:\/\/www.iskenderun.org\/vodafone-yeni-segmenti-super65-ile-65-yas-ve-uzeri-icin-teknoloji-kullanimini-kolaylastiriyor\"}]}<\/script>\n<!-- \/ Yoast SEO Premium plugin. -->","yoast_head_json":{"title":"Vodafone Yeni Segmenti \u201cS\u00fcper65\u201d ile 65 Ya\u015f ve \u00dczeri \u0130\u00e7in Teknoloji Kullan\u0131m\u0131n\u0131 Kolayla\u015ft\u0131r\u0131yor - Av. Deniz Can K\u0131z\u0131l","robots":{"index":"index","follow":"follow","max-snippet":"max-snippet:-1","max-image-preview":"max-image-preview:large","max-video-preview":"max-video-preview:-1"},"canonical":"https:\/\/denizcankizil.tr\/en\/haberler\/gundem\/vodafone-yeni-segmenti-super65-ile-65-yas-ve-uzeri-icin-teknoloji-kullanimini-kolaylastiriyor\/","og_locale":"en_GB","og_type":"article","og_title":"Vodafone Yeni Segmenti \u201cS\u00fcper65\u201d ile 65 Ya\u015f ve \u00dczeri \u0130\u00e7in Teknoloji Kullan\u0131m\u0131n\u0131 Kolayla\u015ft\u0131r\u0131yor","og_description":"Vodafone, 65 ya\u015f ve \u00fczeri m\u00fc\u015fterileri i\u00e7in kendilerini el \u00fcst\u00fcnde hissedecekleri yepyeni bir d\u00fcnya sunuyor. \u015eirket, \u201cS\u00fcper65\u201d ad\u0131yla duyurdu\u011fu yeni m\u00fc\u015fteri segmentinin teknolojiyi korkmadan kullanabilmesi i\u00e7in gerekli kolayl\u0131klar\u0131 sa\u011fl\u0131yor. Vodafone S\u00fcper65\u2019liler, her y\u00f6ne s\u0131n\u0131rs\u0131z konu\u015fma hakk\u0131ndan ma\u011fazalarda \u00f6ncelikli hizmet al\u0131nmas\u0131na kadar pek \u00e7ok ayr\u0131cal\u0131ktan yararlanabiliyor. \u200bVodafone, 65 ya\u015f ve \u00fczeri m\u00fc\u015fterileri i\u00e7in kendilerini el \u00fcst\u00fcnde hissedecekleri yepyeni bir d\u00fcnya sunuyor. \u015eirket, \u201cS\u00fcper65\u201d ad\u0131yla duyurdu\u011fu yeni m\u00fc\u015fteri segmentinin teknolojiyi korkmadan kullanabilmesi i\u00e7in gerekli kolayl\u0131klar\u0131 sa\u011fl\u0131yor. Vodafone S\u00fcper65\u2019liler, her y\u00f6ne s\u0131n\u0131rs\u0131z konu\u015fma hakk\u0131ndan ma\u011fazalarda \u00f6ncelikli hizmet al\u0131nmas\u0131na kadar pek \u00e7ok ayr\u0131cal\u0131ktan yararlanabiliyor.\u00a0 \u200bHaberin Al\u0131nt\u0131land\u0131\u011f\u0131 Kaynak: www.iskenderun.org","og_url":"https:\/\/denizcankizil.tr\/en\/haberler\/gundem\/vodafone-yeni-segmenti-super65-ile-65-yas-ve-uzeri-icin-teknoloji-kullanimini-kolaylastiriyor\/","og_site_name":"Av. Deniz Can K\u0131z\u0131l","article_published_time":"2025-02-24T15:41:21+00:00","author":"admin","twitter_card":"summary_large_image","twitter_misc":{"Written by":"admin","Estimated reading time":"1 minute"},"schema":{"@context":"https:\/\/schema.org","@graph":[{"@type":"Article","@id":"https:\/\/denizcankizil.tr\/en\/haberler\/gundem\/vodafone-yeni-segmenti-super65-ile-65-yas-ve-uzeri-icin-teknoloji-kullanimini-kolaylastiriyor\/#article","isPartOf":{"@id":"https:\/\/denizcankizil.tr\/en\/haberler\/gundem\/vodafone-yeni-segmenti-super65-ile-65-yas-ve-uzeri-icin-teknoloji-kullanimini-kolaylastiriyor\/"},"author":{"name":"admin","@id":"https:\/\/denizcankizil.tr\/#\/schema\/person\/be3c05fe6a12686905512445d8185489"},"headline":"Vodafone Yeni Segmenti \u201cS\u00fcper65\u201d ile 65 Ya\u015f ve \u00dczeri \u0130\u00e7in Teknoloji Kullan\u0131m\u0131n\u0131 Kolayla\u015ft\u0131r\u0131yor","datePublished":"2025-02-24T15:41:21+00:00","mainEntityOfPage":{"@id":"https:\/\/denizcankizil.tr\/en\/haberler\/gundem\/vodafone-yeni-segmenti-super65-ile-65-yas-ve-uzeri-icin-teknoloji-kullanimini-kolaylastiriyor\/"},"wordCount":164,"commentCount":0,"publisher":{"@id":"https:\/\/denizcankizil.tr\/#organization"},"articleSection":["G\u00fcndem"],"inLanguage":"en-GB","potentialAction":[{"@type":"CommentAction","name":"Comment","target":["https:\/\/denizcankizil.tr\/en\/haberler\/gundem\/vodafone-yeni-segmenti-super65-ile-65-yas-ve-uzeri-icin-teknoloji-kullanimini-kolaylastiriyor\/#respond"]}]},{"@type":"WebPage","@id":"https:\/\/denizcankizil.tr\/en\/haberler\/gundem\/vodafone-yeni-segmenti-super65-ile-65-yas-ve-uzeri-icin-teknoloji-kullanimini-kolaylastiriyor\/","url":"https:\/\/denizcankizil.tr\/en\/haberler\/gundem\/vodafone-yeni-segmenti-super65-ile-65-yas-ve-uzeri-icin-teknoloji-kullanimini-kolaylastiriyor\/","name":"Vodafone Yeni Segmenti \u201cS\u00fcper65\u201d ile 65 Ya\u015f ve \u00dczeri \u0130\u00e7in Teknoloji Kullan\u0131m\u0131n\u0131 Kolayla\u015ft\u0131r\u0131yor - Av. Deniz Can K\u0131z\u0131l","isPartOf":{"@id":"https:\/\/denizcankizil.tr\/#website"},"datePublished":"2025-02-24T15:41:21+00:00","breadcrumb":{"@id":"https:\/\/denizcankizil.tr\/en\/haberler\/gundem\/vodafone-yeni-segmenti-super65-ile-65-yas-ve-uzeri-icin-teknoloji-kullanimini-kolaylastiriyor\/#breadcrumb"},"inLanguage":"en-GB","potentialAction":[{"@type":"ReadAction","target":["https:\/\/denizcankizil.tr\/en\/haberler\/gundem\/vodafone-yeni-segmenti-super65-ile-65-yas-ve-uzeri-icin-teknoloji-kullanimini-kolaylastiriyor\/"]}]},{"@type":"BreadcrumbList","@id":"https:\/\/denizcankizil.tr\/en\/haberler\/gundem\/vodafone-yeni-segmenti-super65-ile-65-yas-ve-uzeri-icin-teknoloji-kullanimini-kolaylastiriyor\/#breadcrumb","itemListElement":[{"@type":"ListItem","position":1,"name":"Home","item":"https:\/\/denizcankizil.tr\/de\/"},{"@type":"ListItem","position":2,"name":"Vodafone Yeni Segmenti \u201cS\u00fcper65\u201d ile 65 Ya\u015f ve \u00dczeri \u0130\u00e7in Teknoloji Kullan\u0131m\u0131n\u0131 Kolayla\u015ft\u0131r\u0131yor"}]},{"@type":"WebSite","@id":"https:\/\/denizcankizil.tr\/#website","url":"https:\/\/denizcankizil.tr\/","name":"Av. Deniz Can K\u0131z\u0131l","description":"Avukat Deniz Can K\u0131z\u0131l Antalya Barosu","publisher":{"@id":"https:\/\/denizcankizil.tr\/#organization"},"potentialAction":[{"@type":"SearchAction","target":{"@type":"EntryPoint","urlTemplate":"https:\/\/denizcankizil.tr\/?s={search_term_string}"},"query-input":{"@type":"PropertyValueSpecification","valueRequired":true,"valueName":"search_term_string"}}],"inLanguage":"en-GB"},{"@type":"Organization","@id":"https:\/\/denizcankizil.tr\/#organization","name":"Av. Deniz Can K\u0131z\u0131l","url":"https:\/\/denizcankizil.tr\/","logo":{"@type":"ImageObject","inLanguage":"en-GB","@id":"https:\/\/denizcankizil.tr\/#\/schema\/logo\/image\/","url":"https:\/\/denizcankizil.tr\/wp-content\/uploads\/2024\/10\/siyah-logo-svg.svg","contentUrl":"https:\/\/denizcankizil.tr\/wp-content\/uploads\/2024\/10\/siyah-logo-svg.svg","width":1080,"height":1080,"caption":"Av. Deniz Can K\u0131z\u0131l"},"image":{"@id":"https:\/\/denizcankizil.tr\/#\/schema\/logo\/image\/"}},{"@type":"Person","@id":"https:\/\/denizcankizil.tr\/#\/schema\/person\/be3c05fe6a12686905512445d8185489","name":"admin","image":{"@type":"ImageObject","inLanguage":"en-GB","@id":"https:\/\/denizcankizil.tr\/#\/schema\/person\/image\/","url":"https:\/\/secure.gravatar.com\/avatar\/c1fce94c830dc79107e174f890d7210541c4a63e8e5d816341794a2151c9d58c?s=96&d=mm&r=g","contentUrl":"https:\/\/secure.gravatar.com\/avatar\/c1fce94c830dc79107e174f890d7210541c4a63e8e5d816341794a2151c9d58c?s=96&d=mm&r=g","caption":"admin"},"sameAs":["http:\/\/denizcankizil.tr"],"url":"https:\/\/www.iskenderun.org\/vodafone-yeni-segmenti-super65-ile-65-yas-ve-uzeri-icin-teknoloji-kullanimini-kolaylastiriyor"}]}},"_links":{"self":[{"href":"https:\/\/denizcankizil.tr\/en\/wp-json\/wp\/v2\/posts\/34014","targetHints":{"allow":["GET"]}}],"collection":[{"href":"https:\/\/denizcankizil.tr\/en\/wp-json\/wp\/v2\/posts"}],"about":[{"href":"https:\/\/denizcankizil.tr\/en\/wp-json\/wp\/v2\/types\/post"}],"author":[{"embeddable":true,"href":"https:\/\/denizcankizil.tr\/en\/wp-json\/wp\/v2\/users\/1"}],"replies":[{"embeddable":true,"href":"https:\/\/denizcankizil.tr\/en\/wp-json\/wp\/v2\/comments?post=34014"}],"version-history":[{"count":0,"href":"https:\/\/denizcankizil.tr\/en\/wp-json\/wp\/v2\/posts\/34014\/revisions"}],"wp:attachment":[{"href":"https:\/\/denizcankizil.tr\/en\/wp-json\/wp\/v2\/media?parent=34014"}],"wp:term":[{"taxonomy":"category","embeddable":true,"href":"https:\/\/denizcankizil.tr\/en\/wp-json\/wp\/v2\/categories?post=34014"},{"taxonomy":"post_tag","embeddable":true,"href":"https:\/\/denizcankizil.tr\/en\/wp-json\/wp\/v2\/tags?post=34014"}],"curies":[{"name":"wp","href":"https:\/\/api.w.org\/{rel}","templated":true}]}}