{"id":3399,"date":"2024-10-16T15:41:51","date_gmt":"2024-10-16T12:41:51","guid":{"rendered":"https:\/\/denizcankizil.tr\/uncategorized\/baskan-altay-beysehir-yaka-manastir-tabiat-parki-konyaya-yakisir-hale-gelecek\/"},"modified":"2024-10-16T15:41:51","modified_gmt":"2024-10-16T12:41:51","slug":"baskan-altay-beysehir-yaka-manastir-tabiat-parki-konyaya-yakisir-hale-gelecek","status":"publish","type":"post","link":"https:\/\/denizcankizil.tr\/en\/haberler\/gundem\/baskan-altay-beysehir-yaka-manastir-tabiat-parki-konyaya-yakisir-hale-gelecek\/","title":{"rendered":"Ba\u015fkan Altay: \u201cBey\u015fehir Yaka Manast\u0131r Tabiat Park\u0131 Konya\u2019ya Yak\u0131\u015f\u0131r Hale Gelecek\u201d"},"content":{"rendered":"<p>Konya B\u00fcy\u00fck\u015fehir Belediye Ba\u015fkan\u0131 U\u011fur \u0130brahim Altay, Bey\u015fehir Belediye Ba\u015fkan\u0131 Adil Bay\u0131nd\u0131r ile il\u00e7e yat\u0131r\u0131mlar\u0131n\u0131 de\u011ferlendirerek B\u00fcy\u00fck\u015fehir Belediyesi taraf\u0131ndan Yaka Manast\u0131r Tabiat Park\u0131\u2019nda y\u00fcr\u00fct\u00fclen \u00e7al\u0131\u015fmalar\u0131 inceledi.<\/p>\n<p>\u200bKonya B\u00fcy\u00fck\u015fehir Belediye Ba\u015fkan\u0131 U\u011fur \u0130brahim Altay, Bey\u015fehir Belediye Ba\u015fkan\u0131 Adil Bay\u0131nd\u0131r ile il\u00e7e yat\u0131r\u0131mlar\u0131n\u0131 de\u011ferlendirerek B\u00fcy\u00fck\u015fehir Belediyesi taraf\u0131ndan Yaka Manast\u0131r Tabiat Park\u0131\u2019nda y\u00fcr\u00fct\u00fclen \u00e7al\u0131\u015fmalar\u0131 inceledi.\u00a0<\/p>\n<p>\u200bHaberin Al\u0131nt\u0131land\u0131\u011f\u0131 Kaynak: www.iskenderun.org<\/p>","protected":false},"excerpt":{"rendered":"<p>Konya B\u00fcy\u00fck\u015fehir Belediye Ba\u015fkan\u0131 U\u011fur \u0130brahim Altay, Bey\u015fehir Belediye Ba\u015fkan\u0131 Adil Bay\u0131nd\u0131r ile il\u00e7e yat\u0131r\u0131mlar\u0131n\u0131 de\u011ferlendirerek B\u00fcy\u00fck\u015fehir Belediyesi taraf\u0131ndan Yaka Manast\u0131r Tabiat Park\u0131\u2019nda y\u00fcr\u00fct\u00fclen \u00e7al\u0131\u015fmalar\u0131 inceledi. \u200bKonya B\u00fcy\u00fck\u015fehir Belediye Ba\u015fkan\u0131 U\u011fur \u0130brahim Altay, Bey\u015fehir Belediye Ba\u015fkan\u0131 Adil Bay\u0131nd\u0131r ile il\u00e7e yat\u0131r\u0131mlar\u0131n\u0131 de\u011ferlendirerek B\u00fcy\u00fck\u015fehir Belediyesi taraf\u0131ndan Yaka Manast\u0131r Tabiat Park\u0131\u2019nda y\u00fcr\u00fct\u00fclen \u00e7al\u0131\u015fmalar\u0131 inceledi.\u00a0 \u200bHaberin Al\u0131nt\u0131land\u0131\u011f\u0131 Kaynak: www.iskenderun.org<\/p>","protected":false},"author":0,"featured_media":0,"comment_status":"open","ping_status":"open","sticky":false,"template":"","format":"standard","meta":{"_acf_changed":false,"footnotes":""},"categories":[24],"tags":[],"class_list":["post-3399","post","type-post","status-publish","format-standard","has-post-thumbnail","hentry","category-gundem"],"acf":[],"yoast_head":"<!-- This site is optimized with the Yoast SEO Premium plugin v26.6 (Yoast SEO v27.1.1) - https:\/\/yoast.com\/product\/yoast-seo-premium-wordpress\/ -->\n<title>Ba\u015fkan Altay: \u201cBey\u015fehir Yaka Manast\u0131r Tabiat Park\u0131 Konya\u2019ya Yak\u0131\u015f\u0131r Hale Gelecek\u201d - Av. Deniz Can K\u0131z\u0131l<\/title>\n<meta name=\"robots\" content=\"index, follow, max-snippet:-1, max-image-preview:large, max-video-preview:-1\" \/>\n<link rel=\"canonical\" href=\"https:\/\/denizcankizil.tr\/en\/haberler\/gundem\/baskan-altay-beysehir-yaka-manastir-tabiat-parki-konyaya-yakisir-hale-gelecek\/\" \/>\n<meta property=\"og:locale\" content=\"en_GB\" \/>\n<meta property=\"og:type\" content=\"article\" \/>\n<meta property=\"og:title\" content=\"Ba\u015fkan Altay: \u201cBey\u015fehir Yaka Manast\u0131r Tabiat Park\u0131 Konya\u2019ya Yak\u0131\u015f\u0131r Hale Gelecek\u201d\" \/>\n<meta property=\"og:description\" content=\"Konya B\u00fcy\u00fck\u015fehir Belediye Ba\u015fkan\u0131 U\u011fur \u0130brahim Altay, Bey\u015fehir Belediye Ba\u015fkan\u0131 Adil Bay\u0131nd\u0131r ile il\u00e7e yat\u0131r\u0131mlar\u0131n\u0131 de\u011ferlendirerek B\u00fcy\u00fck\u015fehir Belediyesi taraf\u0131ndan Yaka Manast\u0131r Tabiat Park\u0131\u2019nda y\u00fcr\u00fct\u00fclen \u00e7al\u0131\u015fmalar\u0131 inceledi. \u200bKonya B\u00fcy\u00fck\u015fehir Belediye Ba\u015fkan\u0131 U\u011fur \u0130brahim Altay, Bey\u015fehir Belediye Ba\u015fkan\u0131 Adil Bay\u0131nd\u0131r ile il\u00e7e yat\u0131r\u0131mlar\u0131n\u0131 de\u011ferlendirerek B\u00fcy\u00fck\u015fehir Belediyesi taraf\u0131ndan Yaka Manast\u0131r Tabiat Park\u0131\u2019nda y\u00fcr\u00fct\u00fclen \u00e7al\u0131\u015fmalar\u0131 inceledi.\u00a0 \u200bHaberin Al\u0131nt\u0131land\u0131\u011f\u0131 Kaynak: www.iskenderun.org\" \/>\n<meta property=\"og:url\" content=\"https:\/\/denizcankizil.tr\/en\/haberler\/gundem\/baskan-altay-beysehir-yaka-manastir-tabiat-parki-konyaya-yakisir-hale-gelecek\/\" \/>\n<meta property=\"og:site_name\" content=\"Av. Deniz Can K\u0131z\u0131l\" \/>\n<meta property=\"article:published_time\" content=\"2024-10-16T12:41:51+00:00\" \/>\n<meta name=\"twitter:card\" content=\"summary_large_image\" \/>\n<meta name=\"twitter:label1\" content=\"Estimated reading time\" \/>\n\t<meta name=\"twitter:data1\" content=\"1 minute\" \/>\n<script type=\"application\/ld+json\" class=\"yoast-schema-graph\">{\"@context\":\"https:\/\/schema.org\",\"@graph\":[{\"@type\":\"Article\",\"@id\":\"https:\/\/denizcankizil.tr\/en\/haberler\/gundem\/baskan-altay-beysehir-yaka-manastir-tabiat-parki-konyaya-yakisir-hale-gelecek\/#article\",\"isPartOf\":{\"@id\":\"https:\/\/denizcankizil.tr\/en\/haberler\/gundem\/baskan-altay-beysehir-yaka-manastir-tabiat-parki-konyaya-yakisir-hale-gelecek\/\"},\"author\":{\"name\":\"\",\"@id\":\"\"},\"headline\":\"Ba\u015fkan Altay: \u201cBey\u015fehir Yaka Manast\u0131r Tabiat Park\u0131 Konya\u2019ya Yak\u0131\u015f\u0131r Hale Gelecek\u201d\",\"datePublished\":\"2024-10-16T12:41:51+00:00\",\"mainEntityOfPage\":{\"@id\":\"https:\/\/denizcankizil.tr\/en\/haberler\/gundem\/baskan-altay-beysehir-yaka-manastir-tabiat-parki-konyaya-yakisir-hale-gelecek\/\"},\"wordCount\":124,\"commentCount\":0,\"publisher\":{\"@id\":\"https:\/\/denizcankizil.tr\/de\/#organization\"},\"articleSection\":[\"G\u00fcndem\"],\"inLanguage\":\"en-GB\",\"potentialAction\":[{\"@type\":\"CommentAction\",\"name\":\"Comment\",\"target\":[\"https:\/\/denizcankizil.tr\/en\/haberler\/gundem\/baskan-altay-beysehir-yaka-manastir-tabiat-parki-konyaya-yakisir-hale-gelecek\/#respond\"]}]},{\"@type\":\"WebPage\",\"@id\":\"https:\/\/denizcankizil.tr\/en\/haberler\/gundem\/baskan-altay-beysehir-yaka-manastir-tabiat-parki-konyaya-yakisir-hale-gelecek\/\",\"url\":\"https:\/\/denizcankizil.tr\/en\/haberler\/gundem\/baskan-altay-beysehir-yaka-manastir-tabiat-parki-konyaya-yakisir-hale-gelecek\/\",\"name\":\"Ba\u015fkan Altay: \u201cBey\u015fehir Yaka Manast\u0131r Tabiat Park\u0131 Konya\u2019ya Yak\u0131\u015f\u0131r Hale Gelecek\u201d - Av. Deniz Can K\u0131z\u0131l\",\"isPartOf\":{\"@id\":\"https:\/\/denizcankizil.tr\/de\/#website\"},\"datePublished\":\"2024-10-16T12:41:51+00:00\",\"breadcrumb\":{\"@id\":\"https:\/\/denizcankizil.tr\/en\/haberler\/gundem\/baskan-altay-beysehir-yaka-manastir-tabiat-parki-konyaya-yakisir-hale-gelecek\/#breadcrumb\"},\"inLanguage\":\"en-GB\",\"potentialAction\":[{\"@type\":\"ReadAction\",\"target\":[\"https:\/\/denizcankizil.tr\/en\/haberler\/gundem\/baskan-altay-beysehir-yaka-manastir-tabiat-parki-konyaya-yakisir-hale-gelecek\/\"]}]},{\"@type\":\"BreadcrumbList\",\"@id\":\"https:\/\/denizcankizil.tr\/en\/haberler\/gundem\/baskan-altay-beysehir-yaka-manastir-tabiat-parki-konyaya-yakisir-hale-gelecek\/#breadcrumb\",\"itemListElement\":[{\"@type\":\"ListItem\",\"position\":1,\"name\":\"Home\",\"item\":\"https:\/\/denizcankizil.tr\/de\/\"},{\"@type\":\"ListItem\",\"position\":2,\"name\":\"Ba\u015fkan Altay: \u201cBey\u015fehir Yaka Manast\u0131r Tabiat Park\u0131 Konya\u2019ya Yak\u0131\u015f\u0131r Hale Gelecek\u201d\"}]},{\"@type\":\"WebSite\",\"@id\":\"https:\/\/denizcankizil.tr\/de\/#website\",\"url\":\"https:\/\/denizcankizil.tr\/de\/\",\"name\":\"Av. Deniz Can K\u0131z\u0131l\",\"description\":\"Avukat Deniz Can K\u0131z\u0131l Antalya Barosu\",\"publisher\":{\"@id\":\"https:\/\/denizcankizil.tr\/de\/#organization\"},\"potentialAction\":[{\"@type\":\"SearchAction\",\"target\":{\"@type\":\"EntryPoint\",\"urlTemplate\":\"https:\/\/denizcankizil.tr\/de\/?s={search_term_string}\"},\"query-input\":{\"@type\":\"PropertyValueSpecification\",\"valueRequired\":true,\"valueName\":\"search_term_string\"}}],\"inLanguage\":\"en-GB\"},{\"@type\":\"Organization\",\"@id\":\"https:\/\/denizcankizil.tr\/de\/#organization\",\"name\":\"Av. Deniz Can K\u0131z\u0131l\",\"url\":\"https:\/\/denizcankizil.tr\/de\/\",\"logo\":{\"@type\":\"ImageObject\",\"inLanguage\":\"en-GB\",\"@id\":\"https:\/\/denizcankizil.tr\/de\/#\/schema\/logo\/image\/\",\"url\":\"https:\/\/denizcankizil.tr\/wp-content\/uploads\/2024\/10\/siyah-logo-svg.svg\",\"contentUrl\":\"https:\/\/denizcankizil.tr\/wp-content\/uploads\/2024\/10\/siyah-logo-svg.svg\",\"width\":1080,\"height\":1080,\"caption\":\"Av. Deniz Can K\u0131z\u0131l\"},\"image\":{\"@id\":\"https:\/\/denizcankizil.tr\/de\/#\/schema\/logo\/image\/\"}}]}<\/script>\n<!-- \/ Yoast SEO Premium plugin. -->","yoast_head_json":{"title":"Ba\u015fkan Altay: \u201cBey\u015fehir Yaka Manast\u0131r Tabiat Park\u0131 Konya\u2019ya Yak\u0131\u015f\u0131r Hale Gelecek\u201d - Av. Deniz Can K\u0131z\u0131l","robots":{"index":"index","follow":"follow","max-snippet":"max-snippet:-1","max-image-preview":"max-image-preview:large","max-video-preview":"max-video-preview:-1"},"canonical":"https:\/\/denizcankizil.tr\/en\/haberler\/gundem\/baskan-altay-beysehir-yaka-manastir-tabiat-parki-konyaya-yakisir-hale-gelecek\/","og_locale":"en_GB","og_type":"article","og_title":"Ba\u015fkan Altay: \u201cBey\u015fehir Yaka Manast\u0131r Tabiat Park\u0131 Konya\u2019ya Yak\u0131\u015f\u0131r Hale Gelecek\u201d","og_description":"Konya B\u00fcy\u00fck\u015fehir Belediye Ba\u015fkan\u0131 U\u011fur \u0130brahim Altay, Bey\u015fehir Belediye Ba\u015fkan\u0131 Adil Bay\u0131nd\u0131r ile il\u00e7e yat\u0131r\u0131mlar\u0131n\u0131 de\u011ferlendirerek B\u00fcy\u00fck\u015fehir Belediyesi taraf\u0131ndan Yaka Manast\u0131r Tabiat Park\u0131\u2019nda y\u00fcr\u00fct\u00fclen \u00e7al\u0131\u015fmalar\u0131 inceledi. \u200bKonya B\u00fcy\u00fck\u015fehir Belediye Ba\u015fkan\u0131 U\u011fur \u0130brahim Altay, Bey\u015fehir Belediye Ba\u015fkan\u0131 Adil Bay\u0131nd\u0131r ile il\u00e7e yat\u0131r\u0131mlar\u0131n\u0131 de\u011ferlendirerek B\u00fcy\u00fck\u015fehir Belediyesi taraf\u0131ndan Yaka Manast\u0131r Tabiat Park\u0131\u2019nda y\u00fcr\u00fct\u00fclen \u00e7al\u0131\u015fmalar\u0131 inceledi.\u00a0 \u200bHaberin Al\u0131nt\u0131land\u0131\u011f\u0131 Kaynak: www.iskenderun.org","og_url":"https:\/\/denizcankizil.tr\/en\/haberler\/gundem\/baskan-altay-beysehir-yaka-manastir-tabiat-parki-konyaya-yakisir-hale-gelecek\/","og_site_name":"Av. Deniz Can K\u0131z\u0131l","article_published_time":"2024-10-16T12:41:51+00:00","twitter_card":"summary_large_image","twitter_misc":{"Estimated reading time":"1 minute"},"schema":{"@context":"https:\/\/schema.org","@graph":[{"@type":"Article","@id":"https:\/\/denizcankizil.tr\/en\/haberler\/gundem\/baskan-altay-beysehir-yaka-manastir-tabiat-parki-konyaya-yakisir-hale-gelecek\/#article","isPartOf":{"@id":"https:\/\/denizcankizil.tr\/en\/haberler\/gundem\/baskan-altay-beysehir-yaka-manastir-tabiat-parki-konyaya-yakisir-hale-gelecek\/"},"author":{"name":"","@id":""},"headline":"Ba\u015fkan Altay: \u201cBey\u015fehir Yaka Manast\u0131r Tabiat Park\u0131 Konya\u2019ya Yak\u0131\u015f\u0131r Hale Gelecek\u201d","datePublished":"2024-10-16T12:41:51+00:00","mainEntityOfPage":{"@id":"https:\/\/denizcankizil.tr\/en\/haberler\/gundem\/baskan-altay-beysehir-yaka-manastir-tabiat-parki-konyaya-yakisir-hale-gelecek\/"},"wordCount":124,"commentCount":0,"publisher":{"@id":"https:\/\/denizcankizil.tr\/de\/#organization"},"articleSection":["G\u00fcndem"],"inLanguage":"en-GB","potentialAction":[{"@type":"CommentAction","name":"Comment","target":["https:\/\/denizcankizil.tr\/en\/haberler\/gundem\/baskan-altay-beysehir-yaka-manastir-tabiat-parki-konyaya-yakisir-hale-gelecek\/#respond"]}]},{"@type":"WebPage","@id":"https:\/\/denizcankizil.tr\/en\/haberler\/gundem\/baskan-altay-beysehir-yaka-manastir-tabiat-parki-konyaya-yakisir-hale-gelecek\/","url":"https:\/\/denizcankizil.tr\/en\/haberler\/gundem\/baskan-altay-beysehir-yaka-manastir-tabiat-parki-konyaya-yakisir-hale-gelecek\/","name":"Ba\u015fkan Altay: \u201cBey\u015fehir Yaka Manast\u0131r Tabiat Park\u0131 Konya\u2019ya Yak\u0131\u015f\u0131r Hale Gelecek\u201d - Av. Deniz Can K\u0131z\u0131l","isPartOf":{"@id":"https:\/\/denizcankizil.tr\/de\/#website"},"datePublished":"2024-10-16T12:41:51+00:00","breadcrumb":{"@id":"https:\/\/denizcankizil.tr\/en\/haberler\/gundem\/baskan-altay-beysehir-yaka-manastir-tabiat-parki-konyaya-yakisir-hale-gelecek\/#breadcrumb"},"inLanguage":"en-GB","potentialAction":[{"@type":"ReadAction","target":["https:\/\/denizcankizil.tr\/en\/haberler\/gundem\/baskan-altay-beysehir-yaka-manastir-tabiat-parki-konyaya-yakisir-hale-gelecek\/"]}]},{"@type":"BreadcrumbList","@id":"https:\/\/denizcankizil.tr\/en\/haberler\/gundem\/baskan-altay-beysehir-yaka-manastir-tabiat-parki-konyaya-yakisir-hale-gelecek\/#breadcrumb","itemListElement":[{"@type":"ListItem","position":1,"name":"Home","item":"https:\/\/denizcankizil.tr\/de\/"},{"@type":"ListItem","position":2,"name":"Ba\u015fkan Altay: \u201cBey\u015fehir Yaka Manast\u0131r Tabiat Park\u0131 Konya\u2019ya Yak\u0131\u015f\u0131r Hale Gelecek\u201d"}]},{"@type":"WebSite","@id":"https:\/\/denizcankizil.tr\/de\/#website","url":"https:\/\/denizcankizil.tr\/de\/","name":"Av. Deniz Can K\u0131z\u0131l","description":"Avukat Deniz Can K\u0131z\u0131l Antalya Barosu","publisher":{"@id":"https:\/\/denizcankizil.tr\/de\/#organization"},"potentialAction":[{"@type":"SearchAction","target":{"@type":"EntryPoint","urlTemplate":"https:\/\/denizcankizil.tr\/de\/?s={search_term_string}"},"query-input":{"@type":"PropertyValueSpecification","valueRequired":true,"valueName":"search_term_string"}}],"inLanguage":"en-GB"},{"@type":"Organization","@id":"https:\/\/denizcankizil.tr\/de\/#organization","name":"Av. Deniz Can K\u0131z\u0131l","url":"https:\/\/denizcankizil.tr\/de\/","logo":{"@type":"ImageObject","inLanguage":"en-GB","@id":"https:\/\/denizcankizil.tr\/de\/#\/schema\/logo\/image\/","url":"https:\/\/denizcankizil.tr\/wp-content\/uploads\/2024\/10\/siyah-logo-svg.svg","contentUrl":"https:\/\/denizcankizil.tr\/wp-content\/uploads\/2024\/10\/siyah-logo-svg.svg","width":1080,"height":1080,"caption":"Av. Deniz Can K\u0131z\u0131l"},"image":{"@id":"https:\/\/denizcankizil.tr\/de\/#\/schema\/logo\/image\/"}}]}},"_links":{"self":[{"href":"https:\/\/denizcankizil.tr\/en\/wp-json\/wp\/v2\/posts\/3399","targetHints":{"allow":["GET"]}}],"collection":[{"href":"https:\/\/denizcankizil.tr\/en\/wp-json\/wp\/v2\/posts"}],"about":[{"href":"https:\/\/denizcankizil.tr\/en\/wp-json\/wp\/v2\/types\/post"}],"replies":[{"embeddable":true,"href":"https:\/\/denizcankizil.tr\/en\/wp-json\/wp\/v2\/comments?post=3399"}],"version-history":[{"count":0,"href":"https:\/\/denizcankizil.tr\/en\/wp-json\/wp\/v2\/posts\/3399\/revisions"}],"wp:attachment":[{"href":"https:\/\/denizcankizil.tr\/en\/wp-json\/wp\/v2\/media?parent=3399"}],"wp:term":[{"taxonomy":"category","embeddable":true,"href":"https:\/\/denizcankizil.tr\/en\/wp-json\/wp\/v2\/categories?post=3399"},{"taxonomy":"post_tag","embeddable":true,"href":"https:\/\/denizcankizil.tr\/en\/wp-json\/wp\/v2\/tags?post=3399"}],"curies":[{"name":"wp","href":"https:\/\/api.w.org\/{rel}","templated":true}]}}