{"id":3398,"date":"2024-10-16T15:41:51","date_gmt":"2024-10-16T12:41:51","guid":{"rendered":"https:\/\/denizcankizil.tr\/uncategorized\/bilkent-universitesine-fisu-saglikli-kampus-programindan-altin-sertifika\/"},"modified":"2024-10-16T15:41:51","modified_gmt":"2024-10-16T12:41:51","slug":"bilkent-universitesine-fisu-saglikli-kampus-programindan-altin-sertifika","status":"publish","type":"post","link":"https:\/\/denizcankizil.tr\/en\/haberler\/gundem\/bilkent-universitesine-fisu-saglikli-kampus-programindan-altin-sertifika\/","title":{"rendered":"Bilkent \u00dcniversitesi\u2019ne FISU Sa\u011fl\u0131kl\u0131 Kamp\u00fcs Program\u0131&#8217;ndan &#8220;Alt\u0131n Sertifika&#8221;"},"content":{"rendered":"<p>Bilkent \u00dcniversitesi, Uluslararas\u0131 \u00dcniversite Sporlar\u0131 Federasyonu- FISU Sa\u011fl\u0131kl\u0131 Kamp\u00fcs Program\u0131 kapsam\u0131nda &#8220;Alt\u0131n Sertifika&#8221; ile \u00f6d\u00fcllendirilen ilk T\u00fcrk \u00fcniversitesi oldu.<\/p>\n<p>\u200bBilkent \u00dcniversitesi, Uluslararas\u0131 \u00dcniversite Sporlar\u0131 Federasyonu- FISU Sa\u011fl\u0131kl\u0131 Kamp\u00fcs Program\u0131 kapsam\u0131nda &#8220;Alt\u0131n Sertifika&#8221; ile \u00f6d\u00fcllendirilen ilk T\u00fcrk \u00fcniversitesi oldu.\u00a0<\/p>\n<p>\u200bHaberin Al\u0131nt\u0131land\u0131\u011f\u0131 Kaynak: www.iskenderun.org<\/p>","protected":false},"excerpt":{"rendered":"<p>Bilkent \u00dcniversitesi, Uluslararas\u0131 \u00dcniversite Sporlar\u0131 Federasyonu- FISU Sa\u011fl\u0131kl\u0131 Kamp\u00fcs Program\u0131 kapsam\u0131nda &#8220;Alt\u0131n Sertifika&#8221; ile \u00f6d\u00fcllendirilen ilk T\u00fcrk \u00fcniversitesi oldu. \u200bBilkent \u00dcniversitesi, Uluslararas\u0131 \u00dcniversite Sporlar\u0131 Federasyonu- FISU Sa\u011fl\u0131kl\u0131 Kamp\u00fcs Program\u0131 kapsam\u0131nda &#8220;Alt\u0131n Sertifika&#8221; ile \u00f6d\u00fcllendirilen ilk T\u00fcrk \u00fcniversitesi oldu.\u00a0 \u200bHaberin Al\u0131nt\u0131land\u0131\u011f\u0131 Kaynak: www.iskenderun.org<\/p>","protected":false},"author":0,"featured_media":0,"comment_status":"open","ping_status":"open","sticky":false,"template":"","format":"standard","meta":{"_acf_changed":false,"footnotes":""},"categories":[24],"tags":[],"class_list":["post-3398","post","type-post","status-publish","format-standard","has-post-thumbnail","hentry","category-gundem"],"acf":[],"yoast_head":"<!-- This site is optimized with the Yoast SEO Premium plugin v26.6 (Yoast SEO v27.1.1) - https:\/\/yoast.com\/product\/yoast-seo-premium-wordpress\/ -->\n<title>Bilkent \u00dcniversitesi\u2019ne FISU Sa\u011fl\u0131kl\u0131 Kamp\u00fcs Program\u0131&#039;ndan &quot;Alt\u0131n Sertifika&quot; - Av. Deniz Can K\u0131z\u0131l<\/title>\n<meta name=\"robots\" content=\"index, follow, max-snippet:-1, max-image-preview:large, max-video-preview:-1\" \/>\n<link rel=\"canonical\" href=\"http:\/\/denizcankizil.tr\/en\/haberler\/gundem\/bilkent-universitesine-fisu-saglikli-kampus-programindan-altin-sertifika\/\" \/>\n<meta property=\"og:locale\" content=\"en_GB\" \/>\n<meta property=\"og:type\" content=\"article\" \/>\n<meta property=\"og:title\" content=\"Bilkent \u00dcniversitesi\u2019ne FISU Sa\u011fl\u0131kl\u0131 Kamp\u00fcs Program\u0131&#039;ndan &quot;Alt\u0131n Sertifika&quot;\" \/>\n<meta property=\"og:description\" content=\"Bilkent \u00dcniversitesi, Uluslararas\u0131 \u00dcniversite Sporlar\u0131 Federasyonu- FISU Sa\u011fl\u0131kl\u0131 Kamp\u00fcs Program\u0131 kapsam\u0131nda &#8220;Alt\u0131n Sertifika&#8221; ile \u00f6d\u00fcllendirilen ilk T\u00fcrk \u00fcniversitesi oldu. \u200bBilkent \u00dcniversitesi, Uluslararas\u0131 \u00dcniversite Sporlar\u0131 Federasyonu- FISU Sa\u011fl\u0131kl\u0131 Kamp\u00fcs Program\u0131 kapsam\u0131nda &#8220;Alt\u0131n Sertifika&#8221; ile \u00f6d\u00fcllendirilen ilk T\u00fcrk \u00fcniversitesi oldu.\u00a0 \u200bHaberin Al\u0131nt\u0131land\u0131\u011f\u0131 Kaynak: www.iskenderun.org\" \/>\n<meta property=\"og:url\" content=\"http:\/\/denizcankizil.tr\/en\/haberler\/gundem\/bilkent-universitesine-fisu-saglikli-kampus-programindan-altin-sertifika\/\" \/>\n<meta property=\"og:site_name\" content=\"Av. Deniz Can K\u0131z\u0131l\" \/>\n<meta property=\"article:published_time\" content=\"2024-10-16T12:41:51+00:00\" \/>\n<meta name=\"twitter:card\" content=\"summary_large_image\" \/>\n<script type=\"application\/ld+json\" class=\"yoast-schema-graph\">{\"@context\":\"https:\/\/schema.org\",\"@graph\":[{\"@type\":\"Article\",\"@id\":\"http:\/\/denizcankizil.tr\/ru\/haberler\/gundem\/bilkent-universitesine-fisu-saglikli-kampus-programindan-altin-sertifika\/#article\",\"isPartOf\":{\"@id\":\"http:\/\/denizcankizil.tr\/ru\/haberler\/gundem\/bilkent-universitesine-fisu-saglikli-kampus-programindan-altin-sertifika\/\"},\"author\":{\"name\":\"\",\"@id\":\"\"},\"headline\":\"Bilkent \u00dcniversitesi\u2019ne FISU Sa\u011fl\u0131kl\u0131 Kamp\u00fcs Program\u0131&#8217;ndan &#8220;Alt\u0131n Sertifika&#8221;\",\"datePublished\":\"2024-10-16T12:41:51+00:00\",\"mainEntityOfPage\":{\"@id\":\"http:\/\/denizcankizil.tr\/ru\/haberler\/gundem\/bilkent-universitesine-fisu-saglikli-kampus-programindan-altin-sertifika\/\"},\"wordCount\":74,\"commentCount\":0,\"publisher\":{\"@id\":\"https:\/\/denizcankizil.tr\/de\/#organization\"},\"articleSection\":[\"G\u00fcndem\"],\"inLanguage\":\"en-GB\",\"potentialAction\":[{\"@type\":\"CommentAction\",\"name\":\"Comment\",\"target\":[\"http:\/\/denizcankizil.tr\/ru\/haberler\/gundem\/bilkent-universitesine-fisu-saglikli-kampus-programindan-altin-sertifika\/#respond\"]}]},{\"@type\":\"WebPage\",\"@id\":\"http:\/\/denizcankizil.tr\/ru\/haberler\/gundem\/bilkent-universitesine-fisu-saglikli-kampus-programindan-altin-sertifika\/\",\"url\":\"http:\/\/denizcankizil.tr\/ru\/haberler\/gundem\/bilkent-universitesine-fisu-saglikli-kampus-programindan-altin-sertifika\/\",\"name\":\"Bilkent \u00dcniversitesi\u2019ne FISU Sa\u011fl\u0131kl\u0131 Kamp\u00fcs Program\u0131'ndan \\\"Alt\u0131n Sertifika\\\" - Av. Deniz Can K\u0131z\u0131l\",\"isPartOf\":{\"@id\":\"https:\/\/denizcankizil.tr\/de\/#website\"},\"datePublished\":\"2024-10-16T12:41:51+00:00\",\"breadcrumb\":{\"@id\":\"http:\/\/denizcankizil.tr\/ru\/haberler\/gundem\/bilkent-universitesine-fisu-saglikli-kampus-programindan-altin-sertifika\/#breadcrumb\"},\"inLanguage\":\"en-GB\",\"potentialAction\":[{\"@type\":\"ReadAction\",\"target\":[\"http:\/\/denizcankizil.tr\/ru\/haberler\/gundem\/bilkent-universitesine-fisu-saglikli-kampus-programindan-altin-sertifika\/\"]}]},{\"@type\":\"BreadcrumbList\",\"@id\":\"http:\/\/denizcankizil.tr\/ru\/haberler\/gundem\/bilkent-universitesine-fisu-saglikli-kampus-programindan-altin-sertifika\/#breadcrumb\",\"itemListElement\":[{\"@type\":\"ListItem\",\"position\":1,\"name\":\"Home\",\"item\":\"https:\/\/denizcankizil.tr\/de\/\"},{\"@type\":\"ListItem\",\"position\":2,\"name\":\"Bilkent \u00dcniversitesi\u2019ne FISU Sa\u011fl\u0131kl\u0131 Kamp\u00fcs Program\u0131&#8217;ndan &#8220;Alt\u0131n Sertifika&#8221;\"}]},{\"@type\":\"WebSite\",\"@id\":\"https:\/\/denizcankizil.tr\/de\/#website\",\"url\":\"https:\/\/denizcankizil.tr\/de\/\",\"name\":\"Av. Deniz Can K\u0131z\u0131l\",\"description\":\"Avukat Deniz Can K\u0131z\u0131l Antalya Barosu\",\"publisher\":{\"@id\":\"https:\/\/denizcankizil.tr\/de\/#organization\"},\"potentialAction\":[{\"@type\":\"SearchAction\",\"target\":{\"@type\":\"EntryPoint\",\"urlTemplate\":\"https:\/\/denizcankizil.tr\/de\/?s={search_term_string}\"},\"query-input\":{\"@type\":\"PropertyValueSpecification\",\"valueRequired\":true,\"valueName\":\"search_term_string\"}}],\"inLanguage\":\"en-GB\"},{\"@type\":\"Organization\",\"@id\":\"https:\/\/denizcankizil.tr\/de\/#organization\",\"name\":\"Av. Deniz Can K\u0131z\u0131l\",\"url\":\"https:\/\/denizcankizil.tr\/de\/\",\"logo\":{\"@type\":\"ImageObject\",\"inLanguage\":\"en-GB\",\"@id\":\"https:\/\/denizcankizil.tr\/de\/#\/schema\/logo\/image\/\",\"url\":\"https:\/\/denizcankizil.tr\/wp-content\/uploads\/2024\/10\/siyah-logo-svg.svg\",\"contentUrl\":\"https:\/\/denizcankizil.tr\/wp-content\/uploads\/2024\/10\/siyah-logo-svg.svg\",\"width\":1080,\"height\":1080,\"caption\":\"Av. Deniz Can K\u0131z\u0131l\"},\"image\":{\"@id\":\"https:\/\/denizcankizil.tr\/de\/#\/schema\/logo\/image\/\"}}]}<\/script>\n<!-- \/ Yoast SEO Premium plugin. -->","yoast_head_json":{"title":"Bilkent \u00dcniversitesi\u2019ne FISU Sa\u011fl\u0131kl\u0131 Kamp\u00fcs Program\u0131'ndan \"Alt\u0131n Sertifika\" - Av. Deniz Can K\u0131z\u0131l","robots":{"index":"index","follow":"follow","max-snippet":"max-snippet:-1","max-image-preview":"max-image-preview:large","max-video-preview":"max-video-preview:-1"},"canonical":"http:\/\/denizcankizil.tr\/en\/haberler\/gundem\/bilkent-universitesine-fisu-saglikli-kampus-programindan-altin-sertifika\/","og_locale":"en_GB","og_type":"article","og_title":"Bilkent \u00dcniversitesi\u2019ne FISU Sa\u011fl\u0131kl\u0131 Kamp\u00fcs Program\u0131'ndan \"Alt\u0131n Sertifika\"","og_description":"Bilkent \u00dcniversitesi, Uluslararas\u0131 \u00dcniversite Sporlar\u0131 Federasyonu- FISU Sa\u011fl\u0131kl\u0131 Kamp\u00fcs Program\u0131 kapsam\u0131nda &#8220;Alt\u0131n Sertifika&#8221; ile \u00f6d\u00fcllendirilen ilk T\u00fcrk \u00fcniversitesi oldu. \u200bBilkent \u00dcniversitesi, Uluslararas\u0131 \u00dcniversite Sporlar\u0131 Federasyonu- FISU Sa\u011fl\u0131kl\u0131 Kamp\u00fcs Program\u0131 kapsam\u0131nda &#8220;Alt\u0131n Sertifika&#8221; ile \u00f6d\u00fcllendirilen ilk T\u00fcrk \u00fcniversitesi oldu.\u00a0 \u200bHaberin Al\u0131nt\u0131land\u0131\u011f\u0131 Kaynak: www.iskenderun.org","og_url":"http:\/\/denizcankizil.tr\/en\/haberler\/gundem\/bilkent-universitesine-fisu-saglikli-kampus-programindan-altin-sertifika\/","og_site_name":"Av. Deniz Can K\u0131z\u0131l","article_published_time":"2024-10-16T12:41:51+00:00","twitter_card":"summary_large_image","schema":{"@context":"https:\/\/schema.org","@graph":[{"@type":"Article","@id":"http:\/\/denizcankizil.tr\/ru\/haberler\/gundem\/bilkent-universitesine-fisu-saglikli-kampus-programindan-altin-sertifika\/#article","isPartOf":{"@id":"http:\/\/denizcankizil.tr\/ru\/haberler\/gundem\/bilkent-universitesine-fisu-saglikli-kampus-programindan-altin-sertifika\/"},"author":{"name":"","@id":""},"headline":"Bilkent \u00dcniversitesi\u2019ne FISU Sa\u011fl\u0131kl\u0131 Kamp\u00fcs Program\u0131&#8217;ndan &#8220;Alt\u0131n Sertifika&#8221;","datePublished":"2024-10-16T12:41:51+00:00","mainEntityOfPage":{"@id":"http:\/\/denizcankizil.tr\/ru\/haberler\/gundem\/bilkent-universitesine-fisu-saglikli-kampus-programindan-altin-sertifika\/"},"wordCount":74,"commentCount":0,"publisher":{"@id":"https:\/\/denizcankizil.tr\/de\/#organization"},"articleSection":["G\u00fcndem"],"inLanguage":"en-GB","potentialAction":[{"@type":"CommentAction","name":"Comment","target":["http:\/\/denizcankizil.tr\/ru\/haberler\/gundem\/bilkent-universitesine-fisu-saglikli-kampus-programindan-altin-sertifika\/#respond"]}]},{"@type":"WebPage","@id":"http:\/\/denizcankizil.tr\/ru\/haberler\/gundem\/bilkent-universitesine-fisu-saglikli-kampus-programindan-altin-sertifika\/","url":"http:\/\/denizcankizil.tr\/ru\/haberler\/gundem\/bilkent-universitesine-fisu-saglikli-kampus-programindan-altin-sertifika\/","name":"Bilkent \u00dcniversitesi\u2019ne FISU Sa\u011fl\u0131kl\u0131 Kamp\u00fcs Program\u0131'ndan \"Alt\u0131n Sertifika\" - Av. Deniz Can K\u0131z\u0131l","isPartOf":{"@id":"https:\/\/denizcankizil.tr\/de\/#website"},"datePublished":"2024-10-16T12:41:51+00:00","breadcrumb":{"@id":"http:\/\/denizcankizil.tr\/ru\/haberler\/gundem\/bilkent-universitesine-fisu-saglikli-kampus-programindan-altin-sertifika\/#breadcrumb"},"inLanguage":"en-GB","potentialAction":[{"@type":"ReadAction","target":["http:\/\/denizcankizil.tr\/ru\/haberler\/gundem\/bilkent-universitesine-fisu-saglikli-kampus-programindan-altin-sertifika\/"]}]},{"@type":"BreadcrumbList","@id":"http:\/\/denizcankizil.tr\/ru\/haberler\/gundem\/bilkent-universitesine-fisu-saglikli-kampus-programindan-altin-sertifika\/#breadcrumb","itemListElement":[{"@type":"ListItem","position":1,"name":"Home","item":"https:\/\/denizcankizil.tr\/de\/"},{"@type":"ListItem","position":2,"name":"Bilkent \u00dcniversitesi\u2019ne FISU Sa\u011fl\u0131kl\u0131 Kamp\u00fcs Program\u0131&#8217;ndan &#8220;Alt\u0131n Sertifika&#8221;"}]},{"@type":"WebSite","@id":"https:\/\/denizcankizil.tr\/de\/#website","url":"https:\/\/denizcankizil.tr\/de\/","name":"Av. Deniz Can K\u0131z\u0131l","description":"Avukat Deniz Can K\u0131z\u0131l Antalya Barosu","publisher":{"@id":"https:\/\/denizcankizil.tr\/de\/#organization"},"potentialAction":[{"@type":"SearchAction","target":{"@type":"EntryPoint","urlTemplate":"https:\/\/denizcankizil.tr\/de\/?s={search_term_string}"},"query-input":{"@type":"PropertyValueSpecification","valueRequired":true,"valueName":"search_term_string"}}],"inLanguage":"en-GB"},{"@type":"Organization","@id":"https:\/\/denizcankizil.tr\/de\/#organization","name":"Av. Deniz Can K\u0131z\u0131l","url":"https:\/\/denizcankizil.tr\/de\/","logo":{"@type":"ImageObject","inLanguage":"en-GB","@id":"https:\/\/denizcankizil.tr\/de\/#\/schema\/logo\/image\/","url":"https:\/\/denizcankizil.tr\/wp-content\/uploads\/2024\/10\/siyah-logo-svg.svg","contentUrl":"https:\/\/denizcankizil.tr\/wp-content\/uploads\/2024\/10\/siyah-logo-svg.svg","width":1080,"height":1080,"caption":"Av. Deniz Can K\u0131z\u0131l"},"image":{"@id":"https:\/\/denizcankizil.tr\/de\/#\/schema\/logo\/image\/"}}]}},"_links":{"self":[{"href":"https:\/\/denizcankizil.tr\/en\/wp-json\/wp\/v2\/posts\/3398","targetHints":{"allow":["GET"]}}],"collection":[{"href":"https:\/\/denizcankizil.tr\/en\/wp-json\/wp\/v2\/posts"}],"about":[{"href":"https:\/\/denizcankizil.tr\/en\/wp-json\/wp\/v2\/types\/post"}],"replies":[{"embeddable":true,"href":"https:\/\/denizcankizil.tr\/en\/wp-json\/wp\/v2\/comments?post=3398"}],"version-history":[{"count":0,"href":"https:\/\/denizcankizil.tr\/en\/wp-json\/wp\/v2\/posts\/3398\/revisions"}],"wp:attachment":[{"href":"https:\/\/denizcankizil.tr\/en\/wp-json\/wp\/v2\/media?parent=3398"}],"wp:term":[{"taxonomy":"category","embeddable":true,"href":"https:\/\/denizcankizil.tr\/en\/wp-json\/wp\/v2\/categories?post=3398"},{"taxonomy":"post_tag","embeddable":true,"href":"https:\/\/denizcankizil.tr\/en\/wp-json\/wp\/v2\/tags?post=3398"}],"curies":[{"name":"wp","href":"https:\/\/api.w.org\/{rel}","templated":true}]}}