{"id":33974,"date":"2025-02-24T13:41:52","date_gmt":"2025-02-24T10:41:52","guid":{"rendered":"https:\/\/denizcankizil.tr\/uncategorized-tr\/gencler-cevre-atolyesinde-bulustu\/"},"modified":"2025-02-24T13:41:52","modified_gmt":"2025-02-24T10:41:52","slug":"gencler-cevre-atolyesinde-bulustu","status":"publish","type":"post","link":"https:\/\/denizcankizil.tr\/en\/haberler\/antalya\/gencler-cevre-atolyesinde-bulustu\/","title":{"rendered":"Gen\u00e7ler \u00e7evre at\u00f6lyesinde bulu\u015ftu"},"content":{"rendered":"<p>At\u00f6lyeye, Belediye Ba\u015fkan Dan\u0131\u015fman\u0131 Faruk Konuk\u00e7u, Belediye Meclis \u00dcyesi Asr\u0131n Ate\u015fo\u011flu ve Sosyal Hizmetler M\u00fcd\u00fcr\u00fc H\u00fcseyin Do\u011fan da kat\u0131larak, gen\u00e7lerin \u00e7evreye dair \u00f6nerilerini dinledi ve belediyenin \u00e7evre politikalar\u0131na dair mevcut \u00e7al\u0131\u015fmalar hakk\u0131nda bilgilendirmelerde bulundu. Faruk Konuk\u00e7u, at\u00f6lye kapsam\u0131nda belediyenin sosyal politikalar\u0131 \u00fczerine bilgi verdi.<\/p>\n<p>Gen\u00e7lerin \u00e7evre politikalar\u0131na katk\u0131s\u0131 rapor haline getirilecek<br \/>\nAt\u00f6lyede gen\u00e7ler, Alanya\u2019n\u0131n \u00e7evresel sorunlar\u0131n\u0131 ve \u00e7\u00f6z\u00fcm yollar\u0131n\u0131 tart\u0131\u015farak, fiziksel alanlar, kentsel d\u00f6n\u00fc\u015f\u00fcm, enerji y\u00f6netimi, su y\u00f6netimi, deniz, k\u0131y\u0131 y\u00f6netimi, do\u011fal alanlar, at\u0131k y\u00f6netimi, sosyal alanlar ve iklim de\u011fi\u015fikli\u011fi ba\u015fl\u0131klar\u0131nda somut \u00f6neriler sundu. At\u00f6lyeden elde edilen veriler ve gen\u00e7lerin talepleri rapor haline getirilerek Alanya Belediyesi\u2019ne sunulacak ve belediyenin olu\u015fturaca\u011f\u0131 \u00e7evre politikalar\u0131na do\u011frudan etki edecek. S\u00f6z konusu s\u00fcre\u00e7, gen\u00e7lerin yerel y\u00f6netimlerde karar alma mekanizmalar\u0131na d\u00e2hil olmalar\u0131n\u0131 te\u015fvik edecek \u00f6nemli bir ad\u0131m niteli\u011fi ta\u015f\u0131yor.<\/p>\n<p>S\u0131f\u0131r at\u0131k ve s\u00fcrd\u00fcr\u00fclebilir yakla\u015f\u0131m benimsendi<br \/>\n\u00d6te yandan, at\u00f6lyede s\u0131f\u0131r at\u0131k politikas\u0131 uygulanarak, tek kullan\u0131ml\u0131k plastik t\u00fcketimini \u00f6nlemek i\u00e7in kat\u0131l\u0131mc\u0131lardan kendi bardak ve termoslar\u0131n\u0131 getirmeleri istendi. Etkinlik boyunca geri d\u00f6n\u00fc\u015ft\u00fcr\u00fclebilir ve \u00e7evre dostu malzemeler kullan\u0131ld\u0131 ve at\u0131k y\u00f6netimi konusunda duyarl\u0131l\u0131k art\u0131r\u0131ld\u0131. Bu kapsamda, gen\u00e7lerin \u00e7evre bilinci kazanmas\u0131 i\u00e7in do\u011faya zarar vermeyen uygulamalar te\u015fvik edildi ve s\u00fcrd\u00fcr\u00fclebilir ya\u015fam\u0131n g\u00fcnl\u00fck hayatta nas\u0131l uygulanabilece\u011fi konusunda fark\u0131ndal\u0131k olu\u015fturuldu.<\/p>\n<p>Oyunlar ve at\u00f6lyelerle \u00e7evre fark\u0131ndal\u0131\u011f\u0131 art\u0131r\u0131ld\u0131<br \/>\nEtkinlik yaln\u0131zca tart\u0131\u015fmalarla s\u0131n\u0131rl\u0131 kalmay\u0131p, gen\u00e7lerin \u00e7evresel fark\u0131ndal\u0131klar\u0131n\u0131 art\u0131rmak ad\u0131na \u00e7e\u015fitli e\u011fitici oyunlar, grup \u00e7al\u0131\u015fmalar\u0131 ve interaktif aktiviteler de ger\u00e7ekle\u015ftirildi. Bu \u00e7al\u0131\u015fmalar sayesinde kat\u0131l\u0131mc\u0131lar, \u00e7evre dostu uygulamalar\u0131 e\u011flenceli bir \u015fekilde deneyimleme f\u0131rsat\u0131 yakalad\u0131. \u00d6zellikle tak\u0131m \u00e7al\u0131\u015fmas\u0131na dayal\u0131 oyunlar ve sorun \u00e7\u00f6zme odakl\u0131 sim\u00fclasyonlar, gen\u00e7lerin \u00e7evresel meseleleri daha iyi kavramalar\u0131n\u0131 sa\u011flad\u0131. B\u00f6ylece sadece teorik bilgiyle de\u011fil, uygulamal\u0131 \u00f6\u011frenme y\u00f6ntemleriyle de \u00e7evreye duyarl\u0131 bireyler yeti\u015ftirilmesi hedefleniyor.<\/p>\n<p>Gen\u00e7lerin kat\u0131l\u0131m\u0131yla gelece\u011fe y\u00f6n verilecek<br \/>\nAyr\u0131ca etkinlik, gen\u00e7lerin \u00e7evre politikalar\u0131na kat\u0131l\u0131m\u0131n\u0131 art\u0131rmay\u0131, s\u00fcrd\u00fcr\u00fclebilir \u00e7\u00f6z\u00fcmler \u00fcretmelerini te\u015fvik etmeyi ve yerel y\u00f6netimlerle do\u011frudan ileti\u015fim kurmalar\u0131n\u0131 sa\u011flamay\u0131 ama\u00e7l\u0131yor. Alanya Belediyesi ve payda\u015f kurulu\u015flar, gen\u00e7lerin \u00f6nerilerini hayata ge\u00e7irmek ve \u00e7evre politikalar\u0131n\u0131 daha kapsay\u0131c\u0131 hale getirmek i\u00e7in \u00e7al\u0131\u015fmalar\u0131n\u0131 s\u00fcrd\u00fcrecek.<\/p>\n<p>Kaynak: www.kanalv.com.tr Haber Sitesinden Al\u0131nm\u0131\u015ft\u0131r.<\/p>","protected":false},"excerpt":{"rendered":"<p>At\u00f6lyeye, Belediye Ba\u015fkan Dan\u0131\u015fman\u0131 Faruk Konuk\u00e7u, Belediye Meclis \u00dcyesi Asr\u0131n Ate\u015fo\u011flu ve Sosyal Hizmetler M\u00fcd\u00fcr\u00fc H\u00fcseyin Do\u011fan da kat\u0131larak, gen\u00e7lerin \u00e7evreye dair \u00f6nerilerini dinledi ve belediyenin \u00e7evre politikalar\u0131na dair mevcut \u00e7al\u0131\u015fmalar hakk\u0131nda bilgilendirmelerde bulundu. Faruk Konuk\u00e7u, at\u00f6lye kapsam\u0131nda belediyenin sosyal politikalar\u0131 \u00fczerine bilgi verdi. Gen\u00e7lerin \u00e7evre politikalar\u0131na katk\u0131s\u0131 rapor haline getirilecek At\u00f6lyede gen\u00e7ler, Alanya\u2019n\u0131n \u00e7evresel sorunlar\u0131n\u0131 ve \u00e7\u00f6z\u00fcm yollar\u0131n\u0131 tart\u0131\u015farak, fiziksel alanlar, kentsel d\u00f6n\u00fc\u015f\u00fcm, enerji y\u00f6netimi, su y\u00f6netimi, deniz, k\u0131y\u0131 y\u00f6netimi, do\u011fal alanlar, at\u0131k y\u00f6netimi, sosyal alanlar ve iklim de\u011fi\u015fikli\u011fi ba\u015fl\u0131klar\u0131nda somut \u00f6neriler sundu. At\u00f6lyeden elde edilen veriler ve gen\u00e7lerin talepleri rapor haline getirilerek Alanya Belediyesi\u2019ne sunulacak ve belediyenin olu\u015fturaca\u011f\u0131 \u00e7evre politikalar\u0131na do\u011frudan etki edecek. S\u00f6z konusu s\u00fcre\u00e7, gen\u00e7lerin yerel y\u00f6netimlerde karar alma mekanizmalar\u0131na d\u00e2hil olmalar\u0131n\u0131 te\u015fvik edecek \u00f6nemli bir ad\u0131m niteli\u011fi ta\u015f\u0131yor. S\u0131f\u0131r at\u0131k ve s\u00fcrd\u00fcr\u00fclebilir yakla\u015f\u0131m benimsendi \u00d6te yandan, at\u00f6lyede s\u0131f\u0131r at\u0131k politikas\u0131 uygulanarak, tek kullan\u0131ml\u0131k plastik t\u00fcketimini \u00f6nlemek i\u00e7in kat\u0131l\u0131mc\u0131lardan kendi bardak ve termoslar\u0131n\u0131 getirmeleri istendi. Etkinlik boyunca geri d\u00f6n\u00fc\u015ft\u00fcr\u00fclebilir ve \u00e7evre dostu malzemeler kullan\u0131ld\u0131 ve at\u0131k y\u00f6netimi konusunda duyarl\u0131l\u0131k art\u0131r\u0131ld\u0131. Bu kapsamda, gen\u00e7lerin \u00e7evre bilinci kazanmas\u0131 i\u00e7in do\u011faya zarar vermeyen uygulamalar te\u015fvik edildi ve s\u00fcrd\u00fcr\u00fclebilir ya\u015fam\u0131n g\u00fcnl\u00fck hayatta nas\u0131l uygulanabilece\u011fi konusunda fark\u0131ndal\u0131k olu\u015fturuldu. Oyunlar ve at\u00f6lyelerle \u00e7evre fark\u0131ndal\u0131\u011f\u0131 art\u0131r\u0131ld\u0131 Etkinlik yaln\u0131zca tart\u0131\u015fmalarla s\u0131n\u0131rl\u0131 kalmay\u0131p, gen\u00e7lerin \u00e7evresel &hellip;<\/p>","protected":false},"author":4,"featured_media":33975,"comment_status":"open","ping_status":"open","sticky":false,"template":"","format":"standard","meta":{"_acf_changed":false,"footnotes":""},"categories":[26],"tags":[],"class_list":["post-33974","post","type-post","status-publish","format-standard","has-post-thumbnail","hentry","category-antalya"],"acf":[],"yoast_head":"<!-- This site is optimized with the Yoast SEO Premium plugin v26.6 (Yoast SEO v27.1.1) - https:\/\/yoast.com\/product\/yoast-seo-premium-wordpress\/ -->\n<title>Gen\u00e7ler \u00e7evre at\u00f6lyesinde bulu\u015ftu - Av. Deniz Can K\u0131z\u0131l<\/title>\n<meta name=\"robots\" content=\"index, follow, max-snippet:-1, max-image-preview:large, max-video-preview:-1\" \/>\n<link rel=\"canonical\" href=\"https:\/\/denizcankizil.tr\/en\/haberler\/antalya\/gencler-cevre-atolyesinde-bulustu\/\" \/>\n<meta property=\"og:locale\" content=\"en_GB\" \/>\n<meta property=\"og:type\" content=\"article\" \/>\n<meta property=\"og:title\" content=\"Gen\u00e7ler \u00e7evre at\u00f6lyesinde bulu\u015ftu\" \/>\n<meta property=\"og:description\" content=\"At\u00f6lyeye, Belediye Ba\u015fkan Dan\u0131\u015fman\u0131 Faruk Konuk\u00e7u, Belediye Meclis \u00dcyesi Asr\u0131n Ate\u015fo\u011flu ve Sosyal Hizmetler M\u00fcd\u00fcr\u00fc H\u00fcseyin Do\u011fan da kat\u0131larak, gen\u00e7lerin \u00e7evreye dair \u00f6nerilerini dinledi ve belediyenin \u00e7evre politikalar\u0131na dair mevcut \u00e7al\u0131\u015fmalar hakk\u0131nda bilgilendirmelerde bulundu. Faruk Konuk\u00e7u, at\u00f6lye kapsam\u0131nda belediyenin sosyal politikalar\u0131 \u00fczerine bilgi verdi. Gen\u00e7lerin \u00e7evre politikalar\u0131na katk\u0131s\u0131 rapor haline getirilecek At\u00f6lyede gen\u00e7ler, Alanya\u2019n\u0131n \u00e7evresel sorunlar\u0131n\u0131 ve \u00e7\u00f6z\u00fcm yollar\u0131n\u0131 tart\u0131\u015farak, fiziksel alanlar, kentsel d\u00f6n\u00fc\u015f\u00fcm, enerji y\u00f6netimi, su y\u00f6netimi, deniz, k\u0131y\u0131 y\u00f6netimi, do\u011fal alanlar, at\u0131k y\u00f6netimi, sosyal alanlar ve iklim de\u011fi\u015fikli\u011fi ba\u015fl\u0131klar\u0131nda somut \u00f6neriler sundu. At\u00f6lyeden elde edilen veriler ve gen\u00e7lerin talepleri rapor haline getirilerek Alanya Belediyesi\u2019ne sunulacak ve belediyenin olu\u015fturaca\u011f\u0131 \u00e7evre politikalar\u0131na do\u011frudan etki edecek. S\u00f6z konusu s\u00fcre\u00e7, gen\u00e7lerin yerel y\u00f6netimlerde karar alma mekanizmalar\u0131na d\u00e2hil olmalar\u0131n\u0131 te\u015fvik edecek \u00f6nemli bir ad\u0131m niteli\u011fi ta\u015f\u0131yor. S\u0131f\u0131r at\u0131k ve s\u00fcrd\u00fcr\u00fclebilir yakla\u015f\u0131m benimsendi \u00d6te yandan, at\u00f6lyede s\u0131f\u0131r at\u0131k politikas\u0131 uygulanarak, tek kullan\u0131ml\u0131k plastik t\u00fcketimini \u00f6nlemek i\u00e7in kat\u0131l\u0131mc\u0131lardan kendi bardak ve termoslar\u0131n\u0131 getirmeleri istendi. Etkinlik boyunca geri d\u00f6n\u00fc\u015ft\u00fcr\u00fclebilir ve \u00e7evre dostu malzemeler kullan\u0131ld\u0131 ve at\u0131k y\u00f6netimi konusunda duyarl\u0131l\u0131k art\u0131r\u0131ld\u0131. Bu kapsamda, gen\u00e7lerin \u00e7evre bilinci kazanmas\u0131 i\u00e7in do\u011faya zarar vermeyen uygulamalar te\u015fvik edildi ve s\u00fcrd\u00fcr\u00fclebilir ya\u015fam\u0131n g\u00fcnl\u00fck hayatta nas\u0131l uygulanabilece\u011fi konusunda fark\u0131ndal\u0131k olu\u015fturuldu. Oyunlar ve at\u00f6lyelerle \u00e7evre fark\u0131ndal\u0131\u011f\u0131 art\u0131r\u0131ld\u0131 Etkinlik yaln\u0131zca tart\u0131\u015fmalarla s\u0131n\u0131rl\u0131 kalmay\u0131p, gen\u00e7lerin \u00e7evresel &hellip;\" \/>\n<meta property=\"og:url\" content=\"https:\/\/denizcankizil.tr\/en\/haberler\/antalya\/gencler-cevre-atolyesinde-bulustu\/\" \/>\n<meta property=\"og:site_name\" content=\"Av. Deniz Can K\u0131z\u0131l\" \/>\n<meta property=\"article:published_time\" content=\"2025-02-24T10:41:52+00:00\" \/>\n<meta property=\"og:image\" content=\"https:\/\/denizcankizil.tr\/wp-content\/uploads\/2025\/02\/5142-01-hqFlYD.jpeg\" \/>\n\t<meta property=\"og:image:width\" content=\"1280\" \/>\n\t<meta property=\"og:image:height\" content=\"720\" \/>\n\t<meta property=\"og:image:type\" content=\"image\/jpeg\" \/>\n<meta name=\"author\" content=\"Av. Deniz Can K\u0131z\u0131l\" \/>\n<meta name=\"twitter:card\" content=\"summary_large_image\" \/>\n<meta name=\"twitter:label1\" content=\"Written by\" \/>\n\t<meta name=\"twitter:data1\" content=\"Av. Deniz Can K\u0131z\u0131l\" \/>\n\t<meta name=\"twitter:label2\" content=\"Estimated reading time\" \/>\n\t<meta name=\"twitter:data2\" content=\"2 minutes\" \/>\n<script type=\"application\/ld+json\" class=\"yoast-schema-graph\">{\"@context\":\"https:\/\/schema.org\",\"@graph\":[{\"@type\":\"Article\",\"@id\":\"https:\/\/denizcankizil.tr\/uk\/haberler\/antalya\/gencler-cevre-atolyesinde-bulustu\/#article\",\"isPartOf\":{\"@id\":\"https:\/\/denizcankizil.tr\/uk\/haberler\/antalya\/gencler-cevre-atolyesinde-bulustu\/\"},\"author\":{\"name\":\"Av. Deniz Can K\u0131z\u0131l\",\"@id\":\"https:\/\/denizcankizil.tr\/de\/#\/schema\/person\/5dc1b22991bd7ac833867c10afc9b0ff\"},\"headline\":\"Gen\u00e7ler \u00e7evre at\u00f6lyesinde bulu\u015ftu\",\"datePublished\":\"2025-02-24T10:41:52+00:00\",\"mainEntityOfPage\":{\"@id\":\"https:\/\/denizcankizil.tr\/uk\/haberler\/antalya\/gencler-cevre-atolyesinde-bulustu\/\"},\"wordCount\":499,\"commentCount\":0,\"publisher\":{\"@id\":\"https:\/\/denizcankizil.tr\/de\/#organization\"},\"image\":{\"@id\":\"https:\/\/denizcankizil.tr\/uk\/haberler\/antalya\/gencler-cevre-atolyesinde-bulustu\/#primaryimage\"},\"thumbnailUrl\":\"https:\/\/denizcankizil.tr\/wp-content\/uploads\/2025\/02\/5142-01-hqFlYD.jpeg\",\"articleSection\":[\"Antalya\"],\"inLanguage\":\"en-GB\",\"potentialAction\":[{\"@type\":\"CommentAction\",\"name\":\"Comment\",\"target\":[\"https:\/\/denizcankizil.tr\/uk\/haberler\/antalya\/gencler-cevre-atolyesinde-bulustu\/#respond\"]}]},{\"@type\":\"WebPage\",\"@id\":\"https:\/\/denizcankizil.tr\/uk\/haberler\/antalya\/gencler-cevre-atolyesinde-bulustu\/\",\"url\":\"https:\/\/denizcankizil.tr\/uk\/haberler\/antalya\/gencler-cevre-atolyesinde-bulustu\/\",\"name\":\"Gen\u00e7ler \u00e7evre at\u00f6lyesinde bulu\u015ftu - Av. Deniz Can K\u0131z\u0131l\",\"isPartOf\":{\"@id\":\"https:\/\/denizcankizil.tr\/de\/#website\"},\"primaryImageOfPage\":{\"@id\":\"https:\/\/denizcankizil.tr\/uk\/haberler\/antalya\/gencler-cevre-atolyesinde-bulustu\/#primaryimage\"},\"image\":{\"@id\":\"https:\/\/denizcankizil.tr\/uk\/haberler\/antalya\/gencler-cevre-atolyesinde-bulustu\/#primaryimage\"},\"thumbnailUrl\":\"https:\/\/denizcankizil.tr\/wp-content\/uploads\/2025\/02\/5142-01-hqFlYD.jpeg\",\"datePublished\":\"2025-02-24T10:41:52+00:00\",\"breadcrumb\":{\"@id\":\"https:\/\/denizcankizil.tr\/uk\/haberler\/antalya\/gencler-cevre-atolyesinde-bulustu\/#breadcrumb\"},\"inLanguage\":\"en-GB\",\"potentialAction\":[{\"@type\":\"ReadAction\",\"target\":[\"https:\/\/denizcankizil.tr\/uk\/haberler\/antalya\/gencler-cevre-atolyesinde-bulustu\/\"]}]},{\"@type\":\"ImageObject\",\"inLanguage\":\"en-GB\",\"@id\":\"https:\/\/denizcankizil.tr\/uk\/haberler\/antalya\/gencler-cevre-atolyesinde-bulustu\/#primaryimage\",\"url\":\"https:\/\/denizcankizil.tr\/wp-content\/uploads\/2025\/02\/5142-01-hqFlYD.jpeg\",\"contentUrl\":\"https:\/\/denizcankizil.tr\/wp-content\/uploads\/2025\/02\/5142-01-hqFlYD.jpeg\",\"width\":1280,\"height\":720},{\"@type\":\"BreadcrumbList\",\"@id\":\"https:\/\/denizcankizil.tr\/uk\/haberler\/antalya\/gencler-cevre-atolyesinde-bulustu\/#breadcrumb\",\"itemListElement\":[{\"@type\":\"ListItem\",\"position\":1,\"name\":\"Home\",\"item\":\"https:\/\/denizcankizil.tr\/de\/\"},{\"@type\":\"ListItem\",\"position\":2,\"name\":\"Gen\u00e7ler \u00e7evre at\u00f6lyesinde bulu\u015ftu\"}]},{\"@type\":\"WebSite\",\"@id\":\"https:\/\/denizcankizil.tr\/de\/#website\",\"url\":\"https:\/\/denizcankizil.tr\/de\/\",\"name\":\"Av. Deniz Can K\u0131z\u0131l\",\"description\":\"Avukat Deniz Can K\u0131z\u0131l Antalya Barosu\",\"publisher\":{\"@id\":\"https:\/\/denizcankizil.tr\/de\/#organization\"},\"potentialAction\":[{\"@type\":\"SearchAction\",\"target\":{\"@type\":\"EntryPoint\",\"urlTemplate\":\"https:\/\/denizcankizil.tr\/de\/?s={search_term_string}\"},\"query-input\":{\"@type\":\"PropertyValueSpecification\",\"valueRequired\":true,\"valueName\":\"search_term_string\"}}],\"inLanguage\":\"en-GB\"},{\"@type\":\"Organization\",\"@id\":\"https:\/\/denizcankizil.tr\/de\/#organization\",\"name\":\"Av. Deniz Can K\u0131z\u0131l\",\"url\":\"https:\/\/denizcankizil.tr\/de\/\",\"logo\":{\"@type\":\"ImageObject\",\"inLanguage\":\"en-GB\",\"@id\":\"https:\/\/denizcankizil.tr\/de\/#\/schema\/logo\/image\/\",\"url\":\"https:\/\/denizcankizil.tr\/wp-content\/uploads\/2024\/10\/siyah-logo-svg.svg\",\"contentUrl\":\"https:\/\/denizcankizil.tr\/wp-content\/uploads\/2024\/10\/siyah-logo-svg.svg\",\"width\":1080,\"height\":1080,\"caption\":\"Av. Deniz Can K\u0131z\u0131l\"},\"image\":{\"@id\":\"https:\/\/denizcankizil.tr\/de\/#\/schema\/logo\/image\/\"}},{\"@type\":\"Person\",\"@id\":\"https:\/\/denizcankizil.tr\/de\/#\/schema\/person\/5dc1b22991bd7ac833867c10afc9b0ff\",\"name\":\"Av. Deniz Can K\u0131z\u0131l\",\"image\":{\"@type\":\"ImageObject\",\"inLanguage\":\"en-GB\",\"@id\":\"https:\/\/denizcankizil.tr\/de\/#\/schema\/person\/image\/\",\"url\":\"https:\/\/secure.gravatar.com\/avatar\/a0b128fb9855c79efc976d5640eedb31dc35ec297594d6016d2cf7c60e975bb6?s=96&d=mm&r=g\",\"contentUrl\":\"https:\/\/secure.gravatar.com\/avatar\/a0b128fb9855c79efc976d5640eedb31dc35ec297594d6016d2cf7c60e975bb6?s=96&d=mm&r=g\",\"caption\":\"Av. Deniz Can K\u0131z\u0131l\"},\"sameAs\":[\"http:\/\/www.denizcankizil.tr\"],\"url\":\"https:\/\/denizcankizil.tr\/en\/author\/denizcankizil\/\"}]}<\/script>\n<!-- \/ Yoast SEO Premium plugin. -->","yoast_head_json":{"title":"Gen\u00e7ler \u00e7evre at\u00f6lyesinde bulu\u015ftu - Av. Deniz Can K\u0131z\u0131l","robots":{"index":"index","follow":"follow","max-snippet":"max-snippet:-1","max-image-preview":"max-image-preview:large","max-video-preview":"max-video-preview:-1"},"canonical":"https:\/\/denizcankizil.tr\/en\/haberler\/antalya\/gencler-cevre-atolyesinde-bulustu\/","og_locale":"en_GB","og_type":"article","og_title":"Gen\u00e7ler \u00e7evre at\u00f6lyesinde bulu\u015ftu","og_description":"At\u00f6lyeye, Belediye Ba\u015fkan Dan\u0131\u015fman\u0131 Faruk Konuk\u00e7u, Belediye Meclis \u00dcyesi Asr\u0131n Ate\u015fo\u011flu ve Sosyal Hizmetler M\u00fcd\u00fcr\u00fc H\u00fcseyin Do\u011fan da kat\u0131larak, gen\u00e7lerin \u00e7evreye dair \u00f6nerilerini dinledi ve belediyenin \u00e7evre politikalar\u0131na dair mevcut \u00e7al\u0131\u015fmalar hakk\u0131nda bilgilendirmelerde bulundu. Faruk Konuk\u00e7u, at\u00f6lye kapsam\u0131nda belediyenin sosyal politikalar\u0131 \u00fczerine bilgi verdi. Gen\u00e7lerin \u00e7evre politikalar\u0131na katk\u0131s\u0131 rapor haline getirilecek At\u00f6lyede gen\u00e7ler, Alanya\u2019n\u0131n \u00e7evresel sorunlar\u0131n\u0131 ve \u00e7\u00f6z\u00fcm yollar\u0131n\u0131 tart\u0131\u015farak, fiziksel alanlar, kentsel d\u00f6n\u00fc\u015f\u00fcm, enerji y\u00f6netimi, su y\u00f6netimi, deniz, k\u0131y\u0131 y\u00f6netimi, do\u011fal alanlar, at\u0131k y\u00f6netimi, sosyal alanlar ve iklim de\u011fi\u015fikli\u011fi ba\u015fl\u0131klar\u0131nda somut \u00f6neriler sundu. At\u00f6lyeden elde edilen veriler ve gen\u00e7lerin talepleri rapor haline getirilerek Alanya Belediyesi\u2019ne sunulacak ve belediyenin olu\u015fturaca\u011f\u0131 \u00e7evre politikalar\u0131na do\u011frudan etki edecek. S\u00f6z konusu s\u00fcre\u00e7, gen\u00e7lerin yerel y\u00f6netimlerde karar alma mekanizmalar\u0131na d\u00e2hil olmalar\u0131n\u0131 te\u015fvik edecek \u00f6nemli bir ad\u0131m niteli\u011fi ta\u015f\u0131yor. S\u0131f\u0131r at\u0131k ve s\u00fcrd\u00fcr\u00fclebilir yakla\u015f\u0131m benimsendi \u00d6te yandan, at\u00f6lyede s\u0131f\u0131r at\u0131k politikas\u0131 uygulanarak, tek kullan\u0131ml\u0131k plastik t\u00fcketimini \u00f6nlemek i\u00e7in kat\u0131l\u0131mc\u0131lardan kendi bardak ve termoslar\u0131n\u0131 getirmeleri istendi. Etkinlik boyunca geri d\u00f6n\u00fc\u015ft\u00fcr\u00fclebilir ve \u00e7evre dostu malzemeler kullan\u0131ld\u0131 ve at\u0131k y\u00f6netimi konusunda duyarl\u0131l\u0131k art\u0131r\u0131ld\u0131. Bu kapsamda, gen\u00e7lerin \u00e7evre bilinci kazanmas\u0131 i\u00e7in do\u011faya zarar vermeyen uygulamalar te\u015fvik edildi ve s\u00fcrd\u00fcr\u00fclebilir ya\u015fam\u0131n g\u00fcnl\u00fck hayatta nas\u0131l uygulanabilece\u011fi konusunda fark\u0131ndal\u0131k olu\u015fturuldu. Oyunlar ve at\u00f6lyelerle \u00e7evre fark\u0131ndal\u0131\u011f\u0131 art\u0131r\u0131ld\u0131 Etkinlik yaln\u0131zca tart\u0131\u015fmalarla s\u0131n\u0131rl\u0131 kalmay\u0131p, gen\u00e7lerin \u00e7evresel &hellip;","og_url":"https:\/\/denizcankizil.tr\/en\/haberler\/antalya\/gencler-cevre-atolyesinde-bulustu\/","og_site_name":"Av. Deniz Can K\u0131z\u0131l","article_published_time":"2025-02-24T10:41:52+00:00","og_image":[{"width":1280,"height":720,"url":"https:\/\/denizcankizil.tr\/wp-content\/uploads\/2025\/02\/5142-01-hqFlYD.jpeg","type":"image\/jpeg"}],"author":"Av. Deniz Can K\u0131z\u0131l","twitter_card":"summary_large_image","twitter_misc":{"Written by":"Av. Deniz Can K\u0131z\u0131l","Estimated reading time":"2 minutes"},"schema":{"@context":"https:\/\/schema.org","@graph":[{"@type":"Article","@id":"https:\/\/denizcankizil.tr\/uk\/haberler\/antalya\/gencler-cevre-atolyesinde-bulustu\/#article","isPartOf":{"@id":"https:\/\/denizcankizil.tr\/uk\/haberler\/antalya\/gencler-cevre-atolyesinde-bulustu\/"},"author":{"name":"Av. Deniz Can K\u0131z\u0131l","@id":"https:\/\/denizcankizil.tr\/de\/#\/schema\/person\/5dc1b22991bd7ac833867c10afc9b0ff"},"headline":"Gen\u00e7ler \u00e7evre at\u00f6lyesinde bulu\u015ftu","datePublished":"2025-02-24T10:41:52+00:00","mainEntityOfPage":{"@id":"https:\/\/denizcankizil.tr\/uk\/haberler\/antalya\/gencler-cevre-atolyesinde-bulustu\/"},"wordCount":499,"commentCount":0,"publisher":{"@id":"https:\/\/denizcankizil.tr\/de\/#organization"},"image":{"@id":"https:\/\/denizcankizil.tr\/uk\/haberler\/antalya\/gencler-cevre-atolyesinde-bulustu\/#primaryimage"},"thumbnailUrl":"https:\/\/denizcankizil.tr\/wp-content\/uploads\/2025\/02\/5142-01-hqFlYD.jpeg","articleSection":["Antalya"],"inLanguage":"en-GB","potentialAction":[{"@type":"CommentAction","name":"Comment","target":["https:\/\/denizcankizil.tr\/uk\/haberler\/antalya\/gencler-cevre-atolyesinde-bulustu\/#respond"]}]},{"@type":"WebPage","@id":"https:\/\/denizcankizil.tr\/uk\/haberler\/antalya\/gencler-cevre-atolyesinde-bulustu\/","url":"https:\/\/denizcankizil.tr\/uk\/haberler\/antalya\/gencler-cevre-atolyesinde-bulustu\/","name":"Gen\u00e7ler \u00e7evre at\u00f6lyesinde bulu\u015ftu - Av. Deniz Can K\u0131z\u0131l","isPartOf":{"@id":"https:\/\/denizcankizil.tr\/de\/#website"},"primaryImageOfPage":{"@id":"https:\/\/denizcankizil.tr\/uk\/haberler\/antalya\/gencler-cevre-atolyesinde-bulustu\/#primaryimage"},"image":{"@id":"https:\/\/denizcankizil.tr\/uk\/haberler\/antalya\/gencler-cevre-atolyesinde-bulustu\/#primaryimage"},"thumbnailUrl":"https:\/\/denizcankizil.tr\/wp-content\/uploads\/2025\/02\/5142-01-hqFlYD.jpeg","datePublished":"2025-02-24T10:41:52+00:00","breadcrumb":{"@id":"https:\/\/denizcankizil.tr\/uk\/haberler\/antalya\/gencler-cevre-atolyesinde-bulustu\/#breadcrumb"},"inLanguage":"en-GB","potentialAction":[{"@type":"ReadAction","target":["https:\/\/denizcankizil.tr\/uk\/haberler\/antalya\/gencler-cevre-atolyesinde-bulustu\/"]}]},{"@type":"ImageObject","inLanguage":"en-GB","@id":"https:\/\/denizcankizil.tr\/uk\/haberler\/antalya\/gencler-cevre-atolyesinde-bulustu\/#primaryimage","url":"https:\/\/denizcankizil.tr\/wp-content\/uploads\/2025\/02\/5142-01-hqFlYD.jpeg","contentUrl":"https:\/\/denizcankizil.tr\/wp-content\/uploads\/2025\/02\/5142-01-hqFlYD.jpeg","width":1280,"height":720},{"@type":"BreadcrumbList","@id":"https:\/\/denizcankizil.tr\/uk\/haberler\/antalya\/gencler-cevre-atolyesinde-bulustu\/#breadcrumb","itemListElement":[{"@type":"ListItem","position":1,"name":"Home","item":"https:\/\/denizcankizil.tr\/de\/"},{"@type":"ListItem","position":2,"name":"Gen\u00e7ler \u00e7evre at\u00f6lyesinde bulu\u015ftu"}]},{"@type":"WebSite","@id":"https:\/\/denizcankizil.tr\/de\/#website","url":"https:\/\/denizcankizil.tr\/de\/","name":"Av. Deniz Can K\u0131z\u0131l","description":"Avukat Deniz Can K\u0131z\u0131l Antalya Barosu","publisher":{"@id":"https:\/\/denizcankizil.tr\/de\/#organization"},"potentialAction":[{"@type":"SearchAction","target":{"@type":"EntryPoint","urlTemplate":"https:\/\/denizcankizil.tr\/de\/?s={search_term_string}"},"query-input":{"@type":"PropertyValueSpecification","valueRequired":true,"valueName":"search_term_string"}}],"inLanguage":"en-GB"},{"@type":"Organization","@id":"https:\/\/denizcankizil.tr\/de\/#organization","name":"Av. Deniz Can K\u0131z\u0131l","url":"https:\/\/denizcankizil.tr\/de\/","logo":{"@type":"ImageObject","inLanguage":"en-GB","@id":"https:\/\/denizcankizil.tr\/de\/#\/schema\/logo\/image\/","url":"https:\/\/denizcankizil.tr\/wp-content\/uploads\/2024\/10\/siyah-logo-svg.svg","contentUrl":"https:\/\/denizcankizil.tr\/wp-content\/uploads\/2024\/10\/siyah-logo-svg.svg","width":1080,"height":1080,"caption":"Av. Deniz Can K\u0131z\u0131l"},"image":{"@id":"https:\/\/denizcankizil.tr\/de\/#\/schema\/logo\/image\/"}},{"@type":"Person","@id":"https:\/\/denizcankizil.tr\/de\/#\/schema\/person\/5dc1b22991bd7ac833867c10afc9b0ff","name":"Av. Deniz Can K\u0131z\u0131l","image":{"@type":"ImageObject","inLanguage":"en-GB","@id":"https:\/\/denizcankizil.tr\/de\/#\/schema\/person\/image\/","url":"https:\/\/secure.gravatar.com\/avatar\/a0b128fb9855c79efc976d5640eedb31dc35ec297594d6016d2cf7c60e975bb6?s=96&d=mm&r=g","contentUrl":"https:\/\/secure.gravatar.com\/avatar\/a0b128fb9855c79efc976d5640eedb31dc35ec297594d6016d2cf7c60e975bb6?s=96&d=mm&r=g","caption":"Av. Deniz Can K\u0131z\u0131l"},"sameAs":["http:\/\/www.denizcankizil.tr"],"url":"https:\/\/denizcankizil.tr\/en\/author\/denizcankizil\/"}]}},"_links":{"self":[{"href":"https:\/\/denizcankizil.tr\/en\/wp-json\/wp\/v2\/posts\/33974","targetHints":{"allow":["GET"]}}],"collection":[{"href":"https:\/\/denizcankizil.tr\/en\/wp-json\/wp\/v2\/posts"}],"about":[{"href":"https:\/\/denizcankizil.tr\/en\/wp-json\/wp\/v2\/types\/post"}],"author":[{"embeddable":true,"href":"https:\/\/denizcankizil.tr\/en\/wp-json\/wp\/v2\/users\/4"}],"replies":[{"embeddable":true,"href":"https:\/\/denizcankizil.tr\/en\/wp-json\/wp\/v2\/comments?post=33974"}],"version-history":[{"count":0,"href":"https:\/\/denizcankizil.tr\/en\/wp-json\/wp\/v2\/posts\/33974\/revisions"}],"wp:featuredmedia":[{"embeddable":true,"href":"https:\/\/denizcankizil.tr\/en\/wp-json\/wp\/v2\/media\/33975"}],"wp:attachment":[{"href":"https:\/\/denizcankizil.tr\/en\/wp-json\/wp\/v2\/media?parent=33974"}],"wp:term":[{"taxonomy":"category","embeddable":true,"href":"https:\/\/denizcankizil.tr\/en\/wp-json\/wp\/v2\/categories?post=33974"},{"taxonomy":"post_tag","embeddable":true,"href":"https:\/\/denizcankizil.tr\/en\/wp-json\/wp\/v2\/tags?post=33974"}],"curies":[{"name":"wp","href":"https:\/\/api.w.org\/{rel}","templated":true}]}}