{"id":33925,"date":"2025-02-23T18:41:19","date_gmt":"2025-02-23T15:41:19","guid":{"rendered":"https:\/\/denizcankizil.tr\/uncategorized-tr\/turkiyenin-gelecegi-tehdit-altinda-genc-isci-olumleri-artiyor\/"},"modified":"2025-02-23T18:41:19","modified_gmt":"2025-02-23T15:41:19","slug":"turkiyenin-gelecegi-tehdit-altinda-genc-isci-olumleri-artiyor","status":"publish","type":"post","link":"https:\/\/denizcankizil.tr\/en\/haberler\/gundem\/turkiyenin-gelecegi-tehdit-altinda-genc-isci-olumleri-artiyor\/","title":{"rendered":"T\u00fcrkiye\u2019nin gelece\u011fi tehdit alt\u0131nda: Gen\u00e7 i\u015f\u00e7i \u00f6l\u00fcmleri art\u0131yor"},"content":{"rendered":"<p>\u0130\u015f\u00e7i Sa\u011fl\u0131\u011f\u0131 ve \u0130\u015f G\u00fcvenli\u011fi Meclisi 2013-2024 y\u0131llar\u0131 Gen\u00e7 \u0130\u015f\u00e7iler \u0130\u015f Cinayetleri Raporu&#8217;nu a\u00e7\u0131klad\u0131. Raporda gen\u00e7 i\u015f\u00e7ilerin kar\u015f\u0131 kar\u015f\u0131ya oldu\u011fu tehlikeleri g\u00f6zler \u00f6n\u00fcne serdi. \u0130S\u0130G Meclisi, 11 \u015eubat&#8217;ta yay\u0131mlad\u0131\u011f\u0131 \u2018\u00c7ocuk \u0130\u015f\u00e7ilik Raporu\u2019nda, T\u00fcrkiye&#8217;nin gen\u00e7 i\u015f\u00e7i sorununa dikkat \u00e7ekti. Son on iki y\u0131lda en az 2 bin 664 gen\u00e7 i\u015f\u00e7i hayat\u0131n\u0131 kaybetti\u011fi raporda, gen\u00e7lerin gelece\u011fini tehdit alt\u0131nda oldu\u011fu vurgulad\u0131.\u00a0<\/p>\n<p>HER \u00dc\u00c7 GEN\u00c7TEN B\u0130R\u0130 NE E\u011e\u0130T\u0130MDE NE \u0130ST\u0130HDAMDA\u00a0<\/p>\n<p>Rapora g\u00f6re, T\u00fcrkiye&#8217;deki gen\u00e7 i\u015f\u00e7ilerin b\u00fcy\u00fck bir k\u0131sm\u0131 yoksulluk ve i\u015fsizlikle m\u00fccadele etti\u011fi dikkat \u00e7ekti. 2024 sonu itibariyle gen\u00e7lerdeki geni\u015f tan\u0131ml\u0131 i\u015fsizlik oran\u0131 y\u00fczde 37,3&#8217;e y\u00fckselirken, her 3 gen\u00e7ten biri ne e\u011fitimde ne de istihdamda yer ald\u0131. Raporda bu ko\u015fullar alt\u0131nda, h\u00fck\u00fcmetin \u2018Evlenecek Gen\u00e7lerin Desteklenmesi Projesi\u2019 gibi giri\u015fimlerinin gen\u00e7leri daha da zor bir durumla kar\u015f\u0131 kar\u015f\u0131ya b\u0131rakaca\u011f\u0131 belirtildi.\u00a0<\/p>\n<p>GEN\u00c7LER YOKSULLUK PEN\u00c7ES\u0130 ALTINDA<\/p>\n<p>Raporda AK Parti iktidar\u0131n\u0131n 2025&#8217;i \u2018Aile Y\u0131l\u0131\u2019 ilan etti\u011fi hat\u0131rlat\u0131larak, &#8220;Gelece\u011fimiz dedi\u011fimiz gen\u00e7lerimiz, sa\u011fl\u0131kl\u0131 ve g\u00fcvenli ya\u015famas\u0131, okumas\u0131, \u00e7al\u0131\u015fmas\u0131 gerekirken; yoksulluk, g\u00fcvencesiz i\u015f\u00e7ilik, \u015fiddet, geleceksizlik ve i\u015f cinayetleri cenderesi alt\u0131ndalar\u201d denildi.\u00a0D\u00f6rt ki\u015filik bir ailenin a\u00e7l\u0131k s\u0131n\u0131r\u0131n\u0131n 22 bin lira oldu\u011funu ancak ortalama kira bedelinin de ortalama 20 bin lira oldu\u011fu belirtilen \u0130S\u0130G raporunda \u015fu ifadelere yer verildi: \u201cT\u00fcrk-\u0130\u015f Ocak 2025 A\u00e7l\u0131k-Yoksulluk Ara\u015ft\u0131rmas\u0131\u2019na g\u00f6re &#8216;d\u00f6rt ki\u015filik bir ailenin a\u00e7l\u0131k s\u0131n\u0131r\u0131 22 bin 131 lira; yoksulluk s\u0131n\u0131r\u0131 72 bin 88 lira&#8217;. B\u0130SAM A\u00e7l\u0131k ve Yoksulluk S\u0131n\u0131r\u0131 Ocak 2025 D\u00f6nem Raporu\u2019na g\u00f6re &#8216;d\u00f6rt ki\u015filik bir aile i\u00e7in a\u00e7l\u0131k s\u0131n\u0131r\u0131 22 bin 75 lira, yoksulluk s\u0131n\u0131r\u0131 76 bin 358 lira&#8217;. Endeksa, Ocak 2025 Konut De\u011fer Raporu\u2019na g\u00f6re &#8216;T\u00fcrkiye\u2019de ortalama kira bedeli 20 bin 542 lira&#8217;.<\/p>\n<p>2024 4. \u00e7eyre\u011finde gen\u00e7lerde dar tan\u0131ml\u0131 i\u015fsizlik oran\u0131 y\u00fczde 15,7 olarak a\u00e7\u0131kland\u0131. T\u00dc\u0130K verilerinden yararlanarak hesaplad\u0131\u011f\u0131m\u0131z 15-24 ya\u015f aras\u0131 gen\u00e7 n\u00fcfusta geni\u015f tan\u0131ml\u0131 i\u015fsizlik oran\u0131 ise 2024 y\u0131l\u0131 4. \u00e7eyre\u011finde y\u00fczde 37,3 olarak ger\u00e7ekle\u015fti. Geni\u015f tan\u0131ml\u0131 gen\u00e7 i\u015fsizli\u011fi dar tan\u0131ml\u0131 gen\u00e7 i\u015fsizli\u011finden 21,6 puan fazla. Geni\u015f tan\u0131ml\u0131 gen\u00e7 kad\u0131n i\u015fsizli\u011fi y\u00fczde 46,7!&#8221;<\/p>\n<p>\u0130\u015e\u00c7\u0130 \u00d6L\u00dcMLER\u0130 EN \u00c7OK SANAY\u0130, \u0130N\u015eAAT VE TARIM SEKT\u00d6R\u00dcNDE<\/p>\n<p>\u0130S\u0130G Meclisi\u2019nin verilerine g\u00f6re, 2013-2024 y\u0131llar\u0131 aras\u0131nda T\u00fcrkiye&#8217;de gen\u00e7 i\u015f\u00e7i \u00f6l\u00fcmleri b\u00fcy\u00fck bir oranda sanayi, in\u015faat ve tar\u0131m i\u015fkollar\u0131nda ya\u015fand\u0131. Gen\u00e7 i\u015f\u00e7ilerin \u00f6l\u00fcm oranlar\u0131n\u0131n y\u00fczde 93\u2019\u00fc \u00fccretli \u00e7al\u0131\u015fanlardan olu\u015ftu. Bu oran, gen\u00e7lerin ya\u015famlar\u0131n\u0131 s\u00fcrd\u00fcrebilmek i\u00e7in g\u00fcvencesiz i\u015flerde \u00e7al\u0131\u015ft\u0131klar\u0131n\u0131 g\u00f6sterdi. Raporda ayr\u0131ca, &#8220;konaklama&#8221; sekt\u00f6r\u00fcnde son y\u0131llarda artan gen\u00e7 i\u015f\u00e7i \u00f6l\u00fcmleri ve g\u00fcvencesiz \u00e7al\u0131\u015fma ko\u015fullar\u0131n\u0131n da alarm verici oldu\u011fu belirtildi. \u00c7ocuk i\u015f\u00e7ili\u011fi ile gen\u00e7 i\u015f\u00e7ili\u011fi aras\u0131ndaki ba\u011flant\u0131ya vurgu yapan \u0130S\u0130G Meclisi, bu sorunun \u00e7\u00f6z\u00fclmesi i\u00e7in toplumsal bir d\u00f6n\u00fc\u015f\u00fcm \u00e7a\u011fr\u0131s\u0131nda bulundu.<\/p>\n<p>\u200b\u0130S\u0130G Meclisi, 2013-2024 y\u0131llar\u0131 Gen\u00e7 \u0130\u015f\u00e7iler \u0130\u015f C*nayetleri Raporu&#8217;nu a\u00e7\u0131klad\u0131. Rapora g\u00f6re, son on iki y\u0131lda en az 2 bin 664 gen\u00e7 i\u015f\u00e7i hayat\u0131n\u0131 kaybetti.\u00a0\u0130\u015fte \u00e7arp\u0131c\u0131 raporun ayr\u0131nt\u0131lar\u0131&#8230;\u00a0<\/p>\n<p>\u200bHaberin Al\u0131nt\u0131land\u0131\u011f\u0131 Kaynak: www.antalyakorfez.com<\/p>","protected":false},"excerpt":{"rendered":"<p>\u0130\u015f\u00e7i Sa\u011fl\u0131\u011f\u0131 ve \u0130\u015f G\u00fcvenli\u011fi Meclisi 2013-2024 y\u0131llar\u0131 Gen\u00e7 \u0130\u015f\u00e7iler \u0130\u015f Cinayetleri Raporu&#8217;nu a\u00e7\u0131klad\u0131. Raporda gen\u00e7 i\u015f\u00e7ilerin kar\u015f\u0131 kar\u015f\u0131ya oldu\u011fu tehlikeleri g\u00f6zler \u00f6n\u00fcne serdi. \u0130S\u0130G Meclisi, 11 \u015eubat&#8217;ta yay\u0131mlad\u0131\u011f\u0131 \u2018\u00c7ocuk \u0130\u015f\u00e7ilik Raporu\u2019nda, T\u00fcrkiye&#8217;nin gen\u00e7 i\u015f\u00e7i sorununa dikkat \u00e7ekti. Son on iki y\u0131lda en az 2 bin 664 gen\u00e7 i\u015f\u00e7i hayat\u0131n\u0131 kaybetti\u011fi raporda, gen\u00e7lerin gelece\u011fini tehdit alt\u0131nda oldu\u011fu vurgulad\u0131.\u00a0 HER \u00dc\u00c7 GEN\u00c7TEN B\u0130R\u0130 NE E\u011e\u0130T\u0130MDE NE \u0130ST\u0130HDAMDA\u00a0 Rapora g\u00f6re, T\u00fcrkiye&#8217;deki gen\u00e7 i\u015f\u00e7ilerin b\u00fcy\u00fck bir k\u0131sm\u0131 yoksulluk ve i\u015fsizlikle m\u00fccadele etti\u011fi dikkat \u00e7ekti. 2024 sonu itibariyle gen\u00e7lerdeki geni\u015f tan\u0131ml\u0131 i\u015fsizlik oran\u0131 y\u00fczde 37,3&#8217;e y\u00fckselirken, her 3 gen\u00e7ten biri ne e\u011fitimde ne de istihdamda yer ald\u0131. Raporda bu ko\u015fullar alt\u0131nda, h\u00fck\u00fcmetin \u2018Evlenecek Gen\u00e7lerin Desteklenmesi Projesi\u2019 gibi giri\u015fimlerinin gen\u00e7leri daha da zor bir durumla kar\u015f\u0131 kar\u015f\u0131ya b\u0131rakaca\u011f\u0131 belirtildi.\u00a0 GEN\u00c7LER YOKSULLUK PEN\u00c7ES\u0130 ALTINDA Raporda AK Parti iktidar\u0131n\u0131n 2025&#8217;i \u2018Aile Y\u0131l\u0131\u2019 ilan etti\u011fi hat\u0131rlat\u0131larak, &#8220;Gelece\u011fimiz dedi\u011fimiz gen\u00e7lerimiz, sa\u011fl\u0131kl\u0131 ve g\u00fcvenli ya\u015famas\u0131, okumas\u0131, \u00e7al\u0131\u015fmas\u0131 gerekirken; yoksulluk, g\u00fcvencesiz i\u015f\u00e7ilik, \u015fiddet, geleceksizlik ve i\u015f cinayetleri cenderesi alt\u0131ndalar\u201d denildi.\u00a0D\u00f6rt ki\u015filik bir ailenin a\u00e7l\u0131k s\u0131n\u0131r\u0131n\u0131n 22 bin lira oldu\u011funu ancak ortalama kira bedelinin de ortalama 20 bin lira oldu\u011fu belirtilen \u0130S\u0130G raporunda \u015fu ifadelere yer verildi: \u201cT\u00fcrk-\u0130\u015f Ocak 2025 A\u00e7l\u0131k-Yoksulluk Ara\u015ft\u0131rmas\u0131\u2019na g\u00f6re &#8216;d\u00f6rt ki\u015filik bir ailenin a\u00e7l\u0131k s\u0131n\u0131r\u0131 22 bin 131 &hellip;<\/p>","protected":false},"author":5,"featured_media":0,"comment_status":"open","ping_status":"open","sticky":false,"template":"","format":"standard","meta":{"_acf_changed":false,"footnotes":""},"categories":[24],"tags":[],"class_list":["post-33925","post","type-post","status-publish","format-standard","has-post-thumbnail","hentry","category-gundem"],"acf":[],"yoast_head":"<!-- This site is optimized with the Yoast SEO Premium plugin v26.6 (Yoast SEO v27.1.1) - https:\/\/yoast.com\/product\/yoast-seo-premium-wordpress\/ -->\n<title>T\u00fcrkiye\u2019nin gelece\u011fi tehdit alt\u0131nda: Gen\u00e7 i\u015f\u00e7i \u00f6l\u00fcmleri art\u0131yor - Av. Deniz Can K\u0131z\u0131l<\/title>\n<meta name=\"robots\" content=\"index, follow, max-snippet:-1, max-image-preview:large, max-video-preview:-1\" \/>\n<link rel=\"canonical\" href=\"https:\/\/denizcankizil.tr\/en\/haberler\/gundem\/turkiyenin-gelecegi-tehdit-altinda-genc-isci-olumleri-artiyor\/\" \/>\n<meta property=\"og:locale\" content=\"en_GB\" \/>\n<meta property=\"og:type\" content=\"article\" \/>\n<meta property=\"og:title\" content=\"T\u00fcrkiye\u2019nin gelece\u011fi tehdit alt\u0131nda: Gen\u00e7 i\u015f\u00e7i \u00f6l\u00fcmleri art\u0131yor\" \/>\n<meta property=\"og:description\" content=\"\u0130\u015f\u00e7i Sa\u011fl\u0131\u011f\u0131 ve \u0130\u015f G\u00fcvenli\u011fi Meclisi 2013-2024 y\u0131llar\u0131 Gen\u00e7 \u0130\u015f\u00e7iler \u0130\u015f Cinayetleri Raporu&#8217;nu a\u00e7\u0131klad\u0131. Raporda gen\u00e7 i\u015f\u00e7ilerin kar\u015f\u0131 kar\u015f\u0131ya oldu\u011fu tehlikeleri g\u00f6zler \u00f6n\u00fcne serdi. \u0130S\u0130G Meclisi, 11 \u015eubat&#8217;ta yay\u0131mlad\u0131\u011f\u0131 \u2018\u00c7ocuk \u0130\u015f\u00e7ilik Raporu\u2019nda, T\u00fcrkiye&#8217;nin gen\u00e7 i\u015f\u00e7i sorununa dikkat \u00e7ekti. Son on iki y\u0131lda en az 2 bin 664 gen\u00e7 i\u015f\u00e7i hayat\u0131n\u0131 kaybetti\u011fi raporda, gen\u00e7lerin gelece\u011fini tehdit alt\u0131nda oldu\u011fu vurgulad\u0131.\u00a0 HER \u00dc\u00c7 GEN\u00c7TEN B\u0130R\u0130 NE E\u011e\u0130T\u0130MDE NE \u0130ST\u0130HDAMDA\u00a0 Rapora g\u00f6re, T\u00fcrkiye&#8217;deki gen\u00e7 i\u015f\u00e7ilerin b\u00fcy\u00fck bir k\u0131sm\u0131 yoksulluk ve i\u015fsizlikle m\u00fccadele etti\u011fi dikkat \u00e7ekti. 2024 sonu itibariyle gen\u00e7lerdeki geni\u015f tan\u0131ml\u0131 i\u015fsizlik oran\u0131 y\u00fczde 37,3&#8217;e y\u00fckselirken, her 3 gen\u00e7ten biri ne e\u011fitimde ne de istihdamda yer ald\u0131. Raporda bu ko\u015fullar alt\u0131nda, h\u00fck\u00fcmetin \u2018Evlenecek Gen\u00e7lerin Desteklenmesi Projesi\u2019 gibi giri\u015fimlerinin gen\u00e7leri daha da zor bir durumla kar\u015f\u0131 kar\u015f\u0131ya b\u0131rakaca\u011f\u0131 belirtildi.\u00a0 GEN\u00c7LER YOKSULLUK PEN\u00c7ES\u0130 ALTINDA Raporda AK Parti iktidar\u0131n\u0131n 2025&#8217;i \u2018Aile Y\u0131l\u0131\u2019 ilan etti\u011fi hat\u0131rlat\u0131larak, &#8220;Gelece\u011fimiz dedi\u011fimiz gen\u00e7lerimiz, sa\u011fl\u0131kl\u0131 ve g\u00fcvenli ya\u015famas\u0131, okumas\u0131, \u00e7al\u0131\u015fmas\u0131 gerekirken; yoksulluk, g\u00fcvencesiz i\u015f\u00e7ilik, \u015fiddet, geleceksizlik ve i\u015f cinayetleri cenderesi alt\u0131ndalar\u201d denildi.\u00a0D\u00f6rt ki\u015filik bir ailenin a\u00e7l\u0131k s\u0131n\u0131r\u0131n\u0131n 22 bin lira oldu\u011funu ancak ortalama kira bedelinin de ortalama 20 bin lira oldu\u011fu belirtilen \u0130S\u0130G raporunda \u015fu ifadelere yer verildi: \u201cT\u00fcrk-\u0130\u015f Ocak 2025 A\u00e7l\u0131k-Yoksulluk Ara\u015ft\u0131rmas\u0131\u2019na g\u00f6re &#8216;d\u00f6rt ki\u015filik bir ailenin a\u00e7l\u0131k s\u0131n\u0131r\u0131 22 bin 131 &hellip;\" \/>\n<meta property=\"og:url\" content=\"https:\/\/denizcankizil.tr\/en\/haberler\/gundem\/turkiyenin-gelecegi-tehdit-altinda-genc-isci-olumleri-artiyor\/\" \/>\n<meta property=\"og:site_name\" content=\"Av. Deniz Can K\u0131z\u0131l\" \/>\n<meta property=\"article:published_time\" content=\"2025-02-23T15:41:19+00:00\" \/>\n<meta name=\"author\" content=\"Antalya K\u00f6rfez\" \/>\n<meta name=\"twitter:card\" content=\"summary_large_image\" \/>\n<meta name=\"twitter:label1\" content=\"Written by\" \/>\n\t<meta name=\"twitter:data1\" content=\"Antalya K\u00f6rfez\" \/>\n\t<meta name=\"twitter:label2\" content=\"Estimated reading time\" \/>\n\t<meta name=\"twitter:data2\" content=\"3 minutes\" \/>\n<script type=\"application\/ld+json\" class=\"yoast-schema-graph\">{\"@context\":\"https:\/\/schema.org\",\"@graph\":[{\"@type\":\"Article\",\"@id\":\"https:\/\/denizcankizil.tr\/en\/haberler\/gundem\/turkiyenin-gelecegi-tehdit-altinda-genc-isci-olumleri-artiyor\/#article\",\"isPartOf\":{\"@id\":\"https:\/\/denizcankizil.tr\/en\/haberler\/gundem\/turkiyenin-gelecegi-tehdit-altinda-genc-isci-olumleri-artiyor\/\"},\"author\":{\"name\":\"Antalya K\u00f6rfez\",\"@id\":\"https:\/\/denizcankizil.tr\/de\/#\/schema\/person\/e1eb71bb4dd684d46563f0af307e1234\"},\"headline\":\"T\u00fcrkiye\u2019nin gelece\u011fi tehdit alt\u0131nda: Gen\u00e7 i\u015f\u00e7i \u00f6l\u00fcmleri art\u0131yor\",\"datePublished\":\"2025-02-23T15:41:19+00:00\",\"mainEntityOfPage\":{\"@id\":\"https:\/\/denizcankizil.tr\/en\/haberler\/gundem\/turkiyenin-gelecegi-tehdit-altinda-genc-isci-olumleri-artiyor\/\"},\"wordCount\":635,\"commentCount\":0,\"publisher\":{\"@id\":\"https:\/\/denizcankizil.tr\/de\/#organization\"},\"articleSection\":[\"G\u00fcndem\"],\"inLanguage\":\"en-GB\",\"potentialAction\":[{\"@type\":\"CommentAction\",\"name\":\"Comment\",\"target\":[\"https:\/\/denizcankizil.tr\/en\/haberler\/gundem\/turkiyenin-gelecegi-tehdit-altinda-genc-isci-olumleri-artiyor\/#respond\"]}]},{\"@type\":\"WebPage\",\"@id\":\"https:\/\/denizcankizil.tr\/en\/haberler\/gundem\/turkiyenin-gelecegi-tehdit-altinda-genc-isci-olumleri-artiyor\/\",\"url\":\"https:\/\/denizcankizil.tr\/en\/haberler\/gundem\/turkiyenin-gelecegi-tehdit-altinda-genc-isci-olumleri-artiyor\/\",\"name\":\"T\u00fcrkiye\u2019nin gelece\u011fi tehdit alt\u0131nda: Gen\u00e7 i\u015f\u00e7i \u00f6l\u00fcmleri art\u0131yor - Av. Deniz Can K\u0131z\u0131l\",\"isPartOf\":{\"@id\":\"https:\/\/denizcankizil.tr\/de\/#website\"},\"datePublished\":\"2025-02-23T15:41:19+00:00\",\"breadcrumb\":{\"@id\":\"https:\/\/denizcankizil.tr\/en\/haberler\/gundem\/turkiyenin-gelecegi-tehdit-altinda-genc-isci-olumleri-artiyor\/#breadcrumb\"},\"inLanguage\":\"en-GB\",\"potentialAction\":[{\"@type\":\"ReadAction\",\"target\":[\"https:\/\/denizcankizil.tr\/en\/haberler\/gundem\/turkiyenin-gelecegi-tehdit-altinda-genc-isci-olumleri-artiyor\/\"]}]},{\"@type\":\"BreadcrumbList\",\"@id\":\"https:\/\/denizcankizil.tr\/en\/haberler\/gundem\/turkiyenin-gelecegi-tehdit-altinda-genc-isci-olumleri-artiyor\/#breadcrumb\",\"itemListElement\":[{\"@type\":\"ListItem\",\"position\":1,\"name\":\"Home\",\"item\":\"https:\/\/denizcankizil.tr\/de\/\"},{\"@type\":\"ListItem\",\"position\":2,\"name\":\"T\u00fcrkiye\u2019nin gelece\u011fi tehdit alt\u0131nda: Gen\u00e7 i\u015f\u00e7i \u00f6l\u00fcmleri art\u0131yor\"}]},{\"@type\":\"WebSite\",\"@id\":\"https:\/\/denizcankizil.tr\/de\/#website\",\"url\":\"https:\/\/denizcankizil.tr\/de\/\",\"name\":\"Av. Deniz Can K\u0131z\u0131l\",\"description\":\"Avukat Deniz Can K\u0131z\u0131l Antalya Barosu\",\"publisher\":{\"@id\":\"https:\/\/denizcankizil.tr\/de\/#organization\"},\"potentialAction\":[{\"@type\":\"SearchAction\",\"target\":{\"@type\":\"EntryPoint\",\"urlTemplate\":\"https:\/\/denizcankizil.tr\/de\/?s={search_term_string}\"},\"query-input\":{\"@type\":\"PropertyValueSpecification\",\"valueRequired\":true,\"valueName\":\"search_term_string\"}}],\"inLanguage\":\"en-GB\"},{\"@type\":\"Organization\",\"@id\":\"https:\/\/denizcankizil.tr\/de\/#organization\",\"name\":\"Av. Deniz Can K\u0131z\u0131l\",\"url\":\"https:\/\/denizcankizil.tr\/de\/\",\"logo\":{\"@type\":\"ImageObject\",\"inLanguage\":\"en-GB\",\"@id\":\"https:\/\/denizcankizil.tr\/de\/#\/schema\/logo\/image\/\",\"url\":\"https:\/\/denizcankizil.tr\/wp-content\/uploads\/2024\/10\/siyah-logo-svg.svg\",\"contentUrl\":\"https:\/\/denizcankizil.tr\/wp-content\/uploads\/2024\/10\/siyah-logo-svg.svg\",\"width\":1080,\"height\":1080,\"caption\":\"Av. Deniz Can K\u0131z\u0131l\"},\"image\":{\"@id\":\"https:\/\/denizcankizil.tr\/de\/#\/schema\/logo\/image\/\"}},{\"@type\":\"Person\",\"@id\":\"https:\/\/denizcankizil.tr\/de\/#\/schema\/person\/e1eb71bb4dd684d46563f0af307e1234\",\"name\":\"Antalya K\u00f6rfez\",\"image\":{\"@type\":\"ImageObject\",\"inLanguage\":\"en-GB\",\"@id\":\"https:\/\/denizcankizil.tr\/de\/#\/schema\/person\/image\/\",\"url\":\"https:\/\/secure.gravatar.com\/avatar\/42b01982558a48a0b501fdcab6a408d3717ea5919095ee2e67b0e521799c5905?s=96&d=mm&r=g\",\"contentUrl\":\"https:\/\/secure.gravatar.com\/avatar\/42b01982558a48a0b501fdcab6a408d3717ea5919095ee2e67b0e521799c5905?s=96&d=mm&r=g\",\"caption\":\"Antalya K\u00f6rfez\"},\"sameAs\":[\"http:\/\/www.antalyakorfez.com\"],\"url\":\"https:\/\/www.antalyakorfez.com\/turkiyenin-gelecegi-tehdit-altinda-genc-isci-olumleri-artiyor\"}]}<\/script>\n<!-- \/ Yoast SEO Premium plugin. -->","yoast_head_json":{"title":"T\u00fcrkiye\u2019nin gelece\u011fi tehdit alt\u0131nda: Gen\u00e7 i\u015f\u00e7i \u00f6l\u00fcmleri art\u0131yor - Av. Deniz Can K\u0131z\u0131l","robots":{"index":"index","follow":"follow","max-snippet":"max-snippet:-1","max-image-preview":"max-image-preview:large","max-video-preview":"max-video-preview:-1"},"canonical":"https:\/\/denizcankizil.tr\/en\/haberler\/gundem\/turkiyenin-gelecegi-tehdit-altinda-genc-isci-olumleri-artiyor\/","og_locale":"en_GB","og_type":"article","og_title":"T\u00fcrkiye\u2019nin gelece\u011fi tehdit alt\u0131nda: Gen\u00e7 i\u015f\u00e7i \u00f6l\u00fcmleri art\u0131yor","og_description":"\u0130\u015f\u00e7i Sa\u011fl\u0131\u011f\u0131 ve \u0130\u015f G\u00fcvenli\u011fi Meclisi 2013-2024 y\u0131llar\u0131 Gen\u00e7 \u0130\u015f\u00e7iler \u0130\u015f Cinayetleri Raporu&#8217;nu a\u00e7\u0131klad\u0131. Raporda gen\u00e7 i\u015f\u00e7ilerin kar\u015f\u0131 kar\u015f\u0131ya oldu\u011fu tehlikeleri g\u00f6zler \u00f6n\u00fcne serdi. \u0130S\u0130G Meclisi, 11 \u015eubat&#8217;ta yay\u0131mlad\u0131\u011f\u0131 \u2018\u00c7ocuk \u0130\u015f\u00e7ilik Raporu\u2019nda, T\u00fcrkiye&#8217;nin gen\u00e7 i\u015f\u00e7i sorununa dikkat \u00e7ekti. Son on iki y\u0131lda en az 2 bin 664 gen\u00e7 i\u015f\u00e7i hayat\u0131n\u0131 kaybetti\u011fi raporda, gen\u00e7lerin gelece\u011fini tehdit alt\u0131nda oldu\u011fu vurgulad\u0131.\u00a0 HER \u00dc\u00c7 GEN\u00c7TEN B\u0130R\u0130 NE E\u011e\u0130T\u0130MDE NE \u0130ST\u0130HDAMDA\u00a0 Rapora g\u00f6re, T\u00fcrkiye&#8217;deki gen\u00e7 i\u015f\u00e7ilerin b\u00fcy\u00fck bir k\u0131sm\u0131 yoksulluk ve i\u015fsizlikle m\u00fccadele etti\u011fi dikkat \u00e7ekti. 2024 sonu itibariyle gen\u00e7lerdeki geni\u015f tan\u0131ml\u0131 i\u015fsizlik oran\u0131 y\u00fczde 37,3&#8217;e y\u00fckselirken, her 3 gen\u00e7ten biri ne e\u011fitimde ne de istihdamda yer ald\u0131. Raporda bu ko\u015fullar alt\u0131nda, h\u00fck\u00fcmetin \u2018Evlenecek Gen\u00e7lerin Desteklenmesi Projesi\u2019 gibi giri\u015fimlerinin gen\u00e7leri daha da zor bir durumla kar\u015f\u0131 kar\u015f\u0131ya b\u0131rakaca\u011f\u0131 belirtildi.\u00a0 GEN\u00c7LER YOKSULLUK PEN\u00c7ES\u0130 ALTINDA Raporda AK Parti iktidar\u0131n\u0131n 2025&#8217;i \u2018Aile Y\u0131l\u0131\u2019 ilan etti\u011fi hat\u0131rlat\u0131larak, &#8220;Gelece\u011fimiz dedi\u011fimiz gen\u00e7lerimiz, sa\u011fl\u0131kl\u0131 ve g\u00fcvenli ya\u015famas\u0131, okumas\u0131, \u00e7al\u0131\u015fmas\u0131 gerekirken; yoksulluk, g\u00fcvencesiz i\u015f\u00e7ilik, \u015fiddet, geleceksizlik ve i\u015f cinayetleri cenderesi alt\u0131ndalar\u201d denildi.\u00a0D\u00f6rt ki\u015filik bir ailenin a\u00e7l\u0131k s\u0131n\u0131r\u0131n\u0131n 22 bin lira oldu\u011funu ancak ortalama kira bedelinin de ortalama 20 bin lira oldu\u011fu belirtilen \u0130S\u0130G raporunda \u015fu ifadelere yer verildi: \u201cT\u00fcrk-\u0130\u015f Ocak 2025 A\u00e7l\u0131k-Yoksulluk Ara\u015ft\u0131rmas\u0131\u2019na g\u00f6re &#8216;d\u00f6rt ki\u015filik bir ailenin a\u00e7l\u0131k s\u0131n\u0131r\u0131 22 bin 131 &hellip;","og_url":"https:\/\/denizcankizil.tr\/en\/haberler\/gundem\/turkiyenin-gelecegi-tehdit-altinda-genc-isci-olumleri-artiyor\/","og_site_name":"Av. Deniz Can K\u0131z\u0131l","article_published_time":"2025-02-23T15:41:19+00:00","author":"Antalya K\u00f6rfez","twitter_card":"summary_large_image","twitter_misc":{"Written by":"Antalya K\u00f6rfez","Estimated reading time":"3 minutes"},"schema":{"@context":"https:\/\/schema.org","@graph":[{"@type":"Article","@id":"https:\/\/denizcankizil.tr\/en\/haberler\/gundem\/turkiyenin-gelecegi-tehdit-altinda-genc-isci-olumleri-artiyor\/#article","isPartOf":{"@id":"https:\/\/denizcankizil.tr\/en\/haberler\/gundem\/turkiyenin-gelecegi-tehdit-altinda-genc-isci-olumleri-artiyor\/"},"author":{"name":"Antalya K\u00f6rfez","@id":"https:\/\/denizcankizil.tr\/de\/#\/schema\/person\/e1eb71bb4dd684d46563f0af307e1234"},"headline":"T\u00fcrkiye\u2019nin gelece\u011fi tehdit alt\u0131nda: Gen\u00e7 i\u015f\u00e7i \u00f6l\u00fcmleri art\u0131yor","datePublished":"2025-02-23T15:41:19+00:00","mainEntityOfPage":{"@id":"https:\/\/denizcankizil.tr\/en\/haberler\/gundem\/turkiyenin-gelecegi-tehdit-altinda-genc-isci-olumleri-artiyor\/"},"wordCount":635,"commentCount":0,"publisher":{"@id":"https:\/\/denizcankizil.tr\/de\/#organization"},"articleSection":["G\u00fcndem"],"inLanguage":"en-GB","potentialAction":[{"@type":"CommentAction","name":"Comment","target":["https:\/\/denizcankizil.tr\/en\/haberler\/gundem\/turkiyenin-gelecegi-tehdit-altinda-genc-isci-olumleri-artiyor\/#respond"]}]},{"@type":"WebPage","@id":"https:\/\/denizcankizil.tr\/en\/haberler\/gundem\/turkiyenin-gelecegi-tehdit-altinda-genc-isci-olumleri-artiyor\/","url":"https:\/\/denizcankizil.tr\/en\/haberler\/gundem\/turkiyenin-gelecegi-tehdit-altinda-genc-isci-olumleri-artiyor\/","name":"T\u00fcrkiye\u2019nin gelece\u011fi tehdit alt\u0131nda: Gen\u00e7 i\u015f\u00e7i \u00f6l\u00fcmleri art\u0131yor - Av. Deniz Can K\u0131z\u0131l","isPartOf":{"@id":"https:\/\/denizcankizil.tr\/de\/#website"},"datePublished":"2025-02-23T15:41:19+00:00","breadcrumb":{"@id":"https:\/\/denizcankizil.tr\/en\/haberler\/gundem\/turkiyenin-gelecegi-tehdit-altinda-genc-isci-olumleri-artiyor\/#breadcrumb"},"inLanguage":"en-GB","potentialAction":[{"@type":"ReadAction","target":["https:\/\/denizcankizil.tr\/en\/haberler\/gundem\/turkiyenin-gelecegi-tehdit-altinda-genc-isci-olumleri-artiyor\/"]}]},{"@type":"BreadcrumbList","@id":"https:\/\/denizcankizil.tr\/en\/haberler\/gundem\/turkiyenin-gelecegi-tehdit-altinda-genc-isci-olumleri-artiyor\/#breadcrumb","itemListElement":[{"@type":"ListItem","position":1,"name":"Home","item":"https:\/\/denizcankizil.tr\/de\/"},{"@type":"ListItem","position":2,"name":"T\u00fcrkiye\u2019nin gelece\u011fi tehdit alt\u0131nda: Gen\u00e7 i\u015f\u00e7i \u00f6l\u00fcmleri art\u0131yor"}]},{"@type":"WebSite","@id":"https:\/\/denizcankizil.tr\/de\/#website","url":"https:\/\/denizcankizil.tr\/de\/","name":"Av. Deniz Can K\u0131z\u0131l","description":"Avukat Deniz Can K\u0131z\u0131l Antalya Barosu","publisher":{"@id":"https:\/\/denizcankizil.tr\/de\/#organization"},"potentialAction":[{"@type":"SearchAction","target":{"@type":"EntryPoint","urlTemplate":"https:\/\/denizcankizil.tr\/de\/?s={search_term_string}"},"query-input":{"@type":"PropertyValueSpecification","valueRequired":true,"valueName":"search_term_string"}}],"inLanguage":"en-GB"},{"@type":"Organization","@id":"https:\/\/denizcankizil.tr\/de\/#organization","name":"Av. Deniz Can K\u0131z\u0131l","url":"https:\/\/denizcankizil.tr\/de\/","logo":{"@type":"ImageObject","inLanguage":"en-GB","@id":"https:\/\/denizcankizil.tr\/de\/#\/schema\/logo\/image\/","url":"https:\/\/denizcankizil.tr\/wp-content\/uploads\/2024\/10\/siyah-logo-svg.svg","contentUrl":"https:\/\/denizcankizil.tr\/wp-content\/uploads\/2024\/10\/siyah-logo-svg.svg","width":1080,"height":1080,"caption":"Av. Deniz Can K\u0131z\u0131l"},"image":{"@id":"https:\/\/denizcankizil.tr\/de\/#\/schema\/logo\/image\/"}},{"@type":"Person","@id":"https:\/\/denizcankizil.tr\/de\/#\/schema\/person\/e1eb71bb4dd684d46563f0af307e1234","name":"Antalya K\u00f6rfez","image":{"@type":"ImageObject","inLanguage":"en-GB","@id":"https:\/\/denizcankizil.tr\/de\/#\/schema\/person\/image\/","url":"https:\/\/secure.gravatar.com\/avatar\/42b01982558a48a0b501fdcab6a408d3717ea5919095ee2e67b0e521799c5905?s=96&d=mm&r=g","contentUrl":"https:\/\/secure.gravatar.com\/avatar\/42b01982558a48a0b501fdcab6a408d3717ea5919095ee2e67b0e521799c5905?s=96&d=mm&r=g","caption":"Antalya K\u00f6rfez"},"sameAs":["http:\/\/www.antalyakorfez.com"],"url":"https:\/\/www.antalyakorfez.com\/turkiyenin-gelecegi-tehdit-altinda-genc-isci-olumleri-artiyor"}]}},"_links":{"self":[{"href":"https:\/\/denizcankizil.tr\/en\/wp-json\/wp\/v2\/posts\/33925","targetHints":{"allow":["GET"]}}],"collection":[{"href":"https:\/\/denizcankizil.tr\/en\/wp-json\/wp\/v2\/posts"}],"about":[{"href":"https:\/\/denizcankizil.tr\/en\/wp-json\/wp\/v2\/types\/post"}],"author":[{"embeddable":true,"href":"https:\/\/denizcankizil.tr\/en\/wp-json\/wp\/v2\/users\/5"}],"replies":[{"embeddable":true,"href":"https:\/\/denizcankizil.tr\/en\/wp-json\/wp\/v2\/comments?post=33925"}],"version-history":[{"count":0,"href":"https:\/\/denizcankizil.tr\/en\/wp-json\/wp\/v2\/posts\/33925\/revisions"}],"wp:attachment":[{"href":"https:\/\/denizcankizil.tr\/en\/wp-json\/wp\/v2\/media?parent=33925"}],"wp:term":[{"taxonomy":"category","embeddable":true,"href":"https:\/\/denizcankizil.tr\/en\/wp-json\/wp\/v2\/categories?post=33925"},{"taxonomy":"post_tag","embeddable":true,"href":"https:\/\/denizcankizil.tr\/en\/wp-json\/wp\/v2\/tags?post=33925"}],"curies":[{"name":"wp","href":"https:\/\/api.w.org\/{rel}","templated":true}]}}