{"id":33915,"date":"2025-02-23T11:41:29","date_gmt":"2025-02-23T08:41:29","guid":{"rendered":"https:\/\/denizcankizil.tr\/uncategorized-tr\/egedeki-volkanik-bir-patlama-antalyanin-iklimini-bile-degistirebilir\/"},"modified":"2025-02-23T11:41:29","modified_gmt":"2025-02-23T08:41:29","slug":"egedeki-volkanik-bir-patlama-antalyanin-iklimini-bile-degistirebilir","status":"publish","type":"post","link":"https:\/\/denizcankizil.tr\/en\/haberler\/gundem\/egedeki-volkanik-bir-patlama-antalyanin-iklimini-bile-degistirebilir\/","title":{"rendered":"Ege\u2019deki volkanik bir patlama Antalya\u2019n\u0131n iklimini bile de\u011fi\u015ftirebilir"},"content":{"rendered":"<p>Kandilli Rasathanesi\u2019nin verilerine g\u00f6re, 31 Ocak 2025&#8217;ten bu yana Santorini Adas\u0131\u2019n\u0131n kuzeydo\u011fusunda yer alan 2 bin kilometre karelik bir alanda deprem hareketlili\u011fi ya\u015fan\u0131yor. Ya\u015fanan bu deprem hareketli\u011finin kayna\u011f\u0131yla alakal\u0131 hen\u00fcz ellerinde net bir veri olmad\u0131\u011f\u0131n\u0131 belirten Jeoloji M\u00fchendisleri Odas\u0131 (JMO) Antalya \u015eube Ba\u015fkan\u0131 Mustafa Karanc\u0131, olas\u0131 bir volkanik patlama sonucunda Antalya\u2019n\u0131n \u00e7ok ciddi etkilenebilece\u011fini s\u00f6yledi.\u00a0<\/p>\n<p>\u201cG\u00dcN\u00dcM\u00dcZ GE\u00c7M\u0130\u015e\u0130M\u0130Z\u0130N AYNASIDIR\u201d<\/p>\n<p>Karanc\u0131, b\u00f6lgedeki depremlerin tarihsel s\u00fcrecinden bahsederek, \u201cGe\u00e7mi\u015fte bu b\u00f6lgelerdeki adalar\u0131n olu\u015fumu b\u00f6lgenin zaten volkanizmas\u0131n\u0131n oldu\u011funu ve depremsel oldu\u011funu bir g\u00f6stergesi. Jeolojide bir tabir vard\u0131r, \u2018G\u00fcn\u00fcm\u00fcz ge\u00e7mi\u015fimizin aynas\u0131d\u0131r.&#8217; Ge\u00e7timse olan olaylar g\u00fcm\u00fcm\u00fczde de olacakt\u0131r, gelecekte de olmaya devam edecektir. Bu da d\u00fcnyan\u0131n ya\u015fad\u0131\u011f\u0131n\u0131 g\u00f6sterir. \u00a0E\u011fer d\u00fcnyada ya\u015fam varsa e\u011fer d\u00fcnya bir \u015fekilde aktifse depremlerin de volkanlar\u0131n da olmas\u0131 hayat\u0131n do\u011fal ak\u0131\u015f\u0131d\u0131r. Ge\u00e7mi\u015fte bu b\u00f6lgede ya\u015fana volkan patlamalar\u0131n\u0131n izlerini bizler \u0130\u00e7 Anadolu\u2019ya kadar izleyebiliyoruz. M\u0131s\u0131r\u2019a kadar uzanan volkanik k\u00fcllere rastlanabiliyor\u201d dedi.\u00a0<\/p>\n<p>ANTALYA \u00c7OK C\u0130DD\u0130 ETK\u0130LENECEK\u00a0<\/p>\n<p>Ege\u2019de ya\u015fanacak bir volkanik patlama sonucu ortaya \u00e7\u0131kan k\u00fcllerin havaya sa\u00e7\u0131laca\u011f\u0131n\u0131 ve bu k\u00fcllerin iklim de\u011fi\u015fikli\u011fine neden olaca\u011f\u0131na dikkat \u00e7eken Karanc\u0131, \u201cPatlaman\u0131n \u015fekli, \u015fiddeti, r\u00fczgar\u0131n hakim y\u00f6n\u00fc gibi konular Antalya\u2019y\u0131 da etkileyebilir. Volkan patlamas\u0131n\u0131n ard\u0131ndan volkan k\u00fcllerinin havaya yay\u0131lmas\u0131 sonucu ciddi bir iklim de\u011fi\u015fikli\u011fi olur. G\u00fcne\u015f perdelenir ve uzunca bir s\u00fcre bu k\u00fcller hava da as\u0131l\u0131 kalabilir. Volkan patlamas\u0131yla beraber zehirli gazlar da a\u00e7\u0131\u011fa \u00e7\u0131kacakt\u0131r. Yeralt\u0131ndaki gazlar\u0131n da y\u00fczeye \u00e7\u0131kmas\u0131 sonucunda \u2018t\u00fcf\u2019 dedi\u011fimiz k\u00fc\u00e7\u00fck o volkanik par\u00e7alar, \u00f6zellikle solunum problemlerine sebep olacakt\u0131r. Bunlar\u0131n haricinde tar\u0131m ve turizmde bu olaydan ciddi bir \u015fekilde etkilenecektir. Antalya en \u00e7ok bu konu da etkilenir\u201d diye konu\u015ftu.\u00a0<\/p>\n<p>\u201cDEN\u0130Z \u00c7ALI\u015eMALARINA HIZ VER\u0130LMEL\u0130\u201d<\/p>\n<p>Deprem ilgili deniz \u00e7al\u0131\u015fmalar\u0131na h\u0131z verilmesi gerekti\u011fine de\u011finene Karanc\u0131, \u201cBiz depremleri yakla\u015f\u0131k 100 y\u0131ld\u0131r \u00f6l\u00e7ebiliyoruz ve buna \u2018adetsel\u2019 d\u00f6nem diyoruz. Daha \u00f6nceki depremler hep \u2018tarihsel\u2019 d\u00f6nem diye ge\u00e7er. Tarihteki insanlar\u0131n notlar\u0131ndan faydalanarak bizler depremlerin ka\u00e7 y\u0131l arayla oldu\u011funu tespit etmeye \u00e7al\u0131\u015f\u0131yoruz. Son y\u00fczy\u0131l i\u00e7erisinde karadaki deprem \u00e7al\u0131\u015fmalar\u0131 b\u00fcy\u00fck bir h\u0131z kazand\u0131 ama denizalt\u0131 \u00e7al\u0131\u015fmalar\u0131 i\u00e7in b\u00f6yle bir durum yok. Denizalt\u0131 \u00e7al\u0131\u015fmalar\u0131na da h\u0131z vermek zorunday\u0131z\u201d ifadelerini kulland\u0131.\u00a0<\/p>\n<p>\u201cKIBRIS HELEN FAYI\u2019DA R\u0130SK TA\u015eIYOR\u201d<\/p>\n<p>K\u0131br\u0131s Helen yay\u0131nda meydana gelecek bir depreminde \u00e7ok ciddi etkileri olabilece\u011fine de\u011finene Mustafa Karanc\u0131, \u201cBu sadece Ege\u2019de ya\u015fana deprem f\u0131rt\u0131nas\u0131 ile ilgili de\u011fil. Olas\u0131 bir K\u0131br\u0131s Helen Yay\u0131ndaki depremde de olu\u015fabilecek tsunami etkilerini Antalya\u2019da nereleri etkileyebilece\u011fi \u00e7al\u0131\u015fmal\u0131. Dalga b\u00fcy\u00fckl\u00fckleri \u00f6n g\u00f6r\u00fclmeli ve vatanda\u015flar bunlarla ilgili mutlaka uyar\u0131lmal\u0131. \u00a0Bilim camias\u0131 \u015fu anda 3 b\u00f6l\u00fcnm\u00fc\u015f durumda. Deprem f\u0131rt\u0131nas\u0131 s\u00f6n\u00fcmlenecek mi? Yoksa volkanik patlamaya m\u0131 sebebiyet verecek ya da b\u00fcy\u00fck bir depreme mi neden olacak? Bununla ilgili net bir veri vermek ya da \u2018\u015fu olacak\u2019 demek m\u00fcmk\u00fcn de\u011fil. Ama bizlerde konun takip\u00e7isiyiz. B\u00f6lgeyi yak\u0131ndan izlemeye \u00e7al\u0131\u015f\u0131yoruz. Umut ediyoruz ki deprem s\u00f6n\u00fcmlenir ama bizler her t\u00fcrl\u00fc senaryo i\u00e7in haz\u0131rl\u0131klar\u0131m\u0131z\u0131 yap\u0131yoruz\u201d dedi.\u00a0<\/p>\n<p>\u200bJeoloji M\u00fchendisleri Odas\u0131 (JMO) Antalya \u015eube Ba\u015fkan\u0131 Mustafa Karanc\u0131, Ege Deniz\u2019indeki deprem f\u0131rt\u0131nas\u0131ndan dolay\u0131 b\u00f6lgede volkanik bir patlama ya\u015fanmas\u0131n\u0131n Antalya\u2019ya \u00e7ok ciddi zararlar\u0131 olabilece\u011fine dikkat \u00e7ekti. Karanc\u0131, \u201cPatlaman\u0131n ard\u0131ndan volkan k\u00fcllerinin havaya yay\u0131lmas\u0131 sonucu ciddi bir iklim de\u011fi\u015fikli\u011fi olur. G\u00fcne\u015f perdelenir ve bu  k\u00fcllerin uzun bir s\u00fcre hava da as\u0131l\u0131 kalmas\u0131 sonucu tar\u0131m ve turizm ciddi \u015fekilde etkilenebilir\u201d dedi.\u00a0<\/p>\n<p>\u200bHaberin Al\u0131nt\u0131land\u0131\u011f\u0131 Kaynak: www.antalyakorfez.com<\/p>","protected":false},"excerpt":{"rendered":"<p>Kandilli Rasathanesi\u2019nin verilerine g\u00f6re, 31 Ocak 2025&#8217;ten bu yana Santorini Adas\u0131\u2019n\u0131n kuzeydo\u011fusunda yer alan 2 bin kilometre karelik bir alanda deprem hareketlili\u011fi ya\u015fan\u0131yor. Ya\u015fanan bu deprem hareketli\u011finin kayna\u011f\u0131yla alakal\u0131 hen\u00fcz ellerinde net bir veri olmad\u0131\u011f\u0131n\u0131 belirten Jeoloji M\u00fchendisleri Odas\u0131 (JMO) Antalya \u015eube Ba\u015fkan\u0131 Mustafa Karanc\u0131, olas\u0131 bir volkanik patlama sonucunda Antalya\u2019n\u0131n \u00e7ok ciddi etkilenebilece\u011fini s\u00f6yledi.\u00a0 \u201cG\u00dcN\u00dcM\u00dcZ GE\u00c7M\u0130\u015e\u0130M\u0130Z\u0130N AYNASIDIR\u201d Karanc\u0131, b\u00f6lgedeki depremlerin tarihsel s\u00fcrecinden bahsederek, \u201cGe\u00e7mi\u015fte bu b\u00f6lgelerdeki adalar\u0131n olu\u015fumu b\u00f6lgenin zaten volkanizmas\u0131n\u0131n oldu\u011funu ve depremsel oldu\u011funu bir g\u00f6stergesi. Jeolojide bir tabir vard\u0131r, \u2018G\u00fcn\u00fcm\u00fcz ge\u00e7mi\u015fimizin aynas\u0131d\u0131r.&#8217; Ge\u00e7timse olan olaylar g\u00fcm\u00fcm\u00fczde de olacakt\u0131r, gelecekte de olmaya devam edecektir. Bu da d\u00fcnyan\u0131n ya\u015fad\u0131\u011f\u0131n\u0131 g\u00f6sterir. \u00a0E\u011fer d\u00fcnyada ya\u015fam varsa e\u011fer d\u00fcnya bir \u015fekilde aktifse depremlerin de volkanlar\u0131n da olmas\u0131 hayat\u0131n do\u011fal ak\u0131\u015f\u0131d\u0131r. Ge\u00e7mi\u015fte bu b\u00f6lgede ya\u015fana volkan patlamalar\u0131n\u0131n izlerini bizler \u0130\u00e7 Anadolu\u2019ya kadar izleyebiliyoruz. M\u0131s\u0131r\u2019a kadar uzanan volkanik k\u00fcllere rastlanabiliyor\u201d dedi.\u00a0 ANTALYA \u00c7OK C\u0130DD\u0130 ETK\u0130LENECEK\u00a0 Ege\u2019de ya\u015fanacak bir volkanik patlama sonucu ortaya \u00e7\u0131kan k\u00fcllerin havaya sa\u00e7\u0131laca\u011f\u0131n\u0131 ve bu k\u00fcllerin iklim de\u011fi\u015fikli\u011fine neden olaca\u011f\u0131na dikkat \u00e7eken Karanc\u0131, \u201cPatlaman\u0131n \u015fekli, \u015fiddeti, r\u00fczgar\u0131n hakim y\u00f6n\u00fc gibi konular Antalya\u2019y\u0131 da etkileyebilir. Volkan patlamas\u0131n\u0131n ard\u0131ndan volkan k\u00fcllerinin havaya yay\u0131lmas\u0131 sonucu ciddi bir iklim de\u011fi\u015fikli\u011fi olur. G\u00fcne\u015f perdelenir ve uzunca bir s\u00fcre bu k\u00fcller hava da as\u0131l\u0131 kalabilir. Volkan patlamas\u0131yla &hellip;<\/p>","protected":false},"author":5,"featured_media":0,"comment_status":"open","ping_status":"open","sticky":false,"template":"","format":"standard","meta":{"_acf_changed":false,"footnotes":""},"categories":[24],"tags":[],"class_list":["post-33915","post","type-post","status-publish","format-standard","has-post-thumbnail","hentry","category-gundem"],"acf":[],"yoast_head":"<!-- This site is optimized with the Yoast SEO Premium plugin v26.6 (Yoast SEO v27.1.1) - https:\/\/yoast.com\/product\/yoast-seo-premium-wordpress\/ -->\n<title>Ege\u2019deki volkanik bir patlama Antalya\u2019n\u0131n iklimini bile de\u011fi\u015ftirebilir - Av. Deniz Can K\u0131z\u0131l<\/title>\n<meta name=\"robots\" content=\"index, follow, max-snippet:-1, max-image-preview:large, max-video-preview:-1\" \/>\n<link rel=\"canonical\" href=\"https:\/\/denizcankizil.tr\/en\/haberler\/gundem\/egedeki-volkanik-bir-patlama-antalyanin-iklimini-bile-degistirebilir\/\" \/>\n<meta property=\"og:locale\" content=\"en_GB\" \/>\n<meta property=\"og:type\" content=\"article\" \/>\n<meta property=\"og:title\" content=\"Ege\u2019deki volkanik bir patlama Antalya\u2019n\u0131n iklimini bile de\u011fi\u015ftirebilir\" \/>\n<meta property=\"og:description\" content=\"Kandilli Rasathanesi\u2019nin verilerine g\u00f6re, 31 Ocak 2025&#8217;ten bu yana Santorini Adas\u0131\u2019n\u0131n kuzeydo\u011fusunda yer alan 2 bin kilometre karelik bir alanda deprem hareketlili\u011fi ya\u015fan\u0131yor. Ya\u015fanan bu deprem hareketli\u011finin kayna\u011f\u0131yla alakal\u0131 hen\u00fcz ellerinde net bir veri olmad\u0131\u011f\u0131n\u0131 belirten Jeoloji M\u00fchendisleri Odas\u0131 (JMO) Antalya \u015eube Ba\u015fkan\u0131 Mustafa Karanc\u0131, olas\u0131 bir volkanik patlama sonucunda Antalya\u2019n\u0131n \u00e7ok ciddi etkilenebilece\u011fini s\u00f6yledi.\u00a0 \u201cG\u00dcN\u00dcM\u00dcZ GE\u00c7M\u0130\u015e\u0130M\u0130Z\u0130N AYNASIDIR\u201d Karanc\u0131, b\u00f6lgedeki depremlerin tarihsel s\u00fcrecinden bahsederek, \u201cGe\u00e7mi\u015fte bu b\u00f6lgelerdeki adalar\u0131n olu\u015fumu b\u00f6lgenin zaten volkanizmas\u0131n\u0131n oldu\u011funu ve depremsel oldu\u011funu bir g\u00f6stergesi. Jeolojide bir tabir vard\u0131r, \u2018G\u00fcn\u00fcm\u00fcz ge\u00e7mi\u015fimizin aynas\u0131d\u0131r.&#8217; Ge\u00e7timse olan olaylar g\u00fcm\u00fcm\u00fczde de olacakt\u0131r, gelecekte de olmaya devam edecektir. Bu da d\u00fcnyan\u0131n ya\u015fad\u0131\u011f\u0131n\u0131 g\u00f6sterir. \u00a0E\u011fer d\u00fcnyada ya\u015fam varsa e\u011fer d\u00fcnya bir \u015fekilde aktifse depremlerin de volkanlar\u0131n da olmas\u0131 hayat\u0131n do\u011fal ak\u0131\u015f\u0131d\u0131r. Ge\u00e7mi\u015fte bu b\u00f6lgede ya\u015fana volkan patlamalar\u0131n\u0131n izlerini bizler \u0130\u00e7 Anadolu\u2019ya kadar izleyebiliyoruz. M\u0131s\u0131r\u2019a kadar uzanan volkanik k\u00fcllere rastlanabiliyor\u201d dedi.\u00a0 ANTALYA \u00c7OK C\u0130DD\u0130 ETK\u0130LENECEK\u00a0 Ege\u2019de ya\u015fanacak bir volkanik patlama sonucu ortaya \u00e7\u0131kan k\u00fcllerin havaya sa\u00e7\u0131laca\u011f\u0131n\u0131 ve bu k\u00fcllerin iklim de\u011fi\u015fikli\u011fine neden olaca\u011f\u0131na dikkat \u00e7eken Karanc\u0131, \u201cPatlaman\u0131n \u015fekli, \u015fiddeti, r\u00fczgar\u0131n hakim y\u00f6n\u00fc gibi konular Antalya\u2019y\u0131 da etkileyebilir. Volkan patlamas\u0131n\u0131n ard\u0131ndan volkan k\u00fcllerinin havaya yay\u0131lmas\u0131 sonucu ciddi bir iklim de\u011fi\u015fikli\u011fi olur. G\u00fcne\u015f perdelenir ve uzunca bir s\u00fcre bu k\u00fcller hava da as\u0131l\u0131 kalabilir. Volkan patlamas\u0131yla &hellip;\" \/>\n<meta property=\"og:url\" content=\"https:\/\/denizcankizil.tr\/en\/haberler\/gundem\/egedeki-volkanik-bir-patlama-antalyanin-iklimini-bile-degistirebilir\/\" \/>\n<meta property=\"og:site_name\" content=\"Av. Deniz Can K\u0131z\u0131l\" \/>\n<meta property=\"article:published_time\" content=\"2025-02-23T08:41:29+00:00\" \/>\n<meta name=\"author\" content=\"Antalya K\u00f6rfez\" \/>\n<meta name=\"twitter:card\" content=\"summary_large_image\" \/>\n<meta name=\"twitter:label1\" content=\"Written by\" \/>\n\t<meta name=\"twitter:data1\" content=\"Antalya K\u00f6rfez\" \/>\n\t<meta name=\"twitter:label2\" content=\"Estimated reading time\" \/>\n\t<meta name=\"twitter:data2\" content=\"4 minutes\" \/>\n<script type=\"application\/ld+json\" class=\"yoast-schema-graph\">{\"@context\":\"https:\/\/schema.org\",\"@graph\":[{\"@type\":\"Article\",\"@id\":\"https:\/\/denizcankizil.tr\/en\/haberler\/gundem\/egedeki-volkanik-bir-patlama-antalyanin-iklimini-bile-degistirebilir\/#article\",\"isPartOf\":{\"@id\":\"https:\/\/denizcankizil.tr\/en\/haberler\/gundem\/egedeki-volkanik-bir-patlama-antalyanin-iklimini-bile-degistirebilir\/\"},\"author\":{\"name\":\"Antalya K\u00f6rfez\",\"@id\":\"https:\/\/denizcankizil.tr\/#\/schema\/person\/e1eb71bb4dd684d46563f0af307e1234\"},\"headline\":\"Ege\u2019deki volkanik bir patlama Antalya\u2019n\u0131n iklimini bile de\u011fi\u015ftirebilir\",\"datePublished\":\"2025-02-23T08:41:29+00:00\",\"mainEntityOfPage\":{\"@id\":\"https:\/\/denizcankizil.tr\/en\/haberler\/gundem\/egedeki-volkanik-bir-patlama-antalyanin-iklimini-bile-degistirebilir\/\"},\"wordCount\":731,\"commentCount\":0,\"publisher\":{\"@id\":\"https:\/\/denizcankizil.tr\/#organization\"},\"articleSection\":[\"G\u00fcndem\"],\"inLanguage\":\"en-GB\",\"potentialAction\":[{\"@type\":\"CommentAction\",\"name\":\"Comment\",\"target\":[\"https:\/\/denizcankizil.tr\/en\/haberler\/gundem\/egedeki-volkanik-bir-patlama-antalyanin-iklimini-bile-degistirebilir\/#respond\"]}]},{\"@type\":\"WebPage\",\"@id\":\"https:\/\/denizcankizil.tr\/en\/haberler\/gundem\/egedeki-volkanik-bir-patlama-antalyanin-iklimini-bile-degistirebilir\/\",\"url\":\"https:\/\/denizcankizil.tr\/en\/haberler\/gundem\/egedeki-volkanik-bir-patlama-antalyanin-iklimini-bile-degistirebilir\/\",\"name\":\"Ege\u2019deki volkanik bir patlama Antalya\u2019n\u0131n iklimini bile de\u011fi\u015ftirebilir - Av. Deniz Can K\u0131z\u0131l\",\"isPartOf\":{\"@id\":\"https:\/\/denizcankizil.tr\/#website\"},\"datePublished\":\"2025-02-23T08:41:29+00:00\",\"breadcrumb\":{\"@id\":\"https:\/\/denizcankizil.tr\/en\/haberler\/gundem\/egedeki-volkanik-bir-patlama-antalyanin-iklimini-bile-degistirebilir\/#breadcrumb\"},\"inLanguage\":\"en-GB\",\"potentialAction\":[{\"@type\":\"ReadAction\",\"target\":[\"https:\/\/denizcankizil.tr\/en\/haberler\/gundem\/egedeki-volkanik-bir-patlama-antalyanin-iklimini-bile-degistirebilir\/\"]}]},{\"@type\":\"BreadcrumbList\",\"@id\":\"https:\/\/denizcankizil.tr\/en\/haberler\/gundem\/egedeki-volkanik-bir-patlama-antalyanin-iklimini-bile-degistirebilir\/#breadcrumb\",\"itemListElement\":[{\"@type\":\"ListItem\",\"position\":1,\"name\":\"Home\",\"item\":\"https:\/\/denizcankizil.tr\/uk\/\"},{\"@type\":\"ListItem\",\"position\":2,\"name\":\"Ege\u2019deki volkanik bir patlama Antalya\u2019n\u0131n iklimini bile de\u011fi\u015ftirebilir\"}]},{\"@type\":\"WebSite\",\"@id\":\"https:\/\/denizcankizil.tr\/#website\",\"url\":\"https:\/\/denizcankizil.tr\/\",\"name\":\"Av. Deniz Can K\u0131z\u0131l\",\"description\":\"Avukat Deniz Can K\u0131z\u0131l Antalya Barosu\",\"publisher\":{\"@id\":\"https:\/\/denizcankizil.tr\/#organization\"},\"potentialAction\":[{\"@type\":\"SearchAction\",\"target\":{\"@type\":\"EntryPoint\",\"urlTemplate\":\"https:\/\/denizcankizil.tr\/?s={search_term_string}\"},\"query-input\":{\"@type\":\"PropertyValueSpecification\",\"valueRequired\":true,\"valueName\":\"search_term_string\"}}],\"inLanguage\":\"en-GB\"},{\"@type\":\"Organization\",\"@id\":\"https:\/\/denizcankizil.tr\/#organization\",\"name\":\"Av. Deniz Can K\u0131z\u0131l\",\"url\":\"https:\/\/denizcankizil.tr\/\",\"logo\":{\"@type\":\"ImageObject\",\"inLanguage\":\"en-GB\",\"@id\":\"https:\/\/denizcankizil.tr\/#\/schema\/logo\/image\/\",\"url\":\"https:\/\/denizcankizil.tr\/wp-content\/uploads\/2024\/10\/siyah-logo-svg.svg\",\"contentUrl\":\"https:\/\/denizcankizil.tr\/wp-content\/uploads\/2024\/10\/siyah-logo-svg.svg\",\"width\":1080,\"height\":1080,\"caption\":\"Av. Deniz Can K\u0131z\u0131l\"},\"image\":{\"@id\":\"https:\/\/denizcankizil.tr\/#\/schema\/logo\/image\/\"}},{\"@type\":\"Person\",\"@id\":\"https:\/\/denizcankizil.tr\/#\/schema\/person\/e1eb71bb4dd684d46563f0af307e1234\",\"name\":\"Antalya K\u00f6rfez\",\"image\":{\"@type\":\"ImageObject\",\"inLanguage\":\"en-GB\",\"@id\":\"https:\/\/denizcankizil.tr\/#\/schema\/person\/image\/\",\"url\":\"https:\/\/secure.gravatar.com\/avatar\/42b01982558a48a0b501fdcab6a408d3717ea5919095ee2e67b0e521799c5905?s=96&d=mm&r=g\",\"contentUrl\":\"https:\/\/secure.gravatar.com\/avatar\/42b01982558a48a0b501fdcab6a408d3717ea5919095ee2e67b0e521799c5905?s=96&d=mm&r=g\",\"caption\":\"Antalya K\u00f6rfez\"},\"sameAs\":[\"http:\/\/www.antalyakorfez.com\"],\"url\":\"https:\/\/www.antalyakorfez.com\/egedeki-volkanik-bir-patlama-antalyanin-iklimini-bile-degistirebilir\"}]}<\/script>\n<!-- \/ Yoast SEO Premium plugin. -->","yoast_head_json":{"title":"Ege\u2019deki volkanik bir patlama Antalya\u2019n\u0131n iklimini bile de\u011fi\u015ftirebilir - Av. Deniz Can K\u0131z\u0131l","robots":{"index":"index","follow":"follow","max-snippet":"max-snippet:-1","max-image-preview":"max-image-preview:large","max-video-preview":"max-video-preview:-1"},"canonical":"https:\/\/denizcankizil.tr\/en\/haberler\/gundem\/egedeki-volkanik-bir-patlama-antalyanin-iklimini-bile-degistirebilir\/","og_locale":"en_GB","og_type":"article","og_title":"Ege\u2019deki volkanik bir patlama Antalya\u2019n\u0131n iklimini bile de\u011fi\u015ftirebilir","og_description":"Kandilli Rasathanesi\u2019nin verilerine g\u00f6re, 31 Ocak 2025&#8217;ten bu yana Santorini Adas\u0131\u2019n\u0131n kuzeydo\u011fusunda yer alan 2 bin kilometre karelik bir alanda deprem hareketlili\u011fi ya\u015fan\u0131yor. Ya\u015fanan bu deprem hareketli\u011finin kayna\u011f\u0131yla alakal\u0131 hen\u00fcz ellerinde net bir veri olmad\u0131\u011f\u0131n\u0131 belirten Jeoloji M\u00fchendisleri Odas\u0131 (JMO) Antalya \u015eube Ba\u015fkan\u0131 Mustafa Karanc\u0131, olas\u0131 bir volkanik patlama sonucunda Antalya\u2019n\u0131n \u00e7ok ciddi etkilenebilece\u011fini s\u00f6yledi.\u00a0 \u201cG\u00dcN\u00dcM\u00dcZ GE\u00c7M\u0130\u015e\u0130M\u0130Z\u0130N AYNASIDIR\u201d Karanc\u0131, b\u00f6lgedeki depremlerin tarihsel s\u00fcrecinden bahsederek, \u201cGe\u00e7mi\u015fte bu b\u00f6lgelerdeki adalar\u0131n olu\u015fumu b\u00f6lgenin zaten volkanizmas\u0131n\u0131n oldu\u011funu ve depremsel oldu\u011funu bir g\u00f6stergesi. Jeolojide bir tabir vard\u0131r, \u2018G\u00fcn\u00fcm\u00fcz ge\u00e7mi\u015fimizin aynas\u0131d\u0131r.&#8217; Ge\u00e7timse olan olaylar g\u00fcm\u00fcm\u00fczde de olacakt\u0131r, gelecekte de olmaya devam edecektir. Bu da d\u00fcnyan\u0131n ya\u015fad\u0131\u011f\u0131n\u0131 g\u00f6sterir. \u00a0E\u011fer d\u00fcnyada ya\u015fam varsa e\u011fer d\u00fcnya bir \u015fekilde aktifse depremlerin de volkanlar\u0131n da olmas\u0131 hayat\u0131n do\u011fal ak\u0131\u015f\u0131d\u0131r. Ge\u00e7mi\u015fte bu b\u00f6lgede ya\u015fana volkan patlamalar\u0131n\u0131n izlerini bizler \u0130\u00e7 Anadolu\u2019ya kadar izleyebiliyoruz. M\u0131s\u0131r\u2019a kadar uzanan volkanik k\u00fcllere rastlanabiliyor\u201d dedi.\u00a0 ANTALYA \u00c7OK C\u0130DD\u0130 ETK\u0130LENECEK\u00a0 Ege\u2019de ya\u015fanacak bir volkanik patlama sonucu ortaya \u00e7\u0131kan k\u00fcllerin havaya sa\u00e7\u0131laca\u011f\u0131n\u0131 ve bu k\u00fcllerin iklim de\u011fi\u015fikli\u011fine neden olaca\u011f\u0131na dikkat \u00e7eken Karanc\u0131, \u201cPatlaman\u0131n \u015fekli, \u015fiddeti, r\u00fczgar\u0131n hakim y\u00f6n\u00fc gibi konular Antalya\u2019y\u0131 da etkileyebilir. Volkan patlamas\u0131n\u0131n ard\u0131ndan volkan k\u00fcllerinin havaya yay\u0131lmas\u0131 sonucu ciddi bir iklim de\u011fi\u015fikli\u011fi olur. G\u00fcne\u015f perdelenir ve uzunca bir s\u00fcre bu k\u00fcller hava da as\u0131l\u0131 kalabilir. Volkan patlamas\u0131yla &hellip;","og_url":"https:\/\/denizcankizil.tr\/en\/haberler\/gundem\/egedeki-volkanik-bir-patlama-antalyanin-iklimini-bile-degistirebilir\/","og_site_name":"Av. Deniz Can K\u0131z\u0131l","article_published_time":"2025-02-23T08:41:29+00:00","author":"Antalya K\u00f6rfez","twitter_card":"summary_large_image","twitter_misc":{"Written by":"Antalya K\u00f6rfez","Estimated reading time":"4 minutes"},"schema":{"@context":"https:\/\/schema.org","@graph":[{"@type":"Article","@id":"https:\/\/denizcankizil.tr\/en\/haberler\/gundem\/egedeki-volkanik-bir-patlama-antalyanin-iklimini-bile-degistirebilir\/#article","isPartOf":{"@id":"https:\/\/denizcankizil.tr\/en\/haberler\/gundem\/egedeki-volkanik-bir-patlama-antalyanin-iklimini-bile-degistirebilir\/"},"author":{"name":"Antalya K\u00f6rfez","@id":"https:\/\/denizcankizil.tr\/#\/schema\/person\/e1eb71bb4dd684d46563f0af307e1234"},"headline":"Ege\u2019deki volkanik bir patlama Antalya\u2019n\u0131n iklimini bile de\u011fi\u015ftirebilir","datePublished":"2025-02-23T08:41:29+00:00","mainEntityOfPage":{"@id":"https:\/\/denizcankizil.tr\/en\/haberler\/gundem\/egedeki-volkanik-bir-patlama-antalyanin-iklimini-bile-degistirebilir\/"},"wordCount":731,"commentCount":0,"publisher":{"@id":"https:\/\/denizcankizil.tr\/#organization"},"articleSection":["G\u00fcndem"],"inLanguage":"en-GB","potentialAction":[{"@type":"CommentAction","name":"Comment","target":["https:\/\/denizcankizil.tr\/en\/haberler\/gundem\/egedeki-volkanik-bir-patlama-antalyanin-iklimini-bile-degistirebilir\/#respond"]}]},{"@type":"WebPage","@id":"https:\/\/denizcankizil.tr\/en\/haberler\/gundem\/egedeki-volkanik-bir-patlama-antalyanin-iklimini-bile-degistirebilir\/","url":"https:\/\/denizcankizil.tr\/en\/haberler\/gundem\/egedeki-volkanik-bir-patlama-antalyanin-iklimini-bile-degistirebilir\/","name":"Ege\u2019deki volkanik bir patlama Antalya\u2019n\u0131n iklimini bile de\u011fi\u015ftirebilir - Av. Deniz Can K\u0131z\u0131l","isPartOf":{"@id":"https:\/\/denizcankizil.tr\/#website"},"datePublished":"2025-02-23T08:41:29+00:00","breadcrumb":{"@id":"https:\/\/denizcankizil.tr\/en\/haberler\/gundem\/egedeki-volkanik-bir-patlama-antalyanin-iklimini-bile-degistirebilir\/#breadcrumb"},"inLanguage":"en-GB","potentialAction":[{"@type":"ReadAction","target":["https:\/\/denizcankizil.tr\/en\/haberler\/gundem\/egedeki-volkanik-bir-patlama-antalyanin-iklimini-bile-degistirebilir\/"]}]},{"@type":"BreadcrumbList","@id":"https:\/\/denizcankizil.tr\/en\/haberler\/gundem\/egedeki-volkanik-bir-patlama-antalyanin-iklimini-bile-degistirebilir\/#breadcrumb","itemListElement":[{"@type":"ListItem","position":1,"name":"Home","item":"https:\/\/denizcankizil.tr\/uk\/"},{"@type":"ListItem","position":2,"name":"Ege\u2019deki volkanik bir patlama Antalya\u2019n\u0131n iklimini bile de\u011fi\u015ftirebilir"}]},{"@type":"WebSite","@id":"https:\/\/denizcankizil.tr\/#website","url":"https:\/\/denizcankizil.tr\/","name":"Av. Deniz Can K\u0131z\u0131l","description":"Avukat Deniz Can K\u0131z\u0131l Antalya Barosu","publisher":{"@id":"https:\/\/denizcankizil.tr\/#organization"},"potentialAction":[{"@type":"SearchAction","target":{"@type":"EntryPoint","urlTemplate":"https:\/\/denizcankizil.tr\/?s={search_term_string}"},"query-input":{"@type":"PropertyValueSpecification","valueRequired":true,"valueName":"search_term_string"}}],"inLanguage":"en-GB"},{"@type":"Organization","@id":"https:\/\/denizcankizil.tr\/#organization","name":"Av. Deniz Can K\u0131z\u0131l","url":"https:\/\/denizcankizil.tr\/","logo":{"@type":"ImageObject","inLanguage":"en-GB","@id":"https:\/\/denizcankizil.tr\/#\/schema\/logo\/image\/","url":"https:\/\/denizcankizil.tr\/wp-content\/uploads\/2024\/10\/siyah-logo-svg.svg","contentUrl":"https:\/\/denizcankizil.tr\/wp-content\/uploads\/2024\/10\/siyah-logo-svg.svg","width":1080,"height":1080,"caption":"Av. Deniz Can K\u0131z\u0131l"},"image":{"@id":"https:\/\/denizcankizil.tr\/#\/schema\/logo\/image\/"}},{"@type":"Person","@id":"https:\/\/denizcankizil.tr\/#\/schema\/person\/e1eb71bb4dd684d46563f0af307e1234","name":"Antalya K\u00f6rfez","image":{"@type":"ImageObject","inLanguage":"en-GB","@id":"https:\/\/denizcankizil.tr\/#\/schema\/person\/image\/","url":"https:\/\/secure.gravatar.com\/avatar\/42b01982558a48a0b501fdcab6a408d3717ea5919095ee2e67b0e521799c5905?s=96&d=mm&r=g","contentUrl":"https:\/\/secure.gravatar.com\/avatar\/42b01982558a48a0b501fdcab6a408d3717ea5919095ee2e67b0e521799c5905?s=96&d=mm&r=g","caption":"Antalya K\u00f6rfez"},"sameAs":["http:\/\/www.antalyakorfez.com"],"url":"https:\/\/www.antalyakorfez.com\/egedeki-volkanik-bir-patlama-antalyanin-iklimini-bile-degistirebilir"}]}},"_links":{"self":[{"href":"https:\/\/denizcankizil.tr\/en\/wp-json\/wp\/v2\/posts\/33915","targetHints":{"allow":["GET"]}}],"collection":[{"href":"https:\/\/denizcankizil.tr\/en\/wp-json\/wp\/v2\/posts"}],"about":[{"href":"https:\/\/denizcankizil.tr\/en\/wp-json\/wp\/v2\/types\/post"}],"author":[{"embeddable":true,"href":"https:\/\/denizcankizil.tr\/en\/wp-json\/wp\/v2\/users\/5"}],"replies":[{"embeddable":true,"href":"https:\/\/denizcankizil.tr\/en\/wp-json\/wp\/v2\/comments?post=33915"}],"version-history":[{"count":0,"href":"https:\/\/denizcankizil.tr\/en\/wp-json\/wp\/v2\/posts\/33915\/revisions"}],"wp:attachment":[{"href":"https:\/\/denizcankizil.tr\/en\/wp-json\/wp\/v2\/media?parent=33915"}],"wp:term":[{"taxonomy":"category","embeddable":true,"href":"https:\/\/denizcankizil.tr\/en\/wp-json\/wp\/v2\/categories?post=33915"},{"taxonomy":"post_tag","embeddable":true,"href":"https:\/\/denizcankizil.tr\/en\/wp-json\/wp\/v2\/tags?post=33915"}],"curies":[{"name":"wp","href":"https:\/\/api.w.org\/{rel}","templated":true}]}}