{"id":33762,"date":"2025-02-21T11:41:32","date_gmt":"2025-02-21T08:41:32","guid":{"rendered":"https:\/\/denizcankizil.tr\/uncategorized-tr\/yanginda-mahsur-kalan-8-kisi-merdivenle-kurtarildi\/"},"modified":"2025-02-21T11:41:32","modified_gmt":"2025-02-21T08:41:32","slug":"yanginda-mahsur-kalan-8-kisi-merdivenle-kurtarildi","status":"publish","type":"post","link":"https:\/\/denizcankizil.tr\/en\/haberler\/antalya\/yanginda-mahsur-kalan-8-kisi-merdivenle-kurtarildi\/","title":{"rendered":"Yang\u0131nda mahsur kalan 8 ki\u015fi, merdivenle kurtar\u0131ld\u0131"},"content":{"rendered":"<p>Kepez il\u00e7esi Fabrikalar Mahallesi&#8217;ndeki 3 katl\u0131 binan\u0131n elektrik panosunda, d\u00fcn saat 23.00 s\u0131ralar\u0131nda \u00e7\u0131kan yang\u0131n, bir anda b\u00fcy\u00fcd\u00fc. Plastik aksamlar\u0131n da yanmas\u0131yla olu\u015fan yo\u011fun duman\u0131 fark edenler, durumu 112 Acil \u00c7a\u011fr\u0131 Merkezi&#8217;ne bildirdi. Yang\u0131n\u0131n d\u0131\u015f kap\u0131 \u00f6n\u00fcnde olmas\u0131 nedeniyle binan\u0131n i\u00e7ini duman kaplad\u0131. 2 ve 3&#8217;\u00fcnc\u00fc katlarda oturanlar, yo\u011fun duman nedeniyle evlerinden \u00e7\u0131kamay\u0131nca b\u00fcy\u00fck panik ya\u015fad\u0131. Olay yerine gelen itfaiye ekipleri k\u0131sa s\u00fcrede yang\u0131na m\u00fcdahale ederken, mahsur kalanlar evlerin balkonuna \u00e7\u0131karak yard\u0131m istedi. \u0130tfaiye ekipleri, merdivenleriyle 2 ve 3&#8217;nc\u00fc katlardaki 8 ki\u015fiyi sepete alarak kurtard\u0131. Kurtar\u0131lanlar, so\u011fuktan \u00fc\u015f\u00fcyen \u00e7ocuklar\u0131n\u0131 battaniye ile sararak \u0131s\u0131tmaya \u00e7al\u0131\u015ft\u0131. Yang\u0131n k\u0131sa s\u00fcrede itfaiye taraf\u0131ndan s\u00f6nd\u00fcr\u00fcl\u00fcrken, binada hasar meydana geldi.<\/p>\n<p>Kaynak: www.kanalv.com.tr Haber Sitesinden Al\u0131nm\u0131\u015ft\u0131r.<\/p>","protected":false},"excerpt":{"rendered":"<p>Kepez il\u00e7esi Fabrikalar Mahallesi&#8217;ndeki 3 katl\u0131 binan\u0131n elektrik panosunda, d\u00fcn saat 23.00 s\u0131ralar\u0131nda \u00e7\u0131kan yang\u0131n, bir anda b\u00fcy\u00fcd\u00fc. Plastik aksamlar\u0131n da yanmas\u0131yla olu\u015fan yo\u011fun duman\u0131 fark edenler, durumu 112 Acil \u00c7a\u011fr\u0131 Merkezi&#8217;ne bildirdi. Yang\u0131n\u0131n d\u0131\u015f kap\u0131 \u00f6n\u00fcnde olmas\u0131 nedeniyle binan\u0131n i\u00e7ini duman kaplad\u0131. 2 ve 3&#8217;\u00fcnc\u00fc katlarda oturanlar, yo\u011fun duman nedeniyle evlerinden \u00e7\u0131kamay\u0131nca b\u00fcy\u00fck panik ya\u015fad\u0131. Olay yerine gelen itfaiye ekipleri k\u0131sa s\u00fcrede yang\u0131na m\u00fcdahale ederken, mahsur kalanlar evlerin balkonuna \u00e7\u0131karak yard\u0131m istedi. \u0130tfaiye ekipleri, merdivenleriyle 2 ve 3&#8217;nc\u00fc katlardaki 8 ki\u015fiyi sepete alarak kurtard\u0131. Kurtar\u0131lanlar, so\u011fuktan \u00fc\u015f\u00fcyen \u00e7ocuklar\u0131n\u0131 battaniye ile sararak \u0131s\u0131tmaya \u00e7al\u0131\u015ft\u0131. Yang\u0131n k\u0131sa s\u00fcrede itfaiye taraf\u0131ndan s\u00f6nd\u00fcr\u00fcl\u00fcrken, binada hasar meydana geldi. Kaynak: www.kanalv.com.tr Haber Sitesinden Al\u0131nm\u0131\u015ft\u0131r.<\/p>","protected":false},"author":4,"featured_media":33763,"comment_status":"open","ping_status":"open","sticky":false,"template":"","format":"standard","meta":{"_acf_changed":false,"footnotes":""},"categories":[26],"tags":[],"class_list":["post-33762","post","type-post","status-publish","format-standard","has-post-thumbnail","hentry","category-antalya"],"acf":[],"yoast_head":"<!-- This site is optimized with the Yoast SEO Premium plugin v26.6 (Yoast SEO v27.1.1) - https:\/\/yoast.com\/product\/yoast-seo-premium-wordpress\/ -->\n<title>Yang\u0131nda mahsur kalan 8 ki\u015fi, merdivenle kurtar\u0131ld\u0131 - Av. Deniz Can K\u0131z\u0131l<\/title>\n<meta name=\"robots\" content=\"index, follow, max-snippet:-1, max-image-preview:large, max-video-preview:-1\" \/>\n<link rel=\"canonical\" href=\"https:\/\/denizcankizil.tr\/en\/haberler\/antalya\/yanginda-mahsur-kalan-8-kisi-merdivenle-kurtarildi\/\" \/>\n<meta property=\"og:locale\" content=\"en_GB\" \/>\n<meta property=\"og:type\" content=\"article\" \/>\n<meta property=\"og:title\" content=\"Yang\u0131nda mahsur kalan 8 ki\u015fi, merdivenle kurtar\u0131ld\u0131\" \/>\n<meta property=\"og:description\" content=\"Kepez il\u00e7esi Fabrikalar Mahallesi&#8217;ndeki 3 katl\u0131 binan\u0131n elektrik panosunda, d\u00fcn saat 23.00 s\u0131ralar\u0131nda \u00e7\u0131kan yang\u0131n, bir anda b\u00fcy\u00fcd\u00fc. Plastik aksamlar\u0131n da yanmas\u0131yla olu\u015fan yo\u011fun duman\u0131 fark edenler, durumu 112 Acil \u00c7a\u011fr\u0131 Merkezi&#8217;ne bildirdi. Yang\u0131n\u0131n d\u0131\u015f kap\u0131 \u00f6n\u00fcnde olmas\u0131 nedeniyle binan\u0131n i\u00e7ini duman kaplad\u0131. 2 ve 3&#8217;\u00fcnc\u00fc katlarda oturanlar, yo\u011fun duman nedeniyle evlerinden \u00e7\u0131kamay\u0131nca b\u00fcy\u00fck panik ya\u015fad\u0131. Olay yerine gelen itfaiye ekipleri k\u0131sa s\u00fcrede yang\u0131na m\u00fcdahale ederken, mahsur kalanlar evlerin balkonuna \u00e7\u0131karak yard\u0131m istedi. \u0130tfaiye ekipleri, merdivenleriyle 2 ve 3&#8217;nc\u00fc katlardaki 8 ki\u015fiyi sepete alarak kurtard\u0131. Kurtar\u0131lanlar, so\u011fuktan \u00fc\u015f\u00fcyen \u00e7ocuklar\u0131n\u0131 battaniye ile sararak \u0131s\u0131tmaya \u00e7al\u0131\u015ft\u0131. Yang\u0131n k\u0131sa s\u00fcrede itfaiye taraf\u0131ndan s\u00f6nd\u00fcr\u00fcl\u00fcrken, binada hasar meydana geldi. Kaynak: www.kanalv.com.tr Haber Sitesinden Al\u0131nm\u0131\u015ft\u0131r.\" \/>\n<meta property=\"og:url\" content=\"https:\/\/denizcankizil.tr\/en\/haberler\/antalya\/yanginda-mahsur-kalan-8-kisi-merdivenle-kurtarildi\/\" \/>\n<meta property=\"og:site_name\" content=\"Av. Deniz Can K\u0131z\u0131l\" \/>\n<meta property=\"article:published_time\" content=\"2025-02-21T08:41:32+00:00\" \/>\n<meta property=\"og:image\" content=\"https:\/\/denizcankizil.tr\/wp-content\/uploads\/2025\/02\/5098-01-DyTuIw.jpeg\" \/>\n\t<meta property=\"og:image:width\" content=\"1280\" \/>\n\t<meta property=\"og:image:height\" content=\"720\" \/>\n\t<meta property=\"og:image:type\" content=\"image\/jpeg\" \/>\n<meta name=\"author\" content=\"Av. Deniz Can K\u0131z\u0131l\" \/>\n<meta name=\"twitter:card\" content=\"summary_large_image\" \/>\n<meta name=\"twitter:label1\" content=\"Written by\" \/>\n\t<meta name=\"twitter:data1\" content=\"Av. Deniz Can K\u0131z\u0131l\" \/>\n\t<meta name=\"twitter:label2\" content=\"Estimated reading time\" \/>\n\t<meta name=\"twitter:data2\" content=\"1 minute\" \/>\n<script type=\"application\/ld+json\" class=\"yoast-schema-graph\">{\"@context\":\"https:\/\/schema.org\",\"@graph\":[{\"@type\":\"Article\",\"@id\":\"https:\/\/denizcankizil.tr\/en\/haberler\/antalya\/yanginda-mahsur-kalan-8-kisi-merdivenle-kurtarildi\/#article\",\"isPartOf\":{\"@id\":\"https:\/\/denizcankizil.tr\/en\/haberler\/antalya\/yanginda-mahsur-kalan-8-kisi-merdivenle-kurtarildi\/\"},\"author\":{\"name\":\"Av. Deniz Can K\u0131z\u0131l\",\"@id\":\"https:\/\/denizcankizil.tr\/#\/schema\/person\/5dc1b22991bd7ac833867c10afc9b0ff\"},\"headline\":\"Yang\u0131nda mahsur kalan 8 ki\u015fi, merdivenle kurtar\u0131ld\u0131\",\"datePublished\":\"2025-02-21T08:41:32+00:00\",\"mainEntityOfPage\":{\"@id\":\"https:\/\/denizcankizil.tr\/en\/haberler\/antalya\/yanginda-mahsur-kalan-8-kisi-merdivenle-kurtarildi\/\"},\"wordCount\":162,\"commentCount\":0,\"publisher\":{\"@id\":\"https:\/\/denizcankizil.tr\/#organization\"},\"image\":{\"@id\":\"https:\/\/denizcankizil.tr\/en\/haberler\/antalya\/yanginda-mahsur-kalan-8-kisi-merdivenle-kurtarildi\/#primaryimage\"},\"thumbnailUrl\":\"https:\/\/denizcankizil.tr\/wp-content\/uploads\/2025\/02\/5098-01-DyTuIw.jpeg\",\"articleSection\":[\"Antalya\"],\"inLanguage\":\"en-GB\",\"potentialAction\":[{\"@type\":\"CommentAction\",\"name\":\"Comment\",\"target\":[\"https:\/\/denizcankizil.tr\/en\/haberler\/antalya\/yanginda-mahsur-kalan-8-kisi-merdivenle-kurtarildi\/#respond\"]}]},{\"@type\":\"WebPage\",\"@id\":\"https:\/\/denizcankizil.tr\/en\/haberler\/antalya\/yanginda-mahsur-kalan-8-kisi-merdivenle-kurtarildi\/\",\"url\":\"https:\/\/denizcankizil.tr\/en\/haberler\/antalya\/yanginda-mahsur-kalan-8-kisi-merdivenle-kurtarildi\/\",\"name\":\"Yang\u0131nda mahsur kalan 8 ki\u015fi, merdivenle kurtar\u0131ld\u0131 - Av. Deniz Can K\u0131z\u0131l\",\"isPartOf\":{\"@id\":\"https:\/\/denizcankizil.tr\/#website\"},\"primaryImageOfPage\":{\"@id\":\"https:\/\/denizcankizil.tr\/en\/haberler\/antalya\/yanginda-mahsur-kalan-8-kisi-merdivenle-kurtarildi\/#primaryimage\"},\"image\":{\"@id\":\"https:\/\/denizcankizil.tr\/en\/haberler\/antalya\/yanginda-mahsur-kalan-8-kisi-merdivenle-kurtarildi\/#primaryimage\"},\"thumbnailUrl\":\"https:\/\/denizcankizil.tr\/wp-content\/uploads\/2025\/02\/5098-01-DyTuIw.jpeg\",\"datePublished\":\"2025-02-21T08:41:32+00:00\",\"breadcrumb\":{\"@id\":\"https:\/\/denizcankizil.tr\/en\/haberler\/antalya\/yanginda-mahsur-kalan-8-kisi-merdivenle-kurtarildi\/#breadcrumb\"},\"inLanguage\":\"en-GB\",\"potentialAction\":[{\"@type\":\"ReadAction\",\"target\":[\"https:\/\/denizcankizil.tr\/en\/haberler\/antalya\/yanginda-mahsur-kalan-8-kisi-merdivenle-kurtarildi\/\"]}]},{\"@type\":\"ImageObject\",\"inLanguage\":\"en-GB\",\"@id\":\"https:\/\/denizcankizil.tr\/en\/haberler\/antalya\/yanginda-mahsur-kalan-8-kisi-merdivenle-kurtarildi\/#primaryimage\",\"url\":\"https:\/\/denizcankizil.tr\/wp-content\/uploads\/2025\/02\/5098-01-DyTuIw.jpeg\",\"contentUrl\":\"https:\/\/denizcankizil.tr\/wp-content\/uploads\/2025\/02\/5098-01-DyTuIw.jpeg\",\"width\":1280,\"height\":720},{\"@type\":\"BreadcrumbList\",\"@id\":\"https:\/\/denizcankizil.tr\/en\/haberler\/antalya\/yanginda-mahsur-kalan-8-kisi-merdivenle-kurtarildi\/#breadcrumb\",\"itemListElement\":[{\"@type\":\"ListItem\",\"position\":1,\"name\":\"Home\",\"item\":\"https:\/\/denizcankizil.tr\/uk\/\"},{\"@type\":\"ListItem\",\"position\":2,\"name\":\"Yang\u0131nda mahsur kalan 8 ki\u015fi, merdivenle kurtar\u0131ld\u0131\"}]},{\"@type\":\"WebSite\",\"@id\":\"https:\/\/denizcankizil.tr\/#website\",\"url\":\"https:\/\/denizcankizil.tr\/\",\"name\":\"Av. Deniz Can K\u0131z\u0131l\",\"description\":\"Avukat Deniz Can K\u0131z\u0131l Antalya Barosu\",\"publisher\":{\"@id\":\"https:\/\/denizcankizil.tr\/#organization\"},\"potentialAction\":[{\"@type\":\"SearchAction\",\"target\":{\"@type\":\"EntryPoint\",\"urlTemplate\":\"https:\/\/denizcankizil.tr\/?s={search_term_string}\"},\"query-input\":{\"@type\":\"PropertyValueSpecification\",\"valueRequired\":true,\"valueName\":\"search_term_string\"}}],\"inLanguage\":\"en-GB\"},{\"@type\":\"Organization\",\"@id\":\"https:\/\/denizcankizil.tr\/#organization\",\"name\":\"Av. Deniz Can K\u0131z\u0131l\",\"url\":\"https:\/\/denizcankizil.tr\/\",\"logo\":{\"@type\":\"ImageObject\",\"inLanguage\":\"en-GB\",\"@id\":\"https:\/\/denizcankizil.tr\/#\/schema\/logo\/image\/\",\"url\":\"https:\/\/denizcankizil.tr\/wp-content\/uploads\/2024\/10\/siyah-logo-svg.svg\",\"contentUrl\":\"https:\/\/denizcankizil.tr\/wp-content\/uploads\/2024\/10\/siyah-logo-svg.svg\",\"width\":1080,\"height\":1080,\"caption\":\"Av. Deniz Can K\u0131z\u0131l\"},\"image\":{\"@id\":\"https:\/\/denizcankizil.tr\/#\/schema\/logo\/image\/\"}},{\"@type\":\"Person\",\"@id\":\"https:\/\/denizcankizil.tr\/#\/schema\/person\/5dc1b22991bd7ac833867c10afc9b0ff\",\"name\":\"Av. Deniz Can K\u0131z\u0131l\",\"image\":{\"@type\":\"ImageObject\",\"inLanguage\":\"en-GB\",\"@id\":\"https:\/\/denizcankizil.tr\/#\/schema\/person\/image\/\",\"url\":\"https:\/\/secure.gravatar.com\/avatar\/a0b128fb9855c79efc976d5640eedb31dc35ec297594d6016d2cf7c60e975bb6?s=96&d=mm&r=g\",\"contentUrl\":\"https:\/\/secure.gravatar.com\/avatar\/a0b128fb9855c79efc976d5640eedb31dc35ec297594d6016d2cf7c60e975bb6?s=96&d=mm&r=g\",\"caption\":\"Av. Deniz Can K\u0131z\u0131l\"},\"sameAs\":[\"http:\/\/www.denizcankizil.tr\"],\"url\":\"https:\/\/denizcankizil.tr\/en\/author\/denizcankizil\/\"}]}<\/script>\n<!-- \/ Yoast SEO Premium plugin. -->","yoast_head_json":{"title":"Yang\u0131nda mahsur kalan 8 ki\u015fi, merdivenle kurtar\u0131ld\u0131 - Av. Deniz Can K\u0131z\u0131l","robots":{"index":"index","follow":"follow","max-snippet":"max-snippet:-1","max-image-preview":"max-image-preview:large","max-video-preview":"max-video-preview:-1"},"canonical":"https:\/\/denizcankizil.tr\/en\/haberler\/antalya\/yanginda-mahsur-kalan-8-kisi-merdivenle-kurtarildi\/","og_locale":"en_GB","og_type":"article","og_title":"Yang\u0131nda mahsur kalan 8 ki\u015fi, merdivenle kurtar\u0131ld\u0131","og_description":"Kepez il\u00e7esi Fabrikalar Mahallesi&#8217;ndeki 3 katl\u0131 binan\u0131n elektrik panosunda, d\u00fcn saat 23.00 s\u0131ralar\u0131nda \u00e7\u0131kan yang\u0131n, bir anda b\u00fcy\u00fcd\u00fc. Plastik aksamlar\u0131n da yanmas\u0131yla olu\u015fan yo\u011fun duman\u0131 fark edenler, durumu 112 Acil \u00c7a\u011fr\u0131 Merkezi&#8217;ne bildirdi. Yang\u0131n\u0131n d\u0131\u015f kap\u0131 \u00f6n\u00fcnde olmas\u0131 nedeniyle binan\u0131n i\u00e7ini duman kaplad\u0131. 2 ve 3&#8217;\u00fcnc\u00fc katlarda oturanlar, yo\u011fun duman nedeniyle evlerinden \u00e7\u0131kamay\u0131nca b\u00fcy\u00fck panik ya\u015fad\u0131. Olay yerine gelen itfaiye ekipleri k\u0131sa s\u00fcrede yang\u0131na m\u00fcdahale ederken, mahsur kalanlar evlerin balkonuna \u00e7\u0131karak yard\u0131m istedi. \u0130tfaiye ekipleri, merdivenleriyle 2 ve 3&#8217;nc\u00fc katlardaki 8 ki\u015fiyi sepete alarak kurtard\u0131. Kurtar\u0131lanlar, so\u011fuktan \u00fc\u015f\u00fcyen \u00e7ocuklar\u0131n\u0131 battaniye ile sararak \u0131s\u0131tmaya \u00e7al\u0131\u015ft\u0131. Yang\u0131n k\u0131sa s\u00fcrede itfaiye taraf\u0131ndan s\u00f6nd\u00fcr\u00fcl\u00fcrken, binada hasar meydana geldi. Kaynak: www.kanalv.com.tr Haber Sitesinden Al\u0131nm\u0131\u015ft\u0131r.","og_url":"https:\/\/denizcankizil.tr\/en\/haberler\/antalya\/yanginda-mahsur-kalan-8-kisi-merdivenle-kurtarildi\/","og_site_name":"Av. Deniz Can K\u0131z\u0131l","article_published_time":"2025-02-21T08:41:32+00:00","og_image":[{"width":1280,"height":720,"url":"https:\/\/denizcankizil.tr\/wp-content\/uploads\/2025\/02\/5098-01-DyTuIw.jpeg","type":"image\/jpeg"}],"author":"Av. Deniz Can K\u0131z\u0131l","twitter_card":"summary_large_image","twitter_misc":{"Written by":"Av. Deniz Can K\u0131z\u0131l","Estimated reading time":"1 minute"},"schema":{"@context":"https:\/\/schema.org","@graph":[{"@type":"Article","@id":"https:\/\/denizcankizil.tr\/en\/haberler\/antalya\/yanginda-mahsur-kalan-8-kisi-merdivenle-kurtarildi\/#article","isPartOf":{"@id":"https:\/\/denizcankizil.tr\/en\/haberler\/antalya\/yanginda-mahsur-kalan-8-kisi-merdivenle-kurtarildi\/"},"author":{"name":"Av. Deniz Can K\u0131z\u0131l","@id":"https:\/\/denizcankizil.tr\/#\/schema\/person\/5dc1b22991bd7ac833867c10afc9b0ff"},"headline":"Yang\u0131nda mahsur kalan 8 ki\u015fi, merdivenle kurtar\u0131ld\u0131","datePublished":"2025-02-21T08:41:32+00:00","mainEntityOfPage":{"@id":"https:\/\/denizcankizil.tr\/en\/haberler\/antalya\/yanginda-mahsur-kalan-8-kisi-merdivenle-kurtarildi\/"},"wordCount":162,"commentCount":0,"publisher":{"@id":"https:\/\/denizcankizil.tr\/#organization"},"image":{"@id":"https:\/\/denizcankizil.tr\/en\/haberler\/antalya\/yanginda-mahsur-kalan-8-kisi-merdivenle-kurtarildi\/#primaryimage"},"thumbnailUrl":"https:\/\/denizcankizil.tr\/wp-content\/uploads\/2025\/02\/5098-01-DyTuIw.jpeg","articleSection":["Antalya"],"inLanguage":"en-GB","potentialAction":[{"@type":"CommentAction","name":"Comment","target":["https:\/\/denizcankizil.tr\/en\/haberler\/antalya\/yanginda-mahsur-kalan-8-kisi-merdivenle-kurtarildi\/#respond"]}]},{"@type":"WebPage","@id":"https:\/\/denizcankizil.tr\/en\/haberler\/antalya\/yanginda-mahsur-kalan-8-kisi-merdivenle-kurtarildi\/","url":"https:\/\/denizcankizil.tr\/en\/haberler\/antalya\/yanginda-mahsur-kalan-8-kisi-merdivenle-kurtarildi\/","name":"Yang\u0131nda mahsur kalan 8 ki\u015fi, merdivenle kurtar\u0131ld\u0131 - Av. Deniz Can K\u0131z\u0131l","isPartOf":{"@id":"https:\/\/denizcankizil.tr\/#website"},"primaryImageOfPage":{"@id":"https:\/\/denizcankizil.tr\/en\/haberler\/antalya\/yanginda-mahsur-kalan-8-kisi-merdivenle-kurtarildi\/#primaryimage"},"image":{"@id":"https:\/\/denizcankizil.tr\/en\/haberler\/antalya\/yanginda-mahsur-kalan-8-kisi-merdivenle-kurtarildi\/#primaryimage"},"thumbnailUrl":"https:\/\/denizcankizil.tr\/wp-content\/uploads\/2025\/02\/5098-01-DyTuIw.jpeg","datePublished":"2025-02-21T08:41:32+00:00","breadcrumb":{"@id":"https:\/\/denizcankizil.tr\/en\/haberler\/antalya\/yanginda-mahsur-kalan-8-kisi-merdivenle-kurtarildi\/#breadcrumb"},"inLanguage":"en-GB","potentialAction":[{"@type":"ReadAction","target":["https:\/\/denizcankizil.tr\/en\/haberler\/antalya\/yanginda-mahsur-kalan-8-kisi-merdivenle-kurtarildi\/"]}]},{"@type":"ImageObject","inLanguage":"en-GB","@id":"https:\/\/denizcankizil.tr\/en\/haberler\/antalya\/yanginda-mahsur-kalan-8-kisi-merdivenle-kurtarildi\/#primaryimage","url":"https:\/\/denizcankizil.tr\/wp-content\/uploads\/2025\/02\/5098-01-DyTuIw.jpeg","contentUrl":"https:\/\/denizcankizil.tr\/wp-content\/uploads\/2025\/02\/5098-01-DyTuIw.jpeg","width":1280,"height":720},{"@type":"BreadcrumbList","@id":"https:\/\/denizcankizil.tr\/en\/haberler\/antalya\/yanginda-mahsur-kalan-8-kisi-merdivenle-kurtarildi\/#breadcrumb","itemListElement":[{"@type":"ListItem","position":1,"name":"Home","item":"https:\/\/denizcankizil.tr\/uk\/"},{"@type":"ListItem","position":2,"name":"Yang\u0131nda mahsur kalan 8 ki\u015fi, merdivenle kurtar\u0131ld\u0131"}]},{"@type":"WebSite","@id":"https:\/\/denizcankizil.tr\/#website","url":"https:\/\/denizcankizil.tr\/","name":"Av. Deniz Can K\u0131z\u0131l","description":"Avukat Deniz Can K\u0131z\u0131l Antalya Barosu","publisher":{"@id":"https:\/\/denizcankizil.tr\/#organization"},"potentialAction":[{"@type":"SearchAction","target":{"@type":"EntryPoint","urlTemplate":"https:\/\/denizcankizil.tr\/?s={search_term_string}"},"query-input":{"@type":"PropertyValueSpecification","valueRequired":true,"valueName":"search_term_string"}}],"inLanguage":"en-GB"},{"@type":"Organization","@id":"https:\/\/denizcankizil.tr\/#organization","name":"Av. Deniz Can K\u0131z\u0131l","url":"https:\/\/denizcankizil.tr\/","logo":{"@type":"ImageObject","inLanguage":"en-GB","@id":"https:\/\/denizcankizil.tr\/#\/schema\/logo\/image\/","url":"https:\/\/denizcankizil.tr\/wp-content\/uploads\/2024\/10\/siyah-logo-svg.svg","contentUrl":"https:\/\/denizcankizil.tr\/wp-content\/uploads\/2024\/10\/siyah-logo-svg.svg","width":1080,"height":1080,"caption":"Av. Deniz Can K\u0131z\u0131l"},"image":{"@id":"https:\/\/denizcankizil.tr\/#\/schema\/logo\/image\/"}},{"@type":"Person","@id":"https:\/\/denizcankizil.tr\/#\/schema\/person\/5dc1b22991bd7ac833867c10afc9b0ff","name":"Av. Deniz Can K\u0131z\u0131l","image":{"@type":"ImageObject","inLanguage":"en-GB","@id":"https:\/\/denizcankizil.tr\/#\/schema\/person\/image\/","url":"https:\/\/secure.gravatar.com\/avatar\/a0b128fb9855c79efc976d5640eedb31dc35ec297594d6016d2cf7c60e975bb6?s=96&d=mm&r=g","contentUrl":"https:\/\/secure.gravatar.com\/avatar\/a0b128fb9855c79efc976d5640eedb31dc35ec297594d6016d2cf7c60e975bb6?s=96&d=mm&r=g","caption":"Av. Deniz Can K\u0131z\u0131l"},"sameAs":["http:\/\/www.denizcankizil.tr"],"url":"https:\/\/denizcankizil.tr\/en\/author\/denizcankizil\/"}]}},"_links":{"self":[{"href":"https:\/\/denizcankizil.tr\/en\/wp-json\/wp\/v2\/posts\/33762","targetHints":{"allow":["GET"]}}],"collection":[{"href":"https:\/\/denizcankizil.tr\/en\/wp-json\/wp\/v2\/posts"}],"about":[{"href":"https:\/\/denizcankizil.tr\/en\/wp-json\/wp\/v2\/types\/post"}],"author":[{"embeddable":true,"href":"https:\/\/denizcankizil.tr\/en\/wp-json\/wp\/v2\/users\/4"}],"replies":[{"embeddable":true,"href":"https:\/\/denizcankizil.tr\/en\/wp-json\/wp\/v2\/comments?post=33762"}],"version-history":[{"count":0,"href":"https:\/\/denizcankizil.tr\/en\/wp-json\/wp\/v2\/posts\/33762\/revisions"}],"wp:featuredmedia":[{"embeddable":true,"href":"https:\/\/denizcankizil.tr\/en\/wp-json\/wp\/v2\/media\/33763"}],"wp:attachment":[{"href":"https:\/\/denizcankizil.tr\/en\/wp-json\/wp\/v2\/media?parent=33762"}],"wp:term":[{"taxonomy":"category","embeddable":true,"href":"https:\/\/denizcankizil.tr\/en\/wp-json\/wp\/v2\/categories?post=33762"},{"taxonomy":"post_tag","embeddable":true,"href":"https:\/\/denizcankizil.tr\/en\/wp-json\/wp\/v2\/tags?post=33762"}],"curies":[{"name":"wp","href":"https:\/\/api.w.org\/{rel}","templated":true}]}}