{"id":33669,"date":"2025-02-20T15:41:25","date_gmt":"2025-02-20T12:41:25","guid":{"rendered":"https:\/\/denizcankizil.tr\/uncategorized-tr\/yurtta-kar-yagisi-antalyada-gunes\/"},"modified":"2025-02-20T15:41:25","modified_gmt":"2025-02-20T12:41:25","slug":"yurtta-kar-yagisi-antalyada-gunes","status":"publish","type":"post","link":"https:\/\/denizcankizil.tr\/en\/haberler\/antalya\/yurtta-kar-yagisi-antalyada-gunes\/","title":{"rendered":"Yurtta kar ya\u011f\u0131\u015f\u0131, Antalya&#8217;da g\u00fcne\u015f"},"content":{"rendered":"<p>Meteoroloji Genel M\u00fcd\u00fcrl\u00fc\u011f\u00fc, ge\u00e7en g\u00fcnlerde yapt\u0131\u011f\u0131 uyar\u0131 ile \u00fclkenin so\u011fuk ve ya\u011f\u0131\u015fl\u0131 havan\u0131n etkisine girece\u011fini, s\u0131cakl\u0131klar\u0131n 8 ila 12 derece azalaca\u011f\u0131n\u0131, so\u011fuk havan\u0131n 1 hafta etkili olmas\u0131n\u0131n beklendi\u011fini duyurdu. Uyar\u0131n\u0131n ard\u0131ndan \u00fclkenin b\u00fcy\u00fck b\u00f6l\u00fcm\u00fcnde kar ya\u011f\u0131\u015f\u0131 ve so\u011fuk etkili olurken, Antalya&#8217;da d\u00fc\u015fen s\u0131cakl\u0131\u011fa ra\u011fmen g\u00fcne\u015f kendisini g\u00f6sterdi. R\u00fczgar\u0131n etkili oldu\u011fu kentte s\u0131cakl\u0131k, \u00f6\u011fle saatlerinde 11 dereceye kadar y\u00fckseldi. G\u00fcne\u015fli havay\u0131 f\u0131rsat bilenler, solu\u011fu Konyaalt\u0131 Sahili&#8217;nde ald\u0131. Kimileri kumlar\u0131n \u00fczerine oturup denizi izlerken, kimileri sahil band\u0131nda y\u00fcr\u00fcy\u00fc\u015f yapt\u0131. Sahile bebe\u011fiyle gelen bir kad\u0131n kumlar\u0131n \u00fczerinde \u00e7ocu\u011fuyla oynarken, r\u00fczgarl\u0131 havaya ald\u0131r\u0131\u015f etmeyen bir ki\u015fi de denize girerek y\u00fczd\u00fc.<\/p>\n<p>Kaynak: www.kanalv.com.tr Haber Sitesinden Al\u0131nm\u0131\u015ft\u0131r.<\/p>","protected":false},"excerpt":{"rendered":"<p>Meteoroloji Genel M\u00fcd\u00fcrl\u00fc\u011f\u00fc, ge\u00e7en g\u00fcnlerde yapt\u0131\u011f\u0131 uyar\u0131 ile \u00fclkenin so\u011fuk ve ya\u011f\u0131\u015fl\u0131 havan\u0131n etkisine girece\u011fini, s\u0131cakl\u0131klar\u0131n 8 ila 12 derece azalaca\u011f\u0131n\u0131, so\u011fuk havan\u0131n 1 hafta etkili olmas\u0131n\u0131n beklendi\u011fini duyurdu. Uyar\u0131n\u0131n ard\u0131ndan \u00fclkenin b\u00fcy\u00fck b\u00f6l\u00fcm\u00fcnde kar ya\u011f\u0131\u015f\u0131 ve so\u011fuk etkili olurken, Antalya&#8217;da d\u00fc\u015fen s\u0131cakl\u0131\u011fa ra\u011fmen g\u00fcne\u015f kendisini g\u00f6sterdi. R\u00fczgar\u0131n etkili oldu\u011fu kentte s\u0131cakl\u0131k, \u00f6\u011fle saatlerinde 11 dereceye kadar y\u00fckseldi. G\u00fcne\u015fli havay\u0131 f\u0131rsat bilenler, solu\u011fu Konyaalt\u0131 Sahili&#8217;nde ald\u0131. Kimileri kumlar\u0131n \u00fczerine oturup denizi izlerken, kimileri sahil band\u0131nda y\u00fcr\u00fcy\u00fc\u015f yapt\u0131. Sahile bebe\u011fiyle gelen bir kad\u0131n kumlar\u0131n \u00fczerinde \u00e7ocu\u011fuyla oynarken, r\u00fczgarl\u0131 havaya ald\u0131r\u0131\u015f etmeyen bir ki\u015fi de denize girerek y\u00fczd\u00fc. Kaynak: www.kanalv.com.tr Haber Sitesinden Al\u0131nm\u0131\u015ft\u0131r.<\/p>","protected":false},"author":4,"featured_media":33670,"comment_status":"open","ping_status":"open","sticky":false,"template":"","format":"standard","meta":{"_acf_changed":false,"footnotes":""},"categories":[26],"tags":[],"class_list":["post-33669","post","type-post","status-publish","format-standard","has-post-thumbnail","hentry","category-antalya"],"acf":[],"yoast_head":"<!-- This site is optimized with the Yoast SEO Premium plugin v26.6 (Yoast SEO v27.1.1) - https:\/\/yoast.com\/product\/yoast-seo-premium-wordpress\/ -->\n<title>Yurtta kar ya\u011f\u0131\u015f\u0131, Antalya&#039;da g\u00fcne\u015f - Av. Deniz Can K\u0131z\u0131l<\/title>\n<meta name=\"robots\" content=\"index, follow, max-snippet:-1, max-image-preview:large, max-video-preview:-1\" \/>\n<link rel=\"canonical\" href=\"http:\/\/denizcankizil.tr\/en\/haberler\/antalya\/yurtta-kar-yagisi-antalyada-gunes\/\" \/>\n<meta property=\"og:locale\" content=\"en_GB\" \/>\n<meta property=\"og:type\" content=\"article\" \/>\n<meta property=\"og:title\" content=\"Yurtta kar ya\u011f\u0131\u015f\u0131, Antalya&#039;da g\u00fcne\u015f\" \/>\n<meta property=\"og:description\" content=\"Meteoroloji Genel M\u00fcd\u00fcrl\u00fc\u011f\u00fc, ge\u00e7en g\u00fcnlerde yapt\u0131\u011f\u0131 uyar\u0131 ile \u00fclkenin so\u011fuk ve ya\u011f\u0131\u015fl\u0131 havan\u0131n etkisine girece\u011fini, s\u0131cakl\u0131klar\u0131n 8 ila 12 derece azalaca\u011f\u0131n\u0131, so\u011fuk havan\u0131n 1 hafta etkili olmas\u0131n\u0131n beklendi\u011fini duyurdu. Uyar\u0131n\u0131n ard\u0131ndan \u00fclkenin b\u00fcy\u00fck b\u00f6l\u00fcm\u00fcnde kar ya\u011f\u0131\u015f\u0131 ve so\u011fuk etkili olurken, Antalya&#8217;da d\u00fc\u015fen s\u0131cakl\u0131\u011fa ra\u011fmen g\u00fcne\u015f kendisini g\u00f6sterdi. R\u00fczgar\u0131n etkili oldu\u011fu kentte s\u0131cakl\u0131k, \u00f6\u011fle saatlerinde 11 dereceye kadar y\u00fckseldi. G\u00fcne\u015fli havay\u0131 f\u0131rsat bilenler, solu\u011fu Konyaalt\u0131 Sahili&#8217;nde ald\u0131. Kimileri kumlar\u0131n \u00fczerine oturup denizi izlerken, kimileri sahil band\u0131nda y\u00fcr\u00fcy\u00fc\u015f yapt\u0131. Sahile bebe\u011fiyle gelen bir kad\u0131n kumlar\u0131n \u00fczerinde \u00e7ocu\u011fuyla oynarken, r\u00fczgarl\u0131 havaya ald\u0131r\u0131\u015f etmeyen bir ki\u015fi de denize girerek y\u00fczd\u00fc. Kaynak: www.kanalv.com.tr Haber Sitesinden Al\u0131nm\u0131\u015ft\u0131r.\" \/>\n<meta property=\"og:url\" content=\"http:\/\/denizcankizil.tr\/en\/haberler\/antalya\/yurtta-kar-yagisi-antalyada-gunes\/\" \/>\n<meta property=\"og:site_name\" content=\"Av. Deniz Can K\u0131z\u0131l\" \/>\n<meta property=\"article:published_time\" content=\"2025-02-20T12:41:25+00:00\" \/>\n<meta property=\"og:image\" content=\"http:\/\/denizcankizil.tr\/wp-content\/uploads\/2025\/02\/5085-01-IYfgmH.jpeg\" \/>\n\t<meta property=\"og:image:width\" content=\"1280\" \/>\n\t<meta property=\"og:image:height\" content=\"720\" \/>\n\t<meta property=\"og:image:type\" content=\"image\/jpeg\" \/>\n<meta name=\"author\" content=\"Av. Deniz Can K\u0131z\u0131l\" \/>\n<meta name=\"twitter:card\" content=\"summary_large_image\" \/>\n<meta name=\"twitter:label1\" content=\"Written by\" \/>\n\t<meta name=\"twitter:data1\" content=\"Av. Deniz Can K\u0131z\u0131l\" \/>\n\t<meta name=\"twitter:label2\" content=\"Estimated reading time\" \/>\n\t<meta name=\"twitter:data2\" content=\"1 minute\" \/>\n<script type=\"application\/ld+json\" class=\"yoast-schema-graph\">{\"@context\":\"https:\/\/schema.org\",\"@graph\":[{\"@type\":\"Article\",\"@id\":\"http:\/\/denizcankizil.tr\/ru\/haberler\/antalya\/yurtta-kar-yagisi-antalyada-gunes\/#article\",\"isPartOf\":{\"@id\":\"http:\/\/denizcankizil.tr\/ru\/haberler\/antalya\/yurtta-kar-yagisi-antalyada-gunes\/\"},\"author\":{\"name\":\"Av. Deniz Can K\u0131z\u0131l\",\"@id\":\"https:\/\/denizcankizil.tr\/de\/#\/schema\/person\/5dc1b22991bd7ac833867c10afc9b0ff\"},\"headline\":\"Yurtta kar ya\u011f\u0131\u015f\u0131, Antalya&#8217;da g\u00fcne\u015f\",\"datePublished\":\"2025-02-20T12:41:25+00:00\",\"mainEntityOfPage\":{\"@id\":\"http:\/\/denizcankizil.tr\/ru\/haberler\/antalya\/yurtta-kar-yagisi-antalyada-gunes\/\"},\"wordCount\":166,\"commentCount\":0,\"publisher\":{\"@id\":\"https:\/\/denizcankizil.tr\/de\/#organization\"},\"image\":{\"@id\":\"http:\/\/denizcankizil.tr\/ru\/haberler\/antalya\/yurtta-kar-yagisi-antalyada-gunes\/#primaryimage\"},\"thumbnailUrl\":\"https:\/\/denizcankizil.tr\/wp-content\/uploads\/2025\/02\/5085-01-IYfgmH.jpeg\",\"articleSection\":[\"Antalya\"],\"inLanguage\":\"en-GB\",\"potentialAction\":[{\"@type\":\"CommentAction\",\"name\":\"Comment\",\"target\":[\"http:\/\/denizcankizil.tr\/ru\/haberler\/antalya\/yurtta-kar-yagisi-antalyada-gunes\/#respond\"]}]},{\"@type\":\"WebPage\",\"@id\":\"http:\/\/denizcankizil.tr\/ru\/haberler\/antalya\/yurtta-kar-yagisi-antalyada-gunes\/\",\"url\":\"http:\/\/denizcankizil.tr\/ru\/haberler\/antalya\/yurtta-kar-yagisi-antalyada-gunes\/\",\"name\":\"Yurtta kar ya\u011f\u0131\u015f\u0131, Antalya'da g\u00fcne\u015f - Av. Deniz Can K\u0131z\u0131l\",\"isPartOf\":{\"@id\":\"https:\/\/denizcankizil.tr\/de\/#website\"},\"primaryImageOfPage\":{\"@id\":\"http:\/\/denizcankizil.tr\/ru\/haberler\/antalya\/yurtta-kar-yagisi-antalyada-gunes\/#primaryimage\"},\"image\":{\"@id\":\"http:\/\/denizcankizil.tr\/ru\/haberler\/antalya\/yurtta-kar-yagisi-antalyada-gunes\/#primaryimage\"},\"thumbnailUrl\":\"https:\/\/denizcankizil.tr\/wp-content\/uploads\/2025\/02\/5085-01-IYfgmH.jpeg\",\"datePublished\":\"2025-02-20T12:41:25+00:00\",\"breadcrumb\":{\"@id\":\"http:\/\/denizcankizil.tr\/ru\/haberler\/antalya\/yurtta-kar-yagisi-antalyada-gunes\/#breadcrumb\"},\"inLanguage\":\"en-GB\",\"potentialAction\":[{\"@type\":\"ReadAction\",\"target\":[\"http:\/\/denizcankizil.tr\/ru\/haberler\/antalya\/yurtta-kar-yagisi-antalyada-gunes\/\"]}]},{\"@type\":\"ImageObject\",\"inLanguage\":\"en-GB\",\"@id\":\"http:\/\/denizcankizil.tr\/ru\/haberler\/antalya\/yurtta-kar-yagisi-antalyada-gunes\/#primaryimage\",\"url\":\"https:\/\/denizcankizil.tr\/wp-content\/uploads\/2025\/02\/5085-01-IYfgmH.jpeg\",\"contentUrl\":\"https:\/\/denizcankizil.tr\/wp-content\/uploads\/2025\/02\/5085-01-IYfgmH.jpeg\",\"width\":1280,\"height\":720},{\"@type\":\"BreadcrumbList\",\"@id\":\"http:\/\/denizcankizil.tr\/ru\/haberler\/antalya\/yurtta-kar-yagisi-antalyada-gunes\/#breadcrumb\",\"itemListElement\":[{\"@type\":\"ListItem\",\"position\":1,\"name\":\"Home\",\"item\":\"https:\/\/denizcankizil.tr\/de\/\"},{\"@type\":\"ListItem\",\"position\":2,\"name\":\"Yurtta kar ya\u011f\u0131\u015f\u0131, Antalya&#8217;da g\u00fcne\u015f\"}]},{\"@type\":\"WebSite\",\"@id\":\"https:\/\/denizcankizil.tr\/de\/#website\",\"url\":\"https:\/\/denizcankizil.tr\/de\/\",\"name\":\"Av. Deniz Can K\u0131z\u0131l\",\"description\":\"Avukat Deniz Can K\u0131z\u0131l Antalya Barosu\",\"publisher\":{\"@id\":\"https:\/\/denizcankizil.tr\/de\/#organization\"},\"potentialAction\":[{\"@type\":\"SearchAction\",\"target\":{\"@type\":\"EntryPoint\",\"urlTemplate\":\"https:\/\/denizcankizil.tr\/de\/?s={search_term_string}\"},\"query-input\":{\"@type\":\"PropertyValueSpecification\",\"valueRequired\":true,\"valueName\":\"search_term_string\"}}],\"inLanguage\":\"en-GB\"},{\"@type\":\"Organization\",\"@id\":\"https:\/\/denizcankizil.tr\/de\/#organization\",\"name\":\"Av. Deniz Can K\u0131z\u0131l\",\"url\":\"https:\/\/denizcankizil.tr\/de\/\",\"logo\":{\"@type\":\"ImageObject\",\"inLanguage\":\"en-GB\",\"@id\":\"https:\/\/denizcankizil.tr\/de\/#\/schema\/logo\/image\/\",\"url\":\"https:\/\/denizcankizil.tr\/wp-content\/uploads\/2024\/10\/siyah-logo-svg.svg\",\"contentUrl\":\"https:\/\/denizcankizil.tr\/wp-content\/uploads\/2024\/10\/siyah-logo-svg.svg\",\"width\":1080,\"height\":1080,\"caption\":\"Av. Deniz Can K\u0131z\u0131l\"},\"image\":{\"@id\":\"https:\/\/denizcankizil.tr\/de\/#\/schema\/logo\/image\/\"}},{\"@type\":\"Person\",\"@id\":\"https:\/\/denizcankizil.tr\/de\/#\/schema\/person\/5dc1b22991bd7ac833867c10afc9b0ff\",\"name\":\"Av. Deniz Can K\u0131z\u0131l\",\"image\":{\"@type\":\"ImageObject\",\"inLanguage\":\"en-GB\",\"@id\":\"https:\/\/denizcankizil.tr\/de\/#\/schema\/person\/image\/\",\"url\":\"https:\/\/secure.gravatar.com\/avatar\/a0b128fb9855c79efc976d5640eedb31dc35ec297594d6016d2cf7c60e975bb6?s=96&d=mm&r=g\",\"contentUrl\":\"https:\/\/secure.gravatar.com\/avatar\/a0b128fb9855c79efc976d5640eedb31dc35ec297594d6016d2cf7c60e975bb6?s=96&d=mm&r=g\",\"caption\":\"Av. Deniz Can K\u0131z\u0131l\"},\"sameAs\":[\"http:\/\/www.denizcankizil.tr\"],\"url\":\"https:\/\/denizcankizil.tr\/en\/author\/denizcankizil\/\"}]}<\/script>\n<!-- \/ Yoast SEO Premium plugin. -->","yoast_head_json":{"title":"Yurtta kar ya\u011f\u0131\u015f\u0131, Antalya'da g\u00fcne\u015f - Av. Deniz Can K\u0131z\u0131l","robots":{"index":"index","follow":"follow","max-snippet":"max-snippet:-1","max-image-preview":"max-image-preview:large","max-video-preview":"max-video-preview:-1"},"canonical":"http:\/\/denizcankizil.tr\/en\/haberler\/antalya\/yurtta-kar-yagisi-antalyada-gunes\/","og_locale":"en_GB","og_type":"article","og_title":"Yurtta kar ya\u011f\u0131\u015f\u0131, Antalya'da g\u00fcne\u015f","og_description":"Meteoroloji Genel M\u00fcd\u00fcrl\u00fc\u011f\u00fc, ge\u00e7en g\u00fcnlerde yapt\u0131\u011f\u0131 uyar\u0131 ile \u00fclkenin so\u011fuk ve ya\u011f\u0131\u015fl\u0131 havan\u0131n etkisine girece\u011fini, s\u0131cakl\u0131klar\u0131n 8 ila 12 derece azalaca\u011f\u0131n\u0131, so\u011fuk havan\u0131n 1 hafta etkili olmas\u0131n\u0131n beklendi\u011fini duyurdu. Uyar\u0131n\u0131n ard\u0131ndan \u00fclkenin b\u00fcy\u00fck b\u00f6l\u00fcm\u00fcnde kar ya\u011f\u0131\u015f\u0131 ve so\u011fuk etkili olurken, Antalya&#8217;da d\u00fc\u015fen s\u0131cakl\u0131\u011fa ra\u011fmen g\u00fcne\u015f kendisini g\u00f6sterdi. R\u00fczgar\u0131n etkili oldu\u011fu kentte s\u0131cakl\u0131k, \u00f6\u011fle saatlerinde 11 dereceye kadar y\u00fckseldi. G\u00fcne\u015fli havay\u0131 f\u0131rsat bilenler, solu\u011fu Konyaalt\u0131 Sahili&#8217;nde ald\u0131. Kimileri kumlar\u0131n \u00fczerine oturup denizi izlerken, kimileri sahil band\u0131nda y\u00fcr\u00fcy\u00fc\u015f yapt\u0131. Sahile bebe\u011fiyle gelen bir kad\u0131n kumlar\u0131n \u00fczerinde \u00e7ocu\u011fuyla oynarken, r\u00fczgarl\u0131 havaya ald\u0131r\u0131\u015f etmeyen bir ki\u015fi de denize girerek y\u00fczd\u00fc. Kaynak: www.kanalv.com.tr Haber Sitesinden Al\u0131nm\u0131\u015ft\u0131r.","og_url":"http:\/\/denizcankizil.tr\/en\/haberler\/antalya\/yurtta-kar-yagisi-antalyada-gunes\/","og_site_name":"Av. Deniz Can K\u0131z\u0131l","article_published_time":"2025-02-20T12:41:25+00:00","og_image":[{"width":1280,"height":720,"url":"http:\/\/denizcankizil.tr\/wp-content\/uploads\/2025\/02\/5085-01-IYfgmH.jpeg","type":"image\/jpeg"}],"author":"Av. Deniz Can K\u0131z\u0131l","twitter_card":"summary_large_image","twitter_misc":{"Written by":"Av. Deniz Can K\u0131z\u0131l","Estimated reading time":"1 minute"},"schema":{"@context":"https:\/\/schema.org","@graph":[{"@type":"Article","@id":"http:\/\/denizcankizil.tr\/ru\/haberler\/antalya\/yurtta-kar-yagisi-antalyada-gunes\/#article","isPartOf":{"@id":"http:\/\/denizcankizil.tr\/ru\/haberler\/antalya\/yurtta-kar-yagisi-antalyada-gunes\/"},"author":{"name":"Av. Deniz Can K\u0131z\u0131l","@id":"https:\/\/denizcankizil.tr\/de\/#\/schema\/person\/5dc1b22991bd7ac833867c10afc9b0ff"},"headline":"Yurtta kar ya\u011f\u0131\u015f\u0131, Antalya&#8217;da g\u00fcne\u015f","datePublished":"2025-02-20T12:41:25+00:00","mainEntityOfPage":{"@id":"http:\/\/denizcankizil.tr\/ru\/haberler\/antalya\/yurtta-kar-yagisi-antalyada-gunes\/"},"wordCount":166,"commentCount":0,"publisher":{"@id":"https:\/\/denizcankizil.tr\/de\/#organization"},"image":{"@id":"http:\/\/denizcankizil.tr\/ru\/haberler\/antalya\/yurtta-kar-yagisi-antalyada-gunes\/#primaryimage"},"thumbnailUrl":"https:\/\/denizcankizil.tr\/wp-content\/uploads\/2025\/02\/5085-01-IYfgmH.jpeg","articleSection":["Antalya"],"inLanguage":"en-GB","potentialAction":[{"@type":"CommentAction","name":"Comment","target":["http:\/\/denizcankizil.tr\/ru\/haberler\/antalya\/yurtta-kar-yagisi-antalyada-gunes\/#respond"]}]},{"@type":"WebPage","@id":"http:\/\/denizcankizil.tr\/ru\/haberler\/antalya\/yurtta-kar-yagisi-antalyada-gunes\/","url":"http:\/\/denizcankizil.tr\/ru\/haberler\/antalya\/yurtta-kar-yagisi-antalyada-gunes\/","name":"Yurtta kar ya\u011f\u0131\u015f\u0131, Antalya'da g\u00fcne\u015f - Av. Deniz Can K\u0131z\u0131l","isPartOf":{"@id":"https:\/\/denizcankizil.tr\/de\/#website"},"primaryImageOfPage":{"@id":"http:\/\/denizcankizil.tr\/ru\/haberler\/antalya\/yurtta-kar-yagisi-antalyada-gunes\/#primaryimage"},"image":{"@id":"http:\/\/denizcankizil.tr\/ru\/haberler\/antalya\/yurtta-kar-yagisi-antalyada-gunes\/#primaryimage"},"thumbnailUrl":"https:\/\/denizcankizil.tr\/wp-content\/uploads\/2025\/02\/5085-01-IYfgmH.jpeg","datePublished":"2025-02-20T12:41:25+00:00","breadcrumb":{"@id":"http:\/\/denizcankizil.tr\/ru\/haberler\/antalya\/yurtta-kar-yagisi-antalyada-gunes\/#breadcrumb"},"inLanguage":"en-GB","potentialAction":[{"@type":"ReadAction","target":["http:\/\/denizcankizil.tr\/ru\/haberler\/antalya\/yurtta-kar-yagisi-antalyada-gunes\/"]}]},{"@type":"ImageObject","inLanguage":"en-GB","@id":"http:\/\/denizcankizil.tr\/ru\/haberler\/antalya\/yurtta-kar-yagisi-antalyada-gunes\/#primaryimage","url":"https:\/\/denizcankizil.tr\/wp-content\/uploads\/2025\/02\/5085-01-IYfgmH.jpeg","contentUrl":"https:\/\/denizcankizil.tr\/wp-content\/uploads\/2025\/02\/5085-01-IYfgmH.jpeg","width":1280,"height":720},{"@type":"BreadcrumbList","@id":"http:\/\/denizcankizil.tr\/ru\/haberler\/antalya\/yurtta-kar-yagisi-antalyada-gunes\/#breadcrumb","itemListElement":[{"@type":"ListItem","position":1,"name":"Home","item":"https:\/\/denizcankizil.tr\/de\/"},{"@type":"ListItem","position":2,"name":"Yurtta kar ya\u011f\u0131\u015f\u0131, Antalya&#8217;da g\u00fcne\u015f"}]},{"@type":"WebSite","@id":"https:\/\/denizcankizil.tr\/de\/#website","url":"https:\/\/denizcankizil.tr\/de\/","name":"Av. Deniz Can K\u0131z\u0131l","description":"Avukat Deniz Can K\u0131z\u0131l Antalya Barosu","publisher":{"@id":"https:\/\/denizcankizil.tr\/de\/#organization"},"potentialAction":[{"@type":"SearchAction","target":{"@type":"EntryPoint","urlTemplate":"https:\/\/denizcankizil.tr\/de\/?s={search_term_string}"},"query-input":{"@type":"PropertyValueSpecification","valueRequired":true,"valueName":"search_term_string"}}],"inLanguage":"en-GB"},{"@type":"Organization","@id":"https:\/\/denizcankizil.tr\/de\/#organization","name":"Av. Deniz Can K\u0131z\u0131l","url":"https:\/\/denizcankizil.tr\/de\/","logo":{"@type":"ImageObject","inLanguage":"en-GB","@id":"https:\/\/denizcankizil.tr\/de\/#\/schema\/logo\/image\/","url":"https:\/\/denizcankizil.tr\/wp-content\/uploads\/2024\/10\/siyah-logo-svg.svg","contentUrl":"https:\/\/denizcankizil.tr\/wp-content\/uploads\/2024\/10\/siyah-logo-svg.svg","width":1080,"height":1080,"caption":"Av. Deniz Can K\u0131z\u0131l"},"image":{"@id":"https:\/\/denizcankizil.tr\/de\/#\/schema\/logo\/image\/"}},{"@type":"Person","@id":"https:\/\/denizcankizil.tr\/de\/#\/schema\/person\/5dc1b22991bd7ac833867c10afc9b0ff","name":"Av. Deniz Can K\u0131z\u0131l","image":{"@type":"ImageObject","inLanguage":"en-GB","@id":"https:\/\/denizcankizil.tr\/de\/#\/schema\/person\/image\/","url":"https:\/\/secure.gravatar.com\/avatar\/a0b128fb9855c79efc976d5640eedb31dc35ec297594d6016d2cf7c60e975bb6?s=96&d=mm&r=g","contentUrl":"https:\/\/secure.gravatar.com\/avatar\/a0b128fb9855c79efc976d5640eedb31dc35ec297594d6016d2cf7c60e975bb6?s=96&d=mm&r=g","caption":"Av. Deniz Can K\u0131z\u0131l"},"sameAs":["http:\/\/www.denizcankizil.tr"],"url":"https:\/\/denizcankizil.tr\/en\/author\/denizcankizil\/"}]}},"_links":{"self":[{"href":"https:\/\/denizcankizil.tr\/en\/wp-json\/wp\/v2\/posts\/33669","targetHints":{"allow":["GET"]}}],"collection":[{"href":"https:\/\/denizcankizil.tr\/en\/wp-json\/wp\/v2\/posts"}],"about":[{"href":"https:\/\/denizcankizil.tr\/en\/wp-json\/wp\/v2\/types\/post"}],"author":[{"embeddable":true,"href":"https:\/\/denizcankizil.tr\/en\/wp-json\/wp\/v2\/users\/4"}],"replies":[{"embeddable":true,"href":"https:\/\/denizcankizil.tr\/en\/wp-json\/wp\/v2\/comments?post=33669"}],"version-history":[{"count":0,"href":"https:\/\/denizcankizil.tr\/en\/wp-json\/wp\/v2\/posts\/33669\/revisions"}],"wp:featuredmedia":[{"embeddable":true,"href":"https:\/\/denizcankizil.tr\/en\/wp-json\/wp\/v2\/media\/33670"}],"wp:attachment":[{"href":"https:\/\/denizcankizil.tr\/en\/wp-json\/wp\/v2\/media?parent=33669"}],"wp:term":[{"taxonomy":"category","embeddable":true,"href":"https:\/\/denizcankizil.tr\/en\/wp-json\/wp\/v2\/categories?post=33669"},{"taxonomy":"post_tag","embeddable":true,"href":"https:\/\/denizcankizil.tr\/en\/wp-json\/wp\/v2\/tags?post=33669"}],"curies":[{"name":"wp","href":"https:\/\/api.w.org\/{rel}","templated":true}]}}