{"id":33503,"date":"2025-02-19T13:42:10","date_gmt":"2025-02-19T10:42:10","guid":{"rendered":"https:\/\/denizcankizil.tr\/uncategorized-tr\/tarim-sektorune-isik-olacak\/"},"modified":"2025-02-19T13:42:10","modified_gmt":"2025-02-19T10:42:10","slug":"tarim-sektorune-isik-olacak","status":"publish","type":"post","link":"https:\/\/denizcankizil.tr\/en\/haberler\/gundem\/tarim-sektorune-isik-olacak\/","title":{"rendered":"Tar\u0131m Sekt\u00f6r\u00fcne I\u015f\u0131k Olacak"},"content":{"rendered":"<p>T\u00dcB\u0130TAK projesi kapsam\u0131nda y\u00fcr\u00fct\u00fcc\u00fcl\u00fc\u011f\u00fcn\u00fc Prof Dr Kadriye \u00c7a\u011flayan\u2019\u0131n yapt\u0131\u011f\u0131 turun\u00e7gil ve maviyemi\u015f(yaban mersini) bitkilerinin \u00fczerinde hastal\u0131klarla ilgili \u00e7al\u0131\u015fma yaparak kay\u0131plar\u0131n nedenini \u00e7\u00f6zmek i\u00e7in 40 y\u0131l \u00f6nceki \u00f6rneklerle mukayese ettikleri aktar\u0131ld\u0131.<\/p>\n<p>\u00c7a\u011flayan, iki ayr\u0131 proje \u00fczerinde olu\u015fturdulan bilim insanlar\u0131ndan kurulu ekibin canla ba\u015fla \u00e7al\u0131\u015ft\u0131\u011f\u0131na dikkat \u00e7ekerek \u015f\u00f6yle konu\u015ftu:<\/p>\n<p>\u201c Yeni nesil sekans analizi ve Oxford Nanopore Teknolojisi gibi ileri molek\u00fcler y\u00f6ntemler kullan\u0131larak, hastal\u0131\u011f\u0131n yay\u0131l\u0131m\u0131 ve genetik de\u011fi\u015fimleri detayl\u0131 bir \u015fekilde inceleniyor. \u00c7al\u0131\u015fma sadece T\u00fcrkiye i\u00e7in de\u011fil, d\u00fcnya genelinde de ilk niteli\u011finde olacak ve uluslararas\u0131 bilim camias\u0131na \u00f6nemli veriler sunacak.<\/p>\n<p>maviyemi\u015f mozaik hastal\u0131\u011f\u0131na (Blueberry mosaic associated virus &#8211; BlMaV) kar\u015f\u0131 y\u00fcr\u00fct\u00fclen detayl\u0131 bir ara\u015ft\u0131rmay\u0131 i\u00e7eriyor. Karadeniz B\u00f6lgesi&#8217;nde yeti\u015fen yabani ve k\u00fclt\u00fcre al\u0131nm\u0131\u015f maviyemi\u015f t\u00fcrleri \u00fczerindeki etkileri incelenen vir\u00fcs\u00fcn, genetik yap\u0131s\u0131 ve yay\u0131lma mekanizmas\u0131 ilk kez T\u00fcrkiye\u2019de ara\u015ft\u0131r\u0131ld\u0131.<\/p>\n<p>\u00c7al\u0131\u015fma kapsam\u0131nda, vir\u00fcs\u00fcn t\u00fcm genomu dizilenerek d\u00fcnya \u00e7ap\u0131nda kar\u015f\u0131la\u015ft\u0131rmalar yap\u0131ld\u0131 ve vir\u00fcs\u00fcn yay\u0131lmas\u0131na sebep olan vekt\u00f6rler belirlendi. Ayr\u0131ca, vir\u00fcsten ar\u0131nd\u0131r\u0131lm\u0131\u015f sa\u011fl\u0131kl\u0131 fidelerin \u00fcretim y\u00f6ntemleri geli\u015ftirildi.<\/p>\n<p>Her iki proje de T\u00fcrkiye\u2019nin tar\u0131msal \u00fcretimini tehdit eden hastal\u0131klarla m\u00fccadelede bilimsel bir temel olu\u015fturuyor. Proje sonu\u00e7lar\u0131 uluslararas\u0131 bilim dergilerinde yay\u0131mlanacak ve hem T\u00fcrkiye\u2019de hem de d\u00fcnya genelinde tar\u0131m sekt\u00f6r\u00fcne b\u00fcy\u00fck katk\u0131lar sa\u011flayacak.\u201d<\/p>\n<p>\u200bHatay Mustafa Kemal \u00dcniversitesi Ziraat Fak\u00fcltesi\u2019nden Prof. Dr. Kadriye \u00c7a\u011flayan, turun\u00e7gil ve maviyemi\u015f bitkilerinde hastal\u0131klarla m\u00fccadelede iki proje \u00fczerinde \u00e7al\u0131\u015ft\u0131klar\u0131n\u0131 s\u00f6yledi.\u00a0<\/p>\n<p>\u200bHaberin Al\u0131nt\u0131land\u0131\u011f\u0131 Kaynak: www.iskenderun.org<\/p>","protected":false},"excerpt":{"rendered":"<p>T\u00dcB\u0130TAK projesi kapsam\u0131nda y\u00fcr\u00fct\u00fcc\u00fcl\u00fc\u011f\u00fcn\u00fc Prof Dr Kadriye \u00c7a\u011flayan\u2019\u0131n yapt\u0131\u011f\u0131 turun\u00e7gil ve maviyemi\u015f(yaban mersini) bitkilerinin \u00fczerinde hastal\u0131klarla ilgili \u00e7al\u0131\u015fma yaparak kay\u0131plar\u0131n nedenini \u00e7\u00f6zmek i\u00e7in 40 y\u0131l \u00f6nceki \u00f6rneklerle mukayese ettikleri aktar\u0131ld\u0131. \u00c7a\u011flayan, iki ayr\u0131 proje \u00fczerinde olu\u015fturdulan bilim insanlar\u0131ndan kurulu ekibin canla ba\u015fla \u00e7al\u0131\u015ft\u0131\u011f\u0131na dikkat \u00e7ekerek \u015f\u00f6yle konu\u015ftu: \u201c Yeni nesil sekans analizi ve Oxford Nanopore Teknolojisi gibi ileri molek\u00fcler y\u00f6ntemler kullan\u0131larak, hastal\u0131\u011f\u0131n yay\u0131l\u0131m\u0131 ve genetik de\u011fi\u015fimleri detayl\u0131 bir \u015fekilde inceleniyor. \u00c7al\u0131\u015fma sadece T\u00fcrkiye i\u00e7in de\u011fil, d\u00fcnya genelinde de ilk niteli\u011finde olacak ve uluslararas\u0131 bilim camias\u0131na \u00f6nemli veriler sunacak. maviyemi\u015f mozaik hastal\u0131\u011f\u0131na (Blueberry mosaic associated virus &#8211; BlMaV) kar\u015f\u0131 y\u00fcr\u00fct\u00fclen detayl\u0131 bir ara\u015ft\u0131rmay\u0131 i\u00e7eriyor. Karadeniz B\u00f6lgesi&#8217;nde yeti\u015fen yabani ve k\u00fclt\u00fcre al\u0131nm\u0131\u015f maviyemi\u015f t\u00fcrleri \u00fczerindeki etkileri incelenen vir\u00fcs\u00fcn, genetik yap\u0131s\u0131 ve yay\u0131lma mekanizmas\u0131 ilk kez T\u00fcrkiye\u2019de ara\u015ft\u0131r\u0131ld\u0131. \u00c7al\u0131\u015fma kapsam\u0131nda, vir\u00fcs\u00fcn t\u00fcm genomu dizilenerek d\u00fcnya \u00e7ap\u0131nda kar\u015f\u0131la\u015ft\u0131rmalar yap\u0131ld\u0131 ve vir\u00fcs\u00fcn yay\u0131lmas\u0131na sebep olan vekt\u00f6rler belirlendi. Ayr\u0131ca, vir\u00fcsten ar\u0131nd\u0131r\u0131lm\u0131\u015f sa\u011fl\u0131kl\u0131 fidelerin \u00fcretim y\u00f6ntemleri geli\u015ftirildi. Her iki proje de T\u00fcrkiye\u2019nin tar\u0131msal \u00fcretimini tehdit eden hastal\u0131klarla m\u00fccadelede bilimsel bir temel olu\u015fturuyor. Proje sonu\u00e7lar\u0131 uluslararas\u0131 bilim dergilerinde yay\u0131mlanacak ve hem T\u00fcrkiye\u2019de hem de d\u00fcnya genelinde tar\u0131m sekt\u00f6r\u00fcne b\u00fcy\u00fck katk\u0131lar sa\u011flayacak.\u201d \u200bHatay Mustafa Kemal \u00dcniversitesi Ziraat Fak\u00fcltesi\u2019nden Prof. Dr. Kadriye \u00c7a\u011flayan, turun\u00e7gil ve maviyemi\u015f bitkilerinde hastal\u0131klarla m\u00fccadelede iki &hellip;<\/p>","protected":false},"author":1,"featured_media":0,"comment_status":"open","ping_status":"open","sticky":false,"template":"","format":"standard","meta":{"_acf_changed":false,"footnotes":""},"categories":[24],"tags":[],"class_list":["post-33503","post","type-post","status-publish","format-standard","has-post-thumbnail","hentry","category-gundem"],"acf":[],"yoast_head":"<!-- This site is optimized with the Yoast SEO Premium plugin v26.6 (Yoast SEO v27.1.1) - https:\/\/yoast.com\/product\/yoast-seo-premium-wordpress\/ -->\n<title>Tar\u0131m Sekt\u00f6r\u00fcne I\u015f\u0131k Olacak - Av. Deniz Can K\u0131z\u0131l<\/title>\n<meta name=\"robots\" content=\"index, follow, max-snippet:-1, max-image-preview:large, max-video-preview:-1\" \/>\n<link rel=\"canonical\" href=\"https:\/\/denizcankizil.tr\/en\/haberler\/gundem\/tarim-sektorune-isik-olacak\/\" \/>\n<meta property=\"og:locale\" content=\"en_GB\" \/>\n<meta property=\"og:type\" content=\"article\" \/>\n<meta property=\"og:title\" content=\"Tar\u0131m Sekt\u00f6r\u00fcne I\u015f\u0131k Olacak\" \/>\n<meta property=\"og:description\" content=\"T\u00dcB\u0130TAK projesi kapsam\u0131nda y\u00fcr\u00fct\u00fcc\u00fcl\u00fc\u011f\u00fcn\u00fc Prof Dr Kadriye \u00c7a\u011flayan\u2019\u0131n yapt\u0131\u011f\u0131 turun\u00e7gil ve maviyemi\u015f(yaban mersini) bitkilerinin \u00fczerinde hastal\u0131klarla ilgili \u00e7al\u0131\u015fma yaparak kay\u0131plar\u0131n nedenini \u00e7\u00f6zmek i\u00e7in 40 y\u0131l \u00f6nceki \u00f6rneklerle mukayese ettikleri aktar\u0131ld\u0131. \u00c7a\u011flayan, iki ayr\u0131 proje \u00fczerinde olu\u015fturdulan bilim insanlar\u0131ndan kurulu ekibin canla ba\u015fla \u00e7al\u0131\u015ft\u0131\u011f\u0131na dikkat \u00e7ekerek \u015f\u00f6yle konu\u015ftu: \u201c Yeni nesil sekans analizi ve Oxford Nanopore Teknolojisi gibi ileri molek\u00fcler y\u00f6ntemler kullan\u0131larak, hastal\u0131\u011f\u0131n yay\u0131l\u0131m\u0131 ve genetik de\u011fi\u015fimleri detayl\u0131 bir \u015fekilde inceleniyor. \u00c7al\u0131\u015fma sadece T\u00fcrkiye i\u00e7in de\u011fil, d\u00fcnya genelinde de ilk niteli\u011finde olacak ve uluslararas\u0131 bilim camias\u0131na \u00f6nemli veriler sunacak. maviyemi\u015f mozaik hastal\u0131\u011f\u0131na (Blueberry mosaic associated virus &#8211; BlMaV) kar\u015f\u0131 y\u00fcr\u00fct\u00fclen detayl\u0131 bir ara\u015ft\u0131rmay\u0131 i\u00e7eriyor. Karadeniz B\u00f6lgesi&#8217;nde yeti\u015fen yabani ve k\u00fclt\u00fcre al\u0131nm\u0131\u015f maviyemi\u015f t\u00fcrleri \u00fczerindeki etkileri incelenen vir\u00fcs\u00fcn, genetik yap\u0131s\u0131 ve yay\u0131lma mekanizmas\u0131 ilk kez T\u00fcrkiye\u2019de ara\u015ft\u0131r\u0131ld\u0131. \u00c7al\u0131\u015fma kapsam\u0131nda, vir\u00fcs\u00fcn t\u00fcm genomu dizilenerek d\u00fcnya \u00e7ap\u0131nda kar\u015f\u0131la\u015ft\u0131rmalar yap\u0131ld\u0131 ve vir\u00fcs\u00fcn yay\u0131lmas\u0131na sebep olan vekt\u00f6rler belirlendi. Ayr\u0131ca, vir\u00fcsten ar\u0131nd\u0131r\u0131lm\u0131\u015f sa\u011fl\u0131kl\u0131 fidelerin \u00fcretim y\u00f6ntemleri geli\u015ftirildi. Her iki proje de T\u00fcrkiye\u2019nin tar\u0131msal \u00fcretimini tehdit eden hastal\u0131klarla m\u00fccadelede bilimsel bir temel olu\u015fturuyor. Proje sonu\u00e7lar\u0131 uluslararas\u0131 bilim dergilerinde yay\u0131mlanacak ve hem T\u00fcrkiye\u2019de hem de d\u00fcnya genelinde tar\u0131m sekt\u00f6r\u00fcne b\u00fcy\u00fck katk\u0131lar sa\u011flayacak.\u201d \u200bHatay Mustafa Kemal \u00dcniversitesi Ziraat Fak\u00fcltesi\u2019nden Prof. Dr. Kadriye \u00c7a\u011flayan, turun\u00e7gil ve maviyemi\u015f bitkilerinde hastal\u0131klarla m\u00fccadelede iki &hellip;\" \/>\n<meta property=\"og:url\" content=\"https:\/\/denizcankizil.tr\/en\/haberler\/gundem\/tarim-sektorune-isik-olacak\/\" \/>\n<meta property=\"og:site_name\" content=\"Av. Deniz Can K\u0131z\u0131l\" \/>\n<meta property=\"article:published_time\" content=\"2025-02-19T10:42:10+00:00\" \/>\n<meta name=\"author\" content=\"admin\" \/>\n<meta name=\"twitter:card\" content=\"summary_large_image\" \/>\n<meta name=\"twitter:label1\" content=\"Written by\" \/>\n\t<meta name=\"twitter:data1\" content=\"admin\" \/>\n\t<meta name=\"twitter:label2\" content=\"Estimated reading time\" \/>\n\t<meta name=\"twitter:data2\" content=\"2 minutes\" \/>\n<script type=\"application\/ld+json\" class=\"yoast-schema-graph\">{\"@context\":\"https:\/\/schema.org\",\"@graph\":[{\"@type\":\"Article\",\"@id\":\"https:\/\/denizcankizil.tr\/ru\/haberler\/gundem\/tarim-sektorune-isik-olacak\/#article\",\"isPartOf\":{\"@id\":\"https:\/\/denizcankizil.tr\/ru\/haberler\/gundem\/tarim-sektorune-isik-olacak\/\"},\"author\":{\"name\":\"admin\",\"@id\":\"https:\/\/denizcankizil.tr\/#\/schema\/person\/be3c05fe6a12686905512445d8185489\"},\"headline\":\"Tar\u0131m Sekt\u00f6r\u00fcne I\u015f\u0131k Olacak\",\"datePublished\":\"2025-02-19T10:42:10+00:00\",\"mainEntityOfPage\":{\"@id\":\"https:\/\/denizcankizil.tr\/ru\/haberler\/gundem\/tarim-sektorune-isik-olacak\/\"},\"wordCount\":335,\"commentCount\":0,\"publisher\":{\"@id\":\"https:\/\/denizcankizil.tr\/#organization\"},\"articleSection\":[\"G\u00fcndem\"],\"inLanguage\":\"en-GB\",\"potentialAction\":[{\"@type\":\"CommentAction\",\"name\":\"Comment\",\"target\":[\"https:\/\/denizcankizil.tr\/ru\/haberler\/gundem\/tarim-sektorune-isik-olacak\/#respond\"]}]},{\"@type\":\"WebPage\",\"@id\":\"https:\/\/denizcankizil.tr\/ru\/haberler\/gundem\/tarim-sektorune-isik-olacak\/\",\"url\":\"https:\/\/denizcankizil.tr\/ru\/haberler\/gundem\/tarim-sektorune-isik-olacak\/\",\"name\":\"Tar\u0131m Sekt\u00f6r\u00fcne I\u015f\u0131k Olacak - Av. Deniz Can K\u0131z\u0131l\",\"isPartOf\":{\"@id\":\"https:\/\/denizcankizil.tr\/#website\"},\"datePublished\":\"2025-02-19T10:42:10+00:00\",\"breadcrumb\":{\"@id\":\"https:\/\/denizcankizil.tr\/ru\/haberler\/gundem\/tarim-sektorune-isik-olacak\/#breadcrumb\"},\"inLanguage\":\"en-GB\",\"potentialAction\":[{\"@type\":\"ReadAction\",\"target\":[\"https:\/\/denizcankizil.tr\/ru\/haberler\/gundem\/tarim-sektorune-isik-olacak\/\"]}]},{\"@type\":\"BreadcrumbList\",\"@id\":\"https:\/\/denizcankizil.tr\/ru\/haberler\/gundem\/tarim-sektorune-isik-olacak\/#breadcrumb\",\"itemListElement\":[{\"@type\":\"ListItem\",\"position\":1,\"name\":\"Home\",\"item\":\"https:\/\/denizcankizil.tr\/de\/\"},{\"@type\":\"ListItem\",\"position\":2,\"name\":\"Tar\u0131m Sekt\u00f6r\u00fcne I\u015f\u0131k Olacak\"}]},{\"@type\":\"WebSite\",\"@id\":\"https:\/\/denizcankizil.tr\/#website\",\"url\":\"https:\/\/denizcankizil.tr\/\",\"name\":\"Av. Deniz Can K\u0131z\u0131l\",\"description\":\"Avukat Deniz Can K\u0131z\u0131l Antalya Barosu\",\"publisher\":{\"@id\":\"https:\/\/denizcankizil.tr\/#organization\"},\"potentialAction\":[{\"@type\":\"SearchAction\",\"target\":{\"@type\":\"EntryPoint\",\"urlTemplate\":\"https:\/\/denizcankizil.tr\/?s={search_term_string}\"},\"query-input\":{\"@type\":\"PropertyValueSpecification\",\"valueRequired\":true,\"valueName\":\"search_term_string\"}}],\"inLanguage\":\"en-GB\"},{\"@type\":\"Organization\",\"@id\":\"https:\/\/denizcankizil.tr\/#organization\",\"name\":\"Av. Deniz Can K\u0131z\u0131l\",\"url\":\"https:\/\/denizcankizil.tr\/\",\"logo\":{\"@type\":\"ImageObject\",\"inLanguage\":\"en-GB\",\"@id\":\"https:\/\/denizcankizil.tr\/#\/schema\/logo\/image\/\",\"url\":\"https:\/\/denizcankizil.tr\/wp-content\/uploads\/2024\/10\/siyah-logo-svg.svg\",\"contentUrl\":\"https:\/\/denizcankizil.tr\/wp-content\/uploads\/2024\/10\/siyah-logo-svg.svg\",\"width\":1080,\"height\":1080,\"caption\":\"Av. Deniz Can K\u0131z\u0131l\"},\"image\":{\"@id\":\"https:\/\/denizcankizil.tr\/#\/schema\/logo\/image\/\"}},{\"@type\":\"Person\",\"@id\":\"https:\/\/denizcankizil.tr\/#\/schema\/person\/be3c05fe6a12686905512445d8185489\",\"name\":\"admin\",\"image\":{\"@type\":\"ImageObject\",\"inLanguage\":\"en-GB\",\"@id\":\"https:\/\/denizcankizil.tr\/#\/schema\/person\/image\/\",\"url\":\"https:\/\/secure.gravatar.com\/avatar\/c1fce94c830dc79107e174f890d7210541c4a63e8e5d816341794a2151c9d58c?s=96&d=mm&r=g\",\"contentUrl\":\"https:\/\/secure.gravatar.com\/avatar\/c1fce94c830dc79107e174f890d7210541c4a63e8e5d816341794a2151c9d58c?s=96&d=mm&r=g\",\"caption\":\"admin\"},\"sameAs\":[\"http:\/\/denizcankizil.tr\"],\"url\":\"https:\/\/www.iskenderun.org\/tarim-sektorune-isik-olacak\"}]}<\/script>\n<!-- \/ Yoast SEO Premium plugin. -->","yoast_head_json":{"title":"Tar\u0131m Sekt\u00f6r\u00fcne I\u015f\u0131k Olacak - Av. Deniz Can K\u0131z\u0131l","robots":{"index":"index","follow":"follow","max-snippet":"max-snippet:-1","max-image-preview":"max-image-preview:large","max-video-preview":"max-video-preview:-1"},"canonical":"https:\/\/denizcankizil.tr\/en\/haberler\/gundem\/tarim-sektorune-isik-olacak\/","og_locale":"en_GB","og_type":"article","og_title":"Tar\u0131m Sekt\u00f6r\u00fcne I\u015f\u0131k Olacak","og_description":"T\u00dcB\u0130TAK projesi kapsam\u0131nda y\u00fcr\u00fct\u00fcc\u00fcl\u00fc\u011f\u00fcn\u00fc Prof Dr Kadriye \u00c7a\u011flayan\u2019\u0131n yapt\u0131\u011f\u0131 turun\u00e7gil ve maviyemi\u015f(yaban mersini) bitkilerinin \u00fczerinde hastal\u0131klarla ilgili \u00e7al\u0131\u015fma yaparak kay\u0131plar\u0131n nedenini \u00e7\u00f6zmek i\u00e7in 40 y\u0131l \u00f6nceki \u00f6rneklerle mukayese ettikleri aktar\u0131ld\u0131. \u00c7a\u011flayan, iki ayr\u0131 proje \u00fczerinde olu\u015fturdulan bilim insanlar\u0131ndan kurulu ekibin canla ba\u015fla \u00e7al\u0131\u015ft\u0131\u011f\u0131na dikkat \u00e7ekerek \u015f\u00f6yle konu\u015ftu: \u201c Yeni nesil sekans analizi ve Oxford Nanopore Teknolojisi gibi ileri molek\u00fcler y\u00f6ntemler kullan\u0131larak, hastal\u0131\u011f\u0131n yay\u0131l\u0131m\u0131 ve genetik de\u011fi\u015fimleri detayl\u0131 bir \u015fekilde inceleniyor. \u00c7al\u0131\u015fma sadece T\u00fcrkiye i\u00e7in de\u011fil, d\u00fcnya genelinde de ilk niteli\u011finde olacak ve uluslararas\u0131 bilim camias\u0131na \u00f6nemli veriler sunacak. maviyemi\u015f mozaik hastal\u0131\u011f\u0131na (Blueberry mosaic associated virus &#8211; BlMaV) kar\u015f\u0131 y\u00fcr\u00fct\u00fclen detayl\u0131 bir ara\u015ft\u0131rmay\u0131 i\u00e7eriyor. Karadeniz B\u00f6lgesi&#8217;nde yeti\u015fen yabani ve k\u00fclt\u00fcre al\u0131nm\u0131\u015f maviyemi\u015f t\u00fcrleri \u00fczerindeki etkileri incelenen vir\u00fcs\u00fcn, genetik yap\u0131s\u0131 ve yay\u0131lma mekanizmas\u0131 ilk kez T\u00fcrkiye\u2019de ara\u015ft\u0131r\u0131ld\u0131. \u00c7al\u0131\u015fma kapsam\u0131nda, vir\u00fcs\u00fcn t\u00fcm genomu dizilenerek d\u00fcnya \u00e7ap\u0131nda kar\u015f\u0131la\u015ft\u0131rmalar yap\u0131ld\u0131 ve vir\u00fcs\u00fcn yay\u0131lmas\u0131na sebep olan vekt\u00f6rler belirlendi. Ayr\u0131ca, vir\u00fcsten ar\u0131nd\u0131r\u0131lm\u0131\u015f sa\u011fl\u0131kl\u0131 fidelerin \u00fcretim y\u00f6ntemleri geli\u015ftirildi. Her iki proje de T\u00fcrkiye\u2019nin tar\u0131msal \u00fcretimini tehdit eden hastal\u0131klarla m\u00fccadelede bilimsel bir temel olu\u015fturuyor. Proje sonu\u00e7lar\u0131 uluslararas\u0131 bilim dergilerinde yay\u0131mlanacak ve hem T\u00fcrkiye\u2019de hem de d\u00fcnya genelinde tar\u0131m sekt\u00f6r\u00fcne b\u00fcy\u00fck katk\u0131lar sa\u011flayacak.\u201d \u200bHatay Mustafa Kemal \u00dcniversitesi Ziraat Fak\u00fcltesi\u2019nden Prof. Dr. Kadriye \u00c7a\u011flayan, turun\u00e7gil ve maviyemi\u015f bitkilerinde hastal\u0131klarla m\u00fccadelede iki &hellip;","og_url":"https:\/\/denizcankizil.tr\/en\/haberler\/gundem\/tarim-sektorune-isik-olacak\/","og_site_name":"Av. Deniz Can K\u0131z\u0131l","article_published_time":"2025-02-19T10:42:10+00:00","author":"admin","twitter_card":"summary_large_image","twitter_misc":{"Written by":"admin","Estimated reading time":"2 minutes"},"schema":{"@context":"https:\/\/schema.org","@graph":[{"@type":"Article","@id":"https:\/\/denizcankizil.tr\/ru\/haberler\/gundem\/tarim-sektorune-isik-olacak\/#article","isPartOf":{"@id":"https:\/\/denizcankizil.tr\/ru\/haberler\/gundem\/tarim-sektorune-isik-olacak\/"},"author":{"name":"admin","@id":"https:\/\/denizcankizil.tr\/#\/schema\/person\/be3c05fe6a12686905512445d8185489"},"headline":"Tar\u0131m Sekt\u00f6r\u00fcne I\u015f\u0131k Olacak","datePublished":"2025-02-19T10:42:10+00:00","mainEntityOfPage":{"@id":"https:\/\/denizcankizil.tr\/ru\/haberler\/gundem\/tarim-sektorune-isik-olacak\/"},"wordCount":335,"commentCount":0,"publisher":{"@id":"https:\/\/denizcankizil.tr\/#organization"},"articleSection":["G\u00fcndem"],"inLanguage":"en-GB","potentialAction":[{"@type":"CommentAction","name":"Comment","target":["https:\/\/denizcankizil.tr\/ru\/haberler\/gundem\/tarim-sektorune-isik-olacak\/#respond"]}]},{"@type":"WebPage","@id":"https:\/\/denizcankizil.tr\/ru\/haberler\/gundem\/tarim-sektorune-isik-olacak\/","url":"https:\/\/denizcankizil.tr\/ru\/haberler\/gundem\/tarim-sektorune-isik-olacak\/","name":"Tar\u0131m Sekt\u00f6r\u00fcne I\u015f\u0131k Olacak - Av. Deniz Can K\u0131z\u0131l","isPartOf":{"@id":"https:\/\/denizcankizil.tr\/#website"},"datePublished":"2025-02-19T10:42:10+00:00","breadcrumb":{"@id":"https:\/\/denizcankizil.tr\/ru\/haberler\/gundem\/tarim-sektorune-isik-olacak\/#breadcrumb"},"inLanguage":"en-GB","potentialAction":[{"@type":"ReadAction","target":["https:\/\/denizcankizil.tr\/ru\/haberler\/gundem\/tarim-sektorune-isik-olacak\/"]}]},{"@type":"BreadcrumbList","@id":"https:\/\/denizcankizil.tr\/ru\/haberler\/gundem\/tarim-sektorune-isik-olacak\/#breadcrumb","itemListElement":[{"@type":"ListItem","position":1,"name":"Home","item":"https:\/\/denizcankizil.tr\/de\/"},{"@type":"ListItem","position":2,"name":"Tar\u0131m Sekt\u00f6r\u00fcne I\u015f\u0131k Olacak"}]},{"@type":"WebSite","@id":"https:\/\/denizcankizil.tr\/#website","url":"https:\/\/denizcankizil.tr\/","name":"Av. Deniz Can K\u0131z\u0131l","description":"Avukat Deniz Can K\u0131z\u0131l Antalya Barosu","publisher":{"@id":"https:\/\/denizcankizil.tr\/#organization"},"potentialAction":[{"@type":"SearchAction","target":{"@type":"EntryPoint","urlTemplate":"https:\/\/denizcankizil.tr\/?s={search_term_string}"},"query-input":{"@type":"PropertyValueSpecification","valueRequired":true,"valueName":"search_term_string"}}],"inLanguage":"en-GB"},{"@type":"Organization","@id":"https:\/\/denizcankizil.tr\/#organization","name":"Av. Deniz Can K\u0131z\u0131l","url":"https:\/\/denizcankizil.tr\/","logo":{"@type":"ImageObject","inLanguage":"en-GB","@id":"https:\/\/denizcankizil.tr\/#\/schema\/logo\/image\/","url":"https:\/\/denizcankizil.tr\/wp-content\/uploads\/2024\/10\/siyah-logo-svg.svg","contentUrl":"https:\/\/denizcankizil.tr\/wp-content\/uploads\/2024\/10\/siyah-logo-svg.svg","width":1080,"height":1080,"caption":"Av. Deniz Can K\u0131z\u0131l"},"image":{"@id":"https:\/\/denizcankizil.tr\/#\/schema\/logo\/image\/"}},{"@type":"Person","@id":"https:\/\/denizcankizil.tr\/#\/schema\/person\/be3c05fe6a12686905512445d8185489","name":"admin","image":{"@type":"ImageObject","inLanguage":"en-GB","@id":"https:\/\/denizcankizil.tr\/#\/schema\/person\/image\/","url":"https:\/\/secure.gravatar.com\/avatar\/c1fce94c830dc79107e174f890d7210541c4a63e8e5d816341794a2151c9d58c?s=96&d=mm&r=g","contentUrl":"https:\/\/secure.gravatar.com\/avatar\/c1fce94c830dc79107e174f890d7210541c4a63e8e5d816341794a2151c9d58c?s=96&d=mm&r=g","caption":"admin"},"sameAs":["http:\/\/denizcankizil.tr"],"url":"https:\/\/www.iskenderun.org\/tarim-sektorune-isik-olacak"}]}},"_links":{"self":[{"href":"https:\/\/denizcankizil.tr\/en\/wp-json\/wp\/v2\/posts\/33503","targetHints":{"allow":["GET"]}}],"collection":[{"href":"https:\/\/denizcankizil.tr\/en\/wp-json\/wp\/v2\/posts"}],"about":[{"href":"https:\/\/denizcankizil.tr\/en\/wp-json\/wp\/v2\/types\/post"}],"author":[{"embeddable":true,"href":"https:\/\/denizcankizil.tr\/en\/wp-json\/wp\/v2\/users\/1"}],"replies":[{"embeddable":true,"href":"https:\/\/denizcankizil.tr\/en\/wp-json\/wp\/v2\/comments?post=33503"}],"version-history":[{"count":0,"href":"https:\/\/denizcankizil.tr\/en\/wp-json\/wp\/v2\/posts\/33503\/revisions"}],"wp:attachment":[{"href":"https:\/\/denizcankizil.tr\/en\/wp-json\/wp\/v2\/media?parent=33503"}],"wp:term":[{"taxonomy":"category","embeddable":true,"href":"https:\/\/denizcankizil.tr\/en\/wp-json\/wp\/v2\/categories?post=33503"},{"taxonomy":"post_tag","embeddable":true,"href":"https:\/\/denizcankizil.tr\/en\/wp-json\/wp\/v2\/tags?post=33503"}],"curies":[{"name":"wp","href":"https:\/\/api.w.org\/{rel}","templated":true}]}}