{"id":33470,"date":"2025-02-19T11:42:01","date_gmt":"2025-02-19T08:42:01","guid":{"rendered":"https:\/\/denizcankizil.tr\/uncategorized-tr\/kuvvetli-uyarilar-yapildi-soguk-yagis-kar-buz-etkisi-bir-hafta-surecek\/"},"modified":"2025-02-19T11:42:01","modified_gmt":"2025-02-19T08:42:01","slug":"kuvvetli-uyarilar-yapildi-soguk-yagis-kar-buz-etkisi-bir-hafta-surecek","status":"publish","type":"post","link":"https:\/\/denizcankizil.tr\/en\/haberler\/gundem\/kuvvetli-uyarilar-yapildi-soguk-yagis-kar-buz-etkisi-bir-hafta-surecek\/","title":{"rendered":"Kuvvetli uyar\u0131lar yap\u0131ld\u0131! So\u011fuk, ya\u011f\u0131\u015f, kar, buz&#8230; Etkisi bir hafta s\u00fcrecek"},"content":{"rendered":"<p>Hava s\u0131cakl\u0131\u011f\u0131n\u0131n, kuzey ve i\u00e7 kesimlerde 3 ila 5 derece azalaca\u011f\u0131 meteorolojik rapora g\u00f6re,  T\u00fcrkiye genelinin par\u00e7al\u0131 ve \u00e7ok bulutlu, Marmara (\u00c7anakkale hari\u00e7), \u0130\u00e7 Ege, Orta ve Do\u011fu Akdeniz, \u0130\u00e7 Anadolu, Karadeniz, Do\u011fu ve G\u00fcneydo\u011fu Anadolu ile Isparta \u00e7evrelerinin aral\u0131kl\u0131 ya\u011f\u0131\u015fl\u0131 ge\u00e7ece\u011fi tahmin ediliyor. Karadeniz \u00fczerinden gelecek so\u011fuk hava ile birlikte kar ya\u011f\u0131\u015f\u0131 \u0130stanbul&#8217;un kuzey ve do\u011fu b\u00f6lgelerinde 4 g\u00fcn boyunca daha etkili olacak.ANKARA (\u0130GFA) &#8211; Meteoroloji Genel M\u00fcd\u00fcrl\u00fc\u011f\u00fc, 19 \u015eubat \u00c7ar\u015famba g\u00fcn\u00fcne ili\u015fkin hava tahmin raporunu yay\u0131mlad\u0131.<br \/>\nBuna g\u00f6re T\u00fcrkiye genelinin par\u00e7al\u0131 ve \u00e7ok bulutlu, Marmara (\u00c7anakkale hari\u00e7), \u0130\u00e7 Ege, Orta ve Do\u011fu Akdeniz, \u0130\u00e7 Anadolu, Karadeniz, Do\u011fu ve G\u00fcneydo\u011fu Anadolu ile Isparta \u00e7evrelerinin aral\u0131kl\u0131 ya\u011f\u0131\u015fl\u0131 ge\u00e7ece\u011fi tahmin ediliyor. Ya\u011f\u0131\u015flar\u0131n Orta ve Do\u011fu Akdeniz, G\u00fcneydo\u011fu Anadolu ile ak\u015fam saatlerine kadar Orta ve Do\u011fu Karadeniz k\u0131y\u0131lar\u0131nda ya\u011fmur ve sa\u011fanak, ya\u011f\u0131\u015f alan di\u011fer yerlerde karla kar\u0131\u015f\u0131k ya\u011fmur ve kar \u015feklinde olmas\u0131 bekleniyor.<\/p>\n<p>Ya\u011f\u0131\u015flar\u0131n Do\u011fu Karadeniz, Do\u011fu Anadolu&#8217;nun bat\u0131s\u0131 ile K\u0131rklareli, Adana&#8217;n\u0131n g\u00fcneyi, Hatay, Mu\u015f&#8217;un bat\u0131 kesimleri, Ardahan, Kars ve Erzurum \u00e7evrelerinde kuvvetli olaca\u011f\u0131 tahmin edilirken, \u00fclkenin kuzey, i\u00e7 ve do\u011fu kesimlerde buzlanma ve don olay\u0131 bekleniyor.<br \/>\nGenellikle g\u00fcneyli, zamanla yurdun bat\u0131 kesimlerinde kuzeyli y\u00f6nlerden, hafif, ara s\u0131ra orta kuvvette, Marmara, Kuzey Ege k\u0131y\u0131lar\u0131 ile gece saatlerinde Bat\u0131 Akdeniz&#8217;in i\u00e7 kesimlerinde kuzey ve kuzeydo\u011fu y\u00f6nlerden kuvvetli ve k\u0131sa s\u00fcreli f\u0131rt\u0131na (40-70 km\/saat) \u015feklinde esmesi bekleniyor.<\/p>\n<p>Do\u011fu Karadeniz\u2019in i\u00e7 kesimlerinin y\u00fcksekleri ile Do\u011fu Anadolu\u2019nun y\u00fcksek ve dik yama\u00e7lar\u0131nda \u00e7\u0131\u011f tehlikesi bulunuyor.<br \/>\nMeteoroloji ya\u011f\u0131\u015f ve f\u0131rt\u0131naya y\u00f6nelik &#8216;kuvvetli&#8217; uyar\u0131lar\u0131n\u0131n yan\u0131 s\u0131ra \u00e7\u0131\u011f tehlikesi ile buzlanma ve don uyar\u0131lar\u0131na kar\u015f\u0131 da ya\u015fanabilecek olumsuzluklara kar\u015f\u0131 dikkatli ve tedbirli olunmas\u0131n\u0131 istedi.<\/p>\n<p>\u200bHava s\u0131cakl\u0131\u011f\u0131n\u0131n, kuzey ve i\u00e7 kesimlerde 3 ila 5 derece azalaca\u011f\u0131 meteorolojik rapora g\u00f6re,  T\u00fcrkiye genelinin par\u00e7al\u0131 ve \u00e7ok bulutlu, Marmara (\u00c7anakkale hari\u00e7), \u0130\u00e7 Ege, Orta ve Do\u011fu Akdeniz, \u0130\u00e7 Anadolu, Karadeniz, Do\u011fu ve G\u00fcneydo\u011fu Anadolu ile Isparta \u00e7evrelerinin aral\u0131kl\u0131 ya\u011f\u0131\u015fl\u0131 ge\u00e7ece\u011fi tahmin ediliyor. Karadeniz \u00fczerinden gelecek so\u011fuk hava ile birlikte kar ya\u011f\u0131\u015f\u0131 \u0130stanbul&#8217;un kuzey ve do\u011fu b\u00f6lgelerinde 4 g\u00fcn boyunca daha etkili olacak.ANKARA (\u0130GFA) &#8211; Meteoroloji Genel M\u00fcd\u00fcrl\u00fc\u011f\u00fc, 19 \u015eubat \u00c7ar\u015famba g\u00fcn\u00fcne ili\u015fkin hava tahmin raporunu yay\u0131mlad\u0131.<br \/>\nBuna g\u00f6re T\u00fcrkiye genelinin par\u00e7al\u0131 ve \u00e7ok bulutlu, Marmara (\u00c7anakkale hari\u00e7), \u0130\u00e7 Ege, Orta ve Do\u011fu Akdeniz, \u0130\u00e7 Anadolu, Karadeniz, Do\u011fu ve G\u00fcneydo\u011fu Anadolu ile Isparta \u00e7evrelerinin aral\u0131kl\u0131 ya\u011f\u0131\u015fl\u0131 ge\u00e7ece\u011fi tahmin ediliyor. Ya\u011f\u0131\u015flar\u0131n Orta ve Do\u011fu Akdeniz, G\u00fcneydo\u011fu Anadolu ile ak\u015fam saatlerine kadar Orta ve Do\u011fu Karadeniz k\u0131y\u0131lar\u0131nda ya\u011fmur ve sa\u011fanak, ya\u011f\u0131\u015f alan di\u011fer yerlerde karla kar\u0131\u015f\u0131k ya\u011fmur ve kar \u015feklinde olmas\u0131 bekleniyor.<\/p>\n<p>Ya\u011f\u0131\u015flar\u0131n Do\u011fu Karadeniz, Do\u011fu Anadolu&#8217;nun bat\u0131s\u0131 ile K\u0131rklareli, Adana&#8217;n\u0131n g\u00fcneyi, Hatay, Mu\u015f&#8217;un bat\u0131 kesimleri, Ardahan, Kars ve Erzurum \u00e7evrelerinde kuvvetli olaca\u011f\u0131 tahmin edilirken, \u00fclkenin kuzey, i\u00e7 ve do\u011fu kesimlerde buzlanma ve don olay\u0131 bekleniyor.<br \/>\nGenellikle g\u00fcneyli, zamanla yurdun bat\u0131 kesimlerinde kuzeyli y\u00f6nlerden, hafif, ara s\u0131ra orta kuvvette, Marmara, Kuzey Ege k\u0131y\u0131lar\u0131 ile gece saatlerinde Bat\u0131 Akdeniz&#8217;in i\u00e7 kesimlerinde kuzey ve kuzeydo\u011fu y\u00f6nlerden kuvvetli ve k\u0131sa s\u00fcreli f\u0131rt\u0131na (40-70 km\/saat) \u015feklinde esmesi bekleniyor.<\/p>\n<p>Do\u011fu Karadeniz\u2019in i\u00e7 kesimlerinin y\u00fcksekleri ile Do\u011fu Anadolu\u2019nun y\u00fcksek ve dik yama\u00e7lar\u0131nda \u00e7\u0131\u011f tehlikesi bulunuyor.<br \/>\nMeteoroloji ya\u011f\u0131\u015f ve f\u0131rt\u0131naya y\u00f6nelik &#8216;kuvvetli&#8217; uyar\u0131lar\u0131n\u0131n yan\u0131 s\u0131ra \u00e7\u0131\u011f tehlikesi ile buzlanma ve don uyar\u0131lar\u0131na kar\u015f\u0131 da ya\u015fanabilecek olumsuzluklara kar\u015f\u0131 dikkatli ve tedbirli olunmas\u0131n\u0131 istedi.\u00a0<\/p>\n<p>\u200bHaberin Al\u0131nt\u0131land\u0131\u011f\u0131 Kaynak: www.iskenderun.org<\/p>","protected":false},"excerpt":{"rendered":"<p>Hava s\u0131cakl\u0131\u011f\u0131n\u0131n, kuzey ve i\u00e7 kesimlerde 3 ila 5 derece azalaca\u011f\u0131 meteorolojik rapora g\u00f6re, T\u00fcrkiye genelinin par\u00e7al\u0131 ve \u00e7ok bulutlu, Marmara (\u00c7anakkale hari\u00e7), \u0130\u00e7 Ege, Orta ve Do\u011fu Akdeniz, \u0130\u00e7 Anadolu, Karadeniz, Do\u011fu ve G\u00fcneydo\u011fu Anadolu ile Isparta \u00e7evrelerinin aral\u0131kl\u0131 ya\u011f\u0131\u015fl\u0131 ge\u00e7ece\u011fi tahmin ediliyor. Karadeniz \u00fczerinden gelecek so\u011fuk hava ile birlikte kar ya\u011f\u0131\u015f\u0131 \u0130stanbul&#8217;un kuzey ve do\u011fu b\u00f6lgelerinde 4 g\u00fcn boyunca daha etkili olacak.ANKARA (\u0130GFA) &#8211; Meteoroloji Genel M\u00fcd\u00fcrl\u00fc\u011f\u00fc, 19 \u015eubat \u00c7ar\u015famba g\u00fcn\u00fcne ili\u015fkin hava tahmin raporunu yay\u0131mlad\u0131. Buna g\u00f6re T\u00fcrkiye genelinin par\u00e7al\u0131 ve \u00e7ok bulutlu, Marmara (\u00c7anakkale hari\u00e7), \u0130\u00e7 Ege, Orta ve Do\u011fu Akdeniz, \u0130\u00e7 Anadolu, Karadeniz, Do\u011fu ve G\u00fcneydo\u011fu Anadolu ile Isparta \u00e7evrelerinin aral\u0131kl\u0131 ya\u011f\u0131\u015fl\u0131 ge\u00e7ece\u011fi tahmin ediliyor. Ya\u011f\u0131\u015flar\u0131n Orta ve Do\u011fu Akdeniz, G\u00fcneydo\u011fu Anadolu ile ak\u015fam saatlerine kadar Orta ve Do\u011fu Karadeniz k\u0131y\u0131lar\u0131nda ya\u011fmur ve sa\u011fanak, ya\u011f\u0131\u015f alan di\u011fer yerlerde karla kar\u0131\u015f\u0131k ya\u011fmur ve kar \u015feklinde olmas\u0131 bekleniyor. Ya\u011f\u0131\u015flar\u0131n Do\u011fu Karadeniz, Do\u011fu Anadolu&#8217;nun bat\u0131s\u0131 ile K\u0131rklareli, Adana&#8217;n\u0131n g\u00fcneyi, Hatay, Mu\u015f&#8217;un bat\u0131 kesimleri, Ardahan, Kars ve Erzurum \u00e7evrelerinde kuvvetli olaca\u011f\u0131 tahmin edilirken, \u00fclkenin kuzey, i\u00e7 ve do\u011fu kesimlerde buzlanma ve don olay\u0131 bekleniyor. Genellikle g\u00fcneyli, zamanla yurdun bat\u0131 kesimlerinde kuzeyli y\u00f6nlerden, hafif, ara s\u0131ra orta kuvvette, Marmara, Kuzey Ege k\u0131y\u0131lar\u0131 ile gece saatlerinde Bat\u0131 Akdeniz&#8217;in i\u00e7 kesimlerinde kuzey &hellip;<\/p>","protected":false},"author":1,"featured_media":0,"comment_status":"open","ping_status":"open","sticky":false,"template":"","format":"standard","meta":{"_acf_changed":false,"footnotes":""},"categories":[24],"tags":[],"class_list":["post-33470","post","type-post","status-publish","format-standard","has-post-thumbnail","hentry","category-gundem"],"acf":[],"yoast_head":"<!-- This site is optimized with the Yoast SEO Premium plugin v26.6 (Yoast SEO v27.1.1) - https:\/\/yoast.com\/product\/yoast-seo-premium-wordpress\/ -->\n<title>Kuvvetli uyar\u0131lar yap\u0131ld\u0131! So\u011fuk, ya\u011f\u0131\u015f, kar, buz... Etkisi bir hafta s\u00fcrecek - Av. Deniz Can K\u0131z\u0131l<\/title>\n<meta name=\"robots\" content=\"index, follow, max-snippet:-1, max-image-preview:large, max-video-preview:-1\" \/>\n<link rel=\"canonical\" href=\"https:\/\/denizcankizil.tr\/en\/haberler\/gundem\/kuvvetli-uyarilar-yapildi-soguk-yagis-kar-buz-etkisi-bir-hafta-surecek\/\" \/>\n<meta property=\"og:locale\" content=\"en_GB\" \/>\n<meta property=\"og:type\" content=\"article\" \/>\n<meta property=\"og:title\" content=\"Kuvvetli uyar\u0131lar yap\u0131ld\u0131! So\u011fuk, ya\u011f\u0131\u015f, kar, buz... Etkisi bir hafta s\u00fcrecek\" \/>\n<meta property=\"og:description\" content=\"Hava s\u0131cakl\u0131\u011f\u0131n\u0131n, kuzey ve i\u00e7 kesimlerde 3 ila 5 derece azalaca\u011f\u0131 meteorolojik rapora g\u00f6re, T\u00fcrkiye genelinin par\u00e7al\u0131 ve \u00e7ok bulutlu, Marmara (\u00c7anakkale hari\u00e7), \u0130\u00e7 Ege, Orta ve Do\u011fu Akdeniz, \u0130\u00e7 Anadolu, Karadeniz, Do\u011fu ve G\u00fcneydo\u011fu Anadolu ile Isparta \u00e7evrelerinin aral\u0131kl\u0131 ya\u011f\u0131\u015fl\u0131 ge\u00e7ece\u011fi tahmin ediliyor. Karadeniz \u00fczerinden gelecek so\u011fuk hava ile birlikte kar ya\u011f\u0131\u015f\u0131 \u0130stanbul&#8217;un kuzey ve do\u011fu b\u00f6lgelerinde 4 g\u00fcn boyunca daha etkili olacak.ANKARA (\u0130GFA) &#8211; Meteoroloji Genel M\u00fcd\u00fcrl\u00fc\u011f\u00fc, 19 \u015eubat \u00c7ar\u015famba g\u00fcn\u00fcne ili\u015fkin hava tahmin raporunu yay\u0131mlad\u0131. Buna g\u00f6re T\u00fcrkiye genelinin par\u00e7al\u0131 ve \u00e7ok bulutlu, Marmara (\u00c7anakkale hari\u00e7), \u0130\u00e7 Ege, Orta ve Do\u011fu Akdeniz, \u0130\u00e7 Anadolu, Karadeniz, Do\u011fu ve G\u00fcneydo\u011fu Anadolu ile Isparta \u00e7evrelerinin aral\u0131kl\u0131 ya\u011f\u0131\u015fl\u0131 ge\u00e7ece\u011fi tahmin ediliyor. Ya\u011f\u0131\u015flar\u0131n Orta ve Do\u011fu Akdeniz, G\u00fcneydo\u011fu Anadolu ile ak\u015fam saatlerine kadar Orta ve Do\u011fu Karadeniz k\u0131y\u0131lar\u0131nda ya\u011fmur ve sa\u011fanak, ya\u011f\u0131\u015f alan di\u011fer yerlerde karla kar\u0131\u015f\u0131k ya\u011fmur ve kar \u015feklinde olmas\u0131 bekleniyor. Ya\u011f\u0131\u015flar\u0131n Do\u011fu Karadeniz, Do\u011fu Anadolu&#8217;nun bat\u0131s\u0131 ile K\u0131rklareli, Adana&#8217;n\u0131n g\u00fcneyi, Hatay, Mu\u015f&#8217;un bat\u0131 kesimleri, Ardahan, Kars ve Erzurum \u00e7evrelerinde kuvvetli olaca\u011f\u0131 tahmin edilirken, \u00fclkenin kuzey, i\u00e7 ve do\u011fu kesimlerde buzlanma ve don olay\u0131 bekleniyor. Genellikle g\u00fcneyli, zamanla yurdun bat\u0131 kesimlerinde kuzeyli y\u00f6nlerden, hafif, ara s\u0131ra orta kuvvette, Marmara, Kuzey Ege k\u0131y\u0131lar\u0131 ile gece saatlerinde Bat\u0131 Akdeniz&#8217;in i\u00e7 kesimlerinde kuzey &hellip;\" \/>\n<meta property=\"og:url\" content=\"https:\/\/denizcankizil.tr\/en\/haberler\/gundem\/kuvvetli-uyarilar-yapildi-soguk-yagis-kar-buz-etkisi-bir-hafta-surecek\/\" \/>\n<meta property=\"og:site_name\" content=\"Av. Deniz Can K\u0131z\u0131l\" \/>\n<meta property=\"article:published_time\" content=\"2025-02-19T08:42:01+00:00\" \/>\n<meta name=\"author\" content=\"admin\" \/>\n<meta name=\"twitter:card\" content=\"summary_large_image\" \/>\n<meta name=\"twitter:label1\" content=\"Written by\" \/>\n\t<meta name=\"twitter:data1\" content=\"admin\" \/>\n\t<meta name=\"twitter:label2\" content=\"Estimated reading time\" \/>\n\t<meta name=\"twitter:data2\" content=\"3 minutes\" \/>\n<script type=\"application\/ld+json\" class=\"yoast-schema-graph\">{\"@context\":\"https:\/\/schema.org\",\"@graph\":[{\"@type\":\"Article\",\"@id\":\"https:\/\/denizcankizil.tr\/ru\/haberler\/gundem\/kuvvetli-uyarilar-yapildi-soguk-yagis-kar-buz-etkisi-bir-hafta-surecek\/#article\",\"isPartOf\":{\"@id\":\"https:\/\/denizcankizil.tr\/ru\/haberler\/gundem\/kuvvetli-uyarilar-yapildi-soguk-yagis-kar-buz-etkisi-bir-hafta-surecek\/\"},\"author\":{\"name\":\"admin\",\"@id\":\"https:\/\/denizcankizil.tr\/de\/#\/schema\/person\/be3c05fe6a12686905512445d8185489\"},\"headline\":\"Kuvvetli uyar\u0131lar yap\u0131ld\u0131! So\u011fuk, ya\u011f\u0131\u015f, kar, buz&#8230; Etkisi bir hafta s\u00fcrecek\",\"datePublished\":\"2025-02-19T08:42:01+00:00\",\"mainEntityOfPage\":{\"@id\":\"https:\/\/denizcankizil.tr\/ru\/haberler\/gundem\/kuvvetli-uyarilar-yapildi-soguk-yagis-kar-buz-etkisi-bir-hafta-surecek\/\"},\"wordCount\":705,\"commentCount\":0,\"publisher\":{\"@id\":\"https:\/\/denizcankizil.tr\/de\/#organization\"},\"articleSection\":[\"G\u00fcndem\"],\"inLanguage\":\"en-GB\",\"potentialAction\":[{\"@type\":\"CommentAction\",\"name\":\"Comment\",\"target\":[\"https:\/\/denizcankizil.tr\/ru\/haberler\/gundem\/kuvvetli-uyarilar-yapildi-soguk-yagis-kar-buz-etkisi-bir-hafta-surecek\/#respond\"]}]},{\"@type\":\"WebPage\",\"@id\":\"https:\/\/denizcankizil.tr\/ru\/haberler\/gundem\/kuvvetli-uyarilar-yapildi-soguk-yagis-kar-buz-etkisi-bir-hafta-surecek\/\",\"url\":\"https:\/\/denizcankizil.tr\/ru\/haberler\/gundem\/kuvvetli-uyarilar-yapildi-soguk-yagis-kar-buz-etkisi-bir-hafta-surecek\/\",\"name\":\"Kuvvetli uyar\u0131lar yap\u0131ld\u0131! So\u011fuk, ya\u011f\u0131\u015f, kar, buz... Etkisi bir hafta s\u00fcrecek - Av. Deniz Can K\u0131z\u0131l\",\"isPartOf\":{\"@id\":\"https:\/\/denizcankizil.tr\/de\/#website\"},\"datePublished\":\"2025-02-19T08:42:01+00:00\",\"breadcrumb\":{\"@id\":\"https:\/\/denizcankizil.tr\/ru\/haberler\/gundem\/kuvvetli-uyarilar-yapildi-soguk-yagis-kar-buz-etkisi-bir-hafta-surecek\/#breadcrumb\"},\"inLanguage\":\"en-GB\",\"potentialAction\":[{\"@type\":\"ReadAction\",\"target\":[\"https:\/\/denizcankizil.tr\/ru\/haberler\/gundem\/kuvvetli-uyarilar-yapildi-soguk-yagis-kar-buz-etkisi-bir-hafta-surecek\/\"]}]},{\"@type\":\"BreadcrumbList\",\"@id\":\"https:\/\/denizcankizil.tr\/ru\/haberler\/gundem\/kuvvetli-uyarilar-yapildi-soguk-yagis-kar-buz-etkisi-bir-hafta-surecek\/#breadcrumb\",\"itemListElement\":[{\"@type\":\"ListItem\",\"position\":1,\"name\":\"Home\",\"item\":\"https:\/\/denizcankizil.tr\/de\/\"},{\"@type\":\"ListItem\",\"position\":2,\"name\":\"Kuvvetli uyar\u0131lar yap\u0131ld\u0131! So\u011fuk, ya\u011f\u0131\u015f, kar, buz&#8230; Etkisi bir hafta s\u00fcrecek\"}]},{\"@type\":\"WebSite\",\"@id\":\"https:\/\/denizcankizil.tr\/de\/#website\",\"url\":\"https:\/\/denizcankizil.tr\/de\/\",\"name\":\"Av. Deniz Can K\u0131z\u0131l\",\"description\":\"Avukat Deniz Can K\u0131z\u0131l Antalya Barosu\",\"publisher\":{\"@id\":\"https:\/\/denizcankizil.tr\/de\/#organization\"},\"potentialAction\":[{\"@type\":\"SearchAction\",\"target\":{\"@type\":\"EntryPoint\",\"urlTemplate\":\"https:\/\/denizcankizil.tr\/de\/?s={search_term_string}\"},\"query-input\":{\"@type\":\"PropertyValueSpecification\",\"valueRequired\":true,\"valueName\":\"search_term_string\"}}],\"inLanguage\":\"en-GB\"},{\"@type\":\"Organization\",\"@id\":\"https:\/\/denizcankizil.tr\/de\/#organization\",\"name\":\"Av. Deniz Can K\u0131z\u0131l\",\"url\":\"https:\/\/denizcankizil.tr\/de\/\",\"logo\":{\"@type\":\"ImageObject\",\"inLanguage\":\"en-GB\",\"@id\":\"https:\/\/denizcankizil.tr\/de\/#\/schema\/logo\/image\/\",\"url\":\"https:\/\/denizcankizil.tr\/wp-content\/uploads\/2024\/10\/siyah-logo-svg.svg\",\"contentUrl\":\"https:\/\/denizcankizil.tr\/wp-content\/uploads\/2024\/10\/siyah-logo-svg.svg\",\"width\":1080,\"height\":1080,\"caption\":\"Av. Deniz Can K\u0131z\u0131l\"},\"image\":{\"@id\":\"https:\/\/denizcankizil.tr\/de\/#\/schema\/logo\/image\/\"}},{\"@type\":\"Person\",\"@id\":\"https:\/\/denizcankizil.tr\/de\/#\/schema\/person\/be3c05fe6a12686905512445d8185489\",\"name\":\"admin\",\"image\":{\"@type\":\"ImageObject\",\"inLanguage\":\"en-GB\",\"@id\":\"https:\/\/denizcankizil.tr\/de\/#\/schema\/person\/image\/\",\"url\":\"https:\/\/secure.gravatar.com\/avatar\/c1fce94c830dc79107e174f890d7210541c4a63e8e5d816341794a2151c9d58c?s=96&d=mm&r=g\",\"contentUrl\":\"https:\/\/secure.gravatar.com\/avatar\/c1fce94c830dc79107e174f890d7210541c4a63e8e5d816341794a2151c9d58c?s=96&d=mm&r=g\",\"caption\":\"admin\"},\"sameAs\":[\"http:\/\/denizcankizil.tr\"],\"url\":\"https:\/\/www.iskenderun.org\/kuvvetli-uyarilar-yapildi-soguk-yagis-kar-buz-etkisi-bir-hafta-surecek\"}]}<\/script>\n<!-- \/ Yoast SEO Premium plugin. -->","yoast_head_json":{"title":"Kuvvetli uyar\u0131lar yap\u0131ld\u0131! So\u011fuk, ya\u011f\u0131\u015f, kar, buz... Etkisi bir hafta s\u00fcrecek - Av. Deniz Can K\u0131z\u0131l","robots":{"index":"index","follow":"follow","max-snippet":"max-snippet:-1","max-image-preview":"max-image-preview:large","max-video-preview":"max-video-preview:-1"},"canonical":"https:\/\/denizcankizil.tr\/en\/haberler\/gundem\/kuvvetli-uyarilar-yapildi-soguk-yagis-kar-buz-etkisi-bir-hafta-surecek\/","og_locale":"en_GB","og_type":"article","og_title":"Kuvvetli uyar\u0131lar yap\u0131ld\u0131! So\u011fuk, ya\u011f\u0131\u015f, kar, buz... Etkisi bir hafta s\u00fcrecek","og_description":"Hava s\u0131cakl\u0131\u011f\u0131n\u0131n, kuzey ve i\u00e7 kesimlerde 3 ila 5 derece azalaca\u011f\u0131 meteorolojik rapora g\u00f6re, T\u00fcrkiye genelinin par\u00e7al\u0131 ve \u00e7ok bulutlu, Marmara (\u00c7anakkale hari\u00e7), \u0130\u00e7 Ege, Orta ve Do\u011fu Akdeniz, \u0130\u00e7 Anadolu, Karadeniz, Do\u011fu ve G\u00fcneydo\u011fu Anadolu ile Isparta \u00e7evrelerinin aral\u0131kl\u0131 ya\u011f\u0131\u015fl\u0131 ge\u00e7ece\u011fi tahmin ediliyor. Karadeniz \u00fczerinden gelecek so\u011fuk hava ile birlikte kar ya\u011f\u0131\u015f\u0131 \u0130stanbul&#8217;un kuzey ve do\u011fu b\u00f6lgelerinde 4 g\u00fcn boyunca daha etkili olacak.ANKARA (\u0130GFA) &#8211; Meteoroloji Genel M\u00fcd\u00fcrl\u00fc\u011f\u00fc, 19 \u015eubat \u00c7ar\u015famba g\u00fcn\u00fcne ili\u015fkin hava tahmin raporunu yay\u0131mlad\u0131. Buna g\u00f6re T\u00fcrkiye genelinin par\u00e7al\u0131 ve \u00e7ok bulutlu, Marmara (\u00c7anakkale hari\u00e7), \u0130\u00e7 Ege, Orta ve Do\u011fu Akdeniz, \u0130\u00e7 Anadolu, Karadeniz, Do\u011fu ve G\u00fcneydo\u011fu Anadolu ile Isparta \u00e7evrelerinin aral\u0131kl\u0131 ya\u011f\u0131\u015fl\u0131 ge\u00e7ece\u011fi tahmin ediliyor. Ya\u011f\u0131\u015flar\u0131n Orta ve Do\u011fu Akdeniz, G\u00fcneydo\u011fu Anadolu ile ak\u015fam saatlerine kadar Orta ve Do\u011fu Karadeniz k\u0131y\u0131lar\u0131nda ya\u011fmur ve sa\u011fanak, ya\u011f\u0131\u015f alan di\u011fer yerlerde karla kar\u0131\u015f\u0131k ya\u011fmur ve kar \u015feklinde olmas\u0131 bekleniyor. Ya\u011f\u0131\u015flar\u0131n Do\u011fu Karadeniz, Do\u011fu Anadolu&#8217;nun bat\u0131s\u0131 ile K\u0131rklareli, Adana&#8217;n\u0131n g\u00fcneyi, Hatay, Mu\u015f&#8217;un bat\u0131 kesimleri, Ardahan, Kars ve Erzurum \u00e7evrelerinde kuvvetli olaca\u011f\u0131 tahmin edilirken, \u00fclkenin kuzey, i\u00e7 ve do\u011fu kesimlerde buzlanma ve don olay\u0131 bekleniyor. Genellikle g\u00fcneyli, zamanla yurdun bat\u0131 kesimlerinde kuzeyli y\u00f6nlerden, hafif, ara s\u0131ra orta kuvvette, Marmara, Kuzey Ege k\u0131y\u0131lar\u0131 ile gece saatlerinde Bat\u0131 Akdeniz&#8217;in i\u00e7 kesimlerinde kuzey &hellip;","og_url":"https:\/\/denizcankizil.tr\/en\/haberler\/gundem\/kuvvetli-uyarilar-yapildi-soguk-yagis-kar-buz-etkisi-bir-hafta-surecek\/","og_site_name":"Av. Deniz Can K\u0131z\u0131l","article_published_time":"2025-02-19T08:42:01+00:00","author":"admin","twitter_card":"summary_large_image","twitter_misc":{"Written by":"admin","Estimated reading time":"3 minutes"},"schema":{"@context":"https:\/\/schema.org","@graph":[{"@type":"Article","@id":"https:\/\/denizcankizil.tr\/ru\/haberler\/gundem\/kuvvetli-uyarilar-yapildi-soguk-yagis-kar-buz-etkisi-bir-hafta-surecek\/#article","isPartOf":{"@id":"https:\/\/denizcankizil.tr\/ru\/haberler\/gundem\/kuvvetli-uyarilar-yapildi-soguk-yagis-kar-buz-etkisi-bir-hafta-surecek\/"},"author":{"name":"admin","@id":"https:\/\/denizcankizil.tr\/de\/#\/schema\/person\/be3c05fe6a12686905512445d8185489"},"headline":"Kuvvetli uyar\u0131lar yap\u0131ld\u0131! So\u011fuk, ya\u011f\u0131\u015f, kar, buz&#8230; Etkisi bir hafta s\u00fcrecek","datePublished":"2025-02-19T08:42:01+00:00","mainEntityOfPage":{"@id":"https:\/\/denizcankizil.tr\/ru\/haberler\/gundem\/kuvvetli-uyarilar-yapildi-soguk-yagis-kar-buz-etkisi-bir-hafta-surecek\/"},"wordCount":705,"commentCount":0,"publisher":{"@id":"https:\/\/denizcankizil.tr\/de\/#organization"},"articleSection":["G\u00fcndem"],"inLanguage":"en-GB","potentialAction":[{"@type":"CommentAction","name":"Comment","target":["https:\/\/denizcankizil.tr\/ru\/haberler\/gundem\/kuvvetli-uyarilar-yapildi-soguk-yagis-kar-buz-etkisi-bir-hafta-surecek\/#respond"]}]},{"@type":"WebPage","@id":"https:\/\/denizcankizil.tr\/ru\/haberler\/gundem\/kuvvetli-uyarilar-yapildi-soguk-yagis-kar-buz-etkisi-bir-hafta-surecek\/","url":"https:\/\/denizcankizil.tr\/ru\/haberler\/gundem\/kuvvetli-uyarilar-yapildi-soguk-yagis-kar-buz-etkisi-bir-hafta-surecek\/","name":"Kuvvetli uyar\u0131lar yap\u0131ld\u0131! So\u011fuk, ya\u011f\u0131\u015f, kar, buz... Etkisi bir hafta s\u00fcrecek - Av. Deniz Can K\u0131z\u0131l","isPartOf":{"@id":"https:\/\/denizcankizil.tr\/de\/#website"},"datePublished":"2025-02-19T08:42:01+00:00","breadcrumb":{"@id":"https:\/\/denizcankizil.tr\/ru\/haberler\/gundem\/kuvvetli-uyarilar-yapildi-soguk-yagis-kar-buz-etkisi-bir-hafta-surecek\/#breadcrumb"},"inLanguage":"en-GB","potentialAction":[{"@type":"ReadAction","target":["https:\/\/denizcankizil.tr\/ru\/haberler\/gundem\/kuvvetli-uyarilar-yapildi-soguk-yagis-kar-buz-etkisi-bir-hafta-surecek\/"]}]},{"@type":"BreadcrumbList","@id":"https:\/\/denizcankizil.tr\/ru\/haberler\/gundem\/kuvvetli-uyarilar-yapildi-soguk-yagis-kar-buz-etkisi-bir-hafta-surecek\/#breadcrumb","itemListElement":[{"@type":"ListItem","position":1,"name":"Home","item":"https:\/\/denizcankizil.tr\/de\/"},{"@type":"ListItem","position":2,"name":"Kuvvetli uyar\u0131lar yap\u0131ld\u0131! So\u011fuk, ya\u011f\u0131\u015f, kar, buz&#8230; Etkisi bir hafta s\u00fcrecek"}]},{"@type":"WebSite","@id":"https:\/\/denizcankizil.tr\/de\/#website","url":"https:\/\/denizcankizil.tr\/de\/","name":"Av. Deniz Can K\u0131z\u0131l","description":"Avukat Deniz Can K\u0131z\u0131l Antalya Barosu","publisher":{"@id":"https:\/\/denizcankizil.tr\/de\/#organization"},"potentialAction":[{"@type":"SearchAction","target":{"@type":"EntryPoint","urlTemplate":"https:\/\/denizcankizil.tr\/de\/?s={search_term_string}"},"query-input":{"@type":"PropertyValueSpecification","valueRequired":true,"valueName":"search_term_string"}}],"inLanguage":"en-GB"},{"@type":"Organization","@id":"https:\/\/denizcankizil.tr\/de\/#organization","name":"Av. Deniz Can K\u0131z\u0131l","url":"https:\/\/denizcankizil.tr\/de\/","logo":{"@type":"ImageObject","inLanguage":"en-GB","@id":"https:\/\/denizcankizil.tr\/de\/#\/schema\/logo\/image\/","url":"https:\/\/denizcankizil.tr\/wp-content\/uploads\/2024\/10\/siyah-logo-svg.svg","contentUrl":"https:\/\/denizcankizil.tr\/wp-content\/uploads\/2024\/10\/siyah-logo-svg.svg","width":1080,"height":1080,"caption":"Av. Deniz Can K\u0131z\u0131l"},"image":{"@id":"https:\/\/denizcankizil.tr\/de\/#\/schema\/logo\/image\/"}},{"@type":"Person","@id":"https:\/\/denizcankizil.tr\/de\/#\/schema\/person\/be3c05fe6a12686905512445d8185489","name":"admin","image":{"@type":"ImageObject","inLanguage":"en-GB","@id":"https:\/\/denizcankizil.tr\/de\/#\/schema\/person\/image\/","url":"https:\/\/secure.gravatar.com\/avatar\/c1fce94c830dc79107e174f890d7210541c4a63e8e5d816341794a2151c9d58c?s=96&d=mm&r=g","contentUrl":"https:\/\/secure.gravatar.com\/avatar\/c1fce94c830dc79107e174f890d7210541c4a63e8e5d816341794a2151c9d58c?s=96&d=mm&r=g","caption":"admin"},"sameAs":["http:\/\/denizcankizil.tr"],"url":"https:\/\/www.iskenderun.org\/kuvvetli-uyarilar-yapildi-soguk-yagis-kar-buz-etkisi-bir-hafta-surecek"}]}},"_links":{"self":[{"href":"https:\/\/denizcankizil.tr\/en\/wp-json\/wp\/v2\/posts\/33470","targetHints":{"allow":["GET"]}}],"collection":[{"href":"https:\/\/denizcankizil.tr\/en\/wp-json\/wp\/v2\/posts"}],"about":[{"href":"https:\/\/denizcankizil.tr\/en\/wp-json\/wp\/v2\/types\/post"}],"author":[{"embeddable":true,"href":"https:\/\/denizcankizil.tr\/en\/wp-json\/wp\/v2\/users\/1"}],"replies":[{"embeddable":true,"href":"https:\/\/denizcankizil.tr\/en\/wp-json\/wp\/v2\/comments?post=33470"}],"version-history":[{"count":0,"href":"https:\/\/denizcankizil.tr\/en\/wp-json\/wp\/v2\/posts\/33470\/revisions"}],"wp:attachment":[{"href":"https:\/\/denizcankizil.tr\/en\/wp-json\/wp\/v2\/media?parent=33470"}],"wp:term":[{"taxonomy":"category","embeddable":true,"href":"https:\/\/denizcankizil.tr\/en\/wp-json\/wp\/v2\/categories?post=33470"},{"taxonomy":"post_tag","embeddable":true,"href":"https:\/\/denizcankizil.tr\/en\/wp-json\/wp\/v2\/tags?post=33470"}],"curies":[{"name":"wp","href":"https:\/\/api.w.org\/{rel}","templated":true}]}}