{"id":33467,"date":"2025-02-19T11:41:58","date_gmt":"2025-02-19T08:41:58","guid":{"rendered":"https:\/\/denizcankizil.tr\/uncategorized-tr\/akut-vakfindan-hataya-saglikli-destek\/"},"modified":"2025-02-19T11:41:58","modified_gmt":"2025-02-19T08:41:58","slug":"akut-vakfindan-hataya-saglikli-destek","status":"publish","type":"post","link":"https:\/\/denizcankizil.tr\/en\/haberler\/gundem\/akut-vakfindan-hataya-saglikli-destek\/","title":{"rendered":"AKUT Vakf\u0131&#8217;ndan Hatay&#8217;a &#8216;sa\u011fl\u0131kl\u0131&#8217; destek"},"content":{"rendered":"<p>AKUT VAKFI, 6 \u015eubat 2023 depremlerinin ard\u0131ndan afet b\u00f6lgelerindeki iyile\u015fme s\u00fcrecini desteklemek i\u00e7in y\u00fcr\u00fctt\u00fc\u011f\u00fc projelere bir yenisini daha ekliyor.  Vak\u0131f, ba\u011f\u0131\u015f\u00e7\u0131lar\u0131n\u0131n destekleriyle, Hatay&#8217;\u0131n Arsuz il\u00e7esinde 4 hekimli Aile Sa\u011fl\u0131\u011f\u0131 Merkezi in\u015fa ediyor.\u0130STANBUL (\u0130GFA) &#8211; AKUT VAKFI, 6 \u015eubat 2023&#8217;te meydana gelen depremlerin \u00fczerinden ge\u00e7en iki y\u0131l\u0131n ard\u0131ndan, afetin etkilerini hafifletmek ve b\u00f6lgedeki iyile\u015fme s\u00fcrecini desteklemek amac\u0131yla \u00e7al\u0131\u015fmalar\u0131na devam ediyor.<br \/>\nAKUT VAKFI hayata ge\u00e7irdi\u011fi projelerle insani yard\u0131mdan, hijyen hizmetlerine, g\u00f6n\u00fcll\u00fc arama kurtarma ekipleri i\u00e7in ki\u015fisel koruyucu malzeme deste\u011finden, sa\u011fl\u0131k ve e\u011fitim \u00e7al\u0131\u015fmalar\u0131na kadar farkl\u0131 alanlarda y\u00fcr\u00fct\u00fclen projelerin yan\u0131nda, afet sonras\u0131 destek \u00e7al\u0131\u015fmalar\u0131n\u0131 Aile Sa\u011fl\u0131\u011f\u0131 Merkezi ile devam ettiriyor.<br \/>\nDeprem b\u00f6lgesinde sa\u011fl\u0131k hizmetlerine eri\u015fimi art\u0131rmay\u0131 ama\u00e7layan merkez, \u00e7elik ta\u015f\u0131y\u0131c\u0131 sistemle tek katl\u0131 olarak in\u015fa edilecek ve 250 m\u00b2 kapal\u0131 alana sahip olacak. Hatay Valili\u011fi, Hatay \u0130l Sa\u011fl\u0131k M\u00fcd\u00fcrl\u00fc\u011f\u00fc, Arsuz Kaymakaml\u0131\u011f\u0131 ve Arsuz Belediyesi i\u015f birli\u011fiyle y\u00fcr\u00fct\u00fclen proje, tamamland\u0131\u011f\u0131nda T.C. Sa\u011fl\u0131k Bakanl\u0131\u011f\u0131&#8217;na devredilecek. 6 \u015eubat depremlerinin ikinci y\u0131ld\u00f6n\u00fcm\u00fcnde beton d\u00f6kme t\u00f6reninin ger\u00e7ekle\u015ftirildi\u011fi merkezin Nisan 2025 itibar\u0131yla hizmete girmesi ve b\u00f6lge halk\u0131na uzun vadeli bir sa\u011fl\u0131k deste\u011fi sunmas\u0131 planlan\u0131yor.<\/p>\n<p>Afet sonras\u0131 sadece fiziksel yeniden yap\u0131lanmay\u0131 de\u011fil, b\u00f6lge halk\u0131n\u0131n ya\u015fam kalitesini art\u0131rmay\u0131 da hedefleyen projeler geli\u015ftiren AKUT VAKFI&#8217;n\u0131n Y\u00f6netim Kurulu Ba\u015fkan\u0131 Ali Nasuh Mahruki, projenin \u00f6nemine dikkat \u00e7ekti. Mahruki, depremin ilk g\u00fcn\u00fcnden itibaren Hatay&#8217;day\u0131z ve b\u00f6lgedeki dayan\u0131\u015fmay\u0131 b\u00fcy\u00fctmeye devam ediyoruz. Sa\u011fl\u0131k, e\u011fitim ve toplumsal iyile\u015fme konular\u0131nda uzun vadeli \u00e7\u00f6z\u00fcmler \u00fcretmek en b\u00fcy\u00fck \u00f6ncelikleri oldu\u011funu belirterek, &#8220;AKUT VAKFI olarak, b\u00f6lge halk\u0131n\u0131 yaln\u0131z b\u0131rakmamak i\u00e7in \u00e7al\u0131\u015fmalar\u0131m\u0131z\u0131 s\u00fcrd\u00fcrece\u011fiz. Sadece acil durumlarda de\u011fil, afet sonras\u0131 iyile\u015fme s\u00fcrecinde de toplumsal dayan\u0131\u015fmay\u0131 g\u00fc\u00e7lendiren projeler geli\u015ftirmeye devam edece\u011fiz&#8221; mesaj\u0131n\u0131 verdi.<\/p>\n<p>\u200bAKUT VAKFI, 6 \u015eubat 2023 depremlerinin ard\u0131ndan afet b\u00f6lgelerindeki iyile\u015fme s\u00fcrecini desteklemek i\u00e7in y\u00fcr\u00fctt\u00fc\u011f\u00fc projelere bir yenisini daha ekliyor.  Vak\u0131f, ba\u011f\u0131\u015f\u00e7\u0131lar\u0131n\u0131n destekleriyle, Hatay&#8217;\u0131n Arsuz il\u00e7esinde 4 hekimli Aile Sa\u011fl\u0131\u011f\u0131 Merkezi in\u015fa ediyor.\u0130STANBUL (\u0130GFA) &#8211; AKUT VAKFI, 6 \u015eubat 2023&#8217;te meydana gelen depremlerin \u00fczerinden ge\u00e7en iki y\u0131l\u0131n ard\u0131ndan, afetin etkilerini hafifletmek ve b\u00f6lgedeki iyile\u015fme s\u00fcrecini desteklemek amac\u0131yla \u00e7al\u0131\u015fmalar\u0131na devam ediyor.<br \/>\nAKUT VAKFI hayata ge\u00e7irdi\u011fi projelerle insani yard\u0131mdan, hijyen hizmetlerine, g\u00f6n\u00fcll\u00fc arama kurtarma ekipleri i\u00e7in ki\u015fisel koruyucu malzeme deste\u011finden, sa\u011fl\u0131k ve e\u011fitim \u00e7al\u0131\u015fmalar\u0131na kadar farkl\u0131 alanlarda y\u00fcr\u00fct\u00fclen projelerin yan\u0131nda, afet sonras\u0131 destek \u00e7al\u0131\u015fmalar\u0131n\u0131 Aile Sa\u011fl\u0131\u011f\u0131 Merkezi ile devam ettiriyor.<br \/>\nDeprem b\u00f6lgesinde sa\u011fl\u0131k hizmetlerine eri\u015fimi art\u0131rmay\u0131 ama\u00e7layan merkez, \u00e7elik ta\u015f\u0131y\u0131c\u0131 sistemle tek katl\u0131 olarak in\u015fa edilecek ve 250 m\u00b2 kapal\u0131 alana sahip olacak. Hatay Valili\u011fi, Hatay \u0130l Sa\u011fl\u0131k M\u00fcd\u00fcrl\u00fc\u011f\u00fc, Arsuz Kaymakaml\u0131\u011f\u0131 ve Arsuz Belediyesi i\u015f birli\u011fiyle y\u00fcr\u00fct\u00fclen proje, tamamland\u0131\u011f\u0131nda T.C. Sa\u011fl\u0131k Bakanl\u0131\u011f\u0131&#8217;na devredilecek. 6 \u015eubat depremlerinin ikinci y\u0131ld\u00f6n\u00fcm\u00fcnde beton d\u00f6kme t\u00f6reninin ger\u00e7ekle\u015ftirildi\u011fi merkezin Nisan 2025 itibar\u0131yla hizmete girmesi ve b\u00f6lge halk\u0131na uzun vadeli bir sa\u011fl\u0131k deste\u011fi sunmas\u0131 planlan\u0131yor.<\/p>\n<p>Afet sonras\u0131 sadece fiziksel yeniden yap\u0131lanmay\u0131 de\u011fil, b\u00f6lge halk\u0131n\u0131n ya\u015fam kalitesini art\u0131rmay\u0131 da hedefleyen projeler geli\u015ftiren AKUT VAKFI&#8217;n\u0131n Y\u00f6netim Kurulu Ba\u015fkan\u0131 Ali Nasuh Mahruki, projenin \u00f6nemine dikkat \u00e7ekti. Mahruki, depremin ilk g\u00fcn\u00fcnden itibaren Hatay&#8217;day\u0131z ve b\u00f6lgedeki dayan\u0131\u015fmay\u0131 b\u00fcy\u00fctmeye devam ediyoruz. Sa\u011fl\u0131k, e\u011fitim ve toplumsal iyile\u015fme konular\u0131nda uzun vadeli \u00e7\u00f6z\u00fcmler \u00fcretmek en b\u00fcy\u00fck \u00f6ncelikleri oldu\u011funu belirterek, &#8220;AKUT VAKFI olarak, b\u00f6lge halk\u0131n\u0131 yaln\u0131z b\u0131rakmamak i\u00e7in \u00e7al\u0131\u015fmalar\u0131m\u0131z\u0131 s\u00fcrd\u00fcrece\u011fiz. Sadece acil durumlarda de\u011fil, afet sonras\u0131 iyile\u015fme s\u00fcrecinde de toplumsal dayan\u0131\u015fmay\u0131 g\u00fc\u00e7lendiren projeler geli\u015ftirmeye devam edece\u011fiz&#8221; mesaj\u0131n\u0131 verdi.\u00a0<\/p>\n<p>\u200bHaberin Al\u0131nt\u0131land\u0131\u011f\u0131 Kaynak: www.iskenderun.org<\/p>","protected":false},"excerpt":{"rendered":"<p>AKUT VAKFI, 6 \u015eubat 2023 depremlerinin ard\u0131ndan afet b\u00f6lgelerindeki iyile\u015fme s\u00fcrecini desteklemek i\u00e7in y\u00fcr\u00fctt\u00fc\u011f\u00fc projelere bir yenisini daha ekliyor. Vak\u0131f, ba\u011f\u0131\u015f\u00e7\u0131lar\u0131n\u0131n destekleriyle, Hatay&#8217;\u0131n Arsuz il\u00e7esinde 4 hekimli Aile Sa\u011fl\u0131\u011f\u0131 Merkezi in\u015fa ediyor.\u0130STANBUL (\u0130GFA) &#8211; AKUT VAKFI, 6 \u015eubat 2023&#8217;te meydana gelen depremlerin \u00fczerinden ge\u00e7en iki y\u0131l\u0131n ard\u0131ndan, afetin etkilerini hafifletmek ve b\u00f6lgedeki iyile\u015fme s\u00fcrecini desteklemek amac\u0131yla \u00e7al\u0131\u015fmalar\u0131na devam ediyor. AKUT VAKFI hayata ge\u00e7irdi\u011fi projelerle insani yard\u0131mdan, hijyen hizmetlerine, g\u00f6n\u00fcll\u00fc arama kurtarma ekipleri i\u00e7in ki\u015fisel koruyucu malzeme deste\u011finden, sa\u011fl\u0131k ve e\u011fitim \u00e7al\u0131\u015fmalar\u0131na kadar farkl\u0131 alanlarda y\u00fcr\u00fct\u00fclen projelerin yan\u0131nda, afet sonras\u0131 destek \u00e7al\u0131\u015fmalar\u0131n\u0131 Aile Sa\u011fl\u0131\u011f\u0131 Merkezi ile devam ettiriyor. Deprem b\u00f6lgesinde sa\u011fl\u0131k hizmetlerine eri\u015fimi art\u0131rmay\u0131 ama\u00e7layan merkez, \u00e7elik ta\u015f\u0131y\u0131c\u0131 sistemle tek katl\u0131 olarak in\u015fa edilecek ve 250 m\u00b2 kapal\u0131 alana sahip olacak. Hatay Valili\u011fi, Hatay \u0130l Sa\u011fl\u0131k M\u00fcd\u00fcrl\u00fc\u011f\u00fc, Arsuz Kaymakaml\u0131\u011f\u0131 ve Arsuz Belediyesi i\u015f birli\u011fiyle y\u00fcr\u00fct\u00fclen proje, tamamland\u0131\u011f\u0131nda T.C. Sa\u011fl\u0131k Bakanl\u0131\u011f\u0131&#8217;na devredilecek. 6 \u015eubat depremlerinin ikinci y\u0131ld\u00f6n\u00fcm\u00fcnde beton d\u00f6kme t\u00f6reninin ger\u00e7ekle\u015ftirildi\u011fi merkezin Nisan 2025 itibar\u0131yla hizmete girmesi ve b\u00f6lge halk\u0131na uzun vadeli bir sa\u011fl\u0131k deste\u011fi sunmas\u0131 planlan\u0131yor. Afet sonras\u0131 sadece fiziksel yeniden yap\u0131lanmay\u0131 de\u011fil, b\u00f6lge halk\u0131n\u0131n ya\u015fam kalitesini art\u0131rmay\u0131 da hedefleyen projeler geli\u015ftiren AKUT VAKFI&#8217;n\u0131n Y\u00f6netim Kurulu Ba\u015fkan\u0131 Ali Nasuh Mahruki, projenin \u00f6nemine dikkat \u00e7ekti. Mahruki, depremin ilk g\u00fcn\u00fcnden itibaren Hatay&#8217;day\u0131z ve &hellip;<\/p>","protected":false},"author":1,"featured_media":0,"comment_status":"open","ping_status":"open","sticky":false,"template":"","format":"standard","meta":{"_acf_changed":false,"footnotes":""},"categories":[24],"tags":[],"class_list":["post-33467","post","type-post","status-publish","format-standard","has-post-thumbnail","hentry","category-gundem"],"acf":[],"yoast_head":"<!-- This site is optimized with the Yoast SEO Premium plugin v26.6 (Yoast SEO v27.1.1) - https:\/\/yoast.com\/product\/yoast-seo-premium-wordpress\/ -->\n<title>AKUT Vakf\u0131&#039;ndan Hatay&#039;a &#039;sa\u011fl\u0131kl\u0131&#039; destek - Av. Deniz Can K\u0131z\u0131l<\/title>\n<meta name=\"robots\" content=\"index, follow, max-snippet:-1, max-image-preview:large, max-video-preview:-1\" \/>\n<link rel=\"canonical\" href=\"https:\/\/denizcankizil.tr\/en\/haberler\/gundem\/akut-vakfindan-hataya-saglikli-destek\/\" \/>\n<meta property=\"og:locale\" content=\"en_GB\" \/>\n<meta property=\"og:type\" content=\"article\" \/>\n<meta property=\"og:title\" content=\"AKUT Vakf\u0131&#039;ndan Hatay&#039;a &#039;sa\u011fl\u0131kl\u0131&#039; destek\" \/>\n<meta property=\"og:description\" content=\"AKUT VAKFI, 6 \u015eubat 2023 depremlerinin ard\u0131ndan afet b\u00f6lgelerindeki iyile\u015fme s\u00fcrecini desteklemek i\u00e7in y\u00fcr\u00fctt\u00fc\u011f\u00fc projelere bir yenisini daha ekliyor. Vak\u0131f, ba\u011f\u0131\u015f\u00e7\u0131lar\u0131n\u0131n destekleriyle, Hatay&#8217;\u0131n Arsuz il\u00e7esinde 4 hekimli Aile Sa\u011fl\u0131\u011f\u0131 Merkezi in\u015fa ediyor.\u0130STANBUL (\u0130GFA) &#8211; AKUT VAKFI, 6 \u015eubat 2023&#8217;te meydana gelen depremlerin \u00fczerinden ge\u00e7en iki y\u0131l\u0131n ard\u0131ndan, afetin etkilerini hafifletmek ve b\u00f6lgedeki iyile\u015fme s\u00fcrecini desteklemek amac\u0131yla \u00e7al\u0131\u015fmalar\u0131na devam ediyor. AKUT VAKFI hayata ge\u00e7irdi\u011fi projelerle insani yard\u0131mdan, hijyen hizmetlerine, g\u00f6n\u00fcll\u00fc arama kurtarma ekipleri i\u00e7in ki\u015fisel koruyucu malzeme deste\u011finden, sa\u011fl\u0131k ve e\u011fitim \u00e7al\u0131\u015fmalar\u0131na kadar farkl\u0131 alanlarda y\u00fcr\u00fct\u00fclen projelerin yan\u0131nda, afet sonras\u0131 destek \u00e7al\u0131\u015fmalar\u0131n\u0131 Aile Sa\u011fl\u0131\u011f\u0131 Merkezi ile devam ettiriyor. Deprem b\u00f6lgesinde sa\u011fl\u0131k hizmetlerine eri\u015fimi art\u0131rmay\u0131 ama\u00e7layan merkez, \u00e7elik ta\u015f\u0131y\u0131c\u0131 sistemle tek katl\u0131 olarak in\u015fa edilecek ve 250 m\u00b2 kapal\u0131 alana sahip olacak. Hatay Valili\u011fi, Hatay \u0130l Sa\u011fl\u0131k M\u00fcd\u00fcrl\u00fc\u011f\u00fc, Arsuz Kaymakaml\u0131\u011f\u0131 ve Arsuz Belediyesi i\u015f birli\u011fiyle y\u00fcr\u00fct\u00fclen proje, tamamland\u0131\u011f\u0131nda T.C. Sa\u011fl\u0131k Bakanl\u0131\u011f\u0131&#8217;na devredilecek. 6 \u015eubat depremlerinin ikinci y\u0131ld\u00f6n\u00fcm\u00fcnde beton d\u00f6kme t\u00f6reninin ger\u00e7ekle\u015ftirildi\u011fi merkezin Nisan 2025 itibar\u0131yla hizmete girmesi ve b\u00f6lge halk\u0131na uzun vadeli bir sa\u011fl\u0131k deste\u011fi sunmas\u0131 planlan\u0131yor. Afet sonras\u0131 sadece fiziksel yeniden yap\u0131lanmay\u0131 de\u011fil, b\u00f6lge halk\u0131n\u0131n ya\u015fam kalitesini art\u0131rmay\u0131 da hedefleyen projeler geli\u015ftiren AKUT VAKFI&#8217;n\u0131n Y\u00f6netim Kurulu Ba\u015fkan\u0131 Ali Nasuh Mahruki, projenin \u00f6nemine dikkat \u00e7ekti. Mahruki, depremin ilk g\u00fcn\u00fcnden itibaren Hatay&#8217;day\u0131z ve &hellip;\" \/>\n<meta property=\"og:url\" content=\"https:\/\/denizcankizil.tr\/en\/haberler\/gundem\/akut-vakfindan-hataya-saglikli-destek\/\" \/>\n<meta property=\"og:site_name\" content=\"Av. Deniz Can K\u0131z\u0131l\" \/>\n<meta property=\"article:published_time\" content=\"2025-02-19T08:41:58+00:00\" \/>\n<meta name=\"author\" content=\"admin\" \/>\n<meta name=\"twitter:card\" content=\"summary_large_image\" \/>\n<meta name=\"twitter:label1\" content=\"Written by\" \/>\n\t<meta name=\"twitter:data1\" content=\"admin\" \/>\n\t<meta name=\"twitter:label2\" content=\"Estimated reading time\" \/>\n\t<meta name=\"twitter:data2\" content=\"4 minutes\" \/>\n<script type=\"application\/ld+json\" class=\"yoast-schema-graph\">{\"@context\":\"https:\/\/schema.org\",\"@graph\":[{\"@type\":\"Article\",\"@id\":\"https:\/\/denizcankizil.tr\/en\/haberler\/gundem\/akut-vakfindan-hataya-saglikli-destek\/#article\",\"isPartOf\":{\"@id\":\"https:\/\/denizcankizil.tr\/en\/haberler\/gundem\/akut-vakfindan-hataya-saglikli-destek\/\"},\"author\":{\"name\":\"admin\",\"@id\":\"https:\/\/denizcankizil.tr\/de\/#\/schema\/person\/be3c05fe6a12686905512445d8185489\"},\"headline\":\"AKUT Vakf\u0131&#8217;ndan Hatay&#8217;a &#8216;sa\u011fl\u0131kl\u0131&#8217; destek\",\"datePublished\":\"2025-02-19T08:41:58+00:00\",\"mainEntityOfPage\":{\"@id\":\"https:\/\/denizcankizil.tr\/en\/haberler\/gundem\/akut-vakfindan-hataya-saglikli-destek\/\"},\"wordCount\":765,\"commentCount\":0,\"publisher\":{\"@id\":\"https:\/\/denizcankizil.tr\/de\/#organization\"},\"articleSection\":[\"G\u00fcndem\"],\"inLanguage\":\"en-GB\",\"potentialAction\":[{\"@type\":\"CommentAction\",\"name\":\"Comment\",\"target\":[\"https:\/\/denizcankizil.tr\/en\/haberler\/gundem\/akut-vakfindan-hataya-saglikli-destek\/#respond\"]}]},{\"@type\":\"WebPage\",\"@id\":\"https:\/\/denizcankizil.tr\/en\/haberler\/gundem\/akut-vakfindan-hataya-saglikli-destek\/\",\"url\":\"https:\/\/denizcankizil.tr\/en\/haberler\/gundem\/akut-vakfindan-hataya-saglikli-destek\/\",\"name\":\"AKUT Vakf\u0131'ndan Hatay'a 'sa\u011fl\u0131kl\u0131' destek - Av. Deniz Can K\u0131z\u0131l\",\"isPartOf\":{\"@id\":\"https:\/\/denizcankizil.tr\/de\/#website\"},\"datePublished\":\"2025-02-19T08:41:58+00:00\",\"breadcrumb\":{\"@id\":\"https:\/\/denizcankizil.tr\/en\/haberler\/gundem\/akut-vakfindan-hataya-saglikli-destek\/#breadcrumb\"},\"inLanguage\":\"en-GB\",\"potentialAction\":[{\"@type\":\"ReadAction\",\"target\":[\"https:\/\/denizcankizil.tr\/en\/haberler\/gundem\/akut-vakfindan-hataya-saglikli-destek\/\"]}]},{\"@type\":\"BreadcrumbList\",\"@id\":\"https:\/\/denizcankizil.tr\/en\/haberler\/gundem\/akut-vakfindan-hataya-saglikli-destek\/#breadcrumb\",\"itemListElement\":[{\"@type\":\"ListItem\",\"position\":1,\"name\":\"Home\",\"item\":\"https:\/\/denizcankizil.tr\/de\/\"},{\"@type\":\"ListItem\",\"position\":2,\"name\":\"AKUT Vakf\u0131&#8217;ndan Hatay&#8217;a &#8216;sa\u011fl\u0131kl\u0131&#8217; destek\"}]},{\"@type\":\"WebSite\",\"@id\":\"https:\/\/denizcankizil.tr\/de\/#website\",\"url\":\"https:\/\/denizcankizil.tr\/de\/\",\"name\":\"Av. Deniz Can K\u0131z\u0131l\",\"description\":\"Avukat Deniz Can K\u0131z\u0131l Antalya Barosu\",\"publisher\":{\"@id\":\"https:\/\/denizcankizil.tr\/de\/#organization\"},\"potentialAction\":[{\"@type\":\"SearchAction\",\"target\":{\"@type\":\"EntryPoint\",\"urlTemplate\":\"https:\/\/denizcankizil.tr\/de\/?s={search_term_string}\"},\"query-input\":{\"@type\":\"PropertyValueSpecification\",\"valueRequired\":true,\"valueName\":\"search_term_string\"}}],\"inLanguage\":\"en-GB\"},{\"@type\":\"Organization\",\"@id\":\"https:\/\/denizcankizil.tr\/de\/#organization\",\"name\":\"Av. Deniz Can K\u0131z\u0131l\",\"url\":\"https:\/\/denizcankizil.tr\/de\/\",\"logo\":{\"@type\":\"ImageObject\",\"inLanguage\":\"en-GB\",\"@id\":\"https:\/\/denizcankizil.tr\/de\/#\/schema\/logo\/image\/\",\"url\":\"https:\/\/denizcankizil.tr\/wp-content\/uploads\/2024\/10\/siyah-logo-svg.svg\",\"contentUrl\":\"https:\/\/denizcankizil.tr\/wp-content\/uploads\/2024\/10\/siyah-logo-svg.svg\",\"width\":1080,\"height\":1080,\"caption\":\"Av. Deniz Can K\u0131z\u0131l\"},\"image\":{\"@id\":\"https:\/\/denizcankizil.tr\/de\/#\/schema\/logo\/image\/\"}},{\"@type\":\"Person\",\"@id\":\"https:\/\/denizcankizil.tr\/de\/#\/schema\/person\/be3c05fe6a12686905512445d8185489\",\"name\":\"admin\",\"image\":{\"@type\":\"ImageObject\",\"inLanguage\":\"en-GB\",\"@id\":\"https:\/\/denizcankizil.tr\/de\/#\/schema\/person\/image\/\",\"url\":\"https:\/\/secure.gravatar.com\/avatar\/c1fce94c830dc79107e174f890d7210541c4a63e8e5d816341794a2151c9d58c?s=96&d=mm&r=g\",\"contentUrl\":\"https:\/\/secure.gravatar.com\/avatar\/c1fce94c830dc79107e174f890d7210541c4a63e8e5d816341794a2151c9d58c?s=96&d=mm&r=g\",\"caption\":\"admin\"},\"sameAs\":[\"http:\/\/denizcankizil.tr\"],\"url\":\"https:\/\/www.iskenderun.org\/akut-vakfindan-hataya-saglikli-destek\"}]}<\/script>\n<!-- \/ Yoast SEO Premium plugin. -->","yoast_head_json":{"title":"AKUT Vakf\u0131'ndan Hatay'a 'sa\u011fl\u0131kl\u0131' destek - Av. Deniz Can K\u0131z\u0131l","robots":{"index":"index","follow":"follow","max-snippet":"max-snippet:-1","max-image-preview":"max-image-preview:large","max-video-preview":"max-video-preview:-1"},"canonical":"https:\/\/denizcankizil.tr\/en\/haberler\/gundem\/akut-vakfindan-hataya-saglikli-destek\/","og_locale":"en_GB","og_type":"article","og_title":"AKUT Vakf\u0131'ndan Hatay'a 'sa\u011fl\u0131kl\u0131' destek","og_description":"AKUT VAKFI, 6 \u015eubat 2023 depremlerinin ard\u0131ndan afet b\u00f6lgelerindeki iyile\u015fme s\u00fcrecini desteklemek i\u00e7in y\u00fcr\u00fctt\u00fc\u011f\u00fc projelere bir yenisini daha ekliyor. Vak\u0131f, ba\u011f\u0131\u015f\u00e7\u0131lar\u0131n\u0131n destekleriyle, Hatay&#8217;\u0131n Arsuz il\u00e7esinde 4 hekimli Aile Sa\u011fl\u0131\u011f\u0131 Merkezi in\u015fa ediyor.\u0130STANBUL (\u0130GFA) &#8211; AKUT VAKFI, 6 \u015eubat 2023&#8217;te meydana gelen depremlerin \u00fczerinden ge\u00e7en iki y\u0131l\u0131n ard\u0131ndan, afetin etkilerini hafifletmek ve b\u00f6lgedeki iyile\u015fme s\u00fcrecini desteklemek amac\u0131yla \u00e7al\u0131\u015fmalar\u0131na devam ediyor. AKUT VAKFI hayata ge\u00e7irdi\u011fi projelerle insani yard\u0131mdan, hijyen hizmetlerine, g\u00f6n\u00fcll\u00fc arama kurtarma ekipleri i\u00e7in ki\u015fisel koruyucu malzeme deste\u011finden, sa\u011fl\u0131k ve e\u011fitim \u00e7al\u0131\u015fmalar\u0131na kadar farkl\u0131 alanlarda y\u00fcr\u00fct\u00fclen projelerin yan\u0131nda, afet sonras\u0131 destek \u00e7al\u0131\u015fmalar\u0131n\u0131 Aile Sa\u011fl\u0131\u011f\u0131 Merkezi ile devam ettiriyor. Deprem b\u00f6lgesinde sa\u011fl\u0131k hizmetlerine eri\u015fimi art\u0131rmay\u0131 ama\u00e7layan merkez, \u00e7elik ta\u015f\u0131y\u0131c\u0131 sistemle tek katl\u0131 olarak in\u015fa edilecek ve 250 m\u00b2 kapal\u0131 alana sahip olacak. Hatay Valili\u011fi, Hatay \u0130l Sa\u011fl\u0131k M\u00fcd\u00fcrl\u00fc\u011f\u00fc, Arsuz Kaymakaml\u0131\u011f\u0131 ve Arsuz Belediyesi i\u015f birli\u011fiyle y\u00fcr\u00fct\u00fclen proje, tamamland\u0131\u011f\u0131nda T.C. Sa\u011fl\u0131k Bakanl\u0131\u011f\u0131&#8217;na devredilecek. 6 \u015eubat depremlerinin ikinci y\u0131ld\u00f6n\u00fcm\u00fcnde beton d\u00f6kme t\u00f6reninin ger\u00e7ekle\u015ftirildi\u011fi merkezin Nisan 2025 itibar\u0131yla hizmete girmesi ve b\u00f6lge halk\u0131na uzun vadeli bir sa\u011fl\u0131k deste\u011fi sunmas\u0131 planlan\u0131yor. Afet sonras\u0131 sadece fiziksel yeniden yap\u0131lanmay\u0131 de\u011fil, b\u00f6lge halk\u0131n\u0131n ya\u015fam kalitesini art\u0131rmay\u0131 da hedefleyen projeler geli\u015ftiren AKUT VAKFI&#8217;n\u0131n Y\u00f6netim Kurulu Ba\u015fkan\u0131 Ali Nasuh Mahruki, projenin \u00f6nemine dikkat \u00e7ekti. Mahruki, depremin ilk g\u00fcn\u00fcnden itibaren Hatay&#8217;day\u0131z ve &hellip;","og_url":"https:\/\/denizcankizil.tr\/en\/haberler\/gundem\/akut-vakfindan-hataya-saglikli-destek\/","og_site_name":"Av. Deniz Can K\u0131z\u0131l","article_published_time":"2025-02-19T08:41:58+00:00","author":"admin","twitter_card":"summary_large_image","twitter_misc":{"Written by":"admin","Estimated reading time":"4 minutes"},"schema":{"@context":"https:\/\/schema.org","@graph":[{"@type":"Article","@id":"https:\/\/denizcankizil.tr\/en\/haberler\/gundem\/akut-vakfindan-hataya-saglikli-destek\/#article","isPartOf":{"@id":"https:\/\/denizcankizil.tr\/en\/haberler\/gundem\/akut-vakfindan-hataya-saglikli-destek\/"},"author":{"name":"admin","@id":"https:\/\/denizcankizil.tr\/de\/#\/schema\/person\/be3c05fe6a12686905512445d8185489"},"headline":"AKUT Vakf\u0131&#8217;ndan Hatay&#8217;a &#8216;sa\u011fl\u0131kl\u0131&#8217; destek","datePublished":"2025-02-19T08:41:58+00:00","mainEntityOfPage":{"@id":"https:\/\/denizcankizil.tr\/en\/haberler\/gundem\/akut-vakfindan-hataya-saglikli-destek\/"},"wordCount":765,"commentCount":0,"publisher":{"@id":"https:\/\/denizcankizil.tr\/de\/#organization"},"articleSection":["G\u00fcndem"],"inLanguage":"en-GB","potentialAction":[{"@type":"CommentAction","name":"Comment","target":["https:\/\/denizcankizil.tr\/en\/haberler\/gundem\/akut-vakfindan-hataya-saglikli-destek\/#respond"]}]},{"@type":"WebPage","@id":"https:\/\/denizcankizil.tr\/en\/haberler\/gundem\/akut-vakfindan-hataya-saglikli-destek\/","url":"https:\/\/denizcankizil.tr\/en\/haberler\/gundem\/akut-vakfindan-hataya-saglikli-destek\/","name":"AKUT Vakf\u0131'ndan Hatay'a 'sa\u011fl\u0131kl\u0131' destek - Av. Deniz Can K\u0131z\u0131l","isPartOf":{"@id":"https:\/\/denizcankizil.tr\/de\/#website"},"datePublished":"2025-02-19T08:41:58+00:00","breadcrumb":{"@id":"https:\/\/denizcankizil.tr\/en\/haberler\/gundem\/akut-vakfindan-hataya-saglikli-destek\/#breadcrumb"},"inLanguage":"en-GB","potentialAction":[{"@type":"ReadAction","target":["https:\/\/denizcankizil.tr\/en\/haberler\/gundem\/akut-vakfindan-hataya-saglikli-destek\/"]}]},{"@type":"BreadcrumbList","@id":"https:\/\/denizcankizil.tr\/en\/haberler\/gundem\/akut-vakfindan-hataya-saglikli-destek\/#breadcrumb","itemListElement":[{"@type":"ListItem","position":1,"name":"Home","item":"https:\/\/denizcankizil.tr\/de\/"},{"@type":"ListItem","position":2,"name":"AKUT Vakf\u0131&#8217;ndan Hatay&#8217;a &#8216;sa\u011fl\u0131kl\u0131&#8217; destek"}]},{"@type":"WebSite","@id":"https:\/\/denizcankizil.tr\/de\/#website","url":"https:\/\/denizcankizil.tr\/de\/","name":"Av. Deniz Can K\u0131z\u0131l","description":"Avukat Deniz Can K\u0131z\u0131l Antalya Barosu","publisher":{"@id":"https:\/\/denizcankizil.tr\/de\/#organization"},"potentialAction":[{"@type":"SearchAction","target":{"@type":"EntryPoint","urlTemplate":"https:\/\/denizcankizil.tr\/de\/?s={search_term_string}"},"query-input":{"@type":"PropertyValueSpecification","valueRequired":true,"valueName":"search_term_string"}}],"inLanguage":"en-GB"},{"@type":"Organization","@id":"https:\/\/denizcankizil.tr\/de\/#organization","name":"Av. Deniz Can K\u0131z\u0131l","url":"https:\/\/denizcankizil.tr\/de\/","logo":{"@type":"ImageObject","inLanguage":"en-GB","@id":"https:\/\/denizcankizil.tr\/de\/#\/schema\/logo\/image\/","url":"https:\/\/denizcankizil.tr\/wp-content\/uploads\/2024\/10\/siyah-logo-svg.svg","contentUrl":"https:\/\/denizcankizil.tr\/wp-content\/uploads\/2024\/10\/siyah-logo-svg.svg","width":1080,"height":1080,"caption":"Av. Deniz Can K\u0131z\u0131l"},"image":{"@id":"https:\/\/denizcankizil.tr\/de\/#\/schema\/logo\/image\/"}},{"@type":"Person","@id":"https:\/\/denizcankizil.tr\/de\/#\/schema\/person\/be3c05fe6a12686905512445d8185489","name":"admin","image":{"@type":"ImageObject","inLanguage":"en-GB","@id":"https:\/\/denizcankizil.tr\/de\/#\/schema\/person\/image\/","url":"https:\/\/secure.gravatar.com\/avatar\/c1fce94c830dc79107e174f890d7210541c4a63e8e5d816341794a2151c9d58c?s=96&d=mm&r=g","contentUrl":"https:\/\/secure.gravatar.com\/avatar\/c1fce94c830dc79107e174f890d7210541c4a63e8e5d816341794a2151c9d58c?s=96&d=mm&r=g","caption":"admin"},"sameAs":["http:\/\/denizcankizil.tr"],"url":"https:\/\/www.iskenderun.org\/akut-vakfindan-hataya-saglikli-destek"}]}},"_links":{"self":[{"href":"https:\/\/denizcankizil.tr\/en\/wp-json\/wp\/v2\/posts\/33467","targetHints":{"allow":["GET"]}}],"collection":[{"href":"https:\/\/denizcankizil.tr\/en\/wp-json\/wp\/v2\/posts"}],"about":[{"href":"https:\/\/denizcankizil.tr\/en\/wp-json\/wp\/v2\/types\/post"}],"author":[{"embeddable":true,"href":"https:\/\/denizcankizil.tr\/en\/wp-json\/wp\/v2\/users\/1"}],"replies":[{"embeddable":true,"href":"https:\/\/denizcankizil.tr\/en\/wp-json\/wp\/v2\/comments?post=33467"}],"version-history":[{"count":0,"href":"https:\/\/denizcankizil.tr\/en\/wp-json\/wp\/v2\/posts\/33467\/revisions"}],"wp:attachment":[{"href":"https:\/\/denizcankizil.tr\/en\/wp-json\/wp\/v2\/media?parent=33467"}],"wp:term":[{"taxonomy":"category","embeddable":true,"href":"https:\/\/denizcankizil.tr\/en\/wp-json\/wp\/v2\/categories?post=33467"},{"taxonomy":"post_tag","embeddable":true,"href":"https:\/\/denizcankizil.tr\/en\/wp-json\/wp\/v2\/tags?post=33467"}],"curies":[{"name":"wp","href":"https:\/\/api.w.org\/{rel}","templated":true}]}}