{"id":33417,"date":"2025-02-18T23:41:25","date_gmt":"2025-02-18T20:41:25","guid":{"rendered":"https:\/\/denizcankizil.tr\/uncategorized-tr\/now-tv-kapanma-tehlikesi-ile-karsi-karsiya\/"},"modified":"2025-02-18T23:41:25","modified_gmt":"2025-02-18T20:41:25","slug":"now-tv-kapanma-tehlikesi-ile-karsi-karsiya","status":"publish","type":"post","link":"https:\/\/denizcankizil.tr\/en\/haberler\/gundem\/now-tv-kapanma-tehlikesi-ile-karsi-karsiya\/","title":{"rendered":"NOW TV kapanma tehlikesi ile kar\u015f\u0131 kar\u015f\u0131ya"},"content":{"rendered":"<p>Ge\u00e7ti\u011fimiz y\u0131llarda Disney grubu taraf\u0131ndan sat\u0131n al\u0131nan FOX TV, isim hakk\u0131 s\u00fcresi doldu\u011fu i\u00e7in ad\u0131n\u0131 ve logosunu de\u011fi\u015ftirmek zorunda kalm\u0131\u015ft\u0131. FOX TV&#8217;nin ismi 12 \u015eubat 2024 tarihinde resmen NOW TV olmu\u015ftu.<\/p>\n<p>30 G\u00dcN S\u00dcRE VER\u0130LD\u0130\u00a0<\/p>\n<p>Ge\u00e7ti\u011fimiz haftalarda ise yeni bir olay patlak vermi\u015fti. Benzer bir ismi ta\u015f\u0131yan &#8216;\u0130stanbul NOW TV&#8217;nin ba\u015fvurusu \u00fczerine harekete ge\u00e7en RT\u00dcK, NOW TV&#8217;ye ad\u0131n\u0131 bir kez daha de\u011fi\u015ftirmesi i\u00e7in 30 g\u00fcn s\u00fcre tan\u0131d\u0131.<\/p>\n<p>KANAL KAPATILAB\u0130L\u0130R\u00a0<\/p>\n<p>RT\u00dcK taraf\u0131ndan tan\u0131nan bu s\u00fcrenin bitmesine sadece 15 g\u00fcn kal\u0131rken, NOW TV&#8217;den hen\u00fcz resmi bir a\u00e7\u0131klama gelmedi. Belirtilen s\u00fcrenin sona ermesinin ard\u0131ndan isim ve logo de\u011fi\u015fikli\u011fine gidilmemesi durumunda RT\u00dcK, NOW TV&#8217;nin yay\u0131nlar\u0131n\u0131 durduracak. S\u00fcrecin devam\u0131nda da kanal\u0131n lisans\u0131 iptal edilerek, yay\u0131n hayat\u0131na son verilecek.<br \/>\n\u00a0<\/p>\n<p>\u200bRadyo ve Televizyon \u00dcst Kurulu (RT\u00dcK) taraf\u0131ndan NOW TV&#8217;ye isim ve logo de\u011fi\u015fikli\u011fi i\u00e7in tan\u0131nan 30 g\u00fcnl\u00fck s\u00fcrenin dolmas\u0131na 15 g\u00fcn kald\u0131. E\u011fer 15 g\u00fcn i\u00e7inde isim ve logo de\u011fi\u015fikli\u011fine gidilmezse NOW TV&#8217;nin yay\u0131n hayat\u0131na son verilecek.\u00a0<\/p>\n<p>\u200bHaberin Al\u0131nt\u0131land\u0131\u011f\u0131 Kaynak: www.antalyakorfez.com<\/p>","protected":false},"excerpt":{"rendered":"<p>Ge\u00e7ti\u011fimiz y\u0131llarda Disney grubu taraf\u0131ndan sat\u0131n al\u0131nan FOX TV, isim hakk\u0131 s\u00fcresi doldu\u011fu i\u00e7in ad\u0131n\u0131 ve logosunu de\u011fi\u015ftirmek zorunda kalm\u0131\u015ft\u0131. FOX TV&#8217;nin ismi 12 \u015eubat 2024 tarihinde resmen NOW TV olmu\u015ftu. 30 G\u00dcN S\u00dcRE VER\u0130LD\u0130\u00a0 Ge\u00e7ti\u011fimiz haftalarda ise yeni bir olay patlak vermi\u015fti. Benzer bir ismi ta\u015f\u0131yan &#8216;\u0130stanbul NOW TV&#8217;nin ba\u015fvurusu \u00fczerine harekete ge\u00e7en RT\u00dcK, NOW TV&#8217;ye ad\u0131n\u0131 bir kez daha de\u011fi\u015ftirmesi i\u00e7in 30 g\u00fcn s\u00fcre tan\u0131d\u0131. KANAL KAPATILAB\u0130L\u0130R\u00a0 RT\u00dcK taraf\u0131ndan tan\u0131nan bu s\u00fcrenin bitmesine sadece 15 g\u00fcn kal\u0131rken, NOW TV&#8217;den hen\u00fcz resmi bir a\u00e7\u0131klama gelmedi. Belirtilen s\u00fcrenin sona ermesinin ard\u0131ndan isim ve logo de\u011fi\u015fikli\u011fine gidilmemesi durumunda RT\u00dcK, NOW TV&#8217;nin yay\u0131nlar\u0131n\u0131 durduracak. S\u00fcrecin devam\u0131nda da kanal\u0131n lisans\u0131 iptal edilerek, yay\u0131n hayat\u0131na son verilecek. \u00a0 \u200bRadyo ve Televizyon \u00dcst Kurulu (RT\u00dcK) taraf\u0131ndan NOW TV&#8217;ye isim ve logo de\u011fi\u015fikli\u011fi i\u00e7in tan\u0131nan 30 g\u00fcnl\u00fck s\u00fcrenin dolmas\u0131na 15 g\u00fcn kald\u0131. E\u011fer 15 g\u00fcn i\u00e7inde isim ve logo de\u011fi\u015fikli\u011fine gidilmezse NOW TV&#8217;nin yay\u0131n hayat\u0131na son verilecek.\u00a0 \u200bHaberin Al\u0131nt\u0131land\u0131\u011f\u0131 Kaynak: www.antalyakorfez.com<\/p>","protected":false},"author":5,"featured_media":0,"comment_status":"open","ping_status":"open","sticky":false,"template":"","format":"standard","meta":{"_acf_changed":false,"footnotes":""},"categories":[24],"tags":[],"class_list":["post-33417","post","type-post","status-publish","format-standard","has-post-thumbnail","hentry","category-gundem"],"acf":[],"yoast_head":"<!-- This site is optimized with the Yoast SEO Premium plugin v26.6 (Yoast SEO v27.1.1) - https:\/\/yoast.com\/product\/yoast-seo-premium-wordpress\/ -->\n<title>NOW TV kapanma tehlikesi ile kar\u015f\u0131 kar\u015f\u0131ya - Av. Deniz Can K\u0131z\u0131l<\/title>\n<meta name=\"robots\" content=\"index, follow, max-snippet:-1, max-image-preview:large, max-video-preview:-1\" \/>\n<link rel=\"canonical\" href=\"https:\/\/denizcankizil.tr\/en\/haberler\/gundem\/now-tv-kapanma-tehlikesi-ile-karsi-karsiya\/\" \/>\n<meta property=\"og:locale\" content=\"en_GB\" \/>\n<meta property=\"og:type\" content=\"article\" \/>\n<meta property=\"og:title\" content=\"NOW TV kapanma tehlikesi ile kar\u015f\u0131 kar\u015f\u0131ya\" \/>\n<meta property=\"og:description\" content=\"Ge\u00e7ti\u011fimiz y\u0131llarda Disney grubu taraf\u0131ndan sat\u0131n al\u0131nan FOX TV, isim hakk\u0131 s\u00fcresi doldu\u011fu i\u00e7in ad\u0131n\u0131 ve logosunu de\u011fi\u015ftirmek zorunda kalm\u0131\u015ft\u0131. FOX TV&#8217;nin ismi 12 \u015eubat 2024 tarihinde resmen NOW TV olmu\u015ftu. 30 G\u00dcN S\u00dcRE VER\u0130LD\u0130\u00a0 Ge\u00e7ti\u011fimiz haftalarda ise yeni bir olay patlak vermi\u015fti. Benzer bir ismi ta\u015f\u0131yan &#8216;\u0130stanbul NOW TV&#8217;nin ba\u015fvurusu \u00fczerine harekete ge\u00e7en RT\u00dcK, NOW TV&#8217;ye ad\u0131n\u0131 bir kez daha de\u011fi\u015ftirmesi i\u00e7in 30 g\u00fcn s\u00fcre tan\u0131d\u0131. KANAL KAPATILAB\u0130L\u0130R\u00a0 RT\u00dcK taraf\u0131ndan tan\u0131nan bu s\u00fcrenin bitmesine sadece 15 g\u00fcn kal\u0131rken, NOW TV&#8217;den hen\u00fcz resmi bir a\u00e7\u0131klama gelmedi. Belirtilen s\u00fcrenin sona ermesinin ard\u0131ndan isim ve logo de\u011fi\u015fikli\u011fine gidilmemesi durumunda RT\u00dcK, NOW TV&#8217;nin yay\u0131nlar\u0131n\u0131 durduracak. S\u00fcrecin devam\u0131nda da kanal\u0131n lisans\u0131 iptal edilerek, yay\u0131n hayat\u0131na son verilecek. \u00a0 \u200bRadyo ve Televizyon \u00dcst Kurulu (RT\u00dcK) taraf\u0131ndan NOW TV&#8217;ye isim ve logo de\u011fi\u015fikli\u011fi i\u00e7in tan\u0131nan 30 g\u00fcnl\u00fck s\u00fcrenin dolmas\u0131na 15 g\u00fcn kald\u0131. E\u011fer 15 g\u00fcn i\u00e7inde isim ve logo de\u011fi\u015fikli\u011fine gidilmezse NOW TV&#8217;nin yay\u0131n hayat\u0131na son verilecek.\u00a0 \u200bHaberin Al\u0131nt\u0131land\u0131\u011f\u0131 Kaynak: www.antalyakorfez.com\" \/>\n<meta property=\"og:url\" content=\"https:\/\/denizcankizil.tr\/en\/haberler\/gundem\/now-tv-kapanma-tehlikesi-ile-karsi-karsiya\/\" \/>\n<meta property=\"og:site_name\" content=\"Av. Deniz Can K\u0131z\u0131l\" \/>\n<meta property=\"article:published_time\" content=\"2025-02-18T20:41:25+00:00\" \/>\n<meta name=\"author\" content=\"Antalya K\u00f6rfez\" \/>\n<meta name=\"twitter:card\" content=\"summary_large_image\" \/>\n<meta name=\"twitter:label1\" content=\"Written by\" \/>\n\t<meta name=\"twitter:data1\" content=\"Antalya K\u00f6rfez\" \/>\n\t<meta name=\"twitter:label2\" content=\"Estimated reading time\" \/>\n\t<meta name=\"twitter:data2\" content=\"1 minute\" \/>\n<script type=\"application\/ld+json\" class=\"yoast-schema-graph\">{\"@context\":\"https:\/\/schema.org\",\"@graph\":[{\"@type\":\"Article\",\"@id\":\"https:\/\/denizcankizil.tr\/ru\/haberler\/gundem\/now-tv-kapanma-tehlikesi-ile-karsi-karsiya\/#article\",\"isPartOf\":{\"@id\":\"https:\/\/denizcankizil.tr\/ru\/haberler\/gundem\/now-tv-kapanma-tehlikesi-ile-karsi-karsiya\/\"},\"author\":{\"name\":\"Antalya K\u00f6rfez\",\"@id\":\"https:\/\/denizcankizil.tr\/de\/#\/schema\/person\/e1eb71bb4dd684d46563f0af307e1234\"},\"headline\":\"NOW TV kapanma tehlikesi ile kar\u015f\u0131 kar\u015f\u0131ya\",\"datePublished\":\"2025-02-18T20:41:25+00:00\",\"mainEntityOfPage\":{\"@id\":\"https:\/\/denizcankizil.tr\/ru\/haberler\/gundem\/now-tv-kapanma-tehlikesi-ile-karsi-karsiya\/\"},\"wordCount\":239,\"commentCount\":0,\"publisher\":{\"@id\":\"https:\/\/denizcankizil.tr\/de\/#organization\"},\"articleSection\":[\"G\u00fcndem\"],\"inLanguage\":\"en-GB\",\"potentialAction\":[{\"@type\":\"CommentAction\",\"name\":\"Comment\",\"target\":[\"https:\/\/denizcankizil.tr\/ru\/haberler\/gundem\/now-tv-kapanma-tehlikesi-ile-karsi-karsiya\/#respond\"]}]},{\"@type\":\"WebPage\",\"@id\":\"https:\/\/denizcankizil.tr\/ru\/haberler\/gundem\/now-tv-kapanma-tehlikesi-ile-karsi-karsiya\/\",\"url\":\"https:\/\/denizcankizil.tr\/ru\/haberler\/gundem\/now-tv-kapanma-tehlikesi-ile-karsi-karsiya\/\",\"name\":\"NOW TV kapanma tehlikesi ile kar\u015f\u0131 kar\u015f\u0131ya - Av. Deniz Can K\u0131z\u0131l\",\"isPartOf\":{\"@id\":\"https:\/\/denizcankizil.tr\/de\/#website\"},\"datePublished\":\"2025-02-18T20:41:25+00:00\",\"breadcrumb\":{\"@id\":\"https:\/\/denizcankizil.tr\/ru\/haberler\/gundem\/now-tv-kapanma-tehlikesi-ile-karsi-karsiya\/#breadcrumb\"},\"inLanguage\":\"en-GB\",\"potentialAction\":[{\"@type\":\"ReadAction\",\"target\":[\"https:\/\/denizcankizil.tr\/ru\/haberler\/gundem\/now-tv-kapanma-tehlikesi-ile-karsi-karsiya\/\"]}]},{\"@type\":\"BreadcrumbList\",\"@id\":\"https:\/\/denizcankizil.tr\/ru\/haberler\/gundem\/now-tv-kapanma-tehlikesi-ile-karsi-karsiya\/#breadcrumb\",\"itemListElement\":[{\"@type\":\"ListItem\",\"position\":1,\"name\":\"Home\",\"item\":\"https:\/\/denizcankizil.tr\/de\/\"},{\"@type\":\"ListItem\",\"position\":2,\"name\":\"NOW TV kapanma tehlikesi ile kar\u015f\u0131 kar\u015f\u0131ya\"}]},{\"@type\":\"WebSite\",\"@id\":\"https:\/\/denizcankizil.tr\/de\/#website\",\"url\":\"https:\/\/denizcankizil.tr\/de\/\",\"name\":\"Av. Deniz Can K\u0131z\u0131l\",\"description\":\"Avukat Deniz Can K\u0131z\u0131l Antalya Barosu\",\"publisher\":{\"@id\":\"https:\/\/denizcankizil.tr\/de\/#organization\"},\"potentialAction\":[{\"@type\":\"SearchAction\",\"target\":{\"@type\":\"EntryPoint\",\"urlTemplate\":\"https:\/\/denizcankizil.tr\/de\/?s={search_term_string}\"},\"query-input\":{\"@type\":\"PropertyValueSpecification\",\"valueRequired\":true,\"valueName\":\"search_term_string\"}}],\"inLanguage\":\"en-GB\"},{\"@type\":\"Organization\",\"@id\":\"https:\/\/denizcankizil.tr\/de\/#organization\",\"name\":\"Av. Deniz Can K\u0131z\u0131l\",\"url\":\"https:\/\/denizcankizil.tr\/de\/\",\"logo\":{\"@type\":\"ImageObject\",\"inLanguage\":\"en-GB\",\"@id\":\"https:\/\/denizcankizil.tr\/de\/#\/schema\/logo\/image\/\",\"url\":\"https:\/\/denizcankizil.tr\/wp-content\/uploads\/2024\/10\/siyah-logo-svg.svg\",\"contentUrl\":\"https:\/\/denizcankizil.tr\/wp-content\/uploads\/2024\/10\/siyah-logo-svg.svg\",\"width\":1080,\"height\":1080,\"caption\":\"Av. Deniz Can K\u0131z\u0131l\"},\"image\":{\"@id\":\"https:\/\/denizcankizil.tr\/de\/#\/schema\/logo\/image\/\"}},{\"@type\":\"Person\",\"@id\":\"https:\/\/denizcankizil.tr\/de\/#\/schema\/person\/e1eb71bb4dd684d46563f0af307e1234\",\"name\":\"Antalya K\u00f6rfez\",\"image\":{\"@type\":\"ImageObject\",\"inLanguage\":\"en-GB\",\"@id\":\"https:\/\/denizcankizil.tr\/de\/#\/schema\/person\/image\/\",\"url\":\"https:\/\/secure.gravatar.com\/avatar\/42b01982558a48a0b501fdcab6a408d3717ea5919095ee2e67b0e521799c5905?s=96&d=mm&r=g\",\"contentUrl\":\"https:\/\/secure.gravatar.com\/avatar\/42b01982558a48a0b501fdcab6a408d3717ea5919095ee2e67b0e521799c5905?s=96&d=mm&r=g\",\"caption\":\"Antalya K\u00f6rfez\"},\"sameAs\":[\"http:\/\/www.antalyakorfez.com\"],\"url\":\"https:\/\/www.antalyakorfez.com\/now-tv-kapanma-tehlikesi-ile-karsi-karsiya\"}]}<\/script>\n<!-- \/ Yoast SEO Premium plugin. -->","yoast_head_json":{"title":"NOW TV kapanma tehlikesi ile kar\u015f\u0131 kar\u015f\u0131ya - Av. Deniz Can K\u0131z\u0131l","robots":{"index":"index","follow":"follow","max-snippet":"max-snippet:-1","max-image-preview":"max-image-preview:large","max-video-preview":"max-video-preview:-1"},"canonical":"https:\/\/denizcankizil.tr\/en\/haberler\/gundem\/now-tv-kapanma-tehlikesi-ile-karsi-karsiya\/","og_locale":"en_GB","og_type":"article","og_title":"NOW TV kapanma tehlikesi ile kar\u015f\u0131 kar\u015f\u0131ya","og_description":"Ge\u00e7ti\u011fimiz y\u0131llarda Disney grubu taraf\u0131ndan sat\u0131n al\u0131nan FOX TV, isim hakk\u0131 s\u00fcresi doldu\u011fu i\u00e7in ad\u0131n\u0131 ve logosunu de\u011fi\u015ftirmek zorunda kalm\u0131\u015ft\u0131. FOX TV&#8217;nin ismi 12 \u015eubat 2024 tarihinde resmen NOW TV olmu\u015ftu. 30 G\u00dcN S\u00dcRE VER\u0130LD\u0130\u00a0 Ge\u00e7ti\u011fimiz haftalarda ise yeni bir olay patlak vermi\u015fti. Benzer bir ismi ta\u015f\u0131yan &#8216;\u0130stanbul NOW TV&#8217;nin ba\u015fvurusu \u00fczerine harekete ge\u00e7en RT\u00dcK, NOW TV&#8217;ye ad\u0131n\u0131 bir kez daha de\u011fi\u015ftirmesi i\u00e7in 30 g\u00fcn s\u00fcre tan\u0131d\u0131. KANAL KAPATILAB\u0130L\u0130R\u00a0 RT\u00dcK taraf\u0131ndan tan\u0131nan bu s\u00fcrenin bitmesine sadece 15 g\u00fcn kal\u0131rken, NOW TV&#8217;den hen\u00fcz resmi bir a\u00e7\u0131klama gelmedi. Belirtilen s\u00fcrenin sona ermesinin ard\u0131ndan isim ve logo de\u011fi\u015fikli\u011fine gidilmemesi durumunda RT\u00dcK, NOW TV&#8217;nin yay\u0131nlar\u0131n\u0131 durduracak. S\u00fcrecin devam\u0131nda da kanal\u0131n lisans\u0131 iptal edilerek, yay\u0131n hayat\u0131na son verilecek. \u00a0 \u200bRadyo ve Televizyon \u00dcst Kurulu (RT\u00dcK) taraf\u0131ndan NOW TV&#8217;ye isim ve logo de\u011fi\u015fikli\u011fi i\u00e7in tan\u0131nan 30 g\u00fcnl\u00fck s\u00fcrenin dolmas\u0131na 15 g\u00fcn kald\u0131. E\u011fer 15 g\u00fcn i\u00e7inde isim ve logo de\u011fi\u015fikli\u011fine gidilmezse NOW TV&#8217;nin yay\u0131n hayat\u0131na son verilecek.\u00a0 \u200bHaberin Al\u0131nt\u0131land\u0131\u011f\u0131 Kaynak: www.antalyakorfez.com","og_url":"https:\/\/denizcankizil.tr\/en\/haberler\/gundem\/now-tv-kapanma-tehlikesi-ile-karsi-karsiya\/","og_site_name":"Av. Deniz Can K\u0131z\u0131l","article_published_time":"2025-02-18T20:41:25+00:00","author":"Antalya K\u00f6rfez","twitter_card":"summary_large_image","twitter_misc":{"Written by":"Antalya K\u00f6rfez","Estimated reading time":"1 minute"},"schema":{"@context":"https:\/\/schema.org","@graph":[{"@type":"Article","@id":"https:\/\/denizcankizil.tr\/ru\/haberler\/gundem\/now-tv-kapanma-tehlikesi-ile-karsi-karsiya\/#article","isPartOf":{"@id":"https:\/\/denizcankizil.tr\/ru\/haberler\/gundem\/now-tv-kapanma-tehlikesi-ile-karsi-karsiya\/"},"author":{"name":"Antalya K\u00f6rfez","@id":"https:\/\/denizcankizil.tr\/de\/#\/schema\/person\/e1eb71bb4dd684d46563f0af307e1234"},"headline":"NOW TV kapanma tehlikesi ile kar\u015f\u0131 kar\u015f\u0131ya","datePublished":"2025-02-18T20:41:25+00:00","mainEntityOfPage":{"@id":"https:\/\/denizcankizil.tr\/ru\/haberler\/gundem\/now-tv-kapanma-tehlikesi-ile-karsi-karsiya\/"},"wordCount":239,"commentCount":0,"publisher":{"@id":"https:\/\/denizcankizil.tr\/de\/#organization"},"articleSection":["G\u00fcndem"],"inLanguage":"en-GB","potentialAction":[{"@type":"CommentAction","name":"Comment","target":["https:\/\/denizcankizil.tr\/ru\/haberler\/gundem\/now-tv-kapanma-tehlikesi-ile-karsi-karsiya\/#respond"]}]},{"@type":"WebPage","@id":"https:\/\/denizcankizil.tr\/ru\/haberler\/gundem\/now-tv-kapanma-tehlikesi-ile-karsi-karsiya\/","url":"https:\/\/denizcankizil.tr\/ru\/haberler\/gundem\/now-tv-kapanma-tehlikesi-ile-karsi-karsiya\/","name":"NOW TV kapanma tehlikesi ile kar\u015f\u0131 kar\u015f\u0131ya - Av. Deniz Can K\u0131z\u0131l","isPartOf":{"@id":"https:\/\/denizcankizil.tr\/de\/#website"},"datePublished":"2025-02-18T20:41:25+00:00","breadcrumb":{"@id":"https:\/\/denizcankizil.tr\/ru\/haberler\/gundem\/now-tv-kapanma-tehlikesi-ile-karsi-karsiya\/#breadcrumb"},"inLanguage":"en-GB","potentialAction":[{"@type":"ReadAction","target":["https:\/\/denizcankizil.tr\/ru\/haberler\/gundem\/now-tv-kapanma-tehlikesi-ile-karsi-karsiya\/"]}]},{"@type":"BreadcrumbList","@id":"https:\/\/denizcankizil.tr\/ru\/haberler\/gundem\/now-tv-kapanma-tehlikesi-ile-karsi-karsiya\/#breadcrumb","itemListElement":[{"@type":"ListItem","position":1,"name":"Home","item":"https:\/\/denizcankizil.tr\/de\/"},{"@type":"ListItem","position":2,"name":"NOW TV kapanma tehlikesi ile kar\u015f\u0131 kar\u015f\u0131ya"}]},{"@type":"WebSite","@id":"https:\/\/denizcankizil.tr\/de\/#website","url":"https:\/\/denizcankizil.tr\/de\/","name":"Av. Deniz Can K\u0131z\u0131l","description":"Avukat Deniz Can K\u0131z\u0131l Antalya Barosu","publisher":{"@id":"https:\/\/denizcankizil.tr\/de\/#organization"},"potentialAction":[{"@type":"SearchAction","target":{"@type":"EntryPoint","urlTemplate":"https:\/\/denizcankizil.tr\/de\/?s={search_term_string}"},"query-input":{"@type":"PropertyValueSpecification","valueRequired":true,"valueName":"search_term_string"}}],"inLanguage":"en-GB"},{"@type":"Organization","@id":"https:\/\/denizcankizil.tr\/de\/#organization","name":"Av. Deniz Can K\u0131z\u0131l","url":"https:\/\/denizcankizil.tr\/de\/","logo":{"@type":"ImageObject","inLanguage":"en-GB","@id":"https:\/\/denizcankizil.tr\/de\/#\/schema\/logo\/image\/","url":"https:\/\/denizcankizil.tr\/wp-content\/uploads\/2024\/10\/siyah-logo-svg.svg","contentUrl":"https:\/\/denizcankizil.tr\/wp-content\/uploads\/2024\/10\/siyah-logo-svg.svg","width":1080,"height":1080,"caption":"Av. Deniz Can K\u0131z\u0131l"},"image":{"@id":"https:\/\/denizcankizil.tr\/de\/#\/schema\/logo\/image\/"}},{"@type":"Person","@id":"https:\/\/denizcankizil.tr\/de\/#\/schema\/person\/e1eb71bb4dd684d46563f0af307e1234","name":"Antalya K\u00f6rfez","image":{"@type":"ImageObject","inLanguage":"en-GB","@id":"https:\/\/denizcankizil.tr\/de\/#\/schema\/person\/image\/","url":"https:\/\/secure.gravatar.com\/avatar\/42b01982558a48a0b501fdcab6a408d3717ea5919095ee2e67b0e521799c5905?s=96&d=mm&r=g","contentUrl":"https:\/\/secure.gravatar.com\/avatar\/42b01982558a48a0b501fdcab6a408d3717ea5919095ee2e67b0e521799c5905?s=96&d=mm&r=g","caption":"Antalya K\u00f6rfez"},"sameAs":["http:\/\/www.antalyakorfez.com"],"url":"https:\/\/www.antalyakorfez.com\/now-tv-kapanma-tehlikesi-ile-karsi-karsiya"}]}},"_links":{"self":[{"href":"https:\/\/denizcankizil.tr\/en\/wp-json\/wp\/v2\/posts\/33417","targetHints":{"allow":["GET"]}}],"collection":[{"href":"https:\/\/denizcankizil.tr\/en\/wp-json\/wp\/v2\/posts"}],"about":[{"href":"https:\/\/denizcankizil.tr\/en\/wp-json\/wp\/v2\/types\/post"}],"author":[{"embeddable":true,"href":"https:\/\/denizcankizil.tr\/en\/wp-json\/wp\/v2\/users\/5"}],"replies":[{"embeddable":true,"href":"https:\/\/denizcankizil.tr\/en\/wp-json\/wp\/v2\/comments?post=33417"}],"version-history":[{"count":0,"href":"https:\/\/denizcankizil.tr\/en\/wp-json\/wp\/v2\/posts\/33417\/revisions"}],"wp:attachment":[{"href":"https:\/\/denizcankizil.tr\/en\/wp-json\/wp\/v2\/media?parent=33417"}],"wp:term":[{"taxonomy":"category","embeddable":true,"href":"https:\/\/denizcankizil.tr\/en\/wp-json\/wp\/v2\/categories?post=33417"},{"taxonomy":"post_tag","embeddable":true,"href":"https:\/\/denizcankizil.tr\/en\/wp-json\/wp\/v2\/tags?post=33417"}],"curies":[{"name":"wp","href":"https:\/\/api.w.org\/{rel}","templated":true}]}}