{"id":33406,"date":"2025-02-18T20:41:17","date_gmt":"2025-02-18T17:41:17","guid":{"rendered":"https:\/\/denizcankizil.tr\/uncategorized-tr\/sendika-genel-baskaninin-tutuklanmasina-antalyadan-tepki\/"},"modified":"2025-02-18T20:41:17","modified_gmt":"2025-02-18T17:41:17","slug":"sendika-genel-baskaninin-tutuklanmasina-antalyadan-tepki","status":"publish","type":"post","link":"https:\/\/denizcankizil.tr\/en\/haberler\/gundem\/sendika-genel-baskaninin-tutuklanmasina-antalyadan-tepki\/","title":{"rendered":"Sendika genel ba\u015fkan\u0131n\u0131n tutuklanmas\u0131na Antalya\u2019dan tepki"},"content":{"rendered":"<p>Gaziantep Ba\u015fp\u0131nar Organize Sanayi B\u00f6lgesi\u2019nde i\u015f b\u0131rakan i\u015f\u00e7ilerin Demokrasi Meydan\u0131\u2019nda yapaca\u011f\u0131 bas\u0131n a\u00e7\u0131klamas\u0131 \u00f6ncesinde, Birle\u015fik Tekstil Dokuma ve Deri \u0130\u015f\u00e7ileri Sendikas\u0131 (B\u0130RTEK-SEN) Genel Ba\u015fkan\u0131 Mehmet T\u00fcrkmen 14 \u015eubat\u2019ta g\u00f6zalt\u0131na al\u0131nd\u0131. T\u00fcrkmen daha sonra serbest b\u0131rak\u0131ld\u0131. Mehmet T\u00fcrkmen, 16 \u015eubat Pazartesi g\u00fcn\u00fc sosyal medya hesab\u0131 X\u2019ten yapt\u0131\u011f\u0131 payla\u015f\u0131mda, \u201cPatronlar\u0131n iste\u011fiyle bir kez daha g\u00f6zalt\u0131na al\u0131n\u0131yorum. Sendikada i\u015f\u00e7ilerle toplant\u0131 halindeyken gelip sendikan\u0131n kap\u0131s\u0131ndan g\u00f6zalt\u0131na al\u0131n\u0131yorum. Geri gelece\u011fim! M\u00fccadeleye devam\u201d ifadelerini kulland\u0131.\u00a0<\/p>\n<p>ANTALYA\u2019DAN TEPK\u0130 GELD\u0130\u00a0<\/p>\n<p>Bu payla\u015f\u0131m\u0131n ard\u0131ndan T\u00fcrkmen, \u201c\u00e7al\u0131\u015fma h\u00fcrriyetin ihlali\u201d ve \u201csu\u00e7 i\u015flemeye tahrik\u201d iddias\u0131yla savc\u0131n\u0131n talimat\u0131yla tekrardan g\u00f6zalt\u0131na al\u0131nd\u0131 ve \u00e7\u0131kar\u0131ld\u0131\u011f\u0131 mahkeme taraf\u0131ndan tutukland\u0131. Mehmet T\u00fcrkmen\u2019in tutuklanmas\u0131n\u0131n ard\u0131ndan Antalya Emek ve Demokrasi G\u00fc\u00e7leri bug\u00fcn Attalos Heykeli \u00f6n\u00fcne bir bas\u0131n a\u00e7\u0131klamas\u0131 d\u00fczenledi. Burada bir araya gelen kalabal\u0131k grup T\u00fcrkmen\u2019in tutuklanmas\u0131na sert tepki g\u00f6sterdi.\u00a0<\/p>\n<p>\u201cMEHMET T\u00dcRKMEN&#8217;\u0130N SERBEST BIRAKILMASINI \u0130ST\u0130YORUZ\u201d<\/p>\n<p>Antalya Emek ve Demokrasi G\u00fc\u00e7leri ve KESK D\u00f6nem S\u00f6zc\u00fcs\u00fc \u0130lhan Karakurt, Mehmet T\u00fcrkmen&#8217;e kar\u015f\u0131 yap\u0131lan bu tutuklama karar\u0131n\u0131 protesto etkilerini belirterek, &#8220;Patronlar\u0131n y\u00fczde 30 zam dayatmas\u0131na kar\u015f\u0131 yay\u0131lan grevleri engellemek i\u00e7in adeta d\u00fc\u015fman hukuku uygulan\u0131yor. Besleme bas\u0131n devreye sokuldu, Valilik eylemleri yasaklad\u0131, e-devletten sendika \u00fcyeli\u011fi engellendi, i\u015f\u00e7ilerin \u00f6n\u00fcne polis-jandarma barikat\u0131 \u00e7ekildi, g\u00f6zalt\u0131 uygulamalar\u0131 ile g\u00f6zda\u011f\u0131 verildi\u2026 Hi\u00e7birinden sonu\u00e7 al\u0131namay\u0131nca hukuksal dayana\u011f\u0131 olmayan bir \u2018su\u00e7 icad\u0131yla\u2019 sendika ba\u015fkan\u0131 Mehmet T\u00fcrkmen tutukland\u0131. Antalya Emek ve Demokrasi G\u00fc\u00e7leri olarak, Bir Tek Sen Genel Ba\u015fkan\u0131 Mehmet T\u00fcrkmen&#8217;e kar\u015f\u0131 yap\u0131lan bu tutuklama karar\u0131n\u0131 protesto ediyor ve bir an \u00f6nce Mehmet T\u00fcrkmen&#8217;in serbest b\u0131rak\u0131lmas\u0131n\u0131 istiyoruz\u201d dedi.\u00a0<\/p>\n<p>\u201c\u0130\u015e\u00c7\u0130 SINIFININ TAR\u0130H\u0130 D\u0130REN\u0130\u015eLER VE ZAFERLERLE DOLUDUR\u201d<\/p>\n<p>T\u00fcrkiye\u2019de i\u015f\u00e7i s\u0131n\u0131f\u0131n\u0131n tarih boyunca hep haklar\u0131 i\u00e7in m\u00fccadele verdi\u011fine vurgu yapan Karakurt, \u201cBu i\u015f\u00e7i d\u00fc\u015fman\u0131 karar, T\u00fcrkiye&#8217;deki i\u015f\u00e7i s\u0131n\u0131f\u0131 ba\u015fta olmak \u00fczere b\u00fct\u00fcn emek ve demokrasi g\u00fc\u00e7lerine y\u00f6nelik s\u00fcrd\u00fcr\u00fclen operasyonun bir par\u00e7as\u0131d\u0131r. Ancak Tek Adam rejimi bilmelidir ki, T\u00fcrkiye i\u015f\u00e7i s\u0131n\u0131f\u0131n\u0131n tarihi sendikalara ve i\u015f\u00e7i haklar\u0131na d\u00f6n\u00fck sald\u0131r\u0131lara kar\u015f\u0131 zafer kazanan direni\u015flerle de doludur. Bug\u00fcn de kanunlarda i\u015f\u00e7ilerin lehine olan ne varsa, i\u015f\u00e7i s\u0131n\u0131f\u0131 m\u00fccadeleyle kazanm\u0131\u015ft\u0131r. T\u00fcrkiye i\u015f\u00e7i s\u0131n\u0131f\u0131na grev hakk\u0131n\u0131 hediye eden KAVEL direni\u015fi; sendikal haklar\u0131n engellenmesine kar\u015f\u0131 sokaklar\u0131 dolduran 15-16 Haziran direni\u015fi, Antep\u2019e sigorta hakk\u0131 getiren \u00dcnald\u0131 direni\u015fi bunlar\u0131n \u00f6rnekleridir. Bug\u00fcnde Ba\u015fp\u0131nar i\u015f\u00e7ileri grev ve direni\u015f yasaklar\u0131na, sendikal haklar\u0131n engellenmesine kar\u015f\u0131 B\u0130RTEK-SEN\u2019e ve Ba\u015fkan Mehmet T\u00fcrkmen&#8217;e sahip \u00e7\u0131karak g\u00f6steriyor\u201d diye konu\u015ftu.\u00a0<\/p>\n<p>\u201c11 AYDA 11 KAYYUM\u201d<\/p>\n<p>Yerel se\u00e7imlerin \u00fczerinden 11 ay ge\u00e7ti\u011fine ve 11 ayda 11 belediyeye kayyum atand\u0131\u011f\u0131na de\u011finen Karakurt, \u201cYerel se\u00e7imlerin ard\u0131ndan 11 ayda 11 belediyeye kayyum atayan, \u0130stanbul Barosu\u2019nu hedefe koyan ve d\u00fcn Antep\u2019te, i\u015f\u00e7i ve emek\u00e7ilerin sefalet zamm\u0131 dayatmas\u0131na kar\u015f\u0131 verdi\u011fi m\u00fccadeleye \u00f6nc\u00fcl\u00fck eden Birle\u015fik Tekstil Dokuma ve Deri \u0130\u015f\u00e7ileri Sendikas\u0131 (B\u0130RTEK-SEN) Genel Ba\u015fkan\u0131 Mehmet T\u00fcrkmen\u2019i tutuklayan politikayla, bu sabah \u0130stanbul Cumhuriyet Ba\u015fsavc\u0131l\u0131\u011f\u0131n\u0131n soru\u015fturmas\u0131 kapsam\u0131nda 10 ilde ger\u00e7ekle\u015ftirilen operasyonlar ayn\u0131 politikan\u0131n \u00fcr\u00fcn\u00fcd\u00fcr. Tek Adam rejimi, toplumsal muhalefetin b\u00fct\u00fcn dinamiklerine kar\u015f\u0131 iktidar ve devlet ter\u00f6r\u00fc e\u015fli\u011finde kirli bir sava\u015f s\u00fcrd\u00fcrmektedir. Ama T\u00fcrkiye halklar\u0131, i\u015f\u00e7i ve emek\u00e7ileri bug\u00fcne kadar uygulad\u0131\u011f\u0131n\u0131z bask\u0131lar kar\u015f\u0131s\u0131nda ne diz \u00e7\u00f6kt\u00fc\u011f\u00fc ne teslim oldu bundan sonra da olmayacakt\u0131r\u201d ifadelerini kulland\u0131.\u00a0<\/p>\n<p>\u201cARTIK \u0130K\u0130 T\u00dcRK\u0130YE GER\u00c7E\u011e\u0130 VAR\u201d<\/p>\n<p>Art\u0131k iki T\u00fcrkiye ger\u00e7e\u011fi oldu\u011funu belirten S\u00f6zc\u00fc \u0130lhan Karakurt, \u201cArt\u0131k iki T\u00fcrkiye ger\u00e7e\u011fiyle kar\u015f\u0131 kar\u015f\u0131yay\u0131z. Birisi AKP ve MHP eliyle s\u00fcrd\u00fcr\u00fclen Grev yasaklar\u0131yla, g\u00f6zalt\u0131lar ve yarg\u0131 kumpas\u0131 ve siyasi operasyonlar\u0131yla in\u015fa edilmeye \u00e7al\u0131\u015f\u0131lan tek\u00e7i ve otoriter bir rejimin kurumsalla\u015ft\u0131\u011f\u0131 bir saray T\u00fcrkiye&#8217;si. Bir de buna kar\u015f\u0131 eme\u011fine, al\u0131n terine, demokratik hak ve \u00f6zg\u00fcrl\u00fcklerine sahip \u00e7\u0131kan; ezilen, s\u00f6m\u00fcr\u00fclen halk kitlelerinin bar\u0131\u015f i\u00e7erisinde karde\u015f\u00e7e ya\u015famak i\u00e7in m\u00fccadelesini y\u00fcr\u00fctt\u00fc\u011f\u00fcm\u00fcz ba\u011f\u0131ms\u0131z demokratik ve laik T\u00fcrkiye! Ve inan\u0131yoruz ki, Tek Adam rejiminin bu kumpas ve bask\u0131 siyaseti kaybedecek. \u0130\u015f\u00e7ilerin, emek\u00e7ilerin, ezilenlerin, s\u00f6m\u00fcr\u00fclen halk kesimlerinin i\u00e7erisinde yer ald\u0131\u011f\u0131 Emek bar\u0131\u015f ve demokrasi bile\u015fenlerinin cephesi kazanacakt\u0131r. Bask\u0131lar sizin, m\u00fccadele bizimdir\u201d dedi.\u00a0<\/p>\n<p>\u200bBirle\u015fik Tekstil Dokuma ve Deri \u0130\u015f\u00e7ileri Sendikas\u0131 (B\u0130RTEK-SEN) Genel Ba\u015fkan\u0131 Mehmet T\u00fcrkmen, ge\u00e7ti\u011fimiz g\u00fcnlerde yapt\u0131\u011f\u0131 payla\u015f\u0131m nedeniyle tutuklanm\u0131\u015ft\u0131. Ya\u015fanan bu geli\u015fmenin ard\u0131ndan Antalya Emek ve Demokrasi G\u00fc\u00e7leri, T\u00fcrkmen\u2019in tutuklanmas\u0131n\u0131 protesto etmek i\u00e7in bug\u00fcn Attalos Heykeli \u00f6n\u00fcnde toplan\u0131p, bir bas\u0131n a\u00e7\u0131klamas\u0131 d\u00fczenledi\u00a0<\/p>\n<p>\u200bHaberin Al\u0131nt\u0131land\u0131\u011f\u0131 Kaynak: www.antalyakorfez.com<\/p>","protected":false},"excerpt":{"rendered":"<p>Gaziantep Ba\u015fp\u0131nar Organize Sanayi B\u00f6lgesi\u2019nde i\u015f b\u0131rakan i\u015f\u00e7ilerin Demokrasi Meydan\u0131\u2019nda yapaca\u011f\u0131 bas\u0131n a\u00e7\u0131klamas\u0131 \u00f6ncesinde, Birle\u015fik Tekstil Dokuma ve Deri \u0130\u015f\u00e7ileri Sendikas\u0131 (B\u0130RTEK-SEN) Genel Ba\u015fkan\u0131 Mehmet T\u00fcrkmen 14 \u015eubat\u2019ta g\u00f6zalt\u0131na al\u0131nd\u0131. T\u00fcrkmen daha sonra serbest b\u0131rak\u0131ld\u0131. Mehmet T\u00fcrkmen, 16 \u015eubat Pazartesi g\u00fcn\u00fc sosyal medya hesab\u0131 X\u2019ten yapt\u0131\u011f\u0131 payla\u015f\u0131mda, \u201cPatronlar\u0131n iste\u011fiyle bir kez daha g\u00f6zalt\u0131na al\u0131n\u0131yorum. Sendikada i\u015f\u00e7ilerle toplant\u0131 halindeyken gelip sendikan\u0131n kap\u0131s\u0131ndan g\u00f6zalt\u0131na al\u0131n\u0131yorum. Geri gelece\u011fim! M\u00fccadeleye devam\u201d ifadelerini kulland\u0131.\u00a0 ANTALYA\u2019DAN TEPK\u0130 GELD\u0130\u00a0 Bu payla\u015f\u0131m\u0131n ard\u0131ndan T\u00fcrkmen, \u201c\u00e7al\u0131\u015fma h\u00fcrriyetin ihlali\u201d ve \u201csu\u00e7 i\u015flemeye tahrik\u201d iddias\u0131yla savc\u0131n\u0131n talimat\u0131yla tekrardan g\u00f6zalt\u0131na al\u0131nd\u0131 ve \u00e7\u0131kar\u0131ld\u0131\u011f\u0131 mahkeme taraf\u0131ndan tutukland\u0131. Mehmet T\u00fcrkmen\u2019in tutuklanmas\u0131n\u0131n ard\u0131ndan Antalya Emek ve Demokrasi G\u00fc\u00e7leri bug\u00fcn Attalos Heykeli \u00f6n\u00fcne bir bas\u0131n a\u00e7\u0131klamas\u0131 d\u00fczenledi. Burada bir araya gelen kalabal\u0131k grup T\u00fcrkmen\u2019in tutuklanmas\u0131na sert tepki g\u00f6sterdi.\u00a0 \u201cMEHMET T\u00dcRKMEN&#8217;\u0130N SERBEST BIRAKILMASINI \u0130ST\u0130YORUZ\u201d Antalya Emek ve Demokrasi G\u00fc\u00e7leri ve KESK D\u00f6nem S\u00f6zc\u00fcs\u00fc \u0130lhan Karakurt, Mehmet T\u00fcrkmen&#8217;e kar\u015f\u0131 yap\u0131lan bu tutuklama karar\u0131n\u0131 protesto etkilerini belirterek, &#8220;Patronlar\u0131n y\u00fczde 30 zam dayatmas\u0131na kar\u015f\u0131 yay\u0131lan grevleri engellemek i\u00e7in adeta d\u00fc\u015fman hukuku uygulan\u0131yor. Besleme bas\u0131n devreye sokuldu, Valilik eylemleri yasaklad\u0131, e-devletten sendika \u00fcyeli\u011fi engellendi, i\u015f\u00e7ilerin \u00f6n\u00fcne polis-jandarma barikat\u0131 \u00e7ekildi, g\u00f6zalt\u0131 uygulamalar\u0131 ile g\u00f6zda\u011f\u0131 verildi\u2026 Hi\u00e7birinden sonu\u00e7 al\u0131namay\u0131nca hukuksal dayana\u011f\u0131 olmayan bir \u2018su\u00e7 icad\u0131yla\u2019 sendika ba\u015fkan\u0131 Mehmet T\u00fcrkmen tutukland\u0131. Antalya Emek ve &hellip;<\/p>","protected":false},"author":5,"featured_media":0,"comment_status":"open","ping_status":"open","sticky":false,"template":"","format":"standard","meta":{"_acf_changed":false,"footnotes":""},"categories":[24],"tags":[],"class_list":["post-33406","post","type-post","status-publish","format-standard","has-post-thumbnail","hentry","category-gundem"],"acf":[],"yoast_head":"<!-- This site is optimized with the Yoast SEO Premium plugin v26.6 (Yoast SEO v27.1.1) - https:\/\/yoast.com\/product\/yoast-seo-premium-wordpress\/ -->\n<title>Sendika genel ba\u015fkan\u0131n\u0131n tutuklanmas\u0131na Antalya\u2019dan tepki - Av. Deniz Can K\u0131z\u0131l<\/title>\n<meta name=\"robots\" content=\"index, follow, max-snippet:-1, max-image-preview:large, max-video-preview:-1\" \/>\n<link rel=\"canonical\" href=\"https:\/\/denizcankizil.tr\/en\/haberler\/gundem\/sendika-genel-baskaninin-tutuklanmasina-antalyadan-tepki\/\" \/>\n<meta property=\"og:locale\" content=\"en_GB\" \/>\n<meta property=\"og:type\" content=\"article\" \/>\n<meta property=\"og:title\" content=\"Sendika genel ba\u015fkan\u0131n\u0131n tutuklanmas\u0131na Antalya\u2019dan tepki\" \/>\n<meta property=\"og:description\" content=\"Gaziantep Ba\u015fp\u0131nar Organize Sanayi B\u00f6lgesi\u2019nde i\u015f b\u0131rakan i\u015f\u00e7ilerin Demokrasi Meydan\u0131\u2019nda yapaca\u011f\u0131 bas\u0131n a\u00e7\u0131klamas\u0131 \u00f6ncesinde, Birle\u015fik Tekstil Dokuma ve Deri \u0130\u015f\u00e7ileri Sendikas\u0131 (B\u0130RTEK-SEN) Genel Ba\u015fkan\u0131 Mehmet T\u00fcrkmen 14 \u015eubat\u2019ta g\u00f6zalt\u0131na al\u0131nd\u0131. T\u00fcrkmen daha sonra serbest b\u0131rak\u0131ld\u0131. Mehmet T\u00fcrkmen, 16 \u015eubat Pazartesi g\u00fcn\u00fc sosyal medya hesab\u0131 X\u2019ten yapt\u0131\u011f\u0131 payla\u015f\u0131mda, \u201cPatronlar\u0131n iste\u011fiyle bir kez daha g\u00f6zalt\u0131na al\u0131n\u0131yorum. Sendikada i\u015f\u00e7ilerle toplant\u0131 halindeyken gelip sendikan\u0131n kap\u0131s\u0131ndan g\u00f6zalt\u0131na al\u0131n\u0131yorum. Geri gelece\u011fim! M\u00fccadeleye devam\u201d ifadelerini kulland\u0131.\u00a0 ANTALYA\u2019DAN TEPK\u0130 GELD\u0130\u00a0 Bu payla\u015f\u0131m\u0131n ard\u0131ndan T\u00fcrkmen, \u201c\u00e7al\u0131\u015fma h\u00fcrriyetin ihlali\u201d ve \u201csu\u00e7 i\u015flemeye tahrik\u201d iddias\u0131yla savc\u0131n\u0131n talimat\u0131yla tekrardan g\u00f6zalt\u0131na al\u0131nd\u0131 ve \u00e7\u0131kar\u0131ld\u0131\u011f\u0131 mahkeme taraf\u0131ndan tutukland\u0131. Mehmet T\u00fcrkmen\u2019in tutuklanmas\u0131n\u0131n ard\u0131ndan Antalya Emek ve Demokrasi G\u00fc\u00e7leri bug\u00fcn Attalos Heykeli \u00f6n\u00fcne bir bas\u0131n a\u00e7\u0131klamas\u0131 d\u00fczenledi. Burada bir araya gelen kalabal\u0131k grup T\u00fcrkmen\u2019in tutuklanmas\u0131na sert tepki g\u00f6sterdi.\u00a0 \u201cMEHMET T\u00dcRKMEN&#8217;\u0130N SERBEST BIRAKILMASINI \u0130ST\u0130YORUZ\u201d Antalya Emek ve Demokrasi G\u00fc\u00e7leri ve KESK D\u00f6nem S\u00f6zc\u00fcs\u00fc \u0130lhan Karakurt, Mehmet T\u00fcrkmen&#8217;e kar\u015f\u0131 yap\u0131lan bu tutuklama karar\u0131n\u0131 protesto etkilerini belirterek, &#8220;Patronlar\u0131n y\u00fczde 30 zam dayatmas\u0131na kar\u015f\u0131 yay\u0131lan grevleri engellemek i\u00e7in adeta d\u00fc\u015fman hukuku uygulan\u0131yor. Besleme bas\u0131n devreye sokuldu, Valilik eylemleri yasaklad\u0131, e-devletten sendika \u00fcyeli\u011fi engellendi, i\u015f\u00e7ilerin \u00f6n\u00fcne polis-jandarma barikat\u0131 \u00e7ekildi, g\u00f6zalt\u0131 uygulamalar\u0131 ile g\u00f6zda\u011f\u0131 verildi\u2026 Hi\u00e7birinden sonu\u00e7 al\u0131namay\u0131nca hukuksal dayana\u011f\u0131 olmayan bir \u2018su\u00e7 icad\u0131yla\u2019 sendika ba\u015fkan\u0131 Mehmet T\u00fcrkmen tutukland\u0131. Antalya Emek ve &hellip;\" \/>\n<meta property=\"og:url\" content=\"https:\/\/denizcankizil.tr\/en\/haberler\/gundem\/sendika-genel-baskaninin-tutuklanmasina-antalyadan-tepki\/\" \/>\n<meta property=\"og:site_name\" content=\"Av. Deniz Can K\u0131z\u0131l\" \/>\n<meta property=\"article:published_time\" content=\"2025-02-18T17:41:17+00:00\" \/>\n<meta name=\"author\" content=\"Antalya K\u00f6rfez\" \/>\n<meta name=\"twitter:card\" content=\"summary_large_image\" \/>\n<meta name=\"twitter:label1\" content=\"Written by\" \/>\n\t<meta name=\"twitter:data1\" content=\"Antalya K\u00f6rfez\" \/>\n\t<meta name=\"twitter:label2\" content=\"Estimated reading time\" \/>\n\t<meta name=\"twitter:data2\" content=\"5 minutes\" \/>\n<script type=\"application\/ld+json\" class=\"yoast-schema-graph\">{\"@context\":\"https:\/\/schema.org\",\"@graph\":[{\"@type\":\"Article\",\"@id\":\"https:\/\/denizcankizil.tr\/ru\/haberler\/gundem\/sendika-genel-baskaninin-tutuklanmasina-antalyadan-tepki\/#article\",\"isPartOf\":{\"@id\":\"https:\/\/denizcankizil.tr\/ru\/haberler\/gundem\/sendika-genel-baskaninin-tutuklanmasina-antalyadan-tepki\/\"},\"author\":{\"name\":\"Antalya K\u00f6rfez\",\"@id\":\"https:\/\/denizcankizil.tr\/de\/#\/schema\/person\/e1eb71bb4dd684d46563f0af307e1234\"},\"headline\":\"Sendika genel ba\u015fkan\u0131n\u0131n tutuklanmas\u0131na Antalya\u2019dan tepki\",\"datePublished\":\"2025-02-18T17:41:17+00:00\",\"mainEntityOfPage\":{\"@id\":\"https:\/\/denizcankizil.tr\/ru\/haberler\/gundem\/sendika-genel-baskaninin-tutuklanmasina-antalyadan-tepki\/\"},\"wordCount\":941,\"commentCount\":0,\"publisher\":{\"@id\":\"https:\/\/denizcankizil.tr\/de\/#organization\"},\"articleSection\":[\"G\u00fcndem\"],\"inLanguage\":\"en-GB\",\"potentialAction\":[{\"@type\":\"CommentAction\",\"name\":\"Comment\",\"target\":[\"https:\/\/denizcankizil.tr\/ru\/haberler\/gundem\/sendika-genel-baskaninin-tutuklanmasina-antalyadan-tepki\/#respond\"]}]},{\"@type\":\"WebPage\",\"@id\":\"https:\/\/denizcankizil.tr\/ru\/haberler\/gundem\/sendika-genel-baskaninin-tutuklanmasina-antalyadan-tepki\/\",\"url\":\"https:\/\/denizcankizil.tr\/ru\/haberler\/gundem\/sendika-genel-baskaninin-tutuklanmasina-antalyadan-tepki\/\",\"name\":\"Sendika genel ba\u015fkan\u0131n\u0131n tutuklanmas\u0131na Antalya\u2019dan tepki - Av. Deniz Can K\u0131z\u0131l\",\"isPartOf\":{\"@id\":\"https:\/\/denizcankizil.tr\/de\/#website\"},\"datePublished\":\"2025-02-18T17:41:17+00:00\",\"breadcrumb\":{\"@id\":\"https:\/\/denizcankizil.tr\/ru\/haberler\/gundem\/sendika-genel-baskaninin-tutuklanmasina-antalyadan-tepki\/#breadcrumb\"},\"inLanguage\":\"en-GB\",\"potentialAction\":[{\"@type\":\"ReadAction\",\"target\":[\"https:\/\/denizcankizil.tr\/ru\/haberler\/gundem\/sendika-genel-baskaninin-tutuklanmasina-antalyadan-tepki\/\"]}]},{\"@type\":\"BreadcrumbList\",\"@id\":\"https:\/\/denizcankizil.tr\/ru\/haberler\/gundem\/sendika-genel-baskaninin-tutuklanmasina-antalyadan-tepki\/#breadcrumb\",\"itemListElement\":[{\"@type\":\"ListItem\",\"position\":1,\"name\":\"Home\",\"item\":\"https:\/\/denizcankizil.tr\/de\/\"},{\"@type\":\"ListItem\",\"position\":2,\"name\":\"Sendika genel ba\u015fkan\u0131n\u0131n tutuklanmas\u0131na Antalya\u2019dan tepki\"}]},{\"@type\":\"WebSite\",\"@id\":\"https:\/\/denizcankizil.tr\/de\/#website\",\"url\":\"https:\/\/denizcankizil.tr\/de\/\",\"name\":\"Av. Deniz Can K\u0131z\u0131l\",\"description\":\"Avukat Deniz Can K\u0131z\u0131l Antalya Barosu\",\"publisher\":{\"@id\":\"https:\/\/denizcankizil.tr\/de\/#organization\"},\"potentialAction\":[{\"@type\":\"SearchAction\",\"target\":{\"@type\":\"EntryPoint\",\"urlTemplate\":\"https:\/\/denizcankizil.tr\/de\/?s={search_term_string}\"},\"query-input\":{\"@type\":\"PropertyValueSpecification\",\"valueRequired\":true,\"valueName\":\"search_term_string\"}}],\"inLanguage\":\"en-GB\"},{\"@type\":\"Organization\",\"@id\":\"https:\/\/denizcankizil.tr\/de\/#organization\",\"name\":\"Av. Deniz Can K\u0131z\u0131l\",\"url\":\"https:\/\/denizcankizil.tr\/de\/\",\"logo\":{\"@type\":\"ImageObject\",\"inLanguage\":\"en-GB\",\"@id\":\"https:\/\/denizcankizil.tr\/de\/#\/schema\/logo\/image\/\",\"url\":\"https:\/\/denizcankizil.tr\/wp-content\/uploads\/2024\/10\/siyah-logo-svg.svg\",\"contentUrl\":\"https:\/\/denizcankizil.tr\/wp-content\/uploads\/2024\/10\/siyah-logo-svg.svg\",\"width\":1080,\"height\":1080,\"caption\":\"Av. Deniz Can K\u0131z\u0131l\"},\"image\":{\"@id\":\"https:\/\/denizcankizil.tr\/de\/#\/schema\/logo\/image\/\"}},{\"@type\":\"Person\",\"@id\":\"https:\/\/denizcankizil.tr\/de\/#\/schema\/person\/e1eb71bb4dd684d46563f0af307e1234\",\"name\":\"Antalya K\u00f6rfez\",\"image\":{\"@type\":\"ImageObject\",\"inLanguage\":\"en-GB\",\"@id\":\"https:\/\/denizcankizil.tr\/de\/#\/schema\/person\/image\/\",\"url\":\"https:\/\/secure.gravatar.com\/avatar\/42b01982558a48a0b501fdcab6a408d3717ea5919095ee2e67b0e521799c5905?s=96&d=mm&r=g\",\"contentUrl\":\"https:\/\/secure.gravatar.com\/avatar\/42b01982558a48a0b501fdcab6a408d3717ea5919095ee2e67b0e521799c5905?s=96&d=mm&r=g\",\"caption\":\"Antalya K\u00f6rfez\"},\"sameAs\":[\"http:\/\/www.antalyakorfez.com\"],\"url\":\"https:\/\/www.antalyakorfez.com\/sendika-genel-baskaninin-tutuklanmasina-antalyadan-tepki\"}]}<\/script>\n<!-- \/ Yoast SEO Premium plugin. -->","yoast_head_json":{"title":"Sendika genel ba\u015fkan\u0131n\u0131n tutuklanmas\u0131na Antalya\u2019dan tepki - Av. Deniz Can K\u0131z\u0131l","robots":{"index":"index","follow":"follow","max-snippet":"max-snippet:-1","max-image-preview":"max-image-preview:large","max-video-preview":"max-video-preview:-1"},"canonical":"https:\/\/denizcankizil.tr\/en\/haberler\/gundem\/sendika-genel-baskaninin-tutuklanmasina-antalyadan-tepki\/","og_locale":"en_GB","og_type":"article","og_title":"Sendika genel ba\u015fkan\u0131n\u0131n tutuklanmas\u0131na Antalya\u2019dan tepki","og_description":"Gaziantep Ba\u015fp\u0131nar Organize Sanayi B\u00f6lgesi\u2019nde i\u015f b\u0131rakan i\u015f\u00e7ilerin Demokrasi Meydan\u0131\u2019nda yapaca\u011f\u0131 bas\u0131n a\u00e7\u0131klamas\u0131 \u00f6ncesinde, Birle\u015fik Tekstil Dokuma ve Deri \u0130\u015f\u00e7ileri Sendikas\u0131 (B\u0130RTEK-SEN) Genel Ba\u015fkan\u0131 Mehmet T\u00fcrkmen 14 \u015eubat\u2019ta g\u00f6zalt\u0131na al\u0131nd\u0131. T\u00fcrkmen daha sonra serbest b\u0131rak\u0131ld\u0131. Mehmet T\u00fcrkmen, 16 \u015eubat Pazartesi g\u00fcn\u00fc sosyal medya hesab\u0131 X\u2019ten yapt\u0131\u011f\u0131 payla\u015f\u0131mda, \u201cPatronlar\u0131n iste\u011fiyle bir kez daha g\u00f6zalt\u0131na al\u0131n\u0131yorum. Sendikada i\u015f\u00e7ilerle toplant\u0131 halindeyken gelip sendikan\u0131n kap\u0131s\u0131ndan g\u00f6zalt\u0131na al\u0131n\u0131yorum. Geri gelece\u011fim! M\u00fccadeleye devam\u201d ifadelerini kulland\u0131.\u00a0 ANTALYA\u2019DAN TEPK\u0130 GELD\u0130\u00a0 Bu payla\u015f\u0131m\u0131n ard\u0131ndan T\u00fcrkmen, \u201c\u00e7al\u0131\u015fma h\u00fcrriyetin ihlali\u201d ve \u201csu\u00e7 i\u015flemeye tahrik\u201d iddias\u0131yla savc\u0131n\u0131n talimat\u0131yla tekrardan g\u00f6zalt\u0131na al\u0131nd\u0131 ve \u00e7\u0131kar\u0131ld\u0131\u011f\u0131 mahkeme taraf\u0131ndan tutukland\u0131. Mehmet T\u00fcrkmen\u2019in tutuklanmas\u0131n\u0131n ard\u0131ndan Antalya Emek ve Demokrasi G\u00fc\u00e7leri bug\u00fcn Attalos Heykeli \u00f6n\u00fcne bir bas\u0131n a\u00e7\u0131klamas\u0131 d\u00fczenledi. Burada bir araya gelen kalabal\u0131k grup T\u00fcrkmen\u2019in tutuklanmas\u0131na sert tepki g\u00f6sterdi.\u00a0 \u201cMEHMET T\u00dcRKMEN&#8217;\u0130N SERBEST BIRAKILMASINI \u0130ST\u0130YORUZ\u201d Antalya Emek ve Demokrasi G\u00fc\u00e7leri ve KESK D\u00f6nem S\u00f6zc\u00fcs\u00fc \u0130lhan Karakurt, Mehmet T\u00fcrkmen&#8217;e kar\u015f\u0131 yap\u0131lan bu tutuklama karar\u0131n\u0131 protesto etkilerini belirterek, &#8220;Patronlar\u0131n y\u00fczde 30 zam dayatmas\u0131na kar\u015f\u0131 yay\u0131lan grevleri engellemek i\u00e7in adeta d\u00fc\u015fman hukuku uygulan\u0131yor. Besleme bas\u0131n devreye sokuldu, Valilik eylemleri yasaklad\u0131, e-devletten sendika \u00fcyeli\u011fi engellendi, i\u015f\u00e7ilerin \u00f6n\u00fcne polis-jandarma barikat\u0131 \u00e7ekildi, g\u00f6zalt\u0131 uygulamalar\u0131 ile g\u00f6zda\u011f\u0131 verildi\u2026 Hi\u00e7birinden sonu\u00e7 al\u0131namay\u0131nca hukuksal dayana\u011f\u0131 olmayan bir \u2018su\u00e7 icad\u0131yla\u2019 sendika ba\u015fkan\u0131 Mehmet T\u00fcrkmen tutukland\u0131. Antalya Emek ve &hellip;","og_url":"https:\/\/denizcankizil.tr\/en\/haberler\/gundem\/sendika-genel-baskaninin-tutuklanmasina-antalyadan-tepki\/","og_site_name":"Av. Deniz Can K\u0131z\u0131l","article_published_time":"2025-02-18T17:41:17+00:00","author":"Antalya K\u00f6rfez","twitter_card":"summary_large_image","twitter_misc":{"Written by":"Antalya K\u00f6rfez","Estimated reading time":"5 minutes"},"schema":{"@context":"https:\/\/schema.org","@graph":[{"@type":"Article","@id":"https:\/\/denizcankizil.tr\/ru\/haberler\/gundem\/sendika-genel-baskaninin-tutuklanmasina-antalyadan-tepki\/#article","isPartOf":{"@id":"https:\/\/denizcankizil.tr\/ru\/haberler\/gundem\/sendika-genel-baskaninin-tutuklanmasina-antalyadan-tepki\/"},"author":{"name":"Antalya K\u00f6rfez","@id":"https:\/\/denizcankizil.tr\/de\/#\/schema\/person\/e1eb71bb4dd684d46563f0af307e1234"},"headline":"Sendika genel ba\u015fkan\u0131n\u0131n tutuklanmas\u0131na Antalya\u2019dan tepki","datePublished":"2025-02-18T17:41:17+00:00","mainEntityOfPage":{"@id":"https:\/\/denizcankizil.tr\/ru\/haberler\/gundem\/sendika-genel-baskaninin-tutuklanmasina-antalyadan-tepki\/"},"wordCount":941,"commentCount":0,"publisher":{"@id":"https:\/\/denizcankizil.tr\/de\/#organization"},"articleSection":["G\u00fcndem"],"inLanguage":"en-GB","potentialAction":[{"@type":"CommentAction","name":"Comment","target":["https:\/\/denizcankizil.tr\/ru\/haberler\/gundem\/sendika-genel-baskaninin-tutuklanmasina-antalyadan-tepki\/#respond"]}]},{"@type":"WebPage","@id":"https:\/\/denizcankizil.tr\/ru\/haberler\/gundem\/sendika-genel-baskaninin-tutuklanmasina-antalyadan-tepki\/","url":"https:\/\/denizcankizil.tr\/ru\/haberler\/gundem\/sendika-genel-baskaninin-tutuklanmasina-antalyadan-tepki\/","name":"Sendika genel ba\u015fkan\u0131n\u0131n tutuklanmas\u0131na Antalya\u2019dan tepki - Av. Deniz Can K\u0131z\u0131l","isPartOf":{"@id":"https:\/\/denizcankizil.tr\/de\/#website"},"datePublished":"2025-02-18T17:41:17+00:00","breadcrumb":{"@id":"https:\/\/denizcankizil.tr\/ru\/haberler\/gundem\/sendika-genel-baskaninin-tutuklanmasina-antalyadan-tepki\/#breadcrumb"},"inLanguage":"en-GB","potentialAction":[{"@type":"ReadAction","target":["https:\/\/denizcankizil.tr\/ru\/haberler\/gundem\/sendika-genel-baskaninin-tutuklanmasina-antalyadan-tepki\/"]}]},{"@type":"BreadcrumbList","@id":"https:\/\/denizcankizil.tr\/ru\/haberler\/gundem\/sendika-genel-baskaninin-tutuklanmasina-antalyadan-tepki\/#breadcrumb","itemListElement":[{"@type":"ListItem","position":1,"name":"Home","item":"https:\/\/denizcankizil.tr\/de\/"},{"@type":"ListItem","position":2,"name":"Sendika genel ba\u015fkan\u0131n\u0131n tutuklanmas\u0131na Antalya\u2019dan tepki"}]},{"@type":"WebSite","@id":"https:\/\/denizcankizil.tr\/de\/#website","url":"https:\/\/denizcankizil.tr\/de\/","name":"Av. Deniz Can K\u0131z\u0131l","description":"Avukat Deniz Can K\u0131z\u0131l Antalya Barosu","publisher":{"@id":"https:\/\/denizcankizil.tr\/de\/#organization"},"potentialAction":[{"@type":"SearchAction","target":{"@type":"EntryPoint","urlTemplate":"https:\/\/denizcankizil.tr\/de\/?s={search_term_string}"},"query-input":{"@type":"PropertyValueSpecification","valueRequired":true,"valueName":"search_term_string"}}],"inLanguage":"en-GB"},{"@type":"Organization","@id":"https:\/\/denizcankizil.tr\/de\/#organization","name":"Av. Deniz Can K\u0131z\u0131l","url":"https:\/\/denizcankizil.tr\/de\/","logo":{"@type":"ImageObject","inLanguage":"en-GB","@id":"https:\/\/denizcankizil.tr\/de\/#\/schema\/logo\/image\/","url":"https:\/\/denizcankizil.tr\/wp-content\/uploads\/2024\/10\/siyah-logo-svg.svg","contentUrl":"https:\/\/denizcankizil.tr\/wp-content\/uploads\/2024\/10\/siyah-logo-svg.svg","width":1080,"height":1080,"caption":"Av. Deniz Can K\u0131z\u0131l"},"image":{"@id":"https:\/\/denizcankizil.tr\/de\/#\/schema\/logo\/image\/"}},{"@type":"Person","@id":"https:\/\/denizcankizil.tr\/de\/#\/schema\/person\/e1eb71bb4dd684d46563f0af307e1234","name":"Antalya K\u00f6rfez","image":{"@type":"ImageObject","inLanguage":"en-GB","@id":"https:\/\/denizcankizil.tr\/de\/#\/schema\/person\/image\/","url":"https:\/\/secure.gravatar.com\/avatar\/42b01982558a48a0b501fdcab6a408d3717ea5919095ee2e67b0e521799c5905?s=96&d=mm&r=g","contentUrl":"https:\/\/secure.gravatar.com\/avatar\/42b01982558a48a0b501fdcab6a408d3717ea5919095ee2e67b0e521799c5905?s=96&d=mm&r=g","caption":"Antalya K\u00f6rfez"},"sameAs":["http:\/\/www.antalyakorfez.com"],"url":"https:\/\/www.antalyakorfez.com\/sendika-genel-baskaninin-tutuklanmasina-antalyadan-tepki"}]}},"_links":{"self":[{"href":"https:\/\/denizcankizil.tr\/en\/wp-json\/wp\/v2\/posts\/33406","targetHints":{"allow":["GET"]}}],"collection":[{"href":"https:\/\/denizcankizil.tr\/en\/wp-json\/wp\/v2\/posts"}],"about":[{"href":"https:\/\/denizcankizil.tr\/en\/wp-json\/wp\/v2\/types\/post"}],"author":[{"embeddable":true,"href":"https:\/\/denizcankizil.tr\/en\/wp-json\/wp\/v2\/users\/5"}],"replies":[{"embeddable":true,"href":"https:\/\/denizcankizil.tr\/en\/wp-json\/wp\/v2\/comments?post=33406"}],"version-history":[{"count":0,"href":"https:\/\/denizcankizil.tr\/en\/wp-json\/wp\/v2\/posts\/33406\/revisions"}],"wp:attachment":[{"href":"https:\/\/denizcankizil.tr\/en\/wp-json\/wp\/v2\/media?parent=33406"}],"wp:term":[{"taxonomy":"category","embeddable":true,"href":"https:\/\/denizcankizil.tr\/en\/wp-json\/wp\/v2\/categories?post=33406"},{"taxonomy":"post_tag","embeddable":true,"href":"https:\/\/denizcankizil.tr\/en\/wp-json\/wp\/v2\/tags?post=33406"}],"curies":[{"name":"wp","href":"https:\/\/api.w.org\/{rel}","templated":true}]}}