{"id":33323,"date":"2025-02-18T12:41:31","date_gmt":"2025-02-18T09:41:31","guid":{"rendered":"https:\/\/denizcankizil.tr\/uncategorized-tr\/kepezde-sanat-cadiri-acildi\/"},"modified":"2025-02-18T12:41:31","modified_gmt":"2025-02-18T09:41:31","slug":"kepezde-sanat-cadiri-acildi","status":"publish","type":"post","link":"https:\/\/denizcankizil.tr\/en\/haberler\/antalya\/kepezde-sanat-cadiri-acildi\/","title":{"rendered":"Kepez\u2019de \u2018Sanat \u00c7ad\u0131r\u0131\u2019 a\u00e7\u0131ld\u0131"},"content":{"rendered":"<p>Kepez\u2019in Kuzeyyaka Mahallesi\u2019nde kurulan Sanat \u00c7ad\u0131r\u0131, \u00e7ocuklar ve gen\u00e7ler i\u00e7in sanatla bulu\u015fma noktas\u0131 oldu. Projenin fikir babalar\u0131 Kuzeyyaka Mahalle Muhtar\u0131 Mustafa Minneto\u011flu ve ressam Ahmet Ko\u00e7ak, Ba\u015fkan Mesut Kocag\u00f6z\u2019\u00fc ziyaret ederek parka gelen \u00e7ocuklar\u0131 resim sanat\u0131 ile bulu\u015fturmak istediklerini bildirdi. Ba\u015fkan Kocag\u00f6z ise bu iste\u011fe kay\u0131ts\u0131z kalmay\u0131p, &#8220;\u00c7ocuklar\u0131m\u0131z ve gen\u00e7lerimiz i\u00e7in d\u00fc\u015f\u00fcn\u00fclen her g\u00fczel giri\u015fimin ard\u0131nday\u0131z&#8221; diyerek ayn\u0131 g\u00fcn i\u00e7inde sanat \u00e7ad\u0131r\u0131n\u0131 mahalleye kazand\u0131rd\u0131.<br \/>\nKepez Belediyesi\u2019nin kurdu\u011fu 50 metrekarelik \u00e7ad\u0131r alan\u0131nda mahallenin \u00e7ocuklar\u0131 ve gen\u00e7leri sanatla bulu\u015ftu. \u00dccretsiz olarak hizmet veren at\u00f6lyede, tuvalden f\u0131r\u00e7aya, ya\u011fl\u0131 boyadan di\u011fer resim malzemelerine kadar her t\u00fcrl\u00fc ihtiya\u00e7, Ba\u015fkan Kocag\u00f6z taraf\u0131ndan \u00e7ocuklara arma\u011fan edildi.<\/p>\n<p>&#8220;Gelece\u011fe yap\u0131lan en b\u00fcy\u00fck yat\u0131r\u0131m&#8221;<br \/>\nKepez Belediye Ba\u015fkan\u0131 Mesut Kocag\u00f6z, Kuzeyyaka Mahallesi\u2019nde muhtarl\u0131k park\u0131na kurulan sanat \u00e7ad\u0131r\u0131n\u0131 ziyaret ederek a\u00e7\u0131l\u0131\u015f\u0131n\u0131 ger\u00e7ekle\u015ftirdi. &#8220;\u00c7ocuklar\u0131m\u0131z\u0131n sanata y\u00f6nlendirilmesi, gelece\u011fe yap\u0131lan en b\u00fcy\u00fck yat\u0131r\u0131md\u0131r&#8221; diyen Ba\u015fkan Kocag\u00f6z, &#8220;Onlar\u0131n elinden tutup yeteneklerini geli\u015ftirmeleri i\u00e7in imkan sunmak bizim en b\u00fcy\u00fck g\u00f6revimizdir&#8221; dedi.<br \/>\nBa\u015fkan Kocag\u00f6z, projenin fikir babas\u0131 olan Kuzeyyaka Mahalle Muhtar\u0131 Mustafa Minneto\u011flu ve mahalle sakini ressam Ahmet Ko\u00e7ak\u2019\u0131 tebrik ederek, &#8220;Sizi g\u00f6n\u00fclden kutluyorum. \u00c7ocuklar\u0131m\u0131z ve gen\u00e7lerimiz i\u00e7in d\u00fc\u015f\u00fcn\u00fclen her fikir bizim i\u00e7in \u00e7ok k\u0131ymetlidir. Sanatla b\u00fcy\u00fcyen nesiller, gelece\u011fe daha g\u00fc\u00e7l\u00fc ve bilin\u00e7li ad\u0131mlarla y\u00fcr\u00fcr&#8221; diye konu\u015ftu. Ba\u015fkan Kocag\u00f6z, sanat \u00e7ad\u0131r\u0131nda resim yapan \u00e7ocuk ve gen\u00e7lerle sohbet etti. Tuval \u00fczerine ya\u011fl\u0131 boya ile ismini yazd\u0131.<\/p>\n<p>Sanat \u00e7ad\u0131r\u0131na 300 ba\u015fvuru<br \/>\nKuzeyyaka Mahallesi\u2019nin sanat \u00e7ad\u0131r\u0131, k\u0131sa s\u00fcrede b\u00fcy\u00fck ilgi g\u00f6rd\u00fc. Sanat \u00e7ad\u0131r\u0131nda resim yapmak i\u00e7in \u015fu ana kadar 300 ki\u015fi ba\u015fvuruda bulundu. \u00c7ad\u0131r\u0131n duvarlar\u0131n\u0131, burada e\u011fitim alan \u00e7ocuklar\u0131n ve gen\u00e7lerin yapt\u0131\u011f\u0131 20 ya\u011fl\u0131 boya tablo s\u00fcsl\u00fcyor.<br \/>\nSanat \u00e7ad\u0131r\u0131nda e\u011fitim veren ve ayn\u0131 zamanda mahalle sakini olan ressam Ahmet Ko\u00e7ak, \u00e7ocuklar\u0131n parkta bo\u015f zaman ge\u00e7irmemesi ve k\u00f6t\u00fc al\u0131\u015fkanl\u0131klardan uzak durmas\u0131 i\u00e7in b\u00f6yle bir fikir d\u00fc\u015f\u00fcnd\u00fcklerini s\u00f6yledi. Ko\u00e7ak, &#8220;Sanat, bir \u00e7ocu\u011fun hayat\u0131n\u0131 de\u011fi\u015ftirebilir. Onlar\u0131n vakitlerini verimli kullanmalar\u0131n\u0131 ve kendilerini ke\u015ffetmelerini istiyoruz. Kepez Belediye Ba\u015fkan\u0131m\u0131z Mesut Kocag\u00f6z\u2019e deste\u011finden dolay\u0131 \u00e7ok te\u015fekk\u00fcr ederiz&#8221; dedi.<br \/>\nBa\u015fkan Kocag\u00f6z, Kuzeyyaka mahallesi ziyaretinde, Mahalle Muhtar\u0131 Mustafa Minneto\u011flu\u2019nun ev sahipli\u011finde d\u00fczenlenen kahvalt\u0131 davetine kat\u0131ld\u0131. Muhtarl\u0131k binas\u0131nda d\u00fczenlenen kahvalt\u0131 program\u0131na Varsak Ayano\u011flu Muhtar\u0131 Tevrat Akg\u00f6z, Fevzi \u00c7akmak Mahalle Muhtar\u0131 Mehmet Sidal, G\u00fcndo\u011fdu Mahalle Muhtar\u0131 Ceylan \u00c7elik, S\u00fct\u00e7\u00fcler Mahalle Muhtar\u0131 Veli Ko\u00e7, Habipler Mahalle Muhtar\u0131 Bekir K\u0131nay, D\u00fcdenba\u015f\u0131 Mahalle Muhtar\u0131 Murat Mirza ve Gazi Mahalle Muhtar\u0131 Kemal S\u00f6zen, kat\u0131ld\u0131.<\/p>\n<p>Kaynak: www.kanalv.com.tr Haber Sitesinden Al\u0131nm\u0131\u015ft\u0131r.<\/p>","protected":false},"excerpt":{"rendered":"<p>Kepez\u2019in Kuzeyyaka Mahallesi\u2019nde kurulan Sanat \u00c7ad\u0131r\u0131, \u00e7ocuklar ve gen\u00e7ler i\u00e7in sanatla bulu\u015fma noktas\u0131 oldu. Projenin fikir babalar\u0131 Kuzeyyaka Mahalle Muhtar\u0131 Mustafa Minneto\u011flu ve ressam Ahmet Ko\u00e7ak, Ba\u015fkan Mesut Kocag\u00f6z\u2019\u00fc ziyaret ederek parka gelen \u00e7ocuklar\u0131 resim sanat\u0131 ile bulu\u015fturmak istediklerini bildirdi. Ba\u015fkan Kocag\u00f6z ise bu iste\u011fe kay\u0131ts\u0131z kalmay\u0131p, &#8220;\u00c7ocuklar\u0131m\u0131z ve gen\u00e7lerimiz i\u00e7in d\u00fc\u015f\u00fcn\u00fclen her g\u00fczel giri\u015fimin ard\u0131nday\u0131z&#8221; diyerek ayn\u0131 g\u00fcn i\u00e7inde sanat \u00e7ad\u0131r\u0131n\u0131 mahalleye kazand\u0131rd\u0131. Kepez Belediyesi\u2019nin kurdu\u011fu 50 metrekarelik \u00e7ad\u0131r alan\u0131nda mahallenin \u00e7ocuklar\u0131 ve gen\u00e7leri sanatla bulu\u015ftu. \u00dccretsiz olarak hizmet veren at\u00f6lyede, tuvalden f\u0131r\u00e7aya, ya\u011fl\u0131 boyadan di\u011fer resim malzemelerine kadar her t\u00fcrl\u00fc ihtiya\u00e7, Ba\u015fkan Kocag\u00f6z taraf\u0131ndan \u00e7ocuklara arma\u011fan edildi. &#8220;Gelece\u011fe yap\u0131lan en b\u00fcy\u00fck yat\u0131r\u0131m&#8221; Kepez Belediye Ba\u015fkan\u0131 Mesut Kocag\u00f6z, Kuzeyyaka Mahallesi\u2019nde muhtarl\u0131k park\u0131na kurulan sanat \u00e7ad\u0131r\u0131n\u0131 ziyaret ederek a\u00e7\u0131l\u0131\u015f\u0131n\u0131 ger\u00e7ekle\u015ftirdi. &#8220;\u00c7ocuklar\u0131m\u0131z\u0131n sanata y\u00f6nlendirilmesi, gelece\u011fe yap\u0131lan en b\u00fcy\u00fck yat\u0131r\u0131md\u0131r&#8221; diyen Ba\u015fkan Kocag\u00f6z, &#8220;Onlar\u0131n elinden tutup yeteneklerini geli\u015ftirmeleri i\u00e7in imkan sunmak bizim en b\u00fcy\u00fck g\u00f6revimizdir&#8221; dedi. Ba\u015fkan Kocag\u00f6z, projenin fikir babas\u0131 olan Kuzeyyaka Mahalle Muhtar\u0131 Mustafa Minneto\u011flu ve mahalle sakini ressam Ahmet Ko\u00e7ak\u2019\u0131 tebrik ederek, &#8220;Sizi g\u00f6n\u00fclden kutluyorum. \u00c7ocuklar\u0131m\u0131z ve gen\u00e7lerimiz i\u00e7in d\u00fc\u015f\u00fcn\u00fclen her fikir bizim i\u00e7in \u00e7ok k\u0131ymetlidir. Sanatla b\u00fcy\u00fcyen nesiller, gelece\u011fe daha g\u00fc\u00e7l\u00fc ve bilin\u00e7li ad\u0131mlarla y\u00fcr\u00fcr&#8221; diye konu\u015ftu. Ba\u015fkan Kocag\u00f6z, sanat \u00e7ad\u0131r\u0131nda resim yapan \u00e7ocuk ve gen\u00e7lerle sohbet etti. &hellip;<\/p>","protected":false},"author":4,"featured_media":33324,"comment_status":"open","ping_status":"open","sticky":false,"template":"","format":"standard","meta":{"_acf_changed":false,"footnotes":""},"categories":[26],"tags":[],"class_list":["post-33323","post","type-post","status-publish","format-standard","has-post-thumbnail","hentry","category-antalya"],"acf":[],"yoast_head":"<!-- This site is optimized with the Yoast SEO Premium plugin v26.6 (Yoast SEO v27.1.1) - https:\/\/yoast.com\/product\/yoast-seo-premium-wordpress\/ -->\n<title>Kepez\u2019de \u2018Sanat \u00c7ad\u0131r\u0131\u2019 a\u00e7\u0131ld\u0131 - Av. Deniz Can K\u0131z\u0131l<\/title>\n<meta name=\"robots\" content=\"index, follow, max-snippet:-1, max-image-preview:large, max-video-preview:-1\" \/>\n<link rel=\"canonical\" href=\"https:\/\/denizcankizil.tr\/en\/haberler\/antalya\/kepezde-sanat-cadiri-acildi\/\" \/>\n<meta property=\"og:locale\" content=\"en_GB\" \/>\n<meta property=\"og:type\" content=\"article\" \/>\n<meta property=\"og:title\" content=\"Kepez\u2019de \u2018Sanat \u00c7ad\u0131r\u0131\u2019 a\u00e7\u0131ld\u0131\" \/>\n<meta property=\"og:description\" content=\"Kepez\u2019in Kuzeyyaka Mahallesi\u2019nde kurulan Sanat \u00c7ad\u0131r\u0131, \u00e7ocuklar ve gen\u00e7ler i\u00e7in sanatla bulu\u015fma noktas\u0131 oldu. Projenin fikir babalar\u0131 Kuzeyyaka Mahalle Muhtar\u0131 Mustafa Minneto\u011flu ve ressam Ahmet Ko\u00e7ak, Ba\u015fkan Mesut Kocag\u00f6z\u2019\u00fc ziyaret ederek parka gelen \u00e7ocuklar\u0131 resim sanat\u0131 ile bulu\u015fturmak istediklerini bildirdi. Ba\u015fkan Kocag\u00f6z ise bu iste\u011fe kay\u0131ts\u0131z kalmay\u0131p, &#8220;\u00c7ocuklar\u0131m\u0131z ve gen\u00e7lerimiz i\u00e7in d\u00fc\u015f\u00fcn\u00fclen her g\u00fczel giri\u015fimin ard\u0131nday\u0131z&#8221; diyerek ayn\u0131 g\u00fcn i\u00e7inde sanat \u00e7ad\u0131r\u0131n\u0131 mahalleye kazand\u0131rd\u0131. Kepez Belediyesi\u2019nin kurdu\u011fu 50 metrekarelik \u00e7ad\u0131r alan\u0131nda mahallenin \u00e7ocuklar\u0131 ve gen\u00e7leri sanatla bulu\u015ftu. \u00dccretsiz olarak hizmet veren at\u00f6lyede, tuvalden f\u0131r\u00e7aya, ya\u011fl\u0131 boyadan di\u011fer resim malzemelerine kadar her t\u00fcrl\u00fc ihtiya\u00e7, Ba\u015fkan Kocag\u00f6z taraf\u0131ndan \u00e7ocuklara arma\u011fan edildi. &#8220;Gelece\u011fe yap\u0131lan en b\u00fcy\u00fck yat\u0131r\u0131m&#8221; Kepez Belediye Ba\u015fkan\u0131 Mesut Kocag\u00f6z, Kuzeyyaka Mahallesi\u2019nde muhtarl\u0131k park\u0131na kurulan sanat \u00e7ad\u0131r\u0131n\u0131 ziyaret ederek a\u00e7\u0131l\u0131\u015f\u0131n\u0131 ger\u00e7ekle\u015ftirdi. &#8220;\u00c7ocuklar\u0131m\u0131z\u0131n sanata y\u00f6nlendirilmesi, gelece\u011fe yap\u0131lan en b\u00fcy\u00fck yat\u0131r\u0131md\u0131r&#8221; diyen Ba\u015fkan Kocag\u00f6z, &#8220;Onlar\u0131n elinden tutup yeteneklerini geli\u015ftirmeleri i\u00e7in imkan sunmak bizim en b\u00fcy\u00fck g\u00f6revimizdir&#8221; dedi. Ba\u015fkan Kocag\u00f6z, projenin fikir babas\u0131 olan Kuzeyyaka Mahalle Muhtar\u0131 Mustafa Minneto\u011flu ve mahalle sakini ressam Ahmet Ko\u00e7ak\u2019\u0131 tebrik ederek, &#8220;Sizi g\u00f6n\u00fclden kutluyorum. \u00c7ocuklar\u0131m\u0131z ve gen\u00e7lerimiz i\u00e7in d\u00fc\u015f\u00fcn\u00fclen her fikir bizim i\u00e7in \u00e7ok k\u0131ymetlidir. Sanatla b\u00fcy\u00fcyen nesiller, gelece\u011fe daha g\u00fc\u00e7l\u00fc ve bilin\u00e7li ad\u0131mlarla y\u00fcr\u00fcr&#8221; diye konu\u015ftu. Ba\u015fkan Kocag\u00f6z, sanat \u00e7ad\u0131r\u0131nda resim yapan \u00e7ocuk ve gen\u00e7lerle sohbet etti. &hellip;\" \/>\n<meta property=\"og:url\" content=\"https:\/\/denizcankizil.tr\/en\/haberler\/antalya\/kepezde-sanat-cadiri-acildi\/\" \/>\n<meta property=\"og:site_name\" content=\"Av. Deniz Can K\u0131z\u0131l\" \/>\n<meta property=\"article:published_time\" content=\"2025-02-18T09:41:31+00:00\" \/>\n<meta property=\"og:image\" content=\"https:\/\/denizcankizil.tr\/wp-content\/uploads\/2025\/02\/5021-01-pmceCi.jpeg\" \/>\n\t<meta property=\"og:image:width\" content=\"1280\" \/>\n\t<meta property=\"og:image:height\" content=\"720\" \/>\n\t<meta property=\"og:image:type\" content=\"image\/jpeg\" \/>\n<meta name=\"author\" content=\"Av. Deniz Can K\u0131z\u0131l\" \/>\n<meta name=\"twitter:card\" content=\"summary_large_image\" \/>\n<meta name=\"twitter:label1\" content=\"Written by\" \/>\n\t<meta name=\"twitter:data1\" content=\"Av. Deniz Can K\u0131z\u0131l\" \/>\n\t<meta name=\"twitter:label2\" content=\"Estimated reading time\" \/>\n\t<meta name=\"twitter:data2\" content=\"3 minutes\" \/>\n<script type=\"application\/ld+json\" class=\"yoast-schema-graph\">{\"@context\":\"https:\/\/schema.org\",\"@graph\":[{\"@type\":\"Article\",\"@id\":\"https:\/\/denizcankizil.tr\/en\/haberler\/antalya\/kepezde-sanat-cadiri-acildi\/#article\",\"isPartOf\":{\"@id\":\"https:\/\/denizcankizil.tr\/en\/haberler\/antalya\/kepezde-sanat-cadiri-acildi\/\"},\"author\":{\"name\":\"Av. Deniz Can K\u0131z\u0131l\",\"@id\":\"https:\/\/denizcankizil.tr\/de\/#\/schema\/person\/5dc1b22991bd7ac833867c10afc9b0ff\"},\"headline\":\"Kepez\u2019de \u2018Sanat \u00c7ad\u0131r\u0131\u2019 a\u00e7\u0131ld\u0131\",\"datePublished\":\"2025-02-18T09:41:31+00:00\",\"mainEntityOfPage\":{\"@id\":\"https:\/\/denizcankizil.tr\/en\/haberler\/antalya\/kepezde-sanat-cadiri-acildi\/\"},\"wordCount\":560,\"commentCount\":0,\"publisher\":{\"@id\":\"https:\/\/denizcankizil.tr\/de\/#organization\"},\"image\":{\"@id\":\"https:\/\/denizcankizil.tr\/en\/haberler\/antalya\/kepezde-sanat-cadiri-acildi\/#primaryimage\"},\"thumbnailUrl\":\"https:\/\/denizcankizil.tr\/wp-content\/uploads\/2025\/02\/5021-01-pmceCi.jpeg\",\"articleSection\":[\"Antalya\"],\"inLanguage\":\"en-GB\",\"potentialAction\":[{\"@type\":\"CommentAction\",\"name\":\"Comment\",\"target\":[\"https:\/\/denizcankizil.tr\/en\/haberler\/antalya\/kepezde-sanat-cadiri-acildi\/#respond\"]}]},{\"@type\":\"WebPage\",\"@id\":\"https:\/\/denizcankizil.tr\/en\/haberler\/antalya\/kepezde-sanat-cadiri-acildi\/\",\"url\":\"https:\/\/denizcankizil.tr\/en\/haberler\/antalya\/kepezde-sanat-cadiri-acildi\/\",\"name\":\"Kepez\u2019de \u2018Sanat \u00c7ad\u0131r\u0131\u2019 a\u00e7\u0131ld\u0131 - Av. Deniz Can K\u0131z\u0131l\",\"isPartOf\":{\"@id\":\"https:\/\/denizcankizil.tr\/de\/#website\"},\"primaryImageOfPage\":{\"@id\":\"https:\/\/denizcankizil.tr\/en\/haberler\/antalya\/kepezde-sanat-cadiri-acildi\/#primaryimage\"},\"image\":{\"@id\":\"https:\/\/denizcankizil.tr\/en\/haberler\/antalya\/kepezde-sanat-cadiri-acildi\/#primaryimage\"},\"thumbnailUrl\":\"https:\/\/denizcankizil.tr\/wp-content\/uploads\/2025\/02\/5021-01-pmceCi.jpeg\",\"datePublished\":\"2025-02-18T09:41:31+00:00\",\"breadcrumb\":{\"@id\":\"https:\/\/denizcankizil.tr\/en\/haberler\/antalya\/kepezde-sanat-cadiri-acildi\/#breadcrumb\"},\"inLanguage\":\"en-GB\",\"potentialAction\":[{\"@type\":\"ReadAction\",\"target\":[\"https:\/\/denizcankizil.tr\/en\/haberler\/antalya\/kepezde-sanat-cadiri-acildi\/\"]}]},{\"@type\":\"ImageObject\",\"inLanguage\":\"en-GB\",\"@id\":\"https:\/\/denizcankizil.tr\/en\/haberler\/antalya\/kepezde-sanat-cadiri-acildi\/#primaryimage\",\"url\":\"https:\/\/denizcankizil.tr\/wp-content\/uploads\/2025\/02\/5021-01-pmceCi.jpeg\",\"contentUrl\":\"https:\/\/denizcankizil.tr\/wp-content\/uploads\/2025\/02\/5021-01-pmceCi.jpeg\",\"width\":1280,\"height\":720},{\"@type\":\"BreadcrumbList\",\"@id\":\"https:\/\/denizcankizil.tr\/en\/haberler\/antalya\/kepezde-sanat-cadiri-acildi\/#breadcrumb\",\"itemListElement\":[{\"@type\":\"ListItem\",\"position\":1,\"name\":\"Home\",\"item\":\"https:\/\/denizcankizil.tr\/de\/\"},{\"@type\":\"ListItem\",\"position\":2,\"name\":\"Kepez\u2019de \u2018Sanat \u00c7ad\u0131r\u0131\u2019 a\u00e7\u0131ld\u0131\"}]},{\"@type\":\"WebSite\",\"@id\":\"https:\/\/denizcankizil.tr\/de\/#website\",\"url\":\"https:\/\/denizcankizil.tr\/de\/\",\"name\":\"Av. Deniz Can K\u0131z\u0131l\",\"description\":\"Avukat Deniz Can K\u0131z\u0131l Antalya Barosu\",\"publisher\":{\"@id\":\"https:\/\/denizcankizil.tr\/de\/#organization\"},\"potentialAction\":[{\"@type\":\"SearchAction\",\"target\":{\"@type\":\"EntryPoint\",\"urlTemplate\":\"https:\/\/denizcankizil.tr\/de\/?s={search_term_string}\"},\"query-input\":{\"@type\":\"PropertyValueSpecification\",\"valueRequired\":true,\"valueName\":\"search_term_string\"}}],\"inLanguage\":\"en-GB\"},{\"@type\":\"Organization\",\"@id\":\"https:\/\/denizcankizil.tr\/de\/#organization\",\"name\":\"Av. Deniz Can K\u0131z\u0131l\",\"url\":\"https:\/\/denizcankizil.tr\/de\/\",\"logo\":{\"@type\":\"ImageObject\",\"inLanguage\":\"en-GB\",\"@id\":\"https:\/\/denizcankizil.tr\/de\/#\/schema\/logo\/image\/\",\"url\":\"https:\/\/denizcankizil.tr\/wp-content\/uploads\/2024\/10\/siyah-logo-svg.svg\",\"contentUrl\":\"https:\/\/denizcankizil.tr\/wp-content\/uploads\/2024\/10\/siyah-logo-svg.svg\",\"width\":1080,\"height\":1080,\"caption\":\"Av. Deniz Can K\u0131z\u0131l\"},\"image\":{\"@id\":\"https:\/\/denizcankizil.tr\/de\/#\/schema\/logo\/image\/\"}},{\"@type\":\"Person\",\"@id\":\"https:\/\/denizcankizil.tr\/de\/#\/schema\/person\/5dc1b22991bd7ac833867c10afc9b0ff\",\"name\":\"Av. Deniz Can K\u0131z\u0131l\",\"image\":{\"@type\":\"ImageObject\",\"inLanguage\":\"en-GB\",\"@id\":\"https:\/\/denizcankizil.tr\/de\/#\/schema\/person\/image\/\",\"url\":\"https:\/\/secure.gravatar.com\/avatar\/a0b128fb9855c79efc976d5640eedb31dc35ec297594d6016d2cf7c60e975bb6?s=96&d=mm&r=g\",\"contentUrl\":\"https:\/\/secure.gravatar.com\/avatar\/a0b128fb9855c79efc976d5640eedb31dc35ec297594d6016d2cf7c60e975bb6?s=96&d=mm&r=g\",\"caption\":\"Av. Deniz Can K\u0131z\u0131l\"},\"sameAs\":[\"http:\/\/www.denizcankizil.tr\"],\"url\":\"https:\/\/denizcankizil.tr\/en\/author\/denizcankizil\/\"}]}<\/script>\n<!-- \/ Yoast SEO Premium plugin. -->","yoast_head_json":{"title":"Kepez\u2019de \u2018Sanat \u00c7ad\u0131r\u0131\u2019 a\u00e7\u0131ld\u0131 - Av. Deniz Can K\u0131z\u0131l","robots":{"index":"index","follow":"follow","max-snippet":"max-snippet:-1","max-image-preview":"max-image-preview:large","max-video-preview":"max-video-preview:-1"},"canonical":"https:\/\/denizcankizil.tr\/en\/haberler\/antalya\/kepezde-sanat-cadiri-acildi\/","og_locale":"en_GB","og_type":"article","og_title":"Kepez\u2019de \u2018Sanat \u00c7ad\u0131r\u0131\u2019 a\u00e7\u0131ld\u0131","og_description":"Kepez\u2019in Kuzeyyaka Mahallesi\u2019nde kurulan Sanat \u00c7ad\u0131r\u0131, \u00e7ocuklar ve gen\u00e7ler i\u00e7in sanatla bulu\u015fma noktas\u0131 oldu. Projenin fikir babalar\u0131 Kuzeyyaka Mahalle Muhtar\u0131 Mustafa Minneto\u011flu ve ressam Ahmet Ko\u00e7ak, Ba\u015fkan Mesut Kocag\u00f6z\u2019\u00fc ziyaret ederek parka gelen \u00e7ocuklar\u0131 resim sanat\u0131 ile bulu\u015fturmak istediklerini bildirdi. Ba\u015fkan Kocag\u00f6z ise bu iste\u011fe kay\u0131ts\u0131z kalmay\u0131p, &#8220;\u00c7ocuklar\u0131m\u0131z ve gen\u00e7lerimiz i\u00e7in d\u00fc\u015f\u00fcn\u00fclen her g\u00fczel giri\u015fimin ard\u0131nday\u0131z&#8221; diyerek ayn\u0131 g\u00fcn i\u00e7inde sanat \u00e7ad\u0131r\u0131n\u0131 mahalleye kazand\u0131rd\u0131. Kepez Belediyesi\u2019nin kurdu\u011fu 50 metrekarelik \u00e7ad\u0131r alan\u0131nda mahallenin \u00e7ocuklar\u0131 ve gen\u00e7leri sanatla bulu\u015ftu. \u00dccretsiz olarak hizmet veren at\u00f6lyede, tuvalden f\u0131r\u00e7aya, ya\u011fl\u0131 boyadan di\u011fer resim malzemelerine kadar her t\u00fcrl\u00fc ihtiya\u00e7, Ba\u015fkan Kocag\u00f6z taraf\u0131ndan \u00e7ocuklara arma\u011fan edildi. &#8220;Gelece\u011fe yap\u0131lan en b\u00fcy\u00fck yat\u0131r\u0131m&#8221; Kepez Belediye Ba\u015fkan\u0131 Mesut Kocag\u00f6z, Kuzeyyaka Mahallesi\u2019nde muhtarl\u0131k park\u0131na kurulan sanat \u00e7ad\u0131r\u0131n\u0131 ziyaret ederek a\u00e7\u0131l\u0131\u015f\u0131n\u0131 ger\u00e7ekle\u015ftirdi. &#8220;\u00c7ocuklar\u0131m\u0131z\u0131n sanata y\u00f6nlendirilmesi, gelece\u011fe yap\u0131lan en b\u00fcy\u00fck yat\u0131r\u0131md\u0131r&#8221; diyen Ba\u015fkan Kocag\u00f6z, &#8220;Onlar\u0131n elinden tutup yeteneklerini geli\u015ftirmeleri i\u00e7in imkan sunmak bizim en b\u00fcy\u00fck g\u00f6revimizdir&#8221; dedi. Ba\u015fkan Kocag\u00f6z, projenin fikir babas\u0131 olan Kuzeyyaka Mahalle Muhtar\u0131 Mustafa Minneto\u011flu ve mahalle sakini ressam Ahmet Ko\u00e7ak\u2019\u0131 tebrik ederek, &#8220;Sizi g\u00f6n\u00fclden kutluyorum. \u00c7ocuklar\u0131m\u0131z ve gen\u00e7lerimiz i\u00e7in d\u00fc\u015f\u00fcn\u00fclen her fikir bizim i\u00e7in \u00e7ok k\u0131ymetlidir. Sanatla b\u00fcy\u00fcyen nesiller, gelece\u011fe daha g\u00fc\u00e7l\u00fc ve bilin\u00e7li ad\u0131mlarla y\u00fcr\u00fcr&#8221; diye konu\u015ftu. Ba\u015fkan Kocag\u00f6z, sanat \u00e7ad\u0131r\u0131nda resim yapan \u00e7ocuk ve gen\u00e7lerle sohbet etti. &hellip;","og_url":"https:\/\/denizcankizil.tr\/en\/haberler\/antalya\/kepezde-sanat-cadiri-acildi\/","og_site_name":"Av. Deniz Can K\u0131z\u0131l","article_published_time":"2025-02-18T09:41:31+00:00","og_image":[{"width":1280,"height":720,"url":"https:\/\/denizcankizil.tr\/wp-content\/uploads\/2025\/02\/5021-01-pmceCi.jpeg","type":"image\/jpeg"}],"author":"Av. Deniz Can K\u0131z\u0131l","twitter_card":"summary_large_image","twitter_misc":{"Written by":"Av. Deniz Can K\u0131z\u0131l","Estimated reading time":"3 minutes"},"schema":{"@context":"https:\/\/schema.org","@graph":[{"@type":"Article","@id":"https:\/\/denizcankizil.tr\/en\/haberler\/antalya\/kepezde-sanat-cadiri-acildi\/#article","isPartOf":{"@id":"https:\/\/denizcankizil.tr\/en\/haberler\/antalya\/kepezde-sanat-cadiri-acildi\/"},"author":{"name":"Av. Deniz Can K\u0131z\u0131l","@id":"https:\/\/denizcankizil.tr\/de\/#\/schema\/person\/5dc1b22991bd7ac833867c10afc9b0ff"},"headline":"Kepez\u2019de \u2018Sanat \u00c7ad\u0131r\u0131\u2019 a\u00e7\u0131ld\u0131","datePublished":"2025-02-18T09:41:31+00:00","mainEntityOfPage":{"@id":"https:\/\/denizcankizil.tr\/en\/haberler\/antalya\/kepezde-sanat-cadiri-acildi\/"},"wordCount":560,"commentCount":0,"publisher":{"@id":"https:\/\/denizcankizil.tr\/de\/#organization"},"image":{"@id":"https:\/\/denizcankizil.tr\/en\/haberler\/antalya\/kepezde-sanat-cadiri-acildi\/#primaryimage"},"thumbnailUrl":"https:\/\/denizcankizil.tr\/wp-content\/uploads\/2025\/02\/5021-01-pmceCi.jpeg","articleSection":["Antalya"],"inLanguage":"en-GB","potentialAction":[{"@type":"CommentAction","name":"Comment","target":["https:\/\/denizcankizil.tr\/en\/haberler\/antalya\/kepezde-sanat-cadiri-acildi\/#respond"]}]},{"@type":"WebPage","@id":"https:\/\/denizcankizil.tr\/en\/haberler\/antalya\/kepezde-sanat-cadiri-acildi\/","url":"https:\/\/denizcankizil.tr\/en\/haberler\/antalya\/kepezde-sanat-cadiri-acildi\/","name":"Kepez\u2019de \u2018Sanat \u00c7ad\u0131r\u0131\u2019 a\u00e7\u0131ld\u0131 - Av. Deniz Can K\u0131z\u0131l","isPartOf":{"@id":"https:\/\/denizcankizil.tr\/de\/#website"},"primaryImageOfPage":{"@id":"https:\/\/denizcankizil.tr\/en\/haberler\/antalya\/kepezde-sanat-cadiri-acildi\/#primaryimage"},"image":{"@id":"https:\/\/denizcankizil.tr\/en\/haberler\/antalya\/kepezde-sanat-cadiri-acildi\/#primaryimage"},"thumbnailUrl":"https:\/\/denizcankizil.tr\/wp-content\/uploads\/2025\/02\/5021-01-pmceCi.jpeg","datePublished":"2025-02-18T09:41:31+00:00","breadcrumb":{"@id":"https:\/\/denizcankizil.tr\/en\/haberler\/antalya\/kepezde-sanat-cadiri-acildi\/#breadcrumb"},"inLanguage":"en-GB","potentialAction":[{"@type":"ReadAction","target":["https:\/\/denizcankizil.tr\/en\/haberler\/antalya\/kepezde-sanat-cadiri-acildi\/"]}]},{"@type":"ImageObject","inLanguage":"en-GB","@id":"https:\/\/denizcankizil.tr\/en\/haberler\/antalya\/kepezde-sanat-cadiri-acildi\/#primaryimage","url":"https:\/\/denizcankizil.tr\/wp-content\/uploads\/2025\/02\/5021-01-pmceCi.jpeg","contentUrl":"https:\/\/denizcankizil.tr\/wp-content\/uploads\/2025\/02\/5021-01-pmceCi.jpeg","width":1280,"height":720},{"@type":"BreadcrumbList","@id":"https:\/\/denizcankizil.tr\/en\/haberler\/antalya\/kepezde-sanat-cadiri-acildi\/#breadcrumb","itemListElement":[{"@type":"ListItem","position":1,"name":"Home","item":"https:\/\/denizcankizil.tr\/de\/"},{"@type":"ListItem","position":2,"name":"Kepez\u2019de \u2018Sanat \u00c7ad\u0131r\u0131\u2019 a\u00e7\u0131ld\u0131"}]},{"@type":"WebSite","@id":"https:\/\/denizcankizil.tr\/de\/#website","url":"https:\/\/denizcankizil.tr\/de\/","name":"Av. Deniz Can K\u0131z\u0131l","description":"Avukat Deniz Can K\u0131z\u0131l Antalya Barosu","publisher":{"@id":"https:\/\/denizcankizil.tr\/de\/#organization"},"potentialAction":[{"@type":"SearchAction","target":{"@type":"EntryPoint","urlTemplate":"https:\/\/denizcankizil.tr\/de\/?s={search_term_string}"},"query-input":{"@type":"PropertyValueSpecification","valueRequired":true,"valueName":"search_term_string"}}],"inLanguage":"en-GB"},{"@type":"Organization","@id":"https:\/\/denizcankizil.tr\/de\/#organization","name":"Av. Deniz Can K\u0131z\u0131l","url":"https:\/\/denizcankizil.tr\/de\/","logo":{"@type":"ImageObject","inLanguage":"en-GB","@id":"https:\/\/denizcankizil.tr\/de\/#\/schema\/logo\/image\/","url":"https:\/\/denizcankizil.tr\/wp-content\/uploads\/2024\/10\/siyah-logo-svg.svg","contentUrl":"https:\/\/denizcankizil.tr\/wp-content\/uploads\/2024\/10\/siyah-logo-svg.svg","width":1080,"height":1080,"caption":"Av. Deniz Can K\u0131z\u0131l"},"image":{"@id":"https:\/\/denizcankizil.tr\/de\/#\/schema\/logo\/image\/"}},{"@type":"Person","@id":"https:\/\/denizcankizil.tr\/de\/#\/schema\/person\/5dc1b22991bd7ac833867c10afc9b0ff","name":"Av. Deniz Can K\u0131z\u0131l","image":{"@type":"ImageObject","inLanguage":"en-GB","@id":"https:\/\/denizcankizil.tr\/de\/#\/schema\/person\/image\/","url":"https:\/\/secure.gravatar.com\/avatar\/a0b128fb9855c79efc976d5640eedb31dc35ec297594d6016d2cf7c60e975bb6?s=96&d=mm&r=g","contentUrl":"https:\/\/secure.gravatar.com\/avatar\/a0b128fb9855c79efc976d5640eedb31dc35ec297594d6016d2cf7c60e975bb6?s=96&d=mm&r=g","caption":"Av. Deniz Can K\u0131z\u0131l"},"sameAs":["http:\/\/www.denizcankizil.tr"],"url":"https:\/\/denizcankizil.tr\/en\/author\/denizcankizil\/"}]}},"_links":{"self":[{"href":"https:\/\/denizcankizil.tr\/en\/wp-json\/wp\/v2\/posts\/33323","targetHints":{"allow":["GET"]}}],"collection":[{"href":"https:\/\/denizcankizil.tr\/en\/wp-json\/wp\/v2\/posts"}],"about":[{"href":"https:\/\/denizcankizil.tr\/en\/wp-json\/wp\/v2\/types\/post"}],"author":[{"embeddable":true,"href":"https:\/\/denizcankizil.tr\/en\/wp-json\/wp\/v2\/users\/4"}],"replies":[{"embeddable":true,"href":"https:\/\/denizcankizil.tr\/en\/wp-json\/wp\/v2\/comments?post=33323"}],"version-history":[{"count":0,"href":"https:\/\/denizcankizil.tr\/en\/wp-json\/wp\/v2\/posts\/33323\/revisions"}],"wp:featuredmedia":[{"embeddable":true,"href":"https:\/\/denizcankizil.tr\/en\/wp-json\/wp\/v2\/media\/33324"}],"wp:attachment":[{"href":"https:\/\/denizcankizil.tr\/en\/wp-json\/wp\/v2\/media?parent=33323"}],"wp:term":[{"taxonomy":"category","embeddable":true,"href":"https:\/\/denizcankizil.tr\/en\/wp-json\/wp\/v2\/categories?post=33323"},{"taxonomy":"post_tag","embeddable":true,"href":"https:\/\/denizcankizil.tr\/en\/wp-json\/wp\/v2\/tags?post=33323"}],"curies":[{"name":"wp","href":"https:\/\/api.w.org\/{rel}","templated":true}]}}