{"id":33318,"date":"2025-02-18T11:41:55","date_gmt":"2025-02-18T08:41:55","guid":{"rendered":"https:\/\/denizcankizil.tr\/uncategorized-tr\/kocaelide-sakatathane-projesinde-sona-gelindi\/"},"modified":"2025-02-18T11:41:55","modified_gmt":"2025-02-18T08:41:55","slug":"kocaelide-sakatathane-projesinde-sona-gelindi","status":"publish","type":"post","link":"https:\/\/denizcankizil.tr\/en\/haberler\/gundem\/kocaelide-sakatathane-projesinde-sona-gelindi\/","title":{"rendered":"Kocaeli&#8217;de sakatathane projesinde sona gelindi"},"content":{"rendered":"<p>Kocaeli B\u00fcy\u00fck\u015fehir taraf\u0131ndan in\u015fa edilen ve T\u00fcrkiye\u2019de bir ilk olma \u00f6zelli\u011fi ta\u015f\u0131yan sakatathanenin yap\u0131m\u0131 y\u00fczde 95 oran\u0131nda tamamland\u0131KOCAEL\u0130 (\u0130GFA) &#8211;\u00a0Kocaeli B\u00fcy\u00fck\u015fehir Belediyesi\u2019nin Solaklar yolu \u00fczerinde in\u015fa etti\u011fi sakatathane projesinde \u00e7al\u0131\u015fmalar y\u00fczde 95 oran\u0131nda tamamland\u0131. Tesiste ge\u00e7ici kabul s\u00fcrecine ge\u00e7ilecek.<br \/>\nB\u00dcY\u00dcK\u015eEH\u0130R \u0130LKLERE \u0130MZA ATIYOR<br \/>\nKocaeli B\u00fcy\u00fck\u015fehir Belediyesi hayata ge\u00e7irdi\u011fi projelerle ilklere imza atmaya devam ediyor. T\u00fcrkiye\u2019de benzeri olmayan \u201cSakatathane Hizmet Binas\u0131\u201d T\u00fcrkiye\u2019de bir ilk olmas\u0131 \u00f6zelli\u011fi ile b\u00fcy\u00fck \u00f6nem ta\u015f\u0131yor. Solaklar yolu \u00fczerinde bulunan modern mezbahanenin alt k\u0131sm\u0131nda in\u015fa edilen tesisin k\u0131sa s\u00fcre i\u00e7erisinde tamamlanarak hizmete al\u0131nmas\u0131 planlan\u0131yor.<br \/>\nTAM DONANIMLI B\u0130R TES\u0130S DAHA<br \/>\nToplamda 672 metrekarelik in\u015faat alan\u0131na sahip tesiste, \u00e7e\u015fitli hayvansal \u00fcr\u00fcnlerin i\u015flenmesi planlan\u0131yor. Bu ba\u011flamda i\u00e7 organlar, kelle, ayaklar, i\u015fkembe ve ba\u011f\u0131rsak gibi \u00fcr\u00fcnler burada i\u015flenerek paketleme hizmetleri verilecek. Proje kapsam\u0131nda ayr\u0131ca mal kabul, i\u015fleme, paketleme alanlar\u0131 ve \u00fcr\u00fcnlerin muhafaza edilmesi i\u00e7in so\u011fuk odalar yer al\u0131yor.<\/p>\n<p>\u200bKocaeli B\u00fcy\u00fck\u015fehir taraf\u0131ndan in\u015fa edilen ve T\u00fcrkiye\u2019de bir ilk olma \u00f6zelli\u011fi ta\u015f\u0131yan sakatathanenin yap\u0131m\u0131 y\u00fczde 95 oran\u0131nda tamamland\u0131KOCAEL\u0130 (\u0130GFA) &#8211;\u00a0Kocaeli B\u00fcy\u00fck\u015fehir Belediyesi\u2019nin Solaklar yolu \u00fczerinde in\u015fa etti\u011fi sakatathane projesinde \u00e7al\u0131\u015fmalar y\u00fczde 95 oran\u0131nda tamamland\u0131. Tesiste ge\u00e7ici kabul s\u00fcrecine ge\u00e7ilecek.<br \/>\nB\u00dcY\u00dcK\u015eEH\u0130R \u0130LKLERE \u0130MZA ATIYOR<br \/>\nKocaeli B\u00fcy\u00fck\u015fehir Belediyesi hayata ge\u00e7irdi\u011fi projelerle ilklere imza atmaya devam ediyor. T\u00fcrkiye\u2019de benzeri olmayan \u201cSakatathane Hizmet Binas\u0131\u201d T\u00fcrkiye\u2019de bir ilk olmas\u0131 \u00f6zelli\u011fi ile b\u00fcy\u00fck \u00f6nem ta\u015f\u0131yor. Solaklar yolu \u00fczerinde bulunan modern mezbahanenin alt k\u0131sm\u0131nda in\u015fa edilen tesisin k\u0131sa s\u00fcre i\u00e7erisinde tamamlanarak hizmete al\u0131nmas\u0131 planlan\u0131yor.<br \/>\nTAM DONANIMLI B\u0130R TES\u0130S DAHA<br \/>\nToplamda 672 metrekarelik in\u015faat alan\u0131na sahip tesiste, \u00e7e\u015fitli hayvansal \u00fcr\u00fcnlerin i\u015flenmesi planlan\u0131yor. Bu ba\u011flamda i\u00e7 organlar, kelle, ayaklar, i\u015fkembe ve ba\u011f\u0131rsak gibi \u00fcr\u00fcnler burada i\u015flenerek paketleme hizmetleri verilecek. Proje kapsam\u0131nda ayr\u0131ca mal kabul, i\u015fleme, paketleme alanlar\u0131 ve \u00fcr\u00fcnlerin muhafaza edilmesi i\u00e7in so\u011fuk odalar yer al\u0131yor.\u00a0<\/p>\n<p>\u200bHaberin Al\u0131nt\u0131land\u0131\u011f\u0131 Kaynak: www.iskenderun.org<\/p>","protected":false},"excerpt":{"rendered":"<p>Kocaeli B\u00fcy\u00fck\u015fehir taraf\u0131ndan in\u015fa edilen ve T\u00fcrkiye\u2019de bir ilk olma \u00f6zelli\u011fi ta\u015f\u0131yan sakatathanenin yap\u0131m\u0131 y\u00fczde 95 oran\u0131nda tamamland\u0131KOCAEL\u0130 (\u0130GFA) &#8211;\u00a0Kocaeli B\u00fcy\u00fck\u015fehir Belediyesi\u2019nin Solaklar yolu \u00fczerinde in\u015fa etti\u011fi sakatathane projesinde \u00e7al\u0131\u015fmalar y\u00fczde 95 oran\u0131nda tamamland\u0131. Tesiste ge\u00e7ici kabul s\u00fcrecine ge\u00e7ilecek. B\u00dcY\u00dcK\u015eEH\u0130R \u0130LKLERE \u0130MZA ATIYOR Kocaeli B\u00fcy\u00fck\u015fehir Belediyesi hayata ge\u00e7irdi\u011fi projelerle ilklere imza atmaya devam ediyor. T\u00fcrkiye\u2019de benzeri olmayan \u201cSakatathane Hizmet Binas\u0131\u201d T\u00fcrkiye\u2019de bir ilk olmas\u0131 \u00f6zelli\u011fi ile b\u00fcy\u00fck \u00f6nem ta\u015f\u0131yor. Solaklar yolu \u00fczerinde bulunan modern mezbahanenin alt k\u0131sm\u0131nda in\u015fa edilen tesisin k\u0131sa s\u00fcre i\u00e7erisinde tamamlanarak hizmete al\u0131nmas\u0131 planlan\u0131yor. TAM DONANIMLI B\u0130R TES\u0130S DAHA Toplamda 672 metrekarelik in\u015faat alan\u0131na sahip tesiste, \u00e7e\u015fitli hayvansal \u00fcr\u00fcnlerin i\u015flenmesi planlan\u0131yor. Bu ba\u011flamda i\u00e7 organlar, kelle, ayaklar, i\u015fkembe ve ba\u011f\u0131rsak gibi \u00fcr\u00fcnler burada i\u015flenerek paketleme hizmetleri verilecek. Proje kapsam\u0131nda ayr\u0131ca mal kabul, i\u015fleme, paketleme alanlar\u0131 ve \u00fcr\u00fcnlerin muhafaza edilmesi i\u00e7in so\u011fuk odalar yer al\u0131yor. \u200bKocaeli B\u00fcy\u00fck\u015fehir taraf\u0131ndan in\u015fa edilen ve T\u00fcrkiye\u2019de bir ilk olma \u00f6zelli\u011fi ta\u015f\u0131yan sakatathanenin yap\u0131m\u0131 y\u00fczde 95 oran\u0131nda tamamland\u0131KOCAEL\u0130 (\u0130GFA) &#8211;\u00a0Kocaeli B\u00fcy\u00fck\u015fehir Belediyesi\u2019nin Solaklar yolu \u00fczerinde in\u015fa etti\u011fi sakatathane projesinde \u00e7al\u0131\u015fmalar y\u00fczde 95 oran\u0131nda tamamland\u0131. Tesiste ge\u00e7ici kabul s\u00fcrecine ge\u00e7ilecek. B\u00dcY\u00dcK\u015eEH\u0130R \u0130LKLERE \u0130MZA ATIYOR Kocaeli B\u00fcy\u00fck\u015fehir Belediyesi hayata ge\u00e7irdi\u011fi projelerle ilklere imza atmaya devam ediyor. T\u00fcrkiye\u2019de benzeri olmayan \u201cSakatathane Hizmet Binas\u0131\u201d T\u00fcrkiye\u2019de bir ilk &hellip;<\/p>","protected":false},"author":1,"featured_media":0,"comment_status":"open","ping_status":"open","sticky":false,"template":"","format":"standard","meta":{"_acf_changed":false,"footnotes":""},"categories":[24],"tags":[],"class_list":["post-33318","post","type-post","status-publish","format-standard","has-post-thumbnail","hentry","category-gundem"],"acf":[],"yoast_head":"<!-- This site is optimized with the Yoast SEO Premium plugin v26.6 (Yoast SEO v27.1.1) - https:\/\/yoast.com\/product\/yoast-seo-premium-wordpress\/ -->\n<title>Kocaeli&#039;de sakatathane projesinde sona gelindi - Av. Deniz Can K\u0131z\u0131l<\/title>\n<meta name=\"robots\" content=\"index, follow, max-snippet:-1, max-image-preview:large, max-video-preview:-1\" \/>\n<link rel=\"canonical\" href=\"https:\/\/denizcankizil.tr\/en\/haberler\/gundem\/kocaelide-sakatathane-projesinde-sona-gelindi\/\" \/>\n<meta property=\"og:locale\" content=\"en_GB\" \/>\n<meta property=\"og:type\" content=\"article\" \/>\n<meta property=\"og:title\" content=\"Kocaeli&#039;de sakatathane projesinde sona gelindi\" \/>\n<meta property=\"og:description\" content=\"Kocaeli B\u00fcy\u00fck\u015fehir taraf\u0131ndan in\u015fa edilen ve T\u00fcrkiye\u2019de bir ilk olma \u00f6zelli\u011fi ta\u015f\u0131yan sakatathanenin yap\u0131m\u0131 y\u00fczde 95 oran\u0131nda tamamland\u0131KOCAEL\u0130 (\u0130GFA) &#8211;\u00a0Kocaeli B\u00fcy\u00fck\u015fehir Belediyesi\u2019nin Solaklar yolu \u00fczerinde in\u015fa etti\u011fi sakatathane projesinde \u00e7al\u0131\u015fmalar y\u00fczde 95 oran\u0131nda tamamland\u0131. Tesiste ge\u00e7ici kabul s\u00fcrecine ge\u00e7ilecek. B\u00dcY\u00dcK\u015eEH\u0130R \u0130LKLERE \u0130MZA ATIYOR Kocaeli B\u00fcy\u00fck\u015fehir Belediyesi hayata ge\u00e7irdi\u011fi projelerle ilklere imza atmaya devam ediyor. T\u00fcrkiye\u2019de benzeri olmayan \u201cSakatathane Hizmet Binas\u0131\u201d T\u00fcrkiye\u2019de bir ilk olmas\u0131 \u00f6zelli\u011fi ile b\u00fcy\u00fck \u00f6nem ta\u015f\u0131yor. Solaklar yolu \u00fczerinde bulunan modern mezbahanenin alt k\u0131sm\u0131nda in\u015fa edilen tesisin k\u0131sa s\u00fcre i\u00e7erisinde tamamlanarak hizmete al\u0131nmas\u0131 planlan\u0131yor. TAM DONANIMLI B\u0130R TES\u0130S DAHA Toplamda 672 metrekarelik in\u015faat alan\u0131na sahip tesiste, \u00e7e\u015fitli hayvansal \u00fcr\u00fcnlerin i\u015flenmesi planlan\u0131yor. Bu ba\u011flamda i\u00e7 organlar, kelle, ayaklar, i\u015fkembe ve ba\u011f\u0131rsak gibi \u00fcr\u00fcnler burada i\u015flenerek paketleme hizmetleri verilecek. Proje kapsam\u0131nda ayr\u0131ca mal kabul, i\u015fleme, paketleme alanlar\u0131 ve \u00fcr\u00fcnlerin muhafaza edilmesi i\u00e7in so\u011fuk odalar yer al\u0131yor. \u200bKocaeli B\u00fcy\u00fck\u015fehir taraf\u0131ndan in\u015fa edilen ve T\u00fcrkiye\u2019de bir ilk olma \u00f6zelli\u011fi ta\u015f\u0131yan sakatathanenin yap\u0131m\u0131 y\u00fczde 95 oran\u0131nda tamamland\u0131KOCAEL\u0130 (\u0130GFA) &#8211;\u00a0Kocaeli B\u00fcy\u00fck\u015fehir Belediyesi\u2019nin Solaklar yolu \u00fczerinde in\u015fa etti\u011fi sakatathane projesinde \u00e7al\u0131\u015fmalar y\u00fczde 95 oran\u0131nda tamamland\u0131. Tesiste ge\u00e7ici kabul s\u00fcrecine ge\u00e7ilecek. B\u00dcY\u00dcK\u015eEH\u0130R \u0130LKLERE \u0130MZA ATIYOR Kocaeli B\u00fcy\u00fck\u015fehir Belediyesi hayata ge\u00e7irdi\u011fi projelerle ilklere imza atmaya devam ediyor. T\u00fcrkiye\u2019de benzeri olmayan \u201cSakatathane Hizmet Binas\u0131\u201d T\u00fcrkiye\u2019de bir ilk &hellip;\" \/>\n<meta property=\"og:url\" content=\"https:\/\/denizcankizil.tr\/en\/haberler\/gundem\/kocaelide-sakatathane-projesinde-sona-gelindi\/\" \/>\n<meta property=\"og:site_name\" content=\"Av. Deniz Can K\u0131z\u0131l\" \/>\n<meta property=\"article:published_time\" content=\"2025-02-18T08:41:55+00:00\" \/>\n<meta name=\"author\" content=\"admin\" \/>\n<meta name=\"twitter:card\" content=\"summary_large_image\" \/>\n<meta name=\"twitter:label1\" content=\"Written by\" \/>\n\t<meta name=\"twitter:data1\" content=\"admin\" \/>\n\t<meta name=\"twitter:label2\" content=\"Estimated reading time\" \/>\n\t<meta name=\"twitter:data2\" content=\"2 minutes\" \/>\n<script type=\"application\/ld+json\" class=\"yoast-schema-graph\">{\"@context\":\"https:\/\/schema.org\",\"@graph\":[{\"@type\":\"Article\",\"@id\":\"https:\/\/denizcankizil.tr\/de\/haberler\/gundem\/kocaelide-sakatathane-projesinde-sona-gelindi\/#article\",\"isPartOf\":{\"@id\":\"https:\/\/denizcankizil.tr\/de\/haberler\/gundem\/kocaelide-sakatathane-projesinde-sona-gelindi\/\"},\"author\":{\"name\":\"admin\",\"@id\":\"https:\/\/denizcankizil.tr\/#\/schema\/person\/be3c05fe6a12686905512445d8185489\"},\"headline\":\"Kocaeli&#8217;de sakatathane projesinde sona gelindi\",\"datePublished\":\"2025-02-18T08:41:55+00:00\",\"mainEntityOfPage\":{\"@id\":\"https:\/\/denizcankizil.tr\/de\/haberler\/gundem\/kocaelide-sakatathane-projesinde-sona-gelindi\/\"},\"wordCount\":424,\"commentCount\":0,\"publisher\":{\"@id\":\"https:\/\/denizcankizil.tr\/#organization\"},\"articleSection\":[\"G\u00fcndem\"],\"inLanguage\":\"en-GB\",\"potentialAction\":[{\"@type\":\"CommentAction\",\"name\":\"Comment\",\"target\":[\"https:\/\/denizcankizil.tr\/de\/haberler\/gundem\/kocaelide-sakatathane-projesinde-sona-gelindi\/#respond\"]}]},{\"@type\":\"WebPage\",\"@id\":\"https:\/\/denizcankizil.tr\/de\/haberler\/gundem\/kocaelide-sakatathane-projesinde-sona-gelindi\/\",\"url\":\"https:\/\/denizcankizil.tr\/de\/haberler\/gundem\/kocaelide-sakatathane-projesinde-sona-gelindi\/\",\"name\":\"Kocaeli'de sakatathane projesinde sona gelindi - Av. Deniz Can K\u0131z\u0131l\",\"isPartOf\":{\"@id\":\"https:\/\/denizcankizil.tr\/#website\"},\"datePublished\":\"2025-02-18T08:41:55+00:00\",\"breadcrumb\":{\"@id\":\"https:\/\/denizcankizil.tr\/de\/haberler\/gundem\/kocaelide-sakatathane-projesinde-sona-gelindi\/#breadcrumb\"},\"inLanguage\":\"en-GB\",\"potentialAction\":[{\"@type\":\"ReadAction\",\"target\":[\"https:\/\/denizcankizil.tr\/de\/haberler\/gundem\/kocaelide-sakatathane-projesinde-sona-gelindi\/\"]}]},{\"@type\":\"BreadcrumbList\",\"@id\":\"https:\/\/denizcankizil.tr\/de\/haberler\/gundem\/kocaelide-sakatathane-projesinde-sona-gelindi\/#breadcrumb\",\"itemListElement\":[{\"@type\":\"ListItem\",\"position\":1,\"name\":\"Home\",\"item\":\"https:\/\/denizcankizil.tr\/de\/\"},{\"@type\":\"ListItem\",\"position\":2,\"name\":\"Kocaeli&#8217;de sakatathane projesinde sona gelindi\"}]},{\"@type\":\"WebSite\",\"@id\":\"https:\/\/denizcankizil.tr\/#website\",\"url\":\"https:\/\/denizcankizil.tr\/\",\"name\":\"Av. Deniz Can K\u0131z\u0131l\",\"description\":\"Avukat Deniz Can K\u0131z\u0131l Antalya Barosu\",\"publisher\":{\"@id\":\"https:\/\/denizcankizil.tr\/#organization\"},\"potentialAction\":[{\"@type\":\"SearchAction\",\"target\":{\"@type\":\"EntryPoint\",\"urlTemplate\":\"https:\/\/denizcankizil.tr\/?s={search_term_string}\"},\"query-input\":{\"@type\":\"PropertyValueSpecification\",\"valueRequired\":true,\"valueName\":\"search_term_string\"}}],\"inLanguage\":\"en-GB\"},{\"@type\":\"Organization\",\"@id\":\"https:\/\/denizcankizil.tr\/#organization\",\"name\":\"Av. Deniz Can K\u0131z\u0131l\",\"url\":\"https:\/\/denizcankizil.tr\/\",\"logo\":{\"@type\":\"ImageObject\",\"inLanguage\":\"en-GB\",\"@id\":\"https:\/\/denizcankizil.tr\/#\/schema\/logo\/image\/\",\"url\":\"https:\/\/denizcankizil.tr\/wp-content\/uploads\/2024\/10\/siyah-logo-svg.svg\",\"contentUrl\":\"https:\/\/denizcankizil.tr\/wp-content\/uploads\/2024\/10\/siyah-logo-svg.svg\",\"width\":1080,\"height\":1080,\"caption\":\"Av. Deniz Can K\u0131z\u0131l\"},\"image\":{\"@id\":\"https:\/\/denizcankizil.tr\/#\/schema\/logo\/image\/\"}},{\"@type\":\"Person\",\"@id\":\"https:\/\/denizcankizil.tr\/#\/schema\/person\/be3c05fe6a12686905512445d8185489\",\"name\":\"admin\",\"image\":{\"@type\":\"ImageObject\",\"inLanguage\":\"en-GB\",\"@id\":\"https:\/\/denizcankizil.tr\/#\/schema\/person\/image\/\",\"url\":\"https:\/\/secure.gravatar.com\/avatar\/c1fce94c830dc79107e174f890d7210541c4a63e8e5d816341794a2151c9d58c?s=96&d=mm&r=g\",\"contentUrl\":\"https:\/\/secure.gravatar.com\/avatar\/c1fce94c830dc79107e174f890d7210541c4a63e8e5d816341794a2151c9d58c?s=96&d=mm&r=g\",\"caption\":\"admin\"},\"sameAs\":[\"http:\/\/denizcankizil.tr\"],\"url\":\"https:\/\/www.iskenderun.org\/kocaelide-sakatathane-projesinde-sona-gelindi\"}]}<\/script>\n<!-- \/ Yoast SEO Premium plugin. -->","yoast_head_json":{"title":"Kocaeli'de sakatathane projesinde sona gelindi - Av. Deniz Can K\u0131z\u0131l","robots":{"index":"index","follow":"follow","max-snippet":"max-snippet:-1","max-image-preview":"max-image-preview:large","max-video-preview":"max-video-preview:-1"},"canonical":"https:\/\/denizcankizil.tr\/en\/haberler\/gundem\/kocaelide-sakatathane-projesinde-sona-gelindi\/","og_locale":"en_GB","og_type":"article","og_title":"Kocaeli'de sakatathane projesinde sona gelindi","og_description":"Kocaeli B\u00fcy\u00fck\u015fehir taraf\u0131ndan in\u015fa edilen ve T\u00fcrkiye\u2019de bir ilk olma \u00f6zelli\u011fi ta\u015f\u0131yan sakatathanenin yap\u0131m\u0131 y\u00fczde 95 oran\u0131nda tamamland\u0131KOCAEL\u0130 (\u0130GFA) &#8211;\u00a0Kocaeli B\u00fcy\u00fck\u015fehir Belediyesi\u2019nin Solaklar yolu \u00fczerinde in\u015fa etti\u011fi sakatathane projesinde \u00e7al\u0131\u015fmalar y\u00fczde 95 oran\u0131nda tamamland\u0131. Tesiste ge\u00e7ici kabul s\u00fcrecine ge\u00e7ilecek. B\u00dcY\u00dcK\u015eEH\u0130R \u0130LKLERE \u0130MZA ATIYOR Kocaeli B\u00fcy\u00fck\u015fehir Belediyesi hayata ge\u00e7irdi\u011fi projelerle ilklere imza atmaya devam ediyor. T\u00fcrkiye\u2019de benzeri olmayan \u201cSakatathane Hizmet Binas\u0131\u201d T\u00fcrkiye\u2019de bir ilk olmas\u0131 \u00f6zelli\u011fi ile b\u00fcy\u00fck \u00f6nem ta\u015f\u0131yor. Solaklar yolu \u00fczerinde bulunan modern mezbahanenin alt k\u0131sm\u0131nda in\u015fa edilen tesisin k\u0131sa s\u00fcre i\u00e7erisinde tamamlanarak hizmete al\u0131nmas\u0131 planlan\u0131yor. TAM DONANIMLI B\u0130R TES\u0130S DAHA Toplamda 672 metrekarelik in\u015faat alan\u0131na sahip tesiste, \u00e7e\u015fitli hayvansal \u00fcr\u00fcnlerin i\u015flenmesi planlan\u0131yor. Bu ba\u011flamda i\u00e7 organlar, kelle, ayaklar, i\u015fkembe ve ba\u011f\u0131rsak gibi \u00fcr\u00fcnler burada i\u015flenerek paketleme hizmetleri verilecek. Proje kapsam\u0131nda ayr\u0131ca mal kabul, i\u015fleme, paketleme alanlar\u0131 ve \u00fcr\u00fcnlerin muhafaza edilmesi i\u00e7in so\u011fuk odalar yer al\u0131yor. \u200bKocaeli B\u00fcy\u00fck\u015fehir taraf\u0131ndan in\u015fa edilen ve T\u00fcrkiye\u2019de bir ilk olma \u00f6zelli\u011fi ta\u015f\u0131yan sakatathanenin yap\u0131m\u0131 y\u00fczde 95 oran\u0131nda tamamland\u0131KOCAEL\u0130 (\u0130GFA) &#8211;\u00a0Kocaeli B\u00fcy\u00fck\u015fehir Belediyesi\u2019nin Solaklar yolu \u00fczerinde in\u015fa etti\u011fi sakatathane projesinde \u00e7al\u0131\u015fmalar y\u00fczde 95 oran\u0131nda tamamland\u0131. Tesiste ge\u00e7ici kabul s\u00fcrecine ge\u00e7ilecek. B\u00dcY\u00dcK\u015eEH\u0130R \u0130LKLERE \u0130MZA ATIYOR Kocaeli B\u00fcy\u00fck\u015fehir Belediyesi hayata ge\u00e7irdi\u011fi projelerle ilklere imza atmaya devam ediyor. T\u00fcrkiye\u2019de benzeri olmayan \u201cSakatathane Hizmet Binas\u0131\u201d T\u00fcrkiye\u2019de bir ilk &hellip;","og_url":"https:\/\/denizcankizil.tr\/en\/haberler\/gundem\/kocaelide-sakatathane-projesinde-sona-gelindi\/","og_site_name":"Av. Deniz Can K\u0131z\u0131l","article_published_time":"2025-02-18T08:41:55+00:00","author":"admin","twitter_card":"summary_large_image","twitter_misc":{"Written by":"admin","Estimated reading time":"2 minutes"},"schema":{"@context":"https:\/\/schema.org","@graph":[{"@type":"Article","@id":"https:\/\/denizcankizil.tr\/de\/haberler\/gundem\/kocaelide-sakatathane-projesinde-sona-gelindi\/#article","isPartOf":{"@id":"https:\/\/denizcankizil.tr\/de\/haberler\/gundem\/kocaelide-sakatathane-projesinde-sona-gelindi\/"},"author":{"name":"admin","@id":"https:\/\/denizcankizil.tr\/#\/schema\/person\/be3c05fe6a12686905512445d8185489"},"headline":"Kocaeli&#8217;de sakatathane projesinde sona gelindi","datePublished":"2025-02-18T08:41:55+00:00","mainEntityOfPage":{"@id":"https:\/\/denizcankizil.tr\/de\/haberler\/gundem\/kocaelide-sakatathane-projesinde-sona-gelindi\/"},"wordCount":424,"commentCount":0,"publisher":{"@id":"https:\/\/denizcankizil.tr\/#organization"},"articleSection":["G\u00fcndem"],"inLanguage":"en-GB","potentialAction":[{"@type":"CommentAction","name":"Comment","target":["https:\/\/denizcankizil.tr\/de\/haberler\/gundem\/kocaelide-sakatathane-projesinde-sona-gelindi\/#respond"]}]},{"@type":"WebPage","@id":"https:\/\/denizcankizil.tr\/de\/haberler\/gundem\/kocaelide-sakatathane-projesinde-sona-gelindi\/","url":"https:\/\/denizcankizil.tr\/de\/haberler\/gundem\/kocaelide-sakatathane-projesinde-sona-gelindi\/","name":"Kocaeli'de sakatathane projesinde sona gelindi - Av. Deniz Can K\u0131z\u0131l","isPartOf":{"@id":"https:\/\/denizcankizil.tr\/#website"},"datePublished":"2025-02-18T08:41:55+00:00","breadcrumb":{"@id":"https:\/\/denizcankizil.tr\/de\/haberler\/gundem\/kocaelide-sakatathane-projesinde-sona-gelindi\/#breadcrumb"},"inLanguage":"en-GB","potentialAction":[{"@type":"ReadAction","target":["https:\/\/denizcankizil.tr\/de\/haberler\/gundem\/kocaelide-sakatathane-projesinde-sona-gelindi\/"]}]},{"@type":"BreadcrumbList","@id":"https:\/\/denizcankizil.tr\/de\/haberler\/gundem\/kocaelide-sakatathane-projesinde-sona-gelindi\/#breadcrumb","itemListElement":[{"@type":"ListItem","position":1,"name":"Home","item":"https:\/\/denizcankizil.tr\/de\/"},{"@type":"ListItem","position":2,"name":"Kocaeli&#8217;de sakatathane projesinde sona gelindi"}]},{"@type":"WebSite","@id":"https:\/\/denizcankizil.tr\/#website","url":"https:\/\/denizcankizil.tr\/","name":"Av. Deniz Can K\u0131z\u0131l","description":"Avukat Deniz Can K\u0131z\u0131l Antalya Barosu","publisher":{"@id":"https:\/\/denizcankizil.tr\/#organization"},"potentialAction":[{"@type":"SearchAction","target":{"@type":"EntryPoint","urlTemplate":"https:\/\/denizcankizil.tr\/?s={search_term_string}"},"query-input":{"@type":"PropertyValueSpecification","valueRequired":true,"valueName":"search_term_string"}}],"inLanguage":"en-GB"},{"@type":"Organization","@id":"https:\/\/denizcankizil.tr\/#organization","name":"Av. Deniz Can K\u0131z\u0131l","url":"https:\/\/denizcankizil.tr\/","logo":{"@type":"ImageObject","inLanguage":"en-GB","@id":"https:\/\/denizcankizil.tr\/#\/schema\/logo\/image\/","url":"https:\/\/denizcankizil.tr\/wp-content\/uploads\/2024\/10\/siyah-logo-svg.svg","contentUrl":"https:\/\/denizcankizil.tr\/wp-content\/uploads\/2024\/10\/siyah-logo-svg.svg","width":1080,"height":1080,"caption":"Av. Deniz Can K\u0131z\u0131l"},"image":{"@id":"https:\/\/denizcankizil.tr\/#\/schema\/logo\/image\/"}},{"@type":"Person","@id":"https:\/\/denizcankizil.tr\/#\/schema\/person\/be3c05fe6a12686905512445d8185489","name":"admin","image":{"@type":"ImageObject","inLanguage":"en-GB","@id":"https:\/\/denizcankizil.tr\/#\/schema\/person\/image\/","url":"https:\/\/secure.gravatar.com\/avatar\/c1fce94c830dc79107e174f890d7210541c4a63e8e5d816341794a2151c9d58c?s=96&d=mm&r=g","contentUrl":"https:\/\/secure.gravatar.com\/avatar\/c1fce94c830dc79107e174f890d7210541c4a63e8e5d816341794a2151c9d58c?s=96&d=mm&r=g","caption":"admin"},"sameAs":["http:\/\/denizcankizil.tr"],"url":"https:\/\/www.iskenderun.org\/kocaelide-sakatathane-projesinde-sona-gelindi"}]}},"_links":{"self":[{"href":"https:\/\/denizcankizil.tr\/en\/wp-json\/wp\/v2\/posts\/33318","targetHints":{"allow":["GET"]}}],"collection":[{"href":"https:\/\/denizcankizil.tr\/en\/wp-json\/wp\/v2\/posts"}],"about":[{"href":"https:\/\/denizcankizil.tr\/en\/wp-json\/wp\/v2\/types\/post"}],"author":[{"embeddable":true,"href":"https:\/\/denizcankizil.tr\/en\/wp-json\/wp\/v2\/users\/1"}],"replies":[{"embeddable":true,"href":"https:\/\/denizcankizil.tr\/en\/wp-json\/wp\/v2\/comments?post=33318"}],"version-history":[{"count":0,"href":"https:\/\/denizcankizil.tr\/en\/wp-json\/wp\/v2\/posts\/33318\/revisions"}],"wp:attachment":[{"href":"https:\/\/denizcankizil.tr\/en\/wp-json\/wp\/v2\/media?parent=33318"}],"wp:term":[{"taxonomy":"category","embeddable":true,"href":"https:\/\/denizcankizil.tr\/en\/wp-json\/wp\/v2\/categories?post=33318"},{"taxonomy":"post_tag","embeddable":true,"href":"https:\/\/denizcankizil.tr\/en\/wp-json\/wp\/v2\/tags?post=33318"}],"curies":[{"name":"wp","href":"https:\/\/api.w.org\/{rel}","templated":true}]}}