{"id":33255,"date":"2025-02-17T23:41:32","date_gmt":"2025-02-17T20:41:32","guid":{"rendered":"https:\/\/denizcankizil.tr\/uncategorized-tr\/narin-guran-davasinda-2-sanik-tahliye-edildi\/"},"modified":"2025-02-17T23:41:32","modified_gmt":"2025-02-17T20:41:32","slug":"narin-guran-davasinda-2-sanik-tahliye-edildi","status":"publish","type":"post","link":"https:\/\/denizcankizil.tr\/en\/haberler\/gundem\/narin-guran-davasinda-2-sanik-tahliye-edildi\/","title":{"rendered":"Narin G\u00fcran davas\u0131nda 2 san\u0131k tahliye edildi"},"content":{"rendered":"<p>Diyarbak\u0131r\u2019\u0131n Ba\u011flar il\u00e7esi Tav\u015fantepe Mahallesi&#8217;nde 21 A\u011fustos 2024&#8217;te kaybolan ve 8 Eyl\u00fcl 2024&#8217;te E\u011fertutmaz Deresi&#8217;nde cans\u0131z bedenine ula\u015f\u0131lan 8 ya\u015f\u0131ndaki Narin G\u00fcran&#8217;\u0131n \u00f6ld\u00fcr\u00fclmesine ili\u015fkin 6&#8217;s\u0131 tutuklu 15 \u015f\u00fcpheli hakk\u0131nda Diyarbak\u0131r Cumhuriyet Ba\u015fsavc\u0131l\u0131\u011f\u0131nca y\u00fcr\u00fct\u00fclen soru\u015fturma tamamland\u0131.\u00a0<\/p>\n<p>2 SANIK TAHL\u0130YE ED\u0130LD\u0130\u00a0<\/p>\n<p>,Ba\u015fsavc\u0131l\u0131k taraf\u0131ndan haz\u0131rlanan iki ayr\u0131 iddianameden biri Diyarbak\u0131r 17. Asliye Ceza Mahkemesine, 18 ya\u015f\u0131ndan k\u00fc\u00e7\u00fck 3 \u015f\u00fcpheli hakk\u0131ndaki iddianame ise 2. \u00c7ocuk Mahkemesine sunuldu. Haz\u0131rlanan iddianamelerde, 6&#8217;s\u0131 tutuklu 3&#8217;\u00fc \u00e7ocuk 15 \u015f\u00fcpheli hakk\u0131nda &#8220;su\u00e7luyu kay\u0131rma&#8221; su\u00e7undan 6 aydan 5&#8217;er y\u0131la kadar hapis cezas\u0131 talep edildi. \u00a0Tutuklu \u015f\u00fcphelilerden Hediye G\u00fcran ve amca Salim G\u00fcran&#8217;\u0131n i\u015f\u00e7isi 16 ya\u015f\u0131ndaki R.A&#8217;n\u0131n tahliyesine karar verildi. A\u011flayarak cezaevinden \u00e7\u0131kan iki tutuklu, G\u00fcran ailesi taraf\u0131ndan kar\u015f\u0131land\u0131.<\/p>\n<p>NEVZAT BAHT\u0130YAR\u2019IN TUTUKLUK S\u00dcREC\u0130 DEVAM ED\u0130YOR\u00a0<\/p>\n<p>Narin G\u00fcran cinayeti davas\u0131nda mahkeme heyeti, 28 Aral\u0131k 2024&#8217;teki duru\u015fmada oy birli\u011fiyle ald\u0131\u011f\u0131 kararda tutuklu san\u0131klar anne Y\u00fcksel, a\u011fabey Enes ve amca Salim G\u00fcran&#8217;\u0131n &#8220;i\u015ftirak halinde \u00e7ocu\u011fa kar\u015f\u0131 kasten \u00f6ld\u00fcrme&#8221; su\u00e7undan a\u011f\u0131rla\u015ft\u0131r\u0131lm\u0131\u015f m\u00fcebbet, Narin&#8217;in cans\u0131z bedenini E\u011fertutmaz Deresi&#8217;ne saklad\u0131\u011f\u0131n\u0131 itiraf eden Nevzat Bahtiyar&#8217;\u0131n da &#8220;su\u00e7 delillerini yok etme, gizleme veya de\u011fi\u015ftirme&#8221; su\u00e7undan 4 y\u0131l 6 ay hapisle cezaland\u0131r\u0131lmalar\u0131na ve tutukluluk hallerinin devam\u0131na karar vermi\u015fti.\u00a0<br \/>\n\u00a0 \u00a0 \u00a0 \u00a0 \u00a0 \u00a0 \u00a0 \u00a0 \u00a0 \u00a0 \u00a0 \u00a0 \u00a0 \u00a0 \u00a0 \u00a0 \u00a0 \u00a0 \u00a0<br \/>\n\u00a0<\/p>\n<p>\u200bDiyarbak\u0131r\u2019\u0131n Ba\u011flar il\u00e7ende \u00f6ld*r\u00fclen 8 ya\u015f\u0131ndaki Narin G\u00fcran davas\u0131nda tutuklu \u015f\u00fcphelilerden yenge Hediye G\u00fcran ve amca Salim G\u00fcran&#8217;\u0131n 16 ya\u015f\u0131ndaki i\u015f\u00e7isi R.A&#8217;n\u0131n tahliyesine karar verildi\u00a0<\/p>\n<p>\u200bHaberin Al\u0131nt\u0131land\u0131\u011f\u0131 Kaynak: www.antalyakorfez.com<\/p>","protected":false},"excerpt":{"rendered":"<p>Diyarbak\u0131r\u2019\u0131n Ba\u011flar il\u00e7esi Tav\u015fantepe Mahallesi&#8217;nde 21 A\u011fustos 2024&#8217;te kaybolan ve 8 Eyl\u00fcl 2024&#8217;te E\u011fertutmaz Deresi&#8217;nde cans\u0131z bedenine ula\u015f\u0131lan 8 ya\u015f\u0131ndaki Narin G\u00fcran&#8217;\u0131n \u00f6ld\u00fcr\u00fclmesine ili\u015fkin 6&#8217;s\u0131 tutuklu 15 \u015f\u00fcpheli hakk\u0131nda Diyarbak\u0131r Cumhuriyet Ba\u015fsavc\u0131l\u0131\u011f\u0131nca y\u00fcr\u00fct\u00fclen soru\u015fturma tamamland\u0131.\u00a0 2 SANIK TAHL\u0130YE ED\u0130LD\u0130\u00a0 ,Ba\u015fsavc\u0131l\u0131k taraf\u0131ndan haz\u0131rlanan iki ayr\u0131 iddianameden biri Diyarbak\u0131r 17. Asliye Ceza Mahkemesine, 18 ya\u015f\u0131ndan k\u00fc\u00e7\u00fck 3 \u015f\u00fcpheli hakk\u0131ndaki iddianame ise 2. \u00c7ocuk Mahkemesine sunuldu. Haz\u0131rlanan iddianamelerde, 6&#8217;s\u0131 tutuklu 3&#8217;\u00fc \u00e7ocuk 15 \u015f\u00fcpheli hakk\u0131nda &#8220;su\u00e7luyu kay\u0131rma&#8221; su\u00e7undan 6 aydan 5&#8217;er y\u0131la kadar hapis cezas\u0131 talep edildi. \u00a0Tutuklu \u015f\u00fcphelilerden Hediye G\u00fcran ve amca Salim G\u00fcran&#8217;\u0131n i\u015f\u00e7isi 16 ya\u015f\u0131ndaki R.A&#8217;n\u0131n tahliyesine karar verildi. A\u011flayarak cezaevinden \u00e7\u0131kan iki tutuklu, G\u00fcran ailesi taraf\u0131ndan kar\u015f\u0131land\u0131. NEVZAT BAHT\u0130YAR\u2019IN TUTUKLUK S\u00dcREC\u0130 DEVAM ED\u0130YOR\u00a0 Narin G\u00fcran cinayeti davas\u0131nda mahkeme heyeti, 28 Aral\u0131k 2024&#8217;teki duru\u015fmada oy birli\u011fiyle ald\u0131\u011f\u0131 kararda tutuklu san\u0131klar anne Y\u00fcksel, a\u011fabey Enes ve amca Salim G\u00fcran&#8217;\u0131n &#8220;i\u015ftirak halinde \u00e7ocu\u011fa kar\u015f\u0131 kasten \u00f6ld\u00fcrme&#8221; su\u00e7undan a\u011f\u0131rla\u015ft\u0131r\u0131lm\u0131\u015f m\u00fcebbet, Narin&#8217;in cans\u0131z bedenini E\u011fertutmaz Deresi&#8217;ne saklad\u0131\u011f\u0131n\u0131 itiraf eden Nevzat Bahtiyar&#8217;\u0131n da &#8220;su\u00e7 delillerini yok etme, gizleme veya de\u011fi\u015ftirme&#8221; su\u00e7undan 4 y\u0131l 6 ay hapisle cezaland\u0131r\u0131lmalar\u0131na ve tutukluluk hallerinin devam\u0131na karar vermi\u015fti.\u00a0 \u00a0 \u00a0 \u00a0 \u00a0 \u00a0 \u00a0 \u00a0 \u00a0 \u00a0 \u00a0 \u00a0 \u00a0 \u00a0 \u00a0 \u00a0 \u00a0 \u00a0 \u00a0 \u00a0 \u00a0 \u200bDiyarbak\u0131r\u2019\u0131n Ba\u011flar &hellip;<\/p>","protected":false},"author":5,"featured_media":0,"comment_status":"open","ping_status":"open","sticky":false,"template":"","format":"standard","meta":{"_acf_changed":false,"footnotes":""},"categories":[24],"tags":[],"class_list":["post-33255","post","type-post","status-publish","format-standard","has-post-thumbnail","hentry","category-gundem"],"acf":[],"yoast_head":"<!-- This site is optimized with the Yoast SEO Premium plugin v26.6 (Yoast SEO v27.1.1) - https:\/\/yoast.com\/product\/yoast-seo-premium-wordpress\/ -->\n<title>Narin G\u00fcran davas\u0131nda 2 san\u0131k tahliye edildi - Av. Deniz Can K\u0131z\u0131l<\/title>\n<meta name=\"robots\" content=\"index, follow, max-snippet:-1, max-image-preview:large, max-video-preview:-1\" \/>\n<link rel=\"canonical\" href=\"https:\/\/denizcankizil.tr\/en\/haberler\/gundem\/narin-guran-davasinda-2-sanik-tahliye-edildi\/\" \/>\n<meta property=\"og:locale\" content=\"en_GB\" \/>\n<meta property=\"og:type\" content=\"article\" \/>\n<meta property=\"og:title\" content=\"Narin G\u00fcran davas\u0131nda 2 san\u0131k tahliye edildi\" \/>\n<meta property=\"og:description\" content=\"Diyarbak\u0131r\u2019\u0131n Ba\u011flar il\u00e7esi Tav\u015fantepe Mahallesi&#8217;nde 21 A\u011fustos 2024&#8217;te kaybolan ve 8 Eyl\u00fcl 2024&#8217;te E\u011fertutmaz Deresi&#8217;nde cans\u0131z bedenine ula\u015f\u0131lan 8 ya\u015f\u0131ndaki Narin G\u00fcran&#8217;\u0131n \u00f6ld\u00fcr\u00fclmesine ili\u015fkin 6&#8217;s\u0131 tutuklu 15 \u015f\u00fcpheli hakk\u0131nda Diyarbak\u0131r Cumhuriyet Ba\u015fsavc\u0131l\u0131\u011f\u0131nca y\u00fcr\u00fct\u00fclen soru\u015fturma tamamland\u0131.\u00a0 2 SANIK TAHL\u0130YE ED\u0130LD\u0130\u00a0 ,Ba\u015fsavc\u0131l\u0131k taraf\u0131ndan haz\u0131rlanan iki ayr\u0131 iddianameden biri Diyarbak\u0131r 17. Asliye Ceza Mahkemesine, 18 ya\u015f\u0131ndan k\u00fc\u00e7\u00fck 3 \u015f\u00fcpheli hakk\u0131ndaki iddianame ise 2. \u00c7ocuk Mahkemesine sunuldu. Haz\u0131rlanan iddianamelerde, 6&#8217;s\u0131 tutuklu 3&#8217;\u00fc \u00e7ocuk 15 \u015f\u00fcpheli hakk\u0131nda &#8220;su\u00e7luyu kay\u0131rma&#8221; su\u00e7undan 6 aydan 5&#8217;er y\u0131la kadar hapis cezas\u0131 talep edildi. \u00a0Tutuklu \u015f\u00fcphelilerden Hediye G\u00fcran ve amca Salim G\u00fcran&#8217;\u0131n i\u015f\u00e7isi 16 ya\u015f\u0131ndaki R.A&#8217;n\u0131n tahliyesine karar verildi. A\u011flayarak cezaevinden \u00e7\u0131kan iki tutuklu, G\u00fcran ailesi taraf\u0131ndan kar\u015f\u0131land\u0131. NEVZAT BAHT\u0130YAR\u2019IN TUTUKLUK S\u00dcREC\u0130 DEVAM ED\u0130YOR\u00a0 Narin G\u00fcran cinayeti davas\u0131nda mahkeme heyeti, 28 Aral\u0131k 2024&#8217;teki duru\u015fmada oy birli\u011fiyle ald\u0131\u011f\u0131 kararda tutuklu san\u0131klar anne Y\u00fcksel, a\u011fabey Enes ve amca Salim G\u00fcran&#8217;\u0131n &#8220;i\u015ftirak halinde \u00e7ocu\u011fa kar\u015f\u0131 kasten \u00f6ld\u00fcrme&#8221; su\u00e7undan a\u011f\u0131rla\u015ft\u0131r\u0131lm\u0131\u015f m\u00fcebbet, Narin&#8217;in cans\u0131z bedenini E\u011fertutmaz Deresi&#8217;ne saklad\u0131\u011f\u0131n\u0131 itiraf eden Nevzat Bahtiyar&#8217;\u0131n da &#8220;su\u00e7 delillerini yok etme, gizleme veya de\u011fi\u015ftirme&#8221; su\u00e7undan 4 y\u0131l 6 ay hapisle cezaland\u0131r\u0131lmalar\u0131na ve tutukluluk hallerinin devam\u0131na karar vermi\u015fti.\u00a0 \u00a0 \u00a0 \u00a0 \u00a0 \u00a0 \u00a0 \u00a0 \u00a0 \u00a0 \u00a0 \u00a0 \u00a0 \u00a0 \u00a0 \u00a0 \u00a0 \u00a0 \u00a0 \u00a0 \u00a0 \u200bDiyarbak\u0131r\u2019\u0131n Ba\u011flar &hellip;\" \/>\n<meta property=\"og:url\" content=\"https:\/\/denizcankizil.tr\/en\/haberler\/gundem\/narin-guran-davasinda-2-sanik-tahliye-edildi\/\" \/>\n<meta property=\"og:site_name\" content=\"Av. Deniz Can K\u0131z\u0131l\" \/>\n<meta property=\"article:published_time\" content=\"2025-02-17T20:41:32+00:00\" \/>\n<meta name=\"author\" content=\"Antalya K\u00f6rfez\" \/>\n<meta name=\"twitter:card\" content=\"summary_large_image\" \/>\n<meta name=\"twitter:label1\" content=\"Written by\" \/>\n\t<meta name=\"twitter:data1\" content=\"Antalya K\u00f6rfez\" \/>\n\t<meta name=\"twitter:label2\" content=\"Estimated reading time\" \/>\n\t<meta name=\"twitter:data2\" content=\"1 minute\" \/>\n<script type=\"application\/ld+json\" class=\"yoast-schema-graph\">{\"@context\":\"https:\/\/schema.org\",\"@graph\":[{\"@type\":\"Article\",\"@id\":\"https:\/\/denizcankizil.tr\/en\/haberler\/gundem\/narin-guran-davasinda-2-sanik-tahliye-edildi\/#article\",\"isPartOf\":{\"@id\":\"https:\/\/denizcankizil.tr\/en\/haberler\/gundem\/narin-guran-davasinda-2-sanik-tahliye-edildi\/\"},\"author\":{\"name\":\"Antalya K\u00f6rfez\",\"@id\":\"https:\/\/denizcankizil.tr\/de\/#\/schema\/person\/e1eb71bb4dd684d46563f0af307e1234\"},\"headline\":\"Narin G\u00fcran davas\u0131nda 2 san\u0131k tahliye edildi\",\"datePublished\":\"2025-02-17T20:41:32+00:00\",\"mainEntityOfPage\":{\"@id\":\"https:\/\/denizcankizil.tr\/en\/haberler\/gundem\/narin-guran-davasinda-2-sanik-tahliye-edildi\/\"},\"wordCount\":313,\"commentCount\":0,\"publisher\":{\"@id\":\"https:\/\/denizcankizil.tr\/de\/#organization\"},\"articleSection\":[\"G\u00fcndem\"],\"inLanguage\":\"en-GB\",\"potentialAction\":[{\"@type\":\"CommentAction\",\"name\":\"Comment\",\"target\":[\"https:\/\/denizcankizil.tr\/en\/haberler\/gundem\/narin-guran-davasinda-2-sanik-tahliye-edildi\/#respond\"]}]},{\"@type\":\"WebPage\",\"@id\":\"https:\/\/denizcankizil.tr\/en\/haberler\/gundem\/narin-guran-davasinda-2-sanik-tahliye-edildi\/\",\"url\":\"https:\/\/denizcankizil.tr\/en\/haberler\/gundem\/narin-guran-davasinda-2-sanik-tahliye-edildi\/\",\"name\":\"Narin G\u00fcran davas\u0131nda 2 san\u0131k tahliye edildi - Av. Deniz Can K\u0131z\u0131l\",\"isPartOf\":{\"@id\":\"https:\/\/denizcankizil.tr\/de\/#website\"},\"datePublished\":\"2025-02-17T20:41:32+00:00\",\"breadcrumb\":{\"@id\":\"https:\/\/denizcankizil.tr\/en\/haberler\/gundem\/narin-guran-davasinda-2-sanik-tahliye-edildi\/#breadcrumb\"},\"inLanguage\":\"en-GB\",\"potentialAction\":[{\"@type\":\"ReadAction\",\"target\":[\"https:\/\/denizcankizil.tr\/en\/haberler\/gundem\/narin-guran-davasinda-2-sanik-tahliye-edildi\/\"]}]},{\"@type\":\"BreadcrumbList\",\"@id\":\"https:\/\/denizcankizil.tr\/en\/haberler\/gundem\/narin-guran-davasinda-2-sanik-tahliye-edildi\/#breadcrumb\",\"itemListElement\":[{\"@type\":\"ListItem\",\"position\":1,\"name\":\"Home\",\"item\":\"https:\/\/denizcankizil.tr\/de\/\"},{\"@type\":\"ListItem\",\"position\":2,\"name\":\"Narin G\u00fcran davas\u0131nda 2 san\u0131k tahliye edildi\"}]},{\"@type\":\"WebSite\",\"@id\":\"https:\/\/denizcankizil.tr\/de\/#website\",\"url\":\"https:\/\/denizcankizil.tr\/de\/\",\"name\":\"Av. Deniz Can K\u0131z\u0131l\",\"description\":\"Avukat Deniz Can K\u0131z\u0131l Antalya Barosu\",\"publisher\":{\"@id\":\"https:\/\/denizcankizil.tr\/de\/#organization\"},\"potentialAction\":[{\"@type\":\"SearchAction\",\"target\":{\"@type\":\"EntryPoint\",\"urlTemplate\":\"https:\/\/denizcankizil.tr\/de\/?s={search_term_string}\"},\"query-input\":{\"@type\":\"PropertyValueSpecification\",\"valueRequired\":true,\"valueName\":\"search_term_string\"}}],\"inLanguage\":\"en-GB\"},{\"@type\":\"Organization\",\"@id\":\"https:\/\/denizcankizil.tr\/de\/#organization\",\"name\":\"Av. Deniz Can K\u0131z\u0131l\",\"url\":\"https:\/\/denizcankizil.tr\/de\/\",\"logo\":{\"@type\":\"ImageObject\",\"inLanguage\":\"en-GB\",\"@id\":\"https:\/\/denizcankizil.tr\/de\/#\/schema\/logo\/image\/\",\"url\":\"https:\/\/denizcankizil.tr\/wp-content\/uploads\/2024\/10\/siyah-logo-svg.svg\",\"contentUrl\":\"https:\/\/denizcankizil.tr\/wp-content\/uploads\/2024\/10\/siyah-logo-svg.svg\",\"width\":1080,\"height\":1080,\"caption\":\"Av. Deniz Can K\u0131z\u0131l\"},\"image\":{\"@id\":\"https:\/\/denizcankizil.tr\/de\/#\/schema\/logo\/image\/\"}},{\"@type\":\"Person\",\"@id\":\"https:\/\/denizcankizil.tr\/de\/#\/schema\/person\/e1eb71bb4dd684d46563f0af307e1234\",\"name\":\"Antalya K\u00f6rfez\",\"image\":{\"@type\":\"ImageObject\",\"inLanguage\":\"en-GB\",\"@id\":\"https:\/\/denizcankizil.tr\/de\/#\/schema\/person\/image\/\",\"url\":\"https:\/\/secure.gravatar.com\/avatar\/42b01982558a48a0b501fdcab6a408d3717ea5919095ee2e67b0e521799c5905?s=96&d=mm&r=g\",\"contentUrl\":\"https:\/\/secure.gravatar.com\/avatar\/42b01982558a48a0b501fdcab6a408d3717ea5919095ee2e67b0e521799c5905?s=96&d=mm&r=g\",\"caption\":\"Antalya K\u00f6rfez\"},\"sameAs\":[\"http:\/\/www.antalyakorfez.com\"],\"url\":\"https:\/\/www.antalyakorfez.com\/narin-guran-davasinda-2-sanik-tahliye-edildi\"}]}<\/script>\n<!-- \/ Yoast SEO Premium plugin. -->","yoast_head_json":{"title":"Narin G\u00fcran davas\u0131nda 2 san\u0131k tahliye edildi - Av. Deniz Can K\u0131z\u0131l","robots":{"index":"index","follow":"follow","max-snippet":"max-snippet:-1","max-image-preview":"max-image-preview:large","max-video-preview":"max-video-preview:-1"},"canonical":"https:\/\/denizcankizil.tr\/en\/haberler\/gundem\/narin-guran-davasinda-2-sanik-tahliye-edildi\/","og_locale":"en_GB","og_type":"article","og_title":"Narin G\u00fcran davas\u0131nda 2 san\u0131k tahliye edildi","og_description":"Diyarbak\u0131r\u2019\u0131n Ba\u011flar il\u00e7esi Tav\u015fantepe Mahallesi&#8217;nde 21 A\u011fustos 2024&#8217;te kaybolan ve 8 Eyl\u00fcl 2024&#8217;te E\u011fertutmaz Deresi&#8217;nde cans\u0131z bedenine ula\u015f\u0131lan 8 ya\u015f\u0131ndaki Narin G\u00fcran&#8217;\u0131n \u00f6ld\u00fcr\u00fclmesine ili\u015fkin 6&#8217;s\u0131 tutuklu 15 \u015f\u00fcpheli hakk\u0131nda Diyarbak\u0131r Cumhuriyet Ba\u015fsavc\u0131l\u0131\u011f\u0131nca y\u00fcr\u00fct\u00fclen soru\u015fturma tamamland\u0131.\u00a0 2 SANIK TAHL\u0130YE ED\u0130LD\u0130\u00a0 ,Ba\u015fsavc\u0131l\u0131k taraf\u0131ndan haz\u0131rlanan iki ayr\u0131 iddianameden biri Diyarbak\u0131r 17. Asliye Ceza Mahkemesine, 18 ya\u015f\u0131ndan k\u00fc\u00e7\u00fck 3 \u015f\u00fcpheli hakk\u0131ndaki iddianame ise 2. \u00c7ocuk Mahkemesine sunuldu. Haz\u0131rlanan iddianamelerde, 6&#8217;s\u0131 tutuklu 3&#8217;\u00fc \u00e7ocuk 15 \u015f\u00fcpheli hakk\u0131nda &#8220;su\u00e7luyu kay\u0131rma&#8221; su\u00e7undan 6 aydan 5&#8217;er y\u0131la kadar hapis cezas\u0131 talep edildi. \u00a0Tutuklu \u015f\u00fcphelilerden Hediye G\u00fcran ve amca Salim G\u00fcran&#8217;\u0131n i\u015f\u00e7isi 16 ya\u015f\u0131ndaki R.A&#8217;n\u0131n tahliyesine karar verildi. A\u011flayarak cezaevinden \u00e7\u0131kan iki tutuklu, G\u00fcran ailesi taraf\u0131ndan kar\u015f\u0131land\u0131. NEVZAT BAHT\u0130YAR\u2019IN TUTUKLUK S\u00dcREC\u0130 DEVAM ED\u0130YOR\u00a0 Narin G\u00fcran cinayeti davas\u0131nda mahkeme heyeti, 28 Aral\u0131k 2024&#8217;teki duru\u015fmada oy birli\u011fiyle ald\u0131\u011f\u0131 kararda tutuklu san\u0131klar anne Y\u00fcksel, a\u011fabey Enes ve amca Salim G\u00fcran&#8217;\u0131n &#8220;i\u015ftirak halinde \u00e7ocu\u011fa kar\u015f\u0131 kasten \u00f6ld\u00fcrme&#8221; su\u00e7undan a\u011f\u0131rla\u015ft\u0131r\u0131lm\u0131\u015f m\u00fcebbet, Narin&#8217;in cans\u0131z bedenini E\u011fertutmaz Deresi&#8217;ne saklad\u0131\u011f\u0131n\u0131 itiraf eden Nevzat Bahtiyar&#8217;\u0131n da &#8220;su\u00e7 delillerini yok etme, gizleme veya de\u011fi\u015ftirme&#8221; su\u00e7undan 4 y\u0131l 6 ay hapisle cezaland\u0131r\u0131lmalar\u0131na ve tutukluluk hallerinin devam\u0131na karar vermi\u015fti.\u00a0 \u00a0 \u00a0 \u00a0 \u00a0 \u00a0 \u00a0 \u00a0 \u00a0 \u00a0 \u00a0 \u00a0 \u00a0 \u00a0 \u00a0 \u00a0 \u00a0 \u00a0 \u00a0 \u00a0 \u00a0 \u200bDiyarbak\u0131r\u2019\u0131n Ba\u011flar &hellip;","og_url":"https:\/\/denizcankizil.tr\/en\/haberler\/gundem\/narin-guran-davasinda-2-sanik-tahliye-edildi\/","og_site_name":"Av. Deniz Can K\u0131z\u0131l","article_published_time":"2025-02-17T20:41:32+00:00","author":"Antalya K\u00f6rfez","twitter_card":"summary_large_image","twitter_misc":{"Written by":"Antalya K\u00f6rfez","Estimated reading time":"1 minute"},"schema":{"@context":"https:\/\/schema.org","@graph":[{"@type":"Article","@id":"https:\/\/denizcankizil.tr\/en\/haberler\/gundem\/narin-guran-davasinda-2-sanik-tahliye-edildi\/#article","isPartOf":{"@id":"https:\/\/denizcankizil.tr\/en\/haberler\/gundem\/narin-guran-davasinda-2-sanik-tahliye-edildi\/"},"author":{"name":"Antalya K\u00f6rfez","@id":"https:\/\/denizcankizil.tr\/de\/#\/schema\/person\/e1eb71bb4dd684d46563f0af307e1234"},"headline":"Narin G\u00fcran davas\u0131nda 2 san\u0131k tahliye edildi","datePublished":"2025-02-17T20:41:32+00:00","mainEntityOfPage":{"@id":"https:\/\/denizcankizil.tr\/en\/haberler\/gundem\/narin-guran-davasinda-2-sanik-tahliye-edildi\/"},"wordCount":313,"commentCount":0,"publisher":{"@id":"https:\/\/denizcankizil.tr\/de\/#organization"},"articleSection":["G\u00fcndem"],"inLanguage":"en-GB","potentialAction":[{"@type":"CommentAction","name":"Comment","target":["https:\/\/denizcankizil.tr\/en\/haberler\/gundem\/narin-guran-davasinda-2-sanik-tahliye-edildi\/#respond"]}]},{"@type":"WebPage","@id":"https:\/\/denizcankizil.tr\/en\/haberler\/gundem\/narin-guran-davasinda-2-sanik-tahliye-edildi\/","url":"https:\/\/denizcankizil.tr\/en\/haberler\/gundem\/narin-guran-davasinda-2-sanik-tahliye-edildi\/","name":"Narin G\u00fcran davas\u0131nda 2 san\u0131k tahliye edildi - Av. Deniz Can K\u0131z\u0131l","isPartOf":{"@id":"https:\/\/denizcankizil.tr\/de\/#website"},"datePublished":"2025-02-17T20:41:32+00:00","breadcrumb":{"@id":"https:\/\/denizcankizil.tr\/en\/haberler\/gundem\/narin-guran-davasinda-2-sanik-tahliye-edildi\/#breadcrumb"},"inLanguage":"en-GB","potentialAction":[{"@type":"ReadAction","target":["https:\/\/denizcankizil.tr\/en\/haberler\/gundem\/narin-guran-davasinda-2-sanik-tahliye-edildi\/"]}]},{"@type":"BreadcrumbList","@id":"https:\/\/denizcankizil.tr\/en\/haberler\/gundem\/narin-guran-davasinda-2-sanik-tahliye-edildi\/#breadcrumb","itemListElement":[{"@type":"ListItem","position":1,"name":"Home","item":"https:\/\/denizcankizil.tr\/de\/"},{"@type":"ListItem","position":2,"name":"Narin G\u00fcran davas\u0131nda 2 san\u0131k tahliye edildi"}]},{"@type":"WebSite","@id":"https:\/\/denizcankizil.tr\/de\/#website","url":"https:\/\/denizcankizil.tr\/de\/","name":"Av. Deniz Can K\u0131z\u0131l","description":"Avukat Deniz Can K\u0131z\u0131l Antalya Barosu","publisher":{"@id":"https:\/\/denizcankizil.tr\/de\/#organization"},"potentialAction":[{"@type":"SearchAction","target":{"@type":"EntryPoint","urlTemplate":"https:\/\/denizcankizil.tr\/de\/?s={search_term_string}"},"query-input":{"@type":"PropertyValueSpecification","valueRequired":true,"valueName":"search_term_string"}}],"inLanguage":"en-GB"},{"@type":"Organization","@id":"https:\/\/denizcankizil.tr\/de\/#organization","name":"Av. Deniz Can K\u0131z\u0131l","url":"https:\/\/denizcankizil.tr\/de\/","logo":{"@type":"ImageObject","inLanguage":"en-GB","@id":"https:\/\/denizcankizil.tr\/de\/#\/schema\/logo\/image\/","url":"https:\/\/denizcankizil.tr\/wp-content\/uploads\/2024\/10\/siyah-logo-svg.svg","contentUrl":"https:\/\/denizcankizil.tr\/wp-content\/uploads\/2024\/10\/siyah-logo-svg.svg","width":1080,"height":1080,"caption":"Av. Deniz Can K\u0131z\u0131l"},"image":{"@id":"https:\/\/denizcankizil.tr\/de\/#\/schema\/logo\/image\/"}},{"@type":"Person","@id":"https:\/\/denizcankizil.tr\/de\/#\/schema\/person\/e1eb71bb4dd684d46563f0af307e1234","name":"Antalya K\u00f6rfez","image":{"@type":"ImageObject","inLanguage":"en-GB","@id":"https:\/\/denizcankizil.tr\/de\/#\/schema\/person\/image\/","url":"https:\/\/secure.gravatar.com\/avatar\/42b01982558a48a0b501fdcab6a408d3717ea5919095ee2e67b0e521799c5905?s=96&d=mm&r=g","contentUrl":"https:\/\/secure.gravatar.com\/avatar\/42b01982558a48a0b501fdcab6a408d3717ea5919095ee2e67b0e521799c5905?s=96&d=mm&r=g","caption":"Antalya K\u00f6rfez"},"sameAs":["http:\/\/www.antalyakorfez.com"],"url":"https:\/\/www.antalyakorfez.com\/narin-guran-davasinda-2-sanik-tahliye-edildi"}]}},"_links":{"self":[{"href":"https:\/\/denizcankizil.tr\/en\/wp-json\/wp\/v2\/posts\/33255","targetHints":{"allow":["GET"]}}],"collection":[{"href":"https:\/\/denizcankizil.tr\/en\/wp-json\/wp\/v2\/posts"}],"about":[{"href":"https:\/\/denizcankizil.tr\/en\/wp-json\/wp\/v2\/types\/post"}],"author":[{"embeddable":true,"href":"https:\/\/denizcankizil.tr\/en\/wp-json\/wp\/v2\/users\/5"}],"replies":[{"embeddable":true,"href":"https:\/\/denizcankizil.tr\/en\/wp-json\/wp\/v2\/comments?post=33255"}],"version-history":[{"count":0,"href":"https:\/\/denizcankizil.tr\/en\/wp-json\/wp\/v2\/posts\/33255\/revisions"}],"wp:attachment":[{"href":"https:\/\/denizcankizil.tr\/en\/wp-json\/wp\/v2\/media?parent=33255"}],"wp:term":[{"taxonomy":"category","embeddable":true,"href":"https:\/\/denizcankizil.tr\/en\/wp-json\/wp\/v2\/categories?post=33255"},{"taxonomy":"post_tag","embeddable":true,"href":"https:\/\/denizcankizil.tr\/en\/wp-json\/wp\/v2\/tags?post=33255"}],"curies":[{"name":"wp","href":"https:\/\/api.w.org\/{rel}","templated":true}]}}