{"id":33202,"date":"2025-02-17T16:41:24","date_gmt":"2025-02-17T13:41:24","guid":{"rendered":"https:\/\/denizcankizil.tr\/uncategorized-tr\/baskan-mujdeyi-verdi\/"},"modified":"2025-02-17T16:41:24","modified_gmt":"2025-02-17T13:41:24","slug":"baskan-mujdeyi-verdi","status":"publish","type":"post","link":"https:\/\/denizcankizil.tr\/en\/haberler\/antalya\/baskan-mujdeyi-verdi\/","title":{"rendered":"Ba\u015fkan m\u00fcjdeyi verdi"},"content":{"rendered":"<p>Kemer Belediyesi Park ve Bah\u00e7eler M\u00fcd\u00fcrl\u00fc\u011f\u00fc ekipleri daha geni\u015f alana sahip olan k\u0131s\u0131mda hal\u0131 saha, tuvaletler, soyunma odalar\u0131 in\u015fa edilece\u011fini bildirdi. Toplam 2 bin 264 metrekarelik iki ayr\u0131 ada \u00fczerine in\u015fa edilecek park alan\u0131nda, geni\u015f alana sahip olan b\u00f6l\u00fcme hal\u0131 saha, tuvaletler ve soyunma odalar\u0131 yap\u0131lacak. Di\u011fer alanda ise \u00e7ocuk oyun grubu, spor aletleri, y\u00fcr\u00fcy\u00fc\u015f yollar\u0131, kent mobilyalar\u0131 ve oturma alanlar\u0131 yer alacak. Ayr\u0131ca park\u0131n ye\u015fil alanlarla zenginle\u015ftirilmesi amac\u0131yla a\u011fa\u00e7land\u0131rma \u00e7al\u0131\u015fmalar\u0131 da ger\u00e7ekle\u015ftirilecek.<br \/>\nKemer Belediye Ba\u015fkan\u0131 Necati Topalo\u011flu, konuyla ilgili yapt\u0131\u011f\u0131 a\u00e7\u0131klamada, &#8220;Kemer\u2019imize yeni parklar kazand\u0131rmaya devam ediyoruz. Tekirova Mahallemizde kapal\u0131 pazar yerimiz ile ilgili \u00e7al\u0131\u015fmalar\u0131m\u0131z s\u00fcrerken, ayr\u0131ca toplam 2.264 metrekarelik bir alanda iki ada \u00fczerine park yapaca\u011f\u0131z. Park\u0131m\u0131zda \u00f6zellikle \u00e7ocuklar\u0131m\u0131z ve gen\u00e7lerimiz i\u00e7in hal\u0131 saha da in\u015fa ediyoruz. \u00c7al\u0131\u015fmalar\u0131m\u0131za en k\u0131sa s\u00fcre i\u00e7erisinde ba\u015flamay\u0131 planl\u0131yoruz&#8221; dedi.<\/p>\n<p>Kaynak: www.kanalv.com.tr Haber Sitesinden Al\u0131nm\u0131\u015ft\u0131r.<\/p>","protected":false},"excerpt":{"rendered":"<p>Kemer Belediyesi Park ve Bah\u00e7eler M\u00fcd\u00fcrl\u00fc\u011f\u00fc ekipleri daha geni\u015f alana sahip olan k\u0131s\u0131mda hal\u0131 saha, tuvaletler, soyunma odalar\u0131 in\u015fa edilece\u011fini bildirdi. Toplam 2 bin 264 metrekarelik iki ayr\u0131 ada \u00fczerine in\u015fa edilecek park alan\u0131nda, geni\u015f alana sahip olan b\u00f6l\u00fcme hal\u0131 saha, tuvaletler ve soyunma odalar\u0131 yap\u0131lacak. Di\u011fer alanda ise \u00e7ocuk oyun grubu, spor aletleri, y\u00fcr\u00fcy\u00fc\u015f yollar\u0131, kent mobilyalar\u0131 ve oturma alanlar\u0131 yer alacak. Ayr\u0131ca park\u0131n ye\u015fil alanlarla zenginle\u015ftirilmesi amac\u0131yla a\u011fa\u00e7land\u0131rma \u00e7al\u0131\u015fmalar\u0131 da ger\u00e7ekle\u015ftirilecek. Kemer Belediye Ba\u015fkan\u0131 Necati Topalo\u011flu, konuyla ilgili yapt\u0131\u011f\u0131 a\u00e7\u0131klamada, &#8220;Kemer\u2019imize yeni parklar kazand\u0131rmaya devam ediyoruz. Tekirova Mahallemizde kapal\u0131 pazar yerimiz ile ilgili \u00e7al\u0131\u015fmalar\u0131m\u0131z s\u00fcrerken, ayr\u0131ca toplam 2.264 metrekarelik bir alanda iki ada \u00fczerine park yapaca\u011f\u0131z. Park\u0131m\u0131zda \u00f6zellikle \u00e7ocuklar\u0131m\u0131z ve gen\u00e7lerimiz i\u00e7in hal\u0131 saha da in\u015fa ediyoruz. \u00c7al\u0131\u015fmalar\u0131m\u0131za en k\u0131sa s\u00fcre i\u00e7erisinde ba\u015flamay\u0131 planl\u0131yoruz&#8221; dedi. Kaynak: www.kanalv.com.tr Haber Sitesinden Al\u0131nm\u0131\u015ft\u0131r.<\/p>","protected":false},"author":4,"featured_media":33203,"comment_status":"open","ping_status":"open","sticky":false,"template":"","format":"standard","meta":{"_acf_changed":false,"footnotes":""},"categories":[26],"tags":[],"class_list":["post-33202","post","type-post","status-publish","format-standard","has-post-thumbnail","hentry","category-antalya"],"acf":[],"yoast_head":"<!-- This site is optimized with the Yoast SEO Premium plugin v26.6 (Yoast SEO v27.1.1) - https:\/\/yoast.com\/product\/yoast-seo-premium-wordpress\/ -->\n<title>Ba\u015fkan m\u00fcjdeyi verdi - Av. Deniz Can K\u0131z\u0131l<\/title>\n<meta name=\"robots\" content=\"index, follow, max-snippet:-1, max-image-preview:large, max-video-preview:-1\" \/>\n<link rel=\"canonical\" href=\"https:\/\/denizcankizil.tr\/en\/haberler\/antalya\/baskan-mujdeyi-verdi\/\" \/>\n<meta property=\"og:locale\" content=\"en_GB\" \/>\n<meta property=\"og:type\" content=\"article\" \/>\n<meta property=\"og:title\" content=\"Ba\u015fkan m\u00fcjdeyi verdi\" \/>\n<meta property=\"og:description\" content=\"Kemer Belediyesi Park ve Bah\u00e7eler M\u00fcd\u00fcrl\u00fc\u011f\u00fc ekipleri daha geni\u015f alana sahip olan k\u0131s\u0131mda hal\u0131 saha, tuvaletler, soyunma odalar\u0131 in\u015fa edilece\u011fini bildirdi. Toplam 2 bin 264 metrekarelik iki ayr\u0131 ada \u00fczerine in\u015fa edilecek park alan\u0131nda, geni\u015f alana sahip olan b\u00f6l\u00fcme hal\u0131 saha, tuvaletler ve soyunma odalar\u0131 yap\u0131lacak. Di\u011fer alanda ise \u00e7ocuk oyun grubu, spor aletleri, y\u00fcr\u00fcy\u00fc\u015f yollar\u0131, kent mobilyalar\u0131 ve oturma alanlar\u0131 yer alacak. Ayr\u0131ca park\u0131n ye\u015fil alanlarla zenginle\u015ftirilmesi amac\u0131yla a\u011fa\u00e7land\u0131rma \u00e7al\u0131\u015fmalar\u0131 da ger\u00e7ekle\u015ftirilecek. Kemer Belediye Ba\u015fkan\u0131 Necati Topalo\u011flu, konuyla ilgili yapt\u0131\u011f\u0131 a\u00e7\u0131klamada, &#8220;Kemer\u2019imize yeni parklar kazand\u0131rmaya devam ediyoruz. Tekirova Mahallemizde kapal\u0131 pazar yerimiz ile ilgili \u00e7al\u0131\u015fmalar\u0131m\u0131z s\u00fcrerken, ayr\u0131ca toplam 2.264 metrekarelik bir alanda iki ada \u00fczerine park yapaca\u011f\u0131z. Park\u0131m\u0131zda \u00f6zellikle \u00e7ocuklar\u0131m\u0131z ve gen\u00e7lerimiz i\u00e7in hal\u0131 saha da in\u015fa ediyoruz. \u00c7al\u0131\u015fmalar\u0131m\u0131za en k\u0131sa s\u00fcre i\u00e7erisinde ba\u015flamay\u0131 planl\u0131yoruz&#8221; dedi. Kaynak: www.kanalv.com.tr Haber Sitesinden Al\u0131nm\u0131\u015ft\u0131r.\" \/>\n<meta property=\"og:url\" content=\"https:\/\/denizcankizil.tr\/en\/haberler\/antalya\/baskan-mujdeyi-verdi\/\" \/>\n<meta property=\"og:site_name\" content=\"Av. Deniz Can K\u0131z\u0131l\" \/>\n<meta property=\"article:published_time\" content=\"2025-02-17T13:41:24+00:00\" \/>\n<meta property=\"og:image\" content=\"https:\/\/denizcankizil.tr\/wp-content\/uploads\/2025\/02\/5007-01-mVvWJp.jpeg\" \/>\n\t<meta property=\"og:image:width\" content=\"1280\" \/>\n\t<meta property=\"og:image:height\" content=\"720\" \/>\n\t<meta property=\"og:image:type\" content=\"image\/jpeg\" \/>\n<meta name=\"author\" content=\"Av. Deniz Can K\u0131z\u0131l\" \/>\n<meta name=\"twitter:card\" content=\"summary_large_image\" \/>\n<meta name=\"twitter:label1\" content=\"Written by\" \/>\n\t<meta name=\"twitter:data1\" content=\"Av. Deniz Can K\u0131z\u0131l\" \/>\n\t<meta name=\"twitter:label2\" content=\"Estimated reading time\" \/>\n\t<meta name=\"twitter:data2\" content=\"1 minute\" \/>\n<script type=\"application\/ld+json\" class=\"yoast-schema-graph\">{\"@context\":\"https:\/\/schema.org\",\"@graph\":[{\"@type\":\"Article\",\"@id\":\"https:\/\/denizcankizil.tr\/en\/haberler\/antalya\/baskan-mujdeyi-verdi\/#article\",\"isPartOf\":{\"@id\":\"https:\/\/denizcankizil.tr\/en\/haberler\/antalya\/baskan-mujdeyi-verdi\/\"},\"author\":{\"name\":\"Av. Deniz Can K\u0131z\u0131l\",\"@id\":\"https:\/\/denizcankizil.tr\/de\/#\/schema\/person\/5dc1b22991bd7ac833867c10afc9b0ff\"},\"headline\":\"Ba\u015fkan m\u00fcjdeyi verdi\",\"datePublished\":\"2025-02-17T13:41:24+00:00\",\"mainEntityOfPage\":{\"@id\":\"https:\/\/denizcankizil.tr\/en\/haberler\/antalya\/baskan-mujdeyi-verdi\/\"},\"wordCount\":192,\"commentCount\":0,\"publisher\":{\"@id\":\"https:\/\/denizcankizil.tr\/de\/#organization\"},\"image\":{\"@id\":\"https:\/\/denizcankizil.tr\/en\/haberler\/antalya\/baskan-mujdeyi-verdi\/#primaryimage\"},\"thumbnailUrl\":\"https:\/\/denizcankizil.tr\/wp-content\/uploads\/2025\/02\/5007-01-mVvWJp.jpeg\",\"articleSection\":[\"Antalya\"],\"inLanguage\":\"en-GB\",\"potentialAction\":[{\"@type\":\"CommentAction\",\"name\":\"Comment\",\"target\":[\"https:\/\/denizcankizil.tr\/en\/haberler\/antalya\/baskan-mujdeyi-verdi\/#respond\"]}]},{\"@type\":\"WebPage\",\"@id\":\"https:\/\/denizcankizil.tr\/en\/haberler\/antalya\/baskan-mujdeyi-verdi\/\",\"url\":\"https:\/\/denizcankizil.tr\/en\/haberler\/antalya\/baskan-mujdeyi-verdi\/\",\"name\":\"Ba\u015fkan m\u00fcjdeyi verdi - Av. Deniz Can K\u0131z\u0131l\",\"isPartOf\":{\"@id\":\"https:\/\/denizcankizil.tr\/de\/#website\"},\"primaryImageOfPage\":{\"@id\":\"https:\/\/denizcankizil.tr\/en\/haberler\/antalya\/baskan-mujdeyi-verdi\/#primaryimage\"},\"image\":{\"@id\":\"https:\/\/denizcankizil.tr\/en\/haberler\/antalya\/baskan-mujdeyi-verdi\/#primaryimage\"},\"thumbnailUrl\":\"https:\/\/denizcankizil.tr\/wp-content\/uploads\/2025\/02\/5007-01-mVvWJp.jpeg\",\"datePublished\":\"2025-02-17T13:41:24+00:00\",\"breadcrumb\":{\"@id\":\"https:\/\/denizcankizil.tr\/en\/haberler\/antalya\/baskan-mujdeyi-verdi\/#breadcrumb\"},\"inLanguage\":\"en-GB\",\"potentialAction\":[{\"@type\":\"ReadAction\",\"target\":[\"https:\/\/denizcankizil.tr\/en\/haberler\/antalya\/baskan-mujdeyi-verdi\/\"]}]},{\"@type\":\"ImageObject\",\"inLanguage\":\"en-GB\",\"@id\":\"https:\/\/denizcankizil.tr\/en\/haberler\/antalya\/baskan-mujdeyi-verdi\/#primaryimage\",\"url\":\"https:\/\/denizcankizil.tr\/wp-content\/uploads\/2025\/02\/5007-01-mVvWJp.jpeg\",\"contentUrl\":\"https:\/\/denizcankizil.tr\/wp-content\/uploads\/2025\/02\/5007-01-mVvWJp.jpeg\",\"width\":1280,\"height\":720},{\"@type\":\"BreadcrumbList\",\"@id\":\"https:\/\/denizcankizil.tr\/en\/haberler\/antalya\/baskan-mujdeyi-verdi\/#breadcrumb\",\"itemListElement\":[{\"@type\":\"ListItem\",\"position\":1,\"name\":\"Home\",\"item\":\"https:\/\/denizcankizil.tr\/de\/\"},{\"@type\":\"ListItem\",\"position\":2,\"name\":\"Ba\u015fkan m\u00fcjdeyi verdi\"}]},{\"@type\":\"WebSite\",\"@id\":\"https:\/\/denizcankizil.tr\/de\/#website\",\"url\":\"https:\/\/denizcankizil.tr\/de\/\",\"name\":\"Av. Deniz Can K\u0131z\u0131l\",\"description\":\"Avukat Deniz Can K\u0131z\u0131l Antalya Barosu\",\"publisher\":{\"@id\":\"https:\/\/denizcankizil.tr\/de\/#organization\"},\"potentialAction\":[{\"@type\":\"SearchAction\",\"target\":{\"@type\":\"EntryPoint\",\"urlTemplate\":\"https:\/\/denizcankizil.tr\/de\/?s={search_term_string}\"},\"query-input\":{\"@type\":\"PropertyValueSpecification\",\"valueRequired\":true,\"valueName\":\"search_term_string\"}}],\"inLanguage\":\"en-GB\"},{\"@type\":\"Organization\",\"@id\":\"https:\/\/denizcankizil.tr\/de\/#organization\",\"name\":\"Av. Deniz Can K\u0131z\u0131l\",\"url\":\"https:\/\/denizcankizil.tr\/de\/\",\"logo\":{\"@type\":\"ImageObject\",\"inLanguage\":\"en-GB\",\"@id\":\"https:\/\/denizcankizil.tr\/de\/#\/schema\/logo\/image\/\",\"url\":\"https:\/\/denizcankizil.tr\/wp-content\/uploads\/2024\/10\/siyah-logo-svg.svg\",\"contentUrl\":\"https:\/\/denizcankizil.tr\/wp-content\/uploads\/2024\/10\/siyah-logo-svg.svg\",\"width\":1080,\"height\":1080,\"caption\":\"Av. Deniz Can K\u0131z\u0131l\"},\"image\":{\"@id\":\"https:\/\/denizcankizil.tr\/de\/#\/schema\/logo\/image\/\"}},{\"@type\":\"Person\",\"@id\":\"https:\/\/denizcankizil.tr\/de\/#\/schema\/person\/5dc1b22991bd7ac833867c10afc9b0ff\",\"name\":\"Av. Deniz Can K\u0131z\u0131l\",\"image\":{\"@type\":\"ImageObject\",\"inLanguage\":\"en-GB\",\"@id\":\"https:\/\/denizcankizil.tr\/de\/#\/schema\/person\/image\/\",\"url\":\"https:\/\/secure.gravatar.com\/avatar\/a0b128fb9855c79efc976d5640eedb31dc35ec297594d6016d2cf7c60e975bb6?s=96&d=mm&r=g\",\"contentUrl\":\"https:\/\/secure.gravatar.com\/avatar\/a0b128fb9855c79efc976d5640eedb31dc35ec297594d6016d2cf7c60e975bb6?s=96&d=mm&r=g\",\"caption\":\"Av. Deniz Can K\u0131z\u0131l\"},\"sameAs\":[\"http:\/\/www.denizcankizil.tr\"],\"url\":\"https:\/\/denizcankizil.tr\/en\/author\/denizcankizil\/\"}]}<\/script>\n<!-- \/ Yoast SEO Premium plugin. -->","yoast_head_json":{"title":"Ba\u015fkan m\u00fcjdeyi verdi - Av. Deniz Can K\u0131z\u0131l","robots":{"index":"index","follow":"follow","max-snippet":"max-snippet:-1","max-image-preview":"max-image-preview:large","max-video-preview":"max-video-preview:-1"},"canonical":"https:\/\/denizcankizil.tr\/en\/haberler\/antalya\/baskan-mujdeyi-verdi\/","og_locale":"en_GB","og_type":"article","og_title":"Ba\u015fkan m\u00fcjdeyi verdi","og_description":"Kemer Belediyesi Park ve Bah\u00e7eler M\u00fcd\u00fcrl\u00fc\u011f\u00fc ekipleri daha geni\u015f alana sahip olan k\u0131s\u0131mda hal\u0131 saha, tuvaletler, soyunma odalar\u0131 in\u015fa edilece\u011fini bildirdi. Toplam 2 bin 264 metrekarelik iki ayr\u0131 ada \u00fczerine in\u015fa edilecek park alan\u0131nda, geni\u015f alana sahip olan b\u00f6l\u00fcme hal\u0131 saha, tuvaletler ve soyunma odalar\u0131 yap\u0131lacak. Di\u011fer alanda ise \u00e7ocuk oyun grubu, spor aletleri, y\u00fcr\u00fcy\u00fc\u015f yollar\u0131, kent mobilyalar\u0131 ve oturma alanlar\u0131 yer alacak. Ayr\u0131ca park\u0131n ye\u015fil alanlarla zenginle\u015ftirilmesi amac\u0131yla a\u011fa\u00e7land\u0131rma \u00e7al\u0131\u015fmalar\u0131 da ger\u00e7ekle\u015ftirilecek. Kemer Belediye Ba\u015fkan\u0131 Necati Topalo\u011flu, konuyla ilgili yapt\u0131\u011f\u0131 a\u00e7\u0131klamada, &#8220;Kemer\u2019imize yeni parklar kazand\u0131rmaya devam ediyoruz. Tekirova Mahallemizde kapal\u0131 pazar yerimiz ile ilgili \u00e7al\u0131\u015fmalar\u0131m\u0131z s\u00fcrerken, ayr\u0131ca toplam 2.264 metrekarelik bir alanda iki ada \u00fczerine park yapaca\u011f\u0131z. Park\u0131m\u0131zda \u00f6zellikle \u00e7ocuklar\u0131m\u0131z ve gen\u00e7lerimiz i\u00e7in hal\u0131 saha da in\u015fa ediyoruz. \u00c7al\u0131\u015fmalar\u0131m\u0131za en k\u0131sa s\u00fcre i\u00e7erisinde ba\u015flamay\u0131 planl\u0131yoruz&#8221; dedi. Kaynak: www.kanalv.com.tr Haber Sitesinden Al\u0131nm\u0131\u015ft\u0131r.","og_url":"https:\/\/denizcankizil.tr\/en\/haberler\/antalya\/baskan-mujdeyi-verdi\/","og_site_name":"Av. Deniz Can K\u0131z\u0131l","article_published_time":"2025-02-17T13:41:24+00:00","og_image":[{"width":1280,"height":720,"url":"https:\/\/denizcankizil.tr\/wp-content\/uploads\/2025\/02\/5007-01-mVvWJp.jpeg","type":"image\/jpeg"}],"author":"Av. Deniz Can K\u0131z\u0131l","twitter_card":"summary_large_image","twitter_misc":{"Written by":"Av. Deniz Can K\u0131z\u0131l","Estimated reading time":"1 minute"},"schema":{"@context":"https:\/\/schema.org","@graph":[{"@type":"Article","@id":"https:\/\/denizcankizil.tr\/en\/haberler\/antalya\/baskan-mujdeyi-verdi\/#article","isPartOf":{"@id":"https:\/\/denizcankizil.tr\/en\/haberler\/antalya\/baskan-mujdeyi-verdi\/"},"author":{"name":"Av. Deniz Can K\u0131z\u0131l","@id":"https:\/\/denizcankizil.tr\/de\/#\/schema\/person\/5dc1b22991bd7ac833867c10afc9b0ff"},"headline":"Ba\u015fkan m\u00fcjdeyi verdi","datePublished":"2025-02-17T13:41:24+00:00","mainEntityOfPage":{"@id":"https:\/\/denizcankizil.tr\/en\/haberler\/antalya\/baskan-mujdeyi-verdi\/"},"wordCount":192,"commentCount":0,"publisher":{"@id":"https:\/\/denizcankizil.tr\/de\/#organization"},"image":{"@id":"https:\/\/denizcankizil.tr\/en\/haberler\/antalya\/baskan-mujdeyi-verdi\/#primaryimage"},"thumbnailUrl":"https:\/\/denizcankizil.tr\/wp-content\/uploads\/2025\/02\/5007-01-mVvWJp.jpeg","articleSection":["Antalya"],"inLanguage":"en-GB","potentialAction":[{"@type":"CommentAction","name":"Comment","target":["https:\/\/denizcankizil.tr\/en\/haberler\/antalya\/baskan-mujdeyi-verdi\/#respond"]}]},{"@type":"WebPage","@id":"https:\/\/denizcankizil.tr\/en\/haberler\/antalya\/baskan-mujdeyi-verdi\/","url":"https:\/\/denizcankizil.tr\/en\/haberler\/antalya\/baskan-mujdeyi-verdi\/","name":"Ba\u015fkan m\u00fcjdeyi verdi - Av. Deniz Can K\u0131z\u0131l","isPartOf":{"@id":"https:\/\/denizcankizil.tr\/de\/#website"},"primaryImageOfPage":{"@id":"https:\/\/denizcankizil.tr\/en\/haberler\/antalya\/baskan-mujdeyi-verdi\/#primaryimage"},"image":{"@id":"https:\/\/denizcankizil.tr\/en\/haberler\/antalya\/baskan-mujdeyi-verdi\/#primaryimage"},"thumbnailUrl":"https:\/\/denizcankizil.tr\/wp-content\/uploads\/2025\/02\/5007-01-mVvWJp.jpeg","datePublished":"2025-02-17T13:41:24+00:00","breadcrumb":{"@id":"https:\/\/denizcankizil.tr\/en\/haberler\/antalya\/baskan-mujdeyi-verdi\/#breadcrumb"},"inLanguage":"en-GB","potentialAction":[{"@type":"ReadAction","target":["https:\/\/denizcankizil.tr\/en\/haberler\/antalya\/baskan-mujdeyi-verdi\/"]}]},{"@type":"ImageObject","inLanguage":"en-GB","@id":"https:\/\/denizcankizil.tr\/en\/haberler\/antalya\/baskan-mujdeyi-verdi\/#primaryimage","url":"https:\/\/denizcankizil.tr\/wp-content\/uploads\/2025\/02\/5007-01-mVvWJp.jpeg","contentUrl":"https:\/\/denizcankizil.tr\/wp-content\/uploads\/2025\/02\/5007-01-mVvWJp.jpeg","width":1280,"height":720},{"@type":"BreadcrumbList","@id":"https:\/\/denizcankizil.tr\/en\/haberler\/antalya\/baskan-mujdeyi-verdi\/#breadcrumb","itemListElement":[{"@type":"ListItem","position":1,"name":"Home","item":"https:\/\/denizcankizil.tr\/de\/"},{"@type":"ListItem","position":2,"name":"Ba\u015fkan m\u00fcjdeyi verdi"}]},{"@type":"WebSite","@id":"https:\/\/denizcankizil.tr\/de\/#website","url":"https:\/\/denizcankizil.tr\/de\/","name":"Av. Deniz Can K\u0131z\u0131l","description":"Avukat Deniz Can K\u0131z\u0131l Antalya Barosu","publisher":{"@id":"https:\/\/denizcankizil.tr\/de\/#organization"},"potentialAction":[{"@type":"SearchAction","target":{"@type":"EntryPoint","urlTemplate":"https:\/\/denizcankizil.tr\/de\/?s={search_term_string}"},"query-input":{"@type":"PropertyValueSpecification","valueRequired":true,"valueName":"search_term_string"}}],"inLanguage":"en-GB"},{"@type":"Organization","@id":"https:\/\/denizcankizil.tr\/de\/#organization","name":"Av. Deniz Can K\u0131z\u0131l","url":"https:\/\/denizcankizil.tr\/de\/","logo":{"@type":"ImageObject","inLanguage":"en-GB","@id":"https:\/\/denizcankizil.tr\/de\/#\/schema\/logo\/image\/","url":"https:\/\/denizcankizil.tr\/wp-content\/uploads\/2024\/10\/siyah-logo-svg.svg","contentUrl":"https:\/\/denizcankizil.tr\/wp-content\/uploads\/2024\/10\/siyah-logo-svg.svg","width":1080,"height":1080,"caption":"Av. Deniz Can K\u0131z\u0131l"},"image":{"@id":"https:\/\/denizcankizil.tr\/de\/#\/schema\/logo\/image\/"}},{"@type":"Person","@id":"https:\/\/denizcankizil.tr\/de\/#\/schema\/person\/5dc1b22991bd7ac833867c10afc9b0ff","name":"Av. Deniz Can K\u0131z\u0131l","image":{"@type":"ImageObject","inLanguage":"en-GB","@id":"https:\/\/denizcankizil.tr\/de\/#\/schema\/person\/image\/","url":"https:\/\/secure.gravatar.com\/avatar\/a0b128fb9855c79efc976d5640eedb31dc35ec297594d6016d2cf7c60e975bb6?s=96&d=mm&r=g","contentUrl":"https:\/\/secure.gravatar.com\/avatar\/a0b128fb9855c79efc976d5640eedb31dc35ec297594d6016d2cf7c60e975bb6?s=96&d=mm&r=g","caption":"Av. Deniz Can K\u0131z\u0131l"},"sameAs":["http:\/\/www.denizcankizil.tr"],"url":"https:\/\/denizcankizil.tr\/en\/author\/denizcankizil\/"}]}},"_links":{"self":[{"href":"https:\/\/denizcankizil.tr\/en\/wp-json\/wp\/v2\/posts\/33202","targetHints":{"allow":["GET"]}}],"collection":[{"href":"https:\/\/denizcankizil.tr\/en\/wp-json\/wp\/v2\/posts"}],"about":[{"href":"https:\/\/denizcankizil.tr\/en\/wp-json\/wp\/v2\/types\/post"}],"author":[{"embeddable":true,"href":"https:\/\/denizcankizil.tr\/en\/wp-json\/wp\/v2\/users\/4"}],"replies":[{"embeddable":true,"href":"https:\/\/denizcankizil.tr\/en\/wp-json\/wp\/v2\/comments?post=33202"}],"version-history":[{"count":0,"href":"https:\/\/denizcankizil.tr\/en\/wp-json\/wp\/v2\/posts\/33202\/revisions"}],"wp:featuredmedia":[{"embeddable":true,"href":"https:\/\/denizcankizil.tr\/en\/wp-json\/wp\/v2\/media\/33203"}],"wp:attachment":[{"href":"https:\/\/denizcankizil.tr\/en\/wp-json\/wp\/v2\/media?parent=33202"}],"wp:term":[{"taxonomy":"category","embeddable":true,"href":"https:\/\/denizcankizil.tr\/en\/wp-json\/wp\/v2\/categories?post=33202"},{"taxonomy":"post_tag","embeddable":true,"href":"https:\/\/denizcankizil.tr\/en\/wp-json\/wp\/v2\/tags?post=33202"}],"curies":[{"name":"wp","href":"https:\/\/api.w.org\/{rel}","templated":true}]}}