{"id":33023,"date":"2025-02-16T11:41:14","date_gmt":"2025-02-16T08:41:14","guid":{"rendered":"https:\/\/denizcankizil.tr\/uncategorized-tr\/ataturkun-antalya-ziyaretine-ait-yeni-fotograflar-ortaya-cikti\/"},"modified":"2025-02-16T11:41:14","modified_gmt":"2025-02-16T08:41:14","slug":"ataturkun-antalya-ziyaretine-ait-yeni-fotograflar-ortaya-cikti","status":"publish","type":"post","link":"https:\/\/denizcankizil.tr\/en\/haberler\/gundem\/ataturkun-antalya-ziyaretine-ait-yeni-fotograflar-ortaya-cikti\/","title":{"rendered":"Atat\u00fcrk\u2019\u00fcn Antalya ziyaretine ait yeni foto\u011fraflar ortaya \u00e7\u0131kt\u0131"},"content":{"rendered":"<p>T\u00fcrkiye Cumhuriyeti&#8217;nin kurucusu ulu \u00f6nder Mustafa Kemal Atat\u00fcrk&#8217;\u00fcn 3 kez ziyaret etti\u011fi Antalya&#8217;y\u0131 2&#8217;nci ziyaretine ili\u015fkin yeni g\u00f6r\u00fcnt\u00fcler ortaya \u00e7\u0131kt\u0131. Foto\u011fraf\u0131 1931 tarihli gazetelerde yay\u0131mlanan videoda, Ba\u015fkomutan Atat\u00fcrk, Antalya&#8217;da Mehmet\u00e7ik&#8217;i tefti\u015f ediyor ve selaml\u0131yor. G\u00f6r\u00fcnt\u00fc, T\u00fcrk Silahl\u0131 Kuvvetleri taraf\u0131ndan Atat\u00fcrk&#8217;\u00fcn ebediyete irtihalinin y\u0131l d\u00f6n\u00fcm\u00fc dolay\u0131s\u0131yla haz\u0131rlanan videoda 8 saniye olarak yer ald\u0131. Atat\u00fcrk&#8217;\u00fcn Antalya&#8217;ya 2&#8217;nci ziyaretinin 94&#8217;\u00fcnc\u00fc y\u0131l d\u00f6n\u00fcm\u00fcndeki yeni g\u00f6r\u00fcnt\u00fc, 10 \u015eubat 1931 g\u00fcn\u00fcne ait ve TSK ar\u015fivinde daha uzun s\u00fcresi olabilece\u011fi de tahmin ediliyor.<\/p>\n<p>ATAT\u00dcRK\u2019\u00dcN YEN\u0130 G\u00d6R\u00dcNT\u00dcLER\u0130\u00a0<\/p>\n<p>Atat\u00fcrk&#8217;\u00fcn foto\u011fraf ve videolar\u0131n\u0131n ar\u015fivini yapan Ali Taner T\u00fcmer (22) adl\u0131 \u00f6\u011frenci, 1931 tarihli gazetelerdeki haberlerden yapt\u0131\u011f\u0131 kar\u015f\u0131la\u015ft\u0131rmalarla g\u00f6r\u00fcnt\u00fcn\u00fcn Antalya&#8217;da \u00e7ekildi\u011fini belirledi. G\u00f6r\u00fcnt\u00fcleri TSK&#8217;n\u0131n 10 Kas\u0131m&#8217;daki Atat\u00fcrk&#8217;e \u00f6zel haz\u0131rlad\u0131\u011f\u0131 1 dakika 16 saniyelik videonun i\u00e7inde 8 saniye olarak tespit etti\u011fini aktaran T\u00fcmer, uzun y\u0131llard\u0131r Atat\u00fcrk&#8217;\u00fcn foto\u011fraflar\u0131 ve g\u00f6r\u00fcnt\u00fcleri \u00fczerine \u00e7al\u0131\u015ft\u0131\u011f\u0131n\u0131, tam tarihli bulabildi\u011fi her g\u00f6r\u00fcnt\u00fcy\u00fc ve foto\u011fraf\u0131 titizlikle ar\u015fivledi\u011fini s\u00f6yledi.<\/p>\n<p>ANTALYA\u2019DA \u00c7EK\u0130LM\u0130\u015e\u00a0<\/p>\n<p>\u00c7ok ender bir g\u00f6r\u00fcnt\u00fc oldu\u011funu belirten T\u00fcmer, &#8220;Tam tarihini netle\u015ftirdikten sonra tam g\u00fcn\u00fcnde payla\u015fmak istedim. Bu g\u00f6r\u00fcnt\u00fc ger\u00e7ekten \u00e7ok \u00f6zel. TSK&#8217;n\u0131n YouTube kanal\u0131nda Ata&#8217;m\u0131z\u0131n 85&#8217;inci vefat y\u0131l d\u00f6n\u00fcm\u00fcne \u00f6zel olarak k\u0131sa bir \u015fekilde kullan\u0131ld\u0131\u011f\u0131n\u0131 fark ettim. Asl\u0131nda daha \u00e7ok araya serpi\u015ftirilmi\u015f bir g\u00f6r\u00fcnt\u00fc diyebilirim. Atam\u0131z\u0131n giyimi-ku\u015fam\u0131, askerlerin g\u00f6r\u00fcn\u00fcm\u00fc ve bu foto\u011fraf\u0131n o g\u00fcn Antalya&#8217;da \u00e7ekilmi\u015f oldu\u011funu, gazete kup\u00fcr\u00fc sayesinde tespit ettim. Foto\u011fraf hali 19 \u015eubat 1931 tarihli Cumhuriyet Gazetesi&#8217;nde yer al\u0131yor&#8221; dedi.<\/p>\n<p>ATAT\u00dcRK&#8217;\u00dcN ANTALYA&#8217;YI \u0130K\u0130NC\u0130 Z\u0130YARET\u0130\u00a0<\/p>\n<p>Atat\u00fcrk, Antalya&#8217;ya ilk ziyaretini 6 Mart 1930&#8217;da yapt\u0131. Atat\u00fcrk&#8217;\u00fcn Antalya&#8217;y\u0131 ikinci ziyareti 26 Ocak 1931 tarihinde ba\u015flad\u0131\u011f\u0131 yurt gezisinin bir par\u00e7as\u0131 dahilinde ge\u00e7ekle\u015fti. Seyahati, 1929 d\u00fcnya buhran\u0131 ve Serbest Cumhuriyet F\u0131rkas\u0131&#8217;n\u0131n kapat\u0131lmas\u0131 sonu\u00e7lar\u0131n\u0131 uzman bir heyetle yerinde tetkik etmek ve yap\u0131lmas\u0131 gerekenleri tespit edilmek \u00fczere yap\u0131lm\u0131\u015ft\u0131. Bu ama\u00e7la 8 \u015eubat 1931&#8217;de Ege Vapuru ile \u0130zmir&#8217;den Antalya&#8217;ya yola \u00e7\u0131kt\u0131. Ege Vapuru 10 \u015eubat 1931&#8217;de sabah Antalya&#8217;ya geldi. \u00d6\u011fleden sonra deniz motoru ile iskeleye \u00e7\u0131kan Atat\u00fcrk, buradan alay karargah\u0131na giderek askeri birlikleri tefti\u015f etti. Alaydan h\u00fck\u00fcmet kona\u011f\u0131na ge\u00e7erek validen mahalli i\u015fler hakk\u0131nda bilgi ald\u0131. Daha sonra, Belediye ve Cumhuriyet Halk F\u0131rkas\u0131&#8217;n\u0131 ziyaret ederek, memleket i\u015fleri \u00fczerinde uzun uzun g\u00f6r\u00fc\u015ft\u00fc. Validen mahalli i\u015fler hakk\u0131nda bilgi alan Atat\u00fcrk, bu sohbet s\u0131ras\u0131nda esasl\u0131 bir zirai kredi ve sat\u0131\u015f kooperatifinin te\u015fkilinin \u00f6nemini ve \u00f6rg\u00fctlenmesi gerekti\u011fini belirtti. Ayn\u0131 g\u00fcn ak\u015fam\u00fczeri vapura d\u00f6n\u00fcp, Silifke&#8217;ye do\u011fru gitmek i\u00e7in Ege Vapuru ile hareket etti.\u00a0<\/p>\n<p>\u00a0<\/p>\n<p>\u200bT\u00fcrkiye Cumhuriyeti&#8217;nin kurucusu Mustafa kemal Atat\u00fcrk&#8217;\u00fcn Antalya\u2019y\u0131 ikinci ziyareti olan 10 \u015eubat 1931 tarihine ait yeni foto\u011fraflar ve videolar ortaya \u00e7\u0131kt\u0131\u00a0<\/p>\n<p>\u200bHaberin Al\u0131nt\u0131land\u0131\u011f\u0131 Kaynak: www.antalyakorfez.com<\/p>","protected":false},"excerpt":{"rendered":"<p>T\u00fcrkiye Cumhuriyeti&#8217;nin kurucusu ulu \u00f6nder Mustafa Kemal Atat\u00fcrk&#8217;\u00fcn 3 kez ziyaret etti\u011fi Antalya&#8217;y\u0131 2&#8217;nci ziyaretine ili\u015fkin yeni g\u00f6r\u00fcnt\u00fcler ortaya \u00e7\u0131kt\u0131. Foto\u011fraf\u0131 1931 tarihli gazetelerde yay\u0131mlanan videoda, Ba\u015fkomutan Atat\u00fcrk, Antalya&#8217;da Mehmet\u00e7ik&#8217;i tefti\u015f ediyor ve selaml\u0131yor. G\u00f6r\u00fcnt\u00fc, T\u00fcrk Silahl\u0131 Kuvvetleri taraf\u0131ndan Atat\u00fcrk&#8217;\u00fcn ebediyete irtihalinin y\u0131l d\u00f6n\u00fcm\u00fc dolay\u0131s\u0131yla haz\u0131rlanan videoda 8 saniye olarak yer ald\u0131. Atat\u00fcrk&#8217;\u00fcn Antalya&#8217;ya 2&#8217;nci ziyaretinin 94&#8217;\u00fcnc\u00fc y\u0131l d\u00f6n\u00fcm\u00fcndeki yeni g\u00f6r\u00fcnt\u00fc, 10 \u015eubat 1931 g\u00fcn\u00fcne ait ve TSK ar\u015fivinde daha uzun s\u00fcresi olabilece\u011fi de tahmin ediliyor. ATAT\u00dcRK\u2019\u00dcN YEN\u0130 G\u00d6R\u00dcNT\u00dcLER\u0130\u00a0 Atat\u00fcrk&#8217;\u00fcn foto\u011fraf ve videolar\u0131n\u0131n ar\u015fivini yapan Ali Taner T\u00fcmer (22) adl\u0131 \u00f6\u011frenci, 1931 tarihli gazetelerdeki haberlerden yapt\u0131\u011f\u0131 kar\u015f\u0131la\u015ft\u0131rmalarla g\u00f6r\u00fcnt\u00fcn\u00fcn Antalya&#8217;da \u00e7ekildi\u011fini belirledi. G\u00f6r\u00fcnt\u00fcleri TSK&#8217;n\u0131n 10 Kas\u0131m&#8217;daki Atat\u00fcrk&#8217;e \u00f6zel haz\u0131rlad\u0131\u011f\u0131 1 dakika 16 saniyelik videonun i\u00e7inde 8 saniye olarak tespit etti\u011fini aktaran T\u00fcmer, uzun y\u0131llard\u0131r Atat\u00fcrk&#8217;\u00fcn foto\u011fraflar\u0131 ve g\u00f6r\u00fcnt\u00fcleri \u00fczerine \u00e7al\u0131\u015ft\u0131\u011f\u0131n\u0131, tam tarihli bulabildi\u011fi her g\u00f6r\u00fcnt\u00fcy\u00fc ve foto\u011fraf\u0131 titizlikle ar\u015fivledi\u011fini s\u00f6yledi. ANTALYA\u2019DA \u00c7EK\u0130LM\u0130\u015e\u00a0 \u00c7ok ender bir g\u00f6r\u00fcnt\u00fc oldu\u011funu belirten T\u00fcmer, &#8220;Tam tarihini netle\u015ftirdikten sonra tam g\u00fcn\u00fcnde payla\u015fmak istedim. Bu g\u00f6r\u00fcnt\u00fc ger\u00e7ekten \u00e7ok \u00f6zel. TSK&#8217;n\u0131n YouTube kanal\u0131nda Ata&#8217;m\u0131z\u0131n 85&#8217;inci vefat y\u0131l d\u00f6n\u00fcm\u00fcne \u00f6zel olarak k\u0131sa bir \u015fekilde kullan\u0131ld\u0131\u011f\u0131n\u0131 fark ettim. Asl\u0131nda daha \u00e7ok araya serpi\u015ftirilmi\u015f bir g\u00f6r\u00fcnt\u00fc diyebilirim. Atam\u0131z\u0131n giyimi-ku\u015fam\u0131, askerlerin g\u00f6r\u00fcn\u00fcm\u00fc ve bu foto\u011fraf\u0131n o g\u00fcn Antalya&#8217;da \u00e7ekilmi\u015f oldu\u011funu, gazete kup\u00fcr\u00fc sayesinde &hellip;<\/p>","protected":false},"author":5,"featured_media":0,"comment_status":"open","ping_status":"open","sticky":false,"template":"","format":"standard","meta":{"_acf_changed":false,"footnotes":""},"categories":[24],"tags":[],"class_list":["post-33023","post","type-post","status-publish","format-standard","has-post-thumbnail","hentry","category-gundem"],"acf":[],"yoast_head":"<!-- This site is optimized with the Yoast SEO Premium plugin v26.6 (Yoast SEO v27.1.1) - https:\/\/yoast.com\/product\/yoast-seo-premium-wordpress\/ -->\n<title>Atat\u00fcrk\u2019\u00fcn Antalya ziyaretine ait yeni foto\u011fraflar ortaya \u00e7\u0131kt\u0131 - Av. Deniz Can K\u0131z\u0131l<\/title>\n<meta name=\"robots\" content=\"index, follow, max-snippet:-1, max-image-preview:large, max-video-preview:-1\" \/>\n<link rel=\"canonical\" href=\"http:\/\/denizcankizil.tr\/en\/haberler\/gundem\/ataturkun-antalya-ziyaretine-ait-yeni-fotograflar-ortaya-cikti\/\" \/>\n<meta property=\"og:locale\" content=\"en_GB\" \/>\n<meta property=\"og:type\" content=\"article\" \/>\n<meta property=\"og:title\" content=\"Atat\u00fcrk\u2019\u00fcn Antalya ziyaretine ait yeni foto\u011fraflar ortaya \u00e7\u0131kt\u0131\" \/>\n<meta property=\"og:description\" content=\"T\u00fcrkiye Cumhuriyeti&#8217;nin kurucusu ulu \u00f6nder Mustafa Kemal Atat\u00fcrk&#8217;\u00fcn 3 kez ziyaret etti\u011fi Antalya&#8217;y\u0131 2&#8217;nci ziyaretine ili\u015fkin yeni g\u00f6r\u00fcnt\u00fcler ortaya \u00e7\u0131kt\u0131. Foto\u011fraf\u0131 1931 tarihli gazetelerde yay\u0131mlanan videoda, Ba\u015fkomutan Atat\u00fcrk, Antalya&#8217;da Mehmet\u00e7ik&#8217;i tefti\u015f ediyor ve selaml\u0131yor. G\u00f6r\u00fcnt\u00fc, T\u00fcrk Silahl\u0131 Kuvvetleri taraf\u0131ndan Atat\u00fcrk&#8217;\u00fcn ebediyete irtihalinin y\u0131l d\u00f6n\u00fcm\u00fc dolay\u0131s\u0131yla haz\u0131rlanan videoda 8 saniye olarak yer ald\u0131. Atat\u00fcrk&#8217;\u00fcn Antalya&#8217;ya 2&#8217;nci ziyaretinin 94&#8217;\u00fcnc\u00fc y\u0131l d\u00f6n\u00fcm\u00fcndeki yeni g\u00f6r\u00fcnt\u00fc, 10 \u015eubat 1931 g\u00fcn\u00fcne ait ve TSK ar\u015fivinde daha uzun s\u00fcresi olabilece\u011fi de tahmin ediliyor. ATAT\u00dcRK\u2019\u00dcN YEN\u0130 G\u00d6R\u00dcNT\u00dcLER\u0130\u00a0 Atat\u00fcrk&#8217;\u00fcn foto\u011fraf ve videolar\u0131n\u0131n ar\u015fivini yapan Ali Taner T\u00fcmer (22) adl\u0131 \u00f6\u011frenci, 1931 tarihli gazetelerdeki haberlerden yapt\u0131\u011f\u0131 kar\u015f\u0131la\u015ft\u0131rmalarla g\u00f6r\u00fcnt\u00fcn\u00fcn Antalya&#8217;da \u00e7ekildi\u011fini belirledi. G\u00f6r\u00fcnt\u00fcleri TSK&#8217;n\u0131n 10 Kas\u0131m&#8217;daki Atat\u00fcrk&#8217;e \u00f6zel haz\u0131rlad\u0131\u011f\u0131 1 dakika 16 saniyelik videonun i\u00e7inde 8 saniye olarak tespit etti\u011fini aktaran T\u00fcmer, uzun y\u0131llard\u0131r Atat\u00fcrk&#8217;\u00fcn foto\u011fraflar\u0131 ve g\u00f6r\u00fcnt\u00fcleri \u00fczerine \u00e7al\u0131\u015ft\u0131\u011f\u0131n\u0131, tam tarihli bulabildi\u011fi her g\u00f6r\u00fcnt\u00fcy\u00fc ve foto\u011fraf\u0131 titizlikle ar\u015fivledi\u011fini s\u00f6yledi. ANTALYA\u2019DA \u00c7EK\u0130LM\u0130\u015e\u00a0 \u00c7ok ender bir g\u00f6r\u00fcnt\u00fc oldu\u011funu belirten T\u00fcmer, &#8220;Tam tarihini netle\u015ftirdikten sonra tam g\u00fcn\u00fcnde payla\u015fmak istedim. Bu g\u00f6r\u00fcnt\u00fc ger\u00e7ekten \u00e7ok \u00f6zel. TSK&#8217;n\u0131n YouTube kanal\u0131nda Ata&#8217;m\u0131z\u0131n 85&#8217;inci vefat y\u0131l d\u00f6n\u00fcm\u00fcne \u00f6zel olarak k\u0131sa bir \u015fekilde kullan\u0131ld\u0131\u011f\u0131n\u0131 fark ettim. Asl\u0131nda daha \u00e7ok araya serpi\u015ftirilmi\u015f bir g\u00f6r\u00fcnt\u00fc diyebilirim. Atam\u0131z\u0131n giyimi-ku\u015fam\u0131, askerlerin g\u00f6r\u00fcn\u00fcm\u00fc ve bu foto\u011fraf\u0131n o g\u00fcn Antalya&#8217;da \u00e7ekilmi\u015f oldu\u011funu, gazete kup\u00fcr\u00fc sayesinde &hellip;\" \/>\n<meta property=\"og:url\" content=\"http:\/\/denizcankizil.tr\/en\/haberler\/gundem\/ataturkun-antalya-ziyaretine-ait-yeni-fotograflar-ortaya-cikti\/\" \/>\n<meta property=\"og:site_name\" content=\"Av. Deniz Can K\u0131z\u0131l\" \/>\n<meta property=\"article:published_time\" content=\"2025-02-16T08:41:14+00:00\" \/>\n<meta name=\"author\" content=\"Antalya K\u00f6rfez\" \/>\n<meta name=\"twitter:card\" content=\"summary_large_image\" \/>\n<meta name=\"twitter:label1\" content=\"Written by\" \/>\n\t<meta name=\"twitter:data1\" content=\"Antalya K\u00f6rfez\" \/>\n\t<meta name=\"twitter:label2\" content=\"Estimated reading time\" \/>\n\t<meta name=\"twitter:data2\" content=\"3 minutes\" \/>\n<script type=\"application\/ld+json\" class=\"yoast-schema-graph\">{\"@context\":\"https:\/\/schema.org\",\"@graph\":[{\"@type\":\"Article\",\"@id\":\"http:\/\/denizcankizil.tr\/ru\/haberler\/gundem\/ataturkun-antalya-ziyaretine-ait-yeni-fotograflar-ortaya-cikti\/#article\",\"isPartOf\":{\"@id\":\"http:\/\/denizcankizil.tr\/ru\/haberler\/gundem\/ataturkun-antalya-ziyaretine-ait-yeni-fotograflar-ortaya-cikti\/\"},\"author\":{\"name\":\"Antalya K\u00f6rfez\",\"@id\":\"https:\/\/denizcankizil.tr\/de\/#\/schema\/person\/e1eb71bb4dd684d46563f0af307e1234\"},\"headline\":\"Atat\u00fcrk\u2019\u00fcn Antalya ziyaretine ait yeni foto\u011fraflar ortaya \u00e7\u0131kt\u0131\",\"datePublished\":\"2025-02-16T08:41:14+00:00\",\"mainEntityOfPage\":{\"@id\":\"http:\/\/denizcankizil.tr\/ru\/haberler\/gundem\/ataturkun-antalya-ziyaretine-ait-yeni-fotograflar-ortaya-cikti\/\"},\"wordCount\":584,\"commentCount\":0,\"publisher\":{\"@id\":\"https:\/\/denizcankizil.tr\/de\/#organization\"},\"articleSection\":[\"G\u00fcndem\"],\"inLanguage\":\"en-GB\",\"potentialAction\":[{\"@type\":\"CommentAction\",\"name\":\"Comment\",\"target\":[\"http:\/\/denizcankizil.tr\/ru\/haberler\/gundem\/ataturkun-antalya-ziyaretine-ait-yeni-fotograflar-ortaya-cikti\/#respond\"]}]},{\"@type\":\"WebPage\",\"@id\":\"http:\/\/denizcankizil.tr\/ru\/haberler\/gundem\/ataturkun-antalya-ziyaretine-ait-yeni-fotograflar-ortaya-cikti\/\",\"url\":\"http:\/\/denizcankizil.tr\/ru\/haberler\/gundem\/ataturkun-antalya-ziyaretine-ait-yeni-fotograflar-ortaya-cikti\/\",\"name\":\"Atat\u00fcrk\u2019\u00fcn Antalya ziyaretine ait yeni foto\u011fraflar ortaya \u00e7\u0131kt\u0131 - Av. Deniz Can K\u0131z\u0131l\",\"isPartOf\":{\"@id\":\"https:\/\/denizcankizil.tr\/de\/#website\"},\"datePublished\":\"2025-02-16T08:41:14+00:00\",\"breadcrumb\":{\"@id\":\"http:\/\/denizcankizil.tr\/ru\/haberler\/gundem\/ataturkun-antalya-ziyaretine-ait-yeni-fotograflar-ortaya-cikti\/#breadcrumb\"},\"inLanguage\":\"en-GB\",\"potentialAction\":[{\"@type\":\"ReadAction\",\"target\":[\"http:\/\/denizcankizil.tr\/ru\/haberler\/gundem\/ataturkun-antalya-ziyaretine-ait-yeni-fotograflar-ortaya-cikti\/\"]}]},{\"@type\":\"BreadcrumbList\",\"@id\":\"http:\/\/denizcankizil.tr\/ru\/haberler\/gundem\/ataturkun-antalya-ziyaretine-ait-yeni-fotograflar-ortaya-cikti\/#breadcrumb\",\"itemListElement\":[{\"@type\":\"ListItem\",\"position\":1,\"name\":\"Home\",\"item\":\"https:\/\/denizcankizil.tr\/de\/\"},{\"@type\":\"ListItem\",\"position\":2,\"name\":\"Atat\u00fcrk\u2019\u00fcn Antalya ziyaretine ait yeni foto\u011fraflar ortaya \u00e7\u0131kt\u0131\"}]},{\"@type\":\"WebSite\",\"@id\":\"https:\/\/denizcankizil.tr\/de\/#website\",\"url\":\"https:\/\/denizcankizil.tr\/de\/\",\"name\":\"Av. Deniz Can K\u0131z\u0131l\",\"description\":\"Avukat Deniz Can K\u0131z\u0131l Antalya Barosu\",\"publisher\":{\"@id\":\"https:\/\/denizcankizil.tr\/de\/#organization\"},\"potentialAction\":[{\"@type\":\"SearchAction\",\"target\":{\"@type\":\"EntryPoint\",\"urlTemplate\":\"https:\/\/denizcankizil.tr\/de\/?s={search_term_string}\"},\"query-input\":{\"@type\":\"PropertyValueSpecification\",\"valueRequired\":true,\"valueName\":\"search_term_string\"}}],\"inLanguage\":\"en-GB\"},{\"@type\":\"Organization\",\"@id\":\"https:\/\/denizcankizil.tr\/de\/#organization\",\"name\":\"Av. Deniz Can K\u0131z\u0131l\",\"url\":\"https:\/\/denizcankizil.tr\/de\/\",\"logo\":{\"@type\":\"ImageObject\",\"inLanguage\":\"en-GB\",\"@id\":\"https:\/\/denizcankizil.tr\/de\/#\/schema\/logo\/image\/\",\"url\":\"https:\/\/denizcankizil.tr\/wp-content\/uploads\/2024\/10\/siyah-logo-svg.svg\",\"contentUrl\":\"https:\/\/denizcankizil.tr\/wp-content\/uploads\/2024\/10\/siyah-logo-svg.svg\",\"width\":1080,\"height\":1080,\"caption\":\"Av. Deniz Can K\u0131z\u0131l\"},\"image\":{\"@id\":\"https:\/\/denizcankizil.tr\/de\/#\/schema\/logo\/image\/\"}},{\"@type\":\"Person\",\"@id\":\"https:\/\/denizcankizil.tr\/de\/#\/schema\/person\/e1eb71bb4dd684d46563f0af307e1234\",\"name\":\"Antalya K\u00f6rfez\",\"image\":{\"@type\":\"ImageObject\",\"inLanguage\":\"en-GB\",\"@id\":\"https:\/\/denizcankizil.tr\/de\/#\/schema\/person\/image\/\",\"url\":\"https:\/\/secure.gravatar.com\/avatar\/42b01982558a48a0b501fdcab6a408d3717ea5919095ee2e67b0e521799c5905?s=96&d=mm&r=g\",\"contentUrl\":\"https:\/\/secure.gravatar.com\/avatar\/42b01982558a48a0b501fdcab6a408d3717ea5919095ee2e67b0e521799c5905?s=96&d=mm&r=g\",\"caption\":\"Antalya K\u00f6rfez\"},\"sameAs\":[\"http:\/\/www.antalyakorfez.com\"],\"url\":\"https:\/\/www.antalyakorfez.com\/ataturkun-antalya-ziyaretine-ait-yeni-fotograflar-ortaya-cikti\"}]}<\/script>\n<!-- \/ Yoast SEO Premium plugin. -->","yoast_head_json":{"title":"Atat\u00fcrk\u2019\u00fcn Antalya ziyaretine ait yeni foto\u011fraflar ortaya \u00e7\u0131kt\u0131 - Av. Deniz Can K\u0131z\u0131l","robots":{"index":"index","follow":"follow","max-snippet":"max-snippet:-1","max-image-preview":"max-image-preview:large","max-video-preview":"max-video-preview:-1"},"canonical":"http:\/\/denizcankizil.tr\/en\/haberler\/gundem\/ataturkun-antalya-ziyaretine-ait-yeni-fotograflar-ortaya-cikti\/","og_locale":"en_GB","og_type":"article","og_title":"Atat\u00fcrk\u2019\u00fcn Antalya ziyaretine ait yeni foto\u011fraflar ortaya \u00e7\u0131kt\u0131","og_description":"T\u00fcrkiye Cumhuriyeti&#8217;nin kurucusu ulu \u00f6nder Mustafa Kemal Atat\u00fcrk&#8217;\u00fcn 3 kez ziyaret etti\u011fi Antalya&#8217;y\u0131 2&#8217;nci ziyaretine ili\u015fkin yeni g\u00f6r\u00fcnt\u00fcler ortaya \u00e7\u0131kt\u0131. Foto\u011fraf\u0131 1931 tarihli gazetelerde yay\u0131mlanan videoda, Ba\u015fkomutan Atat\u00fcrk, Antalya&#8217;da Mehmet\u00e7ik&#8217;i tefti\u015f ediyor ve selaml\u0131yor. G\u00f6r\u00fcnt\u00fc, T\u00fcrk Silahl\u0131 Kuvvetleri taraf\u0131ndan Atat\u00fcrk&#8217;\u00fcn ebediyete irtihalinin y\u0131l d\u00f6n\u00fcm\u00fc dolay\u0131s\u0131yla haz\u0131rlanan videoda 8 saniye olarak yer ald\u0131. Atat\u00fcrk&#8217;\u00fcn Antalya&#8217;ya 2&#8217;nci ziyaretinin 94&#8217;\u00fcnc\u00fc y\u0131l d\u00f6n\u00fcm\u00fcndeki yeni g\u00f6r\u00fcnt\u00fc, 10 \u015eubat 1931 g\u00fcn\u00fcne ait ve TSK ar\u015fivinde daha uzun s\u00fcresi olabilece\u011fi de tahmin ediliyor. ATAT\u00dcRK\u2019\u00dcN YEN\u0130 G\u00d6R\u00dcNT\u00dcLER\u0130\u00a0 Atat\u00fcrk&#8217;\u00fcn foto\u011fraf ve videolar\u0131n\u0131n ar\u015fivini yapan Ali Taner T\u00fcmer (22) adl\u0131 \u00f6\u011frenci, 1931 tarihli gazetelerdeki haberlerden yapt\u0131\u011f\u0131 kar\u015f\u0131la\u015ft\u0131rmalarla g\u00f6r\u00fcnt\u00fcn\u00fcn Antalya&#8217;da \u00e7ekildi\u011fini belirledi. G\u00f6r\u00fcnt\u00fcleri TSK&#8217;n\u0131n 10 Kas\u0131m&#8217;daki Atat\u00fcrk&#8217;e \u00f6zel haz\u0131rlad\u0131\u011f\u0131 1 dakika 16 saniyelik videonun i\u00e7inde 8 saniye olarak tespit etti\u011fini aktaran T\u00fcmer, uzun y\u0131llard\u0131r Atat\u00fcrk&#8217;\u00fcn foto\u011fraflar\u0131 ve g\u00f6r\u00fcnt\u00fcleri \u00fczerine \u00e7al\u0131\u015ft\u0131\u011f\u0131n\u0131, tam tarihli bulabildi\u011fi her g\u00f6r\u00fcnt\u00fcy\u00fc ve foto\u011fraf\u0131 titizlikle ar\u015fivledi\u011fini s\u00f6yledi. ANTALYA\u2019DA \u00c7EK\u0130LM\u0130\u015e\u00a0 \u00c7ok ender bir g\u00f6r\u00fcnt\u00fc oldu\u011funu belirten T\u00fcmer, &#8220;Tam tarihini netle\u015ftirdikten sonra tam g\u00fcn\u00fcnde payla\u015fmak istedim. Bu g\u00f6r\u00fcnt\u00fc ger\u00e7ekten \u00e7ok \u00f6zel. TSK&#8217;n\u0131n YouTube kanal\u0131nda Ata&#8217;m\u0131z\u0131n 85&#8217;inci vefat y\u0131l d\u00f6n\u00fcm\u00fcne \u00f6zel olarak k\u0131sa bir \u015fekilde kullan\u0131ld\u0131\u011f\u0131n\u0131 fark ettim. Asl\u0131nda daha \u00e7ok araya serpi\u015ftirilmi\u015f bir g\u00f6r\u00fcnt\u00fc diyebilirim. Atam\u0131z\u0131n giyimi-ku\u015fam\u0131, askerlerin g\u00f6r\u00fcn\u00fcm\u00fc ve bu foto\u011fraf\u0131n o g\u00fcn Antalya&#8217;da \u00e7ekilmi\u015f oldu\u011funu, gazete kup\u00fcr\u00fc sayesinde &hellip;","og_url":"http:\/\/denizcankizil.tr\/en\/haberler\/gundem\/ataturkun-antalya-ziyaretine-ait-yeni-fotograflar-ortaya-cikti\/","og_site_name":"Av. Deniz Can K\u0131z\u0131l","article_published_time":"2025-02-16T08:41:14+00:00","author":"Antalya K\u00f6rfez","twitter_card":"summary_large_image","twitter_misc":{"Written by":"Antalya K\u00f6rfez","Estimated reading time":"3 minutes"},"schema":{"@context":"https:\/\/schema.org","@graph":[{"@type":"Article","@id":"http:\/\/denizcankizil.tr\/ru\/haberler\/gundem\/ataturkun-antalya-ziyaretine-ait-yeni-fotograflar-ortaya-cikti\/#article","isPartOf":{"@id":"http:\/\/denizcankizil.tr\/ru\/haberler\/gundem\/ataturkun-antalya-ziyaretine-ait-yeni-fotograflar-ortaya-cikti\/"},"author":{"name":"Antalya K\u00f6rfez","@id":"https:\/\/denizcankizil.tr\/de\/#\/schema\/person\/e1eb71bb4dd684d46563f0af307e1234"},"headline":"Atat\u00fcrk\u2019\u00fcn Antalya ziyaretine ait yeni foto\u011fraflar ortaya \u00e7\u0131kt\u0131","datePublished":"2025-02-16T08:41:14+00:00","mainEntityOfPage":{"@id":"http:\/\/denizcankizil.tr\/ru\/haberler\/gundem\/ataturkun-antalya-ziyaretine-ait-yeni-fotograflar-ortaya-cikti\/"},"wordCount":584,"commentCount":0,"publisher":{"@id":"https:\/\/denizcankizil.tr\/de\/#organization"},"articleSection":["G\u00fcndem"],"inLanguage":"en-GB","potentialAction":[{"@type":"CommentAction","name":"Comment","target":["http:\/\/denizcankizil.tr\/ru\/haberler\/gundem\/ataturkun-antalya-ziyaretine-ait-yeni-fotograflar-ortaya-cikti\/#respond"]}]},{"@type":"WebPage","@id":"http:\/\/denizcankizil.tr\/ru\/haberler\/gundem\/ataturkun-antalya-ziyaretine-ait-yeni-fotograflar-ortaya-cikti\/","url":"http:\/\/denizcankizil.tr\/ru\/haberler\/gundem\/ataturkun-antalya-ziyaretine-ait-yeni-fotograflar-ortaya-cikti\/","name":"Atat\u00fcrk\u2019\u00fcn Antalya ziyaretine ait yeni foto\u011fraflar ortaya \u00e7\u0131kt\u0131 - Av. Deniz Can K\u0131z\u0131l","isPartOf":{"@id":"https:\/\/denizcankizil.tr\/de\/#website"},"datePublished":"2025-02-16T08:41:14+00:00","breadcrumb":{"@id":"http:\/\/denizcankizil.tr\/ru\/haberler\/gundem\/ataturkun-antalya-ziyaretine-ait-yeni-fotograflar-ortaya-cikti\/#breadcrumb"},"inLanguage":"en-GB","potentialAction":[{"@type":"ReadAction","target":["http:\/\/denizcankizil.tr\/ru\/haberler\/gundem\/ataturkun-antalya-ziyaretine-ait-yeni-fotograflar-ortaya-cikti\/"]}]},{"@type":"BreadcrumbList","@id":"http:\/\/denizcankizil.tr\/ru\/haberler\/gundem\/ataturkun-antalya-ziyaretine-ait-yeni-fotograflar-ortaya-cikti\/#breadcrumb","itemListElement":[{"@type":"ListItem","position":1,"name":"Home","item":"https:\/\/denizcankizil.tr\/de\/"},{"@type":"ListItem","position":2,"name":"Atat\u00fcrk\u2019\u00fcn Antalya ziyaretine ait yeni foto\u011fraflar ortaya \u00e7\u0131kt\u0131"}]},{"@type":"WebSite","@id":"https:\/\/denizcankizil.tr\/de\/#website","url":"https:\/\/denizcankizil.tr\/de\/","name":"Av. Deniz Can K\u0131z\u0131l","description":"Avukat Deniz Can K\u0131z\u0131l Antalya Barosu","publisher":{"@id":"https:\/\/denizcankizil.tr\/de\/#organization"},"potentialAction":[{"@type":"SearchAction","target":{"@type":"EntryPoint","urlTemplate":"https:\/\/denizcankizil.tr\/de\/?s={search_term_string}"},"query-input":{"@type":"PropertyValueSpecification","valueRequired":true,"valueName":"search_term_string"}}],"inLanguage":"en-GB"},{"@type":"Organization","@id":"https:\/\/denizcankizil.tr\/de\/#organization","name":"Av. Deniz Can K\u0131z\u0131l","url":"https:\/\/denizcankizil.tr\/de\/","logo":{"@type":"ImageObject","inLanguage":"en-GB","@id":"https:\/\/denizcankizil.tr\/de\/#\/schema\/logo\/image\/","url":"https:\/\/denizcankizil.tr\/wp-content\/uploads\/2024\/10\/siyah-logo-svg.svg","contentUrl":"https:\/\/denizcankizil.tr\/wp-content\/uploads\/2024\/10\/siyah-logo-svg.svg","width":1080,"height":1080,"caption":"Av. Deniz Can K\u0131z\u0131l"},"image":{"@id":"https:\/\/denizcankizil.tr\/de\/#\/schema\/logo\/image\/"}},{"@type":"Person","@id":"https:\/\/denizcankizil.tr\/de\/#\/schema\/person\/e1eb71bb4dd684d46563f0af307e1234","name":"Antalya K\u00f6rfez","image":{"@type":"ImageObject","inLanguage":"en-GB","@id":"https:\/\/denizcankizil.tr\/de\/#\/schema\/person\/image\/","url":"https:\/\/secure.gravatar.com\/avatar\/42b01982558a48a0b501fdcab6a408d3717ea5919095ee2e67b0e521799c5905?s=96&d=mm&r=g","contentUrl":"https:\/\/secure.gravatar.com\/avatar\/42b01982558a48a0b501fdcab6a408d3717ea5919095ee2e67b0e521799c5905?s=96&d=mm&r=g","caption":"Antalya K\u00f6rfez"},"sameAs":["http:\/\/www.antalyakorfez.com"],"url":"https:\/\/www.antalyakorfez.com\/ataturkun-antalya-ziyaretine-ait-yeni-fotograflar-ortaya-cikti"}]}},"_links":{"self":[{"href":"https:\/\/denizcankizil.tr\/en\/wp-json\/wp\/v2\/posts\/33023","targetHints":{"allow":["GET"]}}],"collection":[{"href":"https:\/\/denizcankizil.tr\/en\/wp-json\/wp\/v2\/posts"}],"about":[{"href":"https:\/\/denizcankizil.tr\/en\/wp-json\/wp\/v2\/types\/post"}],"author":[{"embeddable":true,"href":"https:\/\/denizcankizil.tr\/en\/wp-json\/wp\/v2\/users\/5"}],"replies":[{"embeddable":true,"href":"https:\/\/denizcankizil.tr\/en\/wp-json\/wp\/v2\/comments?post=33023"}],"version-history":[{"count":0,"href":"https:\/\/denizcankizil.tr\/en\/wp-json\/wp\/v2\/posts\/33023\/revisions"}],"wp:attachment":[{"href":"https:\/\/denizcankizil.tr\/en\/wp-json\/wp\/v2\/media?parent=33023"}],"wp:term":[{"taxonomy":"category","embeddable":true,"href":"https:\/\/denizcankizil.tr\/en\/wp-json\/wp\/v2\/categories?post=33023"},{"taxonomy":"post_tag","embeddable":true,"href":"https:\/\/denizcankizil.tr\/en\/wp-json\/wp\/v2\/tags?post=33023"}],"curies":[{"name":"wp","href":"https:\/\/api.w.org\/{rel}","templated":true}]}}