{"id":32712,"date":"2025-02-14T13:41:30","date_gmt":"2025-02-14T10:41:30","guid":{"rendered":"https:\/\/denizcankizil.tr\/uncategorized-tr\/kaspazari-yaylasina-darbe-vuracak-ges-projesi-meclis-gundeminde\/"},"modified":"2025-02-14T13:41:30","modified_gmt":"2025-02-14T10:41:30","slug":"kaspazari-yaylasina-darbe-vuracak-ges-projesi-meclis-gundeminde","status":"publish","type":"post","link":"https:\/\/denizcankizil.tr\/en\/haberler\/gundem\/kaspazari-yaylasina-darbe-vuracak-ges-projesi-meclis-gundeminde\/","title":{"rendered":"Ka\u015fpazar\u0131 yaylas\u0131na darbe vuracak GES projesi meclis g\u00fcndeminde"},"content":{"rendered":"<p>Antalya K\u00f6rfez Gazetesi\u2019nin de g\u00fcndeme getirdi\u011fi ve ulusal bas\u0131nda da geni\u015f yer bulan projeye itirazlar devam ediyor. Gazipa\u015fa\u2019n\u0131n Akoluk ve \u00c7\u0131\u011fl\u0131k Mahalleleri s\u0131n\u0131rlar\u0131 i\u00e7erisinde G\u00fcn G\u00fcne\u015f Enerjisi Elektrik \u00dcretim Sanayi ve Ticaret A.\u015e. taraf\u0131ndan yap\u0131lmas\u0131 planlanan G3- Antalya-1-2 GES projesine, \u00c7evresel Etki De\u011ferlendirme (\u00c7ED) onay\u0131 \u00e7\u0131kt\u0131. Bakanl\u0131k taraf\u0131ndan kurulan \u0130nceleme De\u011ferlendirme Komisyonu, projenin \u00c7ED raporunu inceleyerek nihai olarak kabul etti. Projenin nihai \u00c7ED raporu, 10 takvim g\u00fcn\u00fc boyunca halk\u0131n g\u00f6r\u00fc\u015f ve \u00f6nerilerine a\u00e7\u0131ld\u0131. Bu kapsamda, \u00c7evre, \u015eehircilik ve \u0130klim De\u011fi\u015fikli\u011fi \u0130l M\u00fcd\u00fcrl\u00fc\u011f\u00fc hizmet binas\u0131nda halk\u0131n g\u00f6r\u00fc\u015fleri al\u0131nmaya ba\u015fland\u0131. Yetkililer, bir hafta i\u00e7inde iletilecek g\u00f6r\u00fc\u015f ve \u00f6nerilerin Bakanl\u0131\u011fa sunulaca\u011f\u0131n\u0131 belirtti.<\/p>\n<p>50 B\u0130NE YAKIN PANEL\u00a0<\/p>\n<p>Antalya-1 ve Antalya-2 isimleriyle toplam 40 MWe kapasiteye sahip olacak iki b\u00fcy\u00fck g\u00fcne\u015f enerjisi santrali (GES) i\u00e7in alternatif projeler haz\u0131rland\u0131. G3-ANTALYA-1-2 GES projesi kapsam\u0131nda 550 W g\u00fcc\u00fcnde 43 bin 636 adet g\u00fcne\u015f paneli ve 67 adet 300 kW\u2019l\u0131k inverter kurulmas\u0131 hedeflendi. Toplam 696 milyon TL\u2019ye mal olacak projenin in\u015faat s\u00fcrecinin 24 ay i\u00e7inde tamamlanarak i\u015fletmeye al\u0131nmas\u0131 planland\u0131. Proje kapsam\u0131nda in\u015faat a\u015famas\u0131nda 80, i\u015fletme a\u015famas\u0131nda ise 10 ki\u015finin istihdam edilece\u011fi belirtildi. \u00a0GES projesi, Antalya il merkezine 167,2 kilometre, Gazipa\u015fa il\u00e7esine 23 kilometre, Akoluk Mahallesi\u2019ne 4,11 kilometre ve \u00c7\u0131\u011fl\u0131k Mahallesi\u2019ne 7,26 kilometre uzakl\u0131kta konumlanacak. En yak\u0131n duyarl\u0131 yap\u0131 ise projeye ku\u015f u\u00e7u\u015fu yakla\u015f\u0131k 200 metre mesafede bulunmas\u0131 dikkatlerden ka\u00e7mad\u0131.<\/p>\n<p>YAYLA K\u00dcLT\u00dcR\u00dc B\u00dcY\u00dcK DARBE\u00a0<\/p>\n<p>Antalya K\u00f6rfez Gazetesi muhabiri Ertu\u011frul G\u00fcn&#8217;\u00fcn haberine g\u00f6re; ortaya \u00e7\u0131kan durum, Gazipa\u015fa ve Anamur halk\u0131n\u0131n yaylalardaki gelece\u011fini tehdit eden bu projeye dair endi\u015felerini art\u0131rd\u0131. Y\u00f6re halk\u0131, Ka\u015fpazar\u0131 Yaylas\u0131\u2019nda kurulmas\u0131 planlanan g\u00fcne\u015f enerji santralinin hayvanc\u0131l\u0131\u011fa, ar\u0131c\u0131l\u0131\u011fa ve g\u00f6\u00e7 yollar\u0131na b\u00fcy\u00fck zarar verece\u011fini dile getirdi. Ancak, halk\u0131n kar\u015f\u0131 \u00e7\u0131k\u0131\u015flar\u0131 ve endi\u015feleri \u00c7ED raporuna yans\u0131t\u0131lmad\u0131 ve proje onayland\u0131. Y\u00fczy\u0131llard\u0131r yaylada hayvanc\u0131l\u0131k ve ar\u0131c\u0131l\u0131k yapan Gazipa\u015fal\u0131 ve Anamurlu Y\u00f6r\u00fcklerin bu proje ger\u00e7ekle\u015firse yerlerinden edilece\u011fi ve yayla k\u00fclt\u00fcr\u00fc b\u00fcy\u00fck bir darbe vuraca\u011f\u0131 savunuldu.\u00a0<\/p>\n<p>CHP\u2019L\u0130 VEK\u0130LDEN \u0130T\u0130RAZ<\/p>\n<p>Antalya K\u00f6rfez Gazetesi\u2019nin de g\u00fcndeme getirdi\u011fi ve ulusal bas\u0131nda da geni\u015f yer bulan projeye itirazlar devam ediyor. CHP Antalya Milletvekili Mustafa Erdem, Antalya\u2019n\u0131n Gazipa\u015fa il\u00e7esine ba\u011fl\u0131 Ka\u015fpazar\u0131 Yaylas\u0131\u2019nda kurulacak GES projesi i\u00e7in, y\u00f6re halk\u0131n\u0131n itirazlar\u0131na kulak asmadan \u00c7ED onay\u0131 verilmesine ili\u015fkin \u00c7evre, \u015eehircilik ve \u0130klim De\u011fi\u015fikli\u011fi Bakanl\u0131\u011f\u0131 taraf\u0131ndan yan\u0131tlanmas\u0131 istemiyle soru \u00f6nergesi sundu. GES projesine, t\u00fcm itirazlara ra\u011fmen \u00c7ED onay\u0131 verildi\u011fini ifade eden Milletvekili Mustafa Erdem, \u201cBuna ra\u011fmen, en temiz enerji kaynaklar\u0131ndan biri olmas\u0131 nedeniyle asl\u0131nda desteklenen ama yanl\u0131\u015f bir konuma kuruldu\u011fu, yukar\u0131daki gerek\u00e7elere dayal\u0131 olarak b\u00f6lge halk\u0131 taraf\u0131ndan belirtilen GES\u2019e; halk\u0131n g\u00f6r\u00fc\u015fleri yok say\u0131larak onay verildi. Yine anlam\u0131\u015f olduk ki AKP iktidar\u0131nda at\u0131lan her ad\u0131m g\u00f6stermelik ve k\u00e2\u011f\u0131t \u00fcst\u00fcnde kal\u0131yor\u201d dedi.\u00a0<\/p>\n<p>YAYLA M\u0130RASINI YOK EDECEK<\/p>\n<p>K\u00fclt\u00fcrel de\u011ferleriyle de dikkat \u00e7eken yaylada Karamano\u011fullar\u0131 d\u00f6nemine ait d\u00f6rt askeri mezarl\u0131k bulundu\u011funa dikkat \u00e7eken Erdem, \u201cKaramano\u011flu G\u00fcneri Bey zaman\u0131ndan g\u00fcn\u00fcm\u00fcze kadar ibadethane olarak kullan\u0131lan tarihi bir camii de mevcuttur. Yayla k\u00fclt\u00fcr\u00fcn\u00fc, ar\u0131c\u0131l\u0131\u011f\u0131 ve hayvanc\u0131l\u0131\u011f\u0131 tehdit eden bu karar, g\u00f6\u00e7 yollar\u0131n\u0131n kapanmas\u0131, tam olarak o b\u00f6lgede yer alan tarihi ve k\u00fclt\u00fcrel miraslar\u0131n\u0131n yok olmas\u0131 riskini beraberinde getirmektedir\u201d ifadelerine yer verdi.\u00a0<\/p>\n<p>G\u00d6ZARDI ED\u0130LEMEZ<\/p>\n<p>\u201cGES projesi ger\u00e7ekten kamu yarar\u0131na m\u0131, yoksa \u00f6zel bir \u015firketin \u00e7\u0131karlar\u0131n\u0131 m\u0131 koruyor? Y\u00f6r\u00fcklerin yaylalar\u0131, g\u00f6\u00e7 yollar\u0131, hayvanc\u0131l\u0131k ve ar\u0131c\u0131l\u0131k alanlar\u0131 neden \u00f6zel bir \u015firketin enerji projesine feda ediliyor?\u201d merak ediyoruz. K\u0131y\u0131 \u015feridinde yer alan Antalya\u2019m\u0131z\u0131n AKP ile imtihan\u0131 bitmiyor. Rant u\u011fruna \u00e7\u00f6kmedikleri yer kalmad\u0131 dedik\u00e7e bir \u015fekilde buluyorlar. Tapu hatas\u0131 olarak bu alan at\u0131l durumda g\u00f6z\u00fck\u00fcyor. Oysaki y\u00fczy\u0131ll\u0131k k\u00fclt\u00fcr\u00fc bar\u0131nd\u0131ran, geleneklerin, ya\u015fam\u0131n hem sosyal hem ekonomik olarak devam etti\u011fi bir alan. Bunu g\u00f6z ard\u0131 etmelerine izin vermeyece\u011fiz. B\u00f6lge halk\u0131n\u0131n yan\u0131nday\u0131z\u201d a\u00e7\u0131klamas\u0131nda bulunan Mustafa Erdem\u2019in \u00c7evre ve \u015eehircilik Bakan\u0131 Murat Kurum\u2019a soru y\u00f6neltti.\u00a0<\/p>\n<p>SORU \u00d6NERGES\u0130 VER\u0130LD\u0130<\/p>\n<p>\u00d6nergede, \u201cBakanl\u0131k taraf\u0131ndan kurulan \u0130nceleme De\u011ferlendirme Komisyonu taraf\u0131ndan s\u00f6z konusu projenin \u00c7ED raporunun incelenmesi ka\u00e7 g\u00fcn i\u00e7inde tamamlanm\u0131\u015ft\u0131r? \u00c7ED raporunun incelenmesi esnas\u0131nda \u0130nceleme De\u011ferlendirme Komisyonu taraf\u0131ndan g\u00f6z \u00f6n\u00fcnde bulundurulan kriterler nelerdir? S\u00f6z konusu GES projesine ili\u015fkin olarak b\u00f6lge halk\u0131ndan al\u0131nan g\u00f6r\u00fc\u015f ve \u00f6neriler, \u00c7evre, \u015eehircilik ve \u0130klim De\u011fi\u015fikli\u011fi \u0130l M\u00fcd\u00fcrl\u00fc\u011f\u00fc taraf\u0131ndan hangi tarihte iletilmi\u015ftir? Bu g\u00f6r\u00fc\u015f ve \u00f6neriler, Bakanl\u0131k yetkilileri taraf\u0131ndan incelenmi\u015f midir? B\u00f6lge halk\u0131n\u0131n projeye ili\u015fkin g\u00f6r\u00fc\u015f ve \u00f6nerilerinin, onay karar\u0131na etki etmemi\u015f olmas\u0131n\u0131n gerek\u00e7eleri nelerdir? B\u00f6lge halk\u0131n\u0131n taleplerine ili\u015fkin hi\u00e7bir ad\u0131m at\u0131lmadan, daha az ki\u015finin yaylada faaliyet g\u00f6sterdi\u011fi k\u0131\u015f mevsiminde \u00c7ED onay karar\u0131 verilmesinin gerek\u00e7esi nedir? Temiz enerji \u00fcretim tesislerinin kurulmas\u0131n\u0131n onaylanmas\u0131 a\u015famas\u0131nda, kurulaca\u011f\u0131 yere ili\u015fkin saha \u00e7al\u0131\u015fmas\u0131 yap\u0131lmas\u0131na y\u00f6nelik olarak, bakanl\u0131k taraf\u0131ndan ne t\u00fcr ad\u0131mlar at\u0131lacakt\u0131r? Gazipa\u015fa il\u00e7emize ba\u011fl\u0131 \u015eahinler Mahallesi\u2019nde kurulacak olan GES projesi ger\u00e7ekten kamu yarar\u0131 ad\u0131na m\u0131, yukar\u0131da ad\u0131 ge\u00e7en \u015firketin \u00e7\u0131karlar\u0131 g\u00f6zetilerek mi onaylanm\u0131\u015ft\u0131r?\u201d sorular\u0131na cevap istendi.\u00a0<\/p>\n<p>\u200bAntalya\u2019da Gazipa\u015fa ve Anamur halk\u0131n\u0131n as\u0131rlard\u0131r kulland\u0131\u011f\u0131 Ka\u015fpazar\u0131 Yaylas\u0131\u2019n\u0131 tehdit eden 50 bine yak\u0131n panelli 800 d\u00f6n\u00fcml\u00fck GES projesi TBMM g\u00fcndemine ta\u015f\u0131nd\u0131. CHP Antalya Milletvekili Mustafa Erdem, projenin hayata ge\u00e7mesi durumunda yayla k\u00fclt\u00fcr\u00fcn\u00fcn, ar\u0131c\u0131l\u0131\u011f\u0131n ve hayvanc\u0131l\u0131\u011f\u0131n b\u00f6lgede yer alan tarih ile  k\u00fclt\u00fcrel miras\u0131n yok olma riskiyle kar\u015f\u0131 kar\u015f\u0131ya kalaca\u011f\u0131n\u0131 savundu.\u00a0<\/p>\n<p>\u200bHaberin Al\u0131nt\u0131land\u0131\u011f\u0131 Kaynak: www.antalyakorfez.com<\/p>","protected":false},"excerpt":{"rendered":"<p>Antalya K\u00f6rfez Gazetesi\u2019nin de g\u00fcndeme getirdi\u011fi ve ulusal bas\u0131nda da geni\u015f yer bulan projeye itirazlar devam ediyor. Gazipa\u015fa\u2019n\u0131n Akoluk ve \u00c7\u0131\u011fl\u0131k Mahalleleri s\u0131n\u0131rlar\u0131 i\u00e7erisinde G\u00fcn G\u00fcne\u015f Enerjisi Elektrik \u00dcretim Sanayi ve Ticaret A.\u015e. taraf\u0131ndan yap\u0131lmas\u0131 planlanan G3- Antalya-1-2 GES projesine, \u00c7evresel Etki De\u011ferlendirme (\u00c7ED) onay\u0131 \u00e7\u0131kt\u0131. Bakanl\u0131k taraf\u0131ndan kurulan \u0130nceleme De\u011ferlendirme Komisyonu, projenin \u00c7ED raporunu inceleyerek nihai olarak kabul etti. Projenin nihai \u00c7ED raporu, 10 takvim g\u00fcn\u00fc boyunca halk\u0131n g\u00f6r\u00fc\u015f ve \u00f6nerilerine a\u00e7\u0131ld\u0131. Bu kapsamda, \u00c7evre, \u015eehircilik ve \u0130klim De\u011fi\u015fikli\u011fi \u0130l M\u00fcd\u00fcrl\u00fc\u011f\u00fc hizmet binas\u0131nda halk\u0131n g\u00f6r\u00fc\u015fleri al\u0131nmaya ba\u015fland\u0131. Yetkililer, bir hafta i\u00e7inde iletilecek g\u00f6r\u00fc\u015f ve \u00f6nerilerin Bakanl\u0131\u011fa sunulaca\u011f\u0131n\u0131 belirtti. 50 B\u0130NE YAKIN PANEL\u00a0 Antalya-1 ve Antalya-2 isimleriyle toplam 40 MWe kapasiteye sahip olacak iki b\u00fcy\u00fck g\u00fcne\u015f enerjisi santrali (GES) i\u00e7in alternatif projeler haz\u0131rland\u0131. G3-ANTALYA-1-2 GES projesi kapsam\u0131nda 550 W g\u00fcc\u00fcnde 43 bin 636 adet g\u00fcne\u015f paneli ve 67 adet 300 kW\u2019l\u0131k inverter kurulmas\u0131 hedeflendi. Toplam 696 milyon TL\u2019ye mal olacak projenin in\u015faat s\u00fcrecinin 24 ay i\u00e7inde tamamlanarak i\u015fletmeye al\u0131nmas\u0131 planland\u0131. Proje kapsam\u0131nda in\u015faat a\u015famas\u0131nda 80, i\u015fletme a\u015famas\u0131nda ise 10 ki\u015finin istihdam edilece\u011fi belirtildi. \u00a0GES projesi, Antalya il merkezine 167,2 kilometre, Gazipa\u015fa il\u00e7esine 23 kilometre, Akoluk Mahallesi\u2019ne 4,11 kilometre ve \u00c7\u0131\u011fl\u0131k Mahallesi\u2019ne 7,26 kilometre uzakl\u0131kta konumlanacak. En yak\u0131n duyarl\u0131 yap\u0131 ise &hellip;<\/p>","protected":false},"author":5,"featured_media":0,"comment_status":"open","ping_status":"open","sticky":false,"template":"","format":"standard","meta":{"_acf_changed":false,"footnotes":""},"categories":[24],"tags":[],"class_list":["post-32712","post","type-post","status-publish","format-standard","has-post-thumbnail","hentry","category-gundem"],"acf":[],"yoast_head":"<!-- This site is optimized with the Yoast SEO Premium plugin v26.6 (Yoast SEO v27.1.1) - https:\/\/yoast.com\/product\/yoast-seo-premium-wordpress\/ -->\n<title>Ka\u015fpazar\u0131 yaylas\u0131na darbe vuracak GES projesi meclis g\u00fcndeminde - Av. Deniz Can K\u0131z\u0131l<\/title>\n<meta name=\"robots\" content=\"index, follow, max-snippet:-1, max-image-preview:large, max-video-preview:-1\" \/>\n<link rel=\"canonical\" href=\"https:\/\/denizcankizil.tr\/en\/haberler\/gundem\/kaspazari-yaylasina-darbe-vuracak-ges-projesi-meclis-gundeminde\/\" \/>\n<meta property=\"og:locale\" content=\"en_GB\" \/>\n<meta property=\"og:type\" content=\"article\" \/>\n<meta property=\"og:title\" content=\"Ka\u015fpazar\u0131 yaylas\u0131na darbe vuracak GES projesi meclis g\u00fcndeminde\" \/>\n<meta property=\"og:description\" content=\"Antalya K\u00f6rfez Gazetesi\u2019nin de g\u00fcndeme getirdi\u011fi ve ulusal bas\u0131nda da geni\u015f yer bulan projeye itirazlar devam ediyor. Gazipa\u015fa\u2019n\u0131n Akoluk ve \u00c7\u0131\u011fl\u0131k Mahalleleri s\u0131n\u0131rlar\u0131 i\u00e7erisinde G\u00fcn G\u00fcne\u015f Enerjisi Elektrik \u00dcretim Sanayi ve Ticaret A.\u015e. taraf\u0131ndan yap\u0131lmas\u0131 planlanan G3- Antalya-1-2 GES projesine, \u00c7evresel Etki De\u011ferlendirme (\u00c7ED) onay\u0131 \u00e7\u0131kt\u0131. Bakanl\u0131k taraf\u0131ndan kurulan \u0130nceleme De\u011ferlendirme Komisyonu, projenin \u00c7ED raporunu inceleyerek nihai olarak kabul etti. Projenin nihai \u00c7ED raporu, 10 takvim g\u00fcn\u00fc boyunca halk\u0131n g\u00f6r\u00fc\u015f ve \u00f6nerilerine a\u00e7\u0131ld\u0131. Bu kapsamda, \u00c7evre, \u015eehircilik ve \u0130klim De\u011fi\u015fikli\u011fi \u0130l M\u00fcd\u00fcrl\u00fc\u011f\u00fc hizmet binas\u0131nda halk\u0131n g\u00f6r\u00fc\u015fleri al\u0131nmaya ba\u015fland\u0131. Yetkililer, bir hafta i\u00e7inde iletilecek g\u00f6r\u00fc\u015f ve \u00f6nerilerin Bakanl\u0131\u011fa sunulaca\u011f\u0131n\u0131 belirtti. 50 B\u0130NE YAKIN PANEL\u00a0 Antalya-1 ve Antalya-2 isimleriyle toplam 40 MWe kapasiteye sahip olacak iki b\u00fcy\u00fck g\u00fcne\u015f enerjisi santrali (GES) i\u00e7in alternatif projeler haz\u0131rland\u0131. G3-ANTALYA-1-2 GES projesi kapsam\u0131nda 550 W g\u00fcc\u00fcnde 43 bin 636 adet g\u00fcne\u015f paneli ve 67 adet 300 kW\u2019l\u0131k inverter kurulmas\u0131 hedeflendi. Toplam 696 milyon TL\u2019ye mal olacak projenin in\u015faat s\u00fcrecinin 24 ay i\u00e7inde tamamlanarak i\u015fletmeye al\u0131nmas\u0131 planland\u0131. Proje kapsam\u0131nda in\u015faat a\u015famas\u0131nda 80, i\u015fletme a\u015famas\u0131nda ise 10 ki\u015finin istihdam edilece\u011fi belirtildi. \u00a0GES projesi, Antalya il merkezine 167,2 kilometre, Gazipa\u015fa il\u00e7esine 23 kilometre, Akoluk Mahallesi\u2019ne 4,11 kilometre ve \u00c7\u0131\u011fl\u0131k Mahallesi\u2019ne 7,26 kilometre uzakl\u0131kta konumlanacak. En yak\u0131n duyarl\u0131 yap\u0131 ise &hellip;\" \/>\n<meta property=\"og:url\" content=\"https:\/\/denizcankizil.tr\/en\/haberler\/gundem\/kaspazari-yaylasina-darbe-vuracak-ges-projesi-meclis-gundeminde\/\" \/>\n<meta property=\"og:site_name\" content=\"Av. Deniz Can K\u0131z\u0131l\" \/>\n<meta property=\"article:published_time\" content=\"2025-02-14T10:41:30+00:00\" \/>\n<meta name=\"author\" content=\"Antalya K\u00f6rfez\" \/>\n<meta name=\"twitter:card\" content=\"summary_large_image\" \/>\n<meta name=\"twitter:label1\" content=\"Written by\" \/>\n\t<meta name=\"twitter:data1\" content=\"Antalya K\u00f6rfez\" \/>\n\t<meta name=\"twitter:label2\" content=\"Estimated reading time\" \/>\n\t<meta name=\"twitter:data2\" content=\"6 minutes\" \/>\n<script type=\"application\/ld+json\" class=\"yoast-schema-graph\">{\"@context\":\"https:\/\/schema.org\",\"@graph\":[{\"@type\":\"Article\",\"@id\":\"https:\/\/denizcankizil.tr\/en\/haberler\/gundem\/kaspazari-yaylasina-darbe-vuracak-ges-projesi-meclis-gundeminde\/#article\",\"isPartOf\":{\"@id\":\"https:\/\/denizcankizil.tr\/en\/haberler\/gundem\/kaspazari-yaylasina-darbe-vuracak-ges-projesi-meclis-gundeminde\/\"},\"author\":{\"name\":\"Antalya K\u00f6rfez\",\"@id\":\"https:\/\/denizcankizil.tr\/de\/#\/schema\/person\/e1eb71bb4dd684d46563f0af307e1234\"},\"headline\":\"Ka\u015fpazar\u0131 yaylas\u0131na darbe vuracak GES projesi meclis g\u00fcndeminde\",\"datePublished\":\"2025-02-14T10:41:30+00:00\",\"mainEntityOfPage\":{\"@id\":\"https:\/\/denizcankizil.tr\/en\/haberler\/gundem\/kaspazari-yaylasina-darbe-vuracak-ges-projesi-meclis-gundeminde\/\"},\"wordCount\":1125,\"commentCount\":0,\"publisher\":{\"@id\":\"https:\/\/denizcankizil.tr\/de\/#organization\"},\"articleSection\":[\"G\u00fcndem\"],\"inLanguage\":\"en-GB\",\"potentialAction\":[{\"@type\":\"CommentAction\",\"name\":\"Comment\",\"target\":[\"https:\/\/denizcankizil.tr\/en\/haberler\/gundem\/kaspazari-yaylasina-darbe-vuracak-ges-projesi-meclis-gundeminde\/#respond\"]}]},{\"@type\":\"WebPage\",\"@id\":\"https:\/\/denizcankizil.tr\/en\/haberler\/gundem\/kaspazari-yaylasina-darbe-vuracak-ges-projesi-meclis-gundeminde\/\",\"url\":\"https:\/\/denizcankizil.tr\/en\/haberler\/gundem\/kaspazari-yaylasina-darbe-vuracak-ges-projesi-meclis-gundeminde\/\",\"name\":\"Ka\u015fpazar\u0131 yaylas\u0131na darbe vuracak GES projesi meclis g\u00fcndeminde - Av. Deniz Can K\u0131z\u0131l\",\"isPartOf\":{\"@id\":\"https:\/\/denizcankizil.tr\/de\/#website\"},\"datePublished\":\"2025-02-14T10:41:30+00:00\",\"breadcrumb\":{\"@id\":\"https:\/\/denizcankizil.tr\/en\/haberler\/gundem\/kaspazari-yaylasina-darbe-vuracak-ges-projesi-meclis-gundeminde\/#breadcrumb\"},\"inLanguage\":\"en-GB\",\"potentialAction\":[{\"@type\":\"ReadAction\",\"target\":[\"https:\/\/denizcankizil.tr\/en\/haberler\/gundem\/kaspazari-yaylasina-darbe-vuracak-ges-projesi-meclis-gundeminde\/\"]}]},{\"@type\":\"BreadcrumbList\",\"@id\":\"https:\/\/denizcankizil.tr\/en\/haberler\/gundem\/kaspazari-yaylasina-darbe-vuracak-ges-projesi-meclis-gundeminde\/#breadcrumb\",\"itemListElement\":[{\"@type\":\"ListItem\",\"position\":1,\"name\":\"Home\",\"item\":\"https:\/\/denizcankizil.tr\/de\/\"},{\"@type\":\"ListItem\",\"position\":2,\"name\":\"Ka\u015fpazar\u0131 yaylas\u0131na darbe vuracak GES projesi meclis g\u00fcndeminde\"}]},{\"@type\":\"WebSite\",\"@id\":\"https:\/\/denizcankizil.tr\/de\/#website\",\"url\":\"https:\/\/denizcankizil.tr\/de\/\",\"name\":\"Av. Deniz Can K\u0131z\u0131l\",\"description\":\"Avukat Deniz Can K\u0131z\u0131l Antalya Barosu\",\"publisher\":{\"@id\":\"https:\/\/denizcankizil.tr\/de\/#organization\"},\"potentialAction\":[{\"@type\":\"SearchAction\",\"target\":{\"@type\":\"EntryPoint\",\"urlTemplate\":\"https:\/\/denizcankizil.tr\/de\/?s={search_term_string}\"},\"query-input\":{\"@type\":\"PropertyValueSpecification\",\"valueRequired\":true,\"valueName\":\"search_term_string\"}}],\"inLanguage\":\"en-GB\"},{\"@type\":\"Organization\",\"@id\":\"https:\/\/denizcankizil.tr\/de\/#organization\",\"name\":\"Av. Deniz Can K\u0131z\u0131l\",\"url\":\"https:\/\/denizcankizil.tr\/de\/\",\"logo\":{\"@type\":\"ImageObject\",\"inLanguage\":\"en-GB\",\"@id\":\"https:\/\/denizcankizil.tr\/de\/#\/schema\/logo\/image\/\",\"url\":\"https:\/\/denizcankizil.tr\/wp-content\/uploads\/2024\/10\/siyah-logo-svg.svg\",\"contentUrl\":\"https:\/\/denizcankizil.tr\/wp-content\/uploads\/2024\/10\/siyah-logo-svg.svg\",\"width\":1080,\"height\":1080,\"caption\":\"Av. Deniz Can K\u0131z\u0131l\"},\"image\":{\"@id\":\"https:\/\/denizcankizil.tr\/de\/#\/schema\/logo\/image\/\"}},{\"@type\":\"Person\",\"@id\":\"https:\/\/denizcankizil.tr\/de\/#\/schema\/person\/e1eb71bb4dd684d46563f0af307e1234\",\"name\":\"Antalya K\u00f6rfez\",\"image\":{\"@type\":\"ImageObject\",\"inLanguage\":\"en-GB\",\"@id\":\"https:\/\/denizcankizil.tr\/de\/#\/schema\/person\/image\/\",\"url\":\"https:\/\/secure.gravatar.com\/avatar\/42b01982558a48a0b501fdcab6a408d3717ea5919095ee2e67b0e521799c5905?s=96&d=mm&r=g\",\"contentUrl\":\"https:\/\/secure.gravatar.com\/avatar\/42b01982558a48a0b501fdcab6a408d3717ea5919095ee2e67b0e521799c5905?s=96&d=mm&r=g\",\"caption\":\"Antalya K\u00f6rfez\"},\"sameAs\":[\"http:\/\/www.antalyakorfez.com\"],\"url\":\"https:\/\/www.antalyakorfez.com\/kaspazari-yaylasina-darbe-vuracak-ges-projesi-meclis-gundeminde\"}]}<\/script>\n<!-- \/ Yoast SEO Premium plugin. -->","yoast_head_json":{"title":"Ka\u015fpazar\u0131 yaylas\u0131na darbe vuracak GES projesi meclis g\u00fcndeminde - Av. Deniz Can K\u0131z\u0131l","robots":{"index":"index","follow":"follow","max-snippet":"max-snippet:-1","max-image-preview":"max-image-preview:large","max-video-preview":"max-video-preview:-1"},"canonical":"https:\/\/denizcankizil.tr\/en\/haberler\/gundem\/kaspazari-yaylasina-darbe-vuracak-ges-projesi-meclis-gundeminde\/","og_locale":"en_GB","og_type":"article","og_title":"Ka\u015fpazar\u0131 yaylas\u0131na darbe vuracak GES projesi meclis g\u00fcndeminde","og_description":"Antalya K\u00f6rfez Gazetesi\u2019nin de g\u00fcndeme getirdi\u011fi ve ulusal bas\u0131nda da geni\u015f yer bulan projeye itirazlar devam ediyor. Gazipa\u015fa\u2019n\u0131n Akoluk ve \u00c7\u0131\u011fl\u0131k Mahalleleri s\u0131n\u0131rlar\u0131 i\u00e7erisinde G\u00fcn G\u00fcne\u015f Enerjisi Elektrik \u00dcretim Sanayi ve Ticaret A.\u015e. taraf\u0131ndan yap\u0131lmas\u0131 planlanan G3- Antalya-1-2 GES projesine, \u00c7evresel Etki De\u011ferlendirme (\u00c7ED) onay\u0131 \u00e7\u0131kt\u0131. Bakanl\u0131k taraf\u0131ndan kurulan \u0130nceleme De\u011ferlendirme Komisyonu, projenin \u00c7ED raporunu inceleyerek nihai olarak kabul etti. Projenin nihai \u00c7ED raporu, 10 takvim g\u00fcn\u00fc boyunca halk\u0131n g\u00f6r\u00fc\u015f ve \u00f6nerilerine a\u00e7\u0131ld\u0131. Bu kapsamda, \u00c7evre, \u015eehircilik ve \u0130klim De\u011fi\u015fikli\u011fi \u0130l M\u00fcd\u00fcrl\u00fc\u011f\u00fc hizmet binas\u0131nda halk\u0131n g\u00f6r\u00fc\u015fleri al\u0131nmaya ba\u015fland\u0131. Yetkililer, bir hafta i\u00e7inde iletilecek g\u00f6r\u00fc\u015f ve \u00f6nerilerin Bakanl\u0131\u011fa sunulaca\u011f\u0131n\u0131 belirtti. 50 B\u0130NE YAKIN PANEL\u00a0 Antalya-1 ve Antalya-2 isimleriyle toplam 40 MWe kapasiteye sahip olacak iki b\u00fcy\u00fck g\u00fcne\u015f enerjisi santrali (GES) i\u00e7in alternatif projeler haz\u0131rland\u0131. G3-ANTALYA-1-2 GES projesi kapsam\u0131nda 550 W g\u00fcc\u00fcnde 43 bin 636 adet g\u00fcne\u015f paneli ve 67 adet 300 kW\u2019l\u0131k inverter kurulmas\u0131 hedeflendi. Toplam 696 milyon TL\u2019ye mal olacak projenin in\u015faat s\u00fcrecinin 24 ay i\u00e7inde tamamlanarak i\u015fletmeye al\u0131nmas\u0131 planland\u0131. Proje kapsam\u0131nda in\u015faat a\u015famas\u0131nda 80, i\u015fletme a\u015famas\u0131nda ise 10 ki\u015finin istihdam edilece\u011fi belirtildi. \u00a0GES projesi, Antalya il merkezine 167,2 kilometre, Gazipa\u015fa il\u00e7esine 23 kilometre, Akoluk Mahallesi\u2019ne 4,11 kilometre ve \u00c7\u0131\u011fl\u0131k Mahallesi\u2019ne 7,26 kilometre uzakl\u0131kta konumlanacak. En yak\u0131n duyarl\u0131 yap\u0131 ise &hellip;","og_url":"https:\/\/denizcankizil.tr\/en\/haberler\/gundem\/kaspazari-yaylasina-darbe-vuracak-ges-projesi-meclis-gundeminde\/","og_site_name":"Av. Deniz Can K\u0131z\u0131l","article_published_time":"2025-02-14T10:41:30+00:00","author":"Antalya K\u00f6rfez","twitter_card":"summary_large_image","twitter_misc":{"Written by":"Antalya K\u00f6rfez","Estimated reading time":"6 minutes"},"schema":{"@context":"https:\/\/schema.org","@graph":[{"@type":"Article","@id":"https:\/\/denizcankizil.tr\/en\/haberler\/gundem\/kaspazari-yaylasina-darbe-vuracak-ges-projesi-meclis-gundeminde\/#article","isPartOf":{"@id":"https:\/\/denizcankizil.tr\/en\/haberler\/gundem\/kaspazari-yaylasina-darbe-vuracak-ges-projesi-meclis-gundeminde\/"},"author":{"name":"Antalya K\u00f6rfez","@id":"https:\/\/denizcankizil.tr\/de\/#\/schema\/person\/e1eb71bb4dd684d46563f0af307e1234"},"headline":"Ka\u015fpazar\u0131 yaylas\u0131na darbe vuracak GES projesi meclis g\u00fcndeminde","datePublished":"2025-02-14T10:41:30+00:00","mainEntityOfPage":{"@id":"https:\/\/denizcankizil.tr\/en\/haberler\/gundem\/kaspazari-yaylasina-darbe-vuracak-ges-projesi-meclis-gundeminde\/"},"wordCount":1125,"commentCount":0,"publisher":{"@id":"https:\/\/denizcankizil.tr\/de\/#organization"},"articleSection":["G\u00fcndem"],"inLanguage":"en-GB","potentialAction":[{"@type":"CommentAction","name":"Comment","target":["https:\/\/denizcankizil.tr\/en\/haberler\/gundem\/kaspazari-yaylasina-darbe-vuracak-ges-projesi-meclis-gundeminde\/#respond"]}]},{"@type":"WebPage","@id":"https:\/\/denizcankizil.tr\/en\/haberler\/gundem\/kaspazari-yaylasina-darbe-vuracak-ges-projesi-meclis-gundeminde\/","url":"https:\/\/denizcankizil.tr\/en\/haberler\/gundem\/kaspazari-yaylasina-darbe-vuracak-ges-projesi-meclis-gundeminde\/","name":"Ka\u015fpazar\u0131 yaylas\u0131na darbe vuracak GES projesi meclis g\u00fcndeminde - Av. Deniz Can K\u0131z\u0131l","isPartOf":{"@id":"https:\/\/denizcankizil.tr\/de\/#website"},"datePublished":"2025-02-14T10:41:30+00:00","breadcrumb":{"@id":"https:\/\/denizcankizil.tr\/en\/haberler\/gundem\/kaspazari-yaylasina-darbe-vuracak-ges-projesi-meclis-gundeminde\/#breadcrumb"},"inLanguage":"en-GB","potentialAction":[{"@type":"ReadAction","target":["https:\/\/denizcankizil.tr\/en\/haberler\/gundem\/kaspazari-yaylasina-darbe-vuracak-ges-projesi-meclis-gundeminde\/"]}]},{"@type":"BreadcrumbList","@id":"https:\/\/denizcankizil.tr\/en\/haberler\/gundem\/kaspazari-yaylasina-darbe-vuracak-ges-projesi-meclis-gundeminde\/#breadcrumb","itemListElement":[{"@type":"ListItem","position":1,"name":"Home","item":"https:\/\/denizcankizil.tr\/de\/"},{"@type":"ListItem","position":2,"name":"Ka\u015fpazar\u0131 yaylas\u0131na darbe vuracak GES projesi meclis g\u00fcndeminde"}]},{"@type":"WebSite","@id":"https:\/\/denizcankizil.tr\/de\/#website","url":"https:\/\/denizcankizil.tr\/de\/","name":"Av. Deniz Can K\u0131z\u0131l","description":"Avukat Deniz Can K\u0131z\u0131l Antalya Barosu","publisher":{"@id":"https:\/\/denizcankizil.tr\/de\/#organization"},"potentialAction":[{"@type":"SearchAction","target":{"@type":"EntryPoint","urlTemplate":"https:\/\/denizcankizil.tr\/de\/?s={search_term_string}"},"query-input":{"@type":"PropertyValueSpecification","valueRequired":true,"valueName":"search_term_string"}}],"inLanguage":"en-GB"},{"@type":"Organization","@id":"https:\/\/denizcankizil.tr\/de\/#organization","name":"Av. Deniz Can K\u0131z\u0131l","url":"https:\/\/denizcankizil.tr\/de\/","logo":{"@type":"ImageObject","inLanguage":"en-GB","@id":"https:\/\/denizcankizil.tr\/de\/#\/schema\/logo\/image\/","url":"https:\/\/denizcankizil.tr\/wp-content\/uploads\/2024\/10\/siyah-logo-svg.svg","contentUrl":"https:\/\/denizcankizil.tr\/wp-content\/uploads\/2024\/10\/siyah-logo-svg.svg","width":1080,"height":1080,"caption":"Av. Deniz Can K\u0131z\u0131l"},"image":{"@id":"https:\/\/denizcankizil.tr\/de\/#\/schema\/logo\/image\/"}},{"@type":"Person","@id":"https:\/\/denizcankizil.tr\/de\/#\/schema\/person\/e1eb71bb4dd684d46563f0af307e1234","name":"Antalya K\u00f6rfez","image":{"@type":"ImageObject","inLanguage":"en-GB","@id":"https:\/\/denizcankizil.tr\/de\/#\/schema\/person\/image\/","url":"https:\/\/secure.gravatar.com\/avatar\/42b01982558a48a0b501fdcab6a408d3717ea5919095ee2e67b0e521799c5905?s=96&d=mm&r=g","contentUrl":"https:\/\/secure.gravatar.com\/avatar\/42b01982558a48a0b501fdcab6a408d3717ea5919095ee2e67b0e521799c5905?s=96&d=mm&r=g","caption":"Antalya K\u00f6rfez"},"sameAs":["http:\/\/www.antalyakorfez.com"],"url":"https:\/\/www.antalyakorfez.com\/kaspazari-yaylasina-darbe-vuracak-ges-projesi-meclis-gundeminde"}]}},"_links":{"self":[{"href":"https:\/\/denizcankizil.tr\/en\/wp-json\/wp\/v2\/posts\/32712","targetHints":{"allow":["GET"]}}],"collection":[{"href":"https:\/\/denizcankizil.tr\/en\/wp-json\/wp\/v2\/posts"}],"about":[{"href":"https:\/\/denizcankizil.tr\/en\/wp-json\/wp\/v2\/types\/post"}],"author":[{"embeddable":true,"href":"https:\/\/denizcankizil.tr\/en\/wp-json\/wp\/v2\/users\/5"}],"replies":[{"embeddable":true,"href":"https:\/\/denizcankizil.tr\/en\/wp-json\/wp\/v2\/comments?post=32712"}],"version-history":[{"count":0,"href":"https:\/\/denizcankizil.tr\/en\/wp-json\/wp\/v2\/posts\/32712\/revisions"}],"wp:attachment":[{"href":"https:\/\/denizcankizil.tr\/en\/wp-json\/wp\/v2\/media?parent=32712"}],"wp:term":[{"taxonomy":"category","embeddable":true,"href":"https:\/\/denizcankizil.tr\/en\/wp-json\/wp\/v2\/categories?post=32712"},{"taxonomy":"post_tag","embeddable":true,"href":"https:\/\/denizcankizil.tr\/en\/wp-json\/wp\/v2\/tags?post=32712"}],"curies":[{"name":"wp","href":"https:\/\/api.w.org\/{rel}","templated":true}]}}