{"id":32710,"date":"2025-02-14T13:41:14","date_gmt":"2025-02-14T10:41:14","guid":{"rendered":"https:\/\/denizcankizil.tr\/uncategorized-tr\/taze-ve-ekonomik-baligin-adresi-oldu\/"},"modified":"2025-02-14T13:41:14","modified_gmt":"2025-02-14T10:41:14","slug":"taze-ve-ekonomik-baligin-adresi-oldu","status":"publish","type":"post","link":"https:\/\/denizcankizil.tr\/en\/haberler\/antalya\/taze-ve-ekonomik-baligin-adresi-oldu\/","title":{"rendered":"Taze ve ekonomik bal\u0131\u011f\u0131n adresi oldu"},"content":{"rendered":"<p>Sabah\u0131n erken saatlerinde Antalya Bal\u0131k\u00e7\u0131 Bar\u0131na\u011f\u0131&#8217;nda ger\u00e7ekle\u015ftirilen mezatta, kalite kontrol\u00fcne tabi tutularak sat\u0131n al\u0131nan deniz \u00fcr\u00fcnleri, so\u011fuklamas\u0131 sabit kalacak \u015fekilde D\u00fcden Park&#8217;a ula\u015ft\u0131r\u0131l\u0131yor. G\u00fcvenli bir ortamda muhafaza edilen taze bal\u0131klar hem sat\u0131\u015fa haz\u0131r hale getiriliyor hem de m\u00fc\u015fterilerin damak zevkine uygun \u015fekilde haz\u0131rlan\u0131p servis ediliyor.<\/p>\n<p>\u00c7ok \u00e7e\u015fit uygun fiyat<br \/>\nG\u00fcnl\u00fck 400 ila 600 aras\u0131nda misafir a\u011f\u0131rlayan D\u00fcden Bal\u0131k \u00c7ar\u015f\u0131s\u0131&#8217;n\u0131n misafir say\u0131s\u0131 hafta sonlar\u0131 bine kadar \u00e7\u0131k\u0131yor. \u00c7upradan l\u00fcfere, m\u0131rm\u0131rdan mezgite kadar bir\u00e7ok bal\u0131k \u00e7e\u015fidi bulunan D\u00fcden Bal\u0131k \u00c7ar\u015f\u0131s\u0131&#8217;nda kalamar, karides, midye, sar\u0131msakl\u0131 ekmek ve tatl\u0131 gibi \u00e7ok say\u0131da farkl\u0131 \u00fcr\u00fcnler de bulunuyor. D\u00fcden Bal\u0131k \u00c7ar\u015f\u0131s\u0131&#8217;na gelen misafirlerin en \u00e7ok tercih etti\u011fi \u00fcr\u00fcnse me\u015fhur bal\u0131k \u00e7orbas\u0131. Her mevsimin en uygun bal\u0131klar\u0131n\u0131n sat\u0131\u015fa \u00e7\u0131kt\u0131\u011f\u0131 Bal\u0131k \u00c7ar\u015f\u0131s\u0131&#8217;nda, bal\u0131k \u00e7e\u015fitlili\u011fi kadar cazip fiyatlar da b\u00fcy\u00fck dikkat \u00e7ekiyor. Vatanda\u015flar bal\u0131klar\u0131 tezgahtan al\u0131p evine g\u00f6t\u00fcrme imkan\u0131 bulurken, ayn\u0131 zamanda tezgahtan se\u00e7tikleri \u00fcr\u00fcn\u00fc al\u0131p pi\u015firtebiliyor.<\/p>\n<p>Misafir memnuniyeti \u00f6n planda<br \/>\nEkda\u011f D\u00fcden Bal\u0131k \u00c7ar\u015f\u0131s\u0131 Salon \u015eefi Aykut B\u00fck\u00e7\u00fco\u011flu, vatanda\u015flar\u0131n tesislerden en mutlu \u015fekilde ayr\u0131lmalar\u0131 i\u00e7in ellerinden geleni yapt\u0131klar\u0131n\u0131 s\u00f6yledi. \u015eef Aykut B\u00fck\u00e7\u00fco\u011flu, &#8220;Her g\u00fcn mezattan al\u0131nan taze bal\u0131klarla m\u00fc\u015fterilerimizi kar\u015f\u0131l\u0131yoruz. So\u011fuk zinciri her zaman korumaya \u00e7al\u0131\u015f\u0131yoruz. Burada vatanda\u015flara hitap eden \u00e7ok say\u0131da bal\u0131k \u00e7e\u015fidimiz var. Vatanda\u015flar\u0131m\u0131za mevsime uygun bal\u0131klar sunuyoruz. Bu aralar \u00f6zellikle m\u0131rm\u0131r ve mezgit \u00e7ok reva\u00e7ta. Burada bal\u0131klar\u0131m\u0131z her zaman en taze halinde. Vatanda\u015flar\u0131m\u0131za en iyi kaliteyi en uygun \u015fekilde sundu\u011fumuz i\u00e7in \u00e7ok mutluyuz. Onlar\u0131n geri d\u00f6n\u00fc\u015fleri ve tavsiyeleri bizim i\u00e7in \u00e7ok \u00f6nemli&#8221; dedi.<\/p>\n<p>Kaynak: www.kanalv.com.tr Haber Sitesinden Al\u0131nm\u0131\u015ft\u0131r.<\/p>","protected":false},"excerpt":{"rendered":"<p>Sabah\u0131n erken saatlerinde Antalya Bal\u0131k\u00e7\u0131 Bar\u0131na\u011f\u0131&#8217;nda ger\u00e7ekle\u015ftirilen mezatta, kalite kontrol\u00fcne tabi tutularak sat\u0131n al\u0131nan deniz \u00fcr\u00fcnleri, so\u011fuklamas\u0131 sabit kalacak \u015fekilde D\u00fcden Park&#8217;a ula\u015ft\u0131r\u0131l\u0131yor. G\u00fcvenli bir ortamda muhafaza edilen taze bal\u0131klar hem sat\u0131\u015fa haz\u0131r hale getiriliyor hem de m\u00fc\u015fterilerin damak zevkine uygun \u015fekilde haz\u0131rlan\u0131p servis ediliyor. \u00c7ok \u00e7e\u015fit uygun fiyat G\u00fcnl\u00fck 400 ila 600 aras\u0131nda misafir a\u011f\u0131rlayan D\u00fcden Bal\u0131k \u00c7ar\u015f\u0131s\u0131&#8217;n\u0131n misafir say\u0131s\u0131 hafta sonlar\u0131 bine kadar \u00e7\u0131k\u0131yor. \u00c7upradan l\u00fcfere, m\u0131rm\u0131rdan mezgite kadar bir\u00e7ok bal\u0131k \u00e7e\u015fidi bulunan D\u00fcden Bal\u0131k \u00c7ar\u015f\u0131s\u0131&#8217;nda kalamar, karides, midye, sar\u0131msakl\u0131 ekmek ve tatl\u0131 gibi \u00e7ok say\u0131da farkl\u0131 \u00fcr\u00fcnler de bulunuyor. D\u00fcden Bal\u0131k \u00c7ar\u015f\u0131s\u0131&#8217;na gelen misafirlerin en \u00e7ok tercih etti\u011fi \u00fcr\u00fcnse me\u015fhur bal\u0131k \u00e7orbas\u0131. Her mevsimin en uygun bal\u0131klar\u0131n\u0131n sat\u0131\u015fa \u00e7\u0131kt\u0131\u011f\u0131 Bal\u0131k \u00c7ar\u015f\u0131s\u0131&#8217;nda, bal\u0131k \u00e7e\u015fitlili\u011fi kadar cazip fiyatlar da b\u00fcy\u00fck dikkat \u00e7ekiyor. Vatanda\u015flar bal\u0131klar\u0131 tezgahtan al\u0131p evine g\u00f6t\u00fcrme imkan\u0131 bulurken, ayn\u0131 zamanda tezgahtan se\u00e7tikleri \u00fcr\u00fcn\u00fc al\u0131p pi\u015firtebiliyor. Misafir memnuniyeti \u00f6n planda Ekda\u011f D\u00fcden Bal\u0131k \u00c7ar\u015f\u0131s\u0131 Salon \u015eefi Aykut B\u00fck\u00e7\u00fco\u011flu, vatanda\u015flar\u0131n tesislerden en mutlu \u015fekilde ayr\u0131lmalar\u0131 i\u00e7in ellerinden geleni yapt\u0131klar\u0131n\u0131 s\u00f6yledi. \u015eef Aykut B\u00fck\u00e7\u00fco\u011flu, &#8220;Her g\u00fcn mezattan al\u0131nan taze bal\u0131klarla m\u00fc\u015fterilerimizi kar\u015f\u0131l\u0131yoruz. So\u011fuk zinciri her zaman korumaya \u00e7al\u0131\u015f\u0131yoruz. Burada vatanda\u015flara hitap eden \u00e7ok say\u0131da bal\u0131k \u00e7e\u015fidimiz var. Vatanda\u015flar\u0131m\u0131za mevsime uygun bal\u0131klar sunuyoruz. Bu aralar \u00f6zellikle m\u0131rm\u0131r ve mezgit \u00e7ok reva\u00e7ta. &hellip;<\/p>","protected":false},"author":4,"featured_media":32711,"comment_status":"open","ping_status":"open","sticky":false,"template":"","format":"standard","meta":{"_acf_changed":false,"footnotes":""},"categories":[26],"tags":[],"class_list":["post-32710","post","type-post","status-publish","format-standard","has-post-thumbnail","hentry","category-antalya"],"acf":[],"yoast_head":"<!-- This site is optimized with the Yoast SEO Premium plugin v26.6 (Yoast SEO v27.1.1) - https:\/\/yoast.com\/product\/yoast-seo-premium-wordpress\/ -->\n<title>Taze ve ekonomik bal\u0131\u011f\u0131n adresi oldu - Av. Deniz Can K\u0131z\u0131l<\/title>\n<meta name=\"robots\" content=\"index, follow, max-snippet:-1, max-image-preview:large, max-video-preview:-1\" \/>\n<link rel=\"canonical\" href=\"https:\/\/denizcankizil.tr\/en\/haberler\/antalya\/taze-ve-ekonomik-baligin-adresi-oldu\/\" \/>\n<meta property=\"og:locale\" content=\"en_GB\" \/>\n<meta property=\"og:type\" content=\"article\" \/>\n<meta property=\"og:title\" content=\"Taze ve ekonomik bal\u0131\u011f\u0131n adresi oldu\" \/>\n<meta property=\"og:description\" content=\"Sabah\u0131n erken saatlerinde Antalya Bal\u0131k\u00e7\u0131 Bar\u0131na\u011f\u0131&#8217;nda ger\u00e7ekle\u015ftirilen mezatta, kalite kontrol\u00fcne tabi tutularak sat\u0131n al\u0131nan deniz \u00fcr\u00fcnleri, so\u011fuklamas\u0131 sabit kalacak \u015fekilde D\u00fcden Park&#8217;a ula\u015ft\u0131r\u0131l\u0131yor. G\u00fcvenli bir ortamda muhafaza edilen taze bal\u0131klar hem sat\u0131\u015fa haz\u0131r hale getiriliyor hem de m\u00fc\u015fterilerin damak zevkine uygun \u015fekilde haz\u0131rlan\u0131p servis ediliyor. \u00c7ok \u00e7e\u015fit uygun fiyat G\u00fcnl\u00fck 400 ila 600 aras\u0131nda misafir a\u011f\u0131rlayan D\u00fcden Bal\u0131k \u00c7ar\u015f\u0131s\u0131&#8217;n\u0131n misafir say\u0131s\u0131 hafta sonlar\u0131 bine kadar \u00e7\u0131k\u0131yor. \u00c7upradan l\u00fcfere, m\u0131rm\u0131rdan mezgite kadar bir\u00e7ok bal\u0131k \u00e7e\u015fidi bulunan D\u00fcden Bal\u0131k \u00c7ar\u015f\u0131s\u0131&#8217;nda kalamar, karides, midye, sar\u0131msakl\u0131 ekmek ve tatl\u0131 gibi \u00e7ok say\u0131da farkl\u0131 \u00fcr\u00fcnler de bulunuyor. D\u00fcden Bal\u0131k \u00c7ar\u015f\u0131s\u0131&#8217;na gelen misafirlerin en \u00e7ok tercih etti\u011fi \u00fcr\u00fcnse me\u015fhur bal\u0131k \u00e7orbas\u0131. Her mevsimin en uygun bal\u0131klar\u0131n\u0131n sat\u0131\u015fa \u00e7\u0131kt\u0131\u011f\u0131 Bal\u0131k \u00c7ar\u015f\u0131s\u0131&#8217;nda, bal\u0131k \u00e7e\u015fitlili\u011fi kadar cazip fiyatlar da b\u00fcy\u00fck dikkat \u00e7ekiyor. Vatanda\u015flar bal\u0131klar\u0131 tezgahtan al\u0131p evine g\u00f6t\u00fcrme imkan\u0131 bulurken, ayn\u0131 zamanda tezgahtan se\u00e7tikleri \u00fcr\u00fcn\u00fc al\u0131p pi\u015firtebiliyor. Misafir memnuniyeti \u00f6n planda Ekda\u011f D\u00fcden Bal\u0131k \u00c7ar\u015f\u0131s\u0131 Salon \u015eefi Aykut B\u00fck\u00e7\u00fco\u011flu, vatanda\u015flar\u0131n tesislerden en mutlu \u015fekilde ayr\u0131lmalar\u0131 i\u00e7in ellerinden geleni yapt\u0131klar\u0131n\u0131 s\u00f6yledi. \u015eef Aykut B\u00fck\u00e7\u00fco\u011flu, &#8220;Her g\u00fcn mezattan al\u0131nan taze bal\u0131klarla m\u00fc\u015fterilerimizi kar\u015f\u0131l\u0131yoruz. So\u011fuk zinciri her zaman korumaya \u00e7al\u0131\u015f\u0131yoruz. Burada vatanda\u015flara hitap eden \u00e7ok say\u0131da bal\u0131k \u00e7e\u015fidimiz var. Vatanda\u015flar\u0131m\u0131za mevsime uygun bal\u0131klar sunuyoruz. Bu aralar \u00f6zellikle m\u0131rm\u0131r ve mezgit \u00e7ok reva\u00e7ta. &hellip;\" \/>\n<meta property=\"og:url\" content=\"https:\/\/denizcankizil.tr\/en\/haberler\/antalya\/taze-ve-ekonomik-baligin-adresi-oldu\/\" \/>\n<meta property=\"og:site_name\" content=\"Av. Deniz Can K\u0131z\u0131l\" \/>\n<meta property=\"article:published_time\" content=\"2025-02-14T10:41:14+00:00\" \/>\n<meta property=\"og:image\" content=\"https:\/\/denizcankizil.tr\/wp-content\/uploads\/2025\/02\/4652-01-g6DmhD.jpeg\" \/>\n\t<meta property=\"og:image:width\" content=\"1280\" \/>\n\t<meta property=\"og:image:height\" content=\"720\" \/>\n\t<meta property=\"og:image:type\" content=\"image\/jpeg\" \/>\n<meta name=\"author\" content=\"Av. Deniz Can K\u0131z\u0131l\" \/>\n<meta name=\"twitter:card\" content=\"summary_large_image\" \/>\n<meta name=\"twitter:label1\" content=\"Written by\" \/>\n\t<meta name=\"twitter:data1\" content=\"Av. Deniz Can K\u0131z\u0131l\" \/>\n\t<meta name=\"twitter:label2\" content=\"Estimated reading time\" \/>\n\t<meta name=\"twitter:data2\" content=\"2 minutes\" \/>\n<script type=\"application\/ld+json\" class=\"yoast-schema-graph\">{\"@context\":\"https:\/\/schema.org\",\"@graph\":[{\"@type\":\"Article\",\"@id\":\"https:\/\/denizcankizil.tr\/en\/haberler\/antalya\/taze-ve-ekonomik-baligin-adresi-oldu\/#article\",\"isPartOf\":{\"@id\":\"https:\/\/denizcankizil.tr\/en\/haberler\/antalya\/taze-ve-ekonomik-baligin-adresi-oldu\/\"},\"author\":{\"name\":\"Av. Deniz Can K\u0131z\u0131l\",\"@id\":\"https:\/\/denizcankizil.tr\/de\/#\/schema\/person\/5dc1b22991bd7ac833867c10afc9b0ff\"},\"headline\":\"Taze ve ekonomik bal\u0131\u011f\u0131n adresi oldu\",\"datePublished\":\"2025-02-14T10:41:14+00:00\",\"mainEntityOfPage\":{\"@id\":\"https:\/\/denizcankizil.tr\/en\/haberler\/antalya\/taze-ve-ekonomik-baligin-adresi-oldu\/\"},\"wordCount\":369,\"commentCount\":0,\"publisher\":{\"@id\":\"https:\/\/denizcankizil.tr\/de\/#organization\"},\"image\":{\"@id\":\"https:\/\/denizcankizil.tr\/en\/haberler\/antalya\/taze-ve-ekonomik-baligin-adresi-oldu\/#primaryimage\"},\"thumbnailUrl\":\"https:\/\/denizcankizil.tr\/wp-content\/uploads\/2025\/02\/4652-01-g6DmhD.jpeg\",\"articleSection\":[\"Antalya\"],\"inLanguage\":\"en-GB\",\"potentialAction\":[{\"@type\":\"CommentAction\",\"name\":\"Comment\",\"target\":[\"https:\/\/denizcankizil.tr\/en\/haberler\/antalya\/taze-ve-ekonomik-baligin-adresi-oldu\/#respond\"]}]},{\"@type\":\"WebPage\",\"@id\":\"https:\/\/denizcankizil.tr\/en\/haberler\/antalya\/taze-ve-ekonomik-baligin-adresi-oldu\/\",\"url\":\"https:\/\/denizcankizil.tr\/en\/haberler\/antalya\/taze-ve-ekonomik-baligin-adresi-oldu\/\",\"name\":\"Taze ve ekonomik bal\u0131\u011f\u0131n adresi oldu - Av. Deniz Can K\u0131z\u0131l\",\"isPartOf\":{\"@id\":\"https:\/\/denizcankizil.tr\/de\/#website\"},\"primaryImageOfPage\":{\"@id\":\"https:\/\/denizcankizil.tr\/en\/haberler\/antalya\/taze-ve-ekonomik-baligin-adresi-oldu\/#primaryimage\"},\"image\":{\"@id\":\"https:\/\/denizcankizil.tr\/en\/haberler\/antalya\/taze-ve-ekonomik-baligin-adresi-oldu\/#primaryimage\"},\"thumbnailUrl\":\"https:\/\/denizcankizil.tr\/wp-content\/uploads\/2025\/02\/4652-01-g6DmhD.jpeg\",\"datePublished\":\"2025-02-14T10:41:14+00:00\",\"breadcrumb\":{\"@id\":\"https:\/\/denizcankizil.tr\/en\/haberler\/antalya\/taze-ve-ekonomik-baligin-adresi-oldu\/#breadcrumb\"},\"inLanguage\":\"en-GB\",\"potentialAction\":[{\"@type\":\"ReadAction\",\"target\":[\"https:\/\/denizcankizil.tr\/en\/haberler\/antalya\/taze-ve-ekonomik-baligin-adresi-oldu\/\"]}]},{\"@type\":\"ImageObject\",\"inLanguage\":\"en-GB\",\"@id\":\"https:\/\/denizcankizil.tr\/en\/haberler\/antalya\/taze-ve-ekonomik-baligin-adresi-oldu\/#primaryimage\",\"url\":\"https:\/\/denizcankizil.tr\/wp-content\/uploads\/2025\/02\/4652-01-g6DmhD.jpeg\",\"contentUrl\":\"https:\/\/denizcankizil.tr\/wp-content\/uploads\/2025\/02\/4652-01-g6DmhD.jpeg\",\"width\":1280,\"height\":720},{\"@type\":\"BreadcrumbList\",\"@id\":\"https:\/\/denizcankizil.tr\/en\/haberler\/antalya\/taze-ve-ekonomik-baligin-adresi-oldu\/#breadcrumb\",\"itemListElement\":[{\"@type\":\"ListItem\",\"position\":1,\"name\":\"Home\",\"item\":\"https:\/\/denizcankizil.tr\/de\/\"},{\"@type\":\"ListItem\",\"position\":2,\"name\":\"Taze ve ekonomik bal\u0131\u011f\u0131n adresi oldu\"}]},{\"@type\":\"WebSite\",\"@id\":\"https:\/\/denizcankizil.tr\/de\/#website\",\"url\":\"https:\/\/denizcankizil.tr\/de\/\",\"name\":\"Av. Deniz Can K\u0131z\u0131l\",\"description\":\"Avukat Deniz Can K\u0131z\u0131l Antalya Barosu\",\"publisher\":{\"@id\":\"https:\/\/denizcankizil.tr\/de\/#organization\"},\"potentialAction\":[{\"@type\":\"SearchAction\",\"target\":{\"@type\":\"EntryPoint\",\"urlTemplate\":\"https:\/\/denizcankizil.tr\/de\/?s={search_term_string}\"},\"query-input\":{\"@type\":\"PropertyValueSpecification\",\"valueRequired\":true,\"valueName\":\"search_term_string\"}}],\"inLanguage\":\"en-GB\"},{\"@type\":\"Organization\",\"@id\":\"https:\/\/denizcankizil.tr\/de\/#organization\",\"name\":\"Av. Deniz Can K\u0131z\u0131l\",\"url\":\"https:\/\/denizcankizil.tr\/de\/\",\"logo\":{\"@type\":\"ImageObject\",\"inLanguage\":\"en-GB\",\"@id\":\"https:\/\/denizcankizil.tr\/de\/#\/schema\/logo\/image\/\",\"url\":\"https:\/\/denizcankizil.tr\/wp-content\/uploads\/2024\/10\/siyah-logo-svg.svg\",\"contentUrl\":\"https:\/\/denizcankizil.tr\/wp-content\/uploads\/2024\/10\/siyah-logo-svg.svg\",\"width\":1080,\"height\":1080,\"caption\":\"Av. Deniz Can K\u0131z\u0131l\"},\"image\":{\"@id\":\"https:\/\/denizcankizil.tr\/de\/#\/schema\/logo\/image\/\"}},{\"@type\":\"Person\",\"@id\":\"https:\/\/denizcankizil.tr\/de\/#\/schema\/person\/5dc1b22991bd7ac833867c10afc9b0ff\",\"name\":\"Av. Deniz Can K\u0131z\u0131l\",\"image\":{\"@type\":\"ImageObject\",\"inLanguage\":\"en-GB\",\"@id\":\"https:\/\/denizcankizil.tr\/de\/#\/schema\/person\/image\/\",\"url\":\"https:\/\/secure.gravatar.com\/avatar\/a0b128fb9855c79efc976d5640eedb31dc35ec297594d6016d2cf7c60e975bb6?s=96&d=mm&r=g\",\"contentUrl\":\"https:\/\/secure.gravatar.com\/avatar\/a0b128fb9855c79efc976d5640eedb31dc35ec297594d6016d2cf7c60e975bb6?s=96&d=mm&r=g\",\"caption\":\"Av. Deniz Can K\u0131z\u0131l\"},\"sameAs\":[\"http:\/\/www.denizcankizil.tr\"],\"url\":\"https:\/\/denizcankizil.tr\/en\/author\/denizcankizil\/\"}]}<\/script>\n<!-- \/ Yoast SEO Premium plugin. -->","yoast_head_json":{"title":"Taze ve ekonomik bal\u0131\u011f\u0131n adresi oldu - Av. Deniz Can K\u0131z\u0131l","robots":{"index":"index","follow":"follow","max-snippet":"max-snippet:-1","max-image-preview":"max-image-preview:large","max-video-preview":"max-video-preview:-1"},"canonical":"https:\/\/denizcankizil.tr\/en\/haberler\/antalya\/taze-ve-ekonomik-baligin-adresi-oldu\/","og_locale":"en_GB","og_type":"article","og_title":"Taze ve ekonomik bal\u0131\u011f\u0131n adresi oldu","og_description":"Sabah\u0131n erken saatlerinde Antalya Bal\u0131k\u00e7\u0131 Bar\u0131na\u011f\u0131&#8217;nda ger\u00e7ekle\u015ftirilen mezatta, kalite kontrol\u00fcne tabi tutularak sat\u0131n al\u0131nan deniz \u00fcr\u00fcnleri, so\u011fuklamas\u0131 sabit kalacak \u015fekilde D\u00fcden Park&#8217;a ula\u015ft\u0131r\u0131l\u0131yor. G\u00fcvenli bir ortamda muhafaza edilen taze bal\u0131klar hem sat\u0131\u015fa haz\u0131r hale getiriliyor hem de m\u00fc\u015fterilerin damak zevkine uygun \u015fekilde haz\u0131rlan\u0131p servis ediliyor. \u00c7ok \u00e7e\u015fit uygun fiyat G\u00fcnl\u00fck 400 ila 600 aras\u0131nda misafir a\u011f\u0131rlayan D\u00fcden Bal\u0131k \u00c7ar\u015f\u0131s\u0131&#8217;n\u0131n misafir say\u0131s\u0131 hafta sonlar\u0131 bine kadar \u00e7\u0131k\u0131yor. \u00c7upradan l\u00fcfere, m\u0131rm\u0131rdan mezgite kadar bir\u00e7ok bal\u0131k \u00e7e\u015fidi bulunan D\u00fcden Bal\u0131k \u00c7ar\u015f\u0131s\u0131&#8217;nda kalamar, karides, midye, sar\u0131msakl\u0131 ekmek ve tatl\u0131 gibi \u00e7ok say\u0131da farkl\u0131 \u00fcr\u00fcnler de bulunuyor. D\u00fcden Bal\u0131k \u00c7ar\u015f\u0131s\u0131&#8217;na gelen misafirlerin en \u00e7ok tercih etti\u011fi \u00fcr\u00fcnse me\u015fhur bal\u0131k \u00e7orbas\u0131. Her mevsimin en uygun bal\u0131klar\u0131n\u0131n sat\u0131\u015fa \u00e7\u0131kt\u0131\u011f\u0131 Bal\u0131k \u00c7ar\u015f\u0131s\u0131&#8217;nda, bal\u0131k \u00e7e\u015fitlili\u011fi kadar cazip fiyatlar da b\u00fcy\u00fck dikkat \u00e7ekiyor. Vatanda\u015flar bal\u0131klar\u0131 tezgahtan al\u0131p evine g\u00f6t\u00fcrme imkan\u0131 bulurken, ayn\u0131 zamanda tezgahtan se\u00e7tikleri \u00fcr\u00fcn\u00fc al\u0131p pi\u015firtebiliyor. Misafir memnuniyeti \u00f6n planda Ekda\u011f D\u00fcden Bal\u0131k \u00c7ar\u015f\u0131s\u0131 Salon \u015eefi Aykut B\u00fck\u00e7\u00fco\u011flu, vatanda\u015flar\u0131n tesislerden en mutlu \u015fekilde ayr\u0131lmalar\u0131 i\u00e7in ellerinden geleni yapt\u0131klar\u0131n\u0131 s\u00f6yledi. \u015eef Aykut B\u00fck\u00e7\u00fco\u011flu, &#8220;Her g\u00fcn mezattan al\u0131nan taze bal\u0131klarla m\u00fc\u015fterilerimizi kar\u015f\u0131l\u0131yoruz. So\u011fuk zinciri her zaman korumaya \u00e7al\u0131\u015f\u0131yoruz. Burada vatanda\u015flara hitap eden \u00e7ok say\u0131da bal\u0131k \u00e7e\u015fidimiz var. Vatanda\u015flar\u0131m\u0131za mevsime uygun bal\u0131klar sunuyoruz. Bu aralar \u00f6zellikle m\u0131rm\u0131r ve mezgit \u00e7ok reva\u00e7ta. &hellip;","og_url":"https:\/\/denizcankizil.tr\/en\/haberler\/antalya\/taze-ve-ekonomik-baligin-adresi-oldu\/","og_site_name":"Av. Deniz Can K\u0131z\u0131l","article_published_time":"2025-02-14T10:41:14+00:00","og_image":[{"width":1280,"height":720,"url":"https:\/\/denizcankizil.tr\/wp-content\/uploads\/2025\/02\/4652-01-g6DmhD.jpeg","type":"image\/jpeg"}],"author":"Av. Deniz Can K\u0131z\u0131l","twitter_card":"summary_large_image","twitter_misc":{"Written by":"Av. Deniz Can K\u0131z\u0131l","Estimated reading time":"2 minutes"},"schema":{"@context":"https:\/\/schema.org","@graph":[{"@type":"Article","@id":"https:\/\/denizcankizil.tr\/en\/haberler\/antalya\/taze-ve-ekonomik-baligin-adresi-oldu\/#article","isPartOf":{"@id":"https:\/\/denizcankizil.tr\/en\/haberler\/antalya\/taze-ve-ekonomik-baligin-adresi-oldu\/"},"author":{"name":"Av. Deniz Can K\u0131z\u0131l","@id":"https:\/\/denizcankizil.tr\/de\/#\/schema\/person\/5dc1b22991bd7ac833867c10afc9b0ff"},"headline":"Taze ve ekonomik bal\u0131\u011f\u0131n adresi oldu","datePublished":"2025-02-14T10:41:14+00:00","mainEntityOfPage":{"@id":"https:\/\/denizcankizil.tr\/en\/haberler\/antalya\/taze-ve-ekonomik-baligin-adresi-oldu\/"},"wordCount":369,"commentCount":0,"publisher":{"@id":"https:\/\/denizcankizil.tr\/de\/#organization"},"image":{"@id":"https:\/\/denizcankizil.tr\/en\/haberler\/antalya\/taze-ve-ekonomik-baligin-adresi-oldu\/#primaryimage"},"thumbnailUrl":"https:\/\/denizcankizil.tr\/wp-content\/uploads\/2025\/02\/4652-01-g6DmhD.jpeg","articleSection":["Antalya"],"inLanguage":"en-GB","potentialAction":[{"@type":"CommentAction","name":"Comment","target":["https:\/\/denizcankizil.tr\/en\/haberler\/antalya\/taze-ve-ekonomik-baligin-adresi-oldu\/#respond"]}]},{"@type":"WebPage","@id":"https:\/\/denizcankizil.tr\/en\/haberler\/antalya\/taze-ve-ekonomik-baligin-adresi-oldu\/","url":"https:\/\/denizcankizil.tr\/en\/haberler\/antalya\/taze-ve-ekonomik-baligin-adresi-oldu\/","name":"Taze ve ekonomik bal\u0131\u011f\u0131n adresi oldu - Av. Deniz Can K\u0131z\u0131l","isPartOf":{"@id":"https:\/\/denizcankizil.tr\/de\/#website"},"primaryImageOfPage":{"@id":"https:\/\/denizcankizil.tr\/en\/haberler\/antalya\/taze-ve-ekonomik-baligin-adresi-oldu\/#primaryimage"},"image":{"@id":"https:\/\/denizcankizil.tr\/en\/haberler\/antalya\/taze-ve-ekonomik-baligin-adresi-oldu\/#primaryimage"},"thumbnailUrl":"https:\/\/denizcankizil.tr\/wp-content\/uploads\/2025\/02\/4652-01-g6DmhD.jpeg","datePublished":"2025-02-14T10:41:14+00:00","breadcrumb":{"@id":"https:\/\/denizcankizil.tr\/en\/haberler\/antalya\/taze-ve-ekonomik-baligin-adresi-oldu\/#breadcrumb"},"inLanguage":"en-GB","potentialAction":[{"@type":"ReadAction","target":["https:\/\/denizcankizil.tr\/en\/haberler\/antalya\/taze-ve-ekonomik-baligin-adresi-oldu\/"]}]},{"@type":"ImageObject","inLanguage":"en-GB","@id":"https:\/\/denizcankizil.tr\/en\/haberler\/antalya\/taze-ve-ekonomik-baligin-adresi-oldu\/#primaryimage","url":"https:\/\/denizcankizil.tr\/wp-content\/uploads\/2025\/02\/4652-01-g6DmhD.jpeg","contentUrl":"https:\/\/denizcankizil.tr\/wp-content\/uploads\/2025\/02\/4652-01-g6DmhD.jpeg","width":1280,"height":720},{"@type":"BreadcrumbList","@id":"https:\/\/denizcankizil.tr\/en\/haberler\/antalya\/taze-ve-ekonomik-baligin-adresi-oldu\/#breadcrumb","itemListElement":[{"@type":"ListItem","position":1,"name":"Home","item":"https:\/\/denizcankizil.tr\/de\/"},{"@type":"ListItem","position":2,"name":"Taze ve ekonomik bal\u0131\u011f\u0131n adresi oldu"}]},{"@type":"WebSite","@id":"https:\/\/denizcankizil.tr\/de\/#website","url":"https:\/\/denizcankizil.tr\/de\/","name":"Av. Deniz Can K\u0131z\u0131l","description":"Avukat Deniz Can K\u0131z\u0131l Antalya Barosu","publisher":{"@id":"https:\/\/denizcankizil.tr\/de\/#organization"},"potentialAction":[{"@type":"SearchAction","target":{"@type":"EntryPoint","urlTemplate":"https:\/\/denizcankizil.tr\/de\/?s={search_term_string}"},"query-input":{"@type":"PropertyValueSpecification","valueRequired":true,"valueName":"search_term_string"}}],"inLanguage":"en-GB"},{"@type":"Organization","@id":"https:\/\/denizcankizil.tr\/de\/#organization","name":"Av. Deniz Can K\u0131z\u0131l","url":"https:\/\/denizcankizil.tr\/de\/","logo":{"@type":"ImageObject","inLanguage":"en-GB","@id":"https:\/\/denizcankizil.tr\/de\/#\/schema\/logo\/image\/","url":"https:\/\/denizcankizil.tr\/wp-content\/uploads\/2024\/10\/siyah-logo-svg.svg","contentUrl":"https:\/\/denizcankizil.tr\/wp-content\/uploads\/2024\/10\/siyah-logo-svg.svg","width":1080,"height":1080,"caption":"Av. Deniz Can K\u0131z\u0131l"},"image":{"@id":"https:\/\/denizcankizil.tr\/de\/#\/schema\/logo\/image\/"}},{"@type":"Person","@id":"https:\/\/denizcankizil.tr\/de\/#\/schema\/person\/5dc1b22991bd7ac833867c10afc9b0ff","name":"Av. Deniz Can K\u0131z\u0131l","image":{"@type":"ImageObject","inLanguage":"en-GB","@id":"https:\/\/denizcankizil.tr\/de\/#\/schema\/person\/image\/","url":"https:\/\/secure.gravatar.com\/avatar\/a0b128fb9855c79efc976d5640eedb31dc35ec297594d6016d2cf7c60e975bb6?s=96&d=mm&r=g","contentUrl":"https:\/\/secure.gravatar.com\/avatar\/a0b128fb9855c79efc976d5640eedb31dc35ec297594d6016d2cf7c60e975bb6?s=96&d=mm&r=g","caption":"Av. Deniz Can K\u0131z\u0131l"},"sameAs":["http:\/\/www.denizcankizil.tr"],"url":"https:\/\/denizcankizil.tr\/en\/author\/denizcankizil\/"}]}},"_links":{"self":[{"href":"https:\/\/denizcankizil.tr\/en\/wp-json\/wp\/v2\/posts\/32710","targetHints":{"allow":["GET"]}}],"collection":[{"href":"https:\/\/denizcankizil.tr\/en\/wp-json\/wp\/v2\/posts"}],"about":[{"href":"https:\/\/denizcankizil.tr\/en\/wp-json\/wp\/v2\/types\/post"}],"author":[{"embeddable":true,"href":"https:\/\/denizcankizil.tr\/en\/wp-json\/wp\/v2\/users\/4"}],"replies":[{"embeddable":true,"href":"https:\/\/denizcankizil.tr\/en\/wp-json\/wp\/v2\/comments?post=32710"}],"version-history":[{"count":0,"href":"https:\/\/denizcankizil.tr\/en\/wp-json\/wp\/v2\/posts\/32710\/revisions"}],"wp:featuredmedia":[{"embeddable":true,"href":"https:\/\/denizcankizil.tr\/en\/wp-json\/wp\/v2\/media\/32711"}],"wp:attachment":[{"href":"https:\/\/denizcankizil.tr\/en\/wp-json\/wp\/v2\/media?parent=32710"}],"wp:term":[{"taxonomy":"category","embeddable":true,"href":"https:\/\/denizcankizil.tr\/en\/wp-json\/wp\/v2\/categories?post=32710"},{"taxonomy":"post_tag","embeddable":true,"href":"https:\/\/denizcankizil.tr\/en\/wp-json\/wp\/v2\/tags?post=32710"}],"curies":[{"name":"wp","href":"https:\/\/api.w.org\/{rel}","templated":true}]}}