{"id":32547,"date":"2025-02-13T15:41:52","date_gmt":"2025-02-13T12:41:52","guid":{"rendered":"https:\/\/denizcankizil.tr\/uncategorized-tr\/lisemiz-sinava-giris-pasaport-vermekten-ciksin\/"},"modified":"2025-02-13T15:41:52","modified_gmt":"2025-02-13T12:41:52","slug":"lisemiz-sinava-giris-pasaport-vermekten-ciksin","status":"publish","type":"post","link":"https:\/\/denizcankizil.tr\/en\/haberler\/gundem\/lisemiz-sinava-giris-pasaport-vermekten-ciksin\/","title":{"rendered":"\u201cLisemiz, S\u0131nava Giri\u015f Pasaport Vermekten \u00c7\u0131ks\u0131n!\u201d"},"content":{"rendered":"<p>2025-2026 E\u011fitim-\u00d6\u011fretim y\u0131l\u0131nda faaliyete ge\u00e7ecek TED \u0130skenderun Koleji\u2019nin tan\u0131t\u0131m toplant\u0131s\u0131nda T\u00fcrkiye&#8217;nin e\u011fitim sistemine dair \u00f6nemli a\u00e7\u0131klamalarda bulundu.<\/p>\n<p>Pehlivano\u011flu, ba\u015far\u0131 anlay\u0131\u015f\u0131n\u0131n de\u011fi\u015fmesi gerekti\u011fini vurgulayarak, ba\u015far\u0131n\u0131n sadece s\u0131nav sonu\u00e7lar\u0131 ile \u00f6l\u00e7\u00fclmesinin yanl\u0131\u015f oldu\u011funu s\u00f6yledi.<\/p>\n<p>TED\u2019in 97 y\u0131ll\u0131k ilkelerine de\u011finen Genel Ba\u015fkan Sel\u00e7uk Pehlivano\u011flu \u015f\u00f6yle devam etti: \u201c\u00c7ocuklar\u0131n\u0131z\u0131n gelece\u011finde l\u00fctfen yuvarla\u011f\u0131n i\u00e7inde ka\u00e7 soruyu cevaplad\u0131klar\u0131na bakmay\u0131n. 21.y\u00fczy\u0131lda mutluluk, ba\u015far\u0131 getirir. Ba\u015far\u0131, saadeti getirir. Saadet kendine \u00f6z g\u00fcvenini getirir. 21. y\u00fczy\u0131lda ele\u015ftirel d\u00fc\u015f\u00fcnceye sahip, iyi bir lisana sahip, T\u00fcrk\u00e7esini iyi \u00f6\u011frenmi\u015f ama sosyal bireyler ba\u015far\u0131l\u0131d\u0131r. Sabanc\u0131 \u00dcniversitesi&#8217;nin y\u0131llar \u00f6nce yapt\u0131\u011f\u0131 ara\u015ft\u0131rmada \u00fcniversite s\u0131nav\u0131n\u0131 ilk 1000&#8217;de kazananlar\u0131n mutluluk endeksi y\u00fczde 28&#8217;dir. Dolay\u0131s\u0131yla biz \u00e7ocuklar\u0131m\u0131z\u0131 yan\u0131nda oturan \u00e7ocukla yar\u0131\u015ft\u0131rmak mecburiyetinde de\u011filiz\u201d \u00a0<\/p>\n<p>L\u0130SEYE GE\u00c7\u0130\u015e SINAVI HEMEN KALDIRILMALI<\/p>\n<p>Bir akademik bilgi seviyesine getirmek mecburiyetinde olduklar\u0131n\u0131 vurgulayan TED Genel Ba\u015fkan Sel\u00e7uk Pehlivano\u011flu \u201cBiz T\u00fcrk E\u011fitim Derne\u011fi olarak liseye ge\u00e7i\u015f s\u0131nav\u0131n\u0131n hemen kald\u0131r\u0131lmas\u0131n\u0131 istiyoruz. Bizim zaman\u0131m\u0131zdaki gibi fen lisesi say\u0131s\u0131n\u0131n azalt\u0131l\u0131p, sosyal bilimler say\u0131s\u0131n\u0131n azalt\u0131l\u0131p ama sosyal bilimler liselerinde T\u00fcrkiye&#8217;nin en iyi edebiyat\u00e7\u0131lar\u0131n ders verdi\u011fi, fen liselerinde ise bilim insanlar\u0131n\u0131n ger\u00e7ekten ders verdi\u011fi T\u00fcrkiye&#8217;nin gelece\u011fini ayd\u0131nlatacak, bireyler yeti\u015ftirecek, T\u00fcrkiye&#8217;yi ta\u015f\u0131yacak bir n\u00fcfus yeti\u015ftirmek mecburiyetinde oldu\u011fumuzu biliyoruz. Biz T\u00fcrk E\u011fitim Derne\u011fi olarak, 11. s\u0131n\u0131fta lise diplomas\u0131 verilmesini istiyoruz. 12. s\u0131n\u0131fta a\u00e7\u0131k \u00f6\u011fretime gitmek isteyen, meslek y\u00fcksekokuluna gitmek isteyen, \u00f6n lisans program\u0131na gitmek isteyen, beceri ile gideceklerin okul ba\u015far\u0131 puan\u0131yla gitmesini istiyoruz. Lisemizin, \u00fcniversite s\u0131nav\u0131na girmek i\u00e7in pasaport vermekten \u00e7\u0131k\u0131p okul olmas\u0131n\u0131 istiyoruz. Okullar\u0131m\u0131z\u0131n merkeze al\u0131p k\u0131ymetli olmas\u0131n\u0131 istiyoruz\u201d diye konu\u015ftu.<\/p>\n<p>\u00d6\u011fretmenlerin her konuda ba\u015f tac\u0131 edilece\u011fi bir konuma getirilmesinin zaruri oldu\u011funu dile getiren Genel Ba\u015fkan Pehlivano\u011flu, \u201cSistemi, dershane mant\u0131\u011f\u0131ndan uzakla\u015f\u0131lmas\u0131n\u0131 istiyoruz. Bizim istedi\u011fimiz, \u00f6\u011fretmenin ba\u015f tac\u0131 edildi\u011fi, imkanlarla en iyi imkanlara kavu\u015fturuldu\u011fu ama \u00f6\u011fretmenin de haklar\u0131n\u0131n yan\u0131nda sorumluluklar\u0131n\u0131 bildi\u011fi, bir milletin evlatlar\u0131n\u0131n en b\u00fcy\u00fck anayasal hakk\u0131n\u0131n \u00f6\u011frenme hakk\u0131 oldu\u011fu, bilincinde oldu\u011fudur. Maalesef son \u00f6\u011fretmen meslek kanununda iki tane madde kurulda koydurmu\u015ftum. Bir tanesi kanun metnine girmemi\u015fti. Birincisi \u00f6zel okul \u00f6\u011fretmenlerine br\u00fct en d\u00fc\u015f\u00fck maa\u015f\u0131n verilmesiydi. \u0130kincisi ise \u00f6\u011fretmenlik yapma niteli\u011finde olmayanlar\u0131n ba\u015fka bir devlet memurlu\u011funa kayd\u0131r\u0131lmas\u0131yd\u0131. Maalesef ikinci madde de t\u00fcm siyasi partilerin ittifak\u0131yla kanun teklifinden \u00e7\u0131kar\u0131ld\u0131\u201d \u015feklinde konu\u015ftu.<\/p>\n<p>TED\u2019DE AYRI\u015eTIRMA OLMAZ<\/p>\n<p>T\u00fcrk E\u011fitim Derne\u011fi olarak insanlar\u0131 annelerinin ba\u015f\u0131 kapal\u0131 m\u0131, a\u00e7\u0131k m\u0131 diye s\u0131n\u0131fland\u0131rmad\u0131klar\u0131n\u0131n alt\u0131n\u0131 \u00e7izen Genel Ba\u015fkan Pehlivano\u011flu, \u015funlar\u0131 kaydetti: \u201cBiz T\u00fcrk E\u011fitim Derne\u011fi olarak insanlar\u0131 \u00fclkenin neresinde do\u011fdu diye ayr\u0131la\u015ft\u0131rmay\u0131z. Bizim tek bir \u015fart\u0131m\u0131z var. \u00dclkeni, bayra\u011f\u0131n\u0131, topra\u011f\u0131n\u0131, insan\u0131n\u0131 seveceksin. Sevmeyenin de bu topraklarda i\u015f olmad\u0131\u011f\u0131n\u0131 inan\u0131r\u0131z. Biz bir okul de\u011filiz. E\u011fer burada veli adaylar\u0131n\u0131z varsa siz \u00e7ocuklar\u0131n\u0131z\u0131 bir okula vermeyeceksiniz. Bir sivil toplum \u00f6rg\u00fct\u00fcne vereceksiniz. Biz her yerde var\u0131z. \u015eu anda T\u00fcrkiye B\u00fcy\u00fck Millet Meclisi&#8217;nde velimiz veya mezunumuz olan 39 tane milletvekilimiz var. Her partiden milletvekilimiz var. Biz \u015fu anda 300 bin ki\u015filik bir aileyiz. Biz T\u00fcrkiye&#8217;nin gelece\u011fi i\u00e7in elimizden gelen her \u015feyi yap\u0131yoruz ve 1 lira bile devletimizden alm\u0131yoruz. Devletimiz paras\u0131n\u0131 devletin okullar\u0131na harcamas\u0131n\u0131 istiyoruz. Biz hepimiz bu \u00fclkenin gelece\u011fi i\u00e7in m\u00fccadele etmek \u00f6zverisindeyiz. Bizim i\u00e7in esas olan nedir? Bu vatan\u0131n gelece\u011findeki \u00e7ocuklar\u0131m\u0131za ayd\u0131nl\u0131k bir gelecek sa\u011flamakt\u0131r. Bizim simgemiz g\u00f6rd\u00fc\u011f\u00fcn\u00fcz me\u015faledir. Bizim me\u015falemizin di\u011fer me\u015falelerden tek bir fark\u0131d\u0131r. B\u00fct\u00fcn me\u015faleler petrol \u00fcr\u00fcn\u00fcyle yanar, bizimki ise g\u00f6n\u00fcl ya\u011f\u0131yla yanar\u201d<\/p>\n<p>\u200bCumhurba\u015fkanl\u0131\u011f\u0131 E\u011fitim ve \u00d6\u011fretim Politikalar\u0131 Kurulu \u00dcyesi ve T\u00fcrk E\u011fitim Derne\u011fi (TED) Genel Ba\u015fkan\u0131 Sel\u00e7uk Pehlivano\u011flu, \u201cLisemizin, \u00fcniversite s\u0131nav\u0131na girmek i\u00e7in pasaport vermekten \u00e7\u0131k\u0131p okul olmas\u0131n\u0131 istiyoruz\u201d dedi.\u00a0<\/p>\n<p>\u200bHaberin Al\u0131nt\u0131land\u0131\u011f\u0131 Kaynak: www.iskenderun.org<\/p>","protected":false},"excerpt":{"rendered":"<p>2025-2026 E\u011fitim-\u00d6\u011fretim y\u0131l\u0131nda faaliyete ge\u00e7ecek TED \u0130skenderun Koleji\u2019nin tan\u0131t\u0131m toplant\u0131s\u0131nda T\u00fcrkiye&#8217;nin e\u011fitim sistemine dair \u00f6nemli a\u00e7\u0131klamalarda bulundu. Pehlivano\u011flu, ba\u015far\u0131 anlay\u0131\u015f\u0131n\u0131n de\u011fi\u015fmesi gerekti\u011fini vurgulayarak, ba\u015far\u0131n\u0131n sadece s\u0131nav sonu\u00e7lar\u0131 ile \u00f6l\u00e7\u00fclmesinin yanl\u0131\u015f oldu\u011funu s\u00f6yledi. TED\u2019in 97 y\u0131ll\u0131k ilkelerine de\u011finen Genel Ba\u015fkan Sel\u00e7uk Pehlivano\u011flu \u015f\u00f6yle devam etti: \u201c\u00c7ocuklar\u0131n\u0131z\u0131n gelece\u011finde l\u00fctfen yuvarla\u011f\u0131n i\u00e7inde ka\u00e7 soruyu cevaplad\u0131klar\u0131na bakmay\u0131n. 21.y\u00fczy\u0131lda mutluluk, ba\u015far\u0131 getirir. Ba\u015far\u0131, saadeti getirir. Saadet kendine \u00f6z g\u00fcvenini getirir. 21. y\u00fczy\u0131lda ele\u015ftirel d\u00fc\u015f\u00fcnceye sahip, iyi bir lisana sahip, T\u00fcrk\u00e7esini iyi \u00f6\u011frenmi\u015f ama sosyal bireyler ba\u015far\u0131l\u0131d\u0131r. Sabanc\u0131 \u00dcniversitesi&#8217;nin y\u0131llar \u00f6nce yapt\u0131\u011f\u0131 ara\u015ft\u0131rmada \u00fcniversite s\u0131nav\u0131n\u0131 ilk 1000&#8217;de kazananlar\u0131n mutluluk endeksi y\u00fczde 28&#8217;dir. Dolay\u0131s\u0131yla biz \u00e7ocuklar\u0131m\u0131z\u0131 yan\u0131nda oturan \u00e7ocukla yar\u0131\u015ft\u0131rmak mecburiyetinde de\u011filiz\u201d \u00a0 L\u0130SEYE GE\u00c7\u0130\u015e SINAVI HEMEN KALDIRILMALI Bir akademik bilgi seviyesine getirmek mecburiyetinde olduklar\u0131n\u0131 vurgulayan TED Genel Ba\u015fkan Sel\u00e7uk Pehlivano\u011flu \u201cBiz T\u00fcrk E\u011fitim Derne\u011fi olarak liseye ge\u00e7i\u015f s\u0131nav\u0131n\u0131n hemen kald\u0131r\u0131lmas\u0131n\u0131 istiyoruz. Bizim zaman\u0131m\u0131zdaki gibi fen lisesi say\u0131s\u0131n\u0131n azalt\u0131l\u0131p, sosyal bilimler say\u0131s\u0131n\u0131n azalt\u0131l\u0131p ama sosyal bilimler liselerinde T\u00fcrkiye&#8217;nin en iyi edebiyat\u00e7\u0131lar\u0131n ders verdi\u011fi, fen liselerinde ise bilim insanlar\u0131n\u0131n ger\u00e7ekten ders verdi\u011fi T\u00fcrkiye&#8217;nin gelece\u011fini ayd\u0131nlatacak, bireyler yeti\u015ftirecek, T\u00fcrkiye&#8217;yi ta\u015f\u0131yacak bir n\u00fcfus yeti\u015ftirmek mecburiyetinde oldu\u011fumuzu biliyoruz. Biz T\u00fcrk E\u011fitim Derne\u011fi olarak, 11. s\u0131n\u0131fta lise diplomas\u0131 verilmesini istiyoruz. 12. s\u0131n\u0131fta a\u00e7\u0131k \u00f6\u011fretime gitmek isteyen, meslek y\u00fcksekokuluna gitmek isteyen, \u00f6n lisans &hellip;<\/p>","protected":false},"author":1,"featured_media":0,"comment_status":"open","ping_status":"open","sticky":false,"template":"","format":"standard","meta":{"_acf_changed":false,"footnotes":""},"categories":[24],"tags":[],"class_list":["post-32547","post","type-post","status-publish","format-standard","has-post-thumbnail","hentry","category-gundem"],"acf":[],"yoast_head":"<!-- This site is optimized with the Yoast SEO Premium plugin v26.6 (Yoast SEO v27.1.1) - https:\/\/yoast.com\/product\/yoast-seo-premium-wordpress\/ -->\n<title>\u201cLisemiz, S\u0131nava Giri\u015f Pasaport Vermekten \u00c7\u0131ks\u0131n!\u201d - Av. Deniz Can K\u0131z\u0131l<\/title>\n<meta name=\"robots\" content=\"index, follow, max-snippet:-1, max-image-preview:large, max-video-preview:-1\" \/>\n<link rel=\"canonical\" href=\"https:\/\/denizcankizil.tr\/en\/haberler\/gundem\/lisemiz-sinava-giris-pasaport-vermekten-ciksin\/\" \/>\n<meta property=\"og:locale\" content=\"en_GB\" \/>\n<meta property=\"og:type\" content=\"article\" \/>\n<meta property=\"og:title\" content=\"\u201cLisemiz, S\u0131nava Giri\u015f Pasaport Vermekten \u00c7\u0131ks\u0131n!\u201d\" \/>\n<meta property=\"og:description\" content=\"2025-2026 E\u011fitim-\u00d6\u011fretim y\u0131l\u0131nda faaliyete ge\u00e7ecek TED \u0130skenderun Koleji\u2019nin tan\u0131t\u0131m toplant\u0131s\u0131nda T\u00fcrkiye&#8217;nin e\u011fitim sistemine dair \u00f6nemli a\u00e7\u0131klamalarda bulundu. Pehlivano\u011flu, ba\u015far\u0131 anlay\u0131\u015f\u0131n\u0131n de\u011fi\u015fmesi gerekti\u011fini vurgulayarak, ba\u015far\u0131n\u0131n sadece s\u0131nav sonu\u00e7lar\u0131 ile \u00f6l\u00e7\u00fclmesinin yanl\u0131\u015f oldu\u011funu s\u00f6yledi. TED\u2019in 97 y\u0131ll\u0131k ilkelerine de\u011finen Genel Ba\u015fkan Sel\u00e7uk Pehlivano\u011flu \u015f\u00f6yle devam etti: \u201c\u00c7ocuklar\u0131n\u0131z\u0131n gelece\u011finde l\u00fctfen yuvarla\u011f\u0131n i\u00e7inde ka\u00e7 soruyu cevaplad\u0131klar\u0131na bakmay\u0131n. 21.y\u00fczy\u0131lda mutluluk, ba\u015far\u0131 getirir. Ba\u015far\u0131, saadeti getirir. Saadet kendine \u00f6z g\u00fcvenini getirir. 21. y\u00fczy\u0131lda ele\u015ftirel d\u00fc\u015f\u00fcnceye sahip, iyi bir lisana sahip, T\u00fcrk\u00e7esini iyi \u00f6\u011frenmi\u015f ama sosyal bireyler ba\u015far\u0131l\u0131d\u0131r. Sabanc\u0131 \u00dcniversitesi&#8217;nin y\u0131llar \u00f6nce yapt\u0131\u011f\u0131 ara\u015ft\u0131rmada \u00fcniversite s\u0131nav\u0131n\u0131 ilk 1000&#8217;de kazananlar\u0131n mutluluk endeksi y\u00fczde 28&#8217;dir. Dolay\u0131s\u0131yla biz \u00e7ocuklar\u0131m\u0131z\u0131 yan\u0131nda oturan \u00e7ocukla yar\u0131\u015ft\u0131rmak mecburiyetinde de\u011filiz\u201d \u00a0 L\u0130SEYE GE\u00c7\u0130\u015e SINAVI HEMEN KALDIRILMALI Bir akademik bilgi seviyesine getirmek mecburiyetinde olduklar\u0131n\u0131 vurgulayan TED Genel Ba\u015fkan Sel\u00e7uk Pehlivano\u011flu \u201cBiz T\u00fcrk E\u011fitim Derne\u011fi olarak liseye ge\u00e7i\u015f s\u0131nav\u0131n\u0131n hemen kald\u0131r\u0131lmas\u0131n\u0131 istiyoruz. Bizim zaman\u0131m\u0131zdaki gibi fen lisesi say\u0131s\u0131n\u0131n azalt\u0131l\u0131p, sosyal bilimler say\u0131s\u0131n\u0131n azalt\u0131l\u0131p ama sosyal bilimler liselerinde T\u00fcrkiye&#8217;nin en iyi edebiyat\u00e7\u0131lar\u0131n ders verdi\u011fi, fen liselerinde ise bilim insanlar\u0131n\u0131n ger\u00e7ekten ders verdi\u011fi T\u00fcrkiye&#8217;nin gelece\u011fini ayd\u0131nlatacak, bireyler yeti\u015ftirecek, T\u00fcrkiye&#8217;yi ta\u015f\u0131yacak bir n\u00fcfus yeti\u015ftirmek mecburiyetinde oldu\u011fumuzu biliyoruz. Biz T\u00fcrk E\u011fitim Derne\u011fi olarak, 11. s\u0131n\u0131fta lise diplomas\u0131 verilmesini istiyoruz. 12. s\u0131n\u0131fta a\u00e7\u0131k \u00f6\u011fretime gitmek isteyen, meslek y\u00fcksekokuluna gitmek isteyen, \u00f6n lisans &hellip;\" \/>\n<meta property=\"og:url\" content=\"https:\/\/denizcankizil.tr\/en\/haberler\/gundem\/lisemiz-sinava-giris-pasaport-vermekten-ciksin\/\" \/>\n<meta property=\"og:site_name\" content=\"Av. Deniz Can K\u0131z\u0131l\" \/>\n<meta property=\"article:published_time\" content=\"2025-02-13T12:41:52+00:00\" \/>\n<meta name=\"author\" content=\"admin\" \/>\n<meta name=\"twitter:card\" content=\"summary_large_image\" \/>\n<meta name=\"twitter:label1\" content=\"Written by\" \/>\n\t<meta name=\"twitter:data1\" content=\"admin\" \/>\n\t<meta name=\"twitter:label2\" content=\"Estimated reading time\" \/>\n\t<meta name=\"twitter:data2\" content=\"4 minutes\" \/>\n<script type=\"application\/ld+json\" class=\"yoast-schema-graph\">{\"@context\":\"https:\/\/schema.org\",\"@graph\":[{\"@type\":\"Article\",\"@id\":\"https:\/\/denizcankizil.tr\/en\/haberler\/gundem\/lisemiz-sinava-giris-pasaport-vermekten-ciksin\/#article\",\"isPartOf\":{\"@id\":\"https:\/\/denizcankizil.tr\/en\/haberler\/gundem\/lisemiz-sinava-giris-pasaport-vermekten-ciksin\/\"},\"author\":{\"name\":\"admin\",\"@id\":\"https:\/\/denizcankizil.tr\/de\/#\/schema\/person\/be3c05fe6a12686905512445d8185489\"},\"headline\":\"\u201cLisemiz, S\u0131nava Giri\u015f Pasaport Vermekten \u00c7\u0131ks\u0131n!\u201d\",\"datePublished\":\"2025-02-13T12:41:52+00:00\",\"mainEntityOfPage\":{\"@id\":\"https:\/\/denizcankizil.tr\/en\/haberler\/gundem\/lisemiz-sinava-giris-pasaport-vermekten-ciksin\/\"},\"wordCount\":813,\"commentCount\":0,\"publisher\":{\"@id\":\"https:\/\/denizcankizil.tr\/de\/#organization\"},\"articleSection\":[\"G\u00fcndem\"],\"inLanguage\":\"en-GB\",\"potentialAction\":[{\"@type\":\"CommentAction\",\"name\":\"Comment\",\"target\":[\"https:\/\/denizcankizil.tr\/en\/haberler\/gundem\/lisemiz-sinava-giris-pasaport-vermekten-ciksin\/#respond\"]}]},{\"@type\":\"WebPage\",\"@id\":\"https:\/\/denizcankizil.tr\/en\/haberler\/gundem\/lisemiz-sinava-giris-pasaport-vermekten-ciksin\/\",\"url\":\"https:\/\/denizcankizil.tr\/en\/haberler\/gundem\/lisemiz-sinava-giris-pasaport-vermekten-ciksin\/\",\"name\":\"\u201cLisemiz, S\u0131nava Giri\u015f Pasaport Vermekten \u00c7\u0131ks\u0131n!\u201d - Av. Deniz Can K\u0131z\u0131l\",\"isPartOf\":{\"@id\":\"https:\/\/denizcankizil.tr\/de\/#website\"},\"datePublished\":\"2025-02-13T12:41:52+00:00\",\"breadcrumb\":{\"@id\":\"https:\/\/denizcankizil.tr\/en\/haberler\/gundem\/lisemiz-sinava-giris-pasaport-vermekten-ciksin\/#breadcrumb\"},\"inLanguage\":\"en-GB\",\"potentialAction\":[{\"@type\":\"ReadAction\",\"target\":[\"https:\/\/denizcankizil.tr\/en\/haberler\/gundem\/lisemiz-sinava-giris-pasaport-vermekten-ciksin\/\"]}]},{\"@type\":\"BreadcrumbList\",\"@id\":\"https:\/\/denizcankizil.tr\/en\/haberler\/gundem\/lisemiz-sinava-giris-pasaport-vermekten-ciksin\/#breadcrumb\",\"itemListElement\":[{\"@type\":\"ListItem\",\"position\":1,\"name\":\"Home\",\"item\":\"https:\/\/denizcankizil.tr\/de\/\"},{\"@type\":\"ListItem\",\"position\":2,\"name\":\"\u201cLisemiz, S\u0131nava Giri\u015f Pasaport Vermekten \u00c7\u0131ks\u0131n!\u201d\"}]},{\"@type\":\"WebSite\",\"@id\":\"https:\/\/denizcankizil.tr\/de\/#website\",\"url\":\"https:\/\/denizcankizil.tr\/de\/\",\"name\":\"Av. Deniz Can K\u0131z\u0131l\",\"description\":\"Avukat Deniz Can K\u0131z\u0131l Antalya Barosu\",\"publisher\":{\"@id\":\"https:\/\/denizcankizil.tr\/de\/#organization\"},\"potentialAction\":[{\"@type\":\"SearchAction\",\"target\":{\"@type\":\"EntryPoint\",\"urlTemplate\":\"https:\/\/denizcankizil.tr\/de\/?s={search_term_string}\"},\"query-input\":{\"@type\":\"PropertyValueSpecification\",\"valueRequired\":true,\"valueName\":\"search_term_string\"}}],\"inLanguage\":\"en-GB\"},{\"@type\":\"Organization\",\"@id\":\"https:\/\/denizcankizil.tr\/de\/#organization\",\"name\":\"Av. Deniz Can K\u0131z\u0131l\",\"url\":\"https:\/\/denizcankizil.tr\/de\/\",\"logo\":{\"@type\":\"ImageObject\",\"inLanguage\":\"en-GB\",\"@id\":\"https:\/\/denizcankizil.tr\/de\/#\/schema\/logo\/image\/\",\"url\":\"https:\/\/denizcankizil.tr\/wp-content\/uploads\/2024\/10\/siyah-logo-svg.svg\",\"contentUrl\":\"https:\/\/denizcankizil.tr\/wp-content\/uploads\/2024\/10\/siyah-logo-svg.svg\",\"width\":1080,\"height\":1080,\"caption\":\"Av. Deniz Can K\u0131z\u0131l\"},\"image\":{\"@id\":\"https:\/\/denizcankizil.tr\/de\/#\/schema\/logo\/image\/\"}},{\"@type\":\"Person\",\"@id\":\"https:\/\/denizcankizil.tr\/de\/#\/schema\/person\/be3c05fe6a12686905512445d8185489\",\"name\":\"admin\",\"image\":{\"@type\":\"ImageObject\",\"inLanguage\":\"en-GB\",\"@id\":\"https:\/\/denizcankizil.tr\/de\/#\/schema\/person\/image\/\",\"url\":\"https:\/\/secure.gravatar.com\/avatar\/c1fce94c830dc79107e174f890d7210541c4a63e8e5d816341794a2151c9d58c?s=96&d=mm&r=g\",\"contentUrl\":\"https:\/\/secure.gravatar.com\/avatar\/c1fce94c830dc79107e174f890d7210541c4a63e8e5d816341794a2151c9d58c?s=96&d=mm&r=g\",\"caption\":\"admin\"},\"sameAs\":[\"http:\/\/denizcankizil.tr\"],\"url\":\"https:\/\/www.iskenderun.org\/lisemiz-sinava-giris-pasaport-vermekten-ciksin\"}]}<\/script>\n<!-- \/ Yoast SEO Premium plugin. -->","yoast_head_json":{"title":"\u201cLisemiz, S\u0131nava Giri\u015f Pasaport Vermekten \u00c7\u0131ks\u0131n!\u201d - Av. Deniz Can K\u0131z\u0131l","robots":{"index":"index","follow":"follow","max-snippet":"max-snippet:-1","max-image-preview":"max-image-preview:large","max-video-preview":"max-video-preview:-1"},"canonical":"https:\/\/denizcankizil.tr\/en\/haberler\/gundem\/lisemiz-sinava-giris-pasaport-vermekten-ciksin\/","og_locale":"en_GB","og_type":"article","og_title":"\u201cLisemiz, S\u0131nava Giri\u015f Pasaport Vermekten \u00c7\u0131ks\u0131n!\u201d","og_description":"2025-2026 E\u011fitim-\u00d6\u011fretim y\u0131l\u0131nda faaliyete ge\u00e7ecek TED \u0130skenderun Koleji\u2019nin tan\u0131t\u0131m toplant\u0131s\u0131nda T\u00fcrkiye&#8217;nin e\u011fitim sistemine dair \u00f6nemli a\u00e7\u0131klamalarda bulundu. Pehlivano\u011flu, ba\u015far\u0131 anlay\u0131\u015f\u0131n\u0131n de\u011fi\u015fmesi gerekti\u011fini vurgulayarak, ba\u015far\u0131n\u0131n sadece s\u0131nav sonu\u00e7lar\u0131 ile \u00f6l\u00e7\u00fclmesinin yanl\u0131\u015f oldu\u011funu s\u00f6yledi. TED\u2019in 97 y\u0131ll\u0131k ilkelerine de\u011finen Genel Ba\u015fkan Sel\u00e7uk Pehlivano\u011flu \u015f\u00f6yle devam etti: \u201c\u00c7ocuklar\u0131n\u0131z\u0131n gelece\u011finde l\u00fctfen yuvarla\u011f\u0131n i\u00e7inde ka\u00e7 soruyu cevaplad\u0131klar\u0131na bakmay\u0131n. 21.y\u00fczy\u0131lda mutluluk, ba\u015far\u0131 getirir. Ba\u015far\u0131, saadeti getirir. Saadet kendine \u00f6z g\u00fcvenini getirir. 21. y\u00fczy\u0131lda ele\u015ftirel d\u00fc\u015f\u00fcnceye sahip, iyi bir lisana sahip, T\u00fcrk\u00e7esini iyi \u00f6\u011frenmi\u015f ama sosyal bireyler ba\u015far\u0131l\u0131d\u0131r. Sabanc\u0131 \u00dcniversitesi&#8217;nin y\u0131llar \u00f6nce yapt\u0131\u011f\u0131 ara\u015ft\u0131rmada \u00fcniversite s\u0131nav\u0131n\u0131 ilk 1000&#8217;de kazananlar\u0131n mutluluk endeksi y\u00fczde 28&#8217;dir. Dolay\u0131s\u0131yla biz \u00e7ocuklar\u0131m\u0131z\u0131 yan\u0131nda oturan \u00e7ocukla yar\u0131\u015ft\u0131rmak mecburiyetinde de\u011filiz\u201d \u00a0 L\u0130SEYE GE\u00c7\u0130\u015e SINAVI HEMEN KALDIRILMALI Bir akademik bilgi seviyesine getirmek mecburiyetinde olduklar\u0131n\u0131 vurgulayan TED Genel Ba\u015fkan Sel\u00e7uk Pehlivano\u011flu \u201cBiz T\u00fcrk E\u011fitim Derne\u011fi olarak liseye ge\u00e7i\u015f s\u0131nav\u0131n\u0131n hemen kald\u0131r\u0131lmas\u0131n\u0131 istiyoruz. Bizim zaman\u0131m\u0131zdaki gibi fen lisesi say\u0131s\u0131n\u0131n azalt\u0131l\u0131p, sosyal bilimler say\u0131s\u0131n\u0131n azalt\u0131l\u0131p ama sosyal bilimler liselerinde T\u00fcrkiye&#8217;nin en iyi edebiyat\u00e7\u0131lar\u0131n ders verdi\u011fi, fen liselerinde ise bilim insanlar\u0131n\u0131n ger\u00e7ekten ders verdi\u011fi T\u00fcrkiye&#8217;nin gelece\u011fini ayd\u0131nlatacak, bireyler yeti\u015ftirecek, T\u00fcrkiye&#8217;yi ta\u015f\u0131yacak bir n\u00fcfus yeti\u015ftirmek mecburiyetinde oldu\u011fumuzu biliyoruz. Biz T\u00fcrk E\u011fitim Derne\u011fi olarak, 11. s\u0131n\u0131fta lise diplomas\u0131 verilmesini istiyoruz. 12. s\u0131n\u0131fta a\u00e7\u0131k \u00f6\u011fretime gitmek isteyen, meslek y\u00fcksekokuluna gitmek isteyen, \u00f6n lisans &hellip;","og_url":"https:\/\/denizcankizil.tr\/en\/haberler\/gundem\/lisemiz-sinava-giris-pasaport-vermekten-ciksin\/","og_site_name":"Av. Deniz Can K\u0131z\u0131l","article_published_time":"2025-02-13T12:41:52+00:00","author":"admin","twitter_card":"summary_large_image","twitter_misc":{"Written by":"admin","Estimated reading time":"4 minutes"},"schema":{"@context":"https:\/\/schema.org","@graph":[{"@type":"Article","@id":"https:\/\/denizcankizil.tr\/en\/haberler\/gundem\/lisemiz-sinava-giris-pasaport-vermekten-ciksin\/#article","isPartOf":{"@id":"https:\/\/denizcankizil.tr\/en\/haberler\/gundem\/lisemiz-sinava-giris-pasaport-vermekten-ciksin\/"},"author":{"name":"admin","@id":"https:\/\/denizcankizil.tr\/de\/#\/schema\/person\/be3c05fe6a12686905512445d8185489"},"headline":"\u201cLisemiz, S\u0131nava Giri\u015f Pasaport Vermekten \u00c7\u0131ks\u0131n!\u201d","datePublished":"2025-02-13T12:41:52+00:00","mainEntityOfPage":{"@id":"https:\/\/denizcankizil.tr\/en\/haberler\/gundem\/lisemiz-sinava-giris-pasaport-vermekten-ciksin\/"},"wordCount":813,"commentCount":0,"publisher":{"@id":"https:\/\/denizcankizil.tr\/de\/#organization"},"articleSection":["G\u00fcndem"],"inLanguage":"en-GB","potentialAction":[{"@type":"CommentAction","name":"Comment","target":["https:\/\/denizcankizil.tr\/en\/haberler\/gundem\/lisemiz-sinava-giris-pasaport-vermekten-ciksin\/#respond"]}]},{"@type":"WebPage","@id":"https:\/\/denizcankizil.tr\/en\/haberler\/gundem\/lisemiz-sinava-giris-pasaport-vermekten-ciksin\/","url":"https:\/\/denizcankizil.tr\/en\/haberler\/gundem\/lisemiz-sinava-giris-pasaport-vermekten-ciksin\/","name":"\u201cLisemiz, S\u0131nava Giri\u015f Pasaport Vermekten \u00c7\u0131ks\u0131n!\u201d - Av. Deniz Can K\u0131z\u0131l","isPartOf":{"@id":"https:\/\/denizcankizil.tr\/de\/#website"},"datePublished":"2025-02-13T12:41:52+00:00","breadcrumb":{"@id":"https:\/\/denizcankizil.tr\/en\/haberler\/gundem\/lisemiz-sinava-giris-pasaport-vermekten-ciksin\/#breadcrumb"},"inLanguage":"en-GB","potentialAction":[{"@type":"ReadAction","target":["https:\/\/denizcankizil.tr\/en\/haberler\/gundem\/lisemiz-sinava-giris-pasaport-vermekten-ciksin\/"]}]},{"@type":"BreadcrumbList","@id":"https:\/\/denizcankizil.tr\/en\/haberler\/gundem\/lisemiz-sinava-giris-pasaport-vermekten-ciksin\/#breadcrumb","itemListElement":[{"@type":"ListItem","position":1,"name":"Home","item":"https:\/\/denizcankizil.tr\/de\/"},{"@type":"ListItem","position":2,"name":"\u201cLisemiz, S\u0131nava Giri\u015f Pasaport Vermekten \u00c7\u0131ks\u0131n!\u201d"}]},{"@type":"WebSite","@id":"https:\/\/denizcankizil.tr\/de\/#website","url":"https:\/\/denizcankizil.tr\/de\/","name":"Av. Deniz Can K\u0131z\u0131l","description":"Avukat Deniz Can K\u0131z\u0131l Antalya Barosu","publisher":{"@id":"https:\/\/denizcankizil.tr\/de\/#organization"},"potentialAction":[{"@type":"SearchAction","target":{"@type":"EntryPoint","urlTemplate":"https:\/\/denizcankizil.tr\/de\/?s={search_term_string}"},"query-input":{"@type":"PropertyValueSpecification","valueRequired":true,"valueName":"search_term_string"}}],"inLanguage":"en-GB"},{"@type":"Organization","@id":"https:\/\/denizcankizil.tr\/de\/#organization","name":"Av. Deniz Can K\u0131z\u0131l","url":"https:\/\/denizcankizil.tr\/de\/","logo":{"@type":"ImageObject","inLanguage":"en-GB","@id":"https:\/\/denizcankizil.tr\/de\/#\/schema\/logo\/image\/","url":"https:\/\/denizcankizil.tr\/wp-content\/uploads\/2024\/10\/siyah-logo-svg.svg","contentUrl":"https:\/\/denizcankizil.tr\/wp-content\/uploads\/2024\/10\/siyah-logo-svg.svg","width":1080,"height":1080,"caption":"Av. Deniz Can K\u0131z\u0131l"},"image":{"@id":"https:\/\/denizcankizil.tr\/de\/#\/schema\/logo\/image\/"}},{"@type":"Person","@id":"https:\/\/denizcankizil.tr\/de\/#\/schema\/person\/be3c05fe6a12686905512445d8185489","name":"admin","image":{"@type":"ImageObject","inLanguage":"en-GB","@id":"https:\/\/denizcankizil.tr\/de\/#\/schema\/person\/image\/","url":"https:\/\/secure.gravatar.com\/avatar\/c1fce94c830dc79107e174f890d7210541c4a63e8e5d816341794a2151c9d58c?s=96&d=mm&r=g","contentUrl":"https:\/\/secure.gravatar.com\/avatar\/c1fce94c830dc79107e174f890d7210541c4a63e8e5d816341794a2151c9d58c?s=96&d=mm&r=g","caption":"admin"},"sameAs":["http:\/\/denizcankizil.tr"],"url":"https:\/\/www.iskenderun.org\/lisemiz-sinava-giris-pasaport-vermekten-ciksin"}]}},"_links":{"self":[{"href":"https:\/\/denizcankizil.tr\/en\/wp-json\/wp\/v2\/posts\/32547","targetHints":{"allow":["GET"]}}],"collection":[{"href":"https:\/\/denizcankizil.tr\/en\/wp-json\/wp\/v2\/posts"}],"about":[{"href":"https:\/\/denizcankizil.tr\/en\/wp-json\/wp\/v2\/types\/post"}],"author":[{"embeddable":true,"href":"https:\/\/denizcankizil.tr\/en\/wp-json\/wp\/v2\/users\/1"}],"replies":[{"embeddable":true,"href":"https:\/\/denizcankizil.tr\/en\/wp-json\/wp\/v2\/comments?post=32547"}],"version-history":[{"count":0,"href":"https:\/\/denizcankizil.tr\/en\/wp-json\/wp\/v2\/posts\/32547\/revisions"}],"wp:attachment":[{"href":"https:\/\/denizcankizil.tr\/en\/wp-json\/wp\/v2\/media?parent=32547"}],"wp:term":[{"taxonomy":"category","embeddable":true,"href":"https:\/\/denizcankizil.tr\/en\/wp-json\/wp\/v2\/categories?post=32547"},{"taxonomy":"post_tag","embeddable":true,"href":"https:\/\/denizcankizil.tr\/en\/wp-json\/wp\/v2\/tags?post=32547"}],"curies":[{"name":"wp","href":"https:\/\/api.w.org\/{rel}","templated":true}]}}