{"id":32309,"date":"2025-02-12T17:42:01","date_gmt":"2025-02-12T14:42:01","guid":{"rendered":"https:\/\/denizcankizil.tr\/uncategorized-tr\/talat-fer-yeni-duzenlemeler-bayileri-zorluyor\/"},"modified":"2025-02-12T17:42:01","modified_gmt":"2025-02-12T14:42:01","slug":"talat-fer-yeni-duzenlemeler-bayileri-zorluyor","status":"publish","type":"post","link":"https:\/\/denizcankizil.tr\/en\/haberler\/gundem\/talat-fer-yeni-duzenlemeler-bayileri-zorluyor\/","title":{"rendered":"Talat Fer: \u201cYeni D\u00fczenlemeler Bayileri Zorluyor\u201d"},"content":{"rendered":"<p>A\u00e7\u0131klamas\u0131nda, ikinci el ara\u00e7 fiyatlar\u0131n\u0131n s\u0131f\u0131r ara\u00e7 fiyatlar\u0131na yakla\u015fmas\u0131n\u0131n ciddi bir sorun te\u015fkil etti\u011fini vurgulayan Fer \u201cTicaret Bakanl\u0131\u011f\u0131\u2019n\u0131n getirdi\u011fi yeni y\u00f6netmelikler, ikinci el ara\u00e7 fiyatlar\u0131ndaki bu fahi\u015f art\u0131\u015f\u0131 engellemeye y\u00f6nelik olmas\u0131na ra\u011fmen, bu d\u00fczenlemelerin yetersiz kald\u0131. \u0130kinci el ara\u00e7 fiyatlar\u0131n\u0131n s\u0131f\u0131r ara\u00e7lar\u0131 ge\u00e7memesi gerekiyor. Bu alanda daha g\u00fc\u00e7l\u00fc denetimler ve d\u00fczenlemeler yap\u0131lmas\u0131 gerekiyor.<\/p>\n<p>DENET\u0130MLER ARTIRILMALI VE BO\u015eLUKLAR KAPATILMALI<\/p>\n<p>Fer, sekt\u00f6rdeki a\u00e7\u0131kl\u0131klar\u0131 dile getirerek, y\u00f6netmeliklerdeki bo\u015fluklar\u0131n giderilmesi gerekti\u011fini s\u00f6yledi. Yeni d\u00fczenlemelerin daha etkin bir \u015fekilde uygulanabilmesi i\u00e7in denetimlerin art\u0131r\u0131lmas\u0131 gerekti\u011fini belirten Fer, \u015fu \u015fekilde konu\u015ftu:<\/p>\n<p>\u201cY\u00f6netmeliklerdeki baz\u0131 bo\u015fluklar, sekt\u00f6rdeki sorunlar\u0131 \u00e7\u00f6zmek yerine daha da derinle\u015ftiriyor. \u0130kinci el ara\u00e7 fiyatlar\u0131n\u0131n s\u0131f\u0131r ara\u00e7 fiyatlar\u0131na yakla\u015fmas\u0131, ancak y\u00f6netmelikteki bu bo\u015fluklar ortadan kald\u0131r\u0131larak \u00e7\u00f6z\u00fclebilir. Denetimlerin art\u0131r\u0131lmas\u0131, d\u00fczenlemelerin daha etkili hale gelmesini sa\u011flayacakt\u0131r.\u201d<\/p>\n<p>TRAF\u0130K S\u0130GORTASI ZORUNLULU\u011eU SIKINTI YARATIYOR<\/p>\n<p>Otomotiv sekt\u00f6r\u00fcndeki bir di\u011fer b\u00fcy\u00fck s\u0131k\u0131nt\u0131n\u0131n ise ara\u00e7lar\u0131n trafik sigortalar\u0131n\u0131n zorunlu tutulmas\u0131 oldu\u011funa dikkat \u00e7eken Fer \u201c\u00d6zellikle bayilerin, ellerinde bulunan ara\u00e7lar\u0131 sat\u0131\u015fa \u00e7\u0131karmadan \u00f6nce trafik sigortalar\u0131n\u0131 yapt\u0131rmak zorunda kal\u0131yoruz. Uygulaman\u0131n sekt\u00f6rdeki bir\u00e7ok otomotiv firmas\u0131 i\u00e7in ciddi maliyetler yarat\u0131yor. Stoklar\u0131m\u0131zda \u015fu anda 320 arac\u0131m\u0131z var. Ancak yaln\u0131zca bizim de\u011fil, bir\u00e7ok otomotiv firmas\u0131 da ara\u00e7lar\u0131n\u0131 sigortalatmak zorunda kal\u0131yor. Bu durum, bayilere b\u00fcy\u00fck bir finansal y\u00fck getiriyor. Bir ara\u00e7 bazen bir g\u00fcnde sat\u0131labilirken, bazen aylarca sat\u0131lmayabiliyor. Bu durumda, trafik sigortas\u0131n\u0131 yapt\u0131rmak bir y\u00fck haline geliyor\u201d \u015feklinde konu\u015ftu.<\/p>\n<p>SATI\u015e YAPILAMAYAN ARA\u00c7LAR VE NOTER\u2019DE SATI\u015e PROBLEM\u0130<\/p>\n<p>Y\u00f6netim Kurulu Ba\u015fkan\u0131 Fer, bayi sahiplerinin kar\u015f\u0131la\u015ft\u0131\u011f\u0131 bir di\u011fer zorlu\u011fun, sat\u0131\u015f\u0131 ger\u00e7ekle\u015fmemi\u015f ara\u00e7lar\u0131n noter huzurunda sat\u0131\u015f yapma zorunlulu\u011fu oldu\u011funu ifade etti. Sekt\u00f6rdeki bayi sahiplerinin ara\u00e7 al\u0131m sat\u0131m\u0131 yaparken b\u00fcy\u00fck cezalarla kar\u015f\u0131 kar\u015f\u0131ya kald\u0131klar\u0131n\u0131 belirten Fer, \u201cBizler bayi sahipleri olarak, ara\u00e7lar\u0131 al\u0131p satma konusunda esnekli\u011fe sahip olmam\u0131z gerekir. Ancak \u015fu anki y\u00f6netmelikler nedeniyle, ara\u00e7lar\u0131 noter huzurunda satmak zorunda kal\u0131yoruz. Bu da bizi b\u00fcy\u00fck cezalarla kar\u015f\u0131 kar\u015f\u0131ya b\u0131rak\u0131yor\u201d dedi.<\/p>\n<p>Fer, Ticaret Bakanl\u0131\u011f\u0131\u2019n\u0131n, ikinci el ara\u00e7 fiyatlar\u0131n\u0131 s\u0131f\u0131r ara\u00e7 fiyatlar\u0131n\u0131n \u00fczerine \u00e7\u0131kmamas\u0131 gerekti\u011fi y\u00f6n\u00fcnde bir d\u00fczenleme getirdi\u011fini, ancak bu d\u00fczenlemenin hem t\u00fcketiciyi korumak amac\u0131yla yap\u0131ld\u0131\u011f\u0131 hem de bayilere ve otomotiv firmalar\u0131na zarar verdi\u011fi bir durum yaratt\u0131\u011f\u0131n\u0131 dile getirerek \u015f\u00f6yle devam etti:<\/p>\n<p>\u201cYeni d\u00fczenleme, asl\u0131nda t\u00fcketiciyi koruma amac\u0131n\u0131 ta\u015f\u0131yor, fakat bayiler ve otomotiv firmalar\u0131 a\u00e7\u0131s\u0131ndan zararl\u0131 sonu\u00e7lar do\u011furuyor. Hem ikinci el ara\u00e7 fiyatlar\u0131n\u0131n s\u0131f\u0131r ara\u00e7 fiyatlar\u0131n\u0131 ge\u00e7memesi gerekti\u011fi y\u00f6n\u00fcndeki d\u00fczenleme hem de trafik sigortas\u0131 zorunlulu\u011fu, otomotiv sekt\u00f6r\u00fcndeki akt\u00f6rleri olumsuz etkiliyor.\u201d<\/p>\n<p>YEN\u0130 D\u00dcZENLEMELER GEREK\u0130YOR<\/p>\n<p>Talat Fer, sekt\u00f6r\u00fcn i\u00e7inde bulundu\u011fu bu zorlu d\u00f6nemin, yeni d\u00fczenlemelerle a\u015f\u0131labilece\u011fini dile getirerek \u201cBayilerin ve otomotiv firmalar\u0131n\u0131n ya\u015fad\u0131\u011f\u0131 s\u0131k\u0131nt\u0131lar, yaln\u0131zca t\u00fcketici haklar\u0131n\u0131 koruyacak \u015fekilde yeniden yap\u0131land\u0131r\u0131labilecek d\u00fczenlemelerle \u00e7\u00f6z\u00fclebilir. Bu denetimlerin ve d\u00fczenlemelerin, hem t\u00fcketiciyi koruyacak hem de sekt\u00f6rdeki bayileri olumsuz etkilemeyecek \u015fekilde yeniden yap\u0131land\u0131r\u0131lmas\u0131 gerekti\u011fine inan\u0131yorum\u201d diye ekledi.<\/p>\n<p>\u200bFer \u015eirketler Grubu Y\u00f6netim Kurulu Ba\u015fkan\u0131 Talat Fer, Ticaret Bakanl\u0131\u011f\u0131 taraf\u0131ndan getirilen yeni y\u00f6netmeliklerin, \u00f6zellikle ikinci el ara\u00e7 fiyatlar\u0131ndaki a\u015f\u0131r\u0131 art\u0131\u015f\u0131 ve trafik sigortas\u0131 zorunlulu\u011funu tam anlam\u0131yla \u00e7\u00f6zmedi\u011fini belirtti. Otomotiv sekt\u00f6r\u00fcnde ya\u015fanan s\u0131k\u0131nt\u0131lara dikkat \u00e7eken Fer, denetimlerin art\u0131r\u0131lmas\u0131 ve baz\u0131 d\u00fczenlemelerin g\u00f6zden ge\u00e7irilmesi gerekti\u011fini ifade etti.\u00a0<\/p>\n<p>\u200bHaberin Al\u0131nt\u0131land\u0131\u011f\u0131 Kaynak: www.iskenderun.org<\/p>","protected":false},"excerpt":{"rendered":"<p>A\u00e7\u0131klamas\u0131nda, ikinci el ara\u00e7 fiyatlar\u0131n\u0131n s\u0131f\u0131r ara\u00e7 fiyatlar\u0131na yakla\u015fmas\u0131n\u0131n ciddi bir sorun te\u015fkil etti\u011fini vurgulayan Fer \u201cTicaret Bakanl\u0131\u011f\u0131\u2019n\u0131n getirdi\u011fi yeni y\u00f6netmelikler, ikinci el ara\u00e7 fiyatlar\u0131ndaki bu fahi\u015f art\u0131\u015f\u0131 engellemeye y\u00f6nelik olmas\u0131na ra\u011fmen, bu d\u00fczenlemelerin yetersiz kald\u0131. \u0130kinci el ara\u00e7 fiyatlar\u0131n\u0131n s\u0131f\u0131r ara\u00e7lar\u0131 ge\u00e7memesi gerekiyor. Bu alanda daha g\u00fc\u00e7l\u00fc denetimler ve d\u00fczenlemeler yap\u0131lmas\u0131 gerekiyor. DENET\u0130MLER ARTIRILMALI VE BO\u015eLUKLAR KAPATILMALI Fer, sekt\u00f6rdeki a\u00e7\u0131kl\u0131klar\u0131 dile getirerek, y\u00f6netmeliklerdeki bo\u015fluklar\u0131n giderilmesi gerekti\u011fini s\u00f6yledi. Yeni d\u00fczenlemelerin daha etkin bir \u015fekilde uygulanabilmesi i\u00e7in denetimlerin art\u0131r\u0131lmas\u0131 gerekti\u011fini belirten Fer, \u015fu \u015fekilde konu\u015ftu: \u201cY\u00f6netmeliklerdeki baz\u0131 bo\u015fluklar, sekt\u00f6rdeki sorunlar\u0131 \u00e7\u00f6zmek yerine daha da derinle\u015ftiriyor. \u0130kinci el ara\u00e7 fiyatlar\u0131n\u0131n s\u0131f\u0131r ara\u00e7 fiyatlar\u0131na yakla\u015fmas\u0131, ancak y\u00f6netmelikteki bu bo\u015fluklar ortadan kald\u0131r\u0131larak \u00e7\u00f6z\u00fclebilir. Denetimlerin art\u0131r\u0131lmas\u0131, d\u00fczenlemelerin daha etkili hale gelmesini sa\u011flayacakt\u0131r.\u201d TRAF\u0130K S\u0130GORTASI ZORUNLULU\u011eU SIKINTI YARATIYOR Otomotiv sekt\u00f6r\u00fcndeki bir di\u011fer b\u00fcy\u00fck s\u0131k\u0131nt\u0131n\u0131n ise ara\u00e7lar\u0131n trafik sigortalar\u0131n\u0131n zorunlu tutulmas\u0131 oldu\u011funa dikkat \u00e7eken Fer \u201c\u00d6zellikle bayilerin, ellerinde bulunan ara\u00e7lar\u0131 sat\u0131\u015fa \u00e7\u0131karmadan \u00f6nce trafik sigortalar\u0131n\u0131 yapt\u0131rmak zorunda kal\u0131yoruz. Uygulaman\u0131n sekt\u00f6rdeki bir\u00e7ok otomotiv firmas\u0131 i\u00e7in ciddi maliyetler yarat\u0131yor. Stoklar\u0131m\u0131zda \u015fu anda 320 arac\u0131m\u0131z var. Ancak yaln\u0131zca bizim de\u011fil, bir\u00e7ok otomotiv firmas\u0131 da ara\u00e7lar\u0131n\u0131 sigortalatmak zorunda kal\u0131yor. Bu durum, bayilere b\u00fcy\u00fck bir finansal y\u00fck getiriyor. Bir ara\u00e7 bazen bir g\u00fcnde sat\u0131labilirken, bazen aylarca sat\u0131lmayabiliyor. Bu durumda, trafik sigortas\u0131n\u0131 yapt\u0131rmak &hellip;<\/p>","protected":false},"author":1,"featured_media":0,"comment_status":"open","ping_status":"open","sticky":false,"template":"","format":"standard","meta":{"_acf_changed":false,"footnotes":""},"categories":[24],"tags":[],"class_list":["post-32309","post","type-post","status-publish","format-standard","has-post-thumbnail","hentry","category-gundem"],"acf":[],"yoast_head":"<!-- This site is optimized with the Yoast SEO Premium plugin v26.6 (Yoast SEO v27.1.1) - https:\/\/yoast.com\/product\/yoast-seo-premium-wordpress\/ -->\n<title>Talat Fer: \u201cYeni D\u00fczenlemeler Bayileri Zorluyor\u201d - Av. Deniz Can K\u0131z\u0131l<\/title>\n<meta name=\"robots\" content=\"index, follow, max-snippet:-1, max-image-preview:large, max-video-preview:-1\" \/>\n<link rel=\"canonical\" href=\"http:\/\/denizcankizil.tr\/en\/haberler\/gundem\/talat-fer-yeni-duzenlemeler-bayileri-zorluyor\/\" \/>\n<meta property=\"og:locale\" content=\"en_GB\" \/>\n<meta property=\"og:type\" content=\"article\" \/>\n<meta property=\"og:title\" content=\"Talat Fer: \u201cYeni D\u00fczenlemeler Bayileri Zorluyor\u201d\" \/>\n<meta property=\"og:description\" content=\"A\u00e7\u0131klamas\u0131nda, ikinci el ara\u00e7 fiyatlar\u0131n\u0131n s\u0131f\u0131r ara\u00e7 fiyatlar\u0131na yakla\u015fmas\u0131n\u0131n ciddi bir sorun te\u015fkil etti\u011fini vurgulayan Fer \u201cTicaret Bakanl\u0131\u011f\u0131\u2019n\u0131n getirdi\u011fi yeni y\u00f6netmelikler, ikinci el ara\u00e7 fiyatlar\u0131ndaki bu fahi\u015f art\u0131\u015f\u0131 engellemeye y\u00f6nelik olmas\u0131na ra\u011fmen, bu d\u00fczenlemelerin yetersiz kald\u0131. \u0130kinci el ara\u00e7 fiyatlar\u0131n\u0131n s\u0131f\u0131r ara\u00e7lar\u0131 ge\u00e7memesi gerekiyor. Bu alanda daha g\u00fc\u00e7l\u00fc denetimler ve d\u00fczenlemeler yap\u0131lmas\u0131 gerekiyor. DENET\u0130MLER ARTIRILMALI VE BO\u015eLUKLAR KAPATILMALI Fer, sekt\u00f6rdeki a\u00e7\u0131kl\u0131klar\u0131 dile getirerek, y\u00f6netmeliklerdeki bo\u015fluklar\u0131n giderilmesi gerekti\u011fini s\u00f6yledi. Yeni d\u00fczenlemelerin daha etkin bir \u015fekilde uygulanabilmesi i\u00e7in denetimlerin art\u0131r\u0131lmas\u0131 gerekti\u011fini belirten Fer, \u015fu \u015fekilde konu\u015ftu: \u201cY\u00f6netmeliklerdeki baz\u0131 bo\u015fluklar, sekt\u00f6rdeki sorunlar\u0131 \u00e7\u00f6zmek yerine daha da derinle\u015ftiriyor. \u0130kinci el ara\u00e7 fiyatlar\u0131n\u0131n s\u0131f\u0131r ara\u00e7 fiyatlar\u0131na yakla\u015fmas\u0131, ancak y\u00f6netmelikteki bu bo\u015fluklar ortadan kald\u0131r\u0131larak \u00e7\u00f6z\u00fclebilir. Denetimlerin art\u0131r\u0131lmas\u0131, d\u00fczenlemelerin daha etkili hale gelmesini sa\u011flayacakt\u0131r.\u201d TRAF\u0130K S\u0130GORTASI ZORUNLULU\u011eU SIKINTI YARATIYOR Otomotiv sekt\u00f6r\u00fcndeki bir di\u011fer b\u00fcy\u00fck s\u0131k\u0131nt\u0131n\u0131n ise ara\u00e7lar\u0131n trafik sigortalar\u0131n\u0131n zorunlu tutulmas\u0131 oldu\u011funa dikkat \u00e7eken Fer \u201c\u00d6zellikle bayilerin, ellerinde bulunan ara\u00e7lar\u0131 sat\u0131\u015fa \u00e7\u0131karmadan \u00f6nce trafik sigortalar\u0131n\u0131 yapt\u0131rmak zorunda kal\u0131yoruz. Uygulaman\u0131n sekt\u00f6rdeki bir\u00e7ok otomotiv firmas\u0131 i\u00e7in ciddi maliyetler yarat\u0131yor. Stoklar\u0131m\u0131zda \u015fu anda 320 arac\u0131m\u0131z var. Ancak yaln\u0131zca bizim de\u011fil, bir\u00e7ok otomotiv firmas\u0131 da ara\u00e7lar\u0131n\u0131 sigortalatmak zorunda kal\u0131yor. Bu durum, bayilere b\u00fcy\u00fck bir finansal y\u00fck getiriyor. Bir ara\u00e7 bazen bir g\u00fcnde sat\u0131labilirken, bazen aylarca sat\u0131lmayabiliyor. Bu durumda, trafik sigortas\u0131n\u0131 yapt\u0131rmak &hellip;\" \/>\n<meta property=\"og:url\" content=\"http:\/\/denizcankizil.tr\/en\/haberler\/gundem\/talat-fer-yeni-duzenlemeler-bayileri-zorluyor\/\" \/>\n<meta property=\"og:site_name\" content=\"Av. Deniz Can K\u0131z\u0131l\" \/>\n<meta property=\"article:published_time\" content=\"2025-02-12T14:42:01+00:00\" \/>\n<meta name=\"author\" content=\"admin\" \/>\n<meta name=\"twitter:card\" content=\"summary_large_image\" \/>\n<meta name=\"twitter:label1\" content=\"Written by\" \/>\n\t<meta name=\"twitter:data1\" content=\"admin\" \/>\n\t<meta name=\"twitter:label2\" content=\"Estimated reading time\" \/>\n\t<meta name=\"twitter:data2\" content=\"4 minutes\" \/>\n<script type=\"application\/ld+json\" class=\"yoast-schema-graph\">{\"@context\":\"https:\/\/schema.org\",\"@graph\":[{\"@type\":\"Article\",\"@id\":\"http:\/\/denizcankizil.tr\/ru\/haberler\/gundem\/talat-fer-yeni-duzenlemeler-bayileri-zorluyor\/#article\",\"isPartOf\":{\"@id\":\"http:\/\/denizcankizil.tr\/ru\/haberler\/gundem\/talat-fer-yeni-duzenlemeler-bayileri-zorluyor\/\"},\"author\":{\"name\":\"admin\",\"@id\":\"https:\/\/denizcankizil.tr\/de\/#\/schema\/person\/be3c05fe6a12686905512445d8185489\"},\"headline\":\"Talat Fer: \u201cYeni D\u00fczenlemeler Bayileri Zorluyor\u201d\",\"datePublished\":\"2025-02-12T14:42:01+00:00\",\"mainEntityOfPage\":{\"@id\":\"http:\/\/denizcankizil.tr\/ru\/haberler\/gundem\/talat-fer-yeni-duzenlemeler-bayileri-zorluyor\/\"},\"wordCount\":712,\"commentCount\":0,\"publisher\":{\"@id\":\"https:\/\/denizcankizil.tr\/de\/#organization\"},\"articleSection\":[\"G\u00fcndem\"],\"inLanguage\":\"en-GB\",\"potentialAction\":[{\"@type\":\"CommentAction\",\"name\":\"Comment\",\"target\":[\"http:\/\/denizcankizil.tr\/ru\/haberler\/gundem\/talat-fer-yeni-duzenlemeler-bayileri-zorluyor\/#respond\"]}]},{\"@type\":\"WebPage\",\"@id\":\"http:\/\/denizcankizil.tr\/ru\/haberler\/gundem\/talat-fer-yeni-duzenlemeler-bayileri-zorluyor\/\",\"url\":\"http:\/\/denizcankizil.tr\/ru\/haberler\/gundem\/talat-fer-yeni-duzenlemeler-bayileri-zorluyor\/\",\"name\":\"Talat Fer: \u201cYeni D\u00fczenlemeler Bayileri Zorluyor\u201d - Av. Deniz Can K\u0131z\u0131l\",\"isPartOf\":{\"@id\":\"https:\/\/denizcankizil.tr\/de\/#website\"},\"datePublished\":\"2025-02-12T14:42:01+00:00\",\"breadcrumb\":{\"@id\":\"http:\/\/denizcankizil.tr\/ru\/haberler\/gundem\/talat-fer-yeni-duzenlemeler-bayileri-zorluyor\/#breadcrumb\"},\"inLanguage\":\"en-GB\",\"potentialAction\":[{\"@type\":\"ReadAction\",\"target\":[\"http:\/\/denizcankizil.tr\/ru\/haberler\/gundem\/talat-fer-yeni-duzenlemeler-bayileri-zorluyor\/\"]}]},{\"@type\":\"BreadcrumbList\",\"@id\":\"http:\/\/denizcankizil.tr\/ru\/haberler\/gundem\/talat-fer-yeni-duzenlemeler-bayileri-zorluyor\/#breadcrumb\",\"itemListElement\":[{\"@type\":\"ListItem\",\"position\":1,\"name\":\"Home\",\"item\":\"https:\/\/denizcankizil.tr\/de\/\"},{\"@type\":\"ListItem\",\"position\":2,\"name\":\"Talat Fer: \u201cYeni D\u00fczenlemeler Bayileri Zorluyor\u201d\"}]},{\"@type\":\"WebSite\",\"@id\":\"https:\/\/denizcankizil.tr\/de\/#website\",\"url\":\"https:\/\/denizcankizil.tr\/de\/\",\"name\":\"Av. Deniz Can K\u0131z\u0131l\",\"description\":\"Avukat Deniz Can K\u0131z\u0131l Antalya Barosu\",\"publisher\":{\"@id\":\"https:\/\/denizcankizil.tr\/de\/#organization\"},\"potentialAction\":[{\"@type\":\"SearchAction\",\"target\":{\"@type\":\"EntryPoint\",\"urlTemplate\":\"https:\/\/denizcankizil.tr\/de\/?s={search_term_string}\"},\"query-input\":{\"@type\":\"PropertyValueSpecification\",\"valueRequired\":true,\"valueName\":\"search_term_string\"}}],\"inLanguage\":\"en-GB\"},{\"@type\":\"Organization\",\"@id\":\"https:\/\/denizcankizil.tr\/de\/#organization\",\"name\":\"Av. Deniz Can K\u0131z\u0131l\",\"url\":\"https:\/\/denizcankizil.tr\/de\/\",\"logo\":{\"@type\":\"ImageObject\",\"inLanguage\":\"en-GB\",\"@id\":\"https:\/\/denizcankizil.tr\/de\/#\/schema\/logo\/image\/\",\"url\":\"https:\/\/denizcankizil.tr\/wp-content\/uploads\/2024\/10\/siyah-logo-svg.svg\",\"contentUrl\":\"https:\/\/denizcankizil.tr\/wp-content\/uploads\/2024\/10\/siyah-logo-svg.svg\",\"width\":1080,\"height\":1080,\"caption\":\"Av. Deniz Can K\u0131z\u0131l\"},\"image\":{\"@id\":\"https:\/\/denizcankizil.tr\/de\/#\/schema\/logo\/image\/\"}},{\"@type\":\"Person\",\"@id\":\"https:\/\/denizcankizil.tr\/de\/#\/schema\/person\/be3c05fe6a12686905512445d8185489\",\"name\":\"admin\",\"image\":{\"@type\":\"ImageObject\",\"inLanguage\":\"en-GB\",\"@id\":\"https:\/\/denizcankizil.tr\/de\/#\/schema\/person\/image\/\",\"url\":\"https:\/\/secure.gravatar.com\/avatar\/c1fce94c830dc79107e174f890d7210541c4a63e8e5d816341794a2151c9d58c?s=96&d=mm&r=g\",\"contentUrl\":\"https:\/\/secure.gravatar.com\/avatar\/c1fce94c830dc79107e174f890d7210541c4a63e8e5d816341794a2151c9d58c?s=96&d=mm&r=g\",\"caption\":\"admin\"},\"sameAs\":[\"http:\/\/denizcankizil.tr\"],\"url\":\"https:\/\/www.iskenderun.org\/talat-fer-yeni-duzenlemeler-bayileri-zorluyor\"}]}<\/script>\n<!-- \/ Yoast SEO Premium plugin. -->","yoast_head_json":{"title":"Talat Fer: \u201cYeni D\u00fczenlemeler Bayileri Zorluyor\u201d - Av. Deniz Can K\u0131z\u0131l","robots":{"index":"index","follow":"follow","max-snippet":"max-snippet:-1","max-image-preview":"max-image-preview:large","max-video-preview":"max-video-preview:-1"},"canonical":"http:\/\/denizcankizil.tr\/en\/haberler\/gundem\/talat-fer-yeni-duzenlemeler-bayileri-zorluyor\/","og_locale":"en_GB","og_type":"article","og_title":"Talat Fer: \u201cYeni D\u00fczenlemeler Bayileri Zorluyor\u201d","og_description":"A\u00e7\u0131klamas\u0131nda, ikinci el ara\u00e7 fiyatlar\u0131n\u0131n s\u0131f\u0131r ara\u00e7 fiyatlar\u0131na yakla\u015fmas\u0131n\u0131n ciddi bir sorun te\u015fkil etti\u011fini vurgulayan Fer \u201cTicaret Bakanl\u0131\u011f\u0131\u2019n\u0131n getirdi\u011fi yeni y\u00f6netmelikler, ikinci el ara\u00e7 fiyatlar\u0131ndaki bu fahi\u015f art\u0131\u015f\u0131 engellemeye y\u00f6nelik olmas\u0131na ra\u011fmen, bu d\u00fczenlemelerin yetersiz kald\u0131. \u0130kinci el ara\u00e7 fiyatlar\u0131n\u0131n s\u0131f\u0131r ara\u00e7lar\u0131 ge\u00e7memesi gerekiyor. Bu alanda daha g\u00fc\u00e7l\u00fc denetimler ve d\u00fczenlemeler yap\u0131lmas\u0131 gerekiyor. DENET\u0130MLER ARTIRILMALI VE BO\u015eLUKLAR KAPATILMALI Fer, sekt\u00f6rdeki a\u00e7\u0131kl\u0131klar\u0131 dile getirerek, y\u00f6netmeliklerdeki bo\u015fluklar\u0131n giderilmesi gerekti\u011fini s\u00f6yledi. Yeni d\u00fczenlemelerin daha etkin bir \u015fekilde uygulanabilmesi i\u00e7in denetimlerin art\u0131r\u0131lmas\u0131 gerekti\u011fini belirten Fer, \u015fu \u015fekilde konu\u015ftu: \u201cY\u00f6netmeliklerdeki baz\u0131 bo\u015fluklar, sekt\u00f6rdeki sorunlar\u0131 \u00e7\u00f6zmek yerine daha da derinle\u015ftiriyor. \u0130kinci el ara\u00e7 fiyatlar\u0131n\u0131n s\u0131f\u0131r ara\u00e7 fiyatlar\u0131na yakla\u015fmas\u0131, ancak y\u00f6netmelikteki bu bo\u015fluklar ortadan kald\u0131r\u0131larak \u00e7\u00f6z\u00fclebilir. Denetimlerin art\u0131r\u0131lmas\u0131, d\u00fczenlemelerin daha etkili hale gelmesini sa\u011flayacakt\u0131r.\u201d TRAF\u0130K S\u0130GORTASI ZORUNLULU\u011eU SIKINTI YARATIYOR Otomotiv sekt\u00f6r\u00fcndeki bir di\u011fer b\u00fcy\u00fck s\u0131k\u0131nt\u0131n\u0131n ise ara\u00e7lar\u0131n trafik sigortalar\u0131n\u0131n zorunlu tutulmas\u0131 oldu\u011funa dikkat \u00e7eken Fer \u201c\u00d6zellikle bayilerin, ellerinde bulunan ara\u00e7lar\u0131 sat\u0131\u015fa \u00e7\u0131karmadan \u00f6nce trafik sigortalar\u0131n\u0131 yapt\u0131rmak zorunda kal\u0131yoruz. Uygulaman\u0131n sekt\u00f6rdeki bir\u00e7ok otomotiv firmas\u0131 i\u00e7in ciddi maliyetler yarat\u0131yor. Stoklar\u0131m\u0131zda \u015fu anda 320 arac\u0131m\u0131z var. Ancak yaln\u0131zca bizim de\u011fil, bir\u00e7ok otomotiv firmas\u0131 da ara\u00e7lar\u0131n\u0131 sigortalatmak zorunda kal\u0131yor. Bu durum, bayilere b\u00fcy\u00fck bir finansal y\u00fck getiriyor. Bir ara\u00e7 bazen bir g\u00fcnde sat\u0131labilirken, bazen aylarca sat\u0131lmayabiliyor. Bu durumda, trafik sigortas\u0131n\u0131 yapt\u0131rmak &hellip;","og_url":"http:\/\/denizcankizil.tr\/en\/haberler\/gundem\/talat-fer-yeni-duzenlemeler-bayileri-zorluyor\/","og_site_name":"Av. Deniz Can K\u0131z\u0131l","article_published_time":"2025-02-12T14:42:01+00:00","author":"admin","twitter_card":"summary_large_image","twitter_misc":{"Written by":"admin","Estimated reading time":"4 minutes"},"schema":{"@context":"https:\/\/schema.org","@graph":[{"@type":"Article","@id":"http:\/\/denizcankizil.tr\/ru\/haberler\/gundem\/talat-fer-yeni-duzenlemeler-bayileri-zorluyor\/#article","isPartOf":{"@id":"http:\/\/denizcankizil.tr\/ru\/haberler\/gundem\/talat-fer-yeni-duzenlemeler-bayileri-zorluyor\/"},"author":{"name":"admin","@id":"https:\/\/denizcankizil.tr\/de\/#\/schema\/person\/be3c05fe6a12686905512445d8185489"},"headline":"Talat Fer: \u201cYeni D\u00fczenlemeler Bayileri Zorluyor\u201d","datePublished":"2025-02-12T14:42:01+00:00","mainEntityOfPage":{"@id":"http:\/\/denizcankizil.tr\/ru\/haberler\/gundem\/talat-fer-yeni-duzenlemeler-bayileri-zorluyor\/"},"wordCount":712,"commentCount":0,"publisher":{"@id":"https:\/\/denizcankizil.tr\/de\/#organization"},"articleSection":["G\u00fcndem"],"inLanguage":"en-GB","potentialAction":[{"@type":"CommentAction","name":"Comment","target":["http:\/\/denizcankizil.tr\/ru\/haberler\/gundem\/talat-fer-yeni-duzenlemeler-bayileri-zorluyor\/#respond"]}]},{"@type":"WebPage","@id":"http:\/\/denizcankizil.tr\/ru\/haberler\/gundem\/talat-fer-yeni-duzenlemeler-bayileri-zorluyor\/","url":"http:\/\/denizcankizil.tr\/ru\/haberler\/gundem\/talat-fer-yeni-duzenlemeler-bayileri-zorluyor\/","name":"Talat Fer: \u201cYeni D\u00fczenlemeler Bayileri Zorluyor\u201d - Av. Deniz Can K\u0131z\u0131l","isPartOf":{"@id":"https:\/\/denizcankizil.tr\/de\/#website"},"datePublished":"2025-02-12T14:42:01+00:00","breadcrumb":{"@id":"http:\/\/denizcankizil.tr\/ru\/haberler\/gundem\/talat-fer-yeni-duzenlemeler-bayileri-zorluyor\/#breadcrumb"},"inLanguage":"en-GB","potentialAction":[{"@type":"ReadAction","target":["http:\/\/denizcankizil.tr\/ru\/haberler\/gundem\/talat-fer-yeni-duzenlemeler-bayileri-zorluyor\/"]}]},{"@type":"BreadcrumbList","@id":"http:\/\/denizcankizil.tr\/ru\/haberler\/gundem\/talat-fer-yeni-duzenlemeler-bayileri-zorluyor\/#breadcrumb","itemListElement":[{"@type":"ListItem","position":1,"name":"Home","item":"https:\/\/denizcankizil.tr\/de\/"},{"@type":"ListItem","position":2,"name":"Talat Fer: \u201cYeni D\u00fczenlemeler Bayileri Zorluyor\u201d"}]},{"@type":"WebSite","@id":"https:\/\/denizcankizil.tr\/de\/#website","url":"https:\/\/denizcankizil.tr\/de\/","name":"Av. Deniz Can K\u0131z\u0131l","description":"Avukat Deniz Can K\u0131z\u0131l Antalya Barosu","publisher":{"@id":"https:\/\/denizcankizil.tr\/de\/#organization"},"potentialAction":[{"@type":"SearchAction","target":{"@type":"EntryPoint","urlTemplate":"https:\/\/denizcankizil.tr\/de\/?s={search_term_string}"},"query-input":{"@type":"PropertyValueSpecification","valueRequired":true,"valueName":"search_term_string"}}],"inLanguage":"en-GB"},{"@type":"Organization","@id":"https:\/\/denizcankizil.tr\/de\/#organization","name":"Av. Deniz Can K\u0131z\u0131l","url":"https:\/\/denizcankizil.tr\/de\/","logo":{"@type":"ImageObject","inLanguage":"en-GB","@id":"https:\/\/denizcankizil.tr\/de\/#\/schema\/logo\/image\/","url":"https:\/\/denizcankizil.tr\/wp-content\/uploads\/2024\/10\/siyah-logo-svg.svg","contentUrl":"https:\/\/denizcankizil.tr\/wp-content\/uploads\/2024\/10\/siyah-logo-svg.svg","width":1080,"height":1080,"caption":"Av. Deniz Can K\u0131z\u0131l"},"image":{"@id":"https:\/\/denizcankizil.tr\/de\/#\/schema\/logo\/image\/"}},{"@type":"Person","@id":"https:\/\/denizcankizil.tr\/de\/#\/schema\/person\/be3c05fe6a12686905512445d8185489","name":"admin","image":{"@type":"ImageObject","inLanguage":"en-GB","@id":"https:\/\/denizcankizil.tr\/de\/#\/schema\/person\/image\/","url":"https:\/\/secure.gravatar.com\/avatar\/c1fce94c830dc79107e174f890d7210541c4a63e8e5d816341794a2151c9d58c?s=96&d=mm&r=g","contentUrl":"https:\/\/secure.gravatar.com\/avatar\/c1fce94c830dc79107e174f890d7210541c4a63e8e5d816341794a2151c9d58c?s=96&d=mm&r=g","caption":"admin"},"sameAs":["http:\/\/denizcankizil.tr"],"url":"https:\/\/www.iskenderun.org\/talat-fer-yeni-duzenlemeler-bayileri-zorluyor"}]}},"_links":{"self":[{"href":"https:\/\/denizcankizil.tr\/en\/wp-json\/wp\/v2\/posts\/32309","targetHints":{"allow":["GET"]}}],"collection":[{"href":"https:\/\/denizcankizil.tr\/en\/wp-json\/wp\/v2\/posts"}],"about":[{"href":"https:\/\/denizcankizil.tr\/en\/wp-json\/wp\/v2\/types\/post"}],"author":[{"embeddable":true,"href":"https:\/\/denizcankizil.tr\/en\/wp-json\/wp\/v2\/users\/1"}],"replies":[{"embeddable":true,"href":"https:\/\/denizcankizil.tr\/en\/wp-json\/wp\/v2\/comments?post=32309"}],"version-history":[{"count":0,"href":"https:\/\/denizcankizil.tr\/en\/wp-json\/wp\/v2\/posts\/32309\/revisions"}],"wp:attachment":[{"href":"https:\/\/denizcankizil.tr\/en\/wp-json\/wp\/v2\/media?parent=32309"}],"wp:term":[{"taxonomy":"category","embeddable":true,"href":"https:\/\/denizcankizil.tr\/en\/wp-json\/wp\/v2\/categories?post=32309"},{"taxonomy":"post_tag","embeddable":true,"href":"https:\/\/denizcankizil.tr\/en\/wp-json\/wp\/v2\/tags?post=32309"}],"curies":[{"name":"wp","href":"https:\/\/api.w.org\/{rel}","templated":true}]}}