{"id":32296,"date":"2025-02-12T16:41:58","date_gmt":"2025-02-12T13:41:58","guid":{"rendered":"https:\/\/denizcankizil.tr\/uncategorized-tr\/manisada-pinarkoyun-icme-suyu-sorunu-tarih-oluyor\/"},"modified":"2025-02-12T16:41:58","modified_gmt":"2025-02-12T13:41:58","slug":"manisada-pinarkoyun-icme-suyu-sorunu-tarih-oluyor","status":"publish","type":"post","link":"https:\/\/denizcankizil.tr\/en\/haberler\/gundem\/manisada-pinarkoyun-icme-suyu-sorunu-tarih-oluyor\/","title":{"rendered":"Manisa&#8217;da P\u0131nark\u00f6y\u2019\u00fcn i\u00e7me suyu sorunu tarih oluyor"},"content":{"rendered":"<p>Manisa&#8217;n\u0131n Yunusemre il\u00e7esine ba\u011fl\u0131 P\u0131nark\u00f6y Mahallesi\u2019nde ya\u015fanan su sorununun \u00e7\u00f6z\u00fclmesi i\u00e7in 1.300 metrelik i\u00e7me suyu terfi hatt\u0131 yenileme \u00e7al\u0131\u015fmas\u0131 ba\u015flat\u0131ld\u0131. \u00c7al\u0131\u015fmalar\u0131n tamamlanmas\u0131yla mahalleye daha verimli, kesintisiz ve sa\u011fl\u0131kl\u0131 i\u00e7me suyu ula\u015ft\u0131r\u0131lacak.MAN\u0130SA (\u0130GFA) &#8211;\u00a0MASK\u0130 Genel M\u00fcd\u00fcrl\u00fc\u011f\u00fc, il genelinde vatanda\u015flara daha sa\u011fl\u0131kl\u0131 alt yap\u0131 sistemleri sunmak ad\u0131na \u00e7al\u0131\u015fmalar\u0131n\u0131 s\u00fcrd\u00fcr\u00fcyor. Bu kapsamda, \u0130\u00e7me Suyu Dairesi Ba\u015fkanl\u0131\u011f\u0131 ekipleri Yunusemre il\u00e7esine ba\u011fl\u0131 P\u0131nark\u00f6y Mahallesinde 1.300 metrelik i\u00e7me suyu terfi hatt\u0131 \u00e7al\u0131\u015fmalar\u0131na ba\u015flad\u0131. \u00d6n\u00fcm\u00fczdeki g\u00fcnlerde hat d\u00f6\u015feme i\u015finin tamamlanmas\u0131yla birlikte P\u0131nark\u00f6y mahallesine daha verimli, kesintisiz ve daha temiz i\u00e7me suyu ula\u015facak. Mahalle muhtar\u0131 ve b\u00f6lgede ya\u015fayan yurtta\u015flar, \u00e7al\u0131\u015fmadan duyduklar\u0131 memnuniyeti dile getirerek yetkililere te\u015fekk\u00fcr etti.<br \/>\n\u201cMAHALLEM\u0130Z SUSUZLUKTAN KURTULACAK\u201d<br \/>\nP\u0131nark\u00f6y Mahalle Muhtar\u0131 H\u00fcseyin Sanl\u0131, eski i\u00e7me suyu hatt\u0131nda s\u0131k s\u0131k meydana gelen ar\u0131zalar\u0131n mahalle halk\u0131n\u0131 zor durumda b\u0131rakt\u0131\u011f\u0131n\u0131 belirterek, \u201c2016 y\u0131l\u0131nda de\u011fi\u015ftirilen i\u00e7me suyu terfi hatt\u0131m\u0131zda s\u00fcrekli patlaklar meydana geliyordu. Ar\u0131zalar \u00e7ok s\u0131k oldu\u011fu i\u00e7in ekipler hemen hemen her g\u00fcn ar\u0131zalar\u0131 gidermek i\u00e7in geliyorlard\u0131. Bir g\u00fcn gelmeseler ertesi g\u00fcn yine geliyorlard\u0131. Ekipler ar\u0131zay\u0131 gideriyor bir g\u00fcn sonra yine patlak oluyordu. Bu nedenle mahallemiz susuz kal\u0131yordu. Sa\u011f olsun B\u00fcy\u00fck\u015fehir Belediye Ba\u015fkan\u0131m\u0131z Ferdi Zeyrek sesimize kulak verdi. Taleplerimiz do\u011frultusunda hatt\u0131m\u0131z\u0131 yeniliyorlar. Mahallemiz susuzluktan kurtulacak. Eme\u011fi ge\u00e7enlere \u00e7ok te\u015fekk\u00fcr ediyorum\u201d dedi.<br \/>\n\u201cSU OLMAYINCA HER \u015eEY B\u0130T\u0130YOR\u201d<br \/>\nMahalle sakinlerinden Fatman Sanl\u0131, \u201cHatt\u0131m\u0131zda olu\u015fan patlaklar sebebiyle k\u00f6y halk\u0131 olarak \u00e7ok susuz kald\u0131k. S\u00fcrekli kesintiler meydana geliyordu. K\u00f6y yerinde su olmay\u0131nca her \u015fey bitiyor. \u015eu an yeni hat yap\u0131l\u0131yor \u00e7ok memnunuz\u201d dedi.<br \/>\n\u201c\u00c7OK SU SIKINTISI YA\u015eADIK\u201d<br \/>\nMahalle sakini Metin S\u0131va, \u201cYaz\u0131n su patlaklar\u0131 sebebiyle MASK\u0130 ekipleri g\u00fcn a\u015f\u0131r\u0131 mahallemize geliyordu. \u00c7ok su s\u0131k\u0131nt\u0131s\u0131 ya\u015fad\u0131k. Allah raz\u0131 olsun \u015fu an hatt\u0131m\u0131z yenileniyor. \u0130n\u015fallah bu sorunun k\u00f6kten \u00e7\u00f6z\u00fclecek. B\u00fcy\u00fck\u015fehir Belediye Ba\u015fkan\u0131m\u0131za \u00e7ok te\u015fekk\u00fcr ediyorum\u201d dedi.<br \/>\n\u201cSUYUMUZ B\u0130R G\u00dcN GEL\u0130YOR \u00dc\u00c7 G\u00dcN GELM\u0130YORDU\u201d<br \/>\nMahalle sakinlerinden Mehmet \u015eahin ise \u201c\u00d6zellikle yaz d\u00f6neminde ciddi su sorunu ya\u015fad\u0131k. Suyumuz bir g\u00fcn geliyor \u00fc\u00e7 g\u00fcn gelmiyordu. Ekipler her g\u00fcn mahallemize gelip ar\u0131zalar\u0131 gidermeye \u00e7al\u0131\u015f\u0131yordu. \u0130n\u015fallah yeni hat ile birlikte bu s\u0131k\u0131nt\u0131dan kurtulaca\u011f\u0131z. Eme\u011fi ge\u00e7enlere \u00e7ok te\u015fekk\u00fcr ediyorum\u201d dedi.<\/p>\n<p>\u200bManisa&#8217;n\u0131n Yunusemre il\u00e7esine ba\u011fl\u0131 P\u0131nark\u00f6y Mahallesi\u2019nde ya\u015fanan su sorununun \u00e7\u00f6z\u00fclmesi i\u00e7in 1.300 metrelik i\u00e7me suyu terfi hatt\u0131 yenileme \u00e7al\u0131\u015fmas\u0131 ba\u015flat\u0131ld\u0131. \u00c7al\u0131\u015fmalar\u0131n tamamlanmas\u0131yla mahalleye daha verimli, kesintisiz ve sa\u011fl\u0131kl\u0131 i\u00e7me suyu ula\u015ft\u0131r\u0131lacak.MAN\u0130SA (\u0130GFA) &#8211;\u00a0MASK\u0130 Genel M\u00fcd\u00fcrl\u00fc\u011f\u00fc, il genelinde vatanda\u015flara daha sa\u011fl\u0131kl\u0131 alt yap\u0131 sistemleri sunmak ad\u0131na \u00e7al\u0131\u015fmalar\u0131n\u0131 s\u00fcrd\u00fcr\u00fcyor. Bu kapsamda, \u0130\u00e7me Suyu Dairesi Ba\u015fkanl\u0131\u011f\u0131 ekipleri Yunusemre il\u00e7esine ba\u011fl\u0131 P\u0131nark\u00f6y Mahallesinde 1.300 metrelik i\u00e7me suyu terfi hatt\u0131 \u00e7al\u0131\u015fmalar\u0131na ba\u015flad\u0131. \u00d6n\u00fcm\u00fczdeki g\u00fcnlerde hat d\u00f6\u015feme i\u015finin tamamlanmas\u0131yla birlikte P\u0131nark\u00f6y mahallesine daha verimli, kesintisiz ve daha temiz i\u00e7me suyu ula\u015facak. Mahalle muhtar\u0131 ve b\u00f6lgede ya\u015fayan yurtta\u015flar, \u00e7al\u0131\u015fmadan duyduklar\u0131 memnuniyeti dile getirerek yetkililere te\u015fekk\u00fcr etti.<br \/>\n\u201cMAHALLEM\u0130Z SUSUZLUKTAN KURTULACAK\u201d<br \/>\nP\u0131nark\u00f6y Mahalle Muhtar\u0131 H\u00fcseyin Sanl\u0131, eski i\u00e7me suyu hatt\u0131nda s\u0131k s\u0131k meydana gelen ar\u0131zalar\u0131n mahalle halk\u0131n\u0131 zor durumda b\u0131rakt\u0131\u011f\u0131n\u0131 belirterek, \u201c2016 y\u0131l\u0131nda de\u011fi\u015ftirilen i\u00e7me suyu terfi hatt\u0131m\u0131zda s\u00fcrekli patlaklar meydana geliyordu. Ar\u0131zalar \u00e7ok s\u0131k oldu\u011fu i\u00e7in ekipler hemen hemen her g\u00fcn ar\u0131zalar\u0131 gidermek i\u00e7in geliyorlard\u0131. Bir g\u00fcn gelmeseler ertesi g\u00fcn yine geliyorlard\u0131. Ekipler ar\u0131zay\u0131 gideriyor bir g\u00fcn sonra yine patlak oluyordu. Bu nedenle mahallemiz susuz kal\u0131yordu. Sa\u011f olsun B\u00fcy\u00fck\u015fehir Belediye Ba\u015fkan\u0131m\u0131z Ferdi Zeyrek sesimize kulak verdi. Taleplerimiz do\u011frultusunda hatt\u0131m\u0131z\u0131 yeniliyorlar. Mahallemiz susuzluktan kurtulacak. Eme\u011fi ge\u00e7enlere \u00e7ok te\u015fekk\u00fcr ediyorum\u201d dedi.<br \/>\n\u201cSU OLMAYINCA HER \u015eEY B\u0130T\u0130YOR\u201d<br \/>\nMahalle sakinlerinden Fatman Sanl\u0131, \u201cHatt\u0131m\u0131zda olu\u015fan patlaklar sebebiyle k\u00f6y halk\u0131 olarak \u00e7ok susuz kald\u0131k. S\u00fcrekli kesintiler meydana geliyordu. K\u00f6y yerinde su olmay\u0131nca her \u015fey bitiyor. \u015eu an yeni hat yap\u0131l\u0131yor \u00e7ok memnunuz\u201d dedi.<br \/>\n\u201c\u00c7OK SU SIKINTISI YA\u015eADIK\u201d<br \/>\nMahalle sakini Metin S\u0131va, \u201cYaz\u0131n su patlaklar\u0131 sebebiyle MASK\u0130 ekipleri g\u00fcn a\u015f\u0131r\u0131 mahallemize geliyordu. \u00c7ok su s\u0131k\u0131nt\u0131s\u0131 ya\u015fad\u0131k. Allah raz\u0131 olsun \u015fu an hatt\u0131m\u0131z yenileniyor. \u0130n\u015fallah bu sorunun k\u00f6kten \u00e7\u00f6z\u00fclecek. B\u00fcy\u00fck\u015fehir Belediye Ba\u015fkan\u0131m\u0131za \u00e7ok te\u015fekk\u00fcr ediyorum\u201d dedi.<br \/>\n\u201cSUYUMUZ B\u0130R G\u00dcN GEL\u0130YOR \u00dc\u00c7 G\u00dcN GELM\u0130YORDU\u201d<br \/>\nMahalle sakinlerinden Mehmet \u015eahin ise \u201c\u00d6zellikle yaz d\u00f6neminde ciddi su sorunu ya\u015fad\u0131k. Suyumuz bir g\u00fcn geliyor \u00fc\u00e7 g\u00fcn gelmiyordu. Ekipler her g\u00fcn mahallemize gelip ar\u0131zalar\u0131 gidermeye \u00e7al\u0131\u015f\u0131yordu. \u0130n\u015fallah yeni hat ile birlikte bu s\u0131k\u0131nt\u0131dan kurtulaca\u011f\u0131z. Eme\u011fi ge\u00e7enlere \u00e7ok te\u015fekk\u00fcr ediyorum\u201d dedi.\u00a0<\/p>\n<p>\u200bHaberin Al\u0131nt\u0131land\u0131\u011f\u0131 Kaynak: www.iskenderun.org<\/p>","protected":false},"excerpt":{"rendered":"<p>Manisa&#8217;n\u0131n Yunusemre il\u00e7esine ba\u011fl\u0131 P\u0131nark\u00f6y Mahallesi\u2019nde ya\u015fanan su sorununun \u00e7\u00f6z\u00fclmesi i\u00e7in 1.300 metrelik i\u00e7me suyu terfi hatt\u0131 yenileme \u00e7al\u0131\u015fmas\u0131 ba\u015flat\u0131ld\u0131. \u00c7al\u0131\u015fmalar\u0131n tamamlanmas\u0131yla mahalleye daha verimli, kesintisiz ve sa\u011fl\u0131kl\u0131 i\u00e7me suyu ula\u015ft\u0131r\u0131lacak.MAN\u0130SA (\u0130GFA) &#8211;\u00a0MASK\u0130 Genel M\u00fcd\u00fcrl\u00fc\u011f\u00fc, il genelinde vatanda\u015flara daha sa\u011fl\u0131kl\u0131 alt yap\u0131 sistemleri sunmak ad\u0131na \u00e7al\u0131\u015fmalar\u0131n\u0131 s\u00fcrd\u00fcr\u00fcyor. Bu kapsamda, \u0130\u00e7me Suyu Dairesi Ba\u015fkanl\u0131\u011f\u0131 ekipleri Yunusemre il\u00e7esine ba\u011fl\u0131 P\u0131nark\u00f6y Mahallesinde 1.300 metrelik i\u00e7me suyu terfi hatt\u0131 \u00e7al\u0131\u015fmalar\u0131na ba\u015flad\u0131. \u00d6n\u00fcm\u00fczdeki g\u00fcnlerde hat d\u00f6\u015feme i\u015finin tamamlanmas\u0131yla birlikte P\u0131nark\u00f6y mahallesine daha verimli, kesintisiz ve daha temiz i\u00e7me suyu ula\u015facak. Mahalle muhtar\u0131 ve b\u00f6lgede ya\u015fayan yurtta\u015flar, \u00e7al\u0131\u015fmadan duyduklar\u0131 memnuniyeti dile getirerek yetkililere te\u015fekk\u00fcr etti. \u201cMAHALLEM\u0130Z SUSUZLUKTAN KURTULACAK\u201d P\u0131nark\u00f6y Mahalle Muhtar\u0131 H\u00fcseyin Sanl\u0131, eski i\u00e7me suyu hatt\u0131nda s\u0131k s\u0131k meydana gelen ar\u0131zalar\u0131n mahalle halk\u0131n\u0131 zor durumda b\u0131rakt\u0131\u011f\u0131n\u0131 belirterek, \u201c2016 y\u0131l\u0131nda de\u011fi\u015ftirilen i\u00e7me suyu terfi hatt\u0131m\u0131zda s\u00fcrekli patlaklar meydana geliyordu. Ar\u0131zalar \u00e7ok s\u0131k oldu\u011fu i\u00e7in ekipler hemen hemen her g\u00fcn ar\u0131zalar\u0131 gidermek i\u00e7in geliyorlard\u0131. Bir g\u00fcn gelmeseler ertesi g\u00fcn yine geliyorlard\u0131. Ekipler ar\u0131zay\u0131 gideriyor bir g\u00fcn sonra yine patlak oluyordu. Bu nedenle mahallemiz susuz kal\u0131yordu. Sa\u011f olsun B\u00fcy\u00fck\u015fehir Belediye Ba\u015fkan\u0131m\u0131z Ferdi Zeyrek sesimize kulak verdi. Taleplerimiz do\u011frultusunda hatt\u0131m\u0131z\u0131 yeniliyorlar. Mahallemiz susuzluktan kurtulacak. Eme\u011fi ge\u00e7enlere \u00e7ok te\u015fekk\u00fcr ediyorum\u201d dedi. \u201cSU OLMAYINCA HER \u015eEY B\u0130T\u0130YOR\u201d Mahalle sakinlerinden Fatman Sanl\u0131, &hellip;<\/p>","protected":false},"author":1,"featured_media":0,"comment_status":"open","ping_status":"open","sticky":false,"template":"","format":"standard","meta":{"_acf_changed":false,"footnotes":""},"categories":[24],"tags":[],"class_list":["post-32296","post","type-post","status-publish","format-standard","has-post-thumbnail","hentry","category-gundem"],"acf":[],"yoast_head":"<!-- This site is optimized with the Yoast SEO Premium plugin v26.6 (Yoast SEO v27.1.1) - https:\/\/yoast.com\/product\/yoast-seo-premium-wordpress\/ -->\n<title>Manisa&#039;da P\u0131nark\u00f6y\u2019\u00fcn i\u00e7me suyu sorunu tarih oluyor - Av. Deniz Can K\u0131z\u0131l<\/title>\n<meta name=\"robots\" content=\"index, follow, max-snippet:-1, max-image-preview:large, max-video-preview:-1\" \/>\n<link rel=\"canonical\" href=\"https:\/\/denizcankizil.tr\/en\/haberler\/gundem\/manisada-pinarkoyun-icme-suyu-sorunu-tarih-oluyor\/\" \/>\n<meta property=\"og:locale\" content=\"en_GB\" \/>\n<meta property=\"og:type\" content=\"article\" \/>\n<meta property=\"og:title\" content=\"Manisa&#039;da P\u0131nark\u00f6y\u2019\u00fcn i\u00e7me suyu sorunu tarih oluyor\" \/>\n<meta property=\"og:description\" content=\"Manisa&#8217;n\u0131n Yunusemre il\u00e7esine ba\u011fl\u0131 P\u0131nark\u00f6y Mahallesi\u2019nde ya\u015fanan su sorununun \u00e7\u00f6z\u00fclmesi i\u00e7in 1.300 metrelik i\u00e7me suyu terfi hatt\u0131 yenileme \u00e7al\u0131\u015fmas\u0131 ba\u015flat\u0131ld\u0131. \u00c7al\u0131\u015fmalar\u0131n tamamlanmas\u0131yla mahalleye daha verimli, kesintisiz ve sa\u011fl\u0131kl\u0131 i\u00e7me suyu ula\u015ft\u0131r\u0131lacak.MAN\u0130SA (\u0130GFA) &#8211;\u00a0MASK\u0130 Genel M\u00fcd\u00fcrl\u00fc\u011f\u00fc, il genelinde vatanda\u015flara daha sa\u011fl\u0131kl\u0131 alt yap\u0131 sistemleri sunmak ad\u0131na \u00e7al\u0131\u015fmalar\u0131n\u0131 s\u00fcrd\u00fcr\u00fcyor. Bu kapsamda, \u0130\u00e7me Suyu Dairesi Ba\u015fkanl\u0131\u011f\u0131 ekipleri Yunusemre il\u00e7esine ba\u011fl\u0131 P\u0131nark\u00f6y Mahallesinde 1.300 metrelik i\u00e7me suyu terfi hatt\u0131 \u00e7al\u0131\u015fmalar\u0131na ba\u015flad\u0131. \u00d6n\u00fcm\u00fczdeki g\u00fcnlerde hat d\u00f6\u015feme i\u015finin tamamlanmas\u0131yla birlikte P\u0131nark\u00f6y mahallesine daha verimli, kesintisiz ve daha temiz i\u00e7me suyu ula\u015facak. Mahalle muhtar\u0131 ve b\u00f6lgede ya\u015fayan yurtta\u015flar, \u00e7al\u0131\u015fmadan duyduklar\u0131 memnuniyeti dile getirerek yetkililere te\u015fekk\u00fcr etti. \u201cMAHALLEM\u0130Z SUSUZLUKTAN KURTULACAK\u201d P\u0131nark\u00f6y Mahalle Muhtar\u0131 H\u00fcseyin Sanl\u0131, eski i\u00e7me suyu hatt\u0131nda s\u0131k s\u0131k meydana gelen ar\u0131zalar\u0131n mahalle halk\u0131n\u0131 zor durumda b\u0131rakt\u0131\u011f\u0131n\u0131 belirterek, \u201c2016 y\u0131l\u0131nda de\u011fi\u015ftirilen i\u00e7me suyu terfi hatt\u0131m\u0131zda s\u00fcrekli patlaklar meydana geliyordu. Ar\u0131zalar \u00e7ok s\u0131k oldu\u011fu i\u00e7in ekipler hemen hemen her g\u00fcn ar\u0131zalar\u0131 gidermek i\u00e7in geliyorlard\u0131. Bir g\u00fcn gelmeseler ertesi g\u00fcn yine geliyorlard\u0131. Ekipler ar\u0131zay\u0131 gideriyor bir g\u00fcn sonra yine patlak oluyordu. Bu nedenle mahallemiz susuz kal\u0131yordu. Sa\u011f olsun B\u00fcy\u00fck\u015fehir Belediye Ba\u015fkan\u0131m\u0131z Ferdi Zeyrek sesimize kulak verdi. Taleplerimiz do\u011frultusunda hatt\u0131m\u0131z\u0131 yeniliyorlar. Mahallemiz susuzluktan kurtulacak. Eme\u011fi ge\u00e7enlere \u00e7ok te\u015fekk\u00fcr ediyorum\u201d dedi. \u201cSU OLMAYINCA HER \u015eEY B\u0130T\u0130YOR\u201d Mahalle sakinlerinden Fatman Sanl\u0131, &hellip;\" \/>\n<meta property=\"og:url\" content=\"https:\/\/denizcankizil.tr\/en\/haberler\/gundem\/manisada-pinarkoyun-icme-suyu-sorunu-tarih-oluyor\/\" \/>\n<meta property=\"og:site_name\" content=\"Av. Deniz Can K\u0131z\u0131l\" \/>\n<meta property=\"article:published_time\" content=\"2025-02-12T13:41:58+00:00\" \/>\n<meta name=\"author\" content=\"admin\" \/>\n<meta name=\"twitter:card\" content=\"summary_large_image\" \/>\n<meta name=\"twitter:label1\" content=\"Written by\" \/>\n\t<meta name=\"twitter:data1\" content=\"admin\" \/>\n\t<meta name=\"twitter:label2\" content=\"Estimated reading time\" \/>\n\t<meta name=\"twitter:data2\" content=\"5 minutes\" \/>\n<script type=\"application\/ld+json\" class=\"yoast-schema-graph\">{\"@context\":\"https:\/\/schema.org\",\"@graph\":[{\"@type\":\"Article\",\"@id\":\"https:\/\/denizcankizil.tr\/en\/haberler\/gundem\/manisada-pinarkoyun-icme-suyu-sorunu-tarih-oluyor\/#article\",\"isPartOf\":{\"@id\":\"https:\/\/denizcankizil.tr\/en\/haberler\/gundem\/manisada-pinarkoyun-icme-suyu-sorunu-tarih-oluyor\/\"},\"author\":{\"name\":\"admin\",\"@id\":\"https:\/\/denizcankizil.tr\/#\/schema\/person\/be3c05fe6a12686905512445d8185489\"},\"headline\":\"Manisa&#8217;da P\u0131nark\u00f6y\u2019\u00fcn i\u00e7me suyu sorunu tarih oluyor\",\"datePublished\":\"2025-02-12T13:41:58+00:00\",\"mainEntityOfPage\":{\"@id\":\"https:\/\/denizcankizil.tr\/en\/haberler\/gundem\/manisada-pinarkoyun-icme-suyu-sorunu-tarih-oluyor\/\"},\"wordCount\":976,\"commentCount\":0,\"publisher\":{\"@id\":\"https:\/\/denizcankizil.tr\/#organization\"},\"articleSection\":[\"G\u00fcndem\"],\"inLanguage\":\"en-GB\",\"potentialAction\":[{\"@type\":\"CommentAction\",\"name\":\"Comment\",\"target\":[\"https:\/\/denizcankizil.tr\/en\/haberler\/gundem\/manisada-pinarkoyun-icme-suyu-sorunu-tarih-oluyor\/#respond\"]}]},{\"@type\":\"WebPage\",\"@id\":\"https:\/\/denizcankizil.tr\/en\/haberler\/gundem\/manisada-pinarkoyun-icme-suyu-sorunu-tarih-oluyor\/\",\"url\":\"https:\/\/denizcankizil.tr\/en\/haberler\/gundem\/manisada-pinarkoyun-icme-suyu-sorunu-tarih-oluyor\/\",\"name\":\"Manisa'da P\u0131nark\u00f6y\u2019\u00fcn i\u00e7me suyu sorunu tarih oluyor - Av. Deniz Can K\u0131z\u0131l\",\"isPartOf\":{\"@id\":\"https:\/\/denizcankizil.tr\/#website\"},\"datePublished\":\"2025-02-12T13:41:58+00:00\",\"breadcrumb\":{\"@id\":\"https:\/\/denizcankizil.tr\/en\/haberler\/gundem\/manisada-pinarkoyun-icme-suyu-sorunu-tarih-oluyor\/#breadcrumb\"},\"inLanguage\":\"en-GB\",\"potentialAction\":[{\"@type\":\"ReadAction\",\"target\":[\"https:\/\/denizcankizil.tr\/en\/haberler\/gundem\/manisada-pinarkoyun-icme-suyu-sorunu-tarih-oluyor\/\"]}]},{\"@type\":\"BreadcrumbList\",\"@id\":\"https:\/\/denizcankizil.tr\/en\/haberler\/gundem\/manisada-pinarkoyun-icme-suyu-sorunu-tarih-oluyor\/#breadcrumb\",\"itemListElement\":[{\"@type\":\"ListItem\",\"position\":1,\"name\":\"Home\",\"item\":\"https:\/\/denizcankizil.tr\/de\/\"},{\"@type\":\"ListItem\",\"position\":2,\"name\":\"Manisa&#8217;da P\u0131nark\u00f6y\u2019\u00fcn i\u00e7me suyu sorunu tarih oluyor\"}]},{\"@type\":\"WebSite\",\"@id\":\"https:\/\/denizcankizil.tr\/#website\",\"url\":\"https:\/\/denizcankizil.tr\/\",\"name\":\"Av. Deniz Can K\u0131z\u0131l\",\"description\":\"Avukat Deniz Can K\u0131z\u0131l Antalya Barosu\",\"publisher\":{\"@id\":\"https:\/\/denizcankizil.tr\/#organization\"},\"potentialAction\":[{\"@type\":\"SearchAction\",\"target\":{\"@type\":\"EntryPoint\",\"urlTemplate\":\"https:\/\/denizcankizil.tr\/?s={search_term_string}\"},\"query-input\":{\"@type\":\"PropertyValueSpecification\",\"valueRequired\":true,\"valueName\":\"search_term_string\"}}],\"inLanguage\":\"en-GB\"},{\"@type\":\"Organization\",\"@id\":\"https:\/\/denizcankizil.tr\/#organization\",\"name\":\"Av. Deniz Can K\u0131z\u0131l\",\"url\":\"https:\/\/denizcankizil.tr\/\",\"logo\":{\"@type\":\"ImageObject\",\"inLanguage\":\"en-GB\",\"@id\":\"https:\/\/denizcankizil.tr\/#\/schema\/logo\/image\/\",\"url\":\"https:\/\/denizcankizil.tr\/wp-content\/uploads\/2024\/10\/siyah-logo-svg.svg\",\"contentUrl\":\"https:\/\/denizcankizil.tr\/wp-content\/uploads\/2024\/10\/siyah-logo-svg.svg\",\"width\":1080,\"height\":1080,\"caption\":\"Av. Deniz Can K\u0131z\u0131l\"},\"image\":{\"@id\":\"https:\/\/denizcankizil.tr\/#\/schema\/logo\/image\/\"}},{\"@type\":\"Person\",\"@id\":\"https:\/\/denizcankizil.tr\/#\/schema\/person\/be3c05fe6a12686905512445d8185489\",\"name\":\"admin\",\"image\":{\"@type\":\"ImageObject\",\"inLanguage\":\"en-GB\",\"@id\":\"https:\/\/denizcankizil.tr\/#\/schema\/person\/image\/\",\"url\":\"https:\/\/secure.gravatar.com\/avatar\/c1fce94c830dc79107e174f890d7210541c4a63e8e5d816341794a2151c9d58c?s=96&d=mm&r=g\",\"contentUrl\":\"https:\/\/secure.gravatar.com\/avatar\/c1fce94c830dc79107e174f890d7210541c4a63e8e5d816341794a2151c9d58c?s=96&d=mm&r=g\",\"caption\":\"admin\"},\"sameAs\":[\"http:\/\/denizcankizil.tr\"],\"url\":\"https:\/\/www.iskenderun.org\/manisada-pinarkoyun-icme-suyu-sorunu-tarih-oluyor\"}]}<\/script>\n<!-- \/ Yoast SEO Premium plugin. -->","yoast_head_json":{"title":"Manisa'da P\u0131nark\u00f6y\u2019\u00fcn i\u00e7me suyu sorunu tarih oluyor - Av. Deniz Can K\u0131z\u0131l","robots":{"index":"index","follow":"follow","max-snippet":"max-snippet:-1","max-image-preview":"max-image-preview:large","max-video-preview":"max-video-preview:-1"},"canonical":"https:\/\/denizcankizil.tr\/en\/haberler\/gundem\/manisada-pinarkoyun-icme-suyu-sorunu-tarih-oluyor\/","og_locale":"en_GB","og_type":"article","og_title":"Manisa'da P\u0131nark\u00f6y\u2019\u00fcn i\u00e7me suyu sorunu tarih oluyor","og_description":"Manisa&#8217;n\u0131n Yunusemre il\u00e7esine ba\u011fl\u0131 P\u0131nark\u00f6y Mahallesi\u2019nde ya\u015fanan su sorununun \u00e7\u00f6z\u00fclmesi i\u00e7in 1.300 metrelik i\u00e7me suyu terfi hatt\u0131 yenileme \u00e7al\u0131\u015fmas\u0131 ba\u015flat\u0131ld\u0131. \u00c7al\u0131\u015fmalar\u0131n tamamlanmas\u0131yla mahalleye daha verimli, kesintisiz ve sa\u011fl\u0131kl\u0131 i\u00e7me suyu ula\u015ft\u0131r\u0131lacak.MAN\u0130SA (\u0130GFA) &#8211;\u00a0MASK\u0130 Genel M\u00fcd\u00fcrl\u00fc\u011f\u00fc, il genelinde vatanda\u015flara daha sa\u011fl\u0131kl\u0131 alt yap\u0131 sistemleri sunmak ad\u0131na \u00e7al\u0131\u015fmalar\u0131n\u0131 s\u00fcrd\u00fcr\u00fcyor. Bu kapsamda, \u0130\u00e7me Suyu Dairesi Ba\u015fkanl\u0131\u011f\u0131 ekipleri Yunusemre il\u00e7esine ba\u011fl\u0131 P\u0131nark\u00f6y Mahallesinde 1.300 metrelik i\u00e7me suyu terfi hatt\u0131 \u00e7al\u0131\u015fmalar\u0131na ba\u015flad\u0131. \u00d6n\u00fcm\u00fczdeki g\u00fcnlerde hat d\u00f6\u015feme i\u015finin tamamlanmas\u0131yla birlikte P\u0131nark\u00f6y mahallesine daha verimli, kesintisiz ve daha temiz i\u00e7me suyu ula\u015facak. Mahalle muhtar\u0131 ve b\u00f6lgede ya\u015fayan yurtta\u015flar, \u00e7al\u0131\u015fmadan duyduklar\u0131 memnuniyeti dile getirerek yetkililere te\u015fekk\u00fcr etti. \u201cMAHALLEM\u0130Z SUSUZLUKTAN KURTULACAK\u201d P\u0131nark\u00f6y Mahalle Muhtar\u0131 H\u00fcseyin Sanl\u0131, eski i\u00e7me suyu hatt\u0131nda s\u0131k s\u0131k meydana gelen ar\u0131zalar\u0131n mahalle halk\u0131n\u0131 zor durumda b\u0131rakt\u0131\u011f\u0131n\u0131 belirterek, \u201c2016 y\u0131l\u0131nda de\u011fi\u015ftirilen i\u00e7me suyu terfi hatt\u0131m\u0131zda s\u00fcrekli patlaklar meydana geliyordu. Ar\u0131zalar \u00e7ok s\u0131k oldu\u011fu i\u00e7in ekipler hemen hemen her g\u00fcn ar\u0131zalar\u0131 gidermek i\u00e7in geliyorlard\u0131. Bir g\u00fcn gelmeseler ertesi g\u00fcn yine geliyorlard\u0131. Ekipler ar\u0131zay\u0131 gideriyor bir g\u00fcn sonra yine patlak oluyordu. Bu nedenle mahallemiz susuz kal\u0131yordu. Sa\u011f olsun B\u00fcy\u00fck\u015fehir Belediye Ba\u015fkan\u0131m\u0131z Ferdi Zeyrek sesimize kulak verdi. Taleplerimiz do\u011frultusunda hatt\u0131m\u0131z\u0131 yeniliyorlar. Mahallemiz susuzluktan kurtulacak. Eme\u011fi ge\u00e7enlere \u00e7ok te\u015fekk\u00fcr ediyorum\u201d dedi. \u201cSU OLMAYINCA HER \u015eEY B\u0130T\u0130YOR\u201d Mahalle sakinlerinden Fatman Sanl\u0131, &hellip;","og_url":"https:\/\/denizcankizil.tr\/en\/haberler\/gundem\/manisada-pinarkoyun-icme-suyu-sorunu-tarih-oluyor\/","og_site_name":"Av. Deniz Can K\u0131z\u0131l","article_published_time":"2025-02-12T13:41:58+00:00","author":"admin","twitter_card":"summary_large_image","twitter_misc":{"Written by":"admin","Estimated reading time":"5 minutes"},"schema":{"@context":"https:\/\/schema.org","@graph":[{"@type":"Article","@id":"https:\/\/denizcankizil.tr\/en\/haberler\/gundem\/manisada-pinarkoyun-icme-suyu-sorunu-tarih-oluyor\/#article","isPartOf":{"@id":"https:\/\/denizcankizil.tr\/en\/haberler\/gundem\/manisada-pinarkoyun-icme-suyu-sorunu-tarih-oluyor\/"},"author":{"name":"admin","@id":"https:\/\/denizcankizil.tr\/#\/schema\/person\/be3c05fe6a12686905512445d8185489"},"headline":"Manisa&#8217;da P\u0131nark\u00f6y\u2019\u00fcn i\u00e7me suyu sorunu tarih oluyor","datePublished":"2025-02-12T13:41:58+00:00","mainEntityOfPage":{"@id":"https:\/\/denizcankizil.tr\/en\/haberler\/gundem\/manisada-pinarkoyun-icme-suyu-sorunu-tarih-oluyor\/"},"wordCount":976,"commentCount":0,"publisher":{"@id":"https:\/\/denizcankizil.tr\/#organization"},"articleSection":["G\u00fcndem"],"inLanguage":"en-GB","potentialAction":[{"@type":"CommentAction","name":"Comment","target":["https:\/\/denizcankizil.tr\/en\/haberler\/gundem\/manisada-pinarkoyun-icme-suyu-sorunu-tarih-oluyor\/#respond"]}]},{"@type":"WebPage","@id":"https:\/\/denizcankizil.tr\/en\/haberler\/gundem\/manisada-pinarkoyun-icme-suyu-sorunu-tarih-oluyor\/","url":"https:\/\/denizcankizil.tr\/en\/haberler\/gundem\/manisada-pinarkoyun-icme-suyu-sorunu-tarih-oluyor\/","name":"Manisa'da P\u0131nark\u00f6y\u2019\u00fcn i\u00e7me suyu sorunu tarih oluyor - Av. Deniz Can K\u0131z\u0131l","isPartOf":{"@id":"https:\/\/denizcankizil.tr\/#website"},"datePublished":"2025-02-12T13:41:58+00:00","breadcrumb":{"@id":"https:\/\/denizcankizil.tr\/en\/haberler\/gundem\/manisada-pinarkoyun-icme-suyu-sorunu-tarih-oluyor\/#breadcrumb"},"inLanguage":"en-GB","potentialAction":[{"@type":"ReadAction","target":["https:\/\/denizcankizil.tr\/en\/haberler\/gundem\/manisada-pinarkoyun-icme-suyu-sorunu-tarih-oluyor\/"]}]},{"@type":"BreadcrumbList","@id":"https:\/\/denizcankizil.tr\/en\/haberler\/gundem\/manisada-pinarkoyun-icme-suyu-sorunu-tarih-oluyor\/#breadcrumb","itemListElement":[{"@type":"ListItem","position":1,"name":"Home","item":"https:\/\/denizcankizil.tr\/de\/"},{"@type":"ListItem","position":2,"name":"Manisa&#8217;da P\u0131nark\u00f6y\u2019\u00fcn i\u00e7me suyu sorunu tarih oluyor"}]},{"@type":"WebSite","@id":"https:\/\/denizcankizil.tr\/#website","url":"https:\/\/denizcankizil.tr\/","name":"Av. Deniz Can K\u0131z\u0131l","description":"Avukat Deniz Can K\u0131z\u0131l Antalya Barosu","publisher":{"@id":"https:\/\/denizcankizil.tr\/#organization"},"potentialAction":[{"@type":"SearchAction","target":{"@type":"EntryPoint","urlTemplate":"https:\/\/denizcankizil.tr\/?s={search_term_string}"},"query-input":{"@type":"PropertyValueSpecification","valueRequired":true,"valueName":"search_term_string"}}],"inLanguage":"en-GB"},{"@type":"Organization","@id":"https:\/\/denizcankizil.tr\/#organization","name":"Av. Deniz Can K\u0131z\u0131l","url":"https:\/\/denizcankizil.tr\/","logo":{"@type":"ImageObject","inLanguage":"en-GB","@id":"https:\/\/denizcankizil.tr\/#\/schema\/logo\/image\/","url":"https:\/\/denizcankizil.tr\/wp-content\/uploads\/2024\/10\/siyah-logo-svg.svg","contentUrl":"https:\/\/denizcankizil.tr\/wp-content\/uploads\/2024\/10\/siyah-logo-svg.svg","width":1080,"height":1080,"caption":"Av. Deniz Can K\u0131z\u0131l"},"image":{"@id":"https:\/\/denizcankizil.tr\/#\/schema\/logo\/image\/"}},{"@type":"Person","@id":"https:\/\/denizcankizil.tr\/#\/schema\/person\/be3c05fe6a12686905512445d8185489","name":"admin","image":{"@type":"ImageObject","inLanguage":"en-GB","@id":"https:\/\/denizcankizil.tr\/#\/schema\/person\/image\/","url":"https:\/\/secure.gravatar.com\/avatar\/c1fce94c830dc79107e174f890d7210541c4a63e8e5d816341794a2151c9d58c?s=96&d=mm&r=g","contentUrl":"https:\/\/secure.gravatar.com\/avatar\/c1fce94c830dc79107e174f890d7210541c4a63e8e5d816341794a2151c9d58c?s=96&d=mm&r=g","caption":"admin"},"sameAs":["http:\/\/denizcankizil.tr"],"url":"https:\/\/www.iskenderun.org\/manisada-pinarkoyun-icme-suyu-sorunu-tarih-oluyor"}]}},"_links":{"self":[{"href":"https:\/\/denizcankizil.tr\/en\/wp-json\/wp\/v2\/posts\/32296","targetHints":{"allow":["GET"]}}],"collection":[{"href":"https:\/\/denizcankizil.tr\/en\/wp-json\/wp\/v2\/posts"}],"about":[{"href":"https:\/\/denizcankizil.tr\/en\/wp-json\/wp\/v2\/types\/post"}],"author":[{"embeddable":true,"href":"https:\/\/denizcankizil.tr\/en\/wp-json\/wp\/v2\/users\/1"}],"replies":[{"embeddable":true,"href":"https:\/\/denizcankizil.tr\/en\/wp-json\/wp\/v2\/comments?post=32296"}],"version-history":[{"count":0,"href":"https:\/\/denizcankizil.tr\/en\/wp-json\/wp\/v2\/posts\/32296\/revisions"}],"wp:attachment":[{"href":"https:\/\/denizcankizil.tr\/en\/wp-json\/wp\/v2\/media?parent=32296"}],"wp:term":[{"taxonomy":"category","embeddable":true,"href":"https:\/\/denizcankizil.tr\/en\/wp-json\/wp\/v2\/categories?post=32296"},{"taxonomy":"post_tag","embeddable":true,"href":"https:\/\/denizcankizil.tr\/en\/wp-json\/wp\/v2\/tags?post=32296"}],"curies":[{"name":"wp","href":"https:\/\/api.w.org\/{rel}","templated":true}]}}