{"id":32282,"date":"2025-02-12T16:41:33","date_gmt":"2025-02-12T13:41:33","guid":{"rendered":"https:\/\/denizcankizil.tr\/uncategorized-tr\/aesob-baskani-dereden-sevgililer-gunu-cagrisi\/"},"modified":"2025-02-12T16:41:33","modified_gmt":"2025-02-12T13:41:33","slug":"aesob-baskani-dereden-sevgililer-gunu-cagrisi","status":"publish","type":"post","link":"https:\/\/denizcankizil.tr\/en\/haberler\/antalya\/aesob-baskani-dereden-sevgililer-gunu-cagrisi\/","title":{"rendered":"AESOB Ba\u015fkan\u0131 Dere&#8217;den &#8216;Sevgililer G\u00fcn\u00fc&#8217; \u00e7a\u011fr\u0131s\u0131"},"content":{"rendered":"<p>\u00d6zel g\u00fcnlerde fason \u00fcretimlerde art\u0131\u015f oldu\u011funun da alt\u0131n\u0131 \u00e7izen Ba\u015fkan Dere, &#8220;Bu d\u00f6nemde ne yaz\u0131k ki merdiven alt\u0131 ve fason \u00fcretimlerde art\u0131\u015f g\u00f6zleniyor. Vatanda\u015flar\u0131m\u0131z\u0131, sertifikas\u0131z ve kalitesiz \u00fcr\u00fcnlere kar\u015f\u0131 dikkatli olmaya davet ediyorum&#8221; diyerek vatanda\u015flar\u0131 uyard\u0131.<br \/>\n\u00d6zel g\u00fcnlerde esnaf ve sanatkarlar i\u00e7in hareketlili\u011fin artt\u0131\u011f\u0131n\u0131 kaydeden Antalya esnaf ve Sanatkarlar Odalar\u0131 Birli\u011fi (AESOB) Ba\u015fkan\u0131 Adl\u0131han Dere, 14 \u015eubat Sevgililer G\u00fcn\u00fc\u2019n\u00fcn yakla\u015fmas\u0131 dolay\u0131s\u0131yla vatanda\u015flara al\u0131\u015fveri\u015flerini esnaftan yapma \u00e7a\u011fr\u0131s\u0131nda bulundu. \u00d6zel g\u00fcnlerin esnaf ve sanatkarlar i\u00e7in b\u00fcy\u00fck bir f\u0131rsat oldu\u011funu ifade eden Ba\u015fkan Dere, &#8220;Bu t\u00fcr \u00f6zel g\u00fcnlerde \u00f6zellikle kuyumcular, z\u00fccaciye, \u00e7i\u00e7ek\u00e7iler, hediyelik e\u015fya satan esnaf\u0131m\u0131z ba\u015fta olmak \u00fczere toplamda 415 farkl\u0131 meslek grubunu ilgilendiren bir ekonomik canlanma ya\u015fan\u0131yor&#8221; dedi. \u00d6te yandan Sevgililer G\u00fcn\u00fc&#8217;nde sat\u0131\u015flar ortalama y\u00fczde 30-35 oran\u0131nda artt\u0131\u011f\u0131n\u0131 da s\u00f6zlerine ekleyen Ba\u015fkan Dere, &#8220;Bu da esnaf ve sanatk\u00e2r\u0131m\u0131z i\u00e7in b\u00fcy\u00fck bir f\u0131rsat anlam\u0131na geliyor&#8221; ifadelerini kulland\u0131.<\/p>\n<p>&#8220;Al\u0131\u015fveri\u015fi esnaftan yapal\u0131m&#8221;<br \/>\nSevgililer G\u00fcn\u00fc&#8217;nde yap\u0131lacak al\u0131\u015fveri\u015flerde yerel esnaf\u0131n tercih edilmesi gerekti\u011fini ifade eden Ba\u015fkan Adl\u0131han Dere, s\u00f6zlerini \u015f\u00f6yle s\u00fcrd\u00fcrd\u00fc:<br \/>\n&#8220;Yerel esnaf, kent ekonomisinin temel ta\u015flar\u0131ndan biridir. Al\u0131\u015fveri\u015flerimizi mahallemizdeki, \u015fehrimizdeki esnaftan yaparak hem kaliteli hem de g\u00fcvenilir \u00fcr\u00fcnler edinmi\u015f oluruz. Sevdiklerinize hediye al\u0131rken, esnaftan al\u0131\u015fveri\u015f yapmak, hem onlar\u0131n eme\u011fini de\u011ferlendirmek hem de kaliteli ve orijinal \u00fcr\u00fcnlere ula\u015fmak anlam\u0131na gelir. Ayn\u0131 zamanda, yerel ekonomiye can verir ve esnaf\u0131m\u0131z\u0131n ayakta kalmas\u0131na destek sa\u011flam\u0131\u015f oluruz.&#8221;<\/p>\n<p>Merdiven alt\u0131 \u00fcr\u00fcnlere ve fason \u00fcretime dikkat<br \/>\nBa\u015fkan Adl\u0131han Dere, Sevgililer G\u00fcn\u00fc&#8217;nde al\u0131nan hediyelerin kalitesine ve g\u00fcvenilirli\u011fine de dikkat edilmesi gerekti\u011fini belirterek, &#8220;Bu t\u00fcr \u00f6zel g\u00fcnlerde ne yaz\u0131k ki merdiven alt\u0131 ve fason \u00fcretimlerde art\u0131\u015f g\u00f6zleniyor. Vatanda\u015flar\u0131m\u0131z\u0131, sertifikas\u0131z ve kalitesiz \u00fcr\u00fcnlere kar\u015f\u0131 dikkatli olmaya davet ediyorum. Vatanda\u015flar\u0131m\u0131z\u0131n \u00f6zellikle internet \u00fczerinden al\u0131\u015fveri\u015f yaparken g\u00fcvenilir siteleri tercih etmeleri ve faturas\u0131 olmayan \u00fcr\u00fcnlerden ka\u00e7\u0131nmalar\u0131 b\u00fcy\u00fck \u00f6nem arz ediyor. Ayr\u0131ca g\u00fcvendi\u011fimiz, bildi\u011fimiz yerlerden al\u0131\u015fveri\u015f yapmak gerekiyor&#8221; dedi.<\/p>\n<p>Kaynak: www.kanalv.com.tr Haber Sitesinden Al\u0131nm\u0131\u015ft\u0131r.<\/p>","protected":false},"excerpt":{"rendered":"<p>\u00d6zel g\u00fcnlerde fason \u00fcretimlerde art\u0131\u015f oldu\u011funun da alt\u0131n\u0131 \u00e7izen Ba\u015fkan Dere, &#8220;Bu d\u00f6nemde ne yaz\u0131k ki merdiven alt\u0131 ve fason \u00fcretimlerde art\u0131\u015f g\u00f6zleniyor. Vatanda\u015flar\u0131m\u0131z\u0131, sertifikas\u0131z ve kalitesiz \u00fcr\u00fcnlere kar\u015f\u0131 dikkatli olmaya davet ediyorum&#8221; diyerek vatanda\u015flar\u0131 uyard\u0131. \u00d6zel g\u00fcnlerde esnaf ve sanatkarlar i\u00e7in hareketlili\u011fin artt\u0131\u011f\u0131n\u0131 kaydeden Antalya esnaf ve Sanatkarlar Odalar\u0131 Birli\u011fi (AESOB) Ba\u015fkan\u0131 Adl\u0131han Dere, 14 \u015eubat Sevgililer G\u00fcn\u00fc\u2019n\u00fcn yakla\u015fmas\u0131 dolay\u0131s\u0131yla vatanda\u015flara al\u0131\u015fveri\u015flerini esnaftan yapma \u00e7a\u011fr\u0131s\u0131nda bulundu. \u00d6zel g\u00fcnlerin esnaf ve sanatkarlar i\u00e7in b\u00fcy\u00fck bir f\u0131rsat oldu\u011funu ifade eden Ba\u015fkan Dere, &#8220;Bu t\u00fcr \u00f6zel g\u00fcnlerde \u00f6zellikle kuyumcular, z\u00fccaciye, \u00e7i\u00e7ek\u00e7iler, hediyelik e\u015fya satan esnaf\u0131m\u0131z ba\u015fta olmak \u00fczere toplamda 415 farkl\u0131 meslek grubunu ilgilendiren bir ekonomik canlanma ya\u015fan\u0131yor&#8221; dedi. \u00d6te yandan Sevgililer G\u00fcn\u00fc&#8217;nde sat\u0131\u015flar ortalama y\u00fczde 30-35 oran\u0131nda artt\u0131\u011f\u0131n\u0131 da s\u00f6zlerine ekleyen Ba\u015fkan Dere, &#8220;Bu da esnaf ve sanatk\u00e2r\u0131m\u0131z i\u00e7in b\u00fcy\u00fck bir f\u0131rsat anlam\u0131na geliyor&#8221; ifadelerini kulland\u0131. &#8220;Al\u0131\u015fveri\u015fi esnaftan yapal\u0131m&#8221; Sevgililer G\u00fcn\u00fc&#8217;nde yap\u0131lacak al\u0131\u015fveri\u015flerde yerel esnaf\u0131n tercih edilmesi gerekti\u011fini ifade eden Ba\u015fkan Adl\u0131han Dere, s\u00f6zlerini \u015f\u00f6yle s\u00fcrd\u00fcrd\u00fc: &#8220;Yerel esnaf, kent ekonomisinin temel ta\u015flar\u0131ndan biridir. Al\u0131\u015fveri\u015flerimizi mahallemizdeki, \u015fehrimizdeki esnaftan yaparak hem kaliteli hem de g\u00fcvenilir \u00fcr\u00fcnler edinmi\u015f oluruz. Sevdiklerinize hediye al\u0131rken, esnaftan al\u0131\u015fveri\u015f yapmak, hem onlar\u0131n eme\u011fini de\u011ferlendirmek hem de kaliteli ve orijinal \u00fcr\u00fcnlere ula\u015fmak anlam\u0131na gelir. Ayn\u0131 zamanda, yerel ekonomiye can verir &hellip;<\/p>","protected":false},"author":4,"featured_media":32283,"comment_status":"open","ping_status":"open","sticky":false,"template":"","format":"standard","meta":{"_acf_changed":false,"footnotes":""},"categories":[26],"tags":[],"class_list":["post-32282","post","type-post","status-publish","format-standard","has-post-thumbnail","hentry","category-antalya"],"acf":[],"yoast_head":"<!-- This site is optimized with the Yoast SEO Premium plugin v26.6 (Yoast SEO v27.1.1) - https:\/\/yoast.com\/product\/yoast-seo-premium-wordpress\/ -->\n<title>AESOB Ba\u015fkan\u0131 Dere&#039;den &#039;Sevgililer G\u00fcn\u00fc&#039; \u00e7a\u011fr\u0131s\u0131 - Av. Deniz Can K\u0131z\u0131l<\/title>\n<meta name=\"robots\" content=\"index, follow, max-snippet:-1, max-image-preview:large, max-video-preview:-1\" \/>\n<link rel=\"canonical\" href=\"https:\/\/denizcankizil.tr\/en\/haberler\/antalya\/aesob-baskani-dereden-sevgililer-gunu-cagrisi\/\" \/>\n<meta property=\"og:locale\" content=\"en_GB\" \/>\n<meta property=\"og:type\" content=\"article\" \/>\n<meta property=\"og:title\" content=\"AESOB Ba\u015fkan\u0131 Dere&#039;den &#039;Sevgililer G\u00fcn\u00fc&#039; \u00e7a\u011fr\u0131s\u0131\" \/>\n<meta property=\"og:description\" content=\"\u00d6zel g\u00fcnlerde fason \u00fcretimlerde art\u0131\u015f oldu\u011funun da alt\u0131n\u0131 \u00e7izen Ba\u015fkan Dere, &#8220;Bu d\u00f6nemde ne yaz\u0131k ki merdiven alt\u0131 ve fason \u00fcretimlerde art\u0131\u015f g\u00f6zleniyor. Vatanda\u015flar\u0131m\u0131z\u0131, sertifikas\u0131z ve kalitesiz \u00fcr\u00fcnlere kar\u015f\u0131 dikkatli olmaya davet ediyorum&#8221; diyerek vatanda\u015flar\u0131 uyard\u0131. \u00d6zel g\u00fcnlerde esnaf ve sanatkarlar i\u00e7in hareketlili\u011fin artt\u0131\u011f\u0131n\u0131 kaydeden Antalya esnaf ve Sanatkarlar Odalar\u0131 Birli\u011fi (AESOB) Ba\u015fkan\u0131 Adl\u0131han Dere, 14 \u015eubat Sevgililer G\u00fcn\u00fc\u2019n\u00fcn yakla\u015fmas\u0131 dolay\u0131s\u0131yla vatanda\u015flara al\u0131\u015fveri\u015flerini esnaftan yapma \u00e7a\u011fr\u0131s\u0131nda bulundu. \u00d6zel g\u00fcnlerin esnaf ve sanatkarlar i\u00e7in b\u00fcy\u00fck bir f\u0131rsat oldu\u011funu ifade eden Ba\u015fkan Dere, &#8220;Bu t\u00fcr \u00f6zel g\u00fcnlerde \u00f6zellikle kuyumcular, z\u00fccaciye, \u00e7i\u00e7ek\u00e7iler, hediyelik e\u015fya satan esnaf\u0131m\u0131z ba\u015fta olmak \u00fczere toplamda 415 farkl\u0131 meslek grubunu ilgilendiren bir ekonomik canlanma ya\u015fan\u0131yor&#8221; dedi. \u00d6te yandan Sevgililer G\u00fcn\u00fc&#8217;nde sat\u0131\u015flar ortalama y\u00fczde 30-35 oran\u0131nda artt\u0131\u011f\u0131n\u0131 da s\u00f6zlerine ekleyen Ba\u015fkan Dere, &#8220;Bu da esnaf ve sanatk\u00e2r\u0131m\u0131z i\u00e7in b\u00fcy\u00fck bir f\u0131rsat anlam\u0131na geliyor&#8221; ifadelerini kulland\u0131. &#8220;Al\u0131\u015fveri\u015fi esnaftan yapal\u0131m&#8221; Sevgililer G\u00fcn\u00fc&#8217;nde yap\u0131lacak al\u0131\u015fveri\u015flerde yerel esnaf\u0131n tercih edilmesi gerekti\u011fini ifade eden Ba\u015fkan Adl\u0131han Dere, s\u00f6zlerini \u015f\u00f6yle s\u00fcrd\u00fcrd\u00fc: &#8220;Yerel esnaf, kent ekonomisinin temel ta\u015flar\u0131ndan biridir. Al\u0131\u015fveri\u015flerimizi mahallemizdeki, \u015fehrimizdeki esnaftan yaparak hem kaliteli hem de g\u00fcvenilir \u00fcr\u00fcnler edinmi\u015f oluruz. Sevdiklerinize hediye al\u0131rken, esnaftan al\u0131\u015fveri\u015f yapmak, hem onlar\u0131n eme\u011fini de\u011ferlendirmek hem de kaliteli ve orijinal \u00fcr\u00fcnlere ula\u015fmak anlam\u0131na gelir. Ayn\u0131 zamanda, yerel ekonomiye can verir &hellip;\" \/>\n<meta property=\"og:url\" content=\"https:\/\/denizcankizil.tr\/en\/haberler\/antalya\/aesob-baskani-dereden-sevgililer-gunu-cagrisi\/\" \/>\n<meta property=\"og:site_name\" content=\"Av. Deniz Can K\u0131z\u0131l\" \/>\n<meta property=\"article:published_time\" content=\"2025-02-12T13:41:33+00:00\" \/>\n<meta property=\"og:image\" content=\"https:\/\/denizcankizil.tr\/wp-content\/uploads\/2025\/02\/4605-01-t0NUO8.jpeg\" \/>\n\t<meta property=\"og:image:width\" content=\"1280\" \/>\n\t<meta property=\"og:image:height\" content=\"720\" \/>\n\t<meta property=\"og:image:type\" content=\"image\/jpeg\" \/>\n<meta name=\"author\" content=\"Av. Deniz Can K\u0131z\u0131l\" \/>\n<meta name=\"twitter:card\" content=\"summary_large_image\" \/>\n<meta name=\"twitter:label1\" content=\"Written by\" \/>\n\t<meta name=\"twitter:data1\" content=\"Av. Deniz Can K\u0131z\u0131l\" \/>\n\t<meta name=\"twitter:label2\" content=\"Estimated reading time\" \/>\n\t<meta name=\"twitter:data2\" content=\"2 minutes\" \/>\n<script type=\"application\/ld+json\" class=\"yoast-schema-graph\">{\"@context\":\"https:\/\/schema.org\",\"@graph\":[{\"@type\":\"Article\",\"@id\":\"https:\/\/denizcankizil.tr\/en\/haberler\/antalya\/aesob-baskani-dereden-sevgililer-gunu-cagrisi\/#article\",\"isPartOf\":{\"@id\":\"https:\/\/denizcankizil.tr\/en\/haberler\/antalya\/aesob-baskani-dereden-sevgililer-gunu-cagrisi\/\"},\"author\":{\"name\":\"Av. Deniz Can K\u0131z\u0131l\",\"@id\":\"https:\/\/denizcankizil.tr\/#\/schema\/person\/5dc1b22991bd7ac833867c10afc9b0ff\"},\"headline\":\"AESOB Ba\u015fkan\u0131 Dere&#8217;den &#8216;Sevgililer G\u00fcn\u00fc&#8217; \u00e7a\u011fr\u0131s\u0131\",\"datePublished\":\"2025-02-12T13:41:33+00:00\",\"mainEntityOfPage\":{\"@id\":\"https:\/\/denizcankizil.tr\/en\/haberler\/antalya\/aesob-baskani-dereden-sevgililer-gunu-cagrisi\/\"},\"wordCount\":433,\"commentCount\":0,\"publisher\":{\"@id\":\"https:\/\/denizcankizil.tr\/#organization\"},\"image\":{\"@id\":\"https:\/\/denizcankizil.tr\/en\/haberler\/antalya\/aesob-baskani-dereden-sevgililer-gunu-cagrisi\/#primaryimage\"},\"thumbnailUrl\":\"https:\/\/denizcankizil.tr\/wp-content\/uploads\/2025\/02\/4605-01-t0NUO8.jpeg\",\"articleSection\":[\"Antalya\"],\"inLanguage\":\"en-GB\",\"potentialAction\":[{\"@type\":\"CommentAction\",\"name\":\"Comment\",\"target\":[\"https:\/\/denizcankizil.tr\/en\/haberler\/antalya\/aesob-baskani-dereden-sevgililer-gunu-cagrisi\/#respond\"]}]},{\"@type\":\"WebPage\",\"@id\":\"https:\/\/denizcankizil.tr\/en\/haberler\/antalya\/aesob-baskani-dereden-sevgililer-gunu-cagrisi\/\",\"url\":\"https:\/\/denizcankizil.tr\/en\/haberler\/antalya\/aesob-baskani-dereden-sevgililer-gunu-cagrisi\/\",\"name\":\"AESOB Ba\u015fkan\u0131 Dere'den 'Sevgililer G\u00fcn\u00fc' \u00e7a\u011fr\u0131s\u0131 - Av. Deniz Can K\u0131z\u0131l\",\"isPartOf\":{\"@id\":\"https:\/\/denizcankizil.tr\/#website\"},\"primaryImageOfPage\":{\"@id\":\"https:\/\/denizcankizil.tr\/en\/haberler\/antalya\/aesob-baskani-dereden-sevgililer-gunu-cagrisi\/#primaryimage\"},\"image\":{\"@id\":\"https:\/\/denizcankizil.tr\/en\/haberler\/antalya\/aesob-baskani-dereden-sevgililer-gunu-cagrisi\/#primaryimage\"},\"thumbnailUrl\":\"https:\/\/denizcankizil.tr\/wp-content\/uploads\/2025\/02\/4605-01-t0NUO8.jpeg\",\"datePublished\":\"2025-02-12T13:41:33+00:00\",\"breadcrumb\":{\"@id\":\"https:\/\/denizcankizil.tr\/en\/haberler\/antalya\/aesob-baskani-dereden-sevgililer-gunu-cagrisi\/#breadcrumb\"},\"inLanguage\":\"en-GB\",\"potentialAction\":[{\"@type\":\"ReadAction\",\"target\":[\"https:\/\/denizcankizil.tr\/en\/haberler\/antalya\/aesob-baskani-dereden-sevgililer-gunu-cagrisi\/\"]}]},{\"@type\":\"ImageObject\",\"inLanguage\":\"en-GB\",\"@id\":\"https:\/\/denizcankizil.tr\/en\/haberler\/antalya\/aesob-baskani-dereden-sevgililer-gunu-cagrisi\/#primaryimage\",\"url\":\"https:\/\/denizcankizil.tr\/wp-content\/uploads\/2025\/02\/4605-01-t0NUO8.jpeg\",\"contentUrl\":\"https:\/\/denizcankizil.tr\/wp-content\/uploads\/2025\/02\/4605-01-t0NUO8.jpeg\",\"width\":1280,\"height\":720},{\"@type\":\"BreadcrumbList\",\"@id\":\"https:\/\/denizcankizil.tr\/en\/haberler\/antalya\/aesob-baskani-dereden-sevgililer-gunu-cagrisi\/#breadcrumb\",\"itemListElement\":[{\"@type\":\"ListItem\",\"position\":1,\"name\":\"Home\",\"item\":\"https:\/\/denizcankizil.tr\/uk\/\"},{\"@type\":\"ListItem\",\"position\":2,\"name\":\"AESOB Ba\u015fkan\u0131 Dere&#8217;den &#8216;Sevgililer G\u00fcn\u00fc&#8217; \u00e7a\u011fr\u0131s\u0131\"}]},{\"@type\":\"WebSite\",\"@id\":\"https:\/\/denizcankizil.tr\/#website\",\"url\":\"https:\/\/denizcankizil.tr\/\",\"name\":\"Av. Deniz Can K\u0131z\u0131l\",\"description\":\"Avukat Deniz Can K\u0131z\u0131l Antalya Barosu\",\"publisher\":{\"@id\":\"https:\/\/denizcankizil.tr\/#organization\"},\"potentialAction\":[{\"@type\":\"SearchAction\",\"target\":{\"@type\":\"EntryPoint\",\"urlTemplate\":\"https:\/\/denizcankizil.tr\/?s={search_term_string}\"},\"query-input\":{\"@type\":\"PropertyValueSpecification\",\"valueRequired\":true,\"valueName\":\"search_term_string\"}}],\"inLanguage\":\"en-GB\"},{\"@type\":\"Organization\",\"@id\":\"https:\/\/denizcankizil.tr\/#organization\",\"name\":\"Av. Deniz Can K\u0131z\u0131l\",\"url\":\"https:\/\/denizcankizil.tr\/\",\"logo\":{\"@type\":\"ImageObject\",\"inLanguage\":\"en-GB\",\"@id\":\"https:\/\/denizcankizil.tr\/#\/schema\/logo\/image\/\",\"url\":\"https:\/\/denizcankizil.tr\/wp-content\/uploads\/2024\/10\/siyah-logo-svg.svg\",\"contentUrl\":\"https:\/\/denizcankizil.tr\/wp-content\/uploads\/2024\/10\/siyah-logo-svg.svg\",\"width\":1080,\"height\":1080,\"caption\":\"Av. Deniz Can K\u0131z\u0131l\"},\"image\":{\"@id\":\"https:\/\/denizcankizil.tr\/#\/schema\/logo\/image\/\"}},{\"@type\":\"Person\",\"@id\":\"https:\/\/denizcankizil.tr\/#\/schema\/person\/5dc1b22991bd7ac833867c10afc9b0ff\",\"name\":\"Av. Deniz Can K\u0131z\u0131l\",\"image\":{\"@type\":\"ImageObject\",\"inLanguage\":\"en-GB\",\"@id\":\"https:\/\/denizcankizil.tr\/#\/schema\/person\/image\/\",\"url\":\"https:\/\/secure.gravatar.com\/avatar\/a0b128fb9855c79efc976d5640eedb31dc35ec297594d6016d2cf7c60e975bb6?s=96&d=mm&r=g\",\"contentUrl\":\"https:\/\/secure.gravatar.com\/avatar\/a0b128fb9855c79efc976d5640eedb31dc35ec297594d6016d2cf7c60e975bb6?s=96&d=mm&r=g\",\"caption\":\"Av. Deniz Can K\u0131z\u0131l\"},\"sameAs\":[\"http:\/\/www.denizcankizil.tr\"],\"url\":\"https:\/\/denizcankizil.tr\/en\/author\/denizcankizil\/\"}]}<\/script>\n<!-- \/ Yoast SEO Premium plugin. -->","yoast_head_json":{"title":"AESOB Ba\u015fkan\u0131 Dere'den 'Sevgililer G\u00fcn\u00fc' \u00e7a\u011fr\u0131s\u0131 - Av. Deniz Can K\u0131z\u0131l","robots":{"index":"index","follow":"follow","max-snippet":"max-snippet:-1","max-image-preview":"max-image-preview:large","max-video-preview":"max-video-preview:-1"},"canonical":"https:\/\/denizcankizil.tr\/en\/haberler\/antalya\/aesob-baskani-dereden-sevgililer-gunu-cagrisi\/","og_locale":"en_GB","og_type":"article","og_title":"AESOB Ba\u015fkan\u0131 Dere'den 'Sevgililer G\u00fcn\u00fc' \u00e7a\u011fr\u0131s\u0131","og_description":"\u00d6zel g\u00fcnlerde fason \u00fcretimlerde art\u0131\u015f oldu\u011funun da alt\u0131n\u0131 \u00e7izen Ba\u015fkan Dere, &#8220;Bu d\u00f6nemde ne yaz\u0131k ki merdiven alt\u0131 ve fason \u00fcretimlerde art\u0131\u015f g\u00f6zleniyor. Vatanda\u015flar\u0131m\u0131z\u0131, sertifikas\u0131z ve kalitesiz \u00fcr\u00fcnlere kar\u015f\u0131 dikkatli olmaya davet ediyorum&#8221; diyerek vatanda\u015flar\u0131 uyard\u0131. \u00d6zel g\u00fcnlerde esnaf ve sanatkarlar i\u00e7in hareketlili\u011fin artt\u0131\u011f\u0131n\u0131 kaydeden Antalya esnaf ve Sanatkarlar Odalar\u0131 Birli\u011fi (AESOB) Ba\u015fkan\u0131 Adl\u0131han Dere, 14 \u015eubat Sevgililer G\u00fcn\u00fc\u2019n\u00fcn yakla\u015fmas\u0131 dolay\u0131s\u0131yla vatanda\u015flara al\u0131\u015fveri\u015flerini esnaftan yapma \u00e7a\u011fr\u0131s\u0131nda bulundu. \u00d6zel g\u00fcnlerin esnaf ve sanatkarlar i\u00e7in b\u00fcy\u00fck bir f\u0131rsat oldu\u011funu ifade eden Ba\u015fkan Dere, &#8220;Bu t\u00fcr \u00f6zel g\u00fcnlerde \u00f6zellikle kuyumcular, z\u00fccaciye, \u00e7i\u00e7ek\u00e7iler, hediyelik e\u015fya satan esnaf\u0131m\u0131z ba\u015fta olmak \u00fczere toplamda 415 farkl\u0131 meslek grubunu ilgilendiren bir ekonomik canlanma ya\u015fan\u0131yor&#8221; dedi. \u00d6te yandan Sevgililer G\u00fcn\u00fc&#8217;nde sat\u0131\u015flar ortalama y\u00fczde 30-35 oran\u0131nda artt\u0131\u011f\u0131n\u0131 da s\u00f6zlerine ekleyen Ba\u015fkan Dere, &#8220;Bu da esnaf ve sanatk\u00e2r\u0131m\u0131z i\u00e7in b\u00fcy\u00fck bir f\u0131rsat anlam\u0131na geliyor&#8221; ifadelerini kulland\u0131. &#8220;Al\u0131\u015fveri\u015fi esnaftan yapal\u0131m&#8221; Sevgililer G\u00fcn\u00fc&#8217;nde yap\u0131lacak al\u0131\u015fveri\u015flerde yerel esnaf\u0131n tercih edilmesi gerekti\u011fini ifade eden Ba\u015fkan Adl\u0131han Dere, s\u00f6zlerini \u015f\u00f6yle s\u00fcrd\u00fcrd\u00fc: &#8220;Yerel esnaf, kent ekonomisinin temel ta\u015flar\u0131ndan biridir. Al\u0131\u015fveri\u015flerimizi mahallemizdeki, \u015fehrimizdeki esnaftan yaparak hem kaliteli hem de g\u00fcvenilir \u00fcr\u00fcnler edinmi\u015f oluruz. Sevdiklerinize hediye al\u0131rken, esnaftan al\u0131\u015fveri\u015f yapmak, hem onlar\u0131n eme\u011fini de\u011ferlendirmek hem de kaliteli ve orijinal \u00fcr\u00fcnlere ula\u015fmak anlam\u0131na gelir. Ayn\u0131 zamanda, yerel ekonomiye can verir &hellip;","og_url":"https:\/\/denizcankizil.tr\/en\/haberler\/antalya\/aesob-baskani-dereden-sevgililer-gunu-cagrisi\/","og_site_name":"Av. Deniz Can K\u0131z\u0131l","article_published_time":"2025-02-12T13:41:33+00:00","og_image":[{"width":1280,"height":720,"url":"https:\/\/denizcankizil.tr\/wp-content\/uploads\/2025\/02\/4605-01-t0NUO8.jpeg","type":"image\/jpeg"}],"author":"Av. Deniz Can K\u0131z\u0131l","twitter_card":"summary_large_image","twitter_misc":{"Written by":"Av. Deniz Can K\u0131z\u0131l","Estimated reading time":"2 minutes"},"schema":{"@context":"https:\/\/schema.org","@graph":[{"@type":"Article","@id":"https:\/\/denizcankizil.tr\/en\/haberler\/antalya\/aesob-baskani-dereden-sevgililer-gunu-cagrisi\/#article","isPartOf":{"@id":"https:\/\/denizcankizil.tr\/en\/haberler\/antalya\/aesob-baskani-dereden-sevgililer-gunu-cagrisi\/"},"author":{"name":"Av. Deniz Can K\u0131z\u0131l","@id":"https:\/\/denizcankizil.tr\/#\/schema\/person\/5dc1b22991bd7ac833867c10afc9b0ff"},"headline":"AESOB Ba\u015fkan\u0131 Dere&#8217;den &#8216;Sevgililer G\u00fcn\u00fc&#8217; \u00e7a\u011fr\u0131s\u0131","datePublished":"2025-02-12T13:41:33+00:00","mainEntityOfPage":{"@id":"https:\/\/denizcankizil.tr\/en\/haberler\/antalya\/aesob-baskani-dereden-sevgililer-gunu-cagrisi\/"},"wordCount":433,"commentCount":0,"publisher":{"@id":"https:\/\/denizcankizil.tr\/#organization"},"image":{"@id":"https:\/\/denizcankizil.tr\/en\/haberler\/antalya\/aesob-baskani-dereden-sevgililer-gunu-cagrisi\/#primaryimage"},"thumbnailUrl":"https:\/\/denizcankizil.tr\/wp-content\/uploads\/2025\/02\/4605-01-t0NUO8.jpeg","articleSection":["Antalya"],"inLanguage":"en-GB","potentialAction":[{"@type":"CommentAction","name":"Comment","target":["https:\/\/denizcankizil.tr\/en\/haberler\/antalya\/aesob-baskani-dereden-sevgililer-gunu-cagrisi\/#respond"]}]},{"@type":"WebPage","@id":"https:\/\/denizcankizil.tr\/en\/haberler\/antalya\/aesob-baskani-dereden-sevgililer-gunu-cagrisi\/","url":"https:\/\/denizcankizil.tr\/en\/haberler\/antalya\/aesob-baskani-dereden-sevgililer-gunu-cagrisi\/","name":"AESOB Ba\u015fkan\u0131 Dere'den 'Sevgililer G\u00fcn\u00fc' \u00e7a\u011fr\u0131s\u0131 - Av. Deniz Can K\u0131z\u0131l","isPartOf":{"@id":"https:\/\/denizcankizil.tr\/#website"},"primaryImageOfPage":{"@id":"https:\/\/denizcankizil.tr\/en\/haberler\/antalya\/aesob-baskani-dereden-sevgililer-gunu-cagrisi\/#primaryimage"},"image":{"@id":"https:\/\/denizcankizil.tr\/en\/haberler\/antalya\/aesob-baskani-dereden-sevgililer-gunu-cagrisi\/#primaryimage"},"thumbnailUrl":"https:\/\/denizcankizil.tr\/wp-content\/uploads\/2025\/02\/4605-01-t0NUO8.jpeg","datePublished":"2025-02-12T13:41:33+00:00","breadcrumb":{"@id":"https:\/\/denizcankizil.tr\/en\/haberler\/antalya\/aesob-baskani-dereden-sevgililer-gunu-cagrisi\/#breadcrumb"},"inLanguage":"en-GB","potentialAction":[{"@type":"ReadAction","target":["https:\/\/denizcankizil.tr\/en\/haberler\/antalya\/aesob-baskani-dereden-sevgililer-gunu-cagrisi\/"]}]},{"@type":"ImageObject","inLanguage":"en-GB","@id":"https:\/\/denizcankizil.tr\/en\/haberler\/antalya\/aesob-baskani-dereden-sevgililer-gunu-cagrisi\/#primaryimage","url":"https:\/\/denizcankizil.tr\/wp-content\/uploads\/2025\/02\/4605-01-t0NUO8.jpeg","contentUrl":"https:\/\/denizcankizil.tr\/wp-content\/uploads\/2025\/02\/4605-01-t0NUO8.jpeg","width":1280,"height":720},{"@type":"BreadcrumbList","@id":"https:\/\/denizcankizil.tr\/en\/haberler\/antalya\/aesob-baskani-dereden-sevgililer-gunu-cagrisi\/#breadcrumb","itemListElement":[{"@type":"ListItem","position":1,"name":"Home","item":"https:\/\/denizcankizil.tr\/uk\/"},{"@type":"ListItem","position":2,"name":"AESOB Ba\u015fkan\u0131 Dere&#8217;den &#8216;Sevgililer G\u00fcn\u00fc&#8217; \u00e7a\u011fr\u0131s\u0131"}]},{"@type":"WebSite","@id":"https:\/\/denizcankizil.tr\/#website","url":"https:\/\/denizcankizil.tr\/","name":"Av. Deniz Can K\u0131z\u0131l","description":"Avukat Deniz Can K\u0131z\u0131l Antalya Barosu","publisher":{"@id":"https:\/\/denizcankizil.tr\/#organization"},"potentialAction":[{"@type":"SearchAction","target":{"@type":"EntryPoint","urlTemplate":"https:\/\/denizcankizil.tr\/?s={search_term_string}"},"query-input":{"@type":"PropertyValueSpecification","valueRequired":true,"valueName":"search_term_string"}}],"inLanguage":"en-GB"},{"@type":"Organization","@id":"https:\/\/denizcankizil.tr\/#organization","name":"Av. Deniz Can K\u0131z\u0131l","url":"https:\/\/denizcankizil.tr\/","logo":{"@type":"ImageObject","inLanguage":"en-GB","@id":"https:\/\/denizcankizil.tr\/#\/schema\/logo\/image\/","url":"https:\/\/denizcankizil.tr\/wp-content\/uploads\/2024\/10\/siyah-logo-svg.svg","contentUrl":"https:\/\/denizcankizil.tr\/wp-content\/uploads\/2024\/10\/siyah-logo-svg.svg","width":1080,"height":1080,"caption":"Av. Deniz Can K\u0131z\u0131l"},"image":{"@id":"https:\/\/denizcankizil.tr\/#\/schema\/logo\/image\/"}},{"@type":"Person","@id":"https:\/\/denizcankizil.tr\/#\/schema\/person\/5dc1b22991bd7ac833867c10afc9b0ff","name":"Av. Deniz Can K\u0131z\u0131l","image":{"@type":"ImageObject","inLanguage":"en-GB","@id":"https:\/\/denizcankizil.tr\/#\/schema\/person\/image\/","url":"https:\/\/secure.gravatar.com\/avatar\/a0b128fb9855c79efc976d5640eedb31dc35ec297594d6016d2cf7c60e975bb6?s=96&d=mm&r=g","contentUrl":"https:\/\/secure.gravatar.com\/avatar\/a0b128fb9855c79efc976d5640eedb31dc35ec297594d6016d2cf7c60e975bb6?s=96&d=mm&r=g","caption":"Av. Deniz Can K\u0131z\u0131l"},"sameAs":["http:\/\/www.denizcankizil.tr"],"url":"https:\/\/denizcankizil.tr\/en\/author\/denizcankizil\/"}]}},"_links":{"self":[{"href":"https:\/\/denizcankizil.tr\/en\/wp-json\/wp\/v2\/posts\/32282","targetHints":{"allow":["GET"]}}],"collection":[{"href":"https:\/\/denizcankizil.tr\/en\/wp-json\/wp\/v2\/posts"}],"about":[{"href":"https:\/\/denizcankizil.tr\/en\/wp-json\/wp\/v2\/types\/post"}],"author":[{"embeddable":true,"href":"https:\/\/denizcankizil.tr\/en\/wp-json\/wp\/v2\/users\/4"}],"replies":[{"embeddable":true,"href":"https:\/\/denizcankizil.tr\/en\/wp-json\/wp\/v2\/comments?post=32282"}],"version-history":[{"count":0,"href":"https:\/\/denizcankizil.tr\/en\/wp-json\/wp\/v2\/posts\/32282\/revisions"}],"wp:featuredmedia":[{"embeddable":true,"href":"https:\/\/denizcankizil.tr\/en\/wp-json\/wp\/v2\/media\/32283"}],"wp:attachment":[{"href":"https:\/\/denizcankizil.tr\/en\/wp-json\/wp\/v2\/media?parent=32282"}],"wp:term":[{"taxonomy":"category","embeddable":true,"href":"https:\/\/denizcankizil.tr\/en\/wp-json\/wp\/v2\/categories?post=32282"},{"taxonomy":"post_tag","embeddable":true,"href":"https:\/\/denizcankizil.tr\/en\/wp-json\/wp\/v2\/tags?post=32282"}],"curies":[{"name":"wp","href":"https:\/\/api.w.org\/{rel}","templated":true}]}}