{"id":31942,"date":"2025-02-11T10:42:46","date_gmt":"2025-02-11T07:42:46","guid":{"rendered":"https:\/\/denizcankizil.tr\/uncategorized-tr\/alanyada-saldiriya-ugrayan-otobus-soforu-yasananlari-anlatti\/"},"modified":"2025-02-11T10:42:46","modified_gmt":"2025-02-11T07:42:46","slug":"alanyada-saldiriya-ugrayan-otobus-soforu-yasananlari-anlatti","status":"publish","type":"post","link":"https:\/\/denizcankizil.tr\/en\/haberler\/gundem\/alanyada-saldiriya-ugrayan-otobus-soforu-yasananlari-anlatti\/","title":{"rendered":"Alanya\u2019da sald\u0131r\u0131ya u\u011frayan otob\u00fcs \u015fof\u00f6r\u00fc ya\u015fananlar\u0131 anlatt\u0131"},"content":{"rendered":"<p>Olay, sabah saatlerinde Antalya\u2019n\u0131n Alanya il\u00e7esine ba\u011fl\u0131 Mahmutlar Mahallesi Barbaros Caddesi \u00fczerinde meydana geldi. \u0130ki farkl\u0131 \u00f6zel halk otob\u00fcs\u00fcn\u00fcn \u015fof\u00f6rleri, trafikte yol verme nedeniyle otomobilin s\u00fcr\u00fcc\u00fcs\u00fc g\u00fcvenlik g\u00f6revlisi Emre A. ile tart\u0131\u015fmaya ba\u015flad\u0131. Tart\u0131\u015fman\u0131n b\u00fcy\u00fcmesi ile iki farkl\u0131 otob\u00fcsten inen Ersin \u015e. ve Ahmet A. ile Emre A. aras\u0131nda kavga \u00e7\u0131kt\u0131. Emre A., yan\u0131ndaki b\u0131\u00e7akla 2 otob\u00fcs \u015fof\u00f6r\u00fcn\u00fc yaralad\u0131. Yaral\u0131 otob\u00fcs \u015fof\u00f6rleri kendi imkanlar\u0131 ile hastaneye gitti. Yaral\u0131 otob\u00fcs \u015fof\u00f6rlerinin sa\u011fl\u0131k durumlar\u0131n\u0131n iyi oldu\u011fu \u00f6\u011frenilirken, bir bankada g\u00fcvenlik g\u00f6revlisi oldu\u011fu belirlenen \u015f\u00fcpheli polis taraf\u0131ndan g\u00f6zalt\u0131na al\u0131nd\u0131.\u00a0<\/p>\n<p>OTOB\u00dcS \u015eOF\u00d6R\u00dc YA\u015eANANLARI ANLATTI\u00a0<\/p>\n<p>Trafikte ya\u015fanan b\u0131\u00e7akl\u0131 kavgada yaralanan otob\u00fcs \u015fof\u00f6r\u00fc Ahmet At\u0131c\u0131, ya\u015fad\u0131\u011f\u0131 o olay\u0131 anlatt\u0131. At\u0131c\u0131, &#8220;Bug\u00fcn sabah 12 y\u0131ld\u0131r \u00e7al\u0131\u015fmakta oldu\u011fum \u00f6zel halk otob\u00fcslerinde seferime \u00e7\u0131kt\u0131\u011f\u0131mda Mahmutlar D\u00f6rtyol olarak tabir etti\u011fimiz kav\u015faktan \u00e7\u0131kt\u0131k. Mahmutlar Barbaros Caddesi \u00fczerinde bulunan dura\u011fa geldi\u011fimizde, ben duraktan yolcu al\u0131rken arkamdaki arac\u0131n tart\u0131\u015ft\u0131\u011f\u0131n\u0131 aynadan g\u00f6rd\u00fcm. Sonradan yolcu bindi, indim ay\u0131rmak i\u00e7in, gerek olmad\u0131\u011f\u0131n\u0131 s\u00f6yleyecektim. O s\u0131rada tart\u0131\u015fma bitmi\u015f, \u015fah\u0131s arabas\u0131yla hareket ederken benim arabam\u0131n yan\u0131nda durdu. Ben de \u2018M\u00fcd\u00fcr gerek yok b\u00f6yle \u015feylere&#8217; dedim. &#8216;Zaten otob\u00fcs dura\u011f\u0131, yolcuyu al\u0131p gidece\u011fiz&#8217; dedim. Ben bunu s\u00f6yledikten sonra \u015fahs\u0131n \u00fczerinde g\u00fcvenlik elbisesi vard\u0131. Kendisi bana k\u00fcfrederek &#8216;Sizi ilgilendirmez, hepiniz ayn\u0131s\u0131n\u0131z&#8217; dedi. Giderken ben de elimle hafif araban\u0131n tavan\u0131na vurdum. Tekrar k\u00fcfre devam edince ben de sa\u011f elimle vurdum, &#8216;Devam et&#8217; dedim. Devam etmemi\u015f, ileri gitti durdu. Daha sonra geldi, gelmesi ile vurmas\u0131 bir oldu. Elinde b\u0131\u00e7ak vard\u0131. Ben b\u0131\u00e7a\u011f\u0131 g\u00f6rmedim, elim cebimdeydi. Ben sadece yapmamas\u0131 gerekti\u011fini s\u00f6ylemek i\u00e7in gitmi\u015ftim. Sonra di\u011fer arkada\u015fta ko\u015farak geldi. Benle tart\u0131\u015ft\u0131\u011f\u0131n\u0131 g\u00f6r\u00fcnce \u015fahsa vurdu. O s\u0131rada onu da b\u0131\u00e7aklam\u0131\u015f, ikimizi de b\u0131\u00e7aklam\u0131\u015f&#8221; dedi.\u00a0<\/p>\n<p>KEND\u0130 \u0130MKANLARIYLA HASTANEYE G\u0130TT\u0130\u00a0<\/p>\n<p>B\u0131\u00e7akland\u0131ktan sonra kendi kulland\u0131\u011f\u0131 ara\u00e7la hastaneye gitti\u011fini anlatan At\u0131c\u0131, &#8220;Hastaneye kendim gittim. \u00c7\u00fcnk\u00fc arabada \u00f6\u011frenci vard\u0131. \u00d6\u011frencileri Kestel Kav\u015fa\u011f\u0131&#8217;na gelince indirip, kendi imkanlar\u0131yla okula gitmelerini s\u00f6yledim. Ard\u0131ndan otob\u00fcs\u00fc s\u00fcrerek Alanya Alaaddin Keykubat \u00dcniversitesi Devlet Hastanesinin aciline kadar geldim. Acilden giri\u015f yapt\u0131m. Di\u011fer arkada\u015f da kendi otob\u00fcs\u00fc ile geldi. B\u0131\u00e7akland\u0131\u011f\u0131n\u0131n sonradan fark\u0131na varm\u0131\u015f. Ben hastanede yaram damar\u0131n dibinde durdu\u011fu i\u00e7in tomografi ve MR \u00e7ekildi. Damarda herhangi bir zedelenme yok, yara derin. 5 diki\u015f at\u0131ld\u0131, \u015fu an \u015fi\u015f oldu\u011fu i\u00e7in \u00fczerine basam\u0131yorum. Baston ile y\u00fcr\u00fcyorum&#8221; \u015feklinde konu\u015ftu.\u00a0<\/p>\n<p>\u201cBI\u00c7AK DE\u011e\u0130L DE S\u0130LAH OLSAYDI\u201d<\/p>\n<p>Ya\u015fad\u0131\u011f\u0131 olay\u0131n \u015fokunu hala \u00fczerinden atamayan Ahmet At\u0131c\u0131, bundan sonraki hukuki s\u00fcrecin takip\u00e7isi olacaklar\u0131n\u0131 ifade etti. At\u0131c\u0131, &#8220;Bundan sonraki hukuki s\u00fcre\u00e7te haklar\u0131m\u0131z\u0131 koruyaca\u011f\u0131z. Olay\u0131n takip\u00e7isi olaca\u011f\u0131z. Her konuda davac\u0131y\u0131z. Di\u011fer arkada\u015f ile g\u00f6r\u00fc\u015ft\u00fcm, o da davac\u0131, ben de davac\u0131y\u0131m. Di\u011fer \u015fof\u00f6r arkada\u015fta davac\u0131. Biz s\u00fcrekli b\u00f6yle \u015feylerle kar\u015f\u0131la\u015f\u0131yoruz. Ben vatanda\u015f\u0131 g\u00f6rd\u00fc\u011f\u00fcmde g\u00fcvenlik elbisesi vard\u0131. Otob\u00fcsten inip anlay\u0131\u015f ile kar\u015f\u0131lar zannettim, me\u011ferse fikri ba\u015fkaym\u0131\u015f. B\u0131\u00e7ak de\u011fil de silah olsayd\u0131 s\u00fcre\u00e7 nas\u0131l olurdu onu d\u00fc\u015f\u00fcn\u00fcyorum \u015fu an&#8221; ifadelerini kulland\u0131.\u00a0<\/p>\n<p>\u00a0 \u00a0 \u00a0 \u00a0 \u00a0 \u00a0 \u00a0 \u00a0 \u00a0 \u00a0 \u00a0 \u00a0 \u00a0 \u00a0 \u00a0 \u00a0 \u00a0 \u00a0\u00a0<\/p>\n<p>\u200bAntalya\u2019n\u0131n Alanya il\u00e7esinde d\u00fcn (10 \u015eubat)  trafikte yol verme kavgas\u0131 nedeniyle bir g\u00fcvenlik g\u00f6revlisi, 2 \u00f6zel halk otob\u00fcs \u015fof\u00f6r\u00fcn\u00fc b\u0131\u00e7*kla yaralad\u0131. Kavgada yaralanan otob\u00fcs \u015fof\u00f6r\u00fc Ahmet At\u0131c\u0131, \u201cSald\u0131rgan\u0131n elindeki silah olsayd\u0131 s\u00fcre\u00e7 nas\u0131l olurdu onu d\u00fc\u015f\u00fcn\u00fcyorum \u015fu an\u201d dedi.\u00a0<\/p>\n<p>\u200bHaberin Al\u0131nt\u0131land\u0131\u011f\u0131 Kaynak: www.antalyakorfez.com<\/p>","protected":false},"excerpt":{"rendered":"<p>Olay, sabah saatlerinde Antalya\u2019n\u0131n Alanya il\u00e7esine ba\u011fl\u0131 Mahmutlar Mahallesi Barbaros Caddesi \u00fczerinde meydana geldi. \u0130ki farkl\u0131 \u00f6zel halk otob\u00fcs\u00fcn\u00fcn \u015fof\u00f6rleri, trafikte yol verme nedeniyle otomobilin s\u00fcr\u00fcc\u00fcs\u00fc g\u00fcvenlik g\u00f6revlisi Emre A. ile tart\u0131\u015fmaya ba\u015flad\u0131. Tart\u0131\u015fman\u0131n b\u00fcy\u00fcmesi ile iki farkl\u0131 otob\u00fcsten inen Ersin \u015e. ve Ahmet A. ile Emre A. aras\u0131nda kavga \u00e7\u0131kt\u0131. Emre A., yan\u0131ndaki b\u0131\u00e7akla 2 otob\u00fcs \u015fof\u00f6r\u00fcn\u00fc yaralad\u0131. Yaral\u0131 otob\u00fcs \u015fof\u00f6rleri kendi imkanlar\u0131 ile hastaneye gitti. Yaral\u0131 otob\u00fcs \u015fof\u00f6rlerinin sa\u011fl\u0131k durumlar\u0131n\u0131n iyi oldu\u011fu \u00f6\u011frenilirken, bir bankada g\u00fcvenlik g\u00f6revlisi oldu\u011fu belirlenen \u015f\u00fcpheli polis taraf\u0131ndan g\u00f6zalt\u0131na al\u0131nd\u0131.\u00a0 OTOB\u00dcS \u015eOF\u00d6R\u00dc YA\u015eANANLARI ANLATTI\u00a0 Trafikte ya\u015fanan b\u0131\u00e7akl\u0131 kavgada yaralanan otob\u00fcs \u015fof\u00f6r\u00fc Ahmet At\u0131c\u0131, ya\u015fad\u0131\u011f\u0131 o olay\u0131 anlatt\u0131. At\u0131c\u0131, &#8220;Bug\u00fcn sabah 12 y\u0131ld\u0131r \u00e7al\u0131\u015fmakta oldu\u011fum \u00f6zel halk otob\u00fcslerinde seferime \u00e7\u0131kt\u0131\u011f\u0131mda Mahmutlar D\u00f6rtyol olarak tabir etti\u011fimiz kav\u015faktan \u00e7\u0131kt\u0131k. Mahmutlar Barbaros Caddesi \u00fczerinde bulunan dura\u011fa geldi\u011fimizde, ben duraktan yolcu al\u0131rken arkamdaki arac\u0131n tart\u0131\u015ft\u0131\u011f\u0131n\u0131 aynadan g\u00f6rd\u00fcm. Sonradan yolcu bindi, indim ay\u0131rmak i\u00e7in, gerek olmad\u0131\u011f\u0131n\u0131 s\u00f6yleyecektim. O s\u0131rada tart\u0131\u015fma bitmi\u015f, \u015fah\u0131s arabas\u0131yla hareket ederken benim arabam\u0131n yan\u0131nda durdu. Ben de \u2018M\u00fcd\u00fcr gerek yok b\u00f6yle \u015feylere&#8217; dedim. &#8216;Zaten otob\u00fcs dura\u011f\u0131, yolcuyu al\u0131p gidece\u011fiz&#8217; dedim. Ben bunu s\u00f6yledikten sonra \u015fahs\u0131n \u00fczerinde g\u00fcvenlik elbisesi vard\u0131. Kendisi bana k\u00fcfrederek &#8216;Sizi ilgilendirmez, hepiniz ayn\u0131s\u0131n\u0131z&#8217; dedi. Giderken ben de elimle hafif araban\u0131n tavan\u0131na vurdum. Tekrar &hellip;<\/p>","protected":false},"author":5,"featured_media":0,"comment_status":"open","ping_status":"open","sticky":false,"template":"","format":"standard","meta":{"_acf_changed":false,"footnotes":""},"categories":[24],"tags":[],"class_list":["post-31942","post","type-post","status-publish","format-standard","has-post-thumbnail","hentry","category-gundem"],"acf":[],"yoast_head":"<!-- This site is optimized with the Yoast SEO Premium plugin v26.6 (Yoast SEO v27.1.1) - https:\/\/yoast.com\/product\/yoast-seo-premium-wordpress\/ -->\n<title>Alanya\u2019da sald\u0131r\u0131ya u\u011frayan otob\u00fcs \u015fof\u00f6r\u00fc ya\u015fananlar\u0131 anlatt\u0131 - Av. Deniz Can K\u0131z\u0131l<\/title>\n<meta name=\"robots\" content=\"index, follow, max-snippet:-1, max-image-preview:large, max-video-preview:-1\" \/>\n<link rel=\"canonical\" href=\"https:\/\/denizcankizil.tr\/en\/haberler\/gundem\/alanyada-saldiriya-ugrayan-otobus-soforu-yasananlari-anlatti\/\" \/>\n<meta property=\"og:locale\" content=\"en_GB\" \/>\n<meta property=\"og:type\" content=\"article\" \/>\n<meta property=\"og:title\" content=\"Alanya\u2019da sald\u0131r\u0131ya u\u011frayan otob\u00fcs \u015fof\u00f6r\u00fc ya\u015fananlar\u0131 anlatt\u0131\" \/>\n<meta property=\"og:description\" content=\"Olay, sabah saatlerinde Antalya\u2019n\u0131n Alanya il\u00e7esine ba\u011fl\u0131 Mahmutlar Mahallesi Barbaros Caddesi \u00fczerinde meydana geldi. \u0130ki farkl\u0131 \u00f6zel halk otob\u00fcs\u00fcn\u00fcn \u015fof\u00f6rleri, trafikte yol verme nedeniyle otomobilin s\u00fcr\u00fcc\u00fcs\u00fc g\u00fcvenlik g\u00f6revlisi Emre A. ile tart\u0131\u015fmaya ba\u015flad\u0131. Tart\u0131\u015fman\u0131n b\u00fcy\u00fcmesi ile iki farkl\u0131 otob\u00fcsten inen Ersin \u015e. ve Ahmet A. ile Emre A. aras\u0131nda kavga \u00e7\u0131kt\u0131. Emre A., yan\u0131ndaki b\u0131\u00e7akla 2 otob\u00fcs \u015fof\u00f6r\u00fcn\u00fc yaralad\u0131. Yaral\u0131 otob\u00fcs \u015fof\u00f6rleri kendi imkanlar\u0131 ile hastaneye gitti. Yaral\u0131 otob\u00fcs \u015fof\u00f6rlerinin sa\u011fl\u0131k durumlar\u0131n\u0131n iyi oldu\u011fu \u00f6\u011frenilirken, bir bankada g\u00fcvenlik g\u00f6revlisi oldu\u011fu belirlenen \u015f\u00fcpheli polis taraf\u0131ndan g\u00f6zalt\u0131na al\u0131nd\u0131.\u00a0 OTOB\u00dcS \u015eOF\u00d6R\u00dc YA\u015eANANLARI ANLATTI\u00a0 Trafikte ya\u015fanan b\u0131\u00e7akl\u0131 kavgada yaralanan otob\u00fcs \u015fof\u00f6r\u00fc Ahmet At\u0131c\u0131, ya\u015fad\u0131\u011f\u0131 o olay\u0131 anlatt\u0131. At\u0131c\u0131, &#8220;Bug\u00fcn sabah 12 y\u0131ld\u0131r \u00e7al\u0131\u015fmakta oldu\u011fum \u00f6zel halk otob\u00fcslerinde seferime \u00e7\u0131kt\u0131\u011f\u0131mda Mahmutlar D\u00f6rtyol olarak tabir etti\u011fimiz kav\u015faktan \u00e7\u0131kt\u0131k. Mahmutlar Barbaros Caddesi \u00fczerinde bulunan dura\u011fa geldi\u011fimizde, ben duraktan yolcu al\u0131rken arkamdaki arac\u0131n tart\u0131\u015ft\u0131\u011f\u0131n\u0131 aynadan g\u00f6rd\u00fcm. Sonradan yolcu bindi, indim ay\u0131rmak i\u00e7in, gerek olmad\u0131\u011f\u0131n\u0131 s\u00f6yleyecektim. O s\u0131rada tart\u0131\u015fma bitmi\u015f, \u015fah\u0131s arabas\u0131yla hareket ederken benim arabam\u0131n yan\u0131nda durdu. Ben de \u2018M\u00fcd\u00fcr gerek yok b\u00f6yle \u015feylere&#8217; dedim. &#8216;Zaten otob\u00fcs dura\u011f\u0131, yolcuyu al\u0131p gidece\u011fiz&#8217; dedim. Ben bunu s\u00f6yledikten sonra \u015fahs\u0131n \u00fczerinde g\u00fcvenlik elbisesi vard\u0131. Kendisi bana k\u00fcfrederek &#8216;Sizi ilgilendirmez, hepiniz ayn\u0131s\u0131n\u0131z&#8217; dedi. Giderken ben de elimle hafif araban\u0131n tavan\u0131na vurdum. Tekrar &hellip;\" \/>\n<meta property=\"og:url\" content=\"https:\/\/denizcankizil.tr\/en\/haberler\/gundem\/alanyada-saldiriya-ugrayan-otobus-soforu-yasananlari-anlatti\/\" \/>\n<meta property=\"og:site_name\" content=\"Av. Deniz Can K\u0131z\u0131l\" \/>\n<meta property=\"article:published_time\" content=\"2025-02-11T07:42:46+00:00\" \/>\n<meta name=\"author\" content=\"Antalya K\u00f6rfez\" \/>\n<meta name=\"twitter:card\" content=\"summary_large_image\" \/>\n<meta name=\"twitter:label1\" content=\"Written by\" \/>\n\t<meta name=\"twitter:data1\" content=\"Antalya K\u00f6rfez\" \/>\n\t<meta name=\"twitter:label2\" content=\"Estimated reading time\" \/>\n\t<meta name=\"twitter:data2\" content=\"3 minutes\" \/>\n<script type=\"application\/ld+json\" class=\"yoast-schema-graph\">{\"@context\":\"https:\/\/schema.org\",\"@graph\":[{\"@type\":\"Article\",\"@id\":\"https:\/\/denizcankizil.tr\/en\/haberler\/gundem\/alanyada-saldiriya-ugrayan-otobus-soforu-yasananlari-anlatti\/#article\",\"isPartOf\":{\"@id\":\"https:\/\/denizcankizil.tr\/en\/haberler\/gundem\/alanyada-saldiriya-ugrayan-otobus-soforu-yasananlari-anlatti\/\"},\"author\":{\"name\":\"Antalya K\u00f6rfez\",\"@id\":\"https:\/\/denizcankizil.tr\/de\/#\/schema\/person\/e1eb71bb4dd684d46563f0af307e1234\"},\"headline\":\"Alanya\u2019da sald\u0131r\u0131ya u\u011frayan otob\u00fcs \u015fof\u00f6r\u00fc ya\u015fananlar\u0131 anlatt\u0131\",\"datePublished\":\"2025-02-11T07:42:46+00:00\",\"mainEntityOfPage\":{\"@id\":\"https:\/\/denizcankizil.tr\/en\/haberler\/gundem\/alanyada-saldiriya-ugrayan-otobus-soforu-yasananlari-anlatti\/\"},\"wordCount\":693,\"commentCount\":0,\"publisher\":{\"@id\":\"https:\/\/denizcankizil.tr\/de\/#organization\"},\"articleSection\":[\"G\u00fcndem\"],\"inLanguage\":\"en-GB\",\"potentialAction\":[{\"@type\":\"CommentAction\",\"name\":\"Comment\",\"target\":[\"https:\/\/denizcankizil.tr\/en\/haberler\/gundem\/alanyada-saldiriya-ugrayan-otobus-soforu-yasananlari-anlatti\/#respond\"]}]},{\"@type\":\"WebPage\",\"@id\":\"https:\/\/denizcankizil.tr\/en\/haberler\/gundem\/alanyada-saldiriya-ugrayan-otobus-soforu-yasananlari-anlatti\/\",\"url\":\"https:\/\/denizcankizil.tr\/en\/haberler\/gundem\/alanyada-saldiriya-ugrayan-otobus-soforu-yasananlari-anlatti\/\",\"name\":\"Alanya\u2019da sald\u0131r\u0131ya u\u011frayan otob\u00fcs \u015fof\u00f6r\u00fc ya\u015fananlar\u0131 anlatt\u0131 - Av. Deniz Can K\u0131z\u0131l\",\"isPartOf\":{\"@id\":\"https:\/\/denizcankizil.tr\/de\/#website\"},\"datePublished\":\"2025-02-11T07:42:46+00:00\",\"breadcrumb\":{\"@id\":\"https:\/\/denizcankizil.tr\/en\/haberler\/gundem\/alanyada-saldiriya-ugrayan-otobus-soforu-yasananlari-anlatti\/#breadcrumb\"},\"inLanguage\":\"en-GB\",\"potentialAction\":[{\"@type\":\"ReadAction\",\"target\":[\"https:\/\/denizcankizil.tr\/en\/haberler\/gundem\/alanyada-saldiriya-ugrayan-otobus-soforu-yasananlari-anlatti\/\"]}]},{\"@type\":\"BreadcrumbList\",\"@id\":\"https:\/\/denizcankizil.tr\/en\/haberler\/gundem\/alanyada-saldiriya-ugrayan-otobus-soforu-yasananlari-anlatti\/#breadcrumb\",\"itemListElement\":[{\"@type\":\"ListItem\",\"position\":1,\"name\":\"Home\",\"item\":\"https:\/\/denizcankizil.tr\/de\/\"},{\"@type\":\"ListItem\",\"position\":2,\"name\":\"Alanya\u2019da sald\u0131r\u0131ya u\u011frayan otob\u00fcs \u015fof\u00f6r\u00fc ya\u015fananlar\u0131 anlatt\u0131\"}]},{\"@type\":\"WebSite\",\"@id\":\"https:\/\/denizcankizil.tr\/de\/#website\",\"url\":\"https:\/\/denizcankizil.tr\/de\/\",\"name\":\"Av. Deniz Can K\u0131z\u0131l\",\"description\":\"Avukat Deniz Can K\u0131z\u0131l Antalya Barosu\",\"publisher\":{\"@id\":\"https:\/\/denizcankizil.tr\/de\/#organization\"},\"potentialAction\":[{\"@type\":\"SearchAction\",\"target\":{\"@type\":\"EntryPoint\",\"urlTemplate\":\"https:\/\/denizcankizil.tr\/de\/?s={search_term_string}\"},\"query-input\":{\"@type\":\"PropertyValueSpecification\",\"valueRequired\":true,\"valueName\":\"search_term_string\"}}],\"inLanguage\":\"en-GB\"},{\"@type\":\"Organization\",\"@id\":\"https:\/\/denizcankizil.tr\/de\/#organization\",\"name\":\"Av. Deniz Can K\u0131z\u0131l\",\"url\":\"https:\/\/denizcankizil.tr\/de\/\",\"logo\":{\"@type\":\"ImageObject\",\"inLanguage\":\"en-GB\",\"@id\":\"https:\/\/denizcankizil.tr\/de\/#\/schema\/logo\/image\/\",\"url\":\"https:\/\/denizcankizil.tr\/wp-content\/uploads\/2024\/10\/siyah-logo-svg.svg\",\"contentUrl\":\"https:\/\/denizcankizil.tr\/wp-content\/uploads\/2024\/10\/siyah-logo-svg.svg\",\"width\":1080,\"height\":1080,\"caption\":\"Av. Deniz Can K\u0131z\u0131l\"},\"image\":{\"@id\":\"https:\/\/denizcankizil.tr\/de\/#\/schema\/logo\/image\/\"}},{\"@type\":\"Person\",\"@id\":\"https:\/\/denizcankizil.tr\/de\/#\/schema\/person\/e1eb71bb4dd684d46563f0af307e1234\",\"name\":\"Antalya K\u00f6rfez\",\"image\":{\"@type\":\"ImageObject\",\"inLanguage\":\"en-GB\",\"@id\":\"https:\/\/denizcankizil.tr\/de\/#\/schema\/person\/image\/\",\"url\":\"https:\/\/secure.gravatar.com\/avatar\/42b01982558a48a0b501fdcab6a408d3717ea5919095ee2e67b0e521799c5905?s=96&d=mm&r=g\",\"contentUrl\":\"https:\/\/secure.gravatar.com\/avatar\/42b01982558a48a0b501fdcab6a408d3717ea5919095ee2e67b0e521799c5905?s=96&d=mm&r=g\",\"caption\":\"Antalya K\u00f6rfez\"},\"sameAs\":[\"http:\/\/www.antalyakorfez.com\"],\"url\":\"https:\/\/www.antalyakorfez.com\/alanyada-saldiriya-ugrayan-otobus-soforu-yasananlari-anlatti\"}]}<\/script>\n<!-- \/ Yoast SEO Premium plugin. -->","yoast_head_json":{"title":"Alanya\u2019da sald\u0131r\u0131ya u\u011frayan otob\u00fcs \u015fof\u00f6r\u00fc ya\u015fananlar\u0131 anlatt\u0131 - Av. Deniz Can K\u0131z\u0131l","robots":{"index":"index","follow":"follow","max-snippet":"max-snippet:-1","max-image-preview":"max-image-preview:large","max-video-preview":"max-video-preview:-1"},"canonical":"https:\/\/denizcankizil.tr\/en\/haberler\/gundem\/alanyada-saldiriya-ugrayan-otobus-soforu-yasananlari-anlatti\/","og_locale":"en_GB","og_type":"article","og_title":"Alanya\u2019da sald\u0131r\u0131ya u\u011frayan otob\u00fcs \u015fof\u00f6r\u00fc ya\u015fananlar\u0131 anlatt\u0131","og_description":"Olay, sabah saatlerinde Antalya\u2019n\u0131n Alanya il\u00e7esine ba\u011fl\u0131 Mahmutlar Mahallesi Barbaros Caddesi \u00fczerinde meydana geldi. \u0130ki farkl\u0131 \u00f6zel halk otob\u00fcs\u00fcn\u00fcn \u015fof\u00f6rleri, trafikte yol verme nedeniyle otomobilin s\u00fcr\u00fcc\u00fcs\u00fc g\u00fcvenlik g\u00f6revlisi Emre A. ile tart\u0131\u015fmaya ba\u015flad\u0131. Tart\u0131\u015fman\u0131n b\u00fcy\u00fcmesi ile iki farkl\u0131 otob\u00fcsten inen Ersin \u015e. ve Ahmet A. ile Emre A. aras\u0131nda kavga \u00e7\u0131kt\u0131. Emre A., yan\u0131ndaki b\u0131\u00e7akla 2 otob\u00fcs \u015fof\u00f6r\u00fcn\u00fc yaralad\u0131. Yaral\u0131 otob\u00fcs \u015fof\u00f6rleri kendi imkanlar\u0131 ile hastaneye gitti. Yaral\u0131 otob\u00fcs \u015fof\u00f6rlerinin sa\u011fl\u0131k durumlar\u0131n\u0131n iyi oldu\u011fu \u00f6\u011frenilirken, bir bankada g\u00fcvenlik g\u00f6revlisi oldu\u011fu belirlenen \u015f\u00fcpheli polis taraf\u0131ndan g\u00f6zalt\u0131na al\u0131nd\u0131.\u00a0 OTOB\u00dcS \u015eOF\u00d6R\u00dc YA\u015eANANLARI ANLATTI\u00a0 Trafikte ya\u015fanan b\u0131\u00e7akl\u0131 kavgada yaralanan otob\u00fcs \u015fof\u00f6r\u00fc Ahmet At\u0131c\u0131, ya\u015fad\u0131\u011f\u0131 o olay\u0131 anlatt\u0131. At\u0131c\u0131, &#8220;Bug\u00fcn sabah 12 y\u0131ld\u0131r \u00e7al\u0131\u015fmakta oldu\u011fum \u00f6zel halk otob\u00fcslerinde seferime \u00e7\u0131kt\u0131\u011f\u0131mda Mahmutlar D\u00f6rtyol olarak tabir etti\u011fimiz kav\u015faktan \u00e7\u0131kt\u0131k. Mahmutlar Barbaros Caddesi \u00fczerinde bulunan dura\u011fa geldi\u011fimizde, ben duraktan yolcu al\u0131rken arkamdaki arac\u0131n tart\u0131\u015ft\u0131\u011f\u0131n\u0131 aynadan g\u00f6rd\u00fcm. Sonradan yolcu bindi, indim ay\u0131rmak i\u00e7in, gerek olmad\u0131\u011f\u0131n\u0131 s\u00f6yleyecektim. O s\u0131rada tart\u0131\u015fma bitmi\u015f, \u015fah\u0131s arabas\u0131yla hareket ederken benim arabam\u0131n yan\u0131nda durdu. Ben de \u2018M\u00fcd\u00fcr gerek yok b\u00f6yle \u015feylere&#8217; dedim. &#8216;Zaten otob\u00fcs dura\u011f\u0131, yolcuyu al\u0131p gidece\u011fiz&#8217; dedim. Ben bunu s\u00f6yledikten sonra \u015fahs\u0131n \u00fczerinde g\u00fcvenlik elbisesi vard\u0131. Kendisi bana k\u00fcfrederek &#8216;Sizi ilgilendirmez, hepiniz ayn\u0131s\u0131n\u0131z&#8217; dedi. Giderken ben de elimle hafif araban\u0131n tavan\u0131na vurdum. Tekrar &hellip;","og_url":"https:\/\/denizcankizil.tr\/en\/haberler\/gundem\/alanyada-saldiriya-ugrayan-otobus-soforu-yasananlari-anlatti\/","og_site_name":"Av. Deniz Can K\u0131z\u0131l","article_published_time":"2025-02-11T07:42:46+00:00","author":"Antalya K\u00f6rfez","twitter_card":"summary_large_image","twitter_misc":{"Written by":"Antalya K\u00f6rfez","Estimated reading time":"3 minutes"},"schema":{"@context":"https:\/\/schema.org","@graph":[{"@type":"Article","@id":"https:\/\/denizcankizil.tr\/en\/haberler\/gundem\/alanyada-saldiriya-ugrayan-otobus-soforu-yasananlari-anlatti\/#article","isPartOf":{"@id":"https:\/\/denizcankizil.tr\/en\/haberler\/gundem\/alanyada-saldiriya-ugrayan-otobus-soforu-yasananlari-anlatti\/"},"author":{"name":"Antalya K\u00f6rfez","@id":"https:\/\/denizcankizil.tr\/de\/#\/schema\/person\/e1eb71bb4dd684d46563f0af307e1234"},"headline":"Alanya\u2019da sald\u0131r\u0131ya u\u011frayan otob\u00fcs \u015fof\u00f6r\u00fc ya\u015fananlar\u0131 anlatt\u0131","datePublished":"2025-02-11T07:42:46+00:00","mainEntityOfPage":{"@id":"https:\/\/denizcankizil.tr\/en\/haberler\/gundem\/alanyada-saldiriya-ugrayan-otobus-soforu-yasananlari-anlatti\/"},"wordCount":693,"commentCount":0,"publisher":{"@id":"https:\/\/denizcankizil.tr\/de\/#organization"},"articleSection":["G\u00fcndem"],"inLanguage":"en-GB","potentialAction":[{"@type":"CommentAction","name":"Comment","target":["https:\/\/denizcankizil.tr\/en\/haberler\/gundem\/alanyada-saldiriya-ugrayan-otobus-soforu-yasananlari-anlatti\/#respond"]}]},{"@type":"WebPage","@id":"https:\/\/denizcankizil.tr\/en\/haberler\/gundem\/alanyada-saldiriya-ugrayan-otobus-soforu-yasananlari-anlatti\/","url":"https:\/\/denizcankizil.tr\/en\/haberler\/gundem\/alanyada-saldiriya-ugrayan-otobus-soforu-yasananlari-anlatti\/","name":"Alanya\u2019da sald\u0131r\u0131ya u\u011frayan otob\u00fcs \u015fof\u00f6r\u00fc ya\u015fananlar\u0131 anlatt\u0131 - Av. Deniz Can K\u0131z\u0131l","isPartOf":{"@id":"https:\/\/denizcankizil.tr\/de\/#website"},"datePublished":"2025-02-11T07:42:46+00:00","breadcrumb":{"@id":"https:\/\/denizcankizil.tr\/en\/haberler\/gundem\/alanyada-saldiriya-ugrayan-otobus-soforu-yasananlari-anlatti\/#breadcrumb"},"inLanguage":"en-GB","potentialAction":[{"@type":"ReadAction","target":["https:\/\/denizcankizil.tr\/en\/haberler\/gundem\/alanyada-saldiriya-ugrayan-otobus-soforu-yasananlari-anlatti\/"]}]},{"@type":"BreadcrumbList","@id":"https:\/\/denizcankizil.tr\/en\/haberler\/gundem\/alanyada-saldiriya-ugrayan-otobus-soforu-yasananlari-anlatti\/#breadcrumb","itemListElement":[{"@type":"ListItem","position":1,"name":"Home","item":"https:\/\/denizcankizil.tr\/de\/"},{"@type":"ListItem","position":2,"name":"Alanya\u2019da sald\u0131r\u0131ya u\u011frayan otob\u00fcs \u015fof\u00f6r\u00fc ya\u015fananlar\u0131 anlatt\u0131"}]},{"@type":"WebSite","@id":"https:\/\/denizcankizil.tr\/de\/#website","url":"https:\/\/denizcankizil.tr\/de\/","name":"Av. Deniz Can K\u0131z\u0131l","description":"Avukat Deniz Can K\u0131z\u0131l Antalya Barosu","publisher":{"@id":"https:\/\/denizcankizil.tr\/de\/#organization"},"potentialAction":[{"@type":"SearchAction","target":{"@type":"EntryPoint","urlTemplate":"https:\/\/denizcankizil.tr\/de\/?s={search_term_string}"},"query-input":{"@type":"PropertyValueSpecification","valueRequired":true,"valueName":"search_term_string"}}],"inLanguage":"en-GB"},{"@type":"Organization","@id":"https:\/\/denizcankizil.tr\/de\/#organization","name":"Av. Deniz Can K\u0131z\u0131l","url":"https:\/\/denizcankizil.tr\/de\/","logo":{"@type":"ImageObject","inLanguage":"en-GB","@id":"https:\/\/denizcankizil.tr\/de\/#\/schema\/logo\/image\/","url":"https:\/\/denizcankizil.tr\/wp-content\/uploads\/2024\/10\/siyah-logo-svg.svg","contentUrl":"https:\/\/denizcankizil.tr\/wp-content\/uploads\/2024\/10\/siyah-logo-svg.svg","width":1080,"height":1080,"caption":"Av. Deniz Can K\u0131z\u0131l"},"image":{"@id":"https:\/\/denizcankizil.tr\/de\/#\/schema\/logo\/image\/"}},{"@type":"Person","@id":"https:\/\/denizcankizil.tr\/de\/#\/schema\/person\/e1eb71bb4dd684d46563f0af307e1234","name":"Antalya K\u00f6rfez","image":{"@type":"ImageObject","inLanguage":"en-GB","@id":"https:\/\/denizcankizil.tr\/de\/#\/schema\/person\/image\/","url":"https:\/\/secure.gravatar.com\/avatar\/42b01982558a48a0b501fdcab6a408d3717ea5919095ee2e67b0e521799c5905?s=96&d=mm&r=g","contentUrl":"https:\/\/secure.gravatar.com\/avatar\/42b01982558a48a0b501fdcab6a408d3717ea5919095ee2e67b0e521799c5905?s=96&d=mm&r=g","caption":"Antalya K\u00f6rfez"},"sameAs":["http:\/\/www.antalyakorfez.com"],"url":"https:\/\/www.antalyakorfez.com\/alanyada-saldiriya-ugrayan-otobus-soforu-yasananlari-anlatti"}]}},"_links":{"self":[{"href":"https:\/\/denizcankizil.tr\/en\/wp-json\/wp\/v2\/posts\/31942","targetHints":{"allow":["GET"]}}],"collection":[{"href":"https:\/\/denizcankizil.tr\/en\/wp-json\/wp\/v2\/posts"}],"about":[{"href":"https:\/\/denizcankizil.tr\/en\/wp-json\/wp\/v2\/types\/post"}],"author":[{"embeddable":true,"href":"https:\/\/denizcankizil.tr\/en\/wp-json\/wp\/v2\/users\/5"}],"replies":[{"embeddable":true,"href":"https:\/\/denizcankizil.tr\/en\/wp-json\/wp\/v2\/comments?post=31942"}],"version-history":[{"count":0,"href":"https:\/\/denizcankizil.tr\/en\/wp-json\/wp\/v2\/posts\/31942\/revisions"}],"wp:attachment":[{"href":"https:\/\/denizcankizil.tr\/en\/wp-json\/wp\/v2\/media?parent=31942"}],"wp:term":[{"taxonomy":"category","embeddable":true,"href":"https:\/\/denizcankizil.tr\/en\/wp-json\/wp\/v2\/categories?post=31942"},{"taxonomy":"post_tag","embeddable":true,"href":"https:\/\/denizcankizil.tr\/en\/wp-json\/wp\/v2\/tags?post=31942"}],"curies":[{"name":"wp","href":"https:\/\/api.w.org\/{rel}","templated":true}]}}