{"id":31809,"date":"2025-02-10T21:38:02","date_gmt":"2025-02-10T18:38:02","guid":{"rendered":"https:\/\/denizcankizil.tr\/uncategorized-tr\/manisada-sevgililer-gunune-ozel-konser-ve-etkinlik\/"},"modified":"2025-02-10T21:38:02","modified_gmt":"2025-02-10T18:38:02","slug":"manisada-sevgililer-gunune-ozel-konser-ve-etkinlik","status":"publish","type":"post","link":"https:\/\/denizcankizil.tr\/en\/haberler\/gundem\/manisada-sevgililer-gunune-ozel-konser-ve-etkinlik\/","title":{"rendered":"Manisa&#8217;da &#8216;Sevgililer G\u00fcn\u00fc&#8217;ne \u00f6zel konser ve etkinlik"},"content":{"rendered":"<p>Manisa B\u00fcy\u00fck\u015fehir Belediyesi, 14 \u015eubat Sevgililer G\u00fcn\u00fc\u2019nde \u015fehrin k\u00fclt\u00fcrel ve sportif ya\u015fam\u0131na renk katacak etkinliklere imza atacak.MAN\u0130SA (\u0130GFA) &#8211;\u00a012 \u015eubat ak\u015fam\u0131 Manisa B\u00fcy\u00fck\u015fehir Belediyesi Konservatuar\u0131 T\u00fcrk Sanat M\u00fczi\u011fi Korosu, \u015eef Aylin Eralp Demirbek y\u00f6netiminde, sevginin ve m\u00fczi\u011fin bulu\u015faca\u011f\u0131 konserde sahne alacak. 14 \u015eubat\u2019ta\u00a0\u2018Sevgililer G\u00fcn\u00fc \u00d6zel Spor ve Dans\u2019 etkinli\u011finde, yapt\u0131klar\u0131 danslarla sosyal medyada b\u00fcy\u00fck ilgi g\u00f6ren spor e\u011fitmenleri Hasan K\u0131l\u0131n\u00e7er ve H\u00fcseyin Ayaz, Manisal\u0131larla bir araya gelecek.\u00a0\u00c7ocuk ve gen\u00e7lerin olu\u015fturdu\u011fu \u0130stanbul Ata\u015fehir Belediyesi Gen\u00e7lik Senfoni Orkestras\u0131 ise yine 14 \u015eubat ak\u015fam\u0131nda iki konserle sanatseverlere m\u00fczik ziyafeti sunacak.\u00a0<\/p>\n<p>SEVG\u0130N\u0130N VE M\u00dcZ\u0130\u011e\u0130N BULU\u015eMASI<br \/>\nKentin sosyal ya\u015fam\u0131na katk\u0131 sa\u011flamak i\u00e7in k\u00fclt\u00fcr ve sanat etkinliklerini t\u00fcm h\u0131z\u0131yla s\u00fcrd\u00fcren Manisa B\u00fcy\u00fck\u015fehir Belediyesi, 14 \u015eubat Sevgililer G\u00fcn\u00fc nedeniyle konser ve etkinlikler d\u00fczenliyor.\u00a0Manisa B\u00fcy\u00fck\u015fehir Belediyesi Konservatuar\u0131 T\u00fcrk Sanat M\u00fczi\u011fi Korosu, 12 \u015eubat saat 20.00\u2019de K\u00fclt\u00fcr Merkezi Lale Salonu\u2019nda, Aylin Eralp Demirbek \u015fefli\u011finde konser verecek. T\u00fcrk Sanat M\u00fczi\u011fi\u2019nin sevilen \u015fark\u0131lar\u0131n\u0131, sevginin ve m\u00fczi\u011fin bulu\u015faca\u011f\u0131 konserde seslendirecek.<\/p>\n<p>SPOR VE DANS B\u0130R ARADA<br \/>\nB\u00fcy\u00fck\u015fehir Belediyesi, 14 \u015eubat g\u00fcn\u00fc saat 19.00\u2019da ise spor e\u011fitmenleri Hasan K\u0131l\u0131n\u00e7er ve H\u00fcseyin Ayaz\u2019\u0131, spor ve dans dolu bir etkinlikle Manisal\u0131larla bulu\u015fturacak. E\u011flenceli danslar\u0131yla sporu sevdiren iki isim, Tar\u0131k Alm\u0131\u015f Spor Tesisleri\u2019nde Manisal\u0131larla bir araya gelecek. \u00dccretsiz olarak d\u00fczenlenecek olan etkinlik, kat\u0131l\u0131mc\u0131lara hem e\u011flenceli dans fig\u00fcrleriyle dolu bir program sunacak hem de fiziksel aktivite imkan\u0131 tan\u0131yacak. Spor ve dans\u0131n harmanland\u0131\u011f\u0131 \u2018Sevgililer G\u00fcn\u00fc \u00d6zel Spor ve Dans\u2019 etkinli\u011fine kat\u0131lmak isteyen Manisal\u0131lar, Tar\u0131k Alm\u0131\u015f Spor Tesisleri\u2019nde yerlerini alabilir. Yetkililer, etkinli\u011fe kat\u0131lacak Manisal\u0131lar\u0131n, spor yap\u0131p dans ederken rahat olmalar\u0131 ve sahan\u0131n zeninin zarar g\u00f6rmemesi i\u00e7in spor ayakkab\u0131lar\u0131 ile gelmelerinin \u00f6nem ta\u015f\u0131d\u0131\u011f\u0131n\u0131 kaydetti.<\/p>\n<p>ATA\u015eEH\u0130R BELED\u0130YES\u0130\u00a0GEN\u00c7L\u0130K SENFON\u0130 ORKESTRASI SAHNE ALACAK<br \/>\nAta\u015fehir Belediyesi sanat merkezlerinde m\u00fczik e\u011fitimi alan \u00e7ocuklar\u0131n ve gen\u00e7lerin yan\u0131 s\u0131ra\u00a0yetenekli \u00f6\u011frencilerin s\u0131nava tabi tutarak b\u00fcnyesine kat\u0131ld\u0131\u011f\u0131\u00a0Gen\u00e7lik Senfoni Orkestras\u0131, 14 \u015eubat ak\u015fam\u0131 Manisal\u0131lara m\u00fczik ziyafeti sunacak. K\u00fclt\u00fcr Merkezi Lale Salonu\u2019nda 14 \u015eubat saat 20.00 ve 22.00\u2019de ger\u00e7ekle\u015fecek konserlerde Ata\u015fehir Belediyesi\u00a0Gen\u00e7lik Senfoni Orkestras\u0131, sanatseverlere klasik m\u00fczi\u011fin se\u00e7kin eserlerini sunacak.<\/p>\n<p>\u200bManisa B\u00fcy\u00fck\u015fehir Belediyesi, 14 \u015eubat Sevgililer G\u00fcn\u00fc\u2019nde \u015fehrin k\u00fclt\u00fcrel ve sportif ya\u015fam\u0131na renk katacak etkinliklere imza atacak.MAN\u0130SA (\u0130GFA) &#8211;\u00a012 \u015eubat ak\u015fam\u0131 Manisa B\u00fcy\u00fck\u015fehir Belediyesi Konservatuar\u0131 T\u00fcrk Sanat M\u00fczi\u011fi Korosu, \u015eef Aylin Eralp Demirbek y\u00f6netiminde, sevginin ve m\u00fczi\u011fin bulu\u015faca\u011f\u0131 konserde sahne alacak. 14 \u015eubat\u2019ta\u00a0\u2018Sevgililer G\u00fcn\u00fc \u00d6zel Spor ve Dans\u2019 etkinli\u011finde, yapt\u0131klar\u0131 danslarla sosyal medyada b\u00fcy\u00fck ilgi g\u00f6ren spor e\u011fitmenleri Hasan K\u0131l\u0131n\u00e7er ve H\u00fcseyin Ayaz, Manisal\u0131larla bir araya gelecek.\u00a0\u00c7ocuk ve gen\u00e7lerin olu\u015fturdu\u011fu \u0130stanbul Ata\u015fehir Belediyesi Gen\u00e7lik Senfoni Orkestras\u0131 ise yine 14 \u015eubat ak\u015fam\u0131nda iki konserle sanatseverlere m\u00fczik ziyafeti sunacak.\u00a0<\/p>\n<p>SEVG\u0130N\u0130N VE M\u00dcZ\u0130\u011e\u0130N BULU\u015eMASI<br \/>\nKentin sosyal ya\u015fam\u0131na katk\u0131 sa\u011flamak i\u00e7in k\u00fclt\u00fcr ve sanat etkinliklerini t\u00fcm h\u0131z\u0131yla s\u00fcrd\u00fcren Manisa B\u00fcy\u00fck\u015fehir Belediyesi, 14 \u015eubat Sevgililer G\u00fcn\u00fc nedeniyle konser ve etkinlikler d\u00fczenliyor.\u00a0Manisa B\u00fcy\u00fck\u015fehir Belediyesi Konservatuar\u0131 T\u00fcrk Sanat M\u00fczi\u011fi Korosu, 12 \u015eubat saat 20.00\u2019de K\u00fclt\u00fcr Merkezi Lale Salonu\u2019nda, Aylin Eralp Demirbek \u015fefli\u011finde konser verecek. T\u00fcrk Sanat M\u00fczi\u011fi\u2019nin sevilen \u015fark\u0131lar\u0131n\u0131, sevginin ve m\u00fczi\u011fin bulu\u015faca\u011f\u0131 konserde seslendirecek.<\/p>\n<p>SPOR VE DANS B\u0130R ARADA<br \/>\nB\u00fcy\u00fck\u015fehir Belediyesi, 14 \u015eubat g\u00fcn\u00fc saat 19.00\u2019da ise spor e\u011fitmenleri Hasan K\u0131l\u0131n\u00e7er ve H\u00fcseyin Ayaz\u2019\u0131, spor ve dans dolu bir etkinlikle Manisal\u0131larla bulu\u015fturacak. E\u011flenceli danslar\u0131yla sporu sevdiren iki isim, Tar\u0131k Alm\u0131\u015f Spor Tesisleri\u2019nde Manisal\u0131larla bir araya gelecek. \u00dccretsiz olarak d\u00fczenlenecek olan etkinlik, kat\u0131l\u0131mc\u0131lara hem e\u011flenceli dans fig\u00fcrleriyle dolu bir program sunacak hem de fiziksel aktivite imkan\u0131 tan\u0131yacak. Spor ve dans\u0131n harmanland\u0131\u011f\u0131 \u2018Sevgililer G\u00fcn\u00fc \u00d6zel Spor ve Dans\u2019 etkinli\u011fine kat\u0131lmak isteyen Manisal\u0131lar, Tar\u0131k Alm\u0131\u015f Spor Tesisleri\u2019nde yerlerini alabilir. Yetkililer, etkinli\u011fe kat\u0131lacak Manisal\u0131lar\u0131n, spor yap\u0131p dans ederken rahat olmalar\u0131 ve sahan\u0131n zeninin zarar g\u00f6rmemesi i\u00e7in spor ayakkab\u0131lar\u0131 ile gelmelerinin \u00f6nem ta\u015f\u0131d\u0131\u011f\u0131n\u0131 kaydetti.<\/p>\n<p>ATA\u015eEH\u0130R BELED\u0130YES\u0130\u00a0GEN\u00c7L\u0130K SENFON\u0130 ORKESTRASI SAHNE ALACAK<br \/>\nAta\u015fehir Belediyesi sanat merkezlerinde m\u00fczik e\u011fitimi alan \u00e7ocuklar\u0131n ve gen\u00e7lerin yan\u0131 s\u0131ra\u00a0yetenekli \u00f6\u011frencilerin s\u0131nava tabi tutarak b\u00fcnyesine kat\u0131ld\u0131\u011f\u0131\u00a0Gen\u00e7lik Senfoni Orkestras\u0131, 14 \u015eubat ak\u015fam\u0131 Manisal\u0131lara m\u00fczik ziyafeti sunacak. K\u00fclt\u00fcr Merkezi Lale Salonu\u2019nda 14 \u015eubat saat 20.00 ve 22.00\u2019de ger\u00e7ekle\u015fecek konserlerde Ata\u015fehir Belediyesi\u00a0Gen\u00e7lik Senfoni Orkestras\u0131, sanatseverlere klasik m\u00fczi\u011fin se\u00e7kin eserlerini sunacak.\u00a0<\/p>\n<p>\u200bHaberin Al\u0131nt\u0131land\u0131\u011f\u0131 Kaynak: www.iskenderun.org<\/p>","protected":false},"excerpt":{"rendered":"<p>Manisa B\u00fcy\u00fck\u015fehir Belediyesi, 14 \u015eubat Sevgililer G\u00fcn\u00fc\u2019nde \u015fehrin k\u00fclt\u00fcrel ve sportif ya\u015fam\u0131na renk katacak etkinliklere imza atacak.MAN\u0130SA (\u0130GFA) &#8211;\u00a012 \u015eubat ak\u015fam\u0131 Manisa B\u00fcy\u00fck\u015fehir Belediyesi Konservatuar\u0131 T\u00fcrk Sanat M\u00fczi\u011fi Korosu, \u015eef Aylin Eralp Demirbek y\u00f6netiminde, sevginin ve m\u00fczi\u011fin bulu\u015faca\u011f\u0131 konserde sahne alacak. 14 \u015eubat\u2019ta\u00a0\u2018Sevgililer G\u00fcn\u00fc \u00d6zel Spor ve Dans\u2019 etkinli\u011finde, yapt\u0131klar\u0131 danslarla sosyal medyada b\u00fcy\u00fck ilgi g\u00f6ren spor e\u011fitmenleri Hasan K\u0131l\u0131n\u00e7er ve H\u00fcseyin Ayaz, Manisal\u0131larla bir araya gelecek.\u00a0\u00c7ocuk ve gen\u00e7lerin olu\u015fturdu\u011fu \u0130stanbul Ata\u015fehir Belediyesi Gen\u00e7lik Senfoni Orkestras\u0131 ise yine 14 \u015eubat ak\u015fam\u0131nda iki konserle sanatseverlere m\u00fczik ziyafeti sunacak.\u00a0 SEVG\u0130N\u0130N VE M\u00dcZ\u0130\u011e\u0130N BULU\u015eMASI Kentin sosyal ya\u015fam\u0131na katk\u0131 sa\u011flamak i\u00e7in k\u00fclt\u00fcr ve sanat etkinliklerini t\u00fcm h\u0131z\u0131yla s\u00fcrd\u00fcren Manisa B\u00fcy\u00fck\u015fehir Belediyesi, 14 \u015eubat Sevgililer G\u00fcn\u00fc nedeniyle konser ve etkinlikler d\u00fczenliyor.\u00a0Manisa B\u00fcy\u00fck\u015fehir Belediyesi Konservatuar\u0131 T\u00fcrk Sanat M\u00fczi\u011fi Korosu, 12 \u015eubat saat 20.00\u2019de K\u00fclt\u00fcr Merkezi Lale Salonu\u2019nda, Aylin Eralp Demirbek \u015fefli\u011finde konser verecek. T\u00fcrk Sanat M\u00fczi\u011fi\u2019nin sevilen \u015fark\u0131lar\u0131n\u0131, sevginin ve m\u00fczi\u011fin bulu\u015faca\u011f\u0131 konserde seslendirecek. SPOR VE DANS B\u0130R ARADA B\u00fcy\u00fck\u015fehir Belediyesi, 14 \u015eubat g\u00fcn\u00fc saat 19.00\u2019da ise spor e\u011fitmenleri Hasan K\u0131l\u0131n\u00e7er ve H\u00fcseyin Ayaz\u2019\u0131, spor ve dans dolu bir etkinlikle Manisal\u0131larla bulu\u015fturacak. E\u011flenceli danslar\u0131yla sporu sevdiren iki isim, Tar\u0131k Alm\u0131\u015f Spor Tesisleri\u2019nde Manisal\u0131larla bir araya gelecek. \u00dccretsiz olarak d\u00fczenlenecek olan etkinlik, kat\u0131l\u0131mc\u0131lara hem e\u011flenceli dans fig\u00fcrleriyle &hellip;<\/p>","protected":false},"author":1,"featured_media":0,"comment_status":"open","ping_status":"open","sticky":false,"template":"","format":"standard","meta":{"_acf_changed":false,"footnotes":""},"categories":[24],"tags":[],"class_list":["post-31809","post","type-post","status-publish","format-standard","has-post-thumbnail","hentry","category-gundem"],"acf":[],"yoast_head":"<!-- This site is optimized with the Yoast SEO Premium plugin v26.6 (Yoast SEO v27.1.1) - https:\/\/yoast.com\/product\/yoast-seo-premium-wordpress\/ -->\n<title>Manisa&#039;da &#039;Sevgililer G\u00fcn\u00fc&#039;ne \u00f6zel konser ve etkinlik - Av. Deniz Can K\u0131z\u0131l<\/title>\n<meta name=\"robots\" content=\"index, follow, max-snippet:-1, max-image-preview:large, max-video-preview:-1\" \/>\n<link rel=\"canonical\" href=\"https:\/\/denizcankizil.tr\/en\/haberler\/gundem\/manisada-sevgililer-gunune-ozel-konser-ve-etkinlik\/\" \/>\n<meta property=\"og:locale\" content=\"en_GB\" \/>\n<meta property=\"og:type\" content=\"article\" \/>\n<meta property=\"og:title\" content=\"Manisa&#039;da &#039;Sevgililer G\u00fcn\u00fc&#039;ne \u00f6zel konser ve etkinlik\" \/>\n<meta property=\"og:description\" content=\"Manisa B\u00fcy\u00fck\u015fehir Belediyesi, 14 \u015eubat Sevgililer G\u00fcn\u00fc\u2019nde \u015fehrin k\u00fclt\u00fcrel ve sportif ya\u015fam\u0131na renk katacak etkinliklere imza atacak.MAN\u0130SA (\u0130GFA) &#8211;\u00a012 \u015eubat ak\u015fam\u0131 Manisa B\u00fcy\u00fck\u015fehir Belediyesi Konservatuar\u0131 T\u00fcrk Sanat M\u00fczi\u011fi Korosu, \u015eef Aylin Eralp Demirbek y\u00f6netiminde, sevginin ve m\u00fczi\u011fin bulu\u015faca\u011f\u0131 konserde sahne alacak. 14 \u015eubat\u2019ta\u00a0\u2018Sevgililer G\u00fcn\u00fc \u00d6zel Spor ve Dans\u2019 etkinli\u011finde, yapt\u0131klar\u0131 danslarla sosyal medyada b\u00fcy\u00fck ilgi g\u00f6ren spor e\u011fitmenleri Hasan K\u0131l\u0131n\u00e7er ve H\u00fcseyin Ayaz, Manisal\u0131larla bir araya gelecek.\u00a0\u00c7ocuk ve gen\u00e7lerin olu\u015fturdu\u011fu \u0130stanbul Ata\u015fehir Belediyesi Gen\u00e7lik Senfoni Orkestras\u0131 ise yine 14 \u015eubat ak\u015fam\u0131nda iki konserle sanatseverlere m\u00fczik ziyafeti sunacak.\u00a0 SEVG\u0130N\u0130N VE M\u00dcZ\u0130\u011e\u0130N BULU\u015eMASI Kentin sosyal ya\u015fam\u0131na katk\u0131 sa\u011flamak i\u00e7in k\u00fclt\u00fcr ve sanat etkinliklerini t\u00fcm h\u0131z\u0131yla s\u00fcrd\u00fcren Manisa B\u00fcy\u00fck\u015fehir Belediyesi, 14 \u015eubat Sevgililer G\u00fcn\u00fc nedeniyle konser ve etkinlikler d\u00fczenliyor.\u00a0Manisa B\u00fcy\u00fck\u015fehir Belediyesi Konservatuar\u0131 T\u00fcrk Sanat M\u00fczi\u011fi Korosu, 12 \u015eubat saat 20.00\u2019de K\u00fclt\u00fcr Merkezi Lale Salonu\u2019nda, Aylin Eralp Demirbek \u015fefli\u011finde konser verecek. T\u00fcrk Sanat M\u00fczi\u011fi\u2019nin sevilen \u015fark\u0131lar\u0131n\u0131, sevginin ve m\u00fczi\u011fin bulu\u015faca\u011f\u0131 konserde seslendirecek. SPOR VE DANS B\u0130R ARADA B\u00fcy\u00fck\u015fehir Belediyesi, 14 \u015eubat g\u00fcn\u00fc saat 19.00\u2019da ise spor e\u011fitmenleri Hasan K\u0131l\u0131n\u00e7er ve H\u00fcseyin Ayaz\u2019\u0131, spor ve dans dolu bir etkinlikle Manisal\u0131larla bulu\u015fturacak. E\u011flenceli danslar\u0131yla sporu sevdiren iki isim, Tar\u0131k Alm\u0131\u015f Spor Tesisleri\u2019nde Manisal\u0131larla bir araya gelecek. \u00dccretsiz olarak d\u00fczenlenecek olan etkinlik, kat\u0131l\u0131mc\u0131lara hem e\u011flenceli dans fig\u00fcrleriyle &hellip;\" \/>\n<meta property=\"og:url\" content=\"https:\/\/denizcankizil.tr\/en\/haberler\/gundem\/manisada-sevgililer-gunune-ozel-konser-ve-etkinlik\/\" \/>\n<meta property=\"og:site_name\" content=\"Av. Deniz Can K\u0131z\u0131l\" \/>\n<meta property=\"article:published_time\" content=\"2025-02-10T18:38:02+00:00\" \/>\n<meta name=\"author\" content=\"admin\" \/>\n<meta name=\"twitter:card\" content=\"summary_large_image\" \/>\n<meta name=\"twitter:label1\" content=\"Written by\" \/>\n\t<meta name=\"twitter:data1\" content=\"admin\" \/>\n\t<meta name=\"twitter:label2\" content=\"Estimated reading time\" \/>\n\t<meta name=\"twitter:data2\" content=\"5 minutes\" \/>\n<script type=\"application\/ld+json\" class=\"yoast-schema-graph\">{\"@context\":\"https:\/\/schema.org\",\"@graph\":[{\"@type\":\"Article\",\"@id\":\"https:\/\/denizcankizil.tr\/en\/haberler\/gundem\/manisada-sevgililer-gunune-ozel-konser-ve-etkinlik\/#article\",\"isPartOf\":{\"@id\":\"https:\/\/denizcankizil.tr\/en\/haberler\/gundem\/manisada-sevgililer-gunune-ozel-konser-ve-etkinlik\/\"},\"author\":{\"name\":\"admin\",\"@id\":\"https:\/\/denizcankizil.tr\/#\/schema\/person\/be3c05fe6a12686905512445d8185489\"},\"headline\":\"Manisa&#8217;da &#8216;Sevgililer G\u00fcn\u00fc&#8217;ne \u00f6zel konser ve etkinlik\",\"datePublished\":\"2025-02-10T18:38:02+00:00\",\"mainEntityOfPage\":{\"@id\":\"https:\/\/denizcankizil.tr\/en\/haberler\/gundem\/manisada-sevgililer-gunune-ozel-konser-ve-etkinlik\/\"},\"wordCount\":936,\"commentCount\":0,\"publisher\":{\"@id\":\"https:\/\/denizcankizil.tr\/#organization\"},\"articleSection\":[\"G\u00fcndem\"],\"inLanguage\":\"en-GB\",\"potentialAction\":[{\"@type\":\"CommentAction\",\"name\":\"Comment\",\"target\":[\"https:\/\/denizcankizil.tr\/en\/haberler\/gundem\/manisada-sevgililer-gunune-ozel-konser-ve-etkinlik\/#respond\"]}]},{\"@type\":\"WebPage\",\"@id\":\"https:\/\/denizcankizil.tr\/en\/haberler\/gundem\/manisada-sevgililer-gunune-ozel-konser-ve-etkinlik\/\",\"url\":\"https:\/\/denizcankizil.tr\/en\/haberler\/gundem\/manisada-sevgililer-gunune-ozel-konser-ve-etkinlik\/\",\"name\":\"Manisa'da 'Sevgililer G\u00fcn\u00fc'ne \u00f6zel konser ve etkinlik - Av. Deniz Can K\u0131z\u0131l\",\"isPartOf\":{\"@id\":\"https:\/\/denizcankizil.tr\/#website\"},\"datePublished\":\"2025-02-10T18:38:02+00:00\",\"breadcrumb\":{\"@id\":\"https:\/\/denizcankizil.tr\/en\/haberler\/gundem\/manisada-sevgililer-gunune-ozel-konser-ve-etkinlik\/#breadcrumb\"},\"inLanguage\":\"en-GB\",\"potentialAction\":[{\"@type\":\"ReadAction\",\"target\":[\"https:\/\/denizcankizil.tr\/en\/haberler\/gundem\/manisada-sevgililer-gunune-ozel-konser-ve-etkinlik\/\"]}]},{\"@type\":\"BreadcrumbList\",\"@id\":\"https:\/\/denizcankizil.tr\/en\/haberler\/gundem\/manisada-sevgililer-gunune-ozel-konser-ve-etkinlik\/#breadcrumb\",\"itemListElement\":[{\"@type\":\"ListItem\",\"position\":1,\"name\":\"Home\",\"item\":\"https:\/\/denizcankizil.tr\/de\/\"},{\"@type\":\"ListItem\",\"position\":2,\"name\":\"Manisa&#8217;da &#8216;Sevgililer G\u00fcn\u00fc&#8217;ne \u00f6zel konser ve etkinlik\"}]},{\"@type\":\"WebSite\",\"@id\":\"https:\/\/denizcankizil.tr\/#website\",\"url\":\"https:\/\/denizcankizil.tr\/\",\"name\":\"Av. Deniz Can K\u0131z\u0131l\",\"description\":\"Avukat Deniz Can K\u0131z\u0131l Antalya Barosu\",\"publisher\":{\"@id\":\"https:\/\/denizcankizil.tr\/#organization\"},\"potentialAction\":[{\"@type\":\"SearchAction\",\"target\":{\"@type\":\"EntryPoint\",\"urlTemplate\":\"https:\/\/denizcankizil.tr\/?s={search_term_string}\"},\"query-input\":{\"@type\":\"PropertyValueSpecification\",\"valueRequired\":true,\"valueName\":\"search_term_string\"}}],\"inLanguage\":\"en-GB\"},{\"@type\":\"Organization\",\"@id\":\"https:\/\/denizcankizil.tr\/#organization\",\"name\":\"Av. Deniz Can K\u0131z\u0131l\",\"url\":\"https:\/\/denizcankizil.tr\/\",\"logo\":{\"@type\":\"ImageObject\",\"inLanguage\":\"en-GB\",\"@id\":\"https:\/\/denizcankizil.tr\/#\/schema\/logo\/image\/\",\"url\":\"https:\/\/denizcankizil.tr\/wp-content\/uploads\/2024\/10\/siyah-logo-svg.svg\",\"contentUrl\":\"https:\/\/denizcankizil.tr\/wp-content\/uploads\/2024\/10\/siyah-logo-svg.svg\",\"width\":1080,\"height\":1080,\"caption\":\"Av. Deniz Can K\u0131z\u0131l\"},\"image\":{\"@id\":\"https:\/\/denizcankizil.tr\/#\/schema\/logo\/image\/\"}},{\"@type\":\"Person\",\"@id\":\"https:\/\/denizcankizil.tr\/#\/schema\/person\/be3c05fe6a12686905512445d8185489\",\"name\":\"admin\",\"image\":{\"@type\":\"ImageObject\",\"inLanguage\":\"en-GB\",\"@id\":\"https:\/\/denizcankizil.tr\/#\/schema\/person\/image\/\",\"url\":\"https:\/\/secure.gravatar.com\/avatar\/c1fce94c830dc79107e174f890d7210541c4a63e8e5d816341794a2151c9d58c?s=96&d=mm&r=g\",\"contentUrl\":\"https:\/\/secure.gravatar.com\/avatar\/c1fce94c830dc79107e174f890d7210541c4a63e8e5d816341794a2151c9d58c?s=96&d=mm&r=g\",\"caption\":\"admin\"},\"sameAs\":[\"http:\/\/denizcankizil.tr\"],\"url\":\"https:\/\/www.iskenderun.org\/manisada-sevgililer-gunune-ozel-konser-ve-etkinlik\"}]}<\/script>\n<!-- \/ Yoast SEO Premium plugin. -->","yoast_head_json":{"title":"Manisa'da 'Sevgililer G\u00fcn\u00fc'ne \u00f6zel konser ve etkinlik - Av. Deniz Can K\u0131z\u0131l","robots":{"index":"index","follow":"follow","max-snippet":"max-snippet:-1","max-image-preview":"max-image-preview:large","max-video-preview":"max-video-preview:-1"},"canonical":"https:\/\/denizcankizil.tr\/en\/haberler\/gundem\/manisada-sevgililer-gunune-ozel-konser-ve-etkinlik\/","og_locale":"en_GB","og_type":"article","og_title":"Manisa'da 'Sevgililer G\u00fcn\u00fc'ne \u00f6zel konser ve etkinlik","og_description":"Manisa B\u00fcy\u00fck\u015fehir Belediyesi, 14 \u015eubat Sevgililer G\u00fcn\u00fc\u2019nde \u015fehrin k\u00fclt\u00fcrel ve sportif ya\u015fam\u0131na renk katacak etkinliklere imza atacak.MAN\u0130SA (\u0130GFA) &#8211;\u00a012 \u015eubat ak\u015fam\u0131 Manisa B\u00fcy\u00fck\u015fehir Belediyesi Konservatuar\u0131 T\u00fcrk Sanat M\u00fczi\u011fi Korosu, \u015eef Aylin Eralp Demirbek y\u00f6netiminde, sevginin ve m\u00fczi\u011fin bulu\u015faca\u011f\u0131 konserde sahne alacak. 14 \u015eubat\u2019ta\u00a0\u2018Sevgililer G\u00fcn\u00fc \u00d6zel Spor ve Dans\u2019 etkinli\u011finde, yapt\u0131klar\u0131 danslarla sosyal medyada b\u00fcy\u00fck ilgi g\u00f6ren spor e\u011fitmenleri Hasan K\u0131l\u0131n\u00e7er ve H\u00fcseyin Ayaz, Manisal\u0131larla bir araya gelecek.\u00a0\u00c7ocuk ve gen\u00e7lerin olu\u015fturdu\u011fu \u0130stanbul Ata\u015fehir Belediyesi Gen\u00e7lik Senfoni Orkestras\u0131 ise yine 14 \u015eubat ak\u015fam\u0131nda iki konserle sanatseverlere m\u00fczik ziyafeti sunacak.\u00a0 SEVG\u0130N\u0130N VE M\u00dcZ\u0130\u011e\u0130N BULU\u015eMASI Kentin sosyal ya\u015fam\u0131na katk\u0131 sa\u011flamak i\u00e7in k\u00fclt\u00fcr ve sanat etkinliklerini t\u00fcm h\u0131z\u0131yla s\u00fcrd\u00fcren Manisa B\u00fcy\u00fck\u015fehir Belediyesi, 14 \u015eubat Sevgililer G\u00fcn\u00fc nedeniyle konser ve etkinlikler d\u00fczenliyor.\u00a0Manisa B\u00fcy\u00fck\u015fehir Belediyesi Konservatuar\u0131 T\u00fcrk Sanat M\u00fczi\u011fi Korosu, 12 \u015eubat saat 20.00\u2019de K\u00fclt\u00fcr Merkezi Lale Salonu\u2019nda, Aylin Eralp Demirbek \u015fefli\u011finde konser verecek. T\u00fcrk Sanat M\u00fczi\u011fi\u2019nin sevilen \u015fark\u0131lar\u0131n\u0131, sevginin ve m\u00fczi\u011fin bulu\u015faca\u011f\u0131 konserde seslendirecek. SPOR VE DANS B\u0130R ARADA B\u00fcy\u00fck\u015fehir Belediyesi, 14 \u015eubat g\u00fcn\u00fc saat 19.00\u2019da ise spor e\u011fitmenleri Hasan K\u0131l\u0131n\u00e7er ve H\u00fcseyin Ayaz\u2019\u0131, spor ve dans dolu bir etkinlikle Manisal\u0131larla bulu\u015fturacak. E\u011flenceli danslar\u0131yla sporu sevdiren iki isim, Tar\u0131k Alm\u0131\u015f Spor Tesisleri\u2019nde Manisal\u0131larla bir araya gelecek. \u00dccretsiz olarak d\u00fczenlenecek olan etkinlik, kat\u0131l\u0131mc\u0131lara hem e\u011flenceli dans fig\u00fcrleriyle &hellip;","og_url":"https:\/\/denizcankizil.tr\/en\/haberler\/gundem\/manisada-sevgililer-gunune-ozel-konser-ve-etkinlik\/","og_site_name":"Av. Deniz Can K\u0131z\u0131l","article_published_time":"2025-02-10T18:38:02+00:00","author":"admin","twitter_card":"summary_large_image","twitter_misc":{"Written by":"admin","Estimated reading time":"5 minutes"},"schema":{"@context":"https:\/\/schema.org","@graph":[{"@type":"Article","@id":"https:\/\/denizcankizil.tr\/en\/haberler\/gundem\/manisada-sevgililer-gunune-ozel-konser-ve-etkinlik\/#article","isPartOf":{"@id":"https:\/\/denizcankizil.tr\/en\/haberler\/gundem\/manisada-sevgililer-gunune-ozel-konser-ve-etkinlik\/"},"author":{"name":"admin","@id":"https:\/\/denizcankizil.tr\/#\/schema\/person\/be3c05fe6a12686905512445d8185489"},"headline":"Manisa&#8217;da &#8216;Sevgililer G\u00fcn\u00fc&#8217;ne \u00f6zel konser ve etkinlik","datePublished":"2025-02-10T18:38:02+00:00","mainEntityOfPage":{"@id":"https:\/\/denizcankizil.tr\/en\/haberler\/gundem\/manisada-sevgililer-gunune-ozel-konser-ve-etkinlik\/"},"wordCount":936,"commentCount":0,"publisher":{"@id":"https:\/\/denizcankizil.tr\/#organization"},"articleSection":["G\u00fcndem"],"inLanguage":"en-GB","potentialAction":[{"@type":"CommentAction","name":"Comment","target":["https:\/\/denizcankizil.tr\/en\/haberler\/gundem\/manisada-sevgililer-gunune-ozel-konser-ve-etkinlik\/#respond"]}]},{"@type":"WebPage","@id":"https:\/\/denizcankizil.tr\/en\/haberler\/gundem\/manisada-sevgililer-gunune-ozel-konser-ve-etkinlik\/","url":"https:\/\/denizcankizil.tr\/en\/haberler\/gundem\/manisada-sevgililer-gunune-ozel-konser-ve-etkinlik\/","name":"Manisa'da 'Sevgililer G\u00fcn\u00fc'ne \u00f6zel konser ve etkinlik - Av. Deniz Can K\u0131z\u0131l","isPartOf":{"@id":"https:\/\/denizcankizil.tr\/#website"},"datePublished":"2025-02-10T18:38:02+00:00","breadcrumb":{"@id":"https:\/\/denizcankizil.tr\/en\/haberler\/gundem\/manisada-sevgililer-gunune-ozel-konser-ve-etkinlik\/#breadcrumb"},"inLanguage":"en-GB","potentialAction":[{"@type":"ReadAction","target":["https:\/\/denizcankizil.tr\/en\/haberler\/gundem\/manisada-sevgililer-gunune-ozel-konser-ve-etkinlik\/"]}]},{"@type":"BreadcrumbList","@id":"https:\/\/denizcankizil.tr\/en\/haberler\/gundem\/manisada-sevgililer-gunune-ozel-konser-ve-etkinlik\/#breadcrumb","itemListElement":[{"@type":"ListItem","position":1,"name":"Home","item":"https:\/\/denizcankizil.tr\/de\/"},{"@type":"ListItem","position":2,"name":"Manisa&#8217;da &#8216;Sevgililer G\u00fcn\u00fc&#8217;ne \u00f6zel konser ve etkinlik"}]},{"@type":"WebSite","@id":"https:\/\/denizcankizil.tr\/#website","url":"https:\/\/denizcankizil.tr\/","name":"Av. Deniz Can K\u0131z\u0131l","description":"Avukat Deniz Can K\u0131z\u0131l Antalya Barosu","publisher":{"@id":"https:\/\/denizcankizil.tr\/#organization"},"potentialAction":[{"@type":"SearchAction","target":{"@type":"EntryPoint","urlTemplate":"https:\/\/denizcankizil.tr\/?s={search_term_string}"},"query-input":{"@type":"PropertyValueSpecification","valueRequired":true,"valueName":"search_term_string"}}],"inLanguage":"en-GB"},{"@type":"Organization","@id":"https:\/\/denizcankizil.tr\/#organization","name":"Av. Deniz Can K\u0131z\u0131l","url":"https:\/\/denizcankizil.tr\/","logo":{"@type":"ImageObject","inLanguage":"en-GB","@id":"https:\/\/denizcankizil.tr\/#\/schema\/logo\/image\/","url":"https:\/\/denizcankizil.tr\/wp-content\/uploads\/2024\/10\/siyah-logo-svg.svg","contentUrl":"https:\/\/denizcankizil.tr\/wp-content\/uploads\/2024\/10\/siyah-logo-svg.svg","width":1080,"height":1080,"caption":"Av. Deniz Can K\u0131z\u0131l"},"image":{"@id":"https:\/\/denizcankizil.tr\/#\/schema\/logo\/image\/"}},{"@type":"Person","@id":"https:\/\/denizcankizil.tr\/#\/schema\/person\/be3c05fe6a12686905512445d8185489","name":"admin","image":{"@type":"ImageObject","inLanguage":"en-GB","@id":"https:\/\/denizcankizil.tr\/#\/schema\/person\/image\/","url":"https:\/\/secure.gravatar.com\/avatar\/c1fce94c830dc79107e174f890d7210541c4a63e8e5d816341794a2151c9d58c?s=96&d=mm&r=g","contentUrl":"https:\/\/secure.gravatar.com\/avatar\/c1fce94c830dc79107e174f890d7210541c4a63e8e5d816341794a2151c9d58c?s=96&d=mm&r=g","caption":"admin"},"sameAs":["http:\/\/denizcankizil.tr"],"url":"https:\/\/www.iskenderun.org\/manisada-sevgililer-gunune-ozel-konser-ve-etkinlik"}]}},"_links":{"self":[{"href":"https:\/\/denizcankizil.tr\/en\/wp-json\/wp\/v2\/posts\/31809","targetHints":{"allow":["GET"]}}],"collection":[{"href":"https:\/\/denizcankizil.tr\/en\/wp-json\/wp\/v2\/posts"}],"about":[{"href":"https:\/\/denizcankizil.tr\/en\/wp-json\/wp\/v2\/types\/post"}],"author":[{"embeddable":true,"href":"https:\/\/denizcankizil.tr\/en\/wp-json\/wp\/v2\/users\/1"}],"replies":[{"embeddable":true,"href":"https:\/\/denizcankizil.tr\/en\/wp-json\/wp\/v2\/comments?post=31809"}],"version-history":[{"count":0,"href":"https:\/\/denizcankizil.tr\/en\/wp-json\/wp\/v2\/posts\/31809\/revisions"}],"wp:attachment":[{"href":"https:\/\/denizcankizil.tr\/en\/wp-json\/wp\/v2\/media?parent=31809"}],"wp:term":[{"taxonomy":"category","embeddable":true,"href":"https:\/\/denizcankizil.tr\/en\/wp-json\/wp\/v2\/categories?post=31809"},{"taxonomy":"post_tag","embeddable":true,"href":"https:\/\/denizcankizil.tr\/en\/wp-json\/wp\/v2\/tags?post=31809"}],"curies":[{"name":"wp","href":"https:\/\/api.w.org\/{rel}","templated":true}]}}