{"id":31736,"date":"2025-02-10T16:41:16","date_gmt":"2025-02-10T13:41:16","guid":{"rendered":"https:\/\/denizcankizil.tr\/uncategorized-tr\/antalyada-sokak-kopeklerini-toplamayan-belediyelere-agir-ceza\/"},"modified":"2025-02-10T16:41:16","modified_gmt":"2025-02-10T13:41:16","slug":"antalyada-sokak-kopeklerini-toplamayan-belediyelere-agir-ceza","status":"publish","type":"post","link":"https:\/\/denizcankizil.tr\/en\/haberler\/gundem\/antalyada-sokak-kopeklerini-toplamayan-belediyelere-agir-ceza\/","title":{"rendered":"Antalya\u2019da sokak k\u00f6peklerini toplamayan belediyelere a\u011f\u0131r ceza"},"content":{"rendered":"<p>T\u00fcrkiye\u2019de sokak hayvanlar\u0131 i\u00e7in al\u0131nan \u00f6nlemler daha da art\u0131r\u0131l\u0131yor. Tar\u0131m ve Orman Bakanl\u0131\u011f\u0131, 81 il valili\u011fine konu ile alakal\u0131 bir yaz\u0131 g\u00f6nderdi. G\u00f6nderilen yaz\u0131da sahipsiz k\u00f6peklerin toplanmas\u0131 i\u00e7in 2028 y\u0131l\u0131n\u0131n beklenmesinin yasalara ayk\u0131r\u0131 oldu\u011funu belirterek, 2025 y\u0131l\u0131 itibar\u0131yla soka\u011fa b\u0131rak\u0131lan her bir k\u00f6pek i\u00e7in 71 bin 965 TL idari para cezas\u0131 uygulanaca\u011f\u0131 belirtildi.<\/p>\n<p>81 \u0130LE G\u00d6NDER\u0130LEN YAZI\u00a0<\/p>\n<p>G\u00f6nderilen yaz\u0131da, &#8220;5199 say\u0131l\u0131 Kanun ile n\u00fcfusu yirmi be\u015f bini a\u015fan Belediyelere hayvan bak\u0131mevlerini kurmak ve mevcut bak\u0131mevlerinin ko\u015fullar\u0131n\u0131 iyile\u015ftirmek i\u00e7in 31.12.2028 tarihine kadar s\u00fcre tan\u0131nmakla birlikte; hayvanlar\u0131n toplanarak hayvan bak\u0131mevlerine g\u00f6t\u00fcr\u00fclmesi ve k\u00f6peklerin hayvan bak\u0131mevlerinde tutulmas\u0131 ile ilgili h\u00fck\u00fcmlerin Kanunun yay\u0131m\u0131 tarihi itibar\u0131yla y\u00fcr\u00fcrl\u00fc\u011fe girmi\u015f olmas\u0131 sebebiyle hayvanlar\u0131n toplanmas\u0131 maksad\u0131yla 2028 y\u0131l\u0131n\u0131n beklenmesi mevzuata ayk\u0131r\u0131l\u0131k te\u015fkil etmektedir. Rehabilitasyon i\u015flemi tamamlanm\u0131\u015f dahi olsa yerel y\u00f6netimler ad\u0131na toplanan sahipsiz hayvanlar\u0131n bak\u0131mevi d\u0131\u015f\u0131nda herhangi bir yere terk edilmesi veya bak\u0131mevinde bar\u0131nd\u0131r\u0131lan k\u00f6peklerin geri b\u0131rak\u0131lmas\u0131 Kanun&#8217;un 14 \u00fcnc\u00fc maddesi ile yasaklanm\u0131\u015ft\u0131r. S\u00f6z konusu Kanun maddesine ayk\u0131r\u0131l\u0131\u011f\u0131n\u0131n tespiti halinde hayvan ba\u015f\u0131na 2025 y\u0131l\u0131nda 71.965 TL idari para cezas\u0131 uygulanmas\u0131 gerekmektedir\u201d denildi.\u00a0<\/p>\n<p>ANTALYA BELED\u0130YELER\u0130 DE BU KAPSAMDA\u00a0<\/p>\n<p>G\u00f6nderilen genelgeye g\u00f6re Antalya B\u00fcy\u00fck\u015fehir Belediyesi ve il\u00e7e belediyeleri sokak k\u00f6peklerini toplamak zorunda kalacak. Belediyeler, sokak k\u00f6peklerini yakalay\u0131p, geri b\u0131rakmas\u0131 halinse ise b\u0131rak\u0131lan her bir k\u00f6pek i\u00e7in 71 bin 965 TL para cezas\u0131 \u00f6demesi gerekecek.<\/p>\n<p>BENZER B\u0130R KARAR GE\u00c7EN HAFTA DA ALINMI\u015eTI\u00a0<\/p>\n<p>Ge\u00e7ti\u011fimiz hafta Sa\u011fl\u0131k Bakanl\u0131\u011f\u0131 da 81 ilin valiliklerine benzer bir yaz\u0131 g\u00f6ndermi\u015fti. G\u00f6nderilen yaz\u0131da bundan sonra hi\u00e7bir hastane kompleksine sokak hayvanlar\u0131n\u0131n giremeyece\u011fi belirletmi\u015fti. S\u00f6z konusu karar\u0131n ard\u0131ndan sosyal medya ikiye b\u00f6l\u00fcnm\u00fc\u015ft\u00fc.\u00a0<\/p>\n<p>\u200bTar\u0131m ve Orman Bakanl\u0131\u011f\u0131, 81 il valili\u011fine g\u00f6nderdi\u011fi yaz\u0131da belediyelerin toplad\u0131\u011f\u0131 sokak k\u00f6peklerini geri salmas\u0131 durumunda sal\u0131nan her bir k\u00f6pek i\u00e7in 71 bin 965 TL para cezas\u0131 uygulanaca\u011f\u0131n\u0131 a\u00e7\u0131klad\u0131.\u00a0<\/p>\n<p>\u200bHaberin Al\u0131nt\u0131land\u0131\u011f\u0131 Kaynak: www.antalyakorfez.com<\/p>","protected":false},"excerpt":{"rendered":"<p>T\u00fcrkiye\u2019de sokak hayvanlar\u0131 i\u00e7in al\u0131nan \u00f6nlemler daha da art\u0131r\u0131l\u0131yor. Tar\u0131m ve Orman Bakanl\u0131\u011f\u0131, 81 il valili\u011fine konu ile alakal\u0131 bir yaz\u0131 g\u00f6nderdi. G\u00f6nderilen yaz\u0131da sahipsiz k\u00f6peklerin toplanmas\u0131 i\u00e7in 2028 y\u0131l\u0131n\u0131n beklenmesinin yasalara ayk\u0131r\u0131 oldu\u011funu belirterek, 2025 y\u0131l\u0131 itibar\u0131yla soka\u011fa b\u0131rak\u0131lan her bir k\u00f6pek i\u00e7in 71 bin 965 TL idari para cezas\u0131 uygulanaca\u011f\u0131 belirtildi. 81 \u0130LE G\u00d6NDER\u0130LEN YAZI\u00a0 G\u00f6nderilen yaz\u0131da, &#8220;5199 say\u0131l\u0131 Kanun ile n\u00fcfusu yirmi be\u015f bini a\u015fan Belediyelere hayvan bak\u0131mevlerini kurmak ve mevcut bak\u0131mevlerinin ko\u015fullar\u0131n\u0131 iyile\u015ftirmek i\u00e7in 31.12.2028 tarihine kadar s\u00fcre tan\u0131nmakla birlikte; hayvanlar\u0131n toplanarak hayvan bak\u0131mevlerine g\u00f6t\u00fcr\u00fclmesi ve k\u00f6peklerin hayvan bak\u0131mevlerinde tutulmas\u0131 ile ilgili h\u00fck\u00fcmlerin Kanunun yay\u0131m\u0131 tarihi itibar\u0131yla y\u00fcr\u00fcrl\u00fc\u011fe girmi\u015f olmas\u0131 sebebiyle hayvanlar\u0131n toplanmas\u0131 maksad\u0131yla 2028 y\u0131l\u0131n\u0131n beklenmesi mevzuata ayk\u0131r\u0131l\u0131k te\u015fkil etmektedir. Rehabilitasyon i\u015flemi tamamlanm\u0131\u015f dahi olsa yerel y\u00f6netimler ad\u0131na toplanan sahipsiz hayvanlar\u0131n bak\u0131mevi d\u0131\u015f\u0131nda herhangi bir yere terk edilmesi veya bak\u0131mevinde bar\u0131nd\u0131r\u0131lan k\u00f6peklerin geri b\u0131rak\u0131lmas\u0131 Kanun&#8217;un 14 \u00fcnc\u00fc maddesi ile yasaklanm\u0131\u015ft\u0131r. S\u00f6z konusu Kanun maddesine ayk\u0131r\u0131l\u0131\u011f\u0131n\u0131n tespiti halinde hayvan ba\u015f\u0131na 2025 y\u0131l\u0131nda 71.965 TL idari para cezas\u0131 uygulanmas\u0131 gerekmektedir\u201d denildi.\u00a0 ANTALYA BELED\u0130YELER\u0130 DE BU KAPSAMDA\u00a0 G\u00f6nderilen genelgeye g\u00f6re Antalya B\u00fcy\u00fck\u015fehir Belediyesi ve il\u00e7e belediyeleri sokak k\u00f6peklerini toplamak zorunda kalacak. Belediyeler, sokak k\u00f6peklerini yakalay\u0131p, geri b\u0131rakmas\u0131 halinse ise b\u0131rak\u0131lan her bir k\u00f6pek i\u00e7in 71 bin 965 TL &hellip;<\/p>","protected":false},"author":5,"featured_media":0,"comment_status":"open","ping_status":"open","sticky":false,"template":"","format":"standard","meta":{"_acf_changed":false,"footnotes":""},"categories":[24],"tags":[],"class_list":["post-31736","post","type-post","status-publish","format-standard","has-post-thumbnail","hentry","category-gundem"],"acf":[],"yoast_head":"<!-- This site is optimized with the Yoast SEO Premium plugin v26.6 (Yoast SEO v27.1.1) - https:\/\/yoast.com\/product\/yoast-seo-premium-wordpress\/ -->\n<title>Antalya\u2019da sokak k\u00f6peklerini toplamayan belediyelere a\u011f\u0131r ceza - Av. Deniz Can K\u0131z\u0131l<\/title>\n<meta name=\"robots\" content=\"index, follow, max-snippet:-1, max-image-preview:large, max-video-preview:-1\" \/>\n<link rel=\"canonical\" href=\"https:\/\/denizcankizil.tr\/en\/haberler\/gundem\/antalyada-sokak-kopeklerini-toplamayan-belediyelere-agir-ceza\/\" \/>\n<meta property=\"og:locale\" content=\"en_GB\" \/>\n<meta property=\"og:type\" content=\"article\" \/>\n<meta property=\"og:title\" content=\"Antalya\u2019da sokak k\u00f6peklerini toplamayan belediyelere a\u011f\u0131r ceza\" \/>\n<meta property=\"og:description\" content=\"T\u00fcrkiye\u2019de sokak hayvanlar\u0131 i\u00e7in al\u0131nan \u00f6nlemler daha da art\u0131r\u0131l\u0131yor. Tar\u0131m ve Orman Bakanl\u0131\u011f\u0131, 81 il valili\u011fine konu ile alakal\u0131 bir yaz\u0131 g\u00f6nderdi. G\u00f6nderilen yaz\u0131da sahipsiz k\u00f6peklerin toplanmas\u0131 i\u00e7in 2028 y\u0131l\u0131n\u0131n beklenmesinin yasalara ayk\u0131r\u0131 oldu\u011funu belirterek, 2025 y\u0131l\u0131 itibar\u0131yla soka\u011fa b\u0131rak\u0131lan her bir k\u00f6pek i\u00e7in 71 bin 965 TL idari para cezas\u0131 uygulanaca\u011f\u0131 belirtildi. 81 \u0130LE G\u00d6NDER\u0130LEN YAZI\u00a0 G\u00f6nderilen yaz\u0131da, &#8220;5199 say\u0131l\u0131 Kanun ile n\u00fcfusu yirmi be\u015f bini a\u015fan Belediyelere hayvan bak\u0131mevlerini kurmak ve mevcut bak\u0131mevlerinin ko\u015fullar\u0131n\u0131 iyile\u015ftirmek i\u00e7in 31.12.2028 tarihine kadar s\u00fcre tan\u0131nmakla birlikte; hayvanlar\u0131n toplanarak hayvan bak\u0131mevlerine g\u00f6t\u00fcr\u00fclmesi ve k\u00f6peklerin hayvan bak\u0131mevlerinde tutulmas\u0131 ile ilgili h\u00fck\u00fcmlerin Kanunun yay\u0131m\u0131 tarihi itibar\u0131yla y\u00fcr\u00fcrl\u00fc\u011fe girmi\u015f olmas\u0131 sebebiyle hayvanlar\u0131n toplanmas\u0131 maksad\u0131yla 2028 y\u0131l\u0131n\u0131n beklenmesi mevzuata ayk\u0131r\u0131l\u0131k te\u015fkil etmektedir. Rehabilitasyon i\u015flemi tamamlanm\u0131\u015f dahi olsa yerel y\u00f6netimler ad\u0131na toplanan sahipsiz hayvanlar\u0131n bak\u0131mevi d\u0131\u015f\u0131nda herhangi bir yere terk edilmesi veya bak\u0131mevinde bar\u0131nd\u0131r\u0131lan k\u00f6peklerin geri b\u0131rak\u0131lmas\u0131 Kanun&#8217;un 14 \u00fcnc\u00fc maddesi ile yasaklanm\u0131\u015ft\u0131r. S\u00f6z konusu Kanun maddesine ayk\u0131r\u0131l\u0131\u011f\u0131n\u0131n tespiti halinde hayvan ba\u015f\u0131na 2025 y\u0131l\u0131nda 71.965 TL idari para cezas\u0131 uygulanmas\u0131 gerekmektedir\u201d denildi.\u00a0 ANTALYA BELED\u0130YELER\u0130 DE BU KAPSAMDA\u00a0 G\u00f6nderilen genelgeye g\u00f6re Antalya B\u00fcy\u00fck\u015fehir Belediyesi ve il\u00e7e belediyeleri sokak k\u00f6peklerini toplamak zorunda kalacak. Belediyeler, sokak k\u00f6peklerini yakalay\u0131p, geri b\u0131rakmas\u0131 halinse ise b\u0131rak\u0131lan her bir k\u00f6pek i\u00e7in 71 bin 965 TL &hellip;\" \/>\n<meta property=\"og:url\" content=\"https:\/\/denizcankizil.tr\/en\/haberler\/gundem\/antalyada-sokak-kopeklerini-toplamayan-belediyelere-agir-ceza\/\" \/>\n<meta property=\"og:site_name\" content=\"Av. Deniz Can K\u0131z\u0131l\" \/>\n<meta property=\"article:published_time\" content=\"2025-02-10T13:41:16+00:00\" \/>\n<meta name=\"author\" content=\"Antalya K\u00f6rfez\" \/>\n<meta name=\"twitter:card\" content=\"summary_large_image\" \/>\n<meta name=\"twitter:label1\" content=\"Written by\" \/>\n\t<meta name=\"twitter:data1\" content=\"Antalya K\u00f6rfez\" \/>\n\t<meta name=\"twitter:label2\" content=\"Estimated reading time\" \/>\n\t<meta name=\"twitter:data2\" content=\"2 minutes\" \/>\n<script type=\"application\/ld+json\" class=\"yoast-schema-graph\">{\"@context\":\"https:\/\/schema.org\",\"@graph\":[{\"@type\":\"Article\",\"@id\":\"https:\/\/denizcankizil.tr\/en\/haberler\/gundem\/antalyada-sokak-kopeklerini-toplamayan-belediyelere-agir-ceza\/#article\",\"isPartOf\":{\"@id\":\"https:\/\/denizcankizil.tr\/en\/haberler\/gundem\/antalyada-sokak-kopeklerini-toplamayan-belediyelere-agir-ceza\/\"},\"author\":{\"name\":\"Antalya K\u00f6rfez\",\"@id\":\"https:\/\/denizcankizil.tr\/#\/schema\/person\/e1eb71bb4dd684d46563f0af307e1234\"},\"headline\":\"Antalya\u2019da sokak k\u00f6peklerini toplamayan belediyelere a\u011f\u0131r ceza\",\"datePublished\":\"2025-02-10T13:41:16+00:00\",\"mainEntityOfPage\":{\"@id\":\"https:\/\/denizcankizil.tr\/en\/haberler\/gundem\/antalyada-sokak-kopeklerini-toplamayan-belediyelere-agir-ceza\/\"},\"wordCount\":407,\"commentCount\":0,\"publisher\":{\"@id\":\"https:\/\/denizcankizil.tr\/#organization\"},\"articleSection\":[\"G\u00fcndem\"],\"inLanguage\":\"en-GB\",\"potentialAction\":[{\"@type\":\"CommentAction\",\"name\":\"Comment\",\"target\":[\"https:\/\/denizcankizil.tr\/en\/haberler\/gundem\/antalyada-sokak-kopeklerini-toplamayan-belediyelere-agir-ceza\/#respond\"]}]},{\"@type\":\"WebPage\",\"@id\":\"https:\/\/denizcankizil.tr\/en\/haberler\/gundem\/antalyada-sokak-kopeklerini-toplamayan-belediyelere-agir-ceza\/\",\"url\":\"https:\/\/denizcankizil.tr\/en\/haberler\/gundem\/antalyada-sokak-kopeklerini-toplamayan-belediyelere-agir-ceza\/\",\"name\":\"Antalya\u2019da sokak k\u00f6peklerini toplamayan belediyelere a\u011f\u0131r ceza - Av. Deniz Can K\u0131z\u0131l\",\"isPartOf\":{\"@id\":\"https:\/\/denizcankizil.tr\/#website\"},\"datePublished\":\"2025-02-10T13:41:16+00:00\",\"breadcrumb\":{\"@id\":\"https:\/\/denizcankizil.tr\/en\/haberler\/gundem\/antalyada-sokak-kopeklerini-toplamayan-belediyelere-agir-ceza\/#breadcrumb\"},\"inLanguage\":\"en-GB\",\"potentialAction\":[{\"@type\":\"ReadAction\",\"target\":[\"https:\/\/denizcankizil.tr\/en\/haberler\/gundem\/antalyada-sokak-kopeklerini-toplamayan-belediyelere-agir-ceza\/\"]}]},{\"@type\":\"BreadcrumbList\",\"@id\":\"https:\/\/denizcankizil.tr\/en\/haberler\/gundem\/antalyada-sokak-kopeklerini-toplamayan-belediyelere-agir-ceza\/#breadcrumb\",\"itemListElement\":[{\"@type\":\"ListItem\",\"position\":1,\"name\":\"Home\",\"item\":\"https:\/\/denizcankizil.tr\/uk\/\"},{\"@type\":\"ListItem\",\"position\":2,\"name\":\"Antalya\u2019da sokak k\u00f6peklerini toplamayan belediyelere a\u011f\u0131r ceza\"}]},{\"@type\":\"WebSite\",\"@id\":\"https:\/\/denizcankizil.tr\/#website\",\"url\":\"https:\/\/denizcankizil.tr\/\",\"name\":\"Av. Deniz Can K\u0131z\u0131l\",\"description\":\"Avukat Deniz Can K\u0131z\u0131l Antalya Barosu\",\"publisher\":{\"@id\":\"https:\/\/denizcankizil.tr\/#organization\"},\"potentialAction\":[{\"@type\":\"SearchAction\",\"target\":{\"@type\":\"EntryPoint\",\"urlTemplate\":\"https:\/\/denizcankizil.tr\/?s={search_term_string}\"},\"query-input\":{\"@type\":\"PropertyValueSpecification\",\"valueRequired\":true,\"valueName\":\"search_term_string\"}}],\"inLanguage\":\"en-GB\"},{\"@type\":\"Organization\",\"@id\":\"https:\/\/denizcankizil.tr\/#organization\",\"name\":\"Av. Deniz Can K\u0131z\u0131l\",\"url\":\"https:\/\/denizcankizil.tr\/\",\"logo\":{\"@type\":\"ImageObject\",\"inLanguage\":\"en-GB\",\"@id\":\"https:\/\/denizcankizil.tr\/#\/schema\/logo\/image\/\",\"url\":\"https:\/\/denizcankizil.tr\/wp-content\/uploads\/2024\/10\/siyah-logo-svg.svg\",\"contentUrl\":\"https:\/\/denizcankizil.tr\/wp-content\/uploads\/2024\/10\/siyah-logo-svg.svg\",\"width\":1080,\"height\":1080,\"caption\":\"Av. Deniz Can K\u0131z\u0131l\"},\"image\":{\"@id\":\"https:\/\/denizcankizil.tr\/#\/schema\/logo\/image\/\"}},{\"@type\":\"Person\",\"@id\":\"https:\/\/denizcankizil.tr\/#\/schema\/person\/e1eb71bb4dd684d46563f0af307e1234\",\"name\":\"Antalya K\u00f6rfez\",\"image\":{\"@type\":\"ImageObject\",\"inLanguage\":\"en-GB\",\"@id\":\"https:\/\/denizcankizil.tr\/#\/schema\/person\/image\/\",\"url\":\"https:\/\/secure.gravatar.com\/avatar\/42b01982558a48a0b501fdcab6a408d3717ea5919095ee2e67b0e521799c5905?s=96&d=mm&r=g\",\"contentUrl\":\"https:\/\/secure.gravatar.com\/avatar\/42b01982558a48a0b501fdcab6a408d3717ea5919095ee2e67b0e521799c5905?s=96&d=mm&r=g\",\"caption\":\"Antalya K\u00f6rfez\"},\"sameAs\":[\"http:\/\/www.antalyakorfez.com\"],\"url\":\"https:\/\/www.antalyakorfez.com\/antalyada-sokak-kopeklerini-toplamayan-belediyelere-agir-ceza\"}]}<\/script>\n<!-- \/ Yoast SEO Premium plugin. -->","yoast_head_json":{"title":"Antalya\u2019da sokak k\u00f6peklerini toplamayan belediyelere a\u011f\u0131r ceza - Av. Deniz Can K\u0131z\u0131l","robots":{"index":"index","follow":"follow","max-snippet":"max-snippet:-1","max-image-preview":"max-image-preview:large","max-video-preview":"max-video-preview:-1"},"canonical":"https:\/\/denizcankizil.tr\/en\/haberler\/gundem\/antalyada-sokak-kopeklerini-toplamayan-belediyelere-agir-ceza\/","og_locale":"en_GB","og_type":"article","og_title":"Antalya\u2019da sokak k\u00f6peklerini toplamayan belediyelere a\u011f\u0131r ceza","og_description":"T\u00fcrkiye\u2019de sokak hayvanlar\u0131 i\u00e7in al\u0131nan \u00f6nlemler daha da art\u0131r\u0131l\u0131yor. Tar\u0131m ve Orman Bakanl\u0131\u011f\u0131, 81 il valili\u011fine konu ile alakal\u0131 bir yaz\u0131 g\u00f6nderdi. G\u00f6nderilen yaz\u0131da sahipsiz k\u00f6peklerin toplanmas\u0131 i\u00e7in 2028 y\u0131l\u0131n\u0131n beklenmesinin yasalara ayk\u0131r\u0131 oldu\u011funu belirterek, 2025 y\u0131l\u0131 itibar\u0131yla soka\u011fa b\u0131rak\u0131lan her bir k\u00f6pek i\u00e7in 71 bin 965 TL idari para cezas\u0131 uygulanaca\u011f\u0131 belirtildi. 81 \u0130LE G\u00d6NDER\u0130LEN YAZI\u00a0 G\u00f6nderilen yaz\u0131da, &#8220;5199 say\u0131l\u0131 Kanun ile n\u00fcfusu yirmi be\u015f bini a\u015fan Belediyelere hayvan bak\u0131mevlerini kurmak ve mevcut bak\u0131mevlerinin ko\u015fullar\u0131n\u0131 iyile\u015ftirmek i\u00e7in 31.12.2028 tarihine kadar s\u00fcre tan\u0131nmakla birlikte; hayvanlar\u0131n toplanarak hayvan bak\u0131mevlerine g\u00f6t\u00fcr\u00fclmesi ve k\u00f6peklerin hayvan bak\u0131mevlerinde tutulmas\u0131 ile ilgili h\u00fck\u00fcmlerin Kanunun yay\u0131m\u0131 tarihi itibar\u0131yla y\u00fcr\u00fcrl\u00fc\u011fe girmi\u015f olmas\u0131 sebebiyle hayvanlar\u0131n toplanmas\u0131 maksad\u0131yla 2028 y\u0131l\u0131n\u0131n beklenmesi mevzuata ayk\u0131r\u0131l\u0131k te\u015fkil etmektedir. Rehabilitasyon i\u015flemi tamamlanm\u0131\u015f dahi olsa yerel y\u00f6netimler ad\u0131na toplanan sahipsiz hayvanlar\u0131n bak\u0131mevi d\u0131\u015f\u0131nda herhangi bir yere terk edilmesi veya bak\u0131mevinde bar\u0131nd\u0131r\u0131lan k\u00f6peklerin geri b\u0131rak\u0131lmas\u0131 Kanun&#8217;un 14 \u00fcnc\u00fc maddesi ile yasaklanm\u0131\u015ft\u0131r. S\u00f6z konusu Kanun maddesine ayk\u0131r\u0131l\u0131\u011f\u0131n\u0131n tespiti halinde hayvan ba\u015f\u0131na 2025 y\u0131l\u0131nda 71.965 TL idari para cezas\u0131 uygulanmas\u0131 gerekmektedir\u201d denildi.\u00a0 ANTALYA BELED\u0130YELER\u0130 DE BU KAPSAMDA\u00a0 G\u00f6nderilen genelgeye g\u00f6re Antalya B\u00fcy\u00fck\u015fehir Belediyesi ve il\u00e7e belediyeleri sokak k\u00f6peklerini toplamak zorunda kalacak. Belediyeler, sokak k\u00f6peklerini yakalay\u0131p, geri b\u0131rakmas\u0131 halinse ise b\u0131rak\u0131lan her bir k\u00f6pek i\u00e7in 71 bin 965 TL &hellip;","og_url":"https:\/\/denizcankizil.tr\/en\/haberler\/gundem\/antalyada-sokak-kopeklerini-toplamayan-belediyelere-agir-ceza\/","og_site_name":"Av. Deniz Can K\u0131z\u0131l","article_published_time":"2025-02-10T13:41:16+00:00","author":"Antalya K\u00f6rfez","twitter_card":"summary_large_image","twitter_misc":{"Written by":"Antalya K\u00f6rfez","Estimated reading time":"2 minutes"},"schema":{"@context":"https:\/\/schema.org","@graph":[{"@type":"Article","@id":"https:\/\/denizcankizil.tr\/en\/haberler\/gundem\/antalyada-sokak-kopeklerini-toplamayan-belediyelere-agir-ceza\/#article","isPartOf":{"@id":"https:\/\/denizcankizil.tr\/en\/haberler\/gundem\/antalyada-sokak-kopeklerini-toplamayan-belediyelere-agir-ceza\/"},"author":{"name":"Antalya K\u00f6rfez","@id":"https:\/\/denizcankizil.tr\/#\/schema\/person\/e1eb71bb4dd684d46563f0af307e1234"},"headline":"Antalya\u2019da sokak k\u00f6peklerini toplamayan belediyelere a\u011f\u0131r ceza","datePublished":"2025-02-10T13:41:16+00:00","mainEntityOfPage":{"@id":"https:\/\/denizcankizil.tr\/en\/haberler\/gundem\/antalyada-sokak-kopeklerini-toplamayan-belediyelere-agir-ceza\/"},"wordCount":407,"commentCount":0,"publisher":{"@id":"https:\/\/denizcankizil.tr\/#organization"},"articleSection":["G\u00fcndem"],"inLanguage":"en-GB","potentialAction":[{"@type":"CommentAction","name":"Comment","target":["https:\/\/denizcankizil.tr\/en\/haberler\/gundem\/antalyada-sokak-kopeklerini-toplamayan-belediyelere-agir-ceza\/#respond"]}]},{"@type":"WebPage","@id":"https:\/\/denizcankizil.tr\/en\/haberler\/gundem\/antalyada-sokak-kopeklerini-toplamayan-belediyelere-agir-ceza\/","url":"https:\/\/denizcankizil.tr\/en\/haberler\/gundem\/antalyada-sokak-kopeklerini-toplamayan-belediyelere-agir-ceza\/","name":"Antalya\u2019da sokak k\u00f6peklerini toplamayan belediyelere a\u011f\u0131r ceza - Av. Deniz Can K\u0131z\u0131l","isPartOf":{"@id":"https:\/\/denizcankizil.tr\/#website"},"datePublished":"2025-02-10T13:41:16+00:00","breadcrumb":{"@id":"https:\/\/denizcankizil.tr\/en\/haberler\/gundem\/antalyada-sokak-kopeklerini-toplamayan-belediyelere-agir-ceza\/#breadcrumb"},"inLanguage":"en-GB","potentialAction":[{"@type":"ReadAction","target":["https:\/\/denizcankizil.tr\/en\/haberler\/gundem\/antalyada-sokak-kopeklerini-toplamayan-belediyelere-agir-ceza\/"]}]},{"@type":"BreadcrumbList","@id":"https:\/\/denizcankizil.tr\/en\/haberler\/gundem\/antalyada-sokak-kopeklerini-toplamayan-belediyelere-agir-ceza\/#breadcrumb","itemListElement":[{"@type":"ListItem","position":1,"name":"Home","item":"https:\/\/denizcankizil.tr\/uk\/"},{"@type":"ListItem","position":2,"name":"Antalya\u2019da sokak k\u00f6peklerini toplamayan belediyelere a\u011f\u0131r ceza"}]},{"@type":"WebSite","@id":"https:\/\/denizcankizil.tr\/#website","url":"https:\/\/denizcankizil.tr\/","name":"Av. Deniz Can K\u0131z\u0131l","description":"Avukat Deniz Can K\u0131z\u0131l Antalya Barosu","publisher":{"@id":"https:\/\/denizcankizil.tr\/#organization"},"potentialAction":[{"@type":"SearchAction","target":{"@type":"EntryPoint","urlTemplate":"https:\/\/denizcankizil.tr\/?s={search_term_string}"},"query-input":{"@type":"PropertyValueSpecification","valueRequired":true,"valueName":"search_term_string"}}],"inLanguage":"en-GB"},{"@type":"Organization","@id":"https:\/\/denizcankizil.tr\/#organization","name":"Av. Deniz Can K\u0131z\u0131l","url":"https:\/\/denizcankizil.tr\/","logo":{"@type":"ImageObject","inLanguage":"en-GB","@id":"https:\/\/denizcankizil.tr\/#\/schema\/logo\/image\/","url":"https:\/\/denizcankizil.tr\/wp-content\/uploads\/2024\/10\/siyah-logo-svg.svg","contentUrl":"https:\/\/denizcankizil.tr\/wp-content\/uploads\/2024\/10\/siyah-logo-svg.svg","width":1080,"height":1080,"caption":"Av. Deniz Can K\u0131z\u0131l"},"image":{"@id":"https:\/\/denizcankizil.tr\/#\/schema\/logo\/image\/"}},{"@type":"Person","@id":"https:\/\/denizcankizil.tr\/#\/schema\/person\/e1eb71bb4dd684d46563f0af307e1234","name":"Antalya K\u00f6rfez","image":{"@type":"ImageObject","inLanguage":"en-GB","@id":"https:\/\/denizcankizil.tr\/#\/schema\/person\/image\/","url":"https:\/\/secure.gravatar.com\/avatar\/42b01982558a48a0b501fdcab6a408d3717ea5919095ee2e67b0e521799c5905?s=96&d=mm&r=g","contentUrl":"https:\/\/secure.gravatar.com\/avatar\/42b01982558a48a0b501fdcab6a408d3717ea5919095ee2e67b0e521799c5905?s=96&d=mm&r=g","caption":"Antalya K\u00f6rfez"},"sameAs":["http:\/\/www.antalyakorfez.com"],"url":"https:\/\/www.antalyakorfez.com\/antalyada-sokak-kopeklerini-toplamayan-belediyelere-agir-ceza"}]}},"_links":{"self":[{"href":"https:\/\/denizcankizil.tr\/en\/wp-json\/wp\/v2\/posts\/31736","targetHints":{"allow":["GET"]}}],"collection":[{"href":"https:\/\/denizcankizil.tr\/en\/wp-json\/wp\/v2\/posts"}],"about":[{"href":"https:\/\/denizcankizil.tr\/en\/wp-json\/wp\/v2\/types\/post"}],"author":[{"embeddable":true,"href":"https:\/\/denizcankizil.tr\/en\/wp-json\/wp\/v2\/users\/5"}],"replies":[{"embeddable":true,"href":"https:\/\/denizcankizil.tr\/en\/wp-json\/wp\/v2\/comments?post=31736"}],"version-history":[{"count":0,"href":"https:\/\/denizcankizil.tr\/en\/wp-json\/wp\/v2\/posts\/31736\/revisions"}],"wp:attachment":[{"href":"https:\/\/denizcankizil.tr\/en\/wp-json\/wp\/v2\/media?parent=31736"}],"wp:term":[{"taxonomy":"category","embeddable":true,"href":"https:\/\/denizcankizil.tr\/en\/wp-json\/wp\/v2\/categories?post=31736"},{"taxonomy":"post_tag","embeddable":true,"href":"https:\/\/denizcankizil.tr\/en\/wp-json\/wp\/v2\/tags?post=31736"}],"curies":[{"name":"wp","href":"https:\/\/api.w.org\/{rel}","templated":true}]}}