{"id":31716,"date":"2025-02-10T15:41:43","date_gmt":"2025-02-10T12:41:43","guid":{"rendered":"https:\/\/denizcankizil.tr\/uncategorized-tr\/kazada-hayatini-kaybeden-polis-gozyaslariyla-ugurlandi\/"},"modified":"2025-02-10T15:41:43","modified_gmt":"2025-02-10T12:41:43","slug":"kazada-hayatini-kaybeden-polis-gozyaslariyla-ugurlandi","status":"publish","type":"post","link":"https:\/\/denizcankizil.tr\/en\/haberler\/antalya\/kazada-hayatini-kaybeden-polis-gozyaslariyla-ugurlandi\/","title":{"rendered":"Kazada hayat\u0131n\u0131 kaybeden polis g\u00f6zya\u015flar\u0131yla u\u011furland\u0131"},"content":{"rendered":"<p>Kumluca il\u00e7esi Kumluca-Antalya yolunun 7&#8217;nci kilometresinde d\u00fcn saat 12.45 s\u0131ralar\u0131nda meydana gelen trafik kazas\u0131nda, Antalya Emniyet M\u00fcd\u00fcrl\u00fc\u011f\u00fcnde yunus polisi olarak g\u00f6rev yapan Cuma \u015eim\u015fek, 07 BYN 541 plakal\u0131 motosikletiyle Kumluca istikametinden Antalya y\u00f6n\u00fcne seyir halindeyken motosikletinin direksiyon h\u00e2kimiyetini kaybetti. Motosikletinden d\u00fc\u015ferek yolda s\u00fcr\u00fcklenen \u015eim\u015fek bariyerlere \u00e7arparak hayat\u0131n\u0131 kaybetti.<\/p>\n<p>Emniyet M\u00fcd\u00fcrl\u00fc\u011f\u00fcnde t\u00f6ren d\u00fczenlendi<br \/>\nCumali \u015eim\u015fek i\u00e7in bug\u00fcn Antalya Emniyet M\u00fcd\u00fcrl\u00fc\u011f\u00fc&#8217;nde t\u00f6ren d\u00fczenlendi. T\u00f6rene Antalya Valisi Hulusi \u015eahin, Muratpa\u015fa Kaymakam\u0131 \u0130hsan Kara, Konyaalt\u0131 Kaymakam\u0131 Rahmi K\u00f6se, Antalya Cumhuriyet Ba\u015fsavc\u0131s\u0131 Ali Yakup Kahveci, \u0130l Jandarma Komutan\u0131 Tu\u011fgeneral Tar\u0131k Hekimo\u011flu, B\u00fcy\u00fck\u015fehir Belediye Ba\u015fkan\u0131 Muhittin B\u00f6cek, Konyaalt\u0131 Belediye Ba\u015fkan\u0131 Cem Kotan, \u0130l Emniyet M\u00fcd\u00fcr Yard\u0131mc\u0131lar\u0131, birim amirleri, mesai arkada\u015flar\u0131 ve yak\u0131nlar\u0131 kat\u0131ld\u0131.<\/p>\n<p>Mesai arkada\u015flar\u0131n\u0131n omuzlar\u0131nda ta\u015f\u0131nd\u0131<br \/>\nAntalya Emniyet M\u00fcd\u00fcrl\u00fc\u011f\u00fc&#8217;nde d\u00fczenlenecek olan t\u00f6rene Asayi\u015f \u015eube M\u00fcd\u00fcrl\u00fc\u011f\u00fc&#8217;ne ba\u011fl\u0131 Motorize Yunus Timleri taraf\u0131ndan taraf\u0131ndan olu\u015fturulan konvoyla getirilen Cuma \u015eim\u015fek&#8217;in cenazesi, okunan dualar\u0131n ard\u0131ndan topra\u011fa verilmek \u00fczere memleketi Gaziantep&#8217;e g\u00f6t\u00fcr\u00fcld\u00fc. \u015eim\u015fek&#8217;in tabutu birlikte g\u00f6rev yapt\u0131\u011f\u0131 mesai arkada\u015flar\u0131n\u0131n omuzlar\u0131nda cenaze arac\u0131na ta\u015f\u0131nd\u0131. T\u00f6ren s\u0131ras\u0131nda Cuma \u015eim\u015fek&#8217;in k\u0131z\u0131 ve ablas\u0131 T\u00fclay Al\u0131\u015fkan&#8217;\u0131n g\u00f6zya\u015flar\u0131na hakim olamad\u0131\u011f\u0131 g\u00f6r\u00fcld\u00fc.<\/p>\n<p>Kaynak: www.kanalv.com.tr Haber Sitesinden Al\u0131nm\u0131\u015ft\u0131r.<\/p>","protected":false},"excerpt":{"rendered":"<p>Kumluca il\u00e7esi Kumluca-Antalya yolunun 7&#8217;nci kilometresinde d\u00fcn saat 12.45 s\u0131ralar\u0131nda meydana gelen trafik kazas\u0131nda, Antalya Emniyet M\u00fcd\u00fcrl\u00fc\u011f\u00fcnde yunus polisi olarak g\u00f6rev yapan Cuma \u015eim\u015fek, 07 BYN 541 plakal\u0131 motosikletiyle Kumluca istikametinden Antalya y\u00f6n\u00fcne seyir halindeyken motosikletinin direksiyon h\u00e2kimiyetini kaybetti. Motosikletinden d\u00fc\u015ferek yolda s\u00fcr\u00fcklenen \u015eim\u015fek bariyerlere \u00e7arparak hayat\u0131n\u0131 kaybetti. Emniyet M\u00fcd\u00fcrl\u00fc\u011f\u00fcnde t\u00f6ren d\u00fczenlendi Cumali \u015eim\u015fek i\u00e7in bug\u00fcn Antalya Emniyet M\u00fcd\u00fcrl\u00fc\u011f\u00fc&#8217;nde t\u00f6ren d\u00fczenlendi. T\u00f6rene Antalya Valisi Hulusi \u015eahin, Muratpa\u015fa Kaymakam\u0131 \u0130hsan Kara, Konyaalt\u0131 Kaymakam\u0131 Rahmi K\u00f6se, Antalya Cumhuriyet Ba\u015fsavc\u0131s\u0131 Ali Yakup Kahveci, \u0130l Jandarma Komutan\u0131 Tu\u011fgeneral Tar\u0131k Hekimo\u011flu, B\u00fcy\u00fck\u015fehir Belediye Ba\u015fkan\u0131 Muhittin B\u00f6cek, Konyaalt\u0131 Belediye Ba\u015fkan\u0131 Cem Kotan, \u0130l Emniyet M\u00fcd\u00fcr Yard\u0131mc\u0131lar\u0131, birim amirleri, mesai arkada\u015flar\u0131 ve yak\u0131nlar\u0131 kat\u0131ld\u0131. Mesai arkada\u015flar\u0131n\u0131n omuzlar\u0131nda ta\u015f\u0131nd\u0131 Antalya Emniyet M\u00fcd\u00fcrl\u00fc\u011f\u00fc&#8217;nde d\u00fczenlenecek olan t\u00f6rene Asayi\u015f \u015eube M\u00fcd\u00fcrl\u00fc\u011f\u00fc&#8217;ne ba\u011fl\u0131 Motorize Yunus Timleri taraf\u0131ndan taraf\u0131ndan olu\u015fturulan konvoyla getirilen Cuma \u015eim\u015fek&#8217;in cenazesi, okunan dualar\u0131n ard\u0131ndan topra\u011fa verilmek \u00fczere memleketi Gaziantep&#8217;e g\u00f6t\u00fcr\u00fcld\u00fc. \u015eim\u015fek&#8217;in tabutu birlikte g\u00f6rev yapt\u0131\u011f\u0131 mesai arkada\u015flar\u0131n\u0131n omuzlar\u0131nda cenaze arac\u0131na ta\u015f\u0131nd\u0131. T\u00f6ren s\u0131ras\u0131nda Cuma \u015eim\u015fek&#8217;in k\u0131z\u0131 ve ablas\u0131 T\u00fclay Al\u0131\u015fkan&#8217;\u0131n g\u00f6zya\u015flar\u0131na hakim olamad\u0131\u011f\u0131 g\u00f6r\u00fcld\u00fc. Kaynak: www.kanalv.com.tr Haber Sitesinden Al\u0131nm\u0131\u015ft\u0131r.<\/p>","protected":false},"author":4,"featured_media":31717,"comment_status":"open","ping_status":"open","sticky":false,"template":"","format":"standard","meta":{"_acf_changed":false,"footnotes":""},"categories":[26],"tags":[],"class_list":["post-31716","post","type-post","status-publish","format-standard","has-post-thumbnail","hentry","category-antalya"],"acf":[],"yoast_head":"<!-- This site is optimized with the Yoast SEO Premium plugin v26.6 (Yoast SEO v27.1.1) - https:\/\/yoast.com\/product\/yoast-seo-premium-wordpress\/ -->\n<title>Kazada hayat\u0131n\u0131 kaybeden polis g\u00f6zya\u015flar\u0131yla u\u011furland\u0131 - Av. Deniz Can K\u0131z\u0131l<\/title>\n<meta name=\"robots\" content=\"index, follow, max-snippet:-1, max-image-preview:large, max-video-preview:-1\" \/>\n<link rel=\"canonical\" href=\"https:\/\/denizcankizil.tr\/en\/haberler\/antalya\/kazada-hayatini-kaybeden-polis-gozyaslariyla-ugurlandi\/\" \/>\n<meta property=\"og:locale\" content=\"en_GB\" \/>\n<meta property=\"og:type\" content=\"article\" \/>\n<meta property=\"og:title\" content=\"Kazada hayat\u0131n\u0131 kaybeden polis g\u00f6zya\u015flar\u0131yla u\u011furland\u0131\" \/>\n<meta property=\"og:description\" content=\"Kumluca il\u00e7esi Kumluca-Antalya yolunun 7&#8217;nci kilometresinde d\u00fcn saat 12.45 s\u0131ralar\u0131nda meydana gelen trafik kazas\u0131nda, Antalya Emniyet M\u00fcd\u00fcrl\u00fc\u011f\u00fcnde yunus polisi olarak g\u00f6rev yapan Cuma \u015eim\u015fek, 07 BYN 541 plakal\u0131 motosikletiyle Kumluca istikametinden Antalya y\u00f6n\u00fcne seyir halindeyken motosikletinin direksiyon h\u00e2kimiyetini kaybetti. Motosikletinden d\u00fc\u015ferek yolda s\u00fcr\u00fcklenen \u015eim\u015fek bariyerlere \u00e7arparak hayat\u0131n\u0131 kaybetti. Emniyet M\u00fcd\u00fcrl\u00fc\u011f\u00fcnde t\u00f6ren d\u00fczenlendi Cumali \u015eim\u015fek i\u00e7in bug\u00fcn Antalya Emniyet M\u00fcd\u00fcrl\u00fc\u011f\u00fc&#8217;nde t\u00f6ren d\u00fczenlendi. T\u00f6rene Antalya Valisi Hulusi \u015eahin, Muratpa\u015fa Kaymakam\u0131 \u0130hsan Kara, Konyaalt\u0131 Kaymakam\u0131 Rahmi K\u00f6se, Antalya Cumhuriyet Ba\u015fsavc\u0131s\u0131 Ali Yakup Kahveci, \u0130l Jandarma Komutan\u0131 Tu\u011fgeneral Tar\u0131k Hekimo\u011flu, B\u00fcy\u00fck\u015fehir Belediye Ba\u015fkan\u0131 Muhittin B\u00f6cek, Konyaalt\u0131 Belediye Ba\u015fkan\u0131 Cem Kotan, \u0130l Emniyet M\u00fcd\u00fcr Yard\u0131mc\u0131lar\u0131, birim amirleri, mesai arkada\u015flar\u0131 ve yak\u0131nlar\u0131 kat\u0131ld\u0131. Mesai arkada\u015flar\u0131n\u0131n omuzlar\u0131nda ta\u015f\u0131nd\u0131 Antalya Emniyet M\u00fcd\u00fcrl\u00fc\u011f\u00fc&#8217;nde d\u00fczenlenecek olan t\u00f6rene Asayi\u015f \u015eube M\u00fcd\u00fcrl\u00fc\u011f\u00fc&#8217;ne ba\u011fl\u0131 Motorize Yunus Timleri taraf\u0131ndan taraf\u0131ndan olu\u015fturulan konvoyla getirilen Cuma \u015eim\u015fek&#8217;in cenazesi, okunan dualar\u0131n ard\u0131ndan topra\u011fa verilmek \u00fczere memleketi Gaziantep&#8217;e g\u00f6t\u00fcr\u00fcld\u00fc. \u015eim\u015fek&#8217;in tabutu birlikte g\u00f6rev yapt\u0131\u011f\u0131 mesai arkada\u015flar\u0131n\u0131n omuzlar\u0131nda cenaze arac\u0131na ta\u015f\u0131nd\u0131. T\u00f6ren s\u0131ras\u0131nda Cuma \u015eim\u015fek&#8217;in k\u0131z\u0131 ve ablas\u0131 T\u00fclay Al\u0131\u015fkan&#8217;\u0131n g\u00f6zya\u015flar\u0131na hakim olamad\u0131\u011f\u0131 g\u00f6r\u00fcld\u00fc. Kaynak: www.kanalv.com.tr Haber Sitesinden Al\u0131nm\u0131\u015ft\u0131r.\" \/>\n<meta property=\"og:url\" content=\"https:\/\/denizcankizil.tr\/en\/haberler\/antalya\/kazada-hayatini-kaybeden-polis-gozyaslariyla-ugurlandi\/\" \/>\n<meta property=\"og:site_name\" content=\"Av. Deniz Can K\u0131z\u0131l\" \/>\n<meta property=\"article:published_time\" content=\"2025-02-10T12:41:43+00:00\" \/>\n<meta property=\"og:image\" content=\"https:\/\/denizcankizil.tr\/wp-content\/uploads\/2025\/02\/4561-01-xlC08v.jpeg\" \/>\n\t<meta property=\"og:image:width\" content=\"1280\" \/>\n\t<meta property=\"og:image:height\" content=\"720\" \/>\n\t<meta property=\"og:image:type\" content=\"image\/jpeg\" \/>\n<meta name=\"author\" content=\"Av. Deniz Can K\u0131z\u0131l\" \/>\n<meta name=\"twitter:card\" content=\"summary_large_image\" \/>\n<meta name=\"twitter:label1\" content=\"Written by\" \/>\n\t<meta name=\"twitter:data1\" content=\"Av. Deniz Can K\u0131z\u0131l\" \/>\n\t<meta name=\"twitter:label2\" content=\"Estimated reading time\" \/>\n\t<meta name=\"twitter:data2\" content=\"1 minute\" \/>\n<script type=\"application\/ld+json\" class=\"yoast-schema-graph\">{\"@context\":\"https:\/\/schema.org\",\"@graph\":[{\"@type\":\"Article\",\"@id\":\"https:\/\/denizcankizil.tr\/ru\/haberler\/antalya\/kazada-hayatini-kaybeden-polis-gozyaslariyla-ugurlandi\/#article\",\"isPartOf\":{\"@id\":\"https:\/\/denizcankizil.tr\/ru\/haberler\/antalya\/kazada-hayatini-kaybeden-polis-gozyaslariyla-ugurlandi\/\"},\"author\":{\"name\":\"Av. Deniz Can K\u0131z\u0131l\",\"@id\":\"https:\/\/denizcankizil.tr\/de\/#\/schema\/person\/5dc1b22991bd7ac833867c10afc9b0ff\"},\"headline\":\"Kazada hayat\u0131n\u0131 kaybeden polis g\u00f6zya\u015flar\u0131yla u\u011furland\u0131\",\"datePublished\":\"2025-02-10T12:41:43+00:00\",\"mainEntityOfPage\":{\"@id\":\"https:\/\/denizcankizil.tr\/ru\/haberler\/antalya\/kazada-hayatini-kaybeden-polis-gozyaslariyla-ugurlandi\/\"},\"wordCount\":285,\"commentCount\":0,\"publisher\":{\"@id\":\"https:\/\/denizcankizil.tr\/de\/#organization\"},\"image\":{\"@id\":\"https:\/\/denizcankizil.tr\/ru\/haberler\/antalya\/kazada-hayatini-kaybeden-polis-gozyaslariyla-ugurlandi\/#primaryimage\"},\"thumbnailUrl\":\"https:\/\/denizcankizil.tr\/wp-content\/uploads\/2025\/02\/4561-01-xlC08v.jpeg\",\"articleSection\":[\"Antalya\"],\"inLanguage\":\"en-GB\",\"potentialAction\":[{\"@type\":\"CommentAction\",\"name\":\"Comment\",\"target\":[\"https:\/\/denizcankizil.tr\/ru\/haberler\/antalya\/kazada-hayatini-kaybeden-polis-gozyaslariyla-ugurlandi\/#respond\"]}]},{\"@type\":\"WebPage\",\"@id\":\"https:\/\/denizcankizil.tr\/ru\/haberler\/antalya\/kazada-hayatini-kaybeden-polis-gozyaslariyla-ugurlandi\/\",\"url\":\"https:\/\/denizcankizil.tr\/ru\/haberler\/antalya\/kazada-hayatini-kaybeden-polis-gozyaslariyla-ugurlandi\/\",\"name\":\"Kazada hayat\u0131n\u0131 kaybeden polis g\u00f6zya\u015flar\u0131yla u\u011furland\u0131 - Av. Deniz Can K\u0131z\u0131l\",\"isPartOf\":{\"@id\":\"https:\/\/denizcankizil.tr\/de\/#website\"},\"primaryImageOfPage\":{\"@id\":\"https:\/\/denizcankizil.tr\/ru\/haberler\/antalya\/kazada-hayatini-kaybeden-polis-gozyaslariyla-ugurlandi\/#primaryimage\"},\"image\":{\"@id\":\"https:\/\/denizcankizil.tr\/ru\/haberler\/antalya\/kazada-hayatini-kaybeden-polis-gozyaslariyla-ugurlandi\/#primaryimage\"},\"thumbnailUrl\":\"https:\/\/denizcankizil.tr\/wp-content\/uploads\/2025\/02\/4561-01-xlC08v.jpeg\",\"datePublished\":\"2025-02-10T12:41:43+00:00\",\"breadcrumb\":{\"@id\":\"https:\/\/denizcankizil.tr\/ru\/haberler\/antalya\/kazada-hayatini-kaybeden-polis-gozyaslariyla-ugurlandi\/#breadcrumb\"},\"inLanguage\":\"en-GB\",\"potentialAction\":[{\"@type\":\"ReadAction\",\"target\":[\"https:\/\/denizcankizil.tr\/ru\/haberler\/antalya\/kazada-hayatini-kaybeden-polis-gozyaslariyla-ugurlandi\/\"]}]},{\"@type\":\"ImageObject\",\"inLanguage\":\"en-GB\",\"@id\":\"https:\/\/denizcankizil.tr\/ru\/haberler\/antalya\/kazada-hayatini-kaybeden-polis-gozyaslariyla-ugurlandi\/#primaryimage\",\"url\":\"https:\/\/denizcankizil.tr\/wp-content\/uploads\/2025\/02\/4561-01-xlC08v.jpeg\",\"contentUrl\":\"https:\/\/denizcankizil.tr\/wp-content\/uploads\/2025\/02\/4561-01-xlC08v.jpeg\",\"width\":1280,\"height\":720},{\"@type\":\"BreadcrumbList\",\"@id\":\"https:\/\/denizcankizil.tr\/ru\/haberler\/antalya\/kazada-hayatini-kaybeden-polis-gozyaslariyla-ugurlandi\/#breadcrumb\",\"itemListElement\":[{\"@type\":\"ListItem\",\"position\":1,\"name\":\"Home\",\"item\":\"https:\/\/denizcankizil.tr\/de\/\"},{\"@type\":\"ListItem\",\"position\":2,\"name\":\"Kazada hayat\u0131n\u0131 kaybeden polis g\u00f6zya\u015flar\u0131yla u\u011furland\u0131\"}]},{\"@type\":\"WebSite\",\"@id\":\"https:\/\/denizcankizil.tr\/de\/#website\",\"url\":\"https:\/\/denizcankizil.tr\/de\/\",\"name\":\"Av. Deniz Can K\u0131z\u0131l\",\"description\":\"Avukat Deniz Can K\u0131z\u0131l Antalya Barosu\",\"publisher\":{\"@id\":\"https:\/\/denizcankizil.tr\/de\/#organization\"},\"potentialAction\":[{\"@type\":\"SearchAction\",\"target\":{\"@type\":\"EntryPoint\",\"urlTemplate\":\"https:\/\/denizcankizil.tr\/de\/?s={search_term_string}\"},\"query-input\":{\"@type\":\"PropertyValueSpecification\",\"valueRequired\":true,\"valueName\":\"search_term_string\"}}],\"inLanguage\":\"en-GB\"},{\"@type\":\"Organization\",\"@id\":\"https:\/\/denizcankizil.tr\/de\/#organization\",\"name\":\"Av. Deniz Can K\u0131z\u0131l\",\"url\":\"https:\/\/denizcankizil.tr\/de\/\",\"logo\":{\"@type\":\"ImageObject\",\"inLanguage\":\"en-GB\",\"@id\":\"https:\/\/denizcankizil.tr\/de\/#\/schema\/logo\/image\/\",\"url\":\"https:\/\/denizcankizil.tr\/wp-content\/uploads\/2024\/10\/siyah-logo-svg.svg\",\"contentUrl\":\"https:\/\/denizcankizil.tr\/wp-content\/uploads\/2024\/10\/siyah-logo-svg.svg\",\"width\":1080,\"height\":1080,\"caption\":\"Av. Deniz Can K\u0131z\u0131l\"},\"image\":{\"@id\":\"https:\/\/denizcankizil.tr\/de\/#\/schema\/logo\/image\/\"}},{\"@type\":\"Person\",\"@id\":\"https:\/\/denizcankizil.tr\/de\/#\/schema\/person\/5dc1b22991bd7ac833867c10afc9b0ff\",\"name\":\"Av. Deniz Can K\u0131z\u0131l\",\"image\":{\"@type\":\"ImageObject\",\"inLanguage\":\"en-GB\",\"@id\":\"https:\/\/denizcankizil.tr\/de\/#\/schema\/person\/image\/\",\"url\":\"https:\/\/secure.gravatar.com\/avatar\/a0b128fb9855c79efc976d5640eedb31dc35ec297594d6016d2cf7c60e975bb6?s=96&d=mm&r=g\",\"contentUrl\":\"https:\/\/secure.gravatar.com\/avatar\/a0b128fb9855c79efc976d5640eedb31dc35ec297594d6016d2cf7c60e975bb6?s=96&d=mm&r=g\",\"caption\":\"Av. Deniz Can K\u0131z\u0131l\"},\"sameAs\":[\"http:\/\/www.denizcankizil.tr\"],\"url\":\"https:\/\/denizcankizil.tr\/en\/author\/denizcankizil\/\"}]}<\/script>\n<!-- \/ Yoast SEO Premium plugin. -->","yoast_head_json":{"title":"Kazada hayat\u0131n\u0131 kaybeden polis g\u00f6zya\u015flar\u0131yla u\u011furland\u0131 - Av. Deniz Can K\u0131z\u0131l","robots":{"index":"index","follow":"follow","max-snippet":"max-snippet:-1","max-image-preview":"max-image-preview:large","max-video-preview":"max-video-preview:-1"},"canonical":"https:\/\/denizcankizil.tr\/en\/haberler\/antalya\/kazada-hayatini-kaybeden-polis-gozyaslariyla-ugurlandi\/","og_locale":"en_GB","og_type":"article","og_title":"Kazada hayat\u0131n\u0131 kaybeden polis g\u00f6zya\u015flar\u0131yla u\u011furland\u0131","og_description":"Kumluca il\u00e7esi Kumluca-Antalya yolunun 7&#8217;nci kilometresinde d\u00fcn saat 12.45 s\u0131ralar\u0131nda meydana gelen trafik kazas\u0131nda, Antalya Emniyet M\u00fcd\u00fcrl\u00fc\u011f\u00fcnde yunus polisi olarak g\u00f6rev yapan Cuma \u015eim\u015fek, 07 BYN 541 plakal\u0131 motosikletiyle Kumluca istikametinden Antalya y\u00f6n\u00fcne seyir halindeyken motosikletinin direksiyon h\u00e2kimiyetini kaybetti. Motosikletinden d\u00fc\u015ferek yolda s\u00fcr\u00fcklenen \u015eim\u015fek bariyerlere \u00e7arparak hayat\u0131n\u0131 kaybetti. Emniyet M\u00fcd\u00fcrl\u00fc\u011f\u00fcnde t\u00f6ren d\u00fczenlendi Cumali \u015eim\u015fek i\u00e7in bug\u00fcn Antalya Emniyet M\u00fcd\u00fcrl\u00fc\u011f\u00fc&#8217;nde t\u00f6ren d\u00fczenlendi. T\u00f6rene Antalya Valisi Hulusi \u015eahin, Muratpa\u015fa Kaymakam\u0131 \u0130hsan Kara, Konyaalt\u0131 Kaymakam\u0131 Rahmi K\u00f6se, Antalya Cumhuriyet Ba\u015fsavc\u0131s\u0131 Ali Yakup Kahveci, \u0130l Jandarma Komutan\u0131 Tu\u011fgeneral Tar\u0131k Hekimo\u011flu, B\u00fcy\u00fck\u015fehir Belediye Ba\u015fkan\u0131 Muhittin B\u00f6cek, Konyaalt\u0131 Belediye Ba\u015fkan\u0131 Cem Kotan, \u0130l Emniyet M\u00fcd\u00fcr Yard\u0131mc\u0131lar\u0131, birim amirleri, mesai arkada\u015flar\u0131 ve yak\u0131nlar\u0131 kat\u0131ld\u0131. Mesai arkada\u015flar\u0131n\u0131n omuzlar\u0131nda ta\u015f\u0131nd\u0131 Antalya Emniyet M\u00fcd\u00fcrl\u00fc\u011f\u00fc&#8217;nde d\u00fczenlenecek olan t\u00f6rene Asayi\u015f \u015eube M\u00fcd\u00fcrl\u00fc\u011f\u00fc&#8217;ne ba\u011fl\u0131 Motorize Yunus Timleri taraf\u0131ndan taraf\u0131ndan olu\u015fturulan konvoyla getirilen Cuma \u015eim\u015fek&#8217;in cenazesi, okunan dualar\u0131n ard\u0131ndan topra\u011fa verilmek \u00fczere memleketi Gaziantep&#8217;e g\u00f6t\u00fcr\u00fcld\u00fc. \u015eim\u015fek&#8217;in tabutu birlikte g\u00f6rev yapt\u0131\u011f\u0131 mesai arkada\u015flar\u0131n\u0131n omuzlar\u0131nda cenaze arac\u0131na ta\u015f\u0131nd\u0131. T\u00f6ren s\u0131ras\u0131nda Cuma \u015eim\u015fek&#8217;in k\u0131z\u0131 ve ablas\u0131 T\u00fclay Al\u0131\u015fkan&#8217;\u0131n g\u00f6zya\u015flar\u0131na hakim olamad\u0131\u011f\u0131 g\u00f6r\u00fcld\u00fc. Kaynak: www.kanalv.com.tr Haber Sitesinden Al\u0131nm\u0131\u015ft\u0131r.","og_url":"https:\/\/denizcankizil.tr\/en\/haberler\/antalya\/kazada-hayatini-kaybeden-polis-gozyaslariyla-ugurlandi\/","og_site_name":"Av. Deniz Can K\u0131z\u0131l","article_published_time":"2025-02-10T12:41:43+00:00","og_image":[{"width":1280,"height":720,"url":"https:\/\/denizcankizil.tr\/wp-content\/uploads\/2025\/02\/4561-01-xlC08v.jpeg","type":"image\/jpeg"}],"author":"Av. Deniz Can K\u0131z\u0131l","twitter_card":"summary_large_image","twitter_misc":{"Written by":"Av. Deniz Can K\u0131z\u0131l","Estimated reading time":"1 minute"},"schema":{"@context":"https:\/\/schema.org","@graph":[{"@type":"Article","@id":"https:\/\/denizcankizil.tr\/ru\/haberler\/antalya\/kazada-hayatini-kaybeden-polis-gozyaslariyla-ugurlandi\/#article","isPartOf":{"@id":"https:\/\/denizcankizil.tr\/ru\/haberler\/antalya\/kazada-hayatini-kaybeden-polis-gozyaslariyla-ugurlandi\/"},"author":{"name":"Av. Deniz Can K\u0131z\u0131l","@id":"https:\/\/denizcankizil.tr\/de\/#\/schema\/person\/5dc1b22991bd7ac833867c10afc9b0ff"},"headline":"Kazada hayat\u0131n\u0131 kaybeden polis g\u00f6zya\u015flar\u0131yla u\u011furland\u0131","datePublished":"2025-02-10T12:41:43+00:00","mainEntityOfPage":{"@id":"https:\/\/denizcankizil.tr\/ru\/haberler\/antalya\/kazada-hayatini-kaybeden-polis-gozyaslariyla-ugurlandi\/"},"wordCount":285,"commentCount":0,"publisher":{"@id":"https:\/\/denizcankizil.tr\/de\/#organization"},"image":{"@id":"https:\/\/denizcankizil.tr\/ru\/haberler\/antalya\/kazada-hayatini-kaybeden-polis-gozyaslariyla-ugurlandi\/#primaryimage"},"thumbnailUrl":"https:\/\/denizcankizil.tr\/wp-content\/uploads\/2025\/02\/4561-01-xlC08v.jpeg","articleSection":["Antalya"],"inLanguage":"en-GB","potentialAction":[{"@type":"CommentAction","name":"Comment","target":["https:\/\/denizcankizil.tr\/ru\/haberler\/antalya\/kazada-hayatini-kaybeden-polis-gozyaslariyla-ugurlandi\/#respond"]}]},{"@type":"WebPage","@id":"https:\/\/denizcankizil.tr\/ru\/haberler\/antalya\/kazada-hayatini-kaybeden-polis-gozyaslariyla-ugurlandi\/","url":"https:\/\/denizcankizil.tr\/ru\/haberler\/antalya\/kazada-hayatini-kaybeden-polis-gozyaslariyla-ugurlandi\/","name":"Kazada hayat\u0131n\u0131 kaybeden polis g\u00f6zya\u015flar\u0131yla u\u011furland\u0131 - Av. Deniz Can K\u0131z\u0131l","isPartOf":{"@id":"https:\/\/denizcankizil.tr\/de\/#website"},"primaryImageOfPage":{"@id":"https:\/\/denizcankizil.tr\/ru\/haberler\/antalya\/kazada-hayatini-kaybeden-polis-gozyaslariyla-ugurlandi\/#primaryimage"},"image":{"@id":"https:\/\/denizcankizil.tr\/ru\/haberler\/antalya\/kazada-hayatini-kaybeden-polis-gozyaslariyla-ugurlandi\/#primaryimage"},"thumbnailUrl":"https:\/\/denizcankizil.tr\/wp-content\/uploads\/2025\/02\/4561-01-xlC08v.jpeg","datePublished":"2025-02-10T12:41:43+00:00","breadcrumb":{"@id":"https:\/\/denizcankizil.tr\/ru\/haberler\/antalya\/kazada-hayatini-kaybeden-polis-gozyaslariyla-ugurlandi\/#breadcrumb"},"inLanguage":"en-GB","potentialAction":[{"@type":"ReadAction","target":["https:\/\/denizcankizil.tr\/ru\/haberler\/antalya\/kazada-hayatini-kaybeden-polis-gozyaslariyla-ugurlandi\/"]}]},{"@type":"ImageObject","inLanguage":"en-GB","@id":"https:\/\/denizcankizil.tr\/ru\/haberler\/antalya\/kazada-hayatini-kaybeden-polis-gozyaslariyla-ugurlandi\/#primaryimage","url":"https:\/\/denizcankizil.tr\/wp-content\/uploads\/2025\/02\/4561-01-xlC08v.jpeg","contentUrl":"https:\/\/denizcankizil.tr\/wp-content\/uploads\/2025\/02\/4561-01-xlC08v.jpeg","width":1280,"height":720},{"@type":"BreadcrumbList","@id":"https:\/\/denizcankizil.tr\/ru\/haberler\/antalya\/kazada-hayatini-kaybeden-polis-gozyaslariyla-ugurlandi\/#breadcrumb","itemListElement":[{"@type":"ListItem","position":1,"name":"Home","item":"https:\/\/denizcankizil.tr\/de\/"},{"@type":"ListItem","position":2,"name":"Kazada hayat\u0131n\u0131 kaybeden polis g\u00f6zya\u015flar\u0131yla u\u011furland\u0131"}]},{"@type":"WebSite","@id":"https:\/\/denizcankizil.tr\/de\/#website","url":"https:\/\/denizcankizil.tr\/de\/","name":"Av. Deniz Can K\u0131z\u0131l","description":"Avukat Deniz Can K\u0131z\u0131l Antalya Barosu","publisher":{"@id":"https:\/\/denizcankizil.tr\/de\/#organization"},"potentialAction":[{"@type":"SearchAction","target":{"@type":"EntryPoint","urlTemplate":"https:\/\/denizcankizil.tr\/de\/?s={search_term_string}"},"query-input":{"@type":"PropertyValueSpecification","valueRequired":true,"valueName":"search_term_string"}}],"inLanguage":"en-GB"},{"@type":"Organization","@id":"https:\/\/denizcankizil.tr\/de\/#organization","name":"Av. Deniz Can K\u0131z\u0131l","url":"https:\/\/denizcankizil.tr\/de\/","logo":{"@type":"ImageObject","inLanguage":"en-GB","@id":"https:\/\/denizcankizil.tr\/de\/#\/schema\/logo\/image\/","url":"https:\/\/denizcankizil.tr\/wp-content\/uploads\/2024\/10\/siyah-logo-svg.svg","contentUrl":"https:\/\/denizcankizil.tr\/wp-content\/uploads\/2024\/10\/siyah-logo-svg.svg","width":1080,"height":1080,"caption":"Av. Deniz Can K\u0131z\u0131l"},"image":{"@id":"https:\/\/denizcankizil.tr\/de\/#\/schema\/logo\/image\/"}},{"@type":"Person","@id":"https:\/\/denizcankizil.tr\/de\/#\/schema\/person\/5dc1b22991bd7ac833867c10afc9b0ff","name":"Av. Deniz Can K\u0131z\u0131l","image":{"@type":"ImageObject","inLanguage":"en-GB","@id":"https:\/\/denizcankizil.tr\/de\/#\/schema\/person\/image\/","url":"https:\/\/secure.gravatar.com\/avatar\/a0b128fb9855c79efc976d5640eedb31dc35ec297594d6016d2cf7c60e975bb6?s=96&d=mm&r=g","contentUrl":"https:\/\/secure.gravatar.com\/avatar\/a0b128fb9855c79efc976d5640eedb31dc35ec297594d6016d2cf7c60e975bb6?s=96&d=mm&r=g","caption":"Av. Deniz Can K\u0131z\u0131l"},"sameAs":["http:\/\/www.denizcankizil.tr"],"url":"https:\/\/denizcankizil.tr\/en\/author\/denizcankizil\/"}]}},"_links":{"self":[{"href":"https:\/\/denizcankizil.tr\/en\/wp-json\/wp\/v2\/posts\/31716","targetHints":{"allow":["GET"]}}],"collection":[{"href":"https:\/\/denizcankizil.tr\/en\/wp-json\/wp\/v2\/posts"}],"about":[{"href":"https:\/\/denizcankizil.tr\/en\/wp-json\/wp\/v2\/types\/post"}],"author":[{"embeddable":true,"href":"https:\/\/denizcankizil.tr\/en\/wp-json\/wp\/v2\/users\/4"}],"replies":[{"embeddable":true,"href":"https:\/\/denizcankizil.tr\/en\/wp-json\/wp\/v2\/comments?post=31716"}],"version-history":[{"count":0,"href":"https:\/\/denizcankizil.tr\/en\/wp-json\/wp\/v2\/posts\/31716\/revisions"}],"wp:featuredmedia":[{"embeddable":true,"href":"https:\/\/denizcankizil.tr\/en\/wp-json\/wp\/v2\/media\/31717"}],"wp:attachment":[{"href":"https:\/\/denizcankizil.tr\/en\/wp-json\/wp\/v2\/media?parent=31716"}],"wp:term":[{"taxonomy":"category","embeddable":true,"href":"https:\/\/denizcankizil.tr\/en\/wp-json\/wp\/v2\/categories?post=31716"},{"taxonomy":"post_tag","embeddable":true,"href":"https:\/\/denizcankizil.tr\/en\/wp-json\/wp\/v2\/tags?post=31716"}],"curies":[{"name":"wp","href":"https:\/\/api.w.org\/{rel}","templated":true}]}}