{"id":31712,"date":"2025-02-10T15:41:26","date_gmt":"2025-02-10T12:41:26","guid":{"rendered":"https:\/\/denizcankizil.tr\/uncategorized-tr\/depremzede-cocuklarin-eserleri-sergilendi\/"},"modified":"2025-02-10T15:41:26","modified_gmt":"2025-02-10T12:41:26","slug":"depremzede-cocuklarin-eserleri-sergilendi","status":"publish","type":"post","link":"https:\/\/denizcankizil.tr\/en\/haberler\/antalya\/depremzede-cocuklarin-eserleri-sergilendi\/","title":{"rendered":"Depremzede \u00e7ocuklar\u0131n eserleri sergilendi"},"content":{"rendered":"<p>Recep Ak ve Nazan Er&#8217;in katk\u0131lar\u0131yla haz\u0131rlanan sergi, 6 \u015eubat 2023 tarihinde ya\u015fanan b\u00fcy\u00fck depremler sonras\u0131 hayat\u0131n\u0131 kaybeden yurtta\u015flar\u0131m\u0131z\u0131 anmak ve depremzedelerin ya\u015fad\u0131\u011f\u0131 zorluklar\u0131 hat\u0131rlatmak amac\u0131yla d\u00fczenlendi. Her biri, depremzede \u00e7ocuklar\u0131n y\u00fcreklerinden bir par\u00e7a ta\u015f\u0131yan eserler, bu sergide bir araya geldi. Bu eserler, \u00e7ocuklar\u0131n g\u00f6z\u00fcnden depremi ve sonras\u0131ndaki s\u00fcreci yans\u0131t\u0131yor.<br \/>\nSerginin a\u00e7\u0131l\u0131\u015f\u0131 8 \u015eubat Cumartesi g\u00fcn\u00fc saat 14.00&#8217;te yap\u0131ld\u0131. Manavgat Belediye Ba\u015fkan\u0131 Dr. Niyazi Nefi Kara da sergiyi ziyaret ederek, serginin d\u00fczenlenmesine katk\u0131da bulunan t\u00fcm sanat\u00e7\u0131lara ve eme\u011fi ge\u00e7enlere te\u015fekk\u00fcr etti. Manavgat Belediye Ba\u015fkan\u0131 Dr. Niyazi Nefi Kara, sanat\u00e7\u0131lar\u0131n ve yazarlar\u0131n katk\u0131lar\u0131n\u0131n, toplumun travma sonras\u0131 iyile\u015fme s\u00fcrecinde nas\u0131l \u00f6nemli bir rol oynad\u0131\u011f\u0131n\u0131 dile getirdi. Ba\u015fkan Kara, &#8220;Bu t\u00fcr etkinlikler, toplumun ruhsal iyile\u015fme s\u00fcrecine b\u00fcy\u00fck katk\u0131 sa\u011fl\u0131yor. Depremin etkilerini sadece fiziksel de\u011fil, duygusal ve psikolojik anlamda da derinden hissettik. Burada sergilenen eserler, toplumun ortak haf\u0131zas\u0131d\u0131r. Bu sergi, hem \u00e7ocuklar\u0131m\u0131z\u0131n sesini duyurmak hem de toplumu deprem sonras\u0131 daha duyarl\u0131 hale getirmek ad\u0131na \u00e7ok k\u0131ymetli&#8221; ifadelerini kulland\u0131.<\/p>\n<p>Kaynak: www.kanalv.com.tr Haber Sitesinden Al\u0131nm\u0131\u015ft\u0131r.<\/p>","protected":false},"excerpt":{"rendered":"<p>Recep Ak ve Nazan Er&#8217;in katk\u0131lar\u0131yla haz\u0131rlanan sergi, 6 \u015eubat 2023 tarihinde ya\u015fanan b\u00fcy\u00fck depremler sonras\u0131 hayat\u0131n\u0131 kaybeden yurtta\u015flar\u0131m\u0131z\u0131 anmak ve depremzedelerin ya\u015fad\u0131\u011f\u0131 zorluklar\u0131 hat\u0131rlatmak amac\u0131yla d\u00fczenlendi. Her biri, depremzede \u00e7ocuklar\u0131n y\u00fcreklerinden bir par\u00e7a ta\u015f\u0131yan eserler, bu sergide bir araya geldi. Bu eserler, \u00e7ocuklar\u0131n g\u00f6z\u00fcnden depremi ve sonras\u0131ndaki s\u00fcreci yans\u0131t\u0131yor. Serginin a\u00e7\u0131l\u0131\u015f\u0131 8 \u015eubat Cumartesi g\u00fcn\u00fc saat 14.00&#8217;te yap\u0131ld\u0131. Manavgat Belediye Ba\u015fkan\u0131 Dr. Niyazi Nefi Kara da sergiyi ziyaret ederek, serginin d\u00fczenlenmesine katk\u0131da bulunan t\u00fcm sanat\u00e7\u0131lara ve eme\u011fi ge\u00e7enlere te\u015fekk\u00fcr etti. Manavgat Belediye Ba\u015fkan\u0131 Dr. Niyazi Nefi Kara, sanat\u00e7\u0131lar\u0131n ve yazarlar\u0131n katk\u0131lar\u0131n\u0131n, toplumun travma sonras\u0131 iyile\u015fme s\u00fcrecinde nas\u0131l \u00f6nemli bir rol oynad\u0131\u011f\u0131n\u0131 dile getirdi. Ba\u015fkan Kara, &#8220;Bu t\u00fcr etkinlikler, toplumun ruhsal iyile\u015fme s\u00fcrecine b\u00fcy\u00fck katk\u0131 sa\u011fl\u0131yor. Depremin etkilerini sadece fiziksel de\u011fil, duygusal ve psikolojik anlamda da derinden hissettik. Burada sergilenen eserler, toplumun ortak haf\u0131zas\u0131d\u0131r. Bu sergi, hem \u00e7ocuklar\u0131m\u0131z\u0131n sesini duyurmak hem de toplumu deprem sonras\u0131 daha duyarl\u0131 hale getirmek ad\u0131na \u00e7ok k\u0131ymetli&#8221; ifadelerini kulland\u0131. Kaynak: www.kanalv.com.tr Haber Sitesinden Al\u0131nm\u0131\u015ft\u0131r.<\/p>","protected":false},"author":4,"featured_media":31713,"comment_status":"open","ping_status":"open","sticky":false,"template":"","format":"standard","meta":{"_acf_changed":false,"footnotes":""},"categories":[26],"tags":[],"class_list":["post-31712","post","type-post","status-publish","format-standard","has-post-thumbnail","hentry","category-antalya"],"acf":[],"yoast_head":"<!-- This site is optimized with the Yoast SEO Premium plugin v26.6 (Yoast SEO v27.1.1) - https:\/\/yoast.com\/product\/yoast-seo-premium-wordpress\/ -->\n<title>Depremzede \u00e7ocuklar\u0131n eserleri sergilendi - Av. Deniz Can K\u0131z\u0131l<\/title>\n<meta name=\"robots\" content=\"index, follow, max-snippet:-1, max-image-preview:large, max-video-preview:-1\" \/>\n<link rel=\"canonical\" href=\"https:\/\/denizcankizil.tr\/en\/haberler\/antalya\/depremzede-cocuklarin-eserleri-sergilendi\/\" \/>\n<meta property=\"og:locale\" content=\"en_GB\" \/>\n<meta property=\"og:type\" content=\"article\" \/>\n<meta property=\"og:title\" content=\"Depremzede \u00e7ocuklar\u0131n eserleri sergilendi\" \/>\n<meta property=\"og:description\" content=\"Recep Ak ve Nazan Er&#8217;in katk\u0131lar\u0131yla haz\u0131rlanan sergi, 6 \u015eubat 2023 tarihinde ya\u015fanan b\u00fcy\u00fck depremler sonras\u0131 hayat\u0131n\u0131 kaybeden yurtta\u015flar\u0131m\u0131z\u0131 anmak ve depremzedelerin ya\u015fad\u0131\u011f\u0131 zorluklar\u0131 hat\u0131rlatmak amac\u0131yla d\u00fczenlendi. Her biri, depremzede \u00e7ocuklar\u0131n y\u00fcreklerinden bir par\u00e7a ta\u015f\u0131yan eserler, bu sergide bir araya geldi. Bu eserler, \u00e7ocuklar\u0131n g\u00f6z\u00fcnden depremi ve sonras\u0131ndaki s\u00fcreci yans\u0131t\u0131yor. Serginin a\u00e7\u0131l\u0131\u015f\u0131 8 \u015eubat Cumartesi g\u00fcn\u00fc saat 14.00&#8217;te yap\u0131ld\u0131. Manavgat Belediye Ba\u015fkan\u0131 Dr. Niyazi Nefi Kara da sergiyi ziyaret ederek, serginin d\u00fczenlenmesine katk\u0131da bulunan t\u00fcm sanat\u00e7\u0131lara ve eme\u011fi ge\u00e7enlere te\u015fekk\u00fcr etti. Manavgat Belediye Ba\u015fkan\u0131 Dr. Niyazi Nefi Kara, sanat\u00e7\u0131lar\u0131n ve yazarlar\u0131n katk\u0131lar\u0131n\u0131n, toplumun travma sonras\u0131 iyile\u015fme s\u00fcrecinde nas\u0131l \u00f6nemli bir rol oynad\u0131\u011f\u0131n\u0131 dile getirdi. Ba\u015fkan Kara, &#8220;Bu t\u00fcr etkinlikler, toplumun ruhsal iyile\u015fme s\u00fcrecine b\u00fcy\u00fck katk\u0131 sa\u011fl\u0131yor. Depremin etkilerini sadece fiziksel de\u011fil, duygusal ve psikolojik anlamda da derinden hissettik. Burada sergilenen eserler, toplumun ortak haf\u0131zas\u0131d\u0131r. Bu sergi, hem \u00e7ocuklar\u0131m\u0131z\u0131n sesini duyurmak hem de toplumu deprem sonras\u0131 daha duyarl\u0131 hale getirmek ad\u0131na \u00e7ok k\u0131ymetli&#8221; ifadelerini kulland\u0131. Kaynak: www.kanalv.com.tr Haber Sitesinden Al\u0131nm\u0131\u015ft\u0131r.\" \/>\n<meta property=\"og:url\" content=\"https:\/\/denizcankizil.tr\/en\/haberler\/antalya\/depremzede-cocuklarin-eserleri-sergilendi\/\" \/>\n<meta property=\"og:site_name\" content=\"Av. Deniz Can K\u0131z\u0131l\" \/>\n<meta property=\"article:published_time\" content=\"2025-02-10T12:41:26+00:00\" \/>\n<meta property=\"og:image\" content=\"https:\/\/denizcankizil.tr\/wp-content\/uploads\/2025\/02\/4563-01-QShXrA.jpeg\" \/>\n\t<meta property=\"og:image:width\" content=\"1280\" \/>\n\t<meta property=\"og:image:height\" content=\"720\" \/>\n\t<meta property=\"og:image:type\" content=\"image\/jpeg\" \/>\n<meta name=\"author\" content=\"Av. Deniz Can K\u0131z\u0131l\" \/>\n<meta name=\"twitter:card\" content=\"summary_large_image\" \/>\n<meta name=\"twitter:label1\" content=\"Written by\" \/>\n\t<meta name=\"twitter:data1\" content=\"Av. Deniz Can K\u0131z\u0131l\" \/>\n\t<meta name=\"twitter:label2\" content=\"Estimated reading time\" \/>\n\t<meta name=\"twitter:data2\" content=\"1 minute\" \/>\n<script type=\"application\/ld+json\" class=\"yoast-schema-graph\">{\"@context\":\"https:\/\/schema.org\",\"@graph\":[{\"@type\":\"Article\",\"@id\":\"https:\/\/denizcankizil.tr\/ru\/haberler\/antalya\/depremzede-cocuklarin-eserleri-sergilendi\/#article\",\"isPartOf\":{\"@id\":\"https:\/\/denizcankizil.tr\/ru\/haberler\/antalya\/depremzede-cocuklarin-eserleri-sergilendi\/\"},\"author\":{\"name\":\"Av. Deniz Can K\u0131z\u0131l\",\"@id\":\"https:\/\/denizcankizil.tr\/de\/#\/schema\/person\/5dc1b22991bd7ac833867c10afc9b0ff\"},\"headline\":\"Depremzede \u00e7ocuklar\u0131n eserleri sergilendi\",\"datePublished\":\"2025-02-10T12:41:26+00:00\",\"mainEntityOfPage\":{\"@id\":\"https:\/\/denizcankizil.tr\/ru\/haberler\/antalya\/depremzede-cocuklarin-eserleri-sergilendi\/\"},\"wordCount\":233,\"commentCount\":0,\"publisher\":{\"@id\":\"https:\/\/denizcankizil.tr\/de\/#organization\"},\"image\":{\"@id\":\"https:\/\/denizcankizil.tr\/ru\/haberler\/antalya\/depremzede-cocuklarin-eserleri-sergilendi\/#primaryimage\"},\"thumbnailUrl\":\"https:\/\/denizcankizil.tr\/wp-content\/uploads\/2025\/02\/4563-01-QShXrA.jpeg\",\"articleSection\":[\"Antalya\"],\"inLanguage\":\"en-GB\",\"potentialAction\":[{\"@type\":\"CommentAction\",\"name\":\"Comment\",\"target\":[\"https:\/\/denizcankizil.tr\/ru\/haberler\/antalya\/depremzede-cocuklarin-eserleri-sergilendi\/#respond\"]}]},{\"@type\":\"WebPage\",\"@id\":\"https:\/\/denizcankizil.tr\/ru\/haberler\/antalya\/depremzede-cocuklarin-eserleri-sergilendi\/\",\"url\":\"https:\/\/denizcankizil.tr\/ru\/haberler\/antalya\/depremzede-cocuklarin-eserleri-sergilendi\/\",\"name\":\"Depremzede \u00e7ocuklar\u0131n eserleri sergilendi - Av. Deniz Can K\u0131z\u0131l\",\"isPartOf\":{\"@id\":\"https:\/\/denizcankizil.tr\/de\/#website\"},\"primaryImageOfPage\":{\"@id\":\"https:\/\/denizcankizil.tr\/ru\/haberler\/antalya\/depremzede-cocuklarin-eserleri-sergilendi\/#primaryimage\"},\"image\":{\"@id\":\"https:\/\/denizcankizil.tr\/ru\/haberler\/antalya\/depremzede-cocuklarin-eserleri-sergilendi\/#primaryimage\"},\"thumbnailUrl\":\"https:\/\/denizcankizil.tr\/wp-content\/uploads\/2025\/02\/4563-01-QShXrA.jpeg\",\"datePublished\":\"2025-02-10T12:41:26+00:00\",\"breadcrumb\":{\"@id\":\"https:\/\/denizcankizil.tr\/ru\/haberler\/antalya\/depremzede-cocuklarin-eserleri-sergilendi\/#breadcrumb\"},\"inLanguage\":\"en-GB\",\"potentialAction\":[{\"@type\":\"ReadAction\",\"target\":[\"https:\/\/denizcankizil.tr\/ru\/haberler\/antalya\/depremzede-cocuklarin-eserleri-sergilendi\/\"]}]},{\"@type\":\"ImageObject\",\"inLanguage\":\"en-GB\",\"@id\":\"https:\/\/denizcankizil.tr\/ru\/haberler\/antalya\/depremzede-cocuklarin-eserleri-sergilendi\/#primaryimage\",\"url\":\"https:\/\/denizcankizil.tr\/wp-content\/uploads\/2025\/02\/4563-01-QShXrA.jpeg\",\"contentUrl\":\"https:\/\/denizcankizil.tr\/wp-content\/uploads\/2025\/02\/4563-01-QShXrA.jpeg\",\"width\":1280,\"height\":720},{\"@type\":\"BreadcrumbList\",\"@id\":\"https:\/\/denizcankizil.tr\/ru\/haberler\/antalya\/depremzede-cocuklarin-eserleri-sergilendi\/#breadcrumb\",\"itemListElement\":[{\"@type\":\"ListItem\",\"position\":1,\"name\":\"Home\",\"item\":\"https:\/\/denizcankizil.tr\/de\/\"},{\"@type\":\"ListItem\",\"position\":2,\"name\":\"Depremzede \u00e7ocuklar\u0131n eserleri sergilendi\"}]},{\"@type\":\"WebSite\",\"@id\":\"https:\/\/denizcankizil.tr\/de\/#website\",\"url\":\"https:\/\/denizcankizil.tr\/de\/\",\"name\":\"Av. Deniz Can K\u0131z\u0131l\",\"description\":\"Avukat Deniz Can K\u0131z\u0131l Antalya Barosu\",\"publisher\":{\"@id\":\"https:\/\/denizcankizil.tr\/de\/#organization\"},\"potentialAction\":[{\"@type\":\"SearchAction\",\"target\":{\"@type\":\"EntryPoint\",\"urlTemplate\":\"https:\/\/denizcankizil.tr\/de\/?s={search_term_string}\"},\"query-input\":{\"@type\":\"PropertyValueSpecification\",\"valueRequired\":true,\"valueName\":\"search_term_string\"}}],\"inLanguage\":\"en-GB\"},{\"@type\":\"Organization\",\"@id\":\"https:\/\/denizcankizil.tr\/de\/#organization\",\"name\":\"Av. Deniz Can K\u0131z\u0131l\",\"url\":\"https:\/\/denizcankizil.tr\/de\/\",\"logo\":{\"@type\":\"ImageObject\",\"inLanguage\":\"en-GB\",\"@id\":\"https:\/\/denizcankizil.tr\/de\/#\/schema\/logo\/image\/\",\"url\":\"https:\/\/denizcankizil.tr\/wp-content\/uploads\/2024\/10\/siyah-logo-svg.svg\",\"contentUrl\":\"https:\/\/denizcankizil.tr\/wp-content\/uploads\/2024\/10\/siyah-logo-svg.svg\",\"width\":1080,\"height\":1080,\"caption\":\"Av. Deniz Can K\u0131z\u0131l\"},\"image\":{\"@id\":\"https:\/\/denizcankizil.tr\/de\/#\/schema\/logo\/image\/\"}},{\"@type\":\"Person\",\"@id\":\"https:\/\/denizcankizil.tr\/de\/#\/schema\/person\/5dc1b22991bd7ac833867c10afc9b0ff\",\"name\":\"Av. Deniz Can K\u0131z\u0131l\",\"image\":{\"@type\":\"ImageObject\",\"inLanguage\":\"en-GB\",\"@id\":\"https:\/\/denizcankizil.tr\/de\/#\/schema\/person\/image\/\",\"url\":\"https:\/\/secure.gravatar.com\/avatar\/a0b128fb9855c79efc976d5640eedb31dc35ec297594d6016d2cf7c60e975bb6?s=96&d=mm&r=g\",\"contentUrl\":\"https:\/\/secure.gravatar.com\/avatar\/a0b128fb9855c79efc976d5640eedb31dc35ec297594d6016d2cf7c60e975bb6?s=96&d=mm&r=g\",\"caption\":\"Av. Deniz Can K\u0131z\u0131l\"},\"sameAs\":[\"http:\/\/www.denizcankizil.tr\"],\"url\":\"https:\/\/denizcankizil.tr\/en\/author\/denizcankizil\/\"}]}<\/script>\n<!-- \/ Yoast SEO Premium plugin. -->","yoast_head_json":{"title":"Depremzede \u00e7ocuklar\u0131n eserleri sergilendi - Av. Deniz Can K\u0131z\u0131l","robots":{"index":"index","follow":"follow","max-snippet":"max-snippet:-1","max-image-preview":"max-image-preview:large","max-video-preview":"max-video-preview:-1"},"canonical":"https:\/\/denizcankizil.tr\/en\/haberler\/antalya\/depremzede-cocuklarin-eserleri-sergilendi\/","og_locale":"en_GB","og_type":"article","og_title":"Depremzede \u00e7ocuklar\u0131n eserleri sergilendi","og_description":"Recep Ak ve Nazan Er&#8217;in katk\u0131lar\u0131yla haz\u0131rlanan sergi, 6 \u015eubat 2023 tarihinde ya\u015fanan b\u00fcy\u00fck depremler sonras\u0131 hayat\u0131n\u0131 kaybeden yurtta\u015flar\u0131m\u0131z\u0131 anmak ve depremzedelerin ya\u015fad\u0131\u011f\u0131 zorluklar\u0131 hat\u0131rlatmak amac\u0131yla d\u00fczenlendi. Her biri, depremzede \u00e7ocuklar\u0131n y\u00fcreklerinden bir par\u00e7a ta\u015f\u0131yan eserler, bu sergide bir araya geldi. Bu eserler, \u00e7ocuklar\u0131n g\u00f6z\u00fcnden depremi ve sonras\u0131ndaki s\u00fcreci yans\u0131t\u0131yor. Serginin a\u00e7\u0131l\u0131\u015f\u0131 8 \u015eubat Cumartesi g\u00fcn\u00fc saat 14.00&#8217;te yap\u0131ld\u0131. Manavgat Belediye Ba\u015fkan\u0131 Dr. Niyazi Nefi Kara da sergiyi ziyaret ederek, serginin d\u00fczenlenmesine katk\u0131da bulunan t\u00fcm sanat\u00e7\u0131lara ve eme\u011fi ge\u00e7enlere te\u015fekk\u00fcr etti. Manavgat Belediye Ba\u015fkan\u0131 Dr. Niyazi Nefi Kara, sanat\u00e7\u0131lar\u0131n ve yazarlar\u0131n katk\u0131lar\u0131n\u0131n, toplumun travma sonras\u0131 iyile\u015fme s\u00fcrecinde nas\u0131l \u00f6nemli bir rol oynad\u0131\u011f\u0131n\u0131 dile getirdi. Ba\u015fkan Kara, &#8220;Bu t\u00fcr etkinlikler, toplumun ruhsal iyile\u015fme s\u00fcrecine b\u00fcy\u00fck katk\u0131 sa\u011fl\u0131yor. Depremin etkilerini sadece fiziksel de\u011fil, duygusal ve psikolojik anlamda da derinden hissettik. Burada sergilenen eserler, toplumun ortak haf\u0131zas\u0131d\u0131r. Bu sergi, hem \u00e7ocuklar\u0131m\u0131z\u0131n sesini duyurmak hem de toplumu deprem sonras\u0131 daha duyarl\u0131 hale getirmek ad\u0131na \u00e7ok k\u0131ymetli&#8221; ifadelerini kulland\u0131. Kaynak: www.kanalv.com.tr Haber Sitesinden Al\u0131nm\u0131\u015ft\u0131r.","og_url":"https:\/\/denizcankizil.tr\/en\/haberler\/antalya\/depremzede-cocuklarin-eserleri-sergilendi\/","og_site_name":"Av. Deniz Can K\u0131z\u0131l","article_published_time":"2025-02-10T12:41:26+00:00","og_image":[{"width":1280,"height":720,"url":"https:\/\/denizcankizil.tr\/wp-content\/uploads\/2025\/02\/4563-01-QShXrA.jpeg","type":"image\/jpeg"}],"author":"Av. Deniz Can K\u0131z\u0131l","twitter_card":"summary_large_image","twitter_misc":{"Written by":"Av. Deniz Can K\u0131z\u0131l","Estimated reading time":"1 minute"},"schema":{"@context":"https:\/\/schema.org","@graph":[{"@type":"Article","@id":"https:\/\/denizcankizil.tr\/ru\/haberler\/antalya\/depremzede-cocuklarin-eserleri-sergilendi\/#article","isPartOf":{"@id":"https:\/\/denizcankizil.tr\/ru\/haberler\/antalya\/depremzede-cocuklarin-eserleri-sergilendi\/"},"author":{"name":"Av. Deniz Can K\u0131z\u0131l","@id":"https:\/\/denizcankizil.tr\/de\/#\/schema\/person\/5dc1b22991bd7ac833867c10afc9b0ff"},"headline":"Depremzede \u00e7ocuklar\u0131n eserleri sergilendi","datePublished":"2025-02-10T12:41:26+00:00","mainEntityOfPage":{"@id":"https:\/\/denizcankizil.tr\/ru\/haberler\/antalya\/depremzede-cocuklarin-eserleri-sergilendi\/"},"wordCount":233,"commentCount":0,"publisher":{"@id":"https:\/\/denizcankizil.tr\/de\/#organization"},"image":{"@id":"https:\/\/denizcankizil.tr\/ru\/haberler\/antalya\/depremzede-cocuklarin-eserleri-sergilendi\/#primaryimage"},"thumbnailUrl":"https:\/\/denizcankizil.tr\/wp-content\/uploads\/2025\/02\/4563-01-QShXrA.jpeg","articleSection":["Antalya"],"inLanguage":"en-GB","potentialAction":[{"@type":"CommentAction","name":"Comment","target":["https:\/\/denizcankizil.tr\/ru\/haberler\/antalya\/depremzede-cocuklarin-eserleri-sergilendi\/#respond"]}]},{"@type":"WebPage","@id":"https:\/\/denizcankizil.tr\/ru\/haberler\/antalya\/depremzede-cocuklarin-eserleri-sergilendi\/","url":"https:\/\/denizcankizil.tr\/ru\/haberler\/antalya\/depremzede-cocuklarin-eserleri-sergilendi\/","name":"Depremzede \u00e7ocuklar\u0131n eserleri sergilendi - Av. Deniz Can K\u0131z\u0131l","isPartOf":{"@id":"https:\/\/denizcankizil.tr\/de\/#website"},"primaryImageOfPage":{"@id":"https:\/\/denizcankizil.tr\/ru\/haberler\/antalya\/depremzede-cocuklarin-eserleri-sergilendi\/#primaryimage"},"image":{"@id":"https:\/\/denizcankizil.tr\/ru\/haberler\/antalya\/depremzede-cocuklarin-eserleri-sergilendi\/#primaryimage"},"thumbnailUrl":"https:\/\/denizcankizil.tr\/wp-content\/uploads\/2025\/02\/4563-01-QShXrA.jpeg","datePublished":"2025-02-10T12:41:26+00:00","breadcrumb":{"@id":"https:\/\/denizcankizil.tr\/ru\/haberler\/antalya\/depremzede-cocuklarin-eserleri-sergilendi\/#breadcrumb"},"inLanguage":"en-GB","potentialAction":[{"@type":"ReadAction","target":["https:\/\/denizcankizil.tr\/ru\/haberler\/antalya\/depremzede-cocuklarin-eserleri-sergilendi\/"]}]},{"@type":"ImageObject","inLanguage":"en-GB","@id":"https:\/\/denizcankizil.tr\/ru\/haberler\/antalya\/depremzede-cocuklarin-eserleri-sergilendi\/#primaryimage","url":"https:\/\/denizcankizil.tr\/wp-content\/uploads\/2025\/02\/4563-01-QShXrA.jpeg","contentUrl":"https:\/\/denizcankizil.tr\/wp-content\/uploads\/2025\/02\/4563-01-QShXrA.jpeg","width":1280,"height":720},{"@type":"BreadcrumbList","@id":"https:\/\/denizcankizil.tr\/ru\/haberler\/antalya\/depremzede-cocuklarin-eserleri-sergilendi\/#breadcrumb","itemListElement":[{"@type":"ListItem","position":1,"name":"Home","item":"https:\/\/denizcankizil.tr\/de\/"},{"@type":"ListItem","position":2,"name":"Depremzede \u00e7ocuklar\u0131n eserleri sergilendi"}]},{"@type":"WebSite","@id":"https:\/\/denizcankizil.tr\/de\/#website","url":"https:\/\/denizcankizil.tr\/de\/","name":"Av. Deniz Can K\u0131z\u0131l","description":"Avukat Deniz Can K\u0131z\u0131l Antalya Barosu","publisher":{"@id":"https:\/\/denizcankizil.tr\/de\/#organization"},"potentialAction":[{"@type":"SearchAction","target":{"@type":"EntryPoint","urlTemplate":"https:\/\/denizcankizil.tr\/de\/?s={search_term_string}"},"query-input":{"@type":"PropertyValueSpecification","valueRequired":true,"valueName":"search_term_string"}}],"inLanguage":"en-GB"},{"@type":"Organization","@id":"https:\/\/denizcankizil.tr\/de\/#organization","name":"Av. Deniz Can K\u0131z\u0131l","url":"https:\/\/denizcankizil.tr\/de\/","logo":{"@type":"ImageObject","inLanguage":"en-GB","@id":"https:\/\/denizcankizil.tr\/de\/#\/schema\/logo\/image\/","url":"https:\/\/denizcankizil.tr\/wp-content\/uploads\/2024\/10\/siyah-logo-svg.svg","contentUrl":"https:\/\/denizcankizil.tr\/wp-content\/uploads\/2024\/10\/siyah-logo-svg.svg","width":1080,"height":1080,"caption":"Av. Deniz Can K\u0131z\u0131l"},"image":{"@id":"https:\/\/denizcankizil.tr\/de\/#\/schema\/logo\/image\/"}},{"@type":"Person","@id":"https:\/\/denizcankizil.tr\/de\/#\/schema\/person\/5dc1b22991bd7ac833867c10afc9b0ff","name":"Av. Deniz Can K\u0131z\u0131l","image":{"@type":"ImageObject","inLanguage":"en-GB","@id":"https:\/\/denizcankizil.tr\/de\/#\/schema\/person\/image\/","url":"https:\/\/secure.gravatar.com\/avatar\/a0b128fb9855c79efc976d5640eedb31dc35ec297594d6016d2cf7c60e975bb6?s=96&d=mm&r=g","contentUrl":"https:\/\/secure.gravatar.com\/avatar\/a0b128fb9855c79efc976d5640eedb31dc35ec297594d6016d2cf7c60e975bb6?s=96&d=mm&r=g","caption":"Av. Deniz Can K\u0131z\u0131l"},"sameAs":["http:\/\/www.denizcankizil.tr"],"url":"https:\/\/denizcankizil.tr\/en\/author\/denizcankizil\/"}]}},"_links":{"self":[{"href":"https:\/\/denizcankizil.tr\/en\/wp-json\/wp\/v2\/posts\/31712","targetHints":{"allow":["GET"]}}],"collection":[{"href":"https:\/\/denizcankizil.tr\/en\/wp-json\/wp\/v2\/posts"}],"about":[{"href":"https:\/\/denizcankizil.tr\/en\/wp-json\/wp\/v2\/types\/post"}],"author":[{"embeddable":true,"href":"https:\/\/denizcankizil.tr\/en\/wp-json\/wp\/v2\/users\/4"}],"replies":[{"embeddable":true,"href":"https:\/\/denizcankizil.tr\/en\/wp-json\/wp\/v2\/comments?post=31712"}],"version-history":[{"count":0,"href":"https:\/\/denizcankizil.tr\/en\/wp-json\/wp\/v2\/posts\/31712\/revisions"}],"wp:featuredmedia":[{"embeddable":true,"href":"https:\/\/denizcankizil.tr\/en\/wp-json\/wp\/v2\/media\/31713"}],"wp:attachment":[{"href":"https:\/\/denizcankizil.tr\/en\/wp-json\/wp\/v2\/media?parent=31712"}],"wp:term":[{"taxonomy":"category","embeddable":true,"href":"https:\/\/denizcankizil.tr\/en\/wp-json\/wp\/v2\/categories?post=31712"},{"taxonomy":"post_tag","embeddable":true,"href":"https:\/\/denizcankizil.tr\/en\/wp-json\/wp\/v2\/tags?post=31712"}],"curies":[{"name":"wp","href":"https:\/\/api.w.org\/{rel}","templated":true}]}}