{"id":31699,"date":"2025-02-10T13:53:01","date_gmt":"2025-02-10T10:53:01","guid":{"rendered":"http:\/\/denizcankizil.tr\/uncategorized-tr\/antalyada-hayatini-kaybeden-polis-gozyaslariyla-son-yolculuguna-ugurlandi\/"},"modified":"2025-02-10T13:53:01","modified_gmt":"2025-02-10T10:53:01","slug":"antalyada-hayatini-kaybeden-polis-gozyaslariyla-son-yolculuguna-ugurlandi","status":"publish","type":"post","link":"https:\/\/denizcankizil.tr\/en\/haberler\/gundem\/antalyada-hayatini-kaybeden-polis-gozyaslariyla-son-yolculuguna-ugurlandi\/","title":{"rendered":"Antalya\u2019da hayat\u0131n\u0131 kaybeden polis, g\u00f6zya\u015flar\u0131yla son yolculu\u011funa u\u011furland\u0131"},"content":{"rendered":"<p>Antalya\u2019n\u0131n Kumluca il\u00e7esine ba\u011fl\u0131 Kumluca-Antalya yolunun 7&#8217;nci kilometresinde d\u00fcn saat 12.45 s\u0131ralar\u0131nda meydana gelen trafik kazas\u0131nda, Antalya Emniyet M\u00fcd\u00fcrl\u00fc\u011f\u00fcnde yunus polisi olarak g\u00f6rev yapan Cuma \u015eim\u015fek, motosikletiyle Kumluca istikametinden Antalya y\u00f6n\u00fcne seyir halindeyken motosikletinin direksiyon h\u00e2kimiyetini kaybetti. Motosikletinden d\u00fc\u015ferek yolda s\u00fcr\u00fcklenen \u015eim\u015fek bariyerlere \u00e7arparak hayat\u0131n\u0131 kaybetti.\u00a0<\/p>\n<p>POL\u0130S MEMUR \u0130\u00c7\u0130N T\u00d6REN D\u00dcZENLEND\u0130<\/p>\n<p>Cumali \u015eim\u015fek i\u00e7in bug\u00fcn Antalya Emniyet M\u00fcd\u00fcrl\u00fc\u011f\u00fc&#8217;nde t\u00f6ren d\u00fczenlendi. T\u00f6rene Antalya Valisi Hulusi \u015eahin, Muratpa\u015fa Kaymakam\u0131 \u0130hsan Kara, Konyaalt\u0131 Kaymakam\u0131 Rahmi K\u00f6se, Antalya Cumhuriyet Ba\u015fsavc\u0131s\u0131 Ali Yakup Kahveci, \u0130l Jandarma Komutan\u0131 Tu\u011fgeneral Tar\u0131k Hekimo\u011flu, B\u00fcy\u00fck\u015fehir Belediye Ba\u015fkan\u0131 Muhittin B\u00f6cek, Konyaalt\u0131 Belediye Ba\u015fkan\u0131 Cem Kotan, \u0130l Emniyet M\u00fcd\u00fcr Yard\u0131mc\u0131lar\u0131, birim amirleri, mesai arkada\u015flar\u0131 ve yak\u0131nlar\u0131 kat\u0131ld\u0131.<\/p>\n<p>MESA\u0130 ARKADA\u015eLARININ OMUZLARINDA TA\u015eINDI\u00a0<\/p>\n<p>Antalya Emniyet M\u00fcd\u00fcrl\u00fc\u011f\u00fc&#8217;nde d\u00fczenlenecek olan t\u00f6rene Asayi\u015f \u015eube M\u00fcd\u00fcrl\u00fc\u011f\u00fc&#8217;ne ba\u011fl\u0131 Motorize Yunus Timleri taraf\u0131ndan taraf\u0131ndan olu\u015fturulan konvoyla getirilen Cuma \u015eim\u015fek&#8217;in cenazesi, okunan dualar\u0131n ard\u0131ndan topra\u011fa verilmek \u00fczere memleketi Gaziantep&#8217;e g\u00f6t\u00fcr\u00fcld\u00fc. \u015eim\u015fek&#8217;in tabutu birlikte g\u00f6rev yapt\u0131\u011f\u0131 mesai arkada\u015flar\u0131n\u0131n omuzlar\u0131nda cenaze arac\u0131na ta\u015f\u0131nd\u0131. T\u00f6ren s\u0131ras\u0131nda Cuma \u015eim\u015fek&#8217;in k\u0131z\u0131 ve ablas\u0131 T\u00fclay Al\u0131\u015fkan&#8217;\u0131n g\u00f6zya\u015flar\u0131na hakim olamad\u0131\u011f\u0131 g\u00f6r\u00fcld\u00fc.\u00a0<\/p>\n<p>\u00a0 \u00a0 \u00a0 \u00a0 \u00a0 \u00a0 \u00a0 \u00a0 \u00a0 \u00a0 \u00a0 \u00a0 \u00a0 \u00a0 \u00a0 \u00a0 \u00a0 \u00a0 \u00a0\u00a0<\/p>\n<p>\u200bAntalya\u2019n\u0131n Kumluca il\u00e7esinde ge\u00e7irdi\u011fi trafik kazas\u0131 sonucu hayat\u0131n\u0131 kaybeden polis memuru Cuma \u015eim\u015fek, Antalya Emniyet M\u00fcd\u00fcrl\u00fc\u011f\u00fc&#8217;nde d\u00fczenlenen t\u00f6renle meslekta\u015flar\u0131n\u0131n omuzunda ve k\u0131zlar\u0131n\u0131n g\u00f6zya\u015flar\u0131yla son yolculu\u011funa u\u011furland\u0131\u00a0<\/p>\n<p>\u200bHaberin Al\u0131nt\u0131land\u0131\u011f\u0131 Kaynak: www.antalyakorfez.com<\/p>","protected":false},"excerpt":{"rendered":"<p>Antalya\u2019n\u0131n Kumluca il\u00e7esine ba\u011fl\u0131 Kumluca-Antalya yolunun 7&#8217;nci kilometresinde d\u00fcn saat 12.45 s\u0131ralar\u0131nda meydana gelen trafik kazas\u0131nda, Antalya Emniyet M\u00fcd\u00fcrl\u00fc\u011f\u00fcnde yunus polisi olarak g\u00f6rev yapan Cuma \u015eim\u015fek, motosikletiyle Kumluca istikametinden Antalya y\u00f6n\u00fcne seyir halindeyken motosikletinin direksiyon h\u00e2kimiyetini kaybetti. Motosikletinden d\u00fc\u015ferek yolda s\u00fcr\u00fcklenen \u015eim\u015fek bariyerlere \u00e7arparak hayat\u0131n\u0131 kaybetti.\u00a0 POL\u0130S MEMUR \u0130\u00c7\u0130N T\u00d6REN D\u00dcZENLEND\u0130 Cumali \u015eim\u015fek i\u00e7in bug\u00fcn Antalya Emniyet M\u00fcd\u00fcrl\u00fc\u011f\u00fc&#8217;nde t\u00f6ren d\u00fczenlendi. T\u00f6rene Antalya Valisi Hulusi \u015eahin, Muratpa\u015fa Kaymakam\u0131 \u0130hsan Kara, Konyaalt\u0131 Kaymakam\u0131 Rahmi K\u00f6se, Antalya Cumhuriyet Ba\u015fsavc\u0131s\u0131 Ali Yakup Kahveci, \u0130l Jandarma Komutan\u0131 Tu\u011fgeneral Tar\u0131k Hekimo\u011flu, B\u00fcy\u00fck\u015fehir Belediye Ba\u015fkan\u0131 Muhittin B\u00f6cek, Konyaalt\u0131 Belediye Ba\u015fkan\u0131 Cem Kotan, \u0130l Emniyet M\u00fcd\u00fcr Yard\u0131mc\u0131lar\u0131, birim amirleri, mesai arkada\u015flar\u0131 ve yak\u0131nlar\u0131 kat\u0131ld\u0131. MESA\u0130 ARKADA\u015eLARININ OMUZLARINDA TA\u015eINDI\u00a0 Antalya Emniyet M\u00fcd\u00fcrl\u00fc\u011f\u00fc&#8217;nde d\u00fczenlenecek olan t\u00f6rene Asayi\u015f \u015eube M\u00fcd\u00fcrl\u00fc\u011f\u00fc&#8217;ne ba\u011fl\u0131 Motorize Yunus Timleri taraf\u0131ndan taraf\u0131ndan olu\u015fturulan konvoyla getirilen Cuma \u015eim\u015fek&#8217;in cenazesi, okunan dualar\u0131n ard\u0131ndan topra\u011fa verilmek \u00fczere memleketi Gaziantep&#8217;e g\u00f6t\u00fcr\u00fcld\u00fc. \u015eim\u015fek&#8217;in tabutu birlikte g\u00f6rev yapt\u0131\u011f\u0131 mesai arkada\u015flar\u0131n\u0131n omuzlar\u0131nda cenaze arac\u0131na ta\u015f\u0131nd\u0131. T\u00f6ren s\u0131ras\u0131nda Cuma \u015eim\u015fek&#8217;in k\u0131z\u0131 ve ablas\u0131 T\u00fclay Al\u0131\u015fkan&#8217;\u0131n g\u00f6zya\u015flar\u0131na hakim olamad\u0131\u011f\u0131 g\u00f6r\u00fcld\u00fc.\u00a0 \u00a0 \u00a0 \u00a0 \u00a0 \u00a0 \u00a0 \u00a0 \u00a0 \u00a0 \u00a0 \u00a0 \u00a0 \u00a0 \u00a0 \u00a0 \u00a0 \u00a0 \u00a0 \u00a0\u00a0 \u200bAntalya\u2019n\u0131n Kumluca il\u00e7esinde ge\u00e7irdi\u011fi trafik kazas\u0131 sonucu hayat\u0131n\u0131 kaybeden polis memuru Cuma \u015eim\u015fek, Antalya Emniyet M\u00fcd\u00fcrl\u00fc\u011f\u00fc&#8217;nde d\u00fczenlenen &hellip;<\/p>","protected":false},"author":5,"featured_media":0,"comment_status":"open","ping_status":"open","sticky":false,"template":"","format":"standard","meta":{"_acf_changed":false,"footnotes":""},"categories":[24],"tags":[],"class_list":["post-31699","post","type-post","status-publish","format-standard","has-post-thumbnail","hentry","category-gundem"],"acf":[],"yoast_head":"<!-- This site is optimized with the Yoast SEO Premium plugin v26.6 (Yoast SEO v27.1.1) - https:\/\/yoast.com\/product\/yoast-seo-premium-wordpress\/ -->\n<title>Antalya\u2019da hayat\u0131n\u0131 kaybeden polis, g\u00f6zya\u015flar\u0131yla son yolculu\u011funa u\u011furland\u0131 - Av. Deniz Can K\u0131z\u0131l<\/title>\n<meta name=\"robots\" content=\"index, follow, max-snippet:-1, max-image-preview:large, max-video-preview:-1\" \/>\n<link rel=\"canonical\" href=\"https:\/\/denizcankizil.tr\/en\/haberler\/gundem\/antalyada-hayatini-kaybeden-polis-gozyaslariyla-son-yolculuguna-ugurlandi\/\" \/>\n<meta property=\"og:locale\" content=\"en_GB\" \/>\n<meta property=\"og:type\" content=\"article\" \/>\n<meta property=\"og:title\" content=\"Antalya\u2019da hayat\u0131n\u0131 kaybeden polis, g\u00f6zya\u015flar\u0131yla son yolculu\u011funa u\u011furland\u0131\" \/>\n<meta property=\"og:description\" content=\"Antalya\u2019n\u0131n Kumluca il\u00e7esine ba\u011fl\u0131 Kumluca-Antalya yolunun 7&#8217;nci kilometresinde d\u00fcn saat 12.45 s\u0131ralar\u0131nda meydana gelen trafik kazas\u0131nda, Antalya Emniyet M\u00fcd\u00fcrl\u00fc\u011f\u00fcnde yunus polisi olarak g\u00f6rev yapan Cuma \u015eim\u015fek, motosikletiyle Kumluca istikametinden Antalya y\u00f6n\u00fcne seyir halindeyken motosikletinin direksiyon h\u00e2kimiyetini kaybetti. Motosikletinden d\u00fc\u015ferek yolda s\u00fcr\u00fcklenen \u015eim\u015fek bariyerlere \u00e7arparak hayat\u0131n\u0131 kaybetti.\u00a0 POL\u0130S MEMUR \u0130\u00c7\u0130N T\u00d6REN D\u00dcZENLEND\u0130 Cumali \u015eim\u015fek i\u00e7in bug\u00fcn Antalya Emniyet M\u00fcd\u00fcrl\u00fc\u011f\u00fc&#8217;nde t\u00f6ren d\u00fczenlendi. T\u00f6rene Antalya Valisi Hulusi \u015eahin, Muratpa\u015fa Kaymakam\u0131 \u0130hsan Kara, Konyaalt\u0131 Kaymakam\u0131 Rahmi K\u00f6se, Antalya Cumhuriyet Ba\u015fsavc\u0131s\u0131 Ali Yakup Kahveci, \u0130l Jandarma Komutan\u0131 Tu\u011fgeneral Tar\u0131k Hekimo\u011flu, B\u00fcy\u00fck\u015fehir Belediye Ba\u015fkan\u0131 Muhittin B\u00f6cek, Konyaalt\u0131 Belediye Ba\u015fkan\u0131 Cem Kotan, \u0130l Emniyet M\u00fcd\u00fcr Yard\u0131mc\u0131lar\u0131, birim amirleri, mesai arkada\u015flar\u0131 ve yak\u0131nlar\u0131 kat\u0131ld\u0131. MESA\u0130 ARKADA\u015eLARININ OMUZLARINDA TA\u015eINDI\u00a0 Antalya Emniyet M\u00fcd\u00fcrl\u00fc\u011f\u00fc&#8217;nde d\u00fczenlenecek olan t\u00f6rene Asayi\u015f \u015eube M\u00fcd\u00fcrl\u00fc\u011f\u00fc&#8217;ne ba\u011fl\u0131 Motorize Yunus Timleri taraf\u0131ndan taraf\u0131ndan olu\u015fturulan konvoyla getirilen Cuma \u015eim\u015fek&#8217;in cenazesi, okunan dualar\u0131n ard\u0131ndan topra\u011fa verilmek \u00fczere memleketi Gaziantep&#8217;e g\u00f6t\u00fcr\u00fcld\u00fc. \u015eim\u015fek&#8217;in tabutu birlikte g\u00f6rev yapt\u0131\u011f\u0131 mesai arkada\u015flar\u0131n\u0131n omuzlar\u0131nda cenaze arac\u0131na ta\u015f\u0131nd\u0131. T\u00f6ren s\u0131ras\u0131nda Cuma \u015eim\u015fek&#8217;in k\u0131z\u0131 ve ablas\u0131 T\u00fclay Al\u0131\u015fkan&#8217;\u0131n g\u00f6zya\u015flar\u0131na hakim olamad\u0131\u011f\u0131 g\u00f6r\u00fcld\u00fc.\u00a0 \u00a0 \u00a0 \u00a0 \u00a0 \u00a0 \u00a0 \u00a0 \u00a0 \u00a0 \u00a0 \u00a0 \u00a0 \u00a0 \u00a0 \u00a0 \u00a0 \u00a0 \u00a0 \u00a0\u00a0 \u200bAntalya\u2019n\u0131n Kumluca il\u00e7esinde ge\u00e7irdi\u011fi trafik kazas\u0131 sonucu hayat\u0131n\u0131 kaybeden polis memuru Cuma \u015eim\u015fek, Antalya Emniyet M\u00fcd\u00fcrl\u00fc\u011f\u00fc&#8217;nde d\u00fczenlenen &hellip;\" \/>\n<meta property=\"og:url\" content=\"https:\/\/denizcankizil.tr\/en\/haberler\/gundem\/antalyada-hayatini-kaybeden-polis-gozyaslariyla-son-yolculuguna-ugurlandi\/\" \/>\n<meta property=\"og:site_name\" content=\"Av. Deniz Can K\u0131z\u0131l\" \/>\n<meta property=\"article:published_time\" content=\"2025-02-10T10:53:01+00:00\" \/>\n<meta name=\"author\" content=\"Antalya K\u00f6rfez\" \/>\n<meta name=\"twitter:card\" content=\"summary_large_image\" \/>\n<meta name=\"twitter:label1\" content=\"Written by\" \/>\n\t<meta name=\"twitter:data1\" content=\"Antalya K\u00f6rfez\" \/>\n\t<meta name=\"twitter:label2\" content=\"Estimated reading time\" \/>\n\t<meta name=\"twitter:data2\" content=\"2 minutes\" \/>\n<script type=\"application\/ld+json\" class=\"yoast-schema-graph\">{\"@context\":\"https:\/\/schema.org\",\"@graph\":[{\"@type\":\"Article\",\"@id\":\"https:\/\/denizcankizil.tr\/en\/haberler\/gundem\/antalyada-hayatini-kaybeden-polis-gozyaslariyla-son-yolculuguna-ugurlandi\/#article\",\"isPartOf\":{\"@id\":\"https:\/\/denizcankizil.tr\/en\/haberler\/gundem\/antalyada-hayatini-kaybeden-polis-gozyaslariyla-son-yolculuguna-ugurlandi\/\"},\"author\":{\"name\":\"Antalya K\u00f6rfez\",\"@id\":\"https:\/\/denizcankizil.tr\/#\/schema\/person\/e1eb71bb4dd684d46563f0af307e1234\"},\"headline\":\"Antalya\u2019da hayat\u0131n\u0131 kaybeden polis, g\u00f6zya\u015flar\u0131yla son yolculu\u011funa u\u011furland\u0131\",\"datePublished\":\"2025-02-10T10:53:01+00:00\",\"mainEntityOfPage\":{\"@id\":\"https:\/\/denizcankizil.tr\/en\/haberler\/gundem\/antalyada-hayatini-kaybeden-polis-gozyaslariyla-son-yolculuguna-ugurlandi\/\"},\"wordCount\":334,\"commentCount\":0,\"publisher\":{\"@id\":\"https:\/\/denizcankizil.tr\/#organization\"},\"articleSection\":[\"G\u00fcndem\"],\"inLanguage\":\"en-GB\",\"potentialAction\":[{\"@type\":\"CommentAction\",\"name\":\"Comment\",\"target\":[\"https:\/\/denizcankizil.tr\/en\/haberler\/gundem\/antalyada-hayatini-kaybeden-polis-gozyaslariyla-son-yolculuguna-ugurlandi\/#respond\"]}]},{\"@type\":\"WebPage\",\"@id\":\"https:\/\/denizcankizil.tr\/en\/haberler\/gundem\/antalyada-hayatini-kaybeden-polis-gozyaslariyla-son-yolculuguna-ugurlandi\/\",\"url\":\"https:\/\/denizcankizil.tr\/en\/haberler\/gundem\/antalyada-hayatini-kaybeden-polis-gozyaslariyla-son-yolculuguna-ugurlandi\/\",\"name\":\"Antalya\u2019da hayat\u0131n\u0131 kaybeden polis, g\u00f6zya\u015flar\u0131yla son yolculu\u011funa u\u011furland\u0131 - Av. Deniz Can K\u0131z\u0131l\",\"isPartOf\":{\"@id\":\"https:\/\/denizcankizil.tr\/#website\"},\"datePublished\":\"2025-02-10T10:53:01+00:00\",\"breadcrumb\":{\"@id\":\"https:\/\/denizcankizil.tr\/en\/haberler\/gundem\/antalyada-hayatini-kaybeden-polis-gozyaslariyla-son-yolculuguna-ugurlandi\/#breadcrumb\"},\"inLanguage\":\"en-GB\",\"potentialAction\":[{\"@type\":\"ReadAction\",\"target\":[\"https:\/\/denizcankizil.tr\/en\/haberler\/gundem\/antalyada-hayatini-kaybeden-polis-gozyaslariyla-son-yolculuguna-ugurlandi\/\"]}]},{\"@type\":\"BreadcrumbList\",\"@id\":\"https:\/\/denizcankizil.tr\/en\/haberler\/gundem\/antalyada-hayatini-kaybeden-polis-gozyaslariyla-son-yolculuguna-ugurlandi\/#breadcrumb\",\"itemListElement\":[{\"@type\":\"ListItem\",\"position\":1,\"name\":\"Home\",\"item\":\"https:\/\/denizcankizil.tr\/de\/\"},{\"@type\":\"ListItem\",\"position\":2,\"name\":\"Antalya\u2019da hayat\u0131n\u0131 kaybeden polis, g\u00f6zya\u015flar\u0131yla son yolculu\u011funa u\u011furland\u0131\"}]},{\"@type\":\"WebSite\",\"@id\":\"https:\/\/denizcankizil.tr\/#website\",\"url\":\"https:\/\/denizcankizil.tr\/\",\"name\":\"Av. Deniz Can K\u0131z\u0131l\",\"description\":\"Avukat Deniz Can K\u0131z\u0131l Antalya Barosu\",\"publisher\":{\"@id\":\"https:\/\/denizcankizil.tr\/#organization\"},\"potentialAction\":[{\"@type\":\"SearchAction\",\"target\":{\"@type\":\"EntryPoint\",\"urlTemplate\":\"https:\/\/denizcankizil.tr\/?s={search_term_string}\"},\"query-input\":{\"@type\":\"PropertyValueSpecification\",\"valueRequired\":true,\"valueName\":\"search_term_string\"}}],\"inLanguage\":\"en-GB\"},{\"@type\":\"Organization\",\"@id\":\"https:\/\/denizcankizil.tr\/#organization\",\"name\":\"Av. Deniz Can K\u0131z\u0131l\",\"url\":\"https:\/\/denizcankizil.tr\/\",\"logo\":{\"@type\":\"ImageObject\",\"inLanguage\":\"en-GB\",\"@id\":\"https:\/\/denizcankizil.tr\/#\/schema\/logo\/image\/\",\"url\":\"https:\/\/denizcankizil.tr\/wp-content\/uploads\/2024\/10\/siyah-logo-svg.svg\",\"contentUrl\":\"https:\/\/denizcankizil.tr\/wp-content\/uploads\/2024\/10\/siyah-logo-svg.svg\",\"width\":1080,\"height\":1080,\"caption\":\"Av. Deniz Can K\u0131z\u0131l\"},\"image\":{\"@id\":\"https:\/\/denizcankizil.tr\/#\/schema\/logo\/image\/\"}},{\"@type\":\"Person\",\"@id\":\"https:\/\/denizcankizil.tr\/#\/schema\/person\/e1eb71bb4dd684d46563f0af307e1234\",\"name\":\"Antalya K\u00f6rfez\",\"image\":{\"@type\":\"ImageObject\",\"inLanguage\":\"en-GB\",\"@id\":\"https:\/\/denizcankizil.tr\/#\/schema\/person\/image\/\",\"url\":\"https:\/\/secure.gravatar.com\/avatar\/42b01982558a48a0b501fdcab6a408d3717ea5919095ee2e67b0e521799c5905?s=96&d=mm&r=g\",\"contentUrl\":\"https:\/\/secure.gravatar.com\/avatar\/42b01982558a48a0b501fdcab6a408d3717ea5919095ee2e67b0e521799c5905?s=96&d=mm&r=g\",\"caption\":\"Antalya K\u00f6rfez\"},\"sameAs\":[\"http:\/\/www.antalyakorfez.com\"],\"url\":\"https:\/\/www.antalyakorfez.com\/antalyada-hayatini-kaybeden-polis-gozyaslariyla-son-yolculuguna-ugurlandi\"}]}<\/script>\n<!-- \/ Yoast SEO Premium plugin. -->","yoast_head_json":{"title":"Antalya\u2019da hayat\u0131n\u0131 kaybeden polis, g\u00f6zya\u015flar\u0131yla son yolculu\u011funa u\u011furland\u0131 - Av. Deniz Can K\u0131z\u0131l","robots":{"index":"index","follow":"follow","max-snippet":"max-snippet:-1","max-image-preview":"max-image-preview:large","max-video-preview":"max-video-preview:-1"},"canonical":"https:\/\/denizcankizil.tr\/en\/haberler\/gundem\/antalyada-hayatini-kaybeden-polis-gozyaslariyla-son-yolculuguna-ugurlandi\/","og_locale":"en_GB","og_type":"article","og_title":"Antalya\u2019da hayat\u0131n\u0131 kaybeden polis, g\u00f6zya\u015flar\u0131yla son yolculu\u011funa u\u011furland\u0131","og_description":"Antalya\u2019n\u0131n Kumluca il\u00e7esine ba\u011fl\u0131 Kumluca-Antalya yolunun 7&#8217;nci kilometresinde d\u00fcn saat 12.45 s\u0131ralar\u0131nda meydana gelen trafik kazas\u0131nda, Antalya Emniyet M\u00fcd\u00fcrl\u00fc\u011f\u00fcnde yunus polisi olarak g\u00f6rev yapan Cuma \u015eim\u015fek, motosikletiyle Kumluca istikametinden Antalya y\u00f6n\u00fcne seyir halindeyken motosikletinin direksiyon h\u00e2kimiyetini kaybetti. Motosikletinden d\u00fc\u015ferek yolda s\u00fcr\u00fcklenen \u015eim\u015fek bariyerlere \u00e7arparak hayat\u0131n\u0131 kaybetti.\u00a0 POL\u0130S MEMUR \u0130\u00c7\u0130N T\u00d6REN D\u00dcZENLEND\u0130 Cumali \u015eim\u015fek i\u00e7in bug\u00fcn Antalya Emniyet M\u00fcd\u00fcrl\u00fc\u011f\u00fc&#8217;nde t\u00f6ren d\u00fczenlendi. T\u00f6rene Antalya Valisi Hulusi \u015eahin, Muratpa\u015fa Kaymakam\u0131 \u0130hsan Kara, Konyaalt\u0131 Kaymakam\u0131 Rahmi K\u00f6se, Antalya Cumhuriyet Ba\u015fsavc\u0131s\u0131 Ali Yakup Kahveci, \u0130l Jandarma Komutan\u0131 Tu\u011fgeneral Tar\u0131k Hekimo\u011flu, B\u00fcy\u00fck\u015fehir Belediye Ba\u015fkan\u0131 Muhittin B\u00f6cek, Konyaalt\u0131 Belediye Ba\u015fkan\u0131 Cem Kotan, \u0130l Emniyet M\u00fcd\u00fcr Yard\u0131mc\u0131lar\u0131, birim amirleri, mesai arkada\u015flar\u0131 ve yak\u0131nlar\u0131 kat\u0131ld\u0131. MESA\u0130 ARKADA\u015eLARININ OMUZLARINDA TA\u015eINDI\u00a0 Antalya Emniyet M\u00fcd\u00fcrl\u00fc\u011f\u00fc&#8217;nde d\u00fczenlenecek olan t\u00f6rene Asayi\u015f \u015eube M\u00fcd\u00fcrl\u00fc\u011f\u00fc&#8217;ne ba\u011fl\u0131 Motorize Yunus Timleri taraf\u0131ndan taraf\u0131ndan olu\u015fturulan konvoyla getirilen Cuma \u015eim\u015fek&#8217;in cenazesi, okunan dualar\u0131n ard\u0131ndan topra\u011fa verilmek \u00fczere memleketi Gaziantep&#8217;e g\u00f6t\u00fcr\u00fcld\u00fc. \u015eim\u015fek&#8217;in tabutu birlikte g\u00f6rev yapt\u0131\u011f\u0131 mesai arkada\u015flar\u0131n\u0131n omuzlar\u0131nda cenaze arac\u0131na ta\u015f\u0131nd\u0131. T\u00f6ren s\u0131ras\u0131nda Cuma \u015eim\u015fek&#8217;in k\u0131z\u0131 ve ablas\u0131 T\u00fclay Al\u0131\u015fkan&#8217;\u0131n g\u00f6zya\u015flar\u0131na hakim olamad\u0131\u011f\u0131 g\u00f6r\u00fcld\u00fc.\u00a0 \u00a0 \u00a0 \u00a0 \u00a0 \u00a0 \u00a0 \u00a0 \u00a0 \u00a0 \u00a0 \u00a0 \u00a0 \u00a0 \u00a0 \u00a0 \u00a0 \u00a0 \u00a0 \u00a0\u00a0 \u200bAntalya\u2019n\u0131n Kumluca il\u00e7esinde ge\u00e7irdi\u011fi trafik kazas\u0131 sonucu hayat\u0131n\u0131 kaybeden polis memuru Cuma \u015eim\u015fek, Antalya Emniyet M\u00fcd\u00fcrl\u00fc\u011f\u00fc&#8217;nde d\u00fczenlenen &hellip;","og_url":"https:\/\/denizcankizil.tr\/en\/haberler\/gundem\/antalyada-hayatini-kaybeden-polis-gozyaslariyla-son-yolculuguna-ugurlandi\/","og_site_name":"Av. Deniz Can K\u0131z\u0131l","article_published_time":"2025-02-10T10:53:01+00:00","author":"Antalya K\u00f6rfez","twitter_card":"summary_large_image","twitter_misc":{"Written by":"Antalya K\u00f6rfez","Estimated reading time":"2 minutes"},"schema":{"@context":"https:\/\/schema.org","@graph":[{"@type":"Article","@id":"https:\/\/denizcankizil.tr\/en\/haberler\/gundem\/antalyada-hayatini-kaybeden-polis-gozyaslariyla-son-yolculuguna-ugurlandi\/#article","isPartOf":{"@id":"https:\/\/denizcankizil.tr\/en\/haberler\/gundem\/antalyada-hayatini-kaybeden-polis-gozyaslariyla-son-yolculuguna-ugurlandi\/"},"author":{"name":"Antalya K\u00f6rfez","@id":"https:\/\/denizcankizil.tr\/#\/schema\/person\/e1eb71bb4dd684d46563f0af307e1234"},"headline":"Antalya\u2019da hayat\u0131n\u0131 kaybeden polis, g\u00f6zya\u015flar\u0131yla son yolculu\u011funa u\u011furland\u0131","datePublished":"2025-02-10T10:53:01+00:00","mainEntityOfPage":{"@id":"https:\/\/denizcankizil.tr\/en\/haberler\/gundem\/antalyada-hayatini-kaybeden-polis-gozyaslariyla-son-yolculuguna-ugurlandi\/"},"wordCount":334,"commentCount":0,"publisher":{"@id":"https:\/\/denizcankizil.tr\/#organization"},"articleSection":["G\u00fcndem"],"inLanguage":"en-GB","potentialAction":[{"@type":"CommentAction","name":"Comment","target":["https:\/\/denizcankizil.tr\/en\/haberler\/gundem\/antalyada-hayatini-kaybeden-polis-gozyaslariyla-son-yolculuguna-ugurlandi\/#respond"]}]},{"@type":"WebPage","@id":"https:\/\/denizcankizil.tr\/en\/haberler\/gundem\/antalyada-hayatini-kaybeden-polis-gozyaslariyla-son-yolculuguna-ugurlandi\/","url":"https:\/\/denizcankizil.tr\/en\/haberler\/gundem\/antalyada-hayatini-kaybeden-polis-gozyaslariyla-son-yolculuguna-ugurlandi\/","name":"Antalya\u2019da hayat\u0131n\u0131 kaybeden polis, g\u00f6zya\u015flar\u0131yla son yolculu\u011funa u\u011furland\u0131 - Av. Deniz Can K\u0131z\u0131l","isPartOf":{"@id":"https:\/\/denizcankizil.tr\/#website"},"datePublished":"2025-02-10T10:53:01+00:00","breadcrumb":{"@id":"https:\/\/denizcankizil.tr\/en\/haberler\/gundem\/antalyada-hayatini-kaybeden-polis-gozyaslariyla-son-yolculuguna-ugurlandi\/#breadcrumb"},"inLanguage":"en-GB","potentialAction":[{"@type":"ReadAction","target":["https:\/\/denizcankizil.tr\/en\/haberler\/gundem\/antalyada-hayatini-kaybeden-polis-gozyaslariyla-son-yolculuguna-ugurlandi\/"]}]},{"@type":"BreadcrumbList","@id":"https:\/\/denizcankizil.tr\/en\/haberler\/gundem\/antalyada-hayatini-kaybeden-polis-gozyaslariyla-son-yolculuguna-ugurlandi\/#breadcrumb","itemListElement":[{"@type":"ListItem","position":1,"name":"Home","item":"https:\/\/denizcankizil.tr\/de\/"},{"@type":"ListItem","position":2,"name":"Antalya\u2019da hayat\u0131n\u0131 kaybeden polis, g\u00f6zya\u015flar\u0131yla son yolculu\u011funa u\u011furland\u0131"}]},{"@type":"WebSite","@id":"https:\/\/denizcankizil.tr\/#website","url":"https:\/\/denizcankizil.tr\/","name":"Av. Deniz Can K\u0131z\u0131l","description":"Avukat Deniz Can K\u0131z\u0131l Antalya Barosu","publisher":{"@id":"https:\/\/denizcankizil.tr\/#organization"},"potentialAction":[{"@type":"SearchAction","target":{"@type":"EntryPoint","urlTemplate":"https:\/\/denizcankizil.tr\/?s={search_term_string}"},"query-input":{"@type":"PropertyValueSpecification","valueRequired":true,"valueName":"search_term_string"}}],"inLanguage":"en-GB"},{"@type":"Organization","@id":"https:\/\/denizcankizil.tr\/#organization","name":"Av. Deniz Can K\u0131z\u0131l","url":"https:\/\/denizcankizil.tr\/","logo":{"@type":"ImageObject","inLanguage":"en-GB","@id":"https:\/\/denizcankizil.tr\/#\/schema\/logo\/image\/","url":"https:\/\/denizcankizil.tr\/wp-content\/uploads\/2024\/10\/siyah-logo-svg.svg","contentUrl":"https:\/\/denizcankizil.tr\/wp-content\/uploads\/2024\/10\/siyah-logo-svg.svg","width":1080,"height":1080,"caption":"Av. Deniz Can K\u0131z\u0131l"},"image":{"@id":"https:\/\/denizcankizil.tr\/#\/schema\/logo\/image\/"}},{"@type":"Person","@id":"https:\/\/denizcankizil.tr\/#\/schema\/person\/e1eb71bb4dd684d46563f0af307e1234","name":"Antalya K\u00f6rfez","image":{"@type":"ImageObject","inLanguage":"en-GB","@id":"https:\/\/denizcankizil.tr\/#\/schema\/person\/image\/","url":"https:\/\/secure.gravatar.com\/avatar\/42b01982558a48a0b501fdcab6a408d3717ea5919095ee2e67b0e521799c5905?s=96&d=mm&r=g","contentUrl":"https:\/\/secure.gravatar.com\/avatar\/42b01982558a48a0b501fdcab6a408d3717ea5919095ee2e67b0e521799c5905?s=96&d=mm&r=g","caption":"Antalya K\u00f6rfez"},"sameAs":["http:\/\/www.antalyakorfez.com"],"url":"https:\/\/www.antalyakorfez.com\/antalyada-hayatini-kaybeden-polis-gozyaslariyla-son-yolculuguna-ugurlandi"}]}},"_links":{"self":[{"href":"https:\/\/denizcankizil.tr\/en\/wp-json\/wp\/v2\/posts\/31699","targetHints":{"allow":["GET"]}}],"collection":[{"href":"https:\/\/denizcankizil.tr\/en\/wp-json\/wp\/v2\/posts"}],"about":[{"href":"https:\/\/denizcankizil.tr\/en\/wp-json\/wp\/v2\/types\/post"}],"author":[{"embeddable":true,"href":"https:\/\/denizcankizil.tr\/en\/wp-json\/wp\/v2\/users\/5"}],"replies":[{"embeddable":true,"href":"https:\/\/denizcankizil.tr\/en\/wp-json\/wp\/v2\/comments?post=31699"}],"version-history":[{"count":0,"href":"https:\/\/denizcankizil.tr\/en\/wp-json\/wp\/v2\/posts\/31699\/revisions"}],"wp:attachment":[{"href":"https:\/\/denizcankizil.tr\/en\/wp-json\/wp\/v2\/media?parent=31699"}],"wp:term":[{"taxonomy":"category","embeddable":true,"href":"https:\/\/denizcankizil.tr\/en\/wp-json\/wp\/v2\/categories?post=31699"},{"taxonomy":"post_tag","embeddable":true,"href":"https:\/\/denizcankizil.tr\/en\/wp-json\/wp\/v2\/tags?post=31699"}],"curies":[{"name":"wp","href":"https:\/\/api.w.org\/{rel}","templated":true}]}}