{"id":31459,"date":"2025-02-09T12:41:23","date_gmt":"2025-02-09T09:41:23","guid":{"rendered":"https:\/\/denizcankizil.tr\/uncategorized-tr\/afad-olasi-bir-tsunami-ve-volkan-patlamasina-karsi-alinan-onlemleri-acikladi\/"},"modified":"2025-02-09T12:41:23","modified_gmt":"2025-02-09T09:41:23","slug":"afad-olasi-bir-tsunami-ve-volkan-patlamasina-karsi-alinan-onlemleri-acikladi","status":"publish","type":"post","link":"https:\/\/denizcankizil.tr\/en\/haberler\/gundem\/afad-olasi-bir-tsunami-ve-volkan-patlamasina-karsi-alinan-onlemleri-acikladi\/","title":{"rendered":"AFAD, olas\u0131 bir tsunami ve volkan patlamas\u0131na kar\u015f\u0131 al\u0131nan \u00f6nlemleri a\u00e7\u0131klad\u0131"},"content":{"rendered":"<p>Ege Deniz\u2019inde 28 Ocak 2025 tarihinde ba\u015flayan deprem f\u0131rt\u0131nas\u0131 devam ediyor. B\u00f6lgede en \u015fiddetli deprem 5,2 b\u00fcy\u00fckl\u00fc\u011f\u00fcnde \u00f6l\u00e7\u00fcl\u00fcrken ya\u015fanan geli\u015fimlerin ard\u0131ndan Afet ve Acil Durum Y\u00f6netimi Ba\u015fkanl\u0131\u011f\u0131 (AFAD), Santorini Adas\u0131 Sismik Aktivite ve Olas\u0131 Risk De\u011ferlendirme Toplant\u0131s\u0131 ger\u00e7ekle\u015ftirdi. Toplant\u0131da daha \u00f6nce 2011-2012 y\u0131llar\u0131nda da b\u00f6lgede benzer bir sismik aktivite oldu\u011fu ve depremlerin 14 ay boyunca devam etmesine ra\u011fmen herhangi bir volkanik aktiviteye ya da tsunami ya\u015fanmad\u0131\u011f\u0131na de\u011finilirken gene de olas\u0131 bir tsunami ve volkan patlamas\u0131 ihtimaline kar\u015f\u0131 \u00e7e\u015fitli \u00f6nlemler al\u0131nd\u0131\u011f\u0131 a\u00e7\u0131kland\u0131.\u00a0<\/p>\n<p>EGE DEN\u0130Z\u2019\u0130NDE DEPREM FIRTINASI\u00a0<\/p>\n<p>Ege Deniz\u2019inde 28 Ocak 2025 tarihinde saat 09.00 s\u0131ralar\u0131nda ba\u015flayan ve halen devam eden deprem f\u0131rt\u0131nas\u0131 tedirginlik yaratmaya devam ediyor. Kom\u015fu Yunanistan ya\u015fanan depremlerin ard\u0131ndan Santorini Adas\u0131\u2019n\u0131 tahliye ederken b\u00f6lgede ise OHAL (ola\u011fan\u00fcst\u00fc hal) ilan etti. Ya\u015fanan bu geli\u015fimlerin ard\u0131ndan Afet ve Acil Durum Y\u00f6netimi Ba\u015fkanl\u0131\u011f\u0131 (AFAD), Santorini Adas\u0131 Sismik Aktivite ve Olas\u0131 Risk De\u011ferlendirme Toplant\u0131s\u0131 ger\u00e7ekle\u015ftirdi.\u00a0<\/p>\n<p>T\u00dcRK\u0130YE\u2019DE TEHD\u0130T ALTINDA\u00a0<\/p>\n<p>\u0130\u00e7i\u015fleri Bakan Yard\u0131mc\u0131s\u0131 M\u00fcnir Karalo\u011flu ba\u015fkanl\u0131\u011f\u0131ndaki de\u011ferlendirme toplant\u0131s\u0131nda; Ege Denizi Santorini Adas\u0131 ve civar\u0131nda 28 Ocak 2025 tarihinden itibaren g\u00f6r\u00fclen sismik aktivite sonucu meydana gelebilecek muhtemel daha b\u00fcy\u00fck bir deprem, tsunami veya bir volkanik patlaman\u0131n, T\u00fcrkiye k\u0131y\u0131lar\u0131 i\u00e7in olu\u015fturabilece\u011fi tehlikeler, al\u0131nan \u00f6nlem ve haz\u0131rl\u0131klar konu\u015fuldu.\u00a0<\/p>\n<p>T\u00dcRK\u0130YE\u2019YE EN YAKIN DEPREM 140 K\u0130LOMETRE UZAKTA\u00a0<\/p>\n<p>Toplant\u0131da \u015fu ana kadar depremle alakal\u0131 bilinen bilgiler payla\u015f\u0131ld\u0131. Edinilen bilgilere g\u00f6re; 7 \u015eubat 2025 tarihi itibar\u0131yla 3\u2019ten b\u00fcy\u00fck deprem say\u0131s\u0131 761\u2019e ula\u015ft\u0131. Kaydedilen en b\u00fcy\u00fck deprem ise 5,2 olarak tespit edildi. Depremlerin Santorini Adas\u0131\u2019n\u0131n yakla\u015f\u0131k 25 km kuzeydo\u011fusunda art\u0131\u015f g\u00f6stermekte ve derinlikleri 5 km ile 25 kilometre aras\u0131nda de\u011fi\u015fti\u011fi tespit edilirken, T\u00fcrkiye\u2019ye en yak\u0131n deprem ise 140 kilometre mesafede oldu\u011fu belirlendi. \u00a0<\/p>\n<p>B\u00d6LGE TEHD\u0130T ALTINDA\u00a0<\/p>\n<p>AFAD, ayr\u0131ca toplant\u0131da volkanik patlamalar ya\u015fanabilece\u011fini ve 6.5 ya da daha y\u00fcksek \u015fiddete meydana gelecek bir depremin ard\u0131ndan tsunami felaketinin ya\u015fanabilece\u011fine dikkat \u00e7ekti. \u00a0Bununla beraber 2011-2012 y\u0131llar\u0131nda da benzer bir sismik aktivite yo\u011funlu\u011fu ayn\u0131 b\u00f6lgede 14 ay boyunca ya\u015fanm\u0131\u015f, ancak herhangi bir volkanik aktiviteye yol a\u00e7mad\u0131\u011f\u0131na da de\u011finildi. Toplant\u0131 payla\u015f\u0131lan detayda, \u201cOlas\u0131 bir patlama sonucu tarihsel kay\u0131tlarda oldu\u011fu gibi volkandan \u00e7\u0131kan ince taneli volkanik k\u00fcl malzemesinin havadan r\u00fczgar ile ta\u015f\u0131nmas\u0131 ya da deprem sonras\u0131 olabilecek tsunami gibi tehlikelerin etkileri \u00fclkemize kadar ula\u015fabilir\u201d denildi.\u00a0<\/p>\n<p>HANG\u0130 \u00d6NLEMLER ALINDI?\u00a0<\/p>\n<p>AFAD ya\u015fanabilecek volkan ve tsunami felaketlere kar\u015f\u0131 al\u0131nana \u00f6nlemleri \u015f\u00f6yle s\u0131rlad\u0131:<\/p>\n<p> Sismik aktivitenin yo\u011funla\u015fmaya ba\u015flad\u0131\u011f\u0131 andan itibaren AFAD Deprem Dan\u0131\u015fma Kurulu, MTA Genel M\u00fcd\u00fcrl\u00fc\u011f\u00fc, Meteoroloji Genel M\u00fcd\u00fcrl\u00fc\u011f\u00fc, Kandilli Rasathanesi ve Deprem Ara\u015ft\u0131rma Enstit\u00fcs\u00fc ile \u00fclkemiz bilim insanlar\u0131ndan olu\u015fan ve olay\u0131 farkl\u0131 a\u00e7\u0131dan s\u00fcrekli takip eden bir kurul olu\u015fturulmu\u015ftur.<\/p>\n<p> \u0130zmir, Ayd\u0131n ve Mu\u011fla illerine olas\u0131 tsunami ve acil durumlarda b\u00f6lge halk\u0131na uyar\u0131larda bulunmak amac\u0131yla mobil siren sistemi sevk edilmi\u015ftir.<\/p>\n<p> Haber alma ve yayma sistemi \u00fczerinden olas\u0131 acil durumlarda vatanda\u015flar\u0131m\u0131za SMS mesajlar\u0131 iletebilecek mevcut sistemimiz haz\u0131r bulunmaktad\u0131r.<\/p>\n<p> \u0130zmir, Ayd\u0131n ve Mu\u011fla Valilikleri emrine; Ankara, Antalya, Bursa, Diyarbak\u0131r, Sivas ve Samsun \u0130l AFAD M\u00fcd\u00fcrl\u00fcklerinden takviye personel ve ekipman g\u00f6revlendirmesi yap\u0131lm\u0131\u015ft\u0131r.<\/p>\n<p> Kandilli Rasathanesi ve Deprem Ara\u015ft\u0131rma Enstit\u00fcs\u00fc Tsunami Uyar\u0131 Sistemi ile AFAD Afet Y\u00f6netimi ve Karar Destek Sistemi (AYDES) entegrasyonu yap\u0131lm\u0131\u015f ve bu sayede gelecek tsunami uyar\u0131s\u0131 do\u011frudan t\u00fcm AYDES kullan\u0131c\u0131lar\u0131na ve b\u00f6lgedeki vatanda\u015flar\u0131m\u0131za ula\u015ft\u0131r\u0131labilecektir.<\/p>\n<p> Meteoroloji Genel M\u00fcd\u00fcrl\u00fc\u011f\u00fc taraf\u0131ndan olas\u0131 bir volkanik hareketlilik durumunda \u00e7\u0131kabilecek volkanik gaz ve k\u00fcl\u00fcn atmosferdeki da\u011f\u0131l\u0131m\u0131n\u0131 ve hareket y\u00f6n\u00fcn\u00fc analiz etmek i\u00e7in g\u00fcnl\u00fck rapor haz\u0131rlanmaktad\u0131r.<\/p>\n<p> Ayn\u0131 zamanda b\u00f6lgedeki AFAD \u0130l ve Birlik M\u00fcd\u00fcrl\u00fckleri teyakkuza ge\u00e7irilerek haz\u0131rl\u0131klar yap\u0131lm\u0131\u015f olup b\u00f6lgedeki destek iller haz\u0131r halde bekletilmektedir.<\/p>\n<p> 10 \u015eubat\u2019dan itibaren AFAD, MTA, Meteoroloji Genel M\u00fcd\u00fcrl\u00fc\u011f\u00fc, Kandilli Rasathanesi ile Deprem Dan\u0131\u015fma Kurulu ve bilim insanlar\u0131ndan olu\u015fan bir heyet, AFAD koordinasyonunda b\u00f6lgede bulunan illerde (Mu\u011fla, Ayd\u0131n ve \u0130zmir) bilgilendirme toplant\u0131lar\u0131 ger\u00e7ekle\u015ftirecektir.<\/p>\n<p> Yunanistan\u2019daki \u00fcniversiteler ve ara\u015ft\u0131rma kurumlar\u0131 ile bilimsel anlamda bilgi al\u0131\u015fveri\u015fi yap\u0131lmaktad\u0131r.<\/p>\n<p>KAND\u0130L\u0130 RASATHANES\u0130 DE UYARDI\u00a0<\/p>\n<p>AFAD\u2019dan \u00f6nce Bo\u011fazi\u00e7i \u00dcniversitesi Kandilli Rasathanesi ve Deprem Ara\u015ft\u0131rma Enstit\u00fcs\u00fc B\u00f6lgesel Deprem- Tsunami \u0130zleme ve De\u011ferlendirme Merkezi b\u00f6lgede ya\u015fanabilecek olas\u0131 volkanik patlamalar ve tsunami tehlikesine dikkat \u00e7ekmi\u015fti. \u00d6zellikle Kandili Rasathanesi yay\u0131nlad\u0131\u011f\u0131 raporda Ka\u015f yar\u0131madas\u0131 ile Antalya K\u00f6rfezi\u2019nin tsunami tehlikesi alt\u0131nda oldu\u011funa de\u011findi.\u00a0<\/p>\n<p>\u00a0<\/p>\n<p>\u200bAFAD, Ege Deniz\u2019inde devam eden deprem f\u0131rt\u0131nalar\u0131n\u0131n ard\u0131ndan Santorini Adas\u0131 Sismik Aktivite ve Olas\u0131 Risk De\u011ferlendirme Toplant\u0131s\u0131 ger\u00e7ekle\u015ftirdi. Toplant\u0131da T\u00fcrkiye\u2019ye en yak\u0131n depremin 140 kilometre mesafede ger\u00e7ekle\u015fti\u011fi belirtilirken, olas\u0131 bir volkan patlamas\u0131 ve tsunami riskine kar\u015f\u0131 al\u0131nana \u00f6nlemler a\u00e7\u0131kland\u0131.\u00a0<\/p>\n<p>\u200bHaberin Al\u0131nt\u0131land\u0131\u011f\u0131 Kaynak: www.antalyakorfez.com<\/p>","protected":false},"excerpt":{"rendered":"<p>Ege Deniz\u2019inde 28 Ocak 2025 tarihinde ba\u015flayan deprem f\u0131rt\u0131nas\u0131 devam ediyor. B\u00f6lgede en \u015fiddetli deprem 5,2 b\u00fcy\u00fckl\u00fc\u011f\u00fcnde \u00f6l\u00e7\u00fcl\u00fcrken ya\u015fanan geli\u015fimlerin ard\u0131ndan Afet ve Acil Durum Y\u00f6netimi Ba\u015fkanl\u0131\u011f\u0131 (AFAD), Santorini Adas\u0131 Sismik Aktivite ve Olas\u0131 Risk De\u011ferlendirme Toplant\u0131s\u0131 ger\u00e7ekle\u015ftirdi. Toplant\u0131da daha \u00f6nce 2011-2012 y\u0131llar\u0131nda da b\u00f6lgede benzer bir sismik aktivite oldu\u011fu ve depremlerin 14 ay boyunca devam etmesine ra\u011fmen herhangi bir volkanik aktiviteye ya da tsunami ya\u015fanmad\u0131\u011f\u0131na de\u011finilirken gene de olas\u0131 bir tsunami ve volkan patlamas\u0131 ihtimaline kar\u015f\u0131 \u00e7e\u015fitli \u00f6nlemler al\u0131nd\u0131\u011f\u0131 a\u00e7\u0131kland\u0131.\u00a0 EGE DEN\u0130Z\u2019\u0130NDE DEPREM FIRTINASI\u00a0 Ege Deniz\u2019inde 28 Ocak 2025 tarihinde saat 09.00 s\u0131ralar\u0131nda ba\u015flayan ve halen devam eden deprem f\u0131rt\u0131nas\u0131 tedirginlik yaratmaya devam ediyor. Kom\u015fu Yunanistan ya\u015fanan depremlerin ard\u0131ndan Santorini Adas\u0131\u2019n\u0131 tahliye ederken b\u00f6lgede ise OHAL (ola\u011fan\u00fcst\u00fc hal) ilan etti. Ya\u015fanan bu geli\u015fimlerin ard\u0131ndan Afet ve Acil Durum Y\u00f6netimi Ba\u015fkanl\u0131\u011f\u0131 (AFAD), Santorini Adas\u0131 Sismik Aktivite ve Olas\u0131 Risk De\u011ferlendirme Toplant\u0131s\u0131 ger\u00e7ekle\u015ftirdi.\u00a0 T\u00dcRK\u0130YE\u2019DE TEHD\u0130T ALTINDA\u00a0 \u0130\u00e7i\u015fleri Bakan Yard\u0131mc\u0131s\u0131 M\u00fcnir Karalo\u011flu ba\u015fkanl\u0131\u011f\u0131ndaki de\u011ferlendirme toplant\u0131s\u0131nda; Ege Denizi Santorini Adas\u0131 ve civar\u0131nda 28 Ocak 2025 tarihinden itibaren g\u00f6r\u00fclen sismik aktivite sonucu meydana gelebilecek muhtemel daha b\u00fcy\u00fck bir deprem, tsunami veya bir volkanik patlaman\u0131n, T\u00fcrkiye k\u0131y\u0131lar\u0131 i\u00e7in olu\u015fturabilece\u011fi tehlikeler, al\u0131nan \u00f6nlem ve haz\u0131rl\u0131klar konu\u015fuldu.\u00a0 T\u00dcRK\u0130YE\u2019YE EN YAKIN DEPREM 140 K\u0130LOMETRE UZAKTA\u00a0 Toplant\u0131da \u015fu ana &hellip;<\/p>","protected":false},"author":5,"featured_media":0,"comment_status":"open","ping_status":"open","sticky":false,"template":"","format":"standard","meta":{"_acf_changed":false,"footnotes":""},"categories":[24],"tags":[],"class_list":["post-31459","post","type-post","status-publish","format-standard","has-post-thumbnail","hentry","category-gundem"],"acf":[],"yoast_head":"<!-- This site is optimized with the Yoast SEO Premium plugin v26.6 (Yoast SEO v27.1.1) - https:\/\/yoast.com\/product\/yoast-seo-premium-wordpress\/ -->\n<title>AFAD, olas\u0131 bir tsunami ve volkan patlamas\u0131na kar\u015f\u0131 al\u0131nan \u00f6nlemleri a\u00e7\u0131klad\u0131 - Av. Deniz Can K\u0131z\u0131l<\/title>\n<meta name=\"robots\" content=\"index, follow, max-snippet:-1, max-image-preview:large, max-video-preview:-1\" \/>\n<link rel=\"canonical\" href=\"https:\/\/denizcankizil.tr\/en\/haberler\/gundem\/afad-olasi-bir-tsunami-ve-volkan-patlamasina-karsi-alinan-onlemleri-acikladi\/\" \/>\n<meta property=\"og:locale\" content=\"en_GB\" \/>\n<meta property=\"og:type\" content=\"article\" \/>\n<meta property=\"og:title\" content=\"AFAD, olas\u0131 bir tsunami ve volkan patlamas\u0131na kar\u015f\u0131 al\u0131nan \u00f6nlemleri a\u00e7\u0131klad\u0131\" \/>\n<meta property=\"og:description\" content=\"Ege Deniz\u2019inde 28 Ocak 2025 tarihinde ba\u015flayan deprem f\u0131rt\u0131nas\u0131 devam ediyor. B\u00f6lgede en \u015fiddetli deprem 5,2 b\u00fcy\u00fckl\u00fc\u011f\u00fcnde \u00f6l\u00e7\u00fcl\u00fcrken ya\u015fanan geli\u015fimlerin ard\u0131ndan Afet ve Acil Durum Y\u00f6netimi Ba\u015fkanl\u0131\u011f\u0131 (AFAD), Santorini Adas\u0131 Sismik Aktivite ve Olas\u0131 Risk De\u011ferlendirme Toplant\u0131s\u0131 ger\u00e7ekle\u015ftirdi. Toplant\u0131da daha \u00f6nce 2011-2012 y\u0131llar\u0131nda da b\u00f6lgede benzer bir sismik aktivite oldu\u011fu ve depremlerin 14 ay boyunca devam etmesine ra\u011fmen herhangi bir volkanik aktiviteye ya da tsunami ya\u015fanmad\u0131\u011f\u0131na de\u011finilirken gene de olas\u0131 bir tsunami ve volkan patlamas\u0131 ihtimaline kar\u015f\u0131 \u00e7e\u015fitli \u00f6nlemler al\u0131nd\u0131\u011f\u0131 a\u00e7\u0131kland\u0131.\u00a0 EGE DEN\u0130Z\u2019\u0130NDE DEPREM FIRTINASI\u00a0 Ege Deniz\u2019inde 28 Ocak 2025 tarihinde saat 09.00 s\u0131ralar\u0131nda ba\u015flayan ve halen devam eden deprem f\u0131rt\u0131nas\u0131 tedirginlik yaratmaya devam ediyor. Kom\u015fu Yunanistan ya\u015fanan depremlerin ard\u0131ndan Santorini Adas\u0131\u2019n\u0131 tahliye ederken b\u00f6lgede ise OHAL (ola\u011fan\u00fcst\u00fc hal) ilan etti. Ya\u015fanan bu geli\u015fimlerin ard\u0131ndan Afet ve Acil Durum Y\u00f6netimi Ba\u015fkanl\u0131\u011f\u0131 (AFAD), Santorini Adas\u0131 Sismik Aktivite ve Olas\u0131 Risk De\u011ferlendirme Toplant\u0131s\u0131 ger\u00e7ekle\u015ftirdi.\u00a0 T\u00dcRK\u0130YE\u2019DE TEHD\u0130T ALTINDA\u00a0 \u0130\u00e7i\u015fleri Bakan Yard\u0131mc\u0131s\u0131 M\u00fcnir Karalo\u011flu ba\u015fkanl\u0131\u011f\u0131ndaki de\u011ferlendirme toplant\u0131s\u0131nda; Ege Denizi Santorini Adas\u0131 ve civar\u0131nda 28 Ocak 2025 tarihinden itibaren g\u00f6r\u00fclen sismik aktivite sonucu meydana gelebilecek muhtemel daha b\u00fcy\u00fck bir deprem, tsunami veya bir volkanik patlaman\u0131n, T\u00fcrkiye k\u0131y\u0131lar\u0131 i\u00e7in olu\u015fturabilece\u011fi tehlikeler, al\u0131nan \u00f6nlem ve haz\u0131rl\u0131klar konu\u015fuldu.\u00a0 T\u00dcRK\u0130YE\u2019YE EN YAKIN DEPREM 140 K\u0130LOMETRE UZAKTA\u00a0 Toplant\u0131da \u015fu ana &hellip;\" \/>\n<meta property=\"og:url\" content=\"https:\/\/denizcankizil.tr\/en\/haberler\/gundem\/afad-olasi-bir-tsunami-ve-volkan-patlamasina-karsi-alinan-onlemleri-acikladi\/\" \/>\n<meta property=\"og:site_name\" content=\"Av. Deniz Can K\u0131z\u0131l\" \/>\n<meta property=\"article:published_time\" content=\"2025-02-09T09:41:23+00:00\" \/>\n<meta name=\"author\" content=\"Antalya K\u00f6rfez\" \/>\n<meta name=\"twitter:card\" content=\"summary_large_image\" \/>\n<meta name=\"twitter:label1\" content=\"Written by\" \/>\n\t<meta name=\"twitter:data1\" content=\"Antalya K\u00f6rfez\" \/>\n\t<meta name=\"twitter:label2\" content=\"Estimated reading time\" \/>\n\t<meta name=\"twitter:data2\" content=\"5 minutes\" \/>\n<script type=\"application\/ld+json\" class=\"yoast-schema-graph\">{\"@context\":\"https:\/\/schema.org\",\"@graph\":[{\"@type\":\"Article\",\"@id\":\"https:\/\/denizcankizil.tr\/uk\/haberler\/gundem\/afad-olasi-bir-tsunami-ve-volkan-patlamasina-karsi-alinan-onlemleri-acikladi\/#article\",\"isPartOf\":{\"@id\":\"https:\/\/denizcankizil.tr\/uk\/haberler\/gundem\/afad-olasi-bir-tsunami-ve-volkan-patlamasina-karsi-alinan-onlemleri-acikladi\/\"},\"author\":{\"name\":\"Antalya K\u00f6rfez\",\"@id\":\"https:\/\/denizcankizil.tr\/de\/#\/schema\/person\/e1eb71bb4dd684d46563f0af307e1234\"},\"headline\":\"AFAD, olas\u0131 bir tsunami ve volkan patlamas\u0131na kar\u015f\u0131 al\u0131nan \u00f6nlemleri a\u00e7\u0131klad\u0131\",\"datePublished\":\"2025-02-09T09:41:23+00:00\",\"mainEntityOfPage\":{\"@id\":\"https:\/\/denizcankizil.tr\/uk\/haberler\/gundem\/afad-olasi-bir-tsunami-ve-volkan-patlamasina-karsi-alinan-onlemleri-acikladi\/\"},\"wordCount\":942,\"commentCount\":0,\"publisher\":{\"@id\":\"https:\/\/denizcankizil.tr\/de\/#organization\"},\"articleSection\":[\"G\u00fcndem\"],\"inLanguage\":\"en-GB\",\"potentialAction\":[{\"@type\":\"CommentAction\",\"name\":\"Comment\",\"target\":[\"https:\/\/denizcankizil.tr\/uk\/haberler\/gundem\/afad-olasi-bir-tsunami-ve-volkan-patlamasina-karsi-alinan-onlemleri-acikladi\/#respond\"]}]},{\"@type\":\"WebPage\",\"@id\":\"https:\/\/denizcankizil.tr\/uk\/haberler\/gundem\/afad-olasi-bir-tsunami-ve-volkan-patlamasina-karsi-alinan-onlemleri-acikladi\/\",\"url\":\"https:\/\/denizcankizil.tr\/uk\/haberler\/gundem\/afad-olasi-bir-tsunami-ve-volkan-patlamasina-karsi-alinan-onlemleri-acikladi\/\",\"name\":\"AFAD, olas\u0131 bir tsunami ve volkan patlamas\u0131na kar\u015f\u0131 al\u0131nan \u00f6nlemleri a\u00e7\u0131klad\u0131 - Av. Deniz Can K\u0131z\u0131l\",\"isPartOf\":{\"@id\":\"https:\/\/denizcankizil.tr\/de\/#website\"},\"datePublished\":\"2025-02-09T09:41:23+00:00\",\"breadcrumb\":{\"@id\":\"https:\/\/denizcankizil.tr\/uk\/haberler\/gundem\/afad-olasi-bir-tsunami-ve-volkan-patlamasina-karsi-alinan-onlemleri-acikladi\/#breadcrumb\"},\"inLanguage\":\"en-GB\",\"potentialAction\":[{\"@type\":\"ReadAction\",\"target\":[\"https:\/\/denizcankizil.tr\/uk\/haberler\/gundem\/afad-olasi-bir-tsunami-ve-volkan-patlamasina-karsi-alinan-onlemleri-acikladi\/\"]}]},{\"@type\":\"BreadcrumbList\",\"@id\":\"https:\/\/denizcankizil.tr\/uk\/haberler\/gundem\/afad-olasi-bir-tsunami-ve-volkan-patlamasina-karsi-alinan-onlemleri-acikladi\/#breadcrumb\",\"itemListElement\":[{\"@type\":\"ListItem\",\"position\":1,\"name\":\"Home\",\"item\":\"https:\/\/denizcankizil.tr\/de\/\"},{\"@type\":\"ListItem\",\"position\":2,\"name\":\"AFAD, olas\u0131 bir tsunami ve volkan patlamas\u0131na kar\u015f\u0131 al\u0131nan \u00f6nlemleri a\u00e7\u0131klad\u0131\"}]},{\"@type\":\"WebSite\",\"@id\":\"https:\/\/denizcankizil.tr\/de\/#website\",\"url\":\"https:\/\/denizcankizil.tr\/de\/\",\"name\":\"Av. Deniz Can K\u0131z\u0131l\",\"description\":\"Avukat Deniz Can K\u0131z\u0131l Antalya Barosu\",\"publisher\":{\"@id\":\"https:\/\/denizcankizil.tr\/de\/#organization\"},\"potentialAction\":[{\"@type\":\"SearchAction\",\"target\":{\"@type\":\"EntryPoint\",\"urlTemplate\":\"https:\/\/denizcankizil.tr\/de\/?s={search_term_string}\"},\"query-input\":{\"@type\":\"PropertyValueSpecification\",\"valueRequired\":true,\"valueName\":\"search_term_string\"}}],\"inLanguage\":\"en-GB\"},{\"@type\":\"Organization\",\"@id\":\"https:\/\/denizcankizil.tr\/de\/#organization\",\"name\":\"Av. Deniz Can K\u0131z\u0131l\",\"url\":\"https:\/\/denizcankizil.tr\/de\/\",\"logo\":{\"@type\":\"ImageObject\",\"inLanguage\":\"en-GB\",\"@id\":\"https:\/\/denizcankizil.tr\/de\/#\/schema\/logo\/image\/\",\"url\":\"https:\/\/denizcankizil.tr\/wp-content\/uploads\/2024\/10\/siyah-logo-svg.svg\",\"contentUrl\":\"https:\/\/denizcankizil.tr\/wp-content\/uploads\/2024\/10\/siyah-logo-svg.svg\",\"width\":1080,\"height\":1080,\"caption\":\"Av. Deniz Can K\u0131z\u0131l\"},\"image\":{\"@id\":\"https:\/\/denizcankizil.tr\/de\/#\/schema\/logo\/image\/\"}},{\"@type\":\"Person\",\"@id\":\"https:\/\/denizcankizil.tr\/de\/#\/schema\/person\/e1eb71bb4dd684d46563f0af307e1234\",\"name\":\"Antalya K\u00f6rfez\",\"image\":{\"@type\":\"ImageObject\",\"inLanguage\":\"en-GB\",\"@id\":\"https:\/\/denizcankizil.tr\/de\/#\/schema\/person\/image\/\",\"url\":\"https:\/\/secure.gravatar.com\/avatar\/42b01982558a48a0b501fdcab6a408d3717ea5919095ee2e67b0e521799c5905?s=96&d=mm&r=g\",\"contentUrl\":\"https:\/\/secure.gravatar.com\/avatar\/42b01982558a48a0b501fdcab6a408d3717ea5919095ee2e67b0e521799c5905?s=96&d=mm&r=g\",\"caption\":\"Antalya K\u00f6rfez\"},\"sameAs\":[\"http:\/\/www.antalyakorfez.com\"],\"url\":\"https:\/\/www.antalyakorfez.com\/afad-olasi-bir-tsunami-ve-volkan-patlamasina-karsi-alinan-onlemleri-acikladi\"}]}<\/script>\n<!-- \/ Yoast SEO Premium plugin. -->","yoast_head_json":{"title":"AFAD, olas\u0131 bir tsunami ve volkan patlamas\u0131na kar\u015f\u0131 al\u0131nan \u00f6nlemleri a\u00e7\u0131klad\u0131 - Av. Deniz Can K\u0131z\u0131l","robots":{"index":"index","follow":"follow","max-snippet":"max-snippet:-1","max-image-preview":"max-image-preview:large","max-video-preview":"max-video-preview:-1"},"canonical":"https:\/\/denizcankizil.tr\/en\/haberler\/gundem\/afad-olasi-bir-tsunami-ve-volkan-patlamasina-karsi-alinan-onlemleri-acikladi\/","og_locale":"en_GB","og_type":"article","og_title":"AFAD, olas\u0131 bir tsunami ve volkan patlamas\u0131na kar\u015f\u0131 al\u0131nan \u00f6nlemleri a\u00e7\u0131klad\u0131","og_description":"Ege Deniz\u2019inde 28 Ocak 2025 tarihinde ba\u015flayan deprem f\u0131rt\u0131nas\u0131 devam ediyor. B\u00f6lgede en \u015fiddetli deprem 5,2 b\u00fcy\u00fckl\u00fc\u011f\u00fcnde \u00f6l\u00e7\u00fcl\u00fcrken ya\u015fanan geli\u015fimlerin ard\u0131ndan Afet ve Acil Durum Y\u00f6netimi Ba\u015fkanl\u0131\u011f\u0131 (AFAD), Santorini Adas\u0131 Sismik Aktivite ve Olas\u0131 Risk De\u011ferlendirme Toplant\u0131s\u0131 ger\u00e7ekle\u015ftirdi. Toplant\u0131da daha \u00f6nce 2011-2012 y\u0131llar\u0131nda da b\u00f6lgede benzer bir sismik aktivite oldu\u011fu ve depremlerin 14 ay boyunca devam etmesine ra\u011fmen herhangi bir volkanik aktiviteye ya da tsunami ya\u015fanmad\u0131\u011f\u0131na de\u011finilirken gene de olas\u0131 bir tsunami ve volkan patlamas\u0131 ihtimaline kar\u015f\u0131 \u00e7e\u015fitli \u00f6nlemler al\u0131nd\u0131\u011f\u0131 a\u00e7\u0131kland\u0131.\u00a0 EGE DEN\u0130Z\u2019\u0130NDE DEPREM FIRTINASI\u00a0 Ege Deniz\u2019inde 28 Ocak 2025 tarihinde saat 09.00 s\u0131ralar\u0131nda ba\u015flayan ve halen devam eden deprem f\u0131rt\u0131nas\u0131 tedirginlik yaratmaya devam ediyor. Kom\u015fu Yunanistan ya\u015fanan depremlerin ard\u0131ndan Santorini Adas\u0131\u2019n\u0131 tahliye ederken b\u00f6lgede ise OHAL (ola\u011fan\u00fcst\u00fc hal) ilan etti. Ya\u015fanan bu geli\u015fimlerin ard\u0131ndan Afet ve Acil Durum Y\u00f6netimi Ba\u015fkanl\u0131\u011f\u0131 (AFAD), Santorini Adas\u0131 Sismik Aktivite ve Olas\u0131 Risk De\u011ferlendirme Toplant\u0131s\u0131 ger\u00e7ekle\u015ftirdi.\u00a0 T\u00dcRK\u0130YE\u2019DE TEHD\u0130T ALTINDA\u00a0 \u0130\u00e7i\u015fleri Bakan Yard\u0131mc\u0131s\u0131 M\u00fcnir Karalo\u011flu ba\u015fkanl\u0131\u011f\u0131ndaki de\u011ferlendirme toplant\u0131s\u0131nda; Ege Denizi Santorini Adas\u0131 ve civar\u0131nda 28 Ocak 2025 tarihinden itibaren g\u00f6r\u00fclen sismik aktivite sonucu meydana gelebilecek muhtemel daha b\u00fcy\u00fck bir deprem, tsunami veya bir volkanik patlaman\u0131n, T\u00fcrkiye k\u0131y\u0131lar\u0131 i\u00e7in olu\u015fturabilece\u011fi tehlikeler, al\u0131nan \u00f6nlem ve haz\u0131rl\u0131klar konu\u015fuldu.\u00a0 T\u00dcRK\u0130YE\u2019YE EN YAKIN DEPREM 140 K\u0130LOMETRE UZAKTA\u00a0 Toplant\u0131da \u015fu ana &hellip;","og_url":"https:\/\/denizcankizil.tr\/en\/haberler\/gundem\/afad-olasi-bir-tsunami-ve-volkan-patlamasina-karsi-alinan-onlemleri-acikladi\/","og_site_name":"Av. Deniz Can K\u0131z\u0131l","article_published_time":"2025-02-09T09:41:23+00:00","author":"Antalya K\u00f6rfez","twitter_card":"summary_large_image","twitter_misc":{"Written by":"Antalya K\u00f6rfez","Estimated reading time":"5 minutes"},"schema":{"@context":"https:\/\/schema.org","@graph":[{"@type":"Article","@id":"https:\/\/denizcankizil.tr\/uk\/haberler\/gundem\/afad-olasi-bir-tsunami-ve-volkan-patlamasina-karsi-alinan-onlemleri-acikladi\/#article","isPartOf":{"@id":"https:\/\/denizcankizil.tr\/uk\/haberler\/gundem\/afad-olasi-bir-tsunami-ve-volkan-patlamasina-karsi-alinan-onlemleri-acikladi\/"},"author":{"name":"Antalya K\u00f6rfez","@id":"https:\/\/denizcankizil.tr\/de\/#\/schema\/person\/e1eb71bb4dd684d46563f0af307e1234"},"headline":"AFAD, olas\u0131 bir tsunami ve volkan patlamas\u0131na kar\u015f\u0131 al\u0131nan \u00f6nlemleri a\u00e7\u0131klad\u0131","datePublished":"2025-02-09T09:41:23+00:00","mainEntityOfPage":{"@id":"https:\/\/denizcankizil.tr\/uk\/haberler\/gundem\/afad-olasi-bir-tsunami-ve-volkan-patlamasina-karsi-alinan-onlemleri-acikladi\/"},"wordCount":942,"commentCount":0,"publisher":{"@id":"https:\/\/denizcankizil.tr\/de\/#organization"},"articleSection":["G\u00fcndem"],"inLanguage":"en-GB","potentialAction":[{"@type":"CommentAction","name":"Comment","target":["https:\/\/denizcankizil.tr\/uk\/haberler\/gundem\/afad-olasi-bir-tsunami-ve-volkan-patlamasina-karsi-alinan-onlemleri-acikladi\/#respond"]}]},{"@type":"WebPage","@id":"https:\/\/denizcankizil.tr\/uk\/haberler\/gundem\/afad-olasi-bir-tsunami-ve-volkan-patlamasina-karsi-alinan-onlemleri-acikladi\/","url":"https:\/\/denizcankizil.tr\/uk\/haberler\/gundem\/afad-olasi-bir-tsunami-ve-volkan-patlamasina-karsi-alinan-onlemleri-acikladi\/","name":"AFAD, olas\u0131 bir tsunami ve volkan patlamas\u0131na kar\u015f\u0131 al\u0131nan \u00f6nlemleri a\u00e7\u0131klad\u0131 - Av. Deniz Can K\u0131z\u0131l","isPartOf":{"@id":"https:\/\/denizcankizil.tr\/de\/#website"},"datePublished":"2025-02-09T09:41:23+00:00","breadcrumb":{"@id":"https:\/\/denizcankizil.tr\/uk\/haberler\/gundem\/afad-olasi-bir-tsunami-ve-volkan-patlamasina-karsi-alinan-onlemleri-acikladi\/#breadcrumb"},"inLanguage":"en-GB","potentialAction":[{"@type":"ReadAction","target":["https:\/\/denizcankizil.tr\/uk\/haberler\/gundem\/afad-olasi-bir-tsunami-ve-volkan-patlamasina-karsi-alinan-onlemleri-acikladi\/"]}]},{"@type":"BreadcrumbList","@id":"https:\/\/denizcankizil.tr\/uk\/haberler\/gundem\/afad-olasi-bir-tsunami-ve-volkan-patlamasina-karsi-alinan-onlemleri-acikladi\/#breadcrumb","itemListElement":[{"@type":"ListItem","position":1,"name":"Home","item":"https:\/\/denizcankizil.tr\/de\/"},{"@type":"ListItem","position":2,"name":"AFAD, olas\u0131 bir tsunami ve volkan patlamas\u0131na kar\u015f\u0131 al\u0131nan \u00f6nlemleri a\u00e7\u0131klad\u0131"}]},{"@type":"WebSite","@id":"https:\/\/denizcankizil.tr\/de\/#website","url":"https:\/\/denizcankizil.tr\/de\/","name":"Av. Deniz Can K\u0131z\u0131l","description":"Avukat Deniz Can K\u0131z\u0131l Antalya Barosu","publisher":{"@id":"https:\/\/denizcankizil.tr\/de\/#organization"},"potentialAction":[{"@type":"SearchAction","target":{"@type":"EntryPoint","urlTemplate":"https:\/\/denizcankizil.tr\/de\/?s={search_term_string}"},"query-input":{"@type":"PropertyValueSpecification","valueRequired":true,"valueName":"search_term_string"}}],"inLanguage":"en-GB"},{"@type":"Organization","@id":"https:\/\/denizcankizil.tr\/de\/#organization","name":"Av. Deniz Can K\u0131z\u0131l","url":"https:\/\/denizcankizil.tr\/de\/","logo":{"@type":"ImageObject","inLanguage":"en-GB","@id":"https:\/\/denizcankizil.tr\/de\/#\/schema\/logo\/image\/","url":"https:\/\/denizcankizil.tr\/wp-content\/uploads\/2024\/10\/siyah-logo-svg.svg","contentUrl":"https:\/\/denizcankizil.tr\/wp-content\/uploads\/2024\/10\/siyah-logo-svg.svg","width":1080,"height":1080,"caption":"Av. Deniz Can K\u0131z\u0131l"},"image":{"@id":"https:\/\/denizcankizil.tr\/de\/#\/schema\/logo\/image\/"}},{"@type":"Person","@id":"https:\/\/denizcankizil.tr\/de\/#\/schema\/person\/e1eb71bb4dd684d46563f0af307e1234","name":"Antalya K\u00f6rfez","image":{"@type":"ImageObject","inLanguage":"en-GB","@id":"https:\/\/denizcankizil.tr\/de\/#\/schema\/person\/image\/","url":"https:\/\/secure.gravatar.com\/avatar\/42b01982558a48a0b501fdcab6a408d3717ea5919095ee2e67b0e521799c5905?s=96&d=mm&r=g","contentUrl":"https:\/\/secure.gravatar.com\/avatar\/42b01982558a48a0b501fdcab6a408d3717ea5919095ee2e67b0e521799c5905?s=96&d=mm&r=g","caption":"Antalya K\u00f6rfez"},"sameAs":["http:\/\/www.antalyakorfez.com"],"url":"https:\/\/www.antalyakorfez.com\/afad-olasi-bir-tsunami-ve-volkan-patlamasina-karsi-alinan-onlemleri-acikladi"}]}},"_links":{"self":[{"href":"https:\/\/denizcankizil.tr\/en\/wp-json\/wp\/v2\/posts\/31459","targetHints":{"allow":["GET"]}}],"collection":[{"href":"https:\/\/denizcankizil.tr\/en\/wp-json\/wp\/v2\/posts"}],"about":[{"href":"https:\/\/denizcankizil.tr\/en\/wp-json\/wp\/v2\/types\/post"}],"author":[{"embeddable":true,"href":"https:\/\/denizcankizil.tr\/en\/wp-json\/wp\/v2\/users\/5"}],"replies":[{"embeddable":true,"href":"https:\/\/denizcankizil.tr\/en\/wp-json\/wp\/v2\/comments?post=31459"}],"version-history":[{"count":0,"href":"https:\/\/denizcankizil.tr\/en\/wp-json\/wp\/v2\/posts\/31459\/revisions"}],"wp:attachment":[{"href":"https:\/\/denizcankizil.tr\/en\/wp-json\/wp\/v2\/media?parent=31459"}],"wp:term":[{"taxonomy":"category","embeddable":true,"href":"https:\/\/denizcankizil.tr\/en\/wp-json\/wp\/v2\/categories?post=31459"},{"taxonomy":"post_tag","embeddable":true,"href":"https:\/\/denizcankizil.tr\/en\/wp-json\/wp\/v2\/tags?post=31459"}],"curies":[{"name":"wp","href":"https:\/\/api.w.org\/{rel}","templated":true}]}}